{"id":150605,"date":"2021-09-27T15:06:44","date_gmt":"2021-09-27T15:06:44","guid":{"rendered":"https:\/\/www.thebestsocial.media\/de\/?p=150605"},"modified":"2021-09-27T15:06:44","modified_gmt":"2021-09-27T15:06:44","slug":"gibts-das-auch-in-meiner-groesse-die-11-lustigsten-tweets-aus-der-umkleidekabine","status":"publish","type":"post","link":"https:\/\/www.thebestsocial.media\/de\/gibts-das-auch-in-meiner-groesse-die-11-lustigsten-tweets-aus-der-umkleidekabine\/","title":{"rendered":"Gibt&#8217;s das auch in meiner Gr\u00f6\u00dfe? Die 11 lustigsten Tweets aus der Umkleidekabine"},"content":{"rendered":"<p>Durch Corona und den florierenden Onlinehandel schon etwas in Vergessenheit gerate, ist die Umkleidekabine fester Bestandteil deutscher Einkaufskultur. Allein aus diesem Grund gibt es eine Vielzahl von Menschen, die ihre Erfahrungen aus den 4qm vermeintlicher Privatsph\u00e4re gerne kundtun.<\/p>\n<p>&nbsp;<br \/>\n<strong>Immer gegen die Selbstzweifel k\u00e4mpfen.<\/strong><\/p>\n<div class=\"dbsm-oembed\">\n<blockquote class=\"twitter-tweet\" data-width=\"500\" data-dnt=\"true\">\n<p lang=\"de\" dir=\"ltr\">Stehe in der Umkleide bei H&amp;M, in der Kabine neben mir beraten sich zwei Jungs und es ist so s\u00fc\u00df.<\/p>\n<p>&quot;Ey, sieht das komisch aus?&quot;<\/p>\n<p>&quot;Ne, sieht krass aus Bruder.&quot;<\/p>\n<p>*lacht*<br \/>&quot;Egal, bin eh h\u00e4sslich.&quot;<\/p>\n<p>&quot;Halt die Fresse Alter, du bist wundersch\u00f6n.&quot;<\/p>\n<p>SO S\u00dc\u00df.<\/p>\n<p>&mdash; Norman Wolf (@deinTherapeut) <a href=\"https:\/\/twitter.com\/deinTherapeut\/status\/1137053335025016832?ref_src=twsrc%5Etfw\">June 7, 2019<\/a><\/p><\/blockquote>\n<p><script async src=\"https:\/\/platform.twitter.com\/widgets.js\" charset=\"utf-8\"><\/script><\/div>\n<p>&nbsp;<br \/>\n<strong>Die Chancen waren 50\/50.<\/strong><\/p>\n<div class=\"dbsm-oembed\">\n<blockquote class=\"twitter-tweet\" data-width=\"500\" data-dnt=\"true\">\n<p lang=\"de\" dir=\"ltr\">Beim Shoppen kommt eine Frau aus der Umkleidekabine und fragt den Mann: &quot;Und?&quot; <br \/>Er: &quot;Tolles Shirt!&quot; <br \/>Sie: &quot;Das Shirt ist meins, ich habe den Rock anprobiert.&quot; <\/p>\n<p>Von irgendwo ert\u00f6nt Horrormusik, die Umkleide verwandelt sich in ein verlassenes Haus im Wald. Angst macht sich breit.<\/p>\n<p>&mdash; S\u00fcdstadt (@Etjittkeenwood) <a href=\"https:\/\/twitter.com\/Etjittkeenwood\/status\/1293242741241966592?ref_src=twsrc%5Etfw\">August 11, 2020<\/a><\/p><\/blockquote>\n<p><script async src=\"https:\/\/platform.twitter.com\/widgets.js\" charset=\"utf-8\"><\/script><\/div>\n<p>&nbsp;<br \/>\n<strong>Man sollte niemals die Fassung verlieren.<\/strong><\/p>\n<div class=\"dbsm-oembed\">\n<blockquote class=\"twitter-tweet\" data-width=\"500\" data-dnt=\"true\">\n<p lang=\"de\" dir=\"ltr\">Ablauf R\u00f6ntgen:<\/p>\n<p>&#8211; Umkleide betreten<br \/>&#8211; Ausziehen<br \/>&#8211; Personal reisst T\u00fcr zur Umkleide auf als man komplett nackt ist und br\u00fcllt: \u201eSind Sie fertig?\u201c<br \/>&#8211; \u201eNein\u201c zur\u00fcckbr\u00fcllen<br \/>&#8211; R\u00f6ntgen<br \/>&#8211; Anziehen<br \/>&#8211; beim Rausgehen gefragt werden, ob man evtl. schwanger ist<br \/>&#8211; nochmal \u201eNein\u201c zur\u00fcckbr\u00fcllen<\/p>\n<p>&mdash; Ann W\u00e4ltin (@Ann_Waeltin) <a href=\"https:\/\/twitter.com\/Ann_Waeltin\/status\/1310471496037531650?ref_src=twsrc%5Etfw\">September 28, 2020<\/a><\/p><\/blockquote>\n<p><script async src=\"https:\/\/platform.twitter.com\/widgets.js\" charset=\"utf-8\"><\/script><\/div>\n<p>&nbsp;<br \/>\n<strong>Damit ist man sofort wieder auf dem Boden der Tatsachen.<\/strong><\/p>\n<div class=\"dbsm-oembed\">\n<blockquote class=\"twitter-tweet\" data-width=\"500\" data-dnt=\"true\">\n<p lang=\"de\" dir=\"ltr\">Ich: Heute bin ich gut drauf und zufrieden mit meinem K\u00f6rper!<\/p>\n<p>Spiegel in der Umkleide mit beschissenem Licht: Das k\u00f6nnen wir \u00e4ndern! \ud83d\ude42<\/p>\n<p>&mdash; Kraftbiber (@Akira_86) <a href=\"https:\/\/twitter.com\/Akira_86\/status\/1275088111278657537?ref_src=twsrc%5Etfw\">June 22, 2020<\/a><\/p><\/blockquote>\n<p><script async src=\"https:\/\/platform.twitter.com\/widgets.js\" charset=\"utf-8\"><\/script><\/div>\n<p>&nbsp;<br \/>\n<strong>Klares Idiotenbekenntnis.<\/strong><\/p>\n<div class=\"dbsm-oembed\">\n<blockquote class=\"twitter-tweet\" data-width=\"500\" data-dnt=\"true\">\n<p lang=\"de\" dir=\"ltr\">Liebe Gr\u00fc\u00dfe an den Typen in der Umkleide vom Fitnessstudio, der seine Sprachnachrichten laut abh\u00f6rt und bei dem \u201eJessi\u201c heute Abend rumkommt weil seine \u201eFrau nicht da ist.\u201c<\/p>\n<p>&mdash; Christian Huber (@Christian_Huber) <a href=\"https:\/\/twitter.com\/Christian_Huber\/status\/1195654080003280897?ref_src=twsrc%5Etfw\">November 16, 2019<\/a><\/p><\/blockquote>\n<p><script async src=\"https:\/\/platform.twitter.com\/widgets.js\" charset=\"utf-8\"><\/script><\/div>\n<p>&nbsp;<br \/>\n<strong>Das erste Gesetz in Umkleiden ist&#8230;<\/strong><\/p>\n<div class=\"dbsm-oembed\">\n<blockquote class=\"twitter-tweet\" data-width=\"500\" data-dnt=\"true\">\n<p lang=\"de\" dir=\"ltr\">was in h&amp;m umkleide passiert bleibt in h&amp;m umkleide<\/p>\n<p>&mdash; \u0434 \ud83e\udec0 (@DieAusMardin) <a href=\"https:\/\/twitter.com\/DieAusMardin\/status\/1304526444404658176?ref_src=twsrc%5Etfw\">September 11, 2020<\/a><\/p><\/blockquote>\n<p><script async src=\"https:\/\/platform.twitter.com\/widgets.js\" charset=\"utf-8\"><\/script><\/div>\n<p>&nbsp;<br \/>\n<strong>Irgendwo auch verst\u00e4ndlich.<\/strong><\/p>\n<p>https:\/\/twitter.com\/_andakawer\/status\/1138693001876791296?s=20<\/p>\n<p>&nbsp;<br \/>\n<strong>Priorit\u00e4ten setzen ist wichtig.<\/strong><\/p>\n<div class=\"dbsm-oembed\">\n<blockquote class=\"twitter-tweet\" data-width=\"500\" data-dnt=\"true\">\n<p lang=\"de\" dir=\"ltr\">Wie ich gedankenverloren mit diversen Oberteilen auf dem Arm aus der Umkleide Richtung Kasse lief. Nur im BH. Schon wieder.<\/p>\n<p>Aber mit Maske \u261d\ufe0f<\/p>\n<p>&mdash; Jana\u00ednaDJRainerChantal \ud83c\uddeb\ud83c\uddf7\ud83c\udde7\ud83c\uddf7\ud83c\udde6\ud83c\uddf9 (@19janaina04) <a href=\"https:\/\/twitter.com\/19janaina04\/status\/1413823983418585091?ref_src=twsrc%5Etfw\">July 10, 2021<\/a><\/p><\/blockquote>\n<p><script async src=\"https:\/\/platform.twitter.com\/widgets.js\" charset=\"utf-8\"><\/script><\/div>\n<p>&nbsp;<br \/>\n<strong>Wer kennt&#8217;s auch?<\/strong><\/p>\n<div class=\"dbsm-oembed\">\n<blockquote class=\"twitter-tweet\" data-width=\"500\" data-dnt=\"true\">\n<p lang=\"de\" dir=\"ltr\">Wenn ich morgens in die Umkleide komme und niemand anderes zu sehen ist beschleicht mich irgendwie ein leicht panisches Gef\u00fchl:<\/p>\n<p>Bin ich viel zu fr\u00fch?<\/p>\n<p>Bin ich viel zu sp\u00e4t?<\/p>\n<p>Ist heute vielleicht Wochenende?<\/p>\n<p>Heute ist doch Dienstag oder?<\/p>\n<p>&mdash; Flow \ud83c\uddfa\ud83c\udde6 \uea00 (@Caethan13) <a href=\"https:\/\/twitter.com\/Caethan13\/status\/1206476928657571840?ref_src=twsrc%5Etfw\">December 16, 2019<\/a><\/p><\/blockquote>\n<p><script async src=\"https:\/\/platform.twitter.com\/widgets.js\" charset=\"utf-8\"><\/script><\/div>\n<p>&nbsp;<br \/>\n<strong>Man muss die Feste feiern, wie sie fallen.<\/strong><\/p>\n<div class=\"dbsm-oembed\">\n<blockquote class=\"twitter-tweet\" data-width=\"500\" data-dnt=\"true\">\n<p lang=\"de\" dir=\"ltr\">Ich und die Jungs in der Umkleidekabine nachdem wir die M\u00e4dchen im Schulsport beim Fu\u00dfball 0:10 abgefertigt haben <a href=\"https:\/\/t.co\/ATCvr4Y0Y4\">pic.twitter.com\/ATCvr4Y0Y4<\/a><\/p>\n<p>&mdash; steissbeine (@diesteissbeine) <a href=\"https:\/\/twitter.com\/diesteissbeine\/status\/1297864789755080704?ref_src=twsrc%5Etfw\">August 24, 2020<\/a><\/p><\/blockquote>\n<p><script async src=\"https:\/\/platform.twitter.com\/widgets.js\" charset=\"utf-8\"><\/script><\/div>\n<p>&nbsp;<br \/>\n<strong>Sport-BH ausziehen als Sportart etablieren.<\/strong><\/p>\n<p>https:\/\/twitter.com\/moana67\/status\/1144599525828497409?s=20<\/p>\n<p>&nbsp;<\/p>\n<p>\u2014<br \/>\nVielen Dank an alle f\u00fcr die Posts.<br \/>\n\u2014<br \/>\n<strong>Keine Influencer! Kein Foodporn! Nur ganz viel Spa\u00df \u2013 bei uns auf Instagram:<\/strong><\/p>\n<blockquote class=\"instagram-media\" style=\"background: #FFF; border: 0; border-radius: 3px; box-shadow: 0 0 1px 0 rgba(0,0,0,0.5),0 1px 10px 0 rgba(0,0,0,0.15); margin: 1px; max-width: 540px; min-width: 326px; padding: 0; width: calc(100% - 2px);\" data-instgrm-captioned=\"\" data-instgrm-permalink=\"https:\/\/www.instagram.com\/p\/CT9KPjbMbHa\/?utm_source=ig_embed&amp;utm_campaign=loading\" data-instgrm-version=\"13\">\n<div style=\"padding: 16px;\">\n<p>&nbsp;<\/p>\n<div style=\"display: flex; flex-direction: row; align-items: center;\">\n<div style=\"background-color: #f4f4f4; border-radius: 50%; flex-grow: 0; height: 40px; margin-right: 14px; width: 40px;\"><\/div>\n<div style=\"display: flex; flex-direction: column; flex-grow: 1; justify-content: center;\">\n<div style=\"background-color: #f4f4f4; border-radius: 4px; flex-grow: 0; height: 14px; margin-bottom: 6px; width: 100px;\"><\/div>\n<div style=\"background-color: #f4f4f4; border-radius: 4px; flex-grow: 0; height: 14px; width: 60px;\"><\/div>\n<\/div>\n<\/div>\n<div style=\"padding: 19% 0;\"><\/div>\n<div style=\"display: block; height: 50px; margin: 0 auto 12px; width: 50px;\"><\/div>\n<div style=\"padding-top: 8px;\">\n<div style=\"color: #3897f0; font-family: Arial,sans-serif; font-size: 14px; font-style: normal; font-weight: 550; line-height: 18px;\">Sieh dir diesen Beitrag auf Instagram an<\/div>\n<\/div>\n<div style=\"padding: 12.5% 0;\"><\/div>\n<div style=\"display: flex; flex-direction: row; margin-bottom: 14px; align-items: center;\">\n<div>\n<div style=\"background-color: #f4f4f4; border-radius: 50%; height: 12.5px; width: 12.5px; transform: translateX(0px) translateY(7px);\"><\/div>\n<div style=\"background-color: #f4f4f4; height: 12.5px; transform: rotate(-45deg) translateX(3px) translateY(1px); width: 12.5px; flex-grow: 0; margin-right: 14px; margin-left: 2px;\"><\/div>\n<div style=\"background-color: #f4f4f4; border-radius: 50%; height: 12.5px; width: 12.5px; transform: translateX(9px) translateY(-18px);\"><\/div>\n<\/div>\n<div style=\"margin-left: 8px;\">\n<div style=\"background-color: #f4f4f4; border-radius: 50%; flex-grow: 0; height: 20px; width: 20px;\"><\/div>\n<div style=\"width: 0; height: 0; border-top: 2px solid transparent; border-left: 6px solid #f4f4f4; border-bottom: 2px solid transparent; transform: translateX(16px) translateY(-4px) rotate(30deg);\"><\/div>\n<\/div>\n<div style=\"margin-left: auto;\">\n<div style=\"width: 0px; border-top: 8px solid #F4F4F4; border-right: 8px solid transparent; transform: translateY(16px);\"><\/div>\n<div style=\"background-color: #f4f4f4; flex-grow: 0; height: 12px; width: 16px; transform: translateY(-4px);\"><\/div>\n<div style=\"width: 0; height: 0; border-top: 8px solid #F4F4F4; border-left: 8px solid transparent; transform: translateY(-4px) translateX(8px);\"><\/div>\n<\/div>\n<\/div>\n<div style=\"display: flex; flex-direction: column; flex-grow: 1; justify-content: center; margin-bottom: 24px;\">\n<div style=\"background-color: #f4f4f4; border-radius: 4px; flex-grow: 0; height: 14px; margin-bottom: 6px; width: 224px;\"><\/div>\n<div style=\"background-color: #f4f4f4; border-radius: 4px; flex-grow: 0; height: 14px; width: 144px;\"><\/div>\n<\/div>\n<p>&nbsp;<\/p>\n<p style=\"color: #c9c8cd; font-family: Arial,sans-serif; font-size: 14px; line-height: 17px; margin-bottom: 0; margin-top: 8px; overflow: hidden; padding: 8px 0 7px; text-align: center; text-overflow: ellipsis; white-space: nowrap;\"><a style=\"color: #c9c8cd; font-family: Arial,sans-serif; font-size: 14px; font-style: normal; font-weight: normal; line-height: 17px; text-decoration: none;\" href=\"https:\/\/www.instagram.com\/p\/CT9KPjbMbHa\/?utm_source=ig_embed&amp;utm_campaign=loading\" target=\"_blank\" rel=\"noopener\">Ein Beitrag geteilt von The Best Social Media &#8211; DE (@thebestsocialmediade)<\/a><\/p>\n<\/div>\n<\/blockquote>\n\n<script async defer src=\"\/instagram-embed.js\"><\/script>","protected":false},"excerpt":{"rendered":"<p>Durch Corona und den florierenden Onlinehandel schon etwas in Vergessenheit gerate, ist die Umkleidekabine fester Bestandteil deutscher Einkaufskultur. Allein aus diesem Grund gibt es eine&#8230;<\/p>\n","protected":false},"author":77,"featured_media":150636,"comment_status":"open","ping_status":"open","sticky":false,"template":"","format":"standard","meta":{"_acf_changed":false,"footnotes":""},"categories":[35],"tags":[4687],"class_list":["post-150605","post","type-post","status-publish","format-standard","has-post-thumbnail","hentry","category-twitter","tag-umkleide"],"acf":[],"yoast_head":"<!-- This site is optimized with the Yoast SEO plugin v27.4 - https:\/\/yoast.com\/product\/yoast-seo-wordpress\/ -->\n<title>Gibt&#039;s das auch in meiner Gr\u00f6\u00dfe? Die 11 lustigsten Tweets aus der Umkleidekabine - The Best Social Media DE<\/title>\n<meta name=\"robots\" content=\"index, follow, max-snippet:-1, max-image-preview:large, max-video-preview:-1\" \/>\n<link rel=\"canonical\" href=\"https:\/\/www.thebestsocial.media\/de\/gibts-das-auch-in-meiner-groesse-die-11-lustigsten-tweets-aus-der-umkleidekabine\/\" \/>\n<meta property=\"og:locale\" content=\"de_DE\" \/>\n<meta property=\"og:type\" content=\"article\" \/>\n<meta property=\"og:title\" content=\"Gibt&#039;s das auch in meiner Gr\u00f6\u00dfe? Die 11 lustigsten Tweets aus der Umkleidekabine\" \/>\n<meta property=\"og:description\" content=\"Durch Corona und den florierenden Onlinehandel schon etwas in Vergessenheit gerate, ist die Umkleidekabine fester Bestandteil deutscher Einkaufskultur. Allein aus diesem Grund gibt es eine...\" \/>\n<meta property=\"og:url\" content=\"https:\/\/www.thebestsocial.media\/de\/gibts-das-auch-in-meiner-groesse-die-11-lustigsten-tweets-aus-der-umkleidekabine\/\" \/>\n<meta property=\"og:site_name\" content=\"The Best Social Media DE\" \/>\n<meta property=\"article:author\" content=\"https:\/\/www.facebook.com\/adrian.krug.5\" \/>\n<meta property=\"article:published_time\" content=\"2021-09-27T15:06:44+00:00\" \/>\n<meta property=\"og:image\" content=\"https:\/\/www.thebestsocial.media\/de\/wp-content\/uploads\/sites\/3\/2021\/09\/Header_Bild_Neu.Umkleide.png\" \/>\n\t<meta property=\"og:image:width\" content=\"1200\" \/>\n\t<meta property=\"og:image:height\" content=\"630\" \/>\n\t<meta property=\"og:image:type\" content=\"image\/png\" \/>\n<meta name=\"author\" content=\"Adrian Krug\" \/>\n<meta name=\"twitter:card\" content=\"summary_large_image\" \/>\n<meta name=\"twitter:creator\" content=\"@https:\/\/twitter.com\/Hasscompilation\" \/>\n<meta name=\"twitter:label1\" content=\"Verfasst von\" \/>\n\t<meta name=\"twitter:data1\" content=\"Adrian Krug\" \/>\n\t<meta name=\"twitter:label2\" content=\"Gesch\u00e4tzte Lesezeit\" \/>\n\t<meta name=\"twitter:data2\" content=\"1\u00a0Minute\" \/>\n<script type=\"application\/ld+json\" class=\"yoast-schema-graph\">{\"@context\":\"https:\\\/\\\/schema.org\",\"@graph\":[{\"@type\":\"Article\",\"@id\":\"https:\\\/\\\/www.thebestsocial.media\\\/de\\\/gibts-das-auch-in-meiner-groesse-die-11-lustigsten-tweets-aus-der-umkleidekabine\\\/#article\",\"isPartOf\":{\"@id\":\"https:\\\/\\\/www.thebestsocial.media\\\/de\\\/gibts-das-auch-in-meiner-groesse-die-11-lustigsten-tweets-aus-der-umkleidekabine\\\/\"},\"author\":{\"name\":\"Adrian Krug\",\"@id\":\"https:\\\/\\\/www.thebestsocial.media\\\/de\\\/#\\\/schema\\\/person\\\/f6571568c8f173869acb99d089b1223b\"},\"headline\":\"Gibt&#8217;s das auch in meiner Gr\u00f6\u00dfe? Die 11 lustigsten Tweets aus der Umkleidekabine\",\"datePublished\":\"2021-09-27T15:06:44+00:00\",\"mainEntityOfPage\":{\"@id\":\"https:\\\/\\\/www.thebestsocial.media\\\/de\\\/gibts-das-auch-in-meiner-groesse-die-11-lustigsten-tweets-aus-der-umkleidekabine\\\/\"},\"wordCount\":230,\"commentCount\":0,\"image\":{\"@id\":\"https:\\\/\\\/www.thebestsocial.media\\\/de\\\/gibts-das-auch-in-meiner-groesse-die-11-lustigsten-tweets-aus-der-umkleidekabine\\\/#primaryimage\"},\"thumbnailUrl\":\"https:\\\/\\\/www.thebestsocial.media\\\/de\\\/wp-content\\\/uploads\\\/sites\\\/3\\\/2021\\\/09\\\/store-984393_1920.jpg\",\"keywords\":[\"Umkleide\"],\"articleSection\":[\"Twitter\"],\"inLanguage\":\"de\",\"potentialAction\":[{\"@type\":\"CommentAction\",\"name\":\"Comment\",\"target\":[\"https:\\\/\\\/www.thebestsocial.media\\\/de\\\/gibts-das-auch-in-meiner-groesse-die-11-lustigsten-tweets-aus-der-umkleidekabine\\\/#respond\"]}]},{\"@type\":\"WebPage\",\"@id\":\"https:\\\/\\\/www.thebestsocial.media\\\/de\\\/gibts-das-auch-in-meiner-groesse-die-11-lustigsten-tweets-aus-der-umkleidekabine\\\/\",\"url\":\"https:\\\/\\\/www.thebestsocial.media\\\/de\\\/gibts-das-auch-in-meiner-groesse-die-11-lustigsten-tweets-aus-der-umkleidekabine\\\/\",\"name\":\"Gibt's das auch in meiner Gr\u00f6\u00dfe? Die 11 lustigsten Tweets aus der Umkleidekabine - The Best Social Media DE\",\"isPartOf\":{\"@id\":\"https:\\\/\\\/www.thebestsocial.media\\\/de\\\/#website\"},\"primaryImageOfPage\":{\"@id\":\"https:\\\/\\\/www.thebestsocial.media\\\/de\\\/gibts-das-auch-in-meiner-groesse-die-11-lustigsten-tweets-aus-der-umkleidekabine\\\/#primaryimage\"},\"image\":{\"@id\":\"https:\\\/\\\/www.thebestsocial.media\\\/de\\\/gibts-das-auch-in-meiner-groesse-die-11-lustigsten-tweets-aus-der-umkleidekabine\\\/#primaryimage\"},\"thumbnailUrl\":\"https:\\\/\\\/www.thebestsocial.media\\\/de\\\/wp-content\\\/uploads\\\/sites\\\/3\\\/2021\\\/09\\\/store-984393_1920.jpg\",\"datePublished\":\"2021-09-27T15:06:44+00:00\",\"author\":{\"@id\":\"https:\\\/\\\/www.thebestsocial.media\\\/de\\\/#\\\/schema\\\/person\\\/f6571568c8f173869acb99d089b1223b\"},\"breadcrumb\":{\"@id\":\"https:\\\/\\\/www.thebestsocial.media\\\/de\\\/gibts-das-auch-in-meiner-groesse-die-11-lustigsten-tweets-aus-der-umkleidekabine\\\/#breadcrumb\"},\"inLanguage\":\"de\",\"potentialAction\":[{\"@type\":\"ReadAction\",\"target\":[\"https:\\\/\\\/www.thebestsocial.media\\\/de\\\/gibts-das-auch-in-meiner-groesse-die-11-lustigsten-tweets-aus-der-umkleidekabine\\\/\"]}]},{\"@type\":\"ImageObject\",\"inLanguage\":\"de\",\"@id\":\"https:\\\/\\\/www.thebestsocial.media\\\/de\\\/gibts-das-auch-in-meiner-groesse-die-11-lustigsten-tweets-aus-der-umkleidekabine\\\/#primaryimage\",\"url\":\"https:\\\/\\\/www.thebestsocial.media\\\/de\\\/wp-content\\\/uploads\\\/sites\\\/3\\\/2021\\\/09\\\/store-984393_1920.jpg\",\"contentUrl\":\"https:\\\/\\\/www.thebestsocial.media\\\/de\\\/wp-content\\\/uploads\\\/sites\\\/3\\\/2021\\\/09\\\/store-984393_1920.jpg\",\"width\":1920,\"height\":1281},{\"@type\":\"BreadcrumbList\",\"@id\":\"https:\\\/\\\/www.thebestsocial.media\\\/de\\\/gibts-das-auch-in-meiner-groesse-die-11-lustigsten-tweets-aus-der-umkleidekabine\\\/#breadcrumb\",\"itemListElement\":[{\"@type\":\"ListItem\",\"position\":1,\"name\":\"Home\",\"item\":\"https:\\\/\\\/www.thebestsocial.media\\\/de\\\/\"},{\"@type\":\"ListItem\",\"position\":2,\"name\":\"Gibt&#8217;s das auch in meiner Gr\u00f6\u00dfe? Die 11 lustigsten Tweets aus der Umkleidekabine\"}]},{\"@type\":\"WebSite\",\"@id\":\"https:\\\/\\\/www.thebestsocial.media\\\/de\\\/#website\",\"url\":\"https:\\\/\\\/www.thebestsocial.media\\\/de\\\/\",\"name\":\"The Best Social Media DE\",\"description\":\"\",\"potentialAction\":[{\"@type\":\"SearchAction\",\"target\":{\"@type\":\"EntryPoint\",\"urlTemplate\":\"https:\\\/\\\/www.thebestsocial.media\\\/de\\\/?s={search_term_string}\"},\"query-input\":{\"@type\":\"PropertyValueSpecification\",\"valueRequired\":true,\"valueName\":\"search_term_string\"}}],\"inLanguage\":\"de\"},{\"@type\":\"Person\",\"@id\":\"https:\\\/\\\/www.thebestsocial.media\\\/de\\\/#\\\/schema\\\/person\\\/f6571568c8f173869acb99d089b1223b\",\"name\":\"Adrian Krug\",\"image\":{\"@type\":\"ImageObject\",\"inLanguage\":\"de\",\"@id\":\"https:\\\/\\\/secure.gravatar.com\\\/avatar\\\/c03aa48839ac1555ec73dfc0827342b090445264901990679cd3f8c6ef4ac2d7?s=96&d=mm&r=g\",\"url\":\"https:\\\/\\\/secure.gravatar.com\\\/avatar\\\/c03aa48839ac1555ec73dfc0827342b090445264901990679cd3f8c6ef4ac2d7?s=96&d=mm&r=g\",\"contentUrl\":\"https:\\\/\\\/secure.gravatar.com\\\/avatar\\\/c03aa48839ac1555ec73dfc0827342b090445264901990679cd3f8c6ef4ac2d7?s=96&d=mm&r=g\",\"caption\":\"Adrian Krug\"},\"description\":\"Ich bin Endeditor f\u00fcr TBSM DE und Creative Lead f\u00fcr Projekte auf Agenturseite.\",\"sameAs\":[\"https:\\\/\\\/www.facebook.com\\\/adrian.krug.5\",\"https:\\\/\\\/www.linkedin.com\\\/in\\\/adrian-krug-27536221a\\\/\",\"https:\\\/\\\/x.com\\\/https:\\\/\\\/twitter.com\\\/Hasscompilation\"],\"url\":\"https:\\\/\\\/www.thebestsocial.media\\\/de\\\/author\\\/adriankrug\\\/\"}]}<\/script>\n<!-- \/ Yoast SEO plugin. -->","yoast_head_json":{"title":"Gibt's das auch in meiner Gr\u00f6\u00dfe? Die 11 lustigsten Tweets aus der Umkleidekabine - The Best Social Media DE","robots":{"index":"index","follow":"follow","max-snippet":"max-snippet:-1","max-image-preview":"max-image-preview:large","max-video-preview":"max-video-preview:-1"},"canonical":"https:\/\/www.thebestsocial.media\/de\/gibts-das-auch-in-meiner-groesse-die-11-lustigsten-tweets-aus-der-umkleidekabine\/","og_locale":"de_DE","og_type":"article","og_title":"Gibt's das auch in meiner Gr\u00f6\u00dfe? Die 11 lustigsten Tweets aus der Umkleidekabine","og_description":"Durch Corona und den florierenden Onlinehandel schon etwas in Vergessenheit gerate, ist die Umkleidekabine fester Bestandteil deutscher Einkaufskultur. Allein aus diesem Grund gibt es eine...","og_url":"https:\/\/www.thebestsocial.media\/de\/gibts-das-auch-in-meiner-groesse-die-11-lustigsten-tweets-aus-der-umkleidekabine\/","og_site_name":"The Best Social Media DE","article_author":"https:\/\/www.facebook.com\/adrian.krug.5","article_published_time":"2021-09-27T15:06:44+00:00","og_image":[{"width":1200,"height":630,"url":"https:\/\/www.thebestsocial.media\/de\/wp-content\/uploads\/sites\/3\/2021\/09\/Header_Bild_Neu.Umkleide.png","type":"image\/png"}],"author":"Adrian Krug","twitter_card":"summary_large_image","twitter_creator":"@https:\/\/twitter.com\/Hasscompilation","twitter_misc":{"Verfasst von":"Adrian Krug","Gesch\u00e4tzte Lesezeit":"1\u00a0Minute"},"schema":{"@context":"https:\/\/schema.org","@graph":[{"@type":"Article","@id":"https:\/\/www.thebestsocial.media\/de\/gibts-das-auch-in-meiner-groesse-die-11-lustigsten-tweets-aus-der-umkleidekabine\/#article","isPartOf":{"@id":"https:\/\/www.thebestsocial.media\/de\/gibts-das-auch-in-meiner-groesse-die-11-lustigsten-tweets-aus-der-umkleidekabine\/"},"author":{"name":"Adrian Krug","@id":"https:\/\/www.thebestsocial.media\/de\/#\/schema\/person\/f6571568c8f173869acb99d089b1223b"},"headline":"Gibt&#8217;s das auch in meiner Gr\u00f6\u00dfe? Die 11 lustigsten Tweets aus der Umkleidekabine","datePublished":"2021-09-27T15:06:44+00:00","mainEntityOfPage":{"@id":"https:\/\/www.thebestsocial.media\/de\/gibts-das-auch-in-meiner-groesse-die-11-lustigsten-tweets-aus-der-umkleidekabine\/"},"wordCount":230,"commentCount":0,"image":{"@id":"https:\/\/www.thebestsocial.media\/de\/gibts-das-auch-in-meiner-groesse-die-11-lustigsten-tweets-aus-der-umkleidekabine\/#primaryimage"},"thumbnailUrl":"https:\/\/www.thebestsocial.media\/de\/wp-content\/uploads\/sites\/3\/2021\/09\/store-984393_1920.jpg","keywords":["Umkleide"],"articleSection":["Twitter"],"inLanguage":"de","potentialAction":[{"@type":"CommentAction","name":"Comment","target":["https:\/\/www.thebestsocial.media\/de\/gibts-das-auch-in-meiner-groesse-die-11-lustigsten-tweets-aus-der-umkleidekabine\/#respond"]}]},{"@type":"WebPage","@id":"https:\/\/www.thebestsocial.media\/de\/gibts-das-auch-in-meiner-groesse-die-11-lustigsten-tweets-aus-der-umkleidekabine\/","url":"https:\/\/www.thebestsocial.media\/de\/gibts-das-auch-in-meiner-groesse-die-11-lustigsten-tweets-aus-der-umkleidekabine\/","name":"Gibt's das auch in meiner Gr\u00f6\u00dfe? Die 11 lustigsten Tweets aus der Umkleidekabine - The Best Social Media DE","isPartOf":{"@id":"https:\/\/www.thebestsocial.media\/de\/#website"},"primaryImageOfPage":{"@id":"https:\/\/www.thebestsocial.media\/de\/gibts-das-auch-in-meiner-groesse-die-11-lustigsten-tweets-aus-der-umkleidekabine\/#primaryimage"},"image":{"@id":"https:\/\/www.thebestsocial.media\/de\/gibts-das-auch-in-meiner-groesse-die-11-lustigsten-tweets-aus-der-umkleidekabine\/#primaryimage"},"thumbnailUrl":"https:\/\/www.thebestsocial.media\/de\/wp-content\/uploads\/sites\/3\/2021\/09\/store-984393_1920.jpg","datePublished":"2021-09-27T15:06:44+00:00","author":{"@id":"https:\/\/www.thebestsocial.media\/de\/#\/schema\/person\/f6571568c8f173869acb99d089b1223b"},"breadcrumb":{"@id":"https:\/\/www.thebestsocial.media\/de\/gibts-das-auch-in-meiner-groesse-die-11-lustigsten-tweets-aus-der-umkleidekabine\/#breadcrumb"},"inLanguage":"de","potentialAction":[{"@type":"ReadAction","target":["https:\/\/www.thebestsocial.media\/de\/gibts-das-auch-in-meiner-groesse-die-11-lustigsten-tweets-aus-der-umkleidekabine\/"]}]},{"@type":"ImageObject","inLanguage":"de","@id":"https:\/\/www.thebestsocial.media\/de\/gibts-das-auch-in-meiner-groesse-die-11-lustigsten-tweets-aus-der-umkleidekabine\/#primaryimage","url":"https:\/\/www.thebestsocial.media\/de\/wp-content\/uploads\/sites\/3\/2021\/09\/store-984393_1920.jpg","contentUrl":"https:\/\/www.thebestsocial.media\/de\/wp-content\/uploads\/sites\/3\/2021\/09\/store-984393_1920.jpg","width":1920,"height":1281},{"@type":"BreadcrumbList","@id":"https:\/\/www.thebestsocial.media\/de\/gibts-das-auch-in-meiner-groesse-die-11-lustigsten-tweets-aus-der-umkleidekabine\/#breadcrumb","itemListElement":[{"@type":"ListItem","position":1,"name":"Home","item":"https:\/\/www.thebestsocial.media\/de\/"},{"@type":"ListItem","position":2,"name":"Gibt&#8217;s das auch in meiner Gr\u00f6\u00dfe? Die 11 lustigsten Tweets aus der Umkleidekabine"}]},{"@type":"WebSite","@id":"https:\/\/www.thebestsocial.media\/de\/#website","url":"https:\/\/www.thebestsocial.media\/de\/","name":"The Best Social Media DE","description":"","potentialAction":[{"@type":"SearchAction","target":{"@type":"EntryPoint","urlTemplate":"https:\/\/www.thebestsocial.media\/de\/?s={search_term_string}"},"query-input":{"@type":"PropertyValueSpecification","valueRequired":true,"valueName":"search_term_string"}}],"inLanguage":"de"},{"@type":"Person","@id":"https:\/\/www.thebestsocial.media\/de\/#\/schema\/person\/f6571568c8f173869acb99d089b1223b","name":"Adrian Krug","image":{"@type":"ImageObject","inLanguage":"de","@id":"https:\/\/secure.gravatar.com\/avatar\/c03aa48839ac1555ec73dfc0827342b090445264901990679cd3f8c6ef4ac2d7?s=96&d=mm&r=g","url":"https:\/\/secure.gravatar.com\/avatar\/c03aa48839ac1555ec73dfc0827342b090445264901990679cd3f8c6ef4ac2d7?s=96&d=mm&r=g","contentUrl":"https:\/\/secure.gravatar.com\/avatar\/c03aa48839ac1555ec73dfc0827342b090445264901990679cd3f8c6ef4ac2d7?s=96&d=mm&r=g","caption":"Adrian Krug"},"description":"Ich bin Endeditor f\u00fcr TBSM DE und Creative Lead f\u00fcr Projekte auf Agenturseite.","sameAs":["https:\/\/www.facebook.com\/adrian.krug.5","https:\/\/www.linkedin.com\/in\/adrian-krug-27536221a\/","https:\/\/x.com\/https:\/\/twitter.com\/Hasscompilation"],"url":"https:\/\/www.thebestsocial.media\/de\/author\/adriankrug\/"}]}},"amp_enabled":true,"_links":{"self":[{"href":"https:\/\/www.thebestsocial.media\/de\/wp-json\/wp\/v2\/posts\/150605","targetHints":{"allow":["GET"]}}],"collection":[{"href":"https:\/\/www.thebestsocial.media\/de\/wp-json\/wp\/v2\/posts"}],"about":[{"href":"https:\/\/www.thebestsocial.media\/de\/wp-json\/wp\/v2\/types\/post"}],"author":[{"embeddable":true,"href":"https:\/\/www.thebestsocial.media\/de\/wp-json\/wp\/v2\/users\/77"}],"replies":[{"embeddable":true,"href":"https:\/\/www.thebestsocial.media\/de\/wp-json\/wp\/v2\/comments?post=150605"}],"version-history":[{"count":9,"href":"https:\/\/www.thebestsocial.media\/de\/wp-json\/wp\/v2\/posts\/150605\/revisions"}],"predecessor-version":[{"id":150634,"href":"https:\/\/www.thebestsocial.media\/de\/wp-json\/wp\/v2\/posts\/150605\/revisions\/150634"}],"wp:featuredmedia":[{"embeddable":true,"href":"https:\/\/www.thebestsocial.media\/de\/wp-json\/wp\/v2\/media\/150636"}],"wp:attachment":[{"href":"https:\/\/www.thebestsocial.media\/de\/wp-json\/wp\/v2\/media?parent=150605"}],"wp:term":[{"taxonomy":"category","embeddable":true,"href":"https:\/\/www.thebestsocial.media\/de\/wp-json\/wp\/v2\/categories?post=150605"},{"taxonomy":"post_tag","embeddable":true,"href":"https:\/\/www.thebestsocial.media\/de\/wp-json\/wp\/v2\/tags?post=150605"}],"curies":[{"name":"wp","href":"https:\/\/api.w.org\/{rel}","templated":true}]}}