{"id":150584,"date":"2021-09-27T11:26:00","date_gmt":"2021-09-27T11:26:00","guid":{"rendered":"https:\/\/www.thebestsocial.media\/de\/?p=150584"},"modified":"2021-09-27T11:26:00","modified_gmt":"2021-09-27T11:26:00","slug":"alle-mann-von-bord-walross-kentert-in-seiner-freizeit-boote-und-das-internet-ist-entzueckt","status":"publish","type":"post","link":"https:\/\/www.thebestsocial.media\/de\/alle-mann-von-bord-walross-kentert-in-seiner-freizeit-boote-und-das-internet-ist-entzueckt\/","title":{"rendered":"Alle Mann von Bord: Walross kentert in seiner Freizeit Boote und das Internet ist entz\u00fcckt"},"content":{"rendered":"<p>Der Twitter Account von <a href=\"https:\/\/twitter.com\/beritmiriam\">Berit Glanz<\/a> hat uns das vergangene Wochenende mit dieser kleinen Geschichte rund um ein Walross vers\u00fc\u00dft, welches sich zum Hobby gemacht hat aus Spa\u00df kleinere Boote zu versenken. F\u00fcr alle, an denen diese Geschichte vorbeigegangen ist, hier nochmal:<\/p>\n<div class=\"dbsm-oembed\">\n<blockquote class=\"twitter-tweet\" data-width=\"500\" data-dnt=\"true\">\n<p lang=\"de\" dir=\"ltr\">Was k\u00f6nnte an diesem Wochenende interessanter sein als ein supercooles 800 Kilo schweres Walross, das gerne menschliche Boote versenkt? Ich schenke euch deswegen diesen Thread. <a href=\"https:\/\/t.co\/y9XnugsOI4\">pic.twitter.com\/y9XnugsOI4<\/a><\/p>\n<p>&mdash; Berit Glanz (@beritmiriam) <a href=\"https:\/\/twitter.com\/beritmiriam\/status\/1441731106504646657?ref_src=twsrc%5Etfw\">September 25, 2021<\/a><\/p><\/blockquote>\n<p><script async src=\"https:\/\/platform.twitter.com\/widgets.js\" charset=\"utf-8\"><\/script><\/div>\n<blockquote class=\"twitter-tweet\" data-conversation=\"none\">\n<p lang=\"de\" dir=\"ltr\">Im Fr\u00fchjahr hat Wally angefangen vor Irland aufzutauchen.<br \/>&quot;Mr Flannery suggested that the mammal probably fell asleep on an iceberg in Greenland and woke up off the coast of Ireland.&quot; <a href=\"https:\/\/t.co\/Z68GWEcKQY\">https:\/\/t.co\/Z68GWEcKQY<\/a><\/p>\n<p>&mdash; Berit Glanz (@beritmiriam) <a href=\"https:\/\/twitter.com\/beritmiriam\/status\/1441731488345571330?ref_src=twsrc%5Etfw\">September 25, 2021<\/a><\/p><\/blockquote>\n<p> <script async src=\"https:\/\/platform.twitter.com\/widgets.js\" charset=\"utf-8\"><\/script><\/p>\n<blockquote class=\"twitter-tweet\" data-conversation=\"none\">\n<p lang=\"en\" dir=\"ltr\">Wally hat rasch angefangen ordentlich Chaos anzurichten:<br \/>&quot;The&#8230; walrus has since travelled 4,000km .. and been spotted in France, Spain and the UK.The Irish Whale and Dolphin Group (IWDG) said he was sinking one or two boats in every harbour he enters.&quot; <a href=\"https:\/\/t.co\/ULDf1DneE9\">https:\/\/t.co\/ULDf1DneE9<\/a><\/p>\n<p>&mdash; Berit Glanz (@beritmiriam) <a href=\"https:\/\/twitter.com\/beritmiriam\/status\/1441731863312224266?ref_src=twsrc%5Etfw\">September 25, 2021<\/a><\/p><\/blockquote>\n<p> <script async src=\"https:\/\/platform.twitter.com\/widgets.js\" charset=\"utf-8\"><\/script><\/p>\n<blockquote class=\"twitter-tweet\" data-conversation=\"none\">\n<p lang=\"de\" dir=\"ltr\">M\u00f6chte jemand Wally in Action sehen? Bittesch\u00f6n! <a href=\"https:\/\/t.co\/g6ryw3C942\">https:\/\/t.co\/g6ryw3C942<\/a><\/p>\n<p>&mdash; Berit Glanz (@beritmiriam) <a href=\"https:\/\/twitter.com\/beritmiriam\/status\/1441731995135053824?ref_src=twsrc%5Etfw\">September 25, 2021<\/a><\/p><\/blockquote>\n<p> <script async src=\"https:\/\/platform.twitter.com\/widgets.js\" charset=\"utf-8\"><\/script><\/p>\n<blockquote class=\"twitter-tweet\" data-conversation=\"none\">\n<p lang=\"en\" dir=\"ltr\">Aber dann ist Wally pl\u00f6tzlich verschwunden! <br \/>&quot;The 800kg (125st) Arctic walrus, known as Wally, had not been seen for more than three weeks, with spotters saying they were &quot;starting to lose hope&quot; of ever seeing him again.&quot;<a href=\"https:\/\/t.co\/4hfGVBTXi6\">https:\/\/t.co\/4hfGVBTXi6<\/a><\/p>\n<p>&mdash; Berit Glanz (@beritmiriam) <a href=\"https:\/\/twitter.com\/beritmiriam\/status\/1441732169081126917?ref_src=twsrc%5Etfw\">September 25, 2021<\/a><\/p><\/blockquote>\n<p> <script async src=\"https:\/\/platform.twitter.com\/widgets.js\" charset=\"utf-8\"><\/script><\/p>\n<blockquote class=\"twitter-tweet\" data-conversation=\"none\">\n<p lang=\"de\" dir=\"ltr\">(Dieser Tweet ist als eine Art Platzhaltertrommelwirbel eingef\u00fcgt, damit ihr genauso gespannt wie alle anderen darauf warten m\u00fcsst, wo Wally jetzt ist!)<\/p>\n<p>&mdash; Berit Glanz (@beritmiriam) <a href=\"https:\/\/twitter.com\/beritmiriam\/status\/1441732369140969474?ref_src=twsrc%5Etfw\">September 25, 2021<\/a><\/p><\/blockquote>\n<p> <script async src=\"https:\/\/platform.twitter.com\/widgets.js\" charset=\"utf-8\"><\/script><\/p>\n<blockquote class=\"twitter-tweet\" data-conversation=\"none\">\n<p lang=\"de\" dir=\"ltr\">Na schon gespannt?<\/p>\n<p>&mdash; Berit Glanz (@beritmiriam) <a href=\"https:\/\/twitter.com\/beritmiriam\/status\/1441732417899745292?ref_src=twsrc%5Etfw\">September 25, 2021<\/a><\/p><\/blockquote>\n<p> <script async src=\"https:\/\/platform.twitter.com\/widgets.js\" charset=\"utf-8\"><\/script><\/p>\n<blockquote class=\"twitter-tweet\" data-conversation=\"none\">\n<p lang=\"de\" dir=\"ltr\">Drei Wochen sp\u00e4ter und 900 Kilometer entfernt ist Wally wieder aufgetaucht. In: Island<\/p>\n<p>&mdash; Berit Glanz (@beritmiriam) <a href=\"https:\/\/twitter.com\/beritmiriam\/status\/1441732634791526402?ref_src=twsrc%5Etfw\">September 25, 2021<\/a><\/p><\/blockquote>\n<p> <script async src=\"https:\/\/platform.twitter.com\/widgets.js\" charset=\"utf-8\"><\/script><\/p>\n<blockquote class=\"twitter-tweet\" data-conversation=\"none\">\n<p lang=\"de\" dir=\"ltr\">Und weil Isl\u00e4nder*innen gerne Webcams aufstellen, gibt es nicht nur eine am Vulkan, sondern auch an Vallis neuem Lieblingsort. Vielleicht k\u00f6nnt ihr Valli ja live sehen: <a href=\"https:\/\/t.co\/4ss4b9tPVy\">https:\/\/t.co\/4ss4b9tPVy<\/a><\/p>\n<p>&mdash; Berit Glanz (@beritmiriam) <a href=\"https:\/\/twitter.com\/beritmiriam\/status\/1441733363157585920?ref_src=twsrc%5Etfw\">September 25, 2021<\/a><\/p><\/blockquote>\n<p> <script async src=\"https:\/\/platform.twitter.com\/widgets.js\" charset=\"utf-8\"><\/script><\/p>\n<blockquote class=\"twitter-tweet\" data-conversation=\"none\">\n<p lang=\"de\" dir=\"ltr\">Update 7:20<\/p>\n<p>Valli scheint zum Schwimmen abgehauen zu sein. Wo ist Valli? <a href=\"https:\/\/t.co\/DxBEFDtGwH\">pic.twitter.com\/DxBEFDtGwH<\/a><\/p>\n<p>&mdash; Berit Glanz (@beritmiriam) <a href=\"https:\/\/twitter.com\/beritmiriam\/status\/1441734017313738752?ref_src=twsrc%5Etfw\">September 25, 2021<\/a><\/p><\/blockquote>\n<p> <script async src=\"https:\/\/platform.twitter.com\/widgets.js\" charset=\"utf-8\"><\/script><\/p>\n<p>&nbsp;<br \/>\n<strong>Etwas zu sp\u00e4t aber auch f\u00fcr die n\u00e4chste Wahl anwendbar.<\/strong><\/p>\n<blockquote class=\"twitter-tweet\" data-conversation=\"none\">\n<p lang=\"de\" dir=\"ltr\">Und damit endet dieser Thread. Bitte w\u00e4hlt am Sonntag Parteien, die daf\u00fcr sorgen, dass der arktische Lebensraum von Walr\u00f6ssern wie Valli\/Wally erhalten bleibt.<\/p>\n<p>&mdash; Berit Glanz (@beritmiriam) <a href=\"https:\/\/twitter.com\/beritmiriam\/status\/1441734219055648768?ref_src=twsrc%5Etfw\">September 25, 2021<\/a><\/p><\/blockquote>\n<p> <script async src=\"https:\/\/platform.twitter.com\/widgets.js\" charset=\"utf-8\"><\/script><\/p>\n<p>&nbsp;<\/p>\n<p>\u2014<br \/>\nVielen Dank an alle f\u00fcr die Posts.<br \/>\n\u2014<br \/>\n<strong>Keine Influencer! Kein Foodporn! Nur ganz viel Spa\u00df \u2013 bei uns auf Instagram:<\/strong><\/p>\n<blockquote class=\"instagram-media\" style=\"background: #FFF; border: 0; border-radius: 3px; box-shadow: 0 0 1px 0 rgba(0,0,0,0.5),0 1px 10px 0 rgba(0,0,0,0.15); margin: 1px; max-width: 540px; min-width: 326px; padding: 0; width: calc(100% - 2px);\" data-instgrm-captioned=\"\" data-instgrm-permalink=\"https:\/\/www.instagram.com\/p\/CT9KPjbMbHa\/?utm_source=ig_embed&amp;utm_campaign=loading\" data-instgrm-version=\"13\">\n<div style=\"padding: 16px;\">\n<p>&nbsp;<\/p>\n<div style=\"display: flex; flex-direction: row; align-items: center;\">\n<div style=\"background-color: #f4f4f4; border-radius: 50%; flex-grow: 0; height: 40px; margin-right: 14px; width: 40px;\"><\/div>\n<div style=\"display: flex; flex-direction: column; flex-grow: 1; justify-content: center;\">\n<div style=\"background-color: #f4f4f4; border-radius: 4px; flex-grow: 0; height: 14px; margin-bottom: 6px; width: 100px;\"><\/div>\n<div style=\"background-color: #f4f4f4; border-radius: 4px; flex-grow: 0; height: 14px; width: 60px;\"><\/div>\n<\/div>\n<\/div>\n<div style=\"padding: 19% 0;\"><\/div>\n<div style=\"display: block; height: 50px; margin: 0 auto 12px; width: 50px;\"><\/div>\n<div style=\"padding-top: 8px;\">\n<div style=\"color: #3897f0; font-family: Arial,sans-serif; font-size: 14px; font-style: normal; font-weight: 550; line-height: 18px;\">Sieh dir diesen Beitrag auf Instagram an<\/div>\n<\/div>\n<div style=\"padding: 12.5% 0;\"><\/div>\n<div style=\"display: flex; flex-direction: row; margin-bottom: 14px; align-items: center;\">\n<div>\n<div style=\"background-color: #f4f4f4; border-radius: 50%; height: 12.5px; width: 12.5px; transform: translateX(0px) translateY(7px);\"><\/div>\n<div style=\"background-color: #f4f4f4; height: 12.5px; transform: rotate(-45deg) translateX(3px) translateY(1px); width: 12.5px; flex-grow: 0; margin-right: 14px; margin-left: 2px;\"><\/div>\n<div style=\"background-color: #f4f4f4; border-radius: 50%; height: 12.5px; width: 12.5px; transform: translateX(9px) translateY(-18px);\"><\/div>\n<\/div>\n<div style=\"margin-left: 8px;\">\n<div style=\"background-color: #f4f4f4; border-radius: 50%; flex-grow: 0; height: 20px; width: 20px;\"><\/div>\n<div style=\"width: 0; height: 0; border-top: 2px solid transparent; border-left: 6px solid #f4f4f4; border-bottom: 2px solid transparent; transform: translateX(16px) translateY(-4px) rotate(30deg);\"><\/div>\n<\/div>\n<div style=\"margin-left: auto;\">\n<div style=\"width: 0px; border-top: 8px solid #F4F4F4; border-right: 8px solid transparent; transform: translateY(16px);\"><\/div>\n<div style=\"background-color: #f4f4f4; flex-grow: 0; height: 12px; width: 16px; transform: translateY(-4px);\"><\/div>\n<div style=\"width: 0; height: 0; border-top: 8px solid #F4F4F4; border-left: 8px solid transparent; transform: translateY(-4px) translateX(8px);\"><\/div>\n<\/div>\n<\/div>\n<div style=\"display: flex; flex-direction: column; flex-grow: 1; justify-content: center; margin-bottom: 24px;\">\n<div style=\"background-color: #f4f4f4; border-radius: 4px; flex-grow: 0; height: 14px; margin-bottom: 6px; width: 224px;\"><\/div>\n<div style=\"background-color: #f4f4f4; border-radius: 4px; flex-grow: 0; height: 14px; width: 144px;\"><\/div>\n<\/div>\n<p>&nbsp;<\/p>\n<p style=\"color: #c9c8cd; font-family: Arial,sans-serif; font-size: 14px; line-height: 17px; margin-bottom: 0; margin-top: 8px; overflow: hidden; padding: 8px 0 7px; text-align: center; text-overflow: ellipsis; white-space: nowrap;\"><a style=\"color: #c9c8cd; font-family: Arial,sans-serif; font-size: 14px; font-style: normal; font-weight: normal; line-height: 17px; text-decoration: none;\" href=\"https:\/\/www.instagram.com\/p\/CT9KPjbMbHa\/?utm_source=ig_embed&amp;utm_campaign=loading\" target=\"_blank\" rel=\"noopener\">Ein Beitrag geteilt von The Best Social Media &#8211; DE (@thebestsocialmediade)<\/a><\/p>\n<\/div>\n<\/blockquote>\n\n<script async defer src=\"\/instagram-embed.js\"><\/script>","protected":false},"excerpt":{"rendered":"<p>Der Twitter Account von Berit Glanz hat uns das vergangene Wochenende mit dieser kleinen Geschichte rund um ein Walross vers\u00fc\u00dft, welches sich zum Hobby gemacht&#8230;<\/p>\n","protected":false},"author":77,"featured_media":150602,"comment_status":"open","ping_status":"open","sticky":false,"template":"","format":"standard","meta":{"_acf_changed":false,"footnotes":""},"categories":[35],"tags":[4686],"class_list":["post-150584","post","type-post","status-publish","format-standard","has-post-thumbnail","hentry","category-twitter","tag-walross"],"acf":[],"yoast_head":"<!-- This site is optimized with the Yoast SEO plugin v27.4 - https:\/\/yoast.com\/product\/yoast-seo-wordpress\/ -->\n<title>Alle Mann von Bord: Walross kentert in seiner Freizeit Boote und das Internet ist entz\u00fcckt - The Best Social Media DE<\/title>\n<meta name=\"robots\" content=\"index, follow, max-snippet:-1, max-image-preview:large, max-video-preview:-1\" \/>\n<link rel=\"canonical\" href=\"https:\/\/www.thebestsocial.media\/de\/alle-mann-von-bord-walross-kentert-in-seiner-freizeit-boote-und-das-internet-ist-entzueckt\/\" \/>\n<meta property=\"og:locale\" content=\"de_DE\" \/>\n<meta property=\"og:type\" content=\"article\" \/>\n<meta property=\"og:title\" content=\"Alle Mann von Bord: Walross kentert in seiner Freizeit Boote und das Internet ist entz\u00fcckt\" \/>\n<meta property=\"og:description\" content=\"Der Twitter Account von Berit Glanz hat uns das vergangene Wochenende mit dieser kleinen Geschichte rund um ein Walross vers\u00fc\u00dft, welches sich zum Hobby gemacht...\" \/>\n<meta property=\"og:url\" content=\"https:\/\/www.thebestsocial.media\/de\/alle-mann-von-bord-walross-kentert-in-seiner-freizeit-boote-und-das-internet-ist-entzueckt\/\" \/>\n<meta property=\"og:site_name\" content=\"The Best Social Media DE\" \/>\n<meta property=\"article:author\" content=\"https:\/\/www.facebook.com\/adrian.krug.5\" \/>\n<meta property=\"article:published_time\" content=\"2021-09-27T11:26:00+00:00\" \/>\n<meta property=\"og:image\" content=\"https:\/\/www.thebestsocial.media\/de\/wp-content\/uploads\/sites\/3\/2021\/09\/Header_Bild_Neu.walross.png\" \/>\n\t<meta property=\"og:image:width\" content=\"1200\" \/>\n\t<meta property=\"og:image:height\" content=\"630\" \/>\n\t<meta property=\"og:image:type\" content=\"image\/png\" \/>\n<meta name=\"author\" content=\"Adrian Krug\" \/>\n<meta name=\"twitter:card\" content=\"summary_large_image\" \/>\n<meta name=\"twitter:creator\" content=\"@https:\/\/twitter.com\/Hasscompilation\" \/>\n<meta name=\"twitter:label1\" content=\"Verfasst von\" \/>\n\t<meta name=\"twitter:data1\" content=\"Adrian Krug\" \/>\n\t<meta name=\"twitter:label2\" content=\"Gesch\u00e4tzte Lesezeit\" \/>\n\t<meta name=\"twitter:data2\" content=\"2\u00a0Minuten\" \/>\n<script type=\"application\/ld+json\" class=\"yoast-schema-graph\">{\"@context\":\"https:\\\/\\\/schema.org\",\"@graph\":[{\"@type\":\"Article\",\"@id\":\"https:\\\/\\\/www.thebestsocial.media\\\/de\\\/alle-mann-von-bord-walross-kentert-in-seiner-freizeit-boote-und-das-internet-ist-entzueckt\\\/#article\",\"isPartOf\":{\"@id\":\"https:\\\/\\\/www.thebestsocial.media\\\/de\\\/alle-mann-von-bord-walross-kentert-in-seiner-freizeit-boote-und-das-internet-ist-entzueckt\\\/\"},\"author\":{\"name\":\"Adrian Krug\",\"@id\":\"https:\\\/\\\/www.thebestsocial.media\\\/de\\\/#\\\/schema\\\/person\\\/f6571568c8f173869acb99d089b1223b\"},\"headline\":\"Alle Mann von Bord: Walross kentert in seiner Freizeit Boote und das Internet ist entz\u00fcckt\",\"datePublished\":\"2021-09-27T11:26:00+00:00\",\"mainEntityOfPage\":{\"@id\":\"https:\\\/\\\/www.thebestsocial.media\\\/de\\\/alle-mann-von-bord-walross-kentert-in-seiner-freizeit-boote-und-das-internet-ist-entzueckt\\\/\"},\"wordCount\":436,\"commentCount\":0,\"image\":{\"@id\":\"https:\\\/\\\/www.thebestsocial.media\\\/de\\\/alle-mann-von-bord-walross-kentert-in-seiner-freizeit-boote-und-das-internet-ist-entzueckt\\\/#primaryimage\"},\"thumbnailUrl\":\"https:\\\/\\\/www.thebestsocial.media\\\/de\\\/wp-content\\\/uploads\\\/sites\\\/3\\\/2021\\\/09\\\/Bildschirmfoto-2021-09-27-um-11.41.19.png\",\"keywords\":[\"Walross\"],\"articleSection\":[\"Twitter\"],\"inLanguage\":\"de\",\"potentialAction\":[{\"@type\":\"CommentAction\",\"name\":\"Comment\",\"target\":[\"https:\\\/\\\/www.thebestsocial.media\\\/de\\\/alle-mann-von-bord-walross-kentert-in-seiner-freizeit-boote-und-das-internet-ist-entzueckt\\\/#respond\"]}]},{\"@type\":\"WebPage\",\"@id\":\"https:\\\/\\\/www.thebestsocial.media\\\/de\\\/alle-mann-von-bord-walross-kentert-in-seiner-freizeit-boote-und-das-internet-ist-entzueckt\\\/\",\"url\":\"https:\\\/\\\/www.thebestsocial.media\\\/de\\\/alle-mann-von-bord-walross-kentert-in-seiner-freizeit-boote-und-das-internet-ist-entzueckt\\\/\",\"name\":\"Alle Mann von Bord: Walross kentert in seiner Freizeit Boote und das Internet ist entz\u00fcckt - The Best Social Media DE\",\"isPartOf\":{\"@id\":\"https:\\\/\\\/www.thebestsocial.media\\\/de\\\/#website\"},\"primaryImageOfPage\":{\"@id\":\"https:\\\/\\\/www.thebestsocial.media\\\/de\\\/alle-mann-von-bord-walross-kentert-in-seiner-freizeit-boote-und-das-internet-ist-entzueckt\\\/#primaryimage\"},\"image\":{\"@id\":\"https:\\\/\\\/www.thebestsocial.media\\\/de\\\/alle-mann-von-bord-walross-kentert-in-seiner-freizeit-boote-und-das-internet-ist-entzueckt\\\/#primaryimage\"},\"thumbnailUrl\":\"https:\\\/\\\/www.thebestsocial.media\\\/de\\\/wp-content\\\/uploads\\\/sites\\\/3\\\/2021\\\/09\\\/Bildschirmfoto-2021-09-27-um-11.41.19.png\",\"datePublished\":\"2021-09-27T11:26:00+00:00\",\"author\":{\"@id\":\"https:\\\/\\\/www.thebestsocial.media\\\/de\\\/#\\\/schema\\\/person\\\/f6571568c8f173869acb99d089b1223b\"},\"breadcrumb\":{\"@id\":\"https:\\\/\\\/www.thebestsocial.media\\\/de\\\/alle-mann-von-bord-walross-kentert-in-seiner-freizeit-boote-und-das-internet-ist-entzueckt\\\/#breadcrumb\"},\"inLanguage\":\"de\",\"potentialAction\":[{\"@type\":\"ReadAction\",\"target\":[\"https:\\\/\\\/www.thebestsocial.media\\\/de\\\/alle-mann-von-bord-walross-kentert-in-seiner-freizeit-boote-und-das-internet-ist-entzueckt\\\/\"]}]},{\"@type\":\"ImageObject\",\"inLanguage\":\"de\",\"@id\":\"https:\\\/\\\/www.thebestsocial.media\\\/de\\\/alle-mann-von-bord-walross-kentert-in-seiner-freizeit-boote-und-das-internet-ist-entzueckt\\\/#primaryimage\",\"url\":\"https:\\\/\\\/www.thebestsocial.media\\\/de\\\/wp-content\\\/uploads\\\/sites\\\/3\\\/2021\\\/09\\\/Bildschirmfoto-2021-09-27-um-11.41.19.png\",\"contentUrl\":\"https:\\\/\\\/www.thebestsocial.media\\\/de\\\/wp-content\\\/uploads\\\/sites\\\/3\\\/2021\\\/09\\\/Bildschirmfoto-2021-09-27-um-11.41.19.png\",\"width\":1106,\"height\":552},{\"@type\":\"BreadcrumbList\",\"@id\":\"https:\\\/\\\/www.thebestsocial.media\\\/de\\\/alle-mann-von-bord-walross-kentert-in-seiner-freizeit-boote-und-das-internet-ist-entzueckt\\\/#breadcrumb\",\"itemListElement\":[{\"@type\":\"ListItem\",\"position\":1,\"name\":\"Home\",\"item\":\"https:\\\/\\\/www.thebestsocial.media\\\/de\\\/\"},{\"@type\":\"ListItem\",\"position\":2,\"name\":\"Alle Mann von Bord: Walross kentert in seiner Freizeit Boote und das Internet ist entz\u00fcckt\"}]},{\"@type\":\"WebSite\",\"@id\":\"https:\\\/\\\/www.thebestsocial.media\\\/de\\\/#website\",\"url\":\"https:\\\/\\\/www.thebestsocial.media\\\/de\\\/\",\"name\":\"The Best Social Media DE\",\"description\":\"\",\"potentialAction\":[{\"@type\":\"SearchAction\",\"target\":{\"@type\":\"EntryPoint\",\"urlTemplate\":\"https:\\\/\\\/www.thebestsocial.media\\\/de\\\/?s={search_term_string}\"},\"query-input\":{\"@type\":\"PropertyValueSpecification\",\"valueRequired\":true,\"valueName\":\"search_term_string\"}}],\"inLanguage\":\"de\"},{\"@type\":\"Person\",\"@id\":\"https:\\\/\\\/www.thebestsocial.media\\\/de\\\/#\\\/schema\\\/person\\\/f6571568c8f173869acb99d089b1223b\",\"name\":\"Adrian Krug\",\"image\":{\"@type\":\"ImageObject\",\"inLanguage\":\"de\",\"@id\":\"https:\\\/\\\/secure.gravatar.com\\\/avatar\\\/c03aa48839ac1555ec73dfc0827342b090445264901990679cd3f8c6ef4ac2d7?s=96&d=mm&r=g\",\"url\":\"https:\\\/\\\/secure.gravatar.com\\\/avatar\\\/c03aa48839ac1555ec73dfc0827342b090445264901990679cd3f8c6ef4ac2d7?s=96&d=mm&r=g\",\"contentUrl\":\"https:\\\/\\\/secure.gravatar.com\\\/avatar\\\/c03aa48839ac1555ec73dfc0827342b090445264901990679cd3f8c6ef4ac2d7?s=96&d=mm&r=g\",\"caption\":\"Adrian Krug\"},\"description\":\"Ich bin Endeditor f\u00fcr TBSM DE und Creative Lead f\u00fcr Projekte auf Agenturseite.\",\"sameAs\":[\"https:\\\/\\\/www.facebook.com\\\/adrian.krug.5\",\"https:\\\/\\\/www.linkedin.com\\\/in\\\/adrian-krug-27536221a\\\/\",\"https:\\\/\\\/x.com\\\/https:\\\/\\\/twitter.com\\\/Hasscompilation\"],\"url\":\"https:\\\/\\\/www.thebestsocial.media\\\/de\\\/author\\\/adriankrug\\\/\"}]}<\/script>\n<!-- \/ Yoast SEO plugin. -->","yoast_head_json":{"title":"Alle Mann von Bord: Walross kentert in seiner Freizeit Boote und das Internet ist entz\u00fcckt - The Best Social Media DE","robots":{"index":"index","follow":"follow","max-snippet":"max-snippet:-1","max-image-preview":"max-image-preview:large","max-video-preview":"max-video-preview:-1"},"canonical":"https:\/\/www.thebestsocial.media\/de\/alle-mann-von-bord-walross-kentert-in-seiner-freizeit-boote-und-das-internet-ist-entzueckt\/","og_locale":"de_DE","og_type":"article","og_title":"Alle Mann von Bord: Walross kentert in seiner Freizeit Boote und das Internet ist entz\u00fcckt","og_description":"Der Twitter Account von Berit Glanz hat uns das vergangene Wochenende mit dieser kleinen Geschichte rund um ein Walross vers\u00fc\u00dft, welches sich zum Hobby gemacht...","og_url":"https:\/\/www.thebestsocial.media\/de\/alle-mann-von-bord-walross-kentert-in-seiner-freizeit-boote-und-das-internet-ist-entzueckt\/","og_site_name":"The Best Social Media DE","article_author":"https:\/\/www.facebook.com\/adrian.krug.5","article_published_time":"2021-09-27T11:26:00+00:00","og_image":[{"width":1200,"height":630,"url":"https:\/\/www.thebestsocial.media\/de\/wp-content\/uploads\/sites\/3\/2021\/09\/Header_Bild_Neu.walross.png","type":"image\/png"}],"author":"Adrian Krug","twitter_card":"summary_large_image","twitter_creator":"@https:\/\/twitter.com\/Hasscompilation","twitter_misc":{"Verfasst von":"Adrian Krug","Gesch\u00e4tzte Lesezeit":"2\u00a0Minuten"},"schema":{"@context":"https:\/\/schema.org","@graph":[{"@type":"Article","@id":"https:\/\/www.thebestsocial.media\/de\/alle-mann-von-bord-walross-kentert-in-seiner-freizeit-boote-und-das-internet-ist-entzueckt\/#article","isPartOf":{"@id":"https:\/\/www.thebestsocial.media\/de\/alle-mann-von-bord-walross-kentert-in-seiner-freizeit-boote-und-das-internet-ist-entzueckt\/"},"author":{"name":"Adrian Krug","@id":"https:\/\/www.thebestsocial.media\/de\/#\/schema\/person\/f6571568c8f173869acb99d089b1223b"},"headline":"Alle Mann von Bord: Walross kentert in seiner Freizeit Boote und das Internet ist entz\u00fcckt","datePublished":"2021-09-27T11:26:00+00:00","mainEntityOfPage":{"@id":"https:\/\/www.thebestsocial.media\/de\/alle-mann-von-bord-walross-kentert-in-seiner-freizeit-boote-und-das-internet-ist-entzueckt\/"},"wordCount":436,"commentCount":0,"image":{"@id":"https:\/\/www.thebestsocial.media\/de\/alle-mann-von-bord-walross-kentert-in-seiner-freizeit-boote-und-das-internet-ist-entzueckt\/#primaryimage"},"thumbnailUrl":"https:\/\/www.thebestsocial.media\/de\/wp-content\/uploads\/sites\/3\/2021\/09\/Bildschirmfoto-2021-09-27-um-11.41.19.png","keywords":["Walross"],"articleSection":["Twitter"],"inLanguage":"de","potentialAction":[{"@type":"CommentAction","name":"Comment","target":["https:\/\/www.thebestsocial.media\/de\/alle-mann-von-bord-walross-kentert-in-seiner-freizeit-boote-und-das-internet-ist-entzueckt\/#respond"]}]},{"@type":"WebPage","@id":"https:\/\/www.thebestsocial.media\/de\/alle-mann-von-bord-walross-kentert-in-seiner-freizeit-boote-und-das-internet-ist-entzueckt\/","url":"https:\/\/www.thebestsocial.media\/de\/alle-mann-von-bord-walross-kentert-in-seiner-freizeit-boote-und-das-internet-ist-entzueckt\/","name":"Alle Mann von Bord: Walross kentert in seiner Freizeit Boote und das Internet ist entz\u00fcckt - The Best Social Media DE","isPartOf":{"@id":"https:\/\/www.thebestsocial.media\/de\/#website"},"primaryImageOfPage":{"@id":"https:\/\/www.thebestsocial.media\/de\/alle-mann-von-bord-walross-kentert-in-seiner-freizeit-boote-und-das-internet-ist-entzueckt\/#primaryimage"},"image":{"@id":"https:\/\/www.thebestsocial.media\/de\/alle-mann-von-bord-walross-kentert-in-seiner-freizeit-boote-und-das-internet-ist-entzueckt\/#primaryimage"},"thumbnailUrl":"https:\/\/www.thebestsocial.media\/de\/wp-content\/uploads\/sites\/3\/2021\/09\/Bildschirmfoto-2021-09-27-um-11.41.19.png","datePublished":"2021-09-27T11:26:00+00:00","author":{"@id":"https:\/\/www.thebestsocial.media\/de\/#\/schema\/person\/f6571568c8f173869acb99d089b1223b"},"breadcrumb":{"@id":"https:\/\/www.thebestsocial.media\/de\/alle-mann-von-bord-walross-kentert-in-seiner-freizeit-boote-und-das-internet-ist-entzueckt\/#breadcrumb"},"inLanguage":"de","potentialAction":[{"@type":"ReadAction","target":["https:\/\/www.thebestsocial.media\/de\/alle-mann-von-bord-walross-kentert-in-seiner-freizeit-boote-und-das-internet-ist-entzueckt\/"]}]},{"@type":"ImageObject","inLanguage":"de","@id":"https:\/\/www.thebestsocial.media\/de\/alle-mann-von-bord-walross-kentert-in-seiner-freizeit-boote-und-das-internet-ist-entzueckt\/#primaryimage","url":"https:\/\/www.thebestsocial.media\/de\/wp-content\/uploads\/sites\/3\/2021\/09\/Bildschirmfoto-2021-09-27-um-11.41.19.png","contentUrl":"https:\/\/www.thebestsocial.media\/de\/wp-content\/uploads\/sites\/3\/2021\/09\/Bildschirmfoto-2021-09-27-um-11.41.19.png","width":1106,"height":552},{"@type":"BreadcrumbList","@id":"https:\/\/www.thebestsocial.media\/de\/alle-mann-von-bord-walross-kentert-in-seiner-freizeit-boote-und-das-internet-ist-entzueckt\/#breadcrumb","itemListElement":[{"@type":"ListItem","position":1,"name":"Home","item":"https:\/\/www.thebestsocial.media\/de\/"},{"@type":"ListItem","position":2,"name":"Alle Mann von Bord: Walross kentert in seiner Freizeit Boote und das Internet ist entz\u00fcckt"}]},{"@type":"WebSite","@id":"https:\/\/www.thebestsocial.media\/de\/#website","url":"https:\/\/www.thebestsocial.media\/de\/","name":"The Best Social Media DE","description":"","potentialAction":[{"@type":"SearchAction","target":{"@type":"EntryPoint","urlTemplate":"https:\/\/www.thebestsocial.media\/de\/?s={search_term_string}"},"query-input":{"@type":"PropertyValueSpecification","valueRequired":true,"valueName":"search_term_string"}}],"inLanguage":"de"},{"@type":"Person","@id":"https:\/\/www.thebestsocial.media\/de\/#\/schema\/person\/f6571568c8f173869acb99d089b1223b","name":"Adrian Krug","image":{"@type":"ImageObject","inLanguage":"de","@id":"https:\/\/secure.gravatar.com\/avatar\/c03aa48839ac1555ec73dfc0827342b090445264901990679cd3f8c6ef4ac2d7?s=96&d=mm&r=g","url":"https:\/\/secure.gravatar.com\/avatar\/c03aa48839ac1555ec73dfc0827342b090445264901990679cd3f8c6ef4ac2d7?s=96&d=mm&r=g","contentUrl":"https:\/\/secure.gravatar.com\/avatar\/c03aa48839ac1555ec73dfc0827342b090445264901990679cd3f8c6ef4ac2d7?s=96&d=mm&r=g","caption":"Adrian Krug"},"description":"Ich bin Endeditor f\u00fcr TBSM DE und Creative Lead f\u00fcr Projekte auf Agenturseite.","sameAs":["https:\/\/www.facebook.com\/adrian.krug.5","https:\/\/www.linkedin.com\/in\/adrian-krug-27536221a\/","https:\/\/x.com\/https:\/\/twitter.com\/Hasscompilation"],"url":"https:\/\/www.thebestsocial.media\/de\/author\/adriankrug\/"}]}},"amp_enabled":true,"_links":{"self":[{"href":"https:\/\/www.thebestsocial.media\/de\/wp-json\/wp\/v2\/posts\/150584","targetHints":{"allow":["GET"]}}],"collection":[{"href":"https:\/\/www.thebestsocial.media\/de\/wp-json\/wp\/v2\/posts"}],"about":[{"href":"https:\/\/www.thebestsocial.media\/de\/wp-json\/wp\/v2\/types\/post"}],"author":[{"embeddable":true,"href":"https:\/\/www.thebestsocial.media\/de\/wp-json\/wp\/v2\/users\/77"}],"replies":[{"embeddable":true,"href":"https:\/\/www.thebestsocial.media\/de\/wp-json\/wp\/v2\/comments?post=150584"}],"version-history":[{"count":5,"href":"https:\/\/www.thebestsocial.media\/de\/wp-json\/wp\/v2\/posts\/150584\/revisions"}],"predecessor-version":[{"id":150601,"href":"https:\/\/www.thebestsocial.media\/de\/wp-json\/wp\/v2\/posts\/150584\/revisions\/150601"}],"wp:featuredmedia":[{"embeddable":true,"href":"https:\/\/www.thebestsocial.media\/de\/wp-json\/wp\/v2\/media\/150602"}],"wp:attachment":[{"href":"https:\/\/www.thebestsocial.media\/de\/wp-json\/wp\/v2\/media?parent=150584"}],"wp:term":[{"taxonomy":"category","embeddable":true,"href":"https:\/\/www.thebestsocial.media\/de\/wp-json\/wp\/v2\/categories?post=150584"},{"taxonomy":"post_tag","embeddable":true,"href":"https:\/\/www.thebestsocial.media\/de\/wp-json\/wp\/v2\/tags?post=150584"}],"curies":[{"name":"wp","href":"https:\/\/api.w.org\/{rel}","templated":true}]}}