{"id":150478,"date":"2021-09-24T10:01:30","date_gmt":"2021-09-24T10:01:30","guid":{"rendered":"https:\/\/www.thebestsocial.media\/de\/?p=150478"},"modified":"2021-09-24T10:01:30","modified_gmt":"2021-09-24T10:01:30","slug":"noch-einmal-alles-gegeben-so-lief-die-letzte-debatte-vor-der-bundestagswahl","status":"publish","type":"post","link":"https:\/\/www.thebestsocial.media\/de\/noch-einmal-alles-gegeben-so-lief-die-letzte-debatte-vor-der-bundestagswahl\/","title":{"rendered":"Noch einmal alles gegeben? &#8211; So lief die letzte Debatte vor der Bundestagswahl"},"content":{"rendered":"<p>Nach unz\u00e4hligen Triellen, Talkshows und sonstigen mitrei\u00dfenden Formaten fand der TV-Wahlkampf in der gestrigen Schlussrunde der ARD seinen kr\u00f6nenden Abschluss. Wenig spektakul\u00e4r, wenig \u00fcberraschend, wenigstens das letzte Mal. Es galt, noch einmal alles zu geben, um eventuell letzte unentschlossene W\u00e4hler f\u00fcr sich gewinnen zu k\u00f6nnen. Auf Twitter wurde daher nat\u00fcrlich ganz genau hingeschaut und analysiert.<\/p>\n<p>&nbsp;<\/p>\n<p><strong>Ist doch aber auch bisschen sch\u00f6n, wenn man sich auf manche Dinge einfach verlassen kann.<\/strong><\/p>\n<div class=\"dbsm-oembed\">\n<blockquote class=\"twitter-tweet\" data-width=\"500\" data-dnt=\"true\">\n<p lang=\"de\" dir=\"ltr\">Mal wieder: Alice Weidel ist unversch\u00e4mt, Armin Laschet ist \u00fcberfordert, Markus S\u00f6der selbstherrlich, Christian Lindner hat nur Augen f\u00fcr sich selbst, Janine Wissler appelliert an Gerechtigkeit, Olaf Scholz sediert angenehm und Annalena Baerbock wird untersch\u00e4tzt. <a href=\"https:\/\/twitter.com\/hashtag\/Schlussrunde?src=hash&amp;ref_src=twsrc%5Etfw\">#Schlussrunde<\/a><\/p>\n<p>&mdash; Jan Skudlarek (@janskudlarek) <a href=\"https:\/\/twitter.com\/janskudlarek\/status\/1441128153557131264?ref_src=twsrc%5Etfw\">September 23, 2021<\/a><\/p><\/blockquote>\n<p><script async src=\"https:\/\/platform.twitter.com\/widgets.js\" charset=\"utf-8\"><\/script><\/div>\n<p>&nbsp;<\/p>\n<p><strong>Sollen sie ihren Kuchen halt auf dem Dorf essen.<\/strong><\/p>\n<div class=\"dbsm-oembed\">\n<blockquote class=\"twitter-tweet\" data-width=\"500\" data-dnt=\"true\">\n<p lang=\"de\" dir=\"ltr\">Auf die Frage nach der t\u00e4glich geringer werdenden Zahl von Sozialwohnungen f\u00e4llt Armin <a href=\"https:\/\/twitter.com\/hashtag\/Laschet?src=hash&amp;ref_src=twsrc%5Etfw\">#Laschet<\/a> nicht mehr ein als &quot;wenn jeder denkt er muss in die gro\u00dfe Stadt ziehen&#8230;.&quot; Autsch. <a href=\"https:\/\/twitter.com\/hashtag\/Schlussrunde?src=hash&amp;ref_src=twsrc%5Etfw\">#Schlussrunde<\/a><\/p>\n<p>&mdash; Katrin G\u00f6ring-Eckardt (@GoeringEckardt) <a href=\"https:\/\/twitter.com\/GoeringEckardt\/status\/1441109489210388485?ref_src=twsrc%5Etfw\">September 23, 2021<\/a><\/p><\/blockquote>\n<p><script async src=\"https:\/\/platform.twitter.com\/widgets.js\" charset=\"utf-8\"><\/script><\/div>\n<p>&nbsp;<\/p>\n<p><strong>Wenn&#8217;s die Muggel alleine nicht gewuppt kriegen.<\/strong><\/p>\n<p>https:\/\/twitter.com\/Triggernder\/status\/1441106761742622721?s=20<\/p>\n<p>&nbsp;<\/p>\n<p>&nbsp;<\/p>\n<p><strong>Die Kombination von Laschet und S\u00f6der&#8230;<\/strong><\/p>\n<div class=\"dbsm-oembed\">\n<blockquote class=\"twitter-tweet\" data-width=\"500\" data-dnt=\"true\">\n<p lang=\"de\" dir=\"ltr\">Es ist eine Sauerei, dass Laschet _und_ S\u00f6der in der <a href=\"https:\/\/twitter.com\/hashtag\/Schlussrunde?src=hash&amp;ref_src=twsrc%5Etfw\">#Schlussrunde<\/a> sitzen. Alle anderen Parteien werden gleich behandelt, nur die Union gleicher. <\/p>\n<p>Hier geht&#39;s um die Wahl f\u00fcr den Bundestag, wo CDU und CSU eine Fraktion bilden. CDU und CSU haben _einen_ Kanzlerkandidaten.<\/p>\n<p>Irre.<\/p>\n<p>&mdash; Tilo Jung (@TiloJung) <a href=\"https:\/\/twitter.com\/TiloJung\/status\/1441108256269619202?ref_src=twsrc%5Etfw\">September 23, 2021<\/a><\/p><\/blockquote>\n<p><script async src=\"https:\/\/platform.twitter.com\/widgets.js\" charset=\"utf-8\"><\/script><\/div>\n<p>&nbsp;<\/p>\n<p><strong>&#8230;kam eher nicht so gut an.<\/strong><\/p>\n<div class=\"dbsm-oembed\">\n<blockquote class=\"twitter-tweet\" data-width=\"500\" data-dnt=\"true\">\n<p lang=\"de\" dir=\"ltr\">Bei der heutigen <a href=\"https:\/\/twitter.com\/hashtag\/Schlussrunde?src=hash&amp;ref_src=twsrc%5Etfw\">#Schlussrunde<\/a> bei <a href=\"https:\/\/twitter.com\/hashtag\/ARD?src=hash&amp;ref_src=twsrc%5Etfw\">#ARD<\/a> und <a href=\"https:\/\/twitter.com\/hashtag\/ZDF?src=hash&amp;ref_src=twsrc%5Etfw\">#ZDF<\/a> werden sowohl <a href=\"https:\/\/twitter.com\/hashtag\/Laschet?src=hash&amp;ref_src=twsrc%5Etfw\">#Laschet<\/a> als auch <a href=\"https:\/\/twitter.com\/hashtag\/Soeder?src=hash&amp;ref_src=twsrc%5Etfw\">#Soeder<\/a> dabei sein. Die Union hat damit doppelt so viel Redezeit wie die anderen Parteien. Nennt man auch Wettbewerbsverzerrung.<a href=\"https:\/\/twitter.com\/hashtag\/CDUAbwaehlen?src=hash&amp;ref_src=twsrc%5Etfw\">#CDUAbwaehlen<\/a><\/p>\n<p>&mdash; Dr. Niema Movassat (@NiemaMovassat) <a href=\"https:\/\/twitter.com\/NiemaMovassat\/status\/1441075463691112448?ref_src=twsrc%5Etfw\">September 23, 2021<\/a><\/p><\/blockquote>\n<p><script async src=\"https:\/\/platform.twitter.com\/widgets.js\" charset=\"utf-8\"><\/script><\/div>\n<p>&nbsp;<\/p>\n<p><strong>Aber die beiden hatten Spa\u00df.<\/strong><\/p>\n<div class=\"dbsm-oembed\">\n<blockquote class=\"twitter-tweet\" data-width=\"500\" data-dnt=\"true\">\n<p lang=\"de\" dir=\"ltr\">&quot;Weniger Fleischkonsum&quot; <a href=\"https:\/\/twitter.com\/hashtag\/Schlussrunde?src=hash&amp;ref_src=twsrc%5Etfw\">#Schlussrunde<\/a> <a href=\"https:\/\/t.co\/8gkRF708xg\">pic.twitter.com\/8gkRF708xg<\/a><\/p>\n<p>&mdash; nicola (@glitterritter) <a href=\"https:\/\/twitter.com\/glitterritter\/status\/1441120573598224396?ref_src=twsrc%5Etfw\">September 23, 2021<\/a><\/p><\/blockquote>\n<p><script async src=\"https:\/\/platform.twitter.com\/widgets.js\" charset=\"utf-8\"><\/script><\/div>\n<p>&nbsp;<\/p>\n<p><strong>&#8222;Klar&#8230;&#8220;<\/strong><\/p>\n<p>https:\/\/twitter.com\/kajhoffmann\/status\/1441102921244942340?s=20<\/p>\n<p>&nbsp;<\/p>\n<p><strong>F\u00fcr viele schien die Sache auch klar, allerdings eher in die andere Richtung.<\/strong><\/p>\n<div class=\"dbsm-oembed\">\n<blockquote class=\"twitter-tweet\" data-width=\"500\" data-dnt=\"true\">\n<p lang=\"de\" dir=\"ltr\">Pov, du siehst die zuk\u00fcnftige Opposition.<a href=\"https:\/\/twitter.com\/hashtag\/Schlussrunde?src=hash&amp;ref_src=twsrc%5Etfw\">#Schlussrunde<\/a> <a href=\"https:\/\/t.co\/6ckhqFteBE\">pic.twitter.com\/6ckhqFteBE<\/a><\/p>\n<p>&mdash; Ikgh (@Ikgh1312) <a href=\"https:\/\/twitter.com\/Ikgh1312\/status\/1441115149524357123?ref_src=twsrc%5Etfw\">September 23, 2021<\/a><\/p><\/blockquote>\n<p><script async src=\"https:\/\/platform.twitter.com\/widgets.js\" charset=\"utf-8\"><\/script><\/div>\n<p>&nbsp;<\/p>\n<p><strong>Politikverdrossenheit incoming.<\/strong><\/p>\n<div class=\"dbsm-oembed\">\n<blockquote class=\"twitter-tweet\" data-width=\"500\" data-dnt=\"true\">\n<p lang=\"de\" dir=\"ltr\">V\u00f6llig abwegiger Gedanke, aber: M\u00fcssen diese Veranstaltungen so unfassbar freudlos sein? So pampig, schulmeisterlich, beleidigt, passiv-aggressiv? M\u00fcsste so eine Debatte nicht eigentlich mitrei\u00dfend sein statt abschreckend? <a href=\"https:\/\/twitter.com\/hashtag\/schlussrunde?src=hash&amp;ref_src=twsrc%5Etfw\">#schlussrunde<\/a><\/p>\n<p>&mdash; Stefan Niggemeier (@niggi) <a href=\"https:\/\/twitter.com\/niggi\/status\/1441119426019954691?ref_src=twsrc%5Etfw\">September 23, 2021<\/a><\/p><\/blockquote>\n<p><script async src=\"https:\/\/platform.twitter.com\/widgets.js\" charset=\"utf-8\"><\/script><\/div>\n<p>&nbsp;<\/p>\n<p><strong>And they say romance is dead!<\/strong><\/p>\n<div class=\"dbsm-oembed\">\n<blockquote class=\"twitter-tweet\" data-width=\"500\" data-dnt=\"true\">\n<p lang=\"de\" dir=\"ltr\">\u201eVielleicht reicht es ja zu zweit\u201c, sagt <a href=\"https:\/\/twitter.com\/OlafScholz?ref_src=twsrc%5Etfw\">@OlafScholz<\/a>, guckt zu <a href=\"https:\/\/twitter.com\/ABaerbock?ref_src=twsrc%5Etfw\">@ABaerbock<\/a> und ich bilde mir ein, er hat sogar gel\u00e4chelt <a href=\"https:\/\/twitter.com\/hashtag\/Schlussrunde?src=hash&amp;ref_src=twsrc%5Etfw\">#Schlussrunde<\/a><\/p>\n<p>&mdash; Ann-Kathrin Hipp (@ak_hipp) <a href=\"https:\/\/twitter.com\/ak_hipp\/status\/1441127087213932544?ref_src=twsrc%5Etfw\">September 23, 2021<\/a><\/p><\/blockquote>\n<p><script async src=\"https:\/\/platform.twitter.com\/widgets.js\" charset=\"utf-8\"><\/script><\/div>\n<p>&nbsp;<\/p>\n<p>&nbsp;<\/p>\n<p><strong>Hoffentlich hatten sie was zum K\u00fchlen da&#8230;.<\/strong><\/p>\n<div class=\"dbsm-oembed\">\n<blockquote class=\"twitter-tweet\" data-width=\"500\" data-dnt=\"true\">\n<p lang=\"de\" dir=\"ltr\">\u201eWir sprechen jetzt \u00fcber Regierungskoalitionen.<\/p>\n<p>Frau Weidel, Sie d\u00fcrfen sich entspannen, weil niemand mit Ihnen koalieren m\u00f6chte.\u201c<\/p>\n<p>Hat er nicht gesagt \ud83d\ude02<a href=\"https:\/\/twitter.com\/hashtag\/Schlussrunde?src=hash&amp;ref_src=twsrc%5Etfw\">#Schlussrunde<\/a><\/p>\n<p>&mdash; Norman Wolf (@deinTherapeut) <a href=\"https:\/\/twitter.com\/deinTherapeut\/status\/1441124443758239747?ref_src=twsrc%5Etfw\">September 23, 2021<\/a><\/p><\/blockquote>\n<p><script async src=\"https:\/\/platform.twitter.com\/widgets.js\" charset=\"utf-8\"><\/script><\/div>\n<p>&nbsp;<\/p>\n<p><strong>Puh, naja, wenigstens bald geschafft.<\/strong><\/p>\n<p>https:\/\/twitter.com\/kajhoffmann\/status\/1441124329446641665?s=20<\/p>\n<p>&nbsp;<\/p>\n<p>\u2014<br \/>\nVielen Dank an alle f\u00fcr die Posts.<br \/>\n\u2014<br \/>\n<strong>Keine Influencer! Kein Foodporn! Nur ganz viel Spa\u00df \u2013 bei uns auf Instagram:<\/strong><\/p>\n<p>&nbsp;<\/p>\n<div style=\"display: flex; flex-direction: row; align-items: center;\">\n<div style=\"background-color: #f4f4f4; border-radius: 50%; flex-grow: 0; height: 40px; margin-right: 14px; width: 40px;\"><\/div>\n<div style=\"display: flex; flex-direction: column; flex-grow: 1; justify-content: center;\">\n<div style=\"background-color: #f4f4f4; border-radius: 4px; flex-grow: 0; height: 14px; margin-bottom: 6px; width: 100px;\"><\/div>\n<div style=\"background-color: #f4f4f4; border-radius: 4px; flex-grow: 0; height: 14px; width: 60px;\"><\/div>\n<\/div>\n<\/div>\n<div style=\"padding: 19% 0;\"><\/div>\n<div style=\"display: block; height: 50px; margin: 0 auto 12px; width: 50px;\"><\/div>\n<div style=\"padding-top: 8px;\">\n<div style=\"color: #3897f0; font-family: Arial,sans-serif; font-size: 14px; font-style: normal; font-weight: 550; line-height: 18px;\">Sieh dir diesen Beitrag auf Instagram an<\/div>\n<\/div>\n<div style=\"padding: 12.5% 0;\"><\/div>\n<div style=\"display: flex; flex-direction: row; margin-bottom: 14px; align-items: center;\">\n<div>\n<div style=\"background-color: #f4f4f4; border-radius: 50%; height: 12.5px; width: 12.5px; transform: translateX(0px) translateY(7px);\"><\/div>\n<div style=\"background-color: #f4f4f4; height: 12.5px; transform: rotate(-45deg) translateX(3px) translateY(1px); width: 12.5px; flex-grow: 0; margin-right: 14px; margin-left: 2px;\"><\/div>\n<div style=\"background-color: #f4f4f4; border-radius: 50%; height: 12.5px; width: 12.5px; transform: translateX(9px) translateY(-18px);\"><\/div>\n<\/div>\n<div style=\"margin-left: 8px;\">\n<div style=\"background-color: #f4f4f4; border-radius: 50%; flex-grow: 0; height: 20px; width: 20px;\"><\/div>\n<div style=\"width: 0; height: 0; border-top: 2px solid transparent; border-left: 6px solid #f4f4f4; border-bottom: 2px solid transparent; transform: translateX(16px) translateY(-4px) rotate(30deg);\"><\/div>\n<\/div>\n<div style=\"margin-left: auto;\">\n<div style=\"width: 0px; border-top: 8px solid #F4F4F4; border-right: 8px solid transparent; transform: translateY(16px);\"><\/div>\n<div style=\"background-color: #f4f4f4; flex-grow: 0; height: 12px; width: 16px; transform: translateY(-4px);\"><\/div>\n<div style=\"width: 0; height: 0; border-top: 8px solid #F4F4F4; border-left: 8px solid transparent; transform: translateY(-4px) translateX(8px);\"><\/div>\n<\/div>\n<\/div>\n<div style=\"display: flex; flex-direction: column; flex-grow: 1; justify-content: center; margin-bottom: 24px;\">\n<div style=\"background-color: #f4f4f4; border-radius: 4px; flex-grow: 0; height: 14px; margin-bottom: 6px; width: 224px;\"><\/div>\n<div style=\"background-color: #f4f4f4; border-radius: 4px; flex-grow: 0; height: 14px; width: 144px;\"><\/div>\n<\/div>\n<p>&nbsp;<\/p>\n<p style=\"color: #c9c8cd; font-family: Arial,sans-serif; font-size: 14px; line-height: 17px; margin-bottom: 0; margin-top: 8px; overflow: hidden; padding: 8px 0 7px; text-align: center; text-overflow: ellipsis; white-space: nowrap;\"><a style=\"color: #c9c8cd; font-family: Arial,sans-serif; font-size: 14px; font-style: normal; font-weight: normal; line-height: 17px; text-decoration: none;\" href=\"https:\/\/www.instagram.com\/p\/CUHqwRUsr2x\/?utm_source=ig_embed&amp;utm_campaign=loading\" target=\"_blank\" rel=\"noopener\">Ein Beitrag geteilt von The Best Social Media &#8211; DE (@thebestsocialmediade)<\/a><\/p>\n\n<script async defer src=\"\/instagram-embed.js\"><\/script>","protected":false},"excerpt":{"rendered":"<p>Nach unz\u00e4hligen Triellen, Talkshows und sonstigen mitrei\u00dfenden Formaten fand der TV-Wahlkampf in der gestrigen Schlussrunde der ARD seinen kr\u00f6nenden Abschluss. Wenig spektakul\u00e4r, wenig \u00fcberraschend, wenigstens&#8230;<\/p>\n","protected":false},"author":73,"featured_media":150490,"comment_status":"open","ping_status":"open","sticky":false,"template":"","format":"standard","meta":{"_acf_changed":false,"footnotes":""},"categories":[1839,35],"tags":[535,412],"class_list":["post-150478","post","type-post","status-publish","format-standard","has-post-thumbnail","hentry","category-television","category-twitter","tag-bundestagswahl","tag-politik"],"acf":[],"yoast_head":"<!-- This site is optimized with the Yoast SEO plugin v27.5 - https:\/\/yoast.com\/product\/yoast-seo-wordpress\/ -->\n<title>Nochmal alles gegeben? So lief die letzte Debatte vor der Bundestagswahl<\/title>\n<meta name=\"robots\" content=\"index, follow, max-snippet:-1, max-image-preview:large, max-video-preview:-1\" \/>\n<link rel=\"canonical\" href=\"https:\/\/www.thebestsocial.media\/de\/noch-einmal-alles-gegeben-so-lief-die-letzte-debatte-vor-der-bundestagswahl\/\" \/>\n<meta property=\"og:locale\" content=\"de_DE\" \/>\n<meta property=\"og:type\" content=\"article\" \/>\n<meta property=\"og:title\" content=\"Noch einmal alles gegeben? So lief die letzte Debatte vor der Bundestagswahl\" \/>\n<meta property=\"og:description\" content=\"Nach unz\u00e4hligen Triellen, Talkshows und sonstigen mitrei\u00dfenden Formaten fand der TV-Wahlkampf in der gestrigen Schlussrunde der ARD seinen kr\u00f6nenden Abschluss. Wenig spektakul\u00e4r, wenig \u00fcberraschend, wenigstens...\" \/>\n<meta property=\"og:url\" content=\"https:\/\/www.thebestsocial.media\/de\/noch-einmal-alles-gegeben-so-lief-die-letzte-debatte-vor-der-bundestagswahl\/\" \/>\n<meta property=\"og:site_name\" content=\"The Best Social Media DE\" \/>\n<meta property=\"article:published_time\" content=\"2021-09-24T10:01:30+00:00\" \/>\n<meta property=\"og:image\" content=\"https:\/\/www.thebestsocial.media\/de\/wp-content\/uploads\/sites\/3\/2021\/09\/header-schlussrunde.png\" \/>\n\t<meta property=\"og:image:width\" content=\"1200\" \/>\n\t<meta property=\"og:image:height\" content=\"630\" \/>\n\t<meta property=\"og:image:type\" content=\"image\/png\" \/>\n<meta name=\"author\" content=\"Helene Mei\u00dfner\" \/>\n<meta name=\"twitter:card\" content=\"summary_large_image\" \/>\n<meta name=\"twitter:label1\" content=\"Verfasst von\" \/>\n\t<meta name=\"twitter:data1\" content=\"Helene Mei\u00dfner\" \/>\n\t<meta name=\"twitter:label2\" content=\"Gesch\u00e4tzte Lesezeit\" \/>\n\t<meta name=\"twitter:data2\" content=\"1\u00a0Minute\" \/>\n<script type=\"application\/ld+json\" class=\"yoast-schema-graph\">{\"@context\":\"https:\\\/\\\/schema.org\",\"@graph\":[{\"@type\":\"Article\",\"@id\":\"https:\\\/\\\/www.thebestsocial.media\\\/de\\\/noch-einmal-alles-gegeben-so-lief-die-letzte-debatte-vor-der-bundestagswahl\\\/#article\",\"isPartOf\":{\"@id\":\"https:\\\/\\\/www.thebestsocial.media\\\/de\\\/noch-einmal-alles-gegeben-so-lief-die-letzte-debatte-vor-der-bundestagswahl\\\/\"},\"author\":{\"name\":\"Helene Mei\u00dfner\",\"@id\":\"https:\\\/\\\/www.thebestsocial.media\\\/de\\\/#\\\/schema\\\/person\\\/6267acc046505b90b912687a039220df\"},\"headline\":\"Noch einmal alles gegeben? &#8211; So lief die letzte Debatte vor der Bundestagswahl\",\"datePublished\":\"2021-09-24T10:01:30+00:00\",\"mainEntityOfPage\":{\"@id\":\"https:\\\/\\\/www.thebestsocial.media\\\/de\\\/noch-einmal-alles-gegeben-so-lief-die-letzte-debatte-vor-der-bundestagswahl\\\/\"},\"wordCount\":290,\"commentCount\":0,\"image\":{\"@id\":\"https:\\\/\\\/www.thebestsocial.media\\\/de\\\/noch-einmal-alles-gegeben-so-lief-die-letzte-debatte-vor-der-bundestagswahl\\\/#primaryimage\"},\"thumbnailUrl\":\"https:\\\/\\\/www.thebestsocial.media\\\/de\\\/wp-content\\\/uploads\\\/sites\\\/3\\\/2021\\\/09\\\/bundestag-369049_1920-1-1.jpg\",\"keywords\":[\"Bundestagswahl\",\"politik\"],\"articleSection\":[\"Television\",\"Twitter\"],\"inLanguage\":\"de\",\"potentialAction\":[{\"@type\":\"CommentAction\",\"name\":\"Comment\",\"target\":[\"https:\\\/\\\/www.thebestsocial.media\\\/de\\\/noch-einmal-alles-gegeben-so-lief-die-letzte-debatte-vor-der-bundestagswahl\\\/#respond\"]}]},{\"@type\":\"WebPage\",\"@id\":\"https:\\\/\\\/www.thebestsocial.media\\\/de\\\/noch-einmal-alles-gegeben-so-lief-die-letzte-debatte-vor-der-bundestagswahl\\\/\",\"url\":\"https:\\\/\\\/www.thebestsocial.media\\\/de\\\/noch-einmal-alles-gegeben-so-lief-die-letzte-debatte-vor-der-bundestagswahl\\\/\",\"name\":\"Nochmal alles gegeben? So lief die letzte Debatte vor der Bundestagswahl\",\"isPartOf\":{\"@id\":\"https:\\\/\\\/www.thebestsocial.media\\\/de\\\/#website\"},\"primaryImageOfPage\":{\"@id\":\"https:\\\/\\\/www.thebestsocial.media\\\/de\\\/noch-einmal-alles-gegeben-so-lief-die-letzte-debatte-vor-der-bundestagswahl\\\/#primaryimage\"},\"image\":{\"@id\":\"https:\\\/\\\/www.thebestsocial.media\\\/de\\\/noch-einmal-alles-gegeben-so-lief-die-letzte-debatte-vor-der-bundestagswahl\\\/#primaryimage\"},\"thumbnailUrl\":\"https:\\\/\\\/www.thebestsocial.media\\\/de\\\/wp-content\\\/uploads\\\/sites\\\/3\\\/2021\\\/09\\\/bundestag-369049_1920-1-1.jpg\",\"datePublished\":\"2021-09-24T10:01:30+00:00\",\"author\":{\"@id\":\"https:\\\/\\\/www.thebestsocial.media\\\/de\\\/#\\\/schema\\\/person\\\/6267acc046505b90b912687a039220df\"},\"breadcrumb\":{\"@id\":\"https:\\\/\\\/www.thebestsocial.media\\\/de\\\/noch-einmal-alles-gegeben-so-lief-die-letzte-debatte-vor-der-bundestagswahl\\\/#breadcrumb\"},\"inLanguage\":\"de\",\"potentialAction\":[{\"@type\":\"ReadAction\",\"target\":[\"https:\\\/\\\/www.thebestsocial.media\\\/de\\\/noch-einmal-alles-gegeben-so-lief-die-letzte-debatte-vor-der-bundestagswahl\\\/\"]}]},{\"@type\":\"ImageObject\",\"inLanguage\":\"de\",\"@id\":\"https:\\\/\\\/www.thebestsocial.media\\\/de\\\/noch-einmal-alles-gegeben-so-lief-die-letzte-debatte-vor-der-bundestagswahl\\\/#primaryimage\",\"url\":\"https:\\\/\\\/www.thebestsocial.media\\\/de\\\/wp-content\\\/uploads\\\/sites\\\/3\\\/2021\\\/09\\\/bundestag-369049_1920-1-1.jpg\",\"contentUrl\":\"https:\\\/\\\/www.thebestsocial.media\\\/de\\\/wp-content\\\/uploads\\\/sites\\\/3\\\/2021\\\/09\\\/bundestag-369049_1920-1-1.jpg\",\"width\":1920,\"height\":1280},{\"@type\":\"BreadcrumbList\",\"@id\":\"https:\\\/\\\/www.thebestsocial.media\\\/de\\\/noch-einmal-alles-gegeben-so-lief-die-letzte-debatte-vor-der-bundestagswahl\\\/#breadcrumb\",\"itemListElement\":[{\"@type\":\"ListItem\",\"position\":1,\"name\":\"Home\",\"item\":\"https:\\\/\\\/www.thebestsocial.media\\\/de\\\/\"},{\"@type\":\"ListItem\",\"position\":2,\"name\":\"Noch einmal alles gegeben? &#8211; So lief die letzte Debatte vor der Bundestagswahl\"}]},{\"@type\":\"WebSite\",\"@id\":\"https:\\\/\\\/www.thebestsocial.media\\\/de\\\/#website\",\"url\":\"https:\\\/\\\/www.thebestsocial.media\\\/de\\\/\",\"name\":\"The Best Social Media DE\",\"description\":\"\",\"potentialAction\":[{\"@type\":\"SearchAction\",\"target\":{\"@type\":\"EntryPoint\",\"urlTemplate\":\"https:\\\/\\\/www.thebestsocial.media\\\/de\\\/?s={search_term_string}\"},\"query-input\":{\"@type\":\"PropertyValueSpecification\",\"valueRequired\":true,\"valueName\":\"search_term_string\"}}],\"inLanguage\":\"de\"},{\"@type\":\"Person\",\"@id\":\"https:\\\/\\\/www.thebestsocial.media\\\/de\\\/#\\\/schema\\\/person\\\/6267acc046505b90b912687a039220df\",\"name\":\"Helene Mei\u00dfner\",\"image\":{\"@type\":\"ImageObject\",\"inLanguage\":\"de\",\"@id\":\"https:\\\/\\\/secure.gravatar.com\\\/avatar\\\/6639fc0397860ac2c2e11b018c1f14be4a46c2378a91ac1b35730b724675daa8?s=96&d=mm&r=g\",\"url\":\"https:\\\/\\\/secure.gravatar.com\\\/avatar\\\/6639fc0397860ac2c2e11b018c1f14be4a46c2378a91ac1b35730b724675daa8?s=96&d=mm&r=g\",\"contentUrl\":\"https:\\\/\\\/secure.gravatar.com\\\/avatar\\\/6639fc0397860ac2c2e11b018c1f14be4a46c2378a91ac1b35730b724675daa8?s=96&d=mm&r=g\",\"caption\":\"Helene Mei\u00dfner\"},\"description\":\"Kommt aus Berlin und hat dementsprechend nat\u00fcrlich irgendwas mit Medien studiert. Verlegt oft Dinge, w\u00e4hrend sie sie in der Hand h\u00e4lt. Findet Kauger\u00e4usche unausstehlich. Hat eine Schw\u00e4che f\u00fcr Glitzer und immer mindestens 50 Tabs offen.\",\"sameAs\":[\"https:\\\/\\\/www.instagram.com\\\/he.leni\\\/\"],\"url\":\"https:\\\/\\\/www.thebestsocial.media\\\/de\\\/author\\\/helenemeissner\\\/\"}]}<\/script>\n<!-- \/ Yoast SEO plugin. -->","yoast_head_json":{"title":"Nochmal alles gegeben? So lief die letzte Debatte vor der Bundestagswahl","robots":{"index":"index","follow":"follow","max-snippet":"max-snippet:-1","max-image-preview":"max-image-preview:large","max-video-preview":"max-video-preview:-1"},"canonical":"https:\/\/www.thebestsocial.media\/de\/noch-einmal-alles-gegeben-so-lief-die-letzte-debatte-vor-der-bundestagswahl\/","og_locale":"de_DE","og_type":"article","og_title":"Noch einmal alles gegeben? So lief die letzte Debatte vor der Bundestagswahl","og_description":"Nach unz\u00e4hligen Triellen, Talkshows und sonstigen mitrei\u00dfenden Formaten fand der TV-Wahlkampf in der gestrigen Schlussrunde der ARD seinen kr\u00f6nenden Abschluss. Wenig spektakul\u00e4r, wenig \u00fcberraschend, wenigstens...","og_url":"https:\/\/www.thebestsocial.media\/de\/noch-einmal-alles-gegeben-so-lief-die-letzte-debatte-vor-der-bundestagswahl\/","og_site_name":"The Best Social Media DE","article_published_time":"2021-09-24T10:01:30+00:00","og_image":[{"width":1200,"height":630,"url":"https:\/\/www.thebestsocial.media\/de\/wp-content\/uploads\/sites\/3\/2021\/09\/header-schlussrunde.png","type":"image\/png"}],"author":"Helene Mei\u00dfner","twitter_card":"summary_large_image","twitter_misc":{"Verfasst von":"Helene Mei\u00dfner","Gesch\u00e4tzte Lesezeit":"1\u00a0Minute"},"schema":{"@context":"https:\/\/schema.org","@graph":[{"@type":"Article","@id":"https:\/\/www.thebestsocial.media\/de\/noch-einmal-alles-gegeben-so-lief-die-letzte-debatte-vor-der-bundestagswahl\/#article","isPartOf":{"@id":"https:\/\/www.thebestsocial.media\/de\/noch-einmal-alles-gegeben-so-lief-die-letzte-debatte-vor-der-bundestagswahl\/"},"author":{"name":"Helene Mei\u00dfner","@id":"https:\/\/www.thebestsocial.media\/de\/#\/schema\/person\/6267acc046505b90b912687a039220df"},"headline":"Noch einmal alles gegeben? &#8211; So lief die letzte Debatte vor der Bundestagswahl","datePublished":"2021-09-24T10:01:30+00:00","mainEntityOfPage":{"@id":"https:\/\/www.thebestsocial.media\/de\/noch-einmal-alles-gegeben-so-lief-die-letzte-debatte-vor-der-bundestagswahl\/"},"wordCount":290,"commentCount":0,"image":{"@id":"https:\/\/www.thebestsocial.media\/de\/noch-einmal-alles-gegeben-so-lief-die-letzte-debatte-vor-der-bundestagswahl\/#primaryimage"},"thumbnailUrl":"https:\/\/www.thebestsocial.media\/de\/wp-content\/uploads\/sites\/3\/2021\/09\/bundestag-369049_1920-1-1.jpg","keywords":["Bundestagswahl","politik"],"articleSection":["Television","Twitter"],"inLanguage":"de","potentialAction":[{"@type":"CommentAction","name":"Comment","target":["https:\/\/www.thebestsocial.media\/de\/noch-einmal-alles-gegeben-so-lief-die-letzte-debatte-vor-der-bundestagswahl\/#respond"]}]},{"@type":"WebPage","@id":"https:\/\/www.thebestsocial.media\/de\/noch-einmal-alles-gegeben-so-lief-die-letzte-debatte-vor-der-bundestagswahl\/","url":"https:\/\/www.thebestsocial.media\/de\/noch-einmal-alles-gegeben-so-lief-die-letzte-debatte-vor-der-bundestagswahl\/","name":"Nochmal alles gegeben? So lief die letzte Debatte vor der Bundestagswahl","isPartOf":{"@id":"https:\/\/www.thebestsocial.media\/de\/#website"},"primaryImageOfPage":{"@id":"https:\/\/www.thebestsocial.media\/de\/noch-einmal-alles-gegeben-so-lief-die-letzte-debatte-vor-der-bundestagswahl\/#primaryimage"},"image":{"@id":"https:\/\/www.thebestsocial.media\/de\/noch-einmal-alles-gegeben-so-lief-die-letzte-debatte-vor-der-bundestagswahl\/#primaryimage"},"thumbnailUrl":"https:\/\/www.thebestsocial.media\/de\/wp-content\/uploads\/sites\/3\/2021\/09\/bundestag-369049_1920-1-1.jpg","datePublished":"2021-09-24T10:01:30+00:00","author":{"@id":"https:\/\/www.thebestsocial.media\/de\/#\/schema\/person\/6267acc046505b90b912687a039220df"},"breadcrumb":{"@id":"https:\/\/www.thebestsocial.media\/de\/noch-einmal-alles-gegeben-so-lief-die-letzte-debatte-vor-der-bundestagswahl\/#breadcrumb"},"inLanguage":"de","potentialAction":[{"@type":"ReadAction","target":["https:\/\/www.thebestsocial.media\/de\/noch-einmal-alles-gegeben-so-lief-die-letzte-debatte-vor-der-bundestagswahl\/"]}]},{"@type":"ImageObject","inLanguage":"de","@id":"https:\/\/www.thebestsocial.media\/de\/noch-einmal-alles-gegeben-so-lief-die-letzte-debatte-vor-der-bundestagswahl\/#primaryimage","url":"https:\/\/www.thebestsocial.media\/de\/wp-content\/uploads\/sites\/3\/2021\/09\/bundestag-369049_1920-1-1.jpg","contentUrl":"https:\/\/www.thebestsocial.media\/de\/wp-content\/uploads\/sites\/3\/2021\/09\/bundestag-369049_1920-1-1.jpg","width":1920,"height":1280},{"@type":"BreadcrumbList","@id":"https:\/\/www.thebestsocial.media\/de\/noch-einmal-alles-gegeben-so-lief-die-letzte-debatte-vor-der-bundestagswahl\/#breadcrumb","itemListElement":[{"@type":"ListItem","position":1,"name":"Home","item":"https:\/\/www.thebestsocial.media\/de\/"},{"@type":"ListItem","position":2,"name":"Noch einmal alles gegeben? &#8211; So lief die letzte Debatte vor der Bundestagswahl"}]},{"@type":"WebSite","@id":"https:\/\/www.thebestsocial.media\/de\/#website","url":"https:\/\/www.thebestsocial.media\/de\/","name":"The Best Social Media DE","description":"","potentialAction":[{"@type":"SearchAction","target":{"@type":"EntryPoint","urlTemplate":"https:\/\/www.thebestsocial.media\/de\/?s={search_term_string}"},"query-input":{"@type":"PropertyValueSpecification","valueRequired":true,"valueName":"search_term_string"}}],"inLanguage":"de"},{"@type":"Person","@id":"https:\/\/www.thebestsocial.media\/de\/#\/schema\/person\/6267acc046505b90b912687a039220df","name":"Helene Mei\u00dfner","image":{"@type":"ImageObject","inLanguage":"de","@id":"https:\/\/secure.gravatar.com\/avatar\/6639fc0397860ac2c2e11b018c1f14be4a46c2378a91ac1b35730b724675daa8?s=96&d=mm&r=g","url":"https:\/\/secure.gravatar.com\/avatar\/6639fc0397860ac2c2e11b018c1f14be4a46c2378a91ac1b35730b724675daa8?s=96&d=mm&r=g","contentUrl":"https:\/\/secure.gravatar.com\/avatar\/6639fc0397860ac2c2e11b018c1f14be4a46c2378a91ac1b35730b724675daa8?s=96&d=mm&r=g","caption":"Helene Mei\u00dfner"},"description":"Kommt aus Berlin und hat dementsprechend nat\u00fcrlich irgendwas mit Medien studiert. Verlegt oft Dinge, w\u00e4hrend sie sie in der Hand h\u00e4lt. Findet Kauger\u00e4usche unausstehlich. Hat eine Schw\u00e4che f\u00fcr Glitzer und immer mindestens 50 Tabs offen.","sameAs":["https:\/\/www.instagram.com\/he.leni\/"],"url":"https:\/\/www.thebestsocial.media\/de\/author\/helenemeissner\/"}]}},"amp_enabled":true,"_links":{"self":[{"href":"https:\/\/www.thebestsocial.media\/de\/wp-json\/wp\/v2\/posts\/150478","targetHints":{"allow":["GET"]}}],"collection":[{"href":"https:\/\/www.thebestsocial.media\/de\/wp-json\/wp\/v2\/posts"}],"about":[{"href":"https:\/\/www.thebestsocial.media\/de\/wp-json\/wp\/v2\/types\/post"}],"author":[{"embeddable":true,"href":"https:\/\/www.thebestsocial.media\/de\/wp-json\/wp\/v2\/users\/73"}],"replies":[{"embeddable":true,"href":"https:\/\/www.thebestsocial.media\/de\/wp-json\/wp\/v2\/comments?post=150478"}],"version-history":[{"count":14,"href":"https:\/\/www.thebestsocial.media\/de\/wp-json\/wp\/v2\/posts\/150478\/revisions"}],"predecessor-version":[{"id":150496,"href":"https:\/\/www.thebestsocial.media\/de\/wp-json\/wp\/v2\/posts\/150478\/revisions\/150496"}],"wp:featuredmedia":[{"embeddable":true,"href":"https:\/\/www.thebestsocial.media\/de\/wp-json\/wp\/v2\/media\/150490"}],"wp:attachment":[{"href":"https:\/\/www.thebestsocial.media\/de\/wp-json\/wp\/v2\/media?parent=150478"}],"wp:term":[{"taxonomy":"category","embeddable":true,"href":"https:\/\/www.thebestsocial.media\/de\/wp-json\/wp\/v2\/categories?post=150478"},{"taxonomy":"post_tag","embeddable":true,"href":"https:\/\/www.thebestsocial.media\/de\/wp-json\/wp\/v2\/tags?post=150478"}],"curies":[{"name":"wp","href":"https:\/\/api.w.org\/{rel}","templated":true}]}}