{"id":150465,"date":"2021-09-23T13:42:24","date_gmt":"2021-09-23T13:42:24","guid":{"rendered":"https:\/\/www.thebestsocial.media\/de\/?p=150465"},"modified":"2021-09-23T13:42:24","modified_gmt":"2021-09-23T13:42:24","slug":"jugend-braucht-widerstand-schaeuble-legt-sich-mit-einer-ganzen-generation-an","status":"publish","type":"post","link":"https:\/\/www.thebestsocial.media\/de\/jugend-braucht-widerstand-schaeuble-legt-sich-mit-einer-ganzen-generation-an\/","title":{"rendered":"&#8222;Jugend braucht Widerstand.&#8220; Sch\u00e4uble legt sich mit einer ganzen Generation an"},"content":{"rendered":"<p>Wolfgang Sch\u00e4uble \u00e4u\u00dferte sich in einem ZDF Interview kritisch zur Fridays for Future Generation und forderte das Bremsen, der seines Erachtens \u00fcbereifrig politischen, jungen Bev\u00f6lkerung. Die Aussage f\u00fchrte zu einem digitalen Echo, welches durchweg von Unverst\u00e4ndnis gezeichnet ist.<\/p>\n<p>&nbsp;<br \/>\n<strong>Der kurze Ausschnitt aus dem Interview.<\/strong><\/p>\n<div class=\"dbsm-oembed\">\n<blockquote class=\"twitter-tweet\" data-width=\"500\" data-dnt=\"true\">\n<p lang=\"de\" dir=\"ltr\">Furchtbar. <a href=\"https:\/\/t.co\/4iVapLziM5\">pic.twitter.com\/4iVapLziM5<\/a><\/p>\n<p>&mdash; Mattheus Berg (@MattheusBerg) <a href=\"https:\/\/twitter.com\/MattheusBerg\/status\/1440954981495066624?ref_src=twsrc%5Etfw\">September 23, 2021<\/a><\/p><\/blockquote>\n<p><script async src=\"https:\/\/platform.twitter.com\/widgets.js\" charset=\"utf-8\"><\/script><\/div>\n<p>&nbsp;<br \/>\n<strong>Die Reaktionen fallen eindeutig aus.<\/strong><\/p>\n<blockquote class=\"twitter-tweet\" data-conversation=\"none\">\n<p lang=\"de\" dir=\"ltr\">Sobald Politiker auf grundlosen, inhaltsleeren <a href=\"https:\/\/twitter.com\/hashtag\/Widerstand?src=hash&amp;ref_src=twsrc%5Etfw\">#Widerstand<\/a> bestehen &#8211; sp\u00e4testens dann sollten sie keine Politik mehr machen. <\/p>\n<p>Vor allem ist das Interesse, gegen das sich jener konservative Widerstand richtet, ein bewohnbarer Planet.<\/p>\n<p>&mdash; Jan Skudlarek (@janskudlarek) <a href=\"https:\/\/twitter.com\/janskudlarek\/status\/1441010135858663424?ref_src=twsrc%5Etfw\">September 23, 2021<\/a><\/p>\n<\/blockquote>\n<p> <script async src=\"https:\/\/platform.twitter.com\/widgets.js\" charset=\"utf-8\"><\/script><\/p>\n<div class=\"dbsm-oembed\">\n<blockquote class=\"twitter-tweet\" data-width=\"500\" data-dnt=\"true\">\n<p lang=\"de\" dir=\"ltr\">\u201eDie Alten brauchen auch Widerspruch. Wenn wir den Alten immer sagen, \u201aihr habt Recht\u2018 &#8211; das ist \u00fcberhaupt nicht so. Alte brauchen auch ein St\u00fcck weit Widerstand.\u201c H\u00f6rt sich doch gleich anders an, Herr <a href=\"https:\/\/twitter.com\/hashtag\/Sch%C3%A4uble?src=hash&amp;ref_src=twsrc%5Etfw\">#Sch\u00e4uble<\/a>.<\/p>\n<p>&mdash; Andi Wagner (@Andi_Wagner) <a href=\"https:\/\/twitter.com\/Andi_Wagner\/status\/1441010386967449601?ref_src=twsrc%5Etfw\">September 23, 2021<\/a><\/p><\/blockquote>\n<p><script async src=\"https:\/\/platform.twitter.com\/widgets.js\" charset=\"utf-8\"><\/script><\/div>\n<blockquote class=\"twitter-tweet\" data-conversation=\"none\">\n<p lang=\"de\" dir=\"ltr\">Ein autorit\u00e4rer verbitterter alter Mann. Der geh\u00f6rt mit seinen Urenkeln in den Wintergarten im Ohrensessel aus dem M\u00e4rchenbuch vorgelesen. Nicht in die Politik.<\/p>\n<p>&mdash; Bananen.H.Milch \ud83c\udf4c-H-\ud83e\udd5b (@bananenhmilch) <a href=\"https:\/\/twitter.com\/bananenhmilch\/status\/1440957462748729346?ref_src=twsrc%5Etfw\">September 23, 2021<\/a><\/p><\/blockquote>\n<p> <script async src=\"https:\/\/platform.twitter.com\/widgets.js\" charset=\"utf-8\"><\/script><\/p>\n<p>&nbsp;<br \/>\n<strong>Eine passende bildliche Veranschaulichung der Forderung.<\/strong><\/p>\n<div class=\"dbsm-oembed\">\n<blockquote class=\"twitter-tweet\" data-width=\"500\" data-dnt=\"true\">\n<p lang=\"de\" dir=\"ltr\">Wolfgang Sch\u00e4uble meint, man m\u00fcsse Widerstand gegen meine Generation \u00fcben. <\/p>\n<p>Und so sieht das dann in der Praxis aus: <a href=\"https:\/\/t.co\/15LdsPBeAH\">pic.twitter.com\/15LdsPBeAH<\/a><\/p>\n<p>&mdash; Mattheus Berg (@MattheusBerg) <a href=\"https:\/\/twitter.com\/MattheusBerg\/status\/1440973583585513478?ref_src=twsrc%5Etfw\">September 23, 2021<\/a><\/p><\/blockquote>\n<p><script async src=\"https:\/\/platform.twitter.com\/widgets.js\" charset=\"utf-8\"><\/script><\/div>\n<p>&nbsp;<\/p>\n<p>\u2014<br \/>\nVielen Dank an alle f\u00fcr die Posts.<br \/>\n\u2014<br \/>\n<strong>Keine Influencer! Kein Foodporn! Nur ganz viel Spa\u00df \u2013 bei uns auf Instagram:<\/strong><\/p>\n<blockquote class=\"instagram-media\" style=\"background: #FFF; border: 0; border-radius: 3px; box-shadow: 0 0 1px 0 rgba(0,0,0,0.5),0 1px 10px 0 rgba(0,0,0,0.15); margin: 1px; max-width: 540px; min-width: 326px; padding: 0; width: calc(100% - 2px);\" data-instgrm-captioned=\"\" data-instgrm-permalink=\"https:\/\/www.instagram.com\/p\/CT9KPjbMbHa\/?utm_source=ig_embed&amp;utm_campaign=loading\" data-instgrm-version=\"13\">\n<div style=\"padding: 16px;\">\n<p>&nbsp;<\/p>\n<div style=\"display: flex; flex-direction: row; align-items: center;\">\n<div style=\"background-color: #f4f4f4; border-radius: 50%; flex-grow: 0; height: 40px; margin-right: 14px; width: 40px;\"><\/div>\n<div style=\"display: flex; flex-direction: column; flex-grow: 1; justify-content: center;\">\n<div style=\"background-color: #f4f4f4; border-radius: 4px; flex-grow: 0; height: 14px; margin-bottom: 6px; width: 100px;\"><\/div>\n<div style=\"background-color: #f4f4f4; border-radius: 4px; flex-grow: 0; height: 14px; width: 60px;\"><\/div>\n<\/div>\n<\/div>\n<div style=\"padding: 19% 0;\"><\/div>\n<div style=\"display: block; height: 50px; margin: 0 auto 12px; width: 50px;\"><\/div>\n<div style=\"padding-top: 8px;\">\n<div style=\"color: #3897f0; font-family: Arial,sans-serif; font-size: 14px; font-style: normal; font-weight: 550; line-height: 18px;\">Sieh dir diesen Beitrag auf Instagram an<\/div>\n<\/div>\n<div style=\"padding: 12.5% 0;\"><\/div>\n<div style=\"display: flex; flex-direction: row; margin-bottom: 14px; align-items: center;\">\n<div>\n<div style=\"background-color: #f4f4f4; border-radius: 50%; height: 12.5px; width: 12.5px; transform: translateX(0px) translateY(7px);\"><\/div>\n<div style=\"background-color: #f4f4f4; height: 12.5px; transform: rotate(-45deg) translateX(3px) translateY(1px); width: 12.5px; flex-grow: 0; margin-right: 14px; margin-left: 2px;\"><\/div>\n<div style=\"background-color: #f4f4f4; border-radius: 50%; height: 12.5px; width: 12.5px; transform: translateX(9px) translateY(-18px);\"><\/div>\n<\/div>\n<div style=\"margin-left: 8px;\">\n<div style=\"background-color: #f4f4f4; border-radius: 50%; flex-grow: 0; height: 20px; width: 20px;\"><\/div>\n<div style=\"width: 0; height: 0; border-top: 2px solid transparent; border-left: 6px solid #f4f4f4; border-bottom: 2px solid transparent; transform: translateX(16px) translateY(-4px) rotate(30deg);\"><\/div>\n<\/div>\n<div style=\"margin-left: auto;\">\n<div style=\"width: 0px; border-top: 8px solid #F4F4F4; border-right: 8px solid transparent; transform: translateY(16px);\"><\/div>\n<div style=\"background-color: #f4f4f4; flex-grow: 0; height: 12px; width: 16px; transform: translateY(-4px);\"><\/div>\n<div style=\"width: 0; height: 0; border-top: 8px solid #F4F4F4; border-left: 8px solid transparent; transform: translateY(-4px) translateX(8px);\"><\/div>\n<\/div>\n<\/div>\n<div style=\"display: flex; flex-direction: column; flex-grow: 1; justify-content: center; margin-bottom: 24px;\">\n<div style=\"background-color: #f4f4f4; border-radius: 4px; flex-grow: 0; height: 14px; margin-bottom: 6px; width: 224px;\"><\/div>\n<div style=\"background-color: #f4f4f4; border-radius: 4px; flex-grow: 0; height: 14px; width: 144px;\"><\/div>\n<\/div>\n<p>&nbsp;<\/p>\n<p style=\"color: #c9c8cd; font-family: Arial,sans-serif; font-size: 14px; line-height: 17px; margin-bottom: 0; margin-top: 8px; overflow: hidden; padding: 8px 0 7px; text-align: center; text-overflow: ellipsis; white-space: nowrap;\"><a style=\"color: #c9c8cd; font-family: Arial,sans-serif; font-size: 14px; font-style: normal; font-weight: normal; line-height: 17px; text-decoration: none;\" href=\"https:\/\/www.instagram.com\/p\/CT9KPjbMbHa\/?utm_source=ig_embed&amp;utm_campaign=loading\" target=\"_blank\" rel=\"noopener\">Ein Beitrag geteilt von The Best Social Media &#8211; DE (@thebestsocialmediade)<\/a><\/p>\n<\/div>\n<\/blockquote>\n\n<script async defer src=\"\/instagram-embed.js\"><\/script>","protected":false},"excerpt":{"rendered":"<p>Wolfgang Sch\u00e4uble \u00e4u\u00dferte sich in einem ZDF Interview kritisch zur Fridays for Future Generation und forderte das Bremsen, der seines Erachtens \u00fcbereifrig politischen, jungen Bev\u00f6lkerung&#8230;.<\/p>\n","protected":false},"author":77,"featured_media":150470,"comment_status":"open","ping_status":"open","sticky":false,"template":"","format":"standard","meta":{"_acf_changed":false,"footnotes":""},"categories":[35],"tags":[4583],"class_list":["post-150465","post","type-post","status-publish","format-standard","has-post-thumbnail","hentry","category-twitter","tag-fridays-for-future"],"acf":[],"yoast_head":"<!-- This site is optimized with the Yoast SEO plugin v27.5 - https:\/\/yoast.com\/product\/yoast-seo-wordpress\/ -->\n<title>&quot;Jugend braucht Widerstand.&quot; Sch\u00e4uble legt sich mit einer ganzen Generation an - The Best Social Media DE<\/title>\n<meta name=\"robots\" content=\"index, follow, max-snippet:-1, max-image-preview:large, max-video-preview:-1\" \/>\n<link rel=\"canonical\" href=\"https:\/\/www.thebestsocial.media\/de\/jugend-braucht-widerstand-schaeuble-legt-sich-mit-einer-ganzen-generation-an\/\" \/>\n<meta property=\"og:locale\" content=\"de_DE\" \/>\n<meta property=\"og:type\" content=\"article\" \/>\n<meta property=\"og:title\" content=\"&quot;Jugend braucht Widerstand.&quot; Sch\u00e4uble legt sich mit einer ganzen Generation an\" \/>\n<meta property=\"og:description\" content=\"Wolfgang Sch\u00e4uble \u00e4u\u00dferte sich in einem ZDF Interview kritisch zur Fridays for Future Generation und forderte das Bremsen, der seines Erachtens \u00fcbereifrig politischen, jungen Bev\u00f6lkerung....\" \/>\n<meta property=\"og:url\" content=\"https:\/\/www.thebestsocial.media\/de\/jugend-braucht-widerstand-schaeuble-legt-sich-mit-einer-ganzen-generation-an\/\" \/>\n<meta property=\"og:site_name\" content=\"The Best Social Media DE\" \/>\n<meta property=\"article:author\" content=\"https:\/\/www.facebook.com\/adrian.krug.5\" \/>\n<meta property=\"article:published_time\" content=\"2021-09-23T13:42:24+00:00\" \/>\n<meta property=\"og:image\" content=\"https:\/\/www.thebestsocial.media\/de\/wp-content\/uploads\/sites\/3\/2021\/09\/Header_Bild_Neu.scha\u0308uble.png\" \/>\n\t<meta property=\"og:image:width\" content=\"1200\" \/>\n\t<meta property=\"og:image:height\" content=\"630\" \/>\n\t<meta property=\"og:image:type\" content=\"image\/png\" \/>\n<meta name=\"author\" content=\"Adrian Krug\" \/>\n<meta name=\"twitter:card\" content=\"summary_large_image\" \/>\n<meta name=\"twitter:creator\" content=\"@https:\/\/twitter.com\/Hasscompilation\" \/>\n<meta name=\"twitter:label1\" content=\"Verfasst von\" \/>\n\t<meta name=\"twitter:data1\" content=\"Adrian Krug\" \/>\n\t<meta name=\"twitter:label2\" content=\"Gesch\u00e4tzte Lesezeit\" \/>\n\t<meta name=\"twitter:data2\" content=\"1\u00a0Minute\" \/>\n<script type=\"application\/ld+json\" class=\"yoast-schema-graph\">{\"@context\":\"https:\\\/\\\/schema.org\",\"@graph\":[{\"@type\":\"Article\",\"@id\":\"https:\\\/\\\/www.thebestsocial.media\\\/de\\\/jugend-braucht-widerstand-schaeuble-legt-sich-mit-einer-ganzen-generation-an\\\/#article\",\"isPartOf\":{\"@id\":\"https:\\\/\\\/www.thebestsocial.media\\\/de\\\/jugend-braucht-widerstand-schaeuble-legt-sich-mit-einer-ganzen-generation-an\\\/\"},\"author\":{\"name\":\"Adrian Krug\",\"@id\":\"https:\\\/\\\/www.thebestsocial.media\\\/de\\\/#\\\/schema\\\/person\\\/f6571568c8f173869acb99d089b1223b\"},\"headline\":\"&#8222;Jugend braucht Widerstand.&#8220; Sch\u00e4uble legt sich mit einer ganzen Generation an\",\"datePublished\":\"2021-09-23T13:42:24+00:00\",\"mainEntityOfPage\":{\"@id\":\"https:\\\/\\\/www.thebestsocial.media\\\/de\\\/jugend-braucht-widerstand-schaeuble-legt-sich-mit-einer-ganzen-generation-an\\\/\"},\"wordCount\":205,\"commentCount\":0,\"image\":{\"@id\":\"https:\\\/\\\/www.thebestsocial.media\\\/de\\\/jugend-braucht-widerstand-schaeuble-legt-sich-mit-einer-ganzen-generation-an\\\/#primaryimage\"},\"thumbnailUrl\":\"https:\\\/\\\/www.thebestsocial.media\\\/de\\\/wp-content\\\/uploads\\\/sites\\\/3\\\/2021\\\/09\\\/Bildschirmfoto-2021-09-23-um-14.12.37.png\",\"keywords\":[\"Fridays for Future\"],\"articleSection\":[\"Twitter\"],\"inLanguage\":\"de\",\"potentialAction\":[{\"@type\":\"CommentAction\",\"name\":\"Comment\",\"target\":[\"https:\\\/\\\/www.thebestsocial.media\\\/de\\\/jugend-braucht-widerstand-schaeuble-legt-sich-mit-einer-ganzen-generation-an\\\/#respond\"]}]},{\"@type\":\"WebPage\",\"@id\":\"https:\\\/\\\/www.thebestsocial.media\\\/de\\\/jugend-braucht-widerstand-schaeuble-legt-sich-mit-einer-ganzen-generation-an\\\/\",\"url\":\"https:\\\/\\\/www.thebestsocial.media\\\/de\\\/jugend-braucht-widerstand-schaeuble-legt-sich-mit-einer-ganzen-generation-an\\\/\",\"name\":\"\\\"Jugend braucht Widerstand.\\\" Sch\u00e4uble legt sich mit einer ganzen Generation an - The Best Social Media DE\",\"isPartOf\":{\"@id\":\"https:\\\/\\\/www.thebestsocial.media\\\/de\\\/#website\"},\"primaryImageOfPage\":{\"@id\":\"https:\\\/\\\/www.thebestsocial.media\\\/de\\\/jugend-braucht-widerstand-schaeuble-legt-sich-mit-einer-ganzen-generation-an\\\/#primaryimage\"},\"image\":{\"@id\":\"https:\\\/\\\/www.thebestsocial.media\\\/de\\\/jugend-braucht-widerstand-schaeuble-legt-sich-mit-einer-ganzen-generation-an\\\/#primaryimage\"},\"thumbnailUrl\":\"https:\\\/\\\/www.thebestsocial.media\\\/de\\\/wp-content\\\/uploads\\\/sites\\\/3\\\/2021\\\/09\\\/Bildschirmfoto-2021-09-23-um-14.12.37.png\",\"datePublished\":\"2021-09-23T13:42:24+00:00\",\"author\":{\"@id\":\"https:\\\/\\\/www.thebestsocial.media\\\/de\\\/#\\\/schema\\\/person\\\/f6571568c8f173869acb99d089b1223b\"},\"breadcrumb\":{\"@id\":\"https:\\\/\\\/www.thebestsocial.media\\\/de\\\/jugend-braucht-widerstand-schaeuble-legt-sich-mit-einer-ganzen-generation-an\\\/#breadcrumb\"},\"inLanguage\":\"de\",\"potentialAction\":[{\"@type\":\"ReadAction\",\"target\":[\"https:\\\/\\\/www.thebestsocial.media\\\/de\\\/jugend-braucht-widerstand-schaeuble-legt-sich-mit-einer-ganzen-generation-an\\\/\"]}]},{\"@type\":\"ImageObject\",\"inLanguage\":\"de\",\"@id\":\"https:\\\/\\\/www.thebestsocial.media\\\/de\\\/jugend-braucht-widerstand-schaeuble-legt-sich-mit-einer-ganzen-generation-an\\\/#primaryimage\",\"url\":\"https:\\\/\\\/www.thebestsocial.media\\\/de\\\/wp-content\\\/uploads\\\/sites\\\/3\\\/2021\\\/09\\\/Bildschirmfoto-2021-09-23-um-14.12.37.png\",\"contentUrl\":\"https:\\\/\\\/www.thebestsocial.media\\\/de\\\/wp-content\\\/uploads\\\/sites\\\/3\\\/2021\\\/09\\\/Bildschirmfoto-2021-09-23-um-14.12.37.png\",\"width\":2176,\"height\":1112},{\"@type\":\"BreadcrumbList\",\"@id\":\"https:\\\/\\\/www.thebestsocial.media\\\/de\\\/jugend-braucht-widerstand-schaeuble-legt-sich-mit-einer-ganzen-generation-an\\\/#breadcrumb\",\"itemListElement\":[{\"@type\":\"ListItem\",\"position\":1,\"name\":\"Home\",\"item\":\"https:\\\/\\\/www.thebestsocial.media\\\/de\\\/\"},{\"@type\":\"ListItem\",\"position\":2,\"name\":\"&#8222;Jugend braucht Widerstand.&#8220; Sch\u00e4uble legt sich mit einer ganzen Generation an\"}]},{\"@type\":\"WebSite\",\"@id\":\"https:\\\/\\\/www.thebestsocial.media\\\/de\\\/#website\",\"url\":\"https:\\\/\\\/www.thebestsocial.media\\\/de\\\/\",\"name\":\"The Best Social Media DE\",\"description\":\"\",\"potentialAction\":[{\"@type\":\"SearchAction\",\"target\":{\"@type\":\"EntryPoint\",\"urlTemplate\":\"https:\\\/\\\/www.thebestsocial.media\\\/de\\\/?s={search_term_string}\"},\"query-input\":{\"@type\":\"PropertyValueSpecification\",\"valueRequired\":true,\"valueName\":\"search_term_string\"}}],\"inLanguage\":\"de\"},{\"@type\":\"Person\",\"@id\":\"https:\\\/\\\/www.thebestsocial.media\\\/de\\\/#\\\/schema\\\/person\\\/f6571568c8f173869acb99d089b1223b\",\"name\":\"Adrian Krug\",\"image\":{\"@type\":\"ImageObject\",\"inLanguage\":\"de\",\"@id\":\"https:\\\/\\\/secure.gravatar.com\\\/avatar\\\/c03aa48839ac1555ec73dfc0827342b090445264901990679cd3f8c6ef4ac2d7?s=96&d=mm&r=g\",\"url\":\"https:\\\/\\\/secure.gravatar.com\\\/avatar\\\/c03aa48839ac1555ec73dfc0827342b090445264901990679cd3f8c6ef4ac2d7?s=96&d=mm&r=g\",\"contentUrl\":\"https:\\\/\\\/secure.gravatar.com\\\/avatar\\\/c03aa48839ac1555ec73dfc0827342b090445264901990679cd3f8c6ef4ac2d7?s=96&d=mm&r=g\",\"caption\":\"Adrian Krug\"},\"description\":\"Ich bin Endeditor f\u00fcr TBSM DE und Creative Lead f\u00fcr Projekte auf Agenturseite.\",\"sameAs\":[\"https:\\\/\\\/www.facebook.com\\\/adrian.krug.5\",\"https:\\\/\\\/www.linkedin.com\\\/in\\\/adrian-krug-27536221a\\\/\",\"https:\\\/\\\/x.com\\\/https:\\\/\\\/twitter.com\\\/Hasscompilation\"],\"url\":\"https:\\\/\\\/www.thebestsocial.media\\\/de\\\/author\\\/adriankrug\\\/\"}]}<\/script>\n<!-- \/ Yoast SEO plugin. -->","yoast_head_json":{"title":"\"Jugend braucht Widerstand.\" Sch\u00e4uble legt sich mit einer ganzen Generation an - The Best Social Media DE","robots":{"index":"index","follow":"follow","max-snippet":"max-snippet:-1","max-image-preview":"max-image-preview:large","max-video-preview":"max-video-preview:-1"},"canonical":"https:\/\/www.thebestsocial.media\/de\/jugend-braucht-widerstand-schaeuble-legt-sich-mit-einer-ganzen-generation-an\/","og_locale":"de_DE","og_type":"article","og_title":"\"Jugend braucht Widerstand.\" Sch\u00e4uble legt sich mit einer ganzen Generation an","og_description":"Wolfgang Sch\u00e4uble \u00e4u\u00dferte sich in einem ZDF Interview kritisch zur Fridays for Future Generation und forderte das Bremsen, der seines Erachtens \u00fcbereifrig politischen, jungen Bev\u00f6lkerung....","og_url":"https:\/\/www.thebestsocial.media\/de\/jugend-braucht-widerstand-schaeuble-legt-sich-mit-einer-ganzen-generation-an\/","og_site_name":"The Best Social Media DE","article_author":"https:\/\/www.facebook.com\/adrian.krug.5","article_published_time":"2021-09-23T13:42:24+00:00","og_image":[{"width":1200,"height":630,"url":"https:\/\/www.thebestsocial.media\/de\/wp-content\/uploads\/sites\/3\/2021\/09\/Header_Bild_Neu.scha\u0308uble.png","type":"image\/png"}],"author":"Adrian Krug","twitter_card":"summary_large_image","twitter_creator":"@https:\/\/twitter.com\/Hasscompilation","twitter_misc":{"Verfasst von":"Adrian Krug","Gesch\u00e4tzte Lesezeit":"1\u00a0Minute"},"schema":{"@context":"https:\/\/schema.org","@graph":[{"@type":"Article","@id":"https:\/\/www.thebestsocial.media\/de\/jugend-braucht-widerstand-schaeuble-legt-sich-mit-einer-ganzen-generation-an\/#article","isPartOf":{"@id":"https:\/\/www.thebestsocial.media\/de\/jugend-braucht-widerstand-schaeuble-legt-sich-mit-einer-ganzen-generation-an\/"},"author":{"name":"Adrian Krug","@id":"https:\/\/www.thebestsocial.media\/de\/#\/schema\/person\/f6571568c8f173869acb99d089b1223b"},"headline":"&#8222;Jugend braucht Widerstand.&#8220; Sch\u00e4uble legt sich mit einer ganzen Generation an","datePublished":"2021-09-23T13:42:24+00:00","mainEntityOfPage":{"@id":"https:\/\/www.thebestsocial.media\/de\/jugend-braucht-widerstand-schaeuble-legt-sich-mit-einer-ganzen-generation-an\/"},"wordCount":205,"commentCount":0,"image":{"@id":"https:\/\/www.thebestsocial.media\/de\/jugend-braucht-widerstand-schaeuble-legt-sich-mit-einer-ganzen-generation-an\/#primaryimage"},"thumbnailUrl":"https:\/\/www.thebestsocial.media\/de\/wp-content\/uploads\/sites\/3\/2021\/09\/Bildschirmfoto-2021-09-23-um-14.12.37.png","keywords":["Fridays for Future"],"articleSection":["Twitter"],"inLanguage":"de","potentialAction":[{"@type":"CommentAction","name":"Comment","target":["https:\/\/www.thebestsocial.media\/de\/jugend-braucht-widerstand-schaeuble-legt-sich-mit-einer-ganzen-generation-an\/#respond"]}]},{"@type":"WebPage","@id":"https:\/\/www.thebestsocial.media\/de\/jugend-braucht-widerstand-schaeuble-legt-sich-mit-einer-ganzen-generation-an\/","url":"https:\/\/www.thebestsocial.media\/de\/jugend-braucht-widerstand-schaeuble-legt-sich-mit-einer-ganzen-generation-an\/","name":"\"Jugend braucht Widerstand.\" Sch\u00e4uble legt sich mit einer ganzen Generation an - The Best Social Media DE","isPartOf":{"@id":"https:\/\/www.thebestsocial.media\/de\/#website"},"primaryImageOfPage":{"@id":"https:\/\/www.thebestsocial.media\/de\/jugend-braucht-widerstand-schaeuble-legt-sich-mit-einer-ganzen-generation-an\/#primaryimage"},"image":{"@id":"https:\/\/www.thebestsocial.media\/de\/jugend-braucht-widerstand-schaeuble-legt-sich-mit-einer-ganzen-generation-an\/#primaryimage"},"thumbnailUrl":"https:\/\/www.thebestsocial.media\/de\/wp-content\/uploads\/sites\/3\/2021\/09\/Bildschirmfoto-2021-09-23-um-14.12.37.png","datePublished":"2021-09-23T13:42:24+00:00","author":{"@id":"https:\/\/www.thebestsocial.media\/de\/#\/schema\/person\/f6571568c8f173869acb99d089b1223b"},"breadcrumb":{"@id":"https:\/\/www.thebestsocial.media\/de\/jugend-braucht-widerstand-schaeuble-legt-sich-mit-einer-ganzen-generation-an\/#breadcrumb"},"inLanguage":"de","potentialAction":[{"@type":"ReadAction","target":["https:\/\/www.thebestsocial.media\/de\/jugend-braucht-widerstand-schaeuble-legt-sich-mit-einer-ganzen-generation-an\/"]}]},{"@type":"ImageObject","inLanguage":"de","@id":"https:\/\/www.thebestsocial.media\/de\/jugend-braucht-widerstand-schaeuble-legt-sich-mit-einer-ganzen-generation-an\/#primaryimage","url":"https:\/\/www.thebestsocial.media\/de\/wp-content\/uploads\/sites\/3\/2021\/09\/Bildschirmfoto-2021-09-23-um-14.12.37.png","contentUrl":"https:\/\/www.thebestsocial.media\/de\/wp-content\/uploads\/sites\/3\/2021\/09\/Bildschirmfoto-2021-09-23-um-14.12.37.png","width":2176,"height":1112},{"@type":"BreadcrumbList","@id":"https:\/\/www.thebestsocial.media\/de\/jugend-braucht-widerstand-schaeuble-legt-sich-mit-einer-ganzen-generation-an\/#breadcrumb","itemListElement":[{"@type":"ListItem","position":1,"name":"Home","item":"https:\/\/www.thebestsocial.media\/de\/"},{"@type":"ListItem","position":2,"name":"&#8222;Jugend braucht Widerstand.&#8220; Sch\u00e4uble legt sich mit einer ganzen Generation an"}]},{"@type":"WebSite","@id":"https:\/\/www.thebestsocial.media\/de\/#website","url":"https:\/\/www.thebestsocial.media\/de\/","name":"The Best Social Media DE","description":"","potentialAction":[{"@type":"SearchAction","target":{"@type":"EntryPoint","urlTemplate":"https:\/\/www.thebestsocial.media\/de\/?s={search_term_string}"},"query-input":{"@type":"PropertyValueSpecification","valueRequired":true,"valueName":"search_term_string"}}],"inLanguage":"de"},{"@type":"Person","@id":"https:\/\/www.thebestsocial.media\/de\/#\/schema\/person\/f6571568c8f173869acb99d089b1223b","name":"Adrian Krug","image":{"@type":"ImageObject","inLanguage":"de","@id":"https:\/\/secure.gravatar.com\/avatar\/c03aa48839ac1555ec73dfc0827342b090445264901990679cd3f8c6ef4ac2d7?s=96&d=mm&r=g","url":"https:\/\/secure.gravatar.com\/avatar\/c03aa48839ac1555ec73dfc0827342b090445264901990679cd3f8c6ef4ac2d7?s=96&d=mm&r=g","contentUrl":"https:\/\/secure.gravatar.com\/avatar\/c03aa48839ac1555ec73dfc0827342b090445264901990679cd3f8c6ef4ac2d7?s=96&d=mm&r=g","caption":"Adrian Krug"},"description":"Ich bin Endeditor f\u00fcr TBSM DE und Creative Lead f\u00fcr Projekte auf Agenturseite.","sameAs":["https:\/\/www.facebook.com\/adrian.krug.5","https:\/\/www.linkedin.com\/in\/adrian-krug-27536221a\/","https:\/\/x.com\/https:\/\/twitter.com\/Hasscompilation"],"url":"https:\/\/www.thebestsocial.media\/de\/author\/adriankrug\/"}]}},"amp_enabled":true,"_links":{"self":[{"href":"https:\/\/www.thebestsocial.media\/de\/wp-json\/wp\/v2\/posts\/150465","targetHints":{"allow":["GET"]}}],"collection":[{"href":"https:\/\/www.thebestsocial.media\/de\/wp-json\/wp\/v2\/posts"}],"about":[{"href":"https:\/\/www.thebestsocial.media\/de\/wp-json\/wp\/v2\/types\/post"}],"author":[{"embeddable":true,"href":"https:\/\/www.thebestsocial.media\/de\/wp-json\/wp\/v2\/users\/77"}],"replies":[{"embeddable":true,"href":"https:\/\/www.thebestsocial.media\/de\/wp-json\/wp\/v2\/comments?post=150465"}],"version-history":[{"count":5,"href":"https:\/\/www.thebestsocial.media\/de\/wp-json\/wp\/v2\/posts\/150465\/revisions"}],"predecessor-version":[{"id":150472,"href":"https:\/\/www.thebestsocial.media\/de\/wp-json\/wp\/v2\/posts\/150465\/revisions\/150472"}],"wp:featuredmedia":[{"embeddable":true,"href":"https:\/\/www.thebestsocial.media\/de\/wp-json\/wp\/v2\/media\/150470"}],"wp:attachment":[{"href":"https:\/\/www.thebestsocial.media\/de\/wp-json\/wp\/v2\/media?parent=150465"}],"wp:term":[{"taxonomy":"category","embeddable":true,"href":"https:\/\/www.thebestsocial.media\/de\/wp-json\/wp\/v2\/categories?post=150465"},{"taxonomy":"post_tag","embeddable":true,"href":"https:\/\/www.thebestsocial.media\/de\/wp-json\/wp\/v2\/tags?post=150465"}],"curies":[{"name":"wp","href":"https:\/\/api.w.org\/{rel}","templated":true}]}}