{"id":150396,"date":"2021-09-22T14:57:38","date_gmt":"2021-09-22T14:57:38","guid":{"rendered":"https:\/\/www.thebestsocial.media\/de\/?p=150396"},"modified":"2021-09-22T14:57:38","modified_gmt":"2021-09-22T14:57:38","slug":"lauterbach-nennen-sie-bei-uns-sp-kubicki-polarisiert-mit-stammkneipen-kommentar-in-bild-interview","status":"publish","type":"post","link":"https:\/\/www.thebestsocial.media\/de\/lauterbach-nennen-sie-bei-uns-sp-kubicki-polarisiert-mit-stammkneipen-kommentar-in-bild-interview\/","title":{"rendered":"&#8222;Lauterbach nennen sie bei uns Sp&#8230;&#8220; &#8211; Kubicki polarisiert mit Stammkneipen-Kommentar in Bild-Interview"},"content":{"rendered":"<p>Der Wahlkampf l\u00e4uft momentan auf Hochtouren, schlie\u00dflich ist am Sonntag bereits die Bundestagswahl. In s\u00e4mtlichen Medien wimmelt es von Politiker:innen, die versuchen, sich von ihrer besten Seite zu pr\u00e4sentieren. Und das ist nat\u00fcrlich anstrengend, immerhin sollte der Auftritt pers\u00f6nlich und authentisch sein, aber gleichzeitig m\u00fcssen auch m\u00f6glichst nachhaltig die Parteiziele vermittelt werden. Man muss sich sehr gut \u00fcberlegen, was man sagt und Risiken penibel kalkulieren. Der Vizepr\u00e4sident des Bundestags und FDP-Politiker Wolfgang Kubicki scheint sich nun f\u00fcr einen ganz anderen Weg entschieden zu haben. Er gab der Bild ein Interview und sah anscheinend eine dringliche Notwendigkeit, der Leserschaft mitzuteilen, welchen unsch\u00f6nen &#8222;Spitznamen&#8220; sein Stammkneipen-Klientel dem SPD-Politiker Karl Lauterbach verpasst hat. Das kam zumindest auf Twitter so gar nicht gut an. Aber vielleicht war das auch seine Intention?<\/p>\n<p>&nbsp;<\/p>\n<p><strong>Er kritisiert au\u00dferdem die Corona-Regeln. Zu einem etwas ungl\u00fccklich gew\u00e4hlten Zeitpunkt.<\/strong><\/p>\n<div class=\"dbsm-oembed\">\n<blockquote class=\"twitter-tweet\" data-width=\"500\" data-dnt=\"true\">\n<p lang=\"de\" dir=\"ltr\">Einmal von jemandem so geliebt werden wie Wolfgang Kubicki von <a href=\"https:\/\/twitter.com\/BILD?ref_src=twsrc%5Etfw\">@Bild<\/a>. <a href=\"https:\/\/t.co\/FREWTfrY1X\">pic.twitter.com\/FREWTfrY1X<\/a><\/p>\n<p>&mdash; Stefan Niggemeier (@niggi) <a href=\"https:\/\/twitter.com\/niggi\/status\/1440636491340779520?ref_src=twsrc%5Etfw\">September 22, 2021<\/a><\/p><\/blockquote>\n<p><script async src=\"https:\/\/platform.twitter.com\/widgets.js\" charset=\"utf-8\"><\/script><\/div>\n<p>&nbsp;<\/p>\n<p><strong>Auch wenn er sozusagen nur seine Stammkneipen-Freunde zitiert, wirft es dennoch kein gutes Licht auf ihn.<\/strong><\/p>\n<div class=\"dbsm-oembed\">\n<blockquote class=\"twitter-tweet\" data-width=\"500\" data-dnt=\"true\">\n<p lang=\"de\" dir=\"ltr\">Wenn in meiner Stammkneipe jemand &quot;Spacken&quot; genannt wird, wechsele ich die Stammkneipe. Aber muss nat\u00fcrlich jeder selbst wissen,&#8230; <a href=\"https:\/\/t.co\/bbXhm5NFZT\">pic.twitter.com\/bbXhm5NFZT<\/a><\/p>\n<p>&mdash; Thomas Poppe (@DerPoppe) <a href=\"https:\/\/twitter.com\/DerPoppe\/status\/1440644882377314305?ref_src=twsrc%5Etfw\">September 22, 2021<\/a><\/p><\/blockquote>\n<p><script async src=\"https:\/\/platform.twitter.com\/widgets.js\" charset=\"utf-8\"><\/script><\/div>\n<p>&nbsp;<\/p>\n<p>&nbsp;<\/p>\n<p><strong>Was war da wohl los?<\/strong><\/p>\n<p>https:\/\/twitter.com\/lovinurbanism\/status\/1440649705759731730?s=20<\/p>\n<p>&nbsp;<\/p>\n<p>&nbsp;<\/p>\n<p><strong>Viele wissen zumindest genau, wie sie damit umgehen w\u00fcrden.<\/strong><\/p>\n<div class=\"dbsm-oembed\">\n<blockquote class=\"twitter-tweet\" data-width=\"500\" data-dnt=\"true\">\n<p lang=\"de\" dir=\"ltr\">In unserer Stammkneipe haben wir dar\u00fcber, was wir \u00fcber diesen Mann sagen, Stillschweigen vereinbart. Just saying. <a href=\"https:\/\/t.co\/lmSnotIPU0\">pic.twitter.com\/lmSnotIPU0<\/a><\/p>\n<p>&mdash; Igor Levit (@igorpianist) <a href=\"https:\/\/twitter.com\/igorpianist\/status\/1440648708085796867?ref_src=twsrc%5Etfw\">September 22, 2021<\/a><\/p><\/blockquote>\n<p><script async src=\"https:\/\/platform.twitter.com\/widgets.js\" charset=\"utf-8\"><\/script><\/div>\n<p>&nbsp;<\/p>\n<p><strong>Zum Beispiel die Stammkneipe wechseln.<\/strong><\/p>\n<div class=\"dbsm-oembed\">\n<blockquote class=\"twitter-tweet\" data-width=\"500\" data-dnt=\"true\">\n<p lang=\"de\" dir=\"ltr\">Lieber einen sog. &quot;Spacken&quot; in der Hand, als einen <a href=\"https:\/\/twitter.com\/hashtag\/Kubicki?src=hash&amp;ref_src=twsrc%5Etfw\">#Kubicki<\/a> am Stammtisch.<\/p>\n<p>&mdash; Browser Ballett (@browserballett) <a href=\"https:\/\/twitter.com\/browserballett\/status\/1440676357990596618?ref_src=twsrc%5Etfw\">September 22, 2021<\/a><\/p><\/blockquote>\n<p><script async src=\"https:\/\/platform.twitter.com\/widgets.js\" charset=\"utf-8\"><\/script><\/div>\n<p>&nbsp;<\/p>\n<p><strong>Oder halt so.<\/strong><\/p>\n<div class=\"dbsm-oembed\">\n<blockquote class=\"twitter-tweet\" data-width=\"500\" data-dnt=\"true\">\n<p lang=\"de\" dir=\"ltr\"><a href=\"https:\/\/twitter.com\/hashtag\/Kubicki?src=hash&amp;ref_src=twsrc%5Etfw\">#Kubicki<\/a> in anderen Kneipen <a href=\"https:\/\/t.co\/NuAlVTYRqv\">pic.twitter.com\/NuAlVTYRqv<\/a><\/p>\n<p>&mdash; Roman Wagner (@RealRomanWagner) <a href=\"https:\/\/twitter.com\/RealRomanWagner\/status\/1440663630060552205?ref_src=twsrc%5Etfw\">September 22, 2021<\/a><\/p><\/blockquote>\n<p><script async src=\"https:\/\/platform.twitter.com\/widgets.js\" charset=\"utf-8\"><\/script><\/div>\n<p>&nbsp;<\/p>\n<p><strong>Und was meint Karl Lauterbach selbst dazu? <\/strong><\/p>\n<div class=\"dbsm-oembed\">\n<blockquote class=\"twitter-tweet\" data-width=\"500\" data-dnt=\"true\">\n<p lang=\"de\" dir=\"ltr\">Dieser Moment, wenn es Menschen gibt, die dich als Spacken bezeichnen. <a href=\"https:\/\/twitter.com\/hashtag\/Kubicki?src=hash&amp;ref_src=twsrc%5Etfw\">#Kubicki<\/a> <a href=\"https:\/\/twitter.com\/hashtag\/Stammkneipe?src=hash&amp;ref_src=twsrc%5Etfw\">#Stammkneipe<\/a> <a href=\"https:\/\/t.co\/hOQsPSXWYm\">pic.twitter.com\/hOQsPSXWYm<\/a><\/p>\n<p>&mdash; Lord Orange (@realorangelord) <a href=\"https:\/\/twitter.com\/realorangelord\/status\/1440655619644530695?ref_src=twsrc%5Etfw\">September 22, 2021<\/a><\/p><\/blockquote>\n<p><script async src=\"https:\/\/platform.twitter.com\/widgets.js\" charset=\"utf-8\"><\/script><\/div>\n<p>&nbsp;<\/p>\n<p><strong>Der zeigt sich auf Twitter ziemlich unbeeindruckt, kann sich aber einen kleinen Seitenhieb letztlich auch nicht ganz verkneifen.<\/strong><\/p>\n<div class=\"dbsm-oembed\">\n<blockquote class=\"twitter-tweet\" data-width=\"500\" data-dnt=\"true\">\n<p lang=\"de\" dir=\"ltr\">F\u00fcr den Vizepr\u00e4sidenten des Deutschen Bundestags eine unw\u00fcrdige Einlassung. Ich w\u00fcsste auch, was \u00fcber Herrn Kubicki gesagt wird. Aber ich erreiche noch mediale Pr\u00e4senz ohne dass ich Kollegen beleidige. <a href=\"https:\/\/t.co\/oPV62zYztf\">https:\/\/t.co\/oPV62zYztf<\/a><\/p>\n<p>&mdash; Prof. Karl Lauterbach (@Karl_Lauterbach) <a href=\"https:\/\/twitter.com\/Karl_Lauterbach\/status\/1440650878306844687?ref_src=twsrc%5Etfw\">September 22, 2021<\/a><\/p><\/blockquote>\n<p><script async src=\"https:\/\/platform.twitter.com\/widgets.js\" charset=\"utf-8\"><\/script><\/div>\n<p>&nbsp;<\/p>\n<p>&nbsp;<\/p>\n<p>\u2014<br \/>\nVielen Dank an alle f\u00fcr die Posts.<br \/>\n\u2014<br \/>\n<strong>Keine Influencer! Kein Foodporn! Nur ganz viel Spa\u00df \u2013 bei uns auf Instagram:<\/strong><\/p>\n<blockquote class=\"instagram-media\" style=\"background: #FFF; border: 0; border-radius: 3px; box-shadow: 0 0 1px 0 rgba(0,0,0,0.5),0 1px 10px 0 rgba(0,0,0,0.15); margin: 1px; max-width: 540px; min-width: 326px; padding: 0; width: calc(100% - 2px);\" data-instgrm-captioned=\"\" data-instgrm-permalink=\"https:\/\/www.instagram.com\/p\/CT9KPjbMbHa\/?utm_source=ig_embed&amp;utm_campaign=loading\" data-instgrm-version=\"13\">\n<div style=\"padding: 16px;\">\n<p>&nbsp;<\/p>\n<div style=\"display: flex; flex-direction: row; align-items: center;\">\n<div style=\"background-color: #f4f4f4; border-radius: 50%; flex-grow: 0; height: 40px; margin-right: 14px; width: 40px;\"><\/div>\n<div style=\"display: flex; flex-direction: column; flex-grow: 1; justify-content: center;\">\n<div style=\"background-color: #f4f4f4; border-radius: 4px; flex-grow: 0; height: 14px; margin-bottom: 6px; width: 100px;\"><\/div>\n<div style=\"background-color: #f4f4f4; border-radius: 4px; flex-grow: 0; height: 14px; width: 60px;\"><\/div>\n<\/div>\n<\/div>\n<div style=\"padding: 19% 0;\"><\/div>\n<div style=\"display: block; height: 50px; margin: 0 auto 12px; width: 50px;\"><\/div>\n<div style=\"padding-top: 8px;\">\n<div style=\"color: #3897f0; font-family: Arial,sans-serif; font-size: 14px; font-style: normal; font-weight: 550; line-height: 18px;\">Sieh dir diesen Beitrag auf Instagram an<\/div>\n<\/div>\n<div style=\"padding: 12.5% 0;\"><\/div>\n<div style=\"display: flex; flex-direction: row; margin-bottom: 14px; align-items: center;\">\n<div>\n<div style=\"background-color: #f4f4f4; border-radius: 50%; height: 12.5px; width: 12.5px; transform: translateX(0px) translateY(7px);\"><\/div>\n<div style=\"background-color: #f4f4f4; height: 12.5px; transform: rotate(-45deg) translateX(3px) translateY(1px); width: 12.5px; flex-grow: 0; margin-right: 14px; margin-left: 2px;\"><\/div>\n<div style=\"background-color: #f4f4f4; border-radius: 50%; height: 12.5px; width: 12.5px; transform: translateX(9px) translateY(-18px);\"><\/div>\n<\/div>\n<div style=\"margin-left: 8px;\">\n<div style=\"background-color: #f4f4f4; border-radius: 50%; flex-grow: 0; height: 20px; width: 20px;\"><\/div>\n<div style=\"width: 0; height: 0; border-top: 2px solid transparent; border-left: 6px solid #f4f4f4; border-bottom: 2px solid transparent; transform: translateX(16px) translateY(-4px) rotate(30deg);\"><\/div>\n<\/div>\n<div style=\"margin-left: auto;\">\n<div style=\"width: 0px; border-top: 8px solid #F4F4F4; border-right: 8px solid transparent; transform: translateY(16px);\"><\/div>\n<div style=\"background-color: #f4f4f4; flex-grow: 0; height: 12px; width: 16px; transform: translateY(-4px);\"><\/div>\n<div style=\"width: 0; height: 0; border-top: 8px solid #F4F4F4; border-left: 8px solid transparent; transform: translateY(-4px) translateX(8px);\"><\/div>\n<\/div>\n<\/div>\n<div style=\"display: flex; flex-direction: column; flex-grow: 1; justify-content: center; margin-bottom: 24px;\">\n<div style=\"background-color: #f4f4f4; border-radius: 4px; flex-grow: 0; height: 14px; margin-bottom: 6px; width: 224px;\"><\/div>\n<div style=\"background-color: #f4f4f4; border-radius: 4px; flex-grow: 0; height: 14px; width: 144px;\"><\/div>\n<\/div>\n<p>&nbsp;<\/p>\n<p style=\"color: #c9c8cd; font-family: Arial,sans-serif; font-size: 14px; line-height: 17px; margin-bottom: 0; margin-top: 8px; overflow: hidden; padding: 8px 0 7px; text-align: center; text-overflow: ellipsis; white-space: nowrap;\"><a style=\"color: #c9c8cd; font-family: Arial,sans-serif; font-size: 14px; font-style: normal; font-weight: normal; line-height: 17px; text-decoration: none;\" href=\"https:\/\/www.instagram.com\/p\/CT9KPjbMbHa\/?utm_source=ig_embed&amp;utm_campaign=loading\" target=\"_blank\" rel=\"noopener\">Ein Beitrag geteilt von The Best Social Media &#8211; DE (@thebestsocialmediade)<\/a><\/p>\n<\/div>\n<\/blockquote>\n\n<script async defer src=\"\/instagram-embed.js\"><\/script>","protected":false},"excerpt":{"rendered":"<p>Der Wahlkampf l\u00e4uft momentan auf Hochtouren, schlie\u00dflich ist am Sonntag bereits die Bundestagswahl. In s\u00e4mtlichen Medien wimmelt es von Politiker:innen, die versuchen, sich von ihrer&#8230;<\/p>\n","protected":false},"author":73,"featured_media":150411,"comment_status":"open","ping_status":"open","sticky":false,"template":"","format":"standard","meta":{"_acf_changed":false,"footnotes":""},"categories":[460,35,2404],"tags":[2526,825,2457,412],"class_list":["post-150396","post","type-post","status-publish","format-standard","has-post-thumbnail","hentry","category-fail","category-twitter","category-wtf","tag-beleidigungen","tag-bundestag","tag-interview","tag-politik"],"acf":[],"yoast_head":"<!-- This site is optimized with the Yoast SEO plugin v27.5 - https:\/\/yoast.com\/product\/yoast-seo-wordpress\/ -->\n<title>&quot;Lauterbach nennen sie bei uns Sp...&quot; - Kubicki polarisiert mit Bild-Interview<\/title>\n<meta name=\"robots\" content=\"index, follow, max-snippet:-1, max-image-preview:large, max-video-preview:-1\" \/>\n<link rel=\"canonical\" href=\"https:\/\/www.thebestsocial.media\/de\/lauterbach-nennen-sie-bei-uns-sp-kubicki-polarisiert-mit-stammkneipen-kommentar-in-bild-interview\/\" \/>\n<meta property=\"og:locale\" content=\"de_DE\" \/>\n<meta property=\"og:type\" content=\"article\" \/>\n<meta property=\"og:title\" content=\"&quot;Lauterbach nennen sie bei uns Sp...&quot; - Kubicki polarisiert mit Stammkneipen-Kommentar in Bild-Interview\" \/>\n<meta property=\"og:description\" content=\"Der Wahlkampf l\u00e4uft momentan auf Hochtouren, schlie\u00dflich ist am Sonntag bereits die Bundestagswahl. In s\u00e4mtlichen Medien wimmelt es von Politiker:innen, die versuchen, sich von ihrer...\" \/>\n<meta property=\"og:url\" content=\"https:\/\/www.thebestsocial.media\/de\/lauterbach-nennen-sie-bei-uns-sp-kubicki-polarisiert-mit-stammkneipen-kommentar-in-bild-interview\/\" \/>\n<meta property=\"og:site_name\" content=\"The Best Social Media DE\" \/>\n<meta property=\"article:published_time\" content=\"2021-09-22T14:57:38+00:00\" \/>\n<meta property=\"og:image\" content=\"https:\/\/www.thebestsocial.media\/de\/wp-content\/uploads\/sites\/3\/2021\/09\/header-kubicki.png\" \/>\n\t<meta property=\"og:image:width\" content=\"1200\" \/>\n\t<meta property=\"og:image:height\" content=\"630\" \/>\n\t<meta property=\"og:image:type\" content=\"image\/png\" \/>\n<meta name=\"author\" content=\"Helene Mei\u00dfner\" \/>\n<meta name=\"twitter:card\" content=\"summary_large_image\" \/>\n<meta name=\"twitter:label1\" content=\"Verfasst von\" \/>\n\t<meta name=\"twitter:data1\" content=\"Helene Mei\u00dfner\" \/>\n\t<meta name=\"twitter:label2\" content=\"Gesch\u00e4tzte Lesezeit\" \/>\n\t<meta name=\"twitter:data2\" content=\"2\u00a0Minuten\" \/>\n<script type=\"application\/ld+json\" class=\"yoast-schema-graph\">{\"@context\":\"https:\\\/\\\/schema.org\",\"@graph\":[{\"@type\":\"Article\",\"@id\":\"https:\\\/\\\/www.thebestsocial.media\\\/de\\\/lauterbach-nennen-sie-bei-uns-sp-kubicki-polarisiert-mit-stammkneipen-kommentar-in-bild-interview\\\/#article\",\"isPartOf\":{\"@id\":\"https:\\\/\\\/www.thebestsocial.media\\\/de\\\/lauterbach-nennen-sie-bei-uns-sp-kubicki-polarisiert-mit-stammkneipen-kommentar-in-bild-interview\\\/\"},\"author\":{\"name\":\"Helene Mei\u00dfner\",\"@id\":\"https:\\\/\\\/www.thebestsocial.media\\\/de\\\/#\\\/schema\\\/person\\\/6267acc046505b90b912687a039220df\"},\"headline\":\"&#8222;Lauterbach nennen sie bei uns Sp&#8230;&#8220; &#8211; Kubicki polarisiert mit Stammkneipen-Kommentar in Bild-Interview\",\"datePublished\":\"2021-09-22T14:57:38+00:00\",\"mainEntityOfPage\":{\"@id\":\"https:\\\/\\\/www.thebestsocial.media\\\/de\\\/lauterbach-nennen-sie-bei-uns-sp-kubicki-polarisiert-mit-stammkneipen-kommentar-in-bild-interview\\\/\"},\"wordCount\":331,\"commentCount\":0,\"image\":{\"@id\":\"https:\\\/\\\/www.thebestsocial.media\\\/de\\\/lauterbach-nennen-sie-bei-uns-sp-kubicki-polarisiert-mit-stammkneipen-kommentar-in-bild-interview\\\/#primaryimage\"},\"thumbnailUrl\":\"https:\\\/\\\/www.thebestsocial.media\\\/de\\\/wp-content\\\/uploads\\\/sites\\\/3\\\/2021\\\/09\\\/bundestag-369049_1920-1.jpg\",\"keywords\":[\"Beleidigungen\",\"bundestag\",\"Interview\",\"politik\"],\"articleSection\":[\"Fail\",\"Twitter\",\"WTF\"],\"inLanguage\":\"de\",\"potentialAction\":[{\"@type\":\"CommentAction\",\"name\":\"Comment\",\"target\":[\"https:\\\/\\\/www.thebestsocial.media\\\/de\\\/lauterbach-nennen-sie-bei-uns-sp-kubicki-polarisiert-mit-stammkneipen-kommentar-in-bild-interview\\\/#respond\"]}]},{\"@type\":\"WebPage\",\"@id\":\"https:\\\/\\\/www.thebestsocial.media\\\/de\\\/lauterbach-nennen-sie-bei-uns-sp-kubicki-polarisiert-mit-stammkneipen-kommentar-in-bild-interview\\\/\",\"url\":\"https:\\\/\\\/www.thebestsocial.media\\\/de\\\/lauterbach-nennen-sie-bei-uns-sp-kubicki-polarisiert-mit-stammkneipen-kommentar-in-bild-interview\\\/\",\"name\":\"\\\"Lauterbach nennen sie bei uns Sp...\\\" - Kubicki polarisiert mit Bild-Interview\",\"isPartOf\":{\"@id\":\"https:\\\/\\\/www.thebestsocial.media\\\/de\\\/#website\"},\"primaryImageOfPage\":{\"@id\":\"https:\\\/\\\/www.thebestsocial.media\\\/de\\\/lauterbach-nennen-sie-bei-uns-sp-kubicki-polarisiert-mit-stammkneipen-kommentar-in-bild-interview\\\/#primaryimage\"},\"image\":{\"@id\":\"https:\\\/\\\/www.thebestsocial.media\\\/de\\\/lauterbach-nennen-sie-bei-uns-sp-kubicki-polarisiert-mit-stammkneipen-kommentar-in-bild-interview\\\/#primaryimage\"},\"thumbnailUrl\":\"https:\\\/\\\/www.thebestsocial.media\\\/de\\\/wp-content\\\/uploads\\\/sites\\\/3\\\/2021\\\/09\\\/bundestag-369049_1920-1.jpg\",\"datePublished\":\"2021-09-22T14:57:38+00:00\",\"author\":{\"@id\":\"https:\\\/\\\/www.thebestsocial.media\\\/de\\\/#\\\/schema\\\/person\\\/6267acc046505b90b912687a039220df\"},\"breadcrumb\":{\"@id\":\"https:\\\/\\\/www.thebestsocial.media\\\/de\\\/lauterbach-nennen-sie-bei-uns-sp-kubicki-polarisiert-mit-stammkneipen-kommentar-in-bild-interview\\\/#breadcrumb\"},\"inLanguage\":\"de\",\"potentialAction\":[{\"@type\":\"ReadAction\",\"target\":[\"https:\\\/\\\/www.thebestsocial.media\\\/de\\\/lauterbach-nennen-sie-bei-uns-sp-kubicki-polarisiert-mit-stammkneipen-kommentar-in-bild-interview\\\/\"]}]},{\"@type\":\"ImageObject\",\"inLanguage\":\"de\",\"@id\":\"https:\\\/\\\/www.thebestsocial.media\\\/de\\\/lauterbach-nennen-sie-bei-uns-sp-kubicki-polarisiert-mit-stammkneipen-kommentar-in-bild-interview\\\/#primaryimage\",\"url\":\"https:\\\/\\\/www.thebestsocial.media\\\/de\\\/wp-content\\\/uploads\\\/sites\\\/3\\\/2021\\\/09\\\/bundestag-369049_1920-1.jpg\",\"contentUrl\":\"https:\\\/\\\/www.thebestsocial.media\\\/de\\\/wp-content\\\/uploads\\\/sites\\\/3\\\/2021\\\/09\\\/bundestag-369049_1920-1.jpg\",\"width\":1920,\"height\":1280},{\"@type\":\"BreadcrumbList\",\"@id\":\"https:\\\/\\\/www.thebestsocial.media\\\/de\\\/lauterbach-nennen-sie-bei-uns-sp-kubicki-polarisiert-mit-stammkneipen-kommentar-in-bild-interview\\\/#breadcrumb\",\"itemListElement\":[{\"@type\":\"ListItem\",\"position\":1,\"name\":\"Home\",\"item\":\"https:\\\/\\\/www.thebestsocial.media\\\/de\\\/\"},{\"@type\":\"ListItem\",\"position\":2,\"name\":\"&#8222;Lauterbach nennen sie bei uns Sp&#8230;&#8220; &#8211; Kubicki polarisiert mit Stammkneipen-Kommentar in Bild-Interview\"}]},{\"@type\":\"WebSite\",\"@id\":\"https:\\\/\\\/www.thebestsocial.media\\\/de\\\/#website\",\"url\":\"https:\\\/\\\/www.thebestsocial.media\\\/de\\\/\",\"name\":\"The Best Social Media DE\",\"description\":\"\",\"potentialAction\":[{\"@type\":\"SearchAction\",\"target\":{\"@type\":\"EntryPoint\",\"urlTemplate\":\"https:\\\/\\\/www.thebestsocial.media\\\/de\\\/?s={search_term_string}\"},\"query-input\":{\"@type\":\"PropertyValueSpecification\",\"valueRequired\":true,\"valueName\":\"search_term_string\"}}],\"inLanguage\":\"de\"},{\"@type\":\"Person\",\"@id\":\"https:\\\/\\\/www.thebestsocial.media\\\/de\\\/#\\\/schema\\\/person\\\/6267acc046505b90b912687a039220df\",\"name\":\"Helene Mei\u00dfner\",\"image\":{\"@type\":\"ImageObject\",\"inLanguage\":\"de\",\"@id\":\"https:\\\/\\\/secure.gravatar.com\\\/avatar\\\/6639fc0397860ac2c2e11b018c1f14be4a46c2378a91ac1b35730b724675daa8?s=96&d=mm&r=g\",\"url\":\"https:\\\/\\\/secure.gravatar.com\\\/avatar\\\/6639fc0397860ac2c2e11b018c1f14be4a46c2378a91ac1b35730b724675daa8?s=96&d=mm&r=g\",\"contentUrl\":\"https:\\\/\\\/secure.gravatar.com\\\/avatar\\\/6639fc0397860ac2c2e11b018c1f14be4a46c2378a91ac1b35730b724675daa8?s=96&d=mm&r=g\",\"caption\":\"Helene Mei\u00dfner\"},\"description\":\"Kommt aus Berlin und hat dementsprechend nat\u00fcrlich irgendwas mit Medien studiert. Verlegt oft Dinge, w\u00e4hrend sie sie in der Hand h\u00e4lt. Findet Kauger\u00e4usche unausstehlich. Hat eine Schw\u00e4che f\u00fcr Glitzer und immer mindestens 50 Tabs offen.\",\"sameAs\":[\"https:\\\/\\\/www.instagram.com\\\/he.leni\\\/\"],\"url\":\"https:\\\/\\\/www.thebestsocial.media\\\/de\\\/author\\\/helenemeissner\\\/\"}]}<\/script>\n<!-- \/ Yoast SEO plugin. -->","yoast_head_json":{"title":"\"Lauterbach nennen sie bei uns Sp...\" - Kubicki polarisiert mit Bild-Interview","robots":{"index":"index","follow":"follow","max-snippet":"max-snippet:-1","max-image-preview":"max-image-preview:large","max-video-preview":"max-video-preview:-1"},"canonical":"https:\/\/www.thebestsocial.media\/de\/lauterbach-nennen-sie-bei-uns-sp-kubicki-polarisiert-mit-stammkneipen-kommentar-in-bild-interview\/","og_locale":"de_DE","og_type":"article","og_title":"\"Lauterbach nennen sie bei uns Sp...\" - Kubicki polarisiert mit Stammkneipen-Kommentar in Bild-Interview","og_description":"Der Wahlkampf l\u00e4uft momentan auf Hochtouren, schlie\u00dflich ist am Sonntag bereits die Bundestagswahl. In s\u00e4mtlichen Medien wimmelt es von Politiker:innen, die versuchen, sich von ihrer...","og_url":"https:\/\/www.thebestsocial.media\/de\/lauterbach-nennen-sie-bei-uns-sp-kubicki-polarisiert-mit-stammkneipen-kommentar-in-bild-interview\/","og_site_name":"The Best Social Media DE","article_published_time":"2021-09-22T14:57:38+00:00","og_image":[{"width":1200,"height":630,"url":"https:\/\/www.thebestsocial.media\/de\/wp-content\/uploads\/sites\/3\/2021\/09\/header-kubicki.png","type":"image\/png"}],"author":"Helene Mei\u00dfner","twitter_card":"summary_large_image","twitter_misc":{"Verfasst von":"Helene Mei\u00dfner","Gesch\u00e4tzte Lesezeit":"2\u00a0Minuten"},"schema":{"@context":"https:\/\/schema.org","@graph":[{"@type":"Article","@id":"https:\/\/www.thebestsocial.media\/de\/lauterbach-nennen-sie-bei-uns-sp-kubicki-polarisiert-mit-stammkneipen-kommentar-in-bild-interview\/#article","isPartOf":{"@id":"https:\/\/www.thebestsocial.media\/de\/lauterbach-nennen-sie-bei-uns-sp-kubicki-polarisiert-mit-stammkneipen-kommentar-in-bild-interview\/"},"author":{"name":"Helene Mei\u00dfner","@id":"https:\/\/www.thebestsocial.media\/de\/#\/schema\/person\/6267acc046505b90b912687a039220df"},"headline":"&#8222;Lauterbach nennen sie bei uns Sp&#8230;&#8220; &#8211; Kubicki polarisiert mit Stammkneipen-Kommentar in Bild-Interview","datePublished":"2021-09-22T14:57:38+00:00","mainEntityOfPage":{"@id":"https:\/\/www.thebestsocial.media\/de\/lauterbach-nennen-sie-bei-uns-sp-kubicki-polarisiert-mit-stammkneipen-kommentar-in-bild-interview\/"},"wordCount":331,"commentCount":0,"image":{"@id":"https:\/\/www.thebestsocial.media\/de\/lauterbach-nennen-sie-bei-uns-sp-kubicki-polarisiert-mit-stammkneipen-kommentar-in-bild-interview\/#primaryimage"},"thumbnailUrl":"https:\/\/www.thebestsocial.media\/de\/wp-content\/uploads\/sites\/3\/2021\/09\/bundestag-369049_1920-1.jpg","keywords":["Beleidigungen","bundestag","Interview","politik"],"articleSection":["Fail","Twitter","WTF"],"inLanguage":"de","potentialAction":[{"@type":"CommentAction","name":"Comment","target":["https:\/\/www.thebestsocial.media\/de\/lauterbach-nennen-sie-bei-uns-sp-kubicki-polarisiert-mit-stammkneipen-kommentar-in-bild-interview\/#respond"]}]},{"@type":"WebPage","@id":"https:\/\/www.thebestsocial.media\/de\/lauterbach-nennen-sie-bei-uns-sp-kubicki-polarisiert-mit-stammkneipen-kommentar-in-bild-interview\/","url":"https:\/\/www.thebestsocial.media\/de\/lauterbach-nennen-sie-bei-uns-sp-kubicki-polarisiert-mit-stammkneipen-kommentar-in-bild-interview\/","name":"\"Lauterbach nennen sie bei uns Sp...\" - Kubicki polarisiert mit Bild-Interview","isPartOf":{"@id":"https:\/\/www.thebestsocial.media\/de\/#website"},"primaryImageOfPage":{"@id":"https:\/\/www.thebestsocial.media\/de\/lauterbach-nennen-sie-bei-uns-sp-kubicki-polarisiert-mit-stammkneipen-kommentar-in-bild-interview\/#primaryimage"},"image":{"@id":"https:\/\/www.thebestsocial.media\/de\/lauterbach-nennen-sie-bei-uns-sp-kubicki-polarisiert-mit-stammkneipen-kommentar-in-bild-interview\/#primaryimage"},"thumbnailUrl":"https:\/\/www.thebestsocial.media\/de\/wp-content\/uploads\/sites\/3\/2021\/09\/bundestag-369049_1920-1.jpg","datePublished":"2021-09-22T14:57:38+00:00","author":{"@id":"https:\/\/www.thebestsocial.media\/de\/#\/schema\/person\/6267acc046505b90b912687a039220df"},"breadcrumb":{"@id":"https:\/\/www.thebestsocial.media\/de\/lauterbach-nennen-sie-bei-uns-sp-kubicki-polarisiert-mit-stammkneipen-kommentar-in-bild-interview\/#breadcrumb"},"inLanguage":"de","potentialAction":[{"@type":"ReadAction","target":["https:\/\/www.thebestsocial.media\/de\/lauterbach-nennen-sie-bei-uns-sp-kubicki-polarisiert-mit-stammkneipen-kommentar-in-bild-interview\/"]}]},{"@type":"ImageObject","inLanguage":"de","@id":"https:\/\/www.thebestsocial.media\/de\/lauterbach-nennen-sie-bei-uns-sp-kubicki-polarisiert-mit-stammkneipen-kommentar-in-bild-interview\/#primaryimage","url":"https:\/\/www.thebestsocial.media\/de\/wp-content\/uploads\/sites\/3\/2021\/09\/bundestag-369049_1920-1.jpg","contentUrl":"https:\/\/www.thebestsocial.media\/de\/wp-content\/uploads\/sites\/3\/2021\/09\/bundestag-369049_1920-1.jpg","width":1920,"height":1280},{"@type":"BreadcrumbList","@id":"https:\/\/www.thebestsocial.media\/de\/lauterbach-nennen-sie-bei-uns-sp-kubicki-polarisiert-mit-stammkneipen-kommentar-in-bild-interview\/#breadcrumb","itemListElement":[{"@type":"ListItem","position":1,"name":"Home","item":"https:\/\/www.thebestsocial.media\/de\/"},{"@type":"ListItem","position":2,"name":"&#8222;Lauterbach nennen sie bei uns Sp&#8230;&#8220; &#8211; Kubicki polarisiert mit Stammkneipen-Kommentar in Bild-Interview"}]},{"@type":"WebSite","@id":"https:\/\/www.thebestsocial.media\/de\/#website","url":"https:\/\/www.thebestsocial.media\/de\/","name":"The Best Social Media DE","description":"","potentialAction":[{"@type":"SearchAction","target":{"@type":"EntryPoint","urlTemplate":"https:\/\/www.thebestsocial.media\/de\/?s={search_term_string}"},"query-input":{"@type":"PropertyValueSpecification","valueRequired":true,"valueName":"search_term_string"}}],"inLanguage":"de"},{"@type":"Person","@id":"https:\/\/www.thebestsocial.media\/de\/#\/schema\/person\/6267acc046505b90b912687a039220df","name":"Helene Mei\u00dfner","image":{"@type":"ImageObject","inLanguage":"de","@id":"https:\/\/secure.gravatar.com\/avatar\/6639fc0397860ac2c2e11b018c1f14be4a46c2378a91ac1b35730b724675daa8?s=96&d=mm&r=g","url":"https:\/\/secure.gravatar.com\/avatar\/6639fc0397860ac2c2e11b018c1f14be4a46c2378a91ac1b35730b724675daa8?s=96&d=mm&r=g","contentUrl":"https:\/\/secure.gravatar.com\/avatar\/6639fc0397860ac2c2e11b018c1f14be4a46c2378a91ac1b35730b724675daa8?s=96&d=mm&r=g","caption":"Helene Mei\u00dfner"},"description":"Kommt aus Berlin und hat dementsprechend nat\u00fcrlich irgendwas mit Medien studiert. Verlegt oft Dinge, w\u00e4hrend sie sie in der Hand h\u00e4lt. Findet Kauger\u00e4usche unausstehlich. Hat eine Schw\u00e4che f\u00fcr Glitzer und immer mindestens 50 Tabs offen.","sameAs":["https:\/\/www.instagram.com\/he.leni\/"],"url":"https:\/\/www.thebestsocial.media\/de\/author\/helenemeissner\/"}]}},"amp_enabled":true,"_links":{"self":[{"href":"https:\/\/www.thebestsocial.media\/de\/wp-json\/wp\/v2\/posts\/150396","targetHints":{"allow":["GET"]}}],"collection":[{"href":"https:\/\/www.thebestsocial.media\/de\/wp-json\/wp\/v2\/posts"}],"about":[{"href":"https:\/\/www.thebestsocial.media\/de\/wp-json\/wp\/v2\/types\/post"}],"author":[{"embeddable":true,"href":"https:\/\/www.thebestsocial.media\/de\/wp-json\/wp\/v2\/users\/73"}],"replies":[{"embeddable":true,"href":"https:\/\/www.thebestsocial.media\/de\/wp-json\/wp\/v2\/comments?post=150396"}],"version-history":[{"count":16,"href":"https:\/\/www.thebestsocial.media\/de\/wp-json\/wp\/v2\/posts\/150396\/revisions"}],"predecessor-version":[{"id":150414,"href":"https:\/\/www.thebestsocial.media\/de\/wp-json\/wp\/v2\/posts\/150396\/revisions\/150414"}],"wp:featuredmedia":[{"embeddable":true,"href":"https:\/\/www.thebestsocial.media\/de\/wp-json\/wp\/v2\/media\/150411"}],"wp:attachment":[{"href":"https:\/\/www.thebestsocial.media\/de\/wp-json\/wp\/v2\/media?parent=150396"}],"wp:term":[{"taxonomy":"category","embeddable":true,"href":"https:\/\/www.thebestsocial.media\/de\/wp-json\/wp\/v2\/categories?post=150396"},{"taxonomy":"post_tag","embeddable":true,"href":"https:\/\/www.thebestsocial.media\/de\/wp-json\/wp\/v2\/tags?post=150396"}],"curies":[{"name":"wp","href":"https:\/\/api.w.org\/{rel}","templated":true}]}}