{"id":150353,"date":"2021-09-22T09:36:55","date_gmt":"2021-09-22T09:36:55","guid":{"rendered":"https:\/\/www.thebestsocial.media\/de\/?p=150353"},"modified":"2021-09-22T09:36:55","modified_gmt":"2021-09-22T09:36:55","slug":"die-besten-kommentare-zum-kinder-interview-mit-annalena-baerbock","status":"publish","type":"post","link":"https:\/\/www.thebestsocial.media\/de\/die-besten-kommentare-zum-kinder-interview-mit-annalena-baerbock\/","title":{"rendered":"Die besten Kommentare zum Kinder-Interview mit Annalena Baerbock"},"content":{"rendered":"<p>Nachdem sich in der vergangenen Woche bereits Olaf Scholz und Armin Laschet den beiden knallharten Kinderreportern Romeo und Pauline bei Late Night Berlin gestellt und deren Fragen <a href=\"https:\/\/www.thebestsocial.media\/de\/besser-als-das-triell-so-wurde-armin-laschet-bei-late-night-berlin-von-kindern-gegrillt\/\" target=\"_blank\" rel=\"noopener\">mal mehr, oft weniger souver\u00e4n beantwortet<\/a> haben, war diese Woche Kanzleramtsanw\u00e4rterin Annalena Baerbock an der Reihe, den beiden 11-j\u00e4hrigen im Kinderzelt, umgeben von Kuscheltieren, Rede und Antwort zu stehen. Wie hat sie sich angestellt? Nun ja, zumindest kann man sagen, dass die Messlatte nicht besonders hoch lag.<\/p>\n<p><iframe loading=\"lazy\" title=\"YouTube video player\" src=\"https:\/\/www.youtube.com\/embed\/l1UQrfiU3qI\" width=\"560\" height=\"315\" frameborder=\"0\" allowfullscreen=\"allowfullscreen\"><\/iframe><\/p>\n<p><strong>Besonders aufmerksame Zuschauer haben gleich zu Beginn eine interessante Beobachtung gemacht:<\/strong><\/p>\n<p><img loading=\"lazy\" decoding=\"async\" class=\"alignnone wp-image-150357 size-full\" src=\"https:\/\/www.thebestsocial.media\/de\/wp-content\/uploads\/sites\/3\/2021\/09\/Bildschirmfoto-2021-09-22-um-10.18.12.png\" alt=\"\" width=\"1570\" height=\"182\" srcset=\"https:\/\/www.thebestsocial.media\/de\/wp-content\/uploads\/sites\/3\/2021\/09\/Bildschirmfoto-2021-09-22-um-10.18.12.png 1570w, https:\/\/www.thebestsocial.media\/de\/wp-content\/uploads\/sites\/3\/2021\/09\/Bildschirmfoto-2021-09-22-um-10.18.12-300x35.png 300w, https:\/\/www.thebestsocial.media\/de\/wp-content\/uploads\/sites\/3\/2021\/09\/Bildschirmfoto-2021-09-22-um-10.18.12-1024x119.png 1024w, https:\/\/www.thebestsocial.media\/de\/wp-content\/uploads\/sites\/3\/2021\/09\/Bildschirmfoto-2021-09-22-um-10.18.12-768x89.png 768w, https:\/\/www.thebestsocial.media\/de\/wp-content\/uploads\/sites\/3\/2021\/09\/Bildschirmfoto-2021-09-22-um-10.18.12-1536x178.png 1536w\" sizes=\"auto, (max-width: 1570px) 100vw, 1570px\" \/><\/p>\n<p>&nbsp;<\/p>\n<p><strong>Auch Annalena Baerbock h\u00e4tte sich am Ende gerne noch das Zelt und die Spielzeuge genauer angeguckt, bekommt allerdings eiskalt einen Korb von Romeo.<\/strong><\/p>\n<p><img loading=\"lazy\" decoding=\"async\" class=\"alignnone wp-image-150358 size-full\" src=\"https:\/\/www.thebestsocial.media\/de\/wp-content\/uploads\/sites\/3\/2021\/09\/Bildschirmfoto-2021-09-22-um-10.18.22.png\" alt=\"\" width=\"1526\" height=\"180\" srcset=\"https:\/\/www.thebestsocial.media\/de\/wp-content\/uploads\/sites\/3\/2021\/09\/Bildschirmfoto-2021-09-22-um-10.18.22.png 1526w, https:\/\/www.thebestsocial.media\/de\/wp-content\/uploads\/sites\/3\/2021\/09\/Bildschirmfoto-2021-09-22-um-10.18.22-300x35.png 300w, https:\/\/www.thebestsocial.media\/de\/wp-content\/uploads\/sites\/3\/2021\/09\/Bildschirmfoto-2021-09-22-um-10.18.22-1024x121.png 1024w, https:\/\/www.thebestsocial.media\/de\/wp-content\/uploads\/sites\/3\/2021\/09\/Bildschirmfoto-2021-09-22-um-10.18.22-768x91.png 768w\" sizes=\"auto, (max-width: 1526px) 100vw, 1526px\" \/><\/p>\n<p>&nbsp;<\/p>\n<p><strong>Kam anscheinend trotzdem ganz gut an.<\/strong><\/p>\n<p><img loading=\"lazy\" decoding=\"async\" class=\"alignnone wp-image-150359 size-full\" src=\"https:\/\/www.thebestsocial.media\/de\/wp-content\/uploads\/sites\/3\/2021\/09\/Bildschirmfoto-2021-09-22-um-10.18.37.png\" alt=\"\" width=\"1882\" height=\"248\" srcset=\"https:\/\/www.thebestsocial.media\/de\/wp-content\/uploads\/sites\/3\/2021\/09\/Bildschirmfoto-2021-09-22-um-10.18.37.png 1882w, https:\/\/www.thebestsocial.media\/de\/wp-content\/uploads\/sites\/3\/2021\/09\/Bildschirmfoto-2021-09-22-um-10.18.37-300x40.png 300w, https:\/\/www.thebestsocial.media\/de\/wp-content\/uploads\/sites\/3\/2021\/09\/Bildschirmfoto-2021-09-22-um-10.18.37-1024x135.png 1024w, https:\/\/www.thebestsocial.media\/de\/wp-content\/uploads\/sites\/3\/2021\/09\/Bildschirmfoto-2021-09-22-um-10.18.37-768x101.png 768w, https:\/\/www.thebestsocial.media\/de\/wp-content\/uploads\/sites\/3\/2021\/09\/Bildschirmfoto-2021-09-22-um-10.18.37-1536x202.png 1536w\" sizes=\"auto, (max-width: 1882px) 100vw, 1882px\" \/><\/p>\n<p>&nbsp;<\/p>\n<p><strong>Das von Romeo mitgebrachte Taschengeld-Geschenk lehnte sie ab.\u00a0<\/strong><\/p>\n<p><img loading=\"lazy\" decoding=\"async\" class=\"alignnone wp-image-150360 size-full\" src=\"https:\/\/www.thebestsocial.media\/de\/wp-content\/uploads\/sites\/3\/2021\/09\/Bildschirmfoto-2021-09-22-um-10.18.47.png\" alt=\"\" width=\"1832\" height=\"186\" srcset=\"https:\/\/www.thebestsocial.media\/de\/wp-content\/uploads\/sites\/3\/2021\/09\/Bildschirmfoto-2021-09-22-um-10.18.47.png 1832w, https:\/\/www.thebestsocial.media\/de\/wp-content\/uploads\/sites\/3\/2021\/09\/Bildschirmfoto-2021-09-22-um-10.18.47-300x30.png 300w, https:\/\/www.thebestsocial.media\/de\/wp-content\/uploads\/sites\/3\/2021\/09\/Bildschirmfoto-2021-09-22-um-10.18.47-1024x104.png 1024w, https:\/\/www.thebestsocial.media\/de\/wp-content\/uploads\/sites\/3\/2021\/09\/Bildschirmfoto-2021-09-22-um-10.18.47-768x78.png 768w, https:\/\/www.thebestsocial.media\/de\/wp-content\/uploads\/sites\/3\/2021\/09\/Bildschirmfoto-2021-09-22-um-10.18.47-1536x156.png 1536w\" sizes=\"auto, (max-width: 1832px) 100vw, 1832px\" \/><\/p>\n<p>&nbsp;<\/p>\n<p><strong>Ein move, den man wohl nicht von jedem Politiker h\u00e4tte erwarten k\u00f6nnen.<\/strong><\/p>\n<p><img loading=\"lazy\" decoding=\"async\" class=\"alignnone wp-image-150367 size-full\" src=\"https:\/\/www.thebestsocial.media\/de\/wp-content\/uploads\/sites\/3\/2021\/09\/Bildschirmfoto-2021-09-22-um-10.22.09.png\" alt=\"\" width=\"1338\" height=\"194\" srcset=\"https:\/\/www.thebestsocial.media\/de\/wp-content\/uploads\/sites\/3\/2021\/09\/Bildschirmfoto-2021-09-22-um-10.22.09.png 1338w, https:\/\/www.thebestsocial.media\/de\/wp-content\/uploads\/sites\/3\/2021\/09\/Bildschirmfoto-2021-09-22-um-10.22.09-300x43.png 300w, https:\/\/www.thebestsocial.media\/de\/wp-content\/uploads\/sites\/3\/2021\/09\/Bildschirmfoto-2021-09-22-um-10.22.09-1024x148.png 1024w, https:\/\/www.thebestsocial.media\/de\/wp-content\/uploads\/sites\/3\/2021\/09\/Bildschirmfoto-2021-09-22-um-10.22.09-768x111.png 768w\" sizes=\"auto, (max-width: 1338px) 100vw, 1338px\" \/><\/p>\n<p>&nbsp;<\/p>\n<p><strong>Aber sie hat ja eben auch genug.<\/strong><\/p>\n<p><img loading=\"lazy\" decoding=\"async\" class=\"alignnone wp-image-150361 size-full\" src=\"https:\/\/www.thebestsocial.media\/de\/wp-content\/uploads\/sites\/3\/2021\/09\/Bildschirmfoto-2021-09-22-um-10.19.03.png\" alt=\"\" width=\"1710\" height=\"222\" srcset=\"https:\/\/www.thebestsocial.media\/de\/wp-content\/uploads\/sites\/3\/2021\/09\/Bildschirmfoto-2021-09-22-um-10.19.03.png 1710w, https:\/\/www.thebestsocial.media\/de\/wp-content\/uploads\/sites\/3\/2021\/09\/Bildschirmfoto-2021-09-22-um-10.19.03-300x39.png 300w, https:\/\/www.thebestsocial.media\/de\/wp-content\/uploads\/sites\/3\/2021\/09\/Bildschirmfoto-2021-09-22-um-10.19.03-1024x133.png 1024w, https:\/\/www.thebestsocial.media\/de\/wp-content\/uploads\/sites\/3\/2021\/09\/Bildschirmfoto-2021-09-22-um-10.19.03-768x100.png 768w, https:\/\/www.thebestsocial.media\/de\/wp-content\/uploads\/sites\/3\/2021\/09\/Bildschirmfoto-2021-09-22-um-10.19.03-1536x199.png 1536w\" sizes=\"auto, (max-width: 1710px) 100vw, 1710px\" \/><\/p>\n<p>&nbsp;<\/p>\n<p><strong>Dennoch sahen einige noch Luft nach oben bei ihrem Auftritt.<\/strong><\/p>\n<p><img loading=\"lazy\" decoding=\"async\" class=\"alignnone wp-image-150366 size-full\" src=\"https:\/\/www.thebestsocial.media\/de\/wp-content\/uploads\/sites\/3\/2021\/09\/Bildschirmfoto-2021-09-22-um-10.21.38.png\" alt=\"\" width=\"1784\" height=\"210\" srcset=\"https:\/\/www.thebestsocial.media\/de\/wp-content\/uploads\/sites\/3\/2021\/09\/Bildschirmfoto-2021-09-22-um-10.21.38.png 1784w, https:\/\/www.thebestsocial.media\/de\/wp-content\/uploads\/sites\/3\/2021\/09\/Bildschirmfoto-2021-09-22-um-10.21.38-300x35.png 300w, https:\/\/www.thebestsocial.media\/de\/wp-content\/uploads\/sites\/3\/2021\/09\/Bildschirmfoto-2021-09-22-um-10.21.38-1024x121.png 1024w, https:\/\/www.thebestsocial.media\/de\/wp-content\/uploads\/sites\/3\/2021\/09\/Bildschirmfoto-2021-09-22-um-10.21.38-768x90.png 768w, https:\/\/www.thebestsocial.media\/de\/wp-content\/uploads\/sites\/3\/2021\/09\/Bildschirmfoto-2021-09-22-um-10.21.38-1536x181.png 1536w\" sizes=\"auto, (max-width: 1784px) 100vw, 1784px\" \/><\/p>\n<p>&nbsp;<\/p>\n<p><strong>Teilweise gab es auch ganz konkrete Verbesserungsvorschl\u00e4ge:<\/strong><\/p>\n<p><img loading=\"lazy\" decoding=\"async\" class=\"alignnone wp-image-150364 size-full\" src=\"https:\/\/www.thebestsocial.media\/de\/wp-content\/uploads\/sites\/3\/2021\/09\/Bildschirmfoto-2021-09-22-um-10.20.32.png\" alt=\"\" width=\"1898\" height=\"246\" srcset=\"https:\/\/www.thebestsocial.media\/de\/wp-content\/uploads\/sites\/3\/2021\/09\/Bildschirmfoto-2021-09-22-um-10.20.32.png 1898w, https:\/\/www.thebestsocial.media\/de\/wp-content\/uploads\/sites\/3\/2021\/09\/Bildschirmfoto-2021-09-22-um-10.20.32-300x39.png 300w, https:\/\/www.thebestsocial.media\/de\/wp-content\/uploads\/sites\/3\/2021\/09\/Bildschirmfoto-2021-09-22-um-10.20.32-1024x133.png 1024w, https:\/\/www.thebestsocial.media\/de\/wp-content\/uploads\/sites\/3\/2021\/09\/Bildschirmfoto-2021-09-22-um-10.20.32-768x100.png 768w, https:\/\/www.thebestsocial.media\/de\/wp-content\/uploads\/sites\/3\/2021\/09\/Bildschirmfoto-2021-09-22-um-10.20.32-1536x199.png 1536w\" sizes=\"auto, (max-width: 1898px) 100vw, 1898px\" \/><\/p>\n<p>&nbsp;<\/p>\n<p><strong>Insgesamt scheint sie sich aber gut behauptet zu haben.\u00a0<\/strong><\/p>\n<p><img loading=\"lazy\" decoding=\"async\" class=\"alignnone wp-image-150362 size-full\" src=\"https:\/\/www.thebestsocial.media\/de\/wp-content\/uploads\/sites\/3\/2021\/09\/Bildschirmfoto-2021-09-22-um-10.19.19.png\" alt=\"\" width=\"1848\" height=\"202\" srcset=\"https:\/\/www.thebestsocial.media\/de\/wp-content\/uploads\/sites\/3\/2021\/09\/Bildschirmfoto-2021-09-22-um-10.19.19.png 1848w, https:\/\/www.thebestsocial.media\/de\/wp-content\/uploads\/sites\/3\/2021\/09\/Bildschirmfoto-2021-09-22-um-10.19.19-300x33.png 300w, https:\/\/www.thebestsocial.media\/de\/wp-content\/uploads\/sites\/3\/2021\/09\/Bildschirmfoto-2021-09-22-um-10.19.19-1024x112.png 1024w, https:\/\/www.thebestsocial.media\/de\/wp-content\/uploads\/sites\/3\/2021\/09\/Bildschirmfoto-2021-09-22-um-10.19.19-768x84.png 768w, https:\/\/www.thebestsocial.media\/de\/wp-content\/uploads\/sites\/3\/2021\/09\/Bildschirmfoto-2021-09-22-um-10.19.19-1536x168.png 1536w\" sizes=\"auto, (max-width: 1848px) 100vw, 1848px\" \/><\/p>\n<p>&nbsp;<\/p>\n<p><strong>F\u00fcr viel ist sie die klare Gewinnerin.<\/strong><\/p>\n<p><img loading=\"lazy\" decoding=\"async\" class=\"alignnone wp-image-150365 size-full\" src=\"https:\/\/www.thebestsocial.media\/de\/wp-content\/uploads\/sites\/3\/2021\/09\/Bildschirmfoto-2021-09-22-um-10.21.03.png\" alt=\"\" width=\"1782\" height=\"216\" srcset=\"https:\/\/www.thebestsocial.media\/de\/wp-content\/uploads\/sites\/3\/2021\/09\/Bildschirmfoto-2021-09-22-um-10.21.03.png 1782w, https:\/\/www.thebestsocial.media\/de\/wp-content\/uploads\/sites\/3\/2021\/09\/Bildschirmfoto-2021-09-22-um-10.21.03-300x36.png 300w, https:\/\/www.thebestsocial.media\/de\/wp-content\/uploads\/sites\/3\/2021\/09\/Bildschirmfoto-2021-09-22-um-10.21.03-1024x124.png 1024w, https:\/\/www.thebestsocial.media\/de\/wp-content\/uploads\/sites\/3\/2021\/09\/Bildschirmfoto-2021-09-22-um-10.21.03-768x93.png 768w, https:\/\/www.thebestsocial.media\/de\/wp-content\/uploads\/sites\/3\/2021\/09\/Bildschirmfoto-2021-09-22-um-10.21.03-1536x186.png 1536w\" sizes=\"auto, (max-width: 1782px) 100vw, 1782px\" \/><\/p>\n<p>&nbsp;<\/p>\n<p><strong>Mit Blick auf die Performance der Mitstreiter allerdings auch kein Kunstst\u00fcck.<\/strong><\/p>\n<p><img loading=\"lazy\" decoding=\"async\" class=\"alignnone wp-image-150363 size-full\" src=\"https:\/\/www.thebestsocial.media\/de\/wp-content\/uploads\/sites\/3\/2021\/09\/Bildschirmfoto-2021-09-22-um-10.19.25.png\" alt=\"\" width=\"1658\" height=\"184\" srcset=\"https:\/\/www.thebestsocial.media\/de\/wp-content\/uploads\/sites\/3\/2021\/09\/Bildschirmfoto-2021-09-22-um-10.19.25.png 1658w, https:\/\/www.thebestsocial.media\/de\/wp-content\/uploads\/sites\/3\/2021\/09\/Bildschirmfoto-2021-09-22-um-10.19.25-300x33.png 300w, https:\/\/www.thebestsocial.media\/de\/wp-content\/uploads\/sites\/3\/2021\/09\/Bildschirmfoto-2021-09-22-um-10.19.25-1024x114.png 1024w, https:\/\/www.thebestsocial.media\/de\/wp-content\/uploads\/sites\/3\/2021\/09\/Bildschirmfoto-2021-09-22-um-10.19.25-768x85.png 768w, https:\/\/www.thebestsocial.media\/de\/wp-content\/uploads\/sites\/3\/2021\/09\/Bildschirmfoto-2021-09-22-um-10.19.25-1536x170.png 1536w\" sizes=\"auto, (max-width: 1658px) 100vw, 1658px\" \/><\/p>\n<p>&nbsp;<\/p>\n<p>\u2014<br \/>\nVielen Dank an alle f\u00fcr die Posts.<br \/>\n\u2014<br \/>\n<strong>Keine Influencer! Kein Foodporn! Nur ganz viel Spa\u00df \u2013 bei uns auf Instagram:<\/strong><\/p>\n<blockquote class=\"instagram-media\" style=\"background: #FFF; border: 0; border-radius: 3px; box-shadow: 0 0 1px 0 rgba(0,0,0,0.5),0 1px 10px 0 rgba(0,0,0,0.15); margin: 1px; max-width: 540px; min-width: 326px; padding: 0; width: calc(100% - 2px);\" data-instgrm-captioned=\"\" data-instgrm-permalink=\"https:\/\/www.instagram.com\/p\/CT9KPjbMbHa\/?utm_source=ig_embed&amp;utm_campaign=loading\" data-instgrm-version=\"13\">\n<div style=\"padding: 16px;\">\n<p>&nbsp;<\/p>\n<div style=\"display: flex; flex-direction: row; align-items: center;\">\n<div style=\"background-color: #f4f4f4; border-radius: 50%; flex-grow: 0; height: 40px; margin-right: 14px; width: 40px;\"><\/div>\n<div style=\"display: flex; flex-direction: column; flex-grow: 1; justify-content: center;\">\n<div style=\"background-color: #f4f4f4; border-radius: 4px; flex-grow: 0; height: 14px; margin-bottom: 6px; width: 100px;\"><\/div>\n<div style=\"background-color: #f4f4f4; border-radius: 4px; flex-grow: 0; height: 14px; width: 60px;\"><\/div>\n<\/div>\n<\/div>\n<div style=\"padding: 19% 0;\"><\/div>\n<div style=\"display: block; height: 50px; margin: 0 auto 12px; width: 50px;\"><\/div>\n<div style=\"padding-top: 8px;\">\n<div style=\"color: #3897f0; font-family: Arial,sans-serif; font-size: 14px; font-style: normal; font-weight: 550; line-height: 18px;\">Sieh dir diesen Beitrag auf Instagram an<\/div>\n<\/div>\n<div style=\"padding: 12.5% 0;\"><\/div>\n<div style=\"display: flex; flex-direction: row; margin-bottom: 14px; align-items: center;\">\n<div>\n<div style=\"background-color: #f4f4f4; border-radius: 50%; height: 12.5px; width: 12.5px; transform: translateX(0px) translateY(7px);\"><\/div>\n<div style=\"background-color: #f4f4f4; height: 12.5px; transform: rotate(-45deg) translateX(3px) translateY(1px); width: 12.5px; flex-grow: 0; margin-right: 14px; margin-left: 2px;\"><\/div>\n<div style=\"background-color: #f4f4f4; border-radius: 50%; height: 12.5px; width: 12.5px; transform: translateX(9px) translateY(-18px);\"><\/div>\n<\/div>\n<div style=\"margin-left: 8px;\">\n<div style=\"background-color: #f4f4f4; border-radius: 50%; flex-grow: 0; height: 20px; width: 20px;\"><\/div>\n<div style=\"width: 0; height: 0; border-top: 2px solid transparent; border-left: 6px solid #f4f4f4; border-bottom: 2px solid transparent; transform: translateX(16px) translateY(-4px) rotate(30deg);\"><\/div>\n<\/div>\n<div style=\"margin-left: auto;\">\n<div style=\"width: 0px; border-top: 8px solid #F4F4F4; border-right: 8px solid transparent; transform: translateY(16px);\"><\/div>\n<div style=\"background-color: #f4f4f4; flex-grow: 0; height: 12px; width: 16px; transform: translateY(-4px);\"><\/div>\n<div style=\"width: 0; height: 0; border-top: 8px solid #F4F4F4; border-left: 8px solid transparent; transform: translateY(-4px) translateX(8px);\"><\/div>\n<\/div>\n<\/div>\n<div style=\"display: flex; flex-direction: column; flex-grow: 1; justify-content: center; margin-bottom: 24px;\">\n<div style=\"background-color: #f4f4f4; border-radius: 4px; flex-grow: 0; height: 14px; margin-bottom: 6px; width: 224px;\"><\/div>\n<div style=\"background-color: #f4f4f4; border-radius: 4px; flex-grow: 0; height: 14px; width: 144px;\"><\/div>\n<\/div>\n<p>&nbsp;<\/p>\n<p style=\"color: #c9c8cd; font-family: Arial,sans-serif; font-size: 14px; line-height: 17px; margin-bottom: 0; margin-top: 8px; overflow: hidden; padding: 8px 0 7px; text-align: center; text-overflow: ellipsis; white-space: nowrap;\"><a style=\"color: #c9c8cd; font-family: Arial,sans-serif; font-size: 14px; font-style: normal; font-weight: normal; line-height: 17px; text-decoration: none;\" href=\"https:\/\/www.instagram.com\/p\/CT9KPjbMbHa\/?utm_source=ig_embed&amp;utm_campaign=loading\" target=\"_blank\" rel=\"noopener\">Ein Beitrag geteilt von The Best Social Media &#8211; DE (@thebestsocialmediade)<\/a><\/p>\n<\/div>\n<\/blockquote>\n\n<script async defer src=\"\/instagram-embed.js\"><\/script>","protected":false},"excerpt":{"rendered":"<p>Nachdem sich in der vergangenen Woche bereits Olaf Scholz und Armin Laschet den beiden knallharten Kinderreportern Romeo und Pauline bei Late Night Berlin gestellt und&#8230;<\/p>\n","protected":false},"author":73,"featured_media":150119,"comment_status":"open","ping_status":"open","sticky":false,"template":"","format":"standard","meta":{"_acf_changed":false,"footnotes":""},"categories":[1728,182,419],"tags":[535,2457],"class_list":["post-150353","post","type-post","status-publish","format-standard","has-post-thumbnail","hentry","category-humor","category-videos","category-youtube","tag-bundestagswahl","tag-interview"],"acf":[],"yoast_head":"<!-- This site is optimized with the Yoast SEO plugin v27.5 - https:\/\/yoast.com\/product\/yoast-seo-wordpress\/ -->\n<title>Die besten Kommentare zum Kinder-Interview mit Annalena Baerbock<\/title>\n<meta name=\"robots\" content=\"index, follow, max-snippet:-1, max-image-preview:large, max-video-preview:-1\" \/>\n<link rel=\"canonical\" href=\"https:\/\/www.thebestsocial.media\/de\/die-besten-kommentare-zum-kinder-interview-mit-annalena-baerbock\/\" \/>\n<meta property=\"og:locale\" content=\"de_DE\" \/>\n<meta property=\"og:type\" content=\"article\" \/>\n<meta property=\"og:title\" content=\"Die besten Kommentare zum Kinder-Interview mit Annalena Baerbock\" \/>\n<meta property=\"og:description\" content=\"Nachdem sich in der vergangenen Woche bereits Olaf Scholz und Armin Laschet den beiden knallharten Kinderreportern Romeo und Pauline bei Late Night Berlin gestellt und...\" \/>\n<meta property=\"og:url\" content=\"https:\/\/www.thebestsocial.media\/de\/die-besten-kommentare-zum-kinder-interview-mit-annalena-baerbock\/\" \/>\n<meta property=\"og:site_name\" content=\"The Best Social Media DE\" \/>\n<meta property=\"article:published_time\" content=\"2021-09-22T09:36:55+00:00\" \/>\n<meta property=\"og:image\" content=\"https:\/\/www.thebestsocial.media\/de\/wp-content\/uploads\/sites\/3\/2021\/09\/header-abaerbock.png\" \/>\n\t<meta property=\"og:image:width\" content=\"1200\" \/>\n\t<meta property=\"og:image:height\" content=\"630\" \/>\n\t<meta property=\"og:image:type\" content=\"image\/png\" \/>\n<meta name=\"author\" content=\"Helene Mei\u00dfner\" \/>\n<meta name=\"twitter:card\" content=\"summary_large_image\" \/>\n<meta name=\"twitter:label1\" content=\"Verfasst von\" \/>\n\t<meta name=\"twitter:data1\" content=\"Helene Mei\u00dfner\" \/>\n\t<meta name=\"twitter:label2\" content=\"Gesch\u00e4tzte Lesezeit\" \/>\n\t<meta name=\"twitter:data2\" content=\"1\u00a0Minute\" \/>\n<script type=\"application\/ld+json\" class=\"yoast-schema-graph\">{\"@context\":\"https:\\\/\\\/schema.org\",\"@graph\":[{\"@type\":\"Article\",\"@id\":\"https:\\\/\\\/www.thebestsocial.media\\\/de\\\/die-besten-kommentare-zum-kinder-interview-mit-annalena-baerbock\\\/#article\",\"isPartOf\":{\"@id\":\"https:\\\/\\\/www.thebestsocial.media\\\/de\\\/die-besten-kommentare-zum-kinder-interview-mit-annalena-baerbock\\\/\"},\"author\":{\"name\":\"Helene Mei\u00dfner\",\"@id\":\"https:\\\/\\\/www.thebestsocial.media\\\/de\\\/#\\\/schema\\\/person\\\/6267acc046505b90b912687a039220df\"},\"headline\":\"Die besten Kommentare zum Kinder-Interview mit Annalena Baerbock\",\"datePublished\":\"2021-09-22T09:36:55+00:00\",\"mainEntityOfPage\":{\"@id\":\"https:\\\/\\\/www.thebestsocial.media\\\/de\\\/die-besten-kommentare-zum-kinder-interview-mit-annalena-baerbock\\\/\"},\"wordCount\":253,\"commentCount\":0,\"image\":{\"@id\":\"https:\\\/\\\/www.thebestsocial.media\\\/de\\\/die-besten-kommentare-zum-kinder-interview-mit-annalena-baerbock\\\/#primaryimage\"},\"thumbnailUrl\":\"https:\\\/\\\/www.thebestsocial.media\\\/de\\\/wp-content\\\/uploads\\\/sites\\\/3\\\/2021\\\/09\\\/hands-2847508_1920.jpg\",\"keywords\":[\"Bundestagswahl\",\"Interview\"],\"articleSection\":[\"Humor\",\"Videos\",\"Youtube\"],\"inLanguage\":\"de\",\"potentialAction\":[{\"@type\":\"CommentAction\",\"name\":\"Comment\",\"target\":[\"https:\\\/\\\/www.thebestsocial.media\\\/de\\\/die-besten-kommentare-zum-kinder-interview-mit-annalena-baerbock\\\/#respond\"]}]},{\"@type\":\"WebPage\",\"@id\":\"https:\\\/\\\/www.thebestsocial.media\\\/de\\\/die-besten-kommentare-zum-kinder-interview-mit-annalena-baerbock\\\/\",\"url\":\"https:\\\/\\\/www.thebestsocial.media\\\/de\\\/die-besten-kommentare-zum-kinder-interview-mit-annalena-baerbock\\\/\",\"name\":\"Die besten Kommentare zum Kinder-Interview mit Annalena Baerbock\",\"isPartOf\":{\"@id\":\"https:\\\/\\\/www.thebestsocial.media\\\/de\\\/#website\"},\"primaryImageOfPage\":{\"@id\":\"https:\\\/\\\/www.thebestsocial.media\\\/de\\\/die-besten-kommentare-zum-kinder-interview-mit-annalena-baerbock\\\/#primaryimage\"},\"image\":{\"@id\":\"https:\\\/\\\/www.thebestsocial.media\\\/de\\\/die-besten-kommentare-zum-kinder-interview-mit-annalena-baerbock\\\/#primaryimage\"},\"thumbnailUrl\":\"https:\\\/\\\/www.thebestsocial.media\\\/de\\\/wp-content\\\/uploads\\\/sites\\\/3\\\/2021\\\/09\\\/hands-2847508_1920.jpg\",\"datePublished\":\"2021-09-22T09:36:55+00:00\",\"author\":{\"@id\":\"https:\\\/\\\/www.thebestsocial.media\\\/de\\\/#\\\/schema\\\/person\\\/6267acc046505b90b912687a039220df\"},\"breadcrumb\":{\"@id\":\"https:\\\/\\\/www.thebestsocial.media\\\/de\\\/die-besten-kommentare-zum-kinder-interview-mit-annalena-baerbock\\\/#breadcrumb\"},\"inLanguage\":\"de\",\"potentialAction\":[{\"@type\":\"ReadAction\",\"target\":[\"https:\\\/\\\/www.thebestsocial.media\\\/de\\\/die-besten-kommentare-zum-kinder-interview-mit-annalena-baerbock\\\/\"]}]},{\"@type\":\"ImageObject\",\"inLanguage\":\"de\",\"@id\":\"https:\\\/\\\/www.thebestsocial.media\\\/de\\\/die-besten-kommentare-zum-kinder-interview-mit-annalena-baerbock\\\/#primaryimage\",\"url\":\"https:\\\/\\\/www.thebestsocial.media\\\/de\\\/wp-content\\\/uploads\\\/sites\\\/3\\\/2021\\\/09\\\/hands-2847508_1920.jpg\",\"contentUrl\":\"https:\\\/\\\/www.thebestsocial.media\\\/de\\\/wp-content\\\/uploads\\\/sites\\\/3\\\/2021\\\/09\\\/hands-2847508_1920.jpg\",\"width\":1920,\"height\":1280},{\"@type\":\"BreadcrumbList\",\"@id\":\"https:\\\/\\\/www.thebestsocial.media\\\/de\\\/die-besten-kommentare-zum-kinder-interview-mit-annalena-baerbock\\\/#breadcrumb\",\"itemListElement\":[{\"@type\":\"ListItem\",\"position\":1,\"name\":\"Home\",\"item\":\"https:\\\/\\\/www.thebestsocial.media\\\/de\\\/\"},{\"@type\":\"ListItem\",\"position\":2,\"name\":\"Die besten Kommentare zum Kinder-Interview mit Annalena Baerbock\"}]},{\"@type\":\"WebSite\",\"@id\":\"https:\\\/\\\/www.thebestsocial.media\\\/de\\\/#website\",\"url\":\"https:\\\/\\\/www.thebestsocial.media\\\/de\\\/\",\"name\":\"The Best Social Media DE\",\"description\":\"\",\"potentialAction\":[{\"@type\":\"SearchAction\",\"target\":{\"@type\":\"EntryPoint\",\"urlTemplate\":\"https:\\\/\\\/www.thebestsocial.media\\\/de\\\/?s={search_term_string}\"},\"query-input\":{\"@type\":\"PropertyValueSpecification\",\"valueRequired\":true,\"valueName\":\"search_term_string\"}}],\"inLanguage\":\"de\"},{\"@type\":\"Person\",\"@id\":\"https:\\\/\\\/www.thebestsocial.media\\\/de\\\/#\\\/schema\\\/person\\\/6267acc046505b90b912687a039220df\",\"name\":\"Helene Mei\u00dfner\",\"image\":{\"@type\":\"ImageObject\",\"inLanguage\":\"de\",\"@id\":\"https:\\\/\\\/secure.gravatar.com\\\/avatar\\\/6639fc0397860ac2c2e11b018c1f14be4a46c2378a91ac1b35730b724675daa8?s=96&d=mm&r=g\",\"url\":\"https:\\\/\\\/secure.gravatar.com\\\/avatar\\\/6639fc0397860ac2c2e11b018c1f14be4a46c2378a91ac1b35730b724675daa8?s=96&d=mm&r=g\",\"contentUrl\":\"https:\\\/\\\/secure.gravatar.com\\\/avatar\\\/6639fc0397860ac2c2e11b018c1f14be4a46c2378a91ac1b35730b724675daa8?s=96&d=mm&r=g\",\"caption\":\"Helene Mei\u00dfner\"},\"description\":\"Kommt aus Berlin und hat dementsprechend nat\u00fcrlich irgendwas mit Medien studiert. Verlegt oft Dinge, w\u00e4hrend sie sie in der Hand h\u00e4lt. Findet Kauger\u00e4usche unausstehlich. Hat eine Schw\u00e4che f\u00fcr Glitzer und immer mindestens 50 Tabs offen.\",\"sameAs\":[\"https:\\\/\\\/www.instagram.com\\\/he.leni\\\/\"],\"url\":\"https:\\\/\\\/www.thebestsocial.media\\\/de\\\/author\\\/helenemeissner\\\/\"}]}<\/script>\n<!-- \/ Yoast SEO plugin. -->","yoast_head_json":{"title":"Die besten Kommentare zum Kinder-Interview mit Annalena Baerbock","robots":{"index":"index","follow":"follow","max-snippet":"max-snippet:-1","max-image-preview":"max-image-preview:large","max-video-preview":"max-video-preview:-1"},"canonical":"https:\/\/www.thebestsocial.media\/de\/die-besten-kommentare-zum-kinder-interview-mit-annalena-baerbock\/","og_locale":"de_DE","og_type":"article","og_title":"Die besten Kommentare zum Kinder-Interview mit Annalena Baerbock","og_description":"Nachdem sich in der vergangenen Woche bereits Olaf Scholz und Armin Laschet den beiden knallharten Kinderreportern Romeo und Pauline bei Late Night Berlin gestellt und...","og_url":"https:\/\/www.thebestsocial.media\/de\/die-besten-kommentare-zum-kinder-interview-mit-annalena-baerbock\/","og_site_name":"The Best Social Media DE","article_published_time":"2021-09-22T09:36:55+00:00","og_image":[{"width":1200,"height":630,"url":"https:\/\/www.thebestsocial.media\/de\/wp-content\/uploads\/sites\/3\/2021\/09\/header-abaerbock.png","type":"image\/png"}],"author":"Helene Mei\u00dfner","twitter_card":"summary_large_image","twitter_misc":{"Verfasst von":"Helene Mei\u00dfner","Gesch\u00e4tzte Lesezeit":"1\u00a0Minute"},"schema":{"@context":"https:\/\/schema.org","@graph":[{"@type":"Article","@id":"https:\/\/www.thebestsocial.media\/de\/die-besten-kommentare-zum-kinder-interview-mit-annalena-baerbock\/#article","isPartOf":{"@id":"https:\/\/www.thebestsocial.media\/de\/die-besten-kommentare-zum-kinder-interview-mit-annalena-baerbock\/"},"author":{"name":"Helene Mei\u00dfner","@id":"https:\/\/www.thebestsocial.media\/de\/#\/schema\/person\/6267acc046505b90b912687a039220df"},"headline":"Die besten Kommentare zum Kinder-Interview mit Annalena Baerbock","datePublished":"2021-09-22T09:36:55+00:00","mainEntityOfPage":{"@id":"https:\/\/www.thebestsocial.media\/de\/die-besten-kommentare-zum-kinder-interview-mit-annalena-baerbock\/"},"wordCount":253,"commentCount":0,"image":{"@id":"https:\/\/www.thebestsocial.media\/de\/die-besten-kommentare-zum-kinder-interview-mit-annalena-baerbock\/#primaryimage"},"thumbnailUrl":"https:\/\/www.thebestsocial.media\/de\/wp-content\/uploads\/sites\/3\/2021\/09\/hands-2847508_1920.jpg","keywords":["Bundestagswahl","Interview"],"articleSection":["Humor","Videos","Youtube"],"inLanguage":"de","potentialAction":[{"@type":"CommentAction","name":"Comment","target":["https:\/\/www.thebestsocial.media\/de\/die-besten-kommentare-zum-kinder-interview-mit-annalena-baerbock\/#respond"]}]},{"@type":"WebPage","@id":"https:\/\/www.thebestsocial.media\/de\/die-besten-kommentare-zum-kinder-interview-mit-annalena-baerbock\/","url":"https:\/\/www.thebestsocial.media\/de\/die-besten-kommentare-zum-kinder-interview-mit-annalena-baerbock\/","name":"Die besten Kommentare zum Kinder-Interview mit Annalena Baerbock","isPartOf":{"@id":"https:\/\/www.thebestsocial.media\/de\/#website"},"primaryImageOfPage":{"@id":"https:\/\/www.thebestsocial.media\/de\/die-besten-kommentare-zum-kinder-interview-mit-annalena-baerbock\/#primaryimage"},"image":{"@id":"https:\/\/www.thebestsocial.media\/de\/die-besten-kommentare-zum-kinder-interview-mit-annalena-baerbock\/#primaryimage"},"thumbnailUrl":"https:\/\/www.thebestsocial.media\/de\/wp-content\/uploads\/sites\/3\/2021\/09\/hands-2847508_1920.jpg","datePublished":"2021-09-22T09:36:55+00:00","author":{"@id":"https:\/\/www.thebestsocial.media\/de\/#\/schema\/person\/6267acc046505b90b912687a039220df"},"breadcrumb":{"@id":"https:\/\/www.thebestsocial.media\/de\/die-besten-kommentare-zum-kinder-interview-mit-annalena-baerbock\/#breadcrumb"},"inLanguage":"de","potentialAction":[{"@type":"ReadAction","target":["https:\/\/www.thebestsocial.media\/de\/die-besten-kommentare-zum-kinder-interview-mit-annalena-baerbock\/"]}]},{"@type":"ImageObject","inLanguage":"de","@id":"https:\/\/www.thebestsocial.media\/de\/die-besten-kommentare-zum-kinder-interview-mit-annalena-baerbock\/#primaryimage","url":"https:\/\/www.thebestsocial.media\/de\/wp-content\/uploads\/sites\/3\/2021\/09\/hands-2847508_1920.jpg","contentUrl":"https:\/\/www.thebestsocial.media\/de\/wp-content\/uploads\/sites\/3\/2021\/09\/hands-2847508_1920.jpg","width":1920,"height":1280},{"@type":"BreadcrumbList","@id":"https:\/\/www.thebestsocial.media\/de\/die-besten-kommentare-zum-kinder-interview-mit-annalena-baerbock\/#breadcrumb","itemListElement":[{"@type":"ListItem","position":1,"name":"Home","item":"https:\/\/www.thebestsocial.media\/de\/"},{"@type":"ListItem","position":2,"name":"Die besten Kommentare zum Kinder-Interview mit Annalena Baerbock"}]},{"@type":"WebSite","@id":"https:\/\/www.thebestsocial.media\/de\/#website","url":"https:\/\/www.thebestsocial.media\/de\/","name":"The Best Social Media DE","description":"","potentialAction":[{"@type":"SearchAction","target":{"@type":"EntryPoint","urlTemplate":"https:\/\/www.thebestsocial.media\/de\/?s={search_term_string}"},"query-input":{"@type":"PropertyValueSpecification","valueRequired":true,"valueName":"search_term_string"}}],"inLanguage":"de"},{"@type":"Person","@id":"https:\/\/www.thebestsocial.media\/de\/#\/schema\/person\/6267acc046505b90b912687a039220df","name":"Helene Mei\u00dfner","image":{"@type":"ImageObject","inLanguage":"de","@id":"https:\/\/secure.gravatar.com\/avatar\/6639fc0397860ac2c2e11b018c1f14be4a46c2378a91ac1b35730b724675daa8?s=96&d=mm&r=g","url":"https:\/\/secure.gravatar.com\/avatar\/6639fc0397860ac2c2e11b018c1f14be4a46c2378a91ac1b35730b724675daa8?s=96&d=mm&r=g","contentUrl":"https:\/\/secure.gravatar.com\/avatar\/6639fc0397860ac2c2e11b018c1f14be4a46c2378a91ac1b35730b724675daa8?s=96&d=mm&r=g","caption":"Helene Mei\u00dfner"},"description":"Kommt aus Berlin und hat dementsprechend nat\u00fcrlich irgendwas mit Medien studiert. Verlegt oft Dinge, w\u00e4hrend sie sie in der Hand h\u00e4lt. Findet Kauger\u00e4usche unausstehlich. Hat eine Schw\u00e4che f\u00fcr Glitzer und immer mindestens 50 Tabs offen.","sameAs":["https:\/\/www.instagram.com\/he.leni\/"],"url":"https:\/\/www.thebestsocial.media\/de\/author\/helenemeissner\/"}]}},"amp_enabled":true,"_links":{"self":[{"href":"https:\/\/www.thebestsocial.media\/de\/wp-json\/wp\/v2\/posts\/150353","targetHints":{"allow":["GET"]}}],"collection":[{"href":"https:\/\/www.thebestsocial.media\/de\/wp-json\/wp\/v2\/posts"}],"about":[{"href":"https:\/\/www.thebestsocial.media\/de\/wp-json\/wp\/v2\/types\/post"}],"author":[{"embeddable":true,"href":"https:\/\/www.thebestsocial.media\/de\/wp-json\/wp\/v2\/users\/73"}],"replies":[{"embeddable":true,"href":"https:\/\/www.thebestsocial.media\/de\/wp-json\/wp\/v2\/comments?post=150353"}],"version-history":[{"count":9,"href":"https:\/\/www.thebestsocial.media\/de\/wp-json\/wp\/v2\/posts\/150353\/revisions"}],"predecessor-version":[{"id":150374,"href":"https:\/\/www.thebestsocial.media\/de\/wp-json\/wp\/v2\/posts\/150353\/revisions\/150374"}],"wp:featuredmedia":[{"embeddable":true,"href":"https:\/\/www.thebestsocial.media\/de\/wp-json\/wp\/v2\/media\/150119"}],"wp:attachment":[{"href":"https:\/\/www.thebestsocial.media\/de\/wp-json\/wp\/v2\/media?parent=150353"}],"wp:term":[{"taxonomy":"category","embeddable":true,"href":"https:\/\/www.thebestsocial.media\/de\/wp-json\/wp\/v2\/categories?post=150353"},{"taxonomy":"post_tag","embeddable":true,"href":"https:\/\/www.thebestsocial.media\/de\/wp-json\/wp\/v2\/tags?post=150353"}],"curies":[{"name":"wp","href":"https:\/\/api.w.org\/{rel}","templated":true}]}}