{"id":150230,"date":"2021-09-20T10:04:12","date_gmt":"2021-09-20T10:04:12","guid":{"rendered":"https:\/\/www.thebestsocial.media\/de\/?p=150230"},"modified":"2021-09-20T10:04:12","modified_gmt":"2021-09-20T10:04:12","slug":"twitter-user-erklaert-warum-nena-ihre-tour-womoeglich-gar-nicht-wegen-zu-harter-corona-regeln-abgesagt-hat","status":"publish","type":"post","link":"https:\/\/www.thebestsocial.media\/de\/twitter-user-erklaert-warum-nena-ihre-tour-womoeglich-gar-nicht-wegen-zu-harter-corona-regeln-abgesagt-hat\/","title":{"rendered":"Twitter-User erkl\u00e4rt, warum Nena ihre Tour wom\u00f6glich gar nicht wegen zu harter Corona Regeln abgesagt hat"},"content":{"rendered":"<p>Die aus Hagen stammende Pop-S\u00e4ngerin Nena hat ihre Deutschlandtour abgesagt. Der Grund daf\u00fcr sei, Aussagen der S\u00e4ngerin zufolge, ihr pers\u00f6nlicher Konflikt mit den von der Regierung verh\u00e4ngten Corona Ma\u00dfnahmen. Der Twitteruser <a href=\"https:\/\/twitter.com\/HerrNaumann\">Herr Naumann<\/a> hat unterdessen einen wom\u00f6glich ganz anderen Ausl\u00f6ser f\u00fcr die abgesagten Konzerte gefunden:<\/p>\n<blockquote class=\"twitter-tweet\">\n<p lang=\"de\" dir=\"ltr\">Kann es sein, dass <a href=\"https:\/\/twitter.com\/hashtag\/Nena?src=hash&amp;ref_src=twsrc%5Etfw\">#Nena<\/a> ihre Tour aus einem ganz anderen Grund abgesagt hat? Es scheint n\u00e4mlich so, dass sie kaum noch jemand sehen \/ h\u00f6ren will und die Tour ein Desaster gewesen w\u00e4re. Sieht man gut am Ticketverkauf vom letzten Wochenende. (Thread) (1\/10)<\/p>\n<p>&mdash; Herr Naumann \ud83d\udc89\ud83d\udc89 &amp; \ud83d\ude37 (@HerrNaumann) <a href=\"https:\/\/twitter.com\/HerrNaumann\/status\/1439134673008013314?ref_src=twsrc%5Etfw\">September 18, 2021<\/a><\/p><\/blockquote>\n<p> <script async src=\"https:\/\/platform.twitter.com\/widgets.js\" charset=\"utf-8\"><\/script><\/p>\n<blockquote class=\"twitter-tweet\" data-conversation=\"none\">\n<p lang=\"de\" dir=\"ltr\">Letztes Wochenende fand bei uns in Th\u00fcringen der Apoldaer Musiksommer statt: 3 Tage Open Air, max. 6.000 Tickets. (2\/10)<\/p>\n<p>&mdash; Herr Naumann \ud83d\udc89\ud83d\udc89 &amp; \ud83d\ude37 (@HerrNaumann) <a href=\"https:\/\/twitter.com\/HerrNaumann\/status\/1439134674010447876?ref_src=twsrc%5Etfw\">September 18, 2021<\/a><\/p><\/blockquote>\n<p> <script async src=\"https:\/\/platform.twitter.com\/widgets.js\" charset=\"utf-8\"><\/script><\/p>\n<blockquote class=\"twitter-tweet\" data-conversation=\"none\">\n<p lang=\"de\" dir=\"ltr\">Am Samstagabend fand nun also das <a href=\"https:\/\/twitter.com\/hashtag\/Nena?src=hash&amp;ref_src=twsrc%5Etfw\">#Nena<\/a>-Konzert statt. Von den maximal 6.000 Tickets hat sie 1.100 verkauft, das sind keine 20%. Ein Ticket kostete 55 Euro, insgesamt ein Umsatz von 60.500 Euro. (3\/10)<\/p>\n<p>&mdash; Herr Naumann \ud83d\udc89\ud83d\udc89 &amp; \ud83d\ude37 (@HerrNaumann) <a href=\"https:\/\/twitter.com\/HerrNaumann\/status\/1439134675025514496?ref_src=twsrc%5Etfw\">September 18, 2021<\/a><\/p><\/blockquote>\n<p> <script async src=\"https:\/\/platform.twitter.com\/widgets.js\" charset=\"utf-8\"><\/script><\/p>\n<blockquote class=\"twitter-tweet\" data-conversation=\"none\">\n<p lang=\"de\" dir=\"ltr\">Klar, jetzt k\u00f6nnte es sein, dass die Leute aktuell einfach keine Lust auf Konzerte haben, Corona ist ja auch noch. Daher: wie waren denn die Verk\u00e4ufe bei den anderen Acts? (4\/10)<\/p>\n<p>&mdash; Herr Naumann \ud83d\udc89\ud83d\udc89 &amp; \ud83d\ude37 (@HerrNaumann) <a href=\"https:\/\/twitter.com\/HerrNaumann\/status\/1439134676111794179?ref_src=twsrc%5Etfw\">September 18, 2021<\/a><\/p><\/blockquote>\n<p> <script async src=\"https:\/\/platform.twitter.com\/widgets.js\" charset=\"utf-8\"><\/script><\/p>\n<blockquote class=\"twitter-tweet\" data-conversation=\"none\">\n<p lang=\"de\" dir=\"ltr\">Am Vortag, Freitagabend, stand Clueso auf dem Programm und er hat alle 6.000 Tickets verkauft (je 49,90 Euro). Ein Umsatz von 299.400 Euro. Ja, ausverkauft! (5\/10)<\/p>\n<p>&mdash; Herr Naumann \ud83d\udc89\ud83d\udc89 &amp; \ud83d\ude37 (@HerrNaumann) <a href=\"https:\/\/twitter.com\/HerrNaumann\/status\/1439134677642747908?ref_src=twsrc%5Etfw\">September 18, 2021<\/a><\/p><\/blockquote>\n<p> <script async src=\"https:\/\/platform.twitter.com\/widgets.js\" charset=\"utf-8\"><\/script><\/p>\n<blockquote class=\"twitter-tweet\" data-conversation=\"none\">\n<p lang=\"de\" dir=\"ltr\">Am Tag nach Nenas Auftritt, also am Sonntagabend, stand Roland Kaiser auf der B\u00fchne. Sonntag ist f\u00fcr Konzerte nun etwas ung\u00fcnstiger als Samstag (Montag fr\u00fch aufstehen) und Karten f\u00fcr Roland Kaiser waren mit 65 Euro auch noch etwas teurer als f\u00fcr Nena. (6\/10)<\/p>\n<p>&mdash; Herr Naumann \ud83d\udc89\ud83d\udc89 &amp; \ud83d\ude37 (@HerrNaumann) <a href=\"https:\/\/twitter.com\/HerrNaumann\/status\/1439134678720651266?ref_src=twsrc%5Etfw\">September 18, 2021<\/a><\/p><\/blockquote>\n<p> <script async src=\"https:\/\/platform.twitter.com\/widgets.js\" charset=\"utf-8\"><\/script><\/p>\n<blockquote class=\"twitter-tweet\" data-conversation=\"none\">\n<p lang=\"de\" dir=\"ltr\">Und dennoch: Roland Kaiser hat 4.500 Karten verkauft, 3\/4 der Karten. Das entspricht einem Umsatz von 292.500 Euro. Fast so hoch wie bei Clueso! (7\/10)<\/p>\n<p>&mdash; Herr Naumann \ud83d\udc89\ud83d\udc89 &amp; \ud83d\ude37 (@HerrNaumann) <a href=\"https:\/\/twitter.com\/HerrNaumann\/status\/1439134679777652736?ref_src=twsrc%5Etfw\">September 18, 2021<\/a><\/p><\/blockquote>\n<p> <script async src=\"https:\/\/platform.twitter.com\/widgets.js\" charset=\"utf-8\"><\/script><\/p>\n<blockquote class=\"twitter-tweet\" data-conversation=\"none\">\n<p lang=\"de\" dir=\"ltr\">Ist das nicht \u00fcbel? Clueso und Roland Kaiser spielen Freitag und Sonntag jeweils 300.000 Euro ein und Nena spielt dazwischen (Samstag) gerade einmal 60.000 Euro ein!? (8\/10)<\/p>\n<p>&mdash; Herr Naumann \ud83d\udc89\ud83d\udc89 &amp; \ud83d\ude37 (@HerrNaumann) <a href=\"https:\/\/twitter.com\/HerrNaumann\/status\/1439134680817745920?ref_src=twsrc%5Etfw\">September 18, 2021<\/a><\/p><\/blockquote>\n<p> <script async src=\"https:\/\/platform.twitter.com\/widgets.js\" charset=\"utf-8\"><\/script><\/p>\n<blockquote class=\"twitter-tweet\" data-conversation=\"none\">\n<p lang=\"de\" dir=\"ltr\">Ich glaube, der letzte Samstag wird alarmierend f\u00fcr das Management gewesen sein. Eine Tour w\u00e4re wohl nach derzeitigem Stand eine (nicht nur finanzielle) Katastrophe f\u00fcr Nena geworden. Aus meiner Sicht ein klassischer Fall von \u201eRei\u00dfleine gezogen\u201c! (9\/10)<\/p>\n<p>&mdash; Herr Naumann \ud83d\udc89\ud83d\udc89 &amp; \ud83d\ude37 (@HerrNaumann) <a href=\"https:\/\/twitter.com\/HerrNaumann\/status\/1439134681904132098?ref_src=twsrc%5Etfw\">September 18, 2021<\/a><\/p><\/blockquote>\n<p> <script async src=\"https:\/\/platform.twitter.com\/widgets.js\" charset=\"utf-8\"><\/script><\/p>\n<blockquote class=\"twitter-tweet\" data-conversation=\"none\">\n<p lang=\"fr\" dir=\"ltr\">Quellen:<br \/>[1] <a href=\"https:\/\/t.co\/9KCSQ9pklJ\">https:\/\/t.co\/9KCSQ9pklJ<\/a><br \/>[2] <a href=\"https:\/\/t.co\/PygU2L9VV5\">https:\/\/t.co\/PygU2L9VV5<\/a> (10\/10)<\/p>\n<p>&mdash; Herr Naumann \ud83d\udc89\ud83d\udc89 &amp; \ud83d\ude37 (@HerrNaumann) <a href=\"https:\/\/twitter.com\/HerrNaumann\/status\/1439134683237916672?ref_src=twsrc%5Etfw\">September 18, 2021<\/a><\/p><\/blockquote>\n<p> <script async src=\"https:\/\/platform.twitter.com\/widgets.js\" charset=\"utf-8\"><\/script><\/p>\n<p>&nbsp;<br \/>\n<strong>Ist Kritik an der deutschen Berichterstattung hier angemessen?<\/strong><\/p>\n<blockquote class=\"twitter-tweet\" data-conversation=\"none\">\n<p lang=\"de\" dir=\"ltr\">Endlich mal jemand, der sich die Zahlen anschaut. W\u00fcrde ich mir von den Journalisten w\u00fcnschen. Danke dir \ud83d\ude4f<\/p>\n<p>&mdash; Marco Klock (@KlockMarco) <a href=\"https:\/\/twitter.com\/KlockMarco\/status\/1439146002947117058?ref_src=twsrc%5Etfw\">September 18, 2021<\/a><\/p><\/blockquote>\n<p> <script async src=\"https:\/\/platform.twitter.com\/widgets.js\" charset=\"utf-8\"><\/script><\/p>\n<p>&nbsp;<br \/>\n<strong>Ein Seitenhieb f\u00fcr Querdenker Szene darf auch hier nat\u00fcrlich nicht fehlen.<\/strong><\/p>\n<blockquote class=\"twitter-tweet\" data-conversation=\"none\">\n<p lang=\"de\" dir=\"ltr\">Ja nat\u00fcrlich ist das so. Die Schwurbler leben in einer kollektiven Psychose, die ihnen suggeriert, dass sie viele sind. Das sind sie nicht und waren sie nie<\/p>\n<p>&mdash; ostwestf\u00e4lische steiss (@nogotiated) <a href=\"https:\/\/twitter.com\/nogotiated\/status\/1439192890836766724?ref_src=twsrc%5Etfw\">September 18, 2021<\/a><\/p><\/blockquote>\n<p> <script async src=\"https:\/\/platform.twitter.com\/widgets.js\" charset=\"utf-8\"><\/script><\/p>\n<blockquote class=\"twitter-tweet\" data-conversation=\"none\">\n<p lang=\"de\" dir=\"ltr\">Nun hat sich auch Nena in die Reihe der K\u00fcnstler:innen begeben, die durch ihr wissenschaftsfeindliches extremes Verhalten ihre Karriere ruinieren\u2026 Die Mehrheit der Bev\u00f6lkerung ist nunmal vern\u00fcnftig und nicht hier auf Twitter bei den Schwurblern.<\/p>\n<p>&mdash; Safar Khan (@SafarKh61868963) <a href=\"https:\/\/twitter.com\/SafarKh61868963\/status\/1439178673475686400?ref_src=twsrc%5Etfw\">September 18, 2021<\/a><\/p><\/blockquote>\n<p> <script async src=\"https:\/\/platform.twitter.com\/widgets.js\" charset=\"utf-8\"><\/script><\/p>\n<p>&nbsp;<br \/>\n<strong>Was ein Dilemma.<\/strong><\/p>\n<blockquote class=\"twitter-tweet\" data-conversation=\"none\">\n<p lang=\"de\" dir=\"ltr\">Das Ding ist doch die Leute, die Nena mal mochten sind von ihrem &quot;Querdenken&quot; abgeschreckt und die, denen das nichts ausmacht, wollen sich kein 2G &quot;vorschreiben lassen&quot; bzw. sind auch nicht unbedingt geimpft.<\/p>\n<p>&mdash; Klugscheiszerin\ud83d\udc89 (@Klugscheiszerin) <a href=\"https:\/\/twitter.com\/Klugscheiszerin\/status\/1439170819159171076?ref_src=twsrc%5Etfw\">September 18, 2021<\/a><\/p><\/blockquote>\n<p> <script async src=\"https:\/\/platform.twitter.com\/widgets.js\" charset=\"utf-8\"><\/script><\/p>\n<p>&nbsp;<\/p>\n<p>&#8212;<br \/>\nVielen Dank an alle f\u00fcr die Posts.<br \/>\n&#8212;<br \/>\n<strong>Keine Influencer! Kein Foodporn! Nur ganz viel Spa\u00df &#8211; bei uns auf Instagram:<\/strong><\/p>\n<blockquote class=\"instagram-media\" data-instgrm-captioned data-instgrm-permalink=\"https:\/\/www.instagram.com\/p\/CTohdipKPCn\/?utm_source=ig_embed&amp;utm_campaign=loading\" data-instgrm-version=\"13\" style=\" background:#FFF; border:0; border-radius:3px; box-shadow:0 0 1px 0 rgba(0,0,0,0.5),0 1px 10px 0 rgba(0,0,0,0.15); margin: 1px; max-width:540px; min-width:326px; padding:0; width:99.375%; width:-webkit-calc(100% - 2px); width:calc(100% - 2px);\">\n<div style=\"padding:16px;\"> <a href=\"https:\/\/www.instagram.com\/p\/CTohdipKPCn\/?utm_source=ig_embed&amp;utm_campaign=loading\" style=\" background:#FFFFFF; line-height:0; padding:0 0; text-align:center; text-decoration:none; width:100%;\" target=\"_blank\" rel=\"noopener\"> <\/p>\n<div style=\" display: flex; flex-direction: row; align-items: center;\">\n<div style=\"background-color: #F4F4F4; border-radius: 50%; flex-grow: 0; height: 40px; margin-right: 14px; width: 40px;\"><\/div>\n<div style=\"display: flex; flex-direction: column; flex-grow: 1; justify-content: center;\">\n<div style=\" background-color: #F4F4F4; border-radius: 4px; flex-grow: 0; height: 14px; margin-bottom: 6px; width: 100px;\"><\/div>\n<div style=\" background-color: #F4F4F4; border-radius: 4px; flex-grow: 0; height: 14px; width: 60px;\"><\/div>\n<\/div>\n<\/div>\n<div style=\"padding: 19% 0;\"><\/div>\n<div style=\"display:block; height:50px; margin:0 auto 12px; width:50px;\"><svg width=\"50px\" height=\"50px\" viewBox=\"0 0 60 60\" version=\"1.1\" xmlns=\"https:\/\/www.w3.org\/2000\/svg\" xmlns:xlink=\"https:\/\/www.w3.org\/1999\/xlink\"><g stroke=\"none\" stroke-width=\"1\" fill=\"none\" fill-rule=\"evenodd\"><g transform=\"translate(-511.000000, -20.000000)\" fill=\"#000000\"><g><path d=\"M556.869,30.41 C554.814,30.41 553.148,32.076 553.148,34.131 C553.148,36.186 554.814,37.852 556.869,37.852 C558.924,37.852 560.59,36.186 560.59,34.131 C560.59,32.076 558.924,30.41 556.869,30.41 M541,60.657 C535.114,60.657 530.342,55.887 530.342,50 C530.342,44.114 535.114,39.342 541,39.342 C546.887,39.342 551.658,44.114 551.658,50 C551.658,55.887 546.887,60.657 541,60.657 M541,33.886 C532.1,33.886 524.886,41.1 524.886,50 C524.886,58.899 532.1,66.113 541,66.113 C549.9,66.113 557.115,58.899 557.115,50 C557.115,41.1 549.9,33.886 541,33.886 M565.378,62.101 C565.244,65.022 564.756,66.606 564.346,67.663 C563.803,69.06 563.154,70.057 562.106,71.106 C561.058,72.155 560.06,72.803 558.662,73.347 C557.607,73.757 556.021,74.244 553.102,74.378 C549.944,74.521 548.997,74.552 541,74.552 C533.003,74.552 532.056,74.521 528.898,74.378 C525.979,74.244 524.393,73.757 523.338,73.347 C521.94,72.803 520.942,72.155 519.894,71.106 C518.846,70.057 518.197,69.06 517.654,67.663 C517.244,66.606 516.755,65.022 516.623,62.101 C516.479,58.943 516.448,57.996 516.448,50 C516.448,42.003 516.479,41.056 516.623,37.899 C516.755,34.978 517.244,33.391 517.654,32.338 C518.197,30.938 518.846,29.942 519.894,28.894 C520.942,27.846 521.94,27.196 523.338,26.654 C524.393,26.244 525.979,25.756 528.898,25.623 C532.057,25.479 533.004,25.448 541,25.448 C548.997,25.448 549.943,25.479 553.102,25.623 C556.021,25.756 557.607,26.244 558.662,26.654 C560.06,27.196 561.058,27.846 562.106,28.894 C563.154,29.942 563.803,30.938 564.346,32.338 C564.756,33.391 565.244,34.978 565.378,37.899 C565.522,41.056 565.552,42.003 565.552,50 C565.552,57.996 565.522,58.943 565.378,62.101 M570.82,37.631 C570.674,34.438 570.167,32.258 569.425,30.349 C568.659,28.377 567.633,26.702 565.965,25.035 C564.297,23.368 562.623,22.342 560.652,21.575 C558.743,20.834 556.562,20.326 553.369,20.18 C550.169,20.033 549.148,20 541,20 C532.853,20 531.831,20.033 528.631,20.18 C525.438,20.326 523.257,20.834 521.349,21.575 C519.376,22.342 517.703,23.368 516.035,25.035 C514.368,26.702 513.342,28.377 512.574,30.349 C511.834,32.258 511.326,34.438 511.181,37.631 C511.035,40.831 511,41.851 511,50 C511,58.147 511.035,59.17 511.181,62.369 C511.326,65.562 511.834,67.743 512.574,69.651 C513.342,71.625 514.368,73.296 516.035,74.965 C517.703,76.634 519.376,77.658 521.349,78.425 C523.257,79.167 525.438,79.673 528.631,79.82 C531.831,79.965 532.853,80.001 541,80.001 C549.148,80.001 550.169,79.965 553.369,79.82 C556.562,79.673 558.743,79.167 560.652,78.425 C562.623,77.658 564.297,76.634 565.965,74.965 C567.633,73.296 568.659,71.625 569.425,69.651 C570.167,67.743 570.674,65.562 570.82,62.369 C570.966,59.17 571,58.147 571,50 C571,41.851 570.966,40.831 570.82,37.631\"><\/path><\/g><\/g><\/g><\/svg><\/div>\n<div style=\"padding-top: 8px;\">\n<div style=\" color:#3897f0; font-family:Arial,sans-serif; font-size:14px; font-style:normal; font-weight:550; line-height:18px;\"> Sieh dir diesen Beitrag auf Instagram an<\/div>\n<\/div>\n<div style=\"padding: 12.5% 0;\"><\/div>\n<div style=\"display: flex; flex-direction: row; margin-bottom: 14px; align-items: center;\">\n<div>\n<div style=\"background-color: #F4F4F4; border-radius: 50%; height: 12.5px; width: 12.5px; transform: translateX(0px) translateY(7px);\"><\/div>\n<div style=\"background-color: #F4F4F4; height: 12.5px; transform: rotate(-45deg) translateX(3px) translateY(1px); width: 12.5px; flex-grow: 0; margin-right: 14px; margin-left: 2px;\"><\/div>\n<div style=\"background-color: #F4F4F4; border-radius: 50%; height: 12.5px; width: 12.5px; transform: translateX(9px) translateY(-18px);\"><\/div>\n<\/div>\n<div style=\"margin-left: 8px;\">\n<div style=\" background-color: #F4F4F4; border-radius: 50%; flex-grow: 0; height: 20px; width: 20px;\"><\/div>\n<div style=\" width: 0; height: 0; border-top: 2px solid transparent; border-left: 6px solid #f4f4f4; border-bottom: 2px solid transparent; transform: translateX(16px) translateY(-4px) rotate(30deg)\"><\/div>\n<\/div>\n<div style=\"margin-left: auto;\">\n<div style=\" width: 0px; border-top: 8px solid #F4F4F4; border-right: 8px solid transparent; transform: translateY(16px);\"><\/div>\n<div style=\" background-color: #F4F4F4; flex-grow: 0; height: 12px; width: 16px; transform: translateY(-4px);\"><\/div>\n<div style=\" width: 0; height: 0; border-top: 8px solid #F4F4F4; border-left: 8px solid transparent; transform: translateY(-4px) translateX(8px);\"><\/div>\n<\/div>\n<\/div>\n<div style=\"display: flex; flex-direction: column; flex-grow: 1; justify-content: center; margin-bottom: 24px;\">\n<div style=\" background-color: #F4F4F4; border-radius: 4px; flex-grow: 0; height: 14px; margin-bottom: 6px; width: 224px;\"><\/div>\n<div style=\" background-color: #F4F4F4; border-radius: 4px; flex-grow: 0; height: 14px; width: 144px;\"><\/div>\n<\/div>\n<p><\/a><\/p>\n<p style=\" color:#c9c8cd; font-family:Arial,sans-serif; font-size:14px; line-height:17px; margin-bottom:0; margin-top:8px; overflow:hidden; padding:8px 0 7px; text-align:center; text-overflow:ellipsis; white-space:nowrap;\"><a href=\"https:\/\/www.instagram.com\/p\/CTohdipKPCn\/?utm_source=ig_embed&amp;utm_campaign=loading\" style=\" color:#c9c8cd; font-family:Arial,sans-serif; font-size:14px; font-style:normal; font-weight:normal; line-height:17px; text-decoration:none;\" target=\"_blank\" rel=\"noopener\">Ein Beitrag geteilt von The Best Social Media &#8211; DE (@thebestsocialmediade)<\/a><\/p>\n<\/div>\n<\/blockquote>\n\n<script async defer src=\"\/instagram-embed.js\"><\/script>","protected":false},"excerpt":{"rendered":"<p>Die aus Hagen stammende Pop-S\u00e4ngerin Nena hat ihre Deutschlandtour abgesagt. Der Grund daf\u00fcr sei, Aussagen der S\u00e4ngerin zufolge, ihr pers\u00f6nlicher Konflikt mit den von der&#8230;<\/p>\n","protected":false},"author":77,"featured_media":150244,"comment_status":"open","ping_status":"open","sticky":false,"template":"","format":"standard","meta":{"_acf_changed":false,"footnotes":""},"categories":[35,1],"tags":[4659,4679,4680],"class_list":["post-150230","post","type-post","status-publish","format-standard","has-post-thumbnail","hentry","category-twitter","category-uncategorized","tag-corona-querdenker","tag-nena","tag-schwurbler"],"acf":[],"yoast_head":"<!-- This site is optimized with the Yoast SEO plugin v27.4 - https:\/\/yoast.com\/product\/yoast-seo-wordpress\/ -->\n<title>Nena sagt Tour ab - wegen schlechter Kartenverk\u00e4ufe?<\/title>\n<meta name=\"robots\" content=\"index, follow, max-snippet:-1, max-image-preview:large, max-video-preview:-1\" \/>\n<link rel=\"canonical\" href=\"https:\/\/www.thebestsocial.media\/de\/twitter-user-erklaert-warum-nena-ihre-tour-womoeglich-gar-nicht-wegen-zu-harter-corona-regeln-abgesagt-hat\/\" \/>\n<meta property=\"og:locale\" content=\"de_DE\" \/>\n<meta property=\"og:type\" content=\"article\" \/>\n<meta property=\"og:title\" content=\"Twitter-User erkl\u00e4rt, warum Nena ihre Tour wom\u00f6glich gar nicht wegen zu harter Corona Regeln abgesagt hat\" \/>\n<meta property=\"og:description\" content=\"Die aus Hagen stammende Pop-S\u00e4ngerin Nena hat ihre Deutschlandtour abgesagt. Der Grund daf\u00fcr sei, Aussagen der S\u00e4ngerin zufolge, ihr pers\u00f6nlicher Konflikt mit den von der...\" \/>\n<meta property=\"og:url\" content=\"https:\/\/www.thebestsocial.media\/de\/twitter-user-erklaert-warum-nena-ihre-tour-womoeglich-gar-nicht-wegen-zu-harter-corona-regeln-abgesagt-hat\/\" \/>\n<meta property=\"og:site_name\" content=\"The Best Social Media DE\" \/>\n<meta property=\"article:author\" content=\"https:\/\/www.facebook.com\/adrian.krug.5\" \/>\n<meta property=\"article:published_time\" content=\"2021-09-20T10:04:12+00:00\" \/>\n<meta property=\"og:image\" content=\"https:\/\/www.thebestsocial.media\/de\/wp-content\/uploads\/sites\/3\/2021\/09\/Header_Bild_Neu.Nena_.png\" \/>\n\t<meta property=\"og:image:width\" content=\"1200\" \/>\n\t<meta property=\"og:image:height\" content=\"630\" \/>\n\t<meta property=\"og:image:type\" content=\"image\/png\" \/>\n<meta name=\"author\" content=\"Adrian Krug\" \/>\n<meta name=\"twitter:card\" content=\"summary_large_image\" \/>\n<meta name=\"twitter:creator\" content=\"@https:\/\/twitter.com\/Hasscompilation\" \/>\n<meta name=\"twitter:label1\" content=\"Verfasst von\" \/>\n\t<meta name=\"twitter:data1\" content=\"Adrian Krug\" \/>\n\t<meta name=\"twitter:label2\" content=\"Gesch\u00e4tzte Lesezeit\" \/>\n\t<meta name=\"twitter:data2\" content=\"3\u00a0Minuten\" \/>\n<script type=\"application\/ld+json\" class=\"yoast-schema-graph\">{\"@context\":\"https:\\\/\\\/schema.org\",\"@graph\":[{\"@type\":\"Article\",\"@id\":\"https:\\\/\\\/www.thebestsocial.media\\\/de\\\/twitter-user-erklaert-warum-nena-ihre-tour-womoeglich-gar-nicht-wegen-zu-harter-corona-regeln-abgesagt-hat\\\/#article\",\"isPartOf\":{\"@id\":\"https:\\\/\\\/www.thebestsocial.media\\\/de\\\/twitter-user-erklaert-warum-nena-ihre-tour-womoeglich-gar-nicht-wegen-zu-harter-corona-regeln-abgesagt-hat\\\/\"},\"author\":{\"name\":\"Adrian Krug\",\"@id\":\"https:\\\/\\\/www.thebestsocial.media\\\/de\\\/#\\\/schema\\\/person\\\/f6571568c8f173869acb99d089b1223b\"},\"headline\":\"Twitter-User erkl\u00e4rt, warum Nena ihre Tour wom\u00f6glich gar nicht wegen zu harter Corona Regeln abgesagt hat\",\"datePublished\":\"2021-09-20T10:04:12+00:00\",\"mainEntityOfPage\":{\"@id\":\"https:\\\/\\\/www.thebestsocial.media\\\/de\\\/twitter-user-erklaert-warum-nena-ihre-tour-womoeglich-gar-nicht-wegen-zu-harter-corona-regeln-abgesagt-hat\\\/\"},\"wordCount\":631,\"commentCount\":0,\"image\":{\"@id\":\"https:\\\/\\\/www.thebestsocial.media\\\/de\\\/twitter-user-erklaert-warum-nena-ihre-tour-womoeglich-gar-nicht-wegen-zu-harter-corona-regeln-abgesagt-hat\\\/#primaryimage\"},\"thumbnailUrl\":\"https:\\\/\\\/www.thebestsocial.media\\\/de\\\/wp-content\\\/uploads\\\/sites\\\/3\\\/2021\\\/09\\\/performance-3216209_1920.jpg\",\"keywords\":[\"Corona Querdenker\",\"Nena\",\"Schwurbler\"],\"articleSection\":[\"Twitter\",\"Uncategorized\"],\"inLanguage\":\"de\",\"potentialAction\":[{\"@type\":\"CommentAction\",\"name\":\"Comment\",\"target\":[\"https:\\\/\\\/www.thebestsocial.media\\\/de\\\/twitter-user-erklaert-warum-nena-ihre-tour-womoeglich-gar-nicht-wegen-zu-harter-corona-regeln-abgesagt-hat\\\/#respond\"]}]},{\"@type\":\"WebPage\",\"@id\":\"https:\\\/\\\/www.thebestsocial.media\\\/de\\\/twitter-user-erklaert-warum-nena-ihre-tour-womoeglich-gar-nicht-wegen-zu-harter-corona-regeln-abgesagt-hat\\\/\",\"url\":\"https:\\\/\\\/www.thebestsocial.media\\\/de\\\/twitter-user-erklaert-warum-nena-ihre-tour-womoeglich-gar-nicht-wegen-zu-harter-corona-regeln-abgesagt-hat\\\/\",\"name\":\"Nena sagt Tour ab - wegen schlechter Kartenverk\u00e4ufe?\",\"isPartOf\":{\"@id\":\"https:\\\/\\\/www.thebestsocial.media\\\/de\\\/#website\"},\"primaryImageOfPage\":{\"@id\":\"https:\\\/\\\/www.thebestsocial.media\\\/de\\\/twitter-user-erklaert-warum-nena-ihre-tour-womoeglich-gar-nicht-wegen-zu-harter-corona-regeln-abgesagt-hat\\\/#primaryimage\"},\"image\":{\"@id\":\"https:\\\/\\\/www.thebestsocial.media\\\/de\\\/twitter-user-erklaert-warum-nena-ihre-tour-womoeglich-gar-nicht-wegen-zu-harter-corona-regeln-abgesagt-hat\\\/#primaryimage\"},\"thumbnailUrl\":\"https:\\\/\\\/www.thebestsocial.media\\\/de\\\/wp-content\\\/uploads\\\/sites\\\/3\\\/2021\\\/09\\\/performance-3216209_1920.jpg\",\"datePublished\":\"2021-09-20T10:04:12+00:00\",\"author\":{\"@id\":\"https:\\\/\\\/www.thebestsocial.media\\\/de\\\/#\\\/schema\\\/person\\\/f6571568c8f173869acb99d089b1223b\"},\"breadcrumb\":{\"@id\":\"https:\\\/\\\/www.thebestsocial.media\\\/de\\\/twitter-user-erklaert-warum-nena-ihre-tour-womoeglich-gar-nicht-wegen-zu-harter-corona-regeln-abgesagt-hat\\\/#breadcrumb\"},\"inLanguage\":\"de\",\"potentialAction\":[{\"@type\":\"ReadAction\",\"target\":[\"https:\\\/\\\/www.thebestsocial.media\\\/de\\\/twitter-user-erklaert-warum-nena-ihre-tour-womoeglich-gar-nicht-wegen-zu-harter-corona-regeln-abgesagt-hat\\\/\"]}]},{\"@type\":\"ImageObject\",\"inLanguage\":\"de\",\"@id\":\"https:\\\/\\\/www.thebestsocial.media\\\/de\\\/twitter-user-erklaert-warum-nena-ihre-tour-womoeglich-gar-nicht-wegen-zu-harter-corona-regeln-abgesagt-hat\\\/#primaryimage\",\"url\":\"https:\\\/\\\/www.thebestsocial.media\\\/de\\\/wp-content\\\/uploads\\\/sites\\\/3\\\/2021\\\/09\\\/performance-3216209_1920.jpg\",\"contentUrl\":\"https:\\\/\\\/www.thebestsocial.media\\\/de\\\/wp-content\\\/uploads\\\/sites\\\/3\\\/2021\\\/09\\\/performance-3216209_1920.jpg\",\"width\":1920,\"height\":1158},{\"@type\":\"BreadcrumbList\",\"@id\":\"https:\\\/\\\/www.thebestsocial.media\\\/de\\\/twitter-user-erklaert-warum-nena-ihre-tour-womoeglich-gar-nicht-wegen-zu-harter-corona-regeln-abgesagt-hat\\\/#breadcrumb\",\"itemListElement\":[{\"@type\":\"ListItem\",\"position\":1,\"name\":\"Home\",\"item\":\"https:\\\/\\\/www.thebestsocial.media\\\/de\\\/\"},{\"@type\":\"ListItem\",\"position\":2,\"name\":\"Twitter-User erkl\u00e4rt, warum Nena ihre Tour wom\u00f6glich gar nicht wegen zu harter Corona Regeln abgesagt hat\"}]},{\"@type\":\"WebSite\",\"@id\":\"https:\\\/\\\/www.thebestsocial.media\\\/de\\\/#website\",\"url\":\"https:\\\/\\\/www.thebestsocial.media\\\/de\\\/\",\"name\":\"The Best Social Media DE\",\"description\":\"\",\"potentialAction\":[{\"@type\":\"SearchAction\",\"target\":{\"@type\":\"EntryPoint\",\"urlTemplate\":\"https:\\\/\\\/www.thebestsocial.media\\\/de\\\/?s={search_term_string}\"},\"query-input\":{\"@type\":\"PropertyValueSpecification\",\"valueRequired\":true,\"valueName\":\"search_term_string\"}}],\"inLanguage\":\"de\"},{\"@type\":\"Person\",\"@id\":\"https:\\\/\\\/www.thebestsocial.media\\\/de\\\/#\\\/schema\\\/person\\\/f6571568c8f173869acb99d089b1223b\",\"name\":\"Adrian Krug\",\"image\":{\"@type\":\"ImageObject\",\"inLanguage\":\"de\",\"@id\":\"https:\\\/\\\/secure.gravatar.com\\\/avatar\\\/c03aa48839ac1555ec73dfc0827342b090445264901990679cd3f8c6ef4ac2d7?s=96&d=mm&r=g\",\"url\":\"https:\\\/\\\/secure.gravatar.com\\\/avatar\\\/c03aa48839ac1555ec73dfc0827342b090445264901990679cd3f8c6ef4ac2d7?s=96&d=mm&r=g\",\"contentUrl\":\"https:\\\/\\\/secure.gravatar.com\\\/avatar\\\/c03aa48839ac1555ec73dfc0827342b090445264901990679cd3f8c6ef4ac2d7?s=96&d=mm&r=g\",\"caption\":\"Adrian Krug\"},\"description\":\"Ich bin Endeditor f\u00fcr TBSM DE und Creative Lead f\u00fcr Projekte auf Agenturseite.\",\"sameAs\":[\"https:\\\/\\\/www.facebook.com\\\/adrian.krug.5\",\"https:\\\/\\\/www.linkedin.com\\\/in\\\/adrian-krug-27536221a\\\/\",\"https:\\\/\\\/x.com\\\/https:\\\/\\\/twitter.com\\\/Hasscompilation\"],\"url\":\"https:\\\/\\\/www.thebestsocial.media\\\/de\\\/author\\\/adriankrug\\\/\"}]}<\/script>\n<!-- \/ Yoast SEO plugin. -->","yoast_head_json":{"title":"Nena sagt Tour ab - wegen schlechter Kartenverk\u00e4ufe?","robots":{"index":"index","follow":"follow","max-snippet":"max-snippet:-1","max-image-preview":"max-image-preview:large","max-video-preview":"max-video-preview:-1"},"canonical":"https:\/\/www.thebestsocial.media\/de\/twitter-user-erklaert-warum-nena-ihre-tour-womoeglich-gar-nicht-wegen-zu-harter-corona-regeln-abgesagt-hat\/","og_locale":"de_DE","og_type":"article","og_title":"Twitter-User erkl\u00e4rt, warum Nena ihre Tour wom\u00f6glich gar nicht wegen zu harter Corona Regeln abgesagt hat","og_description":"Die aus Hagen stammende Pop-S\u00e4ngerin Nena hat ihre Deutschlandtour abgesagt. Der Grund daf\u00fcr sei, Aussagen der S\u00e4ngerin zufolge, ihr pers\u00f6nlicher Konflikt mit den von der...","og_url":"https:\/\/www.thebestsocial.media\/de\/twitter-user-erklaert-warum-nena-ihre-tour-womoeglich-gar-nicht-wegen-zu-harter-corona-regeln-abgesagt-hat\/","og_site_name":"The Best Social Media DE","article_author":"https:\/\/www.facebook.com\/adrian.krug.5","article_published_time":"2021-09-20T10:04:12+00:00","og_image":[{"width":1200,"height":630,"url":"https:\/\/www.thebestsocial.media\/de\/wp-content\/uploads\/sites\/3\/2021\/09\/Header_Bild_Neu.Nena_.png","type":"image\/png"}],"author":"Adrian Krug","twitter_card":"summary_large_image","twitter_creator":"@https:\/\/twitter.com\/Hasscompilation","twitter_misc":{"Verfasst von":"Adrian Krug","Gesch\u00e4tzte Lesezeit":"3\u00a0Minuten"},"schema":{"@context":"https:\/\/schema.org","@graph":[{"@type":"Article","@id":"https:\/\/www.thebestsocial.media\/de\/twitter-user-erklaert-warum-nena-ihre-tour-womoeglich-gar-nicht-wegen-zu-harter-corona-regeln-abgesagt-hat\/#article","isPartOf":{"@id":"https:\/\/www.thebestsocial.media\/de\/twitter-user-erklaert-warum-nena-ihre-tour-womoeglich-gar-nicht-wegen-zu-harter-corona-regeln-abgesagt-hat\/"},"author":{"name":"Adrian Krug","@id":"https:\/\/www.thebestsocial.media\/de\/#\/schema\/person\/f6571568c8f173869acb99d089b1223b"},"headline":"Twitter-User erkl\u00e4rt, warum Nena ihre Tour wom\u00f6glich gar nicht wegen zu harter Corona Regeln abgesagt hat","datePublished":"2021-09-20T10:04:12+00:00","mainEntityOfPage":{"@id":"https:\/\/www.thebestsocial.media\/de\/twitter-user-erklaert-warum-nena-ihre-tour-womoeglich-gar-nicht-wegen-zu-harter-corona-regeln-abgesagt-hat\/"},"wordCount":631,"commentCount":0,"image":{"@id":"https:\/\/www.thebestsocial.media\/de\/twitter-user-erklaert-warum-nena-ihre-tour-womoeglich-gar-nicht-wegen-zu-harter-corona-regeln-abgesagt-hat\/#primaryimage"},"thumbnailUrl":"https:\/\/www.thebestsocial.media\/de\/wp-content\/uploads\/sites\/3\/2021\/09\/performance-3216209_1920.jpg","keywords":["Corona Querdenker","Nena","Schwurbler"],"articleSection":["Twitter","Uncategorized"],"inLanguage":"de","potentialAction":[{"@type":"CommentAction","name":"Comment","target":["https:\/\/www.thebestsocial.media\/de\/twitter-user-erklaert-warum-nena-ihre-tour-womoeglich-gar-nicht-wegen-zu-harter-corona-regeln-abgesagt-hat\/#respond"]}]},{"@type":"WebPage","@id":"https:\/\/www.thebestsocial.media\/de\/twitter-user-erklaert-warum-nena-ihre-tour-womoeglich-gar-nicht-wegen-zu-harter-corona-regeln-abgesagt-hat\/","url":"https:\/\/www.thebestsocial.media\/de\/twitter-user-erklaert-warum-nena-ihre-tour-womoeglich-gar-nicht-wegen-zu-harter-corona-regeln-abgesagt-hat\/","name":"Nena sagt Tour ab - wegen schlechter Kartenverk\u00e4ufe?","isPartOf":{"@id":"https:\/\/www.thebestsocial.media\/de\/#website"},"primaryImageOfPage":{"@id":"https:\/\/www.thebestsocial.media\/de\/twitter-user-erklaert-warum-nena-ihre-tour-womoeglich-gar-nicht-wegen-zu-harter-corona-regeln-abgesagt-hat\/#primaryimage"},"image":{"@id":"https:\/\/www.thebestsocial.media\/de\/twitter-user-erklaert-warum-nena-ihre-tour-womoeglich-gar-nicht-wegen-zu-harter-corona-regeln-abgesagt-hat\/#primaryimage"},"thumbnailUrl":"https:\/\/www.thebestsocial.media\/de\/wp-content\/uploads\/sites\/3\/2021\/09\/performance-3216209_1920.jpg","datePublished":"2021-09-20T10:04:12+00:00","author":{"@id":"https:\/\/www.thebestsocial.media\/de\/#\/schema\/person\/f6571568c8f173869acb99d089b1223b"},"breadcrumb":{"@id":"https:\/\/www.thebestsocial.media\/de\/twitter-user-erklaert-warum-nena-ihre-tour-womoeglich-gar-nicht-wegen-zu-harter-corona-regeln-abgesagt-hat\/#breadcrumb"},"inLanguage":"de","potentialAction":[{"@type":"ReadAction","target":["https:\/\/www.thebestsocial.media\/de\/twitter-user-erklaert-warum-nena-ihre-tour-womoeglich-gar-nicht-wegen-zu-harter-corona-regeln-abgesagt-hat\/"]}]},{"@type":"ImageObject","inLanguage":"de","@id":"https:\/\/www.thebestsocial.media\/de\/twitter-user-erklaert-warum-nena-ihre-tour-womoeglich-gar-nicht-wegen-zu-harter-corona-regeln-abgesagt-hat\/#primaryimage","url":"https:\/\/www.thebestsocial.media\/de\/wp-content\/uploads\/sites\/3\/2021\/09\/performance-3216209_1920.jpg","contentUrl":"https:\/\/www.thebestsocial.media\/de\/wp-content\/uploads\/sites\/3\/2021\/09\/performance-3216209_1920.jpg","width":1920,"height":1158},{"@type":"BreadcrumbList","@id":"https:\/\/www.thebestsocial.media\/de\/twitter-user-erklaert-warum-nena-ihre-tour-womoeglich-gar-nicht-wegen-zu-harter-corona-regeln-abgesagt-hat\/#breadcrumb","itemListElement":[{"@type":"ListItem","position":1,"name":"Home","item":"https:\/\/www.thebestsocial.media\/de\/"},{"@type":"ListItem","position":2,"name":"Twitter-User erkl\u00e4rt, warum Nena ihre Tour wom\u00f6glich gar nicht wegen zu harter Corona Regeln abgesagt hat"}]},{"@type":"WebSite","@id":"https:\/\/www.thebestsocial.media\/de\/#website","url":"https:\/\/www.thebestsocial.media\/de\/","name":"The Best Social Media DE","description":"","potentialAction":[{"@type":"SearchAction","target":{"@type":"EntryPoint","urlTemplate":"https:\/\/www.thebestsocial.media\/de\/?s={search_term_string}"},"query-input":{"@type":"PropertyValueSpecification","valueRequired":true,"valueName":"search_term_string"}}],"inLanguage":"de"},{"@type":"Person","@id":"https:\/\/www.thebestsocial.media\/de\/#\/schema\/person\/f6571568c8f173869acb99d089b1223b","name":"Adrian Krug","image":{"@type":"ImageObject","inLanguage":"de","@id":"https:\/\/secure.gravatar.com\/avatar\/c03aa48839ac1555ec73dfc0827342b090445264901990679cd3f8c6ef4ac2d7?s=96&d=mm&r=g","url":"https:\/\/secure.gravatar.com\/avatar\/c03aa48839ac1555ec73dfc0827342b090445264901990679cd3f8c6ef4ac2d7?s=96&d=mm&r=g","contentUrl":"https:\/\/secure.gravatar.com\/avatar\/c03aa48839ac1555ec73dfc0827342b090445264901990679cd3f8c6ef4ac2d7?s=96&d=mm&r=g","caption":"Adrian Krug"},"description":"Ich bin Endeditor f\u00fcr TBSM DE und Creative Lead f\u00fcr Projekte auf Agenturseite.","sameAs":["https:\/\/www.facebook.com\/adrian.krug.5","https:\/\/www.linkedin.com\/in\/adrian-krug-27536221a\/","https:\/\/x.com\/https:\/\/twitter.com\/Hasscompilation"],"url":"https:\/\/www.thebestsocial.media\/de\/author\/adriankrug\/"}]}},"amp_enabled":true,"_links":{"self":[{"href":"https:\/\/www.thebestsocial.media\/de\/wp-json\/wp\/v2\/posts\/150230","targetHints":{"allow":["GET"]}}],"collection":[{"href":"https:\/\/www.thebestsocial.media\/de\/wp-json\/wp\/v2\/posts"}],"about":[{"href":"https:\/\/www.thebestsocial.media\/de\/wp-json\/wp\/v2\/types\/post"}],"author":[{"embeddable":true,"href":"https:\/\/www.thebestsocial.media\/de\/wp-json\/wp\/v2\/users\/77"}],"replies":[{"embeddable":true,"href":"https:\/\/www.thebestsocial.media\/de\/wp-json\/wp\/v2\/comments?post=150230"}],"version-history":[{"count":7,"href":"https:\/\/www.thebestsocial.media\/de\/wp-json\/wp\/v2\/posts\/150230\/revisions"}],"predecessor-version":[{"id":150245,"href":"https:\/\/www.thebestsocial.media\/de\/wp-json\/wp\/v2\/posts\/150230\/revisions\/150245"}],"wp:featuredmedia":[{"embeddable":true,"href":"https:\/\/www.thebestsocial.media\/de\/wp-json\/wp\/v2\/media\/150244"}],"wp:attachment":[{"href":"https:\/\/www.thebestsocial.media\/de\/wp-json\/wp\/v2\/media?parent=150230"}],"wp:term":[{"taxonomy":"category","embeddable":true,"href":"https:\/\/www.thebestsocial.media\/de\/wp-json\/wp\/v2\/categories?post=150230"},{"taxonomy":"post_tag","embeddable":true,"href":"https:\/\/www.thebestsocial.media\/de\/wp-json\/wp\/v2\/tags?post=150230"}],"curies":[{"name":"wp","href":"https:\/\/api.w.org\/{rel}","templated":true}]}}