{"id":150095,"date":"2021-09-15T10:26:35","date_gmt":"2021-09-15T10:26:35","guid":{"rendered":"https:\/\/www.thebestsocial.media\/de\/?p=150095"},"modified":"2021-09-15T10:26:35","modified_gmt":"2021-09-15T10:26:35","slug":"besser-als-das-triell-so-wurde-armin-laschet-bei-late-night-berlin-von-kindern-gegrillt","status":"publish","type":"post","link":"https:\/\/www.thebestsocial.media\/de\/besser-als-das-triell-so-wurde-armin-laschet-bei-late-night-berlin-von-kindern-gegrillt\/","title":{"rendered":"Besser als das Triell: So wurde Armin Laschet bei Late Night Berlin von Kindern gegrillt"},"content":{"rendered":"<p>Bereits letzte Woche mussten sich die Kanzleramtsanw\u00e4rter*innen <a href=\"https:\/\/www.thebestsocial.media\/de\/vertretungslehrer-der-anderen-art-die-besten-tweets-zur-sendung-kannste-kanzleramt\/\" target=\"_blank\" rel=\"noopener\">auf Sat1<\/a> gegen\u00fcber den h\u00e4rtesten Interviewpartnern beweisen, die es gibt: Kinder. Nun zieht auch Pro7 mit Late Night Berlin nach. Diesmal nicht im Klassenraum, sondern in einem gro\u00dfen Zelt und statt 16 neugierigen Kindern sind es nur zwei. Besser geschlagen hat sich Armin Laschet deswegen aber nicht. Und Olaf Scholz&#8216; Performance gl\u00e4nzt eigentlich nur im Vergleich zu der von Laschet. Zumindest wenn man den Kommentaren unter den jeweiligen Youtube-Videos Glauben schenken darf.<\/p>\n<p>&nbsp;<\/p>\n<p><strong>Hier zun\u00e4chst das Interview mit Laschet:<\/strong><\/p>\n<p><iframe loading=\"lazy\" title=\"YouTube video player\" src=\"https:\/\/www.youtube.com\/embed\/EWbDI5CMA1w\" width=\"560\" height=\"315\" frameborder=\"0\" allowfullscreen=\"allowfullscreen\"><\/iframe><\/p>\n<p>&nbsp;<\/p>\n<p><strong>Die Frage, die sich viele daraufhin stellten: Wer hat das abgesegnet?<\/strong><\/p>\n<p><img loading=\"lazy\" decoding=\"async\" class=\"alignnone wp-image-150098 size-full\" src=\"https:\/\/www.thebestsocial.media\/de\/wp-content\/uploads\/sites\/3\/2021\/09\/Bildschirmfoto-2021-09-15-um-11.12.01.png\" alt=\"\" width=\"1044\" height=\"254\" srcset=\"https:\/\/www.thebestsocial.media\/de\/wp-content\/uploads\/sites\/3\/2021\/09\/Bildschirmfoto-2021-09-15-um-11.12.01.png 1044w, https:\/\/www.thebestsocial.media\/de\/wp-content\/uploads\/sites\/3\/2021\/09\/Bildschirmfoto-2021-09-15-um-11.12.01-300x73.png 300w, https:\/\/www.thebestsocial.media\/de\/wp-content\/uploads\/sites\/3\/2021\/09\/Bildschirmfoto-2021-09-15-um-11.12.01-1024x249.png 1024w, https:\/\/www.thebestsocial.media\/de\/wp-content\/uploads\/sites\/3\/2021\/09\/Bildschirmfoto-2021-09-15-um-11.12.01-768x187.png 768w\" sizes=\"auto, (max-width: 1044px) 100vw, 1044px\" \/><\/p>\n<p>&nbsp;<\/p>\n<p><strong>Und wie geht es demjenigen jetzt?<\/strong><\/p>\n<p><img loading=\"lazy\" decoding=\"async\" class=\"alignnone wp-image-150099 size-full\" src=\"https:\/\/www.thebestsocial.media\/de\/wp-content\/uploads\/sites\/3\/2021\/09\/Bildschirmfoto-2021-09-15-um-11.12.09.png\" alt=\"\" width=\"1016\" height=\"184\" srcset=\"https:\/\/www.thebestsocial.media\/de\/wp-content\/uploads\/sites\/3\/2021\/09\/Bildschirmfoto-2021-09-15-um-11.12.09.png 1016w, https:\/\/www.thebestsocial.media\/de\/wp-content\/uploads\/sites\/3\/2021\/09\/Bildschirmfoto-2021-09-15-um-11.12.09-300x54.png 300w, https:\/\/www.thebestsocial.media\/de\/wp-content\/uploads\/sites\/3\/2021\/09\/Bildschirmfoto-2021-09-15-um-11.12.09-768x139.png 768w\" sizes=\"auto, (max-width: 1016px) 100vw, 1016px\" \/><\/p>\n<p>&nbsp;<\/p>\n<p><strong>Laschet selbst ist sich zumindest treu geblieben.<\/strong><\/p>\n<p><img loading=\"lazy\" decoding=\"async\" class=\"alignnone wp-image-150100 size-full\" src=\"https:\/\/www.thebestsocial.media\/de\/wp-content\/uploads\/sites\/3\/2021\/09\/Bildschirmfoto-2021-09-15-um-11.12.28.png\" alt=\"\" width=\"994\" height=\"182\" srcset=\"https:\/\/www.thebestsocial.media\/de\/wp-content\/uploads\/sites\/3\/2021\/09\/Bildschirmfoto-2021-09-15-um-11.12.28.png 994w, https:\/\/www.thebestsocial.media\/de\/wp-content\/uploads\/sites\/3\/2021\/09\/Bildschirmfoto-2021-09-15-um-11.12.28-300x55.png 300w, https:\/\/www.thebestsocial.media\/de\/wp-content\/uploads\/sites\/3\/2021\/09\/Bildschirmfoto-2021-09-15-um-11.12.28-768x141.png 768w\" sizes=\"auto, (max-width: 994px) 100vw, 994px\" \/><\/p>\n<p><img loading=\"lazy\" decoding=\"async\" class=\"alignnone wp-image-150102 size-full\" src=\"https:\/\/www.thebestsocial.media\/de\/wp-content\/uploads\/sites\/3\/2021\/09\/Bildschirmfoto-2021-09-15-um-11.13.15.png\" alt=\"\" width=\"1030\" height=\"202\" srcset=\"https:\/\/www.thebestsocial.media\/de\/wp-content\/uploads\/sites\/3\/2021\/09\/Bildschirmfoto-2021-09-15-um-11.13.15.png 1030w, https:\/\/www.thebestsocial.media\/de\/wp-content\/uploads\/sites\/3\/2021\/09\/Bildschirmfoto-2021-09-15-um-11.13.15-300x59.png 300w, https:\/\/www.thebestsocial.media\/de\/wp-content\/uploads\/sites\/3\/2021\/09\/Bildschirmfoto-2021-09-15-um-11.13.15-1024x201.png 1024w, https:\/\/www.thebestsocial.media\/de\/wp-content\/uploads\/sites\/3\/2021\/09\/Bildschirmfoto-2021-09-15-um-11.13.15-768x151.png 768w\" sizes=\"auto, (max-width: 1030px) 100vw, 1030px\" \/><\/p>\n<p><img loading=\"lazy\" decoding=\"async\" class=\"alignnone wp-image-150105 size-full\" src=\"https:\/\/www.thebestsocial.media\/de\/wp-content\/uploads\/sites\/3\/2021\/09\/Bildschirmfoto-2021-09-15-um-11.14.56.png\" alt=\"\" width=\"1562\" height=\"162\" srcset=\"https:\/\/www.thebestsocial.media\/de\/wp-content\/uploads\/sites\/3\/2021\/09\/Bildschirmfoto-2021-09-15-um-11.14.56.png 1562w, https:\/\/www.thebestsocial.media\/de\/wp-content\/uploads\/sites\/3\/2021\/09\/Bildschirmfoto-2021-09-15-um-11.14.56-300x31.png 300w, https:\/\/www.thebestsocial.media\/de\/wp-content\/uploads\/sites\/3\/2021\/09\/Bildschirmfoto-2021-09-15-um-11.14.56-1024x106.png 1024w, https:\/\/www.thebestsocial.media\/de\/wp-content\/uploads\/sites\/3\/2021\/09\/Bildschirmfoto-2021-09-15-um-11.14.56-768x80.png 768w, https:\/\/www.thebestsocial.media\/de\/wp-content\/uploads\/sites\/3\/2021\/09\/Bildschirmfoto-2021-09-15-um-11.14.56-1536x159.png 1536w\" sizes=\"auto, (max-width: 1562px) 100vw, 1562px\" \/><\/p>\n<p>&nbsp;<\/p>\n<p><strong>F\u00fcr viele am\u00fcsant, f\u00fcr manche unfassbar.<\/strong><\/p>\n<p><img loading=\"lazy\" decoding=\"async\" class=\"alignnone wp-image-150101 size-full\" src=\"https:\/\/www.thebestsocial.media\/de\/wp-content\/uploads\/sites\/3\/2021\/09\/Bildschirmfoto-2021-09-15-um-11.12.43.png\" alt=\"\" width=\"1862\" height=\"202\" srcset=\"https:\/\/www.thebestsocial.media\/de\/wp-content\/uploads\/sites\/3\/2021\/09\/Bildschirmfoto-2021-09-15-um-11.12.43.png 1862w, https:\/\/www.thebestsocial.media\/de\/wp-content\/uploads\/sites\/3\/2021\/09\/Bildschirmfoto-2021-09-15-um-11.12.43-300x33.png 300w, https:\/\/www.thebestsocial.media\/de\/wp-content\/uploads\/sites\/3\/2021\/09\/Bildschirmfoto-2021-09-15-um-11.12.43-1024x111.png 1024w, https:\/\/www.thebestsocial.media\/de\/wp-content\/uploads\/sites\/3\/2021\/09\/Bildschirmfoto-2021-09-15-um-11.12.43-768x83.png 768w, https:\/\/www.thebestsocial.media\/de\/wp-content\/uploads\/sites\/3\/2021\/09\/Bildschirmfoto-2021-09-15-um-11.12.43-1536x167.png 1536w\" sizes=\"auto, (max-width: 1862px) 100vw, 1862px\" \/><\/p>\n<p><img loading=\"lazy\" decoding=\"async\" class=\"alignnone wp-image-150103 size-full\" src=\"https:\/\/www.thebestsocial.media\/de\/wp-content\/uploads\/sites\/3\/2021\/09\/Bildschirmfoto-2021-09-15-um-11.13.52.png\" alt=\"\" width=\"1280\" height=\"256\" srcset=\"https:\/\/www.thebestsocial.media\/de\/wp-content\/uploads\/sites\/3\/2021\/09\/Bildschirmfoto-2021-09-15-um-11.13.52.png 1280w, https:\/\/www.thebestsocial.media\/de\/wp-content\/uploads\/sites\/3\/2021\/09\/Bildschirmfoto-2021-09-15-um-11.13.52-300x60.png 300w, https:\/\/www.thebestsocial.media\/de\/wp-content\/uploads\/sites\/3\/2021\/09\/Bildschirmfoto-2021-09-15-um-11.13.52-1024x205.png 1024w, https:\/\/www.thebestsocial.media\/de\/wp-content\/uploads\/sites\/3\/2021\/09\/Bildschirmfoto-2021-09-15-um-11.13.52-768x154.png 768w\" sizes=\"auto, (max-width: 1280px) 100vw, 1280px\" \/><\/p>\n<p>&nbsp;<\/p>\n<p><strong>Die Kinder kommen hingegen super an.<\/strong><\/p>\n<p><img loading=\"lazy\" decoding=\"async\" class=\"alignnone wp-image-150104 size-full\" src=\"https:\/\/www.thebestsocial.media\/de\/wp-content\/uploads\/sites\/3\/2021\/09\/Bildschirmfoto-2021-09-15-um-11.13.59.png\" alt=\"\" width=\"1390\" height=\"200\" srcset=\"https:\/\/www.thebestsocial.media\/de\/wp-content\/uploads\/sites\/3\/2021\/09\/Bildschirmfoto-2021-09-15-um-11.13.59.png 1390w, https:\/\/www.thebestsocial.media\/de\/wp-content\/uploads\/sites\/3\/2021\/09\/Bildschirmfoto-2021-09-15-um-11.13.59-300x43.png 300w, https:\/\/www.thebestsocial.media\/de\/wp-content\/uploads\/sites\/3\/2021\/09\/Bildschirmfoto-2021-09-15-um-11.13.59-1024x147.png 1024w, https:\/\/www.thebestsocial.media\/de\/wp-content\/uploads\/sites\/3\/2021\/09\/Bildschirmfoto-2021-09-15-um-11.13.59-768x111.png 768w\" sizes=\"auto, (max-width: 1390px) 100vw, 1390px\" \/><\/p>\n<p>&nbsp;<\/p>\n<p><strong>Und Laschet ist sicher den einen oder anderen W\u00e4hler los.<\/strong><\/p>\n<p><img loading=\"lazy\" decoding=\"async\" class=\"alignnone wp-image-150106 size-full\" src=\"https:\/\/www.thebestsocial.media\/de\/wp-content\/uploads\/sites\/3\/2021\/09\/Bildschirmfoto-2021-09-15-um-11.15.19.png\" alt=\"\" width=\"1122\" height=\"266\" srcset=\"https:\/\/www.thebestsocial.media\/de\/wp-content\/uploads\/sites\/3\/2021\/09\/Bildschirmfoto-2021-09-15-um-11.15.19.png 1122w, https:\/\/www.thebestsocial.media\/de\/wp-content\/uploads\/sites\/3\/2021\/09\/Bildschirmfoto-2021-09-15-um-11.15.19-300x71.png 300w, https:\/\/www.thebestsocial.media\/de\/wp-content\/uploads\/sites\/3\/2021\/09\/Bildschirmfoto-2021-09-15-um-11.15.19-1024x243.png 1024w, https:\/\/www.thebestsocial.media\/de\/wp-content\/uploads\/sites\/3\/2021\/09\/Bildschirmfoto-2021-09-15-um-11.15.19-768x182.png 768w\" sizes=\"auto, (max-width: 1122px) 100vw, 1122px\" \/><\/p>\n<p>&nbsp;<\/p>\n<p><strong>Auch in den Kommentaren bekommt er ordentlich sein Fett weg.<\/strong><\/p>\n<p><img loading=\"lazy\" decoding=\"async\" class=\"alignnone wp-image-150107 size-full\" src=\"https:\/\/www.thebestsocial.media\/de\/wp-content\/uploads\/sites\/3\/2021\/09\/Bildschirmfoto-2021-09-15-um-11.15.39.png\" alt=\"\" width=\"1212\" height=\"186\" srcset=\"https:\/\/www.thebestsocial.media\/de\/wp-content\/uploads\/sites\/3\/2021\/09\/Bildschirmfoto-2021-09-15-um-11.15.39.png 1212w, https:\/\/www.thebestsocial.media\/de\/wp-content\/uploads\/sites\/3\/2021\/09\/Bildschirmfoto-2021-09-15-um-11.15.39-300x46.png 300w, https:\/\/www.thebestsocial.media\/de\/wp-content\/uploads\/sites\/3\/2021\/09\/Bildschirmfoto-2021-09-15-um-11.15.39-1024x157.png 1024w, https:\/\/www.thebestsocial.media\/de\/wp-content\/uploads\/sites\/3\/2021\/09\/Bildschirmfoto-2021-09-15-um-11.15.39-768x118.png 768w\" sizes=\"auto, (max-width: 1212px) 100vw, 1212px\" \/><\/p>\n<p><img loading=\"lazy\" decoding=\"async\" class=\"alignnone wp-image-150108 size-full\" src=\"https:\/\/www.thebestsocial.media\/de\/wp-content\/uploads\/sites\/3\/2021\/09\/Bildschirmfoto-2021-09-15-um-11.16.11.png\" alt=\"\" width=\"1574\" height=\"166\" srcset=\"https:\/\/www.thebestsocial.media\/de\/wp-content\/uploads\/sites\/3\/2021\/09\/Bildschirmfoto-2021-09-15-um-11.16.11.png 1574w, https:\/\/www.thebestsocial.media\/de\/wp-content\/uploads\/sites\/3\/2021\/09\/Bildschirmfoto-2021-09-15-um-11.16.11-300x32.png 300w, https:\/\/www.thebestsocial.media\/de\/wp-content\/uploads\/sites\/3\/2021\/09\/Bildschirmfoto-2021-09-15-um-11.16.11-1024x108.png 1024w, https:\/\/www.thebestsocial.media\/de\/wp-content\/uploads\/sites\/3\/2021\/09\/Bildschirmfoto-2021-09-15-um-11.16.11-768x81.png 768w, https:\/\/www.thebestsocial.media\/de\/wp-content\/uploads\/sites\/3\/2021\/09\/Bildschirmfoto-2021-09-15-um-11.16.11-1536x162.png 1536w\" sizes=\"auto, (max-width: 1574px) 100vw, 1574px\" \/><\/p>\n<p>&nbsp;<\/p>\n<p><strong>Eine Person fand Laschets Auftritt aber auch gut.<\/strong><\/p>\n<p><img loading=\"lazy\" decoding=\"async\" class=\"alignnone wp-image-150113 size-full\" src=\"https:\/\/www.thebestsocial.media\/de\/wp-content\/uploads\/sites\/3\/2021\/09\/Bildschirmfoto-2021-09-15-um-11.22.59.png\" alt=\"\" width=\"1834\" height=\"240\" srcset=\"https:\/\/www.thebestsocial.media\/de\/wp-content\/uploads\/sites\/3\/2021\/09\/Bildschirmfoto-2021-09-15-um-11.22.59.png 1834w, https:\/\/www.thebestsocial.media\/de\/wp-content\/uploads\/sites\/3\/2021\/09\/Bildschirmfoto-2021-09-15-um-11.22.59-300x39.png 300w, https:\/\/www.thebestsocial.media\/de\/wp-content\/uploads\/sites\/3\/2021\/09\/Bildschirmfoto-2021-09-15-um-11.22.59-1024x134.png 1024w, https:\/\/www.thebestsocial.media\/de\/wp-content\/uploads\/sites\/3\/2021\/09\/Bildschirmfoto-2021-09-15-um-11.22.59-768x101.png 768w, https:\/\/www.thebestsocial.media\/de\/wp-content\/uploads\/sites\/3\/2021\/09\/Bildschirmfoto-2021-09-15-um-11.22.59-1536x201.png 1536w\" sizes=\"auto, (max-width: 1834px) 100vw, 1834px\" \/><\/p>\n<p>&nbsp;<\/p>\n<p><strong>Und so lief es bei Olaf Scholz:<\/strong><\/p>\n<p><iframe loading=\"lazy\" title=\"YouTube video player\" src=\"https:\/\/www.youtube.com\/embed\/BHoBP0IhFdY\" width=\"560\" height=\"315\" frameborder=\"0\" allowfullscreen=\"allowfullscreen\"><\/iframe><\/p>\n<p>&nbsp;<\/p>\n<p><strong>Die Kommentare dazu hatten wenig mit dem Auftritt an sich zu tun.<\/strong><\/p>\n<p><img loading=\"lazy\" decoding=\"async\" class=\"alignnone wp-image-150110 size-full\" src=\"https:\/\/www.thebestsocial.media\/de\/wp-content\/uploads\/sites\/3\/2021\/09\/Bildschirmfoto-2021-09-15-um-11.19.08.png\" alt=\"\" width=\"794\" height=\"168\" srcset=\"https:\/\/www.thebestsocial.media\/de\/wp-content\/uploads\/sites\/3\/2021\/09\/Bildschirmfoto-2021-09-15-um-11.19.08.png 794w, https:\/\/www.thebestsocial.media\/de\/wp-content\/uploads\/sites\/3\/2021\/09\/Bildschirmfoto-2021-09-15-um-11.19.08-300x63.png 300w, https:\/\/www.thebestsocial.media\/de\/wp-content\/uploads\/sites\/3\/2021\/09\/Bildschirmfoto-2021-09-15-um-11.19.08-768x162.png 768w\" sizes=\"auto, (max-width: 794px) 100vw, 794px\" \/><\/p>\n<p>&nbsp;<\/p>\n<p><strong>War halt ganz nett.<\/strong><\/p>\n<p><img loading=\"lazy\" decoding=\"async\" class=\"alignnone wp-image-150111 size-full\" src=\"https:\/\/www.thebestsocial.media\/de\/wp-content\/uploads\/sites\/3\/2021\/09\/Bildschirmfoto-2021-09-15-um-11.19.26.png\" alt=\"\" width=\"1114\" height=\"188\" srcset=\"https:\/\/www.thebestsocial.media\/de\/wp-content\/uploads\/sites\/3\/2021\/09\/Bildschirmfoto-2021-09-15-um-11.19.26.png 1114w, https:\/\/www.thebestsocial.media\/de\/wp-content\/uploads\/sites\/3\/2021\/09\/Bildschirmfoto-2021-09-15-um-11.19.26-300x51.png 300w, https:\/\/www.thebestsocial.media\/de\/wp-content\/uploads\/sites\/3\/2021\/09\/Bildschirmfoto-2021-09-15-um-11.19.26-1024x173.png 1024w, https:\/\/www.thebestsocial.media\/de\/wp-content\/uploads\/sites\/3\/2021\/09\/Bildschirmfoto-2021-09-15-um-11.19.26-768x130.png 768w\" sizes=\"auto, (max-width: 1114px) 100vw, 1114px\" \/><\/p>\n<p>&nbsp;<\/p>\n<p><strong>Das kann man dann wohl als Fazit so stehen lassen.<\/strong><\/p>\n<p><img loading=\"lazy\" decoding=\"async\" class=\"alignnone wp-image-150112 size-full\" src=\"https:\/\/www.thebestsocial.media\/de\/wp-content\/uploads\/sites\/3\/2021\/09\/Bildschirmfoto-2021-09-15-um-11.21.14.png\" alt=\"\" width=\"1274\" height=\"176\" srcset=\"https:\/\/www.thebestsocial.media\/de\/wp-content\/uploads\/sites\/3\/2021\/09\/Bildschirmfoto-2021-09-15-um-11.21.14.png 1274w, https:\/\/www.thebestsocial.media\/de\/wp-content\/uploads\/sites\/3\/2021\/09\/Bildschirmfoto-2021-09-15-um-11.21.14-300x41.png 300w, https:\/\/www.thebestsocial.media\/de\/wp-content\/uploads\/sites\/3\/2021\/09\/Bildschirmfoto-2021-09-15-um-11.21.14-1024x141.png 1024w, https:\/\/www.thebestsocial.media\/de\/wp-content\/uploads\/sites\/3\/2021\/09\/Bildschirmfoto-2021-09-15-um-11.21.14-768x106.png 768w\" sizes=\"auto, (max-width: 1274px) 100vw, 1274px\" \/><\/p>\n<p>&nbsp;<\/p>\n<p>&nbsp;<\/p>\n<p>\u2014<br \/>\nVielen Dank an alle f\u00fcr die Posts.<br \/>\n\u2014<br \/>\n<strong>Keine Influencer! Kein Foodporn! Nur ganz viel Spa\u00df \u2013 bei uns auf Instagram:<\/strong><\/p>\n<blockquote class=\"instagram-media\" style=\"background: #FFF; border: 0; border-radius: 3px; box-shadow: 0 0 1px 0 rgba(0,0,0,0.5),0 1px 10px 0 rgba(0,0,0,0.15); margin: 1px; max-width: 540px; min-width: 326px; padding: 0; width: calc(100% - 2px);\" data-instgrm-captioned=\"\" data-instgrm-permalink=\"https:\/\/www.instagram.com\/p\/CT1cKiCMSvi\/?utm_source=ig_embed&amp;utm_campaign=loading\" data-instgrm-version=\"13\">\n<div style=\"padding: 16px;\">\n<p>&nbsp;<\/p>\n<div style=\"display: flex; flex-direction: row; align-items: center;\">\n<div style=\"background-color: #f4f4f4; border-radius: 50%; flex-grow: 0; height: 40px; margin-right: 14px; width: 40px;\"><\/div>\n<div style=\"display: flex; flex-direction: column; flex-grow: 1; justify-content: center;\">\n<div style=\"background-color: #f4f4f4; border-radius: 4px; flex-grow: 0; height: 14px; margin-bottom: 6px; width: 100px;\"><\/div>\n<div style=\"background-color: #f4f4f4; border-radius: 4px; flex-grow: 0; height: 14px; width: 60px;\"><\/div>\n<\/div>\n<\/div>\n<div style=\"padding: 19% 0;\"><\/div>\n<div style=\"display: block; height: 50px; margin: 0 auto 12px; width: 50px;\"><\/div>\n<div style=\"padding-top: 8px;\">\n<div style=\"color: #3897f0; font-family: Arial,sans-serif; font-size: 14px; font-style: normal; font-weight: 550; line-height: 18px;\">Sieh dir diesen Beitrag auf Instagram an<\/div>\n<\/div>\n<div style=\"padding: 12.5% 0;\"><\/div>\n<div style=\"display: flex; flex-direction: row; margin-bottom: 14px; align-items: center;\">\n<div>\n<div style=\"background-color: #f4f4f4; border-radius: 50%; height: 12.5px; width: 12.5px; transform: translateX(0px) translateY(7px);\"><\/div>\n<div style=\"background-color: #f4f4f4; height: 12.5px; transform: rotate(-45deg) translateX(3px) translateY(1px); width: 12.5px; flex-grow: 0; margin-right: 14px; margin-left: 2px;\"><\/div>\n<div style=\"background-color: #f4f4f4; border-radius: 50%; height: 12.5px; width: 12.5px; transform: translateX(9px) translateY(-18px);\"><\/div>\n<\/div>\n<div style=\"margin-left: 8px;\">\n<div style=\"background-color: #f4f4f4; border-radius: 50%; flex-grow: 0; height: 20px; width: 20px;\"><\/div>\n<div style=\"width: 0; height: 0; border-top: 2px solid transparent; border-left: 6px solid #f4f4f4; border-bottom: 2px solid transparent; transform: translateX(16px) translateY(-4px) rotate(30deg);\"><\/div>\n<\/div>\n<div style=\"margin-left: auto;\">\n<div style=\"width: 0px; border-top: 8px solid #F4F4F4; border-right: 8px solid transparent; transform: translateY(16px);\"><\/div>\n<div style=\"background-color: #f4f4f4; flex-grow: 0; height: 12px; width: 16px; transform: translateY(-4px);\"><\/div>\n<div style=\"width: 0; height: 0; border-top: 8px solid #F4F4F4; border-left: 8px solid transparent; transform: translateY(-4px) translateX(8px);\"><\/div>\n<\/div>\n<\/div>\n<div style=\"display: flex; flex-direction: column; flex-grow: 1; justify-content: center; margin-bottom: 24px;\">\n<div style=\"background-color: #f4f4f4; border-radius: 4px; flex-grow: 0; height: 14px; margin-bottom: 6px; width: 224px;\"><\/div>\n<div style=\"background-color: #f4f4f4; border-radius: 4px; flex-grow: 0; height: 14px; width: 144px;\"><\/div>\n<\/div>\n<p>&nbsp;<\/p>\n<p style=\"color: #c9c8cd; font-family: Arial,sans-serif; font-size: 14px; line-height: 17px; margin-bottom: 0; margin-top: 8px; overflow: hidden; padding: 8px 0 7px; text-align: center; text-overflow: ellipsis; white-space: nowrap;\"><a style=\"color: #c9c8cd; font-family: Arial,sans-serif; font-size: 14px; font-style: normal; font-weight: normal; line-height: 17px; text-decoration: none;\" href=\"https:\/\/www.instagram.com\/p\/CT1cKiCMSvi\/?utm_source=ig_embed&amp;utm_campaign=loading\" target=\"_blank\" rel=\"noopener\">Ein Beitrag geteilt von The Best Social Media &#8211; DE (@thebestsocialmediade)<\/a><\/p>\n<\/div>\n<\/blockquote>\n\n<script async defer src=\"\/instagram-embed.js\"><\/script>","protected":false},"excerpt":{"rendered":"<p>Bereits letzte Woche mussten sich die Kanzleramtsanw\u00e4rter*innen auf Sat1 gegen\u00fcber den h\u00e4rtesten Interviewpartnern beweisen, die es gibt: Kinder. Nun zieht auch Pro7 mit Late Night&#8230;<\/p>\n","protected":false},"author":73,"featured_media":150119,"comment_status":"open","ping_status":"open","sticky":false,"template":"","format":"standard","meta":{"_acf_changed":false,"footnotes":""},"categories":[460,1728,2404,419],"tags":[535,2457,331],"class_list":["post-150095","post","type-post","status-publish","format-standard","has-post-thumbnail","hentry","category-fail","category-humor","category-wtf","category-youtube","tag-bundestagswahl","tag-interview","tag-wahlkampf"],"acf":[],"yoast_head":"<!-- This site is optimized with the Yoast SEO plugin v27.5 - https:\/\/yoast.com\/product\/yoast-seo-wordpress\/ -->\n<title>So wurde Armin Laschet bei Late Night Berlin von Kindern gegrillt<\/title>\n<meta name=\"robots\" content=\"index, follow, max-snippet:-1, max-image-preview:large, max-video-preview:-1\" \/>\n<link rel=\"canonical\" href=\"https:\/\/www.thebestsocial.media\/de\/besser-als-das-triell-so-wurde-armin-laschet-bei-late-night-berlin-von-kindern-gegrillt\/\" \/>\n<meta property=\"og:locale\" content=\"de_DE\" \/>\n<meta property=\"og:type\" content=\"article\" \/>\n<meta property=\"og:title\" content=\"Besser als das Triell: So wurde Armin Laschet bei Late Night Berlin von Kindern gegrillt\" \/>\n<meta property=\"og:description\" content=\"Bereits letzte Woche mussten sich die Kanzleramtsanw\u00e4rter*innen auf Sat1 gegen\u00fcber den h\u00e4rtesten Interviewpartnern beweisen, die es gibt: Kinder. Nun zieht auch Pro7 mit Late Night...\" \/>\n<meta property=\"og:url\" content=\"https:\/\/www.thebestsocial.media\/de\/besser-als-das-triell-so-wurde-armin-laschet-bei-late-night-berlin-von-kindern-gegrillt\/\" \/>\n<meta property=\"og:site_name\" content=\"The Best Social Media DE\" \/>\n<meta property=\"article:published_time\" content=\"2021-09-15T10:26:35+00:00\" \/>\n<meta property=\"og:image\" content=\"https:\/\/www.thebestsocial.media\/de\/wp-content\/uploads\/sites\/3\/2021\/09\/talk2.png\" \/>\n\t<meta property=\"og:image:width\" content=\"1200\" \/>\n\t<meta property=\"og:image:height\" content=\"630\" \/>\n\t<meta property=\"og:image:type\" content=\"image\/png\" \/>\n<meta name=\"author\" content=\"Helene Mei\u00dfner\" \/>\n<meta name=\"twitter:card\" content=\"summary_large_image\" \/>\n<meta name=\"twitter:label1\" content=\"Verfasst von\" \/>\n\t<meta name=\"twitter:data1\" content=\"Helene Mei\u00dfner\" \/>\n\t<meta name=\"twitter:label2\" content=\"Gesch\u00e4tzte Lesezeit\" \/>\n\t<meta name=\"twitter:data2\" content=\"1\u00a0Minute\" \/>\n<script type=\"application\/ld+json\" class=\"yoast-schema-graph\">{\"@context\":\"https:\\\/\\\/schema.org\",\"@graph\":[{\"@type\":\"Article\",\"@id\":\"https:\\\/\\\/www.thebestsocial.media\\\/de\\\/besser-als-das-triell-so-wurde-armin-laschet-bei-late-night-berlin-von-kindern-gegrillt\\\/#article\",\"isPartOf\":{\"@id\":\"https:\\\/\\\/www.thebestsocial.media\\\/de\\\/besser-als-das-triell-so-wurde-armin-laschet-bei-late-night-berlin-von-kindern-gegrillt\\\/\"},\"author\":{\"name\":\"Helene Mei\u00dfner\",\"@id\":\"https:\\\/\\\/www.thebestsocial.media\\\/de\\\/#\\\/schema\\\/person\\\/6267acc046505b90b912687a039220df\"},\"headline\":\"Besser als das Triell: So wurde Armin Laschet bei Late Night Berlin von Kindern gegrillt\",\"datePublished\":\"2021-09-15T10:26:35+00:00\",\"mainEntityOfPage\":{\"@id\":\"https:\\\/\\\/www.thebestsocial.media\\\/de\\\/besser-als-das-triell-so-wurde-armin-laschet-bei-late-night-berlin-von-kindern-gegrillt\\\/\"},\"wordCount\":262,\"commentCount\":0,\"image\":{\"@id\":\"https:\\\/\\\/www.thebestsocial.media\\\/de\\\/besser-als-das-triell-so-wurde-armin-laschet-bei-late-night-berlin-von-kindern-gegrillt\\\/#primaryimage\"},\"thumbnailUrl\":\"https:\\\/\\\/www.thebestsocial.media\\\/de\\\/wp-content\\\/uploads\\\/sites\\\/3\\\/2021\\\/09\\\/hands-2847508_1920.jpg\",\"keywords\":[\"Bundestagswahl\",\"Interview\",\"Wahlkampf\"],\"articleSection\":[\"Fail\",\"Humor\",\"WTF\",\"Youtube\"],\"inLanguage\":\"de\",\"potentialAction\":[{\"@type\":\"CommentAction\",\"name\":\"Comment\",\"target\":[\"https:\\\/\\\/www.thebestsocial.media\\\/de\\\/besser-als-das-triell-so-wurde-armin-laschet-bei-late-night-berlin-von-kindern-gegrillt\\\/#respond\"]}]},{\"@type\":\"WebPage\",\"@id\":\"https:\\\/\\\/www.thebestsocial.media\\\/de\\\/besser-als-das-triell-so-wurde-armin-laschet-bei-late-night-berlin-von-kindern-gegrillt\\\/\",\"url\":\"https:\\\/\\\/www.thebestsocial.media\\\/de\\\/besser-als-das-triell-so-wurde-armin-laschet-bei-late-night-berlin-von-kindern-gegrillt\\\/\",\"name\":\"So wurde Armin Laschet bei Late Night Berlin von Kindern gegrillt\",\"isPartOf\":{\"@id\":\"https:\\\/\\\/www.thebestsocial.media\\\/de\\\/#website\"},\"primaryImageOfPage\":{\"@id\":\"https:\\\/\\\/www.thebestsocial.media\\\/de\\\/besser-als-das-triell-so-wurde-armin-laschet-bei-late-night-berlin-von-kindern-gegrillt\\\/#primaryimage\"},\"image\":{\"@id\":\"https:\\\/\\\/www.thebestsocial.media\\\/de\\\/besser-als-das-triell-so-wurde-armin-laschet-bei-late-night-berlin-von-kindern-gegrillt\\\/#primaryimage\"},\"thumbnailUrl\":\"https:\\\/\\\/www.thebestsocial.media\\\/de\\\/wp-content\\\/uploads\\\/sites\\\/3\\\/2021\\\/09\\\/hands-2847508_1920.jpg\",\"datePublished\":\"2021-09-15T10:26:35+00:00\",\"author\":{\"@id\":\"https:\\\/\\\/www.thebestsocial.media\\\/de\\\/#\\\/schema\\\/person\\\/6267acc046505b90b912687a039220df\"},\"breadcrumb\":{\"@id\":\"https:\\\/\\\/www.thebestsocial.media\\\/de\\\/besser-als-das-triell-so-wurde-armin-laschet-bei-late-night-berlin-von-kindern-gegrillt\\\/#breadcrumb\"},\"inLanguage\":\"de\",\"potentialAction\":[{\"@type\":\"ReadAction\",\"target\":[\"https:\\\/\\\/www.thebestsocial.media\\\/de\\\/besser-als-das-triell-so-wurde-armin-laschet-bei-late-night-berlin-von-kindern-gegrillt\\\/\"]}]},{\"@type\":\"ImageObject\",\"inLanguage\":\"de\",\"@id\":\"https:\\\/\\\/www.thebestsocial.media\\\/de\\\/besser-als-das-triell-so-wurde-armin-laschet-bei-late-night-berlin-von-kindern-gegrillt\\\/#primaryimage\",\"url\":\"https:\\\/\\\/www.thebestsocial.media\\\/de\\\/wp-content\\\/uploads\\\/sites\\\/3\\\/2021\\\/09\\\/hands-2847508_1920.jpg\",\"contentUrl\":\"https:\\\/\\\/www.thebestsocial.media\\\/de\\\/wp-content\\\/uploads\\\/sites\\\/3\\\/2021\\\/09\\\/hands-2847508_1920.jpg\",\"width\":1920,\"height\":1280},{\"@type\":\"BreadcrumbList\",\"@id\":\"https:\\\/\\\/www.thebestsocial.media\\\/de\\\/besser-als-das-triell-so-wurde-armin-laschet-bei-late-night-berlin-von-kindern-gegrillt\\\/#breadcrumb\",\"itemListElement\":[{\"@type\":\"ListItem\",\"position\":1,\"name\":\"Home\",\"item\":\"https:\\\/\\\/www.thebestsocial.media\\\/de\\\/\"},{\"@type\":\"ListItem\",\"position\":2,\"name\":\"Besser als das Triell: So wurde Armin Laschet bei Late Night Berlin von Kindern gegrillt\"}]},{\"@type\":\"WebSite\",\"@id\":\"https:\\\/\\\/www.thebestsocial.media\\\/de\\\/#website\",\"url\":\"https:\\\/\\\/www.thebestsocial.media\\\/de\\\/\",\"name\":\"The Best Social Media DE\",\"description\":\"\",\"potentialAction\":[{\"@type\":\"SearchAction\",\"target\":{\"@type\":\"EntryPoint\",\"urlTemplate\":\"https:\\\/\\\/www.thebestsocial.media\\\/de\\\/?s={search_term_string}\"},\"query-input\":{\"@type\":\"PropertyValueSpecification\",\"valueRequired\":true,\"valueName\":\"search_term_string\"}}],\"inLanguage\":\"de\"},{\"@type\":\"Person\",\"@id\":\"https:\\\/\\\/www.thebestsocial.media\\\/de\\\/#\\\/schema\\\/person\\\/6267acc046505b90b912687a039220df\",\"name\":\"Helene Mei\u00dfner\",\"image\":{\"@type\":\"ImageObject\",\"inLanguage\":\"de\",\"@id\":\"https:\\\/\\\/secure.gravatar.com\\\/avatar\\\/6639fc0397860ac2c2e11b018c1f14be4a46c2378a91ac1b35730b724675daa8?s=96&d=mm&r=g\",\"url\":\"https:\\\/\\\/secure.gravatar.com\\\/avatar\\\/6639fc0397860ac2c2e11b018c1f14be4a46c2378a91ac1b35730b724675daa8?s=96&d=mm&r=g\",\"contentUrl\":\"https:\\\/\\\/secure.gravatar.com\\\/avatar\\\/6639fc0397860ac2c2e11b018c1f14be4a46c2378a91ac1b35730b724675daa8?s=96&d=mm&r=g\",\"caption\":\"Helene Mei\u00dfner\"},\"description\":\"Kommt aus Berlin und hat dementsprechend nat\u00fcrlich irgendwas mit Medien studiert. Verlegt oft Dinge, w\u00e4hrend sie sie in der Hand h\u00e4lt. Findet Kauger\u00e4usche unausstehlich. Hat eine Schw\u00e4che f\u00fcr Glitzer und immer mindestens 50 Tabs offen.\",\"sameAs\":[\"https:\\\/\\\/www.instagram.com\\\/he.leni\\\/\"],\"url\":\"https:\\\/\\\/www.thebestsocial.media\\\/de\\\/author\\\/helenemeissner\\\/\"}]}<\/script>\n<!-- \/ Yoast SEO plugin. -->","yoast_head_json":{"title":"So wurde Armin Laschet bei Late Night Berlin von Kindern gegrillt","robots":{"index":"index","follow":"follow","max-snippet":"max-snippet:-1","max-image-preview":"max-image-preview:large","max-video-preview":"max-video-preview:-1"},"canonical":"https:\/\/www.thebestsocial.media\/de\/besser-als-das-triell-so-wurde-armin-laschet-bei-late-night-berlin-von-kindern-gegrillt\/","og_locale":"de_DE","og_type":"article","og_title":"Besser als das Triell: So wurde Armin Laschet bei Late Night Berlin von Kindern gegrillt","og_description":"Bereits letzte Woche mussten sich die Kanzleramtsanw\u00e4rter*innen auf Sat1 gegen\u00fcber den h\u00e4rtesten Interviewpartnern beweisen, die es gibt: Kinder. Nun zieht auch Pro7 mit Late Night...","og_url":"https:\/\/www.thebestsocial.media\/de\/besser-als-das-triell-so-wurde-armin-laschet-bei-late-night-berlin-von-kindern-gegrillt\/","og_site_name":"The Best Social Media DE","article_published_time":"2021-09-15T10:26:35+00:00","og_image":[{"width":1200,"height":630,"url":"https:\/\/www.thebestsocial.media\/de\/wp-content\/uploads\/sites\/3\/2021\/09\/talk2.png","type":"image\/png"}],"author":"Helene Mei\u00dfner","twitter_card":"summary_large_image","twitter_misc":{"Verfasst von":"Helene Mei\u00dfner","Gesch\u00e4tzte Lesezeit":"1\u00a0Minute"},"schema":{"@context":"https:\/\/schema.org","@graph":[{"@type":"Article","@id":"https:\/\/www.thebestsocial.media\/de\/besser-als-das-triell-so-wurde-armin-laschet-bei-late-night-berlin-von-kindern-gegrillt\/#article","isPartOf":{"@id":"https:\/\/www.thebestsocial.media\/de\/besser-als-das-triell-so-wurde-armin-laschet-bei-late-night-berlin-von-kindern-gegrillt\/"},"author":{"name":"Helene Mei\u00dfner","@id":"https:\/\/www.thebestsocial.media\/de\/#\/schema\/person\/6267acc046505b90b912687a039220df"},"headline":"Besser als das Triell: So wurde Armin Laschet bei Late Night Berlin von Kindern gegrillt","datePublished":"2021-09-15T10:26:35+00:00","mainEntityOfPage":{"@id":"https:\/\/www.thebestsocial.media\/de\/besser-als-das-triell-so-wurde-armin-laschet-bei-late-night-berlin-von-kindern-gegrillt\/"},"wordCount":262,"commentCount":0,"image":{"@id":"https:\/\/www.thebestsocial.media\/de\/besser-als-das-triell-so-wurde-armin-laschet-bei-late-night-berlin-von-kindern-gegrillt\/#primaryimage"},"thumbnailUrl":"https:\/\/www.thebestsocial.media\/de\/wp-content\/uploads\/sites\/3\/2021\/09\/hands-2847508_1920.jpg","keywords":["Bundestagswahl","Interview","Wahlkampf"],"articleSection":["Fail","Humor","WTF","Youtube"],"inLanguage":"de","potentialAction":[{"@type":"CommentAction","name":"Comment","target":["https:\/\/www.thebestsocial.media\/de\/besser-als-das-triell-so-wurde-armin-laschet-bei-late-night-berlin-von-kindern-gegrillt\/#respond"]}]},{"@type":"WebPage","@id":"https:\/\/www.thebestsocial.media\/de\/besser-als-das-triell-so-wurde-armin-laschet-bei-late-night-berlin-von-kindern-gegrillt\/","url":"https:\/\/www.thebestsocial.media\/de\/besser-als-das-triell-so-wurde-armin-laschet-bei-late-night-berlin-von-kindern-gegrillt\/","name":"So wurde Armin Laschet bei Late Night Berlin von Kindern gegrillt","isPartOf":{"@id":"https:\/\/www.thebestsocial.media\/de\/#website"},"primaryImageOfPage":{"@id":"https:\/\/www.thebestsocial.media\/de\/besser-als-das-triell-so-wurde-armin-laschet-bei-late-night-berlin-von-kindern-gegrillt\/#primaryimage"},"image":{"@id":"https:\/\/www.thebestsocial.media\/de\/besser-als-das-triell-so-wurde-armin-laschet-bei-late-night-berlin-von-kindern-gegrillt\/#primaryimage"},"thumbnailUrl":"https:\/\/www.thebestsocial.media\/de\/wp-content\/uploads\/sites\/3\/2021\/09\/hands-2847508_1920.jpg","datePublished":"2021-09-15T10:26:35+00:00","author":{"@id":"https:\/\/www.thebestsocial.media\/de\/#\/schema\/person\/6267acc046505b90b912687a039220df"},"breadcrumb":{"@id":"https:\/\/www.thebestsocial.media\/de\/besser-als-das-triell-so-wurde-armin-laschet-bei-late-night-berlin-von-kindern-gegrillt\/#breadcrumb"},"inLanguage":"de","potentialAction":[{"@type":"ReadAction","target":["https:\/\/www.thebestsocial.media\/de\/besser-als-das-triell-so-wurde-armin-laschet-bei-late-night-berlin-von-kindern-gegrillt\/"]}]},{"@type":"ImageObject","inLanguage":"de","@id":"https:\/\/www.thebestsocial.media\/de\/besser-als-das-triell-so-wurde-armin-laschet-bei-late-night-berlin-von-kindern-gegrillt\/#primaryimage","url":"https:\/\/www.thebestsocial.media\/de\/wp-content\/uploads\/sites\/3\/2021\/09\/hands-2847508_1920.jpg","contentUrl":"https:\/\/www.thebestsocial.media\/de\/wp-content\/uploads\/sites\/3\/2021\/09\/hands-2847508_1920.jpg","width":1920,"height":1280},{"@type":"BreadcrumbList","@id":"https:\/\/www.thebestsocial.media\/de\/besser-als-das-triell-so-wurde-armin-laschet-bei-late-night-berlin-von-kindern-gegrillt\/#breadcrumb","itemListElement":[{"@type":"ListItem","position":1,"name":"Home","item":"https:\/\/www.thebestsocial.media\/de\/"},{"@type":"ListItem","position":2,"name":"Besser als das Triell: So wurde Armin Laschet bei Late Night Berlin von Kindern gegrillt"}]},{"@type":"WebSite","@id":"https:\/\/www.thebestsocial.media\/de\/#website","url":"https:\/\/www.thebestsocial.media\/de\/","name":"The Best Social Media DE","description":"","potentialAction":[{"@type":"SearchAction","target":{"@type":"EntryPoint","urlTemplate":"https:\/\/www.thebestsocial.media\/de\/?s={search_term_string}"},"query-input":{"@type":"PropertyValueSpecification","valueRequired":true,"valueName":"search_term_string"}}],"inLanguage":"de"},{"@type":"Person","@id":"https:\/\/www.thebestsocial.media\/de\/#\/schema\/person\/6267acc046505b90b912687a039220df","name":"Helene Mei\u00dfner","image":{"@type":"ImageObject","inLanguage":"de","@id":"https:\/\/secure.gravatar.com\/avatar\/6639fc0397860ac2c2e11b018c1f14be4a46c2378a91ac1b35730b724675daa8?s=96&d=mm&r=g","url":"https:\/\/secure.gravatar.com\/avatar\/6639fc0397860ac2c2e11b018c1f14be4a46c2378a91ac1b35730b724675daa8?s=96&d=mm&r=g","contentUrl":"https:\/\/secure.gravatar.com\/avatar\/6639fc0397860ac2c2e11b018c1f14be4a46c2378a91ac1b35730b724675daa8?s=96&d=mm&r=g","caption":"Helene Mei\u00dfner"},"description":"Kommt aus Berlin und hat dementsprechend nat\u00fcrlich irgendwas mit Medien studiert. Verlegt oft Dinge, w\u00e4hrend sie sie in der Hand h\u00e4lt. Findet Kauger\u00e4usche unausstehlich. Hat eine Schw\u00e4che f\u00fcr Glitzer und immer mindestens 50 Tabs offen.","sameAs":["https:\/\/www.instagram.com\/he.leni\/"],"url":"https:\/\/www.thebestsocial.media\/de\/author\/helenemeissner\/"}]}},"amp_enabled":true,"_links":{"self":[{"href":"https:\/\/www.thebestsocial.media\/de\/wp-json\/wp\/v2\/posts\/150095","targetHints":{"allow":["GET"]}}],"collection":[{"href":"https:\/\/www.thebestsocial.media\/de\/wp-json\/wp\/v2\/posts"}],"about":[{"href":"https:\/\/www.thebestsocial.media\/de\/wp-json\/wp\/v2\/types\/post"}],"author":[{"embeddable":true,"href":"https:\/\/www.thebestsocial.media\/de\/wp-json\/wp\/v2\/users\/73"}],"replies":[{"embeddable":true,"href":"https:\/\/www.thebestsocial.media\/de\/wp-json\/wp\/v2\/comments?post=150095"}],"version-history":[{"count":8,"href":"https:\/\/www.thebestsocial.media\/de\/wp-json\/wp\/v2\/posts\/150095\/revisions"}],"predecessor-version":[{"id":150120,"href":"https:\/\/www.thebestsocial.media\/de\/wp-json\/wp\/v2\/posts\/150095\/revisions\/150120"}],"wp:featuredmedia":[{"embeddable":true,"href":"https:\/\/www.thebestsocial.media\/de\/wp-json\/wp\/v2\/media\/150119"}],"wp:attachment":[{"href":"https:\/\/www.thebestsocial.media\/de\/wp-json\/wp\/v2\/media?parent=150095"}],"wp:term":[{"taxonomy":"category","embeddable":true,"href":"https:\/\/www.thebestsocial.media\/de\/wp-json\/wp\/v2\/categories?post=150095"},{"taxonomy":"post_tag","embeddable":true,"href":"https:\/\/www.thebestsocial.media\/de\/wp-json\/wp\/v2\/tags?post=150095"}],"curies":[{"name":"wp","href":"https:\/\/api.w.org\/{rel}","templated":true}]}}