{"id":150038,"date":"2021-09-13T08:49:45","date_gmt":"2021-09-13T08:49:45","guid":{"rendered":"https:\/\/www.thebestsocial.media\/de\/?p=150038"},"modified":"2021-09-13T09:10:45","modified_gmt":"2021-09-13T09:10:45","slug":"endspurt-im-wahlkampf-die-besten-reaktionen-zum-triell-auf-ard-und-zdf","status":"publish","type":"post","link":"https:\/\/www.thebestsocial.media\/de\/endspurt-im-wahlkampf-die-besten-reaktionen-zum-triell-auf-ard-und-zdf\/","title":{"rendered":"Endspurt im Wahlkampf: Die besten Kommentare zum Triell auf ARD und ZDF"},"content":{"rendered":"<p>Wen soll man bei der Bundestagswahl am 26. September blo\u00df w\u00e4hlen? Neben dem <a href=\"https:\/\/www.thebestsocial.media\/de\/was-kam-bei-euch-raus-die-besten-posts-zum-neuen-wahl-o-mat\/\" rel=\"noopener\" target=\"_blank\">Wahl-O-Mat<\/a> soll vor allem das TV-Duell zwischen den Kanzlerkandidaten Entscheidungshilfe bieten. Aber Moment &#8230; ein Duell mit drei Kandidaten? Daf\u00fcr hat man sich das Wort Triell einfallen lassen &#8211; in Western-Filmen w\u00fcrde man sowas wohl Mexican Standoff nennen. Gestern Abend fand nun das Triell zwischen Scholz, Baerbock und Laschet bei ARD und ZDF statt. Ein Ereignis, das wie fr\u00fcher &#8222;Wetten dass &#8230;&#8220; die Menschen am Lagerfeuer der Nation zusammenr\u00fccken l\u00e4sst und reichlich kommentiert wurde.<\/p>\n<p>&nbsp;<br \/>\n<strong>Die Spannung im Vorfeld war gro\u00df. Wie sich die Kandidaten wohl auf solch ein Triell vorbereiten?<\/strong><\/p>\n<div class=\"dbsm-oembed\">\n<blockquote class=\"twitter-tweet\" data-width=\"500\" data-dnt=\"true\">\n<p lang=\"de\" dir=\"ltr\">Bin gespannt, wen die Union heute Abend zum <a href=\"https:\/\/twitter.com\/hashtag\/Triell?src=hash&amp;ref_src=twsrc%5Etfw\">#Triell<\/a> schickt.<\/p>\n<p>&mdash; Peter Wittkamp \ud83c\uddfa\ud83c\udde6 (@diktator) <a href=\"https:\/\/twitter.com\/diktator\/status\/1437026599334027264?ref_src=twsrc%5Etfw\">September 12, 2021<\/a><\/p><\/blockquote>\n<p><script async src=\"https:\/\/platform.twitter.com\/widgets.js\" charset=\"utf-8\"><\/script><\/div>\n<p>https:\/\/twitter.com\/FixeIPixeI\/status\/1436996010778169346<\/p>\n<div class=\"dbsm-oembed\">\n<blockquote class=\"twitter-tweet\" data-width=\"500\" data-dnt=\"true\">\n<p lang=\"de\" dir=\"ltr\">Das kann kein Zufall sein. <a href=\"https:\/\/t.co\/HxqP9P3iwa\">pic.twitter.com\/HxqP9P3iwa<\/a><\/p>\n<p>&mdash; Miguel Robitzky (@miguelrausa) <a href=\"https:\/\/twitter.com\/miguelrausa\/status\/1437128544182755339?ref_src=twsrc%5Etfw\">September 12, 2021<\/a><\/p><\/blockquote>\n<p><script async src=\"https:\/\/platform.twitter.com\/widgets.js\" charset=\"utf-8\"><\/script><\/div>\n<p>&nbsp;<br \/>\n<strong>Aber auch die Fernsehzuschauer trafen Vorbereitungen. So wurde auf Reddit zum Bingo geladen.<\/strong><\/p>\n<p><iframe loading=\"lazy\" id=\"reddit-embed\" src=\"https:\/\/www.redditmedia.com\/r\/de\/comments\/pmsdsu\/bittesch%C3%B6n_bingokarten_f%C3%BCr_das_kanzlertriell\/?ref_source=embed&amp;ref=share&amp;embed=true\" sandbox=\"allow-scripts allow-same-origin allow-popups\" style=\"border: none;\" height=\"527\" width=\"640\" scrolling=\"no\"><\/iframe><\/p>\n<p><iframe loading=\"lazy\" id=\"reddit-embed\" src=\"https:\/\/www.redditmedia.com\/r\/de\/comments\/pmxyxx\/manchmal_frage_ich_mich_wie_mein_leben_ohne\/?ref_source=embed&amp;ref=share&amp;embed=true\" sandbox=\"allow-scripts allow-same-origin allow-popups\" style=\"border: none;\" height=\"545\" width=\"640\" scrolling=\"no\"><\/iframe><\/p>\n<p>&nbsp;<br \/>\n<strong>Nachdem Olaf Scholz bereits seine Vorliebe f\u00fcr eine Koalition mit den Gr\u00fcnen kundtat und Armin Laschet eh unter Zugzwang steht, taten sich gewisse Konfliktlinien auf.<\/strong><\/p>\n<div class=\"dbsm-oembed\">\n<blockquote class=\"twitter-tweet\" data-width=\"500\" data-dnt=\"true\">\n<p lang=\"de\" dir=\"ltr\">Das ist eine bemerkenswert suggestive Kameraeinstellung. <a href=\"https:\/\/twitter.com\/hashtag\/triell?src=hash&amp;ref_src=twsrc%5Etfw\">#triell<\/a> <a href=\"https:\/\/t.co\/1J4qhkjpiA\">pic.twitter.com\/1J4qhkjpiA<\/a><\/p>\n<p>&mdash; Stefan Niggemeier (@niggi) <a href=\"https:\/\/twitter.com\/niggi\/status\/1437120128118894597?ref_src=twsrc%5Etfw\">September 12, 2021<\/a><\/p><\/blockquote>\n<p><script async src=\"https:\/\/platform.twitter.com\/widgets.js\" charset=\"utf-8\"><\/script><\/div>\n<div class=\"dbsm-oembed\">\n<blockquote class=\"twitter-tweet\" data-width=\"500\" data-dnt=\"true\">\n<p lang=\"qme\" dir=\"ltr\"><a href=\"https:\/\/twitter.com\/hashtag\/Triell?src=hash&amp;ref_src=twsrc%5Etfw\">#Triell<\/a> <a href=\"https:\/\/t.co\/ucg7p7UUKL\">pic.twitter.com\/ucg7p7UUKL<\/a><\/p>\n<p>&mdash; Holger Kersting (@kersting) <a href=\"https:\/\/twitter.com\/kersting\/status\/1437138154889351170?ref_src=twsrc%5Etfw\">September 12, 2021<\/a><\/p><\/blockquote>\n<p><script async src=\"https:\/\/platform.twitter.com\/widgets.js\" charset=\"utf-8\"><\/script><\/div>\n<p>&nbsp;<br \/>\n<strong>Vielleicht das Highlight der Sendung: das omin\u00f6se Poltern.<\/strong><\/p>\n<div class=\"dbsm-oembed\">\n<blockquote class=\"twitter-tweet\" data-width=\"500\" data-dnt=\"true\">\n<p lang=\"de\" dir=\"ltr\">Das laute Poltern gerade war Friedrich Merz beim Versuch, auch noch aufs Podium zu kommen. <a href=\"https:\/\/twitter.com\/hashtag\/triell?src=hash&amp;ref_src=twsrc%5Etfw\">#triell<\/a><\/p>\n<p>&mdash; Peter Wittkamp \ud83c\uddfa\ud83c\udde6 (@diktator) <a href=\"https:\/\/twitter.com\/diktator\/status\/1437119486226751492?ref_src=twsrc%5Etfw\">September 12, 2021<\/a><\/p><\/blockquote>\n<p><script async src=\"https:\/\/platform.twitter.com\/widgets.js\" charset=\"utf-8\"><\/script><\/div>\n<p>&nbsp;<br \/>\n<strong>Aber nat\u00fcrlich wurde auch munter diskutiert, zum Beispiel \u00fcbers Klima.<\/strong><\/p>\n<div class=\"dbsm-oembed\">\n<blockquote class=\"twitter-tweet\" data-width=\"500\" data-dnt=\"true\">\n<p lang=\"de\" dir=\"ltr\">Warum geht es nur um die Kosten des Klimaschutzes beim <a href=\"https:\/\/twitter.com\/hashtag\/Triell?src=hash&amp;ref_src=twsrc%5Etfw\">#Triell<\/a>? Nicht aber darum, wie teuer zu wenig Klimachutz wird?<\/p>\n<p>&mdash; Georg Restle (@georgrestle) <a href=\"https:\/\/twitter.com\/georgrestle\/status\/1437138560671526923?ref_src=twsrc%5Etfw\">September 12, 2021<\/a><\/p><\/blockquote>\n<p><script async src=\"https:\/\/platform.twitter.com\/widgets.js\" charset=\"utf-8\"><\/script><\/div>\n<div class=\"dbsm-oembed\">\n<blockquote class=\"twitter-tweet\" data-width=\"500\" data-dnt=\"true\">\n<p lang=\"de\" dir=\"ltr\">Es fehlt \u00fcbrigens nicht an Geld f\u00fcr Klimaschutz, sondern an politischem Willen. <a href=\"https:\/\/twitter.com\/hashtag\/Triell?src=hash&amp;ref_src=twsrc%5Etfw\">#Triell<\/a><\/p>\n<p>&mdash; Fridays for Future Germany (@FridayForFuture) <a href=\"https:\/\/twitter.com\/FridayForFuture\/status\/1437130691234439181?ref_src=twsrc%5Etfw\">September 12, 2021<\/a><\/p><\/blockquote>\n<p><script async src=\"https:\/\/platform.twitter.com\/widgets.js\" charset=\"utf-8\"><\/script><\/div>\n<p>https:\/\/twitter.com\/NickHeubeck\/status\/1437141634995539968<\/p>\n<div class=\"dbsm-oembed\">\n<blockquote class=\"twitter-tweet\" data-width=\"500\" data-dnt=\"true\">\n<p lang=\"de\" dir=\"ltr\">Laschet gerade im <a href=\"https:\/\/twitter.com\/hashtag\/Triell?src=hash&amp;ref_src=twsrc%5Etfw\">#Triell<\/a>: &quot;Wir wissen seit Monaten schon von Fridays for Future!&quot; <\/p>\n<p>Fridays for Future gibt es seit 3 Jahren.<\/p>\n<p>&mdash; Shahak Shapira (@ShahakShapira) <a href=\"https:\/\/twitter.com\/ShahakShapira\/status\/1437130485818404873?ref_src=twsrc%5Etfw\">September 12, 2021<\/a><\/p><\/blockquote>\n<p><script async src=\"https:\/\/platform.twitter.com\/widgets.js\" charset=\"utf-8\"><\/script><\/div>\n<p>&nbsp;<br \/>\n<strong>\u00dcber die Pflege wurde ebenfalls gesprochen.<\/strong><\/p>\n<div class=\"dbsm-oembed\">\n<blockquote class=\"twitter-tweet\" data-width=\"500\" data-dnt=\"true\">\n<p lang=\"de\" dir=\"ltr\">Klares Pl\u00e4doyer von <a href=\"https:\/\/twitter.com\/ArminLaschet?ref_src=twsrc%5Etfw\">@ArminLaschet<\/a> f\u00fcr die Zwei-Klassen-Medizin. So spricht jemand, der Politik f\u00fcr die Besserverdienenden macht. <a href=\"https:\/\/twitter.com\/hashtag\/Triell?src=hash&amp;ref_src=twsrc%5Etfw\">#Triell<\/a><\/p>\n<p>&mdash; Holger Stark (@holger_stark) <a href=\"https:\/\/twitter.com\/holger_stark\/status\/1437136670927822860?ref_src=twsrc%5Etfw\">September 12, 2021<\/a><\/p><\/blockquote>\n<p><script async src=\"https:\/\/platform.twitter.com\/widgets.js\" charset=\"utf-8\"><\/script><\/div>\n<div class=\"dbsm-oembed\">\n<blockquote class=\"twitter-tweet\" data-width=\"500\" data-dnt=\"true\">\n<p lang=\"de\" dir=\"ltr\">\u201eEs ist ein starkes Gesundheitssystem.\u201c, sagt <a href=\"https:\/\/twitter.com\/hashtag\/Laschet?src=hash&amp;ref_src=twsrc%5Etfw\">#Laschet<\/a>. Jede Pflegekraft schl\u00e4gt sich gerade an den Kopf. <a href=\"https:\/\/twitter.com\/hashtag\/triell?src=hash&amp;ref_src=twsrc%5Etfw\">#triell<\/a><\/p>\n<p>&mdash; Tobias Schlegl (@TobiSchlegl) <a href=\"https:\/\/twitter.com\/TobiSchlegl\/status\/1437136606884990977?ref_src=twsrc%5Etfw\">September 12, 2021<\/a><\/p><\/blockquote>\n<p><script async src=\"https:\/\/platform.twitter.com\/widgets.js\" charset=\"utf-8\"><\/script><\/div>\n<div class=\"dbsm-oembed\">\n<blockquote class=\"twitter-tweet\" data-width=\"500\" data-dnt=\"true\">\n<p lang=\"de\" dir=\"ltr\">Mist. Jetzt war ich kurz mal in K\u00fcche und hab scheinbar das Thema Pflege im <a href=\"https:\/\/twitter.com\/hashtag\/Kanzler?src=hash&amp;ref_src=twsrc%5Etfw\">#Kanzler<\/a> <a href=\"https:\/\/twitter.com\/hashtag\/Triell?src=hash&amp;ref_src=twsrc%5Etfw\">#Triell<\/a> verpasst.<\/p>\n<p>&mdash; Ricardo Lange (@RicardoLange4) <a href=\"https:\/\/twitter.com\/RicardoLange4\/status\/1437142643780300801?ref_src=twsrc%5Etfw\">September 12, 2021<\/a><\/p><\/blockquote>\n<p><script async src=\"https:\/\/platform.twitter.com\/widgets.js\" charset=\"utf-8\"><\/script><\/div>\n<p>&nbsp;<br \/>\n<strong>Und nat\u00fcrlich waren auch die rechten Tendenzen in der CDU und Laschets mangelnde Distanzierung davon ein Thema.<\/strong><\/p>\n<div class=\"dbsm-oembed\">\n<blockquote class=\"twitter-tweet\" data-width=\"500\" data-dnt=\"true\">\n<p lang=\"de\" dir=\"ltr\">Armin Laschet hatte gerade die Chance, sich von Maa\u00dfen zu distanzieren und klar von rechts abzugrenzen. Er hat das nicht getan. Das ist bitter dass die Union die Brandmauer nach rechts nicht mehr h\u00e4lt. <a href=\"https:\/\/twitter.com\/hashtag\/triell?src=hash&amp;ref_src=twsrc%5Etfw\">#triell<\/a><\/p>\n<p>&mdash; Lars Klingbeil \ud83c\uddea\ud83c\uddfa (@larsklingbeil) <a href=\"https:\/\/twitter.com\/larsklingbeil\/status\/1437123850597289995?ref_src=twsrc%5Etfw\">September 12, 2021<\/a><\/p><\/blockquote>\n<p><script async src=\"https:\/\/platform.twitter.com\/widgets.js\" charset=\"utf-8\"><\/script><\/div>\n<div class=\"dbsm-oembed\">\n<blockquote class=\"twitter-tweet\" data-width=\"500\" data-dnt=\"true\">\n<p lang=\"de\" dir=\"ltr\">Laschets Grenze gegen Rechts ist gar nichts wert, solange er sich nicht klar zu <a href=\"https:\/\/twitter.com\/hashtag\/Maa%C3%9Fen?src=hash&amp;ref_src=twsrc%5Etfw\">#Maa\u00dfen<\/a> positioniert. <a href=\"https:\/\/twitter.com\/hashtag\/Triell?src=hash&amp;ref_src=twsrc%5Etfw\">#Triell<\/a><\/p>\n<p>&mdash; Ricarda Lang (@Ricarda_Lang) <a href=\"https:\/\/twitter.com\/Ricarda_Lang\/status\/1437125201100218371?ref_src=twsrc%5Etfw\">September 12, 2021<\/a><\/p><\/blockquote>\n<p><script async src=\"https:\/\/platform.twitter.com\/widgets.js\" charset=\"utf-8\"><\/script><\/div>\n<div class=\"dbsm-oembed\">\n<blockquote class=\"twitter-tweet\" data-width=\"500\" data-dnt=\"true\">\n<p lang=\"de\" dir=\"ltr\">Laschet ist nicht bereit zu sagen, dass er Maassen nicht w\u00e4hlen w\u00fcrde. Gleichzeitig schwurbelt er von einer Brandmauer gegen rechts.<\/p>\n<p>&mdash; Prof. Karl Lauterbach (@Karl_Lauterbach) <a href=\"https:\/\/twitter.com\/Karl_Lauterbach\/status\/1437124702569381890?ref_src=twsrc%5Etfw\">September 12, 2021<\/a><\/p><\/blockquote>\n<p><script async src=\"https:\/\/platform.twitter.com\/widgets.js\" charset=\"utf-8\"><\/script><\/div>\n<p>https:\/\/twitter.com\/Emmanzipation\/status\/1437124119116529677<\/p>\n<div class=\"dbsm-oembed\">\n<blockquote class=\"twitter-tweet\" data-width=\"500\" data-dnt=\"true\">\n<p lang=\"de\" dir=\"ltr\">Annalena Baerbock steht f\u00fcr &quot;Rassismus geht nicht klar&quot;. <br \/>Armin Laschet steht f\u00fcr &quot;Rassismus geh\u00f6rt leider dazu.&quot;<a href=\"https:\/\/twitter.com\/hashtag\/Triell?src=hash&amp;ref_src=twsrc%5Etfw\">#Triell<\/a><\/p>\n<p>&mdash; Jan Skudlarek (@janskudlarek) <a href=\"https:\/\/twitter.com\/janskudlarek\/status\/1437124513515323392?ref_src=twsrc%5Etfw\">September 12, 2021<\/a><\/p><\/blockquote>\n<p><script async src=\"https:\/\/platform.twitter.com\/widgets.js\" charset=\"utf-8\"><\/script><\/div>\n<p>https:\/\/twitter.com\/Emmanzipation\/status\/1437124689026035716<\/p>\n<p>&nbsp;<br \/>\n<strong>Was gab es \u00fcber das Format selbst zu sagen?<\/strong><\/p>\n<p>https:\/\/twitter.com\/torflusterer\/status\/1437141892790108162<\/p>\n<div class=\"dbsm-oembed\">\n<blockquote class=\"twitter-tweet\" data-width=\"500\" data-dnt=\"true\">\n<p lang=\"de\" dir=\"ltr\">Okay, es tut mir leid, es wird mich den ganzen Abend triggern, dass \u201eArmin Laschet\u201c nicht rechtsb\u00fcndig ist. <a href=\"https:\/\/twitter.com\/hashtag\/triell?src=hash&amp;ref_src=twsrc%5Etfw\">#triell<\/a> <a href=\"https:\/\/t.co\/4JW4svRYHD\">pic.twitter.com\/4JW4svRYHD<\/a><\/p>\n<p>&mdash; Stefan Niggemeier (@niggi) <a href=\"https:\/\/twitter.com\/niggi\/status\/1437121075637280769?ref_src=twsrc%5Etfw\">September 12, 2021<\/a><\/p><\/blockquote>\n<p><script async src=\"https:\/\/platform.twitter.com\/widgets.js\" charset=\"utf-8\"><\/script><\/div>\n<p><iframe loading=\"lazy\" id=\"reddit-embed\" src=\"https:\/\/www.redditmedia.com\/r\/ich_iel\/comments\/pmz8ma\/ich_iel\/?ref_source=embed&amp;ref=share&amp;embed=true\" sandbox=\"allow-scripts allow-same-origin allow-popups\" style=\"border: none;\" height=\"527\" width=\"640\" scrolling=\"no\"><\/iframe><\/p>\n<p>&nbsp;<br \/>\n<strong>Eine Sternstunde gelebter Demokratie!<\/strong><\/p>\n<div class=\"dbsm-oembed\">\n<blockquote class=\"twitter-tweet\" data-width=\"500\" data-dnt=\"true\">\n<p lang=\"de\" dir=\"ltr\">Es geht um die Zukunft der viertgr\u00f6\u00dften Volkswirtschaft der Welt. Themen im <a href=\"https:\/\/twitter.com\/hashtag\/Triell?src=hash&amp;ref_src=twsrc%5Etfw\">#Triell<\/a><br \/>&#8211; Eine Provinzbeh\u00f6rde<br \/>&#8211; Hans-Georg Maa\u00dfen<br \/>&#8211; Boris Palmer<br \/>Ich atme mal schwer durch.<\/p>\n<p>&mdash; Erik Fl\u00fcgge (@erik_fluegge) <a href=\"https:\/\/twitter.com\/erik_fluegge\/status\/1437124291540275207?ref_src=twsrc%5Etfw\">September 12, 2021<\/a><\/p><\/blockquote>\n<p><script async src=\"https:\/\/platform.twitter.com\/widgets.js\" charset=\"utf-8\"><\/script><\/div>\n<div class=\"dbsm-oembed\">\n<blockquote class=\"twitter-tweet\" data-width=\"500\" data-dnt=\"true\">\n<p lang=\"de\" dir=\"ltr\">\u201eUnd, Schatz, wie war das <a href=\"https:\/\/twitter.com\/hashtag\/Triell?src=hash&amp;ref_src=twsrc%5Etfw\">#Triell<\/a>?\u201c<\/p>\n<p>\u201eDu, super, echt. Die haben alle drei total fair die Redezeiten eingehalten.\u201c<\/p>\n<p>&mdash; Stefan Niggemeier (@niggi) <a href=\"https:\/\/twitter.com\/niggi\/status\/1437141706718289920?ref_src=twsrc%5Etfw\">September 12, 2021<\/a><\/p><\/blockquote>\n<p><script async src=\"https:\/\/platform.twitter.com\/widgets.js\" charset=\"utf-8\"><\/script><\/div>\n<p>&nbsp;<br \/>\n<strong>Wer geht nun als Sieger aus diesem Triell hervor?<\/strong><\/p>\n<div class=\"dbsm-oembed\">\n<blockquote class=\"twitter-tweet\" data-width=\"500\" data-dnt=\"true\">\n<p lang=\"de\" dir=\"ltr\">Das Gesicht der Gerontokratie <a href=\"https:\/\/twitter.com\/hashtag\/Klima?src=hash&amp;ref_src=twsrc%5Etfw\">#Klima<\/a> <a href=\"https:\/\/t.co\/acFb2gVFrf\">pic.twitter.com\/acFb2gVFrf<\/a><\/p>\n<p>&mdash; Bernd Ulrich (@berndulrich) <a href=\"https:\/\/twitter.com\/berndulrich\/status\/1437154589317472256?ref_src=twsrc%5Etfw\">September 12, 2021<\/a><\/p><\/blockquote>\n<p><script async src=\"https:\/\/platform.twitter.com\/widgets.js\" charset=\"utf-8\"><\/script><\/div>\n<div class=\"dbsm-oembed\">\n<blockquote class=\"twitter-tweet\" data-width=\"500\" data-dnt=\"true\">\n<p lang=\"de\" dir=\"ltr\">Armin <a href=\"https:\/\/twitter.com\/hashtag\/Laschet?src=hash&amp;ref_src=twsrc%5Etfw\">#Laschet<\/a> schafft es bei einem <a href=\"https:\/\/twitter.com\/hashtag\/Triell?src=hash&amp;ref_src=twsrc%5Etfw\">#Triell<\/a> Vierter zu werden.<\/p>\n<p>Respekt. <a href=\"https:\/\/t.co\/ua9HRkCnFv\">pic.twitter.com\/ua9HRkCnFv<\/a><\/p>\n<p>&mdash; TenBoe \ud83d\udc7e Now BLSKY (@TenBoeSwitch) <a href=\"https:\/\/twitter.com\/TenBoeSwitch\/status\/1437146345614217222?ref_src=twsrc%5Etfw\">September 12, 2021<\/a><\/p><\/blockquote>\n<p><script async src=\"https:\/\/platform.twitter.com\/widgets.js\" charset=\"utf-8\"><\/script><\/div>\n<p>&nbsp;<\/p>\n<p>&#8212;<br \/>\nVielen Dank an alle f\u00fcr die Posts.<br \/>\n&#8212;<br \/>\n<strong>Keine Influencer! Kein Foodporn! Nur ganz viel Spa\u00df &#8211; bei uns auf Instagram:<\/strong><\/p>\n<blockquote class=\"instagram-media\" data-instgrm-captioned data-instgrm-permalink=\"https:\/\/www.instagram.com\/p\/CTjnPAaMS0K\/?utm_source=ig_embed&amp;utm_campaign=loading\" data-instgrm-version=\"13\" style=\" background:#FFF; border:0; border-radius:3px; box-shadow:0 0 1px 0 rgba(0,0,0,0.5),0 1px 10px 0 rgba(0,0,0,0.15); margin: 1px; max-width:540px; min-width:326px; padding:0; width:99.375%; width:-webkit-calc(100% - 2px); width:calc(100% - 2px);\">\n<div style=\"padding:16px;\"> <a href=\"https:\/\/www.instagram.com\/p\/CTjnPAaMS0K\/?utm_source=ig_embed&amp;utm_campaign=loading\" style=\" background:#FFFFFF; line-height:0; padding:0 0; text-align:center; text-decoration:none; width:100%;\" target=\"_blank\" rel=\"noopener\"> <\/p>\n<div style=\" display: flex; flex-direction: row; align-items: center;\">\n<div style=\"background-color: #F4F4F4; border-radius: 50%; flex-grow: 0; height: 40px; margin-right: 14px; width: 40px;\"><\/div>\n<div style=\"display: flex; flex-direction: column; flex-grow: 1; justify-content: center;\">\n<div style=\" background-color: #F4F4F4; border-radius: 4px; flex-grow: 0; height: 14px; margin-bottom: 6px; width: 100px;\"><\/div>\n<div style=\" background-color: #F4F4F4; border-radius: 4px; flex-grow: 0; height: 14px; width: 60px;\"><\/div>\n<\/div>\n<\/div>\n<div style=\"padding: 19% 0;\"><\/div>\n<div style=\"display:block; height:50px; margin:0 auto 12px; width:50px;\"><svg width=\"50px\" height=\"50px\" viewBox=\"0 0 60 60\" version=\"1.1\" xmlns=\"https:\/\/www.w3.org\/2000\/svg\" xmlns:xlink=\"https:\/\/www.w3.org\/1999\/xlink\"><g stroke=\"none\" stroke-width=\"1\" fill=\"none\" fill-rule=\"evenodd\"><g transform=\"translate(-511.000000, -20.000000)\" fill=\"#000000\"><g><path d=\"M556.869,30.41 C554.814,30.41 553.148,32.076 553.148,34.131 C553.148,36.186 554.814,37.852 556.869,37.852 C558.924,37.852 560.59,36.186 560.59,34.131 C560.59,32.076 558.924,30.41 556.869,30.41 M541,60.657 C535.114,60.657 530.342,55.887 530.342,50 C530.342,44.114 535.114,39.342 541,39.342 C546.887,39.342 551.658,44.114 551.658,50 C551.658,55.887 546.887,60.657 541,60.657 M541,33.886 C532.1,33.886 524.886,41.1 524.886,50 C524.886,58.899 532.1,66.113 541,66.113 C549.9,66.113 557.115,58.899 557.115,50 C557.115,41.1 549.9,33.886 541,33.886 M565.378,62.101 C565.244,65.022 564.756,66.606 564.346,67.663 C563.803,69.06 563.154,70.057 562.106,71.106 C561.058,72.155 560.06,72.803 558.662,73.347 C557.607,73.757 556.021,74.244 553.102,74.378 C549.944,74.521 548.997,74.552 541,74.552 C533.003,74.552 532.056,74.521 528.898,74.378 C525.979,74.244 524.393,73.757 523.338,73.347 C521.94,72.803 520.942,72.155 519.894,71.106 C518.846,70.057 518.197,69.06 517.654,67.663 C517.244,66.606 516.755,65.022 516.623,62.101 C516.479,58.943 516.448,57.996 516.448,50 C516.448,42.003 516.479,41.056 516.623,37.899 C516.755,34.978 517.244,33.391 517.654,32.338 C518.197,30.938 518.846,29.942 519.894,28.894 C520.942,27.846 521.94,27.196 523.338,26.654 C524.393,26.244 525.979,25.756 528.898,25.623 C532.057,25.479 533.004,25.448 541,25.448 C548.997,25.448 549.943,25.479 553.102,25.623 C556.021,25.756 557.607,26.244 558.662,26.654 C560.06,27.196 561.058,27.846 562.106,28.894 C563.154,29.942 563.803,30.938 564.346,32.338 C564.756,33.391 565.244,34.978 565.378,37.899 C565.522,41.056 565.552,42.003 565.552,50 C565.552,57.996 565.522,58.943 565.378,62.101 M570.82,37.631 C570.674,34.438 570.167,32.258 569.425,30.349 C568.659,28.377 567.633,26.702 565.965,25.035 C564.297,23.368 562.623,22.342 560.652,21.575 C558.743,20.834 556.562,20.326 553.369,20.18 C550.169,20.033 549.148,20 541,20 C532.853,20 531.831,20.033 528.631,20.18 C525.438,20.326 523.257,20.834 521.349,21.575 C519.376,22.342 517.703,23.368 516.035,25.035 C514.368,26.702 513.342,28.377 512.574,30.349 C511.834,32.258 511.326,34.438 511.181,37.631 C511.035,40.831 511,41.851 511,50 C511,58.147 511.035,59.17 511.181,62.369 C511.326,65.562 511.834,67.743 512.574,69.651 C513.342,71.625 514.368,73.296 516.035,74.965 C517.703,76.634 519.376,77.658 521.349,78.425 C523.257,79.167 525.438,79.673 528.631,79.82 C531.831,79.965 532.853,80.001 541,80.001 C549.148,80.001 550.169,79.965 553.369,79.82 C556.562,79.673 558.743,79.167 560.652,78.425 C562.623,77.658 564.297,76.634 565.965,74.965 C567.633,73.296 568.659,71.625 569.425,69.651 C570.167,67.743 570.674,65.562 570.82,62.369 C570.966,59.17 571,58.147 571,50 C571,41.851 570.966,40.831 570.82,37.631\"><\/path><\/g><\/g><\/g><\/svg><\/div>\n<div style=\"padding-top: 8px;\">\n<div style=\" color:#3897f0; font-family:Arial,sans-serif; font-size:14px; font-style:normal; font-weight:550; line-height:18px;\"> Sieh dir diesen Beitrag auf Instagram an<\/div>\n<\/div>\n<div style=\"padding: 12.5% 0;\"><\/div>\n<div style=\"display: flex; flex-direction: row; margin-bottom: 14px; align-items: center;\">\n<div>\n<div style=\"background-color: #F4F4F4; border-radius: 50%; height: 12.5px; width: 12.5px; transform: translateX(0px) translateY(7px);\"><\/div>\n<div style=\"background-color: #F4F4F4; height: 12.5px; transform: rotate(-45deg) translateX(3px) translateY(1px); width: 12.5px; flex-grow: 0; margin-right: 14px; margin-left: 2px;\"><\/div>\n<div style=\"background-color: #F4F4F4; border-radius: 50%; height: 12.5px; width: 12.5px; transform: translateX(9px) translateY(-18px);\"><\/div>\n<\/div>\n<div style=\"margin-left: 8px;\">\n<div style=\" background-color: #F4F4F4; border-radius: 50%; flex-grow: 0; height: 20px; width: 20px;\"><\/div>\n<div style=\" width: 0; height: 0; border-top: 2px solid transparent; border-left: 6px solid #f4f4f4; border-bottom: 2px solid transparent; transform: translateX(16px) translateY(-4px) rotate(30deg)\"><\/div>\n<\/div>\n<div style=\"margin-left: auto;\">\n<div style=\" width: 0px; border-top: 8px solid #F4F4F4; border-right: 8px solid transparent; transform: translateY(16px);\"><\/div>\n<div style=\" background-color: #F4F4F4; flex-grow: 0; height: 12px; width: 16px; transform: translateY(-4px);\"><\/div>\n<div style=\" width: 0; height: 0; border-top: 8px solid #F4F4F4; border-left: 8px solid transparent; transform: translateY(-4px) translateX(8px);\"><\/div>\n<\/div>\n<\/div>\n<div style=\"display: flex; flex-direction: column; flex-grow: 1; justify-content: center; margin-bottom: 24px;\">\n<div style=\" background-color: #F4F4F4; border-radius: 4px; flex-grow: 0; height: 14px; margin-bottom: 6px; width: 224px;\"><\/div>\n<div style=\" background-color: #F4F4F4; border-radius: 4px; flex-grow: 0; height: 14px; width: 144px;\"><\/div>\n<\/div>\n<p><\/a><\/p>\n<p style=\" color:#c9c8cd; font-family:Arial,sans-serif; font-size:14px; line-height:17px; margin-bottom:0; margin-top:8px; overflow:hidden; padding:8px 0 7px; text-align:center; text-overflow:ellipsis; white-space:nowrap;\"><a href=\"https:\/\/www.instagram.com\/p\/CTjnPAaMS0K\/?utm_source=ig_embed&amp;utm_campaign=loading\" style=\" color:#c9c8cd; font-family:Arial,sans-serif; font-size:14px; font-style:normal; font-weight:normal; line-height:17px; text-decoration:none;\" target=\"_blank\" rel=\"noopener\">Ein Beitrag geteilt von The Best Social Media &#8211; DE (@thebestsocialmediade)<\/a><\/p>\n<\/div>\n<\/blockquote>\n\n<script async defer src=\"\/instagram-embed.js\"><\/script>","protected":false},"excerpt":{"rendered":"<p>Wen soll man bei der Bundestagswahl am 26. September blo\u00df w\u00e4hlen? Neben dem Wahl-O-Mat soll vor allem das TV-Duell zwischen den Kanzlerkandidaten Entscheidungshilfe bieten. Aber&#8230;<\/p>\n","protected":false},"author":72,"featured_media":150041,"comment_status":"open","ping_status":"open","sticky":false,"template":"","format":"standard","meta":{"_acf_changed":false,"footnotes":""},"categories":[35],"tags":[535,4677],"class_list":["post-150038","post","type-post","status-publish","format-standard","has-post-thumbnail","hentry","category-twitter","tag-bundestagswahl","tag-triell"],"acf":[],"yoast_head":"<!-- This site is optimized with the Yoast SEO plugin v27.5 - https:\/\/yoast.com\/product\/yoast-seo-wordpress\/ -->\n<title>TV-Wahlkampf: Die besten Kommentare zum Triell auf ARD und ZDF<\/title>\n<meta name=\"description\" content=\"Am gestrigen Sonntagabend fanden sich die Kanzlerkandidaten zum Triell bei ARD und ZDF zusammen. Das blieb nat\u00fcrlich nicht unkommentiert.\" \/>\n<meta name=\"robots\" content=\"index, follow, max-snippet:-1, max-image-preview:large, max-video-preview:-1\" \/>\n<link rel=\"canonical\" href=\"https:\/\/www.thebestsocial.media\/de\/endspurt-im-wahlkampf-die-besten-reaktionen-zum-triell-auf-ard-und-zdf\/\" \/>\n<meta property=\"og:locale\" content=\"de_DE\" \/>\n<meta property=\"og:type\" content=\"article\" \/>\n<meta property=\"og:title\" content=\"Endspurt im Wahlkampf: Die besten Kommentare zum Triell auf ARD und ZDF\" \/>\n<meta property=\"og:description\" content=\"Am gestrigen Sonntagabend fanden sich die Kanzlerkandidaten zum Triell bei ARD und ZDF zusammen. Das blieb nat\u00fcrlich nicht unkommentiert.\" \/>\n<meta property=\"og:url\" content=\"https:\/\/www.thebestsocial.media\/de\/endspurt-im-wahlkampf-die-besten-reaktionen-zum-triell-auf-ard-und-zdf\/\" \/>\n<meta property=\"og:site_name\" content=\"The Best Social Media DE\" \/>\n<meta property=\"article:published_time\" content=\"2021-09-13T08:49:45+00:00\" \/>\n<meta property=\"article:modified_time\" content=\"2021-09-13T09:10:45+00:00\" \/>\n<meta property=\"og:image\" content=\"https:\/\/www.thebestsocial.media\/de\/wp-content\/uploads\/sites\/3\/2021\/09\/triell-fb.png\" \/>\n\t<meta property=\"og:image:width\" content=\"1200\" \/>\n\t<meta property=\"og:image:height\" content=\"630\" \/>\n\t<meta property=\"og:image:type\" content=\"image\/png\" \/>\n<meta name=\"author\" content=\"Benny\" \/>\n<meta name=\"twitter:card\" content=\"summary_large_image\" \/>\n<meta name=\"twitter:label1\" content=\"Verfasst von\" \/>\n\t<meta name=\"twitter:data1\" content=\"Benny\" \/>\n\t<meta name=\"twitter:label2\" content=\"Gesch\u00e4tzte Lesezeit\" \/>\n\t<meta name=\"twitter:data2\" content=\"1\u00a0Minute\" \/>\n<script type=\"application\/ld+json\" class=\"yoast-schema-graph\">{\"@context\":\"https:\\\/\\\/schema.org\",\"@graph\":[{\"@type\":\"Article\",\"@id\":\"https:\\\/\\\/www.thebestsocial.media\\\/de\\\/endspurt-im-wahlkampf-die-besten-reaktionen-zum-triell-auf-ard-und-zdf\\\/#article\",\"isPartOf\":{\"@id\":\"https:\\\/\\\/www.thebestsocial.media\\\/de\\\/endspurt-im-wahlkampf-die-besten-reaktionen-zum-triell-auf-ard-und-zdf\\\/\"},\"author\":{\"name\":\"Benny\",\"@id\":\"https:\\\/\\\/www.thebestsocial.media\\\/de\\\/#\\\/schema\\\/person\\\/212fdd48880db42a484e589e4e27871b\"},\"headline\":\"Endspurt im Wahlkampf: Die besten Kommentare zum Triell auf ARD und ZDF\",\"datePublished\":\"2021-09-13T08:49:45+00:00\",\"dateModified\":\"2021-09-13T09:10:45+00:00\",\"mainEntityOfPage\":{\"@id\":\"https:\\\/\\\/www.thebestsocial.media\\\/de\\\/endspurt-im-wahlkampf-die-besten-reaktionen-zum-triell-auf-ard-und-zdf\\\/\"},\"wordCount\":405,\"commentCount\":0,\"image\":{\"@id\":\"https:\\\/\\\/www.thebestsocial.media\\\/de\\\/endspurt-im-wahlkampf-die-besten-reaktionen-zum-triell-auf-ard-und-zdf\\\/#primaryimage\"},\"thumbnailUrl\":\"https:\\\/\\\/www.thebestsocial.media\\\/de\\\/wp-content\\\/uploads\\\/sites\\\/3\\\/2021\\\/09\\\/triell-th.png\",\"keywords\":[\"Bundestagswahl\",\"Triell\"],\"articleSection\":[\"Twitter\"],\"inLanguage\":\"de\",\"potentialAction\":[{\"@type\":\"CommentAction\",\"name\":\"Comment\",\"target\":[\"https:\\\/\\\/www.thebestsocial.media\\\/de\\\/endspurt-im-wahlkampf-die-besten-reaktionen-zum-triell-auf-ard-und-zdf\\\/#respond\"]}]},{\"@type\":\"WebPage\",\"@id\":\"https:\\\/\\\/www.thebestsocial.media\\\/de\\\/endspurt-im-wahlkampf-die-besten-reaktionen-zum-triell-auf-ard-und-zdf\\\/\",\"url\":\"https:\\\/\\\/www.thebestsocial.media\\\/de\\\/endspurt-im-wahlkampf-die-besten-reaktionen-zum-triell-auf-ard-und-zdf\\\/\",\"name\":\"TV-Wahlkampf: Die besten Kommentare zum Triell auf ARD und ZDF\",\"isPartOf\":{\"@id\":\"https:\\\/\\\/www.thebestsocial.media\\\/de\\\/#website\"},\"primaryImageOfPage\":{\"@id\":\"https:\\\/\\\/www.thebestsocial.media\\\/de\\\/endspurt-im-wahlkampf-die-besten-reaktionen-zum-triell-auf-ard-und-zdf\\\/#primaryimage\"},\"image\":{\"@id\":\"https:\\\/\\\/www.thebestsocial.media\\\/de\\\/endspurt-im-wahlkampf-die-besten-reaktionen-zum-triell-auf-ard-und-zdf\\\/#primaryimage\"},\"thumbnailUrl\":\"https:\\\/\\\/www.thebestsocial.media\\\/de\\\/wp-content\\\/uploads\\\/sites\\\/3\\\/2021\\\/09\\\/triell-th.png\",\"datePublished\":\"2021-09-13T08:49:45+00:00\",\"dateModified\":\"2021-09-13T09:10:45+00:00\",\"author\":{\"@id\":\"https:\\\/\\\/www.thebestsocial.media\\\/de\\\/#\\\/schema\\\/person\\\/212fdd48880db42a484e589e4e27871b\"},\"description\":\"Am gestrigen Sonntagabend fanden sich die Kanzlerkandidaten zum Triell bei ARD und ZDF zusammen. Das blieb nat\u00fcrlich nicht unkommentiert.\",\"breadcrumb\":{\"@id\":\"https:\\\/\\\/www.thebestsocial.media\\\/de\\\/endspurt-im-wahlkampf-die-besten-reaktionen-zum-triell-auf-ard-und-zdf\\\/#breadcrumb\"},\"inLanguage\":\"de\",\"potentialAction\":[{\"@type\":\"ReadAction\",\"target\":[\"https:\\\/\\\/www.thebestsocial.media\\\/de\\\/endspurt-im-wahlkampf-die-besten-reaktionen-zum-triell-auf-ard-und-zdf\\\/\"]}]},{\"@type\":\"ImageObject\",\"inLanguage\":\"de\",\"@id\":\"https:\\\/\\\/www.thebestsocial.media\\\/de\\\/endspurt-im-wahlkampf-die-besten-reaktionen-zum-triell-auf-ard-und-zdf\\\/#primaryimage\",\"url\":\"https:\\\/\\\/www.thebestsocial.media\\\/de\\\/wp-content\\\/uploads\\\/sites\\\/3\\\/2021\\\/09\\\/triell-th.png\",\"contentUrl\":\"https:\\\/\\\/www.thebestsocial.media\\\/de\\\/wp-content\\\/uploads\\\/sites\\\/3\\\/2021\\\/09\\\/triell-th.png\",\"width\":1200,\"height\":630},{\"@type\":\"BreadcrumbList\",\"@id\":\"https:\\\/\\\/www.thebestsocial.media\\\/de\\\/endspurt-im-wahlkampf-die-besten-reaktionen-zum-triell-auf-ard-und-zdf\\\/#breadcrumb\",\"itemListElement\":[{\"@type\":\"ListItem\",\"position\":1,\"name\":\"Home\",\"item\":\"https:\\\/\\\/www.thebestsocial.media\\\/de\\\/\"},{\"@type\":\"ListItem\",\"position\":2,\"name\":\"Endspurt im Wahlkampf: Die besten Kommentare zum Triell auf ARD und ZDF\"}]},{\"@type\":\"WebSite\",\"@id\":\"https:\\\/\\\/www.thebestsocial.media\\\/de\\\/#website\",\"url\":\"https:\\\/\\\/www.thebestsocial.media\\\/de\\\/\",\"name\":\"The Best Social Media DE\",\"description\":\"\",\"potentialAction\":[{\"@type\":\"SearchAction\",\"target\":{\"@type\":\"EntryPoint\",\"urlTemplate\":\"https:\\\/\\\/www.thebestsocial.media\\\/de\\\/?s={search_term_string}\"},\"query-input\":{\"@type\":\"PropertyValueSpecification\",\"valueRequired\":true,\"valueName\":\"search_term_string\"}}],\"inLanguage\":\"de\"},{\"@type\":\"Person\",\"@id\":\"https:\\\/\\\/www.thebestsocial.media\\\/de\\\/#\\\/schema\\\/person\\\/212fdd48880db42a484e589e4e27871b\",\"name\":\"Benny\",\"image\":{\"@type\":\"ImageObject\",\"inLanguage\":\"de\",\"@id\":\"https:\\\/\\\/secure.gravatar.com\\\/avatar\\\/559f54fceb59ac8654d5ca40291d2ab87f2a9d79e48e8e3c19582477cde950bf?s=96&d=mm&r=g\",\"url\":\"https:\\\/\\\/secure.gravatar.com\\\/avatar\\\/559f54fceb59ac8654d5ca40291d2ab87f2a9d79e48e8e3c19582477cde950bf?s=96&d=mm&r=g\",\"contentUrl\":\"https:\\\/\\\/secure.gravatar.com\\\/avatar\\\/559f54fceb59ac8654d5ca40291d2ab87f2a9d79e48e8e3c19582477cde950bf?s=96&d=mm&r=g\",\"caption\":\"Benny\"},\"url\":\"https:\\\/\\\/www.thebestsocial.media\\\/de\\\/author\\\/bennykrueger\\\/\"}]}<\/script>\n<!-- \/ Yoast SEO plugin. -->","yoast_head_json":{"title":"TV-Wahlkampf: Die besten Kommentare zum Triell auf ARD und ZDF","description":"Am gestrigen Sonntagabend fanden sich die Kanzlerkandidaten zum Triell bei ARD und ZDF zusammen. Das blieb nat\u00fcrlich nicht unkommentiert.","robots":{"index":"index","follow":"follow","max-snippet":"max-snippet:-1","max-image-preview":"max-image-preview:large","max-video-preview":"max-video-preview:-1"},"canonical":"https:\/\/www.thebestsocial.media\/de\/endspurt-im-wahlkampf-die-besten-reaktionen-zum-triell-auf-ard-und-zdf\/","og_locale":"de_DE","og_type":"article","og_title":"Endspurt im Wahlkampf: Die besten Kommentare zum Triell auf ARD und ZDF","og_description":"Am gestrigen Sonntagabend fanden sich die Kanzlerkandidaten zum Triell bei ARD und ZDF zusammen. Das blieb nat\u00fcrlich nicht unkommentiert.","og_url":"https:\/\/www.thebestsocial.media\/de\/endspurt-im-wahlkampf-die-besten-reaktionen-zum-triell-auf-ard-und-zdf\/","og_site_name":"The Best Social Media DE","article_published_time":"2021-09-13T08:49:45+00:00","article_modified_time":"2021-09-13T09:10:45+00:00","og_image":[{"width":1200,"height":630,"url":"https:\/\/www.thebestsocial.media\/de\/wp-content\/uploads\/sites\/3\/2021\/09\/triell-fb.png","type":"image\/png"}],"author":"Benny","twitter_card":"summary_large_image","twitter_misc":{"Verfasst von":"Benny","Gesch\u00e4tzte Lesezeit":"1\u00a0Minute"},"schema":{"@context":"https:\/\/schema.org","@graph":[{"@type":"Article","@id":"https:\/\/www.thebestsocial.media\/de\/endspurt-im-wahlkampf-die-besten-reaktionen-zum-triell-auf-ard-und-zdf\/#article","isPartOf":{"@id":"https:\/\/www.thebestsocial.media\/de\/endspurt-im-wahlkampf-die-besten-reaktionen-zum-triell-auf-ard-und-zdf\/"},"author":{"name":"Benny","@id":"https:\/\/www.thebestsocial.media\/de\/#\/schema\/person\/212fdd48880db42a484e589e4e27871b"},"headline":"Endspurt im Wahlkampf: Die besten Kommentare zum Triell auf ARD und ZDF","datePublished":"2021-09-13T08:49:45+00:00","dateModified":"2021-09-13T09:10:45+00:00","mainEntityOfPage":{"@id":"https:\/\/www.thebestsocial.media\/de\/endspurt-im-wahlkampf-die-besten-reaktionen-zum-triell-auf-ard-und-zdf\/"},"wordCount":405,"commentCount":0,"image":{"@id":"https:\/\/www.thebestsocial.media\/de\/endspurt-im-wahlkampf-die-besten-reaktionen-zum-triell-auf-ard-und-zdf\/#primaryimage"},"thumbnailUrl":"https:\/\/www.thebestsocial.media\/de\/wp-content\/uploads\/sites\/3\/2021\/09\/triell-th.png","keywords":["Bundestagswahl","Triell"],"articleSection":["Twitter"],"inLanguage":"de","potentialAction":[{"@type":"CommentAction","name":"Comment","target":["https:\/\/www.thebestsocial.media\/de\/endspurt-im-wahlkampf-die-besten-reaktionen-zum-triell-auf-ard-und-zdf\/#respond"]}]},{"@type":"WebPage","@id":"https:\/\/www.thebestsocial.media\/de\/endspurt-im-wahlkampf-die-besten-reaktionen-zum-triell-auf-ard-und-zdf\/","url":"https:\/\/www.thebestsocial.media\/de\/endspurt-im-wahlkampf-die-besten-reaktionen-zum-triell-auf-ard-und-zdf\/","name":"TV-Wahlkampf: Die besten Kommentare zum Triell auf ARD und ZDF","isPartOf":{"@id":"https:\/\/www.thebestsocial.media\/de\/#website"},"primaryImageOfPage":{"@id":"https:\/\/www.thebestsocial.media\/de\/endspurt-im-wahlkampf-die-besten-reaktionen-zum-triell-auf-ard-und-zdf\/#primaryimage"},"image":{"@id":"https:\/\/www.thebestsocial.media\/de\/endspurt-im-wahlkampf-die-besten-reaktionen-zum-triell-auf-ard-und-zdf\/#primaryimage"},"thumbnailUrl":"https:\/\/www.thebestsocial.media\/de\/wp-content\/uploads\/sites\/3\/2021\/09\/triell-th.png","datePublished":"2021-09-13T08:49:45+00:00","dateModified":"2021-09-13T09:10:45+00:00","author":{"@id":"https:\/\/www.thebestsocial.media\/de\/#\/schema\/person\/212fdd48880db42a484e589e4e27871b"},"description":"Am gestrigen Sonntagabend fanden sich die Kanzlerkandidaten zum Triell bei ARD und ZDF zusammen. Das blieb nat\u00fcrlich nicht unkommentiert.","breadcrumb":{"@id":"https:\/\/www.thebestsocial.media\/de\/endspurt-im-wahlkampf-die-besten-reaktionen-zum-triell-auf-ard-und-zdf\/#breadcrumb"},"inLanguage":"de","potentialAction":[{"@type":"ReadAction","target":["https:\/\/www.thebestsocial.media\/de\/endspurt-im-wahlkampf-die-besten-reaktionen-zum-triell-auf-ard-und-zdf\/"]}]},{"@type":"ImageObject","inLanguage":"de","@id":"https:\/\/www.thebestsocial.media\/de\/endspurt-im-wahlkampf-die-besten-reaktionen-zum-triell-auf-ard-und-zdf\/#primaryimage","url":"https:\/\/www.thebestsocial.media\/de\/wp-content\/uploads\/sites\/3\/2021\/09\/triell-th.png","contentUrl":"https:\/\/www.thebestsocial.media\/de\/wp-content\/uploads\/sites\/3\/2021\/09\/triell-th.png","width":1200,"height":630},{"@type":"BreadcrumbList","@id":"https:\/\/www.thebestsocial.media\/de\/endspurt-im-wahlkampf-die-besten-reaktionen-zum-triell-auf-ard-und-zdf\/#breadcrumb","itemListElement":[{"@type":"ListItem","position":1,"name":"Home","item":"https:\/\/www.thebestsocial.media\/de\/"},{"@type":"ListItem","position":2,"name":"Endspurt im Wahlkampf: Die besten Kommentare zum Triell auf ARD und ZDF"}]},{"@type":"WebSite","@id":"https:\/\/www.thebestsocial.media\/de\/#website","url":"https:\/\/www.thebestsocial.media\/de\/","name":"The Best Social Media DE","description":"","potentialAction":[{"@type":"SearchAction","target":{"@type":"EntryPoint","urlTemplate":"https:\/\/www.thebestsocial.media\/de\/?s={search_term_string}"},"query-input":{"@type":"PropertyValueSpecification","valueRequired":true,"valueName":"search_term_string"}}],"inLanguage":"de"},{"@type":"Person","@id":"https:\/\/www.thebestsocial.media\/de\/#\/schema\/person\/212fdd48880db42a484e589e4e27871b","name":"Benny","image":{"@type":"ImageObject","inLanguage":"de","@id":"https:\/\/secure.gravatar.com\/avatar\/559f54fceb59ac8654d5ca40291d2ab87f2a9d79e48e8e3c19582477cde950bf?s=96&d=mm&r=g","url":"https:\/\/secure.gravatar.com\/avatar\/559f54fceb59ac8654d5ca40291d2ab87f2a9d79e48e8e3c19582477cde950bf?s=96&d=mm&r=g","contentUrl":"https:\/\/secure.gravatar.com\/avatar\/559f54fceb59ac8654d5ca40291d2ab87f2a9d79e48e8e3c19582477cde950bf?s=96&d=mm&r=g","caption":"Benny"},"url":"https:\/\/www.thebestsocial.media\/de\/author\/bennykrueger\/"}]}},"amp_enabled":true,"_links":{"self":[{"href":"https:\/\/www.thebestsocial.media\/de\/wp-json\/wp\/v2\/posts\/150038","targetHints":{"allow":["GET"]}}],"collection":[{"href":"https:\/\/www.thebestsocial.media\/de\/wp-json\/wp\/v2\/posts"}],"about":[{"href":"https:\/\/www.thebestsocial.media\/de\/wp-json\/wp\/v2\/types\/post"}],"author":[{"embeddable":true,"href":"https:\/\/www.thebestsocial.media\/de\/wp-json\/wp\/v2\/users\/72"}],"replies":[{"embeddable":true,"href":"https:\/\/www.thebestsocial.media\/de\/wp-json\/wp\/v2\/comments?post=150038"}],"version-history":[{"count":6,"href":"https:\/\/www.thebestsocial.media\/de\/wp-json\/wp\/v2\/posts\/150038\/revisions"}],"predecessor-version":[{"id":150046,"href":"https:\/\/www.thebestsocial.media\/de\/wp-json\/wp\/v2\/posts\/150038\/revisions\/150046"}],"wp:featuredmedia":[{"embeddable":true,"href":"https:\/\/www.thebestsocial.media\/de\/wp-json\/wp\/v2\/media\/150041"}],"wp:attachment":[{"href":"https:\/\/www.thebestsocial.media\/de\/wp-json\/wp\/v2\/media?parent=150038"}],"wp:term":[{"taxonomy":"category","embeddable":true,"href":"https:\/\/www.thebestsocial.media\/de\/wp-json\/wp\/v2\/categories?post=150038"},{"taxonomy":"post_tag","embeddable":true,"href":"https:\/\/www.thebestsocial.media\/de\/wp-json\/wp\/v2\/tags?post=150038"}],"curies":[{"name":"wp","href":"https:\/\/api.w.org\/{rel}","templated":true}]}}