{"id":149962,"date":"2021-09-10T11:08:13","date_gmt":"2021-09-10T11:08:13","guid":{"rendered":"https:\/\/www.thebestsocial.media\/de\/?p=149962"},"modified":"2021-09-10T11:09:35","modified_gmt":"2021-09-10T11:09:35","slug":"vertretungslehrer-der-anderen-art-die-besten-tweets-zur-sendung-kannste-kanzleramt","status":"publish","type":"post","link":"https:\/\/www.thebestsocial.media\/de\/vertretungslehrer-der-anderen-art-die-besten-tweets-zur-sendung-kannste-kanzleramt\/","title":{"rendered":"Vertretungsstunde der anderen Art &#8211; Die besten Tweets zur Sendung &#8222;Kannste Kanzleramt?&#8220;"},"content":{"rendered":"<p>Kinder sind ja bekannterma\u00dfen voller Neugier und scheuen sich auch nicht, unangenehme Fragen zu stellen. Da liegt es also eigentlich auf der Hand, dass sie die perfekten Interviewpartner f\u00fcr die derzeitigen Anw\u00e4rter:innen auf das Kanzleramt sind. Das dachte sich jedenfalls Sat1 und lie\u00df 16 Sch\u00fcler:innen auf Baerbock, Scholz und Laschet los. Oder andersrum?<\/p>\n<p>&nbsp;<\/p>\n<p><strong>Einer war nicht dabei, musste wohl noch nachsitzen wegen der letzten Zerst\u00f6rung.<\/strong><\/p>\n<div class=\"dbsm-oembed\">\n<blockquote class=\"twitter-tweet\" data-width=\"500\" data-dnt=\"true\">\n<p lang=\"de\" dir=\"ltr\">Wenn <a href=\"https:\/\/twitter.com\/sat1?ref_src=twsrc%5Etfw\">@sat1<\/a> Humor h\u00e4tte, dann h\u00e4tten sie einen weiteren Sch\u00fcler ins Klassenzimmer gesetzt. <a href=\"https:\/\/twitter.com\/hashtag\/KannsteKanzleramt?src=hash&amp;ref_src=twsrc%5Etfw\">#KannsteKanzleramt<\/a> <a href=\"https:\/\/t.co\/WnDbyZS9Jb\">pic.twitter.com\/WnDbyZS9Jb<\/a><\/p>\n<p>&mdash; Lord Orange (@realorangelord) <a href=\"https:\/\/twitter.com\/realorangelord\/status\/1436046110678728706?ref_src=twsrc%5Etfw\">September 9, 2021<\/a><\/p><\/blockquote>\n<p><script async src=\"https:\/\/platform.twitter.com\/widgets.js\" charset=\"utf-8\"><\/script><\/div>\n<p>&nbsp;<\/p>\n<p><strong>Okay, was ist jetzt also so grob passiert in der Sendung?<\/strong><\/p>\n<div class=\"dbsm-oembed\">\n<blockquote class=\"twitter-tweet\" data-width=\"500\" data-dnt=\"true\">\n<p lang=\"de\" dir=\"ltr\">Baerbock singt und tanzt We will rock you, Scholz spielt Blockfl\u00f6te &amp; Armin Laschet tanzt &quot;Heut ist so ein sch\u00f6ner Tag&quot;<\/p>\n<p>Das Meme Potenzial dieser Sendung, i can&#39;t\ud83d\ude2d\ud83d\ude02 <a href=\"https:\/\/twitter.com\/hashtag\/kannstekanzleramt?src=hash&amp;ref_src=twsrc%5Etfw\">#kannstekanzleramt<\/a><\/p>\n<p>&mdash; Philip (@philipsrck) <a href=\"https:\/\/twitter.com\/philipsrck\/status\/1436038755593424899?ref_src=twsrc%5Etfw\">September 9, 2021<\/a><\/p><\/blockquote>\n<p><script async src=\"https:\/\/platform.twitter.com\/widgets.js\" charset=\"utf-8\"><\/script><\/div>\n<p>&nbsp;<\/p>\n<p><strong>Der Konsens auf Twitter ist schnell erkennbar: Baerbock kommt ganz gut (zumindest gr\u00f6\u00dftenteils unkommentiert) weg, Laschet hingegen hat sich mal wieder eher so semi-gut geschlagen.<\/strong><\/p>\n<blockquote class=\"twitter-tweet\" data-conversation=\"none\">\n<p dir=\"ltr\" lang=\"de\">Annalena Baerbock hat man angemerkt, dass ihr das Projekt &amp; die Zeit\/Interaktion mit den Kids wirklich Spa\u00df gemacht hat.<\/p>\n<p>Armin Laschet merkt man an, dass er \u00fcberhaupt keine Lust auf <a href=\"https:\/\/twitter.com\/hashtag\/KannsteKanzleramt?src=hash&amp;ref_src=twsrc%5Etfw\">#KannsteKanzleramt<\/a> hat. Es ist von Anfang an derbe unangenehm, sich dieses Schauspiel anzusehen.<\/p>\n<p>\u2014 Sternkind \ud83c\udff3\ufe0f\u200d\ud83c\udf08\ud83c\udf3b (@ninelangelo) <a href=\"https:\/\/twitter.com\/ninelangelo\/status\/1436050506829402119?ref_src=twsrc%5Etfw\">September 9, 2021<\/a><\/p><\/blockquote>\n<p><script async src=\"https:\/\/platform.twitter.com\/widgets.js\" charset=\"utf-8\"><\/script><\/p>\n<p>&nbsp;<\/p>\n<p><strong>Die meisten Tweets zur Sendung beziehen sich auf seinen Auftritt.<\/strong><\/p>\n<div class=\"dbsm-oembed\">\n<blockquote class=\"twitter-tweet\" data-width=\"500\" data-dnt=\"true\">\n<p lang=\"de\" dir=\"ltr\">Laschet in den ersten 5 Minuten: Spricht einen Namen falsch aus, beleidigt eine Schrift und reagiert h\u00f6hnisch auf Vegetarismus. Richtig sympathisch. <a href=\"https:\/\/twitter.com\/hashtag\/KannsteKanzleramt?src=hash&amp;ref_src=twsrc%5Etfw\">#KannsteKanzleramt<\/a><\/p>\n<p>&mdash; Lea (@leamoen) <a href=\"https:\/\/twitter.com\/leamoen\/status\/1436044965105344516?ref_src=twsrc%5Etfw\">September 9, 2021<\/a><\/p><\/blockquote>\n<p><script async src=\"https:\/\/platform.twitter.com\/widgets.js\" charset=\"utf-8\"><\/script><\/div>\n<p>&nbsp;<\/p>\n<p><strong>Und der Respekt beruht anscheinend auf Gegenseitigkeit.<\/strong><\/p>\n<div class=\"dbsm-oembed\">\n<blockquote class=\"twitter-tweet\" data-width=\"500\" data-dnt=\"true\">\n<p lang=\"de\" dir=\"ltr\">Die Kinder sprechen mit Laschet intuitiv wie mit einem Kleinkind.\ud83e\udd2d<a href=\"https:\/\/twitter.com\/hashtag\/KannsteKanzleramt?src=hash&amp;ref_src=twsrc%5Etfw\">#KannsteKanzleramt<\/a><\/p>\n<p>&mdash; Ella \uea00 (@Ella_von_T) <a href=\"https:\/\/twitter.com\/Ella_von_T\/status\/1436047367954845718?ref_src=twsrc%5Etfw\">September 9, 2021<\/a><\/p><\/blockquote>\n<p><script async src=\"https:\/\/platform.twitter.com\/widgets.js\" charset=\"utf-8\"><\/script><\/div>\n<p>&nbsp;<\/p>\n<p><strong>Das w\u00e4re wenigstens mal erfrischend ehrlich gewesen&#8230;<\/strong><\/p>\n<p>https:\/\/twitter.com\/AndKrem\/status\/1436045914070818819?s=20<\/p>\n<p>&nbsp;<\/p>\n<p><strong>Die Linien sind da auch nicht zum Spa\u00df!!!!!<\/strong><\/p>\n<div class=\"dbsm-oembed\">\n<blockquote class=\"twitter-tweet\" data-width=\"500\" data-dnt=\"true\">\n<p lang=\"de\" dir=\"ltr\">Armin Laschet: beschwert sich \u00fcber die krakelige Schrift einer Sch\u00fclerin<br \/>Auch Armin Laschet:<a href=\"https:\/\/twitter.com\/hashtag\/KannsteKanzleramt?src=hash&amp;ref_src=twsrc%5Etfw\">#KannsteKanzleramt<\/a> <a href=\"https:\/\/t.co\/djnzlgDuvU\">pic.twitter.com\/djnzlgDuvU<\/a><\/p>\n<p>&mdash; Miss Parapluie (@msparapluie) <a href=\"https:\/\/twitter.com\/msparapluie\/status\/1436044507854823426?ref_src=twsrc%5Etfw\">September 9, 2021<\/a><\/p><\/blockquote>\n<p><script async src=\"https:\/\/platform.twitter.com\/widgets.js\" charset=\"utf-8\"><\/script><\/div>\n<p>&nbsp;<\/p>\n<p><strong>Zwischendurch wird noch Gesundheitsminister Jens Spahn angerufen. Weil warum auch nicht?<\/strong><\/p>\n<div class=\"dbsm-oembed\">\n<blockquote class=\"twitter-tweet\" data-width=\"500\" data-dnt=\"true\">\n<p lang=\"de\" dir=\"ltr\">\u201eHallo Kinder, hier ist der Jens. Alles gut bei euch?\u201c<\/p>\n<p>\u201eJaaa wir haben keine Luftfilter und tragen keine Masken und Onkel Armin singt mit uns ohne Abstand!\u201c<\/p>\n<p> <a href=\"https:\/\/twitter.com\/hashtag\/KannsteKanzleramt?src=hash&amp;ref_src=twsrc%5Etfw\">#KannsteKanzleramt<\/a><\/p>\n<p>&mdash; Lisa (@Scribella) <a href=\"https:\/\/twitter.com\/Scribella\/status\/1436048984733274112?ref_src=twsrc%5Etfw\">September 9, 2021<\/a><\/p><\/blockquote>\n<p><script async src=\"https:\/\/platform.twitter.com\/widgets.js\" charset=\"utf-8\"><\/script><\/div>\n<p>&nbsp;<\/p>\n<p><strong>Ob Armin Laschet also seine Kanzler-Ambitionen noch einmal \u00fcberdenken sollte? Vielleicht kann er es als Lehrer versuchen?<\/strong><\/p>\n<div class=\"dbsm-oembed\">\n<blockquote class=\"twitter-tweet\" data-width=\"500\" data-dnt=\"true\">\n<p lang=\"de\" dir=\"ltr\">Armin Laschet ist dieser eine Lehrer, \u00fcber den sich jeder lustig macht, der aber denkt, dass die Kinder ihn m\u00f6gen, weil &quot;die lachen ja immer mit mir&quot;. <a href=\"https:\/\/twitter.com\/hashtag\/KannsteKanzleramt?src=hash&amp;ref_src=twsrc%5Etfw\">#KannsteKanzleramt<\/a> <a href=\"https:\/\/twitter.com\/hashtag\/LaschetRuecktritt?src=hash&amp;ref_src=twsrc%5Etfw\">#LaschetRuecktritt<\/a><\/p>\n<p>&mdash; bobbyong.eth (@NicoNintendoMag) <a href=\"https:\/\/twitter.com\/NicoNintendoMag\/status\/1436042597773029378?ref_src=twsrc%5Etfw\">September 9, 2021<\/a><\/p><\/blockquote>\n<p><script async src=\"https:\/\/platform.twitter.com\/widgets.js\" charset=\"utf-8\"><\/script><\/div>\n<p>&nbsp;<\/p>\n<p><strong>Obwohl&#8230;vielleicht lieber nicht.<\/strong><\/p>\n<p>https:\/\/twitter.com\/Nightmare_Keks\/status\/1436083507063926789?s=20<\/p>\n<p>&nbsp;<\/p>\n<p><strong>H\u00e4?<\/strong><\/p>\n<div class=\"dbsm-oembed\">\n<blockquote class=\"twitter-tweet\" data-width=\"500\" data-dnt=\"true\">\n<p lang=\"de\" dir=\"ltr\">Laschet erkl\u00e4rt auf SAT 1 das Steuersystem. \u201eEigentlich k\u00f6nnten Fu\u00dfballer auch mehr Steuern bezahlen, aber dann kann der B\u00e4ckermeister seine Leute nicht bezahlen.\u201c ?????<a href=\"https:\/\/twitter.com\/hashtag\/laschet?src=hash&amp;ref_src=twsrc%5Etfw\">#laschet<\/a> <a href=\"https:\/\/twitter.com\/hashtag\/KannsteKanzleramt?src=hash&amp;ref_src=twsrc%5Etfw\">#KannsteKanzleramt<\/a><\/p>\n<p>&mdash; Eka von Kalben (@ekavonkalben) <a href=\"https:\/\/twitter.com\/ekavonkalben\/status\/1436045587477057537?ref_src=twsrc%5Etfw\">September 9, 2021<\/a><\/p><\/blockquote>\n<p><script async src=\"https:\/\/platform.twitter.com\/widgets.js\" charset=\"utf-8\"><\/script><\/div>\n<p>&nbsp;<\/p>\n<p><strong>Insgesamt also alles sehr erwartbar. Der gr\u00f6\u00dfte \u00dcberraschungsmoment mag dieser hier gewesen sein:<\/strong><\/p>\n<div class=\"dbsm-oembed\">\n<blockquote class=\"twitter-tweet\" data-width=\"500\" data-dnt=\"true\">\n<p lang=\"de\" dir=\"ltr\">Ja, die Kinder sind total s\u00fc\u00df und die Auftritte der drei mal mehr und mal weniger souver\u00e4n.<br \/>Aber war euch bewusst, dass 60 Seemeilen fast genau 111,111 km sind \ud83d\ude33?<a href=\"https:\/\/twitter.com\/hashtag\/KannsteKanzleramt?src=hash&amp;ref_src=twsrc%5Etfw\">#KannsteKanzleramt<\/a> <a href=\"https:\/\/t.co\/HFya1eUGCd\">pic.twitter.com\/HFya1eUGCd<\/a><\/p>\n<p>&mdash; Fridolin Mayr \uea00 (@MayrFrido) <a href=\"https:\/\/twitter.com\/MayrFrido\/status\/1436054326024318985?ref_src=twsrc%5Etfw\">September 9, 2021<\/a><\/p><\/blockquote>\n<p><script async src=\"https:\/\/platform.twitter.com\/widgets.js\" charset=\"utf-8\"><\/script><\/div>\n<p>&nbsp;<\/p>\n<p><strong>Ach ja, Scholz war \u00fcbrigens auch da.<\/strong><\/p>\n<div class=\"dbsm-oembed\">\n<blockquote class=\"twitter-tweet\" data-width=\"500\" data-dnt=\"true\">\n<p lang=\"de\" dir=\"ltr\">Was ihr seht vs. Was ich sehe. <a href=\"https:\/\/twitter.com\/hashtag\/KannsteKanzleramt?src=hash&amp;ref_src=twsrc%5Etfw\">#KannsteKanzleramt<\/a> <a href=\"https:\/\/t.co\/picPoy8gEr\">pic.twitter.com\/picPoy8gEr<\/a><\/p>\n<p>&mdash; Lord Orange (@realorangelord) <a href=\"https:\/\/twitter.com\/realorangelord\/status\/1436058624305020934?ref_src=twsrc%5Etfw\">September 9, 2021<\/a><\/p><\/blockquote>\n<p><script async src=\"https:\/\/platform.twitter.com\/widgets.js\" charset=\"utf-8\"><\/script><\/div>\n<p>&nbsp;<\/p>\n<p><strong>Und wer hat jetzt gewonnen? Auch dar\u00fcber herrscht auf Twitter Einigkeit. Die Kinder!<\/strong><\/p>\n<div class=\"dbsm-oembed\">\n<blockquote class=\"twitter-tweet\" data-width=\"500\" data-dnt=\"true\">\n<p lang=\"de\" dir=\"ltr\">Wenn ich sehe wie die Kinder kluge Fragen stellen, sehr gut informiert sind und hartn\u00e4ckig bei <a href=\"https:\/\/twitter.com\/hashtag\/KannsteKanzleramt?src=hash&amp;ref_src=twsrc%5Etfw\">#KannsteKanzleramt<\/a> bleiben, seh ich definitiv auch wieder Hoffnung f\u00fcr die Zukunft. Und ebenso warum wir das Wahlrecht ab 16 brauchen.<\/p>\n<p>&mdash; Andrea Corinna Sch\u00f6ne (@SchoeneAndrea) <a href=\"https:\/\/twitter.com\/SchoeneAndrea\/status\/1436059813675520000?ref_src=twsrc%5Etfw\">September 9, 2021<\/a><\/p><\/blockquote>\n<p><script async src=\"https:\/\/platform.twitter.com\/widgets.js\" charset=\"utf-8\"><\/script><\/div>\n<p>&nbsp;<\/p>\n<p>\u2014<br \/>\nVielen Dank an alle f\u00fcr die Posts.<br \/>\n\u2014<br \/>\n<strong>Keine Influencer! Kein Foodporn! Nur ganz viel Spa\u00df \u2013 bei uns auf Instagram:<\/strong><\/p>\n<blockquote class=\"instagram-media\" style=\"background: #FFF; border: 0; border-radius: 3px; box-shadow: 0 0 1px 0 rgba(0,0,0,0.5),0 1px 10px 0 rgba(0,0,0,0.15); margin: 1px; max-width: 540px; min-width: 326px; padding: 0; width: calc(100% - 2px);\" data-instgrm-captioned=\"\" data-instgrm-permalink=\"https:\/\/www.instagram.com\/p\/CTZHVSZt-SK\/?utm_source=ig_embed&amp;utm_campaign=loading\" data-instgrm-version=\"13\">\n<div style=\"padding: 16px;\">\n<p>&nbsp;<\/p>\n<div style=\"display: flex; flex-direction: row; align-items: center;\">\n<div style=\"background-color: #f4f4f4; border-radius: 50%; flex-grow: 0; height: 40px; margin-right: 14px; width: 40px;\"><\/div>\n<div style=\"display: flex; flex-direction: column; flex-grow: 1; justify-content: center;\">\n<div style=\"background-color: #f4f4f4; border-radius: 4px; flex-grow: 0; height: 14px; margin-bottom: 6px; width: 100px;\"><\/div>\n<div style=\"background-color: #f4f4f4; border-radius: 4px; flex-grow: 0; height: 14px; width: 60px;\"><\/div>\n<\/div>\n<\/div>\n<div style=\"padding: 19% 0;\"><\/div>\n<div style=\"display: block; height: 50px; margin: 0 auto 12px; width: 50px;\"><\/div>\n<div style=\"padding-top: 8px;\">\n<div style=\"color: #3897f0; font-family: Arial,sans-serif; font-size: 14px; font-style: normal; font-weight: 550; line-height: 18px;\">Sieh dir diesen Beitrag auf Instagram an<\/div>\n<\/div>\n<div style=\"padding: 12.5% 0;\"><\/div>\n<div style=\"display: flex; flex-direction: row; margin-bottom: 14px; align-items: center;\">\n<div>\n<div style=\"background-color: #f4f4f4; border-radius: 50%; height: 12.5px; width: 12.5px; transform: translateX(0px) translateY(7px);\"><\/div>\n<div style=\"background-color: #f4f4f4; height: 12.5px; transform: rotate(-45deg) translateX(3px) translateY(1px); width: 12.5px; flex-grow: 0; margin-right: 14px; margin-left: 2px;\"><\/div>\n<div style=\"background-color: #f4f4f4; border-radius: 50%; height: 12.5px; width: 12.5px; transform: translateX(9px) translateY(-18px);\"><\/div>\n<\/div>\n<div style=\"margin-left: 8px;\">\n<div style=\"background-color: #f4f4f4; border-radius: 50%; flex-grow: 0; height: 20px; width: 20px;\"><\/div>\n<div style=\"width: 0; height: 0; border-top: 2px solid transparent; border-left: 6px solid #f4f4f4; border-bottom: 2px solid transparent; transform: translateX(16px) translateY(-4px) rotate(30deg);\"><\/div>\n<\/div>\n<div style=\"margin-left: auto;\">\n<div style=\"width: 0px; border-top: 8px solid #F4F4F4; border-right: 8px solid transparent; transform: translateY(16px);\"><\/div>\n<div style=\"background-color: #f4f4f4; flex-grow: 0; height: 12px; width: 16px; transform: translateY(-4px);\"><\/div>\n<div style=\"width: 0; height: 0; border-top: 8px solid #F4F4F4; border-left: 8px solid transparent; transform: translateY(-4px) translateX(8px);\"><\/div>\n<\/div>\n<\/div>\n<div style=\"display: flex; flex-direction: column; flex-grow: 1; justify-content: center; margin-bottom: 24px;\">\n<div style=\"background-color: #f4f4f4; border-radius: 4px; flex-grow: 0; height: 14px; margin-bottom: 6px; width: 224px;\"><\/div>\n<div style=\"background-color: #f4f4f4; border-radius: 4px; flex-grow: 0; height: 14px; width: 144px;\"><\/div>\n<\/div>\n<p>&nbsp;<\/p>\n<p style=\"color: #c9c8cd; font-family: Arial,sans-serif; font-size: 14px; line-height: 17px; margin-bottom: 0; margin-top: 8px; overflow: hidden; padding: 8px 0 7px; text-align: center; text-overflow: ellipsis; white-space: nowrap;\"><a style=\"color: #c9c8cd; font-family: Arial,sans-serif; font-size: 14px; font-style: normal; font-weight: normal; line-height: 17px; text-decoration: none;\" href=\"https:\/\/www.instagram.com\/p\/CTZHVSZt-SK\/?utm_source=ig_embed&amp;utm_campaign=loading\" target=\"_blank\" rel=\"noopener\">Ein Beitrag geteilt von The Best Social Media &#8211; DE (@thebestsocialmediade)<\/a><\/p>\n<\/div>\n<\/blockquote>\n\n<script async defer src=\"\/instagram-embed.js\"><\/script>","protected":false},"excerpt":{"rendered":"<p>Kinder sind ja bekannterma\u00dfen voller Neugier und scheuen sich auch nicht, unangenehme Fragen zu stellen. Da liegt es also eigentlich auf der Hand, dass sie&#8230;<\/p>\n","protected":false},"author":73,"featured_media":149985,"comment_status":"open","ping_status":"open","sticky":false,"template":"","format":"standard","meta":{"_acf_changed":false,"footnotes":""},"categories":[35,2404],"tags":[412,331],"class_list":["post-149962","post","type-post","status-publish","format-standard","has-post-thumbnail","hentry","category-twitter","category-wtf","tag-politik","tag-wahlkampf"],"acf":[],"yoast_head":"<!-- This site is optimized with the Yoast SEO plugin v27.5 - https:\/\/yoast.com\/product\/yoast-seo-wordpress\/ -->\n<title>Vertretungsstunde der anderen Art - So war &quot;Kannste Kanzleramt?&quot;<\/title>\n<meta name=\"robots\" content=\"index, follow, max-snippet:-1, max-image-preview:large, max-video-preview:-1\" \/>\n<link rel=\"canonical\" href=\"https:\/\/www.thebestsocial.media\/de\/vertretungslehrer-der-anderen-art-die-besten-tweets-zur-sendung-kannste-kanzleramt\/\" \/>\n<meta property=\"og:locale\" content=\"de_DE\" \/>\n<meta property=\"og:type\" content=\"article\" \/>\n<meta property=\"og:title\" content=\"Vertretungsstunde der anderen Art - Die besten Tweets zur Sendung &quot;Kannste Kanzleramt?&quot;\" \/>\n<meta property=\"og:description\" content=\"Kinder sind ja bekannterma\u00dfen voller Neugier und scheuen sich auch nicht, unangenehme Fragen zu stellen. Da liegt es also eigentlich auf der Hand, dass sie...\" \/>\n<meta property=\"og:url\" content=\"https:\/\/www.thebestsocial.media\/de\/vertretungslehrer-der-anderen-art-die-besten-tweets-zur-sendung-kannste-kanzleramt\/\" \/>\n<meta property=\"og:site_name\" content=\"The Best Social Media DE\" \/>\n<meta property=\"article:published_time\" content=\"2021-09-10T11:08:13+00:00\" \/>\n<meta property=\"article:modified_time\" content=\"2021-09-10T11:09:35+00:00\" \/>\n<meta property=\"og:image\" content=\"https:\/\/www.thebestsocial.media\/de\/wp-content\/uploads\/sites\/3\/2021\/09\/header-kanzleramt1.png\" \/>\n\t<meta property=\"og:image:width\" content=\"1200\" \/>\n\t<meta property=\"og:image:height\" content=\"630\" \/>\n\t<meta property=\"og:image:type\" content=\"image\/png\" \/>\n<meta name=\"author\" content=\"Helene Mei\u00dfner\" \/>\n<meta name=\"twitter:card\" content=\"summary_large_image\" \/>\n<meta name=\"twitter:label1\" content=\"Verfasst von\" \/>\n\t<meta name=\"twitter:data1\" content=\"Helene Mei\u00dfner\" \/>\n\t<meta name=\"twitter:label2\" content=\"Gesch\u00e4tzte Lesezeit\" \/>\n\t<meta name=\"twitter:data2\" content=\"2\u00a0Minuten\" \/>\n<script type=\"application\/ld+json\" class=\"yoast-schema-graph\">{\"@context\":\"https:\\\/\\\/schema.org\",\"@graph\":[{\"@type\":\"Article\",\"@id\":\"https:\\\/\\\/www.thebestsocial.media\\\/de\\\/vertretungslehrer-der-anderen-art-die-besten-tweets-zur-sendung-kannste-kanzleramt\\\/#article\",\"isPartOf\":{\"@id\":\"https:\\\/\\\/www.thebestsocial.media\\\/de\\\/vertretungslehrer-der-anderen-art-die-besten-tweets-zur-sendung-kannste-kanzleramt\\\/\"},\"author\":{\"name\":\"Helene Mei\u00dfner\",\"@id\":\"https:\\\/\\\/www.thebestsocial.media\\\/de\\\/#\\\/schema\\\/person\\\/6267acc046505b90b912687a039220df\"},\"headline\":\"Vertretungsstunde der anderen Art &#8211; Die besten Tweets zur Sendung &#8222;Kannste Kanzleramt?&#8220;\",\"datePublished\":\"2021-09-10T11:08:13+00:00\",\"dateModified\":\"2021-09-10T11:09:35+00:00\",\"mainEntityOfPage\":{\"@id\":\"https:\\\/\\\/www.thebestsocial.media\\\/de\\\/vertretungslehrer-der-anderen-art-die-besten-tweets-zur-sendung-kannste-kanzleramt\\\/\"},\"wordCount\":404,\"commentCount\":0,\"image\":{\"@id\":\"https:\\\/\\\/www.thebestsocial.media\\\/de\\\/vertretungslehrer-der-anderen-art-die-besten-tweets-zur-sendung-kannste-kanzleramt\\\/#primaryimage\"},\"thumbnailUrl\":\"https:\\\/\\\/www.thebestsocial.media\\\/de\\\/wp-content\\\/uploads\\\/sites\\\/3\\\/2021\\\/09\\\/class-5982708_1920.jpg\",\"keywords\":[\"politik\",\"Wahlkampf\"],\"articleSection\":[\"Twitter\",\"WTF\"],\"inLanguage\":\"de\",\"potentialAction\":[{\"@type\":\"CommentAction\",\"name\":\"Comment\",\"target\":[\"https:\\\/\\\/www.thebestsocial.media\\\/de\\\/vertretungslehrer-der-anderen-art-die-besten-tweets-zur-sendung-kannste-kanzleramt\\\/#respond\"]}]},{\"@type\":\"WebPage\",\"@id\":\"https:\\\/\\\/www.thebestsocial.media\\\/de\\\/vertretungslehrer-der-anderen-art-die-besten-tweets-zur-sendung-kannste-kanzleramt\\\/\",\"url\":\"https:\\\/\\\/www.thebestsocial.media\\\/de\\\/vertretungslehrer-der-anderen-art-die-besten-tweets-zur-sendung-kannste-kanzleramt\\\/\",\"name\":\"Vertretungsstunde der anderen Art - So war \\\"Kannste Kanzleramt?\\\"\",\"isPartOf\":{\"@id\":\"https:\\\/\\\/www.thebestsocial.media\\\/de\\\/#website\"},\"primaryImageOfPage\":{\"@id\":\"https:\\\/\\\/www.thebestsocial.media\\\/de\\\/vertretungslehrer-der-anderen-art-die-besten-tweets-zur-sendung-kannste-kanzleramt\\\/#primaryimage\"},\"image\":{\"@id\":\"https:\\\/\\\/www.thebestsocial.media\\\/de\\\/vertretungslehrer-der-anderen-art-die-besten-tweets-zur-sendung-kannste-kanzleramt\\\/#primaryimage\"},\"thumbnailUrl\":\"https:\\\/\\\/www.thebestsocial.media\\\/de\\\/wp-content\\\/uploads\\\/sites\\\/3\\\/2021\\\/09\\\/class-5982708_1920.jpg\",\"datePublished\":\"2021-09-10T11:08:13+00:00\",\"dateModified\":\"2021-09-10T11:09:35+00:00\",\"author\":{\"@id\":\"https:\\\/\\\/www.thebestsocial.media\\\/de\\\/#\\\/schema\\\/person\\\/6267acc046505b90b912687a039220df\"},\"breadcrumb\":{\"@id\":\"https:\\\/\\\/www.thebestsocial.media\\\/de\\\/vertretungslehrer-der-anderen-art-die-besten-tweets-zur-sendung-kannste-kanzleramt\\\/#breadcrumb\"},\"inLanguage\":\"de\",\"potentialAction\":[{\"@type\":\"ReadAction\",\"target\":[\"https:\\\/\\\/www.thebestsocial.media\\\/de\\\/vertretungslehrer-der-anderen-art-die-besten-tweets-zur-sendung-kannste-kanzleramt\\\/\"]}]},{\"@type\":\"ImageObject\",\"inLanguage\":\"de\",\"@id\":\"https:\\\/\\\/www.thebestsocial.media\\\/de\\\/vertretungslehrer-der-anderen-art-die-besten-tweets-zur-sendung-kannste-kanzleramt\\\/#primaryimage\",\"url\":\"https:\\\/\\\/www.thebestsocial.media\\\/de\\\/wp-content\\\/uploads\\\/sites\\\/3\\\/2021\\\/09\\\/class-5982708_1920.jpg\",\"contentUrl\":\"https:\\\/\\\/www.thebestsocial.media\\\/de\\\/wp-content\\\/uploads\\\/sites\\\/3\\\/2021\\\/09\\\/class-5982708_1920.jpg\",\"width\":1920,\"height\":1440},{\"@type\":\"BreadcrumbList\",\"@id\":\"https:\\\/\\\/www.thebestsocial.media\\\/de\\\/vertretungslehrer-der-anderen-art-die-besten-tweets-zur-sendung-kannste-kanzleramt\\\/#breadcrumb\",\"itemListElement\":[{\"@type\":\"ListItem\",\"position\":1,\"name\":\"Home\",\"item\":\"https:\\\/\\\/www.thebestsocial.media\\\/de\\\/\"},{\"@type\":\"ListItem\",\"position\":2,\"name\":\"Vertretungsstunde der anderen Art &#8211; Die besten Tweets zur Sendung &#8222;Kannste Kanzleramt?&#8220;\"}]},{\"@type\":\"WebSite\",\"@id\":\"https:\\\/\\\/www.thebestsocial.media\\\/de\\\/#website\",\"url\":\"https:\\\/\\\/www.thebestsocial.media\\\/de\\\/\",\"name\":\"The Best Social Media DE\",\"description\":\"\",\"potentialAction\":[{\"@type\":\"SearchAction\",\"target\":{\"@type\":\"EntryPoint\",\"urlTemplate\":\"https:\\\/\\\/www.thebestsocial.media\\\/de\\\/?s={search_term_string}\"},\"query-input\":{\"@type\":\"PropertyValueSpecification\",\"valueRequired\":true,\"valueName\":\"search_term_string\"}}],\"inLanguage\":\"de\"},{\"@type\":\"Person\",\"@id\":\"https:\\\/\\\/www.thebestsocial.media\\\/de\\\/#\\\/schema\\\/person\\\/6267acc046505b90b912687a039220df\",\"name\":\"Helene Mei\u00dfner\",\"image\":{\"@type\":\"ImageObject\",\"inLanguage\":\"de\",\"@id\":\"https:\\\/\\\/secure.gravatar.com\\\/avatar\\\/6639fc0397860ac2c2e11b018c1f14be4a46c2378a91ac1b35730b724675daa8?s=96&d=mm&r=g\",\"url\":\"https:\\\/\\\/secure.gravatar.com\\\/avatar\\\/6639fc0397860ac2c2e11b018c1f14be4a46c2378a91ac1b35730b724675daa8?s=96&d=mm&r=g\",\"contentUrl\":\"https:\\\/\\\/secure.gravatar.com\\\/avatar\\\/6639fc0397860ac2c2e11b018c1f14be4a46c2378a91ac1b35730b724675daa8?s=96&d=mm&r=g\",\"caption\":\"Helene Mei\u00dfner\"},\"description\":\"Kommt aus Berlin und hat dementsprechend nat\u00fcrlich irgendwas mit Medien studiert. Verlegt oft Dinge, w\u00e4hrend sie sie in der Hand h\u00e4lt. Findet Kauger\u00e4usche unausstehlich. Hat eine Schw\u00e4che f\u00fcr Glitzer und immer mindestens 50 Tabs offen.\",\"sameAs\":[\"https:\\\/\\\/www.instagram.com\\\/he.leni\\\/\"],\"url\":\"https:\\\/\\\/www.thebestsocial.media\\\/de\\\/author\\\/helenemeissner\\\/\"}]}<\/script>\n<!-- \/ Yoast SEO plugin. -->","yoast_head_json":{"title":"Vertretungsstunde der anderen Art - So war \"Kannste Kanzleramt?\"","robots":{"index":"index","follow":"follow","max-snippet":"max-snippet:-1","max-image-preview":"max-image-preview:large","max-video-preview":"max-video-preview:-1"},"canonical":"https:\/\/www.thebestsocial.media\/de\/vertretungslehrer-der-anderen-art-die-besten-tweets-zur-sendung-kannste-kanzleramt\/","og_locale":"de_DE","og_type":"article","og_title":"Vertretungsstunde der anderen Art - Die besten Tweets zur Sendung \"Kannste Kanzleramt?\"","og_description":"Kinder sind ja bekannterma\u00dfen voller Neugier und scheuen sich auch nicht, unangenehme Fragen zu stellen. Da liegt es also eigentlich auf der Hand, dass sie...","og_url":"https:\/\/www.thebestsocial.media\/de\/vertretungslehrer-der-anderen-art-die-besten-tweets-zur-sendung-kannste-kanzleramt\/","og_site_name":"The Best Social Media DE","article_published_time":"2021-09-10T11:08:13+00:00","article_modified_time":"2021-09-10T11:09:35+00:00","og_image":[{"width":1200,"height":630,"url":"https:\/\/www.thebestsocial.media\/de\/wp-content\/uploads\/sites\/3\/2021\/09\/header-kanzleramt1.png","type":"image\/png"}],"author":"Helene Mei\u00dfner","twitter_card":"summary_large_image","twitter_misc":{"Verfasst von":"Helene Mei\u00dfner","Gesch\u00e4tzte Lesezeit":"2\u00a0Minuten"},"schema":{"@context":"https:\/\/schema.org","@graph":[{"@type":"Article","@id":"https:\/\/www.thebestsocial.media\/de\/vertretungslehrer-der-anderen-art-die-besten-tweets-zur-sendung-kannste-kanzleramt\/#article","isPartOf":{"@id":"https:\/\/www.thebestsocial.media\/de\/vertretungslehrer-der-anderen-art-die-besten-tweets-zur-sendung-kannste-kanzleramt\/"},"author":{"name":"Helene Mei\u00dfner","@id":"https:\/\/www.thebestsocial.media\/de\/#\/schema\/person\/6267acc046505b90b912687a039220df"},"headline":"Vertretungsstunde der anderen Art &#8211; Die besten Tweets zur Sendung &#8222;Kannste Kanzleramt?&#8220;","datePublished":"2021-09-10T11:08:13+00:00","dateModified":"2021-09-10T11:09:35+00:00","mainEntityOfPage":{"@id":"https:\/\/www.thebestsocial.media\/de\/vertretungslehrer-der-anderen-art-die-besten-tweets-zur-sendung-kannste-kanzleramt\/"},"wordCount":404,"commentCount":0,"image":{"@id":"https:\/\/www.thebestsocial.media\/de\/vertretungslehrer-der-anderen-art-die-besten-tweets-zur-sendung-kannste-kanzleramt\/#primaryimage"},"thumbnailUrl":"https:\/\/www.thebestsocial.media\/de\/wp-content\/uploads\/sites\/3\/2021\/09\/class-5982708_1920.jpg","keywords":["politik","Wahlkampf"],"articleSection":["Twitter","WTF"],"inLanguage":"de","potentialAction":[{"@type":"CommentAction","name":"Comment","target":["https:\/\/www.thebestsocial.media\/de\/vertretungslehrer-der-anderen-art-die-besten-tweets-zur-sendung-kannste-kanzleramt\/#respond"]}]},{"@type":"WebPage","@id":"https:\/\/www.thebestsocial.media\/de\/vertretungslehrer-der-anderen-art-die-besten-tweets-zur-sendung-kannste-kanzleramt\/","url":"https:\/\/www.thebestsocial.media\/de\/vertretungslehrer-der-anderen-art-die-besten-tweets-zur-sendung-kannste-kanzleramt\/","name":"Vertretungsstunde der anderen Art - So war \"Kannste Kanzleramt?\"","isPartOf":{"@id":"https:\/\/www.thebestsocial.media\/de\/#website"},"primaryImageOfPage":{"@id":"https:\/\/www.thebestsocial.media\/de\/vertretungslehrer-der-anderen-art-die-besten-tweets-zur-sendung-kannste-kanzleramt\/#primaryimage"},"image":{"@id":"https:\/\/www.thebestsocial.media\/de\/vertretungslehrer-der-anderen-art-die-besten-tweets-zur-sendung-kannste-kanzleramt\/#primaryimage"},"thumbnailUrl":"https:\/\/www.thebestsocial.media\/de\/wp-content\/uploads\/sites\/3\/2021\/09\/class-5982708_1920.jpg","datePublished":"2021-09-10T11:08:13+00:00","dateModified":"2021-09-10T11:09:35+00:00","author":{"@id":"https:\/\/www.thebestsocial.media\/de\/#\/schema\/person\/6267acc046505b90b912687a039220df"},"breadcrumb":{"@id":"https:\/\/www.thebestsocial.media\/de\/vertretungslehrer-der-anderen-art-die-besten-tweets-zur-sendung-kannste-kanzleramt\/#breadcrumb"},"inLanguage":"de","potentialAction":[{"@type":"ReadAction","target":["https:\/\/www.thebestsocial.media\/de\/vertretungslehrer-der-anderen-art-die-besten-tweets-zur-sendung-kannste-kanzleramt\/"]}]},{"@type":"ImageObject","inLanguage":"de","@id":"https:\/\/www.thebestsocial.media\/de\/vertretungslehrer-der-anderen-art-die-besten-tweets-zur-sendung-kannste-kanzleramt\/#primaryimage","url":"https:\/\/www.thebestsocial.media\/de\/wp-content\/uploads\/sites\/3\/2021\/09\/class-5982708_1920.jpg","contentUrl":"https:\/\/www.thebestsocial.media\/de\/wp-content\/uploads\/sites\/3\/2021\/09\/class-5982708_1920.jpg","width":1920,"height":1440},{"@type":"BreadcrumbList","@id":"https:\/\/www.thebestsocial.media\/de\/vertretungslehrer-der-anderen-art-die-besten-tweets-zur-sendung-kannste-kanzleramt\/#breadcrumb","itemListElement":[{"@type":"ListItem","position":1,"name":"Home","item":"https:\/\/www.thebestsocial.media\/de\/"},{"@type":"ListItem","position":2,"name":"Vertretungsstunde der anderen Art &#8211; Die besten Tweets zur Sendung &#8222;Kannste Kanzleramt?&#8220;"}]},{"@type":"WebSite","@id":"https:\/\/www.thebestsocial.media\/de\/#website","url":"https:\/\/www.thebestsocial.media\/de\/","name":"The Best Social Media DE","description":"","potentialAction":[{"@type":"SearchAction","target":{"@type":"EntryPoint","urlTemplate":"https:\/\/www.thebestsocial.media\/de\/?s={search_term_string}"},"query-input":{"@type":"PropertyValueSpecification","valueRequired":true,"valueName":"search_term_string"}}],"inLanguage":"de"},{"@type":"Person","@id":"https:\/\/www.thebestsocial.media\/de\/#\/schema\/person\/6267acc046505b90b912687a039220df","name":"Helene Mei\u00dfner","image":{"@type":"ImageObject","inLanguage":"de","@id":"https:\/\/secure.gravatar.com\/avatar\/6639fc0397860ac2c2e11b018c1f14be4a46c2378a91ac1b35730b724675daa8?s=96&d=mm&r=g","url":"https:\/\/secure.gravatar.com\/avatar\/6639fc0397860ac2c2e11b018c1f14be4a46c2378a91ac1b35730b724675daa8?s=96&d=mm&r=g","contentUrl":"https:\/\/secure.gravatar.com\/avatar\/6639fc0397860ac2c2e11b018c1f14be4a46c2378a91ac1b35730b724675daa8?s=96&d=mm&r=g","caption":"Helene Mei\u00dfner"},"description":"Kommt aus Berlin und hat dementsprechend nat\u00fcrlich irgendwas mit Medien studiert. Verlegt oft Dinge, w\u00e4hrend sie sie in der Hand h\u00e4lt. Findet Kauger\u00e4usche unausstehlich. Hat eine Schw\u00e4che f\u00fcr Glitzer und immer mindestens 50 Tabs offen.","sameAs":["https:\/\/www.instagram.com\/he.leni\/"],"url":"https:\/\/www.thebestsocial.media\/de\/author\/helenemeissner\/"}]}},"amp_enabled":true,"_links":{"self":[{"href":"https:\/\/www.thebestsocial.media\/de\/wp-json\/wp\/v2\/posts\/149962","targetHints":{"allow":["GET"]}}],"collection":[{"href":"https:\/\/www.thebestsocial.media\/de\/wp-json\/wp\/v2\/posts"}],"about":[{"href":"https:\/\/www.thebestsocial.media\/de\/wp-json\/wp\/v2\/types\/post"}],"author":[{"embeddable":true,"href":"https:\/\/www.thebestsocial.media\/de\/wp-json\/wp\/v2\/users\/73"}],"replies":[{"embeddable":true,"href":"https:\/\/www.thebestsocial.media\/de\/wp-json\/wp\/v2\/comments?post=149962"}],"version-history":[{"count":23,"href":"https:\/\/www.thebestsocial.media\/de\/wp-json\/wp\/v2\/posts\/149962\/revisions"}],"predecessor-version":[{"id":149992,"href":"https:\/\/www.thebestsocial.media\/de\/wp-json\/wp\/v2\/posts\/149962\/revisions\/149992"}],"wp:featuredmedia":[{"embeddable":true,"href":"https:\/\/www.thebestsocial.media\/de\/wp-json\/wp\/v2\/media\/149985"}],"wp:attachment":[{"href":"https:\/\/www.thebestsocial.media\/de\/wp-json\/wp\/v2\/media?parent=149962"}],"wp:term":[{"taxonomy":"category","embeddable":true,"href":"https:\/\/www.thebestsocial.media\/de\/wp-json\/wp\/v2\/categories?post=149962"},{"taxonomy":"post_tag","embeddable":true,"href":"https:\/\/www.thebestsocial.media\/de\/wp-json\/wp\/v2\/tags?post=149962"}],"curies":[{"name":"wp","href":"https:\/\/api.w.org\/{rel}","templated":true}]}}