{"id":149903,"date":"2021-09-06T09:16:17","date_gmt":"2021-09-06T09:16:17","guid":{"rendered":"https:\/\/www.thebestsocial.media\/de\/?p=149903"},"modified":"2021-09-06T09:16:17","modified_gmt":"2021-09-06T09:16:17","slug":"querdenker-til-schweiger-doku","status":"publish","type":"post","link":"https:\/\/www.thebestsocial.media\/de\/querdenker-til-schweiger-doku\/","title":{"rendered":"Querdenker drehen Doku: Til Schweiger \u00e4u\u00dfert sich in Trailer impfkritisch"},"content":{"rendered":"<p>Nena, Wendler, Til Schweiger: W\u00e4hrend der Pandemie haben sich so einige Prominente aus dem Showgesch\u00e4ft als querdenkende Schwurbler geoutet. Erst im Juni zeigte sich Til Schweiger stolz mit dem Fake News verbreitenden Publizisten <a href=\"https:\/\/www.thebestsocial.media\/de\/til-schweiger-boris-reitschuster\/\" rel=\"noopener\" target=\"_blank\">Boris Reitschuster<\/a>. Jetzt legte Schweiger unr\u00fchmlich nach. Denn die Querdenker haben tats\u00e4chlich einen impfkritischen Dokumentarfilm gedreht! In dem dazugeh\u00f6rigen Trailer auf YouTube verteufelt Schweiger das Impfen.<\/p>\n<p>&nbsp;<br \/>\n<strong>Der Vollst\u00e4ndigkeit halber der Trailer zur Schwurbler-Doku. Wer sich den 6-Minuten-Unsinn nicht antun m\u00f6chte, findet Ausschnitte in den folgenden Posts. An dem Film wirkte auch &#8222;Alles dicht machen&#8220;-Initiator Dietrich Br\u00fcggemann mit.<\/strong><\/p>\n<p><iframe loading=\"lazy\" width=\"610\" height=\"343\" src=\"https:\/\/www.youtube.com\/embed\/G4xBCWInJqo\" title=\"YouTube video player\" frameborder=\"0\" allow=\"accelerometer; autoplay; clipboard-write; encrypted-media; gyroscope; picture-in-picture\" allowfullscreen><\/iframe><\/p>\n<p>&nbsp;<br \/>\n<strong>F\u00fcr Kinder sei die Impfung gef\u00e4hrlicher als das Virus, die Impfung sei nicht erforscht, das Grundgesetz au\u00dfer Kraft gesetzt &#8211; Til Schweiger finde das &#8222;entsetzlich&#8220;.<\/strong><\/p>\n<div class=\"dbsm-oembed\">\n<blockquote class=\"twitter-tweet\" data-width=\"500\" data-dnt=\"true\">\n<p lang=\"da\" dir=\"ltr\">Til <a href=\"https:\/\/twitter.com\/hashtag\/Schweiger?src=hash&amp;ref_src=twsrc%5Etfw\">#Schweiger<\/a><br \/>\u25feMediziner<br \/>\u25feVirologe<br \/>\u25feJurist<br \/>\u25fe<a href=\"https:\/\/twitter.com\/hashtag\/Querdenker?src=hash&amp;ref_src=twsrc%5Etfw\">#Querdenker<\/a><br \/>\u25feVollidiot <a href=\"https:\/\/t.co\/wPFKRtomee\">pic.twitter.com\/wPFKRtomee<\/a><\/p>\n<p>&mdash; DennisKBerlin gibt es exklusiv auf Bluesky (@DennisKBerlin) <a href=\"https:\/\/twitter.com\/DennisKBerlin\/status\/1434423662384488452?ref_src=twsrc%5Etfw\">September 5, 2021<\/a><\/p><\/blockquote>\n<p><script async src=\"https:\/\/platform.twitter.com\/widgets.js\" charset=\"utf-8\"><\/script><\/div>\n<p>&nbsp;<br \/>\n<strong>Entsetzlich sind jedoch viel mehr die Unwahrheiten, die der Schauspieler verbreitet. Physiker und Wissenschaftsjournalist Florian Aigner stellt in einem Thread mal ein paar Dinge richtig. (Ausz\u00fcge).<\/strong><\/p>\n<blockquote class=\"twitter-tweet\" data-conversation=\"none\">\n<p lang=\"de\" dir=\"ltr\">Er spricht von einer &quot;Impfung, die man nicht erforscht hat&quot;. Das ist Dummheit in ungeheurem Ausma\u00df. Es gibt kaum medizinische Eingriffe, die besser erforscht sind. Die klinischen Studien wurden mit zehntausenden Menschen durchgef\u00fchrt, inzwischen gibt es MILLIARDEN Geimpfte.<\/p>\n<p>&mdash; Florian Aigner (@florianaigner) <a href=\"https:\/\/twitter.com\/florianaigner\/status\/1434603931544469505?ref_src=twsrc%5Etfw\">September 5, 2021<\/a><\/p><\/blockquote>\n<p> <script async src=\"https:\/\/platform.twitter.com\/widgets.js\" charset=\"utf-8\"><\/script><\/p>\n<blockquote class=\"twitter-tweet\" data-conversation=\"none\">\n<p lang=\"de\" dir=\"ltr\">Er sagt, die Erkrankung sei weniger gef\u00e4hrlich als die Impfung. W\u00e4re das so, w\u00e4re die Impfung nicht zugelassen. Genau das zu kl\u00e4ren ist die Aufgabe von epidemiologischen Studien. Die werden von Leuten gemacht, die das gelernt haben. Im Gegensatz zu Till Schweiger.<\/p>\n<p>&mdash; Florian Aigner (@florianaigner) <a href=\"https:\/\/twitter.com\/florianaigner\/status\/1434603936485462025?ref_src=twsrc%5Etfw\">September 5, 2021<\/a><\/p><\/blockquote>\n<p> <script async src=\"https:\/\/platform.twitter.com\/widgets.js\" charset=\"utf-8\"><\/script><\/p>\n<blockquote class=\"twitter-tweet\" data-conversation=\"none\">\n<p lang=\"de\" dir=\"ltr\">Dann labert er von &quot;Gesetzes\u00e4nderungen, die unser Grundgesetz au\u00dfer Kraft gesetzt haben&quot;. Das ist nat\u00fcrlich Unsinn, aber den m\u00f6gen Jurist*innen entkr\u00e4ften. Spoiler: Nein, wir sind keine Diktatur. Und manche Rechte kann man nur verteidigen, indem man andere Rechte einschr\u00e4nkt.<\/p>\n<p>&mdash; Florian Aigner (@florianaigner) <a href=\"https:\/\/twitter.com\/florianaigner\/status\/1434603938846752768?ref_src=twsrc%5Etfw\">September 5, 2021<\/a><\/p><\/blockquote>\n<p> <script async src=\"https:\/\/platform.twitter.com\/widgets.js\" charset=\"utf-8\"><\/script><\/p>\n<p>&nbsp;<br \/>\n<strong>Auch die Lebensgef\u00e4hrtin von Babylon-Berlin-Star Volker Bruch ist in dem Filmchen zu sehen und wundert sich, warum so eine Impfung \u00fcberhaupt beworben werden muss.<\/strong><\/p>\n<p>https:\/\/twitter.com\/Nightmare_Keks\/status\/1434509611525152771<\/p>\n<blockquote class=\"twitter-tweet\" data-conversation=\"none\">\n<p lang=\"de\" dir=\"ltr\">Zuerst Miriam Steins Argumentationislinie: W\u00e4re die Impfung wirklich wirksam, br\u00e4uchte man keine Werbekampagne. Aber es gibt eine &#8211; WARUM?<br \/>Ja, eben weil Dullis wie du die Impfung v\u00f6llig ohne Argumente schlechtreden! Himmel!<\/p>\n<p>&mdash; Florian Aigner (@florianaigner) <a href=\"https:\/\/twitter.com\/florianaigner\/status\/1434603921515982849?ref_src=twsrc%5Etfw\">September 5, 2021<\/a><\/p><\/blockquote>\n<p> <script async src=\"https:\/\/platform.twitter.com\/widgets.js\" charset=\"utf-8\"><\/script><\/p>\n<p>&nbsp;<br \/>\n<strong>Eine kritische Meinung zu haben ist das eine; alternative Fakten zu verbreiten jedoch etwas ganz anderes.<\/strong><\/p>\n<blockquote class=\"twitter-tweet\" data-conversation=\"none\">\n<p lang=\"de\" dir=\"ltr\">Mich widert dieser Trailer gewaltig an. Das sind nicht blo\u00df wissenschaftliche Falschaussagen, das ist moralische Verkommenheit von Schauspieler*innen, die sich Medienpr\u00e4senz erschleichen wollen, und dabei bereit sind, Menschenleben zu gef\u00e4hrden.<\/p>\n<p>&mdash; Florian Aigner (@florianaigner) <a href=\"https:\/\/twitter.com\/florianaigner\/status\/1434603946165903365?ref_src=twsrc%5Etfw\">September 5, 2021<\/a><\/p><\/blockquote>\n<p> <script async src=\"https:\/\/platform.twitter.com\/widgets.js\" charset=\"utf-8\"><\/script><\/p>\n<blockquote class=\"twitter-tweet\" data-conversation=\"none\">\n<p lang=\"de\" dir=\"ltr\">Wenn hier die Impfung als gef\u00e4hrlicher als die Krankheit dargestellt wird, ist das einfach falsch. Genauso falsch wie der Glaube, dass Wasser aus Schwefel und Stickstoff besteht. Nein, das ist keine Meinung. Das ist einfach Bl\u00f6dsinn.<\/p>\n<p>&mdash; Florian Aigner (@florianaigner) <a href=\"https:\/\/twitter.com\/florianaigner\/status\/1434603954290282498?ref_src=twsrc%5Etfw\">September 5, 2021<\/a><\/p><\/blockquote>\n<p> <script async src=\"https:\/\/platform.twitter.com\/widgets.js\" charset=\"utf-8\"><\/script><\/p>\n<blockquote class=\"twitter-tweet\" data-conversation=\"none\">\n<p lang=\"de\" dir=\"ltr\">Und gerade wenn man Promi ist, hat man eine gewisse gesellschaftliche Verantwortung. Wenn Onkel Sepp beim Familientreffen Bl\u00f6dsinn redet, stirbt wahrscheinlich niemand daran. Wenn Millionen Menschen diesen Film sehen, wahrscheinlich schon.<\/p>\n<p>&mdash; Florian Aigner (@florianaigner) <a href=\"https:\/\/twitter.com\/florianaigner\/status\/1434603956714491904?ref_src=twsrc%5Etfw\">September 5, 2021<\/a><\/p><\/blockquote>\n<p> <script async src=\"https:\/\/platform.twitter.com\/widgets.js\" charset=\"utf-8\"><\/script><\/p>\n<blockquote class=\"twitter-tweet\" data-conversation=\"none\">\n<p lang=\"de\" dir=\"ltr\">Was wir hier sehen, ist gezielte Verbreitung von Fake News, gezielte Irref\u00fchrung der Bev\u00f6lkerung. Und das ist in einer Demokratie brandgef\u00e4hrlich. Demokratie funktioniert n\u00e4mlich nur, wenn informierte Entscheidungen getroffen werden. Das hier ist Desinformation \u00fcbelster Sorte.<\/p>\n<p>&mdash; Florian Aigner (@florianaigner) <a href=\"https:\/\/twitter.com\/florianaigner\/status\/1434603959017168902?ref_src=twsrc%5Etfw\">September 5, 2021<\/a><\/p><\/blockquote>\n<p> <script async src=\"https:\/\/platform.twitter.com\/widgets.js\" charset=\"utf-8\"><\/script><\/p>\n<p>&nbsp;<br \/>\n<strong>Was soll man sonst noch dazu sagen?<\/strong><\/p>\n<div class=\"dbsm-oembed\">\n<blockquote class=\"twitter-tweet\" data-width=\"500\" data-dnt=\"true\">\n<p lang=\"de\" dir=\"ltr\">Man darf ja nicht vergessen, dass Til Schweiger auch noch ein wirklich grottenschlechter Schauspieler ist.<\/p>\n<p>&mdash; Natascha Strobl (@Natascha_Strobl) <a href=\"https:\/\/twitter.com\/Natascha_Strobl\/status\/1434582101253316614?ref_src=twsrc%5Etfw\">September 5, 2021<\/a><\/p><\/blockquote>\n<p><script async src=\"https:\/\/platform.twitter.com\/widgets.js\" charset=\"utf-8\"><\/script><\/div>\n<div class=\"dbsm-oembed\">\n<blockquote class=\"twitter-tweet\" data-width=\"500\" data-dnt=\"true\">\n<p lang=\"de\" dir=\"ltr\">Bevor Til Schweiger sich nicht die Haare blau f\u00e4rbt glaub ich dem gar nix.<\/p>\n<p>&mdash; Ralph Ruthe (@ralphruthe) <a href=\"https:\/\/twitter.com\/ralphruthe\/status\/1434622638589194242?ref_src=twsrc%5Etfw\">September 5, 2021<\/a><\/p><\/blockquote>\n<p><script async src=\"https:\/\/platform.twitter.com\/widgets.js\" charset=\"utf-8\"><\/script><\/div>\n<div class=\"dbsm-oembed\">\n<blockquote class=\"twitter-tweet\" data-width=\"500\" data-dnt=\"true\">\n<p lang=\"de\" dir=\"ltr\">F\u00fcr Schauspieler wie <a href=\"https:\/\/twitter.com\/hashtag\/Schweiger?src=hash&amp;ref_src=twsrc%5Etfw\">#Schweiger<\/a> gilt: Text lernen, nicht an die M\u00f6bel sto\u00dfen, den Kollegen keinen Schatten machen und nach dem Dreh, ab in den Wohnwagen.<\/p>\n<p>&mdash; Carsten Schankats Schreibtisch (@haraldschmidttv) <a href=\"https:\/\/twitter.com\/haraldschmidttv\/status\/1434503994676809730?ref_src=twsrc%5Etfw\">September 5, 2021<\/a><\/p><\/blockquote>\n<p><script async src=\"https:\/\/platform.twitter.com\/widgets.js\" charset=\"utf-8\"><\/script><\/div>\n<div class=\"dbsm-oembed\">\n<blockquote class=\"twitter-tweet\" data-width=\"500\" data-dnt=\"true\">\n<p lang=\"de\" dir=\"ltr\"><a href=\"https:\/\/twitter.com\/hashtag\/Schweiger?src=hash&amp;ref_src=twsrc%5Etfw\">#Schweiger<\/a> wird uns in Erinnerung bleiben als jemand, der zwar als Schauspieler und Regisseur echt nicht so gut war, daf\u00fcr aber als Jurist und Virologe auch nicht so der Hit.<\/p>\n<p>&mdash; Boris N. Moellers (@BorisNMoellers) <a href=\"https:\/\/twitter.com\/BorisNMoellers\/status\/1434496855258189829?ref_src=twsrc%5Etfw\">September 5, 2021<\/a><\/p><\/blockquote>\n<p><script async src=\"https:\/\/platform.twitter.com\/widgets.js\" charset=\"utf-8\"><\/script><\/div>\n<p>&nbsp;<\/p>\n<p>&#8212;<br \/>\nVielen Dank f\u00fcr die Posts.<br \/>\n&#8212;<br \/>\n<strong>Keine Influencer! Kein Foodporn! Nur ganz viel Spa\u00df &#8211; bei uns auf Instagram:<\/strong><\/p>\n<blockquote class=\"instagram-media\" data-instgrm-captioned data-instgrm-permalink=\"https:\/\/www.instagram.com\/p\/CTca0xdtLvQ\/?utm_source=ig_embed&amp;utm_campaign=loading\" data-instgrm-version=\"13\" style=\" background:#FFF; border:0; border-radius:3px; box-shadow:0 0 1px 0 rgba(0,0,0,0.5),0 1px 10px 0 rgba(0,0,0,0.15); margin: 1px; max-width:540px; min-width:326px; padding:0; width:99.375%; width:-webkit-calc(100% - 2px); width:calc(100% - 2px);\">\n<div style=\"padding:16px;\"> <a href=\"https:\/\/www.instagram.com\/p\/CTca0xdtLvQ\/?utm_source=ig_embed&amp;utm_campaign=loading\" style=\" background:#FFFFFF; line-height:0; padding:0 0; text-align:center; text-decoration:none; width:100%;\" target=\"_blank\" rel=\"noopener\"> <\/p>\n<div style=\" display: flex; flex-direction: row; align-items: center;\">\n<div style=\"background-color: #F4F4F4; border-radius: 50%; flex-grow: 0; height: 40px; margin-right: 14px; width: 40px;\"><\/div>\n<div style=\"display: flex; flex-direction: column; flex-grow: 1; justify-content: center;\">\n<div style=\" background-color: #F4F4F4; border-radius: 4px; flex-grow: 0; height: 14px; margin-bottom: 6px; width: 100px;\"><\/div>\n<div style=\" background-color: #F4F4F4; border-radius: 4px; flex-grow: 0; height: 14px; width: 60px;\"><\/div>\n<\/div>\n<\/div>\n<div style=\"padding: 19% 0;\"><\/div>\n<div style=\"display:block; height:50px; margin:0 auto 12px; width:50px;\"><svg width=\"50px\" height=\"50px\" viewBox=\"0 0 60 60\" version=\"1.1\" xmlns=\"https:\/\/www.w3.org\/2000\/svg\" xmlns:xlink=\"https:\/\/www.w3.org\/1999\/xlink\"><g stroke=\"none\" stroke-width=\"1\" fill=\"none\" fill-rule=\"evenodd\"><g transform=\"translate(-511.000000, -20.000000)\" fill=\"#000000\"><g><path d=\"M556.869,30.41 C554.814,30.41 553.148,32.076 553.148,34.131 C553.148,36.186 554.814,37.852 556.869,37.852 C558.924,37.852 560.59,36.186 560.59,34.131 C560.59,32.076 558.924,30.41 556.869,30.41 M541,60.657 C535.114,60.657 530.342,55.887 530.342,50 C530.342,44.114 535.114,39.342 541,39.342 C546.887,39.342 551.658,44.114 551.658,50 C551.658,55.887 546.887,60.657 541,60.657 M541,33.886 C532.1,33.886 524.886,41.1 524.886,50 C524.886,58.899 532.1,66.113 541,66.113 C549.9,66.113 557.115,58.899 557.115,50 C557.115,41.1 549.9,33.886 541,33.886 M565.378,62.101 C565.244,65.022 564.756,66.606 564.346,67.663 C563.803,69.06 563.154,70.057 562.106,71.106 C561.058,72.155 560.06,72.803 558.662,73.347 C557.607,73.757 556.021,74.244 553.102,74.378 C549.944,74.521 548.997,74.552 541,74.552 C533.003,74.552 532.056,74.521 528.898,74.378 C525.979,74.244 524.393,73.757 523.338,73.347 C521.94,72.803 520.942,72.155 519.894,71.106 C518.846,70.057 518.197,69.06 517.654,67.663 C517.244,66.606 516.755,65.022 516.623,62.101 C516.479,58.943 516.448,57.996 516.448,50 C516.448,42.003 516.479,41.056 516.623,37.899 C516.755,34.978 517.244,33.391 517.654,32.338 C518.197,30.938 518.846,29.942 519.894,28.894 C520.942,27.846 521.94,27.196 523.338,26.654 C524.393,26.244 525.979,25.756 528.898,25.623 C532.057,25.479 533.004,25.448 541,25.448 C548.997,25.448 549.943,25.479 553.102,25.623 C556.021,25.756 557.607,26.244 558.662,26.654 C560.06,27.196 561.058,27.846 562.106,28.894 C563.154,29.942 563.803,30.938 564.346,32.338 C564.756,33.391 565.244,34.978 565.378,37.899 C565.522,41.056 565.552,42.003 565.552,50 C565.552,57.996 565.522,58.943 565.378,62.101 M570.82,37.631 C570.674,34.438 570.167,32.258 569.425,30.349 C568.659,28.377 567.633,26.702 565.965,25.035 C564.297,23.368 562.623,22.342 560.652,21.575 C558.743,20.834 556.562,20.326 553.369,20.18 C550.169,20.033 549.148,20 541,20 C532.853,20 531.831,20.033 528.631,20.18 C525.438,20.326 523.257,20.834 521.349,21.575 C519.376,22.342 517.703,23.368 516.035,25.035 C514.368,26.702 513.342,28.377 512.574,30.349 C511.834,32.258 511.326,34.438 511.181,37.631 C511.035,40.831 511,41.851 511,50 C511,58.147 511.035,59.17 511.181,62.369 C511.326,65.562 511.834,67.743 512.574,69.651 C513.342,71.625 514.368,73.296 516.035,74.965 C517.703,76.634 519.376,77.658 521.349,78.425 C523.257,79.167 525.438,79.673 528.631,79.82 C531.831,79.965 532.853,80.001 541,80.001 C549.148,80.001 550.169,79.965 553.369,79.82 C556.562,79.673 558.743,79.167 560.652,78.425 C562.623,77.658 564.297,76.634 565.965,74.965 C567.633,73.296 568.659,71.625 569.425,69.651 C570.167,67.743 570.674,65.562 570.82,62.369 C570.966,59.17 571,58.147 571,50 C571,41.851 570.966,40.831 570.82,37.631\"><\/path><\/g><\/g><\/g><\/svg><\/div>\n<div style=\"padding-top: 8px;\">\n<div style=\" color:#3897f0; font-family:Arial,sans-serif; font-size:14px; font-style:normal; font-weight:550; line-height:18px;\"> Sieh dir diesen Beitrag auf Instagram an<\/div>\n<\/div>\n<div style=\"padding: 12.5% 0;\"><\/div>\n<div style=\"display: flex; flex-direction: row; margin-bottom: 14px; align-items: center;\">\n<div>\n<div style=\"background-color: #F4F4F4; border-radius: 50%; height: 12.5px; width: 12.5px; transform: translateX(0px) translateY(7px);\"><\/div>\n<div style=\"background-color: #F4F4F4; height: 12.5px; transform: rotate(-45deg) translateX(3px) translateY(1px); width: 12.5px; flex-grow: 0; margin-right: 14px; margin-left: 2px;\"><\/div>\n<div style=\"background-color: #F4F4F4; border-radius: 50%; height: 12.5px; width: 12.5px; transform: translateX(9px) translateY(-18px);\"><\/div>\n<\/div>\n<div style=\"margin-left: 8px;\">\n<div style=\" background-color: #F4F4F4; border-radius: 50%; flex-grow: 0; height: 20px; width: 20px;\"><\/div>\n<div style=\" width: 0; height: 0; border-top: 2px solid transparent; border-left: 6px solid #f4f4f4; border-bottom: 2px solid transparent; transform: translateX(16px) translateY(-4px) rotate(30deg)\"><\/div>\n<\/div>\n<div style=\"margin-left: auto;\">\n<div style=\" width: 0px; border-top: 8px solid #F4F4F4; border-right: 8px solid transparent; transform: translateY(16px);\"><\/div>\n<div style=\" background-color: #F4F4F4; flex-grow: 0; height: 12px; width: 16px; transform: translateY(-4px);\"><\/div>\n<div style=\" width: 0; height: 0; border-top: 8px solid #F4F4F4; border-left: 8px solid transparent; transform: translateY(-4px) translateX(8px);\"><\/div>\n<\/div>\n<\/div>\n<div style=\"display: flex; flex-direction: column; flex-grow: 1; justify-content: center; margin-bottom: 24px;\">\n<div style=\" background-color: #F4F4F4; border-radius: 4px; flex-grow: 0; height: 14px; margin-bottom: 6px; width: 224px;\"><\/div>\n<div style=\" background-color: #F4F4F4; border-radius: 4px; flex-grow: 0; height: 14px; width: 144px;\"><\/div>\n<\/div>\n<p><\/a><\/p>\n<p style=\" color:#c9c8cd; font-family:Arial,sans-serif; font-size:14px; line-height:17px; margin-bottom:0; margin-top:8px; overflow:hidden; padding:8px 0 7px; text-align:center; text-overflow:ellipsis; white-space:nowrap;\"><a href=\"https:\/\/www.instagram.com\/p\/CTca0xdtLvQ\/?utm_source=ig_embed&amp;utm_campaign=loading\" style=\" color:#c9c8cd; font-family:Arial,sans-serif; font-size:14px; font-style:normal; font-weight:normal; line-height:17px; text-decoration:none;\" target=\"_blank\" rel=\"noopener\">Ein Beitrag geteilt von The Best Social Media &#8211; DE (@thebestsocialmediade)<\/a><\/p>\n<\/div>\n<\/blockquote>\n\n<script async defer src=\"\/instagram-embed.js\"><\/script>","protected":false},"excerpt":{"rendered":"<p>Nena, Wendler, Til Schweiger: W\u00e4hrend der Pandemie haben sich so einige Prominente aus dem Showgesch\u00e4ft als querdenkende Schwurbler geoutet. Erst im Juni zeigte sich Til&#8230;<\/p>\n","protected":false},"author":72,"featured_media":149905,"comment_status":"open","ping_status":"open","sticky":false,"template":"","format":"standard","meta":{"_acf_changed":false,"footnotes":""},"categories":[35],"tags":[4456,191],"class_list":["post-149903","post","type-post","status-publish","format-standard","has-post-thumbnail","hentry","category-twitter","tag-querdenker","tag-til-schweiger"],"acf":[],"yoast_head":"<!-- This site is optimized with the Yoast SEO plugin v27.4 - https:\/\/yoast.com\/product\/yoast-seo-wordpress\/ -->\n<title>Querdenker drehen Doku: Til Schweiger \u00e4u\u00dfert sich in Trailer impfkritisch<\/title>\n<meta name=\"description\" content=\"Die Querdenker haben tats\u00e4chlich einen impfkritischen Dokumentarfilm gedreht! In dem Trailer verbreitet auch Til Schweiger alternative Fakten.\" \/>\n<meta name=\"robots\" content=\"index, follow, max-snippet:-1, max-image-preview:large, max-video-preview:-1\" \/>\n<link rel=\"canonical\" href=\"https:\/\/www.thebestsocial.media\/de\/querdenker-til-schweiger-doku\/\" \/>\n<meta property=\"og:locale\" content=\"de_DE\" \/>\n<meta property=\"og:type\" content=\"article\" \/>\n<meta property=\"og:title\" content=\"Querdenker drehen Doku: Til Schweiger \u00e4u\u00dfert sich in Trailer impfkritisch\" \/>\n<meta property=\"og:description\" content=\"Die Querdenker haben tats\u00e4chlich einen impfkritischen Dokumentarfilm gedreht! In dem Trailer verbreitet auch Til Schweiger alternative Fakten.\" \/>\n<meta property=\"og:url\" content=\"https:\/\/www.thebestsocial.media\/de\/querdenker-til-schweiger-doku\/\" \/>\n<meta property=\"og:site_name\" content=\"The Best Social Media DE\" \/>\n<meta property=\"article:published_time\" content=\"2021-09-06T09:16:17+00:00\" \/>\n<meta property=\"og:image\" content=\"https:\/\/www.thebestsocial.media\/de\/wp-content\/uploads\/sites\/3\/2021\/09\/schweiger-fb.png\" \/>\n\t<meta property=\"og:image:width\" content=\"1200\" \/>\n\t<meta property=\"og:image:height\" content=\"630\" \/>\n\t<meta property=\"og:image:type\" content=\"image\/png\" \/>\n<meta name=\"author\" content=\"Benny\" \/>\n<meta name=\"twitter:card\" content=\"summary_large_image\" \/>\n<meta name=\"twitter:label1\" content=\"Verfasst von\" \/>\n\t<meta name=\"twitter:data1\" content=\"Benny\" \/>\n\t<meta name=\"twitter:label2\" content=\"Gesch\u00e4tzte Lesezeit\" \/>\n\t<meta name=\"twitter:data2\" content=\"1\u00a0Minute\" \/>\n<script type=\"application\/ld+json\" class=\"yoast-schema-graph\">{\"@context\":\"https:\\\/\\\/schema.org\",\"@graph\":[{\"@type\":\"Article\",\"@id\":\"https:\\\/\\\/www.thebestsocial.media\\\/de\\\/querdenker-til-schweiger-doku\\\/#article\",\"isPartOf\":{\"@id\":\"https:\\\/\\\/www.thebestsocial.media\\\/de\\\/querdenker-til-schweiger-doku\\\/\"},\"author\":{\"name\":\"Benny\",\"@id\":\"https:\\\/\\\/www.thebestsocial.media\\\/de\\\/#\\\/schema\\\/person\\\/212fdd48880db42a484e589e4e27871b\"},\"headline\":\"Querdenker drehen Doku: Til Schweiger \u00e4u\u00dfert sich in Trailer impfkritisch\",\"datePublished\":\"2021-09-06T09:16:17+00:00\",\"mainEntityOfPage\":{\"@id\":\"https:\\\/\\\/www.thebestsocial.media\\\/de\\\/querdenker-til-schweiger-doku\\\/\"},\"wordCount\":644,\"commentCount\":0,\"image\":{\"@id\":\"https:\\\/\\\/www.thebestsocial.media\\\/de\\\/querdenker-til-schweiger-doku\\\/#primaryimage\"},\"thumbnailUrl\":\"https:\\\/\\\/www.thebestsocial.media\\\/de\\\/wp-content\\\/uploads\\\/sites\\\/3\\\/2021\\\/09\\\/schweiger-th.png\",\"keywords\":[\"Querdenker\",\"Til Schweiger\"],\"articleSection\":[\"Twitter\"],\"inLanguage\":\"de\",\"potentialAction\":[{\"@type\":\"CommentAction\",\"name\":\"Comment\",\"target\":[\"https:\\\/\\\/www.thebestsocial.media\\\/de\\\/querdenker-til-schweiger-doku\\\/#respond\"]}]},{\"@type\":\"WebPage\",\"@id\":\"https:\\\/\\\/www.thebestsocial.media\\\/de\\\/querdenker-til-schweiger-doku\\\/\",\"url\":\"https:\\\/\\\/www.thebestsocial.media\\\/de\\\/querdenker-til-schweiger-doku\\\/\",\"name\":\"Querdenker drehen Doku: Til Schweiger \u00e4u\u00dfert sich in Trailer impfkritisch\",\"isPartOf\":{\"@id\":\"https:\\\/\\\/www.thebestsocial.media\\\/de\\\/#website\"},\"primaryImageOfPage\":{\"@id\":\"https:\\\/\\\/www.thebestsocial.media\\\/de\\\/querdenker-til-schweiger-doku\\\/#primaryimage\"},\"image\":{\"@id\":\"https:\\\/\\\/www.thebestsocial.media\\\/de\\\/querdenker-til-schweiger-doku\\\/#primaryimage\"},\"thumbnailUrl\":\"https:\\\/\\\/www.thebestsocial.media\\\/de\\\/wp-content\\\/uploads\\\/sites\\\/3\\\/2021\\\/09\\\/schweiger-th.png\",\"datePublished\":\"2021-09-06T09:16:17+00:00\",\"author\":{\"@id\":\"https:\\\/\\\/www.thebestsocial.media\\\/de\\\/#\\\/schema\\\/person\\\/212fdd48880db42a484e589e4e27871b\"},\"description\":\"Die Querdenker haben tats\u00e4chlich einen impfkritischen Dokumentarfilm gedreht! In dem Trailer verbreitet auch Til Schweiger alternative Fakten.\",\"breadcrumb\":{\"@id\":\"https:\\\/\\\/www.thebestsocial.media\\\/de\\\/querdenker-til-schweiger-doku\\\/#breadcrumb\"},\"inLanguage\":\"de\",\"potentialAction\":[{\"@type\":\"ReadAction\",\"target\":[\"https:\\\/\\\/www.thebestsocial.media\\\/de\\\/querdenker-til-schweiger-doku\\\/\"]}]},{\"@type\":\"ImageObject\",\"inLanguage\":\"de\",\"@id\":\"https:\\\/\\\/www.thebestsocial.media\\\/de\\\/querdenker-til-schweiger-doku\\\/#primaryimage\",\"url\":\"https:\\\/\\\/www.thebestsocial.media\\\/de\\\/wp-content\\\/uploads\\\/sites\\\/3\\\/2021\\\/09\\\/schweiger-th.png\",\"contentUrl\":\"https:\\\/\\\/www.thebestsocial.media\\\/de\\\/wp-content\\\/uploads\\\/sites\\\/3\\\/2021\\\/09\\\/schweiger-th.png\",\"width\":1200,\"height\":630},{\"@type\":\"BreadcrumbList\",\"@id\":\"https:\\\/\\\/www.thebestsocial.media\\\/de\\\/querdenker-til-schweiger-doku\\\/#breadcrumb\",\"itemListElement\":[{\"@type\":\"ListItem\",\"position\":1,\"name\":\"Home\",\"item\":\"https:\\\/\\\/www.thebestsocial.media\\\/de\\\/\"},{\"@type\":\"ListItem\",\"position\":2,\"name\":\"Querdenker drehen Doku: Til Schweiger \u00e4u\u00dfert sich in Trailer impfkritisch\"}]},{\"@type\":\"WebSite\",\"@id\":\"https:\\\/\\\/www.thebestsocial.media\\\/de\\\/#website\",\"url\":\"https:\\\/\\\/www.thebestsocial.media\\\/de\\\/\",\"name\":\"The Best Social Media DE\",\"description\":\"\",\"potentialAction\":[{\"@type\":\"SearchAction\",\"target\":{\"@type\":\"EntryPoint\",\"urlTemplate\":\"https:\\\/\\\/www.thebestsocial.media\\\/de\\\/?s={search_term_string}\"},\"query-input\":{\"@type\":\"PropertyValueSpecification\",\"valueRequired\":true,\"valueName\":\"search_term_string\"}}],\"inLanguage\":\"de\"},{\"@type\":\"Person\",\"@id\":\"https:\\\/\\\/www.thebestsocial.media\\\/de\\\/#\\\/schema\\\/person\\\/212fdd48880db42a484e589e4e27871b\",\"name\":\"Benny\",\"image\":{\"@type\":\"ImageObject\",\"inLanguage\":\"de\",\"@id\":\"https:\\\/\\\/secure.gravatar.com\\\/avatar\\\/559f54fceb59ac8654d5ca40291d2ab87f2a9d79e48e8e3c19582477cde950bf?s=96&d=mm&r=g\",\"url\":\"https:\\\/\\\/secure.gravatar.com\\\/avatar\\\/559f54fceb59ac8654d5ca40291d2ab87f2a9d79e48e8e3c19582477cde950bf?s=96&d=mm&r=g\",\"contentUrl\":\"https:\\\/\\\/secure.gravatar.com\\\/avatar\\\/559f54fceb59ac8654d5ca40291d2ab87f2a9d79e48e8e3c19582477cde950bf?s=96&d=mm&r=g\",\"caption\":\"Benny\"},\"url\":\"https:\\\/\\\/www.thebestsocial.media\\\/de\\\/author\\\/bennykrueger\\\/\"}]}<\/script>\n<!-- \/ Yoast SEO plugin. -->","yoast_head_json":{"title":"Querdenker drehen Doku: Til Schweiger \u00e4u\u00dfert sich in Trailer impfkritisch","description":"Die Querdenker haben tats\u00e4chlich einen impfkritischen Dokumentarfilm gedreht! In dem Trailer verbreitet auch Til Schweiger alternative Fakten.","robots":{"index":"index","follow":"follow","max-snippet":"max-snippet:-1","max-image-preview":"max-image-preview:large","max-video-preview":"max-video-preview:-1"},"canonical":"https:\/\/www.thebestsocial.media\/de\/querdenker-til-schweiger-doku\/","og_locale":"de_DE","og_type":"article","og_title":"Querdenker drehen Doku: Til Schweiger \u00e4u\u00dfert sich in Trailer impfkritisch","og_description":"Die Querdenker haben tats\u00e4chlich einen impfkritischen Dokumentarfilm gedreht! In dem Trailer verbreitet auch Til Schweiger alternative Fakten.","og_url":"https:\/\/www.thebestsocial.media\/de\/querdenker-til-schweiger-doku\/","og_site_name":"The Best Social Media DE","article_published_time":"2021-09-06T09:16:17+00:00","og_image":[{"width":1200,"height":630,"url":"https:\/\/www.thebestsocial.media\/de\/wp-content\/uploads\/sites\/3\/2021\/09\/schweiger-fb.png","type":"image\/png"}],"author":"Benny","twitter_card":"summary_large_image","twitter_misc":{"Verfasst von":"Benny","Gesch\u00e4tzte Lesezeit":"1\u00a0Minute"},"schema":{"@context":"https:\/\/schema.org","@graph":[{"@type":"Article","@id":"https:\/\/www.thebestsocial.media\/de\/querdenker-til-schweiger-doku\/#article","isPartOf":{"@id":"https:\/\/www.thebestsocial.media\/de\/querdenker-til-schweiger-doku\/"},"author":{"name":"Benny","@id":"https:\/\/www.thebestsocial.media\/de\/#\/schema\/person\/212fdd48880db42a484e589e4e27871b"},"headline":"Querdenker drehen Doku: Til Schweiger \u00e4u\u00dfert sich in Trailer impfkritisch","datePublished":"2021-09-06T09:16:17+00:00","mainEntityOfPage":{"@id":"https:\/\/www.thebestsocial.media\/de\/querdenker-til-schweiger-doku\/"},"wordCount":644,"commentCount":0,"image":{"@id":"https:\/\/www.thebestsocial.media\/de\/querdenker-til-schweiger-doku\/#primaryimage"},"thumbnailUrl":"https:\/\/www.thebestsocial.media\/de\/wp-content\/uploads\/sites\/3\/2021\/09\/schweiger-th.png","keywords":["Querdenker","Til Schweiger"],"articleSection":["Twitter"],"inLanguage":"de","potentialAction":[{"@type":"CommentAction","name":"Comment","target":["https:\/\/www.thebestsocial.media\/de\/querdenker-til-schweiger-doku\/#respond"]}]},{"@type":"WebPage","@id":"https:\/\/www.thebestsocial.media\/de\/querdenker-til-schweiger-doku\/","url":"https:\/\/www.thebestsocial.media\/de\/querdenker-til-schweiger-doku\/","name":"Querdenker drehen Doku: Til Schweiger \u00e4u\u00dfert sich in Trailer impfkritisch","isPartOf":{"@id":"https:\/\/www.thebestsocial.media\/de\/#website"},"primaryImageOfPage":{"@id":"https:\/\/www.thebestsocial.media\/de\/querdenker-til-schweiger-doku\/#primaryimage"},"image":{"@id":"https:\/\/www.thebestsocial.media\/de\/querdenker-til-schweiger-doku\/#primaryimage"},"thumbnailUrl":"https:\/\/www.thebestsocial.media\/de\/wp-content\/uploads\/sites\/3\/2021\/09\/schweiger-th.png","datePublished":"2021-09-06T09:16:17+00:00","author":{"@id":"https:\/\/www.thebestsocial.media\/de\/#\/schema\/person\/212fdd48880db42a484e589e4e27871b"},"description":"Die Querdenker haben tats\u00e4chlich einen impfkritischen Dokumentarfilm gedreht! In dem Trailer verbreitet auch Til Schweiger alternative Fakten.","breadcrumb":{"@id":"https:\/\/www.thebestsocial.media\/de\/querdenker-til-schweiger-doku\/#breadcrumb"},"inLanguage":"de","potentialAction":[{"@type":"ReadAction","target":["https:\/\/www.thebestsocial.media\/de\/querdenker-til-schweiger-doku\/"]}]},{"@type":"ImageObject","inLanguage":"de","@id":"https:\/\/www.thebestsocial.media\/de\/querdenker-til-schweiger-doku\/#primaryimage","url":"https:\/\/www.thebestsocial.media\/de\/wp-content\/uploads\/sites\/3\/2021\/09\/schweiger-th.png","contentUrl":"https:\/\/www.thebestsocial.media\/de\/wp-content\/uploads\/sites\/3\/2021\/09\/schweiger-th.png","width":1200,"height":630},{"@type":"BreadcrumbList","@id":"https:\/\/www.thebestsocial.media\/de\/querdenker-til-schweiger-doku\/#breadcrumb","itemListElement":[{"@type":"ListItem","position":1,"name":"Home","item":"https:\/\/www.thebestsocial.media\/de\/"},{"@type":"ListItem","position":2,"name":"Querdenker drehen Doku: Til Schweiger \u00e4u\u00dfert sich in Trailer impfkritisch"}]},{"@type":"WebSite","@id":"https:\/\/www.thebestsocial.media\/de\/#website","url":"https:\/\/www.thebestsocial.media\/de\/","name":"The Best Social Media DE","description":"","potentialAction":[{"@type":"SearchAction","target":{"@type":"EntryPoint","urlTemplate":"https:\/\/www.thebestsocial.media\/de\/?s={search_term_string}"},"query-input":{"@type":"PropertyValueSpecification","valueRequired":true,"valueName":"search_term_string"}}],"inLanguage":"de"},{"@type":"Person","@id":"https:\/\/www.thebestsocial.media\/de\/#\/schema\/person\/212fdd48880db42a484e589e4e27871b","name":"Benny","image":{"@type":"ImageObject","inLanguage":"de","@id":"https:\/\/secure.gravatar.com\/avatar\/559f54fceb59ac8654d5ca40291d2ab87f2a9d79e48e8e3c19582477cde950bf?s=96&d=mm&r=g","url":"https:\/\/secure.gravatar.com\/avatar\/559f54fceb59ac8654d5ca40291d2ab87f2a9d79e48e8e3c19582477cde950bf?s=96&d=mm&r=g","contentUrl":"https:\/\/secure.gravatar.com\/avatar\/559f54fceb59ac8654d5ca40291d2ab87f2a9d79e48e8e3c19582477cde950bf?s=96&d=mm&r=g","caption":"Benny"},"url":"https:\/\/www.thebestsocial.media\/de\/author\/bennykrueger\/"}]}},"amp_enabled":true,"_links":{"self":[{"href":"https:\/\/www.thebestsocial.media\/de\/wp-json\/wp\/v2\/posts\/149903","targetHints":{"allow":["GET"]}}],"collection":[{"href":"https:\/\/www.thebestsocial.media\/de\/wp-json\/wp\/v2\/posts"}],"about":[{"href":"https:\/\/www.thebestsocial.media\/de\/wp-json\/wp\/v2\/types\/post"}],"author":[{"embeddable":true,"href":"https:\/\/www.thebestsocial.media\/de\/wp-json\/wp\/v2\/users\/72"}],"replies":[{"embeddable":true,"href":"https:\/\/www.thebestsocial.media\/de\/wp-json\/wp\/v2\/comments?post=149903"}],"version-history":[{"count":1,"href":"https:\/\/www.thebestsocial.media\/de\/wp-json\/wp\/v2\/posts\/149903\/revisions"}],"predecessor-version":[{"id":149904,"href":"https:\/\/www.thebestsocial.media\/de\/wp-json\/wp\/v2\/posts\/149903\/revisions\/149904"}],"wp:featuredmedia":[{"embeddable":true,"href":"https:\/\/www.thebestsocial.media\/de\/wp-json\/wp\/v2\/media\/149905"}],"wp:attachment":[{"href":"https:\/\/www.thebestsocial.media\/de\/wp-json\/wp\/v2\/media?parent=149903"}],"wp:term":[{"taxonomy":"category","embeddable":true,"href":"https:\/\/www.thebestsocial.media\/de\/wp-json\/wp\/v2\/categories?post=149903"},{"taxonomy":"post_tag","embeddable":true,"href":"https:\/\/www.thebestsocial.media\/de\/wp-json\/wp\/v2\/tags?post=149903"}],"curies":[{"name":"wp","href":"https:\/\/api.w.org\/{rel}","templated":true}]}}