{"id":149651,"date":"2021-09-02T15:34:17","date_gmt":"2021-09-02T15:34:17","guid":{"rendered":"https:\/\/www.thebestsocial.media\/de\/?p=149651"},"modified":"2021-09-02T15:38:36","modified_gmt":"2021-09-02T15:38:36","slug":"11-posts-die-jeder-social-media-manager-nur-zu-gut-nachvollziehen-kann","status":"publish","type":"post","link":"https:\/\/www.thebestsocial.media\/de\/11-posts-die-jeder-social-media-manager-nur-zu-gut-nachvollziehen-kann\/","title":{"rendered":"11 Posts, die jeder Social Media Manager nur zu gut nachvollziehen kann"},"content":{"rendered":"<p>In der Social-Media-Welt zu arbeiten h\u00f6rt sich anfangs vielleicht nach einem simplen Job, mit wenig Aufwand und durchgehend positiver Feedback an <em> ( Tut uns Leid Chef ) <\/em>. Bei genauerem Hinsehen wird jedoch deutlich, dass auch hier Durchsetzungsverm\u00f6gen und der souver\u00e4ne Umgang mit verr\u00fcckten Situationen gefragt ist. Stets aufmerksam sein um Trends fr\u00fch zu erkennen, macht nicht selten m\u00fcde und strapaziert das Nervenkost\u00fcm. Hier ein kleiner Ausschnitt von Beitr\u00e4gen, die von den Freuden und Sorgen der Marketing-\/Social-Media-Manager dieser Welt erz\u00e4hlen:<\/p>\n<p>&nbsp;<br \/>\n<strong>Das tut weh!<\/strong><\/p>\n<p>https:\/\/twitter.com\/HerrGenz\/status\/1010058964497850368?s=20<\/p>\n<p>&nbsp;<br \/>\n<strong>Wenn die Kreativit\u00e4t richtig kickt.<\/strong><\/p>\n<div class=\"dbsm-oembed\">\n<blockquote class=\"twitter-tweet\" data-width=\"500\" data-dnt=\"true\">\n<p lang=\"de\" dir=\"ltr\">Der Social Media Manager ist faul,<br \/>die Pizzen sind rund,<br \/>Ananas habt ihr gern im Mund. <br \/> <a href=\"https:\/\/twitter.com\/hashtag\/tagderschlechtenpoesie?src=hash&amp;ref_src=twsrc%5Etfw\">#tagderschlechtenpoesie<\/a><\/p>\n<p>&mdash; Dr. Oetker Pizza DE \ud83c\udf55 (@DrOetkerPizzaDE) <a href=\"https:\/\/twitter.com\/DrOetkerPizzaDE\/status\/1427949876936126468?ref_src=twsrc%5Etfw\">August 18, 2021<\/a><\/p><\/blockquote>\n<p><script async src=\"https:\/\/platform.twitter.com\/widgets.js\" charset=\"utf-8\"><\/script><\/div>\n<p>&nbsp;<br \/>\n<strong>Die gr\u00f6\u00dfte Angst eines Social Media Managers?<\/strong><\/p>\n<div class=\"dbsm-oembed\">\n<blockquote class=\"twitter-tweet\" data-width=\"500\" data-dnt=\"true\">\n<p lang=\"en\" dir=\"ltr\">No one:<\/p>\n<p>Absolutely no one:<\/p>\n<p>Social media managers realising that they did, in fact, post to the right account: <a href=\"https:\/\/t.co\/DTNeTqdIBb\">pic.twitter.com\/DTNeTqdIBb<\/a><\/p>\n<p>&mdash; WorkInSocialTheySaid (@WorkInSociaI) <a href=\"https:\/\/twitter.com\/WorkInSociaI\/status\/1427304498939285507?ref_src=twsrc%5Etfw\">August 16, 2021<\/a><\/p><\/blockquote>\n<p><script async src=\"https:\/\/platform.twitter.com\/widgets.js\" charset=\"utf-8\"><\/script><\/div>\n<p>&nbsp;<br \/>\n<strong>Der Grund, warum Social-Media-Manager nicht aktiv auf ihren privaten Profilen sind?<\/strong><\/p>\n<div class=\"dbsm-oembed\">\n<blockquote class=\"twitter-tweet\" data-width=\"500\" data-dnt=\"true\">\n<p lang=\"en\" dir=\"ltr\">To the social media managers who have barely active personal accounts because you spend all your time on the brand channels. We see you. Keep up the good work.<\/p>\n<p>&mdash; Hootsuite \ud83e\udd89 (@hootsuite) <a href=\"https:\/\/twitter.com\/hootsuite\/status\/1427681638163652613?ref_src=twsrc%5Etfw\">August 17, 2021<\/a><\/p><\/blockquote>\n<p><script async src=\"https:\/\/platform.twitter.com\/widgets.js\" charset=\"utf-8\"><\/script><\/div>\n<p>&nbsp;<br \/>\n<strong>Das wird ungef\u00e4hr so \u200b\u200baussehen.<\/strong><\/p>\n<div class=\"dbsm-oembed\">\n<blockquote class=\"twitter-tweet\" data-width=\"500\" data-dnt=\"true\">\n<p lang=\"en\" dir=\"ltr\">client\u2019s social:         my personal  social: <a href=\"https:\/\/t.co\/1H900xmLMa\">pic.twitter.com\/1H900xmLMa<\/a><\/p>\n<p>&mdash; WorkInSocialTheySaid (@WorkInSociaI) <a href=\"https:\/\/twitter.com\/WorkInSociaI\/status\/1425483813346500613?ref_src=twsrc%5Etfw\">August 11, 2021<\/a><\/p><\/blockquote>\n<p><script async src=\"https:\/\/platform.twitter.com\/widgets.js\" charset=\"utf-8\"><\/script><\/div>\n<p>&nbsp;<br \/>\n<strong>Nur ein mal, ganz kurz.<\/strong><\/p>\n<div class=\"dbsm-oembed\">\n<blockquote class=\"twitter-tweet\" data-width=\"500\" data-dnt=\"true\">\n<p lang=\"en\" dir=\"ltr\">Me, a social media manager: it is important to log off for my mental health<\/p>\n<p>Also me at 1 am: i just wanna see how the brand&#39;s IG story is performing<\/p>\n<p>&mdash; Julian Gamboa (@JulianGumbo) <a href=\"https:\/\/twitter.com\/JulianGumbo\/status\/1426006847589289992?ref_src=twsrc%5Etfw\">August 13, 2021<\/a><\/p><\/blockquote>\n<p><script async src=\"https:\/\/platform.twitter.com\/widgets.js\" charset=\"utf-8\"><\/script><\/div>\n<p>&nbsp;<br \/>\n<strong>Willkommen zur\u00fcck.<\/strong><\/p>\n<div class=\"dbsm-oembed\">\n<blockquote class=\"twitter-tweet\" data-width=\"500\" data-dnt=\"true\">\n<p lang=\"en\" dir=\"ltr\">social media managers every Monday <a href=\"https:\/\/t.co\/KWlTOeRAAL\">pic.twitter.com\/KWlTOeRAAL<\/a><\/p>\n<p>&mdash; major ki alert\ud83d\udea8 (@kianatipton) <a href=\"https:\/\/twitter.com\/kianatipton\/status\/1427272821642829831?ref_src=twsrc%5Etfw\">August 16, 2021<\/a><\/p><\/blockquote>\n<p><script async src=\"https:\/\/platform.twitter.com\/widgets.js\" charset=\"utf-8\"><\/script><\/div>\n<p>&nbsp;<br \/>\n<strong>Ihr k\u00f6nnt ja auch nichts daf\u00fcr.<\/strong><\/p>\n<div class=\"dbsm-oembed\">\n<blockquote class=\"twitter-tweet\" data-width=\"500\" data-dnt=\"true\">\n<p lang=\"en\" dir=\"ltr\">It&#39;s always &quot;Can I get my own drink on the menu?&quot; never &quot;How is the Dunkin&#39; social media manager&#39;s day going?&quot;<\/p>\n<p>&mdash; Dunkin&#39; (@dunkindonuts) <a href=\"https:\/\/twitter.com\/dunkindonuts\/status\/1401891367354257409?ref_src=twsrc%5Etfw\">June 7, 2021<\/a><\/p><\/blockquote>\n<p><script async src=\"https:\/\/platform.twitter.com\/widgets.js\" charset=\"utf-8\"><\/script><\/div>\n<p>&nbsp;<br \/>\n<strong>Ab und zu muss man einfach mal eine Pause machen. Aber das ist leichter gesagt als getan.<\/strong><\/p>\n<div class=\"dbsm-oembed\">\n<blockquote class=\"twitter-tweet\" data-width=\"500\" data-dnt=\"true\">\n<p lang=\"en\" dir=\"ltr\">when I tell my friends I\u2019m really planning on taking a social media break this time <a href=\"https:\/\/t.co\/xYLrUYvQ10\">pic.twitter.com\/xYLrUYvQ10<\/a><\/p>\n<p>&mdash; WorkInSocialTheySaid (@WorkInSociaI) <a href=\"https:\/\/twitter.com\/WorkInSociaI\/status\/1426999291525095429?ref_src=twsrc%5Etfw\">August 15, 2021<\/a><\/p><\/blockquote>\n<p><script async src=\"https:\/\/platform.twitter.com\/widgets.js\" charset=\"utf-8\"><\/script><\/div>\n<p>&nbsp;<br \/>\n<strong>Zur Klarstellung:<\/strong><\/p>\n<div class=\"dbsm-oembed\">\n<blockquote class=\"twitter-tweet\" data-width=\"500\" data-dnt=\"true\">\n<p lang=\"en\" dir=\"ltr\">When a social media manager tells you that something won&#39;t work well on social media, it\u2019s not because they are being negative or contradictory&#8211;it\u2019s because they\u2019ve tried it before and are speaking from experience.<\/p>\n<p>&mdash; Jon-Stephen Stansel \ud83e\ude90 (@jsstansel) <a href=\"https:\/\/twitter.com\/jsstansel\/status\/1425915785407574017?ref_src=twsrc%5Etfw\">August 12, 2021<\/a><\/p><\/blockquote>\n<p><script async src=\"https:\/\/platform.twitter.com\/widgets.js\" charset=\"utf-8\"><\/script><\/div>\n<p>&nbsp;<br \/>\n<strong>Man muss sich auch mal selbst loben k\u00f6nnen.<\/strong><\/p>\n<div class=\"dbsm-oembed\">\n<blockquote class=\"twitter-tweet\" data-width=\"500\" data-dnt=\"true\">\n<p lang=\"en\" dir=\"ltr\">me liking the posts from the brand account I run <a href=\"https:\/\/t.co\/xs6Ft2gByn\">pic.twitter.com\/xs6Ft2gByn<\/a><\/p>\n<p>&mdash; WorkInSocialTheySaid (@WorkInSociaI) <a href=\"https:\/\/twitter.com\/WorkInSociaI\/status\/1424403823918030852?ref_src=twsrc%5Etfw\">August 8, 2021<\/a><\/p><\/blockquote>\n<p><script async src=\"https:\/\/platform.twitter.com\/widgets.js\" charset=\"utf-8\"><\/script><\/div>\n<p>&nbsp;<\/p>\n<h3>Die Posts haben dich nicht abgeschreckt, und bist du bereit f\u00fcr mehr Inspiration und Interaktion mit anderen Menschen aus der  social media Branche? Dann hast du Gl\u00fcck. The Best Social pr\u00e4sentiert die:&#8220;The Best Social Conference&#8220;. Ein 100% digitales, soziales und internationales Event mit Talks, Workshops und Panels zum Thema Social Media! Als Referenten wurden unter anderem bereits Pablo Rochat und TittyMag best\u00e4tigt. <strong>Kauf jetzt schon dein Fr\u00fchbucherticket!<\/strong><\/h3>\n<p><strong><a href=\"https:\/\/www.thebestsocialconference.com\/\">>>>Hier geht es zu den early bird tickets.<<<<\/a><\/strong><\/p>\n","protected":false},"excerpt":{"rendered":"<p>In der Social-Media-Welt zu arbeiten h\u00f6rt sich anfangs vielleicht nach einem simplen Job, mit wenig Aufwand und durchgehend positiver Feedback an ( Tut uns Leid&#8230;<\/p>\n","protected":false},"author":77,"featured_media":149769,"comment_status":"open","ping_status":"open","sticky":false,"template":"","format":"standard","meta":{"_acf_changed":false,"footnotes":""},"categories":[35,1],"tags":[3401],"class_list":["post-149651","post","type-post","status-publish","format-standard","has-post-thumbnail","hentry","category-twitter","category-uncategorized","tag-social-media-manager"],"acf":[],"yoast_head":"<!-- This site is optimized with the Yoast SEO plugin v27.4 - https:\/\/yoast.com\/product\/yoast-seo-wordpress\/ -->\n<title>11 Posts, die jeder Social Media Manager nur zu gut nachvollziehen kann - The Best Social Media DE<\/title>\n<meta name=\"robots\" content=\"index, follow, max-snippet:-1, max-image-preview:large, max-video-preview:-1\" \/>\n<link rel=\"canonical\" href=\"https:\/\/www.thebestsocial.media\/de\/11-posts-die-jeder-social-media-manager-nur-zu-gut-nachvollziehen-kann\/\" \/>\n<meta property=\"og:locale\" content=\"de_DE\" \/>\n<meta property=\"og:type\" content=\"article\" \/>\n<meta property=\"og:title\" content=\"11 Posts, die jeder Social Media Manager nur zu gut nachvollziehen kann\" \/>\n<meta property=\"og:description\" content=\"In der Social-Media-Welt zu arbeiten h\u00f6rt sich anfangs vielleicht nach einem simplen Job, mit wenig Aufwand und durchgehend positiver Feedback an ( Tut uns Leid...\" \/>\n<meta property=\"og:url\" content=\"https:\/\/www.thebestsocial.media\/de\/11-posts-die-jeder-social-media-manager-nur-zu-gut-nachvollziehen-kann\/\" \/>\n<meta property=\"og:site_name\" content=\"The Best Social Media DE\" \/>\n<meta property=\"article:author\" content=\"https:\/\/www.facebook.com\/adrian.krug.5\" \/>\n<meta property=\"article:published_time\" content=\"2021-09-02T15:34:17+00:00\" \/>\n<meta property=\"article:modified_time\" content=\"2021-09-02T15:38:36+00:00\" \/>\n<meta property=\"og:image\" content=\"https:\/\/www.thebestsocial.media\/de\/wp-content\/uploads\/sites\/3\/2021\/08\/socialpng.png\" \/>\n\t<meta property=\"og:image:width\" content=\"1200\" \/>\n\t<meta property=\"og:image:height\" content=\"630\" \/>\n\t<meta property=\"og:image:type\" content=\"image\/png\" \/>\n<meta name=\"author\" content=\"Adrian Krug\" \/>\n<meta name=\"twitter:card\" content=\"summary_large_image\" \/>\n<meta name=\"twitter:creator\" content=\"@https:\/\/twitter.com\/Hasscompilation\" \/>\n<meta name=\"twitter:label1\" content=\"Verfasst von\" \/>\n\t<meta name=\"twitter:data1\" content=\"Adrian Krug\" \/>\n\t<meta name=\"twitter:label2\" content=\"Gesch\u00e4tzte Lesezeit\" \/>\n\t<meta name=\"twitter:data2\" content=\"2\u00a0Minuten\" \/>\n<script type=\"application\/ld+json\" class=\"yoast-schema-graph\">{\"@context\":\"https:\\\/\\\/schema.org\",\"@graph\":[{\"@type\":\"Article\",\"@id\":\"https:\\\/\\\/www.thebestsocial.media\\\/de\\\/11-posts-die-jeder-social-media-manager-nur-zu-gut-nachvollziehen-kann\\\/#article\",\"isPartOf\":{\"@id\":\"https:\\\/\\\/www.thebestsocial.media\\\/de\\\/11-posts-die-jeder-social-media-manager-nur-zu-gut-nachvollziehen-kann\\\/\"},\"author\":{\"name\":\"Adrian Krug\",\"@id\":\"https:\\\/\\\/www.thebestsocial.media\\\/de\\\/#\\\/schema\\\/person\\\/f6571568c8f173869acb99d089b1223b\"},\"headline\":\"11 Posts, die jeder Social Media Manager nur zu gut nachvollziehen kann\",\"datePublished\":\"2021-09-02T15:34:17+00:00\",\"dateModified\":\"2021-09-02T15:38:36+00:00\",\"mainEntityOfPage\":{\"@id\":\"https:\\\/\\\/www.thebestsocial.media\\\/de\\\/11-posts-die-jeder-social-media-manager-nur-zu-gut-nachvollziehen-kann\\\/\"},\"wordCount\":325,\"commentCount\":0,\"image\":{\"@id\":\"https:\\\/\\\/www.thebestsocial.media\\\/de\\\/11-posts-die-jeder-social-media-manager-nur-zu-gut-nachvollziehen-kann\\\/#primaryimage\"},\"thumbnailUrl\":\"https:\\\/\\\/www.thebestsocial.media\\\/de\\\/wp-content\\\/uploads\\\/sites\\\/3\\\/2021\\\/09\\\/Bildschirmfoto-2021-09-02-um-17.36.58.png\",\"keywords\":[\"Social Media Manager\"],\"articleSection\":[\"Twitter\",\"Uncategorized\"],\"inLanguage\":\"de\",\"potentialAction\":[{\"@type\":\"CommentAction\",\"name\":\"Comment\",\"target\":[\"https:\\\/\\\/www.thebestsocial.media\\\/de\\\/11-posts-die-jeder-social-media-manager-nur-zu-gut-nachvollziehen-kann\\\/#respond\"]}]},{\"@type\":\"WebPage\",\"@id\":\"https:\\\/\\\/www.thebestsocial.media\\\/de\\\/11-posts-die-jeder-social-media-manager-nur-zu-gut-nachvollziehen-kann\\\/\",\"url\":\"https:\\\/\\\/www.thebestsocial.media\\\/de\\\/11-posts-die-jeder-social-media-manager-nur-zu-gut-nachvollziehen-kann\\\/\",\"name\":\"11 Posts, die jeder Social Media Manager nur zu gut nachvollziehen kann - The Best Social Media DE\",\"isPartOf\":{\"@id\":\"https:\\\/\\\/www.thebestsocial.media\\\/de\\\/#website\"},\"primaryImageOfPage\":{\"@id\":\"https:\\\/\\\/www.thebestsocial.media\\\/de\\\/11-posts-die-jeder-social-media-manager-nur-zu-gut-nachvollziehen-kann\\\/#primaryimage\"},\"image\":{\"@id\":\"https:\\\/\\\/www.thebestsocial.media\\\/de\\\/11-posts-die-jeder-social-media-manager-nur-zu-gut-nachvollziehen-kann\\\/#primaryimage\"},\"thumbnailUrl\":\"https:\\\/\\\/www.thebestsocial.media\\\/de\\\/wp-content\\\/uploads\\\/sites\\\/3\\\/2021\\\/09\\\/Bildschirmfoto-2021-09-02-um-17.36.58.png\",\"datePublished\":\"2021-09-02T15:34:17+00:00\",\"dateModified\":\"2021-09-02T15:38:36+00:00\",\"author\":{\"@id\":\"https:\\\/\\\/www.thebestsocial.media\\\/de\\\/#\\\/schema\\\/person\\\/f6571568c8f173869acb99d089b1223b\"},\"breadcrumb\":{\"@id\":\"https:\\\/\\\/www.thebestsocial.media\\\/de\\\/11-posts-die-jeder-social-media-manager-nur-zu-gut-nachvollziehen-kann\\\/#breadcrumb\"},\"inLanguage\":\"de\",\"potentialAction\":[{\"@type\":\"ReadAction\",\"target\":[\"https:\\\/\\\/www.thebestsocial.media\\\/de\\\/11-posts-die-jeder-social-media-manager-nur-zu-gut-nachvollziehen-kann\\\/\"]}]},{\"@type\":\"ImageObject\",\"inLanguage\":\"de\",\"@id\":\"https:\\\/\\\/www.thebestsocial.media\\\/de\\\/11-posts-die-jeder-social-media-manager-nur-zu-gut-nachvollziehen-kann\\\/#primaryimage\",\"url\":\"https:\\\/\\\/www.thebestsocial.media\\\/de\\\/wp-content\\\/uploads\\\/sites\\\/3\\\/2021\\\/09\\\/Bildschirmfoto-2021-09-02-um-17.36.58.png\",\"contentUrl\":\"https:\\\/\\\/www.thebestsocial.media\\\/de\\\/wp-content\\\/uploads\\\/sites\\\/3\\\/2021\\\/09\\\/Bildschirmfoto-2021-09-02-um-17.36.58.png\",\"width\":2154,\"height\":1276},{\"@type\":\"BreadcrumbList\",\"@id\":\"https:\\\/\\\/www.thebestsocial.media\\\/de\\\/11-posts-die-jeder-social-media-manager-nur-zu-gut-nachvollziehen-kann\\\/#breadcrumb\",\"itemListElement\":[{\"@type\":\"ListItem\",\"position\":1,\"name\":\"Home\",\"item\":\"https:\\\/\\\/www.thebestsocial.media\\\/de\\\/\"},{\"@type\":\"ListItem\",\"position\":2,\"name\":\"11 Posts, die jeder Social Media Manager nur zu gut nachvollziehen kann\"}]},{\"@type\":\"WebSite\",\"@id\":\"https:\\\/\\\/www.thebestsocial.media\\\/de\\\/#website\",\"url\":\"https:\\\/\\\/www.thebestsocial.media\\\/de\\\/\",\"name\":\"The Best Social Media DE\",\"description\":\"\",\"potentialAction\":[{\"@type\":\"SearchAction\",\"target\":{\"@type\":\"EntryPoint\",\"urlTemplate\":\"https:\\\/\\\/www.thebestsocial.media\\\/de\\\/?s={search_term_string}\"},\"query-input\":{\"@type\":\"PropertyValueSpecification\",\"valueRequired\":true,\"valueName\":\"search_term_string\"}}],\"inLanguage\":\"de\"},{\"@type\":\"Person\",\"@id\":\"https:\\\/\\\/www.thebestsocial.media\\\/de\\\/#\\\/schema\\\/person\\\/f6571568c8f173869acb99d089b1223b\",\"name\":\"Adrian Krug\",\"image\":{\"@type\":\"ImageObject\",\"inLanguage\":\"de\",\"@id\":\"https:\\\/\\\/secure.gravatar.com\\\/avatar\\\/c03aa48839ac1555ec73dfc0827342b090445264901990679cd3f8c6ef4ac2d7?s=96&d=mm&r=g\",\"url\":\"https:\\\/\\\/secure.gravatar.com\\\/avatar\\\/c03aa48839ac1555ec73dfc0827342b090445264901990679cd3f8c6ef4ac2d7?s=96&d=mm&r=g\",\"contentUrl\":\"https:\\\/\\\/secure.gravatar.com\\\/avatar\\\/c03aa48839ac1555ec73dfc0827342b090445264901990679cd3f8c6ef4ac2d7?s=96&d=mm&r=g\",\"caption\":\"Adrian Krug\"},\"description\":\"Ich bin Endeditor f\u00fcr TBSM DE und Creative Lead f\u00fcr Projekte auf Agenturseite.\",\"sameAs\":[\"https:\\\/\\\/www.facebook.com\\\/adrian.krug.5\",\"https:\\\/\\\/www.linkedin.com\\\/in\\\/adrian-krug-27536221a\\\/\",\"https:\\\/\\\/x.com\\\/https:\\\/\\\/twitter.com\\\/Hasscompilation\"],\"url\":\"https:\\\/\\\/www.thebestsocial.media\\\/de\\\/author\\\/adriankrug\\\/\"}]}<\/script>\n<!-- \/ Yoast SEO plugin. -->","yoast_head_json":{"title":"11 Posts, die jeder Social Media Manager nur zu gut nachvollziehen kann - The Best Social Media DE","robots":{"index":"index","follow":"follow","max-snippet":"max-snippet:-1","max-image-preview":"max-image-preview:large","max-video-preview":"max-video-preview:-1"},"canonical":"https:\/\/www.thebestsocial.media\/de\/11-posts-die-jeder-social-media-manager-nur-zu-gut-nachvollziehen-kann\/","og_locale":"de_DE","og_type":"article","og_title":"11 Posts, die jeder Social Media Manager nur zu gut nachvollziehen kann","og_description":"In der Social-Media-Welt zu arbeiten h\u00f6rt sich anfangs vielleicht nach einem simplen Job, mit wenig Aufwand und durchgehend positiver Feedback an ( Tut uns Leid...","og_url":"https:\/\/www.thebestsocial.media\/de\/11-posts-die-jeder-social-media-manager-nur-zu-gut-nachvollziehen-kann\/","og_site_name":"The Best Social Media DE","article_author":"https:\/\/www.facebook.com\/adrian.krug.5","article_published_time":"2021-09-02T15:34:17+00:00","article_modified_time":"2021-09-02T15:38:36+00:00","og_image":[{"width":1200,"height":630,"url":"https:\/\/www.thebestsocial.media\/de\/wp-content\/uploads\/sites\/3\/2021\/08\/socialpng.png","type":"image\/png"}],"author":"Adrian Krug","twitter_card":"summary_large_image","twitter_creator":"@https:\/\/twitter.com\/Hasscompilation","twitter_misc":{"Verfasst von":"Adrian Krug","Gesch\u00e4tzte Lesezeit":"2\u00a0Minuten"},"schema":{"@context":"https:\/\/schema.org","@graph":[{"@type":"Article","@id":"https:\/\/www.thebestsocial.media\/de\/11-posts-die-jeder-social-media-manager-nur-zu-gut-nachvollziehen-kann\/#article","isPartOf":{"@id":"https:\/\/www.thebestsocial.media\/de\/11-posts-die-jeder-social-media-manager-nur-zu-gut-nachvollziehen-kann\/"},"author":{"name":"Adrian Krug","@id":"https:\/\/www.thebestsocial.media\/de\/#\/schema\/person\/f6571568c8f173869acb99d089b1223b"},"headline":"11 Posts, die jeder Social Media Manager nur zu gut nachvollziehen kann","datePublished":"2021-09-02T15:34:17+00:00","dateModified":"2021-09-02T15:38:36+00:00","mainEntityOfPage":{"@id":"https:\/\/www.thebestsocial.media\/de\/11-posts-die-jeder-social-media-manager-nur-zu-gut-nachvollziehen-kann\/"},"wordCount":325,"commentCount":0,"image":{"@id":"https:\/\/www.thebestsocial.media\/de\/11-posts-die-jeder-social-media-manager-nur-zu-gut-nachvollziehen-kann\/#primaryimage"},"thumbnailUrl":"https:\/\/www.thebestsocial.media\/de\/wp-content\/uploads\/sites\/3\/2021\/09\/Bildschirmfoto-2021-09-02-um-17.36.58.png","keywords":["Social Media Manager"],"articleSection":["Twitter","Uncategorized"],"inLanguage":"de","potentialAction":[{"@type":"CommentAction","name":"Comment","target":["https:\/\/www.thebestsocial.media\/de\/11-posts-die-jeder-social-media-manager-nur-zu-gut-nachvollziehen-kann\/#respond"]}]},{"@type":"WebPage","@id":"https:\/\/www.thebestsocial.media\/de\/11-posts-die-jeder-social-media-manager-nur-zu-gut-nachvollziehen-kann\/","url":"https:\/\/www.thebestsocial.media\/de\/11-posts-die-jeder-social-media-manager-nur-zu-gut-nachvollziehen-kann\/","name":"11 Posts, die jeder Social Media Manager nur zu gut nachvollziehen kann - The Best Social Media DE","isPartOf":{"@id":"https:\/\/www.thebestsocial.media\/de\/#website"},"primaryImageOfPage":{"@id":"https:\/\/www.thebestsocial.media\/de\/11-posts-die-jeder-social-media-manager-nur-zu-gut-nachvollziehen-kann\/#primaryimage"},"image":{"@id":"https:\/\/www.thebestsocial.media\/de\/11-posts-die-jeder-social-media-manager-nur-zu-gut-nachvollziehen-kann\/#primaryimage"},"thumbnailUrl":"https:\/\/www.thebestsocial.media\/de\/wp-content\/uploads\/sites\/3\/2021\/09\/Bildschirmfoto-2021-09-02-um-17.36.58.png","datePublished":"2021-09-02T15:34:17+00:00","dateModified":"2021-09-02T15:38:36+00:00","author":{"@id":"https:\/\/www.thebestsocial.media\/de\/#\/schema\/person\/f6571568c8f173869acb99d089b1223b"},"breadcrumb":{"@id":"https:\/\/www.thebestsocial.media\/de\/11-posts-die-jeder-social-media-manager-nur-zu-gut-nachvollziehen-kann\/#breadcrumb"},"inLanguage":"de","potentialAction":[{"@type":"ReadAction","target":["https:\/\/www.thebestsocial.media\/de\/11-posts-die-jeder-social-media-manager-nur-zu-gut-nachvollziehen-kann\/"]}]},{"@type":"ImageObject","inLanguage":"de","@id":"https:\/\/www.thebestsocial.media\/de\/11-posts-die-jeder-social-media-manager-nur-zu-gut-nachvollziehen-kann\/#primaryimage","url":"https:\/\/www.thebestsocial.media\/de\/wp-content\/uploads\/sites\/3\/2021\/09\/Bildschirmfoto-2021-09-02-um-17.36.58.png","contentUrl":"https:\/\/www.thebestsocial.media\/de\/wp-content\/uploads\/sites\/3\/2021\/09\/Bildschirmfoto-2021-09-02-um-17.36.58.png","width":2154,"height":1276},{"@type":"BreadcrumbList","@id":"https:\/\/www.thebestsocial.media\/de\/11-posts-die-jeder-social-media-manager-nur-zu-gut-nachvollziehen-kann\/#breadcrumb","itemListElement":[{"@type":"ListItem","position":1,"name":"Home","item":"https:\/\/www.thebestsocial.media\/de\/"},{"@type":"ListItem","position":2,"name":"11 Posts, die jeder Social Media Manager nur zu gut nachvollziehen kann"}]},{"@type":"WebSite","@id":"https:\/\/www.thebestsocial.media\/de\/#website","url":"https:\/\/www.thebestsocial.media\/de\/","name":"The Best Social Media DE","description":"","potentialAction":[{"@type":"SearchAction","target":{"@type":"EntryPoint","urlTemplate":"https:\/\/www.thebestsocial.media\/de\/?s={search_term_string}"},"query-input":{"@type":"PropertyValueSpecification","valueRequired":true,"valueName":"search_term_string"}}],"inLanguage":"de"},{"@type":"Person","@id":"https:\/\/www.thebestsocial.media\/de\/#\/schema\/person\/f6571568c8f173869acb99d089b1223b","name":"Adrian Krug","image":{"@type":"ImageObject","inLanguage":"de","@id":"https:\/\/secure.gravatar.com\/avatar\/c03aa48839ac1555ec73dfc0827342b090445264901990679cd3f8c6ef4ac2d7?s=96&d=mm&r=g","url":"https:\/\/secure.gravatar.com\/avatar\/c03aa48839ac1555ec73dfc0827342b090445264901990679cd3f8c6ef4ac2d7?s=96&d=mm&r=g","contentUrl":"https:\/\/secure.gravatar.com\/avatar\/c03aa48839ac1555ec73dfc0827342b090445264901990679cd3f8c6ef4ac2d7?s=96&d=mm&r=g","caption":"Adrian Krug"},"description":"Ich bin Endeditor f\u00fcr TBSM DE und Creative Lead f\u00fcr Projekte auf Agenturseite.","sameAs":["https:\/\/www.facebook.com\/adrian.krug.5","https:\/\/www.linkedin.com\/in\/adrian-krug-27536221a\/","https:\/\/x.com\/https:\/\/twitter.com\/Hasscompilation"],"url":"https:\/\/www.thebestsocial.media\/de\/author\/adriankrug\/"}]}},"amp_enabled":true,"_links":{"self":[{"href":"https:\/\/www.thebestsocial.media\/de\/wp-json\/wp\/v2\/posts\/149651","targetHints":{"allow":["GET"]}}],"collection":[{"href":"https:\/\/www.thebestsocial.media\/de\/wp-json\/wp\/v2\/posts"}],"about":[{"href":"https:\/\/www.thebestsocial.media\/de\/wp-json\/wp\/v2\/types\/post"}],"author":[{"embeddable":true,"href":"https:\/\/www.thebestsocial.media\/de\/wp-json\/wp\/v2\/users\/77"}],"replies":[{"embeddable":true,"href":"https:\/\/www.thebestsocial.media\/de\/wp-json\/wp\/v2\/comments?post=149651"}],"version-history":[{"count":12,"href":"https:\/\/www.thebestsocial.media\/de\/wp-json\/wp\/v2\/posts\/149651\/revisions"}],"predecessor-version":[{"id":149768,"href":"https:\/\/www.thebestsocial.media\/de\/wp-json\/wp\/v2\/posts\/149651\/revisions\/149768"}],"wp:featuredmedia":[{"embeddable":true,"href":"https:\/\/www.thebestsocial.media\/de\/wp-json\/wp\/v2\/media\/149769"}],"wp:attachment":[{"href":"https:\/\/www.thebestsocial.media\/de\/wp-json\/wp\/v2\/media?parent=149651"}],"wp:term":[{"taxonomy":"category","embeddable":true,"href":"https:\/\/www.thebestsocial.media\/de\/wp-json\/wp\/v2\/categories?post=149651"},{"taxonomy":"post_tag","embeddable":true,"href":"https:\/\/www.thebestsocial.media\/de\/wp-json\/wp\/v2\/tags?post=149651"}],"curies":[{"name":"wp","href":"https:\/\/api.w.org\/{rel}","templated":true}]}}