{"id":149571,"date":"2021-08-30T08:55:52","date_gmt":"2021-08-30T08:55:52","guid":{"rendered":"https:\/\/www.thebestsocial.media\/de\/?p=149571"},"modified":"2021-08-30T08:55:52","modified_gmt":"2021-08-30T08:55:52","slug":"das-war-intensiv-das-rtl-kanzlertriell-und-die-reaktionen-aus-dem-netz","status":"publish","type":"post","link":"https:\/\/www.thebestsocial.media\/de\/das-war-intensiv-das-rtl-kanzlertriell-und-die-reaktionen-aus-dem-netz\/","title":{"rendered":"Das war intensiv: Das RTL Kanzlertriell und die Reaktionen aus dem Netz"},"content":{"rendered":"<p>Wie zu jeder Bundestagswahl steht kurz bevor es ans Eingemachte geht das Fernsehduell der Kandidaten an der Tagesordnung. So gestern geschehen im RTL Studio mit den Teilnehmern Baerbock, Laschet und Scholz. Mit Fragen gel\u00f6chert die den aktuellen politischen Diskurs beherrschen, ergab sich regelm\u00e4\u00dfig die M\u00f6glichkeit, im direkten Wortgefecht seinen Standpunkt klar zu machen, was den Kandidaten mal besser und mal schlechter gelang.<\/p>\n<p>&nbsp;<\/p>\n<p><strong>Nicht alle waren zufrieden mit der Themenauswahl.<\/strong><\/p>\n<div class=\"dbsm-oembed\">\n<blockquote class=\"twitter-tweet\" data-width=\"500\" data-dnt=\"true\">\n<p lang=\"de\" dir=\"ltr\">Beim n\u00e4chsten <a href=\"https:\/\/twitter.com\/hashtag\/Triell?src=hash&amp;ref_src=twsrc%5Etfw\">#Triell<\/a> kommen dann die Fragen zu Rechtsextremismus, Bildung, Rassismus, Mieten und Digitalisierung oder?<\/p>\n<p>&mdash; Eva Horn \ud83e\udd95 (@habichthorn) <a href=\"https:\/\/twitter.com\/habichthorn\/status\/1432075765290577924?ref_src=twsrc%5Etfw\">August 29, 2021<\/a><\/p><\/blockquote>\n<p><script async src=\"https:\/\/platform.twitter.com\/widgets.js\" charset=\"utf-8\"><\/script><\/div>\n<p>&nbsp;<\/p>\n<p><strong>Die Umfragewerte unmittelbar nach dem Duell, sehen Laschet als klaren Verlierer.<\/strong><\/p>\n<div class=\"dbsm-oembed\">\n<blockquote class=\"twitter-tweet\" data-width=\"500\" data-dnt=\"true\">\n<p lang=\"de\" dir=\"ltr\">Frech von RTL, dass sie Laschets Sympathiewerte auch direkt mit einblenden..<a href=\"https:\/\/twitter.com\/hashtag\/Triell?src=hash&amp;ref_src=twsrc%5Etfw\">#Triell<\/a> <a href=\"https:\/\/twitter.com\/hashtag\/Laschet?src=hash&amp;ref_src=twsrc%5Etfw\">#Laschet<\/a> <a href=\"https:\/\/t.co\/g5q7tn4nTa\">pic.twitter.com\/g5q7tn4nTa<\/a><\/p>\n<p>&mdash; Daniel M\u00fcnch (@Daniel_Muench) <a href=\"https:\/\/twitter.com\/Daniel_Muench\/status\/1432072099183616005?ref_src=twsrc%5Etfw\">August 29, 2021<\/a><\/p><\/blockquote>\n<p><script async src=\"https:\/\/platform.twitter.com\/widgets.js\" charset=\"utf-8\"><\/script><\/div>\n<p>&nbsp;<\/p>\n<p><strong>Oder eben auch nicht.<\/strong><\/p>\n<div class=\"dbsm-oembed\">\n<blockquote class=\"twitter-tweet\" data-width=\"500\" data-dnt=\"true\">\n<p lang=\"de\" dir=\"ltr\">Starker Auftritt und klarer Sieg von Armin Laschet. <a href=\"https:\/\/twitter.com\/hashtag\/Triell?src=hash&amp;ref_src=twsrc%5Etfw\">#Triell<\/a><\/p>\n<p>&mdash; Markus S\u00f6der (@Markus_Soeder) <a href=\"https:\/\/twitter.com\/Markus_Soeder\/status\/1432074512129003523?ref_src=twsrc%5Etfw\">August 29, 2021<\/a><\/p><\/blockquote>\n<p><script async src=\"https:\/\/platform.twitter.com\/widgets.js\" charset=\"utf-8\"><\/script><\/div>\n<p>&nbsp;<\/p>\n<p><strong>Was viele dazu veranlasste, Markus S\u00f6ders Tweet zu kommentieren.<\/strong><\/p>\n<blockquote class=\"twitter-tweet\" data-conversation=\"none\">\n<p lang=\"de\" dir=\"ltr\">Ihr ironisches Sticheln gegen den eigenen Kanzlerkandidaten nimmt langsam wirklich \u00fcberhand!<\/p>\n<p>&mdash; Fabian K\u00f6ster (@koesterfabian) <a href=\"https:\/\/twitter.com\/koesterfabian\/status\/1432075851550674951?ref_src=twsrc%5Etfw\">August 29, 2021<\/a><\/p><\/blockquote>\n<p> <script async src=\"https:\/\/platform.twitter.com\/widgets.js\" charset=\"utf-8\"><\/script><\/p>\n<blockquote class=\"twitter-tweet\" data-conversation=\"none\">\n<p lang=\"und\" dir=\"ltr\"> <a href=\"https:\/\/t.co\/vm4AgdMKse\">pic.twitter.com\/vm4AgdMKse<\/a><\/p>\n<p>&mdash; B o x e n l u d e (@BoxenIude) <a href=\"https:\/\/twitter.com\/BoxenIude\/status\/1432074860197470208?ref_src=twsrc%5Etfw\">August 29, 2021<\/a><\/p><\/blockquote>\n<p> <script async src=\"https:\/\/platform.twitter.com\/widgets.js\" charset=\"utf-8\"><\/script><\/p>\n<blockquote class=\"twitter-tweet\" data-conversation=\"none\">\n<p lang=\"de\" dir=\"ltr\">Herr S\u00f6der ist das jetzt dieser Satz der uns sagen soll, dass sie entf\u00fchrt worden sind ??<\/p>\n<p>&mdash; SchwesterUnbequem (@SrUnbequem) <a href=\"https:\/\/twitter.com\/SrUnbequem\/status\/1432075913370480642?ref_src=twsrc%5Etfw\">August 29, 2021<\/a><\/p><\/blockquote>\n<p> <script async src=\"https:\/\/platform.twitter.com\/widgets.js\" charset=\"utf-8\"><\/script><\/p>\n<blockquote class=\"twitter-tweet\" data-conversation=\"none\">\n<p lang=\"de\" dir=\"ltr\">Nachtreten in dieser Form wirklich mies.<\/p>\n<p>&mdash; Marie von den Benken (@Regendelfin) <a href=\"https:\/\/twitter.com\/Regendelfin\/status\/1432101421927776258?ref_src=twsrc%5Etfw\">August 29, 2021<\/a><\/p><\/blockquote>\n<p> <script async src=\"https:\/\/platform.twitter.com\/widgets.js\" charset=\"utf-8\"><\/script><\/p>\n<p>&nbsp;<\/p>\n<p><strong>Das Thema Klimaschutz wurde rege besprochen.<\/strong><\/p>\n<div class=\"dbsm-oembed\">\n<blockquote class=\"twitter-tweet\" data-width=\"500\" data-dnt=\"true\">\n<p lang=\"de\" dir=\"ltr\">So viel Angst vor Klimaschutz \u00fcberall. So viel Angst vor den Reaktionen auf Klimaschutz. So viel Angst vor der Debatte \u00fcber Reaktionen auf Klimaschutz. <br \/>So wenig Angst vor der Klimakrise.<a href=\"https:\/\/twitter.com\/hashtag\/Triell?src=hash&amp;ref_src=twsrc%5Etfw\">#Triell<\/a><\/p>\n<p>&mdash; Jonas Schaible (@beimwort) <a href=\"https:\/\/twitter.com\/beimwort\/status\/1432113596331446276?ref_src=twsrc%5Etfw\">August 29, 2021<\/a><\/p><\/blockquote>\n<p><script async src=\"https:\/\/platform.twitter.com\/widgets.js\" charset=\"utf-8\"><\/script><\/div>\n<p>&nbsp;<\/p>\n<p><strong>Auch Kritik an den Gastgebern des Duells wurde laut.<\/strong><\/p>\n<div class=\"dbsm-oembed\">\n<blockquote class=\"twitter-tweet\" data-width=\"500\" data-dnt=\"true\">\n<p lang=\"de\" dir=\"ltr\">Mich \u00e4rgert, dass RTL hartn\u00e4ckig das Narrativ bedient hat, Klimaschutz sei teuer. Und das nach einer Flutkatastrophe mit 168 Toten und 30 Mrd. Euro Sch\u00e4den.<a href=\"https:\/\/twitter.com\/hashtag\/Triell?src=hash&amp;ref_src=twsrc%5Etfw\">#Triell<\/a><\/p>\n<p>&mdash; Danijel Vi\u0161evi\u0107 (@visevic) <a href=\"https:\/\/twitter.com\/visevic\/status\/1432242063861501954?ref_src=twsrc%5Etfw\">August 30, 2021<\/a><\/p><\/blockquote>\n<p><script async src=\"https:\/\/platform.twitter.com\/widgets.js\" charset=\"utf-8\"><\/script><\/div>\n<div class=\"dbsm-oembed\">\n<blockquote class=\"twitter-tweet\" data-width=\"500\" data-dnt=\"true\">\n<p lang=\"de\" dir=\"ltr\">Nicht eine einzige Frage zum Thema <a href=\"https:\/\/twitter.com\/hashtag\/Pflege?src=hash&amp;ref_src=twsrc%5Etfw\">#Pflege<\/a> beim <a href=\"https:\/\/twitter.com\/hashtag\/Triell?src=hash&amp;ref_src=twsrc%5Etfw\">#Triell<\/a>. Etwas, dass Millionen von Menschen jeden Tag betrifft. Schwache Leistung <a href=\"https:\/\/twitter.com\/PinarAtalay?ref_src=twsrc%5Etfw\">@PinarAtalay<\/a> und <a href=\"https:\/\/twitter.com\/kloeppelpeter?ref_src=twsrc%5Etfw\">@kloeppelpeter<\/a> \ud83d\udc4e\ud83c\udffb<\/p>\n<p>&mdash; Alexander Jorde (@alexander_jorde) <a href=\"https:\/\/twitter.com\/alexander_jorde\/status\/1432076877368332295?ref_src=twsrc%5Etfw\">August 29, 2021<\/a><\/p><\/blockquote>\n<p><script async src=\"https:\/\/platform.twitter.com\/widgets.js\" charset=\"utf-8\"><\/script><\/div>\n<p>&nbsp;<\/p>\n<p><strong>Was sagt eigentlich Angela zu der ganzen Sache?<\/strong><br \/>\nhttps:\/\/twitter.com\/maupolitics\/status\/1432075898245816330?s=20<\/p>\n<p>&nbsp;<\/p>\n<p><strong>Fortschritt kommt in der CDU per Fax<strong><\/p>\n<div class=\"dbsm-oembed\">\n<blockquote class=\"twitter-tweet\" data-width=\"500\" data-dnt=\"true\">\n<p lang=\"de\" dir=\"ltr\">Hab versucht mir das <a href=\"https:\/\/twitter.com\/hashtag\/Triell?src=hash&amp;ref_src=twsrc%5Etfw\">#Triell<\/a> anzuschauen aber dann hat  Laschet nach 2 Minuten gesagt, dass er f\u00fcr Modernisierung eintritt und ich bin daraufhin aus dem Fenster im 4. OG gesprungen, weil ich mir sicher war, dass wenn Armin Laschet modern ist, ich ein Helikopter bin.<\/p>\n<p>&mdash; Shahak Shapira (@ShahakShapira) <a href=\"https:\/\/twitter.com\/ShahakShapira\/status\/1432074323620253698?ref_src=twsrc%5Etfw\">August 29, 2021<\/a><\/p><\/blockquote>\n<p><script async src=\"https:\/\/platform.twitter.com\/widgets.js\" charset=\"utf-8\"><\/script><\/div>\n<div class=\"dbsm-oembed\">\n<blockquote class=\"twitter-tweet\" data-width=\"500\" data-dnt=\"true\">\n<p lang=\"de\" dir=\"ltr\">Laschet ist wie ein Busfahrer auf dem Land nachts um 3 Uhr. Er holt die Leute da ab, wo keine sind. <a href=\"https:\/\/twitter.com\/hashtag\/Triell?src=hash&amp;ref_src=twsrc%5Etfw\">#Triell<\/a><\/p>\n<p>&mdash; Adrian Krug (@Hasscompilation) <a href=\"https:\/\/twitter.com\/Hasscompilation\/status\/1432067982969249795?ref_src=twsrc%5Etfw\">August 29, 2021<\/a><\/p><\/blockquote>\n<p><script async src=\"https:\/\/platform.twitter.com\/widgets.js\" charset=\"utf-8\"><\/script><\/div>\n<p>&nbsp;<\/p>\n<p><strong>Und was ist mit der geplanten Lastenradsubventionierung?<\/strong><\/p>\n<div class=\"dbsm-oembed\">\n<blockquote class=\"twitter-tweet\" data-width=\"500\" data-dnt=\"true\">\n<p lang=\"de\" dir=\"ltr\">Keine Minute zu L\u00f6sungen bei Demographie &amp; Rente im ganzen <a href=\"https:\/\/twitter.com\/hashtag\/Triell?src=hash&amp;ref_src=twsrc%5Etfw\">#Triell<\/a>, nicht EINE? Obwohl die n\u00e4chste Legislatur die letzte ist, bevor die Babyboomer in Rente gehen? Wir m\u00fcssen in Deutschland wirklich anfangen, uns rechtzeitig um die langfristigen &amp; absehbaren Megatrends zu k\u00fcmmern!<\/p>\n<p>&mdash; Johannes Vogel (@johannesvogel) <a href=\"https:\/\/twitter.com\/johannesvogel\/status\/1432071265783795718?ref_src=twsrc%5Etfw\">August 29, 2021<\/a><\/p><\/blockquote>\n<p><script async src=\"https:\/\/platform.twitter.com\/widgets.js\" charset=\"utf-8\"><\/script><\/div>\n<p>&nbsp;<\/p>\n<p><strong>Laschet sprach in seinem Abschlusspl\u00e4doyer vom &#8222;Wind der Ver\u00e4nderung&#8220;.<\/strong><\/p>\n<div class=\"dbsm-oembed\">\n<blockquote class=\"twitter-tweet\" data-width=\"500\" data-dnt=\"true\">\n<p lang=\"de\" dir=\"ltr\">Habe ich das gerade richtig verstanden &#8211; Laschet will sich dem \u201eWind der Ver\u00e4nderung\u201c mit \u201eStandhaftigkeit\u201c entgegenstellen? <a href=\"https:\/\/twitter.com\/hashtag\/Triell?src=hash&amp;ref_src=twsrc%5Etfw\">#Triell<\/a><\/p>\n<p>&mdash; Malte Kreutzfeldt (@MKreutzfeldt) <a href=\"https:\/\/twitter.com\/MKreutzfeldt\/status\/1432071654285393920?ref_src=twsrc%5Etfw\">August 29, 2021<\/a><\/p><\/blockquote>\n<p><script async src=\"https:\/\/platform.twitter.com\/widgets.js\" charset=\"utf-8\"><\/script><\/div>\n<p>&nbsp;<\/p>\n<p><strong>So muss es gewesen sein.<\/strong><\/p>\n<div class=\"dbsm-oembed\">\n<blockquote class=\"twitter-tweet\" data-width=\"500\" data-dnt=\"true\">\n<p lang=\"de\" dir=\"ltr\">Laschet: \u201eIch schlage vor: bei der Abschlussrede gehen wir alle einen Schritt vor das Pult, OK?\u201c <\/p>\n<p>Baerbock: \u201eAber wirklich jetzt, ne? Ihr verarscht mich auch nicht? Nicht, dass ich da dann als einzige vorgehe\u201c<\/p>\n<p>Scholz: \u201enee nee, machen wir\u201c<\/p>\n<p>{Laschet &amp; Scholz kichern}<a href=\"https:\/\/twitter.com\/hashtag\/Triell?src=hash&amp;ref_src=twsrc%5Etfw\">#Triell<\/a><\/p>\n<p>&mdash; Donnie O&#39;Sullivan (@DonnieOsullivan) <a href=\"https:\/\/twitter.com\/DonnieOsullivan\/status\/1432072813666504704?ref_src=twsrc%5Etfw\">August 29, 2021<\/a><\/p><\/blockquote>\n<p><script async src=\"https:\/\/platform.twitter.com\/widgets.js\" charset=\"utf-8\"><\/script><\/div>\n<p>&nbsp;<\/p>\n<p><strong>Bei der Analyse im Anschlussprogramm wurde jemand vermisst.<\/strong><\/p>\n<div class=\"dbsm-oembed\">\n<blockquote class=\"twitter-tweet\" data-width=\"500\" data-dnt=\"true\">\n<p lang=\"de\" dir=\"ltr\">Jetzt bei der Analyse r\u00e4cht sich bitter, dass Bohlen nicht mehr bei RTL ist. <a href=\"https:\/\/twitter.com\/hashtag\/Triell?src=hash&amp;ref_src=twsrc%5Etfw\">#Triell<\/a><\/p>\n<p>&mdash; extra3 (@extra3) <a href=\"https:\/\/twitter.com\/extra3\/status\/1432071928655790088?ref_src=twsrc%5Etfw\">August 29, 2021<\/a><\/p><\/blockquote>\n<p><script async src=\"https:\/\/platform.twitter.com\/widgets.js\" charset=\"utf-8\"><\/script><\/div>\n<p>&nbsp;<\/p>\n<p><strong>Auch wenn euch keiner der Anwesenden wirklich \u00fcberzeugt hat,<\/strong><\/p>\n<div class=\"dbsm-oembed\">\n<blockquote class=\"twitter-tweet\" data-width=\"500\" data-dnt=\"true\">\n<p lang=\"de\" dir=\"ltr\">Bitte geht trotzdem w\u00e4hlen. <a href=\"https:\/\/twitter.com\/hashtag\/Triell?src=hash&amp;ref_src=twsrc%5Etfw\">#Triell<\/a><\/p>\n<p>&mdash; Ann-Kathrin Hipp (@ak_hipp) <a href=\"https:\/\/twitter.com\/ak_hipp\/status\/1432071199090171911?ref_src=twsrc%5Etfw\">August 29, 2021<\/a><\/p><\/blockquote>\n<p><script async src=\"https:\/\/platform.twitter.com\/widgets.js\" charset=\"utf-8\"><\/script><\/div>\n<p>&nbsp;<\/p>\n<p>&#8212;<br \/>\nVielen Dank an alle f\u00fcr die Posts.<br \/>\n&#8212;<br \/>\n<strong>Keine Influencer! Kein Foodporn! Nur ganz viel Spa\u00df &#8211; bei uns auf Instagram:<\/strong><\/p>\n<blockquote class=\"instagram-media\" data-instgrm-captioned data-instgrm-permalink=\"https:\/\/www.instagram.com\/p\/CS1KWLFNf3E\/?utm_source=ig_embed&amp;utm_campaign=loading\" data-instgrm-version=\"13\" style=\" background:#FFF; border:0; border-radius:3px; box-shadow:0 0 1px 0 rgba(0,0,0,0.5),0 1px 10px 0 rgba(0,0,0,0.15); margin: 1px; max-width:540px; min-width:326px; padding:0; width:99.375%; width:-webkit-calc(100% - 2px); width:calc(100% - 2px);\">\n<div style=\"padding:16px;\"> <a href=\"https:\/\/www.instagram.com\/p\/CS1KWLFNf3E\/?utm_source=ig_embed&amp;utm_campaign=loading\" style=\" background:#FFFFFF; line-height:0; padding:0 0; text-align:center; text-decoration:none; width:100%;\" target=\"_blank\" rel=\"noopener\"> <\/p>\n<div style=\" display: flex; flex-direction: row; align-items: center;\">\n<div style=\"background-color: #F4F4F4; border-radius: 50%; flex-grow: 0; height: 40px; margin-right: 14px; width: 40px;\"><\/div>\n<div style=\"display: flex; flex-direction: column; flex-grow: 1; justify-content: center;\">\n<div style=\" background-color: #F4F4F4; border-radius: 4px; flex-grow: 0; height: 14px; margin-bottom: 6px; width: 100px;\"><\/div>\n<div style=\" background-color: #F4F4F4; border-radius: 4px; flex-grow: 0; height: 14px; width: 60px;\"><\/div>\n<\/div>\n<\/div>\n<div style=\"padding: 19% 0;\"><\/div>\n<div style=\"display:block; height:50px; margin:0 auto 12px; width:50px;\"><svg width=\"50px\" height=\"50px\" viewBox=\"0 0 60 60\" version=\"1.1\" xmlns=\"https:\/\/www.w3.org\/2000\/svg\" xmlns:xlink=\"https:\/\/www.w3.org\/1999\/xlink\"><g stroke=\"none\" stroke-width=\"1\" fill=\"none\" fill-rule=\"evenodd\"><g transform=\"translate(-511.000000, -20.000000)\" fill=\"#000000\"><g><path d=\"M556.869,30.41 C554.814,30.41 553.148,32.076 553.148,34.131 C553.148,36.186 554.814,37.852 556.869,37.852 C558.924,37.852 560.59,36.186 560.59,34.131 C560.59,32.076 558.924,30.41 556.869,30.41 M541,60.657 C535.114,60.657 530.342,55.887 530.342,50 C530.342,44.114 535.114,39.342 541,39.342 C546.887,39.342 551.658,44.114 551.658,50 C551.658,55.887 546.887,60.657 541,60.657 M541,33.886 C532.1,33.886 524.886,41.1 524.886,50 C524.886,58.899 532.1,66.113 541,66.113 C549.9,66.113 557.115,58.899 557.115,50 C557.115,41.1 549.9,33.886 541,33.886 M565.378,62.101 C565.244,65.022 564.756,66.606 564.346,67.663 C563.803,69.06 563.154,70.057 562.106,71.106 C561.058,72.155 560.06,72.803 558.662,73.347 C557.607,73.757 556.021,74.244 553.102,74.378 C549.944,74.521 548.997,74.552 541,74.552 C533.003,74.552 532.056,74.521 528.898,74.378 C525.979,74.244 524.393,73.757 523.338,73.347 C521.94,72.803 520.942,72.155 519.894,71.106 C518.846,70.057 518.197,69.06 517.654,67.663 C517.244,66.606 516.755,65.022 516.623,62.101 C516.479,58.943 516.448,57.996 516.448,50 C516.448,42.003 516.479,41.056 516.623,37.899 C516.755,34.978 517.244,33.391 517.654,32.338 C518.197,30.938 518.846,29.942 519.894,28.894 C520.942,27.846 521.94,27.196 523.338,26.654 C524.393,26.244 525.979,25.756 528.898,25.623 C532.057,25.479 533.004,25.448 541,25.448 C548.997,25.448 549.943,25.479 553.102,25.623 C556.021,25.756 557.607,26.244 558.662,26.654 C560.06,27.196 561.058,27.846 562.106,28.894 C563.154,29.942 563.803,30.938 564.346,32.338 C564.756,33.391 565.244,34.978 565.378,37.899 C565.522,41.056 565.552,42.003 565.552,50 C565.552,57.996 565.522,58.943 565.378,62.101 M570.82,37.631 C570.674,34.438 570.167,32.258 569.425,30.349 C568.659,28.377 567.633,26.702 565.965,25.035 C564.297,23.368 562.623,22.342 560.652,21.575 C558.743,20.834 556.562,20.326 553.369,20.18 C550.169,20.033 549.148,20 541,20 C532.853,20 531.831,20.033 528.631,20.18 C525.438,20.326 523.257,20.834 521.349,21.575 C519.376,22.342 517.703,23.368 516.035,25.035 C514.368,26.702 513.342,28.377 512.574,30.349 C511.834,32.258 511.326,34.438 511.181,37.631 C511.035,40.831 511,41.851 511,50 C511,58.147 511.035,59.17 511.181,62.369 C511.326,65.562 511.834,67.743 512.574,69.651 C513.342,71.625 514.368,73.296 516.035,74.965 C517.703,76.634 519.376,77.658 521.349,78.425 C523.257,79.167 525.438,79.673 528.631,79.82 C531.831,79.965 532.853,80.001 541,80.001 C549.148,80.001 550.169,79.965 553.369,79.82 C556.562,79.673 558.743,79.167 560.652,78.425 C562.623,77.658 564.297,76.634 565.965,74.965 C567.633,73.296 568.659,71.625 569.425,69.651 C570.167,67.743 570.674,65.562 570.82,62.369 C570.966,59.17 571,58.147 571,50 C571,41.851 570.966,40.831 570.82,37.631\"><\/path><\/g><\/g><\/g><\/svg><\/div>\n<div style=\"padding-top: 8px;\">\n<div style=\" color:#3897f0; font-family:Arial,sans-serif; font-size:14px; font-style:normal; font-weight:550; line-height:18px;\"> Sieh dir diesen Beitrag auf Instagram an<\/div>\n<\/div>\n<div style=\"padding: 12.5% 0;\"><\/div>\n<div style=\"display: flex; flex-direction: row; margin-bottom: 14px; align-items: center;\">\n<div>\n<div style=\"background-color: #F4F4F4; border-radius: 50%; height: 12.5px; width: 12.5px; transform: translateX(0px) translateY(7px);\"><\/div>\n<div style=\"background-color: #F4F4F4; height: 12.5px; transform: rotate(-45deg) translateX(3px) translateY(1px); width: 12.5px; flex-grow: 0; margin-right: 14px; margin-left: 2px;\"><\/div>\n<div style=\"background-color: #F4F4F4; border-radius: 50%; height: 12.5px; width: 12.5px; transform: translateX(9px) translateY(-18px);\"><\/div>\n<\/div>\n<div style=\"margin-left: 8px;\">\n<div style=\" background-color: #F4F4F4; border-radius: 50%; flex-grow: 0; height: 20px; width: 20px;\"><\/div>\n<div style=\" width: 0; height: 0; border-top: 2px solid transparent; border-left: 6px solid #f4f4f4; border-bottom: 2px solid transparent; transform: translateX(16px) translateY(-4px) rotate(30deg)\"><\/div>\n<\/div>\n<div style=\"margin-left: auto;\">\n<div style=\" width: 0px; border-top: 8px solid #F4F4F4; border-right: 8px solid transparent; transform: translateY(16px);\"><\/div>\n<div style=\" background-color: #F4F4F4; flex-grow: 0; height: 12px; width: 16px; transform: translateY(-4px);\"><\/div>\n<div style=\" width: 0; height: 0; border-top: 8px solid #F4F4F4; border-left: 8px solid transparent; transform: translateY(-4px) translateX(8px);\"><\/div>\n<\/div>\n<\/div>\n<div style=\"display: flex; flex-direction: column; flex-grow: 1; justify-content: center; margin-bottom: 24px;\">\n<div style=\" background-color: #F4F4F4; border-radius: 4px; flex-grow: 0; height: 14px; margin-bottom: 6px; width: 224px;\"><\/div>\n<div style=\" background-color: #F4F4F4; border-radius: 4px; flex-grow: 0; height: 14px; width: 144px;\"><\/div>\n<\/div>\n<p><\/a><\/p>\n<p style=\" color:#c9c8cd; font-family:Arial,sans-serif; font-size:14px; line-height:17px; margin-bottom:0; margin-top:8px; overflow:hidden; padding:8px 0 7px; text-align:center; text-overflow:ellipsis; white-space:nowrap;\"><a href=\"https:\/\/www.instagram.com\/p\/CS1KWLFNf3E\/?utm_source=ig_embed&amp;utm_campaign=loading\" style=\" color:#c9c8cd; font-family:Arial,sans-serif; font-size:14px; font-style:normal; font-weight:normal; line-height:17px; text-decoration:none;\" target=\"_blank\" rel=\"noopener\">Ein Beitrag geteilt von The Best Social Media &#8211; DE (@thebestsocialmediade)<\/a><\/p>\n<\/div>\n<\/blockquote>\n\n<script async defer src=\"\/instagram-embed.js\"><\/script>","protected":false},"excerpt":{"rendered":"<p>Wie zu jeder Bundestagswahl steht kurz bevor es ans Eingemachte geht das Fernsehduell der Kandidaten an der Tagesordnung. So gestern geschehen im RTL Studio mit&#8230;<\/p>\n","protected":false},"author":77,"featured_media":149577,"comment_status":"open","ping_status":"open","sticky":false,"template":"","format":"standard","meta":{"_acf_changed":false,"footnotes":""},"categories":[35,1],"tags":[147,4677],"class_list":["post-149571","post","type-post","status-publish","format-standard","has-post-thumbnail","hentry","category-twitter","category-uncategorized","tag-rtl","tag-triell"],"acf":[],"yoast_head":"<!-- This site is optimized with the Yoast SEO plugin v27.4 - https:\/\/yoast.com\/product\/yoast-seo-wordpress\/ -->\n<title>Das war intensiv: Das RTL Kanzlertriell und die Reaktionen aus dem Netz - The Best Social Media DE<\/title>\n<meta name=\"robots\" content=\"index, follow, max-snippet:-1, max-image-preview:large, max-video-preview:-1\" \/>\n<link rel=\"canonical\" href=\"https:\/\/www.thebestsocial.media\/de\/das-war-intensiv-das-rtl-kanzlertriell-und-die-reaktionen-aus-dem-netz\/\" \/>\n<meta property=\"og:locale\" content=\"de_DE\" \/>\n<meta property=\"og:type\" content=\"article\" \/>\n<meta property=\"og:title\" content=\"Das war intensiv: Das RTL Kanzlertriell und die Reaktionen aus dem Netz - The Best Social Media DE\" \/>\n<meta property=\"og:description\" content=\"Wie zu jeder Bundestagswahl steht kurz bevor es ans Eingemachte geht das Fernsehduell der Kandidaten an der Tagesordnung. So gestern geschehen im RTL Studio mit...\" \/>\n<meta property=\"og:url\" content=\"https:\/\/www.thebestsocial.media\/de\/das-war-intensiv-das-rtl-kanzlertriell-und-die-reaktionen-aus-dem-netz\/\" \/>\n<meta property=\"og:site_name\" content=\"The Best Social Media DE\" \/>\n<meta property=\"article:author\" content=\"https:\/\/www.facebook.com\/adrian.krug.5\" \/>\n<meta property=\"article:published_time\" content=\"2021-08-30T08:55:52+00:00\" \/>\n<meta property=\"og:image\" content=\"https:\/\/www.thebestsocial.media\/de\/wp-content\/uploads\/sites\/3\/2021\/08\/Header_Bild_Neu-kkd3.png\" \/>\n\t<meta property=\"og:image:width\" content=\"1200\" \/>\n\t<meta property=\"og:image:height\" content=\"630\" \/>\n\t<meta property=\"og:image:type\" content=\"image\/png\" \/>\n<meta name=\"author\" content=\"Adrian Krug\" \/>\n<meta name=\"twitter:card\" content=\"summary_large_image\" \/>\n<meta name=\"twitter:creator\" content=\"@https:\/\/twitter.com\/Hasscompilation\" \/>\n<meta name=\"twitter:label1\" content=\"Verfasst von\" \/>\n\t<meta name=\"twitter:data1\" content=\"Adrian Krug\" \/>\n\t<meta name=\"twitter:label2\" content=\"Gesch\u00e4tzte Lesezeit\" \/>\n\t<meta name=\"twitter:data2\" content=\"2\u00a0Minuten\" \/>\n<script type=\"application\/ld+json\" class=\"yoast-schema-graph\">{\"@context\":\"https:\\\/\\\/schema.org\",\"@graph\":[{\"@type\":\"Article\",\"@id\":\"https:\\\/\\\/www.thebestsocial.media\\\/de\\\/das-war-intensiv-das-rtl-kanzlertriell-und-die-reaktionen-aus-dem-netz\\\/#article\",\"isPartOf\":{\"@id\":\"https:\\\/\\\/www.thebestsocial.media\\\/de\\\/das-war-intensiv-das-rtl-kanzlertriell-und-die-reaktionen-aus-dem-netz\\\/\"},\"author\":{\"name\":\"Adrian Krug\",\"@id\":\"https:\\\/\\\/www.thebestsocial.media\\\/de\\\/#\\\/schema\\\/person\\\/f6571568c8f173869acb99d089b1223b\"},\"headline\":\"Das war intensiv: Das RTL Kanzlertriell und die Reaktionen aus dem Netz\",\"datePublished\":\"2021-08-30T08:55:52+00:00\",\"mainEntityOfPage\":{\"@id\":\"https:\\\/\\\/www.thebestsocial.media\\\/de\\\/das-war-intensiv-das-rtl-kanzlertriell-und-die-reaktionen-aus-dem-netz\\\/\"},\"wordCount\":404,\"commentCount\":0,\"image\":{\"@id\":\"https:\\\/\\\/www.thebestsocial.media\\\/de\\\/das-war-intensiv-das-rtl-kanzlertriell-und-die-reaktionen-aus-dem-netz\\\/#primaryimage\"},\"thumbnailUrl\":\"https:\\\/\\\/www.thebestsocial.media\\\/de\\\/wp-content\\\/uploads\\\/sites\\\/3\\\/2021\\\/08\\\/Bildschirmfoto-2021-08-30-um-10.30.36.png\",\"keywords\":[\"rtl\",\"Triell\"],\"articleSection\":[\"Twitter\",\"Uncategorized\"],\"inLanguage\":\"de\",\"potentialAction\":[{\"@type\":\"CommentAction\",\"name\":\"Comment\",\"target\":[\"https:\\\/\\\/www.thebestsocial.media\\\/de\\\/das-war-intensiv-das-rtl-kanzlertriell-und-die-reaktionen-aus-dem-netz\\\/#respond\"]}]},{\"@type\":\"WebPage\",\"@id\":\"https:\\\/\\\/www.thebestsocial.media\\\/de\\\/das-war-intensiv-das-rtl-kanzlertriell-und-die-reaktionen-aus-dem-netz\\\/\",\"url\":\"https:\\\/\\\/www.thebestsocial.media\\\/de\\\/das-war-intensiv-das-rtl-kanzlertriell-und-die-reaktionen-aus-dem-netz\\\/\",\"name\":\"Das war intensiv: Das RTL Kanzlertriell und die Reaktionen aus dem Netz - The Best Social Media DE\",\"isPartOf\":{\"@id\":\"https:\\\/\\\/www.thebestsocial.media\\\/de\\\/#website\"},\"primaryImageOfPage\":{\"@id\":\"https:\\\/\\\/www.thebestsocial.media\\\/de\\\/das-war-intensiv-das-rtl-kanzlertriell-und-die-reaktionen-aus-dem-netz\\\/#primaryimage\"},\"image\":{\"@id\":\"https:\\\/\\\/www.thebestsocial.media\\\/de\\\/das-war-intensiv-das-rtl-kanzlertriell-und-die-reaktionen-aus-dem-netz\\\/#primaryimage\"},\"thumbnailUrl\":\"https:\\\/\\\/www.thebestsocial.media\\\/de\\\/wp-content\\\/uploads\\\/sites\\\/3\\\/2021\\\/08\\\/Bildschirmfoto-2021-08-30-um-10.30.36.png\",\"datePublished\":\"2021-08-30T08:55:52+00:00\",\"author\":{\"@id\":\"https:\\\/\\\/www.thebestsocial.media\\\/de\\\/#\\\/schema\\\/person\\\/f6571568c8f173869acb99d089b1223b\"},\"breadcrumb\":{\"@id\":\"https:\\\/\\\/www.thebestsocial.media\\\/de\\\/das-war-intensiv-das-rtl-kanzlertriell-und-die-reaktionen-aus-dem-netz\\\/#breadcrumb\"},\"inLanguage\":\"de\",\"potentialAction\":[{\"@type\":\"ReadAction\",\"target\":[\"https:\\\/\\\/www.thebestsocial.media\\\/de\\\/das-war-intensiv-das-rtl-kanzlertriell-und-die-reaktionen-aus-dem-netz\\\/\"]}]},{\"@type\":\"ImageObject\",\"inLanguage\":\"de\",\"@id\":\"https:\\\/\\\/www.thebestsocial.media\\\/de\\\/das-war-intensiv-das-rtl-kanzlertriell-und-die-reaktionen-aus-dem-netz\\\/#primaryimage\",\"url\":\"https:\\\/\\\/www.thebestsocial.media\\\/de\\\/wp-content\\\/uploads\\\/sites\\\/3\\\/2021\\\/08\\\/Bildschirmfoto-2021-08-30-um-10.30.36.png\",\"contentUrl\":\"https:\\\/\\\/www.thebestsocial.media\\\/de\\\/wp-content\\\/uploads\\\/sites\\\/3\\\/2021\\\/08\\\/Bildschirmfoto-2021-08-30-um-10.30.36.png\",\"width\":2600,\"height\":1392},{\"@type\":\"BreadcrumbList\",\"@id\":\"https:\\\/\\\/www.thebestsocial.media\\\/de\\\/das-war-intensiv-das-rtl-kanzlertriell-und-die-reaktionen-aus-dem-netz\\\/#breadcrumb\",\"itemListElement\":[{\"@type\":\"ListItem\",\"position\":1,\"name\":\"Home\",\"item\":\"https:\\\/\\\/www.thebestsocial.media\\\/de\\\/\"},{\"@type\":\"ListItem\",\"position\":2,\"name\":\"Das war intensiv: Das RTL Kanzlertriell und die Reaktionen aus dem Netz\"}]},{\"@type\":\"WebSite\",\"@id\":\"https:\\\/\\\/www.thebestsocial.media\\\/de\\\/#website\",\"url\":\"https:\\\/\\\/www.thebestsocial.media\\\/de\\\/\",\"name\":\"The Best Social Media DE\",\"description\":\"\",\"potentialAction\":[{\"@type\":\"SearchAction\",\"target\":{\"@type\":\"EntryPoint\",\"urlTemplate\":\"https:\\\/\\\/www.thebestsocial.media\\\/de\\\/?s={search_term_string}\"},\"query-input\":{\"@type\":\"PropertyValueSpecification\",\"valueRequired\":true,\"valueName\":\"search_term_string\"}}],\"inLanguage\":\"de\"},{\"@type\":\"Person\",\"@id\":\"https:\\\/\\\/www.thebestsocial.media\\\/de\\\/#\\\/schema\\\/person\\\/f6571568c8f173869acb99d089b1223b\",\"name\":\"Adrian Krug\",\"image\":{\"@type\":\"ImageObject\",\"inLanguage\":\"de\",\"@id\":\"https:\\\/\\\/secure.gravatar.com\\\/avatar\\\/c03aa48839ac1555ec73dfc0827342b090445264901990679cd3f8c6ef4ac2d7?s=96&d=mm&r=g\",\"url\":\"https:\\\/\\\/secure.gravatar.com\\\/avatar\\\/c03aa48839ac1555ec73dfc0827342b090445264901990679cd3f8c6ef4ac2d7?s=96&d=mm&r=g\",\"contentUrl\":\"https:\\\/\\\/secure.gravatar.com\\\/avatar\\\/c03aa48839ac1555ec73dfc0827342b090445264901990679cd3f8c6ef4ac2d7?s=96&d=mm&r=g\",\"caption\":\"Adrian Krug\"},\"description\":\"Ich bin Endeditor f\u00fcr TBSM DE und Creative Lead f\u00fcr Projekte auf Agenturseite.\",\"sameAs\":[\"https:\\\/\\\/www.facebook.com\\\/adrian.krug.5\",\"https:\\\/\\\/www.linkedin.com\\\/in\\\/adrian-krug-27536221a\\\/\",\"https:\\\/\\\/x.com\\\/https:\\\/\\\/twitter.com\\\/Hasscompilation\"],\"url\":\"https:\\\/\\\/www.thebestsocial.media\\\/de\\\/author\\\/adriankrug\\\/\"}]}<\/script>\n<!-- \/ Yoast SEO plugin. -->","yoast_head_json":{"title":"Das war intensiv: Das RTL Kanzlertriell und die Reaktionen aus dem Netz - The Best Social Media DE","robots":{"index":"index","follow":"follow","max-snippet":"max-snippet:-1","max-image-preview":"max-image-preview:large","max-video-preview":"max-video-preview:-1"},"canonical":"https:\/\/www.thebestsocial.media\/de\/das-war-intensiv-das-rtl-kanzlertriell-und-die-reaktionen-aus-dem-netz\/","og_locale":"de_DE","og_type":"article","og_title":"Das war intensiv: Das RTL Kanzlertriell und die Reaktionen aus dem Netz - The Best Social Media DE","og_description":"Wie zu jeder Bundestagswahl steht kurz bevor es ans Eingemachte geht das Fernsehduell der Kandidaten an der Tagesordnung. So gestern geschehen im RTL Studio mit...","og_url":"https:\/\/www.thebestsocial.media\/de\/das-war-intensiv-das-rtl-kanzlertriell-und-die-reaktionen-aus-dem-netz\/","og_site_name":"The Best Social Media DE","article_author":"https:\/\/www.facebook.com\/adrian.krug.5","article_published_time":"2021-08-30T08:55:52+00:00","og_image":[{"width":1200,"height":630,"url":"https:\/\/www.thebestsocial.media\/de\/wp-content\/uploads\/sites\/3\/2021\/08\/Header_Bild_Neu-kkd3.png","type":"image\/png"}],"author":"Adrian Krug","twitter_card":"summary_large_image","twitter_creator":"@https:\/\/twitter.com\/Hasscompilation","twitter_misc":{"Verfasst von":"Adrian Krug","Gesch\u00e4tzte Lesezeit":"2\u00a0Minuten"},"schema":{"@context":"https:\/\/schema.org","@graph":[{"@type":"Article","@id":"https:\/\/www.thebestsocial.media\/de\/das-war-intensiv-das-rtl-kanzlertriell-und-die-reaktionen-aus-dem-netz\/#article","isPartOf":{"@id":"https:\/\/www.thebestsocial.media\/de\/das-war-intensiv-das-rtl-kanzlertriell-und-die-reaktionen-aus-dem-netz\/"},"author":{"name":"Adrian Krug","@id":"https:\/\/www.thebestsocial.media\/de\/#\/schema\/person\/f6571568c8f173869acb99d089b1223b"},"headline":"Das war intensiv: Das RTL Kanzlertriell und die Reaktionen aus dem Netz","datePublished":"2021-08-30T08:55:52+00:00","mainEntityOfPage":{"@id":"https:\/\/www.thebestsocial.media\/de\/das-war-intensiv-das-rtl-kanzlertriell-und-die-reaktionen-aus-dem-netz\/"},"wordCount":404,"commentCount":0,"image":{"@id":"https:\/\/www.thebestsocial.media\/de\/das-war-intensiv-das-rtl-kanzlertriell-und-die-reaktionen-aus-dem-netz\/#primaryimage"},"thumbnailUrl":"https:\/\/www.thebestsocial.media\/de\/wp-content\/uploads\/sites\/3\/2021\/08\/Bildschirmfoto-2021-08-30-um-10.30.36.png","keywords":["rtl","Triell"],"articleSection":["Twitter","Uncategorized"],"inLanguage":"de","potentialAction":[{"@type":"CommentAction","name":"Comment","target":["https:\/\/www.thebestsocial.media\/de\/das-war-intensiv-das-rtl-kanzlertriell-und-die-reaktionen-aus-dem-netz\/#respond"]}]},{"@type":"WebPage","@id":"https:\/\/www.thebestsocial.media\/de\/das-war-intensiv-das-rtl-kanzlertriell-und-die-reaktionen-aus-dem-netz\/","url":"https:\/\/www.thebestsocial.media\/de\/das-war-intensiv-das-rtl-kanzlertriell-und-die-reaktionen-aus-dem-netz\/","name":"Das war intensiv: Das RTL Kanzlertriell und die Reaktionen aus dem Netz - The Best Social Media DE","isPartOf":{"@id":"https:\/\/www.thebestsocial.media\/de\/#website"},"primaryImageOfPage":{"@id":"https:\/\/www.thebestsocial.media\/de\/das-war-intensiv-das-rtl-kanzlertriell-und-die-reaktionen-aus-dem-netz\/#primaryimage"},"image":{"@id":"https:\/\/www.thebestsocial.media\/de\/das-war-intensiv-das-rtl-kanzlertriell-und-die-reaktionen-aus-dem-netz\/#primaryimage"},"thumbnailUrl":"https:\/\/www.thebestsocial.media\/de\/wp-content\/uploads\/sites\/3\/2021\/08\/Bildschirmfoto-2021-08-30-um-10.30.36.png","datePublished":"2021-08-30T08:55:52+00:00","author":{"@id":"https:\/\/www.thebestsocial.media\/de\/#\/schema\/person\/f6571568c8f173869acb99d089b1223b"},"breadcrumb":{"@id":"https:\/\/www.thebestsocial.media\/de\/das-war-intensiv-das-rtl-kanzlertriell-und-die-reaktionen-aus-dem-netz\/#breadcrumb"},"inLanguage":"de","potentialAction":[{"@type":"ReadAction","target":["https:\/\/www.thebestsocial.media\/de\/das-war-intensiv-das-rtl-kanzlertriell-und-die-reaktionen-aus-dem-netz\/"]}]},{"@type":"ImageObject","inLanguage":"de","@id":"https:\/\/www.thebestsocial.media\/de\/das-war-intensiv-das-rtl-kanzlertriell-und-die-reaktionen-aus-dem-netz\/#primaryimage","url":"https:\/\/www.thebestsocial.media\/de\/wp-content\/uploads\/sites\/3\/2021\/08\/Bildschirmfoto-2021-08-30-um-10.30.36.png","contentUrl":"https:\/\/www.thebestsocial.media\/de\/wp-content\/uploads\/sites\/3\/2021\/08\/Bildschirmfoto-2021-08-30-um-10.30.36.png","width":2600,"height":1392},{"@type":"BreadcrumbList","@id":"https:\/\/www.thebestsocial.media\/de\/das-war-intensiv-das-rtl-kanzlertriell-und-die-reaktionen-aus-dem-netz\/#breadcrumb","itemListElement":[{"@type":"ListItem","position":1,"name":"Home","item":"https:\/\/www.thebestsocial.media\/de\/"},{"@type":"ListItem","position":2,"name":"Das war intensiv: Das RTL Kanzlertriell und die Reaktionen aus dem Netz"}]},{"@type":"WebSite","@id":"https:\/\/www.thebestsocial.media\/de\/#website","url":"https:\/\/www.thebestsocial.media\/de\/","name":"The Best Social Media DE","description":"","potentialAction":[{"@type":"SearchAction","target":{"@type":"EntryPoint","urlTemplate":"https:\/\/www.thebestsocial.media\/de\/?s={search_term_string}"},"query-input":{"@type":"PropertyValueSpecification","valueRequired":true,"valueName":"search_term_string"}}],"inLanguage":"de"},{"@type":"Person","@id":"https:\/\/www.thebestsocial.media\/de\/#\/schema\/person\/f6571568c8f173869acb99d089b1223b","name":"Adrian Krug","image":{"@type":"ImageObject","inLanguage":"de","@id":"https:\/\/secure.gravatar.com\/avatar\/c03aa48839ac1555ec73dfc0827342b090445264901990679cd3f8c6ef4ac2d7?s=96&d=mm&r=g","url":"https:\/\/secure.gravatar.com\/avatar\/c03aa48839ac1555ec73dfc0827342b090445264901990679cd3f8c6ef4ac2d7?s=96&d=mm&r=g","contentUrl":"https:\/\/secure.gravatar.com\/avatar\/c03aa48839ac1555ec73dfc0827342b090445264901990679cd3f8c6ef4ac2d7?s=96&d=mm&r=g","caption":"Adrian Krug"},"description":"Ich bin Endeditor f\u00fcr TBSM DE und Creative Lead f\u00fcr Projekte auf Agenturseite.","sameAs":["https:\/\/www.facebook.com\/adrian.krug.5","https:\/\/www.linkedin.com\/in\/adrian-krug-27536221a\/","https:\/\/x.com\/https:\/\/twitter.com\/Hasscompilation"],"url":"https:\/\/www.thebestsocial.media\/de\/author\/adriankrug\/"}]}},"amp_enabled":true,"_links":{"self":[{"href":"https:\/\/www.thebestsocial.media\/de\/wp-json\/wp\/v2\/posts\/149571","targetHints":{"allow":["GET"]}}],"collection":[{"href":"https:\/\/www.thebestsocial.media\/de\/wp-json\/wp\/v2\/posts"}],"about":[{"href":"https:\/\/www.thebestsocial.media\/de\/wp-json\/wp\/v2\/types\/post"}],"author":[{"embeddable":true,"href":"https:\/\/www.thebestsocial.media\/de\/wp-json\/wp\/v2\/users\/77"}],"replies":[{"embeddable":true,"href":"https:\/\/www.thebestsocial.media\/de\/wp-json\/wp\/v2\/comments?post=149571"}],"version-history":[{"count":6,"href":"https:\/\/www.thebestsocial.media\/de\/wp-json\/wp\/v2\/posts\/149571\/revisions"}],"predecessor-version":[{"id":149578,"href":"https:\/\/www.thebestsocial.media\/de\/wp-json\/wp\/v2\/posts\/149571\/revisions\/149578"}],"wp:featuredmedia":[{"embeddable":true,"href":"https:\/\/www.thebestsocial.media\/de\/wp-json\/wp\/v2\/media\/149577"}],"wp:attachment":[{"href":"https:\/\/www.thebestsocial.media\/de\/wp-json\/wp\/v2\/media?parent=149571"}],"wp:term":[{"taxonomy":"category","embeddable":true,"href":"https:\/\/www.thebestsocial.media\/de\/wp-json\/wp\/v2\/categories?post=149571"},{"taxonomy":"post_tag","embeddable":true,"href":"https:\/\/www.thebestsocial.media\/de\/wp-json\/wp\/v2\/tags?post=149571"}],"curies":[{"name":"wp","href":"https:\/\/api.w.org\/{rel}","templated":true}]}}