{"id":149370,"date":"2021-08-24T09:21:52","date_gmt":"2021-08-24T09:21:52","guid":{"rendered":"https:\/\/www.thebestsocial.media\/de\/?p=149370"},"modified":"2021-08-24T09:36:48","modified_gmt":"2021-08-24T09:36:48","slug":"hart-aber-fair-klima-aktivistin-laesst-csu-politiker-in-talkshow-alt-aussehen","status":"publish","type":"post","link":"https:\/\/www.thebestsocial.media\/de\/hart-aber-fair-klima-aktivistin-laesst-csu-politiker-in-talkshow-alt-aussehen\/","title":{"rendered":"&#8222;Hart aber fair&#8220;: Klima-Aktivistin l\u00e4sst CSU-Politiker in Talkshow alt aussehen"},"content":{"rendered":"<p>Gestern Abend wurde es politisch im Ersten: Zun\u00e4chst wurde in einer Doku ein Fazit nach 16 Jahren Merkel gezogen, sp\u00e4ter ging man der Frage nach, was Erstw\u00e4hler besch\u00e4ftigt, und dazwischen diskutierte man bei &#8222;hart aber fair&#8220; \u00fcber das Klima &#8211; eines jener Themen, das eben viele junge Menschen besch\u00e4ftigt. Zu Gast in der Talksendung waren Umweltministerin Svenja Schulze, CSU-Generalsekret\u00e4r Markus Blume, Gr\u00fcnen-Politiker Cem \u00d6zdemir, der Wirtschaftswissenschaftler Michael H\u00fcther und <a href=\"https:\/\/www.thebestsocial.media\/de\/anne-will-neubauer-laschet\/\" rel=\"noopener\" target=\"_blank\">Fridays for Future-Aktivistin<\/a> Pauline Br\u00fcnger. <\/p>\n<p>&nbsp;<br \/>\n<strong>F\u00fcr Br\u00fcnger war es der erste Talkshow-Auftritt. Doch sie zeigte schnell, dass man mit n\u00fcchtern vorgetragenen Fakten das ganze Politiker- und Talkshow-Blabla ziemlich alt aussehen lassen kann.<\/strong><\/p>\n<div class=\"dbsm-oembed\">\n<blockquote class=\"twitter-tweet\" data-width=\"500\" data-dnt=\"true\">\n<p lang=\"de\" dir=\"ltr\">Ich sitze morgen das erste Mal bei <a href=\"https:\/\/twitter.com\/hartaberfair?ref_src=twsrc%5Etfw\">@hartaberfair<\/a> &#8211; und damit auch generell in einer gro\u00dfen Talkshow. Es geht um die Klimakrise, die Bundestagswahl und alles drum herum. Habt ihr noch etwas, das ich mitnehmen soll? Freue mich \u00fcber jeden Input.<\/p>\n<p>&mdash; Pauline Br\u00fcnger (@PaulineBruenger) <a href=\"https:\/\/twitter.com\/PaulineBruenger\/status\/1429454325194141703?ref_src=twsrc%5Etfw\">August 22, 2021<\/a><\/p><\/blockquote>\n<p><script async src=\"https:\/\/platform.twitter.com\/widgets.js\" charset=\"utf-8\"><\/script><\/div>\n<p>&nbsp;<br \/>\n<strong>Wie zu erwarten war, bot vor allem das Duell Br\u00fcnger und Blume reichlich Konfliktpotenzial. Dieser nannte das Klimaschutz-Engagement radikal, was die Studentin geschickt zu kontern wusste.<\/strong><\/p>\n<div class=\"dbsm-oembed\">\n<blockquote class=\"twitter-tweet\" data-width=\"500\" data-dnt=\"true\">\n<p lang=\"de\" dir=\"ltr\">\u201eWen Sie das radikal nennen ,dass ich mich darum sorge wie ich noch lange gut auf dieser Welt leben kann, dann k\u00f6nnen Sie das gern so nennen.\u201c <a href=\"https:\/\/twitter.com\/PaulineBruenger?ref_src=twsrc%5Etfw\">@PaulineBruenger<\/a> bei <a href=\"https:\/\/twitter.com\/hashtag\/hartaberfair?src=hash&amp;ref_src=twsrc%5Etfw\">#hartaberfair<\/a> <a href=\"https:\/\/t.co\/s9keove1Kg\">pic.twitter.com\/s9keove1Kg<\/a><\/p>\n<p>&mdash; Nurder Koch (@NurderK) <a href=\"https:\/\/twitter.com\/NurderK\/status\/1429892710471806984?ref_src=twsrc%5Etfw\">August 23, 2021<\/a><\/p><\/blockquote>\n<p><script async src=\"https:\/\/platform.twitter.com\/widgets.js\" charset=\"utf-8\"><\/script><\/div>\n<p>&nbsp;<br \/>\n<strong>Direkt mit ihrem ersten Statement zu Beginn der Sendung warf Br\u00fcnger der Politik &#8222;Unehrlichkeit&#8220; in Sachen Klimaschutz vor &#8211; womit sie nicht nur die Union ansprach, sondern auch Umweltministerin Schulze, deren Partei SPD viele Jahre Teil der Regierung war.<\/strong><\/p>\n<div class=\"dbsm-oembed\">\n<blockquote class=\"twitter-tweet\" data-width=\"500\" data-dnt=\"true\">\n<p lang=\"de\" dir=\"ltr\">Erstes Statment der FFF-Vertreterin: Schach Matt f\u00fcr die Politiker. In drei S\u00e4tzen. Danke! <a href=\"https:\/\/twitter.com\/hashtag\/hartaberfair?src=hash&amp;ref_src=twsrc%5Etfw\">#hartaberfair<\/a><\/p>\n<p>&mdash; Marcus Mittermeier\ud83d\ude18 (@MMittermeier) <a href=\"https:\/\/twitter.com\/MMittermeier\/status\/1429883135672651783?ref_src=twsrc%5Etfw\">August 23, 2021<\/a><\/p><\/blockquote>\n<p><script async src=\"https:\/\/platform.twitter.com\/widgets.js\" charset=\"utf-8\"><\/script><\/div>\n<div class=\"dbsm-oembed\">\n<blockquote class=\"twitter-tweet\" data-width=\"500\" data-dnt=\"true\">\n<p lang=\"de\" dir=\"ltr\">Bei <a href=\"https:\/\/twitter.com\/hartaberfair?ref_src=twsrc%5Etfw\">@hartaberfair<\/a> kritisiert <a href=\"https:\/\/twitter.com\/PaulineBruenger?ref_src=twsrc%5Etfw\">@PaulineBruenger<\/a> von <a href=\"https:\/\/twitter.com\/FridayForFuture?ref_src=twsrc%5Etfw\">@FridayForFuture<\/a>, dass keine Partei ein Wahlprogramm vorgelegt hat, mit dem das 1,5-Grad-<a href=\"https:\/\/twitter.com\/hashtag\/Klimaschutz?src=hash&amp;ref_src=twsrc%5Etfw\">#Klimaschutz<\/a>-Ziel einzuhalten ist. Es ist traurig. Aber aus Sicht der Wissenschaft ist diese Aussage leider korrekt.<a href=\"https:\/\/twitter.com\/hashtag\/Scientists4Future?src=hash&amp;ref_src=twsrc%5Etfw\">#Scientists4Future<\/a><\/p>\n<p>&mdash; Volker Quaschning (@VQuaschning) <a href=\"https:\/\/twitter.com\/VQuaschning\/status\/1429901786668834817?ref_src=twsrc%5Etfw\">August 23, 2021<\/a><\/p><\/blockquote>\n<p><script async src=\"https:\/\/platform.twitter.com\/widgets.js\" charset=\"utf-8\"><\/script><\/div>\n<div class=\"dbsm-oembed\">\n<blockquote class=\"twitter-tweet\" data-width=\"500\" data-dnt=\"true\">\n<p lang=\"de\" dir=\"ltr\">FFF hat echt viele starke und kompetente junge Menschen die die Altpolitiker alle komplett inhaltlich, argumentativ und sogar rhetorisch an die Wand reden k\u00f6nnen\ud83d\udc4d<a href=\"https:\/\/twitter.com\/hashtag\/hartaberfair?src=hash&amp;ref_src=twsrc%5Etfw\">#hartaberfair<\/a><\/p>\n<p>&mdash; Herbert Wolf (@HWoelfchen) <a href=\"https:\/\/twitter.com\/HWoelfchen\/status\/1429886084293484544?ref_src=twsrc%5Etfw\">August 23, 2021<\/a><\/p><\/blockquote>\n<p><script async src=\"https:\/\/platform.twitter.com\/widgets.js\" charset=\"utf-8\"><\/script><\/div>\n<p>&nbsp;<br \/>\n<strong>Blume sprach einmal mehr davon, was der Klimaschutz kosten solle. Br\u00fcngler f\u00fchrte ihn argumentativ vor, indem sie anmerkte, dass gewisse Ma\u00dfnahmen &#8211; wie z.B. ein Tempolimit &#8211; \u00e4u\u00dferst kosteng\u00fcnstig sind.<\/strong><\/p>\n<div class=\"dbsm-oembed\">\n<blockquote class=\"twitter-tweet\" data-width=\"500\" data-dnt=\"true\">\n<p lang=\"de\" dir=\"ltr\">Frau <a href=\"https:\/\/twitter.com\/PaulineBruenger?ref_src=twsrc%5Etfw\">@PaulineBruenger<\/a> setzt <a href=\"https:\/\/twitter.com\/MarkusBlume?ref_src=twsrc%5Etfw\">@MarkusBlume<\/a> Schachmatt.<a href=\"https:\/\/twitter.com\/hashtag\/hartaberfair?src=hash&amp;ref_src=twsrc%5Etfw\">#hartaberfair<\/a> <a href=\"https:\/\/t.co\/5q3dwbxgVK\">pic.twitter.com\/5q3dwbxgVK<\/a><\/p>\n<p>&mdash; Nurder Koch (@NurderK) <a href=\"https:\/\/twitter.com\/NurderK\/status\/1429906434377015298?ref_src=twsrc%5Etfw\">August 23, 2021<\/a><\/p><\/blockquote>\n<p><script async src=\"https:\/\/platform.twitter.com\/widgets.js\" charset=\"utf-8\"><\/script><\/div>\n<div class=\"dbsm-oembed\">\n<blockquote class=\"twitter-tweet\" data-width=\"500\" data-dnt=\"true\">\n<p lang=\"de\" dir=\"ltr\">Wieso fragen eigentlich alle die 19-j\u00e4hrige im der Runde, ob sie lieber einen Schuldenberg oder ein zerst\u00f6rtes Klima h\u00e4tte? Keiner wei\u00df so recht, wo man das Geld herbekommen soll. R\u00e4usper* Wir bezahlen \u20ac 57 Milliarden f\u00fcr umweltsch\u00e4dliche Subventionen\u2026 jedes Jahr. <a href=\"https:\/\/twitter.com\/hashtag\/hartaberfair?src=hash&amp;ref_src=twsrc%5Etfw\">#hartaberfair<\/a> <a href=\"https:\/\/t.co\/OzpvNdWJnP\">pic.twitter.com\/OzpvNdWJnP<\/a><\/p>\n<p>&mdash; Michael Flammer #KlimaVor8 (@Jumpsteady) <a href=\"https:\/\/twitter.com\/Jumpsteady\/status\/1429895370071547909?ref_src=twsrc%5Etfw\">August 23, 2021<\/a><\/p><\/blockquote>\n<p><script async src=\"https:\/\/platform.twitter.com\/widgets.js\" charset=\"utf-8\"><\/script><\/div>\n<p>&nbsp;<br \/>\n<strong>Manche Herren zeigten aber nicht nur argumentative Schw\u00e4chen &#8230;<\/strong><\/p>\n<div class=\"dbsm-oembed\">\n<blockquote class=\"twitter-tweet\" data-width=\"500\" data-dnt=\"true\">\n<p lang=\"de\" dir=\"ltr\">Warum glauben alte M\u00e4nner in solchen Runden eigentlich immer, sie d\u00fcrfen junge Frauen nach belieben unterbrechen? <a href=\"https:\/\/twitter.com\/hashtag\/hartaberfair?src=hash&amp;ref_src=twsrc%5Etfw\">#hartaberfair<\/a><\/p>\n<p>&mdash; J\u00fcrgen D\u00f6schner (@jdoeschner) <a href=\"https:\/\/twitter.com\/jdoeschner\/status\/1429889400104792072?ref_src=twsrc%5Etfw\">August 23, 2021<\/a><\/p><\/blockquote>\n<p><script async src=\"https:\/\/platform.twitter.com\/widgets.js\" charset=\"utf-8\"><\/script><\/div>\n<p>https:\/\/twitter.com\/NickHeubeck\/status\/1429924407947022338<\/p>\n<p>&nbsp;<br \/>\n<strong>Pauline Br\u00fcnger und Fridays for Future konnten mit dem Auftritt bei &#8222;hart aber fair&#8220; offensichtlich zufrieden sein.<\/strong><\/p>\n<div class=\"dbsm-oembed\">\n<blockquote class=\"twitter-tweet\" data-width=\"500\" data-dnt=\"true\">\n<p lang=\"de\" dir=\"ltr\">&quot;Wenn wir etwas aus 2 Jahren Klimastreik gelernt haben, dann dass ohne uns in der Klimapolitik nichts vorangeht!&quot; &#8211; <a href=\"https:\/\/twitter.com\/PaulineBruenger?ref_src=twsrc%5Etfw\">@PaulineBruenger<\/a> bei <a href=\"https:\/\/twitter.com\/hashtag\/hartaberfair?src=hash&amp;ref_src=twsrc%5Etfw\">#hartaberfair<\/a> <\/p>\n<p>Komm auch DU deshalb am 24.09. mit auf die Stra\u00dfe! \u270a\ud83d\udc9a <a href=\"https:\/\/twitter.com\/hashtag\/AlleF%C3%BCrsKlima?src=hash&amp;ref_src=twsrc%5Etfw\">#AlleF\u00fcrsKlima<\/a><\/p>\n<p>&mdash; Fridays for Future Germany (@FridayForFuture) <a href=\"https:\/\/twitter.com\/FridayForFuture\/status\/1429902039451045888?ref_src=twsrc%5Etfw\">August 23, 2021<\/a><\/p><\/blockquote>\n<p><script async src=\"https:\/\/platform.twitter.com\/widgets.js\" charset=\"utf-8\"><\/script><\/div>\n<p>&nbsp;<\/p>\n<p>&#8212;<br \/>\nVielen Dank an alle f\u00fcr die Posts.<br \/>\n&#8212;<br \/>\n<strong>Keine Influencer! Kein Foodporn! Nur ganz viel Spa\u00df &#8211; bei uns auf Instagram:<\/strong><\/p>\n<blockquote class=\"instagram-media\" data-instgrm-captioned data-instgrm-permalink=\"https:\/\/www.instagram.com\/p\/CS1KWLFNf3E\/?utm_source=ig_embed&amp;utm_campaign=loading\" data-instgrm-version=\"13\" style=\" background:#FFF; border:0; border-radius:3px; box-shadow:0 0 1px 0 rgba(0,0,0,0.5),0 1px 10px 0 rgba(0,0,0,0.15); margin: 1px; max-width:540px; min-width:326px; padding:0; width:99.375%; width:-webkit-calc(100% - 2px); width:calc(100% - 2px);\">\n<div style=\"padding:16px;\"> <a href=\"https:\/\/www.instagram.com\/p\/CS1KWLFNf3E\/?utm_source=ig_embed&amp;utm_campaign=loading\" style=\" background:#FFFFFF; line-height:0; padding:0 0; text-align:center; text-decoration:none; width:100%;\" target=\"_blank\" rel=\"noopener\"> <\/p>\n<div style=\" display: flex; flex-direction: row; align-items: center;\">\n<div style=\"background-color: #F4F4F4; border-radius: 50%; flex-grow: 0; height: 40px; margin-right: 14px; width: 40px;\"><\/div>\n<div style=\"display: flex; flex-direction: column; flex-grow: 1; justify-content: center;\">\n<div style=\" background-color: #F4F4F4; border-radius: 4px; flex-grow: 0; height: 14px; margin-bottom: 6px; width: 100px;\"><\/div>\n<div style=\" background-color: #F4F4F4; border-radius: 4px; flex-grow: 0; height: 14px; width: 60px;\"><\/div>\n<\/div>\n<\/div>\n<div style=\"padding: 19% 0;\"><\/div>\n<div style=\"display:block; height:50px; margin:0 auto 12px; width:50px;\"><svg width=\"50px\" height=\"50px\" viewBox=\"0 0 60 60\" version=\"1.1\" xmlns=\"https:\/\/www.w3.org\/2000\/svg\" xmlns:xlink=\"https:\/\/www.w3.org\/1999\/xlink\"><g stroke=\"none\" stroke-width=\"1\" fill=\"none\" fill-rule=\"evenodd\"><g transform=\"translate(-511.000000, -20.000000)\" fill=\"#000000\"><g><path d=\"M556.869,30.41 C554.814,30.41 553.148,32.076 553.148,34.131 C553.148,36.186 554.814,37.852 556.869,37.852 C558.924,37.852 560.59,36.186 560.59,34.131 C560.59,32.076 558.924,30.41 556.869,30.41 M541,60.657 C535.114,60.657 530.342,55.887 530.342,50 C530.342,44.114 535.114,39.342 541,39.342 C546.887,39.342 551.658,44.114 551.658,50 C551.658,55.887 546.887,60.657 541,60.657 M541,33.886 C532.1,33.886 524.886,41.1 524.886,50 C524.886,58.899 532.1,66.113 541,66.113 C549.9,66.113 557.115,58.899 557.115,50 C557.115,41.1 549.9,33.886 541,33.886 M565.378,62.101 C565.244,65.022 564.756,66.606 564.346,67.663 C563.803,69.06 563.154,70.057 562.106,71.106 C561.058,72.155 560.06,72.803 558.662,73.347 C557.607,73.757 556.021,74.244 553.102,74.378 C549.944,74.521 548.997,74.552 541,74.552 C533.003,74.552 532.056,74.521 528.898,74.378 C525.979,74.244 524.393,73.757 523.338,73.347 C521.94,72.803 520.942,72.155 519.894,71.106 C518.846,70.057 518.197,69.06 517.654,67.663 C517.244,66.606 516.755,65.022 516.623,62.101 C516.479,58.943 516.448,57.996 516.448,50 C516.448,42.003 516.479,41.056 516.623,37.899 C516.755,34.978 517.244,33.391 517.654,32.338 C518.197,30.938 518.846,29.942 519.894,28.894 C520.942,27.846 521.94,27.196 523.338,26.654 C524.393,26.244 525.979,25.756 528.898,25.623 C532.057,25.479 533.004,25.448 541,25.448 C548.997,25.448 549.943,25.479 553.102,25.623 C556.021,25.756 557.607,26.244 558.662,26.654 C560.06,27.196 561.058,27.846 562.106,28.894 C563.154,29.942 563.803,30.938 564.346,32.338 C564.756,33.391 565.244,34.978 565.378,37.899 C565.522,41.056 565.552,42.003 565.552,50 C565.552,57.996 565.522,58.943 565.378,62.101 M570.82,37.631 C570.674,34.438 570.167,32.258 569.425,30.349 C568.659,28.377 567.633,26.702 565.965,25.035 C564.297,23.368 562.623,22.342 560.652,21.575 C558.743,20.834 556.562,20.326 553.369,20.18 C550.169,20.033 549.148,20 541,20 C532.853,20 531.831,20.033 528.631,20.18 C525.438,20.326 523.257,20.834 521.349,21.575 C519.376,22.342 517.703,23.368 516.035,25.035 C514.368,26.702 513.342,28.377 512.574,30.349 C511.834,32.258 511.326,34.438 511.181,37.631 C511.035,40.831 511,41.851 511,50 C511,58.147 511.035,59.17 511.181,62.369 C511.326,65.562 511.834,67.743 512.574,69.651 C513.342,71.625 514.368,73.296 516.035,74.965 C517.703,76.634 519.376,77.658 521.349,78.425 C523.257,79.167 525.438,79.673 528.631,79.82 C531.831,79.965 532.853,80.001 541,80.001 C549.148,80.001 550.169,79.965 553.369,79.82 C556.562,79.673 558.743,79.167 560.652,78.425 C562.623,77.658 564.297,76.634 565.965,74.965 C567.633,73.296 568.659,71.625 569.425,69.651 C570.167,67.743 570.674,65.562 570.82,62.369 C570.966,59.17 571,58.147 571,50 C571,41.851 570.966,40.831 570.82,37.631\"><\/path><\/g><\/g><\/g><\/svg><\/div>\n<div style=\"padding-top: 8px;\">\n<div style=\" color:#3897f0; font-family:Arial,sans-serif; font-size:14px; font-style:normal; font-weight:550; line-height:18px;\"> Sieh dir diesen Beitrag auf Instagram an<\/div>\n<\/div>\n<div style=\"padding: 12.5% 0;\"><\/div>\n<div style=\"display: flex; flex-direction: row; margin-bottom: 14px; align-items: center;\">\n<div>\n<div style=\"background-color: #F4F4F4; border-radius: 50%; height: 12.5px; width: 12.5px; transform: translateX(0px) translateY(7px);\"><\/div>\n<div style=\"background-color: #F4F4F4; height: 12.5px; transform: rotate(-45deg) translateX(3px) translateY(1px); width: 12.5px; flex-grow: 0; margin-right: 14px; margin-left: 2px;\"><\/div>\n<div style=\"background-color: #F4F4F4; border-radius: 50%; height: 12.5px; width: 12.5px; transform: translateX(9px) translateY(-18px);\"><\/div>\n<\/div>\n<div style=\"margin-left: 8px;\">\n<div style=\" background-color: #F4F4F4; border-radius: 50%; flex-grow: 0; height: 20px; width: 20px;\"><\/div>\n<div style=\" width: 0; height: 0; border-top: 2px solid transparent; border-left: 6px solid #f4f4f4; border-bottom: 2px solid transparent; transform: translateX(16px) translateY(-4px) rotate(30deg)\"><\/div>\n<\/div>\n<div style=\"margin-left: auto;\">\n<div style=\" width: 0px; border-top: 8px solid #F4F4F4; border-right: 8px solid transparent; transform: translateY(16px);\"><\/div>\n<div style=\" background-color: #F4F4F4; flex-grow: 0; height: 12px; width: 16px; transform: translateY(-4px);\"><\/div>\n<div style=\" width: 0; height: 0; border-top: 8px solid #F4F4F4; border-left: 8px solid transparent; transform: translateY(-4px) translateX(8px);\"><\/div>\n<\/div>\n<\/div>\n<div style=\"display: flex; flex-direction: column; flex-grow: 1; justify-content: center; margin-bottom: 24px;\">\n<div style=\" background-color: #F4F4F4; border-radius: 4px; flex-grow: 0; height: 14px; margin-bottom: 6px; width: 224px;\"><\/div>\n<div style=\" background-color: #F4F4F4; border-radius: 4px; flex-grow: 0; height: 14px; width: 144px;\"><\/div>\n<\/div>\n<p><\/a><\/p>\n<p style=\" color:#c9c8cd; font-family:Arial,sans-serif; font-size:14px; line-height:17px; margin-bottom:0; margin-top:8px; overflow:hidden; padding:8px 0 7px; text-align:center; text-overflow:ellipsis; white-space:nowrap;\"><a href=\"https:\/\/www.instagram.com\/p\/CS1KWLFNf3E\/?utm_source=ig_embed&amp;utm_campaign=loading\" style=\" color:#c9c8cd; font-family:Arial,sans-serif; font-size:14px; font-style:normal; font-weight:normal; line-height:17px; text-decoration:none;\" target=\"_blank\" rel=\"noopener\">Ein Beitrag geteilt von The Best Social Media &#8211; DE (@thebestsocialmediade)<\/a><\/p>\n<\/div>\n<\/blockquote>\n\n<script async defer src=\"\/instagram-embed.js\"><\/script>","protected":false},"excerpt":{"rendered":"<p>Gestern Abend wurde es politisch im Ersten: Zun\u00e4chst wurde in einer Doku ein Fazit nach 16 Jahren Merkel gezogen, sp\u00e4ter ging man der Frage nach,&#8230;<\/p>\n","protected":false},"author":72,"featured_media":149378,"comment_status":"open","ping_status":"open","sticky":false,"template":"","format":"standard","meta":{"_acf_changed":false,"footnotes":""},"categories":[35],"tags":[4583,3984],"class_list":["post-149370","post","type-post","status-publish","format-standard","has-post-thumbnail","hentry","category-twitter","tag-fridays-for-future","tag-hart-aber-fair"],"acf":[],"yoast_head":"<!-- This site is optimized with the Yoast SEO plugin v27.5 - https:\/\/yoast.com\/product\/yoast-seo-wordpress\/ -->\n<title>&quot;Hart aber fair&quot;: Klima-Aktivistin l\u00e4sst CSU-Mann in Talkshow alt aussehen<\/title>\n<meta name=\"description\" content=\"In der gestrigen Sendung &quot;hart aber fair&quot; lie\u00df die Fridays for Future-Aktivistin Pauline Br\u00fcnger den CSU-Politiker Markus Blume recht alt aussehen.\" \/>\n<meta name=\"robots\" content=\"index, follow, max-snippet:-1, max-image-preview:large, max-video-preview:-1\" \/>\n<link rel=\"canonical\" href=\"https:\/\/www.thebestsocial.media\/de\/hart-aber-fair-klima-aktivistin-laesst-csu-politiker-in-talkshow-alt-aussehen\/\" \/>\n<meta property=\"og:locale\" content=\"de_DE\" \/>\n<meta property=\"og:type\" content=\"article\" \/>\n<meta property=\"og:title\" content=\"&quot;Hart aber fair&quot;: Klima-Aktivistin l\u00e4sst CSU-Politiker in Talkshow alt aussehen\" \/>\n<meta property=\"og:description\" content=\"In der gestrigen Sendung &quot;hart aber fair&quot; lie\u00df die Fridays for Future-Aktivistin Pauline Br\u00fcnger den CSU-Politiker Markus Blume recht alt aussehen.\" \/>\n<meta property=\"og:url\" content=\"https:\/\/www.thebestsocial.media\/de\/hart-aber-fair-klima-aktivistin-laesst-csu-politiker-in-talkshow-alt-aussehen\/\" \/>\n<meta property=\"og:site_name\" content=\"The Best Social Media DE\" \/>\n<meta property=\"article:published_time\" content=\"2021-08-24T09:21:52+00:00\" \/>\n<meta property=\"article:modified_time\" content=\"2021-08-24T09:36:48+00:00\" \/>\n<meta property=\"og:image\" content=\"https:\/\/www.thebestsocial.media\/de\/wp-content\/uploads\/sites\/3\/2021\/08\/haf-fb.png\" \/>\n\t<meta property=\"og:image:width\" content=\"1200\" \/>\n\t<meta property=\"og:image:height\" content=\"630\" \/>\n\t<meta property=\"og:image:type\" content=\"image\/png\" \/>\n<meta name=\"author\" content=\"Benny\" \/>\n<meta name=\"twitter:card\" content=\"summary_large_image\" \/>\n<meta name=\"twitter:label1\" content=\"Verfasst von\" \/>\n\t<meta name=\"twitter:data1\" content=\"Benny\" \/>\n\t<meta name=\"twitter:label2\" content=\"Gesch\u00e4tzte Lesezeit\" \/>\n\t<meta name=\"twitter:data2\" content=\"1\u00a0Minute\" \/>\n<script type=\"application\/ld+json\" class=\"yoast-schema-graph\">{\"@context\":\"https:\\\/\\\/schema.org\",\"@graph\":[{\"@type\":\"Article\",\"@id\":\"https:\\\/\\\/www.thebestsocial.media\\\/de\\\/hart-aber-fair-klima-aktivistin-laesst-csu-politiker-in-talkshow-alt-aussehen\\\/#article\",\"isPartOf\":{\"@id\":\"https:\\\/\\\/www.thebestsocial.media\\\/de\\\/hart-aber-fair-klima-aktivistin-laesst-csu-politiker-in-talkshow-alt-aussehen\\\/\"},\"author\":{\"name\":\"Benny\",\"@id\":\"https:\\\/\\\/www.thebestsocial.media\\\/de\\\/#\\\/schema\\\/person\\\/212fdd48880db42a484e589e4e27871b\"},\"headline\":\"&#8222;Hart aber fair&#8220;: Klima-Aktivistin l\u00e4sst CSU-Politiker in Talkshow alt aussehen\",\"datePublished\":\"2021-08-24T09:21:52+00:00\",\"dateModified\":\"2021-08-24T09:36:48+00:00\",\"mainEntityOfPage\":{\"@id\":\"https:\\\/\\\/www.thebestsocial.media\\\/de\\\/hart-aber-fair-klima-aktivistin-laesst-csu-politiker-in-talkshow-alt-aussehen\\\/\"},\"wordCount\":351,\"commentCount\":0,\"image\":{\"@id\":\"https:\\\/\\\/www.thebestsocial.media\\\/de\\\/hart-aber-fair-klima-aktivistin-laesst-csu-politiker-in-talkshow-alt-aussehen\\\/#primaryimage\"},\"thumbnailUrl\":\"https:\\\/\\\/www.thebestsocial.media\\\/de\\\/wp-content\\\/uploads\\\/sites\\\/3\\\/2021\\\/08\\\/haf-th.png\",\"keywords\":[\"Fridays for Future\",\"Hart aber Fair\"],\"articleSection\":[\"Twitter\"],\"inLanguage\":\"de\",\"potentialAction\":[{\"@type\":\"CommentAction\",\"name\":\"Comment\",\"target\":[\"https:\\\/\\\/www.thebestsocial.media\\\/de\\\/hart-aber-fair-klima-aktivistin-laesst-csu-politiker-in-talkshow-alt-aussehen\\\/#respond\"]}]},{\"@type\":\"WebPage\",\"@id\":\"https:\\\/\\\/www.thebestsocial.media\\\/de\\\/hart-aber-fair-klima-aktivistin-laesst-csu-politiker-in-talkshow-alt-aussehen\\\/\",\"url\":\"https:\\\/\\\/www.thebestsocial.media\\\/de\\\/hart-aber-fair-klima-aktivistin-laesst-csu-politiker-in-talkshow-alt-aussehen\\\/\",\"name\":\"\\\"Hart aber fair\\\": Klima-Aktivistin l\u00e4sst CSU-Mann in Talkshow alt aussehen\",\"isPartOf\":{\"@id\":\"https:\\\/\\\/www.thebestsocial.media\\\/de\\\/#website\"},\"primaryImageOfPage\":{\"@id\":\"https:\\\/\\\/www.thebestsocial.media\\\/de\\\/hart-aber-fair-klima-aktivistin-laesst-csu-politiker-in-talkshow-alt-aussehen\\\/#primaryimage\"},\"image\":{\"@id\":\"https:\\\/\\\/www.thebestsocial.media\\\/de\\\/hart-aber-fair-klima-aktivistin-laesst-csu-politiker-in-talkshow-alt-aussehen\\\/#primaryimage\"},\"thumbnailUrl\":\"https:\\\/\\\/www.thebestsocial.media\\\/de\\\/wp-content\\\/uploads\\\/sites\\\/3\\\/2021\\\/08\\\/haf-th.png\",\"datePublished\":\"2021-08-24T09:21:52+00:00\",\"dateModified\":\"2021-08-24T09:36:48+00:00\",\"author\":{\"@id\":\"https:\\\/\\\/www.thebestsocial.media\\\/de\\\/#\\\/schema\\\/person\\\/212fdd48880db42a484e589e4e27871b\"},\"description\":\"In der gestrigen Sendung \\\"hart aber fair\\\" lie\u00df die Fridays for Future-Aktivistin Pauline Br\u00fcnger den CSU-Politiker Markus Blume recht alt aussehen.\",\"breadcrumb\":{\"@id\":\"https:\\\/\\\/www.thebestsocial.media\\\/de\\\/hart-aber-fair-klima-aktivistin-laesst-csu-politiker-in-talkshow-alt-aussehen\\\/#breadcrumb\"},\"inLanguage\":\"de\",\"potentialAction\":[{\"@type\":\"ReadAction\",\"target\":[\"https:\\\/\\\/www.thebestsocial.media\\\/de\\\/hart-aber-fair-klima-aktivistin-laesst-csu-politiker-in-talkshow-alt-aussehen\\\/\"]}]},{\"@type\":\"ImageObject\",\"inLanguage\":\"de\",\"@id\":\"https:\\\/\\\/www.thebestsocial.media\\\/de\\\/hart-aber-fair-klima-aktivistin-laesst-csu-politiker-in-talkshow-alt-aussehen\\\/#primaryimage\",\"url\":\"https:\\\/\\\/www.thebestsocial.media\\\/de\\\/wp-content\\\/uploads\\\/sites\\\/3\\\/2021\\\/08\\\/haf-th.png\",\"contentUrl\":\"https:\\\/\\\/www.thebestsocial.media\\\/de\\\/wp-content\\\/uploads\\\/sites\\\/3\\\/2021\\\/08\\\/haf-th.png\",\"width\":1200,\"height\":630},{\"@type\":\"BreadcrumbList\",\"@id\":\"https:\\\/\\\/www.thebestsocial.media\\\/de\\\/hart-aber-fair-klima-aktivistin-laesst-csu-politiker-in-talkshow-alt-aussehen\\\/#breadcrumb\",\"itemListElement\":[{\"@type\":\"ListItem\",\"position\":1,\"name\":\"Home\",\"item\":\"https:\\\/\\\/www.thebestsocial.media\\\/de\\\/\"},{\"@type\":\"ListItem\",\"position\":2,\"name\":\"&#8222;Hart aber fair&#8220;: Klima-Aktivistin l\u00e4sst CSU-Politiker in Talkshow alt aussehen\"}]},{\"@type\":\"WebSite\",\"@id\":\"https:\\\/\\\/www.thebestsocial.media\\\/de\\\/#website\",\"url\":\"https:\\\/\\\/www.thebestsocial.media\\\/de\\\/\",\"name\":\"The Best Social Media DE\",\"description\":\"\",\"potentialAction\":[{\"@type\":\"SearchAction\",\"target\":{\"@type\":\"EntryPoint\",\"urlTemplate\":\"https:\\\/\\\/www.thebestsocial.media\\\/de\\\/?s={search_term_string}\"},\"query-input\":{\"@type\":\"PropertyValueSpecification\",\"valueRequired\":true,\"valueName\":\"search_term_string\"}}],\"inLanguage\":\"de\"},{\"@type\":\"Person\",\"@id\":\"https:\\\/\\\/www.thebestsocial.media\\\/de\\\/#\\\/schema\\\/person\\\/212fdd48880db42a484e589e4e27871b\",\"name\":\"Benny\",\"image\":{\"@type\":\"ImageObject\",\"inLanguage\":\"de\",\"@id\":\"https:\\\/\\\/secure.gravatar.com\\\/avatar\\\/559f54fceb59ac8654d5ca40291d2ab87f2a9d79e48e8e3c19582477cde950bf?s=96&d=mm&r=g\",\"url\":\"https:\\\/\\\/secure.gravatar.com\\\/avatar\\\/559f54fceb59ac8654d5ca40291d2ab87f2a9d79e48e8e3c19582477cde950bf?s=96&d=mm&r=g\",\"contentUrl\":\"https:\\\/\\\/secure.gravatar.com\\\/avatar\\\/559f54fceb59ac8654d5ca40291d2ab87f2a9d79e48e8e3c19582477cde950bf?s=96&d=mm&r=g\",\"caption\":\"Benny\"},\"url\":\"https:\\\/\\\/www.thebestsocial.media\\\/de\\\/author\\\/bennykrueger\\\/\"}]}<\/script>\n<!-- \/ Yoast SEO plugin. -->","yoast_head_json":{"title":"\"Hart aber fair\": Klima-Aktivistin l\u00e4sst CSU-Mann in Talkshow alt aussehen","description":"In der gestrigen Sendung \"hart aber fair\" lie\u00df die Fridays for Future-Aktivistin Pauline Br\u00fcnger den CSU-Politiker Markus Blume recht alt aussehen.","robots":{"index":"index","follow":"follow","max-snippet":"max-snippet:-1","max-image-preview":"max-image-preview:large","max-video-preview":"max-video-preview:-1"},"canonical":"https:\/\/www.thebestsocial.media\/de\/hart-aber-fair-klima-aktivistin-laesst-csu-politiker-in-talkshow-alt-aussehen\/","og_locale":"de_DE","og_type":"article","og_title":"\"Hart aber fair\": Klima-Aktivistin l\u00e4sst CSU-Politiker in Talkshow alt aussehen","og_description":"In der gestrigen Sendung \"hart aber fair\" lie\u00df die Fridays for Future-Aktivistin Pauline Br\u00fcnger den CSU-Politiker Markus Blume recht alt aussehen.","og_url":"https:\/\/www.thebestsocial.media\/de\/hart-aber-fair-klima-aktivistin-laesst-csu-politiker-in-talkshow-alt-aussehen\/","og_site_name":"The Best Social Media DE","article_published_time":"2021-08-24T09:21:52+00:00","article_modified_time":"2021-08-24T09:36:48+00:00","og_image":[{"width":1200,"height":630,"url":"https:\/\/www.thebestsocial.media\/de\/wp-content\/uploads\/sites\/3\/2021\/08\/haf-fb.png","type":"image\/png"}],"author":"Benny","twitter_card":"summary_large_image","twitter_misc":{"Verfasst von":"Benny","Gesch\u00e4tzte Lesezeit":"1\u00a0Minute"},"schema":{"@context":"https:\/\/schema.org","@graph":[{"@type":"Article","@id":"https:\/\/www.thebestsocial.media\/de\/hart-aber-fair-klima-aktivistin-laesst-csu-politiker-in-talkshow-alt-aussehen\/#article","isPartOf":{"@id":"https:\/\/www.thebestsocial.media\/de\/hart-aber-fair-klima-aktivistin-laesst-csu-politiker-in-talkshow-alt-aussehen\/"},"author":{"name":"Benny","@id":"https:\/\/www.thebestsocial.media\/de\/#\/schema\/person\/212fdd48880db42a484e589e4e27871b"},"headline":"&#8222;Hart aber fair&#8220;: Klima-Aktivistin l\u00e4sst CSU-Politiker in Talkshow alt aussehen","datePublished":"2021-08-24T09:21:52+00:00","dateModified":"2021-08-24T09:36:48+00:00","mainEntityOfPage":{"@id":"https:\/\/www.thebestsocial.media\/de\/hart-aber-fair-klima-aktivistin-laesst-csu-politiker-in-talkshow-alt-aussehen\/"},"wordCount":351,"commentCount":0,"image":{"@id":"https:\/\/www.thebestsocial.media\/de\/hart-aber-fair-klima-aktivistin-laesst-csu-politiker-in-talkshow-alt-aussehen\/#primaryimage"},"thumbnailUrl":"https:\/\/www.thebestsocial.media\/de\/wp-content\/uploads\/sites\/3\/2021\/08\/haf-th.png","keywords":["Fridays for Future","Hart aber Fair"],"articleSection":["Twitter"],"inLanguage":"de","potentialAction":[{"@type":"CommentAction","name":"Comment","target":["https:\/\/www.thebestsocial.media\/de\/hart-aber-fair-klima-aktivistin-laesst-csu-politiker-in-talkshow-alt-aussehen\/#respond"]}]},{"@type":"WebPage","@id":"https:\/\/www.thebestsocial.media\/de\/hart-aber-fair-klima-aktivistin-laesst-csu-politiker-in-talkshow-alt-aussehen\/","url":"https:\/\/www.thebestsocial.media\/de\/hart-aber-fair-klima-aktivistin-laesst-csu-politiker-in-talkshow-alt-aussehen\/","name":"\"Hart aber fair\": Klima-Aktivistin l\u00e4sst CSU-Mann in Talkshow alt aussehen","isPartOf":{"@id":"https:\/\/www.thebestsocial.media\/de\/#website"},"primaryImageOfPage":{"@id":"https:\/\/www.thebestsocial.media\/de\/hart-aber-fair-klima-aktivistin-laesst-csu-politiker-in-talkshow-alt-aussehen\/#primaryimage"},"image":{"@id":"https:\/\/www.thebestsocial.media\/de\/hart-aber-fair-klima-aktivistin-laesst-csu-politiker-in-talkshow-alt-aussehen\/#primaryimage"},"thumbnailUrl":"https:\/\/www.thebestsocial.media\/de\/wp-content\/uploads\/sites\/3\/2021\/08\/haf-th.png","datePublished":"2021-08-24T09:21:52+00:00","dateModified":"2021-08-24T09:36:48+00:00","author":{"@id":"https:\/\/www.thebestsocial.media\/de\/#\/schema\/person\/212fdd48880db42a484e589e4e27871b"},"description":"In der gestrigen Sendung \"hart aber fair\" lie\u00df die Fridays for Future-Aktivistin Pauline Br\u00fcnger den CSU-Politiker Markus Blume recht alt aussehen.","breadcrumb":{"@id":"https:\/\/www.thebestsocial.media\/de\/hart-aber-fair-klima-aktivistin-laesst-csu-politiker-in-talkshow-alt-aussehen\/#breadcrumb"},"inLanguage":"de","potentialAction":[{"@type":"ReadAction","target":["https:\/\/www.thebestsocial.media\/de\/hart-aber-fair-klima-aktivistin-laesst-csu-politiker-in-talkshow-alt-aussehen\/"]}]},{"@type":"ImageObject","inLanguage":"de","@id":"https:\/\/www.thebestsocial.media\/de\/hart-aber-fair-klima-aktivistin-laesst-csu-politiker-in-talkshow-alt-aussehen\/#primaryimage","url":"https:\/\/www.thebestsocial.media\/de\/wp-content\/uploads\/sites\/3\/2021\/08\/haf-th.png","contentUrl":"https:\/\/www.thebestsocial.media\/de\/wp-content\/uploads\/sites\/3\/2021\/08\/haf-th.png","width":1200,"height":630},{"@type":"BreadcrumbList","@id":"https:\/\/www.thebestsocial.media\/de\/hart-aber-fair-klima-aktivistin-laesst-csu-politiker-in-talkshow-alt-aussehen\/#breadcrumb","itemListElement":[{"@type":"ListItem","position":1,"name":"Home","item":"https:\/\/www.thebestsocial.media\/de\/"},{"@type":"ListItem","position":2,"name":"&#8222;Hart aber fair&#8220;: Klima-Aktivistin l\u00e4sst CSU-Politiker in Talkshow alt aussehen"}]},{"@type":"WebSite","@id":"https:\/\/www.thebestsocial.media\/de\/#website","url":"https:\/\/www.thebestsocial.media\/de\/","name":"The Best Social Media DE","description":"","potentialAction":[{"@type":"SearchAction","target":{"@type":"EntryPoint","urlTemplate":"https:\/\/www.thebestsocial.media\/de\/?s={search_term_string}"},"query-input":{"@type":"PropertyValueSpecification","valueRequired":true,"valueName":"search_term_string"}}],"inLanguage":"de"},{"@type":"Person","@id":"https:\/\/www.thebestsocial.media\/de\/#\/schema\/person\/212fdd48880db42a484e589e4e27871b","name":"Benny","image":{"@type":"ImageObject","inLanguage":"de","@id":"https:\/\/secure.gravatar.com\/avatar\/559f54fceb59ac8654d5ca40291d2ab87f2a9d79e48e8e3c19582477cde950bf?s=96&d=mm&r=g","url":"https:\/\/secure.gravatar.com\/avatar\/559f54fceb59ac8654d5ca40291d2ab87f2a9d79e48e8e3c19582477cde950bf?s=96&d=mm&r=g","contentUrl":"https:\/\/secure.gravatar.com\/avatar\/559f54fceb59ac8654d5ca40291d2ab87f2a9d79e48e8e3c19582477cde950bf?s=96&d=mm&r=g","caption":"Benny"},"url":"https:\/\/www.thebestsocial.media\/de\/author\/bennykrueger\/"}]}},"amp_enabled":true,"_links":{"self":[{"href":"https:\/\/www.thebestsocial.media\/de\/wp-json\/wp\/v2\/posts\/149370","targetHints":{"allow":["GET"]}}],"collection":[{"href":"https:\/\/www.thebestsocial.media\/de\/wp-json\/wp\/v2\/posts"}],"about":[{"href":"https:\/\/www.thebestsocial.media\/de\/wp-json\/wp\/v2\/types\/post"}],"author":[{"embeddable":true,"href":"https:\/\/www.thebestsocial.media\/de\/wp-json\/wp\/v2\/users\/72"}],"replies":[{"embeddable":true,"href":"https:\/\/www.thebestsocial.media\/de\/wp-json\/wp\/v2\/comments?post=149370"}],"version-history":[{"count":3,"href":"https:\/\/www.thebestsocial.media\/de\/wp-json\/wp\/v2\/posts\/149370\/revisions"}],"predecessor-version":[{"id":149385,"href":"https:\/\/www.thebestsocial.media\/de\/wp-json\/wp\/v2\/posts\/149370\/revisions\/149385"}],"wp:featuredmedia":[{"embeddable":true,"href":"https:\/\/www.thebestsocial.media\/de\/wp-json\/wp\/v2\/media\/149378"}],"wp:attachment":[{"href":"https:\/\/www.thebestsocial.media\/de\/wp-json\/wp\/v2\/media?parent=149370"}],"wp:term":[{"taxonomy":"category","embeddable":true,"href":"https:\/\/www.thebestsocial.media\/de\/wp-json\/wp\/v2\/categories?post=149370"},{"taxonomy":"post_tag","embeddable":true,"href":"https:\/\/www.thebestsocial.media\/de\/wp-json\/wp\/v2\/tags?post=149370"}],"curies":[{"name":"wp","href":"https:\/\/api.w.org\/{rel}","templated":true}]}}