{"id":149337,"date":"2021-08-23T14:30:32","date_gmt":"2021-08-23T14:30:32","guid":{"rendered":"https:\/\/www.thebestsocial.media\/de\/?p=149337"},"modified":"2022-09-01T15:04:19","modified_gmt":"2022-09-01T15:04:19","slug":"alter-ist-doch-auch-nur-eine-zahl-die-besten-tweets-zur-midlife-crisis","status":"publish","type":"post","link":"https:\/\/www.thebestsocial.media\/de\/alter-ist-doch-auch-nur-eine-zahl-die-besten-tweets-zur-midlife-crisis\/","title":{"rendered":"&#8222;Alter ist doch auch nur eine Zahl.&#8220; 11 Posts zur Midlife-Crisis"},"content":{"rendered":"<p>Sp\u00e4testens wenn in der Mittagspause auf den Websites diverser Motorradhersteller gesurft wird, und romatisierte Visionen von einem Ausbruch aus dem heimischen Alltagstrott die Gedanken beherrschen, m\u00fcssen sich die meisten Menschen eingestehen in einer Midlife-Crises zu stecken. Auf Twitter finden sich zahlreiche Beitr\u00e4ge zu diesem heiklen Lebensabschnitt:<\/p>\n<p>&nbsp;<br \/>\n<strong>1. Hauptsache der Hund ist .<\/strong><\/p>\n<div class=\"dbsm-oembed\">\n<blockquote class=\"twitter-tweet\" data-width=\"500\" data-dnt=\"true\">\n<p lang=\"de\" dir=\"ltr\">K1: Pubert\u00e4t<br \/>K2: Vorpubert\u00e4t<br \/>Der Mann: Midlifecrisis <\/p>\n<p>Und ich? Ich versuche einfach nur, zu \u00fcberleben und dabei allen irgendwie gerecht zu werden. <\/p>\n<p>*jongliert drei rohe Eier<\/p>\n<p>&mdash; Frau Blau \uea00 (@Frau_macht_blau) <a href=\"https:\/\/twitter.com\/Frau_macht_blau\/status\/1277833439601975296?ref_src=twsrc%5Etfw\">June 30, 2020<\/a><\/p><\/blockquote>\n<p><script async src=\"https:\/\/platform.twitter.com\/widgets.js\" charset=\"utf-8\"><\/script><\/div>\n<p>&nbsp;<br \/>\n<strong>2. Wenn Papa an den Kleiderschrank des Sohns geht.<\/strong><\/p>\n<div class=\"dbsm-oembed\">\n<blockquote class=\"twitter-tweet\" data-width=\"500\" data-dnt=\"true\">\n<p lang=\"de\" dir=\"ltr\">ich freue mich schon darauf diesen vibe zu haben wenn die midlife crisis kickt <a href=\"https:\/\/t.co\/GfYyuGmlnr\">pic.twitter.com\/GfYyuGmlnr<\/a><\/p>\n<p>&mdash; Cookie Eisermann (@kaay_royma) <a href=\"https:\/\/twitter.com\/kaay_royma\/status\/1388423129547091969?ref_src=twsrc%5Etfw\">May 1, 2021<\/a><\/p><\/blockquote>\n<p><script async src=\"https:\/\/platform.twitter.com\/widgets.js\" charset=\"utf-8\"><\/script><\/div>\n<p>&nbsp;<br \/>\n<strong>3. Kai scheint Gesicht der Midlife-Bewegung zu sein.<\/strong><\/p>\n<div class=\"dbsm-oembed\">\n<blockquote class=\"twitter-tweet\" data-width=\"500\" data-dnt=\"true\">\n<p lang=\"de\" dir=\"ltr\">Wenn wir gegen den Klimwandel so k\u00e4mpfen wie Kai Pflaume gegen die Midlife-Crisis, dann schaffen wir das!<\/p>\n<p>&mdash; Etienne Gard\u00e9 (@EtienneToGo) <a href=\"https:\/\/twitter.com\/EtienneToGo\/status\/1309857827679277058?ref_src=twsrc%5Etfw\">September 26, 2020<\/a><\/p><\/blockquote>\n<p><script async src=\"https:\/\/platform.twitter.com\/widgets.js\" charset=\"utf-8\"><\/script><\/div>\n<p>&nbsp;<br \/>\n<strong>4. Du hast Haare f\u00e4rben vergessen.<\/strong><\/p>\n<div class=\"dbsm-oembed\">\n<blockquote class=\"twitter-tweet\" data-width=\"500\" data-dnt=\"true\">\n<p lang=\"de\" dir=\"ltr\">Warte ungeduldig auf die Midlife Crisis. Will endlich Motorrad fahren und durchtrainiert sein.<\/p>\n<p>&mdash; Maori (@Maori) <a href=\"https:\/\/twitter.com\/Maori\/status\/1116979583805423616?ref_src=twsrc%5Etfw\">April 13, 2019<\/a><\/p><\/blockquote>\n<p><script async src=\"https:\/\/platform.twitter.com\/widgets.js\" charset=\"utf-8\"><\/script><\/div>\n<p>&nbsp;<br \/>\n<strong>5. Geld scheint nicht das Problem zu sein.<\/strong><\/p>\n<blockquote class=\"twitter-tweet\">\n<p lang=\"de\" dir=\"ltr\">Die Midlife Crisis des Mannes dauert jetzt schon 2 Kreiss\u00e4gen, 1 station\u00e4ren Bandschleifer, 1 Sandstrahlkabine, 1 Oberfr\u00e4se, diverse S\u00e4gen, mehrere Schrauber\/Bohrer und viel, viel Kleinger\u00e4t.<br \/>Ich warte eigentlich jeden Tag darauf, dass DHL Amboss, Hammer und Schmelzofen liefert.<\/p>\n<p>&mdash; Frau Unhold (@unholdemaid) <a href=\"https:\/\/twitter.com\/unholdemaid\/status\/1557021442692218882?ref_src=twsrc%5Etfw\">August 9, 2022<\/a><\/p><\/blockquote>\n<p> <script async src=\"https:\/\/platform.twitter.com\/widgets.js\" charset=\"utf-8\"><\/script><\/p>\n<p>&nbsp;<br \/>\n<strong>6. Noch mal ein Instrument lernen.<\/strong><\/p>\n<div class=\"dbsm-oembed\">\n<blockquote class=\"twitter-tweet\" data-width=\"500\" data-dnt=\"true\">\n<p lang=\"de\" dir=\"ltr\">Morgen kommt der Sommer nochmal zur\u00fcck. Das erinnert mich an das letzte Aufb\u00e4umen von M\u00e4nnern, die sich in der Midlife Crisis nochmal die Haare lang wachsen lassen, jeden Tag Sport machen, sich scheiden lassen, ach irgendwie bin ich vom Thema abgekommen. Jedenfalls freu ich mich.<\/p>\n<p>&mdash; Mille (@mille_kraft) <a href=\"https:\/\/twitter.com\/mille_kraft\/status\/1041555466252419072?ref_src=twsrc%5Etfw\">September 17, 2018<\/a><\/p><\/blockquote>\n<p><script async src=\"https:\/\/platform.twitter.com\/widgets.js\" charset=\"utf-8\"><\/script><\/div>\n<p>&nbsp;<br \/>\n<strong>7. Gerne auch Schulkinder \u00fcber die Stra\u00dfe lassen.<\/strong><\/p>\n<div class=\"dbsm-oembed\">\n<blockquote class=\"twitter-tweet\" data-width=\"500\" data-dnt=\"true\">\n<p lang=\"de\" dir=\"ltr\">Idee f\u00fcr die Midlife Crisis: Eine Motorradgang gr\u00fcnden, die sich auf einen gesunden Lebensstil spezialisiert und sie die Health Angels nennen!<\/p>\n<p>&mdash; Possi (@Possencurator) <a href=\"https:\/\/twitter.com\/Possencurator\/status\/1428704111076184073?ref_src=twsrc%5Etfw\">August 20, 2021<\/a><\/p><\/blockquote>\n<p><script async src=\"https:\/\/platform.twitter.com\/widgets.js\" charset=\"utf-8\"><\/script><\/div>\n<p>&nbsp;<br \/>\n<strong>8. Cringe in seiner reinsten Form.<\/strong><\/p>\n<p><iframe loading=\"lazy\" src=\"\/tiktok-cache\/7133889707066412293\/edb1f1b47e0d9d49f93fcd8ec66d94f9726a4fe9cb534524f17e43c1\" width=\"623\" height=\"1108\" style=\"border:0; height:90vh; width:50.625000vh;\" scrolling=\"no\"><\/iframe><\/p>\n<p>&nbsp;<br \/>\n<strong>9. &#8222;Das unverkennbare Kratzen der Nadel ist einfach Kult.&#8220;<\/strong><\/p>\n<div class=\"dbsm-oembed\">\n<blockquote class=\"twitter-tweet\" data-width=\"500\" data-dnt=\"true\">\n<p lang=\"de\" dir=\"ltr\">* Samstag Plattenspieler gekauft<\/p>\n<p>Frau: &quot;Schatz, langsam wirst Du sonderbar&quot;<\/p>\n<p>*Sonntag Kino &quot;Klassentreffen&quot;<\/p>\n<p>Zitat im Film: &quot;M\u00e4nner in der Midlife Crisis werden seltsam und kaufen Dinge aus ihrer Jugend, wie zum Beispiel einen Plattenspieler&quot;<\/p>\n<p>Der Blick der Frau&#8230; UNBEZAHLBAR<\/p>\n<p>&mdash; WiViElMa (@WiViElMa) <a href=\"https:\/\/twitter.com\/WiViElMa\/status\/1044258495128907776?ref_src=twsrc%5Etfw\">September 24, 2018<\/a><\/p><\/blockquote>\n<p><script async src=\"https:\/\/platform.twitter.com\/widgets.js\" charset=\"utf-8\"><\/script><\/div>\n<p>&nbsp;<br \/>\n<strong>10. Kein Meisterwerk, aber zumindest ehrlich.<\/strong><\/p>\n<div class=\"dbsm-oembed\">\n<blockquote class=\"twitter-tweet\" data-width=\"500\" data-dnt=\"true\">\n<p lang=\"de\" dir=\"ltr\">Sprayer in der Midlife Crisis, Kollwitzstra\u00dfe <a href=\"https:\/\/t.co\/ZWYVwpZFQH\">pic.twitter.com\/ZWYVwpZFQH<\/a><\/p>\n<p>&mdash; Jenni Wu (@callmeuschi) <a href=\"https:\/\/twitter.com\/callmeuschi\/status\/1020736882035118080?ref_src=twsrc%5Etfw\">July 21, 2018<\/a><\/p><\/blockquote>\n<p><script async src=\"https:\/\/platform.twitter.com\/widgets.js\" charset=\"utf-8\"><\/script><\/div>\n<p>&nbsp;<br \/>\n<strong>11. Ab in die Zoohandlung.<\/strong><\/p>\n<div class=\"dbsm-oembed\">\n<blockquote class=\"twitter-tweet\" data-width=\"500\" data-dnt=\"true\">\n<p lang=\"de\" dir=\"ltr\">&quot;Mama, k\u00f6nnen wir einen Jaguar kaufen?&quot;<\/p>\n<p>Wie ich kurz dachte, der 5j h\u00e4tte eine klassische Midlife Crisis, aber er will doch nur eine Raubkatze als Haustier. Puh.<\/p>\n<p>&mdash; Foffy (@FoffyMcFoff) <a href=\"https:\/\/twitter.com\/FoffyMcFoff\/status\/1416682417973256193?ref_src=twsrc%5Etfw\">July 18, 2021<\/a><\/p><\/blockquote>\n<p><script async src=\"https:\/\/platform.twitter.com\/widgets.js\" charset=\"utf-8\"><\/script><\/div>\n<p>&nbsp;<\/p>\n<p>&#8212;<br \/>\nVielen Dank an alle f\u00fcr die Posts.<br \/>\n&#8212;<br \/>\n<strong>Keine Influencer! Kein Foodporn! Nur ganz viel Spa\u00df &#8211; bei uns auf Instagram:<\/strong><\/p>\n<blockquote class=\"instagram-media\" data-instgrm-captioned data-instgrm-permalink=\"https:\/\/www.instagram.com\/p\/CSgj8FNtaPT\/?utm_source=ig_embed&amp;utm_campaign=loading\" data-instgrm-version=\"13\" style=\" background:#FFF; border:0; border-radius:3px; box-shadow:0 0 1px 0 rgba(0,0,0,0.5),0 1px 10px 0 rgba(0,0,0,0.15); margin: 1px; max-width:540px; min-width:326px; padding:0; width:99.375%; width:-webkit-calc(100% - 2px); width:calc(100% - 2px);\">\n<div style=\"padding:16px;\"> <a href=\"https:\/\/www.instagram.com\/p\/CSgj8FNtaPT\/?utm_source=ig_embed&amp;utm_campaign=loading\" style=\" background:#FFFFFF; line-height:0; padding:0 0; text-align:center; text-decoration:none; width:100%;\" target=\"_blank\" rel=\"noopener\"> <\/p>\n<div style=\" display: flex; flex-direction: row; align-items: center;\">\n<div style=\"background-color: #F4F4F4; border-radius: 50%; flex-grow: 0; height: 40px; margin-right: 14px; width: 40px;\"><\/div>\n<div style=\"display: flex; flex-direction: column; flex-grow: 1; justify-content: center;\">\n<div style=\" background-color: #F4F4F4; border-radius: 4px; flex-grow: 0; height: 14px; margin-bottom: 6px; width: 100px;\"><\/div>\n<div style=\" background-color: #F4F4F4; border-radius: 4px; flex-grow: 0; height: 14px; width: 60px;\"><\/div>\n<\/div>\n<\/div>\n<div style=\"padding: 19% 0;\"><\/div>\n<div style=\"display:block; height:50px; margin:0 auto 12px; width:50px;\"><svg width=\"50px\" height=\"50px\" viewBox=\"0 0 60 60\" version=\"1.1\" xmlns=\"https:\/\/www.w3.org\/2000\/svg\" xmlns:xlink=\"https:\/\/www.w3.org\/1999\/xlink\"><g stroke=\"none\" stroke-width=\"1\" fill=\"none\" fill-rule=\"evenodd\"><g transform=\"translate(-511.000000, -20.000000)\" fill=\"#000000\"><g><path d=\"M556.869,30.41 C554.814,30.41 553.148,32.076 553.148,34.131 C553.148,36.186 554.814,37.852 556.869,37.852 C558.924,37.852 560.59,36.186 560.59,34.131 C560.59,32.076 558.924,30.41 556.869,30.41 M541,60.657 C535.114,60.657 530.342,55.887 530.342,50 C530.342,44.114 535.114,39.342 541,39.342 C546.887,39.342 551.658,44.114 551.658,50 C551.658,55.887 546.887,60.657 541,60.657 M541,33.886 C532.1,33.886 524.886,41.1 524.886,50 C524.886,58.899 532.1,66.113 541,66.113 C549.9,66.113 557.115,58.899 557.115,50 C557.115,41.1 549.9,33.886 541,33.886 M565.378,62.101 C565.244,65.022 564.756,66.606 564.346,67.663 C563.803,69.06 563.154,70.057 562.106,71.106 C561.058,72.155 560.06,72.803 558.662,73.347 C557.607,73.757 556.021,74.244 553.102,74.378 C549.944,74.521 548.997,74.552 541,74.552 C533.003,74.552 532.056,74.521 528.898,74.378 C525.979,74.244 524.393,73.757 523.338,73.347 C521.94,72.803 520.942,72.155 519.894,71.106 C518.846,70.057 518.197,69.06 517.654,67.663 C517.244,66.606 516.755,65.022 516.623,62.101 C516.479,58.943 516.448,57.996 516.448,50 C516.448,42.003 516.479,41.056 516.623,37.899 C516.755,34.978 517.244,33.391 517.654,32.338 C518.197,30.938 518.846,29.942 519.894,28.894 C520.942,27.846 521.94,27.196 523.338,26.654 C524.393,26.244 525.979,25.756 528.898,25.623 C532.057,25.479 533.004,25.448 541,25.448 C548.997,25.448 549.943,25.479 553.102,25.623 C556.021,25.756 557.607,26.244 558.662,26.654 C560.06,27.196 561.058,27.846 562.106,28.894 C563.154,29.942 563.803,30.938 564.346,32.338 C564.756,33.391 565.244,34.978 565.378,37.899 C565.522,41.056 565.552,42.003 565.552,50 C565.552,57.996 565.522,58.943 565.378,62.101 M570.82,37.631 C570.674,34.438 570.167,32.258 569.425,30.349 C568.659,28.377 567.633,26.702 565.965,25.035 C564.297,23.368 562.623,22.342 560.652,21.575 C558.743,20.834 556.562,20.326 553.369,20.18 C550.169,20.033 549.148,20 541,20 C532.853,20 531.831,20.033 528.631,20.18 C525.438,20.326 523.257,20.834 521.349,21.575 C519.376,22.342 517.703,23.368 516.035,25.035 C514.368,26.702 513.342,28.377 512.574,30.349 C511.834,32.258 511.326,34.438 511.181,37.631 C511.035,40.831 511,41.851 511,50 C511,58.147 511.035,59.17 511.181,62.369 C511.326,65.562 511.834,67.743 512.574,69.651 C513.342,71.625 514.368,73.296 516.035,74.965 C517.703,76.634 519.376,77.658 521.349,78.425 C523.257,79.167 525.438,79.673 528.631,79.82 C531.831,79.965 532.853,80.001 541,80.001 C549.148,80.001 550.169,79.965 553.369,79.82 C556.562,79.673 558.743,79.167 560.652,78.425 C562.623,77.658 564.297,76.634 565.965,74.965 C567.633,73.296 568.659,71.625 569.425,69.651 C570.167,67.743 570.674,65.562 570.82,62.369 C570.966,59.17 571,58.147 571,50 C571,41.851 570.966,40.831 570.82,37.631\"><\/path><\/g><\/g><\/g><\/svg><\/div>\n<div style=\"padding-top: 8px;\">\n<div style=\" color:#3897f0; font-family:Arial,sans-serif; font-size:14px; font-style:normal; font-weight:550; line-height:18px;\"> Sieh dir diesen Beitrag auf Instagram an<\/div>\n<\/div>\n<div style=\"padding: 12.5% 0;\"><\/div>\n<div style=\"display: flex; flex-direction: row; margin-bottom: 14px; align-items: center;\">\n<div>\n<div style=\"background-color: #F4F4F4; border-radius: 50%; height: 12.5px; width: 12.5px; transform: translateX(0px) translateY(7px);\"><\/div>\n<div style=\"background-color: #F4F4F4; height: 12.5px; transform: rotate(-45deg) translateX(3px) translateY(1px); width: 12.5px; flex-grow: 0; margin-right: 14px; margin-left: 2px;\"><\/div>\n<div style=\"background-color: #F4F4F4; border-radius: 50%; height: 12.5px; width: 12.5px; transform: translateX(9px) translateY(-18px);\"><\/div>\n<\/div>\n<div style=\"margin-left: 8px;\">\n<div style=\" background-color: #F4F4F4; border-radius: 50%; flex-grow: 0; height: 20px; width: 20px;\"><\/div>\n<div style=\" width: 0; height: 0; border-top: 2px solid transparent; border-left: 6px solid #f4f4f4; border-bottom: 2px solid transparent; transform: translateX(16px) translateY(-4px) rotate(30deg)\"><\/div>\n<\/div>\n<div style=\"margin-left: auto;\">\n<div style=\" width: 0px; border-top: 8px solid #F4F4F4; border-right: 8px solid transparent; transform: translateY(16px);\"><\/div>\n<div style=\" background-color: #F4F4F4; flex-grow: 0; height: 12px; width: 16px; transform: translateY(-4px);\"><\/div>\n<div style=\" width: 0; height: 0; border-top: 8px solid #F4F4F4; border-left: 8px solid transparent; transform: translateY(-4px) translateX(8px);\"><\/div>\n<\/div>\n<\/div>\n<div style=\"display: flex; flex-direction: column; flex-grow: 1; justify-content: center; margin-bottom: 24px;\">\n<div style=\" background-color: #F4F4F4; border-radius: 4px; flex-grow: 0; height: 14px; margin-bottom: 6px; width: 224px;\"><\/div>\n<div style=\" background-color: #F4F4F4; border-radius: 4px; flex-grow: 0; height: 14px; width: 144px;\"><\/div>\n<\/div>\n<p><\/a><\/p>\n<p style=\" color:#c9c8cd; font-family:Arial,sans-serif; font-size:14px; line-height:17px; margin-bottom:0; margin-top:8px; overflow:hidden; padding:8px 0 7px; text-align:center; text-overflow:ellipsis; white-space:nowrap;\"><a href=\"https:\/\/www.instagram.com\/p\/CSgj8FNtaPT\/?utm_source=ig_embed&amp;utm_campaign=loading\" style=\" color:#c9c8cd; font-family:Arial,sans-serif; font-size:14px; font-style:normal; font-weight:normal; line-height:17px; text-decoration:none;\" target=\"_blank\" rel=\"noopener\">Ein Beitrag geteilt von The Best Social Media &#8211; DE (@thebestsocialmediade)<\/a><\/p>\n<\/div>\n<\/blockquote>\n\n<script async defer src=\"\/instagram-embed.js\"><\/script>","protected":false},"excerpt":{"rendered":"<p>Sp\u00e4testens wenn in der Mittagspause auf den Websites diverser Motorradhersteller gesurft wird, und romatisierte Visionen von einem Ausbruch aus dem heimischen Alltagstrott die Gedanken beherrschen,&#8230;<\/p>\n","protected":false},"author":77,"featured_media":149343,"comment_status":"open","ping_status":"open","sticky":false,"template":"","format":"standard","meta":{"_acf_changed":false,"footnotes":""},"categories":[106,3641,35],"tags":[1616,2035,4673],"class_list":["post-149337","post","type-post","status-publish","format-standard","has-post-thumbnail","hentry","category-best-of","category-tiktok","category-twitter","tag-alter","tag-aelter-werden","tag-midlife-crisis"],"acf":[],"yoast_head":"<!-- This site is optimized with the Yoast SEO plugin v27.4 - https:\/\/yoast.com\/product\/yoast-seo-wordpress\/ -->\n<title>Ist das Alter doch nur eine Zahl? 11 Posts zur Midlife-Crisis<\/title>\n<meta name=\"robots\" content=\"index, follow, max-snippet:-1, max-image-preview:large, max-video-preview:-1\" \/>\n<link rel=\"canonical\" href=\"https:\/\/www.thebestsocial.media\/de\/alter-ist-doch-auch-nur-eine-zahl-die-besten-tweets-zur-midlife-crisis\/\" \/>\n<meta property=\"og:locale\" content=\"de_DE\" \/>\n<meta property=\"og:type\" content=\"article\" \/>\n<meta property=\"og:title\" content=\"&quot;Alter ist doch auch nur eine Zahl.&quot; 11 Posts zur Midlife-Crisis\" \/>\n<meta property=\"og:description\" content=\"Sp\u00e4testens wenn in der Mittagspause auf den Websites diverser Motorradhersteller gesurft wird, und romatisierte Visionen von einem Ausbruch aus dem heimischen Alltagstrott die Gedanken beherrschen,...\" \/>\n<meta property=\"og:url\" content=\"https:\/\/www.thebestsocial.media\/de\/alter-ist-doch-auch-nur-eine-zahl-die-besten-tweets-zur-midlife-crisis\/\" \/>\n<meta property=\"og:site_name\" content=\"The Best Social Media DE\" \/>\n<meta property=\"article:author\" content=\"https:\/\/www.facebook.com\/adrian.krug.5\" \/>\n<meta property=\"article:published_time\" content=\"2021-08-23T14:30:32+00:00\" \/>\n<meta property=\"article:modified_time\" content=\"2022-09-01T15:04:19+00:00\" \/>\n<meta property=\"og:image\" content=\"https:\/\/www.thebestsocial.media\/de\/wp-content\/uploads\/sites\/3\/2021\/08\/Header_Bild_Neu.1.png\" \/>\n\t<meta property=\"og:image:width\" content=\"1200\" \/>\n\t<meta property=\"og:image:height\" content=\"630\" \/>\n\t<meta property=\"og:image:type\" content=\"image\/png\" \/>\n<meta name=\"author\" content=\"Adrian Krug\" \/>\n<meta name=\"twitter:card\" content=\"summary_large_image\" \/>\n<meta name=\"twitter:creator\" content=\"@https:\/\/twitter.com\/Hasscompilation\" \/>\n<meta name=\"twitter:label1\" content=\"Verfasst von\" \/>\n\t<meta name=\"twitter:data1\" content=\"Adrian Krug\" \/>\n\t<meta name=\"twitter:label2\" content=\"Gesch\u00e4tzte Lesezeit\" \/>\n\t<meta name=\"twitter:data2\" content=\"2\u00a0Minuten\" \/>\n<script type=\"application\/ld+json\" class=\"yoast-schema-graph\">{\"@context\":\"https:\\\/\\\/schema.org\",\"@graph\":[{\"@type\":\"Article\",\"@id\":\"https:\\\/\\\/www.thebestsocial.media\\\/de\\\/alter-ist-doch-auch-nur-eine-zahl-die-besten-tweets-zur-midlife-crisis\\\/#article\",\"isPartOf\":{\"@id\":\"https:\\\/\\\/www.thebestsocial.media\\\/de\\\/alter-ist-doch-auch-nur-eine-zahl-die-besten-tweets-zur-midlife-crisis\\\/\"},\"author\":{\"name\":\"Adrian Krug\",\"@id\":\"https:\\\/\\\/www.thebestsocial.media\\\/de\\\/#\\\/schema\\\/person\\\/f6571568c8f173869acb99d089b1223b\"},\"headline\":\"&#8222;Alter ist doch auch nur eine Zahl.&#8220; 11 Posts zur Midlife-Crisis\",\"datePublished\":\"2021-08-23T14:30:32+00:00\",\"dateModified\":\"2022-09-01T15:04:19+00:00\",\"mainEntityOfPage\":{\"@id\":\"https:\\\/\\\/www.thebestsocial.media\\\/de\\\/alter-ist-doch-auch-nur-eine-zahl-die-besten-tweets-zur-midlife-crisis\\\/\"},\"wordCount\":304,\"commentCount\":0,\"image\":{\"@id\":\"https:\\\/\\\/www.thebestsocial.media\\\/de\\\/alter-ist-doch-auch-nur-eine-zahl-die-besten-tweets-zur-midlife-crisis\\\/#primaryimage\"},\"thumbnailUrl\":\"https:\\\/\\\/www.thebestsocial.media\\\/de\\\/wp-content\\\/uploads\\\/sites\\\/3\\\/2021\\\/08\\\/car-63930_1920.jpg\",\"keywords\":[\"Alter\",\"\u00e4lter werden\",\"Midlife-Crisis\"],\"articleSection\":[\"Best of\",\"TikTok\",\"Twitter\"],\"inLanguage\":\"de\",\"potentialAction\":[{\"@type\":\"CommentAction\",\"name\":\"Comment\",\"target\":[\"https:\\\/\\\/www.thebestsocial.media\\\/de\\\/alter-ist-doch-auch-nur-eine-zahl-die-besten-tweets-zur-midlife-crisis\\\/#respond\"]}]},{\"@type\":\"WebPage\",\"@id\":\"https:\\\/\\\/www.thebestsocial.media\\\/de\\\/alter-ist-doch-auch-nur-eine-zahl-die-besten-tweets-zur-midlife-crisis\\\/\",\"url\":\"https:\\\/\\\/www.thebestsocial.media\\\/de\\\/alter-ist-doch-auch-nur-eine-zahl-die-besten-tweets-zur-midlife-crisis\\\/\",\"name\":\"Ist das Alter doch nur eine Zahl? 11 Posts zur Midlife-Crisis\",\"isPartOf\":{\"@id\":\"https:\\\/\\\/www.thebestsocial.media\\\/de\\\/#website\"},\"primaryImageOfPage\":{\"@id\":\"https:\\\/\\\/www.thebestsocial.media\\\/de\\\/alter-ist-doch-auch-nur-eine-zahl-die-besten-tweets-zur-midlife-crisis\\\/#primaryimage\"},\"image\":{\"@id\":\"https:\\\/\\\/www.thebestsocial.media\\\/de\\\/alter-ist-doch-auch-nur-eine-zahl-die-besten-tweets-zur-midlife-crisis\\\/#primaryimage\"},\"thumbnailUrl\":\"https:\\\/\\\/www.thebestsocial.media\\\/de\\\/wp-content\\\/uploads\\\/sites\\\/3\\\/2021\\\/08\\\/car-63930_1920.jpg\",\"datePublished\":\"2021-08-23T14:30:32+00:00\",\"dateModified\":\"2022-09-01T15:04:19+00:00\",\"author\":{\"@id\":\"https:\\\/\\\/www.thebestsocial.media\\\/de\\\/#\\\/schema\\\/person\\\/f6571568c8f173869acb99d089b1223b\"},\"breadcrumb\":{\"@id\":\"https:\\\/\\\/www.thebestsocial.media\\\/de\\\/alter-ist-doch-auch-nur-eine-zahl-die-besten-tweets-zur-midlife-crisis\\\/#breadcrumb\"},\"inLanguage\":\"de\",\"potentialAction\":[{\"@type\":\"ReadAction\",\"target\":[\"https:\\\/\\\/www.thebestsocial.media\\\/de\\\/alter-ist-doch-auch-nur-eine-zahl-die-besten-tweets-zur-midlife-crisis\\\/\"]}]},{\"@type\":\"ImageObject\",\"inLanguage\":\"de\",\"@id\":\"https:\\\/\\\/www.thebestsocial.media\\\/de\\\/alter-ist-doch-auch-nur-eine-zahl-die-besten-tweets-zur-midlife-crisis\\\/#primaryimage\",\"url\":\"https:\\\/\\\/www.thebestsocial.media\\\/de\\\/wp-content\\\/uploads\\\/sites\\\/3\\\/2021\\\/08\\\/car-63930_1920.jpg\",\"contentUrl\":\"https:\\\/\\\/www.thebestsocial.media\\\/de\\\/wp-content\\\/uploads\\\/sites\\\/3\\\/2021\\\/08\\\/car-63930_1920.jpg\",\"width\":1920,\"height\":1271},{\"@type\":\"BreadcrumbList\",\"@id\":\"https:\\\/\\\/www.thebestsocial.media\\\/de\\\/alter-ist-doch-auch-nur-eine-zahl-die-besten-tweets-zur-midlife-crisis\\\/#breadcrumb\",\"itemListElement\":[{\"@type\":\"ListItem\",\"position\":1,\"name\":\"Home\",\"item\":\"https:\\\/\\\/www.thebestsocial.media\\\/de\\\/\"},{\"@type\":\"ListItem\",\"position\":2,\"name\":\"&#8222;Alter ist doch auch nur eine Zahl.&#8220; 11 Posts zur Midlife-Crisis\"}]},{\"@type\":\"WebSite\",\"@id\":\"https:\\\/\\\/www.thebestsocial.media\\\/de\\\/#website\",\"url\":\"https:\\\/\\\/www.thebestsocial.media\\\/de\\\/\",\"name\":\"The Best Social Media DE\",\"description\":\"\",\"potentialAction\":[{\"@type\":\"SearchAction\",\"target\":{\"@type\":\"EntryPoint\",\"urlTemplate\":\"https:\\\/\\\/www.thebestsocial.media\\\/de\\\/?s={search_term_string}\"},\"query-input\":{\"@type\":\"PropertyValueSpecification\",\"valueRequired\":true,\"valueName\":\"search_term_string\"}}],\"inLanguage\":\"de\"},{\"@type\":\"Person\",\"@id\":\"https:\\\/\\\/www.thebestsocial.media\\\/de\\\/#\\\/schema\\\/person\\\/f6571568c8f173869acb99d089b1223b\",\"name\":\"Adrian Krug\",\"image\":{\"@type\":\"ImageObject\",\"inLanguage\":\"de\",\"@id\":\"https:\\\/\\\/secure.gravatar.com\\\/avatar\\\/c03aa48839ac1555ec73dfc0827342b090445264901990679cd3f8c6ef4ac2d7?s=96&d=mm&r=g\",\"url\":\"https:\\\/\\\/secure.gravatar.com\\\/avatar\\\/c03aa48839ac1555ec73dfc0827342b090445264901990679cd3f8c6ef4ac2d7?s=96&d=mm&r=g\",\"contentUrl\":\"https:\\\/\\\/secure.gravatar.com\\\/avatar\\\/c03aa48839ac1555ec73dfc0827342b090445264901990679cd3f8c6ef4ac2d7?s=96&d=mm&r=g\",\"caption\":\"Adrian Krug\"},\"description\":\"Ich bin Endeditor f\u00fcr TBSM DE und Creative Lead f\u00fcr Projekte auf Agenturseite.\",\"sameAs\":[\"https:\\\/\\\/www.facebook.com\\\/adrian.krug.5\",\"https:\\\/\\\/www.linkedin.com\\\/in\\\/adrian-krug-27536221a\\\/\",\"https:\\\/\\\/x.com\\\/https:\\\/\\\/twitter.com\\\/Hasscompilation\"],\"url\":\"https:\\\/\\\/www.thebestsocial.media\\\/de\\\/author\\\/adriankrug\\\/\"}]}<\/script>\n<!-- \/ Yoast SEO plugin. -->","yoast_head_json":{"title":"Ist das Alter doch nur eine Zahl? 11 Posts zur Midlife-Crisis","robots":{"index":"index","follow":"follow","max-snippet":"max-snippet:-1","max-image-preview":"max-image-preview:large","max-video-preview":"max-video-preview:-1"},"canonical":"https:\/\/www.thebestsocial.media\/de\/alter-ist-doch-auch-nur-eine-zahl-die-besten-tweets-zur-midlife-crisis\/","og_locale":"de_DE","og_type":"article","og_title":"\"Alter ist doch auch nur eine Zahl.\" 11 Posts zur Midlife-Crisis","og_description":"Sp\u00e4testens wenn in der Mittagspause auf den Websites diverser Motorradhersteller gesurft wird, und romatisierte Visionen von einem Ausbruch aus dem heimischen Alltagstrott die Gedanken beherrschen,...","og_url":"https:\/\/www.thebestsocial.media\/de\/alter-ist-doch-auch-nur-eine-zahl-die-besten-tweets-zur-midlife-crisis\/","og_site_name":"The Best Social Media DE","article_author":"https:\/\/www.facebook.com\/adrian.krug.5","article_published_time":"2021-08-23T14:30:32+00:00","article_modified_time":"2022-09-01T15:04:19+00:00","og_image":[{"width":1200,"height":630,"url":"https:\/\/www.thebestsocial.media\/de\/wp-content\/uploads\/sites\/3\/2021\/08\/Header_Bild_Neu.1.png","type":"image\/png"}],"author":"Adrian Krug","twitter_card":"summary_large_image","twitter_creator":"@https:\/\/twitter.com\/Hasscompilation","twitter_misc":{"Verfasst von":"Adrian Krug","Gesch\u00e4tzte Lesezeit":"2\u00a0Minuten"},"schema":{"@context":"https:\/\/schema.org","@graph":[{"@type":"Article","@id":"https:\/\/www.thebestsocial.media\/de\/alter-ist-doch-auch-nur-eine-zahl-die-besten-tweets-zur-midlife-crisis\/#article","isPartOf":{"@id":"https:\/\/www.thebestsocial.media\/de\/alter-ist-doch-auch-nur-eine-zahl-die-besten-tweets-zur-midlife-crisis\/"},"author":{"name":"Adrian Krug","@id":"https:\/\/www.thebestsocial.media\/de\/#\/schema\/person\/f6571568c8f173869acb99d089b1223b"},"headline":"&#8222;Alter ist doch auch nur eine Zahl.&#8220; 11 Posts zur Midlife-Crisis","datePublished":"2021-08-23T14:30:32+00:00","dateModified":"2022-09-01T15:04:19+00:00","mainEntityOfPage":{"@id":"https:\/\/www.thebestsocial.media\/de\/alter-ist-doch-auch-nur-eine-zahl-die-besten-tweets-zur-midlife-crisis\/"},"wordCount":304,"commentCount":0,"image":{"@id":"https:\/\/www.thebestsocial.media\/de\/alter-ist-doch-auch-nur-eine-zahl-die-besten-tweets-zur-midlife-crisis\/#primaryimage"},"thumbnailUrl":"https:\/\/www.thebestsocial.media\/de\/wp-content\/uploads\/sites\/3\/2021\/08\/car-63930_1920.jpg","keywords":["Alter","\u00e4lter werden","Midlife-Crisis"],"articleSection":["Best of","TikTok","Twitter"],"inLanguage":"de","potentialAction":[{"@type":"CommentAction","name":"Comment","target":["https:\/\/www.thebestsocial.media\/de\/alter-ist-doch-auch-nur-eine-zahl-die-besten-tweets-zur-midlife-crisis\/#respond"]}]},{"@type":"WebPage","@id":"https:\/\/www.thebestsocial.media\/de\/alter-ist-doch-auch-nur-eine-zahl-die-besten-tweets-zur-midlife-crisis\/","url":"https:\/\/www.thebestsocial.media\/de\/alter-ist-doch-auch-nur-eine-zahl-die-besten-tweets-zur-midlife-crisis\/","name":"Ist das Alter doch nur eine Zahl? 11 Posts zur Midlife-Crisis","isPartOf":{"@id":"https:\/\/www.thebestsocial.media\/de\/#website"},"primaryImageOfPage":{"@id":"https:\/\/www.thebestsocial.media\/de\/alter-ist-doch-auch-nur-eine-zahl-die-besten-tweets-zur-midlife-crisis\/#primaryimage"},"image":{"@id":"https:\/\/www.thebestsocial.media\/de\/alter-ist-doch-auch-nur-eine-zahl-die-besten-tweets-zur-midlife-crisis\/#primaryimage"},"thumbnailUrl":"https:\/\/www.thebestsocial.media\/de\/wp-content\/uploads\/sites\/3\/2021\/08\/car-63930_1920.jpg","datePublished":"2021-08-23T14:30:32+00:00","dateModified":"2022-09-01T15:04:19+00:00","author":{"@id":"https:\/\/www.thebestsocial.media\/de\/#\/schema\/person\/f6571568c8f173869acb99d089b1223b"},"breadcrumb":{"@id":"https:\/\/www.thebestsocial.media\/de\/alter-ist-doch-auch-nur-eine-zahl-die-besten-tweets-zur-midlife-crisis\/#breadcrumb"},"inLanguage":"de","potentialAction":[{"@type":"ReadAction","target":["https:\/\/www.thebestsocial.media\/de\/alter-ist-doch-auch-nur-eine-zahl-die-besten-tweets-zur-midlife-crisis\/"]}]},{"@type":"ImageObject","inLanguage":"de","@id":"https:\/\/www.thebestsocial.media\/de\/alter-ist-doch-auch-nur-eine-zahl-die-besten-tweets-zur-midlife-crisis\/#primaryimage","url":"https:\/\/www.thebestsocial.media\/de\/wp-content\/uploads\/sites\/3\/2021\/08\/car-63930_1920.jpg","contentUrl":"https:\/\/www.thebestsocial.media\/de\/wp-content\/uploads\/sites\/3\/2021\/08\/car-63930_1920.jpg","width":1920,"height":1271},{"@type":"BreadcrumbList","@id":"https:\/\/www.thebestsocial.media\/de\/alter-ist-doch-auch-nur-eine-zahl-die-besten-tweets-zur-midlife-crisis\/#breadcrumb","itemListElement":[{"@type":"ListItem","position":1,"name":"Home","item":"https:\/\/www.thebestsocial.media\/de\/"},{"@type":"ListItem","position":2,"name":"&#8222;Alter ist doch auch nur eine Zahl.&#8220; 11 Posts zur Midlife-Crisis"}]},{"@type":"WebSite","@id":"https:\/\/www.thebestsocial.media\/de\/#website","url":"https:\/\/www.thebestsocial.media\/de\/","name":"The Best Social Media DE","description":"","potentialAction":[{"@type":"SearchAction","target":{"@type":"EntryPoint","urlTemplate":"https:\/\/www.thebestsocial.media\/de\/?s={search_term_string}"},"query-input":{"@type":"PropertyValueSpecification","valueRequired":true,"valueName":"search_term_string"}}],"inLanguage":"de"},{"@type":"Person","@id":"https:\/\/www.thebestsocial.media\/de\/#\/schema\/person\/f6571568c8f173869acb99d089b1223b","name":"Adrian Krug","image":{"@type":"ImageObject","inLanguage":"de","@id":"https:\/\/secure.gravatar.com\/avatar\/c03aa48839ac1555ec73dfc0827342b090445264901990679cd3f8c6ef4ac2d7?s=96&d=mm&r=g","url":"https:\/\/secure.gravatar.com\/avatar\/c03aa48839ac1555ec73dfc0827342b090445264901990679cd3f8c6ef4ac2d7?s=96&d=mm&r=g","contentUrl":"https:\/\/secure.gravatar.com\/avatar\/c03aa48839ac1555ec73dfc0827342b090445264901990679cd3f8c6ef4ac2d7?s=96&d=mm&r=g","caption":"Adrian Krug"},"description":"Ich bin Endeditor f\u00fcr TBSM DE und Creative Lead f\u00fcr Projekte auf Agenturseite.","sameAs":["https:\/\/www.facebook.com\/adrian.krug.5","https:\/\/www.linkedin.com\/in\/adrian-krug-27536221a\/","https:\/\/x.com\/https:\/\/twitter.com\/Hasscompilation"],"url":"https:\/\/www.thebestsocial.media\/de\/author\/adriankrug\/"}]}},"amp_enabled":true,"_links":{"self":[{"href":"https:\/\/www.thebestsocial.media\/de\/wp-json\/wp\/v2\/posts\/149337","targetHints":{"allow":["GET"]}}],"collection":[{"href":"https:\/\/www.thebestsocial.media\/de\/wp-json\/wp\/v2\/posts"}],"about":[{"href":"https:\/\/www.thebestsocial.media\/de\/wp-json\/wp\/v2\/types\/post"}],"author":[{"embeddable":true,"href":"https:\/\/www.thebestsocial.media\/de\/wp-json\/wp\/v2\/users\/77"}],"replies":[{"embeddable":true,"href":"https:\/\/www.thebestsocial.media\/de\/wp-json\/wp\/v2\/comments?post=149337"}],"version-history":[{"count":8,"href":"https:\/\/www.thebestsocial.media\/de\/wp-json\/wp\/v2\/posts\/149337\/revisions"}],"predecessor-version":[{"id":165352,"href":"https:\/\/www.thebestsocial.media\/de\/wp-json\/wp\/v2\/posts\/149337\/revisions\/165352"}],"wp:featuredmedia":[{"embeddable":true,"href":"https:\/\/www.thebestsocial.media\/de\/wp-json\/wp\/v2\/media\/149343"}],"wp:attachment":[{"href":"https:\/\/www.thebestsocial.media\/de\/wp-json\/wp\/v2\/media?parent=149337"}],"wp:term":[{"taxonomy":"category","embeddable":true,"href":"https:\/\/www.thebestsocial.media\/de\/wp-json\/wp\/v2\/categories?post=149337"},{"taxonomy":"post_tag","embeddable":true,"href":"https:\/\/www.thebestsocial.media\/de\/wp-json\/wp\/v2\/tags?post=149337"}],"curies":[{"name":"wp","href":"https:\/\/api.w.org\/{rel}","templated":true}]}}