{"id":149063,"date":"2021-08-16T09:25:12","date_gmt":"2021-08-16T09:25:12","guid":{"rendered":"https:\/\/www.thebestsocial.media\/de\/?p=149063"},"modified":"2021-08-16T09:43:10","modified_gmt":"2021-08-16T09:43:10","slug":"laschet-afghanistan-ortskraefte","status":"publish","type":"post","link":"https:\/\/www.thebestsocial.media\/de\/laschet-afghanistan-ortskraefte\/","title":{"rendered":"&#8222;2015 soll sich nicht wiederholen&#8220;: Laschet emp\u00f6rt mit Aussage zum Afghanistan-Desaster"},"content":{"rendered":"<p>Nach dem Abzug der Bundeswehr aus Afghanistan Ende Juni eroberten die Taliban in den vergangenen Wochen immer mehr Teile des Landes. Gestern zogen sie schlie\u00dflich in die Hauptstadt Kabul ein und besetzten den Pr\u00e4sidentenpalast. Der amtierende Pr\u00e4sident floh au\u00dfer Landes. Die Bem\u00fchungen des Westens, in den letzten 20 Jahren f\u00fcr Stabilit\u00e4t zu sorgen, sind damit ad absurdum gef\u00fchrt. Politiker ringen nach Erkl\u00e4rungen. Die Aussagen von CDU-Kanzlerkandidat <a href=\"https:\/\/www.thebestsocial.media\/de\/armin-laschet-peter-griffin-family-guy\/\" rel=\"noopener\" target=\"_blank\">Armin Laschet<\/a> sorgen dabei f\u00fcr Irritation und Emp\u00f6rung.<\/p>\n<p>&nbsp;<br \/>\n<strong>Zivilisten sowie Ortskr\u00e4fte westlicher Institutionen m\u00fcssen um ihr Leben bangen. Laschet scheint in seinem mehrteiligen Twitter-Statement jedoch eher um eine restriktive Einwanderungspolitik besorgt zu sein.<\/strong><\/p>\n<blockquote class=\"twitter-tweet\" data-conversation=\"none\">\n<p lang=\"de\" dir=\"ltr\">Wir m\u00fcssen noch in dieser Woche eine erste gemeinsame europ\u00e4ische und transatlantische Antwort geben. Die Fehler im Umgang mit dem syrischen B\u00fcrgerkrieg d\u00fcrfen nicht noch einmal gemacht werden. 2015 soll sich nicht wiederholen. 3\/6<\/p>\n<p>&mdash; Armin Laschet (@ArminLaschet) <a href=\"https:\/\/twitter.com\/ArminLaschet\/status\/1426958888189009924?ref_src=twsrc%5Etfw\">August 15, 2021<\/a><\/p><\/blockquote>\n<p> <script async src=\"https:\/\/platform.twitter.com\/widgets.js\" charset=\"utf-8\"><\/script><\/p>\n<p>&nbsp;<br \/>\n<strong>Die mangelnde Solidarit\u00e4t trifft auf Unverst\u00e4ndnis.<\/strong><\/p>\n<p>https:\/\/twitter.com\/spektrallinie\/status\/1427030875523502086<\/p>\n<p>https:\/\/twitter.com\/peterbreuer\/status\/1427029257931345920<\/p>\n<div class=\"dbsm-oembed\">\n<blockquote class=\"twitter-tweet\" data-width=\"500\" data-dnt=\"true\">\n<p lang=\"de\" dir=\"ltr\">Olaf &quot;die Afghan:innen m\u00fcssen in den Nachbarl\u00e4ndern integriert werden&quot; Scholz und Armin &quot;2015 darf sich nicht wiederholen&quot; Laschet. Dazu eine schweigende Kanzlerin. Groko am Limit.<\/p>\n<p>&mdash; Eva Horn \ud83e\udd95 (@habichthorn) <a href=\"https:\/\/twitter.com\/habichthorn\/status\/1427001038620532739?ref_src=twsrc%5Etfw\">August 15, 2021<\/a><\/p><\/blockquote>\n<p><script async src=\"https:\/\/platform.twitter.com\/widgets.js\" charset=\"utf-8\"><\/script><\/div>\n<p>&nbsp;<br \/>\n<strong>Vor allem weil es offensichtlich nicht gelungen ist, langfristig f\u00fcr Stabilit\u00e4t zu sorgen, sollte sich der Westen seiner Verantwortung bewusst sein.<\/strong><\/p>\n<p>https:\/\/twitter.com\/jenshealthde\/status\/1426989506301992963<\/p>\n<div class=\"dbsm-oembed\">\n<blockquote class=\"twitter-tweet\" data-width=\"500\" data-dnt=\"true\">\n<p lang=\"de\" dir=\"ltr\">Tina Hassel im ARD-Brennpunkt zu <a href=\"https:\/\/twitter.com\/hashtag\/Afghanistan?src=hash&amp;ref_src=twsrc%5Etfw\">#Afghanistan<\/a>: (nachdem sowohl Maas als auch AKK f\u00fcr die Sendung abgesagt hatten) &quot;Die Bundesregierung wurde \u00fcberrascht von der Schnelligkeit des Durchmarsches der Taliban&quot;.<\/p>\n<p>Da fragt man sich, was machen die Geheimdienste eigentlich beruflich?<\/p>\n<p>&mdash; Eva Horn \ud83e\udd95 (@habichthorn) <a href=\"https:\/\/twitter.com\/habichthorn\/status\/1426974301199142924?ref_src=twsrc%5Etfw\">August 15, 2021<\/a><\/p><\/blockquote>\n<p><script async src=\"https:\/\/platform.twitter.com\/widgets.js\" charset=\"utf-8\"><\/script><\/div>\n<p>&nbsp;<br \/>\n<strong>Laschets Aussage emp\u00f6rt auch insofern, da seine Partei erst im Juni einen Antrag der Gr\u00fcnen zur Ausreise der Ortskr\u00e4fte ablehnte.<\/strong><\/p>\n<blockquote class=\"twitter-tweet\">\n<p lang=\"de\" dir=\"ltr\">Zur Erinnerung: Die CDU hat im Bundestag dagegen gestimmt, die Ortskr\u00e4fte rauszuholen.<\/p>\n<p>&mdash; Niema Movassat (@NiemaMovassat) <a href=\"https:\/\/twitter.com\/NiemaMovassat\/status\/1426960669019185162?ref_src=twsrc%5Etfw\">August 15, 2021<\/a><\/p><\/blockquote>\n<p> <script async src=\"https:\/\/platform.twitter.com\/widgets.js\" charset=\"utf-8\"><\/script><\/p>\n<div class=\"dbsm-oembed\">\n<blockquote class=\"twitter-tweet\" data-width=\"500\" data-dnt=\"true\">\n<p lang=\"de\" dir=\"ltr\">Es ist f\u00fcr mich v\u00f6llig unverst\u00e4ndlich, warum die F\u00fcrsorge f\u00fcr die Ortskr\u00e4fte und ihre Familienangeh\u00f6rigen (Flug, Visa, erste Unterkunft in \ud83c\udde9\ud83c\uddea) offenkundig nicht integraler Bestandteil des R\u00fcckzusplans war.<\/p>\n<p>&mdash; Ruprecht Polenz @polenz.bsky\ud83c\uddea\ud83c\uddfa\ud83c\udde9\ud83c\uddea\ud83c\uddee\ud83c\uddf1\ud83c\uddfa\ud83c\udde6\ud83e\ude9d\ud83d\udcef\ud83d\ude07 (@polenz_r) <a href=\"https:\/\/twitter.com\/polenz_r\/status\/1426816417563881480?ref_src=twsrc%5Etfw\">August 15, 2021<\/a><\/p><\/blockquote>\n<p><script async src=\"https:\/\/platform.twitter.com\/widgets.js\" charset=\"utf-8\"><\/script><\/div>\n<div class=\"dbsm-oembed\">\n<blockquote class=\"twitter-tweet\" data-width=\"500\" data-dnt=\"true\">\n<p lang=\"de\" dir=\"ltr\">Der bisher einzige CDU-MdB, der sagt, was Sache ist. <a href=\"https:\/\/twitter.com\/hashtag\/Afghanistan?src=hash&amp;ref_src=twsrc%5Etfw\">#Afghanistan<\/a> <a href=\"https:\/\/t.co\/qFHvASIk12\">https:\/\/t.co\/qFHvASIk12<\/a><\/p>\n<p>&mdash; Ren\u00e9 Engel (@Engel_Re) <a href=\"https:\/\/twitter.com\/Engel_Re\/status\/1427160596554846209?ref_src=twsrc%5Etfw\">August 16, 2021<\/a><\/p><\/blockquote>\n<p><script async src=\"https:\/\/platform.twitter.com\/widgets.js\" charset=\"utf-8\"><\/script><\/div>\n<p>&nbsp;<br \/>\n<strong>Nicht wenige Ortskr\u00e4fte d\u00fcrften vom Handeln der Bundesregierung entt\u00e4uscht sein.<\/strong><\/p>\n<div class=\"dbsm-oembed\">\n<blockquote class=\"twitter-tweet\" data-width=\"500\" data-dnt=\"true\">\n<p lang=\"de\" dir=\"ltr\">Viele Linienfl\u00fcge aus Kabul sind jetzt abgesagt. Damit verlieren viele Ortskr\u00e4fte in <a href=\"https:\/\/twitter.com\/hashtag\/Kabul?src=hash&amp;ref_src=twsrc%5Etfw\">#Kabul<\/a> die Hoffnung. Ein Freund, der seit 6 Jahren f\u00fcr Deutschland arbeitet und nach Indien fliehen wollte, ist verzweifelt. Sagt doch wenigstens, bei wem man sich melden kann, <a href=\"https:\/\/twitter.com\/HeikoMaas?ref_src=twsrc%5Etfw\">@HeikoMaas<\/a>.<\/p>\n<p>&mdash; Erik Marquardt (@ErikMarquardt) <a href=\"https:\/\/twitter.com\/ErikMarquardt\/status\/1426827308703363075?ref_src=twsrc%5Etfw\">August 15, 2021<\/a><\/p><\/blockquote>\n<p><script async src=\"https:\/\/platform.twitter.com\/widgets.js\" charset=\"utf-8\"><\/script><\/div>\n<div class=\"dbsm-oembed\">\n<blockquote class=\"twitter-tweet\" data-width=\"500\" data-dnt=\"true\">\n<p lang=\"de\" dir=\"ltr\">Viele Ortskr\u00e4fte h\u00e4tten in den letzten Monaten fliehen k\u00f6nnen, aber die Bundesregierung hatte entschieden, dass man die Antr\u00e4ge zur Aufnahme in Deutschland nur aus <a href=\"https:\/\/twitter.com\/hashtag\/Afghanistan?src=hash&amp;ref_src=twsrc%5Etfw\">#Afghanistan<\/a> stellen kann. Man hat sie hingehalten und dann nicht gerettet. Was f\u00fcr ein t\u00f6dliches Versagen. <a href=\"https:\/\/twitter.com\/hashtag\/Kabul?src=hash&amp;ref_src=twsrc%5Etfw\">#Kabul<\/a><\/p>\n<p>&mdash; Erik Marquardt (@ErikMarquardt) <a href=\"https:\/\/twitter.com\/ErikMarquardt\/status\/1426858918286856194?ref_src=twsrc%5Etfw\">August 15, 2021<\/a><\/p><\/blockquote>\n<p><script async src=\"https:\/\/platform.twitter.com\/widgets.js\" charset=\"utf-8\"><\/script><\/div>\n<div class=\"dbsm-oembed\">\n<blockquote class=\"twitter-tweet\" data-width=\"500\" data-dnt=\"true\">\n<p lang=\"de\" dir=\"ltr\">Schw\u00f6re, Deutschland einzige Land in dem Formulare kleines St\u00fcckle wichtiger sind als Menschenleben.<\/p>\n<p>&mdash; Aurel (@aurelmertz) <a href=\"https:\/\/twitter.com\/aurelmertz\/status\/1426887131365052421?ref_src=twsrc%5Etfw\">August 15, 2021<\/a><\/p><\/blockquote>\n<p><script async src=\"https:\/\/platform.twitter.com\/widgets.js\" charset=\"utf-8\"><\/script><\/div>\n<p>&nbsp;<br \/>\n<strong>Zusammen mit anderen Medienh\u00e4usern rief nun Der Spiegel die Bundesregierung dazu auf, rasch zu handeln.<\/strong><\/p>\n<div class=\"dbsm-oembed\">\n<blockquote class=\"twitter-tweet\" data-width=\"500\" data-dnt=\"true\">\n<p lang=\"de\" dir=\"ltr\">Unseren Mitarbeiter:innen, die <a href=\"https:\/\/twitter.com\/hashtag\/Afghanistan?src=hash&amp;ref_src=twsrc%5Etfw\">#Afghanistan<\/a> verlassen wollen, drohen Verfolgung, Verhaftung, Folter und der Tod. Wir bitten die Bundesregierung, rasch zu handeln. <a href=\"https:\/\/twitter.com\/hashtag\/HelftunserenHelfern?src=hash&amp;ref_src=twsrc%5Etfw\">#HelftunserenHelfern<\/a> <a href=\"https:\/\/twitter.com\/ARTEde?ref_src=twsrc%5Etfw\">@ARTEde<\/a> <a href=\"https:\/\/twitter.com\/BdzvPresse?ref_src=twsrc%5Etfw\">@BdzvPresse<\/a> <a href=\"https:\/\/twitter.com\/DeutscheWelle?ref_src=twsrc%5Etfw\">@DeutscheWelle<\/a> <a href=\"https:\/\/twitter.com\/DIEZEIT?ref_src=twsrc%5Etfw\">@DIEZEIT<\/a> <a href=\"https:\/\/twitter.com\/faznet?ref_src=twsrc%5Etfw\">@faznet<\/a> <a href=\"https:\/\/twitter.com\/ntvde?ref_src=twsrc%5Etfw\">@ntvde<\/a> <a href=\"https:\/\/twitter.com\/RTLde?ref_src=twsrc%5Etfw\">@RTLde<\/a> <a href=\"https:\/\/twitter.com\/sternde?ref_src=twsrc%5Etfw\">@sternde<\/a> <a href=\"https:\/\/twitter.com\/SZ?ref_src=twsrc%5Etfw\">@SZ<\/a> <a href=\"https:\/\/twitter.com\/tazgezwitscher?ref_src=twsrc%5Etfw\">@tazgezwitscher<\/a> <a href=\"https:\/\/t.co\/9ss9KiTIUz\">pic.twitter.com\/9ss9KiTIUz<\/a><\/p>\n<p>&mdash; DER SPIEGEL (@derspiegel) <a href=\"https:\/\/twitter.com\/derspiegel\/status\/1426931972211986433?ref_src=twsrc%5Etfw\">August 15, 2021<\/a><\/p><\/blockquote>\n<p><script async src=\"https:\/\/platform.twitter.com\/widgets.js\" charset=\"utf-8\"><\/script><\/div>\n<p>&nbsp;<br \/>\n<strong>Die Lage vor Ort ist dramatisch.<\/strong><\/p>\n<div class=\"dbsm-oembed\">\n<blockquote class=\"twitter-tweet\" data-width=\"500\" data-dnt=\"true\">\n<p lang=\"de\" dir=\"ltr\">Zu Besuch bei einem afghanischen Bekannten in der Nachbarschaft. Telefoniert taeglich m Familie.<br \/>Ich: Es tut mir leid,was in <a href=\"https:\/\/twitter.com\/hashtag\/Afghanistan?src=hash&amp;ref_src=twsrc%5Etfw\">#Afghanistan<\/a>  passiert.<br \/>Er:Ich f\u00fchle keine Trauer mehr.Nichts.<br \/>Ich:Warum?<br \/>Er:Weil Euer Mitgef\u00fchl nichts bringt.Niemand hat uns geholfen und wird uns helfen<\/p>\n<p>&mdash; Isabel Schayani (@isabelschayani) <a href=\"https:\/\/twitter.com\/isabelschayani\/status\/1426966654995599365?ref_src=twsrc%5Etfw\">August 15, 2021<\/a><\/p><\/blockquote>\n<p><script async src=\"https:\/\/platform.twitter.com\/widgets.js\" charset=\"utf-8\"><\/script><\/div>\n<div class=\"dbsm-oembed\">\n<blockquote class=\"twitter-tweet\" data-width=\"500\" data-dnt=\"true\">\n<p lang=\"de\" dir=\"ltr\">Meine Freunde in Kabul berichten, dass in diesem Moment die Taliban ins Zentrum vorr\u00fccken, bewaffnet, jubelnd. Und reihenweise schreiben sie, dass sie nicht wissen, wie lange sie noch am Leben sind.<\/p>\n<p>&mdash; Hasnain Kazim (@HasnainKazim) <a href=\"https:\/\/twitter.com\/HasnainKazim\/status\/1426914078086385671?ref_src=twsrc%5Etfw\">August 15, 2021<\/a><\/p><\/blockquote>\n<p><script async src=\"https:\/\/platform.twitter.com\/widgets.js\" charset=\"utf-8\"><\/script><\/div>\n<p>&nbsp;<br \/>\n<strong>Der Afghanistan-Einsatz wird wohl als wenig ruhmreich in Erinnerung bleiben.<\/strong><\/p>\n<div class=\"dbsm-oembed\">\n<blockquote class=\"twitter-tweet\" data-width=\"500\" data-dnt=\"true\">\n<p lang=\"de\" dir=\"ltr\">So viele menschenfeindliche Beschwerden, dass \u201eso viele junge M\u00e4nner fl\u00fcchten anstatt f\u00fcr ihr Land zu k\u00e4mpfen\u201c. Racist Almans haben \u201eBlut und Boden\u201c internalisiert und verstehen nicht, dass andere zivilisierte Menschen ihr Leben daf\u00fcr nicht hergeben wollen und k\u00f6nnen.<\/p>\n<p>&mdash; Mohamed Amjahid (@mamjahid) <a href=\"https:\/\/twitter.com\/mamjahid\/status\/1426859774075940865?ref_src=twsrc%5Etfw\">August 15, 2021<\/a><\/p><\/blockquote>\n<p><script async src=\"https:\/\/platform.twitter.com\/widgets.js\" charset=\"utf-8\"><\/script><\/div>\n<div class=\"dbsm-oembed\">\n<blockquote class=\"twitter-tweet\" data-width=\"500\" data-dnt=\"true\">\n<p lang=\"de\" dir=\"ltr\">Vielleicht sollte man das Konzept &quot;In andere L\u00e4nder einmarschieren und die Menschen zivilisieren&quot; langsam \u00fcberdenken. Und wenn man trotzdem weiter an diesem Exportschlager glaubt, sollte man Zivilisten nicht erst Hoffnung machen und sie dann Terroristen \u00fcberlassen. <a href=\"https:\/\/twitter.com\/hashtag\/Kabul?src=hash&amp;ref_src=twsrc%5Etfw\">#Kabul<\/a><\/p>\n<p>&mdash; Abdelkarim\ud83d\udc8e (@AbdelkarimsLP) <a href=\"https:\/\/twitter.com\/AbdelkarimsLP\/status\/1426959153008943108?ref_src=twsrc%5Etfw\">August 15, 2021<\/a><\/p><\/blockquote>\n<p><script async src=\"https:\/\/platform.twitter.com\/widgets.js\" charset=\"utf-8\"><\/script><\/div>\n<p><iframe loading=\"lazy\" id=\"reddit-embed\" src=\"https:\/\/www.redditmedia.com\/r\/de\/comments\/p4pryl\/geschichte_wiederholt_sich\/?ref_source=embed&amp;ref=share&amp;embed=true\" sandbox=\"allow-scripts allow-same-origin allow-popups\" style=\"border: none;\" height=\"527\" width=\"640\" scrolling=\"no\"><\/iframe><\/p>\n<p>&nbsp;<\/p>\n<p>&#8212;<br \/>\nVielen Dank an alle f\u00fcr die Posts.<br \/>\n&#8212;<br \/>\n<strong>Keine Influencer! Kein Foodporn! Nur ganz viel Spa\u00df &#8211; bei uns auf Instagram:<\/strong><\/p>\n<blockquote class=\"instagram-media\" data-instgrm-captioned data-instgrm-permalink=\"https:\/\/www.instagram.com\/p\/CSZdfgCKiaU\/?utm_source=ig_embed&amp;utm_campaign=loading\" data-instgrm-version=\"13\" style=\" background:#FFF; border:0; border-radius:3px; box-shadow:0 0 1px 0 rgba(0,0,0,0.5),0 1px 10px 0 rgba(0,0,0,0.15); margin: 1px; max-width:540px; min-width:326px; padding:0; width:99.375%; width:-webkit-calc(100% - 2px); width:calc(100% - 2px);\">\n<div style=\"padding:16px;\"> <a href=\"https:\/\/www.instagram.com\/p\/CSZdfgCKiaU\/?utm_source=ig_embed&amp;utm_campaign=loading\" style=\" background:#FFFFFF; line-height:0; padding:0 0; text-align:center; text-decoration:none; width:100%;\" target=\"_blank\" rel=\"noopener\"> <\/p>\n<div style=\" display: flex; flex-direction: row; align-items: center;\">\n<div style=\"background-color: #F4F4F4; border-radius: 50%; flex-grow: 0; height: 40px; margin-right: 14px; width: 40px;\"><\/div>\n<div style=\"display: flex; flex-direction: column; flex-grow: 1; justify-content: center;\">\n<div style=\" background-color: #F4F4F4; border-radius: 4px; flex-grow: 0; height: 14px; margin-bottom: 6px; width: 100px;\"><\/div>\n<div style=\" background-color: #F4F4F4; border-radius: 4px; flex-grow: 0; height: 14px; width: 60px;\"><\/div>\n<\/div>\n<\/div>\n<div style=\"padding: 19% 0;\"><\/div>\n<div style=\"display:block; height:50px; margin:0 auto 12px; width:50px;\"><svg width=\"50px\" height=\"50px\" viewBox=\"0 0 60 60\" version=\"1.1\" xmlns=\"https:\/\/www.w3.org\/2000\/svg\" xmlns:xlink=\"https:\/\/www.w3.org\/1999\/xlink\"><g stroke=\"none\" stroke-width=\"1\" fill=\"none\" fill-rule=\"evenodd\"><g transform=\"translate(-511.000000, -20.000000)\" fill=\"#000000\"><g><path d=\"M556.869,30.41 C554.814,30.41 553.148,32.076 553.148,34.131 C553.148,36.186 554.814,37.852 556.869,37.852 C558.924,37.852 560.59,36.186 560.59,34.131 C560.59,32.076 558.924,30.41 556.869,30.41 M541,60.657 C535.114,60.657 530.342,55.887 530.342,50 C530.342,44.114 535.114,39.342 541,39.342 C546.887,39.342 551.658,44.114 551.658,50 C551.658,55.887 546.887,60.657 541,60.657 M541,33.886 C532.1,33.886 524.886,41.1 524.886,50 C524.886,58.899 532.1,66.113 541,66.113 C549.9,66.113 557.115,58.899 557.115,50 C557.115,41.1 549.9,33.886 541,33.886 M565.378,62.101 C565.244,65.022 564.756,66.606 564.346,67.663 C563.803,69.06 563.154,70.057 562.106,71.106 C561.058,72.155 560.06,72.803 558.662,73.347 C557.607,73.757 556.021,74.244 553.102,74.378 C549.944,74.521 548.997,74.552 541,74.552 C533.003,74.552 532.056,74.521 528.898,74.378 C525.979,74.244 524.393,73.757 523.338,73.347 C521.94,72.803 520.942,72.155 519.894,71.106 C518.846,70.057 518.197,69.06 517.654,67.663 C517.244,66.606 516.755,65.022 516.623,62.101 C516.479,58.943 516.448,57.996 516.448,50 C516.448,42.003 516.479,41.056 516.623,37.899 C516.755,34.978 517.244,33.391 517.654,32.338 C518.197,30.938 518.846,29.942 519.894,28.894 C520.942,27.846 521.94,27.196 523.338,26.654 C524.393,26.244 525.979,25.756 528.898,25.623 C532.057,25.479 533.004,25.448 541,25.448 C548.997,25.448 549.943,25.479 553.102,25.623 C556.021,25.756 557.607,26.244 558.662,26.654 C560.06,27.196 561.058,27.846 562.106,28.894 C563.154,29.942 563.803,30.938 564.346,32.338 C564.756,33.391 565.244,34.978 565.378,37.899 C565.522,41.056 565.552,42.003 565.552,50 C565.552,57.996 565.522,58.943 565.378,62.101 M570.82,37.631 C570.674,34.438 570.167,32.258 569.425,30.349 C568.659,28.377 567.633,26.702 565.965,25.035 C564.297,23.368 562.623,22.342 560.652,21.575 C558.743,20.834 556.562,20.326 553.369,20.18 C550.169,20.033 549.148,20 541,20 C532.853,20 531.831,20.033 528.631,20.18 C525.438,20.326 523.257,20.834 521.349,21.575 C519.376,22.342 517.703,23.368 516.035,25.035 C514.368,26.702 513.342,28.377 512.574,30.349 C511.834,32.258 511.326,34.438 511.181,37.631 C511.035,40.831 511,41.851 511,50 C511,58.147 511.035,59.17 511.181,62.369 C511.326,65.562 511.834,67.743 512.574,69.651 C513.342,71.625 514.368,73.296 516.035,74.965 C517.703,76.634 519.376,77.658 521.349,78.425 C523.257,79.167 525.438,79.673 528.631,79.82 C531.831,79.965 532.853,80.001 541,80.001 C549.148,80.001 550.169,79.965 553.369,79.82 C556.562,79.673 558.743,79.167 560.652,78.425 C562.623,77.658 564.297,76.634 565.965,74.965 C567.633,73.296 568.659,71.625 569.425,69.651 C570.167,67.743 570.674,65.562 570.82,62.369 C570.966,59.17 571,58.147 571,50 C571,41.851 570.966,40.831 570.82,37.631\"><\/path><\/g><\/g><\/g><\/svg><\/div>\n<div style=\"padding-top: 8px;\">\n<div style=\" color:#3897f0; font-family:Arial,sans-serif; font-size:14px; font-style:normal; font-weight:550; line-height:18px;\"> Sieh dir diesen Beitrag auf Instagram an<\/div>\n<\/div>\n<div style=\"padding: 12.5% 0;\"><\/div>\n<div style=\"display: flex; flex-direction: row; margin-bottom: 14px; align-items: center;\">\n<div>\n<div style=\"background-color: #F4F4F4; border-radius: 50%; height: 12.5px; width: 12.5px; transform: translateX(0px) translateY(7px);\"><\/div>\n<div style=\"background-color: #F4F4F4; height: 12.5px; transform: rotate(-45deg) translateX(3px) translateY(1px); width: 12.5px; flex-grow: 0; margin-right: 14px; margin-left: 2px;\"><\/div>\n<div style=\"background-color: #F4F4F4; border-radius: 50%; height: 12.5px; width: 12.5px; transform: translateX(9px) translateY(-18px);\"><\/div>\n<\/div>\n<div style=\"margin-left: 8px;\">\n<div style=\" background-color: #F4F4F4; border-radius: 50%; flex-grow: 0; height: 20px; width: 20px;\"><\/div>\n<div style=\" width: 0; height: 0; border-top: 2px solid transparent; border-left: 6px solid #f4f4f4; border-bottom: 2px solid transparent; transform: translateX(16px) translateY(-4px) rotate(30deg)\"><\/div>\n<\/div>\n<div style=\"margin-left: auto;\">\n<div style=\" width: 0px; border-top: 8px solid #F4F4F4; border-right: 8px solid transparent; transform: translateY(16px);\"><\/div>\n<div style=\" background-color: #F4F4F4; flex-grow: 0; height: 12px; width: 16px; transform: translateY(-4px);\"><\/div>\n<div style=\" width: 0; height: 0; border-top: 8px solid #F4F4F4; border-left: 8px solid transparent; transform: translateY(-4px) translateX(8px);\"><\/div>\n<\/div>\n<\/div>\n<div style=\"display: flex; flex-direction: column; flex-grow: 1; justify-content: center; margin-bottom: 24px;\">\n<div style=\" background-color: #F4F4F4; border-radius: 4px; flex-grow: 0; height: 14px; margin-bottom: 6px; width: 224px;\"><\/div>\n<div style=\" background-color: #F4F4F4; border-radius: 4px; flex-grow: 0; height: 14px; width: 144px;\"><\/div>\n<\/div>\n<p><\/a><\/p>\n<p style=\" color:#c9c8cd; font-family:Arial,sans-serif; font-size:14px; line-height:17px; margin-bottom:0; margin-top:8px; overflow:hidden; padding:8px 0 7px; text-align:center; text-overflow:ellipsis; white-space:nowrap;\"><a href=\"https:\/\/www.instagram.com\/p\/CSZdfgCKiaU\/?utm_source=ig_embed&amp;utm_campaign=loading\" style=\" color:#c9c8cd; font-family:Arial,sans-serif; font-size:14px; font-style:normal; font-weight:normal; line-height:17px; text-decoration:none;\" target=\"_blank\" rel=\"noopener\">Ein Beitrag geteilt von The Best Social Media &#8211; DE (@thebestsocialmediade)<\/a><\/p>\n<\/div>\n<\/blockquote>\n\n<script async defer src=\"\/instagram-embed.js\"><\/script>","protected":false},"excerpt":{"rendered":"<p>Nach dem Abzug der Bundeswehr aus Afghanistan Ende Juni eroberten die Taliban in den vergangenen Wochen immer mehr Teile des Landes. Gestern zogen sie schlie\u00dflich&#8230;<\/p>\n","protected":false},"author":72,"featured_media":149074,"comment_status":"open","ping_status":"open","sticky":false,"template":"","format":"standard","meta":{"_acf_changed":false,"footnotes":""},"categories":[35],"tags":[4603],"class_list":["post-149063","post","type-post","status-publish","format-standard","has-post-thumbnail","hentry","category-twitter","tag-armin-laschet"],"acf":[],"yoast_head":"<!-- This site is optimized with the Yoast SEO plugin v27.5 - https:\/\/yoast.com\/product\/yoast-seo-wordpress\/ -->\n<title>Kanzlerkandidat Laschet emp\u00f6rt mit Aussage zum Afghanistan-Desaster<\/title>\n<meta name=\"description\" content=\"Seine Partei lehnte einen Antrag zur Unterst\u00fctzung der Ortskr\u00e4fte ab, nun emp\u00f6rt Laschet mit seiner Aussage zum Afghanistan-Disaster.\" \/>\n<meta name=\"robots\" content=\"index, follow, max-snippet:-1, max-image-preview:large, max-video-preview:-1\" \/>\n<link rel=\"canonical\" href=\"https:\/\/www.thebestsocial.media\/de\/laschet-afghanistan-ortskraefte\/\" \/>\n<meta property=\"og:locale\" content=\"de_DE\" \/>\n<meta property=\"og:type\" content=\"article\" \/>\n<meta property=\"og:title\" content=\"&quot;2015 soll sich nicht wiederholen&quot;: Laschet emp\u00f6rt mit Aussage zum Afghanistan-Desaster\" \/>\n<meta property=\"og:description\" content=\"Seine Partei lehnte einen Antrag zur Unterst\u00fctzung der Ortskr\u00e4fte ab, nun emp\u00f6rt Laschet mit seiner Aussage zum Afghanistan-Disaster.\" \/>\n<meta property=\"og:url\" content=\"https:\/\/www.thebestsocial.media\/de\/laschet-afghanistan-ortskraefte\/\" \/>\n<meta property=\"og:site_name\" content=\"The Best Social Media DE\" \/>\n<meta property=\"article:published_time\" content=\"2021-08-16T09:25:12+00:00\" \/>\n<meta property=\"article:modified_time\" content=\"2021-08-16T09:43:10+00:00\" \/>\n<meta property=\"og:image\" content=\"https:\/\/www.thebestsocial.media\/de\/wp-content\/uploads\/sites\/3\/2021\/08\/afghanistan-fb.png\" \/>\n\t<meta property=\"og:image:width\" content=\"1200\" \/>\n\t<meta property=\"og:image:height\" content=\"630\" \/>\n\t<meta property=\"og:image:type\" content=\"image\/png\" \/>\n<meta name=\"author\" content=\"Benny\" \/>\n<meta name=\"twitter:card\" content=\"summary_large_image\" \/>\n<meta name=\"twitter:label1\" content=\"Verfasst von\" \/>\n\t<meta name=\"twitter:data1\" content=\"Benny\" \/>\n\t<meta name=\"twitter:label2\" content=\"Gesch\u00e4tzte Lesezeit\" \/>\n\t<meta name=\"twitter:data2\" content=\"1\u00a0Minute\" \/>\n<script type=\"application\/ld+json\" class=\"yoast-schema-graph\">{\"@context\":\"https:\\\/\\\/schema.org\",\"@graph\":[{\"@type\":\"Article\",\"@id\":\"https:\\\/\\\/www.thebestsocial.media\\\/de\\\/laschet-afghanistan-ortskraefte\\\/#article\",\"isPartOf\":{\"@id\":\"https:\\\/\\\/www.thebestsocial.media\\\/de\\\/laschet-afghanistan-ortskraefte\\\/\"},\"author\":{\"name\":\"Benny\",\"@id\":\"https:\\\/\\\/www.thebestsocial.media\\\/de\\\/#\\\/schema\\\/person\\\/212fdd48880db42a484e589e4e27871b\"},\"headline\":\"&#8222;2015 soll sich nicht wiederholen&#8220;: Laschet emp\u00f6rt mit Aussage zum Afghanistan-Desaster\",\"datePublished\":\"2021-08-16T09:25:12+00:00\",\"dateModified\":\"2021-08-16T09:43:10+00:00\",\"mainEntityOfPage\":{\"@id\":\"https:\\\/\\\/www.thebestsocial.media\\\/de\\\/laschet-afghanistan-ortskraefte\\\/\"},\"wordCount\":407,\"commentCount\":0,\"image\":{\"@id\":\"https:\\\/\\\/www.thebestsocial.media\\\/de\\\/laschet-afghanistan-ortskraefte\\\/#primaryimage\"},\"thumbnailUrl\":\"https:\\\/\\\/www.thebestsocial.media\\\/de\\\/wp-content\\\/uploads\\\/sites\\\/3\\\/2021\\\/08\\\/afghanistan-th.png\",\"keywords\":[\"Armin Laschet\"],\"articleSection\":[\"Twitter\"],\"inLanguage\":\"de\",\"potentialAction\":[{\"@type\":\"CommentAction\",\"name\":\"Comment\",\"target\":[\"https:\\\/\\\/www.thebestsocial.media\\\/de\\\/laschet-afghanistan-ortskraefte\\\/#respond\"]}]},{\"@type\":\"WebPage\",\"@id\":\"https:\\\/\\\/www.thebestsocial.media\\\/de\\\/laschet-afghanistan-ortskraefte\\\/\",\"url\":\"https:\\\/\\\/www.thebestsocial.media\\\/de\\\/laschet-afghanistan-ortskraefte\\\/\",\"name\":\"Kanzlerkandidat Laschet emp\u00f6rt mit Aussage zum Afghanistan-Desaster\",\"isPartOf\":{\"@id\":\"https:\\\/\\\/www.thebestsocial.media\\\/de\\\/#website\"},\"primaryImageOfPage\":{\"@id\":\"https:\\\/\\\/www.thebestsocial.media\\\/de\\\/laschet-afghanistan-ortskraefte\\\/#primaryimage\"},\"image\":{\"@id\":\"https:\\\/\\\/www.thebestsocial.media\\\/de\\\/laschet-afghanistan-ortskraefte\\\/#primaryimage\"},\"thumbnailUrl\":\"https:\\\/\\\/www.thebestsocial.media\\\/de\\\/wp-content\\\/uploads\\\/sites\\\/3\\\/2021\\\/08\\\/afghanistan-th.png\",\"datePublished\":\"2021-08-16T09:25:12+00:00\",\"dateModified\":\"2021-08-16T09:43:10+00:00\",\"author\":{\"@id\":\"https:\\\/\\\/www.thebestsocial.media\\\/de\\\/#\\\/schema\\\/person\\\/212fdd48880db42a484e589e4e27871b\"},\"description\":\"Seine Partei lehnte einen Antrag zur Unterst\u00fctzung der Ortskr\u00e4fte ab, nun emp\u00f6rt Laschet mit seiner Aussage zum Afghanistan-Disaster.\",\"breadcrumb\":{\"@id\":\"https:\\\/\\\/www.thebestsocial.media\\\/de\\\/laschet-afghanistan-ortskraefte\\\/#breadcrumb\"},\"inLanguage\":\"de\",\"potentialAction\":[{\"@type\":\"ReadAction\",\"target\":[\"https:\\\/\\\/www.thebestsocial.media\\\/de\\\/laschet-afghanistan-ortskraefte\\\/\"]}]},{\"@type\":\"ImageObject\",\"inLanguage\":\"de\",\"@id\":\"https:\\\/\\\/www.thebestsocial.media\\\/de\\\/laschet-afghanistan-ortskraefte\\\/#primaryimage\",\"url\":\"https:\\\/\\\/www.thebestsocial.media\\\/de\\\/wp-content\\\/uploads\\\/sites\\\/3\\\/2021\\\/08\\\/afghanistan-th.png\",\"contentUrl\":\"https:\\\/\\\/www.thebestsocial.media\\\/de\\\/wp-content\\\/uploads\\\/sites\\\/3\\\/2021\\\/08\\\/afghanistan-th.png\",\"width\":1200,\"height\":630},{\"@type\":\"BreadcrumbList\",\"@id\":\"https:\\\/\\\/www.thebestsocial.media\\\/de\\\/laschet-afghanistan-ortskraefte\\\/#breadcrumb\",\"itemListElement\":[{\"@type\":\"ListItem\",\"position\":1,\"name\":\"Home\",\"item\":\"https:\\\/\\\/www.thebestsocial.media\\\/de\\\/\"},{\"@type\":\"ListItem\",\"position\":2,\"name\":\"&#8222;2015 soll sich nicht wiederholen&#8220;: Laschet emp\u00f6rt mit Aussage zum Afghanistan-Desaster\"}]},{\"@type\":\"WebSite\",\"@id\":\"https:\\\/\\\/www.thebestsocial.media\\\/de\\\/#website\",\"url\":\"https:\\\/\\\/www.thebestsocial.media\\\/de\\\/\",\"name\":\"The Best Social Media DE\",\"description\":\"\",\"potentialAction\":[{\"@type\":\"SearchAction\",\"target\":{\"@type\":\"EntryPoint\",\"urlTemplate\":\"https:\\\/\\\/www.thebestsocial.media\\\/de\\\/?s={search_term_string}\"},\"query-input\":{\"@type\":\"PropertyValueSpecification\",\"valueRequired\":true,\"valueName\":\"search_term_string\"}}],\"inLanguage\":\"de\"},{\"@type\":\"Person\",\"@id\":\"https:\\\/\\\/www.thebestsocial.media\\\/de\\\/#\\\/schema\\\/person\\\/212fdd48880db42a484e589e4e27871b\",\"name\":\"Benny\",\"image\":{\"@type\":\"ImageObject\",\"inLanguage\":\"de\",\"@id\":\"https:\\\/\\\/secure.gravatar.com\\\/avatar\\\/559f54fceb59ac8654d5ca40291d2ab87f2a9d79e48e8e3c19582477cde950bf?s=96&d=mm&r=g\",\"url\":\"https:\\\/\\\/secure.gravatar.com\\\/avatar\\\/559f54fceb59ac8654d5ca40291d2ab87f2a9d79e48e8e3c19582477cde950bf?s=96&d=mm&r=g\",\"contentUrl\":\"https:\\\/\\\/secure.gravatar.com\\\/avatar\\\/559f54fceb59ac8654d5ca40291d2ab87f2a9d79e48e8e3c19582477cde950bf?s=96&d=mm&r=g\",\"caption\":\"Benny\"},\"url\":\"https:\\\/\\\/www.thebestsocial.media\\\/de\\\/author\\\/bennykrueger\\\/\"}]}<\/script>\n<!-- \/ Yoast SEO plugin. -->","yoast_head_json":{"title":"Kanzlerkandidat Laschet emp\u00f6rt mit Aussage zum Afghanistan-Desaster","description":"Seine Partei lehnte einen Antrag zur Unterst\u00fctzung der Ortskr\u00e4fte ab, nun emp\u00f6rt Laschet mit seiner Aussage zum Afghanistan-Disaster.","robots":{"index":"index","follow":"follow","max-snippet":"max-snippet:-1","max-image-preview":"max-image-preview:large","max-video-preview":"max-video-preview:-1"},"canonical":"https:\/\/www.thebestsocial.media\/de\/laschet-afghanistan-ortskraefte\/","og_locale":"de_DE","og_type":"article","og_title":"\"2015 soll sich nicht wiederholen\": Laschet emp\u00f6rt mit Aussage zum Afghanistan-Desaster","og_description":"Seine Partei lehnte einen Antrag zur Unterst\u00fctzung der Ortskr\u00e4fte ab, nun emp\u00f6rt Laschet mit seiner Aussage zum Afghanistan-Disaster.","og_url":"https:\/\/www.thebestsocial.media\/de\/laschet-afghanistan-ortskraefte\/","og_site_name":"The Best Social Media DE","article_published_time":"2021-08-16T09:25:12+00:00","article_modified_time":"2021-08-16T09:43:10+00:00","og_image":[{"width":1200,"height":630,"url":"https:\/\/www.thebestsocial.media\/de\/wp-content\/uploads\/sites\/3\/2021\/08\/afghanistan-fb.png","type":"image\/png"}],"author":"Benny","twitter_card":"summary_large_image","twitter_misc":{"Verfasst von":"Benny","Gesch\u00e4tzte Lesezeit":"1\u00a0Minute"},"schema":{"@context":"https:\/\/schema.org","@graph":[{"@type":"Article","@id":"https:\/\/www.thebestsocial.media\/de\/laschet-afghanistan-ortskraefte\/#article","isPartOf":{"@id":"https:\/\/www.thebestsocial.media\/de\/laschet-afghanistan-ortskraefte\/"},"author":{"name":"Benny","@id":"https:\/\/www.thebestsocial.media\/de\/#\/schema\/person\/212fdd48880db42a484e589e4e27871b"},"headline":"&#8222;2015 soll sich nicht wiederholen&#8220;: Laschet emp\u00f6rt mit Aussage zum Afghanistan-Desaster","datePublished":"2021-08-16T09:25:12+00:00","dateModified":"2021-08-16T09:43:10+00:00","mainEntityOfPage":{"@id":"https:\/\/www.thebestsocial.media\/de\/laschet-afghanistan-ortskraefte\/"},"wordCount":407,"commentCount":0,"image":{"@id":"https:\/\/www.thebestsocial.media\/de\/laschet-afghanistan-ortskraefte\/#primaryimage"},"thumbnailUrl":"https:\/\/www.thebestsocial.media\/de\/wp-content\/uploads\/sites\/3\/2021\/08\/afghanistan-th.png","keywords":["Armin Laschet"],"articleSection":["Twitter"],"inLanguage":"de","potentialAction":[{"@type":"CommentAction","name":"Comment","target":["https:\/\/www.thebestsocial.media\/de\/laschet-afghanistan-ortskraefte\/#respond"]}]},{"@type":"WebPage","@id":"https:\/\/www.thebestsocial.media\/de\/laschet-afghanistan-ortskraefte\/","url":"https:\/\/www.thebestsocial.media\/de\/laschet-afghanistan-ortskraefte\/","name":"Kanzlerkandidat Laschet emp\u00f6rt mit Aussage zum Afghanistan-Desaster","isPartOf":{"@id":"https:\/\/www.thebestsocial.media\/de\/#website"},"primaryImageOfPage":{"@id":"https:\/\/www.thebestsocial.media\/de\/laschet-afghanistan-ortskraefte\/#primaryimage"},"image":{"@id":"https:\/\/www.thebestsocial.media\/de\/laschet-afghanistan-ortskraefte\/#primaryimage"},"thumbnailUrl":"https:\/\/www.thebestsocial.media\/de\/wp-content\/uploads\/sites\/3\/2021\/08\/afghanistan-th.png","datePublished":"2021-08-16T09:25:12+00:00","dateModified":"2021-08-16T09:43:10+00:00","author":{"@id":"https:\/\/www.thebestsocial.media\/de\/#\/schema\/person\/212fdd48880db42a484e589e4e27871b"},"description":"Seine Partei lehnte einen Antrag zur Unterst\u00fctzung der Ortskr\u00e4fte ab, nun emp\u00f6rt Laschet mit seiner Aussage zum Afghanistan-Disaster.","breadcrumb":{"@id":"https:\/\/www.thebestsocial.media\/de\/laschet-afghanistan-ortskraefte\/#breadcrumb"},"inLanguage":"de","potentialAction":[{"@type":"ReadAction","target":["https:\/\/www.thebestsocial.media\/de\/laschet-afghanistan-ortskraefte\/"]}]},{"@type":"ImageObject","inLanguage":"de","@id":"https:\/\/www.thebestsocial.media\/de\/laschet-afghanistan-ortskraefte\/#primaryimage","url":"https:\/\/www.thebestsocial.media\/de\/wp-content\/uploads\/sites\/3\/2021\/08\/afghanistan-th.png","contentUrl":"https:\/\/www.thebestsocial.media\/de\/wp-content\/uploads\/sites\/3\/2021\/08\/afghanistan-th.png","width":1200,"height":630},{"@type":"BreadcrumbList","@id":"https:\/\/www.thebestsocial.media\/de\/laschet-afghanistan-ortskraefte\/#breadcrumb","itemListElement":[{"@type":"ListItem","position":1,"name":"Home","item":"https:\/\/www.thebestsocial.media\/de\/"},{"@type":"ListItem","position":2,"name":"&#8222;2015 soll sich nicht wiederholen&#8220;: Laschet emp\u00f6rt mit Aussage zum Afghanistan-Desaster"}]},{"@type":"WebSite","@id":"https:\/\/www.thebestsocial.media\/de\/#website","url":"https:\/\/www.thebestsocial.media\/de\/","name":"The Best Social Media DE","description":"","potentialAction":[{"@type":"SearchAction","target":{"@type":"EntryPoint","urlTemplate":"https:\/\/www.thebestsocial.media\/de\/?s={search_term_string}"},"query-input":{"@type":"PropertyValueSpecification","valueRequired":true,"valueName":"search_term_string"}}],"inLanguage":"de"},{"@type":"Person","@id":"https:\/\/www.thebestsocial.media\/de\/#\/schema\/person\/212fdd48880db42a484e589e4e27871b","name":"Benny","image":{"@type":"ImageObject","inLanguage":"de","@id":"https:\/\/secure.gravatar.com\/avatar\/559f54fceb59ac8654d5ca40291d2ab87f2a9d79e48e8e3c19582477cde950bf?s=96&d=mm&r=g","url":"https:\/\/secure.gravatar.com\/avatar\/559f54fceb59ac8654d5ca40291d2ab87f2a9d79e48e8e3c19582477cde950bf?s=96&d=mm&r=g","contentUrl":"https:\/\/secure.gravatar.com\/avatar\/559f54fceb59ac8654d5ca40291d2ab87f2a9d79e48e8e3c19582477cde950bf?s=96&d=mm&r=g","caption":"Benny"},"url":"https:\/\/www.thebestsocial.media\/de\/author\/bennykrueger\/"}]}},"amp_enabled":true,"_links":{"self":[{"href":"https:\/\/www.thebestsocial.media\/de\/wp-json\/wp\/v2\/posts\/149063","targetHints":{"allow":["GET"]}}],"collection":[{"href":"https:\/\/www.thebestsocial.media\/de\/wp-json\/wp\/v2\/posts"}],"about":[{"href":"https:\/\/www.thebestsocial.media\/de\/wp-json\/wp\/v2\/types\/post"}],"author":[{"embeddable":true,"href":"https:\/\/www.thebestsocial.media\/de\/wp-json\/wp\/v2\/users\/72"}],"replies":[{"embeddable":true,"href":"https:\/\/www.thebestsocial.media\/de\/wp-json\/wp\/v2\/comments?post=149063"}],"version-history":[{"count":4,"href":"https:\/\/www.thebestsocial.media\/de\/wp-json\/wp\/v2\/posts\/149063\/revisions"}],"predecessor-version":[{"id":149077,"href":"https:\/\/www.thebestsocial.media\/de\/wp-json\/wp\/v2\/posts\/149063\/revisions\/149077"}],"wp:featuredmedia":[{"embeddable":true,"href":"https:\/\/www.thebestsocial.media\/de\/wp-json\/wp\/v2\/media\/149074"}],"wp:attachment":[{"href":"https:\/\/www.thebestsocial.media\/de\/wp-json\/wp\/v2\/media?parent=149063"}],"wp:term":[{"taxonomy":"category","embeddable":true,"href":"https:\/\/www.thebestsocial.media\/de\/wp-json\/wp\/v2\/categories?post=149063"},{"taxonomy":"post_tag","embeddable":true,"href":"https:\/\/www.thebestsocial.media\/de\/wp-json\/wp\/v2\/tags?post=149063"}],"curies":[{"name":"wp","href":"https:\/\/api.w.org\/{rel}","templated":true}]}}