{"id":148868,"date":"2021-08-11T14:51:24","date_gmt":"2021-08-11T14:51:24","guid":{"rendered":"https:\/\/www.thebestsocial.media\/de\/?p=148868"},"modified":"2021-08-11T15:34:00","modified_gmt":"2021-08-11T15:34:00","slug":"kraftriegel-der-facharbeiter-schroeders-ode-an-die-currywurst-sorgt-fuer-spott-im-netz","status":"publish","type":"post","link":"https:\/\/www.thebestsocial.media\/de\/kraftriegel-der-facharbeiter-schroeders-ode-an-die-currywurst-sorgt-fuer-spott-im-netz\/","title":{"rendered":"&#8222;Kraftriegel&#8220; &#8211; Gerhard Schr\u00f6ders Ode an die Currywurst sorgt f\u00fcr Spott im Netz"},"content":{"rendered":"<p>Der Trend in Sachen Ern\u00e4hrung geht seit einigen Jahren immer mehr in Richtung weniger Fleisch, mehr pflanzenbasierte Nahrung. Vegetarische und vegane Alternativen schie\u00dfen wie Pilze aus dem Boden, auch VW hat sich j\u00fcngst dazu entschlossen, das Fleischangebot in einer der Werkskantinen komplett vom Tisch zu nehmen. Dass Protest da nicht ausbleibt, \u00fcberrascht nicht. Das Ausma\u00df ist dann aber doch bemerkenswert. Ex-Bundeskanzler Gerhard Schr\u00f6der, der in letzter Zeit h\u00f6chstens mal in Instagramposts seiner Partnerin und <a href=\"https:\/\/www.thebestsocial.media\/de\/instagram-video-seiner-frau-altkanzler-schroeder-fachsimpelt-ueber-hagebutten-und-gibt-pikantes-preis\/\" target=\"_blank\" rel=\"noopener\">Hagebutten-Philosophiererei\u00a0<\/a>in Erscheinung getreten war, f\u00fchlte sich jetzt anscheinend berufen, seinen Curryketchup zu der ganzen Sache zu geben.<\/p>\n<p><strong>Auf LinkedIn postet er dazu folgendes Statement:<\/strong><br \/>\n<iframe loading=\"lazy\" title=\"Eingebetteter Beitrag\" src=\"https:\/\/www.linkedin.com\/embed\/feed\/update\/urn:li:share:6830848451572469760\" width=\"504\" height=\"1115\" frameborder=\"0\" allowfullscreen=\"allowfullscreen\"><\/iframe><\/p>\n<p>&nbsp;<\/p>\n<p><strong>Die ganze Aktion, speziell der Ausdruck &#8222;Kraftriegel&#8220;, ist nat\u00fcrlich gefundenes Fressen f\u00fcr&#8217;s Internet. Und es wird prompt geliefert:<\/strong><\/p>\n<p style=\"text-align: center;\"><strong>1.<\/strong><\/p>\n<div class=\"dbsm-oembed\">\n<blockquote class=\"twitter-tweet\" data-width=\"500\" data-dnt=\"true\">\n<p lang=\"de\" dir=\"ltr\">Was mir pers\u00f6nlich viel mehr Kraft geben w\u00fcrde, w\u00e4re wenn Gerhard Schr\u00f6der endlich mal seine Schnauze halten k\u00f6nnte. <a href=\"https:\/\/t.co\/JP30aVsPcY\">pic.twitter.com\/JP30aVsPcY<\/a><\/p>\n<p>&mdash; Sebastian 23 (@mondschaf23) <a href=\"https:\/\/twitter.com\/mondschaf23\/status\/1425411658931900416?ref_src=twsrc%5Etfw\">August 11, 2021<\/a><\/p><\/blockquote>\n<p><script async src=\"https:\/\/platform.twitter.com\/widgets.js\" charset=\"utf-8\"><\/script><\/div>\n<p>&nbsp;<\/p>\n<p style=\"text-align: center;\"><strong>2.<\/strong><\/p>\n<div class=\"dbsm-oembed\">\n<blockquote class=\"twitter-tweet\" data-width=\"500\" data-dnt=\"true\">\n<p lang=\"de\" dir=\"ltr\">altkanzler gerhard schr\u00f6der k\u00e4mpft selbst im ruhestand noch f\u00fcr die rechte der arbeitnehmer auf currywurst ein echter held der sozialdemokratie <a href=\"https:\/\/t.co\/MbVtkhl0Ov\">pic.twitter.com\/MbVtkhl0Ov<\/a><\/p>\n<p>&mdash; mischgunst (@mischgunst) <a href=\"https:\/\/twitter.com\/mischgunst\/status\/1425344756717166595?ref_src=twsrc%5Etfw\">August 11, 2021<\/a><\/p><\/blockquote>\n<p><script async src=\"https:\/\/platform.twitter.com\/widgets.js\" charset=\"utf-8\"><\/script><\/div>\n<p>&nbsp;<\/p>\n<p style=\"text-align: center;\"><strong>3.<\/strong><\/p>\n<div class=\"dbsm-oembed\">\n<blockquote class=\"twitter-tweet\" data-width=\"500\" data-dnt=\"true\">\n<p lang=\"de\" dir=\"ltr\">Wenn <a href=\"https:\/\/twitter.com\/volkswagen?ref_src=twsrc%5Etfw\">@volkswagen<\/a> cool ist, nennen sie ihre fleischfreie <a href=\"https:\/\/twitter.com\/hashtag\/Currywurst?src=hash&amp;ref_src=twsrc%5Etfw\">#Currywurst<\/a> ab jetzt &quot;veganen Kraftriegel&quot;, einfach um Gerhard Schr\u00f6der zu \u00e4rgern \ud83e\udd13<\/p>\n<p>&mdash; Robin Engelhardt (@Elektro_Robin) <a href=\"https:\/\/twitter.com\/Elektro_Robin\/status\/1425182111691063300?ref_src=twsrc%5Etfw\">August 10, 2021<\/a><\/p><\/blockquote>\n<p><script async src=\"https:\/\/platform.twitter.com\/widgets.js\" charset=\"utf-8\"><\/script><\/div>\n<p>&nbsp;<\/p>\n<p>&nbsp;<\/p>\n<p style=\"text-align: center;\"><a href=\"https:\/\/www.thebestsocial.media\/de\/eine-tieftraurige-geschichte-wie-ein-apfelstrudel-das-internet-durchdrehen-laesst\/\" target=\"_blank\" rel=\"noopener\"><strong>4.<\/strong><\/a><\/p>\n<div class=\"dbsm-oembed\">\n<blockquote class=\"twitter-tweet\" data-width=\"500\" data-dnt=\"true\">\n<p lang=\"de\" dir=\"ltr\">Rewe. <\/p>\n<p>Neben mir ein P\u00e4rchen. <\/p>\n<p>Der Kerl holt pl\u00f6tzlich begeistert Curry Wurst aus der Truhe.<\/p>\n<p>Er: \u201eSchatz? K\u00f6nnen wir das essen?\u201c<br \/>Sie: \u201eViel zu fettig.\u201c und geht. <\/p>\n<p>Er [kopsch\u00fcttelnd]: \u201eSie ist nicht die Richtige.\u201c<\/p>\n<p>Dieser Mann war Gerhard Schr\u00f6der. Der Rest ist Geschichte.<\/p>\n<p>&mdash; Titus Blome (@derLampenputzer) <a href=\"https:\/\/twitter.com\/derLampenputzer\/status\/1425116024576389123?ref_src=twsrc%5Etfw\">August 10, 2021<\/a><\/p><\/blockquote>\n<p><script async src=\"https:\/\/platform.twitter.com\/widgets.js\" charset=\"utf-8\"><\/script><\/div>\n<p>&nbsp;<\/p>\n<p style=\"text-align: center;\"><strong>5.<\/strong><\/p>\n<blockquote class=\"instagram-media\" style=\"background: #FFF; border: 0; border-radius: 3px; box-shadow: 0 0 1px 0 rgba(0,0,0,0.5),0 1px 10px 0 rgba(0,0,0,0.15); margin: 1px; max-width: 540px; min-width: 326px; padding: 0; width: calc(100% - 2px);\" data-instgrm-captioned=\"\" data-instgrm-permalink=\"https:\/\/www.instagram.com\/p\/CSba6zdM-X1\/?utm_source=ig_embed&amp;utm_campaign=loading\" data-instgrm-version=\"13\">\n<div style=\"padding: 16px;\">\n<p>&nbsp;<\/p>\n<div style=\"display: flex; flex-direction: row; align-items: center;\">\n<div style=\"background-color: #f4f4f4; border-radius: 50%; flex-grow: 0; height: 40px; margin-right: 14px; width: 40px;\"><\/div>\n<div style=\"display: flex; flex-direction: column; flex-grow: 1; justify-content: center;\">\n<div style=\"background-color: #f4f4f4; border-radius: 4px; flex-grow: 0; height: 14px; margin-bottom: 6px; width: 100px;\"><\/div>\n<div style=\"background-color: #f4f4f4; border-radius: 4px; flex-grow: 0; height: 14px; width: 60px;\"><\/div>\n<\/div>\n<\/div>\n<div style=\"padding: 19% 0;\"><\/div>\n<div style=\"display: block; height: 50px; margin: 0 auto 12px; width: 50px;\"><\/div>\n<div style=\"padding-top: 8px;\">\n<div style=\"color: #3897f0; font-family: Arial,sans-serif; font-size: 14px; font-style: normal; font-weight: 550; line-height: 18px;\">Sieh dir diesen Beitrag auf Instagram an<\/div>\n<\/div>\n<div style=\"padding: 12.5% 0;\"><\/div>\n<div style=\"display: flex; flex-direction: row; margin-bottom: 14px; align-items: center;\">\n<div>\n<div style=\"background-color: #f4f4f4; border-radius: 50%; height: 12.5px; width: 12.5px; transform: translateX(0px) translateY(7px);\"><\/div>\n<div style=\"background-color: #f4f4f4; height: 12.5px; transform: rotate(-45deg) translateX(3px) translateY(1px); width: 12.5px; flex-grow: 0; margin-right: 14px; margin-left: 2px;\"><\/div>\n<div style=\"background-color: #f4f4f4; border-radius: 50%; height: 12.5px; width: 12.5px; transform: translateX(9px) translateY(-18px);\"><\/div>\n<\/div>\n<div style=\"margin-left: 8px;\">\n<div style=\"background-color: #f4f4f4; border-radius: 50%; flex-grow: 0; height: 20px; width: 20px;\"><\/div>\n<div style=\"width: 0; height: 0; border-top: 2px solid transparent; border-left: 6px solid #f4f4f4; border-bottom: 2px solid transparent; transform: translateX(16px) translateY(-4px) rotate(30deg);\"><\/div>\n<\/div>\n<div style=\"margin-left: auto;\">\n<div style=\"width: 0px; border-top: 8px solid #F4F4F4; border-right: 8px solid transparent; transform: translateY(16px);\"><\/div>\n<div style=\"background-color: #f4f4f4; flex-grow: 0; height: 12px; width: 16px; transform: translateY(-4px);\"><\/div>\n<div style=\"width: 0; height: 0; border-top: 8px solid #F4F4F4; border-left: 8px solid transparent; transform: translateY(-4px) translateX(8px);\"><\/div>\n<\/div>\n<\/div>\n<div style=\"display: flex; flex-direction: column; flex-grow: 1; justify-content: center; margin-bottom: 24px;\">\n<div style=\"background-color: #f4f4f4; border-radius: 4px; flex-grow: 0; height: 14px; margin-bottom: 6px; width: 224px;\"><\/div>\n<div style=\"background-color: #f4f4f4; border-radius: 4px; flex-grow: 0; height: 14px; width: 144px;\"><\/div>\n<\/div>\n<p>&nbsp;<\/p>\n<p style=\"color: #c9c8cd; font-family: Arial,sans-serif; font-size: 14px; line-height: 17px; margin-bottom: 0; margin-top: 8px; overflow: hidden; padding: 8px 0 7px; text-align: center; text-overflow: ellipsis; white-space: nowrap;\"><a style=\"color: #c9c8cd; font-family: Arial,sans-serif; font-size: 14px; font-style: normal; font-weight: normal; line-height: 17px; text-decoration: none;\" href=\"https:\/\/www.instagram.com\/p\/CSba6zdM-X1\/?utm_source=ig_embed&amp;utm_campaign=loading\" target=\"_blank\" rel=\"noopener\">Ein Beitrag geteilt von Alman Memes (@alman_memes2.0)<\/a><\/p>\n<\/div>\n<\/blockquote>\n\n<p>&nbsp;<\/p>\n<p style=\"text-align: center;\"><strong>6.<\/strong><\/p>\n<blockquote class=\"instagram-media\" style=\"background: #FFF; border: 0; border-radius: 3px; box-shadow: 0 0 1px 0 rgba(0,0,0,0.5),0 1px 10px 0 rgba(0,0,0,0.15); margin: 1px; max-width: 540px; min-width: 326px; padding: 0; width: calc(100% - 2px);\" data-instgrm-captioned=\"\" data-instgrm-permalink=\"https:\/\/www.instagram.com\/p\/CSbW9GJsRGi\/?utm_source=ig_embed&amp;utm_campaign=loading\" data-instgrm-version=\"13\">\n<div style=\"padding: 16px;\">\n<p>&nbsp;<\/p>\n<div style=\"display: flex; flex-direction: row; align-items: center;\">\n<div style=\"background-color: #f4f4f4; border-radius: 50%; flex-grow: 0; height: 40px; margin-right: 14px; width: 40px;\"><\/div>\n<div style=\"display: flex; flex-direction: column; flex-grow: 1; justify-content: center;\">\n<div style=\"background-color: #f4f4f4; border-radius: 4px; flex-grow: 0; height: 14px; margin-bottom: 6px; width: 100px;\"><\/div>\n<div style=\"background-color: #f4f4f4; border-radius: 4px; flex-grow: 0; height: 14px; width: 60px;\"><\/div>\n<\/div>\n<\/div>\n<div style=\"padding: 19% 0;\"><\/div>\n<div style=\"display: block; height: 50px; margin: 0 auto 12px; width: 50px;\"><\/div>\n<div style=\"padding-top: 8px;\">\n<div style=\"color: #3897f0; font-family: Arial,sans-serif; font-size: 14px; font-style: normal; font-weight: 550; line-height: 18px;\">Sieh dir diesen Beitrag auf Instagram an<\/div>\n<\/div>\n<div style=\"padding: 12.5% 0;\"><\/div>\n<div style=\"display: flex; flex-direction: row; margin-bottom: 14px; align-items: center;\">\n<div>\n<div style=\"background-color: #f4f4f4; border-radius: 50%; height: 12.5px; width: 12.5px; transform: translateX(0px) translateY(7px);\"><\/div>\n<div style=\"background-color: #f4f4f4; height: 12.5px; transform: rotate(-45deg) translateX(3px) translateY(1px); width: 12.5px; flex-grow: 0; margin-right: 14px; margin-left: 2px;\"><\/div>\n<div style=\"background-color: #f4f4f4; border-radius: 50%; height: 12.5px; width: 12.5px; transform: translateX(9px) translateY(-18px);\"><\/div>\n<\/div>\n<div style=\"margin-left: 8px;\">\n<div style=\"background-color: #f4f4f4; border-radius: 50%; flex-grow: 0; height: 20px; width: 20px;\"><\/div>\n<div style=\"width: 0; height: 0; border-top: 2px solid transparent; border-left: 6px solid #f4f4f4; border-bottom: 2px solid transparent; transform: translateX(16px) translateY(-4px) rotate(30deg);\"><\/div>\n<\/div>\n<div style=\"margin-left: auto;\">\n<div style=\"width: 0px; border-top: 8px solid #F4F4F4; border-right: 8px solid transparent; transform: translateY(16px);\"><\/div>\n<div style=\"background-color: #f4f4f4; flex-grow: 0; height: 12px; width: 16px; transform: translateY(-4px);\"><\/div>\n<div style=\"width: 0; height: 0; border-top: 8px solid #F4F4F4; border-left: 8px solid transparent; transform: translateY(-4px) translateX(8px);\"><\/div>\n<\/div>\n<\/div>\n<div style=\"display: flex; flex-direction: column; flex-grow: 1; justify-content: center; margin-bottom: 24px;\">\n<div style=\"background-color: #f4f4f4; border-radius: 4px; flex-grow: 0; height: 14px; margin-bottom: 6px; width: 224px;\"><\/div>\n<div style=\"background-color: #f4f4f4; border-radius: 4px; flex-grow: 0; height: 14px; width: 144px;\"><\/div>\n<\/div>\n<p>&nbsp;<\/p>\n<p style=\"color: #c9c8cd; font-family: Arial,sans-serif; font-size: 14px; line-height: 17px; margin-bottom: 0; margin-top: 8px; overflow: hidden; padding: 8px 0 7px; text-align: center; text-overflow: ellipsis; white-space: nowrap;\"><a style=\"color: #c9c8cd; font-family: Arial,sans-serif; font-size: 14px; font-style: normal; font-weight: normal; line-height: 17px; text-decoration: none;\" href=\"https:\/\/www.instagram.com\/p\/CSbW9GJsRGi\/?utm_source=ig_embed&amp;utm_campaign=loading\" target=\"_blank\" rel=\"noopener\">Ein Beitrag geteilt von Memekanzler (@kanzlermeme)<\/a><\/p>\n<\/div>\n<\/blockquote>\n\n<p>&nbsp;<\/p>\n<p>&nbsp;<\/p>\n<p style=\"text-align: center;\"><strong>7.\u00a0<\/strong><\/p>\n<div class=\"dbsm-oembed\">\n<blockquote class=\"twitter-tweet\" data-width=\"500\" data-dnt=\"true\">\n<p lang=\"de\" dir=\"ltr\"><a href=\"https:\/\/twitter.com\/hashtag\/rettetdieCurrywurst?src=hash&amp;ref_src=twsrc%5Etfw\">#rettetdieCurrywurst<\/a>? Haben wir doch l\u00e4ngst erledigt! Lieber <a href=\"https:\/\/twitter.com\/gerdschroeder?ref_src=twsrc%5Etfw\">@gerdschroeder<\/a>, wir laden dich ein, unsere Currywurst zu probieren und deine Meinung zu teilen. F\u00fcr die Besch\u00e4ftigten bei <a href=\"https:\/\/twitter.com\/VW?ref_src=twsrc%5Etfw\">@VW<\/a>, f\u00fcr Ex-Kanzler \u2013 f\u00fcr alle, die Currywurst lieben und nicht darauf verzichten wollen. <a href=\"https:\/\/t.co\/fsWranxaZj\">pic.twitter.com\/fsWranxaZj<\/a><\/p>\n<p>&mdash; R\u00fcgenwalder M\u00fchle (@Ruegenwalder) <a href=\"https:\/\/twitter.com\/Ruegenwalder\/status\/1425440203024502788?ref_src=twsrc%5Etfw\">August 11, 2021<\/a><\/p><\/blockquote>\n<p><script async src=\"https:\/\/platform.twitter.com\/widgets.js\" charset=\"utf-8\"><\/script><\/div>\n<p>&nbsp;<\/p>\n<p style=\"text-align: center;\"><strong>8.<\/strong><\/p>\n<div class=\"dbsm-oembed\">\n<blockquote class=\"twitter-tweet\" data-width=\"500\" data-dnt=\"true\">\n<p lang=\"en\" dir=\"ltr\">Gerhard Schr\u00f6der Parks Currywurst Van Outside VW Headquarters To Sell Spicy Pork Treats To Deprived Auto Workers <a href=\"https:\/\/t.co\/qJDqp92trk\">pic.twitter.com\/qJDqp92trk<\/a><\/p>\n<p>&mdash; Le Chou News (@LeChouNews) <a href=\"https:\/\/twitter.com\/LeChouNews\/status\/1425393053263704066?ref_src=twsrc%5Etfw\">August 11, 2021<\/a><\/p><\/blockquote>\n<p><script async src=\"https:\/\/platform.twitter.com\/widgets.js\" charset=\"utf-8\"><\/script><\/div>\n<p>&nbsp;<\/p>\n<p style=\"text-align: center;\"><strong>9.<\/strong><\/p>\n<div class=\"dbsm-oembed\">\n<blockquote class=\"twitter-tweet\" data-width=\"500\" data-dnt=\"true\">\n<p lang=\"de\" dir=\"ltr\">cringe level 9.9:<\/p>\n<p>nach dem Erfolgstext von Gerd Schr\u00f6der zur <a href=\"https:\/\/twitter.com\/hashtag\/Currywurst?src=hash&amp;ref_src=twsrc%5Etfw\">#Currywurst<\/a> , einer Art 2- im Schulaufsatz (stilistisch 1, aber zu viel emotionally engagend&#8230;) und Wutleserbrief aus dem Seniorenstift, m\u00f6chte <a href=\"https:\/\/twitter.com\/ArminLaschet?ref_src=twsrc%5Etfw\">@ArminLaschet<\/a> auch gern ein bissl im Wurstwasser mitschwimmen: <a href=\"https:\/\/t.co\/icySxi5WPL\">https:\/\/t.co\/icySxi5WPL<\/a><\/p>\n<p>&mdash; Stefan Hajek (@Stefan_Hajek) <a href=\"https:\/\/twitter.com\/Stefan_Hajek\/status\/1425418868768509952?ref_src=twsrc%5Etfw\">August 11, 2021<\/a><\/p><\/blockquote>\n<p><script async src=\"https:\/\/platform.twitter.com\/widgets.js\" charset=\"utf-8\"><\/script><\/div>\n<p>&nbsp;<\/p>\n<p style=\"text-align: center;\"><strong>10.<\/strong><\/p>\n<div class=\"dbsm-oembed\">\n<blockquote class=\"twitter-tweet\" data-width=\"500\" data-dnt=\"true\">\n<p lang=\"de\" dir=\"ltr\">Ich wette, dass Gerhard Schr\u00f6der nicht in der Lage ist, eine Currywurst aus Fleisch von einer veganen Currywurst zu unterscheiden.<\/p>\n<p>&mdash; Christopher Lauer\u2122 (@Schmidtlepp) <a href=\"https:\/\/twitter.com\/Schmidtlepp\/status\/1425351302129795072?ref_src=twsrc%5Etfw\">August 11, 2021<\/a><\/p><\/blockquote>\n<p><script async src=\"https:\/\/platform.twitter.com\/widgets.js\" charset=\"utf-8\"><\/script><\/div>\n<p>&nbsp;<\/p>\n<p style=\"text-align: center;\"><strong>11.<\/strong><\/p>\n<div class=\"dbsm-oembed\">\n<blockquote class=\"twitter-tweet\" data-width=\"500\" data-dnt=\"true\">\n<p lang=\"de\" dir=\"ltr\">\u201eGehste inne Stadt. Wat macht dich da satt? Ne Currywurst!\u201c <a href=\"https:\/\/t.co\/d2R8vOsLVK\">pic.twitter.com\/d2R8vOsLVK<\/a><\/p>\n<p>&mdash; Ole Waschkau (@OleWaschkau) <a href=\"https:\/\/twitter.com\/OleWaschkau\/status\/1425416817506496518?ref_src=twsrc%5Etfw\">August 11, 2021<\/a><\/p><\/blockquote>\n<p><script async src=\"https:\/\/platform.twitter.com\/widgets.js\" charset=\"utf-8\"><\/script><\/div>\n<p>&nbsp;<\/p>\n<p style=\"text-align: center;\"><strong>12.<\/strong><\/p>\n<p>https:\/\/twitter.com\/KuehniKev\/status\/1425111804875788298?s=20<\/p>\n<p>&nbsp;<\/p>\n<p>\u2014<br \/>\nVielen Dank an alle f\u00fcr die Posts.<br \/>\n\u2014<br \/>\n<strong>Keine Influencer! Kein Foodporn! Nur ganz viel Spa\u00df \u2013 bei uns auf Instagram:<\/strong><\/p>\n<blockquote class=\"instagram-media\" style=\"background: #FFF; border: 0; border-radius: 3px; box-shadow: 0 0 1px 0 rgba(0,0,0,0.5),0 1px 10px 0 rgba(0,0,0,0.15); margin: 1px; max-width: 540px; min-width: 326px; padding: 0; width: calc(100% - 2px);\" data-instgrm-captioned=\"\" data-instgrm-permalink=\"https:\/\/www.instagram.com\/p\/CScAkWEKw3V\/?utm_source=ig_embed&amp;utm_campaign=loading\" data-instgrm-version=\"13\">\n<div style=\"padding: 16px;\">\n<p>&nbsp;<\/p>\n<div style=\"display: flex; flex-direction: row; align-items: center;\">\n<div style=\"background-color: #f4f4f4; border-radius: 50%; flex-grow: 0; height: 40px; margin-right: 14px; width: 40px;\"><\/div>\n<div style=\"display: flex; flex-direction: column; flex-grow: 1; justify-content: center;\">\n<div style=\"background-color: #f4f4f4; border-radius: 4px; flex-grow: 0; height: 14px; margin-bottom: 6px; width: 100px;\"><\/div>\n<div style=\"background-color: #f4f4f4; border-radius: 4px; flex-grow: 0; height: 14px; width: 60px;\"><\/div>\n<\/div>\n<\/div>\n<div style=\"padding: 19% 0;\"><\/div>\n<div style=\"display: block; height: 50px; margin: 0 auto 12px; width: 50px;\"><\/div>\n<div style=\"padding-top: 8px;\">\n<div style=\"color: #3897f0; font-family: Arial,sans-serif; font-size: 14px; font-style: normal; font-weight: 550; line-height: 18px;\">Sieh dir diesen Beitrag auf Instagram an<\/div>\n<\/div>\n<div style=\"padding: 12.5% 0;\"><\/div>\n<div style=\"display: flex; flex-direction: row; margin-bottom: 14px; align-items: center;\">\n<div>\n<div style=\"background-color: #f4f4f4; border-radius: 50%; height: 12.5px; width: 12.5px; transform: translateX(0px) translateY(7px);\"><\/div>\n<div style=\"background-color: #f4f4f4; height: 12.5px; transform: rotate(-45deg) translateX(3px) translateY(1px); width: 12.5px; flex-grow: 0; margin-right: 14px; margin-left: 2px;\"><\/div>\n<div style=\"background-color: #f4f4f4; border-radius: 50%; height: 12.5px; width: 12.5px; transform: translateX(9px) translateY(-18px);\"><\/div>\n<\/div>\n<div style=\"margin-left: 8px;\">\n<div style=\"background-color: #f4f4f4; border-radius: 50%; flex-grow: 0; height: 20px; width: 20px;\"><\/div>\n<div style=\"width: 0; height: 0; border-top: 2px solid transparent; border-left: 6px solid #f4f4f4; border-bottom: 2px solid transparent; transform: translateX(16px) translateY(-4px) rotate(30deg);\"><\/div>\n<\/div>\n<div style=\"margin-left: auto;\">\n<div style=\"width: 0px; border-top: 8px solid #F4F4F4; border-right: 8px solid transparent; transform: translateY(16px);\"><\/div>\n<div style=\"background-color: #f4f4f4; flex-grow: 0; height: 12px; width: 16px; transform: translateY(-4px);\"><\/div>\n<div style=\"width: 0; height: 0; border-top: 8px solid #F4F4F4; border-left: 8px solid transparent; transform: translateY(-4px) translateX(8px);\"><\/div>\n<\/div>\n<\/div>\n<div style=\"display: flex; flex-direction: column; flex-grow: 1; justify-content: center; margin-bottom: 24px;\">\n<div style=\"background-color: #f4f4f4; border-radius: 4px; flex-grow: 0; height: 14px; margin-bottom: 6px; width: 224px;\"><\/div>\n<div style=\"background-color: #f4f4f4; border-radius: 4px; flex-grow: 0; height: 14px; width: 144px;\"><\/div>\n<\/div>\n<p>&nbsp;<\/p>\n<p style=\"color: #c9c8cd; font-family: Arial,sans-serif; font-size: 14px; line-height: 17px; margin-bottom: 0; margin-top: 8px; overflow: hidden; padding: 8px 0 7px; text-align: center; text-overflow: ellipsis; white-space: nowrap;\"><a style=\"color: #c9c8cd; font-family: Arial,sans-serif; font-size: 14px; font-style: normal; font-weight: normal; line-height: 17px; text-decoration: none;\" href=\"https:\/\/www.instagram.com\/p\/CScAkWEKw3V\/?utm_source=ig_embed&amp;utm_campaign=loading\" target=\"_blank\" rel=\"noopener\">Ein Beitrag geteilt von The Best Social Media &#8211; DE (@thebestsocialmediade)<\/a><\/p>\n<\/div>\n<\/blockquote>\n\n<script async defer src=\"\/instagram-embed.js\"><\/script>","protected":false},"excerpt":{"rendered":"<p>Der Trend in Sachen Ern\u00e4hrung geht seit einigen Jahren immer mehr in Richtung weniger Fleisch, mehr pflanzenbasierte Nahrung. Vegetarische und vegane Alternativen schie\u00dfen wie Pilze&#8230;<\/p>\n","protected":false},"author":73,"featured_media":148880,"comment_status":"open","ping_status":"open","sticky":false,"template":"","format":"standard","meta":{"_acf_changed":false,"footnotes":""},"categories":[460,14,1674,35,2404],"tags":[3459,4356],"class_list":["post-148868","post","type-post","status-publish","format-standard","has-post-thumbnail","hentry","category-fail","category-instagram","category-linkedin","category-twitter","category-wtf","tag-currywurst","tag-schroeder"],"acf":[],"yoast_head":"<!-- This site is optimized with the Yoast SEO plugin v27.5 - https:\/\/yoast.com\/product\/yoast-seo-wordpress\/ -->\n<title>&quot;Kraftriegel&quot; - Schr\u00f6ders Ode an die Currywurst sorgt f\u00fcr Spott im Netz<\/title>\n<meta name=\"robots\" content=\"index, follow, max-snippet:-1, max-image-preview:large, max-video-preview:-1\" \/>\n<link rel=\"canonical\" href=\"https:\/\/www.thebestsocial.media\/de\/kraftriegel-der-facharbeiter-schroeders-ode-an-die-currywurst-sorgt-fuer-spott-im-netz\/\" \/>\n<meta property=\"og:locale\" content=\"de_DE\" \/>\n<meta property=\"og:type\" content=\"article\" \/>\n<meta property=\"og:title\" content=\"&quot;Kraftriegel&quot; - Gerhard Schr\u00f6ders Ode an die Currywurst sorgt f\u00fcr Spott im Netz\" \/>\n<meta property=\"og:description\" content=\"Der Trend in Sachen Ern\u00e4hrung geht seit einigen Jahren immer mehr in Richtung weniger Fleisch, mehr pflanzenbasierte Nahrung. Vegetarische und vegane Alternativen schie\u00dfen wie Pilze...\" \/>\n<meta property=\"og:url\" content=\"https:\/\/www.thebestsocial.media\/de\/kraftriegel-der-facharbeiter-schroeders-ode-an-die-currywurst-sorgt-fuer-spott-im-netz\/\" \/>\n<meta property=\"og:site_name\" content=\"The Best Social Media DE\" \/>\n<meta property=\"article:published_time\" content=\"2021-08-11T14:51:24+00:00\" \/>\n<meta property=\"article:modified_time\" content=\"2021-08-11T15:34:00+00:00\" \/>\n<meta property=\"og:image\" content=\"https:\/\/www.thebestsocial.media\/de\/wp-content\/uploads\/sites\/3\/2021\/08\/header-currywurst.png\" \/>\n\t<meta property=\"og:image:width\" content=\"1200\" \/>\n\t<meta property=\"og:image:height\" content=\"630\" \/>\n\t<meta property=\"og:image:type\" content=\"image\/png\" \/>\n<meta name=\"author\" content=\"Helene Mei\u00dfner\" \/>\n<meta name=\"twitter:card\" content=\"summary_large_image\" \/>\n<meta name=\"twitter:label1\" content=\"Verfasst von\" \/>\n\t<meta name=\"twitter:data1\" content=\"Helene Mei\u00dfner\" \/>\n\t<meta name=\"twitter:label2\" content=\"Gesch\u00e4tzte Lesezeit\" \/>\n\t<meta name=\"twitter:data2\" content=\"1\u00a0Minute\" \/>\n<script type=\"application\/ld+json\" class=\"yoast-schema-graph\">{\"@context\":\"https:\\\/\\\/schema.org\",\"@graph\":[{\"@type\":\"Article\",\"@id\":\"https:\\\/\\\/www.thebestsocial.media\\\/de\\\/kraftriegel-der-facharbeiter-schroeders-ode-an-die-currywurst-sorgt-fuer-spott-im-netz\\\/#article\",\"isPartOf\":{\"@id\":\"https:\\\/\\\/www.thebestsocial.media\\\/de\\\/kraftriegel-der-facharbeiter-schroeders-ode-an-die-currywurst-sorgt-fuer-spott-im-netz\\\/\"},\"author\":{\"name\":\"Helene Mei\u00dfner\",\"@id\":\"https:\\\/\\\/www.thebestsocial.media\\\/de\\\/#\\\/schema\\\/person\\\/6267acc046505b90b912687a039220df\"},\"headline\":\"&#8222;Kraftriegel&#8220; &#8211; Gerhard Schr\u00f6ders Ode an die Currywurst sorgt f\u00fcr Spott im Netz\",\"datePublished\":\"2021-08-11T14:51:24+00:00\",\"dateModified\":\"2021-08-11T15:34:00+00:00\",\"mainEntityOfPage\":{\"@id\":\"https:\\\/\\\/www.thebestsocial.media\\\/de\\\/kraftriegel-der-facharbeiter-schroeders-ode-an-die-currywurst-sorgt-fuer-spott-im-netz\\\/\"},\"wordCount\":287,\"commentCount\":0,\"image\":{\"@id\":\"https:\\\/\\\/www.thebestsocial.media\\\/de\\\/kraftriegel-der-facharbeiter-schroeders-ode-an-die-currywurst-sorgt-fuer-spott-im-netz\\\/#primaryimage\"},\"thumbnailUrl\":\"https:\\\/\\\/www.thebestsocial.media\\\/de\\\/wp-content\\\/uploads\\\/sites\\\/3\\\/2021\\\/08\\\/french-fries-250641_1920.jpg\",\"keywords\":[\"Currywurst\",\"Schroeder\"],\"articleSection\":[\"Fail\",\"Instagram\",\"LinkedIn\",\"Twitter\",\"WTF\"],\"inLanguage\":\"de\",\"potentialAction\":[{\"@type\":\"CommentAction\",\"name\":\"Comment\",\"target\":[\"https:\\\/\\\/www.thebestsocial.media\\\/de\\\/kraftriegel-der-facharbeiter-schroeders-ode-an-die-currywurst-sorgt-fuer-spott-im-netz\\\/#respond\"]}]},{\"@type\":\"WebPage\",\"@id\":\"https:\\\/\\\/www.thebestsocial.media\\\/de\\\/kraftriegel-der-facharbeiter-schroeders-ode-an-die-currywurst-sorgt-fuer-spott-im-netz\\\/\",\"url\":\"https:\\\/\\\/www.thebestsocial.media\\\/de\\\/kraftriegel-der-facharbeiter-schroeders-ode-an-die-currywurst-sorgt-fuer-spott-im-netz\\\/\",\"name\":\"\\\"Kraftriegel\\\" - Schr\u00f6ders Ode an die Currywurst sorgt f\u00fcr Spott im Netz\",\"isPartOf\":{\"@id\":\"https:\\\/\\\/www.thebestsocial.media\\\/de\\\/#website\"},\"primaryImageOfPage\":{\"@id\":\"https:\\\/\\\/www.thebestsocial.media\\\/de\\\/kraftriegel-der-facharbeiter-schroeders-ode-an-die-currywurst-sorgt-fuer-spott-im-netz\\\/#primaryimage\"},\"image\":{\"@id\":\"https:\\\/\\\/www.thebestsocial.media\\\/de\\\/kraftriegel-der-facharbeiter-schroeders-ode-an-die-currywurst-sorgt-fuer-spott-im-netz\\\/#primaryimage\"},\"thumbnailUrl\":\"https:\\\/\\\/www.thebestsocial.media\\\/de\\\/wp-content\\\/uploads\\\/sites\\\/3\\\/2021\\\/08\\\/french-fries-250641_1920.jpg\",\"datePublished\":\"2021-08-11T14:51:24+00:00\",\"dateModified\":\"2021-08-11T15:34:00+00:00\",\"author\":{\"@id\":\"https:\\\/\\\/www.thebestsocial.media\\\/de\\\/#\\\/schema\\\/person\\\/6267acc046505b90b912687a039220df\"},\"breadcrumb\":{\"@id\":\"https:\\\/\\\/www.thebestsocial.media\\\/de\\\/kraftriegel-der-facharbeiter-schroeders-ode-an-die-currywurst-sorgt-fuer-spott-im-netz\\\/#breadcrumb\"},\"inLanguage\":\"de\",\"potentialAction\":[{\"@type\":\"ReadAction\",\"target\":[\"https:\\\/\\\/www.thebestsocial.media\\\/de\\\/kraftriegel-der-facharbeiter-schroeders-ode-an-die-currywurst-sorgt-fuer-spott-im-netz\\\/\"]}]},{\"@type\":\"ImageObject\",\"inLanguage\":\"de\",\"@id\":\"https:\\\/\\\/www.thebestsocial.media\\\/de\\\/kraftriegel-der-facharbeiter-schroeders-ode-an-die-currywurst-sorgt-fuer-spott-im-netz\\\/#primaryimage\",\"url\":\"https:\\\/\\\/www.thebestsocial.media\\\/de\\\/wp-content\\\/uploads\\\/sites\\\/3\\\/2021\\\/08\\\/french-fries-250641_1920.jpg\",\"contentUrl\":\"https:\\\/\\\/www.thebestsocial.media\\\/de\\\/wp-content\\\/uploads\\\/sites\\\/3\\\/2021\\\/08\\\/french-fries-250641_1920.jpg\",\"width\":1920,\"height\":1280},{\"@type\":\"BreadcrumbList\",\"@id\":\"https:\\\/\\\/www.thebestsocial.media\\\/de\\\/kraftriegel-der-facharbeiter-schroeders-ode-an-die-currywurst-sorgt-fuer-spott-im-netz\\\/#breadcrumb\",\"itemListElement\":[{\"@type\":\"ListItem\",\"position\":1,\"name\":\"Home\",\"item\":\"https:\\\/\\\/www.thebestsocial.media\\\/de\\\/\"},{\"@type\":\"ListItem\",\"position\":2,\"name\":\"&#8222;Kraftriegel&#8220; &#8211; Gerhard Schr\u00f6ders Ode an die Currywurst sorgt f\u00fcr Spott im Netz\"}]},{\"@type\":\"WebSite\",\"@id\":\"https:\\\/\\\/www.thebestsocial.media\\\/de\\\/#website\",\"url\":\"https:\\\/\\\/www.thebestsocial.media\\\/de\\\/\",\"name\":\"The Best Social Media DE\",\"description\":\"\",\"potentialAction\":[{\"@type\":\"SearchAction\",\"target\":{\"@type\":\"EntryPoint\",\"urlTemplate\":\"https:\\\/\\\/www.thebestsocial.media\\\/de\\\/?s={search_term_string}\"},\"query-input\":{\"@type\":\"PropertyValueSpecification\",\"valueRequired\":true,\"valueName\":\"search_term_string\"}}],\"inLanguage\":\"de\"},{\"@type\":\"Person\",\"@id\":\"https:\\\/\\\/www.thebestsocial.media\\\/de\\\/#\\\/schema\\\/person\\\/6267acc046505b90b912687a039220df\",\"name\":\"Helene Mei\u00dfner\",\"image\":{\"@type\":\"ImageObject\",\"inLanguage\":\"de\",\"@id\":\"https:\\\/\\\/secure.gravatar.com\\\/avatar\\\/6639fc0397860ac2c2e11b018c1f14be4a46c2378a91ac1b35730b724675daa8?s=96&d=mm&r=g\",\"url\":\"https:\\\/\\\/secure.gravatar.com\\\/avatar\\\/6639fc0397860ac2c2e11b018c1f14be4a46c2378a91ac1b35730b724675daa8?s=96&d=mm&r=g\",\"contentUrl\":\"https:\\\/\\\/secure.gravatar.com\\\/avatar\\\/6639fc0397860ac2c2e11b018c1f14be4a46c2378a91ac1b35730b724675daa8?s=96&d=mm&r=g\",\"caption\":\"Helene Mei\u00dfner\"},\"description\":\"Kommt aus Berlin und hat dementsprechend nat\u00fcrlich irgendwas mit Medien studiert. Verlegt oft Dinge, w\u00e4hrend sie sie in der Hand h\u00e4lt. Findet Kauger\u00e4usche unausstehlich. Hat eine Schw\u00e4che f\u00fcr Glitzer und immer mindestens 50 Tabs offen.\",\"sameAs\":[\"https:\\\/\\\/www.instagram.com\\\/he.leni\\\/\"],\"url\":\"https:\\\/\\\/www.thebestsocial.media\\\/de\\\/author\\\/helenemeissner\\\/\"}]}<\/script>\n<!-- \/ Yoast SEO plugin. -->","yoast_head_json":{"title":"\"Kraftriegel\" - Schr\u00f6ders Ode an die Currywurst sorgt f\u00fcr Spott im Netz","robots":{"index":"index","follow":"follow","max-snippet":"max-snippet:-1","max-image-preview":"max-image-preview:large","max-video-preview":"max-video-preview:-1"},"canonical":"https:\/\/www.thebestsocial.media\/de\/kraftriegel-der-facharbeiter-schroeders-ode-an-die-currywurst-sorgt-fuer-spott-im-netz\/","og_locale":"de_DE","og_type":"article","og_title":"\"Kraftriegel\" - Gerhard Schr\u00f6ders Ode an die Currywurst sorgt f\u00fcr Spott im Netz","og_description":"Der Trend in Sachen Ern\u00e4hrung geht seit einigen Jahren immer mehr in Richtung weniger Fleisch, mehr pflanzenbasierte Nahrung. Vegetarische und vegane Alternativen schie\u00dfen wie Pilze...","og_url":"https:\/\/www.thebestsocial.media\/de\/kraftriegel-der-facharbeiter-schroeders-ode-an-die-currywurst-sorgt-fuer-spott-im-netz\/","og_site_name":"The Best Social Media DE","article_published_time":"2021-08-11T14:51:24+00:00","article_modified_time":"2021-08-11T15:34:00+00:00","og_image":[{"width":1200,"height":630,"url":"https:\/\/www.thebestsocial.media\/de\/wp-content\/uploads\/sites\/3\/2021\/08\/header-currywurst.png","type":"image\/png"}],"author":"Helene Mei\u00dfner","twitter_card":"summary_large_image","twitter_misc":{"Verfasst von":"Helene Mei\u00dfner","Gesch\u00e4tzte Lesezeit":"1\u00a0Minute"},"schema":{"@context":"https:\/\/schema.org","@graph":[{"@type":"Article","@id":"https:\/\/www.thebestsocial.media\/de\/kraftriegel-der-facharbeiter-schroeders-ode-an-die-currywurst-sorgt-fuer-spott-im-netz\/#article","isPartOf":{"@id":"https:\/\/www.thebestsocial.media\/de\/kraftriegel-der-facharbeiter-schroeders-ode-an-die-currywurst-sorgt-fuer-spott-im-netz\/"},"author":{"name":"Helene Mei\u00dfner","@id":"https:\/\/www.thebestsocial.media\/de\/#\/schema\/person\/6267acc046505b90b912687a039220df"},"headline":"&#8222;Kraftriegel&#8220; &#8211; Gerhard Schr\u00f6ders Ode an die Currywurst sorgt f\u00fcr Spott im Netz","datePublished":"2021-08-11T14:51:24+00:00","dateModified":"2021-08-11T15:34:00+00:00","mainEntityOfPage":{"@id":"https:\/\/www.thebestsocial.media\/de\/kraftriegel-der-facharbeiter-schroeders-ode-an-die-currywurst-sorgt-fuer-spott-im-netz\/"},"wordCount":287,"commentCount":0,"image":{"@id":"https:\/\/www.thebestsocial.media\/de\/kraftriegel-der-facharbeiter-schroeders-ode-an-die-currywurst-sorgt-fuer-spott-im-netz\/#primaryimage"},"thumbnailUrl":"https:\/\/www.thebestsocial.media\/de\/wp-content\/uploads\/sites\/3\/2021\/08\/french-fries-250641_1920.jpg","keywords":["Currywurst","Schroeder"],"articleSection":["Fail","Instagram","LinkedIn","Twitter","WTF"],"inLanguage":"de","potentialAction":[{"@type":"CommentAction","name":"Comment","target":["https:\/\/www.thebestsocial.media\/de\/kraftriegel-der-facharbeiter-schroeders-ode-an-die-currywurst-sorgt-fuer-spott-im-netz\/#respond"]}]},{"@type":"WebPage","@id":"https:\/\/www.thebestsocial.media\/de\/kraftriegel-der-facharbeiter-schroeders-ode-an-die-currywurst-sorgt-fuer-spott-im-netz\/","url":"https:\/\/www.thebestsocial.media\/de\/kraftriegel-der-facharbeiter-schroeders-ode-an-die-currywurst-sorgt-fuer-spott-im-netz\/","name":"\"Kraftriegel\" - Schr\u00f6ders Ode an die Currywurst sorgt f\u00fcr Spott im Netz","isPartOf":{"@id":"https:\/\/www.thebestsocial.media\/de\/#website"},"primaryImageOfPage":{"@id":"https:\/\/www.thebestsocial.media\/de\/kraftriegel-der-facharbeiter-schroeders-ode-an-die-currywurst-sorgt-fuer-spott-im-netz\/#primaryimage"},"image":{"@id":"https:\/\/www.thebestsocial.media\/de\/kraftriegel-der-facharbeiter-schroeders-ode-an-die-currywurst-sorgt-fuer-spott-im-netz\/#primaryimage"},"thumbnailUrl":"https:\/\/www.thebestsocial.media\/de\/wp-content\/uploads\/sites\/3\/2021\/08\/french-fries-250641_1920.jpg","datePublished":"2021-08-11T14:51:24+00:00","dateModified":"2021-08-11T15:34:00+00:00","author":{"@id":"https:\/\/www.thebestsocial.media\/de\/#\/schema\/person\/6267acc046505b90b912687a039220df"},"breadcrumb":{"@id":"https:\/\/www.thebestsocial.media\/de\/kraftriegel-der-facharbeiter-schroeders-ode-an-die-currywurst-sorgt-fuer-spott-im-netz\/#breadcrumb"},"inLanguage":"de","potentialAction":[{"@type":"ReadAction","target":["https:\/\/www.thebestsocial.media\/de\/kraftriegel-der-facharbeiter-schroeders-ode-an-die-currywurst-sorgt-fuer-spott-im-netz\/"]}]},{"@type":"ImageObject","inLanguage":"de","@id":"https:\/\/www.thebestsocial.media\/de\/kraftriegel-der-facharbeiter-schroeders-ode-an-die-currywurst-sorgt-fuer-spott-im-netz\/#primaryimage","url":"https:\/\/www.thebestsocial.media\/de\/wp-content\/uploads\/sites\/3\/2021\/08\/french-fries-250641_1920.jpg","contentUrl":"https:\/\/www.thebestsocial.media\/de\/wp-content\/uploads\/sites\/3\/2021\/08\/french-fries-250641_1920.jpg","width":1920,"height":1280},{"@type":"BreadcrumbList","@id":"https:\/\/www.thebestsocial.media\/de\/kraftriegel-der-facharbeiter-schroeders-ode-an-die-currywurst-sorgt-fuer-spott-im-netz\/#breadcrumb","itemListElement":[{"@type":"ListItem","position":1,"name":"Home","item":"https:\/\/www.thebestsocial.media\/de\/"},{"@type":"ListItem","position":2,"name":"&#8222;Kraftriegel&#8220; &#8211; Gerhard Schr\u00f6ders Ode an die Currywurst sorgt f\u00fcr Spott im Netz"}]},{"@type":"WebSite","@id":"https:\/\/www.thebestsocial.media\/de\/#website","url":"https:\/\/www.thebestsocial.media\/de\/","name":"The Best Social Media DE","description":"","potentialAction":[{"@type":"SearchAction","target":{"@type":"EntryPoint","urlTemplate":"https:\/\/www.thebestsocial.media\/de\/?s={search_term_string}"},"query-input":{"@type":"PropertyValueSpecification","valueRequired":true,"valueName":"search_term_string"}}],"inLanguage":"de"},{"@type":"Person","@id":"https:\/\/www.thebestsocial.media\/de\/#\/schema\/person\/6267acc046505b90b912687a039220df","name":"Helene Mei\u00dfner","image":{"@type":"ImageObject","inLanguage":"de","@id":"https:\/\/secure.gravatar.com\/avatar\/6639fc0397860ac2c2e11b018c1f14be4a46c2378a91ac1b35730b724675daa8?s=96&d=mm&r=g","url":"https:\/\/secure.gravatar.com\/avatar\/6639fc0397860ac2c2e11b018c1f14be4a46c2378a91ac1b35730b724675daa8?s=96&d=mm&r=g","contentUrl":"https:\/\/secure.gravatar.com\/avatar\/6639fc0397860ac2c2e11b018c1f14be4a46c2378a91ac1b35730b724675daa8?s=96&d=mm&r=g","caption":"Helene Mei\u00dfner"},"description":"Kommt aus Berlin und hat dementsprechend nat\u00fcrlich irgendwas mit Medien studiert. Verlegt oft Dinge, w\u00e4hrend sie sie in der Hand h\u00e4lt. Findet Kauger\u00e4usche unausstehlich. Hat eine Schw\u00e4che f\u00fcr Glitzer und immer mindestens 50 Tabs offen.","sameAs":["https:\/\/www.instagram.com\/he.leni\/"],"url":"https:\/\/www.thebestsocial.media\/de\/author\/helenemeissner\/"}]}},"amp_enabled":true,"_links":{"self":[{"href":"https:\/\/www.thebestsocial.media\/de\/wp-json\/wp\/v2\/posts\/148868","targetHints":{"allow":["GET"]}}],"collection":[{"href":"https:\/\/www.thebestsocial.media\/de\/wp-json\/wp\/v2\/posts"}],"about":[{"href":"https:\/\/www.thebestsocial.media\/de\/wp-json\/wp\/v2\/types\/post"}],"author":[{"embeddable":true,"href":"https:\/\/www.thebestsocial.media\/de\/wp-json\/wp\/v2\/users\/73"}],"replies":[{"embeddable":true,"href":"https:\/\/www.thebestsocial.media\/de\/wp-json\/wp\/v2\/comments?post=148868"}],"version-history":[{"count":17,"href":"https:\/\/www.thebestsocial.media\/de\/wp-json\/wp\/v2\/posts\/148868\/revisions"}],"predecessor-version":[{"id":148892,"href":"https:\/\/www.thebestsocial.media\/de\/wp-json\/wp\/v2\/posts\/148868\/revisions\/148892"}],"wp:featuredmedia":[{"embeddable":true,"href":"https:\/\/www.thebestsocial.media\/de\/wp-json\/wp\/v2\/media\/148880"}],"wp:attachment":[{"href":"https:\/\/www.thebestsocial.media\/de\/wp-json\/wp\/v2\/media?parent=148868"}],"wp:term":[{"taxonomy":"category","embeddable":true,"href":"https:\/\/www.thebestsocial.media\/de\/wp-json\/wp\/v2\/categories?post=148868"},{"taxonomy":"post_tag","embeddable":true,"href":"https:\/\/www.thebestsocial.media\/de\/wp-json\/wp\/v2\/tags?post=148868"}],"curies":[{"name":"wp","href":"https:\/\/api.w.org\/{rel}","templated":true}]}}