{"id":148817,"date":"2021-08-10T14:20:22","date_gmt":"2021-08-10T14:20:22","guid":{"rendered":"https:\/\/www.thebestsocial.media\/de\/?p=148817"},"modified":"2021-08-10T14:29:41","modified_gmt":"2021-08-10T14:29:41","slug":"bahnstreik-lokfuehrer-motivation","status":"publish","type":"post","link":"https:\/\/www.thebestsocial.media\/de\/bahnstreik-lokfuehrer-motivation\/","title":{"rendered":"Bahnstreik: Lokf\u00fchrer erkl\u00e4rt Motivation und was in seinem Beruf schiefl\u00e4uft"},"content":{"rendered":"<p>Wie heute verk\u00fcndet wurde, ruft die Gewerkschaft Deutscher Lokomotivf\u00fchrer (GDL) zum Streik bei der <a href=\"https:\/\/www.thebestsocial.media\/de\/zeitmaschine-deutsche-bahn-wenn-ice-passagiere-auf-einmal-in-die-vergangenheit-reisen\/\" rel=\"noopener\" target=\"_blank\">Deutschen Bahn<\/a> auf. Bereits ab heute Abend wird der G\u00fcterverkehr, Mittwoch ab 2 Uhr morgens dann der Personenverkehr bestreikt &#8211; jeweils bis Freitagmorgen 2 Uhr. Wie schon in der Vergangenheit wird dies sicherlich f\u00fcr reichlich Unmut sorgen. Doch ein Lokf\u00fchrer, der an dem Bahnstreik teilnimmt, schilderte auf Twitter seine Motivation. Dabei zeigt sich, dass es nicht allein um h\u00f6here L\u00f6hne geht, sondern auch Anerkennung, Arbeitsbedingungen und die Pandemie ihren Teil dazu beitragen.<\/p>\n<div class=\"dbsm-oembed\">\n<blockquote class=\"twitter-tweet\" data-width=\"500\" data-dnt=\"true\">\n<p lang=\"de\" dir=\"ltr\">Die Gewerkschaft Deutscher Lokomotivf\u00fchrer (<a href=\"https:\/\/twitter.com\/hashtag\/GDL?src=hash&amp;ref_src=twsrc%5Etfw\">#GDL<\/a>) hat Streiks beim G\u00fcterverkehr ab 10.08., 19 Uhr und beim Personenverkehr ab 11.08., 2 Uhr angek\u00fcndigt. Die Streiks sollen bis zum 13.8., 2 Uhr andauern. Die DB bedauert erwartete Einschr\u00e4nkungen. Weitere Infos folgen. <a href=\"https:\/\/twitter.com\/hashtag\/gdlstreik?src=hash&amp;ref_src=twsrc%5Etfw\">#gdlstreik<\/a><\/p>\n<p>&mdash; Deutsche Bahn AG (@DB_Presse) <a href=\"https:\/\/twitter.com\/DB_Presse\/status\/1425029507447246876?ref_src=twsrc%5Etfw\">August 10, 2021<\/a><\/p><\/blockquote>\n<p><script async src=\"https:\/\/platform.twitter.com\/widgets.js\" charset=\"utf-8\"><\/script><\/div>\n<p>&nbsp;<br \/>\n<strong>Vergangenes Jahr zollte man systemrelevanten Berufen mit Balkon-Applaus Tribut, doch sollte sich solche Anerkennung nicht auch anderweitig widerspiegeln, zum Beispiel im Lohn?<\/strong><\/p>\n<p>https:\/\/twitter.com\/CptKrustenkaese\/status\/1425043881226346507<\/p>\n<blockquote class=\"twitter-tweet\" data-conversation=\"none\">\n<p lang=\"de\" dir=\"ltr\">&quot;Du kannst froh sein das du einen Job hast UND nie Kurzarbeit!&quot;<\/p>\n<p>Und warum? Kurzarbeit war vom Verkehrsministerium nie gewollt, damit die Leute zur Arbeit kommen. Es gab zum Corona Peak Dez20 die \u00dcberlegung den Verkehr einzustellen. Alle hier auf Twitter sind steil gegangen,<\/p>\n<p>&mdash; Cpt. CheesyCrust (@CptKrustenkaese) <a href=\"https:\/\/twitter.com\/CptKrustenkaese\/status\/1425043882723713028?ref_src=twsrc%5Etfw\">August 10, 2021<\/a><\/p><\/blockquote>\n<p> <script async src=\"https:\/\/platform.twitter.com\/widgets.js\" charset=\"utf-8\"><\/script><\/p>\n<blockquote class=\"twitter-tweet\" data-conversation=\"none\">\n<p lang=\"de\" dir=\"ltr\">&quot;das kann man doch nicht machen, wie sollen die Leute auf die Arbeit kommen&quot;. Also wurde weiter gefahren. Es scheint wohl also ein Systemrelevanter Beruf zu sein, den ich da aus\u00fcbe. Der Art Beruf, f\u00fcr den zu Beginn der<\/p>\n<p>&mdash; Cpt. CheesyCrust (@CptKrustenkaese) <a href=\"https:\/\/twitter.com\/CptKrustenkaese\/status\/1425043884174942213?ref_src=twsrc%5Etfw\">August 10, 2021<\/a><\/p><\/blockquote>\n<p> <script async src=\"https:\/\/platform.twitter.com\/widgets.js\" charset=\"utf-8\"><\/script><\/p>\n<blockquote class=\"twitter-tweet\" data-conversation=\"none\">\n<p lang=\"de\" dir=\"ltr\">Pandemie ja soviel Respekt gezollt wurde, in Form von Balkonklatscher. Jetzt dann aber f\u00fcr zumindest einen Inflationsausgleich zu streiken? Nein, das ist wieder Geiselhaft, Assozial und ich bin ein Hurensohn &#8211; wenn man euch hier so glauben darf.<\/p>\n<p>&mdash; Cpt. CheesyCrust (@CptKrustenkaese) <a href=\"https:\/\/twitter.com\/CptKrustenkaese\/status\/1425043885756125184?ref_src=twsrc%5Etfw\">August 10, 2021<\/a><\/p><\/blockquote>\n<p> <script async src=\"https:\/\/platform.twitter.com\/widgets.js\" charset=\"utf-8\"><\/script><\/p>\n<p>&nbsp;<br \/>\n<strong>Generell m\u00fcsste es das Ziel sein, dass Berufe wie der des Lokf\u00fchrers auch f\u00fcr zuk\u00fcnftige Generationen attraktiv bleiben.<\/strong><\/p>\n<blockquote class=\"twitter-tweet\" data-conversation=\"none\">\n<p lang=\"de\" dir=\"ltr\">&quot;Und wie soll ich jetzt auf die Arbeit kommen?!&quot;<\/p>\n<p>Der Altersdurschnitt auf meiner Dienststelle ist 58(!). Ich bin mit meinen 36 der j\u00fcngste. Wenn der Beruf weiterhin so attraktiv bleibt, kannst du dir mal die Frage stellen wer dich in 10 Jahren auf die Arbeit f\u00e4hrt.<\/p>\n<p>&mdash; Cpt. CheesyCrust (@CptKrustenkaese) <a href=\"https:\/\/twitter.com\/CptKrustenkaese\/status\/1425043887157092358?ref_src=twsrc%5Etfw\">August 10, 2021<\/a><\/p><\/blockquote>\n<p> <script async src=\"https:\/\/platform.twitter.com\/widgets.js\" charset=\"utf-8\"><\/script><\/p>\n<blockquote class=\"twitter-tweet\" data-conversation=\"none\">\n<p lang=\"de\" dir=\"ltr\">Und wenn du jetzt meinst &quot;bis dahin f\u00e4hrt alles Automatisch&quot;. Nein. Wir fahren Teils mit Streckentechnik aus dem Krieg. Wir haben Langsamfahrstellen wo wir nur 50 statt 120 fahren d\u00fcrfen, seit Monaten, weil kein Geld da ist das zu reparieren. Verreib dir das.<\/p>\n<p>&mdash; Cpt. CheesyCrust (@CptKrustenkaese) <a href=\"https:\/\/twitter.com\/CptKrustenkaese\/status\/1425043888595771396?ref_src=twsrc%5Etfw\">August 10, 2021<\/a><\/p><\/blockquote>\n<p> <script async src=\"https:\/\/platform.twitter.com\/widgets.js\" charset=\"utf-8\"><\/script><\/p>\n<p>&nbsp;<br \/>\n<strong>Die Arbeit ist mitunter \u00e4u\u00dferst anstrengend; L\u00f6hne und Arbeitsbedingungen verbesserungsw\u00fcrdig, w\u00e4hrend der Konzern reichlich Umsatz macht.<\/strong><\/p>\n<blockquote class=\"twitter-tweet\" data-conversation=\"none\">\n<p lang=\"de\" dir=\"ltr\">&quot;Ihr verdient eh schon viel zu viel!&quot;<\/p>\n<p>Ein gro\u00dfteil des Nettolohns sind Steuerfreiezuschl\u00e4ge. Krank? Urlaub? Dann f\u00e4llt das alles weg. Werde ich morgen Arbeitslos oder Langzeitkrank gehe ich dreistellig Nachhause.<\/p>\n<p>Jetzt k\u00f6nnt ihr euch auch mal noch die Frage<\/p>\n<p>&mdash; Cpt. CheesyCrust (@CptKrustenkaese) <a href=\"https:\/\/twitter.com\/CptKrustenkaese\/status\/1425043890109882368?ref_src=twsrc%5Etfw\">August 10, 2021<\/a><\/p><\/blockquote>\n<p> <script async src=\"https:\/\/platform.twitter.com\/widgets.js\" charset=\"utf-8\"><\/script><\/p>\n<blockquote class=\"twitter-tweet\" data-conversation=\"none\">\n<p lang=\"de\" dir=\"ltr\">stellen. Wie oft im Jahr stehe ich um 2Uhr morgens auf? Genau, einmal im Jahr wenn der Ferienflieger nach Malle geht. Nicht nur das wir JEDEN TAG eine andere Uhrzeit haben zu der wir anfangen und aufh\u00f6ren ( 8-16 Uhr, lol ). Es wird auch bunt gew\u00fcrfelt. <\/p>\n<p>Montags hat man eine<\/p>\n<p>&mdash; Cpt. CheesyCrust (@CptKrustenkaese) <a href=\"https:\/\/twitter.com\/CptKrustenkaese\/status\/1425043891544367104?ref_src=twsrc%5Etfw\">August 10, 2021<\/a><\/p><\/blockquote>\n<p> <script async src=\"https:\/\/platform.twitter.com\/widgets.js\" charset=\"utf-8\"><\/script><\/p>\n<blockquote class=\"twitter-tweet\" data-conversation=\"none\">\n<p lang=\"de\" dir=\"ltr\">4Uhr Fr\u00fchschicht. Dienstags eine 16 bis 1 Uhr Sp\u00e4t schicht. Dann darf man gucken wie man seinen Biorhytmus wieder auf Fr\u00fch gepr\u00fcgelt bekommt, denn am Donnertsag geht es um 4Uhr weiter.<\/p>\n<p>Mimimimi? Nein, ich m\u00f6chte nur mal aufzeigen das solche Arbeitsbedinungen halt auch Entlohnt<\/p>\n<p>&mdash; Cpt. CheesyCrust (@CptKrustenkaese) <a href=\"https:\/\/twitter.com\/CptKrustenkaese\/status\/1425043893008097283?ref_src=twsrc%5Etfw\">August 10, 2021<\/a><\/p><\/blockquote>\n<p> <script async src=\"https:\/\/platform.twitter.com\/widgets.js\" charset=\"utf-8\"><\/script><\/p>\n<blockquote class=\"twitter-tweet\" data-conversation=\"none\">\n<p lang=\"de\" dir=\"ltr\">werden m\u00fcssen.<\/p>\n<p>&quot;Die Bahn ist tief im Minus!!!&quot;<\/p>\n<p>So tief im Minus das die Vorst\u00e4nde sich dieses Jahr 210Mio \u20ac genehmigt haben. Ja, da stecke ich mir meine 1,5% mehr Lohn mal lieber an den Hut. Im \u00fcbrigen wurde das was die GDL fordert letzte Woche bei einem Privaten Eisenbahn<\/p>\n<p>&mdash; Cpt. CheesyCrust (@CptKrustenkaese) <a href=\"https:\/\/twitter.com\/CptKrustenkaese\/status\/1425043894446792713?ref_src=twsrc%5Etfw\">August 10, 2021<\/a><\/p><\/blockquote>\n<p> <script async src=\"https:\/\/platform.twitter.com\/widgets.js\" charset=\"utf-8\"><\/script><\/p>\n<blockquote class=\"twitter-tweet\" data-conversation=\"none\">\n<p lang=\"de\" dir=\"ltr\">Unternehmen genau so abgeschlossen. Ohne Streik. Und ohne Staatlichen Goldesel in der Hinterhand. Im gegenteil, dort h\u00e4ngen Finanzinvestoren mit drin.<\/p>\n<p>&quot;Heul nicht rum, du hast dir das doch ausgesucht!&quot;<\/p>\n<p>Ich mach den Job gerne, die Arbeitsbedinungen sind aber verbesserungsw\u00fcrdig.<\/p>\n<p>&mdash; Cpt. CheesyCrust (@CptKrustenkaese) <a href=\"https:\/\/twitter.com\/CptKrustenkaese\/status\/1425043895939960832?ref_src=twsrc%5Etfw\">August 10, 2021<\/a><\/p><\/blockquote>\n<p> <script async src=\"https:\/\/platform.twitter.com\/widgets.js\" charset=\"utf-8\"><\/script><\/p>\n<p>&nbsp;<br \/>\n<strong>Eigentlich sind Gewerkschaften ein wichtiger Bestandteil der Arbeitnehmerrechte, in den vergangenen Jahrzehnten jedoch etwas aus der Mode gekommen.<\/strong><\/p>\n<blockquote class=\"twitter-tweet\" data-conversation=\"none\">\n<p lang=\"de\" dir=\"ltr\">Im \u00fcbrigen habe ich den Job vor rund 10 Jahren angenommen WEIL ich mir bewusst war, das es hier einen Gewerkschafft gibt die eben auch mal die AN Interresen durchsetzt. Und ich nicht wieder in einem Beruf h\u00e4nge wo man auf das Gutd\u00fcng des Vorgesetzten angewiesen ist. Und warum<\/p>\n<p>&mdash; Cpt. CheesyCrust (@CptKrustenkaese) <a href=\"https:\/\/twitter.com\/CptKrustenkaese\/status\/1425043897378541568?ref_src=twsrc%5Etfw\">August 10, 2021<\/a><\/p><\/blockquote>\n<p> <script async src=\"https:\/\/platform.twitter.com\/widgets.js\" charset=\"utf-8\"><\/script><\/p>\n<blockquote class=\"twitter-tweet\" data-conversation=\"none\">\n<p lang=\"de\" dir=\"ltr\">nicht etwas daran \u00e4ndern wenn man die M\u00f6glichkeit hat? Nur weil andere Berufsgruppen es nicht geschissen bekommen sich Gewerkschaftlich zu organisieren und vor ihrem AG kuschen? Oder sich gar einreden lassen das eine Gewerkschaft ja eher schlecht f\u00fcr sie sei? Wow&#8230;.<\/p>\n<p>&mdash; Cpt. CheesyCrust (@CptKrustenkaese) <a href=\"https:\/\/twitter.com\/CptKrustenkaese\/status\/1425043898825641984?ref_src=twsrc%5Etfw\">August 10, 2021<\/a><\/p><\/blockquote>\n<p> <script async src=\"https:\/\/platform.twitter.com\/widgets.js\" charset=\"utf-8\"><\/script><\/p>\n<blockquote class=\"twitter-tweet\" data-conversation=\"none\">\n<p lang=\"de\" dir=\"ltr\">Bei Kurzarbeit w\u00e4ren wir \u00fcbrigens mit 90% des Lohns daheim geblieben. Auch so ein Ding, was von den beiden Gewerkschaften durchgedr\u00fcckt wurde. Da war nix mit &quot;freiwilliger Aufstockung weil der Chef so spendabel ist&quot;.<\/p>\n<p>&mdash; Cpt. CheesyCrust (@CptKrustenkaese) <a href=\"https:\/\/twitter.com\/CptKrustenkaese\/status\/1425044655385755648?ref_src=twsrc%5Etfw\">August 10, 2021<\/a><\/p><\/blockquote>\n<p> <script async src=\"https:\/\/platform.twitter.com\/widgets.js\" charset=\"utf-8\"><\/script><\/p>\n<p>&nbsp;<br \/>\n<strong>Man sollte sich weniger \u00fcber die Streikenden \u00e4rgern, wie der Lokf\u00fchrer abschlie\u00dfend betont.<\/strong><\/p>\n<blockquote class=\"twitter-tweet\" data-conversation=\"none\">\n<p lang=\"de\" dir=\"ltr\">Ein Streik der niemanden Betrifft, f\u00fchrt halt zu nix. Statt das ihr Reisende, Andy Scheuer den Arsch aufreist uns faire L\u00f6hne zu bezahlen das auch morgen hier noch jemand Arbeiten will, lassst ihr euch weils mal unbeqeuem wird f\u00fcr ein paar Tage vor dessen Karren spannen. \ud83d\udc4d<\/p>\n<p>&mdash; Cpt. CheesyCrust (@CptKrustenkaese) <a href=\"https:\/\/twitter.com\/CptKrustenkaese\/status\/1425045534297972737?ref_src=twsrc%5Etfw\">August 10, 2021<\/a><\/p><\/blockquote>\n<p> <script async src=\"https:\/\/platform.twitter.com\/widgets.js\" charset=\"utf-8\"><\/script><\/p>\n<blockquote class=\"twitter-tweet\" data-conversation=\"none\">\n<p lang=\"de\" dir=\"ltr\">Im \u00fcbrigen, wer Lokf\u00fchrer werden will, hebt die Hand. Sofern er den Einstellungstest besteht, kann er morgen mit der Ausbildung anfangen. SO beliebt ist der Beruf.<\/p>\n<p>Wie in der Pflege karrt man schon Leute aus der EU hier her um ihn auszuf\u00fchren weil kein &quot;Deutscher&quot; ihn will.<\/p>\n<p>&mdash; Cpt. CheesyCrust (@CptKrustenkaese) <a href=\"https:\/\/twitter.com\/CptKrustenkaese\/status\/1425046613836324867?ref_src=twsrc%5Etfw\">August 10, 2021<\/a><\/p><\/blockquote>\n<p> <script async src=\"https:\/\/platform.twitter.com\/widgets.js\" charset=\"utf-8\"><\/script><\/p>\n<p>&nbsp;<\/p>\n<p>&#8212;<br \/>\nVielen Dank f\u00fcr den Thread.<br \/>\n&#8212;<br \/>\n<strong>Keine Influencer! Kein Foodporn! Nur ganz viel Spa\u00df &#8211; bei uns auf Instagram:<\/strong><\/p>\n<blockquote class=\"instagram-media\" data-instgrm-captioned data-instgrm-permalink=\"https:\/\/www.instagram.com\/p\/CSW7EtQl95b\/?utm_source=ig_embed&amp;utm_campaign=loading\" data-instgrm-version=\"13\" style=\" background:#FFF; border:0; border-radius:3px; box-shadow:0 0 1px 0 rgba(0,0,0,0.5),0 1px 10px 0 rgba(0,0,0,0.15); margin: 1px; max-width:540px; min-width:326px; padding:0; width:99.375%; width:-webkit-calc(100% - 2px); width:calc(100% - 2px);\">\n<div style=\"padding:16px;\"> <a href=\"https:\/\/www.instagram.com\/p\/CSW7EtQl95b\/?utm_source=ig_embed&amp;utm_campaign=loading\" style=\" background:#FFFFFF; line-height:0; padding:0 0; text-align:center; text-decoration:none; width:100%;\" target=\"_blank\" rel=\"noopener\"> <\/p>\n<div style=\" display: flex; flex-direction: row; align-items: center;\">\n<div style=\"background-color: #F4F4F4; border-radius: 50%; flex-grow: 0; height: 40px; margin-right: 14px; width: 40px;\"><\/div>\n<div style=\"display: flex; flex-direction: column; flex-grow: 1; justify-content: center;\">\n<div style=\" background-color: #F4F4F4; border-radius: 4px; flex-grow: 0; height: 14px; margin-bottom: 6px; width: 100px;\"><\/div>\n<div style=\" background-color: #F4F4F4; border-radius: 4px; flex-grow: 0; height: 14px; width: 60px;\"><\/div>\n<\/div>\n<\/div>\n<div style=\"padding: 19% 0;\"><\/div>\n<div style=\"display:block; height:50px; margin:0 auto 12px; width:50px;\"><svg width=\"50px\" height=\"50px\" viewBox=\"0 0 60 60\" version=\"1.1\" xmlns=\"https:\/\/www.w3.org\/2000\/svg\" xmlns:xlink=\"https:\/\/www.w3.org\/1999\/xlink\"><g stroke=\"none\" stroke-width=\"1\" fill=\"none\" fill-rule=\"evenodd\"><g transform=\"translate(-511.000000, -20.000000)\" fill=\"#000000\"><g><path d=\"M556.869,30.41 C554.814,30.41 553.148,32.076 553.148,34.131 C553.148,36.186 554.814,37.852 556.869,37.852 C558.924,37.852 560.59,36.186 560.59,34.131 C560.59,32.076 558.924,30.41 556.869,30.41 M541,60.657 C535.114,60.657 530.342,55.887 530.342,50 C530.342,44.114 535.114,39.342 541,39.342 C546.887,39.342 551.658,44.114 551.658,50 C551.658,55.887 546.887,60.657 541,60.657 M541,33.886 C532.1,33.886 524.886,41.1 524.886,50 C524.886,58.899 532.1,66.113 541,66.113 C549.9,66.113 557.115,58.899 557.115,50 C557.115,41.1 549.9,33.886 541,33.886 M565.378,62.101 C565.244,65.022 564.756,66.606 564.346,67.663 C563.803,69.06 563.154,70.057 562.106,71.106 C561.058,72.155 560.06,72.803 558.662,73.347 C557.607,73.757 556.021,74.244 553.102,74.378 C549.944,74.521 548.997,74.552 541,74.552 C533.003,74.552 532.056,74.521 528.898,74.378 C525.979,74.244 524.393,73.757 523.338,73.347 C521.94,72.803 520.942,72.155 519.894,71.106 C518.846,70.057 518.197,69.06 517.654,67.663 C517.244,66.606 516.755,65.022 516.623,62.101 C516.479,58.943 516.448,57.996 516.448,50 C516.448,42.003 516.479,41.056 516.623,37.899 C516.755,34.978 517.244,33.391 517.654,32.338 C518.197,30.938 518.846,29.942 519.894,28.894 C520.942,27.846 521.94,27.196 523.338,26.654 C524.393,26.244 525.979,25.756 528.898,25.623 C532.057,25.479 533.004,25.448 541,25.448 C548.997,25.448 549.943,25.479 553.102,25.623 C556.021,25.756 557.607,26.244 558.662,26.654 C560.06,27.196 561.058,27.846 562.106,28.894 C563.154,29.942 563.803,30.938 564.346,32.338 C564.756,33.391 565.244,34.978 565.378,37.899 C565.522,41.056 565.552,42.003 565.552,50 C565.552,57.996 565.522,58.943 565.378,62.101 M570.82,37.631 C570.674,34.438 570.167,32.258 569.425,30.349 C568.659,28.377 567.633,26.702 565.965,25.035 C564.297,23.368 562.623,22.342 560.652,21.575 C558.743,20.834 556.562,20.326 553.369,20.18 C550.169,20.033 549.148,20 541,20 C532.853,20 531.831,20.033 528.631,20.18 C525.438,20.326 523.257,20.834 521.349,21.575 C519.376,22.342 517.703,23.368 516.035,25.035 C514.368,26.702 513.342,28.377 512.574,30.349 C511.834,32.258 511.326,34.438 511.181,37.631 C511.035,40.831 511,41.851 511,50 C511,58.147 511.035,59.17 511.181,62.369 C511.326,65.562 511.834,67.743 512.574,69.651 C513.342,71.625 514.368,73.296 516.035,74.965 C517.703,76.634 519.376,77.658 521.349,78.425 C523.257,79.167 525.438,79.673 528.631,79.82 C531.831,79.965 532.853,80.001 541,80.001 C549.148,80.001 550.169,79.965 553.369,79.82 C556.562,79.673 558.743,79.167 560.652,78.425 C562.623,77.658 564.297,76.634 565.965,74.965 C567.633,73.296 568.659,71.625 569.425,69.651 C570.167,67.743 570.674,65.562 570.82,62.369 C570.966,59.17 571,58.147 571,50 C571,41.851 570.966,40.831 570.82,37.631\"><\/path><\/g><\/g><\/g><\/svg><\/div>\n<div style=\"padding-top: 8px;\">\n<div style=\" color:#3897f0; font-family:Arial,sans-serif; font-size:14px; font-style:normal; font-weight:550; line-height:18px;\"> Sieh dir diesen Beitrag auf Instagram an<\/div>\n<\/div>\n<div style=\"padding: 12.5% 0;\"><\/div>\n<div style=\"display: flex; flex-direction: row; margin-bottom: 14px; align-items: center;\">\n<div>\n<div style=\"background-color: #F4F4F4; border-radius: 50%; height: 12.5px; width: 12.5px; transform: translateX(0px) translateY(7px);\"><\/div>\n<div style=\"background-color: #F4F4F4; height: 12.5px; transform: rotate(-45deg) translateX(3px) translateY(1px); width: 12.5px; flex-grow: 0; margin-right: 14px; margin-left: 2px;\"><\/div>\n<div style=\"background-color: #F4F4F4; border-radius: 50%; height: 12.5px; width: 12.5px; transform: translateX(9px) translateY(-18px);\"><\/div>\n<\/div>\n<div style=\"margin-left: 8px;\">\n<div style=\" background-color: #F4F4F4; border-radius: 50%; flex-grow: 0; height: 20px; width: 20px;\"><\/div>\n<div style=\" width: 0; height: 0; border-top: 2px solid transparent; border-left: 6px solid #f4f4f4; border-bottom: 2px solid transparent; transform: translateX(16px) translateY(-4px) rotate(30deg)\"><\/div>\n<\/div>\n<div style=\"margin-left: auto;\">\n<div style=\" width: 0px; border-top: 8px solid #F4F4F4; border-right: 8px solid transparent; transform: translateY(16px);\"><\/div>\n<div style=\" background-color: #F4F4F4; flex-grow: 0; height: 12px; width: 16px; transform: translateY(-4px);\"><\/div>\n<div style=\" width: 0; height: 0; border-top: 8px solid #F4F4F4; border-left: 8px solid transparent; transform: translateY(-4px) translateX(8px);\"><\/div>\n<\/div>\n<\/div>\n<div style=\"display: flex; flex-direction: column; flex-grow: 1; justify-content: center; margin-bottom: 24px;\">\n<div style=\" background-color: #F4F4F4; border-radius: 4px; flex-grow: 0; height: 14px; margin-bottom: 6px; width: 224px;\"><\/div>\n<div style=\" background-color: #F4F4F4; border-radius: 4px; flex-grow: 0; height: 14px; width: 144px;\"><\/div>\n<\/div>\n<p><\/a><\/p>\n<p style=\" color:#c9c8cd; font-family:Arial,sans-serif; font-size:14px; line-height:17px; margin-bottom:0; margin-top:8px; overflow:hidden; padding:8px 0 7px; text-align:center; text-overflow:ellipsis; white-space:nowrap;\"><a href=\"https:\/\/www.instagram.com\/p\/CSW7EtQl95b\/?utm_source=ig_embed&amp;utm_campaign=loading\" style=\" color:#c9c8cd; font-family:Arial,sans-serif; font-size:14px; font-style:normal; font-weight:normal; line-height:17px; text-decoration:none;\" target=\"_blank\" rel=\"noopener\">Ein Beitrag geteilt von The Best Social Media &#8211; DE (@thebestsocialmediade)<\/a><\/p>\n<\/div>\n<\/blockquote>\n\n<script async defer src=\"\/instagram-embed.js\"><\/script>","protected":false},"excerpt":{"rendered":"<p>Wie heute verk\u00fcndet wurde, ruft die Gewerkschaft Deutscher Lokomotivf\u00fchrer (GDL) zum Streik bei der Deutschen Bahn auf. Bereits ab heute Abend wird der G\u00fcterverkehr, Mittwoch&#8230;<\/p>\n","protected":false},"author":72,"featured_media":148820,"comment_status":"open","ping_status":"open","sticky":false,"template":"","format":"standard","meta":{"_acf_changed":false,"footnotes":""},"categories":[35],"tags":[109],"class_list":["post-148817","post","type-post","status-publish","format-standard","has-post-thumbnail","hentry","category-twitter","tag-deutsche-bahn"],"acf":[],"yoast_head":"<!-- This site is optimized with the Yoast SEO plugin v27.5 - https:\/\/yoast.com\/product\/yoast-seo-wordpress\/ -->\n<title>Bahnstreik: Lokf\u00fchrer erkl\u00e4rt Motivation und was bei der Bahn schiefl\u00e4uft<\/title>\n<meta name=\"description\" content=\"Auf Twitter schildert ein Lokf\u00fchrer, warum er am Bahnstreik teilnimmt und was bei der Deutschen Bahn aktuell alles schiefl\u00e4uft.\" \/>\n<meta name=\"robots\" content=\"index, follow, max-snippet:-1, max-image-preview:large, max-video-preview:-1\" \/>\n<link rel=\"canonical\" href=\"https:\/\/www.thebestsocial.media\/de\/bahnstreik-lokfuehrer-motivation\/\" \/>\n<meta property=\"og:locale\" content=\"de_DE\" \/>\n<meta property=\"og:type\" content=\"article\" \/>\n<meta property=\"og:title\" content=\"Bahnstreik: Lokf\u00fchrer erkl\u00e4rt Motivation und was in seinem Beruf schiefl\u00e4uft\" \/>\n<meta property=\"og:description\" content=\"Auf Twitter schildert ein Lokf\u00fchrer, warum er am Bahnstreik teilnimmt und was bei der Deutschen Bahn aktuell alles schiefl\u00e4uft.\" \/>\n<meta property=\"og:url\" content=\"https:\/\/www.thebestsocial.media\/de\/bahnstreik-lokfuehrer-motivation\/\" \/>\n<meta property=\"og:site_name\" content=\"The Best Social Media DE\" \/>\n<meta property=\"article:published_time\" content=\"2021-08-10T14:20:22+00:00\" \/>\n<meta property=\"article:modified_time\" content=\"2021-08-10T14:29:41+00:00\" \/>\n<meta property=\"og:image\" content=\"https:\/\/www.thebestsocial.media\/de\/wp-content\/uploads\/sites\/3\/2021\/08\/bahnstreik-fb.png\" \/>\n\t<meta property=\"og:image:width\" content=\"1200\" \/>\n\t<meta property=\"og:image:height\" content=\"630\" \/>\n\t<meta property=\"og:image:type\" content=\"image\/png\" \/>\n<meta name=\"author\" content=\"Benny\" \/>\n<meta name=\"twitter:card\" content=\"summary_large_image\" \/>\n<meta name=\"twitter:label1\" content=\"Verfasst von\" \/>\n\t<meta name=\"twitter:data1\" content=\"Benny\" \/>\n\t<meta name=\"twitter:label2\" content=\"Gesch\u00e4tzte Lesezeit\" \/>\n\t<meta name=\"twitter:data2\" content=\"1\u00a0Minute\" \/>\n<script type=\"application\/ld+json\" class=\"yoast-schema-graph\">{\"@context\":\"https:\\\/\\\/schema.org\",\"@graph\":[{\"@type\":\"Article\",\"@id\":\"https:\\\/\\\/www.thebestsocial.media\\\/de\\\/bahnstreik-lokfuehrer-motivation\\\/#article\",\"isPartOf\":{\"@id\":\"https:\\\/\\\/www.thebestsocial.media\\\/de\\\/bahnstreik-lokfuehrer-motivation\\\/\"},\"author\":{\"name\":\"Benny\",\"@id\":\"https:\\\/\\\/www.thebestsocial.media\\\/de\\\/#\\\/schema\\\/person\\\/212fdd48880db42a484e589e4e27871b\"},\"headline\":\"Bahnstreik: Lokf\u00fchrer erkl\u00e4rt Motivation und was in seinem Beruf schiefl\u00e4uft\",\"datePublished\":\"2021-08-10T14:20:22+00:00\",\"dateModified\":\"2021-08-10T14:29:41+00:00\",\"mainEntityOfPage\":{\"@id\":\"https:\\\/\\\/www.thebestsocial.media\\\/de\\\/bahnstreik-lokfuehrer-motivation\\\/\"},\"wordCount\":1020,\"commentCount\":0,\"image\":{\"@id\":\"https:\\\/\\\/www.thebestsocial.media\\\/de\\\/bahnstreik-lokfuehrer-motivation\\\/#primaryimage\"},\"thumbnailUrl\":\"https:\\\/\\\/www.thebestsocial.media\\\/de\\\/wp-content\\\/uploads\\\/sites\\\/3\\\/2021\\\/08\\\/bahnstreik-thumb.png\",\"keywords\":[\"Deutsche Bahn\"],\"articleSection\":[\"Twitter\"],\"inLanguage\":\"de\",\"potentialAction\":[{\"@type\":\"CommentAction\",\"name\":\"Comment\",\"target\":[\"https:\\\/\\\/www.thebestsocial.media\\\/de\\\/bahnstreik-lokfuehrer-motivation\\\/#respond\"]}]},{\"@type\":\"WebPage\",\"@id\":\"https:\\\/\\\/www.thebestsocial.media\\\/de\\\/bahnstreik-lokfuehrer-motivation\\\/\",\"url\":\"https:\\\/\\\/www.thebestsocial.media\\\/de\\\/bahnstreik-lokfuehrer-motivation\\\/\",\"name\":\"Bahnstreik: Lokf\u00fchrer erkl\u00e4rt Motivation und was bei der Bahn schiefl\u00e4uft\",\"isPartOf\":{\"@id\":\"https:\\\/\\\/www.thebestsocial.media\\\/de\\\/#website\"},\"primaryImageOfPage\":{\"@id\":\"https:\\\/\\\/www.thebestsocial.media\\\/de\\\/bahnstreik-lokfuehrer-motivation\\\/#primaryimage\"},\"image\":{\"@id\":\"https:\\\/\\\/www.thebestsocial.media\\\/de\\\/bahnstreik-lokfuehrer-motivation\\\/#primaryimage\"},\"thumbnailUrl\":\"https:\\\/\\\/www.thebestsocial.media\\\/de\\\/wp-content\\\/uploads\\\/sites\\\/3\\\/2021\\\/08\\\/bahnstreik-thumb.png\",\"datePublished\":\"2021-08-10T14:20:22+00:00\",\"dateModified\":\"2021-08-10T14:29:41+00:00\",\"author\":{\"@id\":\"https:\\\/\\\/www.thebestsocial.media\\\/de\\\/#\\\/schema\\\/person\\\/212fdd48880db42a484e589e4e27871b\"},\"description\":\"Auf Twitter schildert ein Lokf\u00fchrer, warum er am Bahnstreik teilnimmt und was bei der Deutschen Bahn aktuell alles schiefl\u00e4uft.\",\"breadcrumb\":{\"@id\":\"https:\\\/\\\/www.thebestsocial.media\\\/de\\\/bahnstreik-lokfuehrer-motivation\\\/#breadcrumb\"},\"inLanguage\":\"de\",\"potentialAction\":[{\"@type\":\"ReadAction\",\"target\":[\"https:\\\/\\\/www.thebestsocial.media\\\/de\\\/bahnstreik-lokfuehrer-motivation\\\/\"]}]},{\"@type\":\"ImageObject\",\"inLanguage\":\"de\",\"@id\":\"https:\\\/\\\/www.thebestsocial.media\\\/de\\\/bahnstreik-lokfuehrer-motivation\\\/#primaryimage\",\"url\":\"https:\\\/\\\/www.thebestsocial.media\\\/de\\\/wp-content\\\/uploads\\\/sites\\\/3\\\/2021\\\/08\\\/bahnstreik-thumb.png\",\"contentUrl\":\"https:\\\/\\\/www.thebestsocial.media\\\/de\\\/wp-content\\\/uploads\\\/sites\\\/3\\\/2021\\\/08\\\/bahnstreik-thumb.png\",\"width\":1200,\"height\":630},{\"@type\":\"BreadcrumbList\",\"@id\":\"https:\\\/\\\/www.thebestsocial.media\\\/de\\\/bahnstreik-lokfuehrer-motivation\\\/#breadcrumb\",\"itemListElement\":[{\"@type\":\"ListItem\",\"position\":1,\"name\":\"Home\",\"item\":\"https:\\\/\\\/www.thebestsocial.media\\\/de\\\/\"},{\"@type\":\"ListItem\",\"position\":2,\"name\":\"Bahnstreik: Lokf\u00fchrer erkl\u00e4rt Motivation und was in seinem Beruf schiefl\u00e4uft\"}]},{\"@type\":\"WebSite\",\"@id\":\"https:\\\/\\\/www.thebestsocial.media\\\/de\\\/#website\",\"url\":\"https:\\\/\\\/www.thebestsocial.media\\\/de\\\/\",\"name\":\"The Best Social Media DE\",\"description\":\"\",\"potentialAction\":[{\"@type\":\"SearchAction\",\"target\":{\"@type\":\"EntryPoint\",\"urlTemplate\":\"https:\\\/\\\/www.thebestsocial.media\\\/de\\\/?s={search_term_string}\"},\"query-input\":{\"@type\":\"PropertyValueSpecification\",\"valueRequired\":true,\"valueName\":\"search_term_string\"}}],\"inLanguage\":\"de\"},{\"@type\":\"Person\",\"@id\":\"https:\\\/\\\/www.thebestsocial.media\\\/de\\\/#\\\/schema\\\/person\\\/212fdd48880db42a484e589e4e27871b\",\"name\":\"Benny\",\"image\":{\"@type\":\"ImageObject\",\"inLanguage\":\"de\",\"@id\":\"https:\\\/\\\/secure.gravatar.com\\\/avatar\\\/559f54fceb59ac8654d5ca40291d2ab87f2a9d79e48e8e3c19582477cde950bf?s=96&d=mm&r=g\",\"url\":\"https:\\\/\\\/secure.gravatar.com\\\/avatar\\\/559f54fceb59ac8654d5ca40291d2ab87f2a9d79e48e8e3c19582477cde950bf?s=96&d=mm&r=g\",\"contentUrl\":\"https:\\\/\\\/secure.gravatar.com\\\/avatar\\\/559f54fceb59ac8654d5ca40291d2ab87f2a9d79e48e8e3c19582477cde950bf?s=96&d=mm&r=g\",\"caption\":\"Benny\"},\"url\":\"https:\\\/\\\/www.thebestsocial.media\\\/de\\\/author\\\/bennykrueger\\\/\"}]}<\/script>\n<!-- \/ Yoast SEO plugin. -->","yoast_head_json":{"title":"Bahnstreik: Lokf\u00fchrer erkl\u00e4rt Motivation und was bei der Bahn schiefl\u00e4uft","description":"Auf Twitter schildert ein Lokf\u00fchrer, warum er am Bahnstreik teilnimmt und was bei der Deutschen Bahn aktuell alles schiefl\u00e4uft.","robots":{"index":"index","follow":"follow","max-snippet":"max-snippet:-1","max-image-preview":"max-image-preview:large","max-video-preview":"max-video-preview:-1"},"canonical":"https:\/\/www.thebestsocial.media\/de\/bahnstreik-lokfuehrer-motivation\/","og_locale":"de_DE","og_type":"article","og_title":"Bahnstreik: Lokf\u00fchrer erkl\u00e4rt Motivation und was in seinem Beruf schiefl\u00e4uft","og_description":"Auf Twitter schildert ein Lokf\u00fchrer, warum er am Bahnstreik teilnimmt und was bei der Deutschen Bahn aktuell alles schiefl\u00e4uft.","og_url":"https:\/\/www.thebestsocial.media\/de\/bahnstreik-lokfuehrer-motivation\/","og_site_name":"The Best Social Media DE","article_published_time":"2021-08-10T14:20:22+00:00","article_modified_time":"2021-08-10T14:29:41+00:00","og_image":[{"width":1200,"height":630,"url":"https:\/\/www.thebestsocial.media\/de\/wp-content\/uploads\/sites\/3\/2021\/08\/bahnstreik-fb.png","type":"image\/png"}],"author":"Benny","twitter_card":"summary_large_image","twitter_misc":{"Verfasst von":"Benny","Gesch\u00e4tzte Lesezeit":"1\u00a0Minute"},"schema":{"@context":"https:\/\/schema.org","@graph":[{"@type":"Article","@id":"https:\/\/www.thebestsocial.media\/de\/bahnstreik-lokfuehrer-motivation\/#article","isPartOf":{"@id":"https:\/\/www.thebestsocial.media\/de\/bahnstreik-lokfuehrer-motivation\/"},"author":{"name":"Benny","@id":"https:\/\/www.thebestsocial.media\/de\/#\/schema\/person\/212fdd48880db42a484e589e4e27871b"},"headline":"Bahnstreik: Lokf\u00fchrer erkl\u00e4rt Motivation und was in seinem Beruf schiefl\u00e4uft","datePublished":"2021-08-10T14:20:22+00:00","dateModified":"2021-08-10T14:29:41+00:00","mainEntityOfPage":{"@id":"https:\/\/www.thebestsocial.media\/de\/bahnstreik-lokfuehrer-motivation\/"},"wordCount":1020,"commentCount":0,"image":{"@id":"https:\/\/www.thebestsocial.media\/de\/bahnstreik-lokfuehrer-motivation\/#primaryimage"},"thumbnailUrl":"https:\/\/www.thebestsocial.media\/de\/wp-content\/uploads\/sites\/3\/2021\/08\/bahnstreik-thumb.png","keywords":["Deutsche Bahn"],"articleSection":["Twitter"],"inLanguage":"de","potentialAction":[{"@type":"CommentAction","name":"Comment","target":["https:\/\/www.thebestsocial.media\/de\/bahnstreik-lokfuehrer-motivation\/#respond"]}]},{"@type":"WebPage","@id":"https:\/\/www.thebestsocial.media\/de\/bahnstreik-lokfuehrer-motivation\/","url":"https:\/\/www.thebestsocial.media\/de\/bahnstreik-lokfuehrer-motivation\/","name":"Bahnstreik: Lokf\u00fchrer erkl\u00e4rt Motivation und was bei der Bahn schiefl\u00e4uft","isPartOf":{"@id":"https:\/\/www.thebestsocial.media\/de\/#website"},"primaryImageOfPage":{"@id":"https:\/\/www.thebestsocial.media\/de\/bahnstreik-lokfuehrer-motivation\/#primaryimage"},"image":{"@id":"https:\/\/www.thebestsocial.media\/de\/bahnstreik-lokfuehrer-motivation\/#primaryimage"},"thumbnailUrl":"https:\/\/www.thebestsocial.media\/de\/wp-content\/uploads\/sites\/3\/2021\/08\/bahnstreik-thumb.png","datePublished":"2021-08-10T14:20:22+00:00","dateModified":"2021-08-10T14:29:41+00:00","author":{"@id":"https:\/\/www.thebestsocial.media\/de\/#\/schema\/person\/212fdd48880db42a484e589e4e27871b"},"description":"Auf Twitter schildert ein Lokf\u00fchrer, warum er am Bahnstreik teilnimmt und was bei der Deutschen Bahn aktuell alles schiefl\u00e4uft.","breadcrumb":{"@id":"https:\/\/www.thebestsocial.media\/de\/bahnstreik-lokfuehrer-motivation\/#breadcrumb"},"inLanguage":"de","potentialAction":[{"@type":"ReadAction","target":["https:\/\/www.thebestsocial.media\/de\/bahnstreik-lokfuehrer-motivation\/"]}]},{"@type":"ImageObject","inLanguage":"de","@id":"https:\/\/www.thebestsocial.media\/de\/bahnstreik-lokfuehrer-motivation\/#primaryimage","url":"https:\/\/www.thebestsocial.media\/de\/wp-content\/uploads\/sites\/3\/2021\/08\/bahnstreik-thumb.png","contentUrl":"https:\/\/www.thebestsocial.media\/de\/wp-content\/uploads\/sites\/3\/2021\/08\/bahnstreik-thumb.png","width":1200,"height":630},{"@type":"BreadcrumbList","@id":"https:\/\/www.thebestsocial.media\/de\/bahnstreik-lokfuehrer-motivation\/#breadcrumb","itemListElement":[{"@type":"ListItem","position":1,"name":"Home","item":"https:\/\/www.thebestsocial.media\/de\/"},{"@type":"ListItem","position":2,"name":"Bahnstreik: Lokf\u00fchrer erkl\u00e4rt Motivation und was in seinem Beruf schiefl\u00e4uft"}]},{"@type":"WebSite","@id":"https:\/\/www.thebestsocial.media\/de\/#website","url":"https:\/\/www.thebestsocial.media\/de\/","name":"The Best Social Media DE","description":"","potentialAction":[{"@type":"SearchAction","target":{"@type":"EntryPoint","urlTemplate":"https:\/\/www.thebestsocial.media\/de\/?s={search_term_string}"},"query-input":{"@type":"PropertyValueSpecification","valueRequired":true,"valueName":"search_term_string"}}],"inLanguage":"de"},{"@type":"Person","@id":"https:\/\/www.thebestsocial.media\/de\/#\/schema\/person\/212fdd48880db42a484e589e4e27871b","name":"Benny","image":{"@type":"ImageObject","inLanguage":"de","@id":"https:\/\/secure.gravatar.com\/avatar\/559f54fceb59ac8654d5ca40291d2ab87f2a9d79e48e8e3c19582477cde950bf?s=96&d=mm&r=g","url":"https:\/\/secure.gravatar.com\/avatar\/559f54fceb59ac8654d5ca40291d2ab87f2a9d79e48e8e3c19582477cde950bf?s=96&d=mm&r=g","contentUrl":"https:\/\/secure.gravatar.com\/avatar\/559f54fceb59ac8654d5ca40291d2ab87f2a9d79e48e8e3c19582477cde950bf?s=96&d=mm&r=g","caption":"Benny"},"url":"https:\/\/www.thebestsocial.media\/de\/author\/bennykrueger\/"}]}},"amp_enabled":true,"_links":{"self":[{"href":"https:\/\/www.thebestsocial.media\/de\/wp-json\/wp\/v2\/posts\/148817","targetHints":{"allow":["GET"]}}],"collection":[{"href":"https:\/\/www.thebestsocial.media\/de\/wp-json\/wp\/v2\/posts"}],"about":[{"href":"https:\/\/www.thebestsocial.media\/de\/wp-json\/wp\/v2\/types\/post"}],"author":[{"embeddable":true,"href":"https:\/\/www.thebestsocial.media\/de\/wp-json\/wp\/v2\/users\/72"}],"replies":[{"embeddable":true,"href":"https:\/\/www.thebestsocial.media\/de\/wp-json\/wp\/v2\/comments?post=148817"}],"version-history":[{"count":4,"href":"https:\/\/www.thebestsocial.media\/de\/wp-json\/wp\/v2\/posts\/148817\/revisions"}],"predecessor-version":[{"id":148824,"href":"https:\/\/www.thebestsocial.media\/de\/wp-json\/wp\/v2\/posts\/148817\/revisions\/148824"}],"wp:featuredmedia":[{"embeddable":true,"href":"https:\/\/www.thebestsocial.media\/de\/wp-json\/wp\/v2\/media\/148820"}],"wp:attachment":[{"href":"https:\/\/www.thebestsocial.media\/de\/wp-json\/wp\/v2\/media?parent=148817"}],"wp:term":[{"taxonomy":"category","embeddable":true,"href":"https:\/\/www.thebestsocial.media\/de\/wp-json\/wp\/v2\/categories?post=148817"},{"taxonomy":"post_tag","embeddable":true,"href":"https:\/\/www.thebestsocial.media\/de\/wp-json\/wp\/v2\/tags?post=148817"}],"curies":[{"name":"wp","href":"https:\/\/api.w.org\/{rel}","templated":true}]}}