{"id":148780,"date":"2021-08-10T09:14:09","date_gmt":"2021-08-10T09:14:09","guid":{"rendered":"https:\/\/www.thebestsocial.media\/de\/?p=148780"},"modified":"2021-08-10T09:33:32","modified_gmt":"2021-08-10T09:33:32","slug":"spd-wahlkampf-video","status":"publish","type":"post","link":"https:\/\/www.thebestsocial.media\/de\/spd-wahlkampf-video\/","title":{"rendered":"CDU fordert, Clip zur\u00fcckzuziehen: Wahlkampf-Spot der SPD sorgt f\u00fcr Aufregung"},"content":{"rendered":"<p>Das neue Wahlkampf-Video der SPD sorgt f\u00fcr reichlich Unmut beim Noch-Koalitionspartner CDU. Ungewohnt deutlich werden in dem Clip einzelne CDU-Politiker kritisiert &#8211; darunter auch Nathanael Liminski, ein erzkonservativer Katholik, der als Laschets rechte Hand entsprechenden Einfluss auf den Kanzlerkandidaten der Union nimmt. Sowohl CDU als auch die Deutsche Bischofskonferenz sehen darin einen Tabubruch, religi\u00f6se \u00dcberzeugungen zum Wahlkampfthema zu machen, und fordern, den Spot zur\u00fcckzuziehen. Doch im Vergleich zu Friedrich Merz&#8216; <a href=\"https:\/\/www.thebestsocial.media\/de\/friedrich-merz-falsch-aussagen\/\" rel=\"noopener\" target=\"_blank\">Twitter-Tirade gegen die Gr\u00fcnen<\/a> muss man ehrlich sagen, dass die Vorw\u00fcrfe aus dem SPD-Video alles andere als aus der Luft gegriffen sind.<\/p>\n<p>&nbsp;<br \/>\n<strong>Der Wahlkampf-Spot der SPD kursiert in Form dieses Tweets bereits seit letzter Woche, sorgte aber erst im Laufe des gestrigen Tages f\u00fcr Gespr\u00e4chsstoff. Auf den offiziellen Kan\u00e4len der Partei ist der Clip bisher noch nicht zu finden.<\/strong><\/p>\n<p>https:\/\/twitter.com\/josefheynckes\/status\/1422862045494579203<\/p>\n<p>&nbsp;<br \/>\n<strong>Ist das schlechter Stil und die SPD zu weit gegangen? Oder ist es in Anbetracht von CDUlern, die mit dem rechten Rand kokettieren, und denen Inkompetenz im Amt vorgeworfen wird, gerechtfertigte Kritik?<\/strong><\/p>\n<blockquote class=\"twitter-tweet\">\n<p lang=\"de\" dir=\"ltr\">Leider macht es die CDU ja nicht anders, nur eben nicht direkt sondern \u00fcber die N\u00e4he stehenden Medien. Beim SPD Spot sieht man den Absender, bei Bild und Welt leider nicht..<\/p>\n<p>&mdash; AdamBomb-ger (@emstolz) <a href=\"https:\/\/twitter.com\/emstolz\/status\/1423739826877128706?ref_src=twsrc%5Etfw\">August 6, 2021<\/a><\/p><\/blockquote>\n<p> <script async src=\"https:\/\/platform.twitter.com\/widgets.js\" charset=\"utf-8\"><\/script><\/p>\n<blockquote class=\"twitter-tweet\" data-conversation=\"none\">\n<p lang=\"de\" dir=\"ltr\">Nach den ruchlosen Dauerattacken der Konservativen ist das wenigstens mal ernsthafte Kritik an einem Kanzlerkandidaten &amp; kein aufgeplusterter Unsinn.<\/p>\n<p>Ist ein starker Clip, f\u00fcr den man nichtmal L\u00fcgen musste. Laschet gibt all diese Angriffsfl\u00e4chen freiwillig her.<\/p>\n<p>&mdash; Dennis Krause (@DennisEK__) <a href=\"https:\/\/twitter.com\/DennisEK__\/status\/1423738369381703680?ref_src=twsrc%5Etfw\">August 6, 2021<\/a><\/p><\/blockquote>\n<p> <script async src=\"https:\/\/platform.twitter.com\/widgets.js\" charset=\"utf-8\"><\/script><\/p>\n<div class=\"dbsm-oembed\">\n<blockquote class=\"twitter-tweet\" data-width=\"500\" data-dnt=\"true\">\n<p lang=\"de\" dir=\"ltr\">Geil. Die CDU sorgt daf\u00fcr, dass sich die Leute den Spot jetzt erst recht \u2013 weil sie neugierig sind \u2013 angucken wollen. Nur weiter so! \ud83d\udc4f <a href=\"https:\/\/t.co\/8o35bv0Bn0\">https:\/\/t.co\/8o35bv0Bn0<\/a><\/p>\n<p>&mdash; Henning Tillmann (@henningtillmann) <a href=\"https:\/\/twitter.com\/henningtillmann\/status\/1424804489136070661?ref_src=twsrc%5Etfw\">August 9, 2021<\/a><\/p><\/blockquote>\n<p><script async src=\"https:\/\/platform.twitter.com\/widgets.js\" charset=\"utf-8\"><\/script><\/div>\n<p>&nbsp;<br \/>\n<strong>CDU und Deutsche Bischofskonferenz st\u00f6ren sich vor allem daran, dass der religi\u00f6se Glaube von Nathanael Liminski betont wird.<\/strong><\/p>\n<p>https:\/\/twitter.com\/simbosan\/status\/1424688378642116608<\/p>\n<div class=\"dbsm-oembed\">\n<blockquote class=\"twitter-tweet\" data-width=\"500\" data-dnt=\"true\">\n<p lang=\"de\" dir=\"ltr\">Schr\u00e4ge Debatte \u00fcber <a href=\"https:\/\/twitter.com\/hashtag\/Liminski?src=hash&amp;ref_src=twsrc%5Etfw\">#Liminski<\/a>: als d\u00fcrfe man den Einfluss religi\u00f6ser Fundamentalisten in der Politik nicht kritisch betrachten. Gilt f\u00fcr Fundamentalisten aller Religionen \u00fcbrigens. Und hat mit Einschr\u00e4nkung der Religionsfreiheit nicht das Geringste zu tun.<\/p>\n<p>&mdash; Georg Restle (@georgrestle) <a href=\"https:\/\/twitter.com\/georgrestle\/status\/1424751100054458373?ref_src=twsrc%5Etfw\">August 9, 2021<\/a><\/p><\/blockquote>\n<p><script async src=\"https:\/\/platform.twitter.com\/widgets.js\" charset=\"utf-8\"><\/script><\/div>\n<p>https:\/\/twitter.com\/MostRotWeiss186\/status\/1424260296563175426<\/p>\n<div class=\"dbsm-oembed\">\n<blockquote class=\"twitter-tweet\" data-width=\"500\" data-dnt=\"true\">\n<p lang=\"de\" dir=\"ltr\">W\u00e4re <a href=\"https:\/\/twitter.com\/hashtag\/Liminski?src=hash&amp;ref_src=twsrc%5Etfw\">#Liminski<\/a> \u00fcbrigens nicht Katholik, sondern Muslim w\u00e4re die CDU \u00fcbrigens die erste Partei, die seine religi\u00f6sen \u00dcberzeugungen in die \u00d6ffentlichkeit zerren w\u00fcrde. Nur mal so.<\/p>\n<p>&mdash; @ljohrendt.bsky.social (@LJohrendt) <a href=\"https:\/\/twitter.com\/LJohrendt\/status\/1424293076458250246?ref_src=twsrc%5Etfw\">August 8, 2021<\/a><\/p><\/blockquote>\n<p><script async src=\"https:\/\/platform.twitter.com\/widgets.js\" charset=\"utf-8\"><\/script><\/div>\n<p>https:\/\/twitter.com\/LillyBlaudszun\/status\/1424631097632112640<\/p>\n<p>&nbsp;<br \/>\n<strong>Liminski ist erzkatholisch, h\u00e4lt Abtreibung und Homosexualit\u00e4t f\u00fcr unethisch. Er pflegt Verbindungen zu Opus Dei und rechten Netzwerken &#8211; u.a. \u00fcber seinen mittlerweile verstorbenen Vater sowie Beatrix von Storchs Ehemann.<\/strong><\/p>\n<p>https:\/\/twitter.com\/simbosan\/status\/1414665981067239428<\/p>\n<blockquote class=\"twitter-tweet\" data-conversation=\"none\">\n<p lang=\"de\" dir=\"ltr\">Das ist sein k\u00fcrzlich verstorbener Vater, J\u00fcrgen Liminski. Autor der rechtsextremen Jungen Freiheit. Mitglied bei Opus Dei. H\u00e4ufig Gast auf den Kan\u00e4len und Veranstaltungen der AfD (z.B. mit Neonazi Andreas Kalbitz). 2\/6 <a href=\"https:\/\/t.co\/H6ZKDFgpwA\">pic.twitter.com\/H6ZKDFgpwA<\/a><\/p>\n<p>&mdash; Simon Lavo-Braumann (@simbosan) <a href=\"https:\/\/twitter.com\/simbosan\/status\/1414665989921333251?ref_src=twsrc%5Etfw\">July 12, 2021<\/a><\/p><\/blockquote>\n<p> <script async src=\"https:\/\/platform.twitter.com\/widgets.js\" charset=\"utf-8\"><\/script><\/p>\n<blockquote class=\"twitter-tweet\" data-conversation=\"none\">\n<p lang=\"de\" dir=\"ltr\">Klar, f\u00fcr seine Eltern kann man nix. Aber hier f\u00e4llt der Apfel wohl nicht weit vom Stamm. Auch Nathanael ist stockkonservativ: Kein Sex vor der Ehe. Abtreibung pfui. Homosexualit\u00e4t pfui. Traditionelles Familienbild. Kann man nachlesen und nachschauen. 3\/6 <a href=\"https:\/\/t.co\/4VizxRhbNi\">pic.twitter.com\/4VizxRhbNi<\/a><\/p>\n<p>&mdash; Simon Lavo-Braumann (@simbosan) <a href=\"https:\/\/twitter.com\/simbosan\/status\/1414665996300865538?ref_src=twsrc%5Etfw\">July 12, 2021<\/a><\/p><\/blockquote>\n<p> <script async src=\"https:\/\/platform.twitter.com\/widgets.js\" charset=\"utf-8\"><\/script><\/p>\n<blockquote class=\"twitter-tweet\" data-conversation=\"none\">\n<p lang=\"de\" dir=\"ltr\">Liminski trat als Gr\u00fcnder des Papstfanclubs \u201eGeneration Benedikt\u201c in Talkshows auf und versuchte sich &#8211; ganz wie Papa &#8211; als Autor. F\u00fcr die \u201eFreie Welt\u201c schrieb er \u00fcber Merkel, Gutmenschen, politische Korrektheit und das gleichgeschaltete Establishment von Politik und Medien. 4\/6 <a href=\"https:\/\/t.co\/RN0BNmwP2Y\">pic.twitter.com\/RN0BNmwP2Y<\/a><\/p>\n<p>&mdash; Simon Lavo-Braumann (@simbosan) <a href=\"https:\/\/twitter.com\/simbosan\/status\/1414666002856562697?ref_src=twsrc%5Etfw\">July 12, 2021<\/a><\/p><\/blockquote>\n<p> <script async src=\"https:\/\/platform.twitter.com\/widgets.js\" charset=\"utf-8\"><\/script><\/p>\n<blockquote class=\"twitter-tweet\" data-conversation=\"none\">\n<p lang=\"de\" dir=\"ltr\">Klingt ganz sch\u00f6n nach AfD-Sprech? Keine \u00dcberraschung. Sein Herausgeber ist n\u00e4mlich Sven von Storch &#8211; Ehemann von Beatrix, deren Familie finanziell vom Holocaust profitiert hat. 5\/6 <a href=\"https:\/\/t.co\/qkKkuM301Z\">pic.twitter.com\/qkKkuM301Z<\/a><\/p>\n<p>&mdash; Simon Lavo-Braumann (@simbosan) <a href=\"https:\/\/twitter.com\/simbosan\/status\/1414666010238595078?ref_src=twsrc%5Etfw\">July 12, 2021<\/a><\/p><\/blockquote>\n<p> <script async src=\"https:\/\/platform.twitter.com\/widgets.js\" charset=\"utf-8\"><\/script><\/p>\n<p>&nbsp;<br \/>\n<strong>Von dem Wahlkampf-Video gibt es sozusagen auch eine &#8222;umgekehrte&#8220; Version, in der die Matroschka-Puppen von innen nach au\u00dfen zusammengesetzt werden, um zu zeigen, was man bekommt, wenn man die SPD w\u00e4hlt.<\/strong><\/p>\n<p><iframe loading=\"lazy\" width=\"1196\" height=\"673\" src=\"https:\/\/www.youtube.com\/embed\/Y8JWqzIEkYg\" title=\"YouTube video player\" frameborder=\"0\" allow=\"accelerometer; autoplay; clipboard-write; encrypted-media; gyroscope; picture-in-picture\" allowfullscreen><\/iframe><\/p>\n<p>&nbsp;<\/p>\n<p>&#8212;<br \/>\nVielen Dank an alle f\u00fcr die Posts.<br \/>\n&#8212;<br \/>\n<strong>Keine Influencer! Kein Foodporn! Nur ganz viel Spa\u00df &#8211; bei uns auf Instagram:<\/strong><\/p>\n<blockquote class=\"instagram-media\" data-instgrm-captioned data-instgrm-permalink=\"https:\/\/www.instagram.com\/p\/CSOY11-NO2u\/?utm_source=ig_embed&amp;utm_campaign=loading\" data-instgrm-version=\"13\" style=\" background:#FFF; border:0; border-radius:3px; box-shadow:0 0 1px 0 rgba(0,0,0,0.5),0 1px 10px 0 rgba(0,0,0,0.15); margin: 1px; max-width:540px; min-width:326px; padding:0; width:99.375%; width:-webkit-calc(100% - 2px); width:calc(100% - 2px);\">\n<div style=\"padding:16px;\"> <a href=\"https:\/\/www.instagram.com\/p\/CSOY11-NO2u\/?utm_source=ig_embed&amp;utm_campaign=loading\" style=\" background:#FFFFFF; line-height:0; padding:0 0; text-align:center; text-decoration:none; width:100%;\" target=\"_blank\" rel=\"noopener\"> <\/p>\n<div style=\" display: flex; flex-direction: row; align-items: center;\">\n<div style=\"background-color: #F4F4F4; border-radius: 50%; flex-grow: 0; height: 40px; margin-right: 14px; width: 40px;\"><\/div>\n<div style=\"display: flex; flex-direction: column; flex-grow: 1; justify-content: center;\">\n<div style=\" background-color: #F4F4F4; border-radius: 4px; flex-grow: 0; height: 14px; margin-bottom: 6px; width: 100px;\"><\/div>\n<div style=\" background-color: #F4F4F4; border-radius: 4px; flex-grow: 0; height: 14px; width: 60px;\"><\/div>\n<\/div>\n<\/div>\n<div style=\"padding: 19% 0;\"><\/div>\n<div style=\"display:block; height:50px; margin:0 auto 12px; width:50px;\"><svg width=\"50px\" height=\"50px\" viewBox=\"0 0 60 60\" version=\"1.1\" xmlns=\"https:\/\/www.w3.org\/2000\/svg\" xmlns:xlink=\"https:\/\/www.w3.org\/1999\/xlink\"><g stroke=\"none\" stroke-width=\"1\" fill=\"none\" fill-rule=\"evenodd\"><g transform=\"translate(-511.000000, -20.000000)\" fill=\"#000000\"><g><path d=\"M556.869,30.41 C554.814,30.41 553.148,32.076 553.148,34.131 C553.148,36.186 554.814,37.852 556.869,37.852 C558.924,37.852 560.59,36.186 560.59,34.131 C560.59,32.076 558.924,30.41 556.869,30.41 M541,60.657 C535.114,60.657 530.342,55.887 530.342,50 C530.342,44.114 535.114,39.342 541,39.342 C546.887,39.342 551.658,44.114 551.658,50 C551.658,55.887 546.887,60.657 541,60.657 M541,33.886 C532.1,33.886 524.886,41.1 524.886,50 C524.886,58.899 532.1,66.113 541,66.113 C549.9,66.113 557.115,58.899 557.115,50 C557.115,41.1 549.9,33.886 541,33.886 M565.378,62.101 C565.244,65.022 564.756,66.606 564.346,67.663 C563.803,69.06 563.154,70.057 562.106,71.106 C561.058,72.155 560.06,72.803 558.662,73.347 C557.607,73.757 556.021,74.244 553.102,74.378 C549.944,74.521 548.997,74.552 541,74.552 C533.003,74.552 532.056,74.521 528.898,74.378 C525.979,74.244 524.393,73.757 523.338,73.347 C521.94,72.803 520.942,72.155 519.894,71.106 C518.846,70.057 518.197,69.06 517.654,67.663 C517.244,66.606 516.755,65.022 516.623,62.101 C516.479,58.943 516.448,57.996 516.448,50 C516.448,42.003 516.479,41.056 516.623,37.899 C516.755,34.978 517.244,33.391 517.654,32.338 C518.197,30.938 518.846,29.942 519.894,28.894 C520.942,27.846 521.94,27.196 523.338,26.654 C524.393,26.244 525.979,25.756 528.898,25.623 C532.057,25.479 533.004,25.448 541,25.448 C548.997,25.448 549.943,25.479 553.102,25.623 C556.021,25.756 557.607,26.244 558.662,26.654 C560.06,27.196 561.058,27.846 562.106,28.894 C563.154,29.942 563.803,30.938 564.346,32.338 C564.756,33.391 565.244,34.978 565.378,37.899 C565.522,41.056 565.552,42.003 565.552,50 C565.552,57.996 565.522,58.943 565.378,62.101 M570.82,37.631 C570.674,34.438 570.167,32.258 569.425,30.349 C568.659,28.377 567.633,26.702 565.965,25.035 C564.297,23.368 562.623,22.342 560.652,21.575 C558.743,20.834 556.562,20.326 553.369,20.18 C550.169,20.033 549.148,20 541,20 C532.853,20 531.831,20.033 528.631,20.18 C525.438,20.326 523.257,20.834 521.349,21.575 C519.376,22.342 517.703,23.368 516.035,25.035 C514.368,26.702 513.342,28.377 512.574,30.349 C511.834,32.258 511.326,34.438 511.181,37.631 C511.035,40.831 511,41.851 511,50 C511,58.147 511.035,59.17 511.181,62.369 C511.326,65.562 511.834,67.743 512.574,69.651 C513.342,71.625 514.368,73.296 516.035,74.965 C517.703,76.634 519.376,77.658 521.349,78.425 C523.257,79.167 525.438,79.673 528.631,79.82 C531.831,79.965 532.853,80.001 541,80.001 C549.148,80.001 550.169,79.965 553.369,79.82 C556.562,79.673 558.743,79.167 560.652,78.425 C562.623,77.658 564.297,76.634 565.965,74.965 C567.633,73.296 568.659,71.625 569.425,69.651 C570.167,67.743 570.674,65.562 570.82,62.369 C570.966,59.17 571,58.147 571,50 C571,41.851 570.966,40.831 570.82,37.631\"><\/path><\/g><\/g><\/g><\/svg><\/div>\n<div style=\"padding-top: 8px;\">\n<div style=\" color:#3897f0; font-family:Arial,sans-serif; font-size:14px; font-style:normal; font-weight:550; line-height:18px;\"> Sieh dir diesen Beitrag auf Instagram an<\/div>\n<\/div>\n<div style=\"padding: 12.5% 0;\"><\/div>\n<div style=\"display: flex; flex-direction: row; margin-bottom: 14px; align-items: center;\">\n<div>\n<div style=\"background-color: #F4F4F4; border-radius: 50%; height: 12.5px; width: 12.5px; transform: translateX(0px) translateY(7px);\"><\/div>\n<div style=\"background-color: #F4F4F4; height: 12.5px; transform: rotate(-45deg) translateX(3px) translateY(1px); width: 12.5px; flex-grow: 0; margin-right: 14px; margin-left: 2px;\"><\/div>\n<div style=\"background-color: #F4F4F4; border-radius: 50%; height: 12.5px; width: 12.5px; transform: translateX(9px) translateY(-18px);\"><\/div>\n<\/div>\n<div style=\"margin-left: 8px;\">\n<div style=\" background-color: #F4F4F4; border-radius: 50%; flex-grow: 0; height: 20px; width: 20px;\"><\/div>\n<div style=\" width: 0; height: 0; border-top: 2px solid transparent; border-left: 6px solid #f4f4f4; border-bottom: 2px solid transparent; transform: translateX(16px) translateY(-4px) rotate(30deg)\"><\/div>\n<\/div>\n<div style=\"margin-left: auto;\">\n<div style=\" width: 0px; border-top: 8px solid #F4F4F4; border-right: 8px solid transparent; transform: translateY(16px);\"><\/div>\n<div style=\" background-color: #F4F4F4; flex-grow: 0; height: 12px; width: 16px; transform: translateY(-4px);\"><\/div>\n<div style=\" width: 0; height: 0; border-top: 8px solid #F4F4F4; border-left: 8px solid transparent; transform: translateY(-4px) translateX(8px);\"><\/div>\n<\/div>\n<\/div>\n<div style=\"display: flex; flex-direction: column; flex-grow: 1; justify-content: center; margin-bottom: 24px;\">\n<div style=\" background-color: #F4F4F4; border-radius: 4px; flex-grow: 0; height: 14px; margin-bottom: 6px; width: 224px;\"><\/div>\n<div style=\" background-color: #F4F4F4; border-radius: 4px; flex-grow: 0; height: 14px; width: 144px;\"><\/div>\n<\/div>\n<p><\/a><\/p>\n<p style=\" color:#c9c8cd; font-family:Arial,sans-serif; font-size:14px; line-height:17px; margin-bottom:0; margin-top:8px; overflow:hidden; padding:8px 0 7px; text-align:center; text-overflow:ellipsis; white-space:nowrap;\"><a href=\"https:\/\/www.instagram.com\/p\/CSOY11-NO2u\/?utm_source=ig_embed&amp;utm_campaign=loading\" style=\" color:#c9c8cd; font-family:Arial,sans-serif; font-size:14px; font-style:normal; font-weight:normal; line-height:17px; text-decoration:none;\" target=\"_blank\" rel=\"noopener\">Ein Beitrag geteilt von The Best Social Media &#8211; DE (@thebestsocialmediade)<\/a><\/p>\n<\/div>\n<\/blockquote>\n\n<script async defer src=\"\/instagram-embed.js\"><\/script>","protected":false},"excerpt":{"rendered":"<p>Das neue Wahlkampf-Video der SPD sorgt f\u00fcr reichlich Unmut beim Noch-Koalitionspartner CDU. Ungewohnt deutlich werden in dem Clip einzelne CDU-Politiker kritisiert &#8211; darunter auch Nathanael&#8230;<\/p>\n","protected":false},"author":72,"featured_media":148791,"comment_status":"open","ping_status":"open","sticky":false,"template":"","format":"standard","meta":{"_acf_changed":false,"footnotes":""},"categories":[35],"tags":[227,331],"class_list":["post-148780","post","type-post","status-publish","format-standard","has-post-thumbnail","hentry","category-twitter","tag-spd","tag-wahlkampf"],"acf":[],"yoast_head":"<!-- This site is optimized with the Yoast SEO plugin v27.5 - https:\/\/yoast.com\/product\/yoast-seo-wordpress\/ -->\n<title>CDU ist emp\u00f6rt: Wahlkampf-Video der SPD sorgt f\u00fcr Aufregung<\/title>\n<meta name=\"description\" content=\"In ihrem neuen Wahlkampf-Video kritisiert die SPD ungewohnt scharf einzelne CDU-Politiker. CDU und Deutsche Bischofskonferenz sind emp\u00f6rt.\" \/>\n<meta name=\"robots\" content=\"index, follow, max-snippet:-1, max-image-preview:large, max-video-preview:-1\" \/>\n<link rel=\"canonical\" href=\"https:\/\/www.thebestsocial.media\/de\/spd-wahlkampf-video\/\" \/>\n<meta property=\"og:locale\" content=\"de_DE\" \/>\n<meta property=\"og:type\" content=\"article\" \/>\n<meta property=\"og:title\" content=\"CDU fordert, Clip zur\u00fcckzuziehen: Wahlkampf-Spot der SPD sorgt f\u00fcr Aufregung\" \/>\n<meta property=\"og:description\" content=\"In ihrem neuen Wahlkampf-Video kritisiert die SPD ungewohnt scharf einzelne CDU-Politiker. CDU und Deutsche Bischofskonferenz sind emp\u00f6rt.\" \/>\n<meta property=\"og:url\" content=\"https:\/\/www.thebestsocial.media\/de\/spd-wahlkampf-video\/\" \/>\n<meta property=\"og:site_name\" content=\"The Best Social Media DE\" \/>\n<meta property=\"article:published_time\" content=\"2021-08-10T09:14:09+00:00\" \/>\n<meta property=\"article:modified_time\" content=\"2021-08-10T09:33:32+00:00\" \/>\n<meta property=\"og:image\" content=\"https:\/\/www.thebestsocial.media\/de\/wp-content\/uploads\/sites\/3\/2021\/08\/wahlkampf-video-fb.png\" \/>\n\t<meta property=\"og:image:width\" content=\"1200\" \/>\n\t<meta property=\"og:image:height\" content=\"630\" \/>\n\t<meta property=\"og:image:type\" content=\"image\/png\" \/>\n<meta name=\"author\" content=\"Benny\" \/>\n<meta name=\"twitter:card\" content=\"summary_large_image\" \/>\n<meta name=\"twitter:label1\" content=\"Verfasst von\" \/>\n\t<meta name=\"twitter:data1\" content=\"Benny\" \/>\n\t<meta name=\"twitter:label2\" content=\"Gesch\u00e4tzte Lesezeit\" \/>\n\t<meta name=\"twitter:data2\" content=\"1\u00a0Minute\" \/>\n<script type=\"application\/ld+json\" class=\"yoast-schema-graph\">{\"@context\":\"https:\\\/\\\/schema.org\",\"@graph\":[{\"@type\":\"Article\",\"@id\":\"https:\\\/\\\/www.thebestsocial.media\\\/de\\\/spd-wahlkampf-video\\\/#article\",\"isPartOf\":{\"@id\":\"https:\\\/\\\/www.thebestsocial.media\\\/de\\\/spd-wahlkampf-video\\\/\"},\"author\":{\"name\":\"Benny\",\"@id\":\"https:\\\/\\\/www.thebestsocial.media\\\/de\\\/#\\\/schema\\\/person\\\/212fdd48880db42a484e589e4e27871b\"},\"headline\":\"CDU fordert, Clip zur\u00fcckzuziehen: Wahlkampf-Spot der SPD sorgt f\u00fcr Aufregung\",\"datePublished\":\"2021-08-10T09:14:09+00:00\",\"dateModified\":\"2021-08-10T09:33:32+00:00\",\"mainEntityOfPage\":{\"@id\":\"https:\\\/\\\/www.thebestsocial.media\\\/de\\\/spd-wahlkampf-video\\\/\"},\"wordCount\":620,\"commentCount\":0,\"image\":{\"@id\":\"https:\\\/\\\/www.thebestsocial.media\\\/de\\\/spd-wahlkampf-video\\\/#primaryimage\"},\"thumbnailUrl\":\"https:\\\/\\\/www.thebestsocial.media\\\/de\\\/wp-content\\\/uploads\\\/sites\\\/3\\\/2021\\\/08\\\/wahlkampf-video-thumb.png\",\"keywords\":[\"spd\",\"Wahlkampf\"],\"articleSection\":[\"Twitter\"],\"inLanguage\":\"de\",\"potentialAction\":[{\"@type\":\"CommentAction\",\"name\":\"Comment\",\"target\":[\"https:\\\/\\\/www.thebestsocial.media\\\/de\\\/spd-wahlkampf-video\\\/#respond\"]}]},{\"@type\":\"WebPage\",\"@id\":\"https:\\\/\\\/www.thebestsocial.media\\\/de\\\/spd-wahlkampf-video\\\/\",\"url\":\"https:\\\/\\\/www.thebestsocial.media\\\/de\\\/spd-wahlkampf-video\\\/\",\"name\":\"CDU ist emp\u00f6rt: Wahlkampf-Video der SPD sorgt f\u00fcr Aufregung\",\"isPartOf\":{\"@id\":\"https:\\\/\\\/www.thebestsocial.media\\\/de\\\/#website\"},\"primaryImageOfPage\":{\"@id\":\"https:\\\/\\\/www.thebestsocial.media\\\/de\\\/spd-wahlkampf-video\\\/#primaryimage\"},\"image\":{\"@id\":\"https:\\\/\\\/www.thebestsocial.media\\\/de\\\/spd-wahlkampf-video\\\/#primaryimage\"},\"thumbnailUrl\":\"https:\\\/\\\/www.thebestsocial.media\\\/de\\\/wp-content\\\/uploads\\\/sites\\\/3\\\/2021\\\/08\\\/wahlkampf-video-thumb.png\",\"datePublished\":\"2021-08-10T09:14:09+00:00\",\"dateModified\":\"2021-08-10T09:33:32+00:00\",\"author\":{\"@id\":\"https:\\\/\\\/www.thebestsocial.media\\\/de\\\/#\\\/schema\\\/person\\\/212fdd48880db42a484e589e4e27871b\"},\"description\":\"In ihrem neuen Wahlkampf-Video kritisiert die SPD ungewohnt scharf einzelne CDU-Politiker. CDU und Deutsche Bischofskonferenz sind emp\u00f6rt.\",\"breadcrumb\":{\"@id\":\"https:\\\/\\\/www.thebestsocial.media\\\/de\\\/spd-wahlkampf-video\\\/#breadcrumb\"},\"inLanguage\":\"de\",\"potentialAction\":[{\"@type\":\"ReadAction\",\"target\":[\"https:\\\/\\\/www.thebestsocial.media\\\/de\\\/spd-wahlkampf-video\\\/\"]}]},{\"@type\":\"ImageObject\",\"inLanguage\":\"de\",\"@id\":\"https:\\\/\\\/www.thebestsocial.media\\\/de\\\/spd-wahlkampf-video\\\/#primaryimage\",\"url\":\"https:\\\/\\\/www.thebestsocial.media\\\/de\\\/wp-content\\\/uploads\\\/sites\\\/3\\\/2021\\\/08\\\/wahlkampf-video-thumb.png\",\"contentUrl\":\"https:\\\/\\\/www.thebestsocial.media\\\/de\\\/wp-content\\\/uploads\\\/sites\\\/3\\\/2021\\\/08\\\/wahlkampf-video-thumb.png\",\"width\":1200,\"height\":630},{\"@type\":\"BreadcrumbList\",\"@id\":\"https:\\\/\\\/www.thebestsocial.media\\\/de\\\/spd-wahlkampf-video\\\/#breadcrumb\",\"itemListElement\":[{\"@type\":\"ListItem\",\"position\":1,\"name\":\"Home\",\"item\":\"https:\\\/\\\/www.thebestsocial.media\\\/de\\\/\"},{\"@type\":\"ListItem\",\"position\":2,\"name\":\"CDU fordert, Clip zur\u00fcckzuziehen: Wahlkampf-Spot der SPD sorgt f\u00fcr Aufregung\"}]},{\"@type\":\"WebSite\",\"@id\":\"https:\\\/\\\/www.thebestsocial.media\\\/de\\\/#website\",\"url\":\"https:\\\/\\\/www.thebestsocial.media\\\/de\\\/\",\"name\":\"The Best Social Media DE\",\"description\":\"\",\"potentialAction\":[{\"@type\":\"SearchAction\",\"target\":{\"@type\":\"EntryPoint\",\"urlTemplate\":\"https:\\\/\\\/www.thebestsocial.media\\\/de\\\/?s={search_term_string}\"},\"query-input\":{\"@type\":\"PropertyValueSpecification\",\"valueRequired\":true,\"valueName\":\"search_term_string\"}}],\"inLanguage\":\"de\"},{\"@type\":\"Person\",\"@id\":\"https:\\\/\\\/www.thebestsocial.media\\\/de\\\/#\\\/schema\\\/person\\\/212fdd48880db42a484e589e4e27871b\",\"name\":\"Benny\",\"image\":{\"@type\":\"ImageObject\",\"inLanguage\":\"de\",\"@id\":\"https:\\\/\\\/secure.gravatar.com\\\/avatar\\\/559f54fceb59ac8654d5ca40291d2ab87f2a9d79e48e8e3c19582477cde950bf?s=96&d=mm&r=g\",\"url\":\"https:\\\/\\\/secure.gravatar.com\\\/avatar\\\/559f54fceb59ac8654d5ca40291d2ab87f2a9d79e48e8e3c19582477cde950bf?s=96&d=mm&r=g\",\"contentUrl\":\"https:\\\/\\\/secure.gravatar.com\\\/avatar\\\/559f54fceb59ac8654d5ca40291d2ab87f2a9d79e48e8e3c19582477cde950bf?s=96&d=mm&r=g\",\"caption\":\"Benny\"},\"url\":\"https:\\\/\\\/www.thebestsocial.media\\\/de\\\/author\\\/bennykrueger\\\/\"}]}<\/script>\n<!-- \/ Yoast SEO plugin. -->","yoast_head_json":{"title":"CDU ist emp\u00f6rt: Wahlkampf-Video der SPD sorgt f\u00fcr Aufregung","description":"In ihrem neuen Wahlkampf-Video kritisiert die SPD ungewohnt scharf einzelne CDU-Politiker. CDU und Deutsche Bischofskonferenz sind emp\u00f6rt.","robots":{"index":"index","follow":"follow","max-snippet":"max-snippet:-1","max-image-preview":"max-image-preview:large","max-video-preview":"max-video-preview:-1"},"canonical":"https:\/\/www.thebestsocial.media\/de\/spd-wahlkampf-video\/","og_locale":"de_DE","og_type":"article","og_title":"CDU fordert, Clip zur\u00fcckzuziehen: Wahlkampf-Spot der SPD sorgt f\u00fcr Aufregung","og_description":"In ihrem neuen Wahlkampf-Video kritisiert die SPD ungewohnt scharf einzelne CDU-Politiker. CDU und Deutsche Bischofskonferenz sind emp\u00f6rt.","og_url":"https:\/\/www.thebestsocial.media\/de\/spd-wahlkampf-video\/","og_site_name":"The Best Social Media DE","article_published_time":"2021-08-10T09:14:09+00:00","article_modified_time":"2021-08-10T09:33:32+00:00","og_image":[{"width":1200,"height":630,"url":"https:\/\/www.thebestsocial.media\/de\/wp-content\/uploads\/sites\/3\/2021\/08\/wahlkampf-video-fb.png","type":"image\/png"}],"author":"Benny","twitter_card":"summary_large_image","twitter_misc":{"Verfasst von":"Benny","Gesch\u00e4tzte Lesezeit":"1\u00a0Minute"},"schema":{"@context":"https:\/\/schema.org","@graph":[{"@type":"Article","@id":"https:\/\/www.thebestsocial.media\/de\/spd-wahlkampf-video\/#article","isPartOf":{"@id":"https:\/\/www.thebestsocial.media\/de\/spd-wahlkampf-video\/"},"author":{"name":"Benny","@id":"https:\/\/www.thebestsocial.media\/de\/#\/schema\/person\/212fdd48880db42a484e589e4e27871b"},"headline":"CDU fordert, Clip zur\u00fcckzuziehen: Wahlkampf-Spot der SPD sorgt f\u00fcr Aufregung","datePublished":"2021-08-10T09:14:09+00:00","dateModified":"2021-08-10T09:33:32+00:00","mainEntityOfPage":{"@id":"https:\/\/www.thebestsocial.media\/de\/spd-wahlkampf-video\/"},"wordCount":620,"commentCount":0,"image":{"@id":"https:\/\/www.thebestsocial.media\/de\/spd-wahlkampf-video\/#primaryimage"},"thumbnailUrl":"https:\/\/www.thebestsocial.media\/de\/wp-content\/uploads\/sites\/3\/2021\/08\/wahlkampf-video-thumb.png","keywords":["spd","Wahlkampf"],"articleSection":["Twitter"],"inLanguage":"de","potentialAction":[{"@type":"CommentAction","name":"Comment","target":["https:\/\/www.thebestsocial.media\/de\/spd-wahlkampf-video\/#respond"]}]},{"@type":"WebPage","@id":"https:\/\/www.thebestsocial.media\/de\/spd-wahlkampf-video\/","url":"https:\/\/www.thebestsocial.media\/de\/spd-wahlkampf-video\/","name":"CDU ist emp\u00f6rt: Wahlkampf-Video der SPD sorgt f\u00fcr Aufregung","isPartOf":{"@id":"https:\/\/www.thebestsocial.media\/de\/#website"},"primaryImageOfPage":{"@id":"https:\/\/www.thebestsocial.media\/de\/spd-wahlkampf-video\/#primaryimage"},"image":{"@id":"https:\/\/www.thebestsocial.media\/de\/spd-wahlkampf-video\/#primaryimage"},"thumbnailUrl":"https:\/\/www.thebestsocial.media\/de\/wp-content\/uploads\/sites\/3\/2021\/08\/wahlkampf-video-thumb.png","datePublished":"2021-08-10T09:14:09+00:00","dateModified":"2021-08-10T09:33:32+00:00","author":{"@id":"https:\/\/www.thebestsocial.media\/de\/#\/schema\/person\/212fdd48880db42a484e589e4e27871b"},"description":"In ihrem neuen Wahlkampf-Video kritisiert die SPD ungewohnt scharf einzelne CDU-Politiker. CDU und Deutsche Bischofskonferenz sind emp\u00f6rt.","breadcrumb":{"@id":"https:\/\/www.thebestsocial.media\/de\/spd-wahlkampf-video\/#breadcrumb"},"inLanguage":"de","potentialAction":[{"@type":"ReadAction","target":["https:\/\/www.thebestsocial.media\/de\/spd-wahlkampf-video\/"]}]},{"@type":"ImageObject","inLanguage":"de","@id":"https:\/\/www.thebestsocial.media\/de\/spd-wahlkampf-video\/#primaryimage","url":"https:\/\/www.thebestsocial.media\/de\/wp-content\/uploads\/sites\/3\/2021\/08\/wahlkampf-video-thumb.png","contentUrl":"https:\/\/www.thebestsocial.media\/de\/wp-content\/uploads\/sites\/3\/2021\/08\/wahlkampf-video-thumb.png","width":1200,"height":630},{"@type":"BreadcrumbList","@id":"https:\/\/www.thebestsocial.media\/de\/spd-wahlkampf-video\/#breadcrumb","itemListElement":[{"@type":"ListItem","position":1,"name":"Home","item":"https:\/\/www.thebestsocial.media\/de\/"},{"@type":"ListItem","position":2,"name":"CDU fordert, Clip zur\u00fcckzuziehen: Wahlkampf-Spot der SPD sorgt f\u00fcr Aufregung"}]},{"@type":"WebSite","@id":"https:\/\/www.thebestsocial.media\/de\/#website","url":"https:\/\/www.thebestsocial.media\/de\/","name":"The Best Social Media DE","description":"","potentialAction":[{"@type":"SearchAction","target":{"@type":"EntryPoint","urlTemplate":"https:\/\/www.thebestsocial.media\/de\/?s={search_term_string}"},"query-input":{"@type":"PropertyValueSpecification","valueRequired":true,"valueName":"search_term_string"}}],"inLanguage":"de"},{"@type":"Person","@id":"https:\/\/www.thebestsocial.media\/de\/#\/schema\/person\/212fdd48880db42a484e589e4e27871b","name":"Benny","image":{"@type":"ImageObject","inLanguage":"de","@id":"https:\/\/secure.gravatar.com\/avatar\/559f54fceb59ac8654d5ca40291d2ab87f2a9d79e48e8e3c19582477cde950bf?s=96&d=mm&r=g","url":"https:\/\/secure.gravatar.com\/avatar\/559f54fceb59ac8654d5ca40291d2ab87f2a9d79e48e8e3c19582477cde950bf?s=96&d=mm&r=g","contentUrl":"https:\/\/secure.gravatar.com\/avatar\/559f54fceb59ac8654d5ca40291d2ab87f2a9d79e48e8e3c19582477cde950bf?s=96&d=mm&r=g","caption":"Benny"},"url":"https:\/\/www.thebestsocial.media\/de\/author\/bennykrueger\/"}]}},"amp_enabled":true,"_links":{"self":[{"href":"https:\/\/www.thebestsocial.media\/de\/wp-json\/wp\/v2\/posts\/148780","targetHints":{"allow":["GET"]}}],"collection":[{"href":"https:\/\/www.thebestsocial.media\/de\/wp-json\/wp\/v2\/posts"}],"about":[{"href":"https:\/\/www.thebestsocial.media\/de\/wp-json\/wp\/v2\/types\/post"}],"author":[{"embeddable":true,"href":"https:\/\/www.thebestsocial.media\/de\/wp-json\/wp\/v2\/users\/72"}],"replies":[{"embeddable":true,"href":"https:\/\/www.thebestsocial.media\/de\/wp-json\/wp\/v2\/comments?post=148780"}],"version-history":[{"count":4,"href":"https:\/\/www.thebestsocial.media\/de\/wp-json\/wp\/v2\/posts\/148780\/revisions"}],"predecessor-version":[{"id":148796,"href":"https:\/\/www.thebestsocial.media\/de\/wp-json\/wp\/v2\/posts\/148780\/revisions\/148796"}],"wp:featuredmedia":[{"embeddable":true,"href":"https:\/\/www.thebestsocial.media\/de\/wp-json\/wp\/v2\/media\/148791"}],"wp:attachment":[{"href":"https:\/\/www.thebestsocial.media\/de\/wp-json\/wp\/v2\/media?parent=148780"}],"wp:term":[{"taxonomy":"category","embeddable":true,"href":"https:\/\/www.thebestsocial.media\/de\/wp-json\/wp\/v2\/categories?post=148780"},{"taxonomy":"post_tag","embeddable":true,"href":"https:\/\/www.thebestsocial.media\/de\/wp-json\/wp\/v2\/tags?post=148780"}],"curies":[{"name":"wp","href":"https:\/\/api.w.org\/{rel}","templated":true}]}}