{"id":148397,"date":"2021-08-02T12:21:48","date_gmt":"2021-08-02T12:21:48","guid":{"rendered":"https:\/\/www.thebestsocial.media\/de\/?p=148397"},"modified":"2021-08-02T12:21:48","modified_gmt":"2021-08-02T12:21:48","slug":"pferd-olympia-aurel-mertz","status":"publish","type":"post","link":"https:\/\/www.thebestsocial.media\/de\/pferd-olympia-aurel-mertz\/","title":{"rendered":"Pferd verungl\u00fcckt bei Olympia: Aurel Mertz legt sich mit Reitsport an und erhitzt die Gem\u00fcter"},"content":{"rendered":"<p>Bei <a href=\"https:\/\/www.thebestsocial.media\/de\/olympia-start\/\" rel=\"noopener\" target=\"_blank\">Olympia<\/a> stehen eigentlich Nachrichten von sportlichen Triumphen im Vordergrund. Doch am Wochenende machte eine traurige Meldung die Runde, die sich w\u00e4hrend der Spiele ereignete: Beim Gel\u00e4nderitt der Vielseitigkeitsreiter verletzte sich das Pferd Jet Set derart schwer, dass es eingeschl\u00e4fert werden musste. Das Tier zog sich an einem Wasserhinderniss einen irreparablen B\u00e4nderriss direkt \u00fcber dem Huf zu, sodass sich die Tier\u00e4rzte mit Einverst\u00e4ndnis der Besitzer und des Schweizer Reiters Robin Godel f\u00fcr diese drastische Ma\u00dfnahme entschieden. Comedian Aurel Mertz griff dies in einer Reihe von Tweets auf, an denen sich nun die Geister scheiden: Prangert er den Reitsport zu recht an oder war seine sarkastische Tirade zu viel des Guten?<\/p>\n<p>&nbsp;<br \/>\n<strong>Bereits letzte Woche Mittwoch fing Aurel Mertz an, sich \u00fcber Dressurreiten auszulassen.<\/strong><\/p>\n<div class=\"dbsm-oembed\">\n<blockquote class=\"twitter-tweet\" data-width=\"500\" data-dnt=\"true\">\n<p lang=\"de\" dir=\"ltr\">Bei allem Respekt f\u00fcr die sportliche Leistung der Tiere aber ist glaub nicht so ne geile Idee Tiere vom anderen Ende der Welt nach Tokyo zu bewegen damit sie dort Dressurreiten oder son Zeug machen, aber kp passt ganz gut ins aktuelle Mensch\/Tier Konzept!<\/p>\n<p>&mdash; Aurel (@aurelmertz) <a href=\"https:\/\/twitter.com\/aurelmertz\/status\/1420466477342281730?ref_src=twsrc%5Etfw\">July 28, 2021<\/a><\/p><\/blockquote>\n<p><script async src=\"https:\/\/platform.twitter.com\/widgets.js\" charset=\"utf-8\"><\/script><\/div>\n<div class=\"dbsm-oembed\">\n<blockquote class=\"twitter-tweet\" data-width=\"500\" data-dnt=\"true\">\n<p lang=\"de\" dir=\"ltr\">Irgendwie krass, dass Pferde qu\u00e4len olympische Sportart ist.<\/p>\n<p>&mdash; Aurel (@aurelmertz) <a href=\"https:\/\/twitter.com\/aurelmertz\/status\/1420482775858171909?ref_src=twsrc%5Etfw\">July 28, 2021<\/a><\/p><\/blockquote>\n<p><script async src=\"https:\/\/platform.twitter.com\/widgets.js\" charset=\"utf-8\"><\/script><\/div>\n<div class=\"dbsm-oembed\">\n<blockquote class=\"twitter-tweet\" data-width=\"500\" data-dnt=\"true\">\n<p lang=\"de\" dir=\"ltr\">Dressurreiten ist Julia Kl\u00f6ckner als Sport.<\/p>\n<p>&mdash; Aurel (@aurelmertz) <a href=\"https:\/\/twitter.com\/aurelmertz\/status\/1420661953048064001?ref_src=twsrc%5Etfw\">July 29, 2021<\/a><\/p><\/blockquote>\n<p><script async src=\"https:\/\/platform.twitter.com\/widgets.js\" charset=\"utf-8\"><\/script><\/div>\n<p>&nbsp;<br \/>\n<strong>Unter Freunden des Pferdesports machte er sich damit nicht sonderlich beliebt.<\/strong><\/p>\n<div class=\"dbsm-oembed\">\n<blockquote class=\"twitter-tweet\" data-width=\"500\" data-dnt=\"true\">\n<p lang=\"de\" dir=\"ltr\">Wenn ich etwas aus den Kommentaren bei meinen Witzen \u00fcber Dressurreiter*innen und Milliard\u00e4re gelernt habe dann: REICHE MENSCHEN D\u00dcRFEN NICHT KRITISIERT WERDEN UND SELBST WENN SIE EIN PFERD ZUM REITEN INS ALL SCHIE\u00dfEN HABE ICH MEIN ERB\u00c4RMLICHES BAUERNMAUL ZU HALTEN!<\/p>\n<p>&mdash; Aurel (@aurelmertz) <a href=\"https:\/\/twitter.com\/aurelmertz\/status\/1420680267728134145?ref_src=twsrc%5Etfw\">July 29, 2021<\/a><\/p><\/blockquote>\n<p><script async src=\"https:\/\/platform.twitter.com\/widgets.js\" charset=\"utf-8\"><\/script><\/div>\n<div class=\"dbsm-oembed\">\n<blockquote class=\"twitter-tweet\" data-width=\"500\" data-dnt=\"true\">\n<p lang=\"de\" dir=\"ltr\">Wegen deutscher Neidkultur k\u00f6nnen innovative Entwicklungen wie: Pferde qu\u00e4len und es Sport nennen heute gar nicht mehr entstehen!!!<\/p>\n<p>&mdash; Aurel (@aurelmertz) <a href=\"https:\/\/twitter.com\/aurelmertz\/status\/1420682152237314053?ref_src=twsrc%5Etfw\">July 29, 2021<\/a><\/p><\/blockquote>\n<p><script async src=\"https:\/\/platform.twitter.com\/widgets.js\" charset=\"utf-8\"><\/script><\/div>\n<p>&nbsp;<br \/>\n<strong>Aber Aurel lie\u00df nicht locker.<\/strong><\/p>\n<div class=\"dbsm-oembed\">\n<blockquote class=\"twitter-tweet\" data-width=\"500\" data-dnt=\"true\">\n<p lang=\"de\" dir=\"ltr\">Pferde wollen wie Hunde gefordert werden. Schon im Mittelalter liebten Dressur-Pferde nichts mehr als in eine blutige Schlacht zu reiten. Das liegt in ihren Genen!<\/p>\n<p>&mdash; Aurel (@aurelmertz) <a href=\"https:\/\/twitter.com\/aurelmertz\/status\/1420754034894413837?ref_src=twsrc%5Etfw\">July 29, 2021<\/a><\/p><\/blockquote>\n<p><script async src=\"https:\/\/platform.twitter.com\/widgets.js\" charset=\"utf-8\"><\/script><\/div>\n<div class=\"dbsm-oembed\">\n<blockquote class=\"twitter-tweet\" data-width=\"500\" data-dnt=\"true\">\n<p lang=\"de\" dir=\"ltr\">Gerade gelernt, dass Flugreisen den Pferden nichts ausmachen. Sie haben nur etwas Jetlag. HAHAHAH JETLAG! EIN PFERD MIT FUCKING JETLAG! GANZ NORMAL LOL HALLO ICH BIN EIN PFERD ICH HABE JETLAG WO IST DIE LUFTHANSA LOUNGE? ICH BIN EIN PFERD!<\/p>\n<p>&mdash; Aurel (@aurelmertz) <a href=\"https:\/\/twitter.com\/aurelmertz\/status\/1420766231523512324?ref_src=twsrc%5Etfw\">July 29, 2021<\/a><\/p><\/blockquote>\n<p><script async src=\"https:\/\/platform.twitter.com\/widgets.js\" charset=\"utf-8\"><\/script><\/div>\n<div class=\"dbsm-oembed\">\n<blockquote class=\"twitter-tweet\" data-width=\"500\" data-dnt=\"true\">\n<p lang=\"de\" dir=\"ltr\">Wenn die Leistung beim Dressurreiten wirklich auch nur einen Funken mit den Reiter*innen zu tun hat, wieso hat das dann noch niemand auf einer Kuh oder so gewonnen?<\/p>\n<p>&mdash; Aurel (@aurelmertz) <a href=\"https:\/\/twitter.com\/aurelmertz\/status\/1420774536094552070?ref_src=twsrc%5Etfw\">July 29, 2021<\/a><\/p><\/blockquote>\n<p><script async src=\"https:\/\/platform.twitter.com\/widgets.js\" charset=\"utf-8\"><\/script><\/div>\n<p>&nbsp;<br \/>\n<strong>Damit hatte er seine Spezis gefunden.<\/strong><\/p>\n<div class=\"dbsm-oembed\">\n<blockquote class=\"twitter-tweet\" data-width=\"500\" data-dnt=\"true\">\n<p lang=\"de\" dir=\"ltr\">Mir wurde in vollem Ernst von einer Reiterin geschrieben, dass ich beruflich wohl nicht mehr viel vor habe und mit meinen Witzen \u00fcber Dressurreiten gesellschaftlichen Selbstmord begangen habe. Its fun and games bis der Hochadel von einem PoC durch den Stall gedisst wird. Try me!<\/p>\n<p>&mdash; Aurel (@aurelmertz) <a href=\"https:\/\/twitter.com\/aurelmertz\/status\/1421030005988077568?ref_src=twsrc%5Etfw\">July 30, 2021<\/a><\/p><\/blockquote>\n<p><script async src=\"https:\/\/platform.twitter.com\/widgets.js\" charset=\"utf-8\"><\/script><\/div>\n<div class=\"dbsm-oembed\">\n<blockquote class=\"twitter-tweet\" data-width=\"500\" data-dnt=\"true\">\n<p lang=\"de\" dir=\"ltr\">Omg hat alles so friedlich begonnen \u201eHey Pferde sollten vielleicht nicht fliegen\u201c und die so \u201ewir nehmen dir alles\u201c und jetzt muss ich eine komplette Gesellschaftsschicht vernichten um weiter beruflich existieren zu k\u00f6nnen. Was ein Stress ey&#8230; <a href=\"https:\/\/t.co\/dXXNwcobNr\">pic.twitter.com\/dXXNwcobNr<\/a><\/p>\n<p>&mdash; Aurel (@aurelmertz) <a href=\"https:\/\/twitter.com\/aurelmertz\/status\/1421035196942585856?ref_src=twsrc%5Etfw\">July 30, 2021<\/a><\/p><\/blockquote>\n<p><script async src=\"https:\/\/platform.twitter.com\/widgets.js\" charset=\"utf-8\"><\/script><\/div>\n<div class=\"dbsm-oembed\">\n<blockquote class=\"twitter-tweet\" data-width=\"500\" data-dnt=\"true\">\n<p lang=\"de\" dir=\"ltr\">\u201eWieso ist da eine L\u00fccke in ihrem Lebenslauf?\u201c<\/p>\n<p>\u201eDa habe ich mein Leben f\u00fcr einige Jahre der Vernichtung der radikalen Dressurreiter*innen Community gewidmet!\u201c<\/p>\n<p>&mdash; Aurel (@aurelmertz) <a href=\"https:\/\/twitter.com\/aurelmertz\/status\/1421077000308019204?ref_src=twsrc%5Etfw\">July 30, 2021<\/a><\/p><\/blockquote>\n<p><script async src=\"https:\/\/platform.twitter.com\/widgets.js\" charset=\"utf-8\"><\/script><\/div>\n<p>&nbsp;<br \/>\n<strong>Nach der Meldung \u00fcber das verungl\u00fcckte Pferd kannte Aurel endg\u00fcltig kein Halten mehr.<\/strong><\/p>\n<div class=\"dbsm-oembed\">\n<blockquote class=\"twitter-tweet\" data-width=\"500\" data-dnt=\"true\">\n<p lang=\"de\" dir=\"ltr\">DIE PFERDE LIEBEN ES WEGEN EINES B\u00c4NDERRISSES BEI OLYMPIA EINGESCHL\u00c4FERT ZU WERDEN. DAS SIND ALLES SACHEN DIE SIE IN DER NATUR AUCH MACHEN.<\/p>\n<p>&mdash; Aurel (@aurelmertz) <a href=\"https:\/\/twitter.com\/aurelmertz\/status\/1421789670581678080?ref_src=twsrc%5Etfw\">August 1, 2021<\/a><\/p><\/blockquote>\n<p><script async src=\"https:\/\/platform.twitter.com\/widgets.js\" charset=\"utf-8\"><\/script><\/div>\n<div class=\"dbsm-oembed\">\n<blockquote class=\"twitter-tweet\" data-width=\"500\" data-dnt=\"true\">\n<p lang=\"de\" dir=\"ltr\">Kp, aber Pferde nach Tokyo fliegen damit sie \u00fcber crazy shit springen und sie dann killen sobald sie sich verletzen, ist auf der Liste der \u201eevil rich people Hobbys\u201c echt ein Level unter Menschenjagd auf der Privatinsel.<\/p>\n<p>&mdash; Aurel (@aurelmertz) <a href=\"https:\/\/twitter.com\/aurelmertz\/status\/1421799340453122057?ref_src=twsrc%5Etfw\">August 1, 2021<\/a><\/p><\/blockquote>\n<p><script async src=\"https:\/\/platform.twitter.com\/widgets.js\" charset=\"utf-8\"><\/script><\/div>\n<div class=\"dbsm-oembed\">\n<blockquote class=\"twitter-tweet\" data-width=\"500\" data-dnt=\"true\">\n<p lang=\"de\" dir=\"ltr\">Hoffe einfach, dass der Schweizer Reiter das R\u00fcckflugticket des Pferdes  noch stornieren kann. Das Pferd hatte ein Flugticket. Wir leben in einer Welt in der Pferde Flugtickets haben. Das Pferd hie\u00df Jet Set. Wie erkl\u00e4rt man das alles?<\/p>\n<p>&mdash; Aurel (@aurelmertz) <a href=\"https:\/\/twitter.com\/aurelmertz\/status\/1421848051400970241?ref_src=twsrc%5Etfw\">August 1, 2021<\/a><\/p><\/blockquote>\n<p><script async src=\"https:\/\/platform.twitter.com\/widgets.js\" charset=\"utf-8\"><\/script><\/div>\n<div class=\"dbsm-oembed\">\n<blockquote class=\"twitter-tweet\" data-width=\"500\" data-dnt=\"true\">\n<p lang=\"de\" dir=\"ltr\">Ich bin einfach froh, dass sich das Pferd kurz vor seinem Tod noch den Traum von Olympia erf\u00fcllen konnte!<\/p>\n<p>&mdash; Aurel (@aurelmertz) <a href=\"https:\/\/twitter.com\/aurelmertz\/status\/1421851211620392965?ref_src=twsrc%5Etfw\">August 1, 2021<\/a><\/p><\/blockquote>\n<p><script async src=\"https:\/\/platform.twitter.com\/widgets.js\" charset=\"utf-8\"><\/script><\/div>\n<div class=\"dbsm-oembed\">\n<blockquote class=\"twitter-tweet\" data-width=\"500\" data-dnt=\"true\">\n<p lang=\"de\" dir=\"ltr\">\u201eDer Gaul kann sich nicht beklagen, welches andere Schweizer Provinzpferd kann von sich behaupten in Tokyo gestorben zu sein?\u201c <a href=\"https:\/\/t.co\/Bt683IkHcU\">pic.twitter.com\/Bt683IkHcU<\/a><\/p>\n<p>&mdash; Aurel (@aurelmertz) <a href=\"https:\/\/twitter.com\/aurelmertz\/status\/1421860020111695872?ref_src=twsrc%5Etfw\">August 1, 2021<\/a><\/p><\/blockquote>\n<p><script async src=\"https:\/\/platform.twitter.com\/widgets.js\" charset=\"utf-8\"><\/script><\/div>\n<p>&nbsp;<br \/>\n<strong>F\u00fcr seine Kritik am Umgang mit den Tieren und einem gewissen Elitarismus in der Szene erhielt Aurel insgesamt viel Zustimmung. Andere wollten die \u00c4u\u00dferungen jedoch nicht derart undifferenziert stehen lassen.<\/strong><\/p>\n<blockquote class=\"twitter-tweet\" data-conversation=\"none\">\n<p lang=\"de\" dir=\"ltr\">Reiten ist nicht per se Tierqu\u00e4lerei. Selbst Dressur nicht, da um einen Menschen tragen zu k\u00f6nnen auch am Pferd gewisse Muskeln trainiert werden m\u00fcssen. Die Umsetzung, scharfe Gebisse, Rolkur, Schmerzreize, das sind die Faktoren die aus Sport Qu\u00e4lerei machen.<\/p>\n<p>&mdash; JaneLane\ud83d\udd34\ud83d\udd34\ud83d\udd34\ud83c\udf08 (@JaneLane99) <a href=\"https:\/\/twitter.com\/JaneLane99\/status\/1420650969512165378?ref_src=twsrc%5Etfw\">July 29, 2021<\/a><\/p><\/blockquote>\n<p> <script async src=\"https:\/\/platform.twitter.com\/widgets.js\" charset=\"utf-8\"><\/script><\/p>\n<blockquote class=\"twitter-tweet\" data-conversation=\"none\">\n<p lang=\"de\" dir=\"ltr\">Ich wusste gar nicht, dass jeder der ein Pferd h\u00e4lt und damit im Sport unterwegs ist, automatisch reich ist. Ab wann wird dann reich definiert? Viele finanzieren ihren Sport nur \u00fcber Sponsoren und das ist im Pferdesport nicht anders.<\/p>\n<p>&mdash; Zotti_1 (@zotti_1) <a href=\"https:\/\/twitter.com\/zotti_1\/status\/1420686264722935811?ref_src=twsrc%5Etfw\">July 29, 2021<\/a><\/p><\/blockquote>\n<p> <script async src=\"https:\/\/platform.twitter.com\/widgets.js\" charset=\"utf-8\"><\/script><\/p>\n<blockquote class=\"twitter-tweet\" data-conversation=\"none\">\n<p lang=\"de\" dir=\"ltr\">Ich reite seit 30 Jahren.Niemals d\u00fcrfen wir aufh\u00f6ren uns zu fragen was in der Pferd\/Mensch-Beziehung ethisch vertretbar ist.Jeglicher Leistungssport ist es f\u00fcr mich schon lange nicht mehr.Mein Pony und ich sind Partner.Ohne Druck.Das ist es,was sie verdient.<\/p>\n<p>&mdash; Riddim (@SarahTeaks) <a href=\"https:\/\/twitter.com\/SarahTeaks\/status\/1420795639642918912?ref_src=twsrc%5Etfw\">July 29, 2021<\/a><\/p><\/blockquote>\n<p> <script async src=\"https:\/\/platform.twitter.com\/widgets.js\" charset=\"utf-8\"><\/script><\/p>\n<blockquote class=\"twitter-tweet\" data-conversation=\"none\">\n<p lang=\"de\" dir=\"ltr\">Deine Kritik ist angebracht und gut dass du das thematisierst. Aber eine Beinverletzung ist bei Pferden einfach oft unheilbar. Die Alternative w\u00e4re, das Tier monatelang an einen Kran zu h\u00e4ngen, weil es nicht auftreten darf. W\u00e4re auch nicht artgerecht.<\/p>\n<p>&mdash; Bitch Pitch \ud83d\udd34\ud83d\udd34\ud83d\udd34 (@Jane_BitchPitch) <a href=\"https:\/\/twitter.com\/Jane_BitchPitch\/status\/1421802271390699520?ref_src=twsrc%5Etfw\">August 1, 2021<\/a><\/p><\/blockquote>\n<p> <script async src=\"https:\/\/platform.twitter.com\/widgets.js\" charset=\"utf-8\"><\/script><\/p>\n<p>&nbsp;<br \/>\n<a href=\"mailto:dion@thebest.social\"><img loading=\"lazy\" decoding=\"async\" src=\"https:\/\/www.thebestsocial.media\/de\/wp-content\/uploads\/sites\/3\/2021\/04\/Studio-Promo-Banner-1024x538.png\" alt=\"\" width=\"1024\" height=\"538\" class=\"alignnone size-large wp-image-144565\" srcset=\"https:\/\/www.thebestsocial.media\/de\/wp-content\/uploads\/sites\/3\/2021\/04\/Studio-Promo-Banner-1024x538.png 1024w, https:\/\/www.thebestsocial.media\/de\/wp-content\/uploads\/sites\/3\/2021\/04\/Studio-Promo-Banner-300x158.png 300w, https:\/\/www.thebestsocial.media\/de\/wp-content\/uploads\/sites\/3\/2021\/04\/Studio-Promo-Banner-768x403.png 768w, https:\/\/www.thebestsocial.media\/de\/wp-content\/uploads\/sites\/3\/2021\/04\/Studio-Promo-Banner.png 1200w\" sizes=\"auto, (max-width: 1024px) 100vw, 1024px\" \/><\/a><\/p>\n<p>&nbsp;<\/p>\n<p>&#8212;<br \/>\nVielen Dank an alle f\u00fcr die Posts.<br \/>\n&#8212;<br \/>\n<strong>Keine Influencer! Kein Foodporn! Nur ganz viel Spa\u00df &#8211; bei uns auf Instagram:<\/strong><\/p>\n<blockquote class=\"instagram-media\" data-instgrm-captioned data-instgrm-permalink=\"https:\/\/www.instagram.com\/p\/CR3o7uosY3v\/?utm_source=ig_embed&amp;utm_campaign=loading\" data-instgrm-version=\"13\" style=\" background:#FFF; border:0; border-radius:3px; box-shadow:0 0 1px 0 rgba(0,0,0,0.5),0 1px 10px 0 rgba(0,0,0,0.15); margin: 1px; max-width:540px; min-width:326px; padding:0; width:99.375%; width:-webkit-calc(100% - 2px); width:calc(100% - 2px);\">\n<div style=\"padding:16px;\"> <a href=\"https:\/\/www.instagram.com\/p\/CR3o7uosY3v\/?utm_source=ig_embed&amp;utm_campaign=loading\" style=\" background:#FFFFFF; line-height:0; padding:0 0; text-align:center; text-decoration:none; width:100%;\" target=\"_blank\" rel=\"noopener\"> <\/p>\n<div style=\" display: flex; flex-direction: row; align-items: center;\">\n<div style=\"background-color: #F4F4F4; border-radius: 50%; flex-grow: 0; height: 40px; margin-right: 14px; width: 40px;\"><\/div>\n<div style=\"display: flex; flex-direction: column; flex-grow: 1; justify-content: center;\">\n<div style=\" background-color: #F4F4F4; border-radius: 4px; flex-grow: 0; height: 14px; margin-bottom: 6px; width: 100px;\"><\/div>\n<div style=\" background-color: #F4F4F4; border-radius: 4px; flex-grow: 0; height: 14px; width: 60px;\"><\/div>\n<\/div>\n<\/div>\n<div style=\"padding: 19% 0;\"><\/div>\n<div style=\"display:block; height:50px; margin:0 auto 12px; width:50px;\"><svg width=\"50px\" height=\"50px\" viewBox=\"0 0 60 60\" version=\"1.1\" xmlns=\"https:\/\/www.w3.org\/2000\/svg\" xmlns:xlink=\"https:\/\/www.w3.org\/1999\/xlink\"><g stroke=\"none\" stroke-width=\"1\" fill=\"none\" fill-rule=\"evenodd\"><g transform=\"translate(-511.000000, -20.000000)\" fill=\"#000000\"><g><path d=\"M556.869,30.41 C554.814,30.41 553.148,32.076 553.148,34.131 C553.148,36.186 554.814,37.852 556.869,37.852 C558.924,37.852 560.59,36.186 560.59,34.131 C560.59,32.076 558.924,30.41 556.869,30.41 M541,60.657 C535.114,60.657 530.342,55.887 530.342,50 C530.342,44.114 535.114,39.342 541,39.342 C546.887,39.342 551.658,44.114 551.658,50 C551.658,55.887 546.887,60.657 541,60.657 M541,33.886 C532.1,33.886 524.886,41.1 524.886,50 C524.886,58.899 532.1,66.113 541,66.113 C549.9,66.113 557.115,58.899 557.115,50 C557.115,41.1 549.9,33.886 541,33.886 M565.378,62.101 C565.244,65.022 564.756,66.606 564.346,67.663 C563.803,69.06 563.154,70.057 562.106,71.106 C561.058,72.155 560.06,72.803 558.662,73.347 C557.607,73.757 556.021,74.244 553.102,74.378 C549.944,74.521 548.997,74.552 541,74.552 C533.003,74.552 532.056,74.521 528.898,74.378 C525.979,74.244 524.393,73.757 523.338,73.347 C521.94,72.803 520.942,72.155 519.894,71.106 C518.846,70.057 518.197,69.06 517.654,67.663 C517.244,66.606 516.755,65.022 516.623,62.101 C516.479,58.943 516.448,57.996 516.448,50 C516.448,42.003 516.479,41.056 516.623,37.899 C516.755,34.978 517.244,33.391 517.654,32.338 C518.197,30.938 518.846,29.942 519.894,28.894 C520.942,27.846 521.94,27.196 523.338,26.654 C524.393,26.244 525.979,25.756 528.898,25.623 C532.057,25.479 533.004,25.448 541,25.448 C548.997,25.448 549.943,25.479 553.102,25.623 C556.021,25.756 557.607,26.244 558.662,26.654 C560.06,27.196 561.058,27.846 562.106,28.894 C563.154,29.942 563.803,30.938 564.346,32.338 C564.756,33.391 565.244,34.978 565.378,37.899 C565.522,41.056 565.552,42.003 565.552,50 C565.552,57.996 565.522,58.943 565.378,62.101 M570.82,37.631 C570.674,34.438 570.167,32.258 569.425,30.349 C568.659,28.377 567.633,26.702 565.965,25.035 C564.297,23.368 562.623,22.342 560.652,21.575 C558.743,20.834 556.562,20.326 553.369,20.18 C550.169,20.033 549.148,20 541,20 C532.853,20 531.831,20.033 528.631,20.18 C525.438,20.326 523.257,20.834 521.349,21.575 C519.376,22.342 517.703,23.368 516.035,25.035 C514.368,26.702 513.342,28.377 512.574,30.349 C511.834,32.258 511.326,34.438 511.181,37.631 C511.035,40.831 511,41.851 511,50 C511,58.147 511.035,59.17 511.181,62.369 C511.326,65.562 511.834,67.743 512.574,69.651 C513.342,71.625 514.368,73.296 516.035,74.965 C517.703,76.634 519.376,77.658 521.349,78.425 C523.257,79.167 525.438,79.673 528.631,79.82 C531.831,79.965 532.853,80.001 541,80.001 C549.148,80.001 550.169,79.965 553.369,79.82 C556.562,79.673 558.743,79.167 560.652,78.425 C562.623,77.658 564.297,76.634 565.965,74.965 C567.633,73.296 568.659,71.625 569.425,69.651 C570.167,67.743 570.674,65.562 570.82,62.369 C570.966,59.17 571,58.147 571,50 C571,41.851 570.966,40.831 570.82,37.631\"><\/path><\/g><\/g><\/g><\/svg><\/div>\n<div style=\"padding-top: 8px;\">\n<div style=\" color:#3897f0; font-family:Arial,sans-serif; font-size:14px; font-style:normal; font-weight:550; line-height:18px;\"> Sieh dir diesen Beitrag auf Instagram an<\/div>\n<\/div>\n<div style=\"padding: 12.5% 0;\"><\/div>\n<div style=\"display: flex; flex-direction: row; margin-bottom: 14px; align-items: center;\">\n<div>\n<div style=\"background-color: #F4F4F4; border-radius: 50%; height: 12.5px; width: 12.5px; transform: translateX(0px) translateY(7px);\"><\/div>\n<div style=\"background-color: #F4F4F4; height: 12.5px; transform: rotate(-45deg) translateX(3px) translateY(1px); width: 12.5px; flex-grow: 0; margin-right: 14px; margin-left: 2px;\"><\/div>\n<div style=\"background-color: #F4F4F4; border-radius: 50%; height: 12.5px; width: 12.5px; transform: translateX(9px) translateY(-18px);\"><\/div>\n<\/div>\n<div style=\"margin-left: 8px;\">\n<div style=\" background-color: #F4F4F4; border-radius: 50%; flex-grow: 0; height: 20px; width: 20px;\"><\/div>\n<div style=\" width: 0; height: 0; border-top: 2px solid transparent; border-left: 6px solid #f4f4f4; border-bottom: 2px solid transparent; transform: translateX(16px) translateY(-4px) rotate(30deg)\"><\/div>\n<\/div>\n<div style=\"margin-left: auto;\">\n<div style=\" width: 0px; border-top: 8px solid #F4F4F4; border-right: 8px solid transparent; transform: translateY(16px);\"><\/div>\n<div style=\" background-color: #F4F4F4; flex-grow: 0; height: 12px; width: 16px; transform: translateY(-4px);\"><\/div>\n<div style=\" width: 0; height: 0; border-top: 8px solid #F4F4F4; border-left: 8px solid transparent; transform: translateY(-4px) translateX(8px);\"><\/div>\n<\/div>\n<\/div>\n<div style=\"display: flex; flex-direction: column; flex-grow: 1; justify-content: center; margin-bottom: 24px;\">\n<div style=\" background-color: #F4F4F4; border-radius: 4px; flex-grow: 0; height: 14px; margin-bottom: 6px; width: 224px;\"><\/div>\n<div style=\" background-color: #F4F4F4; border-radius: 4px; flex-grow: 0; height: 14px; width: 144px;\"><\/div>\n<\/div>\n<p><\/a><\/p>\n<p style=\" color:#c9c8cd; font-family:Arial,sans-serif; font-size:14px; line-height:17px; margin-bottom:0; margin-top:8px; overflow:hidden; padding:8px 0 7px; text-align:center; text-overflow:ellipsis; white-space:nowrap;\"><a href=\"https:\/\/www.instagram.com\/p\/CR3o7uosY3v\/?utm_source=ig_embed&amp;utm_campaign=loading\" style=\" color:#c9c8cd; font-family:Arial,sans-serif; font-size:14px; font-style:normal; font-weight:normal; line-height:17px; text-decoration:none;\" target=\"_blank\" rel=\"noopener\">Ein Beitrag geteilt von The Best Social Media &#8211; DE (@thebestsocialmediade)<\/a><\/p>\n<\/div>\n<\/blockquote>\n\n<script async defer src=\"\/instagram-embed.js\"><\/script>","protected":false},"excerpt":{"rendered":"<p>Bei Olympia stehen eigentlich Nachrichten von sportlichen Triumphen im Vordergrund. Doch am Wochenende machte eine traurige Meldung die Runde, die sich w\u00e4hrend der Spiele ereignete:&#8230;<\/p>\n","protected":false},"author":72,"featured_media":148404,"comment_status":"open","ping_status":"open","sticky":false,"template":"","format":"standard","meta":{"_acf_changed":false,"footnotes":""},"categories":[35],"tags":[198],"class_list":["post-148397","post","type-post","status-publish","format-standard","has-post-thumbnail","hentry","category-twitter","tag-olympia"],"acf":[],"yoast_head":"<!-- This site is optimized with the Yoast SEO plugin v27.5 - https:\/\/yoast.com\/product\/yoast-seo-wordpress\/ -->\n<title>Pferd verungl\u00fcckt bei Olympia: Aurel Mertz legt sich mit Reitsport an<\/title>\n<meta name=\"description\" content=\"\u00dcber Tage hinweg legte sich Aurel Mertz auf Twitter mit dem Reitsport an. Nachdem nun ein Pferd bei Olympia verungl\u00fcckte, legte er nach.\" \/>\n<meta name=\"robots\" content=\"index, follow, max-snippet:-1, max-image-preview:large, max-video-preview:-1\" \/>\n<link rel=\"canonical\" href=\"https:\/\/www.thebestsocial.media\/de\/pferd-olympia-aurel-mertz\/\" \/>\n<meta property=\"og:locale\" content=\"de_DE\" \/>\n<meta property=\"og:type\" content=\"article\" \/>\n<meta property=\"og:title\" content=\"Pferd verungl\u00fcckt bei Olympia: Aurel Mertz legt sich mit Reitsport an und erhitzt die Gem\u00fcter\" \/>\n<meta property=\"og:description\" content=\"\u00dcber Tage hinweg legte sich Aurel Mertz auf Twitter mit dem Reitsport an. Nachdem nun ein Pferd bei Olympia verungl\u00fcckte, legte er nach.\" \/>\n<meta property=\"og:url\" content=\"https:\/\/www.thebestsocial.media\/de\/pferd-olympia-aurel-mertz\/\" \/>\n<meta property=\"og:site_name\" content=\"The Best Social Media DE\" \/>\n<meta property=\"article:published_time\" content=\"2021-08-02T12:21:48+00:00\" \/>\n<meta property=\"og:image\" content=\"https:\/\/www.thebestsocial.media\/de\/wp-content\/uploads\/sites\/3\/2021\/08\/pferd-fb.png\" \/>\n\t<meta property=\"og:image:width\" content=\"1200\" \/>\n\t<meta property=\"og:image:height\" content=\"630\" \/>\n\t<meta property=\"og:image:type\" content=\"image\/png\" \/>\n<meta name=\"author\" content=\"Benny\" \/>\n<meta name=\"twitter:card\" content=\"summary_large_image\" \/>\n<meta name=\"twitter:label1\" content=\"Verfasst von\" \/>\n\t<meta name=\"twitter:data1\" content=\"Benny\" \/>\n\t<meta name=\"twitter:label2\" content=\"Gesch\u00e4tzte Lesezeit\" \/>\n\t<meta name=\"twitter:data2\" content=\"1\u00a0Minute\" \/>\n<script type=\"application\/ld+json\" class=\"yoast-schema-graph\">{\"@context\":\"https:\\\/\\\/schema.org\",\"@graph\":[{\"@type\":\"Article\",\"@id\":\"https:\\\/\\\/www.thebestsocial.media\\\/de\\\/pferd-olympia-aurel-mertz\\\/#article\",\"isPartOf\":{\"@id\":\"https:\\\/\\\/www.thebestsocial.media\\\/de\\\/pferd-olympia-aurel-mertz\\\/\"},\"author\":{\"name\":\"Benny\",\"@id\":\"https:\\\/\\\/www.thebestsocial.media\\\/de\\\/#\\\/schema\\\/person\\\/212fdd48880db42a484e589e4e27871b\"},\"headline\":\"Pferd verungl\u00fcckt bei Olympia: Aurel Mertz legt sich mit Reitsport an und erhitzt die Gem\u00fcter\",\"datePublished\":\"2021-08-02T12:21:48+00:00\",\"mainEntityOfPage\":{\"@id\":\"https:\\\/\\\/www.thebestsocial.media\\\/de\\\/pferd-olympia-aurel-mertz\\\/\"},\"wordCount\":534,\"commentCount\":0,\"image\":{\"@id\":\"https:\\\/\\\/www.thebestsocial.media\\\/de\\\/pferd-olympia-aurel-mertz\\\/#primaryimage\"},\"thumbnailUrl\":\"https:\\\/\\\/www.thebestsocial.media\\\/de\\\/wp-content\\\/uploads\\\/sites\\\/3\\\/2021\\\/08\\\/pferd-thumb.png\",\"keywords\":[\"olympia\"],\"articleSection\":[\"Twitter\"],\"inLanguage\":\"de\",\"potentialAction\":[{\"@type\":\"CommentAction\",\"name\":\"Comment\",\"target\":[\"https:\\\/\\\/www.thebestsocial.media\\\/de\\\/pferd-olympia-aurel-mertz\\\/#respond\"]}]},{\"@type\":\"WebPage\",\"@id\":\"https:\\\/\\\/www.thebestsocial.media\\\/de\\\/pferd-olympia-aurel-mertz\\\/\",\"url\":\"https:\\\/\\\/www.thebestsocial.media\\\/de\\\/pferd-olympia-aurel-mertz\\\/\",\"name\":\"Pferd verungl\u00fcckt bei Olympia: Aurel Mertz legt sich mit Reitsport an\",\"isPartOf\":{\"@id\":\"https:\\\/\\\/www.thebestsocial.media\\\/de\\\/#website\"},\"primaryImageOfPage\":{\"@id\":\"https:\\\/\\\/www.thebestsocial.media\\\/de\\\/pferd-olympia-aurel-mertz\\\/#primaryimage\"},\"image\":{\"@id\":\"https:\\\/\\\/www.thebestsocial.media\\\/de\\\/pferd-olympia-aurel-mertz\\\/#primaryimage\"},\"thumbnailUrl\":\"https:\\\/\\\/www.thebestsocial.media\\\/de\\\/wp-content\\\/uploads\\\/sites\\\/3\\\/2021\\\/08\\\/pferd-thumb.png\",\"datePublished\":\"2021-08-02T12:21:48+00:00\",\"author\":{\"@id\":\"https:\\\/\\\/www.thebestsocial.media\\\/de\\\/#\\\/schema\\\/person\\\/212fdd48880db42a484e589e4e27871b\"},\"description\":\"\u00dcber Tage hinweg legte sich Aurel Mertz auf Twitter mit dem Reitsport an. Nachdem nun ein Pferd bei Olympia verungl\u00fcckte, legte er nach.\",\"breadcrumb\":{\"@id\":\"https:\\\/\\\/www.thebestsocial.media\\\/de\\\/pferd-olympia-aurel-mertz\\\/#breadcrumb\"},\"inLanguage\":\"de\",\"potentialAction\":[{\"@type\":\"ReadAction\",\"target\":[\"https:\\\/\\\/www.thebestsocial.media\\\/de\\\/pferd-olympia-aurel-mertz\\\/\"]}]},{\"@type\":\"ImageObject\",\"inLanguage\":\"de\",\"@id\":\"https:\\\/\\\/www.thebestsocial.media\\\/de\\\/pferd-olympia-aurel-mertz\\\/#primaryimage\",\"url\":\"https:\\\/\\\/www.thebestsocial.media\\\/de\\\/wp-content\\\/uploads\\\/sites\\\/3\\\/2021\\\/08\\\/pferd-thumb.png\",\"contentUrl\":\"https:\\\/\\\/www.thebestsocial.media\\\/de\\\/wp-content\\\/uploads\\\/sites\\\/3\\\/2021\\\/08\\\/pferd-thumb.png\",\"width\":1200,\"height\":630},{\"@type\":\"BreadcrumbList\",\"@id\":\"https:\\\/\\\/www.thebestsocial.media\\\/de\\\/pferd-olympia-aurel-mertz\\\/#breadcrumb\",\"itemListElement\":[{\"@type\":\"ListItem\",\"position\":1,\"name\":\"Home\",\"item\":\"https:\\\/\\\/www.thebestsocial.media\\\/de\\\/\"},{\"@type\":\"ListItem\",\"position\":2,\"name\":\"Pferd verungl\u00fcckt bei Olympia: Aurel Mertz legt sich mit Reitsport an und erhitzt die Gem\u00fcter\"}]},{\"@type\":\"WebSite\",\"@id\":\"https:\\\/\\\/www.thebestsocial.media\\\/de\\\/#website\",\"url\":\"https:\\\/\\\/www.thebestsocial.media\\\/de\\\/\",\"name\":\"The Best Social Media DE\",\"description\":\"\",\"potentialAction\":[{\"@type\":\"SearchAction\",\"target\":{\"@type\":\"EntryPoint\",\"urlTemplate\":\"https:\\\/\\\/www.thebestsocial.media\\\/de\\\/?s={search_term_string}\"},\"query-input\":{\"@type\":\"PropertyValueSpecification\",\"valueRequired\":true,\"valueName\":\"search_term_string\"}}],\"inLanguage\":\"de\"},{\"@type\":\"Person\",\"@id\":\"https:\\\/\\\/www.thebestsocial.media\\\/de\\\/#\\\/schema\\\/person\\\/212fdd48880db42a484e589e4e27871b\",\"name\":\"Benny\",\"image\":{\"@type\":\"ImageObject\",\"inLanguage\":\"de\",\"@id\":\"https:\\\/\\\/secure.gravatar.com\\\/avatar\\\/559f54fceb59ac8654d5ca40291d2ab87f2a9d79e48e8e3c19582477cde950bf?s=96&d=mm&r=g\",\"url\":\"https:\\\/\\\/secure.gravatar.com\\\/avatar\\\/559f54fceb59ac8654d5ca40291d2ab87f2a9d79e48e8e3c19582477cde950bf?s=96&d=mm&r=g\",\"contentUrl\":\"https:\\\/\\\/secure.gravatar.com\\\/avatar\\\/559f54fceb59ac8654d5ca40291d2ab87f2a9d79e48e8e3c19582477cde950bf?s=96&d=mm&r=g\",\"caption\":\"Benny\"},\"url\":\"https:\\\/\\\/www.thebestsocial.media\\\/de\\\/author\\\/bennykrueger\\\/\"}]}<\/script>\n<!-- \/ Yoast SEO plugin. -->","yoast_head_json":{"title":"Pferd verungl\u00fcckt bei Olympia: Aurel Mertz legt sich mit Reitsport an","description":"\u00dcber Tage hinweg legte sich Aurel Mertz auf Twitter mit dem Reitsport an. Nachdem nun ein Pferd bei Olympia verungl\u00fcckte, legte er nach.","robots":{"index":"index","follow":"follow","max-snippet":"max-snippet:-1","max-image-preview":"max-image-preview:large","max-video-preview":"max-video-preview:-1"},"canonical":"https:\/\/www.thebestsocial.media\/de\/pferd-olympia-aurel-mertz\/","og_locale":"de_DE","og_type":"article","og_title":"Pferd verungl\u00fcckt bei Olympia: Aurel Mertz legt sich mit Reitsport an und erhitzt die Gem\u00fcter","og_description":"\u00dcber Tage hinweg legte sich Aurel Mertz auf Twitter mit dem Reitsport an. Nachdem nun ein Pferd bei Olympia verungl\u00fcckte, legte er nach.","og_url":"https:\/\/www.thebestsocial.media\/de\/pferd-olympia-aurel-mertz\/","og_site_name":"The Best Social Media DE","article_published_time":"2021-08-02T12:21:48+00:00","og_image":[{"width":1200,"height":630,"url":"https:\/\/www.thebestsocial.media\/de\/wp-content\/uploads\/sites\/3\/2021\/08\/pferd-fb.png","type":"image\/png"}],"author":"Benny","twitter_card":"summary_large_image","twitter_misc":{"Verfasst von":"Benny","Gesch\u00e4tzte Lesezeit":"1\u00a0Minute"},"schema":{"@context":"https:\/\/schema.org","@graph":[{"@type":"Article","@id":"https:\/\/www.thebestsocial.media\/de\/pferd-olympia-aurel-mertz\/#article","isPartOf":{"@id":"https:\/\/www.thebestsocial.media\/de\/pferd-olympia-aurel-mertz\/"},"author":{"name":"Benny","@id":"https:\/\/www.thebestsocial.media\/de\/#\/schema\/person\/212fdd48880db42a484e589e4e27871b"},"headline":"Pferd verungl\u00fcckt bei Olympia: Aurel Mertz legt sich mit Reitsport an und erhitzt die Gem\u00fcter","datePublished":"2021-08-02T12:21:48+00:00","mainEntityOfPage":{"@id":"https:\/\/www.thebestsocial.media\/de\/pferd-olympia-aurel-mertz\/"},"wordCount":534,"commentCount":0,"image":{"@id":"https:\/\/www.thebestsocial.media\/de\/pferd-olympia-aurel-mertz\/#primaryimage"},"thumbnailUrl":"https:\/\/www.thebestsocial.media\/de\/wp-content\/uploads\/sites\/3\/2021\/08\/pferd-thumb.png","keywords":["olympia"],"articleSection":["Twitter"],"inLanguage":"de","potentialAction":[{"@type":"CommentAction","name":"Comment","target":["https:\/\/www.thebestsocial.media\/de\/pferd-olympia-aurel-mertz\/#respond"]}]},{"@type":"WebPage","@id":"https:\/\/www.thebestsocial.media\/de\/pferd-olympia-aurel-mertz\/","url":"https:\/\/www.thebestsocial.media\/de\/pferd-olympia-aurel-mertz\/","name":"Pferd verungl\u00fcckt bei Olympia: Aurel Mertz legt sich mit Reitsport an","isPartOf":{"@id":"https:\/\/www.thebestsocial.media\/de\/#website"},"primaryImageOfPage":{"@id":"https:\/\/www.thebestsocial.media\/de\/pferd-olympia-aurel-mertz\/#primaryimage"},"image":{"@id":"https:\/\/www.thebestsocial.media\/de\/pferd-olympia-aurel-mertz\/#primaryimage"},"thumbnailUrl":"https:\/\/www.thebestsocial.media\/de\/wp-content\/uploads\/sites\/3\/2021\/08\/pferd-thumb.png","datePublished":"2021-08-02T12:21:48+00:00","author":{"@id":"https:\/\/www.thebestsocial.media\/de\/#\/schema\/person\/212fdd48880db42a484e589e4e27871b"},"description":"\u00dcber Tage hinweg legte sich Aurel Mertz auf Twitter mit dem Reitsport an. Nachdem nun ein Pferd bei Olympia verungl\u00fcckte, legte er nach.","breadcrumb":{"@id":"https:\/\/www.thebestsocial.media\/de\/pferd-olympia-aurel-mertz\/#breadcrumb"},"inLanguage":"de","potentialAction":[{"@type":"ReadAction","target":["https:\/\/www.thebestsocial.media\/de\/pferd-olympia-aurel-mertz\/"]}]},{"@type":"ImageObject","inLanguage":"de","@id":"https:\/\/www.thebestsocial.media\/de\/pferd-olympia-aurel-mertz\/#primaryimage","url":"https:\/\/www.thebestsocial.media\/de\/wp-content\/uploads\/sites\/3\/2021\/08\/pferd-thumb.png","contentUrl":"https:\/\/www.thebestsocial.media\/de\/wp-content\/uploads\/sites\/3\/2021\/08\/pferd-thumb.png","width":1200,"height":630},{"@type":"BreadcrumbList","@id":"https:\/\/www.thebestsocial.media\/de\/pferd-olympia-aurel-mertz\/#breadcrumb","itemListElement":[{"@type":"ListItem","position":1,"name":"Home","item":"https:\/\/www.thebestsocial.media\/de\/"},{"@type":"ListItem","position":2,"name":"Pferd verungl\u00fcckt bei Olympia: Aurel Mertz legt sich mit Reitsport an und erhitzt die Gem\u00fcter"}]},{"@type":"WebSite","@id":"https:\/\/www.thebestsocial.media\/de\/#website","url":"https:\/\/www.thebestsocial.media\/de\/","name":"The Best Social Media DE","description":"","potentialAction":[{"@type":"SearchAction","target":{"@type":"EntryPoint","urlTemplate":"https:\/\/www.thebestsocial.media\/de\/?s={search_term_string}"},"query-input":{"@type":"PropertyValueSpecification","valueRequired":true,"valueName":"search_term_string"}}],"inLanguage":"de"},{"@type":"Person","@id":"https:\/\/www.thebestsocial.media\/de\/#\/schema\/person\/212fdd48880db42a484e589e4e27871b","name":"Benny","image":{"@type":"ImageObject","inLanguage":"de","@id":"https:\/\/secure.gravatar.com\/avatar\/559f54fceb59ac8654d5ca40291d2ab87f2a9d79e48e8e3c19582477cde950bf?s=96&d=mm&r=g","url":"https:\/\/secure.gravatar.com\/avatar\/559f54fceb59ac8654d5ca40291d2ab87f2a9d79e48e8e3c19582477cde950bf?s=96&d=mm&r=g","contentUrl":"https:\/\/secure.gravatar.com\/avatar\/559f54fceb59ac8654d5ca40291d2ab87f2a9d79e48e8e3c19582477cde950bf?s=96&d=mm&r=g","caption":"Benny"},"url":"https:\/\/www.thebestsocial.media\/de\/author\/bennykrueger\/"}]}},"amp_enabled":true,"_links":{"self":[{"href":"https:\/\/www.thebestsocial.media\/de\/wp-json\/wp\/v2\/posts\/148397","targetHints":{"allow":["GET"]}}],"collection":[{"href":"https:\/\/www.thebestsocial.media\/de\/wp-json\/wp\/v2\/posts"}],"about":[{"href":"https:\/\/www.thebestsocial.media\/de\/wp-json\/wp\/v2\/types\/post"}],"author":[{"embeddable":true,"href":"https:\/\/www.thebestsocial.media\/de\/wp-json\/wp\/v2\/users\/72"}],"replies":[{"embeddable":true,"href":"https:\/\/www.thebestsocial.media\/de\/wp-json\/wp\/v2\/comments?post=148397"}],"version-history":[{"count":5,"href":"https:\/\/www.thebestsocial.media\/de\/wp-json\/wp\/v2\/posts\/148397\/revisions"}],"predecessor-version":[{"id":148403,"href":"https:\/\/www.thebestsocial.media\/de\/wp-json\/wp\/v2\/posts\/148397\/revisions\/148403"}],"wp:featuredmedia":[{"embeddable":true,"href":"https:\/\/www.thebestsocial.media\/de\/wp-json\/wp\/v2\/media\/148404"}],"wp:attachment":[{"href":"https:\/\/www.thebestsocial.media\/de\/wp-json\/wp\/v2\/media?parent=148397"}],"wp:term":[{"taxonomy":"category","embeddable":true,"href":"https:\/\/www.thebestsocial.media\/de\/wp-json\/wp\/v2\/categories?post=148397"},{"taxonomy":"post_tag","embeddable":true,"href":"https:\/\/www.thebestsocial.media\/de\/wp-json\/wp\/v2\/tags?post=148397"}],"curies":[{"name":"wp","href":"https:\/\/api.w.org\/{rel}","templated":true}]}}