{"id":148092,"date":"2021-07-26T09:28:47","date_gmt":"2021-07-26T09:28:47","guid":{"rendered":"https:\/\/www.thebestsocial.media\/de\/?p=148092"},"modified":"2021-07-26T09:45:16","modified_gmt":"2021-07-26T09:45:16","slug":"nena-und-helge-schneider-konzert-abbrueche-wegen-hygienkonzepten-sorgen-fuer-diskussion","status":"publish","type":"post","link":"https:\/\/www.thebestsocial.media\/de\/nena-und-helge-schneider-konzert-abbrueche-wegen-hygienkonzepten-sorgen-fuer-diskussion\/","title":{"rendered":"Nena und Helge Schneider: Konzert-Abbr\u00fcche wegen Hygienkonzepten sorgen f\u00fcr Diskussionen"},"content":{"rendered":"<p>Unter gewissen Auflagen d\u00fcrfen aktuell trotz Pandemie gr\u00f6\u00dfere Veranstaltungen wie zum Beispiel Konzerte stattfinden. So standen am Wochenende zwei der bekanntesten deutschen Musiker auf der B\u00fchne: Nena und Helge Schneider. Beide Auftritte machen nun wegen der Debatte ums Impfen und um Hygienekonzepten von sich reden. Nena kritisierte die Hygienekonzepte und machte einmal mehr deutlich, dass sie <a href=\"https:\/\/www.thebestsocial.media\/de\/til-schweiger-boris-reitschuster\/\" rel=\"noopener\" target=\"_blank\">den Querdenkern zuzurechnen<\/a> ist. Helge Schneider hingegen haderte eher mit der Gesamtsituation, wird nun aber von den Corona-Leugnern vereinnahmt.<\/p>\n<p>&nbsp;<br \/>\n<strong>Vor den Zugaben brach das Ordnungsamt das gestrige Berlin-Konzert ab, weil die Zuschauer keinen Abstand hielten und keine Masken trugen. Auch vom Impfen h\u00e4lt Nena offensichtlich nicht viel. <\/strong><\/p>\n<div class=\"dbsm-oembed\">\n<blockquote class=\"twitter-tweet\" data-width=\"500\" data-dnt=\"true\">\n<p lang=\"de\" dir=\"ltr\">Das ist <a href=\"https:\/\/twitter.com\/hashtag\/Nena?src=hash&amp;ref_src=twsrc%5Etfw\">#Nena<\/a>.<br \/>Nena war  fr\u00fcher mal ber\u00fchmt und hat gute Musik gemacht.<br \/>Jetzt ist Nena <a href=\"https:\/\/twitter.com\/hashtag\/Querdenkerin?src=hash&amp;ref_src=twsrc%5Etfw\">#Querdenkerin<\/a> und hetzt gegen den <a href=\"https:\/\/twitter.com\/hashtag\/ChristopherStreetDay?src=hash&amp;ref_src=twsrc%5Etfw\">#ChristopherStreetDay<\/a> (<a href=\"https:\/\/twitter.com\/hashtag\/CSD?src=hash&amp;ref_src=twsrc%5Etfw\">#CSD<\/a>) und gegen die <a href=\"https:\/\/twitter.com\/hashtag\/Corona?src=hash&amp;ref_src=twsrc%5Etfw\">#Corona<\/a>&#8211;<a href=\"https:\/\/twitter.com\/hashtag\/Schutzma%C3%9Fnahmen?src=hash&amp;ref_src=twsrc%5Etfw\">#Schutzma\u00dfnahmen<\/a>.<br \/>Sei nicht wie Nena! <a href=\"https:\/\/t.co\/Xu53SulTRD\">pic.twitter.com\/Xu53SulTRD<\/a><\/p>\n<p>&mdash; Gerhard Torges \ud83d\udcef- \uea00Entsperrer &#8211; \u0421\u043b\u0430\u0432\u0430\ud83c\uddfa\ud83c\udde6\u0423\u043a\u0440\u0430\u0457\u043d\u0456 (@gtorges) <a href=\"https:\/\/twitter.com\/gtorges\/status\/1419394822083842066?ref_src=twsrc%5Etfw\">July 25, 2021<\/a><\/p><\/blockquote>\n<p><script async src=\"https:\/\/platform.twitter.com\/widgets.js\" charset=\"utf-8\"><\/script><\/div>\n<p>&nbsp;<br \/>\n<strong>Eine Gro\u00dfveranstaltung wie den CSD wegen mangelndem Hygienekonzepts zu kritisieren, mag an sich legitim sein. Aber eine solche Kritik als Rechtfertigung f\u00fcr die eigene Ablehnung gegen\u00fcber Hygienekonzepten zu nutzen, ist das nicht die Art von Politisierung, die Nena selbst &#8222;vollkommend \u00e4tzend&#8220; findet?<\/strong><\/p>\n<div class=\"dbsm-oembed\">\n<blockquote class=\"twitter-tweet\" data-width=\"500\" data-dnt=\"true\">\n<p lang=\"de\" dir=\"ltr\">Ich habe das Nena Konzert jetzt vorzeitig verlassen. Querdenker Parolen und nicht eingehaltene Hygienekonzepte kann ich nicht guthei\u00dfen.<\/p>\n<p>&mdash; Andro Heinz (@androheinz) <a href=\"https:\/\/twitter.com\/androheinz\/status\/1419375345619374085?ref_src=twsrc%5Etfw\">July 25, 2021<\/a><\/p><\/blockquote>\n<p><script async src=\"https:\/\/platform.twitter.com\/widgets.js\" charset=\"utf-8\"><\/script><\/div>\n<blockquote class=\"twitter-tweet\" data-conversation=\"none\">\n<p lang=\"de\" dir=\"ltr\">Same here! Sind auch nach 20 Minuten gegangen<\/p>\n<p>&mdash; helen \u263d (@frozensbell) <a href=\"https:\/\/twitter.com\/frozensbell\/status\/1419405150922420237?ref_src=twsrc%5Etfw\">July 25, 2021<\/a><\/p><\/blockquote>\n<p> <script async src=\"https:\/\/platform.twitter.com\/widgets.js\" charset=\"utf-8\"><\/script><\/p>\n<div class=\"dbsm-oembed\">\n<blockquote class=\"twitter-tweet\" data-width=\"500\" data-dnt=\"true\">\n<p lang=\"de\" dir=\"ltr\">Eric Clapton: &#39;Nur f\u00fcr Geimpfte&#39; spiele ich nicht \u270a<br \/>Helge Schneider: Sorry, so kann ich nicht spielen. Tsch\u00fcss \u270a<br \/>Nena: &#39;Also schaltet den Strom ab und holt mich hier runter&#39; \u270a<br \/>Fanta 4: &#39;Smudo hat hier so ne tolle Kontakt-App f\u00fcr euch, da k\u00f6nnt ihr auch den Impf-QR scannen&#39; \ud83d\ude1c<\/p>\n<p>&mdash; TheRealTom\u2122 \ud83c\udf1e (@tomdabassman) <a href=\"https:\/\/twitter.com\/tomdabassman\/status\/1419428274376224774?ref_src=twsrc%5Etfw\">July 25, 2021<\/a><\/p><\/blockquote>\n<p><script async src=\"https:\/\/platform.twitter.com\/widgets.js\" charset=\"utf-8\"><\/script><\/div>\n<p>&nbsp;<br \/>\n<strong>&#8222;Das System ist fadenscheinig und dumm&#8220;: Am Freitag brach Helge Schneider das Strandkorb-Konzert in Augsburg nach 30 Minuten ab, weil er mit dem Hygienekonzept haderte.<\/strong><\/p>\n<p><iframe loading=\"lazy\" width=\"1196\" height=\"673\" src=\"https:\/\/www.youtube.com\/embed\/NHHFUECXJAg\" title=\"YouTube video player\" frameborder=\"0\" allow=\"accelerometer; autoplay; clipboard-write; encrypted-media; gyroscope; picture-in-picture\" allowfullscreen><\/iframe><\/p>\n<p><iframe loading=\"lazy\" width=\"1196\" height=\"673\" src=\"https:\/\/www.youtube.com\/embed\/NHHFUECXJAg\" title=\"YouTube video player\" frameborder=\"0\" allow=\"accelerometer; autoplay; clipboard-write; encrypted-media; gyroscope; picture-in-picture\" allowfullscreen><\/iframe><\/p>\n<p>&nbsp;<br \/>\n<strong>Querdenker sehen darin eine generelle Kritik vonseiten Schneiders und halten ihn nun f\u00fcr einen Bruder im Geiste.<\/strong><\/p>\n<div class=\"dbsm-oembed\">\n<blockquote class=\"twitter-tweet\" data-width=\"500\" data-dnt=\"true\">\n<p lang=\"de\" dir=\"ltr\">Noch ein Corona-Ketzer?\u00a0Helge Schneider: \u201eSystem fadenscheinig und dumm\u201c. Entnervt \u00fcber die Corona-Ma\u00dfnahmen brach er sein Konzert ab: \u201eDas macht einfach ein bisschen wahnsinnig&#8230; ich als K\u00fcnstler kann unter diesen Umst\u00e4nden \u00fcberhaupt nichts mehr machen.\u201c <a href=\"https:\/\/t.co\/VGeH5dYSuX\">https:\/\/t.co\/VGeH5dYSuX<\/a><\/p>\n<p>&mdash; Boris Reitschuster (@reitschuster) <a href=\"https:\/\/twitter.com\/reitschuster\/status\/1419009190052388865?ref_src=twsrc%5Etfw\">July 24, 2021<\/a><\/p><\/blockquote>\n<p><script async src=\"https:\/\/platform.twitter.com\/widgets.js\" charset=\"utf-8\"><\/script><\/div>\n<div class=\"dbsm-oembed\">\n<blockquote class=\"twitter-tweet\" data-width=\"500\" data-dnt=\"true\">\n<p lang=\"de\" dir=\"ltr\">Grossartig Helge Schneider bricht sein Programm wegen dem Coronaschwachsinn ab \ud83d\udc4d <a href=\"https:\/\/t.co\/8BQ6P69jHE\">pic.twitter.com\/8BQ6P69jHE<\/a><\/p>\n<p>&mdash; BeastOFBeherit (@BeheritOf) <a href=\"https:\/\/twitter.com\/BeheritOf\/status\/1418917552051339271?ref_src=twsrc%5Etfw\">July 24, 2021<\/a><\/p><\/blockquote>\n<p><script async src=\"https:\/\/platform.twitter.com\/widgets.js\" charset=\"utf-8\"><\/script><\/div>\n<p>&nbsp;<br \/>\n<strong>Jedoch \u00e4rgerte sich Schneider viel mehr dar\u00fcber, dass sich kein richtiges Konzert-Feeling einstellen wollte: ihm fehlte der Kontakt zum Publikum und die Kellner irritierten ihn.<\/strong><\/p>\n<div class=\"dbsm-oembed\">\n<blockquote class=\"twitter-tweet\" data-width=\"500\" data-dnt=\"true\">\n<p lang=\"de\" dir=\"ltr\">Ich kann mich t\u00e4uschen, aber Helge Schneider nach seinem Konzertabbruch gleich zum Querdenker zu erkl\u00e4ren, scheint mir\u2026 \u00fcberzogen?<\/p>\n<p>&mdash; kriegundfreitag.de (@kriegundfreitag) <a href=\"https:\/\/twitter.com\/kriegundfreitag\/status\/1418956569279180804?ref_src=twsrc%5Etfw\">July 24, 2021<\/a><\/p><\/blockquote>\n<p><script async src=\"https:\/\/platform.twitter.com\/widgets.js\" charset=\"utf-8\"><\/script><\/div>\n<div class=\"dbsm-oembed\">\n<blockquote class=\"twitter-tweet\" data-width=\"500\" data-dnt=\"true\">\n<p lang=\"de\" dir=\"ltr\">Querdenker und Co k\u00f6nnen ihre Instrumentalisierung stecken lassen: \u201eHelge Schneider hat gestern das Konzert abgebrochen, weil die Organisation der Gastronomie vor Ort so war, dass er st\u00e4ndig durch das Gastropersonal, welches an die Pl\u00e4tze serviert hat, abgelenkt wurde.\u201c<\/p>\n<p>&mdash; Helge Schneider News (@helgenews) <a href=\"https:\/\/twitter.com\/helgenews\/status\/1419002095492112389?ref_src=twsrc%5Etfw\">July 24, 2021<\/a><\/p><\/blockquote>\n<p><script async src=\"https:\/\/platform.twitter.com\/widgets.js\" charset=\"utf-8\"><\/script><\/div>\n<div class=\"dbsm-oembed\">\n<blockquote class=\"twitter-tweet\" data-width=\"500\" data-dnt=\"true\">\n<p lang=\"de\" dir=\"ltr\">Jetzt st\u00fcrzen sich die Schwurbler-Spinner auf Helge Schneider und feiern ihn als M\u00e4rtyrer &#8211; Helge leugnet nicht Covid, er ist entt\u00e4uscht von der schlechten Behandlung von K\u00fcnstlern und der Willk\u00fcrlichkeit von Auflagen &#8211; Fu\u00dfballstadien voll, aber 500 Leute drau\u00dfen geht nicht?<\/p>\n<p>&mdash; gay vampire (@arsenicfrenzy) <a href=\"https:\/\/twitter.com\/arsenicfrenzy\/status\/1418931842938462214?ref_src=twsrc%5Etfw\">July 24, 2021<\/a><\/p><\/blockquote>\n<p><script async src=\"https:\/\/platform.twitter.com\/widgets.js\" charset=\"utf-8\"><\/script><\/div>\n<p>&nbsp;<br \/>\n<strong>Er begr\u00fcndete sein Verhalten nachtr\u00e4glich in einem Video-Statement auf Twitter.<\/strong><\/p>\n<p>https:\/\/twitter.com\/helgenews\/status\/1418983772893102091<\/p>\n<p>&nbsp;<br \/>\n<strong>Kabarettisten-Kollegen konnten und wollten die Instrumentalisierung nicht guthei\u00dfen.<\/strong><\/p>\n<div class=\"dbsm-oembed\">\n<blockquote class=\"twitter-tweet\" data-width=\"500\" data-dnt=\"true\">\n<p lang=\"de\" dir=\"ltr\">Weisste: n halbes Helge Schneider- Konzert ist besser als nix!<\/p>\n<p>&mdash; Torsten Str\u00e4ter (@TStraeter44149) <a href=\"https:\/\/twitter.com\/TStraeter44149\/status\/1418992853989171207?ref_src=twsrc%5Etfw\">July 24, 2021<\/a><\/p><\/blockquote>\n<p><script async src=\"https:\/\/platform.twitter.com\/widgets.js\" charset=\"utf-8\"><\/script><\/div>\n<div class=\"dbsm-oembed\">\n<blockquote class=\"twitter-tweet\" data-width=\"500\" data-dnt=\"true\">\n<p lang=\"de\" dir=\"ltr\">jetzt lasst eure dreckigen Griffel wenigstens von Helge Schneider und arbeitet euch an anderen ab, ihr Eierk\u00f6ppe.<\/p>\n<p>&mdash; Micky Beisenherz \ud83c\udf4c (@MickyBeisenherz) <a href=\"https:\/\/twitter.com\/MickyBeisenherz\/status\/1418971234369421320?ref_src=twsrc%5Etfw\">July 24, 2021<\/a><\/p><\/blockquote>\n<p><script async src=\"https:\/\/platform.twitter.com\/widgets.js\" charset=\"utf-8\"><\/script><\/div>\n<div class=\"dbsm-oembed\">\n<blockquote class=\"twitter-tweet\" data-width=\"500\" data-dnt=\"true\">\n<p lang=\"de\" dir=\"ltr\">Helge Schneider bricht Konzert ab &#8211; wegen der ihn nervenden Gastronomie. <br \/>Die Quer-und Rechtsdenker machen ihn zu ihrem Helden. Die Gegenseite macht ihn zum Quer-und Rechtsdenker. Und der Rest dazwischen erkl\u00e4rt ihn einfach so zum Arschloch. <br \/>Debattenkultur 2021 in a nutshell.<\/p>\n<p>&mdash; Florian Schroeder (@Schroeder_Live) <a href=\"https:\/\/twitter.com\/Schroeder_Live\/status\/1419037995114680327?ref_src=twsrc%5Etfw\">July 24, 2021<\/a><\/p><\/blockquote>\n<p><script async src=\"https:\/\/platform.twitter.com\/widgets.js\" charset=\"utf-8\"><\/script><\/div>\n<p>&nbsp;<br \/>\n<a href=\"mailto:dion@thebest.social\"><img loading=\"lazy\" decoding=\"async\" src=\"https:\/\/www.thebestsocial.media\/de\/wp-content\/uploads\/sites\/3\/2021\/04\/Studio-Promo-Banner-1024x538.png\" alt=\"\" width=\"1024\" height=\"538\" class=\"alignnone size-large wp-image-144565\" srcset=\"https:\/\/www.thebestsocial.media\/de\/wp-content\/uploads\/sites\/3\/2021\/04\/Studio-Promo-Banner-1024x538.png 1024w, https:\/\/www.thebestsocial.media\/de\/wp-content\/uploads\/sites\/3\/2021\/04\/Studio-Promo-Banner-300x158.png 300w, https:\/\/www.thebestsocial.media\/de\/wp-content\/uploads\/sites\/3\/2021\/04\/Studio-Promo-Banner-768x403.png 768w, https:\/\/www.thebestsocial.media\/de\/wp-content\/uploads\/sites\/3\/2021\/04\/Studio-Promo-Banner.png 1200w\" sizes=\"auto, (max-width: 1024px) 100vw, 1024px\" \/><\/a><\/p>\n<p>&nbsp;<\/p>\n<p>&#8212;<br \/>\nVielen Dank an alle f\u00fcr die Posts.<br \/>\n&#8212;<br \/>\n<strong>Keine Influencer! Kein Foodporn! Nur ganz viel Spa\u00df &#8211; bei uns auf Instagram:<\/strong><\/p>\n<blockquote class=\"instagram-media\" data-instgrm-captioned data-instgrm-permalink=\"https:\/\/www.instagram.com\/p\/CRljtl1F2hT\/?utm_source=ig_embed&amp;utm_campaign=loading\" data-instgrm-version=\"13\" style=\" background:#FFF; border:0; border-radius:3px; box-shadow:0 0 1px 0 rgba(0,0,0,0.5),0 1px 10px 0 rgba(0,0,0,0.15); margin: 1px; max-width:540px; min-width:326px; padding:0; width:99.375%; width:-webkit-calc(100% - 2px); width:calc(100% - 2px);\">\n<div style=\"padding:16px;\"> <a href=\"https:\/\/www.instagram.com\/p\/CRljtl1F2hT\/?utm_source=ig_embed&amp;utm_campaign=loading\" style=\" background:#FFFFFF; line-height:0; padding:0 0; text-align:center; text-decoration:none; width:100%;\" target=\"_blank\" rel=\"noopener\"> <\/p>\n<div style=\" display: flex; flex-direction: row; align-items: center;\">\n<div style=\"background-color: #F4F4F4; border-radius: 50%; flex-grow: 0; height: 40px; margin-right: 14px; width: 40px;\"><\/div>\n<div style=\"display: flex; flex-direction: column; flex-grow: 1; justify-content: center;\">\n<div style=\" background-color: #F4F4F4; border-radius: 4px; flex-grow: 0; height: 14px; margin-bottom: 6px; width: 100px;\"><\/div>\n<div style=\" background-color: #F4F4F4; border-radius: 4px; flex-grow: 0; height: 14px; width: 60px;\"><\/div>\n<\/div>\n<\/div>\n<div style=\"padding: 19% 0;\"><\/div>\n<div style=\"display:block; height:50px; margin:0 auto 12px; width:50px;\"><svg width=\"50px\" height=\"50px\" viewBox=\"0 0 60 60\" version=\"1.1\" xmlns=\"https:\/\/www.w3.org\/2000\/svg\" xmlns:xlink=\"https:\/\/www.w3.org\/1999\/xlink\"><g stroke=\"none\" stroke-width=\"1\" fill=\"none\" fill-rule=\"evenodd\"><g transform=\"translate(-511.000000, -20.000000)\" fill=\"#000000\"><g><path d=\"M556.869,30.41 C554.814,30.41 553.148,32.076 553.148,34.131 C553.148,36.186 554.814,37.852 556.869,37.852 C558.924,37.852 560.59,36.186 560.59,34.131 C560.59,32.076 558.924,30.41 556.869,30.41 M541,60.657 C535.114,60.657 530.342,55.887 530.342,50 C530.342,44.114 535.114,39.342 541,39.342 C546.887,39.342 551.658,44.114 551.658,50 C551.658,55.887 546.887,60.657 541,60.657 M541,33.886 C532.1,33.886 524.886,41.1 524.886,50 C524.886,58.899 532.1,66.113 541,66.113 C549.9,66.113 557.115,58.899 557.115,50 C557.115,41.1 549.9,33.886 541,33.886 M565.378,62.101 C565.244,65.022 564.756,66.606 564.346,67.663 C563.803,69.06 563.154,70.057 562.106,71.106 C561.058,72.155 560.06,72.803 558.662,73.347 C557.607,73.757 556.021,74.244 553.102,74.378 C549.944,74.521 548.997,74.552 541,74.552 C533.003,74.552 532.056,74.521 528.898,74.378 C525.979,74.244 524.393,73.757 523.338,73.347 C521.94,72.803 520.942,72.155 519.894,71.106 C518.846,70.057 518.197,69.06 517.654,67.663 C517.244,66.606 516.755,65.022 516.623,62.101 C516.479,58.943 516.448,57.996 516.448,50 C516.448,42.003 516.479,41.056 516.623,37.899 C516.755,34.978 517.244,33.391 517.654,32.338 C518.197,30.938 518.846,29.942 519.894,28.894 C520.942,27.846 521.94,27.196 523.338,26.654 C524.393,26.244 525.979,25.756 528.898,25.623 C532.057,25.479 533.004,25.448 541,25.448 C548.997,25.448 549.943,25.479 553.102,25.623 C556.021,25.756 557.607,26.244 558.662,26.654 C560.06,27.196 561.058,27.846 562.106,28.894 C563.154,29.942 563.803,30.938 564.346,32.338 C564.756,33.391 565.244,34.978 565.378,37.899 C565.522,41.056 565.552,42.003 565.552,50 C565.552,57.996 565.522,58.943 565.378,62.101 M570.82,37.631 C570.674,34.438 570.167,32.258 569.425,30.349 C568.659,28.377 567.633,26.702 565.965,25.035 C564.297,23.368 562.623,22.342 560.652,21.575 C558.743,20.834 556.562,20.326 553.369,20.18 C550.169,20.033 549.148,20 541,20 C532.853,20 531.831,20.033 528.631,20.18 C525.438,20.326 523.257,20.834 521.349,21.575 C519.376,22.342 517.703,23.368 516.035,25.035 C514.368,26.702 513.342,28.377 512.574,30.349 C511.834,32.258 511.326,34.438 511.181,37.631 C511.035,40.831 511,41.851 511,50 C511,58.147 511.035,59.17 511.181,62.369 C511.326,65.562 511.834,67.743 512.574,69.651 C513.342,71.625 514.368,73.296 516.035,74.965 C517.703,76.634 519.376,77.658 521.349,78.425 C523.257,79.167 525.438,79.673 528.631,79.82 C531.831,79.965 532.853,80.001 541,80.001 C549.148,80.001 550.169,79.965 553.369,79.82 C556.562,79.673 558.743,79.167 560.652,78.425 C562.623,77.658 564.297,76.634 565.965,74.965 C567.633,73.296 568.659,71.625 569.425,69.651 C570.167,67.743 570.674,65.562 570.82,62.369 C570.966,59.17 571,58.147 571,50 C571,41.851 570.966,40.831 570.82,37.631\"><\/path><\/g><\/g><\/g><\/svg><\/div>\n<div style=\"padding-top: 8px;\">\n<div style=\" color:#3897f0; font-family:Arial,sans-serif; font-size:14px; font-style:normal; font-weight:550; line-height:18px;\"> Sieh dir diesen Beitrag auf Instagram an<\/div>\n<\/div>\n<div style=\"padding: 12.5% 0;\"><\/div>\n<div style=\"display: flex; flex-direction: row; margin-bottom: 14px; align-items: center;\">\n<div>\n<div style=\"background-color: #F4F4F4; border-radius: 50%; height: 12.5px; width: 12.5px; transform: translateX(0px) translateY(7px);\"><\/div>\n<div style=\"background-color: #F4F4F4; height: 12.5px; transform: rotate(-45deg) translateX(3px) translateY(1px); width: 12.5px; flex-grow: 0; margin-right: 14px; margin-left: 2px;\"><\/div>\n<div style=\"background-color: #F4F4F4; border-radius: 50%; height: 12.5px; width: 12.5px; transform: translateX(9px) translateY(-18px);\"><\/div>\n<\/div>\n<div style=\"margin-left: 8px;\">\n<div style=\" background-color: #F4F4F4; border-radius: 50%; flex-grow: 0; height: 20px; width: 20px;\"><\/div>\n<div style=\" width: 0; height: 0; border-top: 2px solid transparent; border-left: 6px solid #f4f4f4; border-bottom: 2px solid transparent; transform: translateX(16px) translateY(-4px) rotate(30deg)\"><\/div>\n<\/div>\n<div style=\"margin-left: auto;\">\n<div style=\" width: 0px; border-top: 8px solid #F4F4F4; border-right: 8px solid transparent; transform: translateY(16px);\"><\/div>\n<div style=\" background-color: #F4F4F4; flex-grow: 0; height: 12px; width: 16px; transform: translateY(-4px);\"><\/div>\n<div style=\" width: 0; height: 0; border-top: 8px solid #F4F4F4; border-left: 8px solid transparent; transform: translateY(-4px) translateX(8px);\"><\/div>\n<\/div>\n<\/div>\n<div style=\"display: flex; flex-direction: column; flex-grow: 1; justify-content: center; margin-bottom: 24px;\">\n<div style=\" background-color: #F4F4F4; border-radius: 4px; flex-grow: 0; height: 14px; margin-bottom: 6px; width: 224px;\"><\/div>\n<div style=\" background-color: #F4F4F4; border-radius: 4px; flex-grow: 0; height: 14px; width: 144px;\"><\/div>\n<\/div>\n<p><\/a><\/p>\n<p style=\" color:#c9c8cd; font-family:Arial,sans-serif; font-size:14px; line-height:17px; margin-bottom:0; margin-top:8px; overflow:hidden; padding:8px 0 7px; text-align:center; text-overflow:ellipsis; white-space:nowrap;\"><a href=\"https:\/\/www.instagram.com\/p\/CRljtl1F2hT\/?utm_source=ig_embed&amp;utm_campaign=loading\" style=\" color:#c9c8cd; font-family:Arial,sans-serif; font-size:14px; font-style:normal; font-weight:normal; line-height:17px; text-decoration:none;\" target=\"_blank\" rel=\"noopener\">Ein Beitrag geteilt von The Best Social Media &#8211; DE (@thebestsocialmediade)<\/a><\/p>\n<\/div>\n<\/blockquote>\n\n<script async defer src=\"\/instagram-embed.js\"><\/script>","protected":false},"excerpt":{"rendered":"<p>Unter gewissen Auflagen d\u00fcrfen aktuell trotz Pandemie gr\u00f6\u00dfere Veranstaltungen wie zum Beispiel Konzerte stattfinden. So standen am Wochenende zwei der bekanntesten deutschen Musiker auf der&#8230;<\/p>\n","protected":false},"author":72,"featured_media":148102,"comment_status":"open","ping_status":"open","sticky":false,"template":"","format":"standard","meta":{"_acf_changed":false,"footnotes":""},"categories":[35],"tags":[3800,4060],"class_list":["post-148092","post","type-post","status-publish","format-standard","has-post-thumbnail","hentry","category-twitter","tag-corona","tag-helge-schneider"],"acf":[],"yoast_head":"<!-- This site is optimized with the Yoast SEO plugin v27.5 - https:\/\/yoast.com\/product\/yoast-seo-wordpress\/ -->\n<title>Konzert-Abbr\u00fcche wegen Hygienkonzepten sorgen f\u00fcr Diskussionen<\/title>\n<meta name=\"description\" content=\"Zuerst Helge Schneider, dann Nena: Die Konzert-Abbr\u00fcche wegen Hygienekonzepten sorgen f\u00fcr Diskussionen.\" \/>\n<meta name=\"robots\" content=\"index, follow, max-snippet:-1, max-image-preview:large, max-video-preview:-1\" \/>\n<link rel=\"canonical\" href=\"https:\/\/www.thebestsocial.media\/de\/nena-und-helge-schneider-konzert-abbrueche-wegen-hygienkonzepten-sorgen-fuer-diskussion\/\" \/>\n<meta property=\"og:locale\" content=\"de_DE\" \/>\n<meta property=\"og:type\" content=\"article\" \/>\n<meta property=\"og:title\" content=\"Nena und Helge Schneider: Konzert-Abbr\u00fcche wegen Hygienkonzepten sorgen f\u00fcr Diskussionen\" \/>\n<meta property=\"og:description\" content=\"Zuerst Helge Schneider, dann Nena: Die Konzert-Abbr\u00fcche wegen Hygienekonzepten sorgen f\u00fcr Diskussionen.\" \/>\n<meta property=\"og:url\" content=\"https:\/\/www.thebestsocial.media\/de\/nena-und-helge-schneider-konzert-abbrueche-wegen-hygienkonzepten-sorgen-fuer-diskussion\/\" \/>\n<meta property=\"og:site_name\" content=\"The Best Social Media DE\" \/>\n<meta property=\"article:published_time\" content=\"2021-07-26T09:28:47+00:00\" \/>\n<meta property=\"article:modified_time\" content=\"2021-07-26T09:45:16+00:00\" \/>\n<meta property=\"og:image\" content=\"https:\/\/www.thebestsocial.media\/de\/wp-content\/uploads\/sites\/3\/2021\/07\/nena-fb.png\" \/>\n\t<meta property=\"og:image:width\" content=\"1200\" \/>\n\t<meta property=\"og:image:height\" content=\"630\" \/>\n\t<meta property=\"og:image:type\" content=\"image\/png\" \/>\n<meta name=\"author\" content=\"Benny\" \/>\n<meta name=\"twitter:card\" content=\"summary_large_image\" \/>\n<meta name=\"twitter:label1\" content=\"Verfasst von\" \/>\n\t<meta name=\"twitter:data1\" content=\"Benny\" \/>\n\t<meta name=\"twitter:label2\" content=\"Gesch\u00e4tzte Lesezeit\" \/>\n\t<meta name=\"twitter:data2\" content=\"1\u00a0Minute\" \/>\n<script type=\"application\/ld+json\" class=\"yoast-schema-graph\">{\"@context\":\"https:\\\/\\\/schema.org\",\"@graph\":[{\"@type\":\"Article\",\"@id\":\"https:\\\/\\\/www.thebestsocial.media\\\/de\\\/nena-und-helge-schneider-konzert-abbrueche-wegen-hygienkonzepten-sorgen-fuer-diskussion\\\/#article\",\"isPartOf\":{\"@id\":\"https:\\\/\\\/www.thebestsocial.media\\\/de\\\/nena-und-helge-schneider-konzert-abbrueche-wegen-hygienkonzepten-sorgen-fuer-diskussion\\\/\"},\"author\":{\"name\":\"Benny\",\"@id\":\"https:\\\/\\\/www.thebestsocial.media\\\/de\\\/#\\\/schema\\\/person\\\/212fdd48880db42a484e589e4e27871b\"},\"headline\":\"Nena und Helge Schneider: Konzert-Abbr\u00fcche wegen Hygienkonzepten sorgen f\u00fcr Diskussionen\",\"datePublished\":\"2021-07-26T09:28:47+00:00\",\"dateModified\":\"2021-07-26T09:45:16+00:00\",\"mainEntityOfPage\":{\"@id\":\"https:\\\/\\\/www.thebestsocial.media\\\/de\\\/nena-und-helge-schneider-konzert-abbrueche-wegen-hygienkonzepten-sorgen-fuer-diskussion\\\/\"},\"wordCount\":376,\"commentCount\":0,\"image\":{\"@id\":\"https:\\\/\\\/www.thebestsocial.media\\\/de\\\/nena-und-helge-schneider-konzert-abbrueche-wegen-hygienkonzepten-sorgen-fuer-diskussion\\\/#primaryimage\"},\"thumbnailUrl\":\"https:\\\/\\\/www.thebestsocial.media\\\/de\\\/wp-content\\\/uploads\\\/sites\\\/3\\\/2021\\\/07\\\/nena-th.png\",\"keywords\":[\"Corona\",\"Helge Schneider\"],\"articleSection\":[\"Twitter\"],\"inLanguage\":\"de\",\"potentialAction\":[{\"@type\":\"CommentAction\",\"name\":\"Comment\",\"target\":[\"https:\\\/\\\/www.thebestsocial.media\\\/de\\\/nena-und-helge-schneider-konzert-abbrueche-wegen-hygienkonzepten-sorgen-fuer-diskussion\\\/#respond\"]}]},{\"@type\":\"WebPage\",\"@id\":\"https:\\\/\\\/www.thebestsocial.media\\\/de\\\/nena-und-helge-schneider-konzert-abbrueche-wegen-hygienkonzepten-sorgen-fuer-diskussion\\\/\",\"url\":\"https:\\\/\\\/www.thebestsocial.media\\\/de\\\/nena-und-helge-schneider-konzert-abbrueche-wegen-hygienkonzepten-sorgen-fuer-diskussion\\\/\",\"name\":\"Konzert-Abbr\u00fcche wegen Hygienkonzepten sorgen f\u00fcr Diskussionen\",\"isPartOf\":{\"@id\":\"https:\\\/\\\/www.thebestsocial.media\\\/de\\\/#website\"},\"primaryImageOfPage\":{\"@id\":\"https:\\\/\\\/www.thebestsocial.media\\\/de\\\/nena-und-helge-schneider-konzert-abbrueche-wegen-hygienkonzepten-sorgen-fuer-diskussion\\\/#primaryimage\"},\"image\":{\"@id\":\"https:\\\/\\\/www.thebestsocial.media\\\/de\\\/nena-und-helge-schneider-konzert-abbrueche-wegen-hygienkonzepten-sorgen-fuer-diskussion\\\/#primaryimage\"},\"thumbnailUrl\":\"https:\\\/\\\/www.thebestsocial.media\\\/de\\\/wp-content\\\/uploads\\\/sites\\\/3\\\/2021\\\/07\\\/nena-th.png\",\"datePublished\":\"2021-07-26T09:28:47+00:00\",\"dateModified\":\"2021-07-26T09:45:16+00:00\",\"author\":{\"@id\":\"https:\\\/\\\/www.thebestsocial.media\\\/de\\\/#\\\/schema\\\/person\\\/212fdd48880db42a484e589e4e27871b\"},\"description\":\"Zuerst Helge Schneider, dann Nena: Die Konzert-Abbr\u00fcche wegen Hygienekonzepten sorgen f\u00fcr Diskussionen.\",\"breadcrumb\":{\"@id\":\"https:\\\/\\\/www.thebestsocial.media\\\/de\\\/nena-und-helge-schneider-konzert-abbrueche-wegen-hygienkonzepten-sorgen-fuer-diskussion\\\/#breadcrumb\"},\"inLanguage\":\"de\",\"potentialAction\":[{\"@type\":\"ReadAction\",\"target\":[\"https:\\\/\\\/www.thebestsocial.media\\\/de\\\/nena-und-helge-schneider-konzert-abbrueche-wegen-hygienkonzepten-sorgen-fuer-diskussion\\\/\"]}]},{\"@type\":\"ImageObject\",\"inLanguage\":\"de\",\"@id\":\"https:\\\/\\\/www.thebestsocial.media\\\/de\\\/nena-und-helge-schneider-konzert-abbrueche-wegen-hygienkonzepten-sorgen-fuer-diskussion\\\/#primaryimage\",\"url\":\"https:\\\/\\\/www.thebestsocial.media\\\/de\\\/wp-content\\\/uploads\\\/sites\\\/3\\\/2021\\\/07\\\/nena-th.png\",\"contentUrl\":\"https:\\\/\\\/www.thebestsocial.media\\\/de\\\/wp-content\\\/uploads\\\/sites\\\/3\\\/2021\\\/07\\\/nena-th.png\",\"width\":1200,\"height\":630},{\"@type\":\"BreadcrumbList\",\"@id\":\"https:\\\/\\\/www.thebestsocial.media\\\/de\\\/nena-und-helge-schneider-konzert-abbrueche-wegen-hygienkonzepten-sorgen-fuer-diskussion\\\/#breadcrumb\",\"itemListElement\":[{\"@type\":\"ListItem\",\"position\":1,\"name\":\"Home\",\"item\":\"https:\\\/\\\/www.thebestsocial.media\\\/de\\\/\"},{\"@type\":\"ListItem\",\"position\":2,\"name\":\"Nena und Helge Schneider: Konzert-Abbr\u00fcche wegen Hygienkonzepten sorgen f\u00fcr Diskussionen\"}]},{\"@type\":\"WebSite\",\"@id\":\"https:\\\/\\\/www.thebestsocial.media\\\/de\\\/#website\",\"url\":\"https:\\\/\\\/www.thebestsocial.media\\\/de\\\/\",\"name\":\"The Best Social Media DE\",\"description\":\"\",\"potentialAction\":[{\"@type\":\"SearchAction\",\"target\":{\"@type\":\"EntryPoint\",\"urlTemplate\":\"https:\\\/\\\/www.thebestsocial.media\\\/de\\\/?s={search_term_string}\"},\"query-input\":{\"@type\":\"PropertyValueSpecification\",\"valueRequired\":true,\"valueName\":\"search_term_string\"}}],\"inLanguage\":\"de\"},{\"@type\":\"Person\",\"@id\":\"https:\\\/\\\/www.thebestsocial.media\\\/de\\\/#\\\/schema\\\/person\\\/212fdd48880db42a484e589e4e27871b\",\"name\":\"Benny\",\"image\":{\"@type\":\"ImageObject\",\"inLanguage\":\"de\",\"@id\":\"https:\\\/\\\/secure.gravatar.com\\\/avatar\\\/559f54fceb59ac8654d5ca40291d2ab87f2a9d79e48e8e3c19582477cde950bf?s=96&d=mm&r=g\",\"url\":\"https:\\\/\\\/secure.gravatar.com\\\/avatar\\\/559f54fceb59ac8654d5ca40291d2ab87f2a9d79e48e8e3c19582477cde950bf?s=96&d=mm&r=g\",\"contentUrl\":\"https:\\\/\\\/secure.gravatar.com\\\/avatar\\\/559f54fceb59ac8654d5ca40291d2ab87f2a9d79e48e8e3c19582477cde950bf?s=96&d=mm&r=g\",\"caption\":\"Benny\"},\"url\":\"https:\\\/\\\/www.thebestsocial.media\\\/de\\\/author\\\/bennykrueger\\\/\"}]}<\/script>\n<!-- \/ Yoast SEO plugin. -->","yoast_head_json":{"title":"Konzert-Abbr\u00fcche wegen Hygienkonzepten sorgen f\u00fcr Diskussionen","description":"Zuerst Helge Schneider, dann Nena: Die Konzert-Abbr\u00fcche wegen Hygienekonzepten sorgen f\u00fcr Diskussionen.","robots":{"index":"index","follow":"follow","max-snippet":"max-snippet:-1","max-image-preview":"max-image-preview:large","max-video-preview":"max-video-preview:-1"},"canonical":"https:\/\/www.thebestsocial.media\/de\/nena-und-helge-schneider-konzert-abbrueche-wegen-hygienkonzepten-sorgen-fuer-diskussion\/","og_locale":"de_DE","og_type":"article","og_title":"Nena und Helge Schneider: Konzert-Abbr\u00fcche wegen Hygienkonzepten sorgen f\u00fcr Diskussionen","og_description":"Zuerst Helge Schneider, dann Nena: Die Konzert-Abbr\u00fcche wegen Hygienekonzepten sorgen f\u00fcr Diskussionen.","og_url":"https:\/\/www.thebestsocial.media\/de\/nena-und-helge-schneider-konzert-abbrueche-wegen-hygienkonzepten-sorgen-fuer-diskussion\/","og_site_name":"The Best Social Media DE","article_published_time":"2021-07-26T09:28:47+00:00","article_modified_time":"2021-07-26T09:45:16+00:00","og_image":[{"width":1200,"height":630,"url":"https:\/\/www.thebestsocial.media\/de\/wp-content\/uploads\/sites\/3\/2021\/07\/nena-fb.png","type":"image\/png"}],"author":"Benny","twitter_card":"summary_large_image","twitter_misc":{"Verfasst von":"Benny","Gesch\u00e4tzte Lesezeit":"1\u00a0Minute"},"schema":{"@context":"https:\/\/schema.org","@graph":[{"@type":"Article","@id":"https:\/\/www.thebestsocial.media\/de\/nena-und-helge-schneider-konzert-abbrueche-wegen-hygienkonzepten-sorgen-fuer-diskussion\/#article","isPartOf":{"@id":"https:\/\/www.thebestsocial.media\/de\/nena-und-helge-schneider-konzert-abbrueche-wegen-hygienkonzepten-sorgen-fuer-diskussion\/"},"author":{"name":"Benny","@id":"https:\/\/www.thebestsocial.media\/de\/#\/schema\/person\/212fdd48880db42a484e589e4e27871b"},"headline":"Nena und Helge Schneider: Konzert-Abbr\u00fcche wegen Hygienkonzepten sorgen f\u00fcr Diskussionen","datePublished":"2021-07-26T09:28:47+00:00","dateModified":"2021-07-26T09:45:16+00:00","mainEntityOfPage":{"@id":"https:\/\/www.thebestsocial.media\/de\/nena-und-helge-schneider-konzert-abbrueche-wegen-hygienkonzepten-sorgen-fuer-diskussion\/"},"wordCount":376,"commentCount":0,"image":{"@id":"https:\/\/www.thebestsocial.media\/de\/nena-und-helge-schneider-konzert-abbrueche-wegen-hygienkonzepten-sorgen-fuer-diskussion\/#primaryimage"},"thumbnailUrl":"https:\/\/www.thebestsocial.media\/de\/wp-content\/uploads\/sites\/3\/2021\/07\/nena-th.png","keywords":["Corona","Helge Schneider"],"articleSection":["Twitter"],"inLanguage":"de","potentialAction":[{"@type":"CommentAction","name":"Comment","target":["https:\/\/www.thebestsocial.media\/de\/nena-und-helge-schneider-konzert-abbrueche-wegen-hygienkonzepten-sorgen-fuer-diskussion\/#respond"]}]},{"@type":"WebPage","@id":"https:\/\/www.thebestsocial.media\/de\/nena-und-helge-schneider-konzert-abbrueche-wegen-hygienkonzepten-sorgen-fuer-diskussion\/","url":"https:\/\/www.thebestsocial.media\/de\/nena-und-helge-schneider-konzert-abbrueche-wegen-hygienkonzepten-sorgen-fuer-diskussion\/","name":"Konzert-Abbr\u00fcche wegen Hygienkonzepten sorgen f\u00fcr Diskussionen","isPartOf":{"@id":"https:\/\/www.thebestsocial.media\/de\/#website"},"primaryImageOfPage":{"@id":"https:\/\/www.thebestsocial.media\/de\/nena-und-helge-schneider-konzert-abbrueche-wegen-hygienkonzepten-sorgen-fuer-diskussion\/#primaryimage"},"image":{"@id":"https:\/\/www.thebestsocial.media\/de\/nena-und-helge-schneider-konzert-abbrueche-wegen-hygienkonzepten-sorgen-fuer-diskussion\/#primaryimage"},"thumbnailUrl":"https:\/\/www.thebestsocial.media\/de\/wp-content\/uploads\/sites\/3\/2021\/07\/nena-th.png","datePublished":"2021-07-26T09:28:47+00:00","dateModified":"2021-07-26T09:45:16+00:00","author":{"@id":"https:\/\/www.thebestsocial.media\/de\/#\/schema\/person\/212fdd48880db42a484e589e4e27871b"},"description":"Zuerst Helge Schneider, dann Nena: Die Konzert-Abbr\u00fcche wegen Hygienekonzepten sorgen f\u00fcr Diskussionen.","breadcrumb":{"@id":"https:\/\/www.thebestsocial.media\/de\/nena-und-helge-schneider-konzert-abbrueche-wegen-hygienkonzepten-sorgen-fuer-diskussion\/#breadcrumb"},"inLanguage":"de","potentialAction":[{"@type":"ReadAction","target":["https:\/\/www.thebestsocial.media\/de\/nena-und-helge-schneider-konzert-abbrueche-wegen-hygienkonzepten-sorgen-fuer-diskussion\/"]}]},{"@type":"ImageObject","inLanguage":"de","@id":"https:\/\/www.thebestsocial.media\/de\/nena-und-helge-schneider-konzert-abbrueche-wegen-hygienkonzepten-sorgen-fuer-diskussion\/#primaryimage","url":"https:\/\/www.thebestsocial.media\/de\/wp-content\/uploads\/sites\/3\/2021\/07\/nena-th.png","contentUrl":"https:\/\/www.thebestsocial.media\/de\/wp-content\/uploads\/sites\/3\/2021\/07\/nena-th.png","width":1200,"height":630},{"@type":"BreadcrumbList","@id":"https:\/\/www.thebestsocial.media\/de\/nena-und-helge-schneider-konzert-abbrueche-wegen-hygienkonzepten-sorgen-fuer-diskussion\/#breadcrumb","itemListElement":[{"@type":"ListItem","position":1,"name":"Home","item":"https:\/\/www.thebestsocial.media\/de\/"},{"@type":"ListItem","position":2,"name":"Nena und Helge Schneider: Konzert-Abbr\u00fcche wegen Hygienkonzepten sorgen f\u00fcr Diskussionen"}]},{"@type":"WebSite","@id":"https:\/\/www.thebestsocial.media\/de\/#website","url":"https:\/\/www.thebestsocial.media\/de\/","name":"The Best Social Media DE","description":"","potentialAction":[{"@type":"SearchAction","target":{"@type":"EntryPoint","urlTemplate":"https:\/\/www.thebestsocial.media\/de\/?s={search_term_string}"},"query-input":{"@type":"PropertyValueSpecification","valueRequired":true,"valueName":"search_term_string"}}],"inLanguage":"de"},{"@type":"Person","@id":"https:\/\/www.thebestsocial.media\/de\/#\/schema\/person\/212fdd48880db42a484e589e4e27871b","name":"Benny","image":{"@type":"ImageObject","inLanguage":"de","@id":"https:\/\/secure.gravatar.com\/avatar\/559f54fceb59ac8654d5ca40291d2ab87f2a9d79e48e8e3c19582477cde950bf?s=96&d=mm&r=g","url":"https:\/\/secure.gravatar.com\/avatar\/559f54fceb59ac8654d5ca40291d2ab87f2a9d79e48e8e3c19582477cde950bf?s=96&d=mm&r=g","contentUrl":"https:\/\/secure.gravatar.com\/avatar\/559f54fceb59ac8654d5ca40291d2ab87f2a9d79e48e8e3c19582477cde950bf?s=96&d=mm&r=g","caption":"Benny"},"url":"https:\/\/www.thebestsocial.media\/de\/author\/bennykrueger\/"}]}},"amp_enabled":true,"_links":{"self":[{"href":"https:\/\/www.thebestsocial.media\/de\/wp-json\/wp\/v2\/posts\/148092","targetHints":{"allow":["GET"]}}],"collection":[{"href":"https:\/\/www.thebestsocial.media\/de\/wp-json\/wp\/v2\/posts"}],"about":[{"href":"https:\/\/www.thebestsocial.media\/de\/wp-json\/wp\/v2\/types\/post"}],"author":[{"embeddable":true,"href":"https:\/\/www.thebestsocial.media\/de\/wp-json\/wp\/v2\/users\/72"}],"replies":[{"embeddable":true,"href":"https:\/\/www.thebestsocial.media\/de\/wp-json\/wp\/v2\/comments?post=148092"}],"version-history":[{"count":5,"href":"https:\/\/www.thebestsocial.media\/de\/wp-json\/wp\/v2\/posts\/148092\/revisions"}],"predecessor-version":[{"id":148105,"href":"https:\/\/www.thebestsocial.media\/de\/wp-json\/wp\/v2\/posts\/148092\/revisions\/148105"}],"wp:featuredmedia":[{"embeddable":true,"href":"https:\/\/www.thebestsocial.media\/de\/wp-json\/wp\/v2\/media\/148102"}],"wp:attachment":[{"href":"https:\/\/www.thebestsocial.media\/de\/wp-json\/wp\/v2\/media?parent=148092"}],"wp:term":[{"taxonomy":"category","embeddable":true,"href":"https:\/\/www.thebestsocial.media\/de\/wp-json\/wp\/v2\/categories?post=148092"},{"taxonomy":"post_tag","embeddable":true,"href":"https:\/\/www.thebestsocial.media\/de\/wp-json\/wp\/v2\/tags?post=148092"}],"curies":[{"name":"wp","href":"https:\/\/api.w.org\/{rel}","templated":true}]}}