{"id":147853,"date":"2021-07-21T12:07:30","date_gmt":"2021-07-21T12:07:30","guid":{"rendered":"https:\/\/www.thebestsocial.media\/de\/?p=147853"},"modified":"2021-07-21T12:07:30","modified_gmt":"2021-07-21T12:07:30","slug":"illegal-der-wendler-wird-in-deutschland-per-haftbefehl-gesucht-und-das-mitleid-haelt-sich-in-grenzen","status":"publish","type":"post","link":"https:\/\/www.thebestsocial.media\/de\/illegal-der-wendler-wird-in-deutschland-per-haftbefehl-gesucht-und-das-mitleid-haelt-sich-in-grenzen\/","title":{"rendered":"(ILL)EGAL &#8211; Der Wendler wird in Deutschland per Haftbefehl gesucht und das Mitleid h\u00e4lt sich in Grenzen"},"content":{"rendered":"<p>In der letzten Zeit war es um Michael &#8222;Schatziii&#8220; Wendler angenehm ruhig. Keine &#8222;s\u00fc\u00dfen&#8220; P\u00e4rchenvideos mit Laura, kein Good morning in se morning aus Sau\u00dfwestflorida und vor allem: kein Geschwurbel. Ganz herrlich! Nun wird man durch neueste Schlagzeilen leider doch wieder an die Wendler&#8217;sche Existenz erinnert. Er ist n\u00e4mlich zu einem Gerichtstermin nicht erschienen und wird als Konsequenz daraus nun in Deutschland per Haftbefehl gesucht. Naja. Egal. Oder?<\/p>\n<p>&nbsp;<\/p>\n<p><strong>War seine Abwesenheit eventuell nur ein vorgeschobener Grund f\u00fcr den Haftbefehl?<\/strong><\/p>\n<p>https:\/\/twitter.com\/Gedankenstich\/status\/1417442688899686401?s=20<\/p>\n<p>&nbsp;<\/p>\n<p><strong>Naja, wenn&#8217;s nur mal so lustig w\u00e4re&#8230;<\/strong><\/p>\n<div class=\"dbsm-oembed\">\n<blockquote class=\"twitter-tweet\" data-width=\"500\" data-dnt=\"true\">\n<p lang=\"de\" dir=\"ltr\">Ist halt auch so geil deutsch &#8211; Mit dem ganzen Nazi-Schwurbel kommst du hier easy \u00fcberall durch aber wehe du bescheisst das Finanzamt! Zack Haftbefehl. <a href=\"https:\/\/twitter.com\/hashtag\/Wendler?src=hash&amp;ref_src=twsrc%5Etfw\">#Wendler<\/a><\/p>\n<p>&mdash; Dipl. Ing. Mar Stadelmann (@IngmarStadelman) <a href=\"https:\/\/twitter.com\/IngmarStadelman\/status\/1417458924689690624?ref_src=twsrc%5Etfw\">July 20, 2021<\/a><\/p><\/blockquote>\n<p><script async src=\"https:\/\/platform.twitter.com\/widgets.js\" charset=\"utf-8\"><\/script><\/div>\n<p>&nbsp;<\/p>\n<p><strong>Oder gab es da etwa ein Missverst\u00e4ndnis von wegen Haftbefehl??<\/strong><\/p>\n<div class=\"dbsm-oembed\">\n<blockquote class=\"twitter-tweet\" data-width=\"500\" data-dnt=\"true\">\n<p lang=\"de\" dir=\"ltr\">&quot;Haftbefehl gegen <a href=\"https:\/\/twitter.com\/hashtag\/Wendler?src=hash&amp;ref_src=twsrc%5Etfw\">#Wendler<\/a>!&quot;<\/p>\n<p>&quot;Ich mag beide nicht!&quot;<\/p>\n<p>&quot;Was?&quot;<\/p>\n<p>&quot;Was?&quot;<\/p>\n<p>&mdash; Der Schneckliche\ud83d\udcef\ud83d\udc1a\ud83d\udca4 (@schnecklich) <a href=\"https:\/\/twitter.com\/schnecklich\/status\/1417472816501374976?ref_src=twsrc%5Etfw\">July 20, 2021<\/a><\/p><\/blockquote>\n<p><script async src=\"https:\/\/platform.twitter.com\/widgets.js\" charset=\"utf-8\"><\/script><\/div>\n<p>&nbsp;<\/p>\n<p><strong>Will er etwa ein musikalisches Comeback starten?<\/strong><\/p>\n<p>https:\/\/twitter.com\/JanEggers\/status\/1417438238478938112?s=20<\/p>\n<p>&nbsp;<\/p>\n<p><strong>Oder \u00fcberhaupt irgendein Comeback?<\/strong><\/p>\n<div class=\"dbsm-oembed\">\n<blockquote class=\"twitter-tweet\" data-width=\"500\" data-dnt=\"true\">\n<p lang=\"de\" dir=\"ltr\">Endlich wird Promiboxen wieder interessant! <a href=\"https:\/\/t.co\/XFFSkDKMDd\">pic.twitter.com\/XFFSkDKMDd<\/a><\/p>\n<p>&mdash; Andr\u00e9 Herrmann (@antrehherrmann) <a href=\"https:\/\/twitter.com\/antrehherrmann\/status\/1417479742601764869?ref_src=twsrc%5Etfw\">July 20, 2021<\/a><\/p><\/blockquote>\n<p><script async src=\"https:\/\/platform.twitter.com\/widgets.js\" charset=\"utf-8\"><\/script><\/div>\n<p>&nbsp;<\/p>\n<p><strong>Rapbattle und Boxk\u00e4mpfe mit ihm wird es wohl leider eher nicht geben. Daf\u00fcr aber auch keine Konzerte. Immerhin.<\/strong><\/p>\n<p>https:\/\/twitter.com\/MrFootball1983\/status\/1417419294384836608?s=20<\/p>\n<p>&nbsp;<\/p>\n<p>&nbsp;<\/p>\n<p><strong>Was wohl Laura zu dem ganzen Schlamassel sagt?<\/strong><\/p>\n<div class=\"dbsm-oembed\">\n<blockquote class=\"twitter-tweet\" data-width=\"500\" data-dnt=\"true\">\n<p lang=\"de\" dir=\"ltr\">\u201eSchaaatz, was ist daaaas?\u201c<\/p>\n<p>\u201eWas ist das, Schatz?\u201c<\/p>\n<p>\u201eEin Haftbefehl, Schaaatz baby ich liiiebe diiiiiich\u201c <a href=\"https:\/\/twitter.com\/hashtag\/Wendler?src=hash&amp;ref_src=twsrc%5Etfw\">#Wendler<\/a><\/p>\n<p>&mdash; Valentina Laetitia (@valentinalaeti) <a href=\"https:\/\/twitter.com\/valentinalaeti\/status\/1417458290901065730?ref_src=twsrc%5Etfw\">July 20, 2021<\/a><\/p><\/blockquote>\n<p><script async src=\"https:\/\/platform.twitter.com\/widgets.js\" charset=\"utf-8\"><\/script><\/div>\n<p>&nbsp;<\/p>\n<p><strong>Vielleicht schmollt sie auch nur.<\/strong><\/p>\n<div class=\"dbsm-oembed\">\n<blockquote class=\"twitter-tweet\" data-width=\"500\" data-dnt=\"true\">\n<p lang=\"de\" dir=\"ltr\">Wenn Papa bald in Knast muss   <a href=\"https:\/\/twitter.com\/hashtag\/Wendler?src=hash&amp;ref_src=twsrc%5Etfw\">#Wendler<\/a> <a href=\"https:\/\/t.co\/1rUiQkH65C\">pic.twitter.com\/1rUiQkH65C<\/a><\/p>\n<p>&mdash; Thomas (@Thomas__2290) <a href=\"https:\/\/twitter.com\/Thomas__2290\/status\/1417444772835438593?ref_src=twsrc%5Etfw\">July 20, 2021<\/a><\/p><\/blockquote>\n<p><script async src=\"https:\/\/platform.twitter.com\/widgets.js\" charset=\"utf-8\"><\/script><\/div>\n<p>&nbsp;<\/p>\n<p><a href=\"mailto:dion@thebest.social\"><img loading=\"lazy\" decoding=\"async\" class=\"alignnone size-large wp-image-144565\" src=\"https:\/\/www.thebestsocial.media\/de\/wp-content\/uploads\/sites\/3\/2021\/04\/Studio-Promo-Banner-1024x538.png\" alt=\"\" width=\"1024\" height=\"538\" srcset=\"https:\/\/www.thebestsocial.media\/de\/wp-content\/uploads\/sites\/3\/2021\/04\/Studio-Promo-Banner-1024x538.png 1024w, https:\/\/www.thebestsocial.media\/de\/wp-content\/uploads\/sites\/3\/2021\/04\/Studio-Promo-Banner-300x158.png 300w, https:\/\/www.thebestsocial.media\/de\/wp-content\/uploads\/sites\/3\/2021\/04\/Studio-Promo-Banner-768x403.png 768w, https:\/\/www.thebestsocial.media\/de\/wp-content\/uploads\/sites\/3\/2021\/04\/Studio-Promo-Banner.png 1200w\" sizes=\"auto, (max-width: 1024px) 100vw, 1024px\" \/><\/a><br \/>\n\u2014<br \/>\nVielen Dank an alle f\u00fcr die Posts.<br \/>\n\u2014<br \/>\n<strong>Keine Influencer! Kein Foodporn! Nur ganz viel Spa\u00df \u2013 bei uns auf Instagram:<\/strong><\/p>\n<blockquote class=\"instagram-media\" style=\"background: #FFF; border: 0; border-radius: 3px; box-shadow: 0 0 1px 0 rgba(0,0,0,0.5),0 1px 10px 0 rgba(0,0,0,0.15); margin: 1px; max-width: 540px; min-width: 326px; padding: 0; width: calc(100% - 2px);\" data-instgrm-captioned=\"\" data-instgrm-permalink=\"https:\/\/www.instagram.com\/p\/CRljtl1F2hT\/?utm_source=ig_embed&amp;utm_campaign=loading\" data-instgrm-version=\"13\">\n<div style=\"padding: 16px;\">\n<p>&nbsp;<\/p>\n<div style=\"display: flex; flex-direction: row; align-items: center;\">\n<div style=\"background-color: #f4f4f4; border-radius: 50%; flex-grow: 0; height: 40px; margin-right: 14px; width: 40px;\"><\/div>\n<div style=\"display: flex; flex-direction: column; flex-grow: 1; justify-content: center;\">\n<div style=\"background-color: #f4f4f4; border-radius: 4px; flex-grow: 0; height: 14px; margin-bottom: 6px; width: 100px;\"><\/div>\n<div style=\"background-color: #f4f4f4; border-radius: 4px; flex-grow: 0; height: 14px; width: 60px;\"><\/div>\n<\/div>\n<\/div>\n<div style=\"padding: 19% 0;\"><\/div>\n<div style=\"display: block; height: 50px; margin: 0 auto 12px; width: 50px;\"><\/div>\n<div style=\"padding-top: 8px;\">\n<div style=\"color: #3897f0; font-family: Arial,sans-serif; font-size: 14px; font-style: normal; font-weight: 550; line-height: 18px;\">Sieh dir diesen Beitrag auf Instagram an<\/div>\n<\/div>\n<div style=\"padding: 12.5% 0;\"><\/div>\n<div style=\"display: flex; flex-direction: row; margin-bottom: 14px; align-items: center;\">\n<div>\n<div style=\"background-color: #f4f4f4; border-radius: 50%; height: 12.5px; width: 12.5px; transform: translateX(0px) translateY(7px);\"><\/div>\n<div style=\"background-color: #f4f4f4; height: 12.5px; transform: rotate(-45deg) translateX(3px) translateY(1px); width: 12.5px; flex-grow: 0; margin-right: 14px; margin-left: 2px;\"><\/div>\n<div style=\"background-color: #f4f4f4; border-radius: 50%; height: 12.5px; width: 12.5px; transform: translateX(9px) translateY(-18px);\"><\/div>\n<\/div>\n<div style=\"margin-left: 8px;\">\n<div style=\"background-color: #f4f4f4; border-radius: 50%; flex-grow: 0; height: 20px; width: 20px;\"><\/div>\n<div style=\"width: 0; height: 0; border-top: 2px solid transparent; border-left: 6px solid #f4f4f4; border-bottom: 2px solid transparent; transform: translateX(16px) translateY(-4px) rotate(30deg);\"><\/div>\n<\/div>\n<div style=\"margin-left: auto;\">\n<div style=\"width: 0px; border-top: 8px solid #F4F4F4; border-right: 8px solid transparent; transform: translateY(16px);\"><\/div>\n<div style=\"background-color: #f4f4f4; flex-grow: 0; height: 12px; width: 16px; transform: translateY(-4px);\"><\/div>\n<div style=\"width: 0; height: 0; border-top: 8px solid #F4F4F4; border-left: 8px solid transparent; transform: translateY(-4px) translateX(8px);\"><\/div>\n<\/div>\n<\/div>\n<div style=\"display: flex; flex-direction: column; flex-grow: 1; justify-content: center; margin-bottom: 24px;\">\n<div style=\"background-color: #f4f4f4; border-radius: 4px; flex-grow: 0; height: 14px; margin-bottom: 6px; width: 224px;\"><\/div>\n<div style=\"background-color: #f4f4f4; border-radius: 4px; flex-grow: 0; height: 14px; width: 144px;\"><\/div>\n<\/div>\n<p>&nbsp;<\/p>\n<p style=\"color: #c9c8cd; font-family: Arial,sans-serif; font-size: 14px; line-height: 17px; margin-bottom: 0; margin-top: 8px; overflow: hidden; padding: 8px 0 7px; text-align: center; text-overflow: ellipsis; white-space: nowrap;\"><a style=\"color: #c9c8cd; font-family: Arial,sans-serif; font-size: 14px; font-style: normal; font-weight: normal; line-height: 17px; text-decoration: none;\" href=\"https:\/\/www.instagram.com\/p\/CRljtl1F2hT\/?utm_source=ig_embed&amp;utm_campaign=loading\" target=\"_blank\" rel=\"noopener\">Ein Beitrag geteilt von The Best Social Media &#8211; DE (@thebestsocialmediade)<\/a><\/p>\n<\/div>\n<\/blockquote>\n\n<script async defer src=\"\/instagram-embed.js\"><\/script>","protected":false},"excerpt":{"rendered":"<p>In der letzten Zeit war es um Michael &#8222;Schatziii&#8220; Wendler angenehm ruhig. Keine &#8222;s\u00fc\u00dfen&#8220; P\u00e4rchenvideos mit Laura, kein Good morning in se morning aus Sau\u00dfwestflorida&#8230;<\/p>\n","protected":false},"author":73,"featured_media":147891,"comment_status":"open","ping_status":"open","sticky":false,"template":"","format":"standard","meta":{"_acf_changed":false,"footnotes":""},"categories":[460,35,2404],"tags":[2479],"class_list":["post-147853","post","type-post","status-publish","format-standard","has-post-thumbnail","hentry","category-fail","category-twitter","category-wtf","tag-michael-wendler"],"acf":[],"yoast_head":"<!-- This site is optimized with the Yoast SEO plugin v27.5 - https:\/\/yoast.com\/product\/yoast-seo-wordpress\/ -->\n<title>(ILL)EGAL - Wendler in Deutschland mit Haftbefehl gesucht<\/title>\n<meta name=\"robots\" content=\"index, follow, max-snippet:-1, max-image-preview:large, max-video-preview:-1\" \/>\n<link rel=\"canonical\" href=\"https:\/\/www.thebestsocial.media\/de\/illegal-der-wendler-wird-in-deutschland-per-haftbefehl-gesucht-und-das-mitleid-haelt-sich-in-grenzen\/\" \/>\n<meta property=\"og:locale\" content=\"de_DE\" \/>\n<meta property=\"og:type\" content=\"article\" \/>\n<meta property=\"og:title\" content=\"Der Wendler wird in Deutschland per Haftbefehl gesucht und das Mitleid h\u00e4lt sich in Grenzen\" \/>\n<meta property=\"og:description\" content=\"In der letzten Zeit war es um Michael &#8222;Schatziii&#8220; Wendler angenehm ruhig. Keine &#8222;s\u00fc\u00dfen&#8220; P\u00e4rchenvideos mit Laura, kein Good morning in se morning aus Sau\u00dfwestflorida...\" \/>\n<meta property=\"og:url\" content=\"https:\/\/www.thebestsocial.media\/de\/illegal-der-wendler-wird-in-deutschland-per-haftbefehl-gesucht-und-das-mitleid-haelt-sich-in-grenzen\/\" \/>\n<meta property=\"og:site_name\" content=\"The Best Social Media DE\" \/>\n<meta property=\"article:published_time\" content=\"2021-07-21T12:07:30+00:00\" \/>\n<meta property=\"og:image\" content=\"https:\/\/www.thebestsocial.media\/de\/wp-content\/uploads\/sites\/3\/2021\/07\/header-wendlerrr.png\" \/>\n\t<meta property=\"og:image:width\" content=\"1200\" \/>\n\t<meta property=\"og:image:height\" content=\"630\" \/>\n\t<meta property=\"og:image:type\" content=\"image\/png\" \/>\n<meta name=\"author\" content=\"Helene Mei\u00dfner\" \/>\n<meta name=\"twitter:card\" content=\"summary_large_image\" \/>\n<meta name=\"twitter:label1\" content=\"Verfasst von\" \/>\n\t<meta name=\"twitter:data1\" content=\"Helene Mei\u00dfner\" \/>\n\t<meta name=\"twitter:label2\" content=\"Gesch\u00e4tzte Lesezeit\" \/>\n\t<meta name=\"twitter:data2\" content=\"1\u00a0Minute\" \/>\n<script type=\"application\/ld+json\" class=\"yoast-schema-graph\">{\"@context\":\"https:\\\/\\\/schema.org\",\"@graph\":[{\"@type\":\"Article\",\"@id\":\"https:\\\/\\\/www.thebestsocial.media\\\/de\\\/illegal-der-wendler-wird-in-deutschland-per-haftbefehl-gesucht-und-das-mitleid-haelt-sich-in-grenzen\\\/#article\",\"isPartOf\":{\"@id\":\"https:\\\/\\\/www.thebestsocial.media\\\/de\\\/illegal-der-wendler-wird-in-deutschland-per-haftbefehl-gesucht-und-das-mitleid-haelt-sich-in-grenzen\\\/\"},\"author\":{\"name\":\"Helene Mei\u00dfner\",\"@id\":\"https:\\\/\\\/www.thebestsocial.media\\\/de\\\/#\\\/schema\\\/person\\\/6267acc046505b90b912687a039220df\"},\"headline\":\"(ILL)EGAL &#8211; Der Wendler wird in Deutschland per Haftbefehl gesucht und das Mitleid h\u00e4lt sich in Grenzen\",\"datePublished\":\"2021-07-21T12:07:30+00:00\",\"mainEntityOfPage\":{\"@id\":\"https:\\\/\\\/www.thebestsocial.media\\\/de\\\/illegal-der-wendler-wird-in-deutschland-per-haftbefehl-gesucht-und-das-mitleid-haelt-sich-in-grenzen\\\/\"},\"wordCount\":264,\"commentCount\":0,\"image\":{\"@id\":\"https:\\\/\\\/www.thebestsocial.media\\\/de\\\/illegal-der-wendler-wird-in-deutschland-per-haftbefehl-gesucht-und-das-mitleid-haelt-sich-in-grenzen\\\/#primaryimage\"},\"thumbnailUrl\":\"https:\\\/\\\/www.thebestsocial.media\\\/de\\\/wp-content\\\/uploads\\\/sites\\\/3\\\/2021\\\/07\\\/hammer-1281735_1920.jpg\",\"keywords\":[\"Michael Wendler\"],\"articleSection\":[\"Fail\",\"Twitter\",\"WTF\"],\"inLanguage\":\"de\",\"potentialAction\":[{\"@type\":\"CommentAction\",\"name\":\"Comment\",\"target\":[\"https:\\\/\\\/www.thebestsocial.media\\\/de\\\/illegal-der-wendler-wird-in-deutschland-per-haftbefehl-gesucht-und-das-mitleid-haelt-sich-in-grenzen\\\/#respond\"]}]},{\"@type\":\"WebPage\",\"@id\":\"https:\\\/\\\/www.thebestsocial.media\\\/de\\\/illegal-der-wendler-wird-in-deutschland-per-haftbefehl-gesucht-und-das-mitleid-haelt-sich-in-grenzen\\\/\",\"url\":\"https:\\\/\\\/www.thebestsocial.media\\\/de\\\/illegal-der-wendler-wird-in-deutschland-per-haftbefehl-gesucht-und-das-mitleid-haelt-sich-in-grenzen\\\/\",\"name\":\"(ILL)EGAL - Wendler in Deutschland mit Haftbefehl gesucht\",\"isPartOf\":{\"@id\":\"https:\\\/\\\/www.thebestsocial.media\\\/de\\\/#website\"},\"primaryImageOfPage\":{\"@id\":\"https:\\\/\\\/www.thebestsocial.media\\\/de\\\/illegal-der-wendler-wird-in-deutschland-per-haftbefehl-gesucht-und-das-mitleid-haelt-sich-in-grenzen\\\/#primaryimage\"},\"image\":{\"@id\":\"https:\\\/\\\/www.thebestsocial.media\\\/de\\\/illegal-der-wendler-wird-in-deutschland-per-haftbefehl-gesucht-und-das-mitleid-haelt-sich-in-grenzen\\\/#primaryimage\"},\"thumbnailUrl\":\"https:\\\/\\\/www.thebestsocial.media\\\/de\\\/wp-content\\\/uploads\\\/sites\\\/3\\\/2021\\\/07\\\/hammer-1281735_1920.jpg\",\"datePublished\":\"2021-07-21T12:07:30+00:00\",\"author\":{\"@id\":\"https:\\\/\\\/www.thebestsocial.media\\\/de\\\/#\\\/schema\\\/person\\\/6267acc046505b90b912687a039220df\"},\"breadcrumb\":{\"@id\":\"https:\\\/\\\/www.thebestsocial.media\\\/de\\\/illegal-der-wendler-wird-in-deutschland-per-haftbefehl-gesucht-und-das-mitleid-haelt-sich-in-grenzen\\\/#breadcrumb\"},\"inLanguage\":\"de\",\"potentialAction\":[{\"@type\":\"ReadAction\",\"target\":[\"https:\\\/\\\/www.thebestsocial.media\\\/de\\\/illegal-der-wendler-wird-in-deutschland-per-haftbefehl-gesucht-und-das-mitleid-haelt-sich-in-grenzen\\\/\"]}]},{\"@type\":\"ImageObject\",\"inLanguage\":\"de\",\"@id\":\"https:\\\/\\\/www.thebestsocial.media\\\/de\\\/illegal-der-wendler-wird-in-deutschland-per-haftbefehl-gesucht-und-das-mitleid-haelt-sich-in-grenzen\\\/#primaryimage\",\"url\":\"https:\\\/\\\/www.thebestsocial.media\\\/de\\\/wp-content\\\/uploads\\\/sites\\\/3\\\/2021\\\/07\\\/hammer-1281735_1920.jpg\",\"contentUrl\":\"https:\\\/\\\/www.thebestsocial.media\\\/de\\\/wp-content\\\/uploads\\\/sites\\\/3\\\/2021\\\/07\\\/hammer-1281735_1920.jpg\",\"width\":1920,\"height\":1312},{\"@type\":\"BreadcrumbList\",\"@id\":\"https:\\\/\\\/www.thebestsocial.media\\\/de\\\/illegal-der-wendler-wird-in-deutschland-per-haftbefehl-gesucht-und-das-mitleid-haelt-sich-in-grenzen\\\/#breadcrumb\",\"itemListElement\":[{\"@type\":\"ListItem\",\"position\":1,\"name\":\"Home\",\"item\":\"https:\\\/\\\/www.thebestsocial.media\\\/de\\\/\"},{\"@type\":\"ListItem\",\"position\":2,\"name\":\"(ILL)EGAL &#8211; Der Wendler wird in Deutschland per Haftbefehl gesucht und das Mitleid h\u00e4lt sich in Grenzen\"}]},{\"@type\":\"WebSite\",\"@id\":\"https:\\\/\\\/www.thebestsocial.media\\\/de\\\/#website\",\"url\":\"https:\\\/\\\/www.thebestsocial.media\\\/de\\\/\",\"name\":\"The Best Social Media DE\",\"description\":\"\",\"potentialAction\":[{\"@type\":\"SearchAction\",\"target\":{\"@type\":\"EntryPoint\",\"urlTemplate\":\"https:\\\/\\\/www.thebestsocial.media\\\/de\\\/?s={search_term_string}\"},\"query-input\":{\"@type\":\"PropertyValueSpecification\",\"valueRequired\":true,\"valueName\":\"search_term_string\"}}],\"inLanguage\":\"de\"},{\"@type\":\"Person\",\"@id\":\"https:\\\/\\\/www.thebestsocial.media\\\/de\\\/#\\\/schema\\\/person\\\/6267acc046505b90b912687a039220df\",\"name\":\"Helene Mei\u00dfner\",\"image\":{\"@type\":\"ImageObject\",\"inLanguage\":\"de\",\"@id\":\"https:\\\/\\\/secure.gravatar.com\\\/avatar\\\/6639fc0397860ac2c2e11b018c1f14be4a46c2378a91ac1b35730b724675daa8?s=96&d=mm&r=g\",\"url\":\"https:\\\/\\\/secure.gravatar.com\\\/avatar\\\/6639fc0397860ac2c2e11b018c1f14be4a46c2378a91ac1b35730b724675daa8?s=96&d=mm&r=g\",\"contentUrl\":\"https:\\\/\\\/secure.gravatar.com\\\/avatar\\\/6639fc0397860ac2c2e11b018c1f14be4a46c2378a91ac1b35730b724675daa8?s=96&d=mm&r=g\",\"caption\":\"Helene Mei\u00dfner\"},\"description\":\"Kommt aus Berlin und hat dementsprechend nat\u00fcrlich irgendwas mit Medien studiert. Verlegt oft Dinge, w\u00e4hrend sie sie in der Hand h\u00e4lt. Findet Kauger\u00e4usche unausstehlich. Hat eine Schw\u00e4che f\u00fcr Glitzer und immer mindestens 50 Tabs offen.\",\"sameAs\":[\"https:\\\/\\\/www.instagram.com\\\/he.leni\\\/\"],\"url\":\"https:\\\/\\\/www.thebestsocial.media\\\/de\\\/author\\\/helenemeissner\\\/\"}]}<\/script>\n<!-- \/ Yoast SEO plugin. -->","yoast_head_json":{"title":"(ILL)EGAL - Wendler in Deutschland mit Haftbefehl gesucht","robots":{"index":"index","follow":"follow","max-snippet":"max-snippet:-1","max-image-preview":"max-image-preview:large","max-video-preview":"max-video-preview:-1"},"canonical":"https:\/\/www.thebestsocial.media\/de\/illegal-der-wendler-wird-in-deutschland-per-haftbefehl-gesucht-und-das-mitleid-haelt-sich-in-grenzen\/","og_locale":"de_DE","og_type":"article","og_title":"Der Wendler wird in Deutschland per Haftbefehl gesucht und das Mitleid h\u00e4lt sich in Grenzen","og_description":"In der letzten Zeit war es um Michael &#8222;Schatziii&#8220; Wendler angenehm ruhig. Keine &#8222;s\u00fc\u00dfen&#8220; P\u00e4rchenvideos mit Laura, kein Good morning in se morning aus Sau\u00dfwestflorida...","og_url":"https:\/\/www.thebestsocial.media\/de\/illegal-der-wendler-wird-in-deutschland-per-haftbefehl-gesucht-und-das-mitleid-haelt-sich-in-grenzen\/","og_site_name":"The Best Social Media DE","article_published_time":"2021-07-21T12:07:30+00:00","og_image":[{"width":1200,"height":630,"url":"https:\/\/www.thebestsocial.media\/de\/wp-content\/uploads\/sites\/3\/2021\/07\/header-wendlerrr.png","type":"image\/png"}],"author":"Helene Mei\u00dfner","twitter_card":"summary_large_image","twitter_misc":{"Verfasst von":"Helene Mei\u00dfner","Gesch\u00e4tzte Lesezeit":"1\u00a0Minute"},"schema":{"@context":"https:\/\/schema.org","@graph":[{"@type":"Article","@id":"https:\/\/www.thebestsocial.media\/de\/illegal-der-wendler-wird-in-deutschland-per-haftbefehl-gesucht-und-das-mitleid-haelt-sich-in-grenzen\/#article","isPartOf":{"@id":"https:\/\/www.thebestsocial.media\/de\/illegal-der-wendler-wird-in-deutschland-per-haftbefehl-gesucht-und-das-mitleid-haelt-sich-in-grenzen\/"},"author":{"name":"Helene Mei\u00dfner","@id":"https:\/\/www.thebestsocial.media\/de\/#\/schema\/person\/6267acc046505b90b912687a039220df"},"headline":"(ILL)EGAL &#8211; Der Wendler wird in Deutschland per Haftbefehl gesucht und das Mitleid h\u00e4lt sich in Grenzen","datePublished":"2021-07-21T12:07:30+00:00","mainEntityOfPage":{"@id":"https:\/\/www.thebestsocial.media\/de\/illegal-der-wendler-wird-in-deutschland-per-haftbefehl-gesucht-und-das-mitleid-haelt-sich-in-grenzen\/"},"wordCount":264,"commentCount":0,"image":{"@id":"https:\/\/www.thebestsocial.media\/de\/illegal-der-wendler-wird-in-deutschland-per-haftbefehl-gesucht-und-das-mitleid-haelt-sich-in-grenzen\/#primaryimage"},"thumbnailUrl":"https:\/\/www.thebestsocial.media\/de\/wp-content\/uploads\/sites\/3\/2021\/07\/hammer-1281735_1920.jpg","keywords":["Michael Wendler"],"articleSection":["Fail","Twitter","WTF"],"inLanguage":"de","potentialAction":[{"@type":"CommentAction","name":"Comment","target":["https:\/\/www.thebestsocial.media\/de\/illegal-der-wendler-wird-in-deutschland-per-haftbefehl-gesucht-und-das-mitleid-haelt-sich-in-grenzen\/#respond"]}]},{"@type":"WebPage","@id":"https:\/\/www.thebestsocial.media\/de\/illegal-der-wendler-wird-in-deutschland-per-haftbefehl-gesucht-und-das-mitleid-haelt-sich-in-grenzen\/","url":"https:\/\/www.thebestsocial.media\/de\/illegal-der-wendler-wird-in-deutschland-per-haftbefehl-gesucht-und-das-mitleid-haelt-sich-in-grenzen\/","name":"(ILL)EGAL - Wendler in Deutschland mit Haftbefehl gesucht","isPartOf":{"@id":"https:\/\/www.thebestsocial.media\/de\/#website"},"primaryImageOfPage":{"@id":"https:\/\/www.thebestsocial.media\/de\/illegal-der-wendler-wird-in-deutschland-per-haftbefehl-gesucht-und-das-mitleid-haelt-sich-in-grenzen\/#primaryimage"},"image":{"@id":"https:\/\/www.thebestsocial.media\/de\/illegal-der-wendler-wird-in-deutschland-per-haftbefehl-gesucht-und-das-mitleid-haelt-sich-in-grenzen\/#primaryimage"},"thumbnailUrl":"https:\/\/www.thebestsocial.media\/de\/wp-content\/uploads\/sites\/3\/2021\/07\/hammer-1281735_1920.jpg","datePublished":"2021-07-21T12:07:30+00:00","author":{"@id":"https:\/\/www.thebestsocial.media\/de\/#\/schema\/person\/6267acc046505b90b912687a039220df"},"breadcrumb":{"@id":"https:\/\/www.thebestsocial.media\/de\/illegal-der-wendler-wird-in-deutschland-per-haftbefehl-gesucht-und-das-mitleid-haelt-sich-in-grenzen\/#breadcrumb"},"inLanguage":"de","potentialAction":[{"@type":"ReadAction","target":["https:\/\/www.thebestsocial.media\/de\/illegal-der-wendler-wird-in-deutschland-per-haftbefehl-gesucht-und-das-mitleid-haelt-sich-in-grenzen\/"]}]},{"@type":"ImageObject","inLanguage":"de","@id":"https:\/\/www.thebestsocial.media\/de\/illegal-der-wendler-wird-in-deutschland-per-haftbefehl-gesucht-und-das-mitleid-haelt-sich-in-grenzen\/#primaryimage","url":"https:\/\/www.thebestsocial.media\/de\/wp-content\/uploads\/sites\/3\/2021\/07\/hammer-1281735_1920.jpg","contentUrl":"https:\/\/www.thebestsocial.media\/de\/wp-content\/uploads\/sites\/3\/2021\/07\/hammer-1281735_1920.jpg","width":1920,"height":1312},{"@type":"BreadcrumbList","@id":"https:\/\/www.thebestsocial.media\/de\/illegal-der-wendler-wird-in-deutschland-per-haftbefehl-gesucht-und-das-mitleid-haelt-sich-in-grenzen\/#breadcrumb","itemListElement":[{"@type":"ListItem","position":1,"name":"Home","item":"https:\/\/www.thebestsocial.media\/de\/"},{"@type":"ListItem","position":2,"name":"(ILL)EGAL &#8211; Der Wendler wird in Deutschland per Haftbefehl gesucht und das Mitleid h\u00e4lt sich in Grenzen"}]},{"@type":"WebSite","@id":"https:\/\/www.thebestsocial.media\/de\/#website","url":"https:\/\/www.thebestsocial.media\/de\/","name":"The Best Social Media DE","description":"","potentialAction":[{"@type":"SearchAction","target":{"@type":"EntryPoint","urlTemplate":"https:\/\/www.thebestsocial.media\/de\/?s={search_term_string}"},"query-input":{"@type":"PropertyValueSpecification","valueRequired":true,"valueName":"search_term_string"}}],"inLanguage":"de"},{"@type":"Person","@id":"https:\/\/www.thebestsocial.media\/de\/#\/schema\/person\/6267acc046505b90b912687a039220df","name":"Helene Mei\u00dfner","image":{"@type":"ImageObject","inLanguage":"de","@id":"https:\/\/secure.gravatar.com\/avatar\/6639fc0397860ac2c2e11b018c1f14be4a46c2378a91ac1b35730b724675daa8?s=96&d=mm&r=g","url":"https:\/\/secure.gravatar.com\/avatar\/6639fc0397860ac2c2e11b018c1f14be4a46c2378a91ac1b35730b724675daa8?s=96&d=mm&r=g","contentUrl":"https:\/\/secure.gravatar.com\/avatar\/6639fc0397860ac2c2e11b018c1f14be4a46c2378a91ac1b35730b724675daa8?s=96&d=mm&r=g","caption":"Helene Mei\u00dfner"},"description":"Kommt aus Berlin und hat dementsprechend nat\u00fcrlich irgendwas mit Medien studiert. Verlegt oft Dinge, w\u00e4hrend sie sie in der Hand h\u00e4lt. Findet Kauger\u00e4usche unausstehlich. Hat eine Schw\u00e4che f\u00fcr Glitzer und immer mindestens 50 Tabs offen.","sameAs":["https:\/\/www.instagram.com\/he.leni\/"],"url":"https:\/\/www.thebestsocial.media\/de\/author\/helenemeissner\/"}]}},"amp_enabled":true,"_links":{"self":[{"href":"https:\/\/www.thebestsocial.media\/de\/wp-json\/wp\/v2\/posts\/147853","targetHints":{"allow":["GET"]}}],"collection":[{"href":"https:\/\/www.thebestsocial.media\/de\/wp-json\/wp\/v2\/posts"}],"about":[{"href":"https:\/\/www.thebestsocial.media\/de\/wp-json\/wp\/v2\/types\/post"}],"author":[{"embeddable":true,"href":"https:\/\/www.thebestsocial.media\/de\/wp-json\/wp\/v2\/users\/73"}],"replies":[{"embeddable":true,"href":"https:\/\/www.thebestsocial.media\/de\/wp-json\/wp\/v2\/comments?post=147853"}],"version-history":[{"count":10,"href":"https:\/\/www.thebestsocial.media\/de\/wp-json\/wp\/v2\/posts\/147853\/revisions"}],"predecessor-version":[{"id":147892,"href":"https:\/\/www.thebestsocial.media\/de\/wp-json\/wp\/v2\/posts\/147853\/revisions\/147892"}],"wp:featuredmedia":[{"embeddable":true,"href":"https:\/\/www.thebestsocial.media\/de\/wp-json\/wp\/v2\/media\/147891"}],"wp:attachment":[{"href":"https:\/\/www.thebestsocial.media\/de\/wp-json\/wp\/v2\/media?parent=147853"}],"wp:term":[{"taxonomy":"category","embeddable":true,"href":"https:\/\/www.thebestsocial.media\/de\/wp-json\/wp\/v2\/categories?post=147853"},{"taxonomy":"post_tag","embeddable":true,"href":"https:\/\/www.thebestsocial.media\/de\/wp-json\/wp\/v2\/tags?post=147853"}],"curies":[{"name":"wp","href":"https:\/\/api.w.org\/{rel}","templated":true}]}}