{"id":147754,"date":"2021-07-19T11:59:11","date_gmt":"2021-07-19T11:59:11","guid":{"rendered":"https:\/\/www.thebestsocial.media\/de\/?p=147754"},"modified":"2021-07-19T12:14:10","modified_gmt":"2021-07-19T12:14:10","slug":"monumentales-systemversagen","status":"publish","type":"post","link":"https:\/\/www.thebestsocial.media\/de\/monumentales-systemversagen\/","title":{"rendered":"Warnungen ignoriert: User schildern &#8222;monumentales Systemversagen&#8220; w\u00e4hrend Flut"},"content":{"rendered":"<p>Nachdem sich Bundeskanzlerin Angela Merkel am gestrigen Sonntag <a href=\"https:\/\/www.thebestsocial.media\/de\/laschet-merkel-flut\/\" rel=\"noopener\" target=\"_blank\">ein Bild von der Lage<\/a> in den betroffenen Hochwassergebieten gemacht hatte, nannte sie die Situation &#8222;surreal&#8220; und &#8222;gespenstisch&#8220;. &#8222;Die deutsche Sprache kennt kaum Worte f\u00fcr die Verw\u00fcstung, die angerichtet ist&#8220;, sagte sie. Dass Wut, Trauer und Best\u00fcrzung vorherrschen und die Priorit\u00e4ten auf den Aufr\u00e4umarbeiten und der Suche nach Vermissten liegt, steht au\u00dfer Zweifel. Gleichzeitig darf und muss man aber auch die Frage nach Verantwortung und den Lehren daraus stellen. Nicht wenige sehen diesbez\u00fcglich klare politisches Verfehlungen und sprechen von einem &#8222;monumentalen Systemversagen&#8220;.<\/p>\n<p>&nbsp;<br \/>\n<strong>Weil es bisher eher wenig thematisiert wurde, macht Twitter-User @deichgenosse darauf aufmerksam, dass das europ\u00e4ische Hochwasserwarnsystem EFAS bereits Tage zuvor Warnungen aussprach.<\/strong><\/p>\n<div class=\"dbsm-oembed\">\n<blockquote class=\"twitter-tweet\" data-width=\"500\" data-dnt=\"true\">\n<p lang=\"de\" dir=\"ltr\">Wirklich lustig ist, dass sich in der deutschen Presse recht wenig \u00fcber folgende kleine, aber im aktuellen Kontext nicht ganz unbemerkenswerte Randnotiz findet:<\/p>\n<p>&mdash; \ud83d\udc89\ud83d\udc89\ud83d\udc89 Ich, der Fr\u00fchling. (@deichgenosse) <a href=\"https:\/\/twitter.com\/deichgenosse\/status\/1416869255434358792?ref_src=twsrc%5Etfw\">July 18, 2021<\/a><\/p><\/blockquote>\n<p><script async src=\"https:\/\/platform.twitter.com\/widgets.js\" charset=\"utf-8\"><\/script><\/div>\n<blockquote class=\"twitter-tweet\" data-conversation=\"none\">\n<p lang=\"de\" dir=\"ltr\">Das europ\u00e4ische Hochwasserwarnsystem &quot;Efas&quot; hat die Beh\u00f6rden in NRW bereits SIEBEN TAGE vor der Flutkatastrophe erstmals vor einer wahrscheinlichen Flut gewarnt. Und die Warnungen T\u00c4GLICH pr\u00e4zisiert.<\/p>\n<p>24 Stunden vor der Katastrophe mit einer Trefferquote von ca. 90 Prozent.<\/p>\n<p>&mdash; Ich, der Fr\u00fchling. (@deichgenosse) <a href=\"https:\/\/twitter.com\/deichgenosse\/status\/1416869256759848963?ref_src=twsrc%5Etfw\">July 18, 2021<\/a><\/p><\/blockquote>\n<p> <script async src=\"https:\/\/platform.twitter.com\/widgets.js\" charset=\"utf-8\"><\/script><\/p>\n<p>&nbsp;<br \/>\n<strong>Diese wurden offensichtlich nicht ernst genommen, da im Vorfeld keinerlei Pr\u00e4ventionsma\u00dfnahmen ergriffen wurden.<\/strong><\/p>\n<blockquote class=\"twitter-tweet\" data-conversation=\"none\">\n<p lang=\"de\" dir=\"ltr\">Statt IRGENDWELCHE Ma\u00dfnahmen zu ergreifen, ist der Ministerpr\u00e4sident von NRW nach Baden-W\u00fcrttemberg gereist. Wahlkampftermine.<\/p>\n<p>&mdash; Ich, der Fr\u00fchling. (@deichgenosse) <a href=\"https:\/\/twitter.com\/deichgenosse\/status\/1416869258273955841?ref_src=twsrc%5Etfw\">July 18, 2021<\/a><\/p><\/blockquote>\n<p> <script async src=\"https:\/\/platform.twitter.com\/widgets.js\" charset=\"utf-8\"><\/script><\/p>\n<blockquote class=\"twitter-tweet\" data-conversation=\"none\">\n<p lang=\"de\" dir=\"ltr\">Der zust\u00e4ndige Innenminster hat, w\u00e4hrend die ersten Landkreise Katastrophenalarm ausgel\u00f6st haben, die ersten D\u00e4mme brachen und die Menschen zu Dutzenden ersoffen sind, von &quot;Einzelereignissen&quot; gefaselt.<br \/>Obwohl ihm die Warnungen zur Kenntnis gegeben wurden. Eine. Woche. Im. Voraus.<\/p>\n<p>&mdash; Ich, der Fr\u00fchling. (@deichgenosse) <a href=\"https:\/\/twitter.com\/deichgenosse\/status\/1416869259402227718?ref_src=twsrc%5Etfw\">July 18, 2021<\/a><\/p><\/blockquote>\n<p> <script async src=\"https:\/\/platform.twitter.com\/widgets.js\" charset=\"utf-8\"><\/script><\/p>\n<p>&nbsp;<br \/>\n<strong>Die britische Sunday Times berichtete gestern dar\u00fcber. <a href=\"https:\/\/www.thetimes.co.uk\/article\/germany-knew-the-floods-were-coming-but-the-warnings-didnt-work-cn99wjxzs\" rel=\"noopener\" target=\"_blank\">Laut Artikel<\/a> sagten die Experten eine &#8222;extreme Flut&#8220; entlang der Fl\u00fc\u00dfe Erft und Ahr voraus und sprechen nun von einem &#8222;monumentalen Systemversagen&#8220;. <\/strong><\/p>\n<blockquote class=\"twitter-tweet\" data-conversation=\"none\">\n<p lang=\"de\" dir=\"ltr\">Glauben Sie nicht, hm. So was kann doch nicht einfach so durchgehen. So jemand m\u00fcsste doch zur\u00fccktreten. Oder zumindest so etwas wie Scham empfinden, statt feixend herumzualbern, wenn der Bundespr\u00e4sident kondoliert.<\/p>\n<p>Ich finde es ja auch ein bisschen unglaublich.<\/p>\n<p>&mdash; Ich, der Fr\u00fchling. (@deichgenosse) <a href=\"https:\/\/twitter.com\/deichgenosse\/status\/1416869260631187457?ref_src=twsrc%5Etfw\">July 18, 2021<\/a><\/p><\/blockquote>\n<p> <script async src=\"https:\/\/platform.twitter.com\/widgets.js\" charset=\"utf-8\"><\/script><\/p>\n<blockquote class=\"twitter-tweet\" data-conversation=\"none\">\n<p lang=\"de\" dir=\"ltr\">Aber glauben Sie es halt nicht mir. Glauben Sie es meinetwegen der fucking &quot;Times&quot;.<a href=\"https:\/\/t.co\/EJvYCrJMw1\">https:\/\/t.co\/EJvYCrJMw1<\/a><\/p>\n<p>&mdash; Ich, der Fr\u00fchling. (@deichgenosse) <a href=\"https:\/\/twitter.com\/deichgenosse\/status\/1416869261876805635?ref_src=twsrc%5Etfw\">July 18, 2021<\/a><\/p><\/blockquote>\n<p> <script async src=\"https:\/\/platform.twitter.com\/widgets.js\" charset=\"utf-8\"><\/script><\/p>\n<p>&nbsp;<br \/>\n<strong>User @narkosedoc geht weiter ins Detail.<\/strong><\/p>\n<p>https:\/\/twitter.com\/narkosedoc\/status\/1416864861175304193<\/p>\n<blockquote class=\"twitter-tweet\" data-conversation=\"none\">\n<p lang=\"de\" dir=\"ltr\">Am 10.7. (Samstag) ging also eine Hochwasserwarnung der Stufe &quot;Extrem&quot; des EFAS heraus. <br \/>Dies bedeutet nicht &quot;ein bi\u00dfchen mehr Regen&quot; sondern eine Ereignis katastrophalen Ausma\u00df wie man es etwa alle 20 Jahre erwartet. <br \/>Quelle: <a href=\"https:\/\/t.co\/kpRqFvN6eK\">https:\/\/t.co\/kpRqFvN6eK<\/a> <a href=\"https:\/\/t.co\/FUAKxQjaeq\">pic.twitter.com\/FUAKxQjaeq<\/a><\/p>\n<p>&mdash; Intensivdoc (@narkosedoc) <a href=\"https:\/\/twitter.com\/narkosedoc\/status\/1416864869660364806?ref_src=twsrc%5Etfw\">July 18, 2021<\/a><\/p><\/blockquote>\n<p> <script async src=\"https:\/\/platform.twitter.com\/widgets.js\" charset=\"utf-8\"><\/script><\/p>\n<blockquote class=\"twitter-tweet\" data-conversation=\"none\">\n<p lang=\"de\" dir=\"ltr\">Am 12.7. (Montag) zeigte sich, dass die Prognosen real werden. Es gab mehrere Kat-Warnungen auch \u00fcber die NINA-App. Weiterhin keine Reaktion der Landesregierung NRW &#8211; es &quot;schien ja die Sonne&quot;. <br \/>Am 13.7. (Dienstagabend) erfolgte ein Voralarm an die freiwillige Feuerwehr.<\/p>\n<p>&mdash; Intensivdoc (@narkosedoc) <a href=\"https:\/\/twitter.com\/narkosedoc\/status\/1416864872734892034?ref_src=twsrc%5Etfw\">July 18, 2021<\/a><\/p><\/blockquote>\n<p> <script async src=\"https:\/\/platform.twitter.com\/widgets.js\" charset=\"utf-8\"><\/script><\/p>\n<p>&nbsp;<br \/>\n<strong>Die Rettungskr\u00e4fte h\u00e4tten sich darauf vorbereiten k\u00f6nnen.<\/strong><\/p>\n<blockquote class=\"twitter-tweet\" data-conversation=\"none\">\n<p lang=\"de\" dir=\"ltr\">Die Wachen wurden besetzt, man rechnete mit einem erh\u00f6hten Aufkommen von Notrufen. <br \/>In der Nacht auf den 14.7. wurden die ersten Komponenten des Katastrophenschutz aktiviert und nach Hagen entsandt. Sp\u00e4testens jetzt war allen klar &#8211; das ist ein gro\u00dfes Ding.<\/p>\n<p>&mdash; Intensivdoc (@narkosedoc) <a href=\"https:\/\/twitter.com\/narkosedoc\/status\/1416864874777481218?ref_src=twsrc%5Etfw\">July 18, 2021<\/a><\/p><\/blockquote>\n<p> <script async src=\"https:\/\/platform.twitter.com\/widgets.js\" charset=\"utf-8\"><\/script><\/p>\n<blockquote class=\"twitter-tweet\" data-conversation=\"none\">\n<p lang=\"de\" dir=\"ltr\">Der Rettungsdienst und die Hilfsorganisationen begannen sich selbst zu organisieren, rannten jetzt aber schon der Lage hinterher. Und wenn Einsatzkr\u00e4fte eins hassen, dann einer Lage hinterher zu rennen. <br \/>Mit genug Vorbereitungszeit h\u00e4tte man Ortschaften evakuieren&#8230;<\/p>\n<p>&mdash; Intensivdoc (@narkosedoc) <a href=\"https:\/\/twitter.com\/narkosedoc\/status\/1416864876958560270?ref_src=twsrc%5Etfw\">July 18, 2021<\/a><\/p><\/blockquote>\n<p> <script async src=\"https:\/\/platform.twitter.com\/widgets.js\" charset=\"utf-8\"><\/script><\/p>\n<blockquote class=\"twitter-tweet\" data-conversation=\"none\">\n<p lang=\"de\" dir=\"ltr\">&#8230; und provisorisch sichern k\u00f6nnen. <br \/>Statt geordneter Vorbereitungen (planm\u00e4\u00dfige Evakuierung gef\u00e4hrderter Geb\u00e4ude wie Krankenh\u00e4user etc.) entwickelten sich so dramatische Szenen, gef\u00e4hrliche und personal- und materialaufw\u00e4ndige Rettungsma\u00dfnahmen wurden n\u00f6tig.<\/p>\n<p>&mdash; Intensivdoc (@narkosedoc) <a href=\"https:\/\/twitter.com\/narkosedoc\/status\/1416864878955012100?ref_src=twsrc%5Etfw\">July 18, 2021<\/a><\/p><\/blockquote>\n<p> <script async src=\"https:\/\/platform.twitter.com\/widgets.js\" charset=\"utf-8\"><\/script><\/p>\n<p>&nbsp;<br \/>\n<strong>Ein Krisenstab wurde nicht einberufen, weil dieser als &#8222;nicht erforderlich&#8220; erachtet wurde. Die Vorw\u00fcrfe gelten nicht nur f\u00fcr die nordrhein-westf\u00e4lischen Beh\u00f6rden, sondern in \u00e4hnlicher Weise auch f\u00fcr die rheinland-pf\u00e4lzischen<\/strong>.<\/p>\n<blockquote class=\"twitter-tweet\" data-conversation=\"none\">\n<p lang=\"de\" dir=\"ltr\">EFAS erstellt aber nicht nur Hochwasserwarnungen sondern auch Niederschlags-Abfluss-Modelle (genannt LISFLOOD) &#8211; es wurde klar, es kommt richtig viel Wasser und es wird unkontrolliert abflie\u00dfen. <br \/>An dieser Stelle h\u00e4tte man den Krisenstab NRW aktivieren m\u00fcssen.<\/p>\n<p>&mdash; Intensivdoc (@narkosedoc) <a href=\"https:\/\/twitter.com\/narkosedoc\/status\/1416864883132583938?ref_src=twsrc%5Etfw\">July 18, 2021<\/a><\/p><\/blockquote>\n<p> <script async src=\"https:\/\/platform.twitter.com\/widgets.js\" charset=\"utf-8\"><\/script><\/p>\n<blockquote class=\"twitter-tweet\" data-conversation=\"none\">\n<p lang=\"de\" dir=\"ltr\">Es gibt bis heute keine Erkl\u00e4rung f\u00fcr dieses F\u00fchrungsversagen. <br \/>Wie viele Menschen w\u00fcrden heute noch leben, wenn man die Warnungen ernst genommen h\u00e4tte? <br \/>Wenn die Kr\u00e4fte vor die Lage gekommen w\u00e4ren? <br \/>Wenn wir agiert und nicht nur reagiert h\u00e4tten?<\/p>\n<p>&mdash; Intensivdoc (@narkosedoc) <a href=\"https:\/\/twitter.com\/narkosedoc\/status\/1416864891693117442?ref_src=twsrc%5Etfw\">July 18, 2021<\/a><\/p><\/blockquote>\n<p> <script async src=\"https:\/\/platform.twitter.com\/widgets.js\" charset=\"utf-8\"><\/script><\/p>\n<blockquote class=\"twitter-tweet\" data-conversation=\"none\">\n<p lang=\"de\" dir=\"ltr\">Aber dann h\u00e4tte man sich eingestehen m\u00fcssen, dass es nicht nur Regen, sondern eine <a href=\"https:\/\/twitter.com\/hashtag\/Klimakatastrophe?src=hash&amp;ref_src=twsrc%5Etfw\">#Klimakatastrophe<\/a> ist, die da im Braunkohle-Land NRW stattfindet.<br \/>Unbequeme Fragen w\u00e4ren die Folge und mit unbequemen Fragen hat es Laschet nicht so.<br \/>Konnte ja keiner ahnen, es schien ja die Sonne.<\/p>\n<p>&mdash; Intensivdoc (@narkosedoc) <a href=\"https:\/\/twitter.com\/narkosedoc\/status\/1416864893760835587?ref_src=twsrc%5Etfw\">July 18, 2021<\/a><\/p><\/blockquote>\n<p> <script async src=\"https:\/\/platform.twitter.com\/widgets.js\" charset=\"utf-8\"><\/script><\/p>\n<p>&nbsp;<br \/>\n<strong>Passend dazu ein geradezu bezeichneter Zusammenschnitt: W\u00e4hrend der Wetterbericht ebenfalls vor \u00dcberflutungen warnte, wunderte sich Laschet ein paar Tage sp\u00e4ter, dass doch zun\u00e4chst noch die Sonne schien &#8230;<\/strong><\/p>\n<div class=\"dbsm-oembed\">\n<blockquote class=\"twitter-tweet\" data-width=\"500\" data-dnt=\"true\">\n<p lang=\"de\" dir=\"ltr\">Kai Zorn, 10.07.21: &quot;Da baut sich eine richtige Wasserwalze aus&#8230; bis nach NRW&#8230; Hier wird es mit an Sicherheit grenzender Wahrscheinlichkeit zu \u00dcberflutungen kommen.&quot;<\/p>\n<p>Armin Laschet, 15.07.21: &quot;Als noch die Sonne schien, und niemand erahnte, dass etwas passieren konnte&#8230;&quot; <a href=\"https:\/\/t.co\/igqOFzwDAD\">pic.twitter.com\/igqOFzwDAD<\/a><\/p>\n<p>&mdash; Danijel Vi\u0161evi\u0107 (@visevic) <a href=\"https:\/\/twitter.com\/visevic\/status\/1416412936747225092?ref_src=twsrc%5Etfw\">July 17, 2021<\/a><\/p><\/blockquote>\n<p><script async src=\"https:\/\/platform.twitter.com\/widgets.js\" charset=\"utf-8\"><\/script><\/div>\n<p>&nbsp;<br \/>\n<strong>Dar\u00fcber hinaus erinnert @deichgenosse in einem anderen Thread daran, dass die Regierung Laschet erst 2019 die Soforthilfe f\u00fcr Katastrophenopfer abgeschafft hat.<\/strong><\/p>\n<div class=\"dbsm-oembed\">\n<blockquote class=\"twitter-tweet\" data-width=\"500\" data-dnt=\"true\">\n<p lang=\"de\" dir=\"ltr\">Wisst ihr noch, als Laschet 2019 in NRW die Soforthilfe f\u00fcr Katastrophenopfer abgeschafft hat? Mit der Begr\u00fcndung, dass die immer h\u00e4ufiger auftretenden Ereignisse das Land zu teuer k\u00e4men?<\/p>\n<p>Ich wei\u00df es noch. Auch wenn der Bundestagswahl-P\u00f6bel es schon lange vergessen haben wird.<\/p>\n<p>&mdash; \ud83d\udc89\ud83d\udc89\ud83d\udc89 Ich, der Fr\u00fchling. (@deichgenosse) <a href=\"https:\/\/twitter.com\/deichgenosse\/status\/1416859083894833157?ref_src=twsrc%5Etfw\">July 18, 2021<\/a><\/p><\/blockquote>\n<p><script async src=\"https:\/\/platform.twitter.com\/widgets.js\" charset=\"utf-8\"><\/script><\/div>\n<blockquote class=\"twitter-tweet\" data-conversation=\"none\">\n<p lang=\"de\" dir=\"ltr\">Armin Laschet wei\u00df, dass der Klimawandel Verursacher der Katastrophe ist.<\/p>\n<p>Aber Armin Laschet hat die &quot;Soforthilfe&quot; seines Landes 2019 so umgebaut, dass statt allen nur noch Verm\u00f6gende und gro\u00dfe Unternehmen davon profitieren.<\/p>\n<p>Wer glaubt, dass das ein Versehen ist, ist ein Narr.<\/p>\n<p>&mdash; Ich, der Fr\u00fchling. (@deichgenosse) <a href=\"https:\/\/twitter.com\/deichgenosse\/status\/1416859611567738882?ref_src=twsrc%5Etfw\">July 18, 2021<\/a><\/p><\/blockquote>\n<p> <script async src=\"https:\/\/platform.twitter.com\/widgets.js\" charset=\"utf-8\"><\/script><\/p>\n<blockquote class=\"twitter-tweet\" data-conversation=\"none\">\n<p lang=\"de\" dir=\"ltr\">Falls ihr euch fragt, warum Laschet und sein Innenministerlein alles tun, um die Katastrophe kleinzureden und auf die lokalen Beh\u00f6rden abzuw\u00e4lzen, anstatt die Verantwortung des Landes wahrzunehmen:<\/p>\n<p>Damit. Es. Keiner. Merkt.<\/p>\n<p>&mdash; Ich, der Fr\u00fchling. (@deichgenosse) <a href=\"https:\/\/twitter.com\/deichgenosse\/status\/1416861444491075584?ref_src=twsrc%5Etfw\">July 18, 2021<\/a><\/p><\/blockquote>\n<p> <script async src=\"https:\/\/platform.twitter.com\/widgets.js\" charset=\"utf-8\"><\/script><\/p>\n<p>&nbsp;<br \/>\n<strong>Und nat\u00fcrlich r\u00fcckt das Thema Klimawandel wieder in den Fokus. Im gestrigen Presseclub erkl\u00e4rte Wettermoderator Sven Pl\u00f6ger einmal mehr, wie der Klimawandel die H\u00e4ufigkeit und Ausma\u00dfe solcher Wetterph\u00e4nomene beeinflusst.<\/strong><\/p>\n<div class=\"dbsm-oembed\">\n<blockquote class=\"twitter-tweet\" data-width=\"500\" data-dnt=\"true\">\n<p lang=\"de\" dir=\"ltr\">Mann muss unterscheiden: die Ursache f\u00fcr das Hochwasser ist eine konkrete Wetterlage, nicht der Klimawandel selbst. Dass es aber h\u00e4ufiger zu solchen Wetterlagen kommt liegt am Klimawandel. Daher werden wir durch den Klimawandel immer h\u00e4ufiger solche Hochwasserkatastrophen haben. <a href=\"https:\/\/t.co\/vwPqdmdAZ8\">https:\/\/t.co\/vwPqdmdAZ8<\/a><\/p>\n<p>&mdash; Prof. Karl Lauterbach (@Karl_Lauterbach) <a href=\"https:\/\/twitter.com\/Karl_Lauterbach\/status\/1416375917987995653?ref_src=twsrc%5Etfw\">July 17, 2021<\/a><\/p><\/blockquote>\n<p><script async src=\"https:\/\/platform.twitter.com\/widgets.js\" charset=\"utf-8\"><\/script><\/div>\n<div class=\"dbsm-oembed\">\n<blockquote class=\"twitter-tweet\" data-width=\"500\" data-dnt=\"true\">\n<p lang=\"de\" dir=\"ltr\">\u201e50 Grad Celsius auf dem 50. Breitengrad das ist H\u00f6he Frankfurt, es macht mich wirklich gerade traurig Meteorologe zu sein.\u201c<br \/>Sven Pl\u00f6ger im <a href=\"https:\/\/twitter.com\/hashtag\/Presseclub?src=hash&amp;ref_src=twsrc%5Etfw\">#Presseclub<\/a> <a href=\"https:\/\/t.co\/QMYUBBU22v\">pic.twitter.com\/QMYUBBU22v<\/a><\/p>\n<p>&mdash; Nurder Koch (@NurderK) <a href=\"https:\/\/twitter.com\/NurderK\/status\/1416703897528377348?ref_src=twsrc%5Etfw\">July 18, 2021<\/a><\/p><\/blockquote>\n<p><script async src=\"https:\/\/platform.twitter.com\/widgets.js\" charset=\"utf-8\"><\/script><\/div>\n<div class=\"dbsm-oembed\">\n<blockquote class=\"twitter-tweet\" data-width=\"500\" data-dnt=\"true\">\n<p lang=\"de\" dir=\"ltr\">Vor mehr als einem Dritteljahrhundert: Titelbild von 1986 <a href=\"https:\/\/t.co\/oN9DmjJ9NL\">pic.twitter.com\/oN9DmjJ9NL<\/a><\/p>\n<p>&mdash; Jochen B\u00f6lsche (@jochenboelsche) <a href=\"https:\/\/twitter.com\/jochenboelsche\/status\/1416309052792049673?ref_src=twsrc%5Etfw\">July 17, 2021<\/a><\/p><\/blockquote>\n<p><script async src=\"https:\/\/platform.twitter.com\/widgets.js\" charset=\"utf-8\"><\/script><\/div>\n<p>&nbsp;<br \/>\n<a href=\"mailto:dion@thebest.social\"><img loading=\"lazy\" decoding=\"async\" src=\"https:\/\/www.thebestsocial.media\/de\/wp-content\/uploads\/sites\/3\/2021\/04\/Studio-Promo-Banner-1024x538.png\" alt=\"\" width=\"1024\" height=\"538\" class=\"alignnone size-large wp-image-144565\" srcset=\"https:\/\/www.thebestsocial.media\/de\/wp-content\/uploads\/sites\/3\/2021\/04\/Studio-Promo-Banner-1024x538.png 1024w, https:\/\/www.thebestsocial.media\/de\/wp-content\/uploads\/sites\/3\/2021\/04\/Studio-Promo-Banner-300x158.png 300w, https:\/\/www.thebestsocial.media\/de\/wp-content\/uploads\/sites\/3\/2021\/04\/Studio-Promo-Banner-768x403.png 768w, https:\/\/www.thebestsocial.media\/de\/wp-content\/uploads\/sites\/3\/2021\/04\/Studio-Promo-Banner.png 1200w\" sizes=\"auto, (max-width: 1024px) 100vw, 1024px\" \/><\/a><\/p>\n<p>&nbsp;<\/p>\n<p>&#8212;<br \/>\nVielen Dank an alle f\u00fcr die Posts.<br \/>\n&#8212;<br \/>\n<strong>Keine Influencer! Kein Foodporn! Nur ganz viel Spa\u00df &#8211; bei uns auf Instagram:<\/strong><\/p>\n<blockquote class=\"instagram-media\" data-instgrm-captioned data-instgrm-permalink=\"https:\/\/www.instagram.com\/p\/CRgSojZFqIp\/?utm_source=ig_embed&amp;utm_campaign=loading\" data-instgrm-version=\"13\" style=\" background:#FFF; border:0; border-radius:3px; box-shadow:0 0 1px 0 rgba(0,0,0,0.5),0 1px 10px 0 rgba(0,0,0,0.15); margin: 1px; max-width:540px; min-width:326px; padding:0; width:99.375%; width:-webkit-calc(100% - 2px); width:calc(100% - 2px);\">\n<div style=\"padding:16px;\"> <a href=\"https:\/\/www.instagram.com\/p\/CRgSojZFqIp\/?utm_source=ig_embed&amp;utm_campaign=loading\" style=\" background:#FFFFFF; line-height:0; padding:0 0; text-align:center; text-decoration:none; width:100%;\" target=\"_blank\" rel=\"noopener\"> <\/p>\n<div style=\" display: flex; flex-direction: row; align-items: center;\">\n<div style=\"background-color: #F4F4F4; border-radius: 50%; flex-grow: 0; height: 40px; margin-right: 14px; width: 40px;\"><\/div>\n<div style=\"display: flex; flex-direction: column; flex-grow: 1; justify-content: center;\">\n<div style=\" background-color: #F4F4F4; border-radius: 4px; flex-grow: 0; height: 14px; margin-bottom: 6px; width: 100px;\"><\/div>\n<div style=\" background-color: #F4F4F4; border-radius: 4px; flex-grow: 0; height: 14px; width: 60px;\"><\/div>\n<\/div>\n<\/div>\n<div style=\"padding: 19% 0;\"><\/div>\n<div style=\"display:block; height:50px; margin:0 auto 12px; width:50px;\"><svg width=\"50px\" height=\"50px\" viewBox=\"0 0 60 60\" version=\"1.1\" xmlns=\"https:\/\/www.w3.org\/2000\/svg\" xmlns:xlink=\"https:\/\/www.w3.org\/1999\/xlink\"><g stroke=\"none\" stroke-width=\"1\" fill=\"none\" fill-rule=\"evenodd\"><g transform=\"translate(-511.000000, -20.000000)\" fill=\"#000000\"><g><path d=\"M556.869,30.41 C554.814,30.41 553.148,32.076 553.148,34.131 C553.148,36.186 554.814,37.852 556.869,37.852 C558.924,37.852 560.59,36.186 560.59,34.131 C560.59,32.076 558.924,30.41 556.869,30.41 M541,60.657 C535.114,60.657 530.342,55.887 530.342,50 C530.342,44.114 535.114,39.342 541,39.342 C546.887,39.342 551.658,44.114 551.658,50 C551.658,55.887 546.887,60.657 541,60.657 M541,33.886 C532.1,33.886 524.886,41.1 524.886,50 C524.886,58.899 532.1,66.113 541,66.113 C549.9,66.113 557.115,58.899 557.115,50 C557.115,41.1 549.9,33.886 541,33.886 M565.378,62.101 C565.244,65.022 564.756,66.606 564.346,67.663 C563.803,69.06 563.154,70.057 562.106,71.106 C561.058,72.155 560.06,72.803 558.662,73.347 C557.607,73.757 556.021,74.244 553.102,74.378 C549.944,74.521 548.997,74.552 541,74.552 C533.003,74.552 532.056,74.521 528.898,74.378 C525.979,74.244 524.393,73.757 523.338,73.347 C521.94,72.803 520.942,72.155 519.894,71.106 C518.846,70.057 518.197,69.06 517.654,67.663 C517.244,66.606 516.755,65.022 516.623,62.101 C516.479,58.943 516.448,57.996 516.448,50 C516.448,42.003 516.479,41.056 516.623,37.899 C516.755,34.978 517.244,33.391 517.654,32.338 C518.197,30.938 518.846,29.942 519.894,28.894 C520.942,27.846 521.94,27.196 523.338,26.654 C524.393,26.244 525.979,25.756 528.898,25.623 C532.057,25.479 533.004,25.448 541,25.448 C548.997,25.448 549.943,25.479 553.102,25.623 C556.021,25.756 557.607,26.244 558.662,26.654 C560.06,27.196 561.058,27.846 562.106,28.894 C563.154,29.942 563.803,30.938 564.346,32.338 C564.756,33.391 565.244,34.978 565.378,37.899 C565.522,41.056 565.552,42.003 565.552,50 C565.552,57.996 565.522,58.943 565.378,62.101 M570.82,37.631 C570.674,34.438 570.167,32.258 569.425,30.349 C568.659,28.377 567.633,26.702 565.965,25.035 C564.297,23.368 562.623,22.342 560.652,21.575 C558.743,20.834 556.562,20.326 553.369,20.18 C550.169,20.033 549.148,20 541,20 C532.853,20 531.831,20.033 528.631,20.18 C525.438,20.326 523.257,20.834 521.349,21.575 C519.376,22.342 517.703,23.368 516.035,25.035 C514.368,26.702 513.342,28.377 512.574,30.349 C511.834,32.258 511.326,34.438 511.181,37.631 C511.035,40.831 511,41.851 511,50 C511,58.147 511.035,59.17 511.181,62.369 C511.326,65.562 511.834,67.743 512.574,69.651 C513.342,71.625 514.368,73.296 516.035,74.965 C517.703,76.634 519.376,77.658 521.349,78.425 C523.257,79.167 525.438,79.673 528.631,79.82 C531.831,79.965 532.853,80.001 541,80.001 C549.148,80.001 550.169,79.965 553.369,79.82 C556.562,79.673 558.743,79.167 560.652,78.425 C562.623,77.658 564.297,76.634 565.965,74.965 C567.633,73.296 568.659,71.625 569.425,69.651 C570.167,67.743 570.674,65.562 570.82,62.369 C570.966,59.17 571,58.147 571,50 C571,41.851 570.966,40.831 570.82,37.631\"><\/path><\/g><\/g><\/g><\/svg><\/div>\n<div style=\"padding-top: 8px;\">\n<div style=\" color:#3897f0; font-family:Arial,sans-serif; font-size:14px; font-style:normal; font-weight:550; line-height:18px;\"> Sieh dir diesen Beitrag auf Instagram an<\/div>\n<\/div>\n<div style=\"padding: 12.5% 0;\"><\/div>\n<div style=\"display: flex; flex-direction: row; margin-bottom: 14px; align-items: center;\">\n<div>\n<div style=\"background-color: #F4F4F4; border-radius: 50%; height: 12.5px; width: 12.5px; transform: translateX(0px) translateY(7px);\"><\/div>\n<div style=\"background-color: #F4F4F4; height: 12.5px; transform: rotate(-45deg) translateX(3px) translateY(1px); width: 12.5px; flex-grow: 0; margin-right: 14px; margin-left: 2px;\"><\/div>\n<div style=\"background-color: #F4F4F4; border-radius: 50%; height: 12.5px; width: 12.5px; transform: translateX(9px) translateY(-18px);\"><\/div>\n<\/div>\n<div style=\"margin-left: 8px;\">\n<div style=\" background-color: #F4F4F4; border-radius: 50%; flex-grow: 0; height: 20px; width: 20px;\"><\/div>\n<div style=\" width: 0; height: 0; border-top: 2px solid transparent; border-left: 6px solid #f4f4f4; border-bottom: 2px solid transparent; transform: translateX(16px) translateY(-4px) rotate(30deg)\"><\/div>\n<\/div>\n<div style=\"margin-left: auto;\">\n<div style=\" width: 0px; border-top: 8px solid #F4F4F4; border-right: 8px solid transparent; transform: translateY(16px);\"><\/div>\n<div style=\" background-color: #F4F4F4; flex-grow: 0; height: 12px; width: 16px; transform: translateY(-4px);\"><\/div>\n<div style=\" width: 0; height: 0; border-top: 8px solid #F4F4F4; border-left: 8px solid transparent; transform: translateY(-4px) translateX(8px);\"><\/div>\n<\/div>\n<\/div>\n<div style=\"display: flex; flex-direction: column; flex-grow: 1; justify-content: center; margin-bottom: 24px;\">\n<div style=\" background-color: #F4F4F4; border-radius: 4px; flex-grow: 0; height: 14px; margin-bottom: 6px; width: 224px;\"><\/div>\n<div style=\" background-color: #F4F4F4; border-radius: 4px; flex-grow: 0; height: 14px; width: 144px;\"><\/div>\n<\/div>\n<p><\/a><\/p>\n<p style=\" color:#c9c8cd; font-family:Arial,sans-serif; font-size:14px; line-height:17px; margin-bottom:0; margin-top:8px; overflow:hidden; padding:8px 0 7px; text-align:center; text-overflow:ellipsis; white-space:nowrap;\"><a href=\"https:\/\/www.instagram.com\/p\/CRgSojZFqIp\/?utm_source=ig_embed&amp;utm_campaign=loading\" style=\" color:#c9c8cd; font-family:Arial,sans-serif; font-size:14px; font-style:normal; font-weight:normal; line-height:17px; text-decoration:none;\" target=\"_blank\" rel=\"noopener\">Ein Beitrag geteilt von The Best Social Media &#8211; DE (@thebestsocialmediade)<\/a><\/p>\n<\/div>\n<\/blockquote>\n\n<script async defer src=\"\/instagram-embed.js\"><\/script>","protected":false},"excerpt":{"rendered":"<p>Nachdem sich Bundeskanzlerin Angela Merkel am gestrigen Sonntag ein Bild von der Lage in den betroffenen Hochwassergebieten gemacht hatte, nannte sie die Situation &#8222;surreal&#8220; und&#8230;<\/p>\n","protected":false},"author":72,"featured_media":147760,"comment_status":"open","ping_status":"open","sticky":false,"template":"","format":"standard","meta":{"_acf_changed":false,"footnotes":""},"categories":[35],"tags":[4645,1625,3661],"class_list":["post-147754","post","type-post","status-publish","format-standard","has-post-thumbnail","hentry","category-twitter","tag-hochwasser","tag-klimawandel","tag-naturkatastrophen"],"acf":[],"yoast_head":"<!-- This site is optimized with the Yoast SEO plugin v27.5 - https:\/\/yoast.com\/product\/yoast-seo-wordpress\/ -->\n<title>Warnungen ignoriert: User schildern Systemversagen w\u00e4hrend der Flut<\/title>\n<meta name=\"description\" content=\"Warnungen wurden ignoriert, kein Krisenstab eingesetzt: Detaillierte Schilderungen offenbaren &quot;monumentales Systemversagen&quot; w\u00e4hrend der Flut.\" \/>\n<meta name=\"robots\" content=\"index, follow, max-snippet:-1, max-image-preview:large, max-video-preview:-1\" \/>\n<link rel=\"canonical\" href=\"https:\/\/www.thebestsocial.media\/de\/monumentales-systemversagen\/\" \/>\n<meta property=\"og:locale\" content=\"de_DE\" \/>\n<meta property=\"og:type\" content=\"article\" \/>\n<meta property=\"og:title\" content=\"Warnungen ignoriert: User schildern &quot;monumentales Systemversagen&quot; w\u00e4hrend Flut\" \/>\n<meta property=\"og:description\" content=\"Warnungen wurden ignoriert, kein Krisenstab eingesetzt: Detaillierte Schilderungen offenbaren &quot;monumentales Systemversagen&quot; w\u00e4hrend der Flut.\" \/>\n<meta property=\"og:url\" content=\"https:\/\/www.thebestsocial.media\/de\/monumentales-systemversagen\/\" \/>\n<meta property=\"og:site_name\" content=\"The Best Social Media DE\" \/>\n<meta property=\"article:published_time\" content=\"2021-07-19T11:59:11+00:00\" \/>\n<meta property=\"article:modified_time\" content=\"2021-07-19T12:14:10+00:00\" \/>\n<meta property=\"og:image\" content=\"https:\/\/www.thebestsocial.media\/de\/wp-content\/uploads\/sites\/3\/2021\/07\/warnung-fb.png\" \/>\n\t<meta property=\"og:image:width\" content=\"1200\" \/>\n\t<meta property=\"og:image:height\" content=\"630\" \/>\n\t<meta property=\"og:image:type\" content=\"image\/png\" \/>\n<meta name=\"author\" content=\"Benny\" \/>\n<meta name=\"twitter:card\" content=\"summary_large_image\" \/>\n<meta name=\"twitter:label1\" content=\"Verfasst von\" \/>\n\t<meta name=\"twitter:data1\" content=\"Benny\" \/>\n\t<meta name=\"twitter:label2\" content=\"Gesch\u00e4tzte Lesezeit\" \/>\n\t<meta name=\"twitter:data2\" content=\"1\u00a0Minute\" \/>\n<script type=\"application\/ld+json\" class=\"yoast-schema-graph\">{\"@context\":\"https:\\\/\\\/schema.org\",\"@graph\":[{\"@type\":\"Article\",\"@id\":\"https:\\\/\\\/www.thebestsocial.media\\\/de\\\/monumentales-systemversagen\\\/#article\",\"isPartOf\":{\"@id\":\"https:\\\/\\\/www.thebestsocial.media\\\/de\\\/monumentales-systemversagen\\\/\"},\"author\":{\"name\":\"Benny\",\"@id\":\"https:\\\/\\\/www.thebestsocial.media\\\/de\\\/#\\\/schema\\\/person\\\/212fdd48880db42a484e589e4e27871b\"},\"headline\":\"Warnungen ignoriert: User schildern &#8222;monumentales Systemversagen&#8220; w\u00e4hrend Flut\",\"datePublished\":\"2021-07-19T11:59:11+00:00\",\"dateModified\":\"2021-07-19T12:14:10+00:00\",\"mainEntityOfPage\":{\"@id\":\"https:\\\/\\\/www.thebestsocial.media\\\/de\\\/monumentales-systemversagen\\\/\"},\"wordCount\":1059,\"commentCount\":0,\"image\":{\"@id\":\"https:\\\/\\\/www.thebestsocial.media\\\/de\\\/monumentales-systemversagen\\\/#primaryimage\"},\"thumbnailUrl\":\"https:\\\/\\\/www.thebestsocial.media\\\/de\\\/wp-content\\\/uploads\\\/sites\\\/3\\\/2021\\\/07\\\/warnung-thumb.png\",\"keywords\":[\"Hochwasser\",\"Klimawandel\",\"Naturkatastrophen\"],\"articleSection\":[\"Twitter\"],\"inLanguage\":\"de\",\"potentialAction\":[{\"@type\":\"CommentAction\",\"name\":\"Comment\",\"target\":[\"https:\\\/\\\/www.thebestsocial.media\\\/de\\\/monumentales-systemversagen\\\/#respond\"]}]},{\"@type\":\"WebPage\",\"@id\":\"https:\\\/\\\/www.thebestsocial.media\\\/de\\\/monumentales-systemversagen\\\/\",\"url\":\"https:\\\/\\\/www.thebestsocial.media\\\/de\\\/monumentales-systemversagen\\\/\",\"name\":\"Warnungen ignoriert: User schildern Systemversagen w\u00e4hrend der Flut\",\"isPartOf\":{\"@id\":\"https:\\\/\\\/www.thebestsocial.media\\\/de\\\/#website\"},\"primaryImageOfPage\":{\"@id\":\"https:\\\/\\\/www.thebestsocial.media\\\/de\\\/monumentales-systemversagen\\\/#primaryimage\"},\"image\":{\"@id\":\"https:\\\/\\\/www.thebestsocial.media\\\/de\\\/monumentales-systemversagen\\\/#primaryimage\"},\"thumbnailUrl\":\"https:\\\/\\\/www.thebestsocial.media\\\/de\\\/wp-content\\\/uploads\\\/sites\\\/3\\\/2021\\\/07\\\/warnung-thumb.png\",\"datePublished\":\"2021-07-19T11:59:11+00:00\",\"dateModified\":\"2021-07-19T12:14:10+00:00\",\"author\":{\"@id\":\"https:\\\/\\\/www.thebestsocial.media\\\/de\\\/#\\\/schema\\\/person\\\/212fdd48880db42a484e589e4e27871b\"},\"description\":\"Warnungen wurden ignoriert, kein Krisenstab eingesetzt: Detaillierte Schilderungen offenbaren \\\"monumentales Systemversagen\\\" w\u00e4hrend der Flut.\",\"breadcrumb\":{\"@id\":\"https:\\\/\\\/www.thebestsocial.media\\\/de\\\/monumentales-systemversagen\\\/#breadcrumb\"},\"inLanguage\":\"de\",\"potentialAction\":[{\"@type\":\"ReadAction\",\"target\":[\"https:\\\/\\\/www.thebestsocial.media\\\/de\\\/monumentales-systemversagen\\\/\"]}]},{\"@type\":\"ImageObject\",\"inLanguage\":\"de\",\"@id\":\"https:\\\/\\\/www.thebestsocial.media\\\/de\\\/monumentales-systemversagen\\\/#primaryimage\",\"url\":\"https:\\\/\\\/www.thebestsocial.media\\\/de\\\/wp-content\\\/uploads\\\/sites\\\/3\\\/2021\\\/07\\\/warnung-thumb.png\",\"contentUrl\":\"https:\\\/\\\/www.thebestsocial.media\\\/de\\\/wp-content\\\/uploads\\\/sites\\\/3\\\/2021\\\/07\\\/warnung-thumb.png\",\"width\":1200,\"height\":630},{\"@type\":\"BreadcrumbList\",\"@id\":\"https:\\\/\\\/www.thebestsocial.media\\\/de\\\/monumentales-systemversagen\\\/#breadcrumb\",\"itemListElement\":[{\"@type\":\"ListItem\",\"position\":1,\"name\":\"Home\",\"item\":\"https:\\\/\\\/www.thebestsocial.media\\\/de\\\/\"},{\"@type\":\"ListItem\",\"position\":2,\"name\":\"Warnungen ignoriert: User schildern &#8222;monumentales Systemversagen&#8220; w\u00e4hrend Flut\"}]},{\"@type\":\"WebSite\",\"@id\":\"https:\\\/\\\/www.thebestsocial.media\\\/de\\\/#website\",\"url\":\"https:\\\/\\\/www.thebestsocial.media\\\/de\\\/\",\"name\":\"The Best Social Media DE\",\"description\":\"\",\"potentialAction\":[{\"@type\":\"SearchAction\",\"target\":{\"@type\":\"EntryPoint\",\"urlTemplate\":\"https:\\\/\\\/www.thebestsocial.media\\\/de\\\/?s={search_term_string}\"},\"query-input\":{\"@type\":\"PropertyValueSpecification\",\"valueRequired\":true,\"valueName\":\"search_term_string\"}}],\"inLanguage\":\"de\"},{\"@type\":\"Person\",\"@id\":\"https:\\\/\\\/www.thebestsocial.media\\\/de\\\/#\\\/schema\\\/person\\\/212fdd48880db42a484e589e4e27871b\",\"name\":\"Benny\",\"image\":{\"@type\":\"ImageObject\",\"inLanguage\":\"de\",\"@id\":\"https:\\\/\\\/secure.gravatar.com\\\/avatar\\\/559f54fceb59ac8654d5ca40291d2ab87f2a9d79e48e8e3c19582477cde950bf?s=96&d=mm&r=g\",\"url\":\"https:\\\/\\\/secure.gravatar.com\\\/avatar\\\/559f54fceb59ac8654d5ca40291d2ab87f2a9d79e48e8e3c19582477cde950bf?s=96&d=mm&r=g\",\"contentUrl\":\"https:\\\/\\\/secure.gravatar.com\\\/avatar\\\/559f54fceb59ac8654d5ca40291d2ab87f2a9d79e48e8e3c19582477cde950bf?s=96&d=mm&r=g\",\"caption\":\"Benny\"},\"url\":\"https:\\\/\\\/www.thebestsocial.media\\\/de\\\/author\\\/bennykrueger\\\/\"}]}<\/script>\n<!-- \/ Yoast SEO plugin. -->","yoast_head_json":{"title":"Warnungen ignoriert: User schildern Systemversagen w\u00e4hrend der Flut","description":"Warnungen wurden ignoriert, kein Krisenstab eingesetzt: Detaillierte Schilderungen offenbaren \"monumentales Systemversagen\" w\u00e4hrend der Flut.","robots":{"index":"index","follow":"follow","max-snippet":"max-snippet:-1","max-image-preview":"max-image-preview:large","max-video-preview":"max-video-preview:-1"},"canonical":"https:\/\/www.thebestsocial.media\/de\/monumentales-systemversagen\/","og_locale":"de_DE","og_type":"article","og_title":"Warnungen ignoriert: User schildern \"monumentales Systemversagen\" w\u00e4hrend Flut","og_description":"Warnungen wurden ignoriert, kein Krisenstab eingesetzt: Detaillierte Schilderungen offenbaren \"monumentales Systemversagen\" w\u00e4hrend der Flut.","og_url":"https:\/\/www.thebestsocial.media\/de\/monumentales-systemversagen\/","og_site_name":"The Best Social Media DE","article_published_time":"2021-07-19T11:59:11+00:00","article_modified_time":"2021-07-19T12:14:10+00:00","og_image":[{"width":1200,"height":630,"url":"https:\/\/www.thebestsocial.media\/de\/wp-content\/uploads\/sites\/3\/2021\/07\/warnung-fb.png","type":"image\/png"}],"author":"Benny","twitter_card":"summary_large_image","twitter_misc":{"Verfasst von":"Benny","Gesch\u00e4tzte Lesezeit":"1\u00a0Minute"},"schema":{"@context":"https:\/\/schema.org","@graph":[{"@type":"Article","@id":"https:\/\/www.thebestsocial.media\/de\/monumentales-systemversagen\/#article","isPartOf":{"@id":"https:\/\/www.thebestsocial.media\/de\/monumentales-systemversagen\/"},"author":{"name":"Benny","@id":"https:\/\/www.thebestsocial.media\/de\/#\/schema\/person\/212fdd48880db42a484e589e4e27871b"},"headline":"Warnungen ignoriert: User schildern &#8222;monumentales Systemversagen&#8220; w\u00e4hrend Flut","datePublished":"2021-07-19T11:59:11+00:00","dateModified":"2021-07-19T12:14:10+00:00","mainEntityOfPage":{"@id":"https:\/\/www.thebestsocial.media\/de\/monumentales-systemversagen\/"},"wordCount":1059,"commentCount":0,"image":{"@id":"https:\/\/www.thebestsocial.media\/de\/monumentales-systemversagen\/#primaryimage"},"thumbnailUrl":"https:\/\/www.thebestsocial.media\/de\/wp-content\/uploads\/sites\/3\/2021\/07\/warnung-thumb.png","keywords":["Hochwasser","Klimawandel","Naturkatastrophen"],"articleSection":["Twitter"],"inLanguage":"de","potentialAction":[{"@type":"CommentAction","name":"Comment","target":["https:\/\/www.thebestsocial.media\/de\/monumentales-systemversagen\/#respond"]}]},{"@type":"WebPage","@id":"https:\/\/www.thebestsocial.media\/de\/monumentales-systemversagen\/","url":"https:\/\/www.thebestsocial.media\/de\/monumentales-systemversagen\/","name":"Warnungen ignoriert: User schildern Systemversagen w\u00e4hrend der Flut","isPartOf":{"@id":"https:\/\/www.thebestsocial.media\/de\/#website"},"primaryImageOfPage":{"@id":"https:\/\/www.thebestsocial.media\/de\/monumentales-systemversagen\/#primaryimage"},"image":{"@id":"https:\/\/www.thebestsocial.media\/de\/monumentales-systemversagen\/#primaryimage"},"thumbnailUrl":"https:\/\/www.thebestsocial.media\/de\/wp-content\/uploads\/sites\/3\/2021\/07\/warnung-thumb.png","datePublished":"2021-07-19T11:59:11+00:00","dateModified":"2021-07-19T12:14:10+00:00","author":{"@id":"https:\/\/www.thebestsocial.media\/de\/#\/schema\/person\/212fdd48880db42a484e589e4e27871b"},"description":"Warnungen wurden ignoriert, kein Krisenstab eingesetzt: Detaillierte Schilderungen offenbaren \"monumentales Systemversagen\" w\u00e4hrend der Flut.","breadcrumb":{"@id":"https:\/\/www.thebestsocial.media\/de\/monumentales-systemversagen\/#breadcrumb"},"inLanguage":"de","potentialAction":[{"@type":"ReadAction","target":["https:\/\/www.thebestsocial.media\/de\/monumentales-systemversagen\/"]}]},{"@type":"ImageObject","inLanguage":"de","@id":"https:\/\/www.thebestsocial.media\/de\/monumentales-systemversagen\/#primaryimage","url":"https:\/\/www.thebestsocial.media\/de\/wp-content\/uploads\/sites\/3\/2021\/07\/warnung-thumb.png","contentUrl":"https:\/\/www.thebestsocial.media\/de\/wp-content\/uploads\/sites\/3\/2021\/07\/warnung-thumb.png","width":1200,"height":630},{"@type":"BreadcrumbList","@id":"https:\/\/www.thebestsocial.media\/de\/monumentales-systemversagen\/#breadcrumb","itemListElement":[{"@type":"ListItem","position":1,"name":"Home","item":"https:\/\/www.thebestsocial.media\/de\/"},{"@type":"ListItem","position":2,"name":"Warnungen ignoriert: User schildern &#8222;monumentales Systemversagen&#8220; w\u00e4hrend Flut"}]},{"@type":"WebSite","@id":"https:\/\/www.thebestsocial.media\/de\/#website","url":"https:\/\/www.thebestsocial.media\/de\/","name":"The Best Social Media DE","description":"","potentialAction":[{"@type":"SearchAction","target":{"@type":"EntryPoint","urlTemplate":"https:\/\/www.thebestsocial.media\/de\/?s={search_term_string}"},"query-input":{"@type":"PropertyValueSpecification","valueRequired":true,"valueName":"search_term_string"}}],"inLanguage":"de"},{"@type":"Person","@id":"https:\/\/www.thebestsocial.media\/de\/#\/schema\/person\/212fdd48880db42a484e589e4e27871b","name":"Benny","image":{"@type":"ImageObject","inLanguage":"de","@id":"https:\/\/secure.gravatar.com\/avatar\/559f54fceb59ac8654d5ca40291d2ab87f2a9d79e48e8e3c19582477cde950bf?s=96&d=mm&r=g","url":"https:\/\/secure.gravatar.com\/avatar\/559f54fceb59ac8654d5ca40291d2ab87f2a9d79e48e8e3c19582477cde950bf?s=96&d=mm&r=g","contentUrl":"https:\/\/secure.gravatar.com\/avatar\/559f54fceb59ac8654d5ca40291d2ab87f2a9d79e48e8e3c19582477cde950bf?s=96&d=mm&r=g","caption":"Benny"},"url":"https:\/\/www.thebestsocial.media\/de\/author\/bennykrueger\/"}]}},"amp_enabled":true,"_links":{"self":[{"href":"https:\/\/www.thebestsocial.media\/de\/wp-json\/wp\/v2\/posts\/147754","targetHints":{"allow":["GET"]}}],"collection":[{"href":"https:\/\/www.thebestsocial.media\/de\/wp-json\/wp\/v2\/posts"}],"about":[{"href":"https:\/\/www.thebestsocial.media\/de\/wp-json\/wp\/v2\/types\/post"}],"author":[{"embeddable":true,"href":"https:\/\/www.thebestsocial.media\/de\/wp-json\/wp\/v2\/users\/72"}],"replies":[{"embeddable":true,"href":"https:\/\/www.thebestsocial.media\/de\/wp-json\/wp\/v2\/comments?post=147754"}],"version-history":[{"count":9,"href":"https:\/\/www.thebestsocial.media\/de\/wp-json\/wp\/v2\/posts\/147754\/revisions"}],"predecessor-version":[{"id":147766,"href":"https:\/\/www.thebestsocial.media\/de\/wp-json\/wp\/v2\/posts\/147754\/revisions\/147766"}],"wp:featuredmedia":[{"embeddable":true,"href":"https:\/\/www.thebestsocial.media\/de\/wp-json\/wp\/v2\/media\/147760"}],"wp:attachment":[{"href":"https:\/\/www.thebestsocial.media\/de\/wp-json\/wp\/v2\/media?parent=147754"}],"wp:term":[{"taxonomy":"category","embeddable":true,"href":"https:\/\/www.thebestsocial.media\/de\/wp-json\/wp\/v2\/categories?post=147754"},{"taxonomy":"post_tag","embeddable":true,"href":"https:\/\/www.thebestsocial.media\/de\/wp-json\/wp\/v2\/tags?post=147754"}],"curies":[{"name":"wp","href":"https:\/\/api.w.org\/{rel}","templated":true}]}}