{"id":147747,"date":"2021-07-19T09:18:49","date_gmt":"2021-07-19T09:18:49","guid":{"rendered":"https:\/\/www.thebestsocial.media\/de\/?p=147747"},"modified":"2021-07-19T11:05:25","modified_gmt":"2021-07-19T11:05:25","slug":"laschet-merkel-flut","status":"publish","type":"post","link":"https:\/\/www.thebestsocial.media\/de\/laschet-merkel-flut\/","title":{"rendered":"Laschet und Merkel: Posts zeigen, wie verschieden die Auftritte im Hochwassergebiet waren"},"content":{"rendered":"<p>Am Samstag besuchten Bundespr\u00e4sident Frank-Walter Steinmeier und <a href=\"https:\/\/www.thebestsocial.media\/de\/armin-laschet-peter-griffin-family-guy\/\" rel=\"noopener\" target=\"_blank\">NRWs Ministerpr\u00e4sident<\/a> Armin Laschet die betroffenen Hochwassergebiete. Am Sonntag machte sich dann Bundeskanzlerin Angela Merkel gemeinsam mit der rheinland-pf\u00e4lzischen Ministerpr\u00e4sidentin Malu Dreyer ein Bild der Lage vor Ort. Solche Besuche haben nicht zuletzt symbolischen Charakter, um Anteilnahme zu zeigen und den Betroffenen zu signalisieren, dass sie vonseiten der Politik Unterst\u00fctzung erfahren werden. Doch die Auftritte der beiden Herren einerseits und der beiden Damen andererseits zeigen, wie unterschiedlich so etwas ablaufen kann.<\/p>\n<p>&nbsp;<br \/>\n<strong>F\u00fcr diese Bilder wurde Kanzlerkandidat Laschet scharf kritisiert: W\u00e4hrend Bundespr\u00e4sident Steinmeier spricht, feixt Laschet im Hintergrund.<\/strong><\/p>\n<div class=\"dbsm-oembed\">\n<blockquote class=\"twitter-tweet\" data-width=\"500\" data-dnt=\"true\">\n<p lang=\"de\" dir=\"ltr\">NRW-Ministerpr\u00e4sident <a href=\"https:\/\/twitter.com\/ArminLaschet?ref_src=twsrc%5Etfw\">@ArminLaschet<\/a> hat sich in <a href=\"https:\/\/twitter.com\/hashtag\/Erftstadt?src=hash&amp;ref_src=twsrc%5Etfw\">#Erftstadt<\/a> betroffen gezeigt vom Leid in der Unwetter-Katastrophe. W\u00e4hrend Bundespr\u00e4sident Steinmeier an die erinnert, die vieles verloren haben, ist Laschet im Hintergrund scherzend zu sehen. Das sorgt f\u00fcr Emp\u00f6rung. <a href=\"https:\/\/twitter.com\/hashtag\/LaschetLacht?src=hash&amp;ref_src=twsrc%5Etfw\">#LaschetLacht<\/a> <a href=\"https:\/\/t.co\/JkieLLLVel\">pic.twitter.com\/JkieLLLVel<\/a><\/p>\n<p>&mdash; WDR aktuell (@WDRaktuell) <a href=\"https:\/\/twitter.com\/WDRaktuell\/status\/1416442530758119435?ref_src=twsrc%5Etfw\">July 17, 2021<\/a><\/p><\/blockquote>\n<p><script async src=\"https:\/\/platform.twitter.com\/widgets.js\" charset=\"utf-8\"><\/script><\/div>\n<div class=\"dbsm-oembed\">\n<blockquote class=\"twitter-tweet\" data-width=\"500\" data-dnt=\"true\">\n<p lang=\"de\" dir=\"ltr\">Dieses Foto von <a href=\"https:\/\/twitter.com\/MariusBecker?ref_src=twsrc%5Etfw\">@MariusBecker<\/a> <a href=\"https:\/\/twitter.com\/dpa?ref_src=twsrc%5Etfw\">@dpa<\/a> ist maximal ungl\u00fccklich f\u00fcr <a href=\"https:\/\/twitter.com\/hashtag\/Laschet?src=hash&amp;ref_src=twsrc%5Etfw\">#Laschet<\/a>.<a href=\"https:\/\/twitter.com\/hashtag\/Laschetlacht?src=hash&amp;ref_src=twsrc%5Etfw\">#Laschetlacht<\/a> <a href=\"https:\/\/t.co\/6Fk4RtLY8k\">pic.twitter.com\/6Fk4RtLY8k<\/a><\/p>\n<p>&mdash; Steffen L\u00fcdke (@stluedke) <a href=\"https:\/\/twitter.com\/stluedke\/status\/1416465458434297864?ref_src=twsrc%5Etfw\">July 17, 2021<\/a><\/p><\/blockquote>\n<p><script async src=\"https:\/\/platform.twitter.com\/widgets.js\" charset=\"utf-8\"><\/script><\/div>\n<div class=\"dbsm-oembed\">\n<blockquote class=\"twitter-tweet\" data-width=\"500\" data-dnt=\"true\">\n<p lang=\"de\" dir=\"ltr\">Puh. Dem <a href=\"https:\/\/twitter.com\/guardian?ref_src=twsrc%5Etfw\">@guardian<\/a> ist das wichtig genug f\u00fcr die Seiten\u00fcberschrift. Kanzlerinnen-Besuch im Katastrophengebiet klein darunter. <a href=\"https:\/\/t.co\/FUGoJfs1Qt\">pic.twitter.com\/FUGoJfs1Qt<\/a><\/p>\n<p>&mdash; Wolfgang Schmidt (@W_Schmidt_) <a href=\"https:\/\/twitter.com\/W_Schmidt_\/status\/1416757612163522562?ref_src=twsrc%5Etfw\">July 18, 2021<\/a><\/p><\/blockquote>\n<p><script async src=\"https:\/\/platform.twitter.com\/widgets.js\" charset=\"utf-8\"><\/script><\/div>\n<p>&nbsp;<br \/>\n<strong>Im Rahmen dieses PR-Termins sorgte das Lager Laschet auch anderweitig f\u00fcr Irritationen.<\/strong><\/p>\n<div class=\"dbsm-oembed\">\n<blockquote class=\"twitter-tweet\" data-width=\"500\" data-dnt=\"true\">\n<p lang=\"de\" dir=\"ltr\">In der WELT schreibt Ulf Poschardt, dass Laschet den Menschen hilft, w\u00e4hrend die Gr\u00fcnen die Katastrophe zum Wahlkampf missbrauchen.<\/p>\n<p>Gestern hat Laschet Krisenhelfer stundenlang auf sich warten lassen, um ein BILD-Interview zu geben. Baerbock war ohne Presse in RP unterwegs.<\/p>\n<p>&mdash; Sebastian 23 (@mondschaf23) <a href=\"https:\/\/twitter.com\/mondschaf23\/status\/1416323673355689985?ref_src=twsrc%5Etfw\">July 17, 2021<\/a><\/p><\/blockquote>\n<p><script async src=\"https:\/\/platform.twitter.com\/widgets.js\" charset=\"utf-8\"><\/script><\/div>\n<div class=\"dbsm-oembed\">\n<blockquote class=\"twitter-tweet\" data-width=\"500\" data-dnt=\"true\">\n<p lang=\"de\" dir=\"ltr\">Betroffene Anwohner werden bei Laschet Rede weggeschickt. <a href=\"https:\/\/twitter.com\/hashtag\/Hochwasserkatastrophe?src=hash&amp;ref_src=twsrc%5Etfw\">#Hochwasserkatastrophe<\/a> <a href=\"https:\/\/twitter.com\/hashtag\/Laschetlacht?src=hash&amp;ref_src=twsrc%5Etfw\">#Laschetlacht<\/a> <a href=\"https:\/\/twitter.com\/hashtag\/LaschetDarfNichtKanzlerWerden?src=hash&amp;ref_src=twsrc%5Etfw\">#LaschetDarfNichtKanzlerWerden<\/a> <a href=\"https:\/\/t.co\/s81dtPPjNB\">pic.twitter.com\/s81dtPPjNB<\/a><\/p>\n<p>&mdash; M\u03a3LVI\u041f (@debaNGk) <a href=\"https:\/\/twitter.com\/debaNGk\/status\/1416512204325720067?ref_src=twsrc%5Etfw\">July 17, 2021<\/a><\/p><\/blockquote>\n<p><script async src=\"https:\/\/platform.twitter.com\/widgets.js\" charset=\"utf-8\"><\/script><\/div>\n<p>&nbsp;<br \/>\n<strong>Laschet bat auf Twitter um Entschuldigung.<\/strong><\/p>\n<div class=\"dbsm-oembed\">\n<blockquote class=\"twitter-tweet\" data-width=\"500\" data-dnt=\"true\">\n<p lang=\"de\" dir=\"ltr\">Ich danke dem Bundespr\u00e4sidenten f\u00fcr seinen Besuch. Uns liegt das Schicksal der Betroffenen am Herzen, von dem wir in vielen Gespr\u00e4chen geh\u00f6rt haben. Umso mehr bedauere ich den Eindruck, der durch eine Gespr\u00e4chssituation entstanden ist. Dies war unpassend und es tut mir leid.<\/p>\n<p>&mdash; Armin Laschet (@ArminLaschet) <a href=\"https:\/\/twitter.com\/ArminLaschet\/status\/1416449185172369411?ref_src=twsrc%5Etfw\">July 17, 2021<\/a><\/p><\/blockquote>\n<p><script async src=\"https:\/\/platform.twitter.com\/widgets.js\" charset=\"utf-8\"><\/script><\/div>\n<p>&nbsp;<br \/>\n<strong>Viele fanden sein Verhalten jedoch unverzeihlich und seine Entschuldigung scheinheilig. Insbesondere Betroffene und Helfer f\u00fchlten sich geradezu verh\u00f6hnt.<\/strong><\/p>\n<div class=\"dbsm-oembed\">\n<blockquote class=\"twitter-tweet\" data-width=\"500\" data-dnt=\"true\">\n<p lang=\"de\" dir=\"ltr\">Es bleibt dabei:<br \/>Laschet erscheint immer dann am souver\u00e4nsten, wenn er nicht auftaucht.<\/p>\n<p>&mdash; Micky Beisenherz \ud83c\udf4c (@MickyBeisenherz) <a href=\"https:\/\/twitter.com\/MickyBeisenherz\/status\/1416686563363262466?ref_src=twsrc%5Etfw\">July 18, 2021<\/a><\/p><\/blockquote>\n<p><script async src=\"https:\/\/platform.twitter.com\/widgets.js\" charset=\"utf-8\"><\/script><\/div>\n<div class=\"dbsm-oembed\">\n<blockquote class=\"twitter-tweet\" data-width=\"500\" data-dnt=\"true\">\n<p lang=\"de\" dir=\"ltr\">Hab Armin Laschet noch nie so gl\u00fccklich wie w\u00e4hrend Steinmeiers Ansprache gesehen!<\/p>\n<p>&mdash; Aurel (@aurelmertz) <a href=\"https:\/\/twitter.com\/aurelmertz\/status\/1416460934390992903?ref_src=twsrc%5Etfw\">July 17, 2021<\/a><\/p><\/blockquote>\n<p><script async src=\"https:\/\/platform.twitter.com\/widgets.js\" charset=\"utf-8\"><\/script><\/div>\n<div class=\"dbsm-oembed\">\n<blockquote class=\"twitter-tweet\" data-width=\"500\" data-dnt=\"true\">\n<p lang=\"de\" dir=\"ltr\">Armin <a href=\"https:\/\/twitter.com\/hashtag\/Laschet?src=hash&amp;ref_src=twsrc%5Etfw\">#Laschet<\/a> macht sich auf den Weg ins Kanzleramt. <a href=\"https:\/\/t.co\/dfHcNSZ1jh\">pic.twitter.com\/dfHcNSZ1jh<\/a><\/p>\n<p>&mdash; Roberto (@roberto_blanko) <a href=\"https:\/\/twitter.com\/roberto_blanko\/status\/1416435939069636608?ref_src=twsrc%5Etfw\">July 17, 2021<\/a><\/p><\/blockquote>\n<p><script async src=\"https:\/\/platform.twitter.com\/widgets.js\" charset=\"utf-8\"><\/script><\/div>\n<blockquote class=\"twitter-tweet\" data-conversation=\"none\">\n<p lang=\"de\" dir=\"ltr\">M\u00f6chten Sie uns nicht einfach den Witz erz\u00e4hlen, der so lustig war, dass er Sie im Angesicht all dieses Leids zum Lachen gebracht hat? Wenn Sie sich schon nicht f\u00fcr Ihr Verhalten entschuldigen: Wie w\u00e4re es zumindest mit einer plausiblen Erkl\u00e4rung?<\/p>\n<p>&mdash; Sarah Bosetti (@sarahbosetti) <a href=\"https:\/\/twitter.com\/sarahbosetti\/status\/1416469445418029062?ref_src=twsrc%5Etfw\">July 17, 2021<\/a><\/p><\/blockquote>\n<p> <script async src=\"https:\/\/platform.twitter.com\/widgets.js\" charset=\"utf-8\"><\/script><\/p>\n<blockquote class=\"twitter-tweet\" data-conversation=\"none\">\n<p lang=\"de\" dir=\"ltr\">Sie entschuldigen sich nicht f\u00fcr ihr unw\u00fcrdiges Fehlverhalten, sondern f\u00fcr den &quot;Eindruck (!), der entstanden ist&quot;. Das ist eine klassische Nonpology und macht alles noch viel schlimmer. Sch\u00e4men Sie sich.<\/p>\n<p>&mdash; Robert Fietzke (@robert_fietzke) <a href=\"https:\/\/twitter.com\/robert_fietzke\/status\/1416464057507397632?ref_src=twsrc%5Etfw\">July 17, 2021<\/a><\/p><\/blockquote>\n<p> <script async src=\"https:\/\/platform.twitter.com\/widgets.js\" charset=\"utf-8\"><\/script><\/p>\n<div class=\"dbsm-oembed\">\n<blockquote class=\"twitter-tweet\" data-width=\"500\" data-dnt=\"true\">\n<p lang=\"de\" dir=\"ltr\">Ich bin so sauer auf <a href=\"https:\/\/twitter.com\/hashtag\/Laschetlacht?src=hash&amp;ref_src=twsrc%5Etfw\">#Laschetlacht<\/a> meine Mutter weint, weil sie ihr Haus und alle ihre Sachen verloren hat. Sie wei\u00df nicht wie sie weiter machen soll, 2 ihrer Nachbarn sind bei dem Hochwasser umgekommen, aber \u00fcber solche Dinge kann der Herr Laschet ja nur lachen. <a href=\"https:\/\/twitter.com\/hashtag\/unwaehlbar?src=hash&amp;ref_src=twsrc%5Etfw\">#unwaehlbar<\/a><\/p>\n<p>&mdash; Chrissy Black \ud83c\udff3\ufe0f\u200d\ud83c\udf08 (@Kaschupaja) <a href=\"https:\/\/twitter.com\/Kaschupaja\/status\/1416546394316345344?ref_src=twsrc%5Etfw\">July 17, 2021<\/a><\/p><\/blockquote>\n<p><script async src=\"https:\/\/platform.twitter.com\/widgets.js\" charset=\"utf-8\"><\/script><\/div>\n<div class=\"dbsm-oembed\">\n<blockquote class=\"twitter-tweet\" data-width=\"500\" data-dnt=\"true\">\n<p lang=\"de\" dir=\"ltr\">Frage nicht, was du f\u00fcr dein Land tun k\u00f6nntest. Frage, wor\u00fcber Armin laschet lacht. <a href=\"https:\/\/t.co\/AVHKVObyBl\">pic.twitter.com\/AVHKVObyBl<\/a><\/p>\n<p>&mdash; Budsen he\/him Faschist (@BodoMdB) <a href=\"https:\/\/twitter.com\/BodoMdB\/status\/1416839049608941572?ref_src=twsrc%5Etfw\">July 18, 2021<\/a><\/p><\/blockquote>\n<p><script async src=\"https:\/\/platform.twitter.com\/widgets.js\" charset=\"utf-8\"><\/script><\/div>\n<p>&nbsp;<br \/>\n<strong>Im Gegensatz dazu Merkel und Dreyer, die auf verschiedenen Ebenen Empathie ausstrahlten.<\/strong><\/p>\n<div class=\"dbsm-oembed\">\n<blockquote class=\"twitter-tweet\" data-width=\"500\" data-dnt=\"true\">\n<p lang=\"de\" dir=\"ltr\">Ein Foto, das einmal mehr zeigt, warum Frauen unser Land regieren sollten \ud83e\udd70  \ud83c\udff3\ufe0f\u200d\u26a7\ufe0f\ud83c\udde9\ud83c\uddea\ud83c\udff3\ufe0f\u200d\ud83c\udf08 <a href=\"https:\/\/t.co\/aY1aHtET9u\">pic.twitter.com\/aY1aHtET9u<\/a><\/p>\n<p>&mdash; Georgine Kellermann she\/her \ud83d\udcef\ud83c\udff3\ufe0f\u200d\u26a7\ufe0f\ud83c\udff3\ufe0f\u200d\ud83c\udf08 (@GeorgineKellerm) <a href=\"https:\/\/twitter.com\/GeorgineKellerm\/status\/1416772003751727104?ref_src=twsrc%5Etfw\">July 18, 2021<\/a><\/p><\/blockquote>\n<p><script async src=\"https:\/\/platform.twitter.com\/widgets.js\" charset=\"utf-8\"><\/script><\/div>\n<p>https:\/\/twitter.com\/LillyBlaudszun\/status\/1416775567375052806<\/p>\n<div class=\"dbsm-oembed\">\n<blockquote class=\"twitter-tweet\" data-width=\"500\" data-dnt=\"true\">\n<p lang=\"de\" dir=\"ltr\">Ein Bild mit <a href=\"https:\/\/twitter.com\/hashtag\/Symbolkraft?src=hash&amp;ref_src=twsrc%5Etfw\">#Symbolkraft<\/a>. Was f\u00fcr ein Unterschied zu dem, was wir gestern sehen mussten. <a href=\"https:\/\/twitter.com\/hashtag\/Merkel?src=hash&amp;ref_src=twsrc%5Etfw\">#Merkel<\/a> <a href=\"https:\/\/twitter.com\/hashtag\/Dreyer?src=hash&amp;ref_src=twsrc%5Etfw\">#Dreyer<\/a> <a href=\"https:\/\/twitter.com\/hashtag\/Laschet?src=hash&amp;ref_src=twsrc%5Etfw\">#Laschet<\/a> <a href=\"https:\/\/t.co\/oCXHCvKAul\">pic.twitter.com\/oCXHCvKAul<\/a><\/p>\n<p>&mdash; Franz-J. J\u00e4ger (@jaeger29) <a href=\"https:\/\/twitter.com\/jaeger29\/status\/1416726807236186114?ref_src=twsrc%5Etfw\">July 18, 2021<\/a><\/p><\/blockquote>\n<p><script async src=\"https:\/\/platform.twitter.com\/widgets.js\" charset=\"utf-8\"><\/script><\/div>\n<p>https:\/\/twitter.com\/leonie_stella9\/status\/1416768413473574913<\/p>\n<p>https:\/\/twitter.com\/Gittegrafie\/status\/1416722828766887938<\/p>\n<div class=\"dbsm-oembed\">\n<blockquote class=\"twitter-tweet\" data-width=\"500\" data-dnt=\"true\">\n<p lang=\"de\" dir=\"ltr\">Aus meiner eigenen Familie wei\u00df ich, wie schwer ein Leben mit einer Multiple-Sklerose-Erkrankung sein kann. Deshalb r\u00fchrt es mich sehr, zu sehen, wie hier Angela <a href=\"https:\/\/twitter.com\/hashtag\/Merkel?src=hash&amp;ref_src=twsrc%5Etfw\">#Merkel<\/a> Malu <a href=\"https:\/\/twitter.com\/hashtag\/Dreyer?src=hash&amp;ref_src=twsrc%5Etfw\">#Dreyer<\/a> st\u00fctzt. Tolles Bild. <a href=\"https:\/\/twitter.com\/hashtag\/Hochwasser?src=hash&amp;ref_src=twsrc%5Etfw\">#Hochwasser<\/a> <a href=\"https:\/\/twitter.com\/hashtag\/Flutkatastrophe?src=hash&amp;ref_src=twsrc%5Etfw\">#Flutkatastrophe<\/a> <a href=\"https:\/\/twitter.com\/hashtag\/MS?src=hash&amp;ref_src=twsrc%5Etfw\">#MS<\/a> <a href=\"https:\/\/t.co\/oovvVYI3pj\">pic.twitter.com\/oovvVYI3pj<\/a><\/p>\n<p>&mdash; Patrick Diekmann (@patdiekmann) <a href=\"https:\/\/twitter.com\/patdiekmann\/status\/1416759700754997254?ref_src=twsrc%5Etfw\">July 18, 2021<\/a><\/p><\/blockquote>\n<p><script async src=\"https:\/\/platform.twitter.com\/widgets.js\" charset=\"utf-8\"><\/script><\/div>\n<p>&nbsp;<br \/>\n<strong>\u00c4hnlich der B\u00fcrgermeister von Schuld, der mit den Tr\u00e4nen zu k\u00e4mpfen hatte.<\/strong><\/p>\n<div class=\"dbsm-oembed\">\n<blockquote class=\"twitter-tweet\" data-width=\"500\" data-dnt=\"true\">\n<p lang=\"de\" dir=\"ltr\">Beim Besuch von Merkel und Dreyer in der Gemeinde <a href=\"https:\/\/twitter.com\/hashtag\/Schuld?src=hash&amp;ref_src=twsrc%5Etfw\">#Schuld<\/a> gibt B\u00fcrgermeister Helmut Lussi ein bewegendes Statement ab. Er spricht \u00fcber die Erleichterung, dass es in seinem Ort keine Todesopfer gab, aber auch \u00fcber die Zerst\u00f6rung und die Millionensch\u00e4den. Dann kommt diese Szene. <a href=\"https:\/\/t.co\/7i5ddAgLi7\">pic.twitter.com\/7i5ddAgLi7<\/a><\/p>\n<p>&mdash; Marius Mestermann (@DerMestermann) <a href=\"https:\/\/twitter.com\/DerMestermann\/status\/1416744032286425090?ref_src=twsrc%5Etfw\">July 18, 2021<\/a><\/p><\/blockquote>\n<p><script async src=\"https:\/\/platform.twitter.com\/widgets.js\" charset=\"utf-8\"><\/script><\/div>\n<p>&nbsp;<br \/>\n<strong>W\u00e4hrend der PK r\u00fcgte Merkel eine Bild-Reporterin. Diese hatte eine B\u00fcrgerin, die eine Frage an Dreyer stellte, noch w\u00e4hrend Dreyers Antwort in ein Interview verwickelt.<\/strong><\/p>\n<p>https:\/\/twitter.com\/lasersushi\/status\/1416748173327020033<\/p>\n<div class=\"dbsm-oembed\">\n<blockquote class=\"twitter-tweet\" data-width=\"500\" data-dnt=\"true\">\n<p lang=\"de\" dir=\"ltr\">Kanzlerin <a href=\"https:\/\/twitter.com\/hashtag\/Merkel?src=hash&amp;ref_src=twsrc%5Etfw\">#Merkel<\/a> vs. Bild. \ud83d\udc4a\u263a\ufe0f<a href=\"https:\/\/twitter.com\/hashtag\/Hochwasser?src=hash&amp;ref_src=twsrc%5Etfw\">#Hochwasser<\/a> <a href=\"https:\/\/twitter.com\/hashtag\/Flutkatastrophe?src=hash&amp;ref_src=twsrc%5Etfw\">#Flutkatastrophe<\/a> <a href=\"https:\/\/twitter.com\/hashtag\/Dreyer?src=hash&amp;ref_src=twsrc%5Etfw\">#Dreyer<\/a> <a href=\"https:\/\/twitter.com\/hashtag\/Klimakrise?src=hash&amp;ref_src=twsrc%5Etfw\">#Klimakrise<\/a> <a href=\"https:\/\/t.co\/MU1mqF2iOY\">pic.twitter.com\/MU1mqF2iOY<\/a><\/p>\n<p>&mdash; Patrick Diekmann (@patdiekmann) <a href=\"https:\/\/twitter.com\/patdiekmann\/status\/1416748822831763464?ref_src=twsrc%5Etfw\">July 18, 2021<\/a><\/p><\/blockquote>\n<p><script async src=\"https:\/\/platform.twitter.com\/widgets.js\" charset=\"utf-8\"><\/script><\/div>\n<div class=\"dbsm-oembed\">\n<blockquote class=\"twitter-tweet\" data-width=\"500\" data-dnt=\"true\">\n<p lang=\"de\" dir=\"ltr\">Was fehlenden Anstand und mangelnden Respekt angeht, passen die BILD und Armin Laschet hervorragend zueinander.<a href=\"https:\/\/t.co\/r5tXGDBWKH\">pic.twitter.com\/r5tXGDBWKH<\/a><\/p>\n<p>&mdash; Stephan Anpalagan (@stephanpalagan) <a href=\"https:\/\/twitter.com\/stephanpalagan\/status\/1416791989476118529?ref_src=twsrc%5Etfw\">July 18, 2021<\/a><\/p><\/blockquote>\n<p><script async src=\"https:\/\/platform.twitter.com\/widgets.js\" charset=\"utf-8\"><\/script><\/div>\n<p>&nbsp;<br \/>\n<strong>Mangelnde W\u00fcrde im Amt konnte man Angela Merkel nie vorwerfen.<\/strong><\/p>\n<div class=\"dbsm-oembed\">\n<blockquote class=\"twitter-tweet\" data-width=\"500\" data-dnt=\"true\">\n<p lang=\"de\" dir=\"ltr\">Ich denke, wir sind mittlerweile an dem Punkt angelangt, an dem sich selbst Angela Merkel f\u00fcr &quot;ihren&quot; Kanzlerkandidaten und CDU-Vorsitzenden Armin Laschet sch\u00e4mt.<\/p>\n<p>&mdash; Kaffeecup (@kaffeecup) <a href=\"https:\/\/twitter.com\/kaffeecup\/status\/1416739114746003457?ref_src=twsrc%5Etfw\">July 18, 2021<\/a><\/p><\/blockquote>\n<p><script async src=\"https:\/\/platform.twitter.com\/widgets.js\" charset=\"utf-8\"><\/script><\/div>\n<div class=\"dbsm-oembed\">\n<blockquote class=\"twitter-tweet\" data-width=\"500\" data-dnt=\"true\">\n<p lang=\"de\" dir=\"ltr\">Am Ende wuchtet sich Merkel aus ihrem Ohrensessel, klappt das Agatha-Christie-Buch zu und sagt mit einem tiefen Seufzer: \u201eOk dann mach ich es halt noch mal selbst, ihr Trottel.\u201c<\/p>\n<p>&mdash; Nils Bomhoff (@boedefeld_) <a href=\"https:\/\/twitter.com\/boedefeld_\/status\/1416696806369636355?ref_src=twsrc%5Etfw\">July 18, 2021<\/a><\/p><\/blockquote>\n<p><script async src=\"https:\/\/platform.twitter.com\/widgets.js\" charset=\"utf-8\"><\/script><\/div>\n<div class=\"dbsm-oembed\">\n<blockquote class=\"twitter-tweet\" data-width=\"500\" data-dnt=\"true\">\n<p lang=\"de\" dir=\"ltr\">Merkel h\u00e4tte nicht gelacht<\/p>\n<p>&mdash; Anwaltsgelaber (@anwaltsgelaber) <a href=\"https:\/\/twitter.com\/anwaltsgelaber\/status\/1416464699819020299?ref_src=twsrc%5Etfw\">July 17, 2021<\/a><\/p><\/blockquote>\n<p><script async src=\"https:\/\/platform.twitter.com\/widgets.js\" charset=\"utf-8\"><\/script><\/div>\n<p>&nbsp;<br \/>\n<a href=\"mailto:dion@thebest.social\"><img loading=\"lazy\" decoding=\"async\" src=\"https:\/\/www.thebestsocial.media\/de\/wp-content\/uploads\/sites\/3\/2021\/04\/Studio-Promo-Banner-1024x538.png\" alt=\"\" width=\"1024\" height=\"538\" class=\"alignnone size-large wp-image-144565\" srcset=\"https:\/\/www.thebestsocial.media\/de\/wp-content\/uploads\/sites\/3\/2021\/04\/Studio-Promo-Banner-1024x538.png 1024w, https:\/\/www.thebestsocial.media\/de\/wp-content\/uploads\/sites\/3\/2021\/04\/Studio-Promo-Banner-300x158.png 300w, https:\/\/www.thebestsocial.media\/de\/wp-content\/uploads\/sites\/3\/2021\/04\/Studio-Promo-Banner-768x403.png 768w, https:\/\/www.thebestsocial.media\/de\/wp-content\/uploads\/sites\/3\/2021\/04\/Studio-Promo-Banner.png 1200w\" sizes=\"auto, (max-width: 1024px) 100vw, 1024px\" \/><\/a><\/p>\n<p>&nbsp;<\/p>\n<p>&#8212;<br \/>\nVielen Dank an alle f\u00fcr die Posts.<br \/>\n&#8212;<br \/>\n<strong>Keine Influencer! Kein Foodporn! Nur ganz viel Spa\u00df &#8211; bei uns auf Instagram:<\/strong><\/p>\n<blockquote class=\"instagram-media\" data-instgrm-captioned data-instgrm-permalink=\"https:\/\/www.instagram.com\/p\/CRWavzLljlk\/?utm_source=ig_embed&amp;utm_campaign=loading\" data-instgrm-version=\"13\" style=\" background:#FFF; border:0; border-radius:3px; box-shadow:0 0 1px 0 rgba(0,0,0,0.5),0 1px 10px 0 rgba(0,0,0,0.15); margin: 1px; max-width:540px; min-width:326px; padding:0; width:99.375%; width:-webkit-calc(100% - 2px); width:calc(100% - 2px);\">\n<div style=\"padding:16px;\"> <a href=\"https:\/\/www.instagram.com\/p\/CRWavzLljlk\/?utm_source=ig_embed&amp;utm_campaign=loading\" style=\" background:#FFFFFF; line-height:0; padding:0 0; text-align:center; text-decoration:none; width:100%;\" target=\"_blank\" rel=\"noopener\"> <\/p>\n<div style=\" display: flex; flex-direction: row; align-items: center;\">\n<div style=\"background-color: #F4F4F4; border-radius: 50%; flex-grow: 0; height: 40px; margin-right: 14px; width: 40px;\"><\/div>\n<div style=\"display: flex; flex-direction: column; flex-grow: 1; justify-content: center;\">\n<div style=\" background-color: #F4F4F4; border-radius: 4px; flex-grow: 0; height: 14px; margin-bottom: 6px; width: 100px;\"><\/div>\n<div style=\" background-color: #F4F4F4; border-radius: 4px; flex-grow: 0; height: 14px; width: 60px;\"><\/div>\n<\/div>\n<\/div>\n<div style=\"padding: 19% 0;\"><\/div>\n<div style=\"display:block; height:50px; margin:0 auto 12px; width:50px;\"><svg width=\"50px\" height=\"50px\" viewBox=\"0 0 60 60\" version=\"1.1\" xmlns=\"https:\/\/www.w3.org\/2000\/svg\" xmlns:xlink=\"https:\/\/www.w3.org\/1999\/xlink\"><g stroke=\"none\" stroke-width=\"1\" fill=\"none\" fill-rule=\"evenodd\"><g transform=\"translate(-511.000000, -20.000000)\" fill=\"#000000\"><g><path d=\"M556.869,30.41 C554.814,30.41 553.148,32.076 553.148,34.131 C553.148,36.186 554.814,37.852 556.869,37.852 C558.924,37.852 560.59,36.186 560.59,34.131 C560.59,32.076 558.924,30.41 556.869,30.41 M541,60.657 C535.114,60.657 530.342,55.887 530.342,50 C530.342,44.114 535.114,39.342 541,39.342 C546.887,39.342 551.658,44.114 551.658,50 C551.658,55.887 546.887,60.657 541,60.657 M541,33.886 C532.1,33.886 524.886,41.1 524.886,50 C524.886,58.899 532.1,66.113 541,66.113 C549.9,66.113 557.115,58.899 557.115,50 C557.115,41.1 549.9,33.886 541,33.886 M565.378,62.101 C565.244,65.022 564.756,66.606 564.346,67.663 C563.803,69.06 563.154,70.057 562.106,71.106 C561.058,72.155 560.06,72.803 558.662,73.347 C557.607,73.757 556.021,74.244 553.102,74.378 C549.944,74.521 548.997,74.552 541,74.552 C533.003,74.552 532.056,74.521 528.898,74.378 C525.979,74.244 524.393,73.757 523.338,73.347 C521.94,72.803 520.942,72.155 519.894,71.106 C518.846,70.057 518.197,69.06 517.654,67.663 C517.244,66.606 516.755,65.022 516.623,62.101 C516.479,58.943 516.448,57.996 516.448,50 C516.448,42.003 516.479,41.056 516.623,37.899 C516.755,34.978 517.244,33.391 517.654,32.338 C518.197,30.938 518.846,29.942 519.894,28.894 C520.942,27.846 521.94,27.196 523.338,26.654 C524.393,26.244 525.979,25.756 528.898,25.623 C532.057,25.479 533.004,25.448 541,25.448 C548.997,25.448 549.943,25.479 553.102,25.623 C556.021,25.756 557.607,26.244 558.662,26.654 C560.06,27.196 561.058,27.846 562.106,28.894 C563.154,29.942 563.803,30.938 564.346,32.338 C564.756,33.391 565.244,34.978 565.378,37.899 C565.522,41.056 565.552,42.003 565.552,50 C565.552,57.996 565.522,58.943 565.378,62.101 M570.82,37.631 C570.674,34.438 570.167,32.258 569.425,30.349 C568.659,28.377 567.633,26.702 565.965,25.035 C564.297,23.368 562.623,22.342 560.652,21.575 C558.743,20.834 556.562,20.326 553.369,20.18 C550.169,20.033 549.148,20 541,20 C532.853,20 531.831,20.033 528.631,20.18 C525.438,20.326 523.257,20.834 521.349,21.575 C519.376,22.342 517.703,23.368 516.035,25.035 C514.368,26.702 513.342,28.377 512.574,30.349 C511.834,32.258 511.326,34.438 511.181,37.631 C511.035,40.831 511,41.851 511,50 C511,58.147 511.035,59.17 511.181,62.369 C511.326,65.562 511.834,67.743 512.574,69.651 C513.342,71.625 514.368,73.296 516.035,74.965 C517.703,76.634 519.376,77.658 521.349,78.425 C523.257,79.167 525.438,79.673 528.631,79.82 C531.831,79.965 532.853,80.001 541,80.001 C549.148,80.001 550.169,79.965 553.369,79.82 C556.562,79.673 558.743,79.167 560.652,78.425 C562.623,77.658 564.297,76.634 565.965,74.965 C567.633,73.296 568.659,71.625 569.425,69.651 C570.167,67.743 570.674,65.562 570.82,62.369 C570.966,59.17 571,58.147 571,50 C571,41.851 570.966,40.831 570.82,37.631\"><\/path><\/g><\/g><\/g><\/svg><\/div>\n<div style=\"padding-top: 8px;\">\n<div style=\" color:#3897f0; font-family:Arial,sans-serif; font-size:14px; font-style:normal; font-weight:550; line-height:18px;\"> Sieh dir diesen Beitrag auf Instagram an<\/div>\n<\/div>\n<div style=\"padding: 12.5% 0;\"><\/div>\n<div style=\"display: flex; flex-direction: row; margin-bottom: 14px; align-items: center;\">\n<div>\n<div style=\"background-color: #F4F4F4; border-radius: 50%; height: 12.5px; width: 12.5px; transform: translateX(0px) translateY(7px);\"><\/div>\n<div style=\"background-color: #F4F4F4; height: 12.5px; transform: rotate(-45deg) translateX(3px) translateY(1px); width: 12.5px; flex-grow: 0; margin-right: 14px; margin-left: 2px;\"><\/div>\n<div style=\"background-color: #F4F4F4; border-radius: 50%; height: 12.5px; width: 12.5px; transform: translateX(9px) translateY(-18px);\"><\/div>\n<\/div>\n<div style=\"margin-left: 8px;\">\n<div style=\" background-color: #F4F4F4; border-radius: 50%; flex-grow: 0; height: 20px; width: 20px;\"><\/div>\n<div style=\" width: 0; height: 0; border-top: 2px solid transparent; border-left: 6px solid #f4f4f4; border-bottom: 2px solid transparent; transform: translateX(16px) translateY(-4px) rotate(30deg)\"><\/div>\n<\/div>\n<div style=\"margin-left: auto;\">\n<div style=\" width: 0px; border-top: 8px solid #F4F4F4; border-right: 8px solid transparent; transform: translateY(16px);\"><\/div>\n<div style=\" background-color: #F4F4F4; flex-grow: 0; height: 12px; width: 16px; transform: translateY(-4px);\"><\/div>\n<div style=\" width: 0; height: 0; border-top: 8px solid #F4F4F4; border-left: 8px solid transparent; transform: translateY(-4px) translateX(8px);\"><\/div>\n<\/div>\n<\/div>\n<div style=\"display: flex; flex-direction: column; flex-grow: 1; justify-content: center; margin-bottom: 24px;\">\n<div style=\" background-color: #F4F4F4; border-radius: 4px; flex-grow: 0; height: 14px; margin-bottom: 6px; width: 224px;\"><\/div>\n<div style=\" background-color: #F4F4F4; border-radius: 4px; flex-grow: 0; height: 14px; width: 144px;\"><\/div>\n<\/div>\n<p><\/a><\/p>\n<p style=\" color:#c9c8cd; font-family:Arial,sans-serif; font-size:14px; line-height:17px; margin-bottom:0; margin-top:8px; overflow:hidden; padding:8px 0 7px; text-align:center; text-overflow:ellipsis; white-space:nowrap;\"><a href=\"https:\/\/www.instagram.com\/p\/CRWavzLljlk\/?utm_source=ig_embed&amp;utm_campaign=loading\" style=\" color:#c9c8cd; font-family:Arial,sans-serif; font-size:14px; font-style:normal; font-weight:normal; line-height:17px; text-decoration:none;\" target=\"_blank\" rel=\"noopener\">Ein Beitrag geteilt von The Best Social Media &#8211; DE (@thebestsocialmediade)<\/a><\/p>\n<\/div>\n<\/blockquote>\n\n<script async defer src=\"\/instagram-embed.js\"><\/script>","protected":false},"excerpt":{"rendered":"<p>Am Samstag besuchten Bundespr\u00e4sident Frank-Walter Steinmeier und NRWs Ministerpr\u00e4sident Armin Laschet die betroffenen Hochwassergebiete. Am Sonntag machte sich dann Bundeskanzlerin Angela Merkel gemeinsam mit der&#8230;<\/p>\n","protected":false},"author":72,"featured_media":147749,"comment_status":"open","ping_status":"open","sticky":false,"template":"","format":"standard","meta":{"_acf_changed":false,"footnotes":""},"categories":[35],"tags":[187,4603,4645],"class_list":["post-147747","post","type-post","status-publish","format-standard","has-post-thumbnail","hentry","category-twitter","tag-angela-merkel","tag-armin-laschet","tag-hochwasser"],"acf":[],"yoast_head":"<!-- This site is optimized with the Yoast SEO plugin v27.5 - https:\/\/yoast.com\/product\/yoast-seo-wordpress\/ -->\n<title>Laschet &amp; Merkel: So verschieden waren die Auftritte im Hochwassergebiet<\/title>\n<meta name=\"description\" content=\"Die Auftritte von Laschet und Merkel in den betroffenen Hochwassergebieten h\u00e4tten unterschiedlicher nicht sein k\u00f6nnen, wie diese Posts zeigen.\" \/>\n<meta name=\"robots\" content=\"index, follow, max-snippet:-1, max-image-preview:large, max-video-preview:-1\" \/>\n<link rel=\"canonical\" href=\"https:\/\/www.thebestsocial.media\/de\/laschet-merkel-flut\/\" \/>\n<meta property=\"og:locale\" content=\"de_DE\" \/>\n<meta property=\"og:type\" content=\"article\" \/>\n<meta property=\"og:title\" content=\"Laschet und Merkel: Posts zeigen, wie verschieden die Auftritte im Hochwassergebiet waren\" \/>\n<meta property=\"og:description\" content=\"Die Auftritte von Laschet und Merkel in den betroffenen Hochwassergebieten h\u00e4tten unterschiedlicher nicht sein k\u00f6nnen, wie diese Posts zeigen.\" \/>\n<meta property=\"og:url\" content=\"https:\/\/www.thebestsocial.media\/de\/laschet-merkel-flut\/\" \/>\n<meta property=\"og:site_name\" content=\"The Best Social Media DE\" \/>\n<meta property=\"article:published_time\" content=\"2021-07-19T09:18:49+00:00\" \/>\n<meta property=\"article:modified_time\" content=\"2021-07-19T11:05:25+00:00\" \/>\n<meta property=\"og:image\" content=\"https:\/\/www.thebestsocial.media\/de\/wp-content\/uploads\/sites\/3\/2021\/07\/flut-fb.png\" \/>\n\t<meta property=\"og:image:width\" content=\"1200\" \/>\n\t<meta property=\"og:image:height\" content=\"630\" \/>\n\t<meta property=\"og:image:type\" content=\"image\/png\" \/>\n<meta name=\"author\" content=\"Benny\" \/>\n<meta name=\"twitter:card\" content=\"summary_large_image\" \/>\n<meta name=\"twitter:label1\" content=\"Verfasst von\" \/>\n\t<meta name=\"twitter:data1\" content=\"Benny\" \/>\n\t<meta name=\"twitter:label2\" content=\"Gesch\u00e4tzte Lesezeit\" \/>\n\t<meta name=\"twitter:data2\" content=\"1\u00a0Minute\" \/>\n<script type=\"application\/ld+json\" class=\"yoast-schema-graph\">{\"@context\":\"https:\\\/\\\/schema.org\",\"@graph\":[{\"@type\":\"Article\",\"@id\":\"https:\\\/\\\/www.thebestsocial.media\\\/de\\\/laschet-merkel-flut\\\/#article\",\"isPartOf\":{\"@id\":\"https:\\\/\\\/www.thebestsocial.media\\\/de\\\/laschet-merkel-flut\\\/\"},\"author\":{\"name\":\"Benny\",\"@id\":\"https:\\\/\\\/www.thebestsocial.media\\\/de\\\/#\\\/schema\\\/person\\\/212fdd48880db42a484e589e4e27871b\"},\"headline\":\"Laschet und Merkel: Posts zeigen, wie verschieden die Auftritte im Hochwassergebiet waren\",\"datePublished\":\"2021-07-19T09:18:49+00:00\",\"dateModified\":\"2021-07-19T11:05:25+00:00\",\"mainEntityOfPage\":{\"@id\":\"https:\\\/\\\/www.thebestsocial.media\\\/de\\\/laschet-merkel-flut\\\/\"},\"wordCount\":486,\"commentCount\":0,\"image\":{\"@id\":\"https:\\\/\\\/www.thebestsocial.media\\\/de\\\/laschet-merkel-flut\\\/#primaryimage\"},\"thumbnailUrl\":\"https:\\\/\\\/www.thebestsocial.media\\\/de\\\/wp-content\\\/uploads\\\/sites\\\/3\\\/2021\\\/07\\\/flut-thumb.png\",\"keywords\":[\"Angela Merkel\",\"Armin Laschet\",\"Hochwasser\"],\"articleSection\":[\"Twitter\"],\"inLanguage\":\"de\",\"potentialAction\":[{\"@type\":\"CommentAction\",\"name\":\"Comment\",\"target\":[\"https:\\\/\\\/www.thebestsocial.media\\\/de\\\/laschet-merkel-flut\\\/#respond\"]}]},{\"@type\":\"WebPage\",\"@id\":\"https:\\\/\\\/www.thebestsocial.media\\\/de\\\/laschet-merkel-flut\\\/\",\"url\":\"https:\\\/\\\/www.thebestsocial.media\\\/de\\\/laschet-merkel-flut\\\/\",\"name\":\"Laschet & Merkel: So verschieden waren die Auftritte im Hochwassergebiet\",\"isPartOf\":{\"@id\":\"https:\\\/\\\/www.thebestsocial.media\\\/de\\\/#website\"},\"primaryImageOfPage\":{\"@id\":\"https:\\\/\\\/www.thebestsocial.media\\\/de\\\/laschet-merkel-flut\\\/#primaryimage\"},\"image\":{\"@id\":\"https:\\\/\\\/www.thebestsocial.media\\\/de\\\/laschet-merkel-flut\\\/#primaryimage\"},\"thumbnailUrl\":\"https:\\\/\\\/www.thebestsocial.media\\\/de\\\/wp-content\\\/uploads\\\/sites\\\/3\\\/2021\\\/07\\\/flut-thumb.png\",\"datePublished\":\"2021-07-19T09:18:49+00:00\",\"dateModified\":\"2021-07-19T11:05:25+00:00\",\"author\":{\"@id\":\"https:\\\/\\\/www.thebestsocial.media\\\/de\\\/#\\\/schema\\\/person\\\/212fdd48880db42a484e589e4e27871b\"},\"description\":\"Die Auftritte von Laschet und Merkel in den betroffenen Hochwassergebieten h\u00e4tten unterschiedlicher nicht sein k\u00f6nnen, wie diese Posts zeigen.\",\"breadcrumb\":{\"@id\":\"https:\\\/\\\/www.thebestsocial.media\\\/de\\\/laschet-merkel-flut\\\/#breadcrumb\"},\"inLanguage\":\"de\",\"potentialAction\":[{\"@type\":\"ReadAction\",\"target\":[\"https:\\\/\\\/www.thebestsocial.media\\\/de\\\/laschet-merkel-flut\\\/\"]}]},{\"@type\":\"ImageObject\",\"inLanguage\":\"de\",\"@id\":\"https:\\\/\\\/www.thebestsocial.media\\\/de\\\/laschet-merkel-flut\\\/#primaryimage\",\"url\":\"https:\\\/\\\/www.thebestsocial.media\\\/de\\\/wp-content\\\/uploads\\\/sites\\\/3\\\/2021\\\/07\\\/flut-thumb.png\",\"contentUrl\":\"https:\\\/\\\/www.thebestsocial.media\\\/de\\\/wp-content\\\/uploads\\\/sites\\\/3\\\/2021\\\/07\\\/flut-thumb.png\",\"width\":1200,\"height\":630},{\"@type\":\"BreadcrumbList\",\"@id\":\"https:\\\/\\\/www.thebestsocial.media\\\/de\\\/laschet-merkel-flut\\\/#breadcrumb\",\"itemListElement\":[{\"@type\":\"ListItem\",\"position\":1,\"name\":\"Home\",\"item\":\"https:\\\/\\\/www.thebestsocial.media\\\/de\\\/\"},{\"@type\":\"ListItem\",\"position\":2,\"name\":\"Laschet und Merkel: Posts zeigen, wie verschieden die Auftritte im Hochwassergebiet waren\"}]},{\"@type\":\"WebSite\",\"@id\":\"https:\\\/\\\/www.thebestsocial.media\\\/de\\\/#website\",\"url\":\"https:\\\/\\\/www.thebestsocial.media\\\/de\\\/\",\"name\":\"The Best Social Media DE\",\"description\":\"\",\"potentialAction\":[{\"@type\":\"SearchAction\",\"target\":{\"@type\":\"EntryPoint\",\"urlTemplate\":\"https:\\\/\\\/www.thebestsocial.media\\\/de\\\/?s={search_term_string}\"},\"query-input\":{\"@type\":\"PropertyValueSpecification\",\"valueRequired\":true,\"valueName\":\"search_term_string\"}}],\"inLanguage\":\"de\"},{\"@type\":\"Person\",\"@id\":\"https:\\\/\\\/www.thebestsocial.media\\\/de\\\/#\\\/schema\\\/person\\\/212fdd48880db42a484e589e4e27871b\",\"name\":\"Benny\",\"image\":{\"@type\":\"ImageObject\",\"inLanguage\":\"de\",\"@id\":\"https:\\\/\\\/secure.gravatar.com\\\/avatar\\\/559f54fceb59ac8654d5ca40291d2ab87f2a9d79e48e8e3c19582477cde950bf?s=96&d=mm&r=g\",\"url\":\"https:\\\/\\\/secure.gravatar.com\\\/avatar\\\/559f54fceb59ac8654d5ca40291d2ab87f2a9d79e48e8e3c19582477cde950bf?s=96&d=mm&r=g\",\"contentUrl\":\"https:\\\/\\\/secure.gravatar.com\\\/avatar\\\/559f54fceb59ac8654d5ca40291d2ab87f2a9d79e48e8e3c19582477cde950bf?s=96&d=mm&r=g\",\"caption\":\"Benny\"},\"url\":\"https:\\\/\\\/www.thebestsocial.media\\\/de\\\/author\\\/bennykrueger\\\/\"}]}<\/script>\n<!-- \/ Yoast SEO plugin. -->","yoast_head_json":{"title":"Laschet & Merkel: So verschieden waren die Auftritte im Hochwassergebiet","description":"Die Auftritte von Laschet und Merkel in den betroffenen Hochwassergebieten h\u00e4tten unterschiedlicher nicht sein k\u00f6nnen, wie diese Posts zeigen.","robots":{"index":"index","follow":"follow","max-snippet":"max-snippet:-1","max-image-preview":"max-image-preview:large","max-video-preview":"max-video-preview:-1"},"canonical":"https:\/\/www.thebestsocial.media\/de\/laschet-merkel-flut\/","og_locale":"de_DE","og_type":"article","og_title":"Laschet und Merkel: Posts zeigen, wie verschieden die Auftritte im Hochwassergebiet waren","og_description":"Die Auftritte von Laschet und Merkel in den betroffenen Hochwassergebieten h\u00e4tten unterschiedlicher nicht sein k\u00f6nnen, wie diese Posts zeigen.","og_url":"https:\/\/www.thebestsocial.media\/de\/laschet-merkel-flut\/","og_site_name":"The Best Social Media DE","article_published_time":"2021-07-19T09:18:49+00:00","article_modified_time":"2021-07-19T11:05:25+00:00","og_image":[{"width":1200,"height":630,"url":"https:\/\/www.thebestsocial.media\/de\/wp-content\/uploads\/sites\/3\/2021\/07\/flut-fb.png","type":"image\/png"}],"author":"Benny","twitter_card":"summary_large_image","twitter_misc":{"Verfasst von":"Benny","Gesch\u00e4tzte Lesezeit":"1\u00a0Minute"},"schema":{"@context":"https:\/\/schema.org","@graph":[{"@type":"Article","@id":"https:\/\/www.thebestsocial.media\/de\/laschet-merkel-flut\/#article","isPartOf":{"@id":"https:\/\/www.thebestsocial.media\/de\/laschet-merkel-flut\/"},"author":{"name":"Benny","@id":"https:\/\/www.thebestsocial.media\/de\/#\/schema\/person\/212fdd48880db42a484e589e4e27871b"},"headline":"Laschet und Merkel: Posts zeigen, wie verschieden die Auftritte im Hochwassergebiet waren","datePublished":"2021-07-19T09:18:49+00:00","dateModified":"2021-07-19T11:05:25+00:00","mainEntityOfPage":{"@id":"https:\/\/www.thebestsocial.media\/de\/laschet-merkel-flut\/"},"wordCount":486,"commentCount":0,"image":{"@id":"https:\/\/www.thebestsocial.media\/de\/laschet-merkel-flut\/#primaryimage"},"thumbnailUrl":"https:\/\/www.thebestsocial.media\/de\/wp-content\/uploads\/sites\/3\/2021\/07\/flut-thumb.png","keywords":["Angela Merkel","Armin Laschet","Hochwasser"],"articleSection":["Twitter"],"inLanguage":"de","potentialAction":[{"@type":"CommentAction","name":"Comment","target":["https:\/\/www.thebestsocial.media\/de\/laschet-merkel-flut\/#respond"]}]},{"@type":"WebPage","@id":"https:\/\/www.thebestsocial.media\/de\/laschet-merkel-flut\/","url":"https:\/\/www.thebestsocial.media\/de\/laschet-merkel-flut\/","name":"Laschet & Merkel: So verschieden waren die Auftritte im Hochwassergebiet","isPartOf":{"@id":"https:\/\/www.thebestsocial.media\/de\/#website"},"primaryImageOfPage":{"@id":"https:\/\/www.thebestsocial.media\/de\/laschet-merkel-flut\/#primaryimage"},"image":{"@id":"https:\/\/www.thebestsocial.media\/de\/laschet-merkel-flut\/#primaryimage"},"thumbnailUrl":"https:\/\/www.thebestsocial.media\/de\/wp-content\/uploads\/sites\/3\/2021\/07\/flut-thumb.png","datePublished":"2021-07-19T09:18:49+00:00","dateModified":"2021-07-19T11:05:25+00:00","author":{"@id":"https:\/\/www.thebestsocial.media\/de\/#\/schema\/person\/212fdd48880db42a484e589e4e27871b"},"description":"Die Auftritte von Laschet und Merkel in den betroffenen Hochwassergebieten h\u00e4tten unterschiedlicher nicht sein k\u00f6nnen, wie diese Posts zeigen.","breadcrumb":{"@id":"https:\/\/www.thebestsocial.media\/de\/laschet-merkel-flut\/#breadcrumb"},"inLanguage":"de","potentialAction":[{"@type":"ReadAction","target":["https:\/\/www.thebestsocial.media\/de\/laschet-merkel-flut\/"]}]},{"@type":"ImageObject","inLanguage":"de","@id":"https:\/\/www.thebestsocial.media\/de\/laschet-merkel-flut\/#primaryimage","url":"https:\/\/www.thebestsocial.media\/de\/wp-content\/uploads\/sites\/3\/2021\/07\/flut-thumb.png","contentUrl":"https:\/\/www.thebestsocial.media\/de\/wp-content\/uploads\/sites\/3\/2021\/07\/flut-thumb.png","width":1200,"height":630},{"@type":"BreadcrumbList","@id":"https:\/\/www.thebestsocial.media\/de\/laschet-merkel-flut\/#breadcrumb","itemListElement":[{"@type":"ListItem","position":1,"name":"Home","item":"https:\/\/www.thebestsocial.media\/de\/"},{"@type":"ListItem","position":2,"name":"Laschet und Merkel: Posts zeigen, wie verschieden die Auftritte im Hochwassergebiet waren"}]},{"@type":"WebSite","@id":"https:\/\/www.thebestsocial.media\/de\/#website","url":"https:\/\/www.thebestsocial.media\/de\/","name":"The Best Social Media DE","description":"","potentialAction":[{"@type":"SearchAction","target":{"@type":"EntryPoint","urlTemplate":"https:\/\/www.thebestsocial.media\/de\/?s={search_term_string}"},"query-input":{"@type":"PropertyValueSpecification","valueRequired":true,"valueName":"search_term_string"}}],"inLanguage":"de"},{"@type":"Person","@id":"https:\/\/www.thebestsocial.media\/de\/#\/schema\/person\/212fdd48880db42a484e589e4e27871b","name":"Benny","image":{"@type":"ImageObject","inLanguage":"de","@id":"https:\/\/secure.gravatar.com\/avatar\/559f54fceb59ac8654d5ca40291d2ab87f2a9d79e48e8e3c19582477cde950bf?s=96&d=mm&r=g","url":"https:\/\/secure.gravatar.com\/avatar\/559f54fceb59ac8654d5ca40291d2ab87f2a9d79e48e8e3c19582477cde950bf?s=96&d=mm&r=g","contentUrl":"https:\/\/secure.gravatar.com\/avatar\/559f54fceb59ac8654d5ca40291d2ab87f2a9d79e48e8e3c19582477cde950bf?s=96&d=mm&r=g","caption":"Benny"},"url":"https:\/\/www.thebestsocial.media\/de\/author\/bennykrueger\/"}]}},"amp_enabled":true,"_links":{"self":[{"href":"https:\/\/www.thebestsocial.media\/de\/wp-json\/wp\/v2\/posts\/147747","targetHints":{"allow":["GET"]}}],"collection":[{"href":"https:\/\/www.thebestsocial.media\/de\/wp-json\/wp\/v2\/posts"}],"about":[{"href":"https:\/\/www.thebestsocial.media\/de\/wp-json\/wp\/v2\/types\/post"}],"author":[{"embeddable":true,"href":"https:\/\/www.thebestsocial.media\/de\/wp-json\/wp\/v2\/users\/72"}],"replies":[{"embeddable":true,"href":"https:\/\/www.thebestsocial.media\/de\/wp-json\/wp\/v2\/comments?post=147747"}],"version-history":[{"count":4,"href":"https:\/\/www.thebestsocial.media\/de\/wp-json\/wp\/v2\/posts\/147747\/revisions"}],"predecessor-version":[{"id":147757,"href":"https:\/\/www.thebestsocial.media\/de\/wp-json\/wp\/v2\/posts\/147747\/revisions\/147757"}],"wp:featuredmedia":[{"embeddable":true,"href":"https:\/\/www.thebestsocial.media\/de\/wp-json\/wp\/v2\/media\/147749"}],"wp:attachment":[{"href":"https:\/\/www.thebestsocial.media\/de\/wp-json\/wp\/v2\/media?parent=147747"}],"wp:term":[{"taxonomy":"category","embeddable":true,"href":"https:\/\/www.thebestsocial.media\/de\/wp-json\/wp\/v2\/categories?post=147747"},{"taxonomy":"post_tag","embeddable":true,"href":"https:\/\/www.thebestsocial.media\/de\/wp-json\/wp\/v2\/tags?post=147747"}],"curies":[{"name":"wp","href":"https:\/\/api.w.org\/{rel}","templated":true}]}}