{"id":147611,"date":"2021-07-13T14:40:32","date_gmt":"2021-07-13T14:40:32","guid":{"rendered":"https:\/\/www.thebestsocial.media\/de\/?p=147611"},"modified":"2021-07-13T14:40:32","modified_gmt":"2021-07-13T14:40:32","slug":"lufthansa-gendergerechte-anrede","status":"publish","type":"post","link":"https:\/\/www.thebestsocial.media\/de\/lufthansa-gendergerechte-anrede\/","title":{"rendered":"Anstatt &#8222;Damen und Herren&#8220;: Lufthansa f\u00fchrt an Bord genderneutrale Anrede ein"},"content":{"rendered":"<p>Die Bild-Zeitung berichtete als erste dar\u00fcber, daraufhin folgte ein Rauschen im Bl\u00e4tterwald: Die Lufthansa will an Bord zuk\u00fcnftig eine geschlechtsneutrale Sprache verwenden. Anstelle von &#8222;Ladies and Gentlemen&#8220; bzw. &#8222;Sehr geehrte Damen und Herren&#8220;, sollen die Mitarbeiter auf alternative Ansagen wie &#8222;Guten Morgen&#8220; oder &#8222;Liebe G\u00e4ste&#8220; zur\u00fcckgreifen. Man wolle damit alle Passagiere wertsch\u00e4tzen. Dies gilt \u00fcbrigens f\u00fcr alle Airlines der Lufthansa-Gruppe, wie zum Beispiel Swiss oder Eurowings. <\/p>\n<p>&nbsp;<br \/>\n<strong>Die Bild sieht direkt den Untergang des Abendlandes gekommen. Bei den &#8222;Ansagen, die wir alle so lieben&#8220;, hat man sich immer so &#8222;aufgehoben und sicher&#8220; gef\u00fchlt.<\/strong><\/p>\n<div class=\"dbsm-oembed\">\n<blockquote class=\"twitter-tweet\" data-width=\"500\" data-dnt=\"true\">\n<p lang=\"de\" dir=\"ltr\">\u201eSehr geehrte Damen und Herren, herzlich willkommen an Bord.\u201c \u2013 <a href=\"https:\/\/twitter.com\/hashtag\/Lufthansa?src=hash&amp;ref_src=twsrc%5Etfw\">#Lufthansa<\/a> streicht diese Anrede nun f\u00fcr immer, die Kommunikation soll gendergerecht sein. Was da mit unserer Sprache gerade passiere, erinnere fast an einen Orwell-Roman, sagt BILD-Chef <a href=\"https:\/\/twitter.com\/jreichelt?ref_src=twsrc%5Etfw\">@jreichelt<\/a> bei <a href=\"https:\/\/twitter.com\/hashtag\/BILDLive?src=hash&amp;ref_src=twsrc%5Etfw\">#BILDLive<\/a> <a href=\"https:\/\/t.co\/w0BuBeDBCo\">pic.twitter.com\/w0BuBeDBCo<\/a><\/p>\n<p>&mdash; BILD (@BILD) <a href=\"https:\/\/twitter.com\/BILD\/status\/1414887710419038221?ref_src=twsrc%5Etfw\">July 13, 2021<\/a><\/p><\/blockquote>\n<p><script async src=\"https:\/\/platform.twitter.com\/widgets.js\" charset=\"utf-8\"><\/script><\/div>\n<p>&nbsp;<br \/>\n<strong>Auch der ehemalige FDP-Fraktionschef versteht die Welt nicht mehr. Eine respektvolle H\u00f6flichkeitsformel wie &#8222;Damen und Herren&#8220; einfach durch so etwas respektloses wie &#8222;Liebe G\u00e4ste&#8220; zu ersetzen &#8230;<\/strong><\/p>\n<div class=\"dbsm-oembed\">\n<blockquote class=\"twitter-tweet\" data-width=\"500\" data-dnt=\"true\">\n<p lang=\"de\" dir=\"ltr\">Laut <a href=\"https:\/\/twitter.com\/BILD?ref_src=twsrc%5Etfw\">@BILD<\/a> untersagt die <a href=\"https:\/\/twitter.com\/hashtag\/Lufthansa?src=hash&amp;ref_src=twsrc%5Etfw\">#Lufthansa<\/a> auf allen Fl\u00fcgen die Anrede \u201eDamen und Herren\u201c, um Passagiere \u201egendergerecht\u201c anzusprechen. Was gibt einer steuerfinanzierten Airline das Recht, eine respektvolle H\u00f6flichkeitsformel der deutschen Sprache zu verbieten? Lufthansa im Sturzflug!<\/p>\n<p>&mdash; Gerhard Papke (@PapkeGerhard) <a href=\"https:\/\/twitter.com\/PapkeGerhard\/status\/1414860670449881088?ref_src=twsrc%5Etfw\">July 13, 2021<\/a><\/p><\/blockquote>\n<p><script async src=\"https:\/\/platform.twitter.com\/widgets.js\" charset=\"utf-8\"><\/script><\/div>\n<p>&nbsp;<br \/>\n<strong>Ab sofort fahren wir wieder mit dem Auto nach Italien oder Spanien!<\/strong><\/p>\n<div class=\"dbsm-oembed\">\n<blockquote class=\"twitter-tweet\" data-width=\"500\" data-dnt=\"true\">\n<p lang=\"de\" dir=\"ltr\">Hat schon jemand durchgez\u00e4hlt, wie viele w\u00fctende Trolle ab jetzt \u201cniE WieDEr LufThaNSA fLiEgeN\u201d? \ud83d\ude01<a href=\"https:\/\/twitter.com\/hashtag\/Lufthansa?src=hash&amp;ref_src=twsrc%5Etfw\">#Lufthansa<\/a><\/p>\n<p>&mdash; S\u00f8ren Lorensen (@SoerenLorensen) <a href=\"https:\/\/twitter.com\/SoerenLorensen\/status\/1414859252972376064?ref_src=twsrc%5Etfw\">July 13, 2021<\/a><\/p><\/blockquote>\n<p><script async src=\"https:\/\/platform.twitter.com\/widgets.js\" charset=\"utf-8\"><\/script><\/div>\n<blockquote class=\"twitter-tweet\">\n<p lang=\"de\" dir=\"ltr\">Wenn man sich unter dem Hashtag <a href=\"https:\/\/twitter.com\/hashtag\/Lufthansa?src=hash&amp;ref_src=twsrc%5Etfw\">#Lufthansa<\/a> hier so umschaut und die ganzen Tr\u00f6ten, die das jetzt ank\u00fcndigen, tats\u00e4chlich nicht mehr fliegen, dann k\u00f6nnten wir den <a href=\"https:\/\/twitter.com\/hashtag\/Klimawandel?src=hash&amp;ref_src=twsrc%5Etfw\">#Klimawandel<\/a> vielleicht doch noch aufhalten.<\/p>\n<p>&mdash; DennisKBerlin \ud83d\udc89 (@DennisKBerlin) <a href=\"https:\/\/twitter.com\/DennisKBerlin\/status\/1414904086974058502?ref_src=twsrc%5Etfw\">July 13, 2021<\/a><\/p><\/blockquote>\n<p> <script async src=\"https:\/\/platform.twitter.com\/widgets.js\" charset=\"utf-8\"><\/script><\/p>\n<blockquote class=\"twitter-tweet\">\n<p lang=\"de\" dir=\"ltr\">Durch die geschlechtsneutrale Begr\u00fc\u00dfung der <a href=\"https:\/\/twitter.com\/hashtag\/Lufthansa?src=hash&amp;ref_src=twsrc%5Etfw\">#Lufthansa<\/a> drohen Kunden mit dem Boykott. <\/p>\n<p>2 Fliegen mit 1 Klappe. Inklusion und die Klimaziele erreichen! So lob ich mir das!<\/p>\n<p>&mdash; Staiy (@StaiyLIVE) <a href=\"https:\/\/twitter.com\/StaiyLIVE\/status\/1414924447644008450?ref_src=twsrc%5Etfw\">July 13, 2021<\/a><\/p><\/blockquote>\n<p> <script async src=\"https:\/\/platform.twitter.com\/widgets.js\" charset=\"utf-8\"><\/script><\/p>\n<blockquote class=\"twitter-tweet\">\n<p lang=\"de\" dir=\"ltr\">Win win: Inklusive Sprache UND jede Menge Wutb\u00fcrger, die nie wieder fliegen wollen. <a href=\"https:\/\/twitter.com\/hashtag\/Lufthansa?src=hash&amp;ref_src=twsrc%5Etfw\">#Lufthansa<\/a><\/p>\n<p>&mdash; Peter Wittkamp (@diktator) <a href=\"https:\/\/twitter.com\/diktator\/status\/1414890476063318019?ref_src=twsrc%5Etfw\">July 13, 2021<\/a><\/p><\/blockquote>\n<p> <script async src=\"https:\/\/platform.twitter.com\/widgets.js\" charset=\"utf-8\"><\/script><\/p>\n<p>&nbsp;<br \/>\n<strong>Die Bahn als Alternative? Nun gut, sie gendert zwar nicht, hat aber <a href=\"https:\/\/www.thebestsocial.media\/de\/bahn-ice-regenbogen-deko\/\" rel=\"noopener\" target=\"_blank\">Regenbogen-Deko<\/a>.<\/strong><\/p>\n<div class=\"dbsm-oembed\">\n<blockquote class=\"twitter-tweet\" data-width=\"500\" data-dnt=\"true\">\n<p lang=\"de\" dir=\"ltr\">Wutie: WENN DIE <a href=\"https:\/\/twitter.com\/hashtag\/LUFTHANSA?src=hash&amp;ref_src=twsrc%5Etfw\">#LUFTHANSA<\/a> JETZT GENDERT FAHR ICH LIEBER BAHN!!!1<br \/>Deutsch Bahn: Willkommen \ud83c\udf08 <a href=\"https:\/\/t.co\/rz5hFNH3AG\">https:\/\/t.co\/rz5hFNH3AG<\/a><\/p>\n<p>&mdash; Claudius Holler (@C_Holler) <a href=\"https:\/\/twitter.com\/C_Holler\/status\/1414907116754771970?ref_src=twsrc%5Etfw\">July 13, 2021<\/a><\/p><\/blockquote>\n<p><script async src=\"https:\/\/platform.twitter.com\/widgets.js\" charset=\"utf-8\"><\/script><\/div>\n<p>&nbsp;<br \/>\n<strong>Ist der eigentliche Skandal nicht viel mehr der, dass man \u00fcberhaupt begr\u00fc\u00dft wird?<\/strong><\/p>\n<div class=\"dbsm-oembed\">\n<blockquote class=\"twitter-tweet\" data-width=\"500\" data-dnt=\"true\">\n<p lang=\"de\" dir=\"ltr\">Es ist ganz furchtbar, man will dort nun \u201eLiebe G\u00e4ste\u201c oder sowas Schreckliches wie \u201eGuten Morgen\u201c am Morgen sagen. Wokeness-Irrsinn einfach <a href=\"https:\/\/t.co\/LcvgpVSopa\">https:\/\/t.co\/LcvgpVSopa<\/a><\/p>\n<p>&mdash; Mareile \ud83c\udf1a (@Hoellenaufsicht) <a href=\"https:\/\/twitter.com\/Hoellenaufsicht\/status\/1414871511178129426?ref_src=twsrc%5Etfw\">July 13, 2021<\/a><\/p><\/blockquote>\n<p><script async src=\"https:\/\/platform.twitter.com\/widgets.js\" charset=\"utf-8\"><\/script><\/div>\n<div class=\"dbsm-oembed\">\n<blockquote class=\"twitter-tweet\" data-width=\"500\" data-dnt=\"true\">\n<p lang=\"de\" dir=\"ltr\">Die <a href=\"https:\/\/twitter.com\/hashtag\/Lufthansa?src=hash&amp;ref_src=twsrc%5Etfw\">#Lufthansa<\/a> spricht k\u00fcnftig genderneutral an Bord.<br \/>In Flugzeugen, die in Hamburg starten, soll es aber weiterhin einfach nur \u201eMoin. Abflug!\u201c hei\u00dfen.<\/p>\n<p>&mdash; ZDF heute-show (@heuteshow) <a href=\"https:\/\/twitter.com\/heuteshow\/status\/1414905580263813120?ref_src=twsrc%5Etfw\">July 13, 2021<\/a><\/p><\/blockquote>\n<p><script async src=\"https:\/\/platform.twitter.com\/widgets.js\" charset=\"utf-8\"><\/script><\/div>\n<p>&nbsp;<br \/>\n<strong>Endlich kann man die Luft gendergerecht verpesten.<\/strong><\/p>\n<div class=\"dbsm-oembed\">\n<blockquote class=\"twitter-tweet\" data-width=\"500\" data-dnt=\"true\">\n<p lang=\"de\" dir=\"ltr\">Vorschl\u00e4ge f\u00fcr neue Begr\u00fc\u00dfung der Reisenden auf Langstreckenfl\u00fcgen:<\/p>\n<p>&quot;Willkommen an Bord, liebe Reisenden, haben Sie an CO2-Ausgleich gedacht?&quot;<\/p>\n<p>Auf Kurzstreckfl\u00fcgen:<br \/>&quot;Liebe Kackbratzen, nehmt das n\u00e4chste mal gef\u00e4lligst den Zug!&quot;<a href=\"https:\/\/twitter.com\/hashtag\/Lufthansa?src=hash&amp;ref_src=twsrc%5Etfw\">#Lufthansa<\/a><\/p>\n<p>&mdash; Anna M\u00fcllner \ud83d\udcef (@_Adora_Belle_) <a href=\"https:\/\/twitter.com\/_Adora_Belle_\/status\/1414865849555595264?ref_src=twsrc%5Etfw\">July 13, 2021<\/a><\/p><\/blockquote>\n<p><script async src=\"https:\/\/platform.twitter.com\/widgets.js\" charset=\"utf-8\"><\/script><\/div>\n<p>&nbsp;<br \/>\n<strong>Und daf\u00fcr hat man die Lufthansa nun extra mit 9 Milliarden Euro gerettet &#8230;<\/strong><\/p>\n<blockquote class=\"twitter-tweet\">\n<p lang=\"de\" dir=\"ltr\">Dem deutschen Wald geht es schlechter als je zuvor<br \/>\ud83d\ude34\ud83d\ude34\ud83d\ude34<\/p>\n<p>Extreme Hitzewellen in Nordamerika, Skandinavien und Sibirien<br \/>\ud83d\ude34\ud83d\ude34\ud83d\ude34<\/p>\n<p>Die Zahl der an Hunger leidenden Menschen hat sich versechsfacht<br \/>\ud83d\ude34\ud83d\ude34\ud83d\ude34<\/p>\n<p>Die <a href=\"https:\/\/twitter.com\/hashtag\/Lufthansa?src=hash&amp;ref_src=twsrc%5Etfw\">#Lufthansa<\/a> begr\u00fc\u00dft nun ihre Kunden an Bord geschlechtsneutral<br \/>\ud83d\ude21\ud83d\ude21\ud83d\ude21<\/p>\n<p>&mdash; Nicht Chevy Chase (@DrWaumiau) <a href=\"https:\/\/twitter.com\/DrWaumiau\/status\/1414913375889412100?ref_src=twsrc%5Etfw\">July 13, 2021<\/a><\/p><\/blockquote>\n<p> <script async src=\"https:\/\/platform.twitter.com\/widgets.js\" charset=\"utf-8\"><\/script><\/p>\n<p>&nbsp;<br \/>\n<strong>Ein Gl\u00fcck, wenn man &#8211; wie <a href=\"https:\/\/www.thebestsocial.media\/de\/merz-gendern\/\" rel=\"noopener\" target=\"_blank\">Friedrich Merz<\/a> &#8211; als Teil der bescheidenen Mittelschicht nicht auf die Lufthansa angewiesen ist.<\/strong><\/p>\n<blockquote class=\"twitter-tweet\">\n<p lang=\"de\" dir=\"ltr\">Viele regen sich dar\u00fcber auf, dass die <a href=\"https:\/\/twitter.com\/hashtag\/Lufthansa?src=hash&amp;ref_src=twsrc%5Etfw\">#Lufthansa<\/a> k\u00fcnftig auf genderneutrale Sprache setzt.<br \/>Friedrich Merz ist froh, dass er einen Privatjet hat.<\/p>\n<p>&mdash; ZDF heute-show (@heuteshow) <a href=\"https:\/\/twitter.com\/heuteshow\/status\/1414902132554223623?ref_src=twsrc%5Etfw\">July 13, 2021<\/a><\/p><\/blockquote>\n<p> <script async src=\"https:\/\/platform.twitter.com\/widgets.js\" charset=\"utf-8\"><\/script><\/p>\n<p>&nbsp;<br \/>\n<strong>Was kommt als n\u00e4chstes? Der Postillon hat da schon so eine Ahnung.<\/strong><\/p>\n<div class=\"dbsm-oembed\">\n<blockquote class=\"twitter-tweet\" data-width=\"500\" data-dnt=\"true\">\n<p lang=\"de\" dir=\"ltr\">Lufthansa verbietet Piloten von Passagiermaschinen, Loopings zu fliegen <a href=\"https:\/\/twitter.com\/hashtag\/Lufthansa?src=hash&amp;ref_src=twsrc%5Etfw\">#Lufthansa<\/a> <a href=\"https:\/\/t.co\/Ra6H706aa2\">https:\/\/t.co\/Ra6H706aa2<\/a><\/p>\n<p>&mdash; Der Postillon \ud83d\udcef (@Der_Postillon) <a href=\"https:\/\/twitter.com\/Der_Postillon\/status\/1414882450203979800?ref_src=twsrc%5Etfw\">July 13, 2021<\/a><\/p><\/blockquote>\n<p><script async src=\"https:\/\/platform.twitter.com\/widgets.js\" charset=\"utf-8\"><\/script><\/div>\n<p>&nbsp;<br \/>\n<a href=\"mailto:dion@thebest.social\"><img loading=\"lazy\" decoding=\"async\" src=\"https:\/\/www.thebestsocial.media\/de\/wp-content\/uploads\/sites\/3\/2021\/04\/Studio-Promo-Banner-1024x538.png\" alt=\"\" width=\"1024\" height=\"538\" class=\"alignnone size-large wp-image-144565\" srcset=\"https:\/\/www.thebestsocial.media\/de\/wp-content\/uploads\/sites\/3\/2021\/04\/Studio-Promo-Banner-1024x538.png 1024w, https:\/\/www.thebestsocial.media\/de\/wp-content\/uploads\/sites\/3\/2021\/04\/Studio-Promo-Banner-300x158.png 300w, https:\/\/www.thebestsocial.media\/de\/wp-content\/uploads\/sites\/3\/2021\/04\/Studio-Promo-Banner-768x403.png 768w, https:\/\/www.thebestsocial.media\/de\/wp-content\/uploads\/sites\/3\/2021\/04\/Studio-Promo-Banner.png 1200w\" sizes=\"auto, (max-width: 1024px) 100vw, 1024px\" \/><\/a><\/p>\n<p>&nbsp;<\/p>\n<p>&#8212;<br \/>\nVielen Dank an alle f\u00fcr die Posts.<br \/>\n&#8212;<br \/>\n<strong>Keine Influencer! Kein Foodporn! Nur ganz viel Spa\u00df &#8211; bei uns auf Instagram:<\/strong><\/p>\n<blockquote class=\"instagram-media\" data-instgrm-captioned data-instgrm-permalink=\"https:\/\/www.instagram.com\/p\/CRGYku6lBqB\/?utm_source=ig_embed&amp;utm_campaign=loading\" data-instgrm-version=\"13\" style=\" background:#FFF; border:0; border-radius:3px; box-shadow:0 0 1px 0 rgba(0,0,0,0.5),0 1px 10px 0 rgba(0,0,0,0.15); margin: 1px; max-width:540px; min-width:326px; padding:0; width:99.375%; width:-webkit-calc(100% - 2px); width:calc(100% - 2px);\">\n<div style=\"padding:16px;\"> <a href=\"https:\/\/www.instagram.com\/p\/CRGYku6lBqB\/?utm_source=ig_embed&amp;utm_campaign=loading\" style=\" background:#FFFFFF; line-height:0; padding:0 0; text-align:center; text-decoration:none; width:100%;\" target=\"_blank\" rel=\"noopener\"> <\/p>\n<div style=\" display: flex; flex-direction: row; align-items: center;\">\n<div style=\"background-color: #F4F4F4; border-radius: 50%; flex-grow: 0; height: 40px; margin-right: 14px; width: 40px;\"><\/div>\n<div style=\"display: flex; flex-direction: column; flex-grow: 1; justify-content: center;\">\n<div style=\" background-color: #F4F4F4; border-radius: 4px; flex-grow: 0; height: 14px; margin-bottom: 6px; width: 100px;\"><\/div>\n<div style=\" background-color: #F4F4F4; border-radius: 4px; flex-grow: 0; height: 14px; width: 60px;\"><\/div>\n<\/div>\n<\/div>\n<div style=\"padding: 19% 0;\"><\/div>\n<div style=\"display:block; height:50px; margin:0 auto 12px; width:50px;\"><svg width=\"50px\" height=\"50px\" viewBox=\"0 0 60 60\" version=\"1.1\" xmlns=\"https:\/\/www.w3.org\/2000\/svg\" xmlns:xlink=\"https:\/\/www.w3.org\/1999\/xlink\"><g stroke=\"none\" stroke-width=\"1\" fill=\"none\" fill-rule=\"evenodd\"><g transform=\"translate(-511.000000, -20.000000)\" fill=\"#000000\"><g><path d=\"M556.869,30.41 C554.814,30.41 553.148,32.076 553.148,34.131 C553.148,36.186 554.814,37.852 556.869,37.852 C558.924,37.852 560.59,36.186 560.59,34.131 C560.59,32.076 558.924,30.41 556.869,30.41 M541,60.657 C535.114,60.657 530.342,55.887 530.342,50 C530.342,44.114 535.114,39.342 541,39.342 C546.887,39.342 551.658,44.114 551.658,50 C551.658,55.887 546.887,60.657 541,60.657 M541,33.886 C532.1,33.886 524.886,41.1 524.886,50 C524.886,58.899 532.1,66.113 541,66.113 C549.9,66.113 557.115,58.899 557.115,50 C557.115,41.1 549.9,33.886 541,33.886 M565.378,62.101 C565.244,65.022 564.756,66.606 564.346,67.663 C563.803,69.06 563.154,70.057 562.106,71.106 C561.058,72.155 560.06,72.803 558.662,73.347 C557.607,73.757 556.021,74.244 553.102,74.378 C549.944,74.521 548.997,74.552 541,74.552 C533.003,74.552 532.056,74.521 528.898,74.378 C525.979,74.244 524.393,73.757 523.338,73.347 C521.94,72.803 520.942,72.155 519.894,71.106 C518.846,70.057 518.197,69.06 517.654,67.663 C517.244,66.606 516.755,65.022 516.623,62.101 C516.479,58.943 516.448,57.996 516.448,50 C516.448,42.003 516.479,41.056 516.623,37.899 C516.755,34.978 517.244,33.391 517.654,32.338 C518.197,30.938 518.846,29.942 519.894,28.894 C520.942,27.846 521.94,27.196 523.338,26.654 C524.393,26.244 525.979,25.756 528.898,25.623 C532.057,25.479 533.004,25.448 541,25.448 C548.997,25.448 549.943,25.479 553.102,25.623 C556.021,25.756 557.607,26.244 558.662,26.654 C560.06,27.196 561.058,27.846 562.106,28.894 C563.154,29.942 563.803,30.938 564.346,32.338 C564.756,33.391 565.244,34.978 565.378,37.899 C565.522,41.056 565.552,42.003 565.552,50 C565.552,57.996 565.522,58.943 565.378,62.101 M570.82,37.631 C570.674,34.438 570.167,32.258 569.425,30.349 C568.659,28.377 567.633,26.702 565.965,25.035 C564.297,23.368 562.623,22.342 560.652,21.575 C558.743,20.834 556.562,20.326 553.369,20.18 C550.169,20.033 549.148,20 541,20 C532.853,20 531.831,20.033 528.631,20.18 C525.438,20.326 523.257,20.834 521.349,21.575 C519.376,22.342 517.703,23.368 516.035,25.035 C514.368,26.702 513.342,28.377 512.574,30.349 C511.834,32.258 511.326,34.438 511.181,37.631 C511.035,40.831 511,41.851 511,50 C511,58.147 511.035,59.17 511.181,62.369 C511.326,65.562 511.834,67.743 512.574,69.651 C513.342,71.625 514.368,73.296 516.035,74.965 C517.703,76.634 519.376,77.658 521.349,78.425 C523.257,79.167 525.438,79.673 528.631,79.82 C531.831,79.965 532.853,80.001 541,80.001 C549.148,80.001 550.169,79.965 553.369,79.82 C556.562,79.673 558.743,79.167 560.652,78.425 C562.623,77.658 564.297,76.634 565.965,74.965 C567.633,73.296 568.659,71.625 569.425,69.651 C570.167,67.743 570.674,65.562 570.82,62.369 C570.966,59.17 571,58.147 571,50 C571,41.851 570.966,40.831 570.82,37.631\"><\/path><\/g><\/g><\/g><\/svg><\/div>\n<div style=\"padding-top: 8px;\">\n<div style=\" color:#3897f0; font-family:Arial,sans-serif; font-size:14px; font-style:normal; font-weight:550; line-height:18px;\"> Sieh dir diesen Beitrag auf Instagram an<\/div>\n<\/div>\n<div style=\"padding: 12.5% 0;\"><\/div>\n<div style=\"display: flex; flex-direction: row; margin-bottom: 14px; align-items: center;\">\n<div>\n<div style=\"background-color: #F4F4F4; border-radius: 50%; height: 12.5px; width: 12.5px; transform: translateX(0px) translateY(7px);\"><\/div>\n<div style=\"background-color: #F4F4F4; height: 12.5px; transform: rotate(-45deg) translateX(3px) translateY(1px); width: 12.5px; flex-grow: 0; margin-right: 14px; margin-left: 2px;\"><\/div>\n<div style=\"background-color: #F4F4F4; border-radius: 50%; height: 12.5px; width: 12.5px; transform: translateX(9px) translateY(-18px);\"><\/div>\n<\/div>\n<div style=\"margin-left: 8px;\">\n<div style=\" background-color: #F4F4F4; border-radius: 50%; flex-grow: 0; height: 20px; width: 20px;\"><\/div>\n<div style=\" width: 0; height: 0; border-top: 2px solid transparent; border-left: 6px solid #f4f4f4; border-bottom: 2px solid transparent; transform: translateX(16px) translateY(-4px) rotate(30deg)\"><\/div>\n<\/div>\n<div style=\"margin-left: auto;\">\n<div style=\" width: 0px; border-top: 8px solid #F4F4F4; border-right: 8px solid transparent; transform: translateY(16px);\"><\/div>\n<div style=\" background-color: #F4F4F4; flex-grow: 0; height: 12px; width: 16px; transform: translateY(-4px);\"><\/div>\n<div style=\" width: 0; height: 0; border-top: 8px solid #F4F4F4; border-left: 8px solid transparent; transform: translateY(-4px) translateX(8px);\"><\/div>\n<\/div>\n<\/div>\n<div style=\"display: flex; flex-direction: column; flex-grow: 1; justify-content: center; margin-bottom: 24px;\">\n<div style=\" background-color: #F4F4F4; border-radius: 4px; flex-grow: 0; height: 14px; margin-bottom: 6px; width: 224px;\"><\/div>\n<div style=\" background-color: #F4F4F4; border-radius: 4px; flex-grow: 0; height: 14px; width: 144px;\"><\/div>\n<\/div>\n<p><\/a><\/p>\n<p style=\" color:#c9c8cd; font-family:Arial,sans-serif; font-size:14px; line-height:17px; margin-bottom:0; margin-top:8px; overflow:hidden; padding:8px 0 7px; text-align:center; text-overflow:ellipsis; white-space:nowrap;\"><a href=\"https:\/\/www.instagram.com\/p\/CRGYku6lBqB\/?utm_source=ig_embed&amp;utm_campaign=loading\" style=\" color:#c9c8cd; font-family:Arial,sans-serif; font-size:14px; font-style:normal; font-weight:normal; line-height:17px; text-decoration:none;\" target=\"_blank\" rel=\"noopener\">Ein Beitrag geteilt von The Best Social Media &#8211; DE (@thebestsocialmediade)<\/a><\/p>\n<\/div>\n<\/blockquote>\n\n<script async defer src=\"\/instagram-embed.js\"><\/script>","protected":false},"excerpt":{"rendered":"<p>Die Bild-Zeitung berichtete als erste dar\u00fcber, daraufhin folgte ein Rauschen im Bl\u00e4tterwald: Die Lufthansa will an Bord zuk\u00fcnftig eine geschlechtsneutrale Sprache verwenden. Anstelle von &#8222;Ladies&#8230;<\/p>\n","protected":false},"author":72,"featured_media":147616,"comment_status":"open","ping_status":"open","sticky":false,"template":"","format":"standard","meta":{"_acf_changed":false,"footnotes":""},"categories":[35],"tags":[4598,214],"class_list":["post-147611","post","type-post","status-publish","format-standard","has-post-thumbnail","hentry","category-twitter","tag-gendern","tag-lufthansa"],"acf":[],"yoast_head":"<!-- This site is optimized with the Yoast SEO plugin v27.5 - https:\/\/yoast.com\/product\/yoast-seo-wordpress\/ -->\n<title>Lufthansa f\u00fchrt an Bord genderneutrale Anrede ein<\/title>\n<meta name=\"description\" content=\"Anstelle von &quot;Sehr geehrte Damen und Herren&quot; will die Lufthansa genderneutrale Anreden nutzen. Reaktionen lassen nicht lange auf sich warten.\" \/>\n<meta name=\"robots\" content=\"index, follow, max-snippet:-1, max-image-preview:large, max-video-preview:-1\" \/>\n<link rel=\"canonical\" href=\"https:\/\/www.thebestsocial.media\/de\/lufthansa-gendergerechte-anrede\/\" \/>\n<meta property=\"og:locale\" content=\"de_DE\" \/>\n<meta property=\"og:type\" content=\"article\" \/>\n<meta property=\"og:title\" content=\"Anstatt &quot;Damen und Herren&quot;: Lufthansa f\u00fchrt an Bord genderneutrale Anrede ein\" \/>\n<meta property=\"og:description\" content=\"Anstelle von &quot;Sehr geehrte Damen und Herren&quot; will die Lufthansa genderneutrale Anreden nutzen. Reaktionen lassen nicht lange auf sich warten.\" \/>\n<meta property=\"og:url\" content=\"https:\/\/www.thebestsocial.media\/de\/lufthansa-gendergerechte-anrede\/\" \/>\n<meta property=\"og:site_name\" content=\"The Best Social Media DE\" \/>\n<meta property=\"article:published_time\" content=\"2021-07-13T14:40:32+00:00\" \/>\n<meta property=\"og:image\" content=\"https:\/\/www.thebestsocial.media\/de\/wp-content\/uploads\/sites\/3\/2021\/07\/lufthansa-fb.png\" \/>\n\t<meta property=\"og:image:width\" content=\"1200\" \/>\n\t<meta property=\"og:image:height\" content=\"630\" \/>\n\t<meta property=\"og:image:type\" content=\"image\/png\" \/>\n<meta name=\"author\" content=\"Benny\" \/>\n<meta name=\"twitter:card\" content=\"summary_large_image\" \/>\n<meta name=\"twitter:label1\" content=\"Verfasst von\" \/>\n\t<meta name=\"twitter:data1\" content=\"Benny\" \/>\n\t<meta name=\"twitter:label2\" content=\"Gesch\u00e4tzte Lesezeit\" \/>\n\t<meta name=\"twitter:data2\" content=\"1\u00a0Minute\" \/>\n<script type=\"application\/ld+json\" class=\"yoast-schema-graph\">{\"@context\":\"https:\\\/\\\/schema.org\",\"@graph\":[{\"@type\":\"Article\",\"@id\":\"https:\\\/\\\/www.thebestsocial.media\\\/de\\\/lufthansa-gendergerechte-anrede\\\/#article\",\"isPartOf\":{\"@id\":\"https:\\\/\\\/www.thebestsocial.media\\\/de\\\/lufthansa-gendergerechte-anrede\\\/\"},\"author\":{\"name\":\"Benny\",\"@id\":\"https:\\\/\\\/www.thebestsocial.media\\\/de\\\/#\\\/schema\\\/person\\\/212fdd48880db42a484e589e4e27871b\"},\"headline\":\"Anstatt &#8222;Damen und Herren&#8220;: Lufthansa f\u00fchrt an Bord genderneutrale Anrede ein\",\"datePublished\":\"2021-07-13T14:40:32+00:00\",\"mainEntityOfPage\":{\"@id\":\"https:\\\/\\\/www.thebestsocial.media\\\/de\\\/lufthansa-gendergerechte-anrede\\\/\"},\"wordCount\":487,\"commentCount\":0,\"image\":{\"@id\":\"https:\\\/\\\/www.thebestsocial.media\\\/de\\\/lufthansa-gendergerechte-anrede\\\/#primaryimage\"},\"thumbnailUrl\":\"https:\\\/\\\/www.thebestsocial.media\\\/de\\\/wp-content\\\/uploads\\\/sites\\\/3\\\/2021\\\/07\\\/lufthansa-thumb.png\",\"keywords\":[\"Gendern\",\"lufthansa\"],\"articleSection\":[\"Twitter\"],\"inLanguage\":\"de\",\"potentialAction\":[{\"@type\":\"CommentAction\",\"name\":\"Comment\",\"target\":[\"https:\\\/\\\/www.thebestsocial.media\\\/de\\\/lufthansa-gendergerechte-anrede\\\/#respond\"]}]},{\"@type\":\"WebPage\",\"@id\":\"https:\\\/\\\/www.thebestsocial.media\\\/de\\\/lufthansa-gendergerechte-anrede\\\/\",\"url\":\"https:\\\/\\\/www.thebestsocial.media\\\/de\\\/lufthansa-gendergerechte-anrede\\\/\",\"name\":\"Lufthansa f\u00fchrt an Bord genderneutrale Anrede ein\",\"isPartOf\":{\"@id\":\"https:\\\/\\\/www.thebestsocial.media\\\/de\\\/#website\"},\"primaryImageOfPage\":{\"@id\":\"https:\\\/\\\/www.thebestsocial.media\\\/de\\\/lufthansa-gendergerechte-anrede\\\/#primaryimage\"},\"image\":{\"@id\":\"https:\\\/\\\/www.thebestsocial.media\\\/de\\\/lufthansa-gendergerechte-anrede\\\/#primaryimage\"},\"thumbnailUrl\":\"https:\\\/\\\/www.thebestsocial.media\\\/de\\\/wp-content\\\/uploads\\\/sites\\\/3\\\/2021\\\/07\\\/lufthansa-thumb.png\",\"datePublished\":\"2021-07-13T14:40:32+00:00\",\"author\":{\"@id\":\"https:\\\/\\\/www.thebestsocial.media\\\/de\\\/#\\\/schema\\\/person\\\/212fdd48880db42a484e589e4e27871b\"},\"description\":\"Anstelle von \\\"Sehr geehrte Damen und Herren\\\" will die Lufthansa genderneutrale Anreden nutzen. Reaktionen lassen nicht lange auf sich warten.\",\"breadcrumb\":{\"@id\":\"https:\\\/\\\/www.thebestsocial.media\\\/de\\\/lufthansa-gendergerechte-anrede\\\/#breadcrumb\"},\"inLanguage\":\"de\",\"potentialAction\":[{\"@type\":\"ReadAction\",\"target\":[\"https:\\\/\\\/www.thebestsocial.media\\\/de\\\/lufthansa-gendergerechte-anrede\\\/\"]}]},{\"@type\":\"ImageObject\",\"inLanguage\":\"de\",\"@id\":\"https:\\\/\\\/www.thebestsocial.media\\\/de\\\/lufthansa-gendergerechte-anrede\\\/#primaryimage\",\"url\":\"https:\\\/\\\/www.thebestsocial.media\\\/de\\\/wp-content\\\/uploads\\\/sites\\\/3\\\/2021\\\/07\\\/lufthansa-thumb.png\",\"contentUrl\":\"https:\\\/\\\/www.thebestsocial.media\\\/de\\\/wp-content\\\/uploads\\\/sites\\\/3\\\/2021\\\/07\\\/lufthansa-thumb.png\",\"width\":1200,\"height\":630},{\"@type\":\"BreadcrumbList\",\"@id\":\"https:\\\/\\\/www.thebestsocial.media\\\/de\\\/lufthansa-gendergerechte-anrede\\\/#breadcrumb\",\"itemListElement\":[{\"@type\":\"ListItem\",\"position\":1,\"name\":\"Home\",\"item\":\"https:\\\/\\\/www.thebestsocial.media\\\/de\\\/\"},{\"@type\":\"ListItem\",\"position\":2,\"name\":\"Anstatt &#8222;Damen und Herren&#8220;: Lufthansa f\u00fchrt an Bord genderneutrale Anrede ein\"}]},{\"@type\":\"WebSite\",\"@id\":\"https:\\\/\\\/www.thebestsocial.media\\\/de\\\/#website\",\"url\":\"https:\\\/\\\/www.thebestsocial.media\\\/de\\\/\",\"name\":\"The Best Social Media DE\",\"description\":\"\",\"potentialAction\":[{\"@type\":\"SearchAction\",\"target\":{\"@type\":\"EntryPoint\",\"urlTemplate\":\"https:\\\/\\\/www.thebestsocial.media\\\/de\\\/?s={search_term_string}\"},\"query-input\":{\"@type\":\"PropertyValueSpecification\",\"valueRequired\":true,\"valueName\":\"search_term_string\"}}],\"inLanguage\":\"de\"},{\"@type\":\"Person\",\"@id\":\"https:\\\/\\\/www.thebestsocial.media\\\/de\\\/#\\\/schema\\\/person\\\/212fdd48880db42a484e589e4e27871b\",\"name\":\"Benny\",\"image\":{\"@type\":\"ImageObject\",\"inLanguage\":\"de\",\"@id\":\"https:\\\/\\\/secure.gravatar.com\\\/avatar\\\/559f54fceb59ac8654d5ca40291d2ab87f2a9d79e48e8e3c19582477cde950bf?s=96&d=mm&r=g\",\"url\":\"https:\\\/\\\/secure.gravatar.com\\\/avatar\\\/559f54fceb59ac8654d5ca40291d2ab87f2a9d79e48e8e3c19582477cde950bf?s=96&d=mm&r=g\",\"contentUrl\":\"https:\\\/\\\/secure.gravatar.com\\\/avatar\\\/559f54fceb59ac8654d5ca40291d2ab87f2a9d79e48e8e3c19582477cde950bf?s=96&d=mm&r=g\",\"caption\":\"Benny\"},\"url\":\"https:\\\/\\\/www.thebestsocial.media\\\/de\\\/author\\\/bennykrueger\\\/\"}]}<\/script>\n<!-- \/ Yoast SEO plugin. -->","yoast_head_json":{"title":"Lufthansa f\u00fchrt an Bord genderneutrale Anrede ein","description":"Anstelle von \"Sehr geehrte Damen und Herren\" will die Lufthansa genderneutrale Anreden nutzen. Reaktionen lassen nicht lange auf sich warten.","robots":{"index":"index","follow":"follow","max-snippet":"max-snippet:-1","max-image-preview":"max-image-preview:large","max-video-preview":"max-video-preview:-1"},"canonical":"https:\/\/www.thebestsocial.media\/de\/lufthansa-gendergerechte-anrede\/","og_locale":"de_DE","og_type":"article","og_title":"Anstatt \"Damen und Herren\": Lufthansa f\u00fchrt an Bord genderneutrale Anrede ein","og_description":"Anstelle von \"Sehr geehrte Damen und Herren\" will die Lufthansa genderneutrale Anreden nutzen. Reaktionen lassen nicht lange auf sich warten.","og_url":"https:\/\/www.thebestsocial.media\/de\/lufthansa-gendergerechte-anrede\/","og_site_name":"The Best Social Media DE","article_published_time":"2021-07-13T14:40:32+00:00","og_image":[{"width":1200,"height":630,"url":"https:\/\/www.thebestsocial.media\/de\/wp-content\/uploads\/sites\/3\/2021\/07\/lufthansa-fb.png","type":"image\/png"}],"author":"Benny","twitter_card":"summary_large_image","twitter_misc":{"Verfasst von":"Benny","Gesch\u00e4tzte Lesezeit":"1\u00a0Minute"},"schema":{"@context":"https:\/\/schema.org","@graph":[{"@type":"Article","@id":"https:\/\/www.thebestsocial.media\/de\/lufthansa-gendergerechte-anrede\/#article","isPartOf":{"@id":"https:\/\/www.thebestsocial.media\/de\/lufthansa-gendergerechte-anrede\/"},"author":{"name":"Benny","@id":"https:\/\/www.thebestsocial.media\/de\/#\/schema\/person\/212fdd48880db42a484e589e4e27871b"},"headline":"Anstatt &#8222;Damen und Herren&#8220;: Lufthansa f\u00fchrt an Bord genderneutrale Anrede ein","datePublished":"2021-07-13T14:40:32+00:00","mainEntityOfPage":{"@id":"https:\/\/www.thebestsocial.media\/de\/lufthansa-gendergerechte-anrede\/"},"wordCount":487,"commentCount":0,"image":{"@id":"https:\/\/www.thebestsocial.media\/de\/lufthansa-gendergerechte-anrede\/#primaryimage"},"thumbnailUrl":"https:\/\/www.thebestsocial.media\/de\/wp-content\/uploads\/sites\/3\/2021\/07\/lufthansa-thumb.png","keywords":["Gendern","lufthansa"],"articleSection":["Twitter"],"inLanguage":"de","potentialAction":[{"@type":"CommentAction","name":"Comment","target":["https:\/\/www.thebestsocial.media\/de\/lufthansa-gendergerechte-anrede\/#respond"]}]},{"@type":"WebPage","@id":"https:\/\/www.thebestsocial.media\/de\/lufthansa-gendergerechte-anrede\/","url":"https:\/\/www.thebestsocial.media\/de\/lufthansa-gendergerechte-anrede\/","name":"Lufthansa f\u00fchrt an Bord genderneutrale Anrede ein","isPartOf":{"@id":"https:\/\/www.thebestsocial.media\/de\/#website"},"primaryImageOfPage":{"@id":"https:\/\/www.thebestsocial.media\/de\/lufthansa-gendergerechte-anrede\/#primaryimage"},"image":{"@id":"https:\/\/www.thebestsocial.media\/de\/lufthansa-gendergerechte-anrede\/#primaryimage"},"thumbnailUrl":"https:\/\/www.thebestsocial.media\/de\/wp-content\/uploads\/sites\/3\/2021\/07\/lufthansa-thumb.png","datePublished":"2021-07-13T14:40:32+00:00","author":{"@id":"https:\/\/www.thebestsocial.media\/de\/#\/schema\/person\/212fdd48880db42a484e589e4e27871b"},"description":"Anstelle von \"Sehr geehrte Damen und Herren\" will die Lufthansa genderneutrale Anreden nutzen. Reaktionen lassen nicht lange auf sich warten.","breadcrumb":{"@id":"https:\/\/www.thebestsocial.media\/de\/lufthansa-gendergerechte-anrede\/#breadcrumb"},"inLanguage":"de","potentialAction":[{"@type":"ReadAction","target":["https:\/\/www.thebestsocial.media\/de\/lufthansa-gendergerechte-anrede\/"]}]},{"@type":"ImageObject","inLanguage":"de","@id":"https:\/\/www.thebestsocial.media\/de\/lufthansa-gendergerechte-anrede\/#primaryimage","url":"https:\/\/www.thebestsocial.media\/de\/wp-content\/uploads\/sites\/3\/2021\/07\/lufthansa-thumb.png","contentUrl":"https:\/\/www.thebestsocial.media\/de\/wp-content\/uploads\/sites\/3\/2021\/07\/lufthansa-thumb.png","width":1200,"height":630},{"@type":"BreadcrumbList","@id":"https:\/\/www.thebestsocial.media\/de\/lufthansa-gendergerechte-anrede\/#breadcrumb","itemListElement":[{"@type":"ListItem","position":1,"name":"Home","item":"https:\/\/www.thebestsocial.media\/de\/"},{"@type":"ListItem","position":2,"name":"Anstatt &#8222;Damen und Herren&#8220;: Lufthansa f\u00fchrt an Bord genderneutrale Anrede ein"}]},{"@type":"WebSite","@id":"https:\/\/www.thebestsocial.media\/de\/#website","url":"https:\/\/www.thebestsocial.media\/de\/","name":"The Best Social Media DE","description":"","potentialAction":[{"@type":"SearchAction","target":{"@type":"EntryPoint","urlTemplate":"https:\/\/www.thebestsocial.media\/de\/?s={search_term_string}"},"query-input":{"@type":"PropertyValueSpecification","valueRequired":true,"valueName":"search_term_string"}}],"inLanguage":"de"},{"@type":"Person","@id":"https:\/\/www.thebestsocial.media\/de\/#\/schema\/person\/212fdd48880db42a484e589e4e27871b","name":"Benny","image":{"@type":"ImageObject","inLanguage":"de","@id":"https:\/\/secure.gravatar.com\/avatar\/559f54fceb59ac8654d5ca40291d2ab87f2a9d79e48e8e3c19582477cde950bf?s=96&d=mm&r=g","url":"https:\/\/secure.gravatar.com\/avatar\/559f54fceb59ac8654d5ca40291d2ab87f2a9d79e48e8e3c19582477cde950bf?s=96&d=mm&r=g","contentUrl":"https:\/\/secure.gravatar.com\/avatar\/559f54fceb59ac8654d5ca40291d2ab87f2a9d79e48e8e3c19582477cde950bf?s=96&d=mm&r=g","caption":"Benny"},"url":"https:\/\/www.thebestsocial.media\/de\/author\/bennykrueger\/"}]}},"amp_enabled":true,"_links":{"self":[{"href":"https:\/\/www.thebestsocial.media\/de\/wp-json\/wp\/v2\/posts\/147611","targetHints":{"allow":["GET"]}}],"collection":[{"href":"https:\/\/www.thebestsocial.media\/de\/wp-json\/wp\/v2\/posts"}],"about":[{"href":"https:\/\/www.thebestsocial.media\/de\/wp-json\/wp\/v2\/types\/post"}],"author":[{"embeddable":true,"href":"https:\/\/www.thebestsocial.media\/de\/wp-json\/wp\/v2\/users\/72"}],"replies":[{"embeddable":true,"href":"https:\/\/www.thebestsocial.media\/de\/wp-json\/wp\/v2\/comments?post=147611"}],"version-history":[{"count":5,"href":"https:\/\/www.thebestsocial.media\/de\/wp-json\/wp\/v2\/posts\/147611\/revisions"}],"predecessor-version":[{"id":147620,"href":"https:\/\/www.thebestsocial.media\/de\/wp-json\/wp\/v2\/posts\/147611\/revisions\/147620"}],"wp:featuredmedia":[{"embeddable":true,"href":"https:\/\/www.thebestsocial.media\/de\/wp-json\/wp\/v2\/media\/147616"}],"wp:attachment":[{"href":"https:\/\/www.thebestsocial.media\/de\/wp-json\/wp\/v2\/media?parent=147611"}],"wp:term":[{"taxonomy":"category","embeddable":true,"href":"https:\/\/www.thebestsocial.media\/de\/wp-json\/wp\/v2\/categories?post=147611"},{"taxonomy":"post_tag","embeddable":true,"href":"https:\/\/www.thebestsocial.media\/de\/wp-json\/wp\/v2\/tags?post=147611"}],"curies":[{"name":"wp","href":"https:\/\/api.w.org\/{rel}","templated":true}]}}