{"id":147394,"date":"2021-07-06T10:12:30","date_gmt":"2021-07-06T10:12:30","guid":{"rendered":"https:\/\/www.thebestsocial.media\/de\/?p=147394"},"modified":"2021-07-06T10:12:30","modified_gmt":"2021-07-06T10:12:30","slug":"baerbock-wahlkampf","status":"publish","type":"post","link":"https:\/\/www.thebestsocial.media\/de\/baerbock-wahlkampf\/","title":{"rendered":"Schmutzkampagne? Vorw\u00fcrfe gegen Baerbock erinnern viele an Trump&#8217;schen US-Wahlkampf"},"content":{"rendered":"<p>Als Annalena Baerbock im April <a href=\"https:\/\/www.thebestsocial.media\/de\/annalena-baerbock-kanzlerkandidatur\/\" rel=\"noopener\" target=\"_blank\">ihre Kanzlerkandidatur<\/a> verk\u00fcndete, kam kurz so etwas wie Aufbruchsstimmung auf: Viele hofften auf Ver\u00e4nderung nach 16 Jahren CDU und einen spannenden Wahlkampf, in dem es um Inhalte gehen w\u00fcrde. Doch es sollte anders kommen: Lebenslauf, Nebeneink\u00fcnfte, Plagiatsvorw\u00fcrfe. Die Gr\u00fcnen besch\u00e4ftigen sich mit allerlei Nebenger\u00e4uschen besch\u00e4ftigen, aber nicht mit Politik. Nach einem zwischenzeitlichen Hoch in den Umfragen sind sie mittlerweile wieder hinter Armin Laschet und die Union gefallen. Viele sehen in den Angriffen auf Baerbock allerdings eine Schmutzkampagne vonseiten der Konservativen und Rechten und erkennen darin Parallelen zum Trump-Wahlkampf 2016. Was ist dran an dieser Behauptung?<\/p>\n<p>&nbsp;<br \/>\n<strong>Was uns nicht umbringt, macht uns st\u00e4rker: Der ehemalige Vize-Kanzler Sigmar Gabriel nennt den diesj\u00e4hrigen Wahlkampf zwar &#8222;armselig&#8220;, meint aber, dass man da mit einer entsprechenden Standhaftigkeit einfach durch m\u00fcsse.<\/strong><\/p>\n<div class=\"dbsm-oembed\">\n<blockquote class=\"twitter-tweet\" data-width=\"500\" data-dnt=\"true\">\n<p lang=\"de\" dir=\"ltr\">Ich bin bestimmt kein Gr\u00fcnw\u00e4hler, aber was mit <a href=\"https:\/\/twitter.com\/ABaerbock?ref_src=twsrc%5Etfw\">@ABaerbock<\/a> passiert, zeigt nur, wie armselig der Wahlkampf ist. AB sollte es als \u201eWertsch\u00e4tzung\u201c im w\u00f6rtlichen Sinn nehmen. Sie wird nur auf ihre politische \u201eSchussfestigkeit\u201c getestet. Mehr ist es nicht. Einfach stehenbleiben.\u2026 1\/2<\/p>\n<p>&mdash; Sigmar Gabriel (@sigmargabriel) <a href=\"https:\/\/twitter.com\/sigmargabriel\/status\/1411992834379587587?ref_src=twsrc%5Etfw\">July 5, 2021<\/a><\/p><\/blockquote>\n<p><script async src=\"https:\/\/platform.twitter.com\/widgets.js\" charset=\"utf-8\"><\/script><\/div>\n<blockquote class=\"twitter-tweet\" data-conversation=\"none\">\n<p lang=\"de\" dir=\"ltr\">2\/2 \u2026 Der journalistische Schaum vor dem Mund verdeckt nur den Voyeurismus, endlich mal wieder eine Frau scheitern zu sehen, die sich wagt, was zu wollen. Dabei w\u00fcrden die ganzen medialen Besserwisser nicht einen Tag \u00fcberstehen, wenn sie mal selbst im Wahlkampf st\u00fcnden. <a href=\"https:\/\/twitter.com\/hashtag\/BTW21?src=hash&amp;ref_src=twsrc%5Etfw\">#BTW21<\/a><\/p>\n<p>&mdash; Sigmar Gabriel (@sigmargabriel) <a href=\"https:\/\/twitter.com\/sigmargabriel\/status\/1411992835742633989?ref_src=twsrc%5Etfw\">July 5, 2021<\/a><\/p><\/blockquote>\n<p> <script async src=\"https:\/\/platform.twitter.com\/widgets.js\" charset=\"utf-8\"><\/script><\/p>\n<p>&nbsp;<br \/>\n<strong>Seine Parteikollegin Katarina Barley erinnert daran, wie damals mit Martin Schulz umgesprungen wurde oder <a href=\"https:\/\/www.thebestsocial.media\/de\/diffarmierung-geschlechts\/\" rel=\"noopener\" target=\"_blank\">wie Frauen allgemein behandelt werden<\/a>. F\u00fcr die SPD-Genossen ist Wahlkampf offensichtlich ein hartes Pflaster &#8211; also Augen zu und durch, friss oder stirb.<\/strong><\/p>\n<div class=\"dbsm-oembed\">\n<blockquote class=\"twitter-tweet\" data-width=\"500\" data-dnt=\"true\">\n<p lang=\"de\" dir=\"ltr\">Was derzeit passiert, ist keine Kampagne gegen eine Partei oder Person, sondern ein Schlaglicht auf die Unbarmherzigkeit von Politik und Medien. Das haben in den letzten Jahren alle anderen Parteien mehr abbekommen als die Gr\u00fcnen, deswegen ist das f\u00fcr sie ein hartes Erwachen.<br \/>1\/<\/p>\n<p>&mdash; Katarina Barley (@katarinabarley) <a href=\"https:\/\/twitter.com\/katarinabarley\/status\/1410485678987747330?ref_src=twsrc%5Etfw\">July 1, 2021<\/a><\/p><\/blockquote>\n<p><script async src=\"https:\/\/platform.twitter.com\/widgets.js\" charset=\"utf-8\"><\/script><\/div>\n<blockquote class=\"twitter-tweet\" data-conversation=\"none\">\n<p lang=\"de\" dir=\"ltr\">Ich habe aus n\u00e4chster N\u00e4he erlebt, was \u00fcber <a href=\"https:\/\/twitter.com\/MartinSchulz?ref_src=twsrc%5Etfw\">@MartinSchulz<\/a> geschrieben wurde, als er Kanzlerkandidat war. Unterste Schublade, menschlich diskreditierend. Und derzeit werden die anderen ja nun auch nicht geschont, zB:<br \/>2\/ <a href=\"https:\/\/t.co\/7DaPZ48iF6\">pic.twitter.com\/7DaPZ48iF6<\/a><\/p>\n<p>&mdash; Katarina Barley (@katarinabarley) <a href=\"https:\/\/twitter.com\/katarinabarley\/status\/1410485684801056769?ref_src=twsrc%5Etfw\">July 1, 2021<\/a><\/p><\/blockquote>\n<p> <script async src=\"https:\/\/platform.twitter.com\/widgets.js\" charset=\"utf-8\"><\/script><\/p>\n<blockquote class=\"twitter-tweet\" data-conversation=\"none\">\n<p lang=\"de\" dir=\"ltr\">Ja, es trifft Frauen mehr und anders. Das war allerdings auch schon immer so. Erinnert ihr euch noch, wie <a href=\"https:\/\/twitter.com\/ManuelaSchwesig?ref_src=twsrc%5Etfw\">@ManuelaSchwesig<\/a> als \u201eK\u00fcsten-Barbie\u201c bezeichnet wurde? Ihr (und danach mir) wurde unterstellt, als FamMin Islamisten zu finanzieren. <br \/>Es g\u00e4be unz\u00e4hlige weitere Beispiele.<br \/>3\/<\/p>\n<p>&mdash; Katarina Barley (@katarinabarley) <a href=\"https:\/\/twitter.com\/katarinabarley\/status\/1410485687632203776?ref_src=twsrc%5Etfw\">July 1, 2021<\/a><\/p><\/blockquote>\n<p> <script async src=\"https:\/\/platform.twitter.com\/widgets.js\" charset=\"utf-8\"><\/script><\/p>\n<blockquote class=\"twitter-tweet\" data-conversation=\"none\">\n<p lang=\"de\" dir=\"ltr\">Und jetzt kommt nicht mit \u201eaber sie ist doch so toll und die anderen sind ganz schlimm\u201c &#8211; das sieht die andere Seite nat\u00fcrlich anders. <br \/>Was wir br\u00e4uchten, w\u00e4re mehr Respekt in der Politik, untereinander und seitens der Medien. Sachliche Kritik, keine unter der G\u00fcrtellinie.<br \/>4\/<\/p>\n<p>&mdash; Katarina Barley (@katarinabarley) <a href=\"https:\/\/twitter.com\/katarinabarley\/status\/1410485689729306625?ref_src=twsrc%5Etfw\">July 1, 2021<\/a><\/p><\/blockquote>\n<p> <script async src=\"https:\/\/platform.twitter.com\/widgets.js\" charset=\"utf-8\"><\/script><\/p>\n<blockquote class=\"twitter-tweet\" data-conversation=\"none\">\n<p lang=\"de\" dir=\"ltr\">Wahrheiten m\u00fcssen hart benannt werden, Fehler kann man auch mit Anstand zugeben. Dann m\u00fcssten vielleicht auch nicht so viele PolitikerInnen sch\u00fctzende Panzer anlegen oder sich als jemand anderes darstellen, als sie sind.<br \/>Ich glaube, das f\u00e4nden die meisten Menschen gut.<br \/>5\/5<\/p>\n<p>&mdash; Katarina Barley (@katarinabarley) <a href=\"https:\/\/twitter.com\/katarinabarley\/status\/1410485690870243330?ref_src=twsrc%5Etfw\">July 1, 2021<\/a><\/p><\/blockquote>\n<p> <script async src=\"https:\/\/platform.twitter.com\/widgets.js\" charset=\"utf-8\"><\/script><\/p>\n<p>&nbsp;<br \/>\n<strong>Dennoch f\u00e4llt auf, wie die Verfehlungen von Laschet und Scholz weit weniger thematisiert werden und pr\u00e4sent sind, obwohl sie als deutlich schwerwiegender zu bewerten sind und direkt mit dem politischen Amt in Verbindung stehen.<\/strong><\/p>\n<p>https:\/\/twitter.com\/ennopark\/status\/1412068160497389571<\/p>\n<blockquote class=\"twitter-tweet\" data-conversation=\"none\">\n<p lang=\"de\" dir=\"ltr\">2\/ Armin Laschet hat sich Klausurnoten ausgedacht, verdankt seine Karriere teilweise der Protegierung durch M\u00e4chtigere, agiert wissenschaftsfeindlich bzw. argumentiert postfaktisch, stellt in seiner Corona-Politik Profit-Interessen \u00fcber Menschenleben, etwa wenn es obskure<\/p>\n<p>&mdash; Enno Park (@ennopark) <a href=\"https:\/\/twitter.com\/ennopark\/status\/1412068162028322818?ref_src=twsrc%5Etfw\">July 5, 2021<\/a><\/p><\/blockquote>\n<p> <script async src=\"https:\/\/platform.twitter.com\/widgets.js\" charset=\"utf-8\"><\/script><\/p>\n<blockquote class=\"twitter-tweet\" data-conversation=\"none\">\n<p lang=\"de\" dir=\"ltr\">3\/ Ausnahmen f\u00fcr M\u00f6belh\u00e4user gibt, kauft politisch genehme &quot;wissenschaftliche&quot; Studien ein, ist in einen Korruptionsfall um unbrauchbare medizinische Kittel verwickelt und hat in seinem Bundesland gerade die Demonstrationsfreiheit drastisch eingeschr\u00e4nkt.<\/p>\n<p>&mdash; Enno Park (@ennopark) <a href=\"https:\/\/twitter.com\/ennopark\/status\/1412068163584507918?ref_src=twsrc%5Etfw\">July 5, 2021<\/a><\/p><\/blockquote>\n<p> <script async src=\"https:\/\/platform.twitter.com\/widgets.js\" charset=\"utf-8\"><\/script><\/p>\n<blockquote class=\"twitter-tweet\" data-conversation=\"none\">\n<p lang=\"de\" dir=\"ltr\">4\/ Olaf Scholz wird offenbar zu unrecht eine Verwicklung in Cum-Ex-Gesch\u00e4fte der Warburg-Bank vorgeworfen. Als Innensenator f\u00fchrte er in Hamburg den (offiziell vom EGMR als menschenrechtswidrig eingestuften) polizeilichen von Einsatz von Brechmitteln gegen Verd\u00e4chtige ein,<\/p>\n<p>&mdash; Enno Park (@ennopark) <a href=\"https:\/\/twitter.com\/ennopark\/status\/1412068165438345219?ref_src=twsrc%5Etfw\">July 5, 2021<\/a><\/p><\/blockquote>\n<p> <script async src=\"https:\/\/platform.twitter.com\/widgets.js\" charset=\"utf-8\"><\/script><\/p>\n<blockquote class=\"twitter-tweet\" data-conversation=\"none\">\n<p lang=\"de\" dir=\"ltr\">5\/ was zu mindestens einem Todesfall f\u00fchrte. Bei den Protesten beim Hamburger G20-Gipfel kam es zu zahlreichen F\u00e4llen von Polizeigewalt u.a. auch gegen Pressevertreter\u00efnnen und Verst\u00f6\u00dfe gegen die Pressefreiheit, was der als B\u00fcrgermesiter mitverantwortliche Olaf Scholz leugnete.<\/p>\n<p>&mdash; Enno Park (@ennopark) <a href=\"https:\/\/twitter.com\/ennopark\/status\/1412068167023747074?ref_src=twsrc%5Etfw\">July 5, 2021<\/a><\/p><\/blockquote>\n<p> <script async src=\"https:\/\/platform.twitter.com\/widgets.js\" charset=\"utf-8\"><\/script><\/p>\n<blockquote class=\"twitter-tweet\" data-conversation=\"none\">\n<p lang=\"de\" dir=\"ltr\">6\/ Als Finanzminister tr\u00e4gt er Mitverantwortung f\u00fcr das Versagen der Bafin im Wirecard-Skandal.<\/p>\n<p>Annalena Baerbock: Hat ihren Lebenslauf in einem Umfang gesch\u00f6nt, der dem entspricht, was Bewerbungscoaches \u00fcblicherweise empfehlen (hat Laschet \u00fcbrigens auch) und ihr Ghostwriter hat<\/p>\n<p>&mdash; Enno Park (@ennopark) <a href=\"https:\/\/twitter.com\/ennopark\/status\/1412068168575619078?ref_src=twsrc%5Etfw\">July 5, 2021<\/a><\/p><\/blockquote>\n<p> <script async src=\"https:\/\/platform.twitter.com\/widgets.js\" charset=\"utf-8\"><\/script><\/p>\n<blockquote class=\"twitter-tweet\" data-conversation=\"none\">\n<p lang=\"de\" dir=\"ltr\">7\/ freiz\u00fcgig Textpassagen aus fremden Quellen \u00fcbernommen, ohne dies zu kennzeichnen, wobei es sich, das ist hier wichtig, nicht um ein Plagiat in einer wissenschafltichen Pr\u00fcfungsarbeit handelt wie etwa bei Franziska Giffey. Das ist nicht sch\u00f6n aber:<\/p>\n<p>&mdash; Enno Park (@ennopark) <a href=\"https:\/\/twitter.com\/ennopark\/status\/1412068170140114944?ref_src=twsrc%5Etfw\">July 5, 2021<\/a><\/p><\/blockquote>\n<p> <script async src=\"https:\/\/platform.twitter.com\/widgets.js\" charset=\"utf-8\"><\/script><\/p>\n<p>&nbsp;<br \/>\n<strong>Der Journalist Enno Park sieht hier einen von links bis rechts und von oben bis unten weit verbreiteten Konformismus bzgl. Hierarchien und konservativer Werte vorherrschen.<\/strong><\/p>\n<blockquote class=\"twitter-tweet\" data-conversation=\"none\">\n<p lang=\"de\" dir=\"ltr\">8\/ Wie kann es sein, dass trotzdem ausgerechnet gegen Baerbock eine sehr erfolgreiche Kampagne gefahren wird? Und wie zur Henker\u00efn kann jemand mit auch nur ein wenig Verstand bei dieser Nebeneinanderstellung auf die Idee kommen, dass Baerbock die schlechtere Kandidatin sei?<\/p>\n<p>&mdash; Enno Park (@ennopark) <a href=\"https:\/\/twitter.com\/ennopark\/status\/1412068171721367552?ref_src=twsrc%5Etfw\">July 5, 2021<\/a><\/p><\/blockquote>\n<p> <script async src=\"https:\/\/platform.twitter.com\/widgets.js\" charset=\"utf-8\"><\/script><\/p>\n<blockquote class=\"twitter-tweet\" data-conversation=\"none\">\n<p lang=\"de\" dir=\"ltr\">9\/ Dass Leute aus dem rechten Lager mit jedem Schmutz werfen, den sie haben, ist klar. Aber wie kommen Leute aus der politischen Mitte oder sogar links auf die Idee, Baerbock &quot;sei hochn\u00e4sig&quot; und &quot;st\u00fcnde sich irgendwie selbst im weg&quot; und das sei jetzt schlimmer als Laschet oder<\/p>\n<p>&mdash; Enno Park (@ennopark) <a href=\"https:\/\/twitter.com\/ennopark\/status\/1412068173478731781?ref_src=twsrc%5Etfw\">July 5, 2021<\/a><\/p><\/blockquote>\n<p> <script async src=\"https:\/\/platform.twitter.com\/widgets.js\" charset=\"utf-8\"><\/script><\/p>\n<blockquote class=\"twitter-tweet\" data-conversation=\"none\">\n<p lang=\"de\" dir=\"ltr\">10\/ Scholz? Wie kann &quot;Hochn\u00e4sigkeit&quot; im Kontrast zu Korruption und menschenverachtender Politik ein Argument sein, das derma\u00dfen breit und bereitwillig aufgenommen und wiedergegeben wird? Die Antwort liegt meiner Meinung nach in der konservativen Struktur unserer Gesellschaft.<\/p>\n<p>&mdash; Enno Park (@ennopark) <a href=\"https:\/\/twitter.com\/ennopark\/status\/1412068175139725316?ref_src=twsrc%5Etfw\">July 5, 2021<\/a><\/p><\/blockquote>\n<p> <script async src=\"https:\/\/platform.twitter.com\/widgets.js\" charset=\"utf-8\"><\/script><\/p>\n<p>&nbsp;<br \/>\n<strong>M\u00e4nner wie Laschet, Scholz oder Trump agieren als Machtpolitiker und Alpham\u00e4nnchen Rollenkonform im Sinne unserer strukturell konservativen Gesellschaft. Progressive Politik und eine Frau im Spitzenamt entspr\u00e4chen nach wie vor nicht der Norm.<\/strong><\/p>\n<blockquote class=\"twitter-tweet\">\n<p lang=\"de\" dir=\"ltr\">12\/ Ich habe dort herausgearbeitet, dass es Konservativen beim &quot;Bewahren&quot; zu allererst immer darum geht, die bestehende Hierarchie und damit auch den eigenen Status darin zu bewahren. Und genau dieses Denken schl\u00e4gt auch im Fall Baerbock wieder zu.<\/p>\n<p>&mdash; Enno Park (@ennopark) <a href=\"https:\/\/twitter.com\/ennopark\/status\/1412068178591633417?ref_src=twsrc%5Etfw\">July 5, 2021<\/a><\/p><\/blockquote>\n<p> <script async src=\"https:\/\/platform.twitter.com\/widgets.js\" charset=\"utf-8\"><\/script><\/p>\n<blockquote class=\"twitter-tweet\" data-conversation=\"none\">\n<p lang=\"de\" dir=\"ltr\">13\/ Laschet und Scholz kann allerlei vorgeworfen werden, aber sie handeln von einer Position aus, die dem Status entspricht, der ihnen von der Gesellschaft zugesprochen wird. Baerbock bricht diese Erwartung. Ein Buch geschrieben haben, hebt den Status.<\/p>\n<p>&mdash; Enno Park (@ennopark) <a href=\"https:\/\/twitter.com\/ennopark\/status\/1412068180768526339?ref_src=twsrc%5Etfw\">July 5, 2021<\/a><\/p><\/blockquote>\n<p> <script async src=\"https:\/\/platform.twitter.com\/widgets.js\" charset=\"utf-8\"><\/script><\/p>\n<blockquote class=\"twitter-tweet\" data-conversation=\"none\">\n<p lang=\"de\" dir=\"ltr\">14\/ Werden in dem Buch Fehler gefunden, wird das so interpretiert, als ma\u00dfe Baerbock sich einen Status an, den sie eigentlich nicht habe.<\/p>\n<p>Besch\u00e4ftigt sie (wie alle anderen Spitzenpolitiker\u00efnnen auch) einen Ghostwriter, wirkt das wie eine ebensolche Status-Anma\u00dfung.<\/p>\n<p>&mdash; Enno Park (@ennopark) <a href=\"https:\/\/twitter.com\/ennopark\/status\/1412068182592983047?ref_src=twsrc%5Etfw\">July 5, 2021<\/a><\/p><\/blockquote>\n<p> <script async src=\"https:\/\/platform.twitter.com\/widgets.js\" charset=\"utf-8\"><\/script><\/p>\n<blockquote class=\"twitter-tweet\" data-conversation=\"none\">\n<p lang=\"de\" dir=\"ltr\">15\/ Auch der Lebenslauf zeigt den Status einer Person an. Sch\u00f6nungen daran wirken ebenfalls, als wolle wer sich einen h\u00f6heren Status anma\u00dfen. Bei Leuten, die sich statusgem\u00e4\u00df verhalten, sind solche Verfehlungen nie ein Problem. Baerbock hat aber eine doppelte Schwierigkeit:<\/p>\n<p>&mdash; Enno Park (@ennopark) <a href=\"https:\/\/twitter.com\/ennopark\/status\/1412068184576999424?ref_src=twsrc%5Etfw\">July 5, 2021<\/a><\/p><\/blockquote>\n<p> <script async src=\"https:\/\/platform.twitter.com\/widgets.js\" charset=\"utf-8\"><\/script><\/p>\n<blockquote class=\"twitter-tweet\" data-conversation=\"none\">\n<p lang=\"de\" dir=\"ltr\">16\/ F\u00fcr viele ist es (oft unbewusst) noch immer eine Status-Anma\u00dfung, als Frau f\u00fcr ein Spitzenamt zu kandidieren(*). Und sie tut es ausgerechnet in der Partei, die erst 1979 hinzukam. Die Gr\u00fcnen sind quasi ein &quot;Empork\u00f6mmling&quot; im altbundesrepublikanischen Parteiensystem.<\/p>\n<p>&mdash; Enno Park (@ennopark) <a href=\"https:\/\/twitter.com\/ennopark\/status\/1412068186531500032?ref_src=twsrc%5Etfw\">July 5, 2021<\/a><\/p><\/blockquote>\n<p> <script async src=\"https:\/\/platform.twitter.com\/widgets.js\" charset=\"utf-8\"><\/script><\/p>\n<p>&nbsp;<br \/>\n<strong>Leute wie Baerbock oder Rezo werden angegriffen, weil sie nicht der konservativen Norm entsprechen. Anstatt ihre Inhalte und Argumente anzuh\u00f6ren und gelten zu lassen, wird ihr Status infrage gestellt.<\/strong><\/p>\n<blockquote class=\"twitter-tweet\" data-conversation=\"none\">\n<p lang=\"de\" dir=\"ltr\">17\/ Genau so, wie sich die Emp\u00f6rung \u00fcber Panama-Papers und viele Korruptionsf\u00e4lle u.\u00e4. auf kaum verst\u00e4ndliche Weise in Grenzen h\u00e4lt, k\u00f6nnen Laschet und Scholz (und Trump) mit ihrem Verhalten durchkommen, weil sie sich im konservativen Sinne rollen- und statuskonform verhalten.<\/p>\n<p>&mdash; Enno Park (@ennopark) <a href=\"https:\/\/twitter.com\/ennopark\/status\/1412068188393807884?ref_src=twsrc%5Etfw\">July 5, 2021<\/a><\/p><\/blockquote>\n<p> <script async src=\"https:\/\/platform.twitter.com\/widgets.js\" charset=\"utf-8\"><\/script><\/p>\n<blockquote class=\"twitter-tweet\" data-conversation=\"none\">\n<p lang=\"de\" dir=\"ltr\">18\/ Bricht eine Person diese Hierarchie wie zum Beispiel Baerbock das tut, sind die kleinsten Fehler pl\u00f6tzlich unverzeihlich, insbesondere wenn sie Indizien f\u00fcr eine vermeintliche Status-Anma\u00dfung sind. Da reagieren die Leute, heftig, das geht gar nicht.<\/p>\n<p>&mdash; Enno Park (@ennopark) <a href=\"https:\/\/twitter.com\/ennopark\/status\/1412068190088204288?ref_src=twsrc%5Etfw\">July 5, 2021<\/a><\/p><\/blockquote>\n<p> <script async src=\"https:\/\/platform.twitter.com\/widgets.js\" charset=\"utf-8\"><\/script><\/p>\n<blockquote class=\"twitter-tweet\" data-conversation=\"none\">\n<p lang=\"de\" dir=\"ltr\">19\/ Ganz \u00e4hnlich war das bei <a href=\"https:\/\/twitter.com\/rezomusik?ref_src=twsrc%5Etfw\">@rezomusik<\/a> zu beobachten, der vor allem deshalb von vielen abgelehnt wird, weil er in ihren Augen aus der Rolle f\u00e4llt. Da ist ganz egal, ob seine Argumente richtig, stringent und mit Quellen belegt sind.<\/p>\n<p>&mdash; Enno Park (@ennopark) <a href=\"https:\/\/twitter.com\/ennopark\/status\/1412068191715704839?ref_src=twsrc%5Etfw\">July 5, 2021<\/a><\/p><\/blockquote>\n<p> <script async src=\"https:\/\/platform.twitter.com\/widgets.js\" charset=\"utf-8\"><\/script><\/p>\n<blockquote class=\"twitter-tweet\" data-conversation=\"none\">\n<p lang=\"de\" dir=\"ltr\">20\/ Oder im US-Wahlkampf 2016: &quot;Grab em by the pussy&quot; ist rollenkonformes Verhalten f\u00fcr einen privilegierten Patriarchen, Pr\u00e4sidentin werden wollen ziemt sich f\u00fcr eine ehemalige First Lady nicht. Da wurde neben <a href=\"https:\/\/twitter.com\/hashtag\/ButHerEmails?src=hash&amp;ref_src=twsrc%5Etfw\">#ButHerEmails<\/a> auch dauernd Clintons Qualifikation in Frage gestellt.<\/p>\n<p>&mdash; Enno Park (@ennopark) <a href=\"https:\/\/twitter.com\/ennopark\/status\/1412068193431166977?ref_src=twsrc%5Etfw\">July 5, 2021<\/a><\/p><\/blockquote>\n<p> <script async src=\"https:\/\/platform.twitter.com\/widgets.js\" charset=\"utf-8\"><\/script><\/p>\n<blockquote class=\"twitter-tweet\" data-conversation=\"none\">\n<p lang=\"de\" dir=\"ltr\">21\/ Das traurige Fazit: Viel mehr als wir das wahrhaben wollen, sind wir bis weit nach links noch immer in Hierarchien denkende Anh\u00e4nger\u00efnnen des DaK\u00f6nntJaJederKommismus, die bereitwillig auf ein Baerbock-Bashing einrasten, wenn uns nur der geringste Anlass geboten wird.<\/p>\n<p>&mdash; Enno Park (@ennopark) <a href=\"https:\/\/twitter.com\/ennopark\/status\/1412068195100397569?ref_src=twsrc%5Etfw\">July 5, 2021<\/a><\/p><\/blockquote>\n<p> <script async src=\"https:\/\/platform.twitter.com\/widgets.js\" charset=\"utf-8\"><\/script><\/p>\n<p>&nbsp;<br \/>\n<strong>Dass konservative Medien wie Fox News in den USA oder Bild und Welt hierzulande derart tendenzi\u00f6s berichten, d\u00fcrfte dabei nicht weiter \u00fcberraschen. Nur leider lassen sich manche Leitmedien, die es eigentlich besser wissen m\u00fcssten, davon mitrei\u00dfen, wie Autor Georg Dietz meint.<\/strong><\/p>\n<div class=\"dbsm-oembed\">\n<blockquote class=\"twitter-tweet\" data-width=\"500\" data-dnt=\"true\">\n<p lang=\"de\" dir=\"ltr\">Die Berichterstattung \u00fcber die Gr\u00fcnen und speziell Annalena Baerbock irritiert aus verschiedenen Gr\u00fcnden &#8211; und der Vergleich mit dem Wahlkampf 2016 in den USA und dem dramatischen Medienversagen ist da ganz hilfreich:<\/p>\n<p>&mdash; Georg Diez (@GeorgDiez1) <a href=\"https:\/\/twitter.com\/GeorgDiez1\/status\/1410597500608675841?ref_src=twsrc%5Etfw\">July 1, 2021<\/a><\/p><\/blockquote>\n<p><script async src=\"https:\/\/platform.twitter.com\/widgets.js\" charset=\"utf-8\"><\/script><\/div>\n<blockquote class=\"twitter-tweet\" data-conversation=\"none\">\n<p lang=\"de\" dir=\"ltr\">Die New York Times und andere amerikanische Medien haben verstanden und zum Teil eingestanden, dass sie damals die falschen Akzente gesetzt haben, aus Nebens\u00e4chlichkeiten wie Clintons Emails ein Dauerthema gemacht haben und damit wirklich relevante Themen zu wenig beachtet haben.<\/p>\n<p>&mdash; Georg Diez (@GeorgDiez1) <a href=\"https:\/\/twitter.com\/GeorgDiez1\/status\/1410597502986854410?ref_src=twsrc%5Etfw\">July 1, 2021<\/a><\/p><\/blockquote>\n<p> <script async src=\"https:\/\/platform.twitter.com\/widgets.js\" charset=\"utf-8\"><\/script><\/p>\n<blockquote class=\"twitter-tweet\" data-conversation=\"none\">\n<p lang=\"de\" dir=\"ltr\">\u00c4hnliches geschieht nun im deutschen Wahlkampf: W\u00e4hrend die Kandidaten der beiden anderen gro\u00dfen Parteien massive Skandale aufzuweisen haben, in die sie mutma\u00dflich verwickelt sind, Banken, Masken, Manipulation &#8211; sind es bei Baerbock immer seltsamere Petitessen.<\/p>\n<p>&mdash; Georg Diez (@GeorgDiez1) <a href=\"https:\/\/twitter.com\/GeorgDiez1\/status\/1410597504836530195?ref_src=twsrc%5Etfw\">July 1, 2021<\/a><\/p><\/blockquote>\n<p> <script async src=\"https:\/\/platform.twitter.com\/widgets.js\" charset=\"utf-8\"><\/script><\/p>\n<blockquote class=\"twitter-tweet\" data-conversation=\"none\">\n<p lang=\"de\" dir=\"ltr\">Es hie\u00df dann oft: Ja, wer so mit Moral argumentiert, ist selbst schuld, wir mit anderen Ma\u00dfst\u00e4ben gemessen &#8211; das fatale Ergebnis von medialem Einbahnstra\u00dfenfussball seit ein paar Jahren schon, der orchestrierte Versuch, Werte in der Politik zu diskreditieren.<\/p>\n<p>&mdash; Georg Diez (@GeorgDiez1) <a href=\"https:\/\/twitter.com\/GeorgDiez1\/status\/1410597506795261972?ref_src=twsrc%5Etfw\">July 1, 2021<\/a><\/p><\/blockquote>\n<p> <script async src=\"https:\/\/platform.twitter.com\/widgets.js\" charset=\"utf-8\"><\/script><\/p>\n<blockquote class=\"twitter-tweet\" data-conversation=\"none\">\n<p lang=\"de\" dir=\"ltr\">Die mediale Logik ist nun, die eigene Pr\u00e4misse, dass Werte in der Politik nichts verloren haben (was nicht wirklich begr\u00fcndet wird), zur Grundlage von Analysen zu machen, die wiederum nicht wirklich begr\u00fcndet sind und nur auf den eigenen Setzungen beruhen.<\/p>\n<p>&mdash; Georg Diez (@GeorgDiez1) <a href=\"https:\/\/twitter.com\/GeorgDiez1\/status\/1410597508900818961?ref_src=twsrc%5Etfw\">July 1, 2021<\/a><\/p><\/blockquote>\n<p> <script async src=\"https:\/\/platform.twitter.com\/widgets.js\" charset=\"utf-8\"><\/script><\/p>\n<blockquote class=\"twitter-tweet\" data-conversation=\"none\">\n<p lang=\"de\" dir=\"ltr\">Ein medialer Zirkelschluss also, der sich in Argumentation und Wertung ma\u00dfgeblich von der Realit\u00e4t entfernt &#8211; eine ungute Schieflage, egal, welche politische Haltung man hat.<\/p>\n<p>&mdash; Georg Diez (@GeorgDiez1) <a href=\"https:\/\/twitter.com\/GeorgDiez1\/status\/1410597510918246401?ref_src=twsrc%5Etfw\">July 1, 2021<\/a><\/p><\/blockquote>\n<p> <script async src=\"https:\/\/platform.twitter.com\/widgets.js\" charset=\"utf-8\"><\/script><\/p>\n<p>&nbsp;<br \/>\n<strong>Der Journalist Stephan Anpalagan ist in seiner Analyse deutlich meinungsfreudiger. Er erinnert daran, wie schon Greta Thunberg von Leuten wie Merz, Ziemiak, Dieter Nur oder Bild-Chef Reichelt pers\u00f6nlich angegriffen wurde.<\/strong><\/p>\n<blockquote class=\"twitter-tweet\" data-conversation=\"none\">\n<p lang=\"de\" dir=\"ltr\">Haben wir ernsthaft geglaubt, dass dieselben Leute nun sachlich und fair mit einer gr\u00fcnen Kanzlerkandidatin umgehen w\u00fcrden? Dass Axel-Springer-Medien, CDU, AfD &amp; Lobbyorganisationen nicht alles tun w\u00fcrden, um eine liberale, menschenfreundliche &amp; nachhaltige Politik zu verhindern?<\/p>\n<p>&mdash; Stephan Anpalagan (@stephanpalagan) <a href=\"https:\/\/twitter.com\/stephanpalagan\/status\/1410542089117577216?ref_src=twsrc%5Etfw\">July 1, 2021<\/a><\/p><\/blockquote>\n<p> <script async src=\"https:\/\/platform.twitter.com\/widgets.js\" charset=\"utf-8\"><\/script><\/p>\n<blockquote class=\"twitter-tweet\" data-conversation=\"none\">\n<p lang=\"de\" dir=\"ltr\">Die CDU beispielsweise hat keine Inhalte, hat keine Expertise, hat kein vertrauensw\u00fcrdiges Spitzenpersonal, hat keine glaubw\u00fcrdige Historie im Umgang mit Geld und am gravierendsten: die CDU hat schlicht keinen Wertekompass. Erst recht keinen christlichen.<\/p>\n<p>&mdash; Stephan Anpalagan (@stephanpalagan) <a href=\"https:\/\/twitter.com\/stephanpalagan\/status\/1410542090417852419?ref_src=twsrc%5Etfw\">July 1, 2021<\/a><\/p><\/blockquote>\n<p> <script async src=\"https:\/\/platform.twitter.com\/widgets.js\" charset=\"utf-8\"><\/script><\/p>\n<blockquote class=\"twitter-tweet\" data-conversation=\"none\">\n<p lang=\"de\" dir=\"ltr\">Das Wahlprogramm der CDU ist ein derartiger Witz, dass sich selbst Armin Laschet daf\u00fcr sch\u00e4mt. Unter Expertise und Erkenntnisgewinn versteht diese Partei ausschlie\u00dflich die Versorgung von Lobbyorganisationen und Parteispendern mit Abendessen, Auftr\u00e4gen und Posten.<\/p>\n<p>&mdash; Stephan Anpalagan (@stephanpalagan) <a href=\"https:\/\/twitter.com\/stephanpalagan\/status\/1410542091566997506?ref_src=twsrc%5Etfw\">July 1, 2021<\/a><\/p><\/blockquote>\n<p> <script async src=\"https:\/\/platform.twitter.com\/widgets.js\" charset=\"utf-8\"><\/script><\/p>\n<blockquote class=\"twitter-tweet\" data-conversation=\"none\">\n<p lang=\"de\" dir=\"ltr\">Wer bereits so tief gesunken ist, dass er sich mit schmutzigen Mitteln an einer Minderj\u00e4hrigen abarbeitet (weil diese den Schutz der Umwelt und die Achtung von Menschenrechten einfordert), warum sollte er sich beim politischen Gegner zur\u00fcckhalten?<\/p>\n<p>&mdash; Stephan Anpalagan (@stephanpalagan) <a href=\"https:\/\/twitter.com\/stephanpalagan\/status\/1410542096361136129?ref_src=twsrc%5Etfw\">July 1, 2021<\/a><\/p><\/blockquote>\n<p> <script async src=\"https:\/\/platform.twitter.com\/widgets.js\" charset=\"utf-8\"><\/script><\/p>\n<blockquote class=\"twitter-tweet\" data-conversation=\"none\">\n<p lang=\"de\" dir=\"ltr\">\u201eNever argue with an idiot. They will drag you down to their level and beat you with experience.\u201c &#8211; Besser k\u00f6nnte man die Wahlkampfstrategie von CDU, INSM und BILD nicht beschreiben. Den Gegner so lange mit Dreck bewerfen bis dieser so aussieht wie man selbst.<\/p>\n<p>&mdash; Stephan Anpalagan (@stephanpalagan) <a href=\"https:\/\/twitter.com\/stephanpalagan\/status\/1410542097564844035?ref_src=twsrc%5Etfw\">July 1, 2021<\/a><\/p><\/blockquote>\n<p> <script async src=\"https:\/\/platform.twitter.com\/widgets.js\" charset=\"utf-8\"><\/script><\/p>\n<p>&nbsp;<br \/>\n<strong>Das Augen-zu-und-durch der SPD-Politiker von oben kann und will Anpalagan so nicht hinnehmen.<\/strong><\/p>\n<blockquote class=\"twitter-tweet\" data-conversation=\"none\">\n<p lang=\"de\" dir=\"ltr\">Da die CDU diese Form des Wahlkampfes l\u00e4nger praktiziert als alle anderen Parteien zusammen und das vorhandene Budget nicht f\u00fcr gute Politik oder kluge Wahlprogramme, sondern f\u00fcr \u201eDirty Campaigning\u201c ausgibt, gibt es f\u00fcr die Gr\u00fcnen auch keine Chance auf diesem Feld zu bestehen.<\/p>\n<p>&mdash; Stephan Anpalagan (@stephanpalagan) <a href=\"https:\/\/twitter.com\/stephanpalagan\/status\/1410542098802167811?ref_src=twsrc%5Etfw\">July 1, 2021<\/a><\/p><\/blockquote>\n<p> <script async src=\"https:\/\/platform.twitter.com\/widgets.js\" charset=\"utf-8\"><\/script><\/p>\n<blockquote class=\"twitter-tweet\" data-conversation=\"none\">\n<p lang=\"de\" dir=\"ltr\">Die Gr\u00fcnen k\u00f6nnen diesen hirnlosen Angriffen nur mit f\u00fcnf Punkten begegnen:<\/p>\n<p>1. Die Wahlkampfstrategie von Barack Obama kopieren und mit einer starken Vision, einer glaubw\u00fcrdigen Erz\u00e4hlung, klugen L\u00f6sungen und einer hoffnungsvollen Zukunft in die \u00d6ffentlichkeit treten.<\/p>\n<p>&mdash; Stephan Anpalagan (@stephanpalagan) <a href=\"https:\/\/twitter.com\/stephanpalagan\/status\/1410542099989250053?ref_src=twsrc%5Etfw\">July 1, 2021<\/a><\/p><\/blockquote>\n<p> <script async src=\"https:\/\/platform.twitter.com\/widgets.js\" charset=\"utf-8\"><\/script><\/p>\n<blockquote class=\"twitter-tweet\" data-conversation=\"none\">\n<p lang=\"de\" dir=\"ltr\">2. Die eigene Erz\u00e4hlung auch an die Bed\u00fcrfnisse konservativer W\u00e4hlerschaften anpassen. Es geht hier schlie\u00dflich um die Zukunft der Kinder, der Familien, der Landwirtschaft und der Sch\u00f6pfung. Erneuerbare Energien sichern bereits heute hunderttausende Industriearbeitspl\u00e4tze.<\/p>\n<p>&mdash; Stephan Anpalagan (@stephanpalagan) <a href=\"https:\/\/twitter.com\/stephanpalagan\/status\/1410542101205553154?ref_src=twsrc%5Etfw\">July 1, 2021<\/a><\/p><\/blockquote>\n<p> <script async src=\"https:\/\/platform.twitter.com\/widgets.js\" charset=\"utf-8\"><\/script><\/p>\n<blockquote class=\"twitter-tweet\" data-conversation=\"none\">\n<p lang=\"de\" dir=\"ltr\">3. Die Vorteile digitaler Kampagnenformate ausnutzen und die Mobilisierungsmomente im vorpolitischen Raum nutzen. Warum werden Twitter und FB ausschlie\u00dflich mit rechter Axel-Springer-Anti-Baerbock-Werbung zugepflastert aber nicht mit zukunftsweisenden Erz\u00e4hlungen der Gr\u00fcnen?<\/p>\n<p>&mdash; Stephan Anpalagan (@stephanpalagan) <a href=\"https:\/\/twitter.com\/stephanpalagan\/status\/1410542102371606529?ref_src=twsrc%5Etfw\">July 1, 2021<\/a><\/p><\/blockquote>\n<p> <script async src=\"https:\/\/platform.twitter.com\/widgets.js\" charset=\"utf-8\"><\/script><\/p>\n<blockquote class=\"twitter-tweet\" data-conversation=\"none\">\n<p lang=\"de\" dir=\"ltr\">4. Die Angriffe auf Partei und Spitzenkandidatin abperlen lassen, deutlich souver\u00e4ner auf berechtigte Kritik reagieren und die zahlreichen Kleinkriege vermeiden. Gewinnen l\u00e4sst sich in diesen Scharm\u00fctzeln nichts, verlieren aber viel.<\/p>\n<p>&mdash; Stephan Anpalagan (@stephanpalagan) <a href=\"https:\/\/twitter.com\/stephanpalagan\/status\/1410542103550103558?ref_src=twsrc%5Etfw\">July 1, 2021<\/a><\/p><\/blockquote>\n<p> <script async src=\"https:\/\/platform.twitter.com\/widgets.js\" charset=\"utf-8\"><\/script><\/p>\n<blockquote class=\"twitter-tweet\" data-conversation=\"none\">\n<p lang=\"de\" dir=\"ltr\">5. Mit sachlichen Mitteln und fachlicher Expertise die Union auseinandernehmen. Wenn die Gr\u00fcnen auf die Schw\u00e4chen ihrer politischen Gegner abzielen w\u00fcrden, m\u00fcssten sie nur ungezielt draufhauen. Egal wohin man schaut, es findet sich schlie\u00dflich gen\u00fcgend Angriffsfl\u00e4che.<\/p>\n<p>&mdash; Stephan Anpalagan (@stephanpalagan) <a href=\"https:\/\/twitter.com\/stephanpalagan\/status\/1410542104808411138?ref_src=twsrc%5Etfw\">July 1, 2021<\/a><\/p><\/blockquote>\n<p> <script async src=\"https:\/\/platform.twitter.com\/widgets.js\" charset=\"utf-8\"><\/script><\/p>\n<p>&nbsp;<br \/>\n<strong>Die Unionsminister der aktuellen Regierung haben <a href=\"https:\/\/www.thebestsocial.media\/de\/cdu-korruption\/\" rel=\"noopener\" target=\"_blank\">zahlreiche Korruptionsf\u00e4lle<\/a> zu verantworten. Nebeneink\u00fcnfte wurden auch von anderen Politikern nicht gemeldet &#8211; mehrheitlich aus der Union. Die Plagiatsvorw\u00fcrfe m\u00f6gen f\u00fcr eine wissenschaftliche Arbeit gravierend sind, sind f\u00fcr ein Popul\u00e4r-Sachbuch wie dem von Baerbock jedoch kein Ma\u00dfstab.<\/strong><\/p>\n<div class=\"dbsm-oembed\">\n<blockquote class=\"twitter-tweet\" data-width=\"500\" data-dnt=\"true\">\n<p lang=\"de\" dir=\"ltr\">Handliche Nebeneink\u00fcnfte-Liste gemacht, falls sich die Union wieder aufregt.<\/p>\n<p>Union 9<br \/>SPD 3<br \/>FDP 3<br \/>Gr\u00fcne 2 <a href=\"https:\/\/t.co\/w0cWZhW9Iu\">pic.twitter.com\/w0cWZhW9Iu<\/a><\/p>\n<p>&mdash; Benjamin Fredrich (@BenniFredrich) <a href=\"https:\/\/twitter.com\/BenniFredrich\/status\/1397631722678886405?ref_src=twsrc%5Etfw\">May 26, 2021<\/a><\/p><\/blockquote>\n<p><script async src=\"https:\/\/platform.twitter.com\/widgets.js\" charset=\"utf-8\"><\/script><\/div>\n<div class=\"dbsm-oembed\">\n<blockquote class=\"twitter-tweet\" data-width=\"500\" data-dnt=\"true\">\n<p lang=\"de\" dir=\"ltr\"><a href=\"https:\/\/twitter.com\/hashtag\/Plagiatsvorw%C3%BCrfe?src=hash&amp;ref_src=twsrc%5Etfw\">#Plagiatsvorw\u00fcrfe<\/a> gegen Annalena <a href=\"https:\/\/twitter.com\/hashtag\/Baerbock?src=hash&amp;ref_src=twsrc%5Etfw\">#Baerbock<\/a>. Was ist dran?<br \/>Spoiler: \ud835\udde1\ud835\udddc\ud835\uddd6\ud835\udddb\ud835\udde7\ud835\udde6, da blo\u00dfe \u00dcbernahme von Sachinformation, w\u00f6rtlicher Rede und zudem kein Zitiergebot in Popul\u00e4rliteratur:  Ein Thread: \ud83d\udc47<\/p>\n<p>&mdash; Felix W. Zimmermann (@fewizi) <a href=\"https:\/\/twitter.com\/fewizi\/status\/1409869123111342092?ref_src=twsrc%5Etfw\">June 29, 2021<\/a><\/p><\/blockquote>\n<p><script async src=\"https:\/\/platform.twitter.com\/widgets.js\" charset=\"utf-8\"><\/script><\/div>\n<blockquote class=\"twitter-tweet\">\n<p lang=\"de\" dir=\"ltr\">sofern diese Texte nicht urheberrechtliche gesch\u00fctzt sind, was bei der Wiedergabe von Daten, Fakten oder Zitaten offensichtlich nicht der Fall ist. \/15<\/p>\n<p>&mdash; Felix W. Zimmermann (@fewizi) <a href=\"https:\/\/twitter.com\/fewizi\/status\/1409873160460177408?ref_src=twsrc%5Etfw\">June 29, 2021<\/a><\/p><\/blockquote>\n<p> <script async src=\"https:\/\/platform.twitter.com\/widgets.js\" charset=\"utf-8\"><\/script><\/p>\n<p>&nbsp;<br \/>\n<strong>Wie man bei Trump oder der AfD immer wieder gesehen hat, bauschen Populisten gerne auf, lassen die Emp\u00f6rungswelle rollen und reden wichtigeres klein. Es geht nicht darum, Verfehlungen totzuschweigen, aber W\u00e4hler und Medien m\u00fcssten wieder ein Gesp\u00fcr f\u00fcr die Verh\u00e4ltnism\u00e4\u00dfigkeit entwickeln.<\/strong><\/p>\n<div class=\"dbsm-oembed\">\n<blockquote class=\"twitter-tweet\" data-width=\"500\" data-dnt=\"true\">\n<p lang=\"de\" dir=\"ltr\">Daf\u00fcr, dass unsere Medienlandschaft so linksgr\u00fcn verseucht ist, durchschreitet <a href=\"https:\/\/twitter.com\/ABaerbock?ref_src=twsrc%5Etfw\">@ABaerbock<\/a> einen bemerkenswerten Feuersturm. Funktioniert gut, schon wegen der Begriffe: Nebeneink\u00fcnfte, Lebenslauf, Plagiat. Wenn der 2. Blick vieles relativiert, ist der Schaden l\u00e4ngst angerichtet.<\/p>\n<p>&mdash; Gordon Repinski (@GordonRepinski) <a href=\"https:\/\/twitter.com\/GordonRepinski\/status\/1409899146610421779?ref_src=twsrc%5Etfw\">June 29, 2021<\/a><\/p><\/blockquote>\n<p><script async src=\"https:\/\/platform.twitter.com\/widgets.js\" charset=\"utf-8\"><\/script><\/div>\n<blockquote class=\"twitter-tweet\" data-conversation=\"none\">\n<p lang=\"de\" dir=\"ltr\">In den Drukos hier sehr gut zu sehen, wie selbstreflexionslos die Recht[skonservativ]en versuchen die immer wieder aufgew\u00e4rmten Kleinigkeiten am K\u00f6cheln zu halten, ohne die wesentlich schadensreichere <a href=\"https:\/\/twitter.com\/hashtag\/CDUKorruption?src=hash&amp;ref_src=twsrc%5Etfw\">#CDUKorruption<\/a> gegen\u00fcberzustellen.<a href=\"https:\/\/twitter.com\/hashtag\/LaschetVerhindern?src=hash&amp;ref_src=twsrc%5Etfw\">#LaschetVerhindern<\/a> <\/p>\n<p>Bild via <a href=\"https:\/\/twitter.com\/doktorkohl?ref_src=twsrc%5Etfw\">@doktorkohl<\/a> <a href=\"https:\/\/t.co\/pozWJKdGgf\">pic.twitter.com\/pozWJKdGgf<\/a><\/p>\n<p>&mdash; \u026f\u0250\u0279\u0131o\u02d9\u0265\u0131\u01dd\u05dfs\u0254\u0265\u01dd\u0279 (@MarioHielscher) <a href=\"https:\/\/twitter.com\/MarioHielscher\/status\/1412005875267612675?ref_src=twsrc%5Etfw\">July 5, 2021<\/a><\/p><\/blockquote>\n<p> <script async src=\"https:\/\/platform.twitter.com\/widgets.js\" charset=\"utf-8\"><\/script><\/p>\n<blockquote class=\"twitter-tweet\" data-conversation=\"none\">\n<p lang=\"de\" dir=\"ltr\">Ich hab das mal f\u00fcr dich korrigiert \/ erweitert \ud83d\ude42 <a href=\"https:\/\/t.co\/PeZTtb6paI\">pic.twitter.com\/PeZTtb6paI<\/a><\/p>\n<p>&mdash; Jan Witt (@Tokata01) <a href=\"https:\/\/twitter.com\/Tokata01\/status\/1412013790821064706?ref_src=twsrc%5Etfw\">July 5, 2021<\/a><\/p><\/blockquote>\n<p> <script async src=\"https:\/\/platform.twitter.com\/widgets.js\" charset=\"utf-8\"><\/script><\/p>\n<p>&nbsp;<br \/>\n<strong>Dass einem diese oder jene Politik gef\u00e4llt oder nicht gef\u00e4llt, ist v\u00f6llig legitim. Das ist der Sinn von Demokratie. Der Sinn von Demokratie ist aber auch, sich auf inhaltlicher Ebene mit Argumenten \u00fcber die Gestaltung unserer Zukunft und Gesellschaft auseinanderzusetzen und Kompromisse zu finden.<\/strong><\/p>\n<p>https:\/\/twitter.com\/teresabuecker\/status\/1410263370008256519<\/p>\n<p>&nbsp;<br \/>\n<a href=\"mailto:dion@thebest.social\"><img loading=\"lazy\" decoding=\"async\" src=\"https:\/\/www.thebestsocial.media\/de\/wp-content\/uploads\/sites\/3\/2021\/04\/Studio-Promo-Banner-1024x538.png\" alt=\"\" width=\"1024\" height=\"538\" class=\"alignnone size-large wp-image-144565\" srcset=\"https:\/\/www.thebestsocial.media\/de\/wp-content\/uploads\/sites\/3\/2021\/04\/Studio-Promo-Banner-1024x538.png 1024w, https:\/\/www.thebestsocial.media\/de\/wp-content\/uploads\/sites\/3\/2021\/04\/Studio-Promo-Banner-300x158.png 300w, https:\/\/www.thebestsocial.media\/de\/wp-content\/uploads\/sites\/3\/2021\/04\/Studio-Promo-Banner-768x403.png 768w, https:\/\/www.thebestsocial.media\/de\/wp-content\/uploads\/sites\/3\/2021\/04\/Studio-Promo-Banner.png 1200w\" sizes=\"auto, (max-width: 1024px) 100vw, 1024px\" \/><\/a><\/p>\n<p>&nbsp;<\/p>\n<p>&#8212;<br \/>\nVielen Dank an alle f\u00fcr die Posts.<br \/>\n&#8212;<br \/>\n<strong>Keine Influencer! Kein Foodporn! Nur ganz viel Spa\u00df &#8211; bei uns auf Instagram:<\/strong><\/p>\n<blockquote class=\"instagram-media\" data-instgrm-captioned data-instgrm-permalink=\"https:\/\/www.instagram.com\/p\/CQ1K0NTHj8K\/?utm_source=ig_embed&amp;utm_campaign=loading\" data-instgrm-version=\"13\" style=\" background:#FFF; border:0; border-radius:3px; box-shadow:0 0 1px 0 rgba(0,0,0,0.5),0 1px 10px 0 rgba(0,0,0,0.15); margin: 1px; max-width:540px; min-width:326px; padding:0; width:99.375%; width:-webkit-calc(100% - 2px); width:calc(100% - 2px);\">\n<div style=\"padding:16px;\"> <a href=\"https:\/\/www.instagram.com\/p\/CQ1K0NTHj8K\/?utm_source=ig_embed&amp;utm_campaign=loading\" style=\" background:#FFFFFF; line-height:0; padding:0 0; text-align:center; text-decoration:none; width:100%;\" target=\"_blank\" rel=\"noopener\"> <\/p>\n<div style=\" display: flex; flex-direction: row; align-items: center;\">\n<div style=\"background-color: #F4F4F4; border-radius: 50%; flex-grow: 0; height: 40px; margin-right: 14px; width: 40px;\"><\/div>\n<div style=\"display: flex; flex-direction: column; flex-grow: 1; justify-content: center;\">\n<div style=\" background-color: #F4F4F4; border-radius: 4px; flex-grow: 0; height: 14px; margin-bottom: 6px; width: 100px;\"><\/div>\n<div style=\" background-color: #F4F4F4; border-radius: 4px; flex-grow: 0; height: 14px; width: 60px;\"><\/div>\n<\/div>\n<\/div>\n<div style=\"padding: 19% 0;\"><\/div>\n<div style=\"display:block; height:50px; margin:0 auto 12px; width:50px;\"><svg width=\"50px\" height=\"50px\" viewBox=\"0 0 60 60\" version=\"1.1\" xmlns=\"https:\/\/www.w3.org\/2000\/svg\" xmlns:xlink=\"https:\/\/www.w3.org\/1999\/xlink\"><g stroke=\"none\" stroke-width=\"1\" fill=\"none\" fill-rule=\"evenodd\"><g transform=\"translate(-511.000000, -20.000000)\" fill=\"#000000\"><g><path d=\"M556.869,30.41 C554.814,30.41 553.148,32.076 553.148,34.131 C553.148,36.186 554.814,37.852 556.869,37.852 C558.924,37.852 560.59,36.186 560.59,34.131 C560.59,32.076 558.924,30.41 556.869,30.41 M541,60.657 C535.114,60.657 530.342,55.887 530.342,50 C530.342,44.114 535.114,39.342 541,39.342 C546.887,39.342 551.658,44.114 551.658,50 C551.658,55.887 546.887,60.657 541,60.657 M541,33.886 C532.1,33.886 524.886,41.1 524.886,50 C524.886,58.899 532.1,66.113 541,66.113 C549.9,66.113 557.115,58.899 557.115,50 C557.115,41.1 549.9,33.886 541,33.886 M565.378,62.101 C565.244,65.022 564.756,66.606 564.346,67.663 C563.803,69.06 563.154,70.057 562.106,71.106 C561.058,72.155 560.06,72.803 558.662,73.347 C557.607,73.757 556.021,74.244 553.102,74.378 C549.944,74.521 548.997,74.552 541,74.552 C533.003,74.552 532.056,74.521 528.898,74.378 C525.979,74.244 524.393,73.757 523.338,73.347 C521.94,72.803 520.942,72.155 519.894,71.106 C518.846,70.057 518.197,69.06 517.654,67.663 C517.244,66.606 516.755,65.022 516.623,62.101 C516.479,58.943 516.448,57.996 516.448,50 C516.448,42.003 516.479,41.056 516.623,37.899 C516.755,34.978 517.244,33.391 517.654,32.338 C518.197,30.938 518.846,29.942 519.894,28.894 C520.942,27.846 521.94,27.196 523.338,26.654 C524.393,26.244 525.979,25.756 528.898,25.623 C532.057,25.479 533.004,25.448 541,25.448 C548.997,25.448 549.943,25.479 553.102,25.623 C556.021,25.756 557.607,26.244 558.662,26.654 C560.06,27.196 561.058,27.846 562.106,28.894 C563.154,29.942 563.803,30.938 564.346,32.338 C564.756,33.391 565.244,34.978 565.378,37.899 C565.522,41.056 565.552,42.003 565.552,50 C565.552,57.996 565.522,58.943 565.378,62.101 M570.82,37.631 C570.674,34.438 570.167,32.258 569.425,30.349 C568.659,28.377 567.633,26.702 565.965,25.035 C564.297,23.368 562.623,22.342 560.652,21.575 C558.743,20.834 556.562,20.326 553.369,20.18 C550.169,20.033 549.148,20 541,20 C532.853,20 531.831,20.033 528.631,20.18 C525.438,20.326 523.257,20.834 521.349,21.575 C519.376,22.342 517.703,23.368 516.035,25.035 C514.368,26.702 513.342,28.377 512.574,30.349 C511.834,32.258 511.326,34.438 511.181,37.631 C511.035,40.831 511,41.851 511,50 C511,58.147 511.035,59.17 511.181,62.369 C511.326,65.562 511.834,67.743 512.574,69.651 C513.342,71.625 514.368,73.296 516.035,74.965 C517.703,76.634 519.376,77.658 521.349,78.425 C523.257,79.167 525.438,79.673 528.631,79.82 C531.831,79.965 532.853,80.001 541,80.001 C549.148,80.001 550.169,79.965 553.369,79.82 C556.562,79.673 558.743,79.167 560.652,78.425 C562.623,77.658 564.297,76.634 565.965,74.965 C567.633,73.296 568.659,71.625 569.425,69.651 C570.167,67.743 570.674,65.562 570.82,62.369 C570.966,59.17 571,58.147 571,50 C571,41.851 570.966,40.831 570.82,37.631\"><\/path><\/g><\/g><\/g><\/svg><\/div>\n<div style=\"padding-top: 8px;\">\n<div style=\" color:#3897f0; font-family:Arial,sans-serif; font-size:14px; font-style:normal; font-weight:550; line-height:18px;\"> Sieh dir diesen Beitrag auf Instagram an<\/div>\n<\/div>\n<div style=\"padding: 12.5% 0;\"><\/div>\n<div style=\"display: flex; flex-direction: row; margin-bottom: 14px; align-items: center;\">\n<div>\n<div style=\"background-color: #F4F4F4; border-radius: 50%; height: 12.5px; width: 12.5px; transform: translateX(0px) translateY(7px);\"><\/div>\n<div style=\"background-color: #F4F4F4; height: 12.5px; transform: rotate(-45deg) translateX(3px) translateY(1px); width: 12.5px; flex-grow: 0; margin-right: 14px; margin-left: 2px;\"><\/div>\n<div style=\"background-color: #F4F4F4; border-radius: 50%; height: 12.5px; width: 12.5px; transform: translateX(9px) translateY(-18px);\"><\/div>\n<\/div>\n<div style=\"margin-left: 8px;\">\n<div style=\" background-color: #F4F4F4; border-radius: 50%; flex-grow: 0; height: 20px; width: 20px;\"><\/div>\n<div style=\" width: 0; height: 0; border-top: 2px solid transparent; border-left: 6px solid #f4f4f4; border-bottom: 2px solid transparent; transform: translateX(16px) translateY(-4px) rotate(30deg)\"><\/div>\n<\/div>\n<div style=\"margin-left: auto;\">\n<div style=\" width: 0px; border-top: 8px solid #F4F4F4; border-right: 8px solid transparent; transform: translateY(16px);\"><\/div>\n<div style=\" background-color: #F4F4F4; flex-grow: 0; height: 12px; width: 16px; transform: translateY(-4px);\"><\/div>\n<div style=\" width: 0; height: 0; border-top: 8px solid #F4F4F4; border-left: 8px solid transparent; transform: translateY(-4px) translateX(8px);\"><\/div>\n<\/div>\n<\/div>\n<div style=\"display: flex; flex-direction: column; flex-grow: 1; justify-content: center; margin-bottom: 24px;\">\n<div style=\" background-color: #F4F4F4; border-radius: 4px; flex-grow: 0; height: 14px; margin-bottom: 6px; width: 224px;\"><\/div>\n<div style=\" background-color: #F4F4F4; border-radius: 4px; flex-grow: 0; height: 14px; width: 144px;\"><\/div>\n<\/div>\n<p><\/a><\/p>\n<p style=\" color:#c9c8cd; font-family:Arial,sans-serif; font-size:14px; line-height:17px; margin-bottom:0; margin-top:8px; overflow:hidden; padding:8px 0 7px; text-align:center; text-overflow:ellipsis; white-space:nowrap;\"><a href=\"https:\/\/www.instagram.com\/p\/CQ1K0NTHj8K\/?utm_source=ig_embed&amp;utm_campaign=loading\" style=\" color:#c9c8cd; font-family:Arial,sans-serif; font-size:14px; font-style:normal; font-weight:normal; line-height:17px; text-decoration:none;\" target=\"_blank\" rel=\"noopener\">Ein Beitrag geteilt von The Best Social Media &#8211; DE (@thebestsocialmediade)<\/a><\/p>\n<\/div>\n<\/blockquote>\n\n<script async defer src=\"\/instagram-embed.js\"><\/script>","protected":false},"excerpt":{"rendered":"<p>Als Annalena Baerbock im April ihre Kanzlerkandidatur verk\u00fcndete, kam kurz so etwas wie Aufbruchsstimmung auf: Viele hofften auf Ver\u00e4nderung nach 16 Jahren CDU und einen&#8230;<\/p>\n","protected":false},"author":72,"featured_media":147410,"comment_status":"open","ping_status":"open","sticky":false,"template":"","format":"standard","meta":{"_acf_changed":false,"footnotes":""},"categories":[35],"tags":[4599,535,331],"class_list":["post-147394","post","type-post","status-publish","format-standard","has-post-thumbnail","hentry","category-twitter","tag-annalena-baerbock","tag-bundestagswahl","tag-wahlkampf"],"acf":[],"yoast_head":"<!-- This site is optimized with the Yoast SEO plugin v27.5 - https:\/\/yoast.com\/product\/yoast-seo-wordpress\/ -->\n<title>Vorw\u00fcrfe gegen Baerbock erinnern an Trump&#039;schen US-Wahlkampf<\/title>\n<meta name=\"description\" content=\"Sind die Vorw\u00fcrfe gegen Annalena Baerbock normaler Wahlkampf oder schon Schmutzkampagne? Viele sehen Parallelen zu den USA 2016.\" \/>\n<meta name=\"robots\" content=\"index, follow, max-snippet:-1, max-image-preview:large, max-video-preview:-1\" \/>\n<link rel=\"canonical\" href=\"https:\/\/www.thebestsocial.media\/de\/baerbock-wahlkampf\/\" \/>\n<meta property=\"og:locale\" content=\"de_DE\" \/>\n<meta property=\"og:type\" content=\"article\" \/>\n<meta property=\"og:title\" content=\"Schmutzkampagne? Vorw\u00fcrfe gegen Baerbock erinnern viele an Trump&#039;schen US-Wahlkampf\" \/>\n<meta property=\"og:description\" content=\"Sind die Vorw\u00fcrfe gegen Annalena Baerbock normaler Wahlkampf oder schon Schmutzkampagne? Viele sehen Parallelen zu den USA 2016.\" \/>\n<meta property=\"og:url\" content=\"https:\/\/www.thebestsocial.media\/de\/baerbock-wahlkampf\/\" \/>\n<meta property=\"og:site_name\" content=\"The Best Social Media DE\" \/>\n<meta property=\"article:published_time\" content=\"2021-07-06T10:12:30+00:00\" \/>\n<meta property=\"og:image\" content=\"https:\/\/www.thebestsocial.media\/de\/wp-content\/uploads\/sites\/3\/2021\/07\/baerbock-fb.png\" \/>\n\t<meta property=\"og:image:width\" content=\"1200\" \/>\n\t<meta property=\"og:image:height\" content=\"630\" \/>\n\t<meta property=\"og:image:type\" content=\"image\/png\" \/>\n<meta name=\"author\" content=\"Benny\" \/>\n<meta name=\"twitter:card\" content=\"summary_large_image\" \/>\n<meta name=\"twitter:label1\" content=\"Verfasst von\" \/>\n\t<meta name=\"twitter:data1\" content=\"Benny\" \/>\n\t<meta name=\"twitter:label2\" content=\"Gesch\u00e4tzte Lesezeit\" \/>\n\t<meta name=\"twitter:data2\" content=\"1\u00a0Minute\" \/>\n<script type=\"application\/ld+json\" class=\"yoast-schema-graph\">{\"@context\":\"https:\\\/\\\/schema.org\",\"@graph\":[{\"@type\":\"Article\",\"@id\":\"https:\\\/\\\/www.thebestsocial.media\\\/de\\\/baerbock-wahlkampf\\\/#article\",\"isPartOf\":{\"@id\":\"https:\\\/\\\/www.thebestsocial.media\\\/de\\\/baerbock-wahlkampf\\\/\"},\"author\":{\"name\":\"Benny\",\"@id\":\"https:\\\/\\\/www.thebestsocial.media\\\/de\\\/#\\\/schema\\\/person\\\/212fdd48880db42a484e589e4e27871b\"},\"headline\":\"Schmutzkampagne? Vorw\u00fcrfe gegen Baerbock erinnern viele an Trump&#8217;schen US-Wahlkampf\",\"datePublished\":\"2021-07-06T10:12:30+00:00\",\"mainEntityOfPage\":{\"@id\":\"https:\\\/\\\/www.thebestsocial.media\\\/de\\\/baerbock-wahlkampf\\\/\"},\"wordCount\":2542,\"commentCount\":0,\"image\":{\"@id\":\"https:\\\/\\\/www.thebestsocial.media\\\/de\\\/baerbock-wahlkampf\\\/#primaryimage\"},\"thumbnailUrl\":\"https:\\\/\\\/www.thebestsocial.media\\\/de\\\/wp-content\\\/uploads\\\/sites\\\/3\\\/2021\\\/07\\\/baerbock-thumb.png\",\"keywords\":[\"Annalena Baerbock\",\"Bundestagswahl\",\"Wahlkampf\"],\"articleSection\":[\"Twitter\"],\"inLanguage\":\"de\",\"potentialAction\":[{\"@type\":\"CommentAction\",\"name\":\"Comment\",\"target\":[\"https:\\\/\\\/www.thebestsocial.media\\\/de\\\/baerbock-wahlkampf\\\/#respond\"]}]},{\"@type\":\"WebPage\",\"@id\":\"https:\\\/\\\/www.thebestsocial.media\\\/de\\\/baerbock-wahlkampf\\\/\",\"url\":\"https:\\\/\\\/www.thebestsocial.media\\\/de\\\/baerbock-wahlkampf\\\/\",\"name\":\"Vorw\u00fcrfe gegen Baerbock erinnern an Trump'schen US-Wahlkampf\",\"isPartOf\":{\"@id\":\"https:\\\/\\\/www.thebestsocial.media\\\/de\\\/#website\"},\"primaryImageOfPage\":{\"@id\":\"https:\\\/\\\/www.thebestsocial.media\\\/de\\\/baerbock-wahlkampf\\\/#primaryimage\"},\"image\":{\"@id\":\"https:\\\/\\\/www.thebestsocial.media\\\/de\\\/baerbock-wahlkampf\\\/#primaryimage\"},\"thumbnailUrl\":\"https:\\\/\\\/www.thebestsocial.media\\\/de\\\/wp-content\\\/uploads\\\/sites\\\/3\\\/2021\\\/07\\\/baerbock-thumb.png\",\"datePublished\":\"2021-07-06T10:12:30+00:00\",\"author\":{\"@id\":\"https:\\\/\\\/www.thebestsocial.media\\\/de\\\/#\\\/schema\\\/person\\\/212fdd48880db42a484e589e4e27871b\"},\"description\":\"Sind die Vorw\u00fcrfe gegen Annalena Baerbock normaler Wahlkampf oder schon Schmutzkampagne? Viele sehen Parallelen zu den USA 2016.\",\"breadcrumb\":{\"@id\":\"https:\\\/\\\/www.thebestsocial.media\\\/de\\\/baerbock-wahlkampf\\\/#breadcrumb\"},\"inLanguage\":\"de\",\"potentialAction\":[{\"@type\":\"ReadAction\",\"target\":[\"https:\\\/\\\/www.thebestsocial.media\\\/de\\\/baerbock-wahlkampf\\\/\"]}]},{\"@type\":\"ImageObject\",\"inLanguage\":\"de\",\"@id\":\"https:\\\/\\\/www.thebestsocial.media\\\/de\\\/baerbock-wahlkampf\\\/#primaryimage\",\"url\":\"https:\\\/\\\/www.thebestsocial.media\\\/de\\\/wp-content\\\/uploads\\\/sites\\\/3\\\/2021\\\/07\\\/baerbock-thumb.png\",\"contentUrl\":\"https:\\\/\\\/www.thebestsocial.media\\\/de\\\/wp-content\\\/uploads\\\/sites\\\/3\\\/2021\\\/07\\\/baerbock-thumb.png\",\"width\":1200,\"height\":630},{\"@type\":\"BreadcrumbList\",\"@id\":\"https:\\\/\\\/www.thebestsocial.media\\\/de\\\/baerbock-wahlkampf\\\/#breadcrumb\",\"itemListElement\":[{\"@type\":\"ListItem\",\"position\":1,\"name\":\"Home\",\"item\":\"https:\\\/\\\/www.thebestsocial.media\\\/de\\\/\"},{\"@type\":\"ListItem\",\"position\":2,\"name\":\"Schmutzkampagne? Vorw\u00fcrfe gegen Baerbock erinnern viele an Trump&#8217;schen US-Wahlkampf\"}]},{\"@type\":\"WebSite\",\"@id\":\"https:\\\/\\\/www.thebestsocial.media\\\/de\\\/#website\",\"url\":\"https:\\\/\\\/www.thebestsocial.media\\\/de\\\/\",\"name\":\"The Best Social Media DE\",\"description\":\"\",\"potentialAction\":[{\"@type\":\"SearchAction\",\"target\":{\"@type\":\"EntryPoint\",\"urlTemplate\":\"https:\\\/\\\/www.thebestsocial.media\\\/de\\\/?s={search_term_string}\"},\"query-input\":{\"@type\":\"PropertyValueSpecification\",\"valueRequired\":true,\"valueName\":\"search_term_string\"}}],\"inLanguage\":\"de\"},{\"@type\":\"Person\",\"@id\":\"https:\\\/\\\/www.thebestsocial.media\\\/de\\\/#\\\/schema\\\/person\\\/212fdd48880db42a484e589e4e27871b\",\"name\":\"Benny\",\"image\":{\"@type\":\"ImageObject\",\"inLanguage\":\"de\",\"@id\":\"https:\\\/\\\/secure.gravatar.com\\\/avatar\\\/559f54fceb59ac8654d5ca40291d2ab87f2a9d79e48e8e3c19582477cde950bf?s=96&d=mm&r=g\",\"url\":\"https:\\\/\\\/secure.gravatar.com\\\/avatar\\\/559f54fceb59ac8654d5ca40291d2ab87f2a9d79e48e8e3c19582477cde950bf?s=96&d=mm&r=g\",\"contentUrl\":\"https:\\\/\\\/secure.gravatar.com\\\/avatar\\\/559f54fceb59ac8654d5ca40291d2ab87f2a9d79e48e8e3c19582477cde950bf?s=96&d=mm&r=g\",\"caption\":\"Benny\"},\"url\":\"https:\\\/\\\/www.thebestsocial.media\\\/de\\\/author\\\/bennykrueger\\\/\"}]}<\/script>\n<!-- \/ Yoast SEO plugin. -->","yoast_head_json":{"title":"Vorw\u00fcrfe gegen Baerbock erinnern an Trump'schen US-Wahlkampf","description":"Sind die Vorw\u00fcrfe gegen Annalena Baerbock normaler Wahlkampf oder schon Schmutzkampagne? Viele sehen Parallelen zu den USA 2016.","robots":{"index":"index","follow":"follow","max-snippet":"max-snippet:-1","max-image-preview":"max-image-preview:large","max-video-preview":"max-video-preview:-1"},"canonical":"https:\/\/www.thebestsocial.media\/de\/baerbock-wahlkampf\/","og_locale":"de_DE","og_type":"article","og_title":"Schmutzkampagne? Vorw\u00fcrfe gegen Baerbock erinnern viele an Trump'schen US-Wahlkampf","og_description":"Sind die Vorw\u00fcrfe gegen Annalena Baerbock normaler Wahlkampf oder schon Schmutzkampagne? Viele sehen Parallelen zu den USA 2016.","og_url":"https:\/\/www.thebestsocial.media\/de\/baerbock-wahlkampf\/","og_site_name":"The Best Social Media DE","article_published_time":"2021-07-06T10:12:30+00:00","og_image":[{"width":1200,"height":630,"url":"https:\/\/www.thebestsocial.media\/de\/wp-content\/uploads\/sites\/3\/2021\/07\/baerbock-fb.png","type":"image\/png"}],"author":"Benny","twitter_card":"summary_large_image","twitter_misc":{"Verfasst von":"Benny","Gesch\u00e4tzte Lesezeit":"1\u00a0Minute"},"schema":{"@context":"https:\/\/schema.org","@graph":[{"@type":"Article","@id":"https:\/\/www.thebestsocial.media\/de\/baerbock-wahlkampf\/#article","isPartOf":{"@id":"https:\/\/www.thebestsocial.media\/de\/baerbock-wahlkampf\/"},"author":{"name":"Benny","@id":"https:\/\/www.thebestsocial.media\/de\/#\/schema\/person\/212fdd48880db42a484e589e4e27871b"},"headline":"Schmutzkampagne? Vorw\u00fcrfe gegen Baerbock erinnern viele an Trump&#8217;schen US-Wahlkampf","datePublished":"2021-07-06T10:12:30+00:00","mainEntityOfPage":{"@id":"https:\/\/www.thebestsocial.media\/de\/baerbock-wahlkampf\/"},"wordCount":2542,"commentCount":0,"image":{"@id":"https:\/\/www.thebestsocial.media\/de\/baerbock-wahlkampf\/#primaryimage"},"thumbnailUrl":"https:\/\/www.thebestsocial.media\/de\/wp-content\/uploads\/sites\/3\/2021\/07\/baerbock-thumb.png","keywords":["Annalena Baerbock","Bundestagswahl","Wahlkampf"],"articleSection":["Twitter"],"inLanguage":"de","potentialAction":[{"@type":"CommentAction","name":"Comment","target":["https:\/\/www.thebestsocial.media\/de\/baerbock-wahlkampf\/#respond"]}]},{"@type":"WebPage","@id":"https:\/\/www.thebestsocial.media\/de\/baerbock-wahlkampf\/","url":"https:\/\/www.thebestsocial.media\/de\/baerbock-wahlkampf\/","name":"Vorw\u00fcrfe gegen Baerbock erinnern an Trump'schen US-Wahlkampf","isPartOf":{"@id":"https:\/\/www.thebestsocial.media\/de\/#website"},"primaryImageOfPage":{"@id":"https:\/\/www.thebestsocial.media\/de\/baerbock-wahlkampf\/#primaryimage"},"image":{"@id":"https:\/\/www.thebestsocial.media\/de\/baerbock-wahlkampf\/#primaryimage"},"thumbnailUrl":"https:\/\/www.thebestsocial.media\/de\/wp-content\/uploads\/sites\/3\/2021\/07\/baerbock-thumb.png","datePublished":"2021-07-06T10:12:30+00:00","author":{"@id":"https:\/\/www.thebestsocial.media\/de\/#\/schema\/person\/212fdd48880db42a484e589e4e27871b"},"description":"Sind die Vorw\u00fcrfe gegen Annalena Baerbock normaler Wahlkampf oder schon Schmutzkampagne? Viele sehen Parallelen zu den USA 2016.","breadcrumb":{"@id":"https:\/\/www.thebestsocial.media\/de\/baerbock-wahlkampf\/#breadcrumb"},"inLanguage":"de","potentialAction":[{"@type":"ReadAction","target":["https:\/\/www.thebestsocial.media\/de\/baerbock-wahlkampf\/"]}]},{"@type":"ImageObject","inLanguage":"de","@id":"https:\/\/www.thebestsocial.media\/de\/baerbock-wahlkampf\/#primaryimage","url":"https:\/\/www.thebestsocial.media\/de\/wp-content\/uploads\/sites\/3\/2021\/07\/baerbock-thumb.png","contentUrl":"https:\/\/www.thebestsocial.media\/de\/wp-content\/uploads\/sites\/3\/2021\/07\/baerbock-thumb.png","width":1200,"height":630},{"@type":"BreadcrumbList","@id":"https:\/\/www.thebestsocial.media\/de\/baerbock-wahlkampf\/#breadcrumb","itemListElement":[{"@type":"ListItem","position":1,"name":"Home","item":"https:\/\/www.thebestsocial.media\/de\/"},{"@type":"ListItem","position":2,"name":"Schmutzkampagne? Vorw\u00fcrfe gegen Baerbock erinnern viele an Trump&#8217;schen US-Wahlkampf"}]},{"@type":"WebSite","@id":"https:\/\/www.thebestsocial.media\/de\/#website","url":"https:\/\/www.thebestsocial.media\/de\/","name":"The Best Social Media DE","description":"","potentialAction":[{"@type":"SearchAction","target":{"@type":"EntryPoint","urlTemplate":"https:\/\/www.thebestsocial.media\/de\/?s={search_term_string}"},"query-input":{"@type":"PropertyValueSpecification","valueRequired":true,"valueName":"search_term_string"}}],"inLanguage":"de"},{"@type":"Person","@id":"https:\/\/www.thebestsocial.media\/de\/#\/schema\/person\/212fdd48880db42a484e589e4e27871b","name":"Benny","image":{"@type":"ImageObject","inLanguage":"de","@id":"https:\/\/secure.gravatar.com\/avatar\/559f54fceb59ac8654d5ca40291d2ab87f2a9d79e48e8e3c19582477cde950bf?s=96&d=mm&r=g","url":"https:\/\/secure.gravatar.com\/avatar\/559f54fceb59ac8654d5ca40291d2ab87f2a9d79e48e8e3c19582477cde950bf?s=96&d=mm&r=g","contentUrl":"https:\/\/secure.gravatar.com\/avatar\/559f54fceb59ac8654d5ca40291d2ab87f2a9d79e48e8e3c19582477cde950bf?s=96&d=mm&r=g","caption":"Benny"},"url":"https:\/\/www.thebestsocial.media\/de\/author\/bennykrueger\/"}]}},"amp_enabled":true,"_links":{"self":[{"href":"https:\/\/www.thebestsocial.media\/de\/wp-json\/wp\/v2\/posts\/147394","targetHints":{"allow":["GET"]}}],"collection":[{"href":"https:\/\/www.thebestsocial.media\/de\/wp-json\/wp\/v2\/posts"}],"about":[{"href":"https:\/\/www.thebestsocial.media\/de\/wp-json\/wp\/v2\/types\/post"}],"author":[{"embeddable":true,"href":"https:\/\/www.thebestsocial.media\/de\/wp-json\/wp\/v2\/users\/72"}],"replies":[{"embeddable":true,"href":"https:\/\/www.thebestsocial.media\/de\/wp-json\/wp\/v2\/comments?post=147394"}],"version-history":[{"count":6,"href":"https:\/\/www.thebestsocial.media\/de\/wp-json\/wp\/v2\/posts\/147394\/revisions"}],"predecessor-version":[{"id":147412,"href":"https:\/\/www.thebestsocial.media\/de\/wp-json\/wp\/v2\/posts\/147394\/revisions\/147412"}],"wp:featuredmedia":[{"embeddable":true,"href":"https:\/\/www.thebestsocial.media\/de\/wp-json\/wp\/v2\/media\/147410"}],"wp:attachment":[{"href":"https:\/\/www.thebestsocial.media\/de\/wp-json\/wp\/v2\/media?parent=147394"}],"wp:term":[{"taxonomy":"category","embeddable":true,"href":"https:\/\/www.thebestsocial.media\/de\/wp-json\/wp\/v2\/categories?post=147394"},{"taxonomy":"post_tag","embeddable":true,"href":"https:\/\/www.thebestsocial.media\/de\/wp-json\/wp\/v2\/tags?post=147394"}],"curies":[{"name":"wp","href":"https:\/\/api.w.org\/{rel}","templated":true}]}}