{"id":146974,"date":"2021-06-23T12:05:26","date_gmt":"2021-06-23T12:05:26","guid":{"rendered":"https:\/\/www.thebestsocial.media\/de\/?p=146974"},"modified":"2021-06-23T12:05:26","modified_gmt":"2021-06-23T12:05:26","slug":"twitter-thread-sammelt-chefkoch-rezepte-in-deutschlandfarben","status":"publish","type":"post","link":"https:\/\/www.thebestsocial.media\/de\/twitter-thread-sammelt-chefkoch-rezepte-in-deutschlandfarben\/","title":{"rendered":"Twitter-Thread sammelt Chefkoch-Rezepte in Deutschlandfarben"},"content":{"rendered":"<p>Die EM ist momentan noch in den letzten Z\u00fcgen der Gruppenphase, heute Abend entscheidet sich im Spiel gegen Ungarn, ob die deutsche Nationalmannschaft ins Achtelfinale einzieht. Der ein oder andere Fu\u00dfballbegeisterte wird da sicher ordentlich Nervennahrung brauchen. Aber jetzt einfach <em>irgendwas<\/em> essen? Noch dazu in random Farben? Doch nicht w\u00e4hrend der EM! Schlie\u00dflich muss bei echten Fu\u00dfballfans jede Faser der K\u00f6rpers mitfiebern, auch der Verdauungstrakt. Es d\u00fcrfen also nur schwarz-rot-gelbe Zutaten verwendet werden. Ganz sch\u00f6n knifflig, die Auswahl ist dadurch ja schon sehr eingegrenzt. Gl\u00fccklicherweise hat Twitter-User <a href=\"https:\/\/twitter.com\/MittiLevel2\" target=\"_blank\" rel=\"noopener\">MittiLevel1312<\/a> eine Quelle f\u00fcr Gerichte gefunden, die sich streng an dieses Farbkonzept halten. Dem 3 G\u00e4nge-Men\u00fc f\u00fcr&#8217;s n\u00e4chste Spiel steht also nix mehr im Weg. (Wer mit Lebensmittelfarbe schummelt, verliert!)<\/p>\n<div class=\"dbsm-oembed\">\n<blockquote class=\"twitter-tweet\" data-width=\"500\" data-dnt=\"true\">\n<p lang=\"de\" dir=\"ltr\">Deutsche und ihr Flaggen-Fetischismus auf <a href=\"https:\/\/t.co\/1Qn49Dkb4I\">https:\/\/t.co\/1Qn49Dkb4I<\/a><\/p>\n<p>Ein Analyse-Thread <a href=\"https:\/\/t.co\/sMLZ8zitit\">pic.twitter.com\/sMLZ8zitit<\/a><\/p>\n<p>&mdash; Mitti (@MittiLevel2) <a href=\"https:\/\/twitter.com\/MittiLevel2\/status\/1405076111697002500?ref_src=twsrc%5Etfw\">June 16, 2021<\/a><\/p><\/blockquote>\n<p><script async src=\"https:\/\/platform.twitter.com\/widgets.js\" charset=\"utf-8\"><\/script><\/div>\n<p>&nbsp;<\/p>\n<p>&nbsp;<\/p>\n<p><strong>Am besten f\u00e4ngt man nat\u00fcrlich direkt beim Fr\u00fchst\u00fcck schon an.<\/strong><\/p>\n<blockquote class=\"twitter-tweet\" data-conversation=\"none\">\n<p dir=\"ltr\" lang=\"de\">Der franz\u00f6sische Maler Jaques Almagne sagte 1789: Ist der Geist der Mannen schwach, hilft nur die in 30 Minuten hergestellte Deutschland-Marmelade.<\/p>\n<p>Und er hatte recht, denn wie der Impressionismus der Welt ihre wahre Sch\u00f6nheit zeigte, so zeigt dieser Aufstrich die Deutschlands. <a href=\"https:\/\/t.co\/Cpx7vUDj9i\">pic.twitter.com\/Cpx7vUDj9i<\/a><\/p>\n<p>\u2014 MittiLevel1312 (@MittiLevel2) <a href=\"https:\/\/twitter.com\/MittiLevel2\/status\/1405077968779714564?ref_src=twsrc%5Etfw\">June 16, 2021<\/a><\/p><\/blockquote>\n<p><script async src=\"https:\/\/platform.twitter.com\/widgets.js\" charset=\"utf-8\"><\/script><\/p>\n<p>&nbsp;<\/p>\n<p>&nbsp;<\/p>\n<p><strong>Zum Mittag reicht bei den sommerlichen Temperaturen ein leichter Salat.<\/strong><\/p>\n<blockquote class=\"twitter-tweet\" data-conversation=\"none\">\n<p dir=\"ltr\" lang=\"de\">Deutsche Salate reichen bis in die seiten der Cherusker und Fleischsalatier zur\u00fcck. Doch wo die Ballaststoff reichen Bowls damals nur aus Sand und dem Blut von R\u00f6mern bestand, ist heute eine fantastische Kultur zu finden. Endlich hat Salat die richtigen Farben.<\/p>\n<p>Tja liebe Gr\u00fcne. <a href=\"https:\/\/t.co\/ib6Tbee7kI\">pic.twitter.com\/ib6Tbee7kI<\/a><\/p>\n<p>\u2014 MittiLevel1312 (@MittiLevel2) <a href=\"https:\/\/twitter.com\/MittiLevel2\/status\/1405080217987788807?ref_src=twsrc%5Etfw\">June 16, 2021<\/a><\/p><\/blockquote>\n<p><script async src=\"https:\/\/platform.twitter.com\/widgets.js\" charset=\"utf-8\"><\/script><\/p>\n<p>&nbsp;<\/p>\n<p>&nbsp;<\/p>\n<p><strong>Kleiner Zwischensnack gef\u00e4llig?<\/strong><\/p>\n<blockquote class=\"twitter-tweet\" data-conversation=\"none\">\n<p dir=\"ltr\" lang=\"de\">Einfachheit im Dreieck. Mit dieser Komposition erschuf der K\u00fcnstler German Deutschmann 1954 eine neue Kunstrichtung, ja manche erhoben ihm zum alleinigen Sch\u00f6pfer deutsch deutscher Kunst. Oliven aus Italien, Cherry Tomaten aus Holland. Und Gouda aus Holland. Es ist Liebe. <a href=\"https:\/\/t.co\/VKn4dPsznt\">pic.twitter.com\/VKn4dPsznt<\/a><\/p>\n<p>\u2014 MittiLevel1312 (@MittiLevel2) <a href=\"https:\/\/twitter.com\/MittiLevel2\/status\/1405078687100309504?ref_src=twsrc%5Etfw\">June 16, 2021<\/a><\/p><\/blockquote>\n<p><script async src=\"https:\/\/platform.twitter.com\/widgets.js\" charset=\"utf-8\"><\/script><\/p>\n<blockquote class=\"twitter-tweet\" data-conversation=\"none\">\n<p dir=\"ltr\" lang=\"de\">Was lieben Deutsche mehr als Snackplatten?<\/p>\n<p>Au\u00dfer Diesel, billigem Fleisch und strukturellem Rassismus mein ich.<\/p>\n<p>Richtig:<\/p>\n<p>Nationalistische Snackplatten.<\/p>\n<p>Wusstet ihr das die Snackplatte von Rainer Maria Snack im Jahre 1546 erfunden wurde. Er war Bamberger Snackplattler. <a href=\"https:\/\/t.co\/ip6dXvvzBs\">pic.twitter.com\/ip6dXvvzBs<\/a><\/p>\n<p>\u2014 MittiLevel1312 (@MittiLevel2) <a href=\"https:\/\/twitter.com\/MittiLevel2\/status\/1405082278125051910?ref_src=twsrc%5Etfw\">June 16, 2021<\/a><\/p><\/blockquote>\n<p><script async src=\"https:\/\/platform.twitter.com\/widgets.js\" charset=\"utf-8\"><\/script><\/p>\n<p>&nbsp;<\/p>\n<p><strong>Eignet sich anscheinend auch gut zu anderen Anl\u00e4ssen&#8230;<\/strong><\/p>\n<blockquote class=\"twitter-tweet\" data-conversation=\"none\">\n<p dir=\"ltr\" lang=\"de\">Deutschland ist so fucking lost <a href=\"https:\/\/t.co\/3aQFDg3UzK\">pic.twitter.com\/3aQFDg3UzK<\/a><\/p>\n<p>\u2014 MittiLevel1312 (@MittiLevel2) <a href=\"https:\/\/twitter.com\/MittiLevel2\/status\/1405085654992687106?ref_src=twsrc%5Etfw\">June 16, 2021<\/a><\/p><\/blockquote>\n<p><script async src=\"https:\/\/platform.twitter.com\/widgets.js\" charset=\"utf-8\"><\/script><\/p>\n<p>&nbsp;<\/p>\n<p><strong>Einfach und genial!<\/strong><\/p>\n<blockquote class=\"twitter-tweet\" data-conversation=\"none\">\n<p dir=\"ltr\" lang=\"de\">Italienische Freundschaft feiert man am besten mit den WM-Mini-Pizzen. Man kauft sich einfach Piccolinis und kratzt das Topping ab. Danach belegt man die &#8222;Br\u00f6tchen&#8220; mit Mais, Oliven, den Tomaten der Piccolinis und ein paar Studien, die beweisen, dass Polizist:innen keine Arschl\u00f6 <a href=\"https:\/\/t.co\/zxNorHLO54\">pic.twitter.com\/zxNorHLO54<\/a><\/p>\n<p>\u2014 MittiLevel1312 (@MittiLevel2) <a href=\"https:\/\/twitter.com\/MittiLevel2\/status\/1405083965824942085?ref_src=twsrc%5Etfw\">June 16, 2021<\/a><\/p><\/blockquote>\n<p><script async src=\"https:\/\/platform.twitter.com\/widgets.js\" charset=\"utf-8\"><\/script><\/p>\n<p>&nbsp;<\/p>\n<p><strong>Aber muss man noch bisschen warten leider&#8230;<\/strong><\/p>\n<blockquote class=\"twitter-tweet\" data-conversation=\"none\">\n<p dir=\"ltr\" lang=\"de\">Und wehe jemand isst die WM-Mini-Pizzen zur EM. Sowas tun nur Merkel-B\u00fccklinge.<\/p>\n<p>\u2014 MittiLevel1312 (@MittiLevel2) <a href=\"https:\/\/twitter.com\/MittiLevel2\/status\/1405084678118313991?ref_src=twsrc%5Etfw\">June 16, 2021<\/a><\/p><\/blockquote>\n<p><script async src=\"https:\/\/platform.twitter.com\/widgets.js\" charset=\"utf-8\"><\/script><\/p>\n<p>&nbsp;<\/p>\n<p>&nbsp;<\/p>\n<p><strong>Mehr K\u00e4se drauf w\u00e4re geiler gewesen, aber dann h\u00e4tte man ja die Farben nicht mehr gesehen&#8230;die Optik geht in diesem Fall einfach vor.<\/strong><\/p>\n<blockquote class=\"twitter-tweet\" data-conversation=\"none\">\n<p dir=\"ltr\" lang=\"de\">Der Auflauf, maskulin.<\/p>\n<p>In anderen Kulturen meist als Deutsches Gratin bezeichnet, ist ein Sammelsorium an Backbarem in einer Form. Nicht zu verwechseln mit Backwaren.<\/p>\n<p>Im ernst jetzt warum sind das Gouda-Davidsterne wtf Deutschland. <a href=\"https:\/\/t.co\/feLpnimMMy\">pic.twitter.com\/feLpnimMMy<\/a><\/p>\n<p>\u2014 MittiLevel1312 (@MittiLevel2) <a href=\"https:\/\/twitter.com\/MittiLevel2\/status\/1405081312680189953?ref_src=twsrc%5Etfw\">June 16, 2021<\/a><\/p><\/blockquote>\n<p><script async src=\"https:\/\/platform.twitter.com\/widgets.js\" charset=\"utf-8\"><\/script><\/p>\n<p>&nbsp;<\/p>\n<p><strong>Wenn&#8217;s mal etwas schneller gehen muss &#8211; ein Rezept-Tipp aus den Kommentaren:<\/strong><\/p>\n<blockquote class=\"twitter-tweet\" data-conversation=\"none\">\n<p dir=\"ltr\" lang=\"de\">Mein Deutschland-Auflauf <a href=\"https:\/\/t.co\/Wv0cIlBHHE\">pic.twitter.com\/Wv0cIlBHHE<\/a><\/p>\n<p>\u2014 EchteFlippyAmthor@web.de (@blutgruppecdu) <a href=\"https:\/\/twitter.com\/blutgruppecdu\/status\/1405297833209647105?ref_src=twsrc%5Etfw\">June 16, 2021<\/a><\/p><\/blockquote>\n<p><script async src=\"https:\/\/platform.twitter.com\/widgets.js\" charset=\"utf-8\"><\/script><\/p>\n<p>&nbsp;<\/p>\n<p><strong>Hmmm jetzt fehlt eigentlich nur noch ein sch\u00f6ner Nachtisch!<\/strong><\/p>\n<blockquote class=\"twitter-tweet\" data-conversation=\"none\">\n<p dir=\"ltr\" lang=\"de\">Man bedenke hier die 90er Optik, die parallel diametral angelegte Farbgebung und die markanten Winkel. Wenig sagt mehr &#8222;Ich liebe mein Vaterland&#8220; als der Deutschland-Kuchen. <a href=\"https:\/\/t.co\/TW0RZdxXuo\">pic.twitter.com\/TW0RZdxXuo<\/a><\/p>\n<p>\u2014 MittiLevel1312 (@MittiLevel2) <a href=\"https:\/\/twitter.com\/MittiLevel2\/status\/1405076485845786625?ref_src=twsrc%5Etfw\">June 16, 2021<\/a><\/p><\/blockquote>\n<p><script async src=\"https:\/\/platform.twitter.com\/widgets.js\" charset=\"utf-8\"><\/script><\/p>\n<p>&nbsp;<\/p>\n<p>&nbsp;<\/p>\n<blockquote class=\"twitter-tweet\" data-conversation=\"none\">\n<p dir=\"ltr\" lang=\"de\">Tja liebe Kapitalisten-Schweine <a href=\"https:\/\/t.co\/wvnXJPYDt7\">pic.twitter.com\/wvnXJPYDt7<\/a><\/p>\n<p>\u2014 MittiLevel1312 (@MittiLevel2) <a href=\"https:\/\/twitter.com\/MittiLevel2\/status\/1405109166541361156?ref_src=twsrc%5Etfw\">June 16, 2021<\/a><\/p><\/blockquote>\n<p><script async src=\"https:\/\/platform.twitter.com\/widgets.js\" charset=\"utf-8\"><\/script><\/p>\n<p>&nbsp;<\/p>\n<p><strong>Und was w\u00e4re besser geeignet, durch schlechtes Spiel und unfaire Schiri-Entscheidungen erhitzte Gem\u00fcter wieder abzuk\u00fchlen als ein Eis in den Farben der deutschen Flagge?<\/strong><\/p>\n<blockquote class=\"twitter-tweet\" data-conversation=\"none\">\n<p dir=\"ltr\" lang=\"de\">Ja Fruchtzwerge geh\u00f6ren zum deutschen Kulturgut, aber f\u00fcr echte Preu\u00dfen sind sie zu weich und zu Rosa. Deswegen feiern echt Alpha-Mitteleurop\u00e4er Fu\u00dfball-Events mit selbstgegossenem Tricolour. Der heiligen Dreifaltigkeit des Geschmacks. Mit Cola, Erdbeere und Orange. <a href=\"https:\/\/t.co\/CJC9BEoLNx\">pic.twitter.com\/CJC9BEoLNx<\/a><\/p>\n<p>\u2014 MittiLevel1312 (@MittiLevel2) <a href=\"https:\/\/twitter.com\/MittiLevel2\/status\/1405077136021626880?ref_src=twsrc%5Etfw\">June 16, 2021<\/a><\/p><\/blockquote>\n<p><script async src=\"https:\/\/platform.twitter.com\/widgets.js\" charset=\"utf-8\"><\/script><\/p>\n<p>&nbsp;<\/p>\n<p><strong>Muss nat\u00fcrlich auch alles wieder raus irgendwann. Dann ist es allerdings braun&#8230;Hm.<\/strong><\/p>\n<blockquote class=\"twitter-tweet\" data-conversation=\"none\">\n<p dir=\"ltr\" lang=\"de\">und f\u00fcr danach: <a href=\"https:\/\/t.co\/0d2qdJIr12\">pic.twitter.com\/0d2qdJIr12<\/a><\/p>\n<p>\u2014 steno (@da_steno) <a href=\"https:\/\/twitter.com\/da_steno\/status\/1405145972498391040?ref_src=twsrc%5Etfw\">June 16, 2021<\/a><\/p><\/blockquote>\n<p><script async src=\"https:\/\/platform.twitter.com\/widgets.js\" charset=\"utf-8\"><\/script><\/p>\n<p>&nbsp;<\/p>\n<p><strong>Der einzige Nachteil ist halt: Irgendwann ist es aufgegessen. Also lieber vorsorgen mit Deko, die etwas l\u00e4nger h\u00e4lt.<\/strong><\/p>\n<div class=\"dbsm-oembed\">\n<blockquote class=\"twitter-tweet\" data-width=\"500\" data-dnt=\"true\">\n<p lang=\"de\" dir=\"ltr\">Wie pervers ist das denn \u2013 eine  in Deutschlandfarben einget\u00fcnchte Orchidee? Alles o.k. bei NETTO? Schlechter Geschmack kam stets teuer &#8230;<a href=\"https:\/\/twitter.com\/hashtag\/EURO2020?src=hash&amp;ref_src=twsrc%5Etfw\">#EURO2020<\/a> <a href=\"https:\/\/twitter.com\/hashtag\/WerbungAusDerHoelle?src=hash&amp;ref_src=twsrc%5Etfw\">#WerbungAusDerHoelle<\/a> <a href=\"https:\/\/t.co\/lff3EANjSd\">pic.twitter.com\/lff3EANjSd<\/a><\/p>\n<p>&mdash; Dr. Klaus Herdepe (@bgv_online) <a href=\"https:\/\/twitter.com\/bgv_online\/status\/1398695483741290507?ref_src=twsrc%5Etfw\">May 29, 2021<\/a><\/p><\/blockquote>\n<p><script async src=\"https:\/\/platform.twitter.com\/widgets.js\" charset=\"utf-8\"><\/script><\/div>\n<p><a href=\"mailto:dion@thebest.social\"><img loading=\"lazy\" decoding=\"async\" class=\"alignnone size-large wp-image-144565\" src=\"https:\/\/www.thebestsocial.media\/de\/wp-content\/uploads\/sites\/3\/2021\/04\/Studio-Promo-Banner-1024x538.png\" alt=\"\" width=\"1024\" height=\"538\" srcset=\"https:\/\/www.thebestsocial.media\/de\/wp-content\/uploads\/sites\/3\/2021\/04\/Studio-Promo-Banner-1024x538.png 1024w, https:\/\/www.thebestsocial.media\/de\/wp-content\/uploads\/sites\/3\/2021\/04\/Studio-Promo-Banner-300x158.png 300w, https:\/\/www.thebestsocial.media\/de\/wp-content\/uploads\/sites\/3\/2021\/04\/Studio-Promo-Banner-768x403.png 768w, https:\/\/www.thebestsocial.media\/de\/wp-content\/uploads\/sites\/3\/2021\/04\/Studio-Promo-Banner.png 1200w\" sizes=\"auto, (max-width: 1024px) 100vw, 1024px\" \/><\/a><\/p>\n<p>\u2014<br \/>\nVielen Dank an alle f\u00fcr die Posts und gut Kick in die Runde!<br \/>\n\u2014<br \/>\n<strong>Keine Influencer! Kein Foodporn! Nur ganz viel Spa\u00df \u2013 bei uns auf Instagram:<\/strong><\/p>\n<blockquote class=\"instagram-media\" style=\"background: #FFF; border: 0; border-radius: 3px; box-shadow: 0 0 1px 0 rgba(0,0,0,0.5),0 1px 10px 0 rgba(0,0,0,0.15); margin: 1px; max-width: 540px; min-width: 326px; padding: 0; width: calc(100% - 2px);\" data-instgrm-captioned=\"\" data-instgrm-permalink=\"https:\/\/www.instagram.com\/p\/CQa9-nrlnIx\/?utm_source=ig_embed&amp;utm_campaign=loading\" data-instgrm-version=\"13\">\n<div style=\"padding: 16px;\">\n<p>&nbsp;<\/p>\n<div style=\"display: flex; flex-direction: row; align-items: center;\">\n<div style=\"background-color: #f4f4f4; border-radius: 50%; flex-grow: 0; height: 40px; margin-right: 14px; width: 40px;\"><\/div>\n<div style=\"display: flex; flex-direction: column; flex-grow: 1; justify-content: center;\">\n<div style=\"background-color: #f4f4f4; border-radius: 4px; flex-grow: 0; height: 14px; margin-bottom: 6px; width: 100px;\"><\/div>\n<div style=\"background-color: #f4f4f4; border-radius: 4px; flex-grow: 0; height: 14px; width: 60px;\"><\/div>\n<\/div>\n<\/div>\n<div style=\"padding: 19% 0;\"><\/div>\n<div style=\"display: block; height: 50px; margin: 0 auto 12px; width: 50px;\"><\/div>\n<div style=\"padding-top: 8px;\">\n<div style=\"color: #3897f0; font-family: Arial,sans-serif; font-size: 14px; font-style: normal; font-weight: 550; line-height: 18px;\">Sieh dir diesen Beitrag auf Instagram an<\/div>\n<\/div>\n<div style=\"padding: 12.5% 0;\"><\/div>\n<div style=\"display: flex; flex-direction: row; margin-bottom: 14px; align-items: center;\">\n<div>\n<div style=\"background-color: #f4f4f4; border-radius: 50%; height: 12.5px; width: 12.5px; transform: translateX(0px) translateY(7px);\"><\/div>\n<div style=\"background-color: #f4f4f4; height: 12.5px; transform: rotate(-45deg) translateX(3px) translateY(1px); width: 12.5px; flex-grow: 0; margin-right: 14px; margin-left: 2px;\"><\/div>\n<div style=\"background-color: #f4f4f4; border-radius: 50%; height: 12.5px; width: 12.5px; transform: translateX(9px) translateY(-18px);\"><\/div>\n<\/div>\n<div style=\"margin-left: 8px;\">\n<div style=\"background-color: #f4f4f4; border-radius: 50%; flex-grow: 0; height: 20px; width: 20px;\"><\/div>\n<div style=\"width: 0; height: 0; border-top: 2px solid transparent; border-left: 6px solid #f4f4f4; border-bottom: 2px solid transparent; transform: translateX(16px) translateY(-4px) rotate(30deg);\"><\/div>\n<\/div>\n<div style=\"margin-left: auto;\">\n<div style=\"width: 0px; border-top: 8px solid #F4F4F4; border-right: 8px solid transparent; transform: translateY(16px);\"><\/div>\n<div style=\"background-color: #f4f4f4; flex-grow: 0; height: 12px; width: 16px; transform: translateY(-4px);\"><\/div>\n<div style=\"width: 0; height: 0; border-top: 8px solid #F4F4F4; border-left: 8px solid transparent; transform: translateY(-4px) translateX(8px);\"><\/div>\n<\/div>\n<\/div>\n<div style=\"display: flex; flex-direction: column; flex-grow: 1; justify-content: center; margin-bottom: 24px;\">\n<div style=\"background-color: #f4f4f4; border-radius: 4px; flex-grow: 0; height: 14px; margin-bottom: 6px; width: 224px;\"><\/div>\n<div style=\"background-color: #f4f4f4; border-radius: 4px; flex-grow: 0; height: 14px; width: 144px;\"><\/div>\n<\/div>\n<p>&nbsp;<\/p>\n<p style=\"color: #c9c8cd; font-family: Arial,sans-serif; font-size: 14px; line-height: 17px; margin-bottom: 0; margin-top: 8px; overflow: hidden; padding: 8px 0 7px; text-align: center; text-overflow: ellipsis; white-space: nowrap;\"><a style=\"color: #c9c8cd; font-family: Arial,sans-serif; font-size: 14px; font-style: normal; font-weight: normal; line-height: 17px; text-decoration: none;\" href=\"https:\/\/www.instagram.com\/p\/CQa9-nrlnIx\/?utm_source=ig_embed&amp;utm_campaign=loading\" target=\"_blank\" rel=\"noopener\">Ein Beitrag geteilt von The Best Social Media &#8211; DE (@thebestsocialmediade)<\/a><\/p>\n<\/div>\n<\/blockquote>\n\n<script async defer src=\"\/instagram-embed.js\"><\/script>","protected":false},"excerpt":{"rendered":"<p>Die EM ist momentan noch in den letzten Z\u00fcgen der Gruppenphase, heute Abend entscheidet sich im Spiel gegen Ungarn, ob die deutsche Nationalmannschaft ins Achtelfinale&#8230;<\/p>\n","protected":false},"author":73,"featured_media":146997,"comment_status":"open","ping_status":"open","sticky":false,"template":"","format":"standard","meta":{"_acf_changed":false,"footnotes":""},"categories":[460,1728,2877,35],"tags":[841,697,122,123],"class_list":["post-146974","post","type-post","status-publish","format-standard","has-post-thumbnail","hentry","category-fail","category-humor","category-thread","category-twitter","tag-chefkoch","tag-deutschland","tag-em","tag-fussball"],"acf":[],"yoast_head":"<!-- This site is optimized with the Yoast SEO plugin v27.5 - https:\/\/yoast.com\/product\/yoast-seo-wordpress\/ -->\n<title>Twitter-Thread sammelt fragw\u00fcrdige Rezepte in Deutschlandfarben<\/title>\n<meta name=\"robots\" content=\"index, follow, max-snippet:-1, max-image-preview:large, max-video-preview:-1\" \/>\n<link rel=\"canonical\" href=\"https:\/\/www.thebestsocial.media\/de\/twitter-thread-sammelt-chefkoch-rezepte-in-deutschlandfarben\/\" \/>\n<meta property=\"og:locale\" content=\"de_DE\" \/>\n<meta property=\"og:type\" content=\"article\" \/>\n<meta property=\"og:title\" content=\"Twitter-Thread sammelt fragw\u00fcrdige Chefkoch-Rezepte zur EM\" \/>\n<meta property=\"og:description\" content=\"Die EM ist momentan noch in den letzten Z\u00fcgen der Gruppenphase, heute Abend entscheidet sich im Spiel gegen Ungarn, ob die deutsche Nationalmannschaft ins Achtelfinale...\" \/>\n<meta property=\"og:url\" content=\"https:\/\/www.thebestsocial.media\/de\/twitter-thread-sammelt-chefkoch-rezepte-in-deutschlandfarben\/\" \/>\n<meta property=\"og:site_name\" content=\"The Best Social Media DE\" \/>\n<meta property=\"article:published_time\" content=\"2021-06-23T12:05:26+00:00\" \/>\n<meta property=\"og:image\" content=\"https:\/\/www.thebestsocial.media\/de\/wp-content\/uploads\/sites\/3\/2021\/06\/header-em.png\" \/>\n\t<meta property=\"og:image:width\" content=\"1200\" \/>\n\t<meta property=\"og:image:height\" content=\"630\" \/>\n\t<meta property=\"og:image:type\" content=\"image\/png\" \/>\n<meta name=\"author\" content=\"Helene Mei\u00dfner\" \/>\n<meta name=\"twitter:card\" content=\"summary_large_image\" \/>\n<meta name=\"twitter:label1\" content=\"Verfasst von\" \/>\n\t<meta name=\"twitter:data1\" content=\"Helene Mei\u00dfner\" \/>\n\t<meta name=\"twitter:label2\" content=\"Gesch\u00e4tzte Lesezeit\" \/>\n\t<meta name=\"twitter:data2\" content=\"4\u00a0Minuten\" \/>\n<script type=\"application\/ld+json\" class=\"yoast-schema-graph\">{\"@context\":\"https:\\\/\\\/schema.org\",\"@graph\":[{\"@type\":\"Article\",\"@id\":\"https:\\\/\\\/www.thebestsocial.media\\\/de\\\/twitter-thread-sammelt-chefkoch-rezepte-in-deutschlandfarben\\\/#article\",\"isPartOf\":{\"@id\":\"https:\\\/\\\/www.thebestsocial.media\\\/de\\\/twitter-thread-sammelt-chefkoch-rezepte-in-deutschlandfarben\\\/\"},\"author\":{\"name\":\"Helene Mei\u00dfner\",\"@id\":\"https:\\\/\\\/www.thebestsocial.media\\\/de\\\/#\\\/schema\\\/person\\\/6267acc046505b90b912687a039220df\"},\"headline\":\"Twitter-Thread sammelt Chefkoch-Rezepte in Deutschlandfarben\",\"datePublished\":\"2021-06-23T12:05:26+00:00\",\"mainEntityOfPage\":{\"@id\":\"https:\\\/\\\/www.thebestsocial.media\\\/de\\\/twitter-thread-sammelt-chefkoch-rezepte-in-deutschlandfarben\\\/\"},\"wordCount\":801,\"commentCount\":0,\"image\":{\"@id\":\"https:\\\/\\\/www.thebestsocial.media\\\/de\\\/twitter-thread-sammelt-chefkoch-rezepte-in-deutschlandfarben\\\/#primaryimage\"},\"thumbnailUrl\":\"https:\\\/\\\/www.thebestsocial.media\\\/de\\\/wp-content\\\/uploads\\\/sites\\\/3\\\/2021\\\/06\\\/beitrag-em.png\",\"keywords\":[\"chefkoch\",\"deutschland\",\"EM\",\"fu\u00dfball\"],\"articleSection\":[\"Fail\",\"Humor\",\"Thread\",\"Twitter\"],\"inLanguage\":\"de\",\"potentialAction\":[{\"@type\":\"CommentAction\",\"name\":\"Comment\",\"target\":[\"https:\\\/\\\/www.thebestsocial.media\\\/de\\\/twitter-thread-sammelt-chefkoch-rezepte-in-deutschlandfarben\\\/#respond\"]}]},{\"@type\":\"WebPage\",\"@id\":\"https:\\\/\\\/www.thebestsocial.media\\\/de\\\/twitter-thread-sammelt-chefkoch-rezepte-in-deutschlandfarben\\\/\",\"url\":\"https:\\\/\\\/www.thebestsocial.media\\\/de\\\/twitter-thread-sammelt-chefkoch-rezepte-in-deutschlandfarben\\\/\",\"name\":\"Twitter-Thread sammelt fragw\u00fcrdige Rezepte in Deutschlandfarben\",\"isPartOf\":{\"@id\":\"https:\\\/\\\/www.thebestsocial.media\\\/de\\\/#website\"},\"primaryImageOfPage\":{\"@id\":\"https:\\\/\\\/www.thebestsocial.media\\\/de\\\/twitter-thread-sammelt-chefkoch-rezepte-in-deutschlandfarben\\\/#primaryimage\"},\"image\":{\"@id\":\"https:\\\/\\\/www.thebestsocial.media\\\/de\\\/twitter-thread-sammelt-chefkoch-rezepte-in-deutschlandfarben\\\/#primaryimage\"},\"thumbnailUrl\":\"https:\\\/\\\/www.thebestsocial.media\\\/de\\\/wp-content\\\/uploads\\\/sites\\\/3\\\/2021\\\/06\\\/beitrag-em.png\",\"datePublished\":\"2021-06-23T12:05:26+00:00\",\"author\":{\"@id\":\"https:\\\/\\\/www.thebestsocial.media\\\/de\\\/#\\\/schema\\\/person\\\/6267acc046505b90b912687a039220df\"},\"breadcrumb\":{\"@id\":\"https:\\\/\\\/www.thebestsocial.media\\\/de\\\/twitter-thread-sammelt-chefkoch-rezepte-in-deutschlandfarben\\\/#breadcrumb\"},\"inLanguage\":\"de\",\"potentialAction\":[{\"@type\":\"ReadAction\",\"target\":[\"https:\\\/\\\/www.thebestsocial.media\\\/de\\\/twitter-thread-sammelt-chefkoch-rezepte-in-deutschlandfarben\\\/\"]}]},{\"@type\":\"ImageObject\",\"inLanguage\":\"de\",\"@id\":\"https:\\\/\\\/www.thebestsocial.media\\\/de\\\/twitter-thread-sammelt-chefkoch-rezepte-in-deutschlandfarben\\\/#primaryimage\",\"url\":\"https:\\\/\\\/www.thebestsocial.media\\\/de\\\/wp-content\\\/uploads\\\/sites\\\/3\\\/2021\\\/06\\\/beitrag-em.png\",\"contentUrl\":\"https:\\\/\\\/www.thebestsocial.media\\\/de\\\/wp-content\\\/uploads\\\/sites\\\/3\\\/2021\\\/06\\\/beitrag-em.png\",\"width\":1200,\"height\":630},{\"@type\":\"BreadcrumbList\",\"@id\":\"https:\\\/\\\/www.thebestsocial.media\\\/de\\\/twitter-thread-sammelt-chefkoch-rezepte-in-deutschlandfarben\\\/#breadcrumb\",\"itemListElement\":[{\"@type\":\"ListItem\",\"position\":1,\"name\":\"Home\",\"item\":\"https:\\\/\\\/www.thebestsocial.media\\\/de\\\/\"},{\"@type\":\"ListItem\",\"position\":2,\"name\":\"Twitter-Thread sammelt Chefkoch-Rezepte in Deutschlandfarben\"}]},{\"@type\":\"WebSite\",\"@id\":\"https:\\\/\\\/www.thebestsocial.media\\\/de\\\/#website\",\"url\":\"https:\\\/\\\/www.thebestsocial.media\\\/de\\\/\",\"name\":\"The Best Social Media DE\",\"description\":\"\",\"potentialAction\":[{\"@type\":\"SearchAction\",\"target\":{\"@type\":\"EntryPoint\",\"urlTemplate\":\"https:\\\/\\\/www.thebestsocial.media\\\/de\\\/?s={search_term_string}\"},\"query-input\":{\"@type\":\"PropertyValueSpecification\",\"valueRequired\":true,\"valueName\":\"search_term_string\"}}],\"inLanguage\":\"de\"},{\"@type\":\"Person\",\"@id\":\"https:\\\/\\\/www.thebestsocial.media\\\/de\\\/#\\\/schema\\\/person\\\/6267acc046505b90b912687a039220df\",\"name\":\"Helene Mei\u00dfner\",\"image\":{\"@type\":\"ImageObject\",\"inLanguage\":\"de\",\"@id\":\"https:\\\/\\\/secure.gravatar.com\\\/avatar\\\/6639fc0397860ac2c2e11b018c1f14be4a46c2378a91ac1b35730b724675daa8?s=96&d=mm&r=g\",\"url\":\"https:\\\/\\\/secure.gravatar.com\\\/avatar\\\/6639fc0397860ac2c2e11b018c1f14be4a46c2378a91ac1b35730b724675daa8?s=96&d=mm&r=g\",\"contentUrl\":\"https:\\\/\\\/secure.gravatar.com\\\/avatar\\\/6639fc0397860ac2c2e11b018c1f14be4a46c2378a91ac1b35730b724675daa8?s=96&d=mm&r=g\",\"caption\":\"Helene Mei\u00dfner\"},\"description\":\"Kommt aus Berlin und hat dementsprechend nat\u00fcrlich irgendwas mit Medien studiert. Verlegt oft Dinge, w\u00e4hrend sie sie in der Hand h\u00e4lt. Findet Kauger\u00e4usche unausstehlich. Hat eine Schw\u00e4che f\u00fcr Glitzer und immer mindestens 50 Tabs offen.\",\"sameAs\":[\"https:\\\/\\\/www.instagram.com\\\/he.leni\\\/\"],\"url\":\"https:\\\/\\\/www.thebestsocial.media\\\/de\\\/author\\\/helenemeissner\\\/\"}]}<\/script>\n<!-- \/ Yoast SEO plugin. -->","yoast_head_json":{"title":"Twitter-Thread sammelt fragw\u00fcrdige Rezepte in Deutschlandfarben","robots":{"index":"index","follow":"follow","max-snippet":"max-snippet:-1","max-image-preview":"max-image-preview:large","max-video-preview":"max-video-preview:-1"},"canonical":"https:\/\/www.thebestsocial.media\/de\/twitter-thread-sammelt-chefkoch-rezepte-in-deutschlandfarben\/","og_locale":"de_DE","og_type":"article","og_title":"Twitter-Thread sammelt fragw\u00fcrdige Chefkoch-Rezepte zur EM","og_description":"Die EM ist momentan noch in den letzten Z\u00fcgen der Gruppenphase, heute Abend entscheidet sich im Spiel gegen Ungarn, ob die deutsche Nationalmannschaft ins Achtelfinale...","og_url":"https:\/\/www.thebestsocial.media\/de\/twitter-thread-sammelt-chefkoch-rezepte-in-deutschlandfarben\/","og_site_name":"The Best Social Media DE","article_published_time":"2021-06-23T12:05:26+00:00","og_image":[{"width":1200,"height":630,"url":"https:\/\/www.thebestsocial.media\/de\/wp-content\/uploads\/sites\/3\/2021\/06\/header-em.png","type":"image\/png"}],"author":"Helene Mei\u00dfner","twitter_card":"summary_large_image","twitter_misc":{"Verfasst von":"Helene Mei\u00dfner","Gesch\u00e4tzte Lesezeit":"4\u00a0Minuten"},"schema":{"@context":"https:\/\/schema.org","@graph":[{"@type":"Article","@id":"https:\/\/www.thebestsocial.media\/de\/twitter-thread-sammelt-chefkoch-rezepte-in-deutschlandfarben\/#article","isPartOf":{"@id":"https:\/\/www.thebestsocial.media\/de\/twitter-thread-sammelt-chefkoch-rezepte-in-deutschlandfarben\/"},"author":{"name":"Helene Mei\u00dfner","@id":"https:\/\/www.thebestsocial.media\/de\/#\/schema\/person\/6267acc046505b90b912687a039220df"},"headline":"Twitter-Thread sammelt Chefkoch-Rezepte in Deutschlandfarben","datePublished":"2021-06-23T12:05:26+00:00","mainEntityOfPage":{"@id":"https:\/\/www.thebestsocial.media\/de\/twitter-thread-sammelt-chefkoch-rezepte-in-deutschlandfarben\/"},"wordCount":801,"commentCount":0,"image":{"@id":"https:\/\/www.thebestsocial.media\/de\/twitter-thread-sammelt-chefkoch-rezepte-in-deutschlandfarben\/#primaryimage"},"thumbnailUrl":"https:\/\/www.thebestsocial.media\/de\/wp-content\/uploads\/sites\/3\/2021\/06\/beitrag-em.png","keywords":["chefkoch","deutschland","EM","fu\u00dfball"],"articleSection":["Fail","Humor","Thread","Twitter"],"inLanguage":"de","potentialAction":[{"@type":"CommentAction","name":"Comment","target":["https:\/\/www.thebestsocial.media\/de\/twitter-thread-sammelt-chefkoch-rezepte-in-deutschlandfarben\/#respond"]}]},{"@type":"WebPage","@id":"https:\/\/www.thebestsocial.media\/de\/twitter-thread-sammelt-chefkoch-rezepte-in-deutschlandfarben\/","url":"https:\/\/www.thebestsocial.media\/de\/twitter-thread-sammelt-chefkoch-rezepte-in-deutschlandfarben\/","name":"Twitter-Thread sammelt fragw\u00fcrdige Rezepte in Deutschlandfarben","isPartOf":{"@id":"https:\/\/www.thebestsocial.media\/de\/#website"},"primaryImageOfPage":{"@id":"https:\/\/www.thebestsocial.media\/de\/twitter-thread-sammelt-chefkoch-rezepte-in-deutschlandfarben\/#primaryimage"},"image":{"@id":"https:\/\/www.thebestsocial.media\/de\/twitter-thread-sammelt-chefkoch-rezepte-in-deutschlandfarben\/#primaryimage"},"thumbnailUrl":"https:\/\/www.thebestsocial.media\/de\/wp-content\/uploads\/sites\/3\/2021\/06\/beitrag-em.png","datePublished":"2021-06-23T12:05:26+00:00","author":{"@id":"https:\/\/www.thebestsocial.media\/de\/#\/schema\/person\/6267acc046505b90b912687a039220df"},"breadcrumb":{"@id":"https:\/\/www.thebestsocial.media\/de\/twitter-thread-sammelt-chefkoch-rezepte-in-deutschlandfarben\/#breadcrumb"},"inLanguage":"de","potentialAction":[{"@type":"ReadAction","target":["https:\/\/www.thebestsocial.media\/de\/twitter-thread-sammelt-chefkoch-rezepte-in-deutschlandfarben\/"]}]},{"@type":"ImageObject","inLanguage":"de","@id":"https:\/\/www.thebestsocial.media\/de\/twitter-thread-sammelt-chefkoch-rezepte-in-deutschlandfarben\/#primaryimage","url":"https:\/\/www.thebestsocial.media\/de\/wp-content\/uploads\/sites\/3\/2021\/06\/beitrag-em.png","contentUrl":"https:\/\/www.thebestsocial.media\/de\/wp-content\/uploads\/sites\/3\/2021\/06\/beitrag-em.png","width":1200,"height":630},{"@type":"BreadcrumbList","@id":"https:\/\/www.thebestsocial.media\/de\/twitter-thread-sammelt-chefkoch-rezepte-in-deutschlandfarben\/#breadcrumb","itemListElement":[{"@type":"ListItem","position":1,"name":"Home","item":"https:\/\/www.thebestsocial.media\/de\/"},{"@type":"ListItem","position":2,"name":"Twitter-Thread sammelt Chefkoch-Rezepte in Deutschlandfarben"}]},{"@type":"WebSite","@id":"https:\/\/www.thebestsocial.media\/de\/#website","url":"https:\/\/www.thebestsocial.media\/de\/","name":"The Best Social Media DE","description":"","potentialAction":[{"@type":"SearchAction","target":{"@type":"EntryPoint","urlTemplate":"https:\/\/www.thebestsocial.media\/de\/?s={search_term_string}"},"query-input":{"@type":"PropertyValueSpecification","valueRequired":true,"valueName":"search_term_string"}}],"inLanguage":"de"},{"@type":"Person","@id":"https:\/\/www.thebestsocial.media\/de\/#\/schema\/person\/6267acc046505b90b912687a039220df","name":"Helene Mei\u00dfner","image":{"@type":"ImageObject","inLanguage":"de","@id":"https:\/\/secure.gravatar.com\/avatar\/6639fc0397860ac2c2e11b018c1f14be4a46c2378a91ac1b35730b724675daa8?s=96&d=mm&r=g","url":"https:\/\/secure.gravatar.com\/avatar\/6639fc0397860ac2c2e11b018c1f14be4a46c2378a91ac1b35730b724675daa8?s=96&d=mm&r=g","contentUrl":"https:\/\/secure.gravatar.com\/avatar\/6639fc0397860ac2c2e11b018c1f14be4a46c2378a91ac1b35730b724675daa8?s=96&d=mm&r=g","caption":"Helene Mei\u00dfner"},"description":"Kommt aus Berlin und hat dementsprechend nat\u00fcrlich irgendwas mit Medien studiert. Verlegt oft Dinge, w\u00e4hrend sie sie in der Hand h\u00e4lt. Findet Kauger\u00e4usche unausstehlich. Hat eine Schw\u00e4che f\u00fcr Glitzer und immer mindestens 50 Tabs offen.","sameAs":["https:\/\/www.instagram.com\/he.leni\/"],"url":"https:\/\/www.thebestsocial.media\/de\/author\/helenemeissner\/"}]}},"amp_enabled":true,"_links":{"self":[{"href":"https:\/\/www.thebestsocial.media\/de\/wp-json\/wp\/v2\/posts\/146974","targetHints":{"allow":["GET"]}}],"collection":[{"href":"https:\/\/www.thebestsocial.media\/de\/wp-json\/wp\/v2\/posts"}],"about":[{"href":"https:\/\/www.thebestsocial.media\/de\/wp-json\/wp\/v2\/types\/post"}],"author":[{"embeddable":true,"href":"https:\/\/www.thebestsocial.media\/de\/wp-json\/wp\/v2\/users\/73"}],"replies":[{"embeddable":true,"href":"https:\/\/www.thebestsocial.media\/de\/wp-json\/wp\/v2\/comments?post=146974"}],"version-history":[{"count":11,"href":"https:\/\/www.thebestsocial.media\/de\/wp-json\/wp\/v2\/posts\/146974\/revisions"}],"predecessor-version":[{"id":146994,"href":"https:\/\/www.thebestsocial.media\/de\/wp-json\/wp\/v2\/posts\/146974\/revisions\/146994"}],"wp:featuredmedia":[{"embeddable":true,"href":"https:\/\/www.thebestsocial.media\/de\/wp-json\/wp\/v2\/media\/146997"}],"wp:attachment":[{"href":"https:\/\/www.thebestsocial.media\/de\/wp-json\/wp\/v2\/media?parent=146974"}],"wp:term":[{"taxonomy":"category","embeddable":true,"href":"https:\/\/www.thebestsocial.media\/de\/wp-json\/wp\/v2\/categories?post=146974"},{"taxonomy":"post_tag","embeddable":true,"href":"https:\/\/www.thebestsocial.media\/de\/wp-json\/wp\/v2\/tags?post=146974"}],"curies":[{"name":"wp","href":"https:\/\/api.w.org\/{rel}","templated":true}]}}