{"id":146810,"date":"2021-06-18T13:57:49","date_gmt":"2021-06-18T13:57:49","guid":{"rendered":"https:\/\/www.thebestsocial.media\/de\/?p=146810"},"modified":"2021-06-18T13:57:49","modified_gmt":"2021-06-18T13:57:49","slug":"12-aepfel-birnen-nein-posts-ueber-den-alltag-als-lehrer","status":"publish","type":"post","link":"https:\/\/www.thebestsocial.media\/de\/12-aepfel-birnen-nein-posts-ueber-den-alltag-als-lehrer\/","title":{"rendered":"12 \u00c4pfel? Birnen? Nein &#8211; Posts \u00fcber den Alltag als Lehrer"},"content":{"rendered":"<p>Die Sommerferien sind nicht mehr fern und werden vermutlich von Sch\u00fclern wie Lehrern gleicherma\u00dfen herbeigesehnt. Es war ja auch wirklich nicht einfach in letzter Zeit. Schule zu, Schule auf, Wechselunterricht, Homeschooling. Als w\u00e4re Mathe nicht so schon schwer genug. Es ist also h\u00f6chste Zeit, mal sechs Wochen ein bisschen durchzuatmen. Bis dahin l\u00e4uft es hoffentlich besser als bei den Verfassern der folgenden Posts&#8230;<\/p>\n<p>&nbsp;<\/p>\n<p><strong>St\u00e4ndig ist die Kreide alle.<\/strong><\/p>\n<p>https:\/\/twitter.com\/Rrehtla1\/status\/1395824389980135435<\/p>\n<p>&nbsp;<\/p>\n<p><b>Nat\u00fcrlich machen auch Lehrer mal Fehler.<\/b><\/p>\n<div class=\"dbsm-oembed\">\n<blockquote class=\"twitter-tweet\" data-width=\"500\" data-dnt=\"true\">\n<p lang=\"de\" dir=\"ltr\">Sind hier Mathematiker anwesend? \ud83e\udd21 <a href=\"https:\/\/t.co\/CBhKyTMnLR\">pic.twitter.com\/CBhKyTMnLR<\/a><\/p>\n<p>&mdash; ArtistOfSmile (@artist0fsmile) <a href=\"https:\/\/twitter.com\/artist0fsmile\/status\/1402925135657570304?ref_src=twsrc%5Etfw\">June 10, 2021<\/a><\/p><\/blockquote>\n<p><script async src=\"https:\/\/platform.twitter.com\/widgets.js\" charset=\"utf-8\"><\/script><\/div>\n<div class=\"dbsm-oembed\">\n<blockquote class=\"twitter-tweet\" data-width=\"500\" data-dnt=\"true\">\n<p lang=\"de\" dir=\"ltr\">Hey Lehrer:innen: wie streng geht ihr bei sowas mit der Bewertung um? Faktoren lassen sich tauschen &#8211; hier aber komplette Uneinsichtigkeit ala \u201eauf dem Bild sind aber 4 H\u00e4nde mit 5 Fingern\u201c. <a href=\"https:\/\/t.co\/f1PGsCQBQV\">pic.twitter.com\/f1PGsCQBQV<\/a><\/p>\n<p>&mdash; Carsten Paul (@CarstenPaul1982) <a href=\"https:\/\/twitter.com\/CarstenPaul1982\/status\/1384734904869703681?ref_src=twsrc%5Etfw\">April 21, 2021<\/a><\/p><\/blockquote>\n<p><script async src=\"https:\/\/platform.twitter.com\/widgets.js\" charset=\"utf-8\"><\/script><\/div>\n<p>&nbsp;<\/p>\n<p><strong>Ist ja auch nicht schlimm. Hauptsache man lernt dann daraus&#8230;<\/strong><\/p>\n<div class=\"dbsm-oembed\">\n<blockquote class=\"twitter-tweet\" data-width=\"500\" data-dnt=\"true\">\n<p lang=\"de\" dir=\"ltr\">Liebe Lehrerschaft,<br \/>gebt euren Sch\u00fclern niemals die Aufgabe,  ein Kerzenlicht zu malen&#8230;. <a href=\"https:\/\/t.co\/kT2PwXIbRk\">pic.twitter.com\/kT2PwXIbRk<\/a><\/p>\n<p>&mdash; Saxophonistin (@veryhappy75) <a href=\"https:\/\/twitter.com\/veryhappy75\/status\/681211440418701312?ref_src=twsrc%5Etfw\">December 27, 2015<\/a><\/p><\/blockquote>\n<p><script async src=\"https:\/\/platform.twitter.com\/widgets.js\" charset=\"utf-8\"><\/script><\/div>\n<p>&nbsp;<\/p>\n<p><strong>Ist das gemeint, wenn Leute sagen, man bekomme ja auch so viel zur\u00fcck?<\/strong><\/p>\n<p>https:\/\/twitter.com\/Pfaelzerin96\/status\/973992510640009230<\/p>\n<div class=\"dbsm-oembed\">\n<blockquote class=\"twitter-tweet\" data-width=\"500\" data-dnt=\"true\">\n<p lang=\"de\" dir=\"ltr\">&quot;Neue Hose, Frau Brune?&quot; <br \/>&quot;Jawohl!&quot; <br \/>&quot;Find&#39; ich geil, dass Sie drauf schei\u00dfen, was andere denken!&quot;<\/p>\n<p>&mdash; Kerstin Brune @kerstinbrune.bsky.social (@BruneKerstin) <a href=\"https:\/\/twitter.com\/BruneKerstin\/status\/1105354291357859841?ref_src=twsrc%5Etfw\">March 12, 2019<\/a><\/p><\/blockquote>\n<p><script async src=\"https:\/\/platform.twitter.com\/widgets.js\" charset=\"utf-8\"><\/script><\/div>\n<p>&nbsp;<\/p>\n<p><strong>Leidenschaftliche Besserwisser kommen bei diesem Job voll und ganz auf ihre Kosten.<\/strong><\/p>\n<div class=\"dbsm-oembed\">\n<blockquote class=\"twitter-tweet\" data-width=\"500\" data-dnt=\"true\">\n<p lang=\"de\" dir=\"ltr\">Nach dem Austeilen der Klassenarbeit.<\/p>\n<p>Ich: &quot;So, und weil das Fragenstellen vor der Klassenarbeit sonst immer so ausartet, d\u00fcrft ihr zur KA nur 5 Fragen stellen.&quot;<\/p>\n<p>Sch\u00fcler: &quot;Echt jetzt &#8211; Ihr Ernst?&quot;<\/p>\n<p>Ich: &quot;Noch 4 Fragen&#8230;&quot;<a href=\"https:\/\/twitter.com\/hashtag\/Lehrerleben?src=hash&amp;ref_src=twsrc%5Etfw\">#Lehrerleben<\/a><\/p>\n<p>&mdash; Tina Absurd (@AbsurdistanNow) <a href=\"https:\/\/twitter.com\/AbsurdistanNow\/status\/1073893365018693637?ref_src=twsrc%5Etfw\">December 15, 2018<\/a><\/p><\/blockquote>\n<p><script async src=\"https:\/\/platform.twitter.com\/widgets.js\" charset=\"utf-8\"><\/script><\/div>\n<p>&nbsp;<\/p>\n<p><strong>Solange sie nicht mit ihren eigenen Waffen geschlagen werden.<\/strong><\/p>\n<div class=\"dbsm-oembed\">\n<blockquote class=\"twitter-tweet\" data-width=\"500\" data-dnt=\"true\">\n<p lang=\"de\" dir=\"ltr\">&quot;Herr Lehrer, wie alt sind Sie?&quot;<\/p>\n<p>&quot;62&quot;<\/p>\n<p>&quot;62 was? Birnen? \u00c4pfel? Kaugummis?&quot;<\/p>\n<p>&mdash; n\u00e6hrstff (@naehrstff) <a href=\"https:\/\/twitter.com\/naehrstff\/status\/731764698220249088?ref_src=twsrc%5Etfw\">May 15, 2016<\/a><\/p><\/blockquote>\n<p><script async src=\"https:\/\/platform.twitter.com\/widgets.js\" charset=\"utf-8\"><\/script><\/div>\n<p>&nbsp;<\/p>\n<p><strong>Meistens sitzen Lehrer aber letztendlich doch am l\u00e4ngeren Hebel.<\/strong><\/p>\n<div class=\"dbsm-oembed\">\n<blockquote class=\"twitter-tweet\" data-width=\"500\" data-dnt=\"true\">\n<p lang=\"de\" dir=\"ltr\">niemand:<\/p>\n<p>lehrer: ich habe 3 rotstifte f\u00fcr eure arbeit verbraucht<\/p>\n<p>&mdash; corli soprano (@baudrillardbae) <a href=\"https:\/\/twitter.com\/baudrillardbae\/status\/1402519628757282817?ref_src=twsrc%5Etfw\">June 9, 2021<\/a><\/p><\/blockquote>\n<p><script async src=\"https:\/\/platform.twitter.com\/widgets.js\" charset=\"utf-8\"><\/script><\/div>\n<p>&nbsp;<\/p>\n<p><strong>Man braucht aber oft auch ein ganz sch\u00f6n dickes Fell.<\/strong><\/p>\n<p>https:\/\/twitter.com\/Herzmolekuel\/status\/1103659986855575552<\/p>\n<p>&nbsp;<\/p>\n<p><strong>Und &#8217;ne gute Strategie, wenn&#8217;s mal nicht so ideal l\u00e4uft.<\/strong><\/p>\n<p><video src=\"https:\/\/www.thebestsocial.media\/de\/wp-content\/uploads\/tiktok\/6967330792758349062.mp4\" controls width=\"623\" height=\"1108\" style=\"border:0; height:90vh; width:50.625000vh;\"><\/video><\/p>\n<p>&nbsp;<\/p>\n<p><video src=\"https:\/\/www.thebestsocial.media\/de\/wp-content\/uploads\/tiktok\/6945812276351864069.mp4\" controls width=\"623\" height=\"1108\" style=\"border:0; height:90vh; width:50.625000vh;\"><\/video><\/p>\n<p><a href=\"mailto:dion@thebest.social\"><img loading=\"lazy\" decoding=\"async\" class=\"alignnone size-large wp-image-144565\" src=\"https:\/\/www.thebestsocial.media\/de\/wp-content\/uploads\/sites\/3\/2021\/04\/Studio-Promo-Banner-1024x538.png\" alt=\"\" width=\"1024\" height=\"538\" srcset=\"https:\/\/www.thebestsocial.media\/de\/wp-content\/uploads\/sites\/3\/2021\/04\/Studio-Promo-Banner-1024x538.png 1024w, https:\/\/www.thebestsocial.media\/de\/wp-content\/uploads\/sites\/3\/2021\/04\/Studio-Promo-Banner-300x158.png 300w, https:\/\/www.thebestsocial.media\/de\/wp-content\/uploads\/sites\/3\/2021\/04\/Studio-Promo-Banner-768x403.png 768w, https:\/\/www.thebestsocial.media\/de\/wp-content\/uploads\/sites\/3\/2021\/04\/Studio-Promo-Banner.png 1200w\" sizes=\"auto, (max-width: 1024px) 100vw, 1024px\" \/><\/a><\/p>\n<p>\u2014<br \/>\nVielen Dank an alle f\u00fcr die Posts.<br \/>\n\u2014<br \/>\n<strong>Keine Influencer! Kein Foodporn! Nur ganz viel Spa\u00df \u2013 bei uns auf Instagram:<\/strong><\/p>\n<blockquote class=\"instagram-media\" style=\"background: #FFF; border: 0; border-radius: 3px; box-shadow: 0 0 1px 0 rgba(0,0,0,0.5),0 1px 10px 0 rgba(0,0,0,0.15); margin: 1px; max-width: 540px; min-width: 326px; padding: 0; width: calc(100% - 2px);\" data-instgrm-captioned=\"\" data-instgrm-permalink=\"https:\/\/www.instagram.com\/p\/CQQXAaEAYgP\/?utm_source=ig_embed&amp;utm_campaign=loading\" data-instgrm-version=\"13\">\n<div style=\"padding: 16px;\">\n<p>&nbsp;<\/p>\n<div style=\"display: flex; flex-direction: row; align-items: center;\">\n<div style=\"background-color: #f4f4f4; border-radius: 50%; flex-grow: 0; height: 40px; margin-right: 14px; width: 40px;\"><\/div>\n<div style=\"display: flex; flex-direction: column; flex-grow: 1; justify-content: center;\">\n<div style=\"background-color: #f4f4f4; border-radius: 4px; flex-grow: 0; height: 14px; margin-bottom: 6px; width: 100px;\"><\/div>\n<div style=\"background-color: #f4f4f4; border-radius: 4px; flex-grow: 0; height: 14px; width: 60px;\"><\/div>\n<\/div>\n<\/div>\n<div style=\"padding: 19% 0;\"><\/div>\n<div style=\"display: block; height: 50px; margin: 0 auto 12px; width: 50px;\"><\/div>\n<div style=\"padding-top: 8px;\">\n<div style=\"color: #3897f0; font-family: Arial,sans-serif; font-size: 14px; font-style: normal; font-weight: 550; line-height: 18px;\">Sieh dir diesen Beitrag auf Instagram an<\/div>\n<\/div>\n<div style=\"padding: 12.5% 0;\"><\/div>\n<div style=\"display: flex; flex-direction: row; margin-bottom: 14px; align-items: center;\">\n<div>\n<div style=\"background-color: #f4f4f4; border-radius: 50%; height: 12.5px; width: 12.5px; transform: translateX(0px) translateY(7px);\"><\/div>\n<div style=\"background-color: #f4f4f4; height: 12.5px; transform: rotate(-45deg) translateX(3px) translateY(1px); width: 12.5px; flex-grow: 0; margin-right: 14px; margin-left: 2px;\"><\/div>\n<div style=\"background-color: #f4f4f4; border-radius: 50%; height: 12.5px; width: 12.5px; transform: translateX(9px) translateY(-18px);\"><\/div>\n<\/div>\n<div style=\"margin-left: 8px;\">\n<div style=\"background-color: #f4f4f4; border-radius: 50%; flex-grow: 0; height: 20px; width: 20px;\"><\/div>\n<div style=\"width: 0; height: 0; border-top: 2px solid transparent; border-left: 6px solid #f4f4f4; border-bottom: 2px solid transparent; transform: translateX(16px) translateY(-4px) rotate(30deg);\"><\/div>\n<\/div>\n<div style=\"margin-left: auto;\">\n<div style=\"width: 0px; border-top: 8px solid #F4F4F4; border-right: 8px solid transparent; transform: translateY(16px);\"><\/div>\n<div style=\"background-color: #f4f4f4; flex-grow: 0; height: 12px; width: 16px; transform: translateY(-4px);\"><\/div>\n<div style=\"width: 0; height: 0; border-top: 8px solid #F4F4F4; border-left: 8px solid transparent; transform: translateY(-4px) translateX(8px);\"><\/div>\n<\/div>\n<\/div>\n<div style=\"display: flex; flex-direction: column; flex-grow: 1; justify-content: center; margin-bottom: 24px;\">\n<div style=\"background-color: #f4f4f4; border-radius: 4px; flex-grow: 0; height: 14px; margin-bottom: 6px; width: 224px;\"><\/div>\n<div style=\"background-color: #f4f4f4; border-radius: 4px; flex-grow: 0; height: 14px; width: 144px;\"><\/div>\n<\/div>\n<p>&nbsp;<\/p>\n<p style=\"color: #c9c8cd; font-family: Arial,sans-serif; font-size: 14px; line-height: 17px; margin-bottom: 0; margin-top: 8px; overflow: hidden; padding: 8px 0 7px; text-align: center; text-overflow: ellipsis; white-space: nowrap;\"><a style=\"color: #c9c8cd; font-family: Arial,sans-serif; font-size: 14px; font-style: normal; font-weight: normal; line-height: 17px; text-decoration: none;\" href=\"https:\/\/www.instagram.com\/p\/CQQXAaEAYgP\/?utm_source=ig_embed&amp;utm_campaign=loading\" target=\"_blank\" rel=\"noopener\">Ein Beitrag geteilt von The Best Social Media &#8211; DE (@thebestsocialmediade)<\/a><\/p>\n<\/div>\n<\/blockquote>\n\n<script async defer src=\"\/instagram-embed.js\"><\/script>","protected":false},"excerpt":{"rendered":"<p>Die Sommerferien sind nicht mehr fern und werden vermutlich von Sch\u00fclern wie Lehrern gleicherma\u00dfen herbeigesehnt. Es war ja auch wirklich nicht einfach in letzter Zeit&#8230;.<\/p>\n","protected":false},"author":73,"featured_media":146859,"comment_status":"open","ping_status":"open","sticky":false,"template":"","format":"standard","meta":{"_acf_changed":false,"footnotes":""},"categories":[1728],"tags":[748,1563,3211],"class_list":["post-146810","post","type-post","status-publish","format-standard","has-post-thumbnail","hentry","category-humor","tag-lehrer","tag-schule","tag-unterricht"],"acf":[],"yoast_head":"<!-- This site is optimized with the Yoast SEO plugin v27.5 - https:\/\/yoast.com\/product\/yoast-seo-wordpress\/ -->\n<title>Ich beende die Stunde! Posts \u00fcber den Alltag als Lehrer<\/title>\n<meta name=\"robots\" content=\"index, follow, max-snippet:-1, max-image-preview:large, max-video-preview:-1\" \/>\n<link rel=\"canonical\" href=\"https:\/\/www.thebestsocial.media\/de\/12-aepfel-birnen-nein-posts-ueber-den-alltag-als-lehrer\/\" \/>\n<meta property=\"og:locale\" content=\"de_DE\" \/>\n<meta property=\"og:type\" content=\"article\" \/>\n<meta property=\"og:title\" content=\"Ich beende die Stunde! Posts \u00fcber den Alltag als Lehrer\" \/>\n<meta property=\"og:description\" content=\"Die Sommerferien sind nicht mehr fern und werden vermutlich von Sch\u00fclern wie Lehrern gleicherma\u00dfen herbeigesehnt. Es war ja auch wirklich nicht einfach in letzter Zeit....\" \/>\n<meta property=\"og:url\" content=\"https:\/\/www.thebestsocial.media\/de\/12-aepfel-birnen-nein-posts-ueber-den-alltag-als-lehrer\/\" \/>\n<meta property=\"og:site_name\" content=\"The Best Social Media DE\" \/>\n<meta property=\"article:published_time\" content=\"2021-06-18T13:57:49+00:00\" \/>\n<meta property=\"og:image\" content=\"https:\/\/www.thebestsocial.media\/de\/wp-content\/uploads\/sites\/3\/2021\/06\/header-lehrer1.png\" \/>\n\t<meta property=\"og:image:width\" content=\"1200\" \/>\n\t<meta property=\"og:image:height\" content=\"630\" \/>\n\t<meta property=\"og:image:type\" content=\"image\/png\" \/>\n<meta name=\"author\" content=\"Helene Mei\u00dfner\" \/>\n<meta name=\"twitter:card\" content=\"summary_large_image\" \/>\n<meta name=\"twitter:label1\" content=\"Verfasst von\" \/>\n\t<meta name=\"twitter:data1\" content=\"Helene Mei\u00dfner\" \/>\n\t<meta name=\"twitter:label2\" content=\"Gesch\u00e4tzte Lesezeit\" \/>\n\t<meta name=\"twitter:data2\" content=\"2\u00a0Minuten\" \/>\n<script type=\"application\/ld+json\" class=\"yoast-schema-graph\">{\"@context\":\"https:\\\/\\\/schema.org\",\"@graph\":[{\"@type\":\"Article\",\"@id\":\"https:\\\/\\\/www.thebestsocial.media\\\/de\\\/12-aepfel-birnen-nein-posts-ueber-den-alltag-als-lehrer\\\/#article\",\"isPartOf\":{\"@id\":\"https:\\\/\\\/www.thebestsocial.media\\\/de\\\/12-aepfel-birnen-nein-posts-ueber-den-alltag-als-lehrer\\\/\"},\"author\":{\"name\":\"Helene Mei\u00dfner\",\"@id\":\"https:\\\/\\\/www.thebestsocial.media\\\/de\\\/#\\\/schema\\\/person\\\/6267acc046505b90b912687a039220df\"},\"headline\":\"12 \u00c4pfel? Birnen? Nein &#8211; Posts \u00fcber den Alltag als Lehrer\",\"datePublished\":\"2021-06-18T13:57:49+00:00\",\"mainEntityOfPage\":{\"@id\":\"https:\\\/\\\/www.thebestsocial.media\\\/de\\\/12-aepfel-birnen-nein-posts-ueber-den-alltag-als-lehrer\\\/\"},\"wordCount\":292,\"commentCount\":0,\"image\":{\"@id\":\"https:\\\/\\\/www.thebestsocial.media\\\/de\\\/12-aepfel-birnen-nein-posts-ueber-den-alltag-als-lehrer\\\/#primaryimage\"},\"thumbnailUrl\":\"https:\\\/\\\/www.thebestsocial.media\\\/de\\\/wp-content\\\/uploads\\\/sites\\\/3\\\/2021\\\/06\\\/bag-1868758_1920.jpg\",\"keywords\":[\"lehrer\",\"schule\",\"Unterricht\"],\"articleSection\":[\"Humor\"],\"inLanguage\":\"de\",\"potentialAction\":[{\"@type\":\"CommentAction\",\"name\":\"Comment\",\"target\":[\"https:\\\/\\\/www.thebestsocial.media\\\/de\\\/12-aepfel-birnen-nein-posts-ueber-den-alltag-als-lehrer\\\/#respond\"]}]},{\"@type\":\"WebPage\",\"@id\":\"https:\\\/\\\/www.thebestsocial.media\\\/de\\\/12-aepfel-birnen-nein-posts-ueber-den-alltag-als-lehrer\\\/\",\"url\":\"https:\\\/\\\/www.thebestsocial.media\\\/de\\\/12-aepfel-birnen-nein-posts-ueber-den-alltag-als-lehrer\\\/\",\"name\":\"Ich beende die Stunde! Posts \u00fcber den Alltag als Lehrer\",\"isPartOf\":{\"@id\":\"https:\\\/\\\/www.thebestsocial.media\\\/de\\\/#website\"},\"primaryImageOfPage\":{\"@id\":\"https:\\\/\\\/www.thebestsocial.media\\\/de\\\/12-aepfel-birnen-nein-posts-ueber-den-alltag-als-lehrer\\\/#primaryimage\"},\"image\":{\"@id\":\"https:\\\/\\\/www.thebestsocial.media\\\/de\\\/12-aepfel-birnen-nein-posts-ueber-den-alltag-als-lehrer\\\/#primaryimage\"},\"thumbnailUrl\":\"https:\\\/\\\/www.thebestsocial.media\\\/de\\\/wp-content\\\/uploads\\\/sites\\\/3\\\/2021\\\/06\\\/bag-1868758_1920.jpg\",\"datePublished\":\"2021-06-18T13:57:49+00:00\",\"author\":{\"@id\":\"https:\\\/\\\/www.thebestsocial.media\\\/de\\\/#\\\/schema\\\/person\\\/6267acc046505b90b912687a039220df\"},\"breadcrumb\":{\"@id\":\"https:\\\/\\\/www.thebestsocial.media\\\/de\\\/12-aepfel-birnen-nein-posts-ueber-den-alltag-als-lehrer\\\/#breadcrumb\"},\"inLanguage\":\"de\",\"potentialAction\":[{\"@type\":\"ReadAction\",\"target\":[\"https:\\\/\\\/www.thebestsocial.media\\\/de\\\/12-aepfel-birnen-nein-posts-ueber-den-alltag-als-lehrer\\\/\"]}]},{\"@type\":\"ImageObject\",\"inLanguage\":\"de\",\"@id\":\"https:\\\/\\\/www.thebestsocial.media\\\/de\\\/12-aepfel-birnen-nein-posts-ueber-den-alltag-als-lehrer\\\/#primaryimage\",\"url\":\"https:\\\/\\\/www.thebestsocial.media\\\/de\\\/wp-content\\\/uploads\\\/sites\\\/3\\\/2021\\\/06\\\/bag-1868758_1920.jpg\",\"contentUrl\":\"https:\\\/\\\/www.thebestsocial.media\\\/de\\\/wp-content\\\/uploads\\\/sites\\\/3\\\/2021\\\/06\\\/bag-1868758_1920.jpg\",\"width\":1920,\"height\":1281},{\"@type\":\"BreadcrumbList\",\"@id\":\"https:\\\/\\\/www.thebestsocial.media\\\/de\\\/12-aepfel-birnen-nein-posts-ueber-den-alltag-als-lehrer\\\/#breadcrumb\",\"itemListElement\":[{\"@type\":\"ListItem\",\"position\":1,\"name\":\"Home\",\"item\":\"https:\\\/\\\/www.thebestsocial.media\\\/de\\\/\"},{\"@type\":\"ListItem\",\"position\":2,\"name\":\"12 \u00c4pfel? Birnen? Nein &#8211; Posts \u00fcber den Alltag als Lehrer\"}]},{\"@type\":\"WebSite\",\"@id\":\"https:\\\/\\\/www.thebestsocial.media\\\/de\\\/#website\",\"url\":\"https:\\\/\\\/www.thebestsocial.media\\\/de\\\/\",\"name\":\"The Best Social Media DE\",\"description\":\"\",\"potentialAction\":[{\"@type\":\"SearchAction\",\"target\":{\"@type\":\"EntryPoint\",\"urlTemplate\":\"https:\\\/\\\/www.thebestsocial.media\\\/de\\\/?s={search_term_string}\"},\"query-input\":{\"@type\":\"PropertyValueSpecification\",\"valueRequired\":true,\"valueName\":\"search_term_string\"}}],\"inLanguage\":\"de\"},{\"@type\":\"Person\",\"@id\":\"https:\\\/\\\/www.thebestsocial.media\\\/de\\\/#\\\/schema\\\/person\\\/6267acc046505b90b912687a039220df\",\"name\":\"Helene Mei\u00dfner\",\"image\":{\"@type\":\"ImageObject\",\"inLanguage\":\"de\",\"@id\":\"https:\\\/\\\/secure.gravatar.com\\\/avatar\\\/6639fc0397860ac2c2e11b018c1f14be4a46c2378a91ac1b35730b724675daa8?s=96&d=mm&r=g\",\"url\":\"https:\\\/\\\/secure.gravatar.com\\\/avatar\\\/6639fc0397860ac2c2e11b018c1f14be4a46c2378a91ac1b35730b724675daa8?s=96&d=mm&r=g\",\"contentUrl\":\"https:\\\/\\\/secure.gravatar.com\\\/avatar\\\/6639fc0397860ac2c2e11b018c1f14be4a46c2378a91ac1b35730b724675daa8?s=96&d=mm&r=g\",\"caption\":\"Helene Mei\u00dfner\"},\"description\":\"Kommt aus Berlin und hat dementsprechend nat\u00fcrlich irgendwas mit Medien studiert. Verlegt oft Dinge, w\u00e4hrend sie sie in der Hand h\u00e4lt. Findet Kauger\u00e4usche unausstehlich. Hat eine Schw\u00e4che f\u00fcr Glitzer und immer mindestens 50 Tabs offen.\",\"sameAs\":[\"https:\\\/\\\/www.instagram.com\\\/he.leni\\\/\"],\"url\":\"https:\\\/\\\/www.thebestsocial.media\\\/de\\\/author\\\/helenemeissner\\\/\"}]}<\/script>\n<!-- \/ Yoast SEO plugin. -->","yoast_head_json":{"title":"Ich beende die Stunde! Posts \u00fcber den Alltag als Lehrer","robots":{"index":"index","follow":"follow","max-snippet":"max-snippet:-1","max-image-preview":"max-image-preview:large","max-video-preview":"max-video-preview:-1"},"canonical":"https:\/\/www.thebestsocial.media\/de\/12-aepfel-birnen-nein-posts-ueber-den-alltag-als-lehrer\/","og_locale":"de_DE","og_type":"article","og_title":"Ich beende die Stunde! Posts \u00fcber den Alltag als Lehrer","og_description":"Die Sommerferien sind nicht mehr fern und werden vermutlich von Sch\u00fclern wie Lehrern gleicherma\u00dfen herbeigesehnt. Es war ja auch wirklich nicht einfach in letzter Zeit....","og_url":"https:\/\/www.thebestsocial.media\/de\/12-aepfel-birnen-nein-posts-ueber-den-alltag-als-lehrer\/","og_site_name":"The Best Social Media DE","article_published_time":"2021-06-18T13:57:49+00:00","og_image":[{"width":1200,"height":630,"url":"https:\/\/www.thebestsocial.media\/de\/wp-content\/uploads\/sites\/3\/2021\/06\/header-lehrer1.png","type":"image\/png"}],"author":"Helene Mei\u00dfner","twitter_card":"summary_large_image","twitter_misc":{"Verfasst von":"Helene Mei\u00dfner","Gesch\u00e4tzte Lesezeit":"2\u00a0Minuten"},"schema":{"@context":"https:\/\/schema.org","@graph":[{"@type":"Article","@id":"https:\/\/www.thebestsocial.media\/de\/12-aepfel-birnen-nein-posts-ueber-den-alltag-als-lehrer\/#article","isPartOf":{"@id":"https:\/\/www.thebestsocial.media\/de\/12-aepfel-birnen-nein-posts-ueber-den-alltag-als-lehrer\/"},"author":{"name":"Helene Mei\u00dfner","@id":"https:\/\/www.thebestsocial.media\/de\/#\/schema\/person\/6267acc046505b90b912687a039220df"},"headline":"12 \u00c4pfel? Birnen? Nein &#8211; Posts \u00fcber den Alltag als Lehrer","datePublished":"2021-06-18T13:57:49+00:00","mainEntityOfPage":{"@id":"https:\/\/www.thebestsocial.media\/de\/12-aepfel-birnen-nein-posts-ueber-den-alltag-als-lehrer\/"},"wordCount":292,"commentCount":0,"image":{"@id":"https:\/\/www.thebestsocial.media\/de\/12-aepfel-birnen-nein-posts-ueber-den-alltag-als-lehrer\/#primaryimage"},"thumbnailUrl":"https:\/\/www.thebestsocial.media\/de\/wp-content\/uploads\/sites\/3\/2021\/06\/bag-1868758_1920.jpg","keywords":["lehrer","schule","Unterricht"],"articleSection":["Humor"],"inLanguage":"de","potentialAction":[{"@type":"CommentAction","name":"Comment","target":["https:\/\/www.thebestsocial.media\/de\/12-aepfel-birnen-nein-posts-ueber-den-alltag-als-lehrer\/#respond"]}]},{"@type":"WebPage","@id":"https:\/\/www.thebestsocial.media\/de\/12-aepfel-birnen-nein-posts-ueber-den-alltag-als-lehrer\/","url":"https:\/\/www.thebestsocial.media\/de\/12-aepfel-birnen-nein-posts-ueber-den-alltag-als-lehrer\/","name":"Ich beende die Stunde! Posts \u00fcber den Alltag als Lehrer","isPartOf":{"@id":"https:\/\/www.thebestsocial.media\/de\/#website"},"primaryImageOfPage":{"@id":"https:\/\/www.thebestsocial.media\/de\/12-aepfel-birnen-nein-posts-ueber-den-alltag-als-lehrer\/#primaryimage"},"image":{"@id":"https:\/\/www.thebestsocial.media\/de\/12-aepfel-birnen-nein-posts-ueber-den-alltag-als-lehrer\/#primaryimage"},"thumbnailUrl":"https:\/\/www.thebestsocial.media\/de\/wp-content\/uploads\/sites\/3\/2021\/06\/bag-1868758_1920.jpg","datePublished":"2021-06-18T13:57:49+00:00","author":{"@id":"https:\/\/www.thebestsocial.media\/de\/#\/schema\/person\/6267acc046505b90b912687a039220df"},"breadcrumb":{"@id":"https:\/\/www.thebestsocial.media\/de\/12-aepfel-birnen-nein-posts-ueber-den-alltag-als-lehrer\/#breadcrumb"},"inLanguage":"de","potentialAction":[{"@type":"ReadAction","target":["https:\/\/www.thebestsocial.media\/de\/12-aepfel-birnen-nein-posts-ueber-den-alltag-als-lehrer\/"]}]},{"@type":"ImageObject","inLanguage":"de","@id":"https:\/\/www.thebestsocial.media\/de\/12-aepfel-birnen-nein-posts-ueber-den-alltag-als-lehrer\/#primaryimage","url":"https:\/\/www.thebestsocial.media\/de\/wp-content\/uploads\/sites\/3\/2021\/06\/bag-1868758_1920.jpg","contentUrl":"https:\/\/www.thebestsocial.media\/de\/wp-content\/uploads\/sites\/3\/2021\/06\/bag-1868758_1920.jpg","width":1920,"height":1281},{"@type":"BreadcrumbList","@id":"https:\/\/www.thebestsocial.media\/de\/12-aepfel-birnen-nein-posts-ueber-den-alltag-als-lehrer\/#breadcrumb","itemListElement":[{"@type":"ListItem","position":1,"name":"Home","item":"https:\/\/www.thebestsocial.media\/de\/"},{"@type":"ListItem","position":2,"name":"12 \u00c4pfel? Birnen? Nein &#8211; Posts \u00fcber den Alltag als Lehrer"}]},{"@type":"WebSite","@id":"https:\/\/www.thebestsocial.media\/de\/#website","url":"https:\/\/www.thebestsocial.media\/de\/","name":"The Best Social Media DE","description":"","potentialAction":[{"@type":"SearchAction","target":{"@type":"EntryPoint","urlTemplate":"https:\/\/www.thebestsocial.media\/de\/?s={search_term_string}"},"query-input":{"@type":"PropertyValueSpecification","valueRequired":true,"valueName":"search_term_string"}}],"inLanguage":"de"},{"@type":"Person","@id":"https:\/\/www.thebestsocial.media\/de\/#\/schema\/person\/6267acc046505b90b912687a039220df","name":"Helene Mei\u00dfner","image":{"@type":"ImageObject","inLanguage":"de","@id":"https:\/\/secure.gravatar.com\/avatar\/6639fc0397860ac2c2e11b018c1f14be4a46c2378a91ac1b35730b724675daa8?s=96&d=mm&r=g","url":"https:\/\/secure.gravatar.com\/avatar\/6639fc0397860ac2c2e11b018c1f14be4a46c2378a91ac1b35730b724675daa8?s=96&d=mm&r=g","contentUrl":"https:\/\/secure.gravatar.com\/avatar\/6639fc0397860ac2c2e11b018c1f14be4a46c2378a91ac1b35730b724675daa8?s=96&d=mm&r=g","caption":"Helene Mei\u00dfner"},"description":"Kommt aus Berlin und hat dementsprechend nat\u00fcrlich irgendwas mit Medien studiert. Verlegt oft Dinge, w\u00e4hrend sie sie in der Hand h\u00e4lt. Findet Kauger\u00e4usche unausstehlich. Hat eine Schw\u00e4che f\u00fcr Glitzer und immer mindestens 50 Tabs offen.","sameAs":["https:\/\/www.instagram.com\/he.leni\/"],"url":"https:\/\/www.thebestsocial.media\/de\/author\/helenemeissner\/"}]}},"amp_enabled":true,"_links":{"self":[{"href":"https:\/\/www.thebestsocial.media\/de\/wp-json\/wp\/v2\/posts\/146810","targetHints":{"allow":["GET"]}}],"collection":[{"href":"https:\/\/www.thebestsocial.media\/de\/wp-json\/wp\/v2\/posts"}],"about":[{"href":"https:\/\/www.thebestsocial.media\/de\/wp-json\/wp\/v2\/types\/post"}],"author":[{"embeddable":true,"href":"https:\/\/www.thebestsocial.media\/de\/wp-json\/wp\/v2\/users\/73"}],"replies":[{"embeddable":true,"href":"https:\/\/www.thebestsocial.media\/de\/wp-json\/wp\/v2\/comments?post=146810"}],"version-history":[{"count":14,"href":"https:\/\/www.thebestsocial.media\/de\/wp-json\/wp\/v2\/posts\/146810\/revisions"}],"predecessor-version":[{"id":146857,"href":"https:\/\/www.thebestsocial.media\/de\/wp-json\/wp\/v2\/posts\/146810\/revisions\/146857"}],"wp:featuredmedia":[{"embeddable":true,"href":"https:\/\/www.thebestsocial.media\/de\/wp-json\/wp\/v2\/media\/146859"}],"wp:attachment":[{"href":"https:\/\/www.thebestsocial.media\/de\/wp-json\/wp\/v2\/media?parent=146810"}],"wp:term":[{"taxonomy":"category","embeddable":true,"href":"https:\/\/www.thebestsocial.media\/de\/wp-json\/wp\/v2\/categories?post=146810"},{"taxonomy":"post_tag","embeddable":true,"href":"https:\/\/www.thebestsocial.media\/de\/wp-json\/wp\/v2\/tags?post=146810"}],"curies":[{"name":"wp","href":"https:\/\/api.w.org\/{rel}","templated":true}]}}