{"id":145636,"date":"2021-05-19T10:33:03","date_gmt":"2021-05-19T10:33:03","guid":{"rendered":"https:\/\/www.thebestsocial.media\/de\/?p=145636"},"modified":"2021-05-19T10:44:30","modified_gmt":"2021-05-19T10:44:30","slug":"trinkwasserknappheit-in-deutschland-kaffeecup-prognostiziert-die-reaktionen","status":"publish","type":"post","link":"https:\/\/www.thebestsocial.media\/de\/trinkwasserknappheit-in-deutschland-kaffeecup-prognostiziert-die-reaktionen\/","title":{"rendered":"So k\u00f6nnte es aussehen, wenn in Deutschland das Trinkwasser knapp wird"},"content":{"rendered":"<p>Momentan ist oft die Rede davon, die Corona-Krise habe sichtbar gemacht, was eigentlich so alles schiefl\u00e4uft in der Gesellschaft und der Politik und \u00fcberhaupt. Mag sein, aber wenn wir ehrlich sind, war da jetzt auch nichts so richtig \u00fcberraschendes dabei, oder?\u00a0 Das Verhalten der Regierung und einzelner Politiker:innen rief oft Kritik hervor, und zwar aus s\u00e4mtlichen politischen Richtungen. Nun gut, zumindest ist ein Ende der Pandemie jetzt, trotz aller R\u00fcckschl\u00e4ge, tats\u00e4chlich so langsam in Sicht. Und auch wenn das nat\u00fcrlich erst einmal Grund zur Erleichterung und Freude ist, sieht es doch schwer danach aus, dass es damit krisentechnisch leider l\u00e4ngst nicht getan ist. Vor allem der Klimawandel wird ein immer dr\u00e4ngenderes Problem, das Bundesamt f\u00fcr Bev\u00f6lkerungsschutz und Katastrophenhilfe warnte unl\u00e4ngst vor einer m\u00f6glichen Trinkwasserknappheit in Deutschland.\u00a0 Auf die n\u00e4chste Krise m\u00fcsste doch aber theoretisch effizienter gel\u00f6st werden k\u00f6nnen, zumal sie schon fr\u00fcher absehbar ist? Das w\u00e4re doch nur logisch. Twitter-User <a href=\"https:\/\/twitter.com\/kaffeecup\" target=\"_blank\" rel=\"noopener\">@kaffeecup<\/a> hat in einem Thread mal prognostiziert, wie mit einer m\u00f6gliche Wasserkrise umgegangen werden w\u00fcrde. Und sagen wir mal so: Hoffentlich liegt er falsch&#8230;<\/p>\n<p><strong>Erster Gedanke direkt total verr\u00fcckt: Wie w\u00e4r&#8217;s mit Pr\u00e4vention?<\/strong><\/p>\n<div class=\"dbsm-oembed\">\n<blockquote class=\"twitter-tweet\" data-width=\"500\" data-dnt=\"true\">\n<p lang=\"de\" dir=\"ltr\">Deutschland, Mai 2021. Das Bundesamt f\u00fcr Bev\u00f6lkerungsschutz und Katastrophenhilfe warnt vor Trinkwasserknappheit. Ein Thread:<\/p>\n<p>Virologinnen und Virologen: &quot;Wenn wir jetzt alle gemeinsam Wasser sparen und Trinkwasserbrunnen sanieren, k\u00f6nnen wir das Schlimmste verhindern!&quot;<\/p>\n<p>&mdash; Kaffeecup (@kaffeecup) <a href=\"https:\/\/twitter.com\/kaffeecup\/status\/1394640565472571399?ref_src=twsrc%5Etfw\">May 18, 2021<\/a><\/p><\/blockquote>\n<p><script async src=\"https:\/\/platform.twitter.com\/widgets.js\" charset=\"utf-8\"><\/script><\/div>\n<p>&nbsp;<\/p>\n<p><strong>Oder lieber noch bisschen abwarten, mal gucken wie&#8217;s so l\u00e4uft?<\/strong><\/p>\n<blockquote class=\"twitter-tweet\" data-conversation=\"none\">\n<p dir=\"ltr\" lang=\"de\">Kanzlerin Angela Merkel: &#8222;Ich appelliere: Bitte im ganzen Land Wasser sparen und notwendige Ma\u00dfnahmen einleiten!&#8220;<\/p>\n<p>Hendrik Streek: &#8222;Es wird keine Wasserknappheit geben! Und selbst wenn, m\u00fcssen wir nur die Freib\u00e4der sch\u00fctzen!&#8220;<\/p>\n<p>\u2014 Kaffeecup (@kaffeecup) <a href=\"https:\/\/twitter.com\/kaffeecup\/status\/1394640566651084810?ref_src=twsrc%5Etfw\">May 18, 2021<\/a><\/p><\/blockquote>\n<p><script async src=\"https:\/\/platform.twitter.com\/widgets.js\" charset=\"utf-8\"><\/script><\/p>\n<p>&nbsp;<\/p>\n<blockquote class=\"twitter-tweet\" data-conversation=\"none\">\n<p dir=\"ltr\" lang=\"de\">Saarland: &#8222;Wir starten heute mit der Modellregion \u00bb\u00dcberleben auch ohne Wasser\u00ab&#8220;<\/p>\n<p>Beatrix von Storch (AfD): &#8222;Wir sollten dem Wasser erkl\u00e4ren, dass es nicht so knapp werden soll!&#8220;<\/p>\n<p>\u2014 Kaffeecup (@kaffeecup) <a href=\"https:\/\/twitter.com\/kaffeecup\/status\/1394640567896887297?ref_src=twsrc%5Etfw\">May 18, 2021<\/a><\/p><\/blockquote>\n<p><script async src=\"https:\/\/platform.twitter.com\/widgets.js\" charset=\"utf-8\"><\/script><\/p>\n<p>&nbsp;<\/p>\n<blockquote class=\"twitter-tweet\" data-conversation=\"none\">\n<p dir=\"ltr\" lang=\"de\">Ministerpr\u00e4sident*innen: &#8222;Wasserknappheit ist immer noch L\u00e4ndersache! Auf einen erneuten Wasser-Gipfel im Sommer werden wir ein gemeinschaftliches Vorgehen festlegen und anschlie\u00dfend macht wieder jeder was er m\u00f6chte.&#8220;<\/p>\n<p>Markus S\u00f6der (CSU): *umarmt ein Glas Wasser*<\/p>\n<p>\u2014 Kaffeecup (@kaffeecup) <a href=\"https:\/\/twitter.com\/kaffeecup\/status\/1394640569213890560?ref_src=twsrc%5Etfw\">May 18, 2021<\/a><\/p><\/blockquote>\n<p><script async src=\"https:\/\/platform.twitter.com\/widgets.js\" charset=\"utf-8\"><\/script><\/p>\n<p>&nbsp;<\/p>\n<p><strong>Ist Wasser vielleicht auch einfach langsam ein veraltetes Konzept?<\/strong><\/p>\n<blockquote class=\"twitter-tweet\" data-conversation=\"none\">\n<p dir=\"ltr\" lang=\"de\">Christian Lindner (FDP): &#8222;Verbote, den ganzen Tag das Wasser einfach laufen zu lassen, bringen niemanden weiter. Wasser ist auch nicht mehr zeitgem\u00e4\u00df, wir setzen da auf deutschen Erfindergeist!&#8220;<\/p>\n<p>Jens Spahn (CDU): &#8222;Im Sommer wird es gen\u00fcgend Wasser f\u00fcr alle geben!&#8220;<\/p>\n<p>\u2014 Kaffeecup (@kaffeecup) <a href=\"https:\/\/twitter.com\/kaffeecup\/status\/1394640570442727425?ref_src=twsrc%5Etfw\">May 18, 2021<\/a><\/p><\/blockquote>\n<p><script async src=\"https:\/\/platform.twitter.com\/widgets.js\" charset=\"utf-8\"><\/script><\/p>\n<p>&nbsp;<\/p>\n<blockquote class=\"twitter-tweet\" data-conversation=\"none\">\n<p dir=\"ltr\" lang=\"de\">Armin Laschet (CDU): &#8222;Mir sagen nicht irgendwelche Experten, ob ich den Wasserhahn laufen lassen soll oder nicht!&#8220;<\/p>\n<p>Die Gr\u00fcnen: &#8222;Robert Habeck setzt beim Haarewaschen schon heute komplett auf kalkfreies Wasser!&#8220;<\/p>\n<p>Hans-Georg Maa\u00dfen (CDU): &#8222;Eine Wasserknappheit findet nicht statt!&#8220;<\/p>\n<p>\u2014 Kaffeecup (@kaffeecup) <a href=\"https:\/\/twitter.com\/kaffeecup\/status\/1394640571902402565?ref_src=twsrc%5Etfw\">May 18, 2021<\/a><\/p><\/blockquote>\n<p><script async src=\"https:\/\/platform.twitter.com\/widgets.js\" charset=\"utf-8\"><\/script><\/p>\n<p>&nbsp;<\/p>\n<blockquote class=\"twitter-tweet\" data-conversation=\"none\">\n<p dir=\"ltr\" lang=\"de\">Julia Kl\u00f6ckner (CDU): &#8222;Ich kann besonders das in niedlich-s\u00fc\u00dfe Plastikfl\u00e4schchen abgef\u00fcllte Wasser von Nestl\u00e9 empfehlen. Die Landwirtschaft muss jedoch weiterhin so viel Wasser zur Verf\u00fcgung haben haben, wie sie m\u00f6chte. F\u00fcr private Haushalte denke ich da an eine Wasser-Ampel.&#8220;<\/p>\n<p>\u2014 Kaffeecup (@kaffeecup) <a href=\"https:\/\/twitter.com\/kaffeecup\/status\/1394640573592653832?ref_src=twsrc%5Etfw\">May 18, 2021<\/a><\/p><\/blockquote>\n<p><script async src=\"https:\/\/platform.twitter.com\/widgets.js\" charset=\"utf-8\"><\/script><\/p>\n<p>&nbsp;<\/p>\n<blockquote class=\"twitter-tweet\" data-conversation=\"none\">\n<p dir=\"ltr\" lang=\"de\">BILD: &#8222;Zugewanderter Wassermangel: Kommt jetzt der H2ORROR?!&#8220;<\/p>\n<p>Michael Kretschmer (CDU), nachdem er ein Jahr nach der Warnung einen leeren Stausee gesehen hat: &#8222;Wir haben die Wasserknappheit untersch\u00e4tzt. Da h\u00e4tte ich mir fr\u00fcher Warnungen gew\u00fcnscht! Sachsen sagt: Wasser marsch!&#8220;<\/p>\n<p>\u2014 Kaffeecup (@kaffeecup) <a href=\"https:\/\/twitter.com\/kaffeecup\/status\/1394640574804865024?ref_src=twsrc%5Etfw\">May 18, 2021<\/a><\/p><\/blockquote>\n<p><script async src=\"https:\/\/platform.twitter.com\/widgets.js\" charset=\"utf-8\"><\/script><\/p>\n<p>&nbsp;<\/p>\n<blockquote class=\"twitter-tweet\" data-conversation=\"none\">\n<p dir=\"ltr\" lang=\"de\">Werte-Union: &#8222;Wasserknappheit hin oder her, aber DIE LINKEN sind auch gef\u00e4hrlich und trinken Wasser!&#8220;<\/p>\n<p>Industrielle Massentierhaltung und Landwirtschaft: &#8222;Wir sind kein Wassermangel-Treiber!&#8220;<\/p>\n<p>SPD: &#8222;Irgendjemand m\u00fcsste mal was gegen diese steigende Wasserknappheit tun.&#8220;<\/p>\n<p>\u2014 Kaffeecup (@kaffeecup) <a href=\"https:\/\/twitter.com\/kaffeecup\/status\/1394640576025436166?ref_src=twsrc%5Etfw\">May 18, 2021<\/a><\/p><\/blockquote>\n<p><script async src=\"https:\/\/platform.twitter.com\/widgets.js\" charset=\"utf-8\"><\/script><\/p>\n<p>&nbsp;<\/p>\n<p><strong>Darwin-Award geht auch in eine neue Runde.<\/strong><\/p>\n<blockquote class=\"twitter-tweet\" data-conversation=\"none\">\n<p dir=\"ltr\" lang=\"de\">\u201eQuerdenker\u201c: &#8222;Wir leben l\u00e4ngst in einer Wasser-Diktatur, in der von \u201eda oben\u201c kein Wasser mehr kommt, wacht auf ihr Schlafforellen! Wir lassen unsere Kinder kein Wasser mehr trinken! (Au\u00dfer das von Michael Ballweg und Rainer Fuellmich gegen eine Spende von 200 Euro pro Liter)<\/p>\n<p>\u2014 Kaffeecup (@kaffeecup) <a href=\"https:\/\/twitter.com\/kaffeecup\/status\/1394640577241755650?ref_src=twsrc%5Etfw\">May 18, 2021<\/a><\/p><\/blockquote>\n<p><script async src=\"https:\/\/platform.twitter.com\/widgets.js\" charset=\"utf-8\"><\/script><\/p>\n<p>&nbsp;<\/p>\n<blockquote class=\"twitter-tweet\" data-conversation=\"none\">\n<p dir=\"ltr\" lang=\"de\">AfD: &#8222;Wassermangel gab es schon immer! Wir kennen keinen Deutschen, der verdurstet ist! Und \u00fcberhaupt: Je weniger Wasser in Deutschland, desto besser f\u00fcr die AfD!&#8220;<\/p>\n<p>Horst Seehofer (CSU): &#8222;Leere Brunnen sind Einzelf\u00e4lle!&#8220;<\/p>\n<p>\u2014 Kaffeecup (@kaffeecup) <a href=\"https:\/\/twitter.com\/kaffeecup\/status\/1394640578462326789?ref_src=twsrc%5Etfw\">May 18, 2021<\/a><\/p><\/blockquote>\n<p><script async src=\"https:\/\/platform.twitter.com\/widgets.js\" charset=\"utf-8\"><\/script><\/p>\n<p>&nbsp;<\/p>\n<p><strong>Muss man jetzt auch Wasserhenne sagen oder wie?!??!<\/strong><\/p>\n<p>Friedrich Merz (CDU): &#8222;Die \u00fcberwiegende Mehrheit in Deutschland lehnt das Gendern ab! GENDER-WAHNSINN \u00dcBERALL! (Ich w\u00fcrde das Amt des Wasserwerk-Chefs \u00fcbernehmen!)&#8220;<\/p>\n<p>Andreas Scheuer (CSU): &#8222;Kein Grund zur Sorge, die Mautvertr\u00e4ge sind zwar absolut mangelhaft aber wasserdicht!&#8220;<\/p>\n<p>\u2014 Kaffeecup (@kaffeecup) <a href=\"https:\/\/twitter.com\/kaffeecup\/status\/1394640579691175937?ref_src=twsrc%5Etfw\">May 18, 2021<\/a><\/p>\n<p><script async src=\"https:\/\/platform.twitter.com\/widgets.js\" charset=\"utf-8\"><\/script><\/p>\n<p>&nbsp;<\/p>\n<p>Autoindustrie: &#8222;Aufgrund der steigenden Wasserknappheit fordern wir ganz klar staatliche Kaufpr\u00e4mien f\u00fcr Verbrenner!&#8220;<\/p>\n<p>Hom\u00f6opath*innen: &#8222;Mit diesen Zuckerk\u00fcgelchen braucht dein K\u00f6rper gar kein Wasser mehr!&#8220;<\/p>\n<p>\u2014 Kaffeecup (@kaffeecup) <a href=\"https:\/\/twitter.com\/kaffeecup\/status\/1394640581255733248?ref_src=twsrc%5Etfw\">May 18, 2021<\/a><\/p>\n<p><script async src=\"https:\/\/platform.twitter.com\/widgets.js\" charset=\"utf-8\"><\/script><\/p>\n<p>&nbsp;<\/p>\n<p>Jana aus Kassel: &#8222;Ich f\u00fchle mich wie ein kleiner Wassertropfen in der hei\u00dfen W\u00fcste!&#8220;<\/p>\n<p>Kultusminister*innen: &#8222;Einfach gut durchl\u00fcften!&#8220;<\/p>\n<p>\u2014 Kaffeecup (@kaffeecup) <a href=\"https:\/\/twitter.com\/kaffeecup\/status\/1394640583159914496?ref_src=twsrc%5Etfw\">May 18, 2021<\/a><\/p>\n<p><script async src=\"https:\/\/platform.twitter.com\/widgets.js\" charset=\"utf-8\"><\/script><\/p>\n<p>&nbsp;<\/p>\n<p><strong>Andere User hatten dann noch ein paar interessante Erg\u00e4nzungsvorschl\u00e4ge:<\/strong><\/p>\n<blockquote class=\"twitter-tweet\" data-conversation=\"none\">\n<p dir=\"ltr\" lang=\"de\">3-2-1:<br \/>\nDeutsche Schauspieler fordern <a href=\"https:\/\/twitter.com\/hashtag\/alleWasserh%C3%A4hnedichtmachen?src=hash&amp;ref_src=twsrc%5Etfw\">#alleWasserh\u00e4hnedichtmachen<\/a><\/p>\n<p>\u2014 Gigi TeamG\u00f6re (@twigigitwi) <a href=\"https:\/\/twitter.com\/twigigitwi\/status\/1394865895655284736?ref_src=twsrc%5Etfw\">May 19, 2021<\/a><\/p><\/blockquote>\n<p><script async src=\"https:\/\/platform.twitter.com\/widgets.js\" charset=\"utf-8\"><\/script><\/p>\n<p>&nbsp;<\/p>\n<blockquote class=\"twitter-tweet\" data-conversation=\"none\">\n<p dir=\"ltr\" lang=\"de\">Kommt zwar aus einer anderen Ecke, aber: h\u00e4? Es regnet den ganzen Tag. Wo soll Wasserknappheit sein?<\/p>\n<p>\u2014 Regina Rickborn (@ReginaRickborn) <a href=\"https:\/\/twitter.com\/ReginaRickborn\/status\/1394715505966161927?ref_src=twsrc%5Etfw\">May 18, 2021<\/a><\/p><\/blockquote>\n<p><script async src=\"https:\/\/platform.twitter.com\/widgets.js\" charset=\"utf-8\"><\/script><\/p>\n<p>&nbsp;<\/p>\n<blockquote class=\"twitter-tweet\" data-conversation=\"none\">\n<p dir=\"ltr\" lang=\"de\">Wassermangelleugner so: die K\u00fche sind nicht wegen sondern mit Wassermangel verendet<\/p>\n<p>\u2014 Christian Schneider (@Christi43287530) <a href=\"https:\/\/twitter.com\/Christi43287530\/status\/1394931675860283393?ref_src=twsrc%5Etfw\">May 19, 2021<\/a><\/p><\/blockquote>\n<p><script async src=\"https:\/\/platform.twitter.com\/widgets.js\" charset=\"utf-8\"><\/script><\/p>\n<p>&nbsp;<\/p>\n<p><strong>Irgendwie bleibt einem doch ein wenig das Lachen im Hals stecken&#8230;naja, immerhin kann man es noch mit einem erfrischenden Schluck Wasser runtersp\u00fclen&#8230;<\/strong><\/p>\n<blockquote class=\"twitter-tweet\" data-conversation=\"none\">\n<p dir=\"ltr\" lang=\"de\">Genialer Text, lachen mit bitterem Beigeschmack. Sehr treffend\ud83d\udc4d<\/p>\n<p>\u2014 michael buss (\ud83c\udfe0) (@hansmichaelbuss) <a href=\"https:\/\/twitter.com\/hansmichaelbuss\/status\/1394921079299313665?ref_src=twsrc%5Etfw\">May 19, 2021<\/a><\/p><\/blockquote>\n<p><script async src=\"https:\/\/platform.twitter.com\/widgets.js\" charset=\"utf-8\"><\/script><\/p>\n<p>&nbsp;<\/p>\n<blockquote class=\"twitter-tweet\" data-conversation=\"none\">\n<p dir=\"ltr\" lang=\"de\">Und wir dann so: wei\u00dft du noch, wie wir damals \u00fcber diesen einen Thread zum Thema gelacht haben?<\/p>\n<p>\u2014 \u2606Te_Stay the Fuck at Home_Jotta\u2606 (@Te_Jotta) <a href=\"https:\/\/twitter.com\/Te_Jotta\/status\/1394768485432107016?ref_src=twsrc%5Etfw\">May 18, 2021<\/a><\/p><\/blockquote>\n<p><script async src=\"https:\/\/platform.twitter.com\/widgets.js\" charset=\"utf-8\"><\/script><\/p>\n<p><a href=\"mailto:dion@thebest.social\"><img loading=\"lazy\" decoding=\"async\" class=\"alignnone size-large wp-image-144565\" src=\"https:\/\/www.thebestsocial.media\/de\/wp-content\/uploads\/sites\/3\/2021\/04\/Studio-Promo-Banner-1024x538.png\" alt=\"\" width=\"1024\" height=\"538\" srcset=\"https:\/\/www.thebestsocial.media\/de\/wp-content\/uploads\/sites\/3\/2021\/04\/Studio-Promo-Banner-1024x538.png 1024w, https:\/\/www.thebestsocial.media\/de\/wp-content\/uploads\/sites\/3\/2021\/04\/Studio-Promo-Banner-300x158.png 300w, https:\/\/www.thebestsocial.media\/de\/wp-content\/uploads\/sites\/3\/2021\/04\/Studio-Promo-Banner-768x403.png 768w, https:\/\/www.thebestsocial.media\/de\/wp-content\/uploads\/sites\/3\/2021\/04\/Studio-Promo-Banner.png 1200w\" sizes=\"auto, (max-width: 1024px) 100vw, 1024px\" \/><\/a><\/p>\n<p>\u2014<br \/>\nVielen Dank an @kaffeecup f\u00fcr den Thread und alle f\u00fcr die Posts.<br \/>\n\u2014<br \/>\n<strong>Keine Influencer! Kein Foodporn! Nur ganz viel Spa\u00df \u2013 bei uns auf Instagram:<\/strong><\/p>\n<blockquote class=\"instagram-media\" style=\"background: #FFF; border: 0; border-radius: 3px; box-shadow: 0 0 1px 0 rgba(0,0,0,0.5),0 1px 10px 0 rgba(0,0,0,0.15); margin: 1px; max-width: 540px; min-width: 326px; padding: 0; width: calc(100% - 2px);\" data-instgrm-captioned=\"\" data-instgrm-permalink=\"https:\/\/www.instagram.com\/p\/CO-CjGhAGcU\/?utm_source=ig_embed&amp;utm_campaign=loading\" data-instgrm-version=\"13\">\n<div style=\"padding: 16px;\">\n<p>&nbsp;<\/p>\n<div style=\"display: flex; flex-direction: row; align-items: center;\">\n<div style=\"background-color: #f4f4f4; border-radius: 50%; flex-grow: 0; height: 40px; margin-right: 14px; width: 40px;\"><\/div>\n<div style=\"display: flex; flex-direction: column; flex-grow: 1; justify-content: center;\">\n<div style=\"background-color: #f4f4f4; border-radius: 4px; flex-grow: 0; height: 14px; margin-bottom: 6px; width: 100px;\"><\/div>\n<div style=\"background-color: #f4f4f4; border-radius: 4px; flex-grow: 0; height: 14px; width: 60px;\"><\/div>\n<\/div>\n<\/div>\n<div style=\"padding: 19% 0;\"><\/div>\n<div style=\"display: block; height: 50px; margin: 0 auto 12px; width: 50px;\"><\/div>\n<div style=\"padding-top: 8px;\">\n<div style=\"color: #3897f0; font-family: Arial,sans-serif; font-size: 14px; font-style: normal; font-weight: 550; line-height: 18px;\">Sieh dir diesen Beitrag auf Instagram an<\/div>\n<\/div>\n<div style=\"padding: 12.5% 0;\"><\/div>\n<div style=\"display: flex; flex-direction: row; margin-bottom: 14px; align-items: center;\">\n<div>\n<div style=\"background-color: #f4f4f4; border-radius: 50%; height: 12.5px; width: 12.5px; transform: translateX(0px) translateY(7px);\"><\/div>\n<div style=\"background-color: #f4f4f4; height: 12.5px; transform: rotate(-45deg) translateX(3px) translateY(1px); width: 12.5px; flex-grow: 0; margin-right: 14px; margin-left: 2px;\"><\/div>\n<div style=\"background-color: #f4f4f4; border-radius: 50%; height: 12.5px; width: 12.5px; transform: translateX(9px) translateY(-18px);\"><\/div>\n<\/div>\n<div style=\"margin-left: 8px;\">\n<div style=\"background-color: #f4f4f4; border-radius: 50%; flex-grow: 0; height: 20px; width: 20px;\"><\/div>\n<div style=\"width: 0; height: 0; border-top: 2px solid transparent; border-left: 6px solid #f4f4f4; border-bottom: 2px solid transparent; transform: translateX(16px) translateY(-4px) rotate(30deg);\"><\/div>\n<\/div>\n<div style=\"margin-left: auto;\">\n<div style=\"width: 0px; border-top: 8px solid #F4F4F4; border-right: 8px solid transparent; transform: translateY(16px);\"><\/div>\n<div style=\"background-color: #f4f4f4; flex-grow: 0; height: 12px; width: 16px; transform: translateY(-4px);\"><\/div>\n<div style=\"width: 0; height: 0; border-top: 8px solid #F4F4F4; border-left: 8px solid transparent; transform: translateY(-4px) translateX(8px);\"><\/div>\n<\/div>\n<\/div>\n<div style=\"display: flex; flex-direction: column; flex-grow: 1; justify-content: center; margin-bottom: 24px;\">\n<div style=\"background-color: #f4f4f4; border-radius: 4px; flex-grow: 0; height: 14px; margin-bottom: 6px; width: 224px;\"><\/div>\n<div style=\"background-color: #f4f4f4; border-radius: 4px; flex-grow: 0; height: 14px; width: 144px;\"><\/div>\n<\/div>\n<p>&nbsp;<\/p>\n<p style=\"color: #c9c8cd; font-family: Arial,sans-serif; font-size: 14px; line-height: 17px; margin-bottom: 0; margin-top: 8px; overflow: hidden; padding: 8px 0 7px; text-align: center; text-overflow: ellipsis; white-space: nowrap;\"><a style=\"color: #c9c8cd; font-family: Arial,sans-serif; font-size: 14px; font-style: normal; font-weight: normal; line-height: 17px; text-decoration: none;\" href=\"https:\/\/www.instagram.com\/p\/CO-CjGhAGcU\/?utm_source=ig_embed&amp;utm_campaign=loading\" target=\"_blank\" rel=\"noopener\">Ein Beitrag geteilt von The Best Social Media &#8211; DE (@thebestsocialmediade)<\/a><\/p>\n<\/div>\n<\/blockquote>\n\n<script async defer src=\"\/instagram-embed.js\"><\/script>","protected":false},"excerpt":{"rendered":"<p>Momentan ist oft die Rede davon, die Corona-Krise habe sichtbar gemacht, was eigentlich so alles schiefl\u00e4uft in der Gesellschaft und der Politik und \u00fcberhaupt. Mag&#8230;<\/p>\n","protected":false},"author":73,"featured_media":145644,"comment_status":"open","ping_status":"open","sticky":false,"template":"","format":"standard","meta":{"_acf_changed":false,"footnotes":""},"categories":[2877,35],"tags":[2794,1077],"class_list":["post-145636","post","type-post","status-publish","format-standard","has-post-thumbnail","hentry","category-thread","category-twitter","tag-klimakrise","tag-wasser"],"acf":[],"yoast_head":"<!-- This site is optimized with the Yoast SEO plugin v27.5 - https:\/\/yoast.com\/product\/yoast-seo-wordpress\/ -->\n<title>Trinkwasserknappheit in Deutschland? Das w\u00e4ren die Reaktionen<\/title>\n<meta name=\"robots\" content=\"index, follow, max-snippet:-1, max-image-preview:large, max-video-preview:-1\" \/>\n<link rel=\"canonical\" href=\"https:\/\/www.thebestsocial.media\/de\/trinkwasserknappheit-in-deutschland-kaffeecup-prognostiziert-die-reaktionen\/\" \/>\n<meta property=\"og:locale\" content=\"de_DE\" \/>\n<meta property=\"og:type\" content=\"article\" \/>\n<meta property=\"og:title\" content=\"So k\u00f6nnte es aussehen, wenn in Deutschland das Trinkwasser knapp wird\" \/>\n<meta property=\"og:description\" content=\"Momentan ist oft die Rede davon, die Corona-Krise habe sichtbar gemacht, was eigentlich so alles schiefl\u00e4uft in der Gesellschaft und der Politik und \u00fcberhaupt. Mag...\" \/>\n<meta property=\"og:url\" content=\"https:\/\/www.thebestsocial.media\/de\/trinkwasserknappheit-in-deutschland-kaffeecup-prognostiziert-die-reaktionen\/\" \/>\n<meta property=\"og:site_name\" content=\"The Best Social Media DE\" \/>\n<meta property=\"article:published_time\" content=\"2021-05-19T10:33:03+00:00\" \/>\n<meta property=\"article:modified_time\" content=\"2021-05-19T10:44:30+00:00\" \/>\n<meta property=\"og:image\" content=\"https:\/\/www.thebestsocial.media\/de\/wp-content\/uploads\/sites\/3\/2021\/05\/header-wasser1.png\" \/>\n\t<meta property=\"og:image:width\" content=\"1200\" \/>\n\t<meta property=\"og:image:height\" content=\"630\" \/>\n\t<meta property=\"og:image:type\" content=\"image\/png\" \/>\n<meta name=\"author\" content=\"Helene Mei\u00dfner\" \/>\n<meta name=\"twitter:card\" content=\"summary_large_image\" \/>\n<meta name=\"twitter:label1\" content=\"Verfasst von\" \/>\n\t<meta name=\"twitter:data1\" content=\"Helene Mei\u00dfner\" \/>\n\t<meta name=\"twitter:label2\" content=\"Gesch\u00e4tzte Lesezeit\" \/>\n\t<meta name=\"twitter:data2\" content=\"5\u00a0Minuten\" \/>\n<script type=\"application\/ld+json\" class=\"yoast-schema-graph\">{\"@context\":\"https:\\\/\\\/schema.org\",\"@graph\":[{\"@type\":\"Article\",\"@id\":\"https:\\\/\\\/www.thebestsocial.media\\\/de\\\/trinkwasserknappheit-in-deutschland-kaffeecup-prognostiziert-die-reaktionen\\\/#article\",\"isPartOf\":{\"@id\":\"https:\\\/\\\/www.thebestsocial.media\\\/de\\\/trinkwasserknappheit-in-deutschland-kaffeecup-prognostiziert-die-reaktionen\\\/\"},\"author\":{\"name\":\"Helene Mei\u00dfner\",\"@id\":\"https:\\\/\\\/www.thebestsocial.media\\\/de\\\/#\\\/schema\\\/person\\\/6267acc046505b90b912687a039220df\"},\"headline\":\"So k\u00f6nnte es aussehen, wenn in Deutschland das Trinkwasser knapp wird\",\"datePublished\":\"2021-05-19T10:33:03+00:00\",\"dateModified\":\"2021-05-19T10:44:30+00:00\",\"mainEntityOfPage\":{\"@id\":\"https:\\\/\\\/www.thebestsocial.media\\\/de\\\/trinkwasserknappheit-in-deutschland-kaffeecup-prognostiziert-die-reaktionen\\\/\"},\"wordCount\":964,\"commentCount\":0,\"image\":{\"@id\":\"https:\\\/\\\/www.thebestsocial.media\\\/de\\\/trinkwasserknappheit-in-deutschland-kaffeecup-prognostiziert-die-reaktionen\\\/#primaryimage\"},\"thumbnailUrl\":\"https:\\\/\\\/www.thebestsocial.media\\\/de\\\/wp-content\\\/uploads\\\/sites\\\/3\\\/2021\\\/05\\\/tap-791172_1920.jpg\",\"keywords\":[\"Klimakrise\",\"Wasser\"],\"articleSection\":[\"Thread\",\"Twitter\"],\"inLanguage\":\"de\",\"potentialAction\":[{\"@type\":\"CommentAction\",\"name\":\"Comment\",\"target\":[\"https:\\\/\\\/www.thebestsocial.media\\\/de\\\/trinkwasserknappheit-in-deutschland-kaffeecup-prognostiziert-die-reaktionen\\\/#respond\"]}]},{\"@type\":\"WebPage\",\"@id\":\"https:\\\/\\\/www.thebestsocial.media\\\/de\\\/trinkwasserknappheit-in-deutschland-kaffeecup-prognostiziert-die-reaktionen\\\/\",\"url\":\"https:\\\/\\\/www.thebestsocial.media\\\/de\\\/trinkwasserknappheit-in-deutschland-kaffeecup-prognostiziert-die-reaktionen\\\/\",\"name\":\"Trinkwasserknappheit in Deutschland? Das w\u00e4ren die Reaktionen\",\"isPartOf\":{\"@id\":\"https:\\\/\\\/www.thebestsocial.media\\\/de\\\/#website\"},\"primaryImageOfPage\":{\"@id\":\"https:\\\/\\\/www.thebestsocial.media\\\/de\\\/trinkwasserknappheit-in-deutschland-kaffeecup-prognostiziert-die-reaktionen\\\/#primaryimage\"},\"image\":{\"@id\":\"https:\\\/\\\/www.thebestsocial.media\\\/de\\\/trinkwasserknappheit-in-deutschland-kaffeecup-prognostiziert-die-reaktionen\\\/#primaryimage\"},\"thumbnailUrl\":\"https:\\\/\\\/www.thebestsocial.media\\\/de\\\/wp-content\\\/uploads\\\/sites\\\/3\\\/2021\\\/05\\\/tap-791172_1920.jpg\",\"datePublished\":\"2021-05-19T10:33:03+00:00\",\"dateModified\":\"2021-05-19T10:44:30+00:00\",\"author\":{\"@id\":\"https:\\\/\\\/www.thebestsocial.media\\\/de\\\/#\\\/schema\\\/person\\\/6267acc046505b90b912687a039220df\"},\"breadcrumb\":{\"@id\":\"https:\\\/\\\/www.thebestsocial.media\\\/de\\\/trinkwasserknappheit-in-deutschland-kaffeecup-prognostiziert-die-reaktionen\\\/#breadcrumb\"},\"inLanguage\":\"de\",\"potentialAction\":[{\"@type\":\"ReadAction\",\"target\":[\"https:\\\/\\\/www.thebestsocial.media\\\/de\\\/trinkwasserknappheit-in-deutschland-kaffeecup-prognostiziert-die-reaktionen\\\/\"]}]},{\"@type\":\"ImageObject\",\"inLanguage\":\"de\",\"@id\":\"https:\\\/\\\/www.thebestsocial.media\\\/de\\\/trinkwasserknappheit-in-deutschland-kaffeecup-prognostiziert-die-reaktionen\\\/#primaryimage\",\"url\":\"https:\\\/\\\/www.thebestsocial.media\\\/de\\\/wp-content\\\/uploads\\\/sites\\\/3\\\/2021\\\/05\\\/tap-791172_1920.jpg\",\"contentUrl\":\"https:\\\/\\\/www.thebestsocial.media\\\/de\\\/wp-content\\\/uploads\\\/sites\\\/3\\\/2021\\\/05\\\/tap-791172_1920.jpg\",\"width\":1920,\"height\":1280},{\"@type\":\"BreadcrumbList\",\"@id\":\"https:\\\/\\\/www.thebestsocial.media\\\/de\\\/trinkwasserknappheit-in-deutschland-kaffeecup-prognostiziert-die-reaktionen\\\/#breadcrumb\",\"itemListElement\":[{\"@type\":\"ListItem\",\"position\":1,\"name\":\"Home\",\"item\":\"https:\\\/\\\/www.thebestsocial.media\\\/de\\\/\"},{\"@type\":\"ListItem\",\"position\":2,\"name\":\"So k\u00f6nnte es aussehen, wenn in Deutschland das Trinkwasser knapp wird\"}]},{\"@type\":\"WebSite\",\"@id\":\"https:\\\/\\\/www.thebestsocial.media\\\/de\\\/#website\",\"url\":\"https:\\\/\\\/www.thebestsocial.media\\\/de\\\/\",\"name\":\"The Best Social Media DE\",\"description\":\"\",\"potentialAction\":[{\"@type\":\"SearchAction\",\"target\":{\"@type\":\"EntryPoint\",\"urlTemplate\":\"https:\\\/\\\/www.thebestsocial.media\\\/de\\\/?s={search_term_string}\"},\"query-input\":{\"@type\":\"PropertyValueSpecification\",\"valueRequired\":true,\"valueName\":\"search_term_string\"}}],\"inLanguage\":\"de\"},{\"@type\":\"Person\",\"@id\":\"https:\\\/\\\/www.thebestsocial.media\\\/de\\\/#\\\/schema\\\/person\\\/6267acc046505b90b912687a039220df\",\"name\":\"Helene Mei\u00dfner\",\"image\":{\"@type\":\"ImageObject\",\"inLanguage\":\"de\",\"@id\":\"https:\\\/\\\/secure.gravatar.com\\\/avatar\\\/6639fc0397860ac2c2e11b018c1f14be4a46c2378a91ac1b35730b724675daa8?s=96&d=mm&r=g\",\"url\":\"https:\\\/\\\/secure.gravatar.com\\\/avatar\\\/6639fc0397860ac2c2e11b018c1f14be4a46c2378a91ac1b35730b724675daa8?s=96&d=mm&r=g\",\"contentUrl\":\"https:\\\/\\\/secure.gravatar.com\\\/avatar\\\/6639fc0397860ac2c2e11b018c1f14be4a46c2378a91ac1b35730b724675daa8?s=96&d=mm&r=g\",\"caption\":\"Helene Mei\u00dfner\"},\"description\":\"Kommt aus Berlin und hat dementsprechend nat\u00fcrlich irgendwas mit Medien studiert. Verlegt oft Dinge, w\u00e4hrend sie sie in der Hand h\u00e4lt. Findet Kauger\u00e4usche unausstehlich. Hat eine Schw\u00e4che f\u00fcr Glitzer und immer mindestens 50 Tabs offen.\",\"sameAs\":[\"https:\\\/\\\/www.instagram.com\\\/he.leni\\\/\"],\"url\":\"https:\\\/\\\/www.thebestsocial.media\\\/de\\\/author\\\/helenemeissner\\\/\"}]}<\/script>\n<!-- \/ Yoast SEO plugin. -->","yoast_head_json":{"title":"Trinkwasserknappheit in Deutschland? Das w\u00e4ren die Reaktionen","robots":{"index":"index","follow":"follow","max-snippet":"max-snippet:-1","max-image-preview":"max-image-preview:large","max-video-preview":"max-video-preview:-1"},"canonical":"https:\/\/www.thebestsocial.media\/de\/trinkwasserknappheit-in-deutschland-kaffeecup-prognostiziert-die-reaktionen\/","og_locale":"de_DE","og_type":"article","og_title":"So k\u00f6nnte es aussehen, wenn in Deutschland das Trinkwasser knapp wird","og_description":"Momentan ist oft die Rede davon, die Corona-Krise habe sichtbar gemacht, was eigentlich so alles schiefl\u00e4uft in der Gesellschaft und der Politik und \u00fcberhaupt. Mag...","og_url":"https:\/\/www.thebestsocial.media\/de\/trinkwasserknappheit-in-deutschland-kaffeecup-prognostiziert-die-reaktionen\/","og_site_name":"The Best Social Media DE","article_published_time":"2021-05-19T10:33:03+00:00","article_modified_time":"2021-05-19T10:44:30+00:00","og_image":[{"width":1200,"height":630,"url":"https:\/\/www.thebestsocial.media\/de\/wp-content\/uploads\/sites\/3\/2021\/05\/header-wasser1.png","type":"image\/png"}],"author":"Helene Mei\u00dfner","twitter_card":"summary_large_image","twitter_misc":{"Verfasst von":"Helene Mei\u00dfner","Gesch\u00e4tzte Lesezeit":"5\u00a0Minuten"},"schema":{"@context":"https:\/\/schema.org","@graph":[{"@type":"Article","@id":"https:\/\/www.thebestsocial.media\/de\/trinkwasserknappheit-in-deutschland-kaffeecup-prognostiziert-die-reaktionen\/#article","isPartOf":{"@id":"https:\/\/www.thebestsocial.media\/de\/trinkwasserknappheit-in-deutschland-kaffeecup-prognostiziert-die-reaktionen\/"},"author":{"name":"Helene Mei\u00dfner","@id":"https:\/\/www.thebestsocial.media\/de\/#\/schema\/person\/6267acc046505b90b912687a039220df"},"headline":"So k\u00f6nnte es aussehen, wenn in Deutschland das Trinkwasser knapp wird","datePublished":"2021-05-19T10:33:03+00:00","dateModified":"2021-05-19T10:44:30+00:00","mainEntityOfPage":{"@id":"https:\/\/www.thebestsocial.media\/de\/trinkwasserknappheit-in-deutschland-kaffeecup-prognostiziert-die-reaktionen\/"},"wordCount":964,"commentCount":0,"image":{"@id":"https:\/\/www.thebestsocial.media\/de\/trinkwasserknappheit-in-deutschland-kaffeecup-prognostiziert-die-reaktionen\/#primaryimage"},"thumbnailUrl":"https:\/\/www.thebestsocial.media\/de\/wp-content\/uploads\/sites\/3\/2021\/05\/tap-791172_1920.jpg","keywords":["Klimakrise","Wasser"],"articleSection":["Thread","Twitter"],"inLanguage":"de","potentialAction":[{"@type":"CommentAction","name":"Comment","target":["https:\/\/www.thebestsocial.media\/de\/trinkwasserknappheit-in-deutschland-kaffeecup-prognostiziert-die-reaktionen\/#respond"]}]},{"@type":"WebPage","@id":"https:\/\/www.thebestsocial.media\/de\/trinkwasserknappheit-in-deutschland-kaffeecup-prognostiziert-die-reaktionen\/","url":"https:\/\/www.thebestsocial.media\/de\/trinkwasserknappheit-in-deutschland-kaffeecup-prognostiziert-die-reaktionen\/","name":"Trinkwasserknappheit in Deutschland? Das w\u00e4ren die Reaktionen","isPartOf":{"@id":"https:\/\/www.thebestsocial.media\/de\/#website"},"primaryImageOfPage":{"@id":"https:\/\/www.thebestsocial.media\/de\/trinkwasserknappheit-in-deutschland-kaffeecup-prognostiziert-die-reaktionen\/#primaryimage"},"image":{"@id":"https:\/\/www.thebestsocial.media\/de\/trinkwasserknappheit-in-deutschland-kaffeecup-prognostiziert-die-reaktionen\/#primaryimage"},"thumbnailUrl":"https:\/\/www.thebestsocial.media\/de\/wp-content\/uploads\/sites\/3\/2021\/05\/tap-791172_1920.jpg","datePublished":"2021-05-19T10:33:03+00:00","dateModified":"2021-05-19T10:44:30+00:00","author":{"@id":"https:\/\/www.thebestsocial.media\/de\/#\/schema\/person\/6267acc046505b90b912687a039220df"},"breadcrumb":{"@id":"https:\/\/www.thebestsocial.media\/de\/trinkwasserknappheit-in-deutschland-kaffeecup-prognostiziert-die-reaktionen\/#breadcrumb"},"inLanguage":"de","potentialAction":[{"@type":"ReadAction","target":["https:\/\/www.thebestsocial.media\/de\/trinkwasserknappheit-in-deutschland-kaffeecup-prognostiziert-die-reaktionen\/"]}]},{"@type":"ImageObject","inLanguage":"de","@id":"https:\/\/www.thebestsocial.media\/de\/trinkwasserknappheit-in-deutschland-kaffeecup-prognostiziert-die-reaktionen\/#primaryimage","url":"https:\/\/www.thebestsocial.media\/de\/wp-content\/uploads\/sites\/3\/2021\/05\/tap-791172_1920.jpg","contentUrl":"https:\/\/www.thebestsocial.media\/de\/wp-content\/uploads\/sites\/3\/2021\/05\/tap-791172_1920.jpg","width":1920,"height":1280},{"@type":"BreadcrumbList","@id":"https:\/\/www.thebestsocial.media\/de\/trinkwasserknappheit-in-deutschland-kaffeecup-prognostiziert-die-reaktionen\/#breadcrumb","itemListElement":[{"@type":"ListItem","position":1,"name":"Home","item":"https:\/\/www.thebestsocial.media\/de\/"},{"@type":"ListItem","position":2,"name":"So k\u00f6nnte es aussehen, wenn in Deutschland das Trinkwasser knapp wird"}]},{"@type":"WebSite","@id":"https:\/\/www.thebestsocial.media\/de\/#website","url":"https:\/\/www.thebestsocial.media\/de\/","name":"The Best Social Media DE","description":"","potentialAction":[{"@type":"SearchAction","target":{"@type":"EntryPoint","urlTemplate":"https:\/\/www.thebestsocial.media\/de\/?s={search_term_string}"},"query-input":{"@type":"PropertyValueSpecification","valueRequired":true,"valueName":"search_term_string"}}],"inLanguage":"de"},{"@type":"Person","@id":"https:\/\/www.thebestsocial.media\/de\/#\/schema\/person\/6267acc046505b90b912687a039220df","name":"Helene Mei\u00dfner","image":{"@type":"ImageObject","inLanguage":"de","@id":"https:\/\/secure.gravatar.com\/avatar\/6639fc0397860ac2c2e11b018c1f14be4a46c2378a91ac1b35730b724675daa8?s=96&d=mm&r=g","url":"https:\/\/secure.gravatar.com\/avatar\/6639fc0397860ac2c2e11b018c1f14be4a46c2378a91ac1b35730b724675daa8?s=96&d=mm&r=g","contentUrl":"https:\/\/secure.gravatar.com\/avatar\/6639fc0397860ac2c2e11b018c1f14be4a46c2378a91ac1b35730b724675daa8?s=96&d=mm&r=g","caption":"Helene Mei\u00dfner"},"description":"Kommt aus Berlin und hat dementsprechend nat\u00fcrlich irgendwas mit Medien studiert. Verlegt oft Dinge, w\u00e4hrend sie sie in der Hand h\u00e4lt. Findet Kauger\u00e4usche unausstehlich. Hat eine Schw\u00e4che f\u00fcr Glitzer und immer mindestens 50 Tabs offen.","sameAs":["https:\/\/www.instagram.com\/he.leni\/"],"url":"https:\/\/www.thebestsocial.media\/de\/author\/helenemeissner\/"}]}},"amp_enabled":true,"_links":{"self":[{"href":"https:\/\/www.thebestsocial.media\/de\/wp-json\/wp\/v2\/posts\/145636","targetHints":{"allow":["GET"]}}],"collection":[{"href":"https:\/\/www.thebestsocial.media\/de\/wp-json\/wp\/v2\/posts"}],"about":[{"href":"https:\/\/www.thebestsocial.media\/de\/wp-json\/wp\/v2\/types\/post"}],"author":[{"embeddable":true,"href":"https:\/\/www.thebestsocial.media\/de\/wp-json\/wp\/v2\/users\/73"}],"replies":[{"embeddable":true,"href":"https:\/\/www.thebestsocial.media\/de\/wp-json\/wp\/v2\/comments?post=145636"}],"version-history":[{"count":10,"href":"https:\/\/www.thebestsocial.media\/de\/wp-json\/wp\/v2\/posts\/145636\/revisions"}],"predecessor-version":[{"id":145648,"href":"https:\/\/www.thebestsocial.media\/de\/wp-json\/wp\/v2\/posts\/145636\/revisions\/145648"}],"wp:featuredmedia":[{"embeddable":true,"href":"https:\/\/www.thebestsocial.media\/de\/wp-json\/wp\/v2\/media\/145644"}],"wp:attachment":[{"href":"https:\/\/www.thebestsocial.media\/de\/wp-json\/wp\/v2\/media?parent=145636"}],"wp:term":[{"taxonomy":"category","embeddable":true,"href":"https:\/\/www.thebestsocial.media\/de\/wp-json\/wp\/v2\/categories?post=145636"},{"taxonomy":"post_tag","embeddable":true,"href":"https:\/\/www.thebestsocial.media\/de\/wp-json\/wp\/v2\/tags?post=145636"}],"curies":[{"name":"wp","href":"https:\/\/api.w.org\/{rel}","templated":true}]}}