{"id":145519,"date":"2021-05-14T10:34:06","date_gmt":"2021-05-14T10:34:06","guid":{"rendered":"https:\/\/www.thebestsocial.media\/de\/?p=145519"},"modified":"2021-05-14T10:34:06","modified_gmt":"2021-05-14T10:34:06","slug":"ein-mann-ein-zettel-tv-auftritt-von-sebastian-kurz-wird-zum-meme","status":"publish","type":"post","link":"https:\/\/www.thebestsocial.media\/de\/ein-mann-ein-zettel-tv-auftritt-von-sebastian-kurz-wird-zum-meme\/","title":{"rendered":"Ein Mann, ein Zettel &#8211; TV-Auftritt von Sebastian Kurz wird zum Meme"},"content":{"rendered":"<p>Erst letzte Woche wurde der \u00f6sterreichische Bundeskanzler Sebastian Kurz von Jan B\u00f6hmermann im neomagazin Royale satirisch exposed, diese Woche wurde nun bekannt, dass die Staatsanwaltschaft tats\u00e4chlich ganz unsatirisch gegen ihn ermittelt. Es geht dabei um eine m\u00f6gliche Falschaussage im Zuge der Untersuchung der Ibiza-Aff\u00e4re.<\/p>\n<p><strong>Hallo Halli!<\/strong><\/p>\n<div class=\"dbsm-oembed\">\n<blockquote class=\"twitter-tweet\" data-width=\"500\" data-dnt=\"true\">\n<p lang=\"tr\" dir=\"ltr\">Halli Hallo! <a href=\"https:\/\/t.co\/ciKinNICfb\">pic.twitter.com\/ciKinNICfb<\/a><\/p>\n<p>&mdash; Jan B\u00f6hmermann \ud83e\udd28 (@janboehm) <a href=\"https:\/\/twitter.com\/janboehm\/status\/1392412762240868354?ref_src=twsrc%5Etfw\">May 12, 2021<\/a><\/p><\/blockquote>\n<p><script async src=\"https:\/\/platform.twitter.com\/widgets.js\" charset=\"utf-8\"><\/script><\/div>\n<p>&nbsp;<\/p>\n<p><strong>Am Mittwoch \u00e4u\u00dferte sich Kurz zu den Vorw\u00fcrfen in der Sendung ZIB2 vom ORF. Er trat dabei ungewohnt nerv\u00f6s vor die Kamera und nahm zwischendurch mit leicht zitternden H\u00e4nden einen Zettel zu Hilfe. Diese Szene blieb auf Twitter nat\u00fcrlich nicht lange unkommentiert. Viele f\u00fchlten sich inspiriert, dem Kanzler ihre eigenen Worte in den Mund zu legen.\u00a0<\/strong><\/p>\n<p><strong>&#8222;Er hat oft Blickkontakt gehabt und viele Bilder benutzt.&#8220;<\/strong><\/p>\n<p>https:\/\/twitter.com\/klbmat\/status\/1392577435800121344?s=20<\/p>\n<p>&nbsp;<\/p>\n<p><strong>Bitte nicht.<\/strong><\/p>\n<div class=\"dbsm-oembed\">\n<blockquote class=\"twitter-tweet\" data-width=\"500\" data-dnt=\"true\">\n<p lang=\"de\" dir=\"ltr\">\u00bbMeinen Vortrag \u00fcber David Foster Wallaces &#39;Infinite Jest&#39; w\u00fcrde ich gerne mit einer pers\u00f6nlichen Anekdote beginnen &#8230;\u00ab <a href=\"https:\/\/t.co\/wmEnwfm16V\">pic.twitter.com\/wmEnwfm16V<\/a><\/p>\n<p>&mdash; Nils Markwardt (@FJ_Murau) <a href=\"https:\/\/twitter.com\/FJ_Murau\/status\/1392754513799524353?ref_src=twsrc%5Etfw\">May 13, 2021<\/a><\/p><\/blockquote>\n<p><script async src=\"https:\/\/platform.twitter.com\/widgets.js\" charset=\"utf-8\"><\/script><\/div>\n<p>&nbsp;<\/p>\n<p><strong>Fruchtzwerge sind schon wieder alle.<\/strong><\/p>\n<p>https:\/\/twitter.com\/DieRaffa\/status\/1392587091977064451?s=20<\/p>\n<p>&nbsp;<\/p>\n<p><strong>Wollte er einfach nur ein Gedicht vorlesen?<\/strong><\/p>\n<div class=\"dbsm-oembed\">\n<blockquote class=\"twitter-tweet\" data-width=\"500\" data-dnt=\"true\">\n<p lang=\"de\" dir=\"ltr\">Wer reitet so sp\u00e4t durch Nacht und Wind?\u2070Es ist der Vater mit seinem Kind. <a href=\"https:\/\/t.co\/xoGoWs1o6B\">pic.twitter.com\/xoGoWs1o6B<\/a><\/p>\n<p>&mdash; Hanna Herbst (@HHumorlos) <a href=\"https:\/\/twitter.com\/HHumorlos\/status\/1392604645822980100?ref_src=twsrc%5Etfw\">May 12, 2021<\/a><\/p><\/blockquote>\n<p><script async src=\"https:\/\/platform.twitter.com\/widgets.js\" charset=\"utf-8\"><\/script><\/div>\n<p>&nbsp;<\/p>\n<p><strong>Oder was selbstgeschriebenes zum Besten geben?<\/strong><\/p>\n<div class=\"dbsm-oembed\">\n<blockquote class=\"twitter-tweet\" data-width=\"500\" data-dnt=\"true\">\n<p lang=\"de\" dir=\"ltr\">Rosen sind rot,<br \/>Veilchen sind rot,<br \/>Alle sind rot warum sind alle gegen mich \ud83d\ude41 <a href=\"https:\/\/t.co\/nrBA07oLbb\">pic.twitter.com\/nrBA07oLbb<\/a><\/p>\n<p>&mdash; Hanna Herbst (@HHumorlos) <a href=\"https:\/\/twitter.com\/HHumorlos\/status\/1392610222691258373?ref_src=twsrc%5Etfw\">May 12, 2021<\/a><\/p><\/blockquote>\n<p><script async src=\"https:\/\/platform.twitter.com\/widgets.js\" charset=\"utf-8\"><\/script><\/div>\n<p>&nbsp;<\/p>\n<p><strong>Oder aus seinem Lieblingsfilm zitieren?<\/strong><\/p>\n<p>https:\/\/twitter.com\/blauerelefant\/status\/1392775970248142851?s=20<\/p>\n<p>&nbsp;<\/p>\n<p><strong>Vielleicht hat er auch die Sendezeit gekapert, um einfach mal mit seinen sicken Rapskills zu flexen&#8230;<\/strong><\/p>\n<div class=\"dbsm-oembed\">\n<blockquote class=\"twitter-tweet\" data-width=\"500\" data-dnt=\"true\">\n<p lang=\"und\" dir=\"ltr\">yoo <a href=\"https:\/\/t.co\/Y4vEtIKgj0\">pic.twitter.com\/Y4vEtIKgj0<\/a><\/p>\n<p>&mdash; unbi (@unbenannt_png) <a href=\"https:\/\/twitter.com\/unbenannt_png\/status\/1392761229538697217?ref_src=twsrc%5Etfw\">May 13, 2021<\/a><\/p><\/blockquote>\n<p><script async src=\"https:\/\/platform.twitter.com\/widgets.js\" charset=\"utf-8\"><\/script><\/div>\n<div class=\"dbsm-oembed\">\n<blockquote class=\"twitter-tweet\" data-width=\"500\" data-dnt=\"true\">\n<p lang=\"en\" dir=\"ltr\">\u201eDear Slim, I wrote you but still ain&#39;t callin&#39;\u201c <a href=\"https:\/\/t.co\/w9zfSXxpLt\">pic.twitter.com\/w9zfSXxpLt<\/a><\/p>\n<p>&mdash; Tristan Herold (@dertristan1) <a href=\"https:\/\/twitter.com\/dertristan1\/status\/1392846551333081093?ref_src=twsrc%5Etfw\">May 13, 2021<\/a><\/p><\/blockquote>\n<p><script async src=\"https:\/\/platform.twitter.com\/widgets.js\" charset=\"utf-8\"><\/script><\/div>\n<p>&nbsp;<\/p>\n<p><strong>Slim Shady? More like Spongebob Schwammkopf!<\/strong><\/p>\n<div class=\"dbsm-oembed\">\n<blockquote class=\"twitter-tweet\" data-width=\"500\" data-dnt=\"true\">\n<p lang=\"de\" dir=\"ltr\">Kurz wie er nach einer Argumentation auf seinem Zettel sucht <a href=\"https:\/\/twitter.com\/hashtag\/zib2?src=hash&amp;ref_src=twsrc%5Etfw\">#zib2<\/a> <a href=\"https:\/\/t.co\/al7V53GbOX\">pic.twitter.com\/al7V53GbOX<\/a><\/p>\n<p>&mdash; \u039bkademikerkevin (@kevrec) <a href=\"https:\/\/twitter.com\/kevrec\/status\/1392575719289626631?ref_src=twsrc%5Etfw\">May 12, 2021<\/a><\/p><\/blockquote>\n<p><script async src=\"https:\/\/platform.twitter.com\/widgets.js\" charset=\"utf-8\"><\/script><\/div>\n<p>&nbsp;<\/p>\n<p><strong>Der Gute ist nach den ganzen Strapazen sicherlich urlaubsreif. Man hat aber auch einen Stress als Bundeskanzler!<\/strong><\/p>\n<div class=\"dbsm-oembed\">\n<blockquote class=\"twitter-tweet\" data-width=\"500\" data-dnt=\"true\">\n<p lang=\"de\" dir=\"ltr\">&quot;Wo bist du, Sebastian?&quot;<br \/>&quot;In der Bredouille.&quot;<br \/>&quot;Hach, Frankreich. Sch\u00f6n.&quot;<a href=\"https:\/\/twitter.com\/hashtag\/OEVPkrise?src=hash&amp;ref_src=twsrc%5Etfw\">#OEVPkrise<\/a> <a href=\"https:\/\/twitter.com\/hashtag\/Kurz?src=hash&amp;ref_src=twsrc%5Etfw\">#Kurz<\/a><\/p>\n<p>&mdash; Sonja M. Lauterbach (@SolautSonja) <a href=\"https:\/\/twitter.com\/SolautSonja\/status\/1392514198903603200?ref_src=twsrc%5Etfw\">May 12, 2021<\/a><\/p><\/blockquote>\n<p><script async src=\"https:\/\/platform.twitter.com\/widgets.js\" charset=\"utf-8\"><\/script><\/div>\n<p>&nbsp;<\/p>\n<p>&nbsp;<\/p>\n<p><strong>Wer jetzt wissen m\u00f6chte, was er tats\u00e4chlich gesagt hat: Bitte <a href=\"https:\/\/tvthek.orf.at\/profile\/ZIB-2\/1211\" target=\"_blank\" rel=\"noopener\">hier<\/a> entlang! Vorab ein ~kurzer~ Spoiler:<\/strong><\/p>\n<div class=\"dbsm-oembed\">\n<blockquote class=\"twitter-tweet\" data-width=\"500\" data-dnt=\"true\">\n<p lang=\"de\" dir=\"ltr\">Wolf: <br \/>Sollten sie verurteilt werden, w\u00fcrden sie zur\u00fcck treten?<\/p>\n<p>Kurz:<br \/>Ich kann mir nicht vorstellen dass ein Richter zu diesem Urteil kommen k\u00f6nnte, wir leben in \u00d6sterreich. <\/p>\n<p>Oida \ud83d\ude02<a href=\"https:\/\/twitter.com\/hashtag\/KurzMussWeg?src=hash&amp;ref_src=twsrc%5Etfw\">#KurzMussWeg<\/a> <a href=\"https:\/\/twitter.com\/hashtag\/ZiB2?src=hash&amp;ref_src=twsrc%5Etfw\">#ZiB2<\/a><\/p>\n<p>&mdash; Kraehe (@MinoRabe) <a href=\"https:\/\/twitter.com\/MinoRabe\/status\/1392576444727955458?ref_src=twsrc%5Etfw\">May 12, 2021<\/a><\/p><\/blockquote>\n<p><script async src=\"https:\/\/platform.twitter.com\/widgets.js\" charset=\"utf-8\"><\/script><\/div>\n<p>&nbsp;<\/p>\n<p><strong>Insgesamt kann man wohl festhalten, dass die Aktion nicht unbedingt f\u00f6rderlich f\u00fcr seine Glaubw\u00fcrdigkeit war. Aber hey, immerhin ist er jetzt ein Meme!<\/strong><\/p>\n<p>https:\/\/twitter.com\/missrotzfrech\/status\/1392708624510853121?s=20<\/p>\n<p>&nbsp;<\/p>\n<p><strong>\u2014<\/strong><br \/>\n<strong>Vielen Dank an alle f\u00fcr die Posts!<\/strong><\/p>\n<p><a href=\"mailto:dion@thebest.social\"><img loading=\"lazy\" decoding=\"async\" class=\"alignnone size-large wp-image-144565\" src=\"https:\/\/www.thebestsocial.media\/de\/wp-content\/uploads\/sites\/3\/2021\/04\/Studio-Promo-Banner-1024x538.png\" alt=\"\" width=\"1024\" height=\"538\" srcset=\"https:\/\/www.thebestsocial.media\/de\/wp-content\/uploads\/sites\/3\/2021\/04\/Studio-Promo-Banner-1024x538.png 1024w, https:\/\/www.thebestsocial.media\/de\/wp-content\/uploads\/sites\/3\/2021\/04\/Studio-Promo-Banner-300x158.png 300w, https:\/\/www.thebestsocial.media\/de\/wp-content\/uploads\/sites\/3\/2021\/04\/Studio-Promo-Banner-768x403.png 768w, https:\/\/www.thebestsocial.media\/de\/wp-content\/uploads\/sites\/3\/2021\/04\/Studio-Promo-Banner.png 1200w\" sizes=\"auto, (max-width: 1024px) 100vw, 1024px\" \/><\/a><\/p>\n","protected":false},"excerpt":{"rendered":"<p>Erst letzte Woche wurde der \u00f6sterreichische Bundeskanzler Sebastian Kurz von Jan B\u00f6hmermann im neomagazin Royale satirisch exposed, diese Woche wurde nun bekannt, dass die Staatsanwaltschaft&#8230;<\/p>\n","protected":false},"author":73,"featured_media":145533,"comment_status":"open","ping_status":"open","sticky":false,"template":"","format":"standard","meta":{"_acf_changed":false,"footnotes":""},"categories":[1839,35],"tags":[2457,744],"class_list":["post-145519","post","type-post","status-publish","format-standard","has-post-thumbnail","hentry","category-television","category-twitter","tag-interview","tag-sebastian-kurz"],"acf":[],"yoast_head":"<!-- This site is optimized with the Yoast SEO plugin v27.5 - https:\/\/yoast.com\/product\/yoast-seo-wordpress\/ -->\n<title>Ein Mann, ein Zettel - TV-Auftritt von Sebastian Kurz wird zum Meme<\/title>\n<meta name=\"robots\" content=\"index, follow, max-snippet:-1, max-image-preview:large, max-video-preview:-1\" \/>\n<link rel=\"canonical\" href=\"https:\/\/www.thebestsocial.media\/de\/ein-mann-ein-zettel-tv-auftritt-von-sebastian-kurz-wird-zum-meme\/\" \/>\n<meta property=\"og:locale\" content=\"de_DE\" \/>\n<meta property=\"og:type\" content=\"article\" \/>\n<meta property=\"og:title\" content=\"Ein Mann, ein Zettel - TV-Auftritt von Sebastian Kurz wird zum Meme\" \/>\n<meta property=\"og:description\" content=\"Erst letzte Woche wurde der \u00f6sterreichische Bundeskanzler Sebastian Kurz von Jan B\u00f6hmermann im neomagazin Royale satirisch exposed, diese Woche wurde nun bekannt, dass die Staatsanwaltschaft...\" \/>\n<meta property=\"og:url\" content=\"https:\/\/www.thebestsocial.media\/de\/ein-mann-ein-zettel-tv-auftritt-von-sebastian-kurz-wird-zum-meme\/\" \/>\n<meta property=\"og:site_name\" content=\"The Best Social Media DE\" \/>\n<meta property=\"article:published_time\" content=\"2021-05-14T10:34:06+00:00\" \/>\n<meta property=\"og:image\" content=\"https:\/\/www.thebestsocial.media\/de\/wp-content\/uploads\/sites\/3\/2021\/05\/header-kurz1.png\" \/>\n\t<meta property=\"og:image:width\" content=\"1200\" \/>\n\t<meta property=\"og:image:height\" content=\"630\" \/>\n\t<meta property=\"og:image:type\" content=\"image\/png\" \/>\n<meta name=\"author\" content=\"Helene Mei\u00dfner\" \/>\n<meta name=\"twitter:card\" content=\"summary_large_image\" \/>\n<meta name=\"twitter:label1\" content=\"Verfasst von\" \/>\n\t<meta name=\"twitter:data1\" content=\"Helene Mei\u00dfner\" \/>\n\t<meta name=\"twitter:label2\" content=\"Gesch\u00e4tzte Lesezeit\" \/>\n\t<meta name=\"twitter:data2\" content=\"2\u00a0Minuten\" \/>\n<script type=\"application\/ld+json\" class=\"yoast-schema-graph\">{\"@context\":\"https:\\\/\\\/schema.org\",\"@graph\":[{\"@type\":\"Article\",\"@id\":\"https:\\\/\\\/www.thebestsocial.media\\\/de\\\/ein-mann-ein-zettel-tv-auftritt-von-sebastian-kurz-wird-zum-meme\\\/#article\",\"isPartOf\":{\"@id\":\"https:\\\/\\\/www.thebestsocial.media\\\/de\\\/ein-mann-ein-zettel-tv-auftritt-von-sebastian-kurz-wird-zum-meme\\\/\"},\"author\":{\"name\":\"Helene Mei\u00dfner\",\"@id\":\"https:\\\/\\\/www.thebestsocial.media\\\/de\\\/#\\\/schema\\\/person\\\/6267acc046505b90b912687a039220df\"},\"headline\":\"Ein Mann, ein Zettel &#8211; TV-Auftritt von Sebastian Kurz wird zum Meme\",\"datePublished\":\"2021-05-14T10:34:06+00:00\",\"mainEntityOfPage\":{\"@id\":\"https:\\\/\\\/www.thebestsocial.media\\\/de\\\/ein-mann-ein-zettel-tv-auftritt-von-sebastian-kurz-wird-zum-meme\\\/\"},\"wordCount\":341,\"commentCount\":0,\"image\":{\"@id\":\"https:\\\/\\\/www.thebestsocial.media\\\/de\\\/ein-mann-ein-zettel-tv-auftritt-von-sebastian-kurz-wird-zum-meme\\\/#primaryimage\"},\"thumbnailUrl\":\"https:\\\/\\\/www.thebestsocial.media\\\/de\\\/wp-content\\\/uploads\\\/sites\\\/3\\\/2021\\\/05\\\/beitrag-kurz.png\",\"keywords\":[\"Interview\",\"Sebastian Kurz\"],\"articleSection\":[\"Television\",\"Twitter\"],\"inLanguage\":\"de\",\"potentialAction\":[{\"@type\":\"CommentAction\",\"name\":\"Comment\",\"target\":[\"https:\\\/\\\/www.thebestsocial.media\\\/de\\\/ein-mann-ein-zettel-tv-auftritt-von-sebastian-kurz-wird-zum-meme\\\/#respond\"]}]},{\"@type\":\"WebPage\",\"@id\":\"https:\\\/\\\/www.thebestsocial.media\\\/de\\\/ein-mann-ein-zettel-tv-auftritt-von-sebastian-kurz-wird-zum-meme\\\/\",\"url\":\"https:\\\/\\\/www.thebestsocial.media\\\/de\\\/ein-mann-ein-zettel-tv-auftritt-von-sebastian-kurz-wird-zum-meme\\\/\",\"name\":\"Ein Mann, ein Zettel - TV-Auftritt von Sebastian Kurz wird zum Meme\",\"isPartOf\":{\"@id\":\"https:\\\/\\\/www.thebestsocial.media\\\/de\\\/#website\"},\"primaryImageOfPage\":{\"@id\":\"https:\\\/\\\/www.thebestsocial.media\\\/de\\\/ein-mann-ein-zettel-tv-auftritt-von-sebastian-kurz-wird-zum-meme\\\/#primaryimage\"},\"image\":{\"@id\":\"https:\\\/\\\/www.thebestsocial.media\\\/de\\\/ein-mann-ein-zettel-tv-auftritt-von-sebastian-kurz-wird-zum-meme\\\/#primaryimage\"},\"thumbnailUrl\":\"https:\\\/\\\/www.thebestsocial.media\\\/de\\\/wp-content\\\/uploads\\\/sites\\\/3\\\/2021\\\/05\\\/beitrag-kurz.png\",\"datePublished\":\"2021-05-14T10:34:06+00:00\",\"author\":{\"@id\":\"https:\\\/\\\/www.thebestsocial.media\\\/de\\\/#\\\/schema\\\/person\\\/6267acc046505b90b912687a039220df\"},\"breadcrumb\":{\"@id\":\"https:\\\/\\\/www.thebestsocial.media\\\/de\\\/ein-mann-ein-zettel-tv-auftritt-von-sebastian-kurz-wird-zum-meme\\\/#breadcrumb\"},\"inLanguage\":\"de\",\"potentialAction\":[{\"@type\":\"ReadAction\",\"target\":[\"https:\\\/\\\/www.thebestsocial.media\\\/de\\\/ein-mann-ein-zettel-tv-auftritt-von-sebastian-kurz-wird-zum-meme\\\/\"]}]},{\"@type\":\"ImageObject\",\"inLanguage\":\"de\",\"@id\":\"https:\\\/\\\/www.thebestsocial.media\\\/de\\\/ein-mann-ein-zettel-tv-auftritt-von-sebastian-kurz-wird-zum-meme\\\/#primaryimage\",\"url\":\"https:\\\/\\\/www.thebestsocial.media\\\/de\\\/wp-content\\\/uploads\\\/sites\\\/3\\\/2021\\\/05\\\/beitrag-kurz.png\",\"contentUrl\":\"https:\\\/\\\/www.thebestsocial.media\\\/de\\\/wp-content\\\/uploads\\\/sites\\\/3\\\/2021\\\/05\\\/beitrag-kurz.png\",\"width\":1200,\"height\":630},{\"@type\":\"BreadcrumbList\",\"@id\":\"https:\\\/\\\/www.thebestsocial.media\\\/de\\\/ein-mann-ein-zettel-tv-auftritt-von-sebastian-kurz-wird-zum-meme\\\/#breadcrumb\",\"itemListElement\":[{\"@type\":\"ListItem\",\"position\":1,\"name\":\"Home\",\"item\":\"https:\\\/\\\/www.thebestsocial.media\\\/de\\\/\"},{\"@type\":\"ListItem\",\"position\":2,\"name\":\"Ein Mann, ein Zettel &#8211; TV-Auftritt von Sebastian Kurz wird zum Meme\"}]},{\"@type\":\"WebSite\",\"@id\":\"https:\\\/\\\/www.thebestsocial.media\\\/de\\\/#website\",\"url\":\"https:\\\/\\\/www.thebestsocial.media\\\/de\\\/\",\"name\":\"The Best Social Media DE\",\"description\":\"\",\"potentialAction\":[{\"@type\":\"SearchAction\",\"target\":{\"@type\":\"EntryPoint\",\"urlTemplate\":\"https:\\\/\\\/www.thebestsocial.media\\\/de\\\/?s={search_term_string}\"},\"query-input\":{\"@type\":\"PropertyValueSpecification\",\"valueRequired\":true,\"valueName\":\"search_term_string\"}}],\"inLanguage\":\"de\"},{\"@type\":\"Person\",\"@id\":\"https:\\\/\\\/www.thebestsocial.media\\\/de\\\/#\\\/schema\\\/person\\\/6267acc046505b90b912687a039220df\",\"name\":\"Helene Mei\u00dfner\",\"image\":{\"@type\":\"ImageObject\",\"inLanguage\":\"de\",\"@id\":\"https:\\\/\\\/secure.gravatar.com\\\/avatar\\\/6639fc0397860ac2c2e11b018c1f14be4a46c2378a91ac1b35730b724675daa8?s=96&d=mm&r=g\",\"url\":\"https:\\\/\\\/secure.gravatar.com\\\/avatar\\\/6639fc0397860ac2c2e11b018c1f14be4a46c2378a91ac1b35730b724675daa8?s=96&d=mm&r=g\",\"contentUrl\":\"https:\\\/\\\/secure.gravatar.com\\\/avatar\\\/6639fc0397860ac2c2e11b018c1f14be4a46c2378a91ac1b35730b724675daa8?s=96&d=mm&r=g\",\"caption\":\"Helene Mei\u00dfner\"},\"description\":\"Kommt aus Berlin und hat dementsprechend nat\u00fcrlich irgendwas mit Medien studiert. Verlegt oft Dinge, w\u00e4hrend sie sie in der Hand h\u00e4lt. Findet Kauger\u00e4usche unausstehlich. Hat eine Schw\u00e4che f\u00fcr Glitzer und immer mindestens 50 Tabs offen.\",\"sameAs\":[\"https:\\\/\\\/www.instagram.com\\\/he.leni\\\/\"],\"url\":\"https:\\\/\\\/www.thebestsocial.media\\\/de\\\/author\\\/helenemeissner\\\/\"}]}<\/script>\n<!-- \/ Yoast SEO plugin. -->","yoast_head_json":{"title":"Ein Mann, ein Zettel - TV-Auftritt von Sebastian Kurz wird zum Meme","robots":{"index":"index","follow":"follow","max-snippet":"max-snippet:-1","max-image-preview":"max-image-preview:large","max-video-preview":"max-video-preview:-1"},"canonical":"https:\/\/www.thebestsocial.media\/de\/ein-mann-ein-zettel-tv-auftritt-von-sebastian-kurz-wird-zum-meme\/","og_locale":"de_DE","og_type":"article","og_title":"Ein Mann, ein Zettel - TV-Auftritt von Sebastian Kurz wird zum Meme","og_description":"Erst letzte Woche wurde der \u00f6sterreichische Bundeskanzler Sebastian Kurz von Jan B\u00f6hmermann im neomagazin Royale satirisch exposed, diese Woche wurde nun bekannt, dass die Staatsanwaltschaft...","og_url":"https:\/\/www.thebestsocial.media\/de\/ein-mann-ein-zettel-tv-auftritt-von-sebastian-kurz-wird-zum-meme\/","og_site_name":"The Best Social Media DE","article_published_time":"2021-05-14T10:34:06+00:00","og_image":[{"width":1200,"height":630,"url":"https:\/\/www.thebestsocial.media\/de\/wp-content\/uploads\/sites\/3\/2021\/05\/header-kurz1.png","type":"image\/png"}],"author":"Helene Mei\u00dfner","twitter_card":"summary_large_image","twitter_misc":{"Verfasst von":"Helene Mei\u00dfner","Gesch\u00e4tzte Lesezeit":"2\u00a0Minuten"},"schema":{"@context":"https:\/\/schema.org","@graph":[{"@type":"Article","@id":"https:\/\/www.thebestsocial.media\/de\/ein-mann-ein-zettel-tv-auftritt-von-sebastian-kurz-wird-zum-meme\/#article","isPartOf":{"@id":"https:\/\/www.thebestsocial.media\/de\/ein-mann-ein-zettel-tv-auftritt-von-sebastian-kurz-wird-zum-meme\/"},"author":{"name":"Helene Mei\u00dfner","@id":"https:\/\/www.thebestsocial.media\/de\/#\/schema\/person\/6267acc046505b90b912687a039220df"},"headline":"Ein Mann, ein Zettel &#8211; TV-Auftritt von Sebastian Kurz wird zum Meme","datePublished":"2021-05-14T10:34:06+00:00","mainEntityOfPage":{"@id":"https:\/\/www.thebestsocial.media\/de\/ein-mann-ein-zettel-tv-auftritt-von-sebastian-kurz-wird-zum-meme\/"},"wordCount":341,"commentCount":0,"image":{"@id":"https:\/\/www.thebestsocial.media\/de\/ein-mann-ein-zettel-tv-auftritt-von-sebastian-kurz-wird-zum-meme\/#primaryimage"},"thumbnailUrl":"https:\/\/www.thebestsocial.media\/de\/wp-content\/uploads\/sites\/3\/2021\/05\/beitrag-kurz.png","keywords":["Interview","Sebastian Kurz"],"articleSection":["Television","Twitter"],"inLanguage":"de","potentialAction":[{"@type":"CommentAction","name":"Comment","target":["https:\/\/www.thebestsocial.media\/de\/ein-mann-ein-zettel-tv-auftritt-von-sebastian-kurz-wird-zum-meme\/#respond"]}]},{"@type":"WebPage","@id":"https:\/\/www.thebestsocial.media\/de\/ein-mann-ein-zettel-tv-auftritt-von-sebastian-kurz-wird-zum-meme\/","url":"https:\/\/www.thebestsocial.media\/de\/ein-mann-ein-zettel-tv-auftritt-von-sebastian-kurz-wird-zum-meme\/","name":"Ein Mann, ein Zettel - TV-Auftritt von Sebastian Kurz wird zum Meme","isPartOf":{"@id":"https:\/\/www.thebestsocial.media\/de\/#website"},"primaryImageOfPage":{"@id":"https:\/\/www.thebestsocial.media\/de\/ein-mann-ein-zettel-tv-auftritt-von-sebastian-kurz-wird-zum-meme\/#primaryimage"},"image":{"@id":"https:\/\/www.thebestsocial.media\/de\/ein-mann-ein-zettel-tv-auftritt-von-sebastian-kurz-wird-zum-meme\/#primaryimage"},"thumbnailUrl":"https:\/\/www.thebestsocial.media\/de\/wp-content\/uploads\/sites\/3\/2021\/05\/beitrag-kurz.png","datePublished":"2021-05-14T10:34:06+00:00","author":{"@id":"https:\/\/www.thebestsocial.media\/de\/#\/schema\/person\/6267acc046505b90b912687a039220df"},"breadcrumb":{"@id":"https:\/\/www.thebestsocial.media\/de\/ein-mann-ein-zettel-tv-auftritt-von-sebastian-kurz-wird-zum-meme\/#breadcrumb"},"inLanguage":"de","potentialAction":[{"@type":"ReadAction","target":["https:\/\/www.thebestsocial.media\/de\/ein-mann-ein-zettel-tv-auftritt-von-sebastian-kurz-wird-zum-meme\/"]}]},{"@type":"ImageObject","inLanguage":"de","@id":"https:\/\/www.thebestsocial.media\/de\/ein-mann-ein-zettel-tv-auftritt-von-sebastian-kurz-wird-zum-meme\/#primaryimage","url":"https:\/\/www.thebestsocial.media\/de\/wp-content\/uploads\/sites\/3\/2021\/05\/beitrag-kurz.png","contentUrl":"https:\/\/www.thebestsocial.media\/de\/wp-content\/uploads\/sites\/3\/2021\/05\/beitrag-kurz.png","width":1200,"height":630},{"@type":"BreadcrumbList","@id":"https:\/\/www.thebestsocial.media\/de\/ein-mann-ein-zettel-tv-auftritt-von-sebastian-kurz-wird-zum-meme\/#breadcrumb","itemListElement":[{"@type":"ListItem","position":1,"name":"Home","item":"https:\/\/www.thebestsocial.media\/de\/"},{"@type":"ListItem","position":2,"name":"Ein Mann, ein Zettel &#8211; TV-Auftritt von Sebastian Kurz wird zum Meme"}]},{"@type":"WebSite","@id":"https:\/\/www.thebestsocial.media\/de\/#website","url":"https:\/\/www.thebestsocial.media\/de\/","name":"The Best Social Media DE","description":"","potentialAction":[{"@type":"SearchAction","target":{"@type":"EntryPoint","urlTemplate":"https:\/\/www.thebestsocial.media\/de\/?s={search_term_string}"},"query-input":{"@type":"PropertyValueSpecification","valueRequired":true,"valueName":"search_term_string"}}],"inLanguage":"de"},{"@type":"Person","@id":"https:\/\/www.thebestsocial.media\/de\/#\/schema\/person\/6267acc046505b90b912687a039220df","name":"Helene Mei\u00dfner","image":{"@type":"ImageObject","inLanguage":"de","@id":"https:\/\/secure.gravatar.com\/avatar\/6639fc0397860ac2c2e11b018c1f14be4a46c2378a91ac1b35730b724675daa8?s=96&d=mm&r=g","url":"https:\/\/secure.gravatar.com\/avatar\/6639fc0397860ac2c2e11b018c1f14be4a46c2378a91ac1b35730b724675daa8?s=96&d=mm&r=g","contentUrl":"https:\/\/secure.gravatar.com\/avatar\/6639fc0397860ac2c2e11b018c1f14be4a46c2378a91ac1b35730b724675daa8?s=96&d=mm&r=g","caption":"Helene Mei\u00dfner"},"description":"Kommt aus Berlin und hat dementsprechend nat\u00fcrlich irgendwas mit Medien studiert. Verlegt oft Dinge, w\u00e4hrend sie sie in der Hand h\u00e4lt. Findet Kauger\u00e4usche unausstehlich. Hat eine Schw\u00e4che f\u00fcr Glitzer und immer mindestens 50 Tabs offen.","sameAs":["https:\/\/www.instagram.com\/he.leni\/"],"url":"https:\/\/www.thebestsocial.media\/de\/author\/helenemeissner\/"}]}},"amp_enabled":true,"_links":{"self":[{"href":"https:\/\/www.thebestsocial.media\/de\/wp-json\/wp\/v2\/posts\/145519","targetHints":{"allow":["GET"]}}],"collection":[{"href":"https:\/\/www.thebestsocial.media\/de\/wp-json\/wp\/v2\/posts"}],"about":[{"href":"https:\/\/www.thebestsocial.media\/de\/wp-json\/wp\/v2\/types\/post"}],"author":[{"embeddable":true,"href":"https:\/\/www.thebestsocial.media\/de\/wp-json\/wp\/v2\/users\/73"}],"replies":[{"embeddable":true,"href":"https:\/\/www.thebestsocial.media\/de\/wp-json\/wp\/v2\/comments?post=145519"}],"version-history":[{"count":5,"href":"https:\/\/www.thebestsocial.media\/de\/wp-json\/wp\/v2\/posts\/145519\/revisions"}],"predecessor-version":[{"id":145534,"href":"https:\/\/www.thebestsocial.media\/de\/wp-json\/wp\/v2\/posts\/145519\/revisions\/145534"}],"wp:featuredmedia":[{"embeddable":true,"href":"https:\/\/www.thebestsocial.media\/de\/wp-json\/wp\/v2\/media\/145533"}],"wp:attachment":[{"href":"https:\/\/www.thebestsocial.media\/de\/wp-json\/wp\/v2\/media?parent=145519"}],"wp:term":[{"taxonomy":"category","embeddable":true,"href":"https:\/\/www.thebestsocial.media\/de\/wp-json\/wp\/v2\/categories?post=145519"},{"taxonomy":"post_tag","embeddable":true,"href":"https:\/\/www.thebestsocial.media\/de\/wp-json\/wp\/v2\/tags?post=145519"}],"curies":[{"name":"wp","href":"https:\/\/api.w.org\/{rel}","templated":true}]}}