{"id":145414,"date":"2021-05-11T10:14:16","date_gmt":"2021-05-11T10:14:16","guid":{"rendered":"https:\/\/www.thebestsocial.media\/de\/?p=145414"},"modified":"2021-05-11T10:14:16","modified_gmt":"2021-05-11T10:14:16","slug":"diffarmierung-geschlechts","status":"publish","type":"post","link":"https:\/\/www.thebestsocial.media\/de\/diffarmierung-geschlechts\/","title":{"rendered":"Bei M\u00e4nnern kein Problem: User kritisieren, wie Frauen wegen Alter und Geschlecht diffamiert werden"},"content":{"rendered":"<p>Wer als Person des \u00f6ffentlichen Lebens seine (politische) Meinung in den sozialen Netzwerken kundtut, kann leider schnell Opfer von Shitstorms und Hatespeech werden. Aber im Gegensatz zu M\u00e4nnern werden Frauen dabei oft sexistisch angegriffen. Und auch au\u00dferhalb des Internets f\u00e4llt Gleichberechtigung nach wie vor schwer, weil noch immer zahlreiche Klischees in den K\u00f6pfen stecken. So werden Frauen aufgrund ihres Geschlechts, ihres Alters, ihrer Mutterschaft oder ihrer Kleidung in Frage gestellt, kritisiert oder angegriffen &#8211; wohingegen sich M\u00e4nner so gut wie nie auf solchen Ebenen rechtfertigen und verteidigen m\u00fcssen.<\/p>\n<p>&nbsp;<br \/>\n<strong>\u00dcber diese Doppelmoral machte sich Twitter-User @bayernrocker in einem vielgeteilten Thread Gedanken, f\u00fchrte dabei einige Beispiele an und sah das Problem ganz klar auf Seiten unbelehrbarer Herren.<\/strong><\/p>\n<div class=\"dbsm-oembed\">\n<blockquote class=\"twitter-tweet\" data-width=\"500\" data-dnt=\"true\">\n<p lang=\"de\" dir=\"ltr\">Der Umgang mit Andrea Nahles damals, der Umgang teilweise mit Saskia Esken, der Umgang mit <a href=\"https:\/\/twitter.com\/hashtag\/Neubauer?src=hash&amp;ref_src=twsrc%5Etfw\">#Neubauer<\/a> und <a href=\"https:\/\/twitter.com\/hashtag\/Baerbock?src=hash&amp;ref_src=twsrc%5Etfw\">#Baerbock<\/a> ganz aktuell. Die Art, wie \u00fcber Greta Thunberg gesprochen und junge aktive Politikerinnen die teilweise als <a href=\"https:\/\/twitter.com\/hashtag\/G%C3%B6re?src=hash&amp;ref_src=twsrc%5Etfw\">#G\u00f6re<\/a> bezeichnet werden. <br \/>Es ist ein M\u00e4nnerproblem&#8230;<\/p>\n<p>&mdash; Andi (@bayernrocker) <a href=\"https:\/\/twitter.com\/bayernrocker\/status\/1391671308996521984?ref_src=twsrc%5Etfw\">May 10, 2021<\/a><\/p><\/blockquote>\n<p><script async src=\"https:\/\/platform.twitter.com\/widgets.js\" charset=\"utf-8\"><\/script><\/div>\n<blockquote class=\"twitter-tweet\" data-conversation=\"none\">\n<p lang=\"de\" dir=\"ltr\">\u00b4&#8230; und ein Problem, alter wei\u00dfer M\u00e4nner (ja, in diesem Kontext nutze ich den Begriff), die nicht mit Frauen in gehobenen Positionen klar kommen. <br \/>Ich hoffe ehrlich, dass meine 4 Jungs in eine Welt hineinwachsen, in der es das &#8211; dieses Patriarchat &#8211; nicht mehr gibt.<\/p>\n<p>&mdash; Andi Schrank \ud83c\udf39\ud83c\udf3b\ud83d\ude42\ud83e\udd18 (@bayernrocker) <a href=\"https:\/\/twitter.com\/bayernrocker\/status\/1391672088721756161?ref_src=twsrc%5Etfw\">May 10, 2021<\/a><\/p><\/blockquote>\n<p> <script async src=\"https:\/\/platform.twitter.com\/widgets.js\" charset=\"utf-8\"><\/script><\/p>\n<blockquote class=\"twitter-tweet\" data-conversation=\"none\">\n<p lang=\"de\" dir=\"ltr\">Und man kann das weiterf\u00fchren, \u00fcber Parteigrenzen hinweg<br \/>&#8211; nehmen wir \u201eMutti\u201c Merkel<br \/>&#8211; nehmen wir Kramp-Kartenbauer<br \/>&#8211; nehmen wir Ricarda Lang (leider immer wieder) <br \/>&#8211; nehmen wir den Umgang mit Linda Teuteberg oder Sawsan Chebli<\/p>\n<p>&mdash; Andi Schrank \ud83c\udf39\ud83c\udf3b\ud83d\ude42\ud83e\udd18 (@bayernrocker) <a href=\"https:\/\/twitter.com\/bayernrocker\/status\/1391682066820050948?ref_src=twsrc%5Etfw\">May 10, 2021<\/a><\/p><\/blockquote>\n<p> <script async src=\"https:\/\/platform.twitter.com\/widgets.js\" charset=\"utf-8\"><\/script><\/p>\n<blockquote class=\"twitter-tweet\" data-conversation=\"none\">\n<p lang=\"de\" dir=\"ltr\">*Karrenbauer, sorry<\/p>\n<p>&mdash; Andi Schrank \ud83c\udf39\ud83c\udf3b\ud83d\ude42\ud83e\udd18 (@bayernrocker) <a href=\"https:\/\/twitter.com\/bayernrocker\/status\/1391682708632375296?ref_src=twsrc%5Etfw\">May 10, 2021<\/a><\/p><\/blockquote>\n<p> <script async src=\"https:\/\/platform.twitter.com\/widgets.js\" charset=\"utf-8\"><\/script><\/p>\n<p>&nbsp;<br \/>\n<strong>Als Klimaktivistin Luisa Neubauer <a href=\"https:\/\/www.thebestsocial.media\/de\/anne-will-neubauer-laschet\/\" rel=\"noopener\" target=\"_blank\">am vergangenen Sonntag bei Anne Will<\/a> Kanzlerkandidat Armin Laschet argumentativ geh\u00f6rig unter Druck setzte, gingen ihre Kritiker weniger auf das Gesagte ein, sondern diffamierten sie viel mehr bez\u00fcglich ihres Alters und Geschlechts.<\/strong><\/p>\n<div class=\"dbsm-oembed\">\n<blockquote class=\"twitter-tweet\" data-width=\"500\" data-dnt=\"true\">\n<p lang=\"de\" dir=\"ltr\">Eine 25j\u00e4hrige als &quot;Kind&quot; bezeichnen. <a href=\"https:\/\/twitter.com\/hashtag\/Neubauer?src=hash&amp;ref_src=twsrc%5Etfw\">#Neubauer<\/a><br \/>Wie sagte ich neulich: &quot;Wovor alte wei\u00dfe M\u00e4nner am meisten Angst haben? Prostatakrebs und kluge junge Frauen.&quot;<\/p>\n<p>&mdash; Onkel Schrullich \uea00 (@PeterHellinger) <a href=\"https:\/\/twitter.com\/PeterHellinger\/status\/1391652575078912002?ref_src=twsrc%5Etfw\">May 10, 2021<\/a><\/p><\/blockquote>\n<p><script async src=\"https:\/\/platform.twitter.com\/widgets.js\" charset=\"utf-8\"><\/script><\/div>\n<p>https:\/\/twitter.com\/baxywasded\/status\/1391680023044759555<\/p>\n<p>https:\/\/twitter.com\/ebonyplusirony\/status\/1391842957226090503<\/p>\n<p>&nbsp;<br \/>\n<strong>Der nur drei Jahre \u00e4ltere Philipp Amthor hingegen, der sich nachweislich der Korruption schuldig gemacht hat, muss sich derartige Diffamierungen kaum gefallen lassen.<\/strong><\/p>\n<p>https:\/\/twitter.com\/quazanga\/status\/1391694154288308233<\/p>\n<div class=\"dbsm-oembed\">\n<blockquote class=\"twitter-tweet\" data-width=\"500\" data-dnt=\"true\">\n<p lang=\"de\" dir=\"ltr\">Junge Frauen, die Fehler benennen, sind &quot;G\u00f6ren&quot;. <br \/>Junge M\u00e4nner, die &quot;Fehler&quot; machen, werden Spitzenkandidaten in MV.<\/p>\n<p>&mdash; Derya T\u00fcrk-Nachbaur (@derya_tn) <a href=\"https:\/\/twitter.com\/derya_tn\/status\/1391758109622812674?ref_src=twsrc%5Etfw\">May 10, 2021<\/a><\/p><\/blockquote>\n<p><script async src=\"https:\/\/platform.twitter.com\/widgets.js\" charset=\"utf-8\"><\/script><\/div>\n<div class=\"dbsm-oembed\">\n<blockquote class=\"twitter-tweet\" data-width=\"500\" data-dnt=\"true\">\n<p lang=\"de\" dir=\"ltr\">Philip Amthor (28 Jahre): \u201eEr ist ja noch jung. Lasst uns \u00fcber seinen Kopf streicheln. Alles vergessen und wieder gut.\u201c <\/p>\n<p>Luisa Neubauer (25 Jahre): \u201eDiese G\u00f6re! Dieses Kind! Soll erstmal arbeiten gehen!!\u201c<\/p>\n<p>&mdash; Alex Urban (@aurban) <a href=\"https:\/\/twitter.com\/aurban\/status\/1391753204761780225?ref_src=twsrc%5Etfw\">May 10, 2021<\/a><\/p><\/blockquote>\n<p><script async src=\"https:\/\/platform.twitter.com\/widgets.js\" charset=\"utf-8\"><\/script><\/div>\n<p>&nbsp;<br \/>\n<strong>Auch als Gr\u00fcnen-Politikerin Annalena Baerbock vergangenen Monat <a href=\"https:\/\/www.thebestsocial.media\/de\/annalena-baerbock-kanzlerkandidatur\/\" rel=\"noopener\" target=\"_blank\">ihre Kanzlerkandidatur verk\u00fcndete<\/a>, wurde auff\u00e4llig oft ihr Alter thematisiert, was bei vergleichbaren m\u00e4nnlichen Kandidaten so nicht der Fall war.<\/strong><\/p>\n<div class=\"dbsm-oembed\">\n<blockquote class=\"twitter-tweet\" data-width=\"500\" data-dnt=\"true\">\n<p lang=\"de\" dir=\"ltr\">Charles Michel war 38, Emmanuel Macron 39, David Cameron und Justin Trudeau beide 43 als sie Regierungschef\/Pr\u00e4sident wurden. M\u00f6glicherweise ist <a href=\"https:\/\/twitter.com\/hashtag\/Baerbock?src=hash&amp;ref_src=twsrc%5Etfw\">#Baerbock<\/a> gar nicht besonders jung.<\/p>\n<p>&mdash; Anna-Mareike Krause (@mlle_krawall) <a href=\"https:\/\/twitter.com\/mlle_krawall\/status\/1384094952058015746?ref_src=twsrc%5Etfw\">April 19, 2021<\/a><\/p><\/blockquote>\n<p><script async src=\"https:\/\/platform.twitter.com\/widgets.js\" charset=\"utf-8\"><\/script><\/div>\n<div class=\"dbsm-oembed\">\n<blockquote class=\"twitter-tweet\" data-width=\"500\" data-dnt=\"true\">\n<p lang=\"de\" dir=\"ltr\">&quot;Ob eine _so junge_ Frau Kanzler werden kann?&quot; fragt der &quot;Experte&quot; und wackelt pessimistisch mit dem Kopf. <br \/>Wovor alte wei\u00dfe M\u00e4nner am meisten Angst haben? Prostatakrebs und kluge junge Frauen.<\/p>\n<p>&mdash; Onkel Schrullich \uea00 (@PeterHellinger) <a href=\"https:\/\/twitter.com\/PeterHellinger\/status\/1384079427206664197?ref_src=twsrc%5Etfw\">April 19, 2021<\/a><\/p><\/blockquote>\n<p><script async src=\"https:\/\/platform.twitter.com\/widgets.js\" charset=\"utf-8\"><\/script><\/div>\n<div class=\"dbsm-oembed\">\n<blockquote class=\"twitter-tweet\" data-width=\"500\" data-dnt=\"true\">\n<p lang=\"de\" dir=\"ltr\">Wenn einer im Gespr\u00e4ch erwachsene Frauen \u201eM\u00e4dchen\u201c nennt, ist das f\u00fcr mich zu 100% ein Alarmsignal: Creep! Besser Abstand halten. <a href=\"https:\/\/twitter.com\/hashtag\/Baerbock?src=hash&amp;ref_src=twsrc%5Etfw\">#Baerbock<\/a><\/p>\n<p>&mdash; Katharina Nocun (@kattascha) <a href=\"https:\/\/twitter.com\/kattascha\/status\/1384146964548182018?ref_src=twsrc%5Etfw\">April 19, 2021<\/a><\/p><\/blockquote>\n<p><script async src=\"https:\/\/platform.twitter.com\/widgets.js\" charset=\"utf-8\"><\/script><\/div>\n<p>&nbsp;<br \/>\n<strong>Neben dem Alter wurde ihre Eignung f\u00fcr das Kanzleramt zudem mit ihrem Familienleben in Zusammenhang gebracht. Ein Aspekt, der beispielsweise bei Laschet offensichtlich keine Rolle spielt.<\/strong><\/p>\n<p>https:\/\/twitter.com\/TravellingStar\/status\/1384096425286324228<\/p>\n<div class=\"dbsm-oembed\">\n<blockquote class=\"twitter-tweet\" data-width=\"500\" data-dnt=\"true\">\n<p lang=\"de\" dir=\"ltr\">Wann es in Deutschland NICHT interessiert, wie sich Kinder und Beruf vereinen lassen:<\/p>\n<p>&#8211; an 364 Tagen im Jahr<\/p>\n<p>Wann es in Deutschland interessiert, wie sich Kinder und Beruf vereinen lassen:<\/p>\n<p>&#8211; an dem einen Tag, an dem sich eine Frau als Kanzlerkandidatin aufstellen l\u00e4sst<\/p>\n<p>&mdash; Kaffeecup (@kaffeecup) <a href=\"https:\/\/twitter.com\/kaffeecup\/status\/1384227351341404160?ref_src=twsrc%5Etfw\">April 19, 2021<\/a><\/p><\/blockquote>\n<p><script async src=\"https:\/\/platform.twitter.com\/widgets.js\" charset=\"utf-8\"><\/script><\/div>\n<div class=\"dbsm-oembed\">\n<blockquote class=\"twitter-tweet\" data-width=\"500\" data-dnt=\"true\">\n<p lang=\"de\" dir=\"ltr\">Wie viele Kinder hat Anna-Lena Baerbock? Wissen wir aus dem Stand.<br \/>Wie viele hat Olaf Scholz? Armin Laschet? Markus S\u00f6der? M\u00fcssen wir erst googeln. <a href=\"https:\/\/twitter.com\/hashtag\/doublestandards?src=hash&amp;ref_src=twsrc%5Etfw\">#doublestandards<\/a><\/p>\n<p>&mdash; Barbara Vorsamer (@vorsamer) <a href=\"https:\/\/twitter.com\/vorsamer\/status\/1384227030300905479?ref_src=twsrc%5Etfw\">April 19, 2021<\/a><\/p><\/blockquote>\n<p><script async src=\"https:\/\/platform.twitter.com\/widgets.js\" charset=\"utf-8\"><\/script><\/div>\n<div class=\"dbsm-oembed\">\n<blockquote class=\"twitter-tweet\" data-width=\"500\" data-dnt=\"true\">\n<p lang=\"de\" dir=\"ltr\">Zwei Gr\u00fcnde, um einer Frau absolut nichts zuzutrauen: <\/p>\n<p>\u2022 sie hat keine Kinder <br \/>\u2022 sie hat Kinder<\/p>\n<p>&mdash; ichbinjazz@troet.cafe (@IchBinJazz) <a href=\"https:\/\/twitter.com\/IchBinJazz\/status\/1384107535431467012?ref_src=twsrc%5Etfw\">April 19, 2021<\/a><\/p><\/blockquote>\n<p><script async src=\"https:\/\/platform.twitter.com\/widgets.js\" charset=\"utf-8\"><\/script><\/div>\n<div class=\"dbsm-oembed\">\n<blockquote class=\"twitter-tweet\" data-width=\"500\" data-dnt=\"true\">\n<p lang=\"de\" dir=\"ltr\">Was ich von der <a href=\"https:\/\/twitter.com\/hashtag\/Wahlkampf?src=hash&amp;ref_src=twsrc%5Etfw\">#Wahlkampf<\/a>-Berichterstattung erwarte: <\/p>\n<p>\u274cKeine Analyse von Kleidung<br \/>\u274cKeine politische Deutung von Lippenstift &amp; Nagellack<br \/>\u274cKeine Verniedlichung a la \u201eM\u00e4dchen\u201c oder \u201ePrinzessin\u201c<br \/>\u2705Die m\u00e4nnlichen Kandidaten fragen, wie sie Arbeit &amp; Familie vereinbaren<a href=\"https:\/\/twitter.com\/hashtag\/Baerbock?src=hash&amp;ref_src=twsrc%5Etfw\">#Baerbock<\/a><\/p>\n<p>&mdash; Katharina Nocun (@kattascha) <a href=\"https:\/\/twitter.com\/kattascha\/status\/1384149054817329159?ref_src=twsrc%5Etfw\">April 19, 2021<\/a><\/p><\/blockquote>\n<p><script async src=\"https:\/\/platform.twitter.com\/widgets.js\" charset=\"utf-8\"><\/script><\/div>\n<p>&nbsp;<br \/>\n<strong>Und M\u00e4nner, die zum Beispiel einen Machtkampf um die Kanzlerkandidatur ihrer Partei austragen, agieren dabei stets rational und lassen sich nicht von ihren Emotionen leiten?<\/strong><\/p>\n<div class=\"dbsm-oembed\">\n<blockquote class=\"twitter-tweet\" data-width=\"500\" data-dnt=\"true\">\n<p lang=\"de\" dir=\"ltr\">Wir haben in den letzten Tagen halt auch leider sehen m\u00fcssen, dass die Kanzlerinnenkandidatur f\u00fcr M\u00e4nner nichts ist, weil die viel zu emotional sind. <a href=\"https:\/\/twitter.com\/hashtag\/Baerbock?src=hash&amp;ref_src=twsrc%5Etfw\">#Baerbock<\/a><\/p>\n<p>&mdash; Christopher Lauer\u2122 (@Schmidtlepp) <a href=\"https:\/\/twitter.com\/Schmidtlepp\/status\/1384072326023553031?ref_src=twsrc%5Etfw\">April 19, 2021<\/a><\/p><\/blockquote>\n<p><script async src=\"https:\/\/platform.twitter.com\/widgets.js\" charset=\"utf-8\"><\/script><\/div>\n<p>&nbsp;<br \/>\n<a href=\"mailto:dion@thebest.social\"><img loading=\"lazy\" decoding=\"async\" src=\"https:\/\/www.thebestsocial.media\/de\/wp-content\/uploads\/sites\/3\/2021\/04\/Studio-Promo-Banner-1024x538.png\" alt=\"\" width=\"1024\" height=\"538\" class=\"alignnone size-large wp-image-144565\" srcset=\"https:\/\/www.thebestsocial.media\/de\/wp-content\/uploads\/sites\/3\/2021\/04\/Studio-Promo-Banner-1024x538.png 1024w, https:\/\/www.thebestsocial.media\/de\/wp-content\/uploads\/sites\/3\/2021\/04\/Studio-Promo-Banner-300x158.png 300w, https:\/\/www.thebestsocial.media\/de\/wp-content\/uploads\/sites\/3\/2021\/04\/Studio-Promo-Banner-768x403.png 768w, https:\/\/www.thebestsocial.media\/de\/wp-content\/uploads\/sites\/3\/2021\/04\/Studio-Promo-Banner.png 1200w\" sizes=\"auto, (max-width: 1024px) 100vw, 1024px\" \/><\/a><\/p>\n<p>&nbsp;<\/p>\n<p>&#8212;<br \/>\nVielen Dank an alle f\u00fcr die Posts.<br \/>\n&#8212;<br \/>\n<strong>Keine Influencer! Kein Foodporn! Nur ganz viel Spa\u00df &#8211; bei uns auf Instagram:<\/strong><\/p>\n<blockquote class=\"instagram-media\" data-instgrm-captioned data-instgrm-permalink=\"https:\/\/www.instagram.com\/p\/COuWHgwlmBG\/?utm_source=ig_embed&amp;utm_campaign=loading\" data-instgrm-version=\"13\" style=\" background:#FFF; border:0; border-radius:3px; box-shadow:0 0 1px 0 rgba(0,0,0,0.5),0 1px 10px 0 rgba(0,0,0,0.15); margin: 1px; max-width:540px; min-width:326px; padding:0; width:99.375%; width:-webkit-calc(100% - 2px); width:calc(100% - 2px);\">\n<div style=\"padding:16px;\"> <a href=\"https:\/\/www.instagram.com\/p\/COuWHgwlmBG\/?utm_source=ig_embed&amp;utm_campaign=loading\" style=\" background:#FFFFFF; line-height:0; padding:0 0; text-align:center; text-decoration:none; width:100%;\" target=\"_blank\" rel=\"noopener\"> <\/p>\n<div style=\" display: flex; flex-direction: row; align-items: center;\">\n<div style=\"background-color: #F4F4F4; border-radius: 50%; flex-grow: 0; height: 40px; margin-right: 14px; width: 40px;\"><\/div>\n<div style=\"display: flex; flex-direction: column; flex-grow: 1; justify-content: center;\">\n<div style=\" background-color: #F4F4F4; border-radius: 4px; flex-grow: 0; height: 14px; margin-bottom: 6px; width: 100px;\"><\/div>\n<div style=\" background-color: #F4F4F4; border-radius: 4px; flex-grow: 0; height: 14px; width: 60px;\"><\/div>\n<\/div>\n<\/div>\n<div style=\"padding: 19% 0;\"><\/div>\n<div style=\"display:block; height:50px; margin:0 auto 12px; width:50px;\"><svg width=\"50px\" height=\"50px\" viewBox=\"0 0 60 60\" version=\"1.1\" xmlns=\"https:\/\/www.w3.org\/2000\/svg\" xmlns:xlink=\"https:\/\/www.w3.org\/1999\/xlink\"><g stroke=\"none\" stroke-width=\"1\" fill=\"none\" fill-rule=\"evenodd\"><g transform=\"translate(-511.000000, -20.000000)\" fill=\"#000000\"><g><path d=\"M556.869,30.41 C554.814,30.41 553.148,32.076 553.148,34.131 C553.148,36.186 554.814,37.852 556.869,37.852 C558.924,37.852 560.59,36.186 560.59,34.131 C560.59,32.076 558.924,30.41 556.869,30.41 M541,60.657 C535.114,60.657 530.342,55.887 530.342,50 C530.342,44.114 535.114,39.342 541,39.342 C546.887,39.342 551.658,44.114 551.658,50 C551.658,55.887 546.887,60.657 541,60.657 M541,33.886 C532.1,33.886 524.886,41.1 524.886,50 C524.886,58.899 532.1,66.113 541,66.113 C549.9,66.113 557.115,58.899 557.115,50 C557.115,41.1 549.9,33.886 541,33.886 M565.378,62.101 C565.244,65.022 564.756,66.606 564.346,67.663 C563.803,69.06 563.154,70.057 562.106,71.106 C561.058,72.155 560.06,72.803 558.662,73.347 C557.607,73.757 556.021,74.244 553.102,74.378 C549.944,74.521 548.997,74.552 541,74.552 C533.003,74.552 532.056,74.521 528.898,74.378 C525.979,74.244 524.393,73.757 523.338,73.347 C521.94,72.803 520.942,72.155 519.894,71.106 C518.846,70.057 518.197,69.06 517.654,67.663 C517.244,66.606 516.755,65.022 516.623,62.101 C516.479,58.943 516.448,57.996 516.448,50 C516.448,42.003 516.479,41.056 516.623,37.899 C516.755,34.978 517.244,33.391 517.654,32.338 C518.197,30.938 518.846,29.942 519.894,28.894 C520.942,27.846 521.94,27.196 523.338,26.654 C524.393,26.244 525.979,25.756 528.898,25.623 C532.057,25.479 533.004,25.448 541,25.448 C548.997,25.448 549.943,25.479 553.102,25.623 C556.021,25.756 557.607,26.244 558.662,26.654 C560.06,27.196 561.058,27.846 562.106,28.894 C563.154,29.942 563.803,30.938 564.346,32.338 C564.756,33.391 565.244,34.978 565.378,37.899 C565.522,41.056 565.552,42.003 565.552,50 C565.552,57.996 565.522,58.943 565.378,62.101 M570.82,37.631 C570.674,34.438 570.167,32.258 569.425,30.349 C568.659,28.377 567.633,26.702 565.965,25.035 C564.297,23.368 562.623,22.342 560.652,21.575 C558.743,20.834 556.562,20.326 553.369,20.18 C550.169,20.033 549.148,20 541,20 C532.853,20 531.831,20.033 528.631,20.18 C525.438,20.326 523.257,20.834 521.349,21.575 C519.376,22.342 517.703,23.368 516.035,25.035 C514.368,26.702 513.342,28.377 512.574,30.349 C511.834,32.258 511.326,34.438 511.181,37.631 C511.035,40.831 511,41.851 511,50 C511,58.147 511.035,59.17 511.181,62.369 C511.326,65.562 511.834,67.743 512.574,69.651 C513.342,71.625 514.368,73.296 516.035,74.965 C517.703,76.634 519.376,77.658 521.349,78.425 C523.257,79.167 525.438,79.673 528.631,79.82 C531.831,79.965 532.853,80.001 541,80.001 C549.148,80.001 550.169,79.965 553.369,79.82 C556.562,79.673 558.743,79.167 560.652,78.425 C562.623,77.658 564.297,76.634 565.965,74.965 C567.633,73.296 568.659,71.625 569.425,69.651 C570.167,67.743 570.674,65.562 570.82,62.369 C570.966,59.17 571,58.147 571,50 C571,41.851 570.966,40.831 570.82,37.631\"><\/path><\/g><\/g><\/g><\/svg><\/div>\n<div style=\"padding-top: 8px;\">\n<div style=\" color:#3897f0; font-family:Arial,sans-serif; font-size:14px; font-style:normal; font-weight:550; line-height:18px;\"> Sieh dir diesen Beitrag auf Instagram an<\/div>\n<\/div>\n<div style=\"padding: 12.5% 0;\"><\/div>\n<div style=\"display: flex; flex-direction: row; margin-bottom: 14px; align-items: center;\">\n<div>\n<div style=\"background-color: #F4F4F4; border-radius: 50%; height: 12.5px; width: 12.5px; transform: translateX(0px) translateY(7px);\"><\/div>\n<div style=\"background-color: #F4F4F4; height: 12.5px; transform: rotate(-45deg) translateX(3px) translateY(1px); width: 12.5px; flex-grow: 0; margin-right: 14px; margin-left: 2px;\"><\/div>\n<div style=\"background-color: #F4F4F4; border-radius: 50%; height: 12.5px; width: 12.5px; transform: translateX(9px) translateY(-18px);\"><\/div>\n<\/div>\n<div style=\"margin-left: 8px;\">\n<div style=\" background-color: #F4F4F4; border-radius: 50%; flex-grow: 0; height: 20px; width: 20px;\"><\/div>\n<div style=\" width: 0; height: 0; border-top: 2px solid transparent; border-left: 6px solid #f4f4f4; border-bottom: 2px solid transparent; transform: translateX(16px) translateY(-4px) rotate(30deg)\"><\/div>\n<\/div>\n<div style=\"margin-left: auto;\">\n<div style=\" width: 0px; border-top: 8px solid #F4F4F4; border-right: 8px solid transparent; transform: translateY(16px);\"><\/div>\n<div style=\" background-color: #F4F4F4; flex-grow: 0; height: 12px; width: 16px; transform: translateY(-4px);\"><\/div>\n<div style=\" width: 0; height: 0; border-top: 8px solid #F4F4F4; border-left: 8px solid transparent; transform: translateY(-4px) translateX(8px);\"><\/div>\n<\/div>\n<\/div>\n<div style=\"display: flex; flex-direction: column; flex-grow: 1; justify-content: center; margin-bottom: 24px;\">\n<div style=\" background-color: #F4F4F4; border-radius: 4px; flex-grow: 0; height: 14px; margin-bottom: 6px; width: 224px;\"><\/div>\n<div style=\" background-color: #F4F4F4; border-radius: 4px; flex-grow: 0; height: 14px; width: 144px;\"><\/div>\n<\/div>\n<p><\/a><\/p>\n<p style=\" color:#c9c8cd; font-family:Arial,sans-serif; font-size:14px; line-height:17px; margin-bottom:0; margin-top:8px; overflow:hidden; padding:8px 0 7px; text-align:center; text-overflow:ellipsis; white-space:nowrap;\"><a href=\"https:\/\/www.instagram.com\/p\/COuWHgwlmBG\/?utm_source=ig_embed&amp;utm_campaign=loading\" style=\" color:#c9c8cd; font-family:Arial,sans-serif; font-size:14px; font-style:normal; font-weight:normal; line-height:17px; text-decoration:none;\" target=\"_blank\" rel=\"noopener\">Ein Beitrag geteilt von The Best Social Media &#8211; DE (@thebestsocialmediade)<\/a><\/p>\n<\/div>\n<\/blockquote>\n\n<script async defer src=\"\/instagram-embed.js\"><\/script>","protected":false},"excerpt":{"rendered":"<p>Wer als Person des \u00f6ffentlichen Lebens seine (politische) Meinung in den sozialen Netzwerken kundtut, kann leider schnell Opfer von Shitstorms und Hatespeech werden. Aber im&#8230;<\/p>\n","protected":false},"author":72,"featured_media":145426,"comment_status":"open","ping_status":"open","sticky":false,"template":"","format":"standard","meta":{"_acf_changed":false,"footnotes":""},"categories":[35],"tags":[1566,1567,547],"class_list":["post-145414","post","type-post","status-publish","format-standard","has-post-thumbnail","hentry","category-twitter","tag-frauen","tag-maenner","tag-sexismus"],"acf":[],"yoast_head":"<!-- This site is optimized with the Yoast SEO plugin v27.5 - https:\/\/yoast.com\/product\/yoast-seo-wordpress\/ -->\n<title>User kritisieren, wie Frauen wegen Alter und Geschlecht diffamiert werden<\/title>\n<meta name=\"description\" content=\"User kritisieren, wie Frauen wegen ihres Geschlechts und Alters diffamiert werden, M\u00e4nner sich diesbez\u00fcglich aber nicht verteidigen m\u00fcssen.\" \/>\n<meta name=\"robots\" content=\"index, follow, max-snippet:-1, max-image-preview:large, max-video-preview:-1\" \/>\n<link rel=\"canonical\" href=\"https:\/\/www.thebestsocial.media\/de\/diffarmierung-geschlechts\/\" \/>\n<meta property=\"og:locale\" content=\"de_DE\" \/>\n<meta property=\"og:type\" content=\"article\" \/>\n<meta property=\"og:title\" content=\"Bei M\u00e4nnern kein Problem: User kritisieren, wie Frauen wegen Alter und Geschlecht diffamiert werden\" \/>\n<meta property=\"og:description\" content=\"User kritisieren, wie Frauen wegen ihres Geschlechts und Alters diffamiert werden, M\u00e4nner sich diesbez\u00fcglich aber nicht verteidigen m\u00fcssen.\" \/>\n<meta property=\"og:url\" content=\"https:\/\/www.thebestsocial.media\/de\/diffarmierung-geschlechts\/\" \/>\n<meta property=\"og:site_name\" content=\"The Best Social Media DE\" \/>\n<meta property=\"article:published_time\" content=\"2021-05-11T10:14:16+00:00\" \/>\n<meta property=\"og:image\" content=\"https:\/\/www.thebestsocial.media\/de\/wp-content\/uploads\/sites\/3\/2021\/05\/geschlecht-fb.png\" \/>\n\t<meta property=\"og:image:width\" content=\"1200\" \/>\n\t<meta property=\"og:image:height\" content=\"630\" \/>\n\t<meta property=\"og:image:type\" content=\"image\/png\" \/>\n<meta name=\"author\" content=\"Benny\" \/>\n<meta name=\"twitter:card\" content=\"summary_large_image\" \/>\n<meta name=\"twitter:label1\" content=\"Verfasst von\" \/>\n\t<meta name=\"twitter:data1\" content=\"Benny\" \/>\n\t<meta name=\"twitter:label2\" content=\"Gesch\u00e4tzte Lesezeit\" \/>\n\t<meta name=\"twitter:data2\" content=\"1\u00a0Minute\" \/>\n<script type=\"application\/ld+json\" class=\"yoast-schema-graph\">{\"@context\":\"https:\\\/\\\/schema.org\",\"@graph\":[{\"@type\":\"Article\",\"@id\":\"https:\\\/\\\/www.thebestsocial.media\\\/de\\\/diffarmierung-geschlechts\\\/#article\",\"isPartOf\":{\"@id\":\"https:\\\/\\\/www.thebestsocial.media\\\/de\\\/diffarmierung-geschlechts\\\/\"},\"author\":{\"name\":\"Benny\",\"@id\":\"https:\\\/\\\/www.thebestsocial.media\\\/de\\\/#\\\/schema\\\/person\\\/212fdd48880db42a484e589e4e27871b\"},\"headline\":\"Bei M\u00e4nnern kein Problem: User kritisieren, wie Frauen wegen Alter und Geschlecht diffamiert werden\",\"datePublished\":\"2021-05-11T10:14:16+00:00\",\"mainEntityOfPage\":{\"@id\":\"https:\\\/\\\/www.thebestsocial.media\\\/de\\\/diffarmierung-geschlechts\\\/\"},\"wordCount\":511,\"commentCount\":0,\"image\":{\"@id\":\"https:\\\/\\\/www.thebestsocial.media\\\/de\\\/diffarmierung-geschlechts\\\/#primaryimage\"},\"thumbnailUrl\":\"https:\\\/\\\/www.thebestsocial.media\\\/de\\\/wp-content\\\/uploads\\\/sites\\\/3\\\/2021\\\/05\\\/geschlecht-thumb.png\",\"keywords\":[\"frauen\",\"m\u00e4nner\",\"Sexismus\"],\"articleSection\":[\"Twitter\"],\"inLanguage\":\"de\",\"potentialAction\":[{\"@type\":\"CommentAction\",\"name\":\"Comment\",\"target\":[\"https:\\\/\\\/www.thebestsocial.media\\\/de\\\/diffarmierung-geschlechts\\\/#respond\"]}]},{\"@type\":\"WebPage\",\"@id\":\"https:\\\/\\\/www.thebestsocial.media\\\/de\\\/diffarmierung-geschlechts\\\/\",\"url\":\"https:\\\/\\\/www.thebestsocial.media\\\/de\\\/diffarmierung-geschlechts\\\/\",\"name\":\"User kritisieren, wie Frauen wegen Alter und Geschlecht diffamiert werden\",\"isPartOf\":{\"@id\":\"https:\\\/\\\/www.thebestsocial.media\\\/de\\\/#website\"},\"primaryImageOfPage\":{\"@id\":\"https:\\\/\\\/www.thebestsocial.media\\\/de\\\/diffarmierung-geschlechts\\\/#primaryimage\"},\"image\":{\"@id\":\"https:\\\/\\\/www.thebestsocial.media\\\/de\\\/diffarmierung-geschlechts\\\/#primaryimage\"},\"thumbnailUrl\":\"https:\\\/\\\/www.thebestsocial.media\\\/de\\\/wp-content\\\/uploads\\\/sites\\\/3\\\/2021\\\/05\\\/geschlecht-thumb.png\",\"datePublished\":\"2021-05-11T10:14:16+00:00\",\"author\":{\"@id\":\"https:\\\/\\\/www.thebestsocial.media\\\/de\\\/#\\\/schema\\\/person\\\/212fdd48880db42a484e589e4e27871b\"},\"description\":\"User kritisieren, wie Frauen wegen ihres Geschlechts und Alters diffamiert werden, M\u00e4nner sich diesbez\u00fcglich aber nicht verteidigen m\u00fcssen.\",\"breadcrumb\":{\"@id\":\"https:\\\/\\\/www.thebestsocial.media\\\/de\\\/diffarmierung-geschlechts\\\/#breadcrumb\"},\"inLanguage\":\"de\",\"potentialAction\":[{\"@type\":\"ReadAction\",\"target\":[\"https:\\\/\\\/www.thebestsocial.media\\\/de\\\/diffarmierung-geschlechts\\\/\"]}]},{\"@type\":\"ImageObject\",\"inLanguage\":\"de\",\"@id\":\"https:\\\/\\\/www.thebestsocial.media\\\/de\\\/diffarmierung-geschlechts\\\/#primaryimage\",\"url\":\"https:\\\/\\\/www.thebestsocial.media\\\/de\\\/wp-content\\\/uploads\\\/sites\\\/3\\\/2021\\\/05\\\/geschlecht-thumb.png\",\"contentUrl\":\"https:\\\/\\\/www.thebestsocial.media\\\/de\\\/wp-content\\\/uploads\\\/sites\\\/3\\\/2021\\\/05\\\/geschlecht-thumb.png\",\"width\":1200,\"height\":630},{\"@type\":\"BreadcrumbList\",\"@id\":\"https:\\\/\\\/www.thebestsocial.media\\\/de\\\/diffarmierung-geschlechts\\\/#breadcrumb\",\"itemListElement\":[{\"@type\":\"ListItem\",\"position\":1,\"name\":\"Home\",\"item\":\"https:\\\/\\\/www.thebestsocial.media\\\/de\\\/\"},{\"@type\":\"ListItem\",\"position\":2,\"name\":\"Bei M\u00e4nnern kein Problem: User kritisieren, wie Frauen wegen Alter und Geschlecht diffamiert werden\"}]},{\"@type\":\"WebSite\",\"@id\":\"https:\\\/\\\/www.thebestsocial.media\\\/de\\\/#website\",\"url\":\"https:\\\/\\\/www.thebestsocial.media\\\/de\\\/\",\"name\":\"The Best Social Media DE\",\"description\":\"\",\"potentialAction\":[{\"@type\":\"SearchAction\",\"target\":{\"@type\":\"EntryPoint\",\"urlTemplate\":\"https:\\\/\\\/www.thebestsocial.media\\\/de\\\/?s={search_term_string}\"},\"query-input\":{\"@type\":\"PropertyValueSpecification\",\"valueRequired\":true,\"valueName\":\"search_term_string\"}}],\"inLanguage\":\"de\"},{\"@type\":\"Person\",\"@id\":\"https:\\\/\\\/www.thebestsocial.media\\\/de\\\/#\\\/schema\\\/person\\\/212fdd48880db42a484e589e4e27871b\",\"name\":\"Benny\",\"image\":{\"@type\":\"ImageObject\",\"inLanguage\":\"de\",\"@id\":\"https:\\\/\\\/secure.gravatar.com\\\/avatar\\\/559f54fceb59ac8654d5ca40291d2ab87f2a9d79e48e8e3c19582477cde950bf?s=96&d=mm&r=g\",\"url\":\"https:\\\/\\\/secure.gravatar.com\\\/avatar\\\/559f54fceb59ac8654d5ca40291d2ab87f2a9d79e48e8e3c19582477cde950bf?s=96&d=mm&r=g\",\"contentUrl\":\"https:\\\/\\\/secure.gravatar.com\\\/avatar\\\/559f54fceb59ac8654d5ca40291d2ab87f2a9d79e48e8e3c19582477cde950bf?s=96&d=mm&r=g\",\"caption\":\"Benny\"},\"url\":\"https:\\\/\\\/www.thebestsocial.media\\\/de\\\/author\\\/bennykrueger\\\/\"}]}<\/script>\n<!-- \/ Yoast SEO plugin. -->","yoast_head_json":{"title":"User kritisieren, wie Frauen wegen Alter und Geschlecht diffamiert werden","description":"User kritisieren, wie Frauen wegen ihres Geschlechts und Alters diffamiert werden, M\u00e4nner sich diesbez\u00fcglich aber nicht verteidigen m\u00fcssen.","robots":{"index":"index","follow":"follow","max-snippet":"max-snippet:-1","max-image-preview":"max-image-preview:large","max-video-preview":"max-video-preview:-1"},"canonical":"https:\/\/www.thebestsocial.media\/de\/diffarmierung-geschlechts\/","og_locale":"de_DE","og_type":"article","og_title":"Bei M\u00e4nnern kein Problem: User kritisieren, wie Frauen wegen Alter und Geschlecht diffamiert werden","og_description":"User kritisieren, wie Frauen wegen ihres Geschlechts und Alters diffamiert werden, M\u00e4nner sich diesbez\u00fcglich aber nicht verteidigen m\u00fcssen.","og_url":"https:\/\/www.thebestsocial.media\/de\/diffarmierung-geschlechts\/","og_site_name":"The Best Social Media DE","article_published_time":"2021-05-11T10:14:16+00:00","og_image":[{"width":1200,"height":630,"url":"https:\/\/www.thebestsocial.media\/de\/wp-content\/uploads\/sites\/3\/2021\/05\/geschlecht-fb.png","type":"image\/png"}],"author":"Benny","twitter_card":"summary_large_image","twitter_misc":{"Verfasst von":"Benny","Gesch\u00e4tzte Lesezeit":"1\u00a0Minute"},"schema":{"@context":"https:\/\/schema.org","@graph":[{"@type":"Article","@id":"https:\/\/www.thebestsocial.media\/de\/diffarmierung-geschlechts\/#article","isPartOf":{"@id":"https:\/\/www.thebestsocial.media\/de\/diffarmierung-geschlechts\/"},"author":{"name":"Benny","@id":"https:\/\/www.thebestsocial.media\/de\/#\/schema\/person\/212fdd48880db42a484e589e4e27871b"},"headline":"Bei M\u00e4nnern kein Problem: User kritisieren, wie Frauen wegen Alter und Geschlecht diffamiert werden","datePublished":"2021-05-11T10:14:16+00:00","mainEntityOfPage":{"@id":"https:\/\/www.thebestsocial.media\/de\/diffarmierung-geschlechts\/"},"wordCount":511,"commentCount":0,"image":{"@id":"https:\/\/www.thebestsocial.media\/de\/diffarmierung-geschlechts\/#primaryimage"},"thumbnailUrl":"https:\/\/www.thebestsocial.media\/de\/wp-content\/uploads\/sites\/3\/2021\/05\/geschlecht-thumb.png","keywords":["frauen","m\u00e4nner","Sexismus"],"articleSection":["Twitter"],"inLanguage":"de","potentialAction":[{"@type":"CommentAction","name":"Comment","target":["https:\/\/www.thebestsocial.media\/de\/diffarmierung-geschlechts\/#respond"]}]},{"@type":"WebPage","@id":"https:\/\/www.thebestsocial.media\/de\/diffarmierung-geschlechts\/","url":"https:\/\/www.thebestsocial.media\/de\/diffarmierung-geschlechts\/","name":"User kritisieren, wie Frauen wegen Alter und Geschlecht diffamiert werden","isPartOf":{"@id":"https:\/\/www.thebestsocial.media\/de\/#website"},"primaryImageOfPage":{"@id":"https:\/\/www.thebestsocial.media\/de\/diffarmierung-geschlechts\/#primaryimage"},"image":{"@id":"https:\/\/www.thebestsocial.media\/de\/diffarmierung-geschlechts\/#primaryimage"},"thumbnailUrl":"https:\/\/www.thebestsocial.media\/de\/wp-content\/uploads\/sites\/3\/2021\/05\/geschlecht-thumb.png","datePublished":"2021-05-11T10:14:16+00:00","author":{"@id":"https:\/\/www.thebestsocial.media\/de\/#\/schema\/person\/212fdd48880db42a484e589e4e27871b"},"description":"User kritisieren, wie Frauen wegen ihres Geschlechts und Alters diffamiert werden, M\u00e4nner sich diesbez\u00fcglich aber nicht verteidigen m\u00fcssen.","breadcrumb":{"@id":"https:\/\/www.thebestsocial.media\/de\/diffarmierung-geschlechts\/#breadcrumb"},"inLanguage":"de","potentialAction":[{"@type":"ReadAction","target":["https:\/\/www.thebestsocial.media\/de\/diffarmierung-geschlechts\/"]}]},{"@type":"ImageObject","inLanguage":"de","@id":"https:\/\/www.thebestsocial.media\/de\/diffarmierung-geschlechts\/#primaryimage","url":"https:\/\/www.thebestsocial.media\/de\/wp-content\/uploads\/sites\/3\/2021\/05\/geschlecht-thumb.png","contentUrl":"https:\/\/www.thebestsocial.media\/de\/wp-content\/uploads\/sites\/3\/2021\/05\/geschlecht-thumb.png","width":1200,"height":630},{"@type":"BreadcrumbList","@id":"https:\/\/www.thebestsocial.media\/de\/diffarmierung-geschlechts\/#breadcrumb","itemListElement":[{"@type":"ListItem","position":1,"name":"Home","item":"https:\/\/www.thebestsocial.media\/de\/"},{"@type":"ListItem","position":2,"name":"Bei M\u00e4nnern kein Problem: User kritisieren, wie Frauen wegen Alter und Geschlecht diffamiert werden"}]},{"@type":"WebSite","@id":"https:\/\/www.thebestsocial.media\/de\/#website","url":"https:\/\/www.thebestsocial.media\/de\/","name":"The Best Social Media DE","description":"","potentialAction":[{"@type":"SearchAction","target":{"@type":"EntryPoint","urlTemplate":"https:\/\/www.thebestsocial.media\/de\/?s={search_term_string}"},"query-input":{"@type":"PropertyValueSpecification","valueRequired":true,"valueName":"search_term_string"}}],"inLanguage":"de"},{"@type":"Person","@id":"https:\/\/www.thebestsocial.media\/de\/#\/schema\/person\/212fdd48880db42a484e589e4e27871b","name":"Benny","image":{"@type":"ImageObject","inLanguage":"de","@id":"https:\/\/secure.gravatar.com\/avatar\/559f54fceb59ac8654d5ca40291d2ab87f2a9d79e48e8e3c19582477cde950bf?s=96&d=mm&r=g","url":"https:\/\/secure.gravatar.com\/avatar\/559f54fceb59ac8654d5ca40291d2ab87f2a9d79e48e8e3c19582477cde950bf?s=96&d=mm&r=g","contentUrl":"https:\/\/secure.gravatar.com\/avatar\/559f54fceb59ac8654d5ca40291d2ab87f2a9d79e48e8e3c19582477cde950bf?s=96&d=mm&r=g","caption":"Benny"},"url":"https:\/\/www.thebestsocial.media\/de\/author\/bennykrueger\/"}]}},"amp_enabled":true,"_links":{"self":[{"href":"https:\/\/www.thebestsocial.media\/de\/wp-json\/wp\/v2\/posts\/145414","targetHints":{"allow":["GET"]}}],"collection":[{"href":"https:\/\/www.thebestsocial.media\/de\/wp-json\/wp\/v2\/posts"}],"about":[{"href":"https:\/\/www.thebestsocial.media\/de\/wp-json\/wp\/v2\/types\/post"}],"author":[{"embeddable":true,"href":"https:\/\/www.thebestsocial.media\/de\/wp-json\/wp\/v2\/users\/72"}],"replies":[{"embeddable":true,"href":"https:\/\/www.thebestsocial.media\/de\/wp-json\/wp\/v2\/comments?post=145414"}],"version-history":[{"count":2,"href":"https:\/\/www.thebestsocial.media\/de\/wp-json\/wp\/v2\/posts\/145414\/revisions"}],"predecessor-version":[{"id":145430,"href":"https:\/\/www.thebestsocial.media\/de\/wp-json\/wp\/v2\/posts\/145414\/revisions\/145430"}],"wp:featuredmedia":[{"embeddable":true,"href":"https:\/\/www.thebestsocial.media\/de\/wp-json\/wp\/v2\/media\/145426"}],"wp:attachment":[{"href":"https:\/\/www.thebestsocial.media\/de\/wp-json\/wp\/v2\/media?parent=145414"}],"wp:term":[{"taxonomy":"category","embeddable":true,"href":"https:\/\/www.thebestsocial.media\/de\/wp-json\/wp\/v2\/categories?post=145414"},{"taxonomy":"post_tag","embeddable":true,"href":"https:\/\/www.thebestsocial.media\/de\/wp-json\/wp\/v2\/tags?post=145414"}],"curies":[{"name":"wp","href":"https:\/\/api.w.org\/{rel}","templated":true}]}}