{"id":145378,"date":"2021-05-10T09:33:13","date_gmt":"2021-05-10T09:33:13","guid":{"rendered":"https:\/\/www.thebestsocial.media\/de\/?p=145378"},"modified":"2021-05-10T10:24:02","modified_gmt":"2021-05-10T10:24:02","slug":"anne-will-neubauer-laschet","status":"publish","type":"post","link":"https:\/\/www.thebestsocial.media\/de\/anne-will-neubauer-laschet\/","title":{"rendered":"Bei Anne Will: Luisa Neubauer kritisiert Armin Laschet f\u00fcr Klimapolitik und rechte Tendenzen in der CDU"},"content":{"rendered":"<p>Gestern Abend widmete sich Anne Will der Regierungskompetenz der Union. &#8222;Von Corona-Krise bis Klimapolitik \u2013 kann die Union noch Kanzleramt?&#8220;, so das Thema der Sendung. Zu Gast waren CDU-Kanzlerkandidat Armin Laschet, Fridays-for-Future-Aktivistin Luisa Neubauer, die Politikwissenschaftlerin Ursula Muench und der Zeit-Journalist Martin Machowecz. Fast schon erwartungsgem\u00e4\u00df entwickelte sich vor allem zwischen Neubauer und Laschet ein \u00e4u\u00dferst interessanter Schlagabtausch.<\/p>\n<p>https:\/\/twitter.com\/AnneWillTalk\/status\/1391287656621948929<\/p>\n<p>&nbsp;<br \/>\n<strong>Zun\u00e4chst ging es nat\u00fcrlich um die Klimapolitik. Neubauer verwies hier ganz konkret auf Laschets Entscheidungen als Ministerpr\u00e4sident in NRW. Einen Seitenhieb gegen die &#8222;christlichen Werte&#8220; der Union konnte sie sich dabei nicht verkneifen.<\/strong><\/p>\n<div class=\"dbsm-oembed\">\n<blockquote class=\"twitter-tweet\" data-width=\"500\" data-dnt=\"true\">\n<p lang=\"de\" dir=\"ltr\"><a href=\"https:\/\/twitter.com\/Luisamneubauer?ref_src=twsrc%5Etfw\">@Luisamneubauer<\/a> on Fire! Ich bin mir sicher, der Mann wird kein Kanzler!<a href=\"https:\/\/twitter.com\/hashtag\/AnneWill?src=hash&amp;ref_src=twsrc%5Etfw\">#AnneWill<\/a> <a href=\"https:\/\/t.co\/kDURNiK5He\">pic.twitter.com\/kDURNiK5He<\/a><\/p>\n<p>&mdash; Nurder Koch (@NurderK) <a href=\"https:\/\/twitter.com\/NurderK\/status\/1391492915428462598?ref_src=twsrc%5Etfw\">May 9, 2021<\/a><\/p><\/blockquote>\n<p><script async src=\"https:\/\/platform.twitter.com\/widgets.js\" charset=\"utf-8\"><\/script><\/div>\n<p>&nbsp;<br \/>\n<strong>Laschet wurde von Neubauer mit Fakten ausgekontert und musste sich sogar von ihr korrigieren lassen.<\/strong><\/p>\n<div class=\"dbsm-oembed\">\n<blockquote class=\"twitter-tweet\" data-width=\"500\" data-dnt=\"true\">\n<p lang=\"de\" dir=\"ltr\">Laschet: &quot;\u2026aber \ud83c\udde9\ud83c\uddea hat sich verpflichtet 2050\u2026&quot;<a href=\"https:\/\/twitter.com\/Luisamneubauer?ref_src=twsrc%5Etfw\">@Luisamneubauer<\/a>: NEIN, \ud83c\udde9\ud83c\uddea hat das Pariser Klimaabkommen unterschrieben, das legt fest: globale Klimaneutralit\u00e4t 2050, d.h. aber f\u00fcr reiche Staaten wie \ud83c\udde9\ud83c\uddea muss das deutlich fr\u00fcher passieren.<\/p>\n<p>Zerst\u00f6rung von <a href=\"https:\/\/twitter.com\/hashtag\/Laschet?src=hash&amp;ref_src=twsrc%5Etfw\">#Laschet<\/a> bei <a href=\"https:\/\/twitter.com\/hashtag\/AnneWill?src=hash&amp;ref_src=twsrc%5Etfw\">#AnneWill<\/a> <a href=\"https:\/\/t.co\/BR6D4J8L39\">pic.twitter.com\/BR6D4J8L39<\/a><\/p>\n<p>&mdash; Parents For Future #EndFossilFuels (@parents4future) <a href=\"https:\/\/twitter.com\/parents4future\/status\/1391500974783713283?ref_src=twsrc%5Etfw\">May 9, 2021<\/a><\/p><\/blockquote>\n<p><script async src=\"https:\/\/platform.twitter.com\/widgets.js\" charset=\"utf-8\"><\/script><\/div>\n<p>&nbsp;<br \/>\n<strong>Aber es ging nicht nur ums Klima. Neubauer kritisierte die Union auch daf\u00fcr, sich nicht von rechten Tendenzen in der eigenen Partei zu distanzieren &#8211; namentlich Ex-Verfassungsschutzpr\u00e4sident Hans-Georg Maa\u00dfen.<\/strong><\/p>\n<div class=\"dbsm-oembed\">\n<blockquote class=\"twitter-tweet\" data-width=\"500\" data-dnt=\"true\">\n<p lang=\"de\" dir=\"ltr\">&quot;Sie legitimieren rassistische, antisemitische, identit\u00e4re und \u00fcbrigens auch wissenschaftsleugnerische Inhalte &#8211; verk\u00f6rpert durch Hans Georg Maa\u00dfen. [&#8230;] Das h\u00e4tten sie ganz klar verurteilen m\u00fcssen, Herr Laschet!&quot; <a href=\"https:\/\/twitter.com\/Luisamneubauer?ref_src=twsrc%5Etfw\">@luisamneubauer<\/a> bei <a href=\"https:\/\/twitter.com\/hashtag\/AnneWill?src=hash&amp;ref_src=twsrc%5Etfw\">#AnneWill<\/a><\/p>\n<p>&mdash; Fridays for Future Germany (@FridayForFuture) <a href=\"https:\/\/twitter.com\/FridayForFuture\/status\/1391489847752286212?ref_src=twsrc%5Etfw\">May 9, 2021<\/a><\/p><\/blockquote>\n<p><script async src=\"https:\/\/platform.twitter.com\/widgets.js\" charset=\"utf-8\"><\/script><\/div>\n<div class=\"dbsm-oembed\">\n<blockquote class=\"twitter-tweet\" data-width=\"500\" data-dnt=\"true\">\n<p lang=\"de\" dir=\"ltr\">Ich f\u00fchle mich gut vertreten, danke <a href=\"https:\/\/twitter.com\/Luisamneubauer?ref_src=twsrc%5Etfw\">@Luisamneubauer<\/a> !\ud83d\udc9a\u270a<a href=\"https:\/\/twitter.com\/hashtag\/AnneWill?src=hash&amp;ref_src=twsrc%5Etfw\">#AnneWill<\/a> <a href=\"https:\/\/t.co\/CGd3afQREx\">pic.twitter.com\/CGd3afQREx<\/a><\/p>\n<p>&mdash; Nurder Koch (@NurderK) <a href=\"https:\/\/twitter.com\/NurderK\/status\/1391488207204798464?ref_src=twsrc%5Etfw\">May 9, 2021<\/a><\/p><\/blockquote>\n<p><script async src=\"https:\/\/platform.twitter.com\/widgets.js\" charset=\"utf-8\"><\/script><\/div>\n<p>&nbsp;<br \/>\n<strong>Dabei war sie rhetorisch geschickt genug, Maa\u00dfen nicht als Antisemiten zu bezeichnen.<\/strong><\/p>\n<div class=\"dbsm-oembed\">\n<blockquote class=\"twitter-tweet\" data-width=\"500\" data-dnt=\"true\">\n<p lang=\"de\" dir=\"ltr\">Bemerkenswert, wie hartn\u00e4ckig sich <a href=\"https:\/\/twitter.com\/hashtag\/Laschet?src=hash&amp;ref_src=twsrc%5Etfw\">#Laschet<\/a> weigert, sich von <a href=\"https:\/\/twitter.com\/hashtag\/Maassen?src=hash&amp;ref_src=twsrc%5Etfw\">#Maassen<\/a> zu distanzieren <a href=\"https:\/\/twitter.com\/hashtag\/annewill?src=hash&amp;ref_src=twsrc%5Etfw\">#annewill<\/a><\/p>\n<p>&mdash; J\u00fcrgen D\u00f6schner (@jdoeschner) <a href=\"https:\/\/twitter.com\/jdoeschner\/status\/1391488872878641152?ref_src=twsrc%5Etfw\">May 9, 2021<\/a><\/p><\/blockquote>\n<p><script async src=\"https:\/\/platform.twitter.com\/widgets.js\" charset=\"utf-8\"><\/script><\/div>\n<div class=\"dbsm-oembed\">\n<blockquote class=\"twitter-tweet\" data-width=\"500\" data-dnt=\"true\">\n<p lang=\"de\" dir=\"ltr\">Prove me wrong, aber <a href=\"https:\/\/twitter.com\/Luisamneubauer?ref_src=twsrc%5Etfw\">@Luisamneubauer<\/a> sagte nicht, Maa\u00dfen IST Antisemit, sondern er teilte antisemitische Inhalte\/Blogs bzw. Blogs, die antisemitische Inhalte teilen. <a href=\"https:\/\/twitter.com\/hashtag\/Neubauer?src=hash&amp;ref_src=twsrc%5Etfw\">#Neubauer<\/a> <a href=\"https:\/\/twitter.com\/hashtag\/annewill?src=hash&amp;ref_src=twsrc%5Etfw\">#annewill<\/a><\/p>\n<p>&mdash; Alex Urban (@aurban) <a href=\"https:\/\/twitter.com\/aurban\/status\/1391505917150121984?ref_src=twsrc%5Etfw\">May 9, 2021<\/a><\/p><\/blockquote>\n<p><script async src=\"https:\/\/platform.twitter.com\/widgets.js\" charset=\"utf-8\"><\/script><\/div>\n<div class=\"dbsm-oembed\">\n<blockquote class=\"twitter-tweet\" data-width=\"500\" data-dnt=\"true\">\n<p lang=\"de\" dir=\"ltr\">Ob ex-<a href=\"https:\/\/twitter.com\/hashtag\/Verfassungsschutz?src=hash&amp;ref_src=twsrc%5Etfw\">#Verfassungsschutz<\/a>-Chef <a href=\"https:\/\/twitter.com\/hashtag\/Maa%C3%9Fen?src=hash&amp;ref_src=twsrc%5Etfw\">#Maa\u00dfen<\/a> ein Antisemit *ist*, kann man nicht rechtssicher feststellen.<br \/>Was jedoch gesichert ist: er verbreitet regelm\u00e4\u00dfig und seit L\u00e4ngerem <a href=\"https:\/\/twitter.com\/hashtag\/Antisemitismus?src=hash&amp;ref_src=twsrc%5Etfw\">#Antisemitismus<\/a> und andere Hetze. \/MS <a href=\"https:\/\/twitter.com\/hashtag\/AnneWill?src=hash&amp;ref_src=twsrc%5Etfw\">#AnneWill<\/a><\/p>\n<p>&mdash; UnionWatch \/ @watch_union@mastodon.social (@watch_union) <a href=\"https:\/\/twitter.com\/watch_union\/status\/1391506083852820481?ref_src=twsrc%5Etfw\">May 9, 2021<\/a><\/p><\/blockquote>\n<p><script async src=\"https:\/\/platform.twitter.com\/widgets.js\" charset=\"utf-8\"><\/script><\/div>\n<p>&nbsp;<br \/>\n<strong>Neubauer wurde jedoch vorgeworfen, dass sie ihre Anschuldigung gegen\u00fcber Maa\u00dfen in der Sendung nicht belegen konnte. Aber sagen wir mal so: In gewisser Weise liefert Maa\u00dfen die Belege selbst &#8211; wie mit diesem Video, das am Wochenende die Runde machte.<\/strong><\/p>\n<div class=\"dbsm-oembed\">\n<blockquote class=\"twitter-tweet\" data-width=\"500\" data-dnt=\"true\">\n<p lang=\"de\" dir=\"ltr\">Warte, auf die Vorw\u00fcrfe von <a href=\"https:\/\/twitter.com\/Luisamneubauer?ref_src=twsrc%5Etfw\">@Luisamneubauer<\/a>, Maa\u00dfen legitimiert antisemitische Inhalte, reagiert die Werte Union mit Verharmlosung der NS-Zeit?! <a href=\"https:\/\/twitter.com\/hashtag\/Neubauer?src=hash&amp;ref_src=twsrc%5Etfw\">#Neubauer<\/a> <a href=\"https:\/\/twitter.com\/hashtag\/Maassen?src=hash&amp;ref_src=twsrc%5Etfw\">#Maassen<\/a> <a href=\"https:\/\/twitter.com\/hashtag\/annewill?src=hash&amp;ref_src=twsrc%5Etfw\">#annewill<\/a> <a href=\"https:\/\/t.co\/NJH8y5T6MA\">pic.twitter.com\/NJH8y5T6MA<\/a><\/p>\n<p>&mdash; Alex Urban (@aurban) <a href=\"https:\/\/twitter.com\/aurban\/status\/1391647510582726658?ref_src=twsrc%5Etfw\">May 10, 2021<\/a><\/p><\/blockquote>\n<p><script async src=\"https:\/\/platform.twitter.com\/widgets.js\" charset=\"utf-8\"><\/script><\/div>\n<p>https:\/\/twitter.com\/ebonyplusirony\/status\/1391504537073209346<\/p>\n<div class=\"dbsm-oembed\">\n<blockquote class=\"twitter-tweet\" data-width=\"500\" data-dnt=\"true\">\n<p lang=\"de\" dir=\"ltr\">Hans-Georg <a href=\"https:\/\/twitter.com\/hashtag\/Maa%C3%9Fen?src=hash&amp;ref_src=twsrc%5Etfw\">#Maa\u00dfen<\/a>,<br \/>unw\u00e4hlbar und eine Schande f\u00fcr die <a href=\"https:\/\/twitter.com\/hashtag\/CDU?src=hash&amp;ref_src=twsrc%5Etfw\">#CDU<\/a>.<br \/>Er war zu Gast bei Rechtspopulist Peter Weber.<a href=\"https:\/\/twitter.com\/hashtag\/Gr%C3%BCne?src=hash&amp;ref_src=twsrc%5Etfw\">#Gr\u00fcne<\/a> <a href=\"https:\/\/twitter.com\/hashtag\/KlimaLeugner?src=hash&amp;ref_src=twsrc%5Etfw\">#KlimaLeugner<\/a> <a href=\"https:\/\/twitter.com\/hashtag\/NSvergleich?src=hash&amp;ref_src=twsrc%5Etfw\">#NSvergleich<\/a> <a href=\"https:\/\/twitter.com\/hashtag\/Bundestagswahl?src=hash&amp;ref_src=twsrc%5Etfw\">#Bundestagswahl<\/a> <a href=\"https:\/\/t.co\/68aPlYJIJU\">pic.twitter.com\/68aPlYJIJU<\/a><\/p>\n<p>&mdash; Antifa Zeckenbiss\ud83d\udcaf (@AZeckenbiss) <a href=\"https:\/\/twitter.com\/AZeckenbiss\/status\/1391413535146758147?ref_src=twsrc%5Etfw\">May 9, 2021<\/a><\/p><\/blockquote>\n<p><script async src=\"https:\/\/platform.twitter.com\/widgets.js\" charset=\"utf-8\"><\/script><\/div>\n<p>&nbsp;<br \/>\n<strong>Alles in allem waren sich viele einig, dass Laschet keine gute Figur abgab.<\/strong><\/p>\n<div class=\"dbsm-oembed\">\n<blockquote class=\"twitter-tweet\" data-width=\"500\" data-dnt=\"true\">\n<p lang=\"de\" dir=\"ltr\">Wenn du gerade realisierst, dass die 35 Jahre j\u00fcngere G\u00f6re neben dir 35 Mal souver\u00e4ner ist als du. <a href=\"https:\/\/twitter.com\/hashtag\/AnneWill?src=hash&amp;ref_src=twsrc%5Etfw\">#AnneWill<\/a> <a href=\"https:\/\/twitter.com\/hashtag\/Laschet?src=hash&amp;ref_src=twsrc%5Etfw\">#Laschet<\/a> <a href=\"https:\/\/twitter.com\/hashtag\/Neubauer?src=hash&amp;ref_src=twsrc%5Etfw\">#Neubauer<\/a> <a href=\"https:\/\/t.co\/KPezmOElM2\">pic.twitter.com\/KPezmOElM2<\/a><\/p>\n<p>&mdash; Bananenflanke (@dirk_adam) <a href=\"https:\/\/twitter.com\/dirk_adam\/status\/1391491857843109895?ref_src=twsrc%5Etfw\">May 9, 2021<\/a><\/p><\/blockquote>\n<p><script async src=\"https:\/\/platform.twitter.com\/widgets.js\" charset=\"utf-8\"><\/script><\/div>\n<div class=\"dbsm-oembed\">\n<blockquote class=\"twitter-tweet\" data-width=\"500\" data-dnt=\"true\">\n<p lang=\"de\" dir=\"ltr\">Die Zerst\u00f6rung des Armin Laschet durch <a href=\"https:\/\/twitter.com\/Luisamneubauer?ref_src=twsrc%5Etfw\">@Luisamneubauer<\/a><\/p>\n<p>&mdash; Marcus Mittermeier\ud83d\ude18 (@MMittermeier) <a href=\"https:\/\/twitter.com\/MMittermeier\/status\/1391491977074589705?ref_src=twsrc%5Etfw\">May 9, 2021<\/a><\/p><\/blockquote>\n<p><script async src=\"https:\/\/platform.twitter.com\/widgets.js\" charset=\"utf-8\"><\/script><\/div>\n<div class=\"dbsm-oembed\">\n<blockquote class=\"twitter-tweet\" data-width=\"500\" data-dnt=\"true\">\n<p lang=\"de\" dir=\"ltr\">Armin <a href=\"https:\/\/twitter.com\/hashtag\/Laschet?src=hash&amp;ref_src=twsrc%5Etfw\">#Laschet<\/a> behauptet, wir w\u00fcrden uns von unseren Nachbarl\u00e4ndern unterscheiden, indem wir gleichzeitig aus Kohle und Atom aussteigen.<\/p>\n<p>Was machen Belgien, \u00d6sterreich, Italien und Spanien eigentlich gerade? <a href=\"https:\/\/twitter.com\/hashtag\/AnneWill?src=hash&amp;ref_src=twsrc%5Etfw\">#AnneWill<\/a> <a href=\"https:\/\/t.co\/dNdonT0nKG\">pic.twitter.com\/dNdonT0nKG<\/a><\/p>\n<p>&mdash; Fridays for Future Germany (@FridayForFuture) <a href=\"https:\/\/twitter.com\/FridayForFuture\/status\/1391502331557126144?ref_src=twsrc%5Etfw\">May 9, 2021<\/a><\/p><\/blockquote>\n<p><script async src=\"https:\/\/platform.twitter.com\/widgets.js\" charset=\"utf-8\"><\/script><\/div>\n<div class=\"dbsm-oembed\">\n<blockquote class=\"twitter-tweet\" data-width=\"500\" data-dnt=\"true\">\n<p lang=\"de\" dir=\"ltr\">Luisa <a href=\"https:\/\/twitter.com\/hashtag\/Neubauer?src=hash&amp;ref_src=twsrc%5Etfw\">#Neubauer<\/a> zeigt nach allen Regeln der Kunst auf, wozu Laschets Unf\u00e4higkeit jeden Tag f\u00fchrt. Der Unionskandidat reagiert mit Falschdarstellungen und <a href=\"https:\/\/twitter.com\/hashtag\/Greenwashing?src=hash&amp;ref_src=twsrc%5Etfw\">#Greenwashing<\/a>. Ganz ehrlich: Ist das eines Kanzlerkandidaten w\u00fcrdig?! Den kann man doch nicht ernsthaft w\u00e4hlen.<a href=\"https:\/\/twitter.com\/hashtag\/AnneWill?src=hash&amp;ref_src=twsrc%5Etfw\">#AnneWill<\/a><\/p>\n<p>&mdash; Luca Samlidis (@luca_samlidis) <a href=\"https:\/\/twitter.com\/luca_samlidis\/status\/1391494545930600456?ref_src=twsrc%5Etfw\">May 9, 2021<\/a><\/p><\/blockquote>\n<p><script async src=\"https:\/\/platform.twitter.com\/widgets.js\" charset=\"utf-8\"><\/script><\/div>\n<p>&nbsp;<br \/>\n<a href=\"mailto:dion@thebest.social\"><img loading=\"lazy\" decoding=\"async\" src=\"https:\/\/www.thebestsocial.media\/de\/wp-content\/uploads\/sites\/3\/2021\/04\/Studio-Promo-Banner-1024x538.png\" alt=\"\" width=\"1024\" height=\"538\" class=\"alignnone size-large wp-image-144565\" srcset=\"https:\/\/www.thebestsocial.media\/de\/wp-content\/uploads\/sites\/3\/2021\/04\/Studio-Promo-Banner-1024x538.png 1024w, https:\/\/www.thebestsocial.media\/de\/wp-content\/uploads\/sites\/3\/2021\/04\/Studio-Promo-Banner-300x158.png 300w, https:\/\/www.thebestsocial.media\/de\/wp-content\/uploads\/sites\/3\/2021\/04\/Studio-Promo-Banner-768x403.png 768w, https:\/\/www.thebestsocial.media\/de\/wp-content\/uploads\/sites\/3\/2021\/04\/Studio-Promo-Banner.png 1200w\" sizes=\"auto, (max-width: 1024px) 100vw, 1024px\" \/><\/a><\/p>\n<p>&nbsp;<\/p>\n<p>&#8212;<br \/>\nVielen Dank an alle f\u00fcr die Posts.<br \/>\n&#8212;<br \/>\n<strong>Keine Influencer! Kein Foodporn! Nur ganz viel Spa\u00df &#8211; bei uns auf Instagram:<\/strong><\/p>\n<blockquote class=\"instagram-media\" data-instgrm-captioned data-instgrm-permalink=\"https:\/\/www.instagram.com\/p\/COne4cPFFbA\/?utm_source=ig_embed&amp;utm_campaign=loading\" data-instgrm-version=\"13\" style=\" background:#FFF; border:0; border-radius:3px; box-shadow:0 0 1px 0 rgba(0,0,0,0.5),0 1px 10px 0 rgba(0,0,0,0.15); margin: 1px; max-width:540px; min-width:326px; padding:0; width:99.375%; width:-webkit-calc(100% - 2px); width:calc(100% - 2px);\">\n<div style=\"padding:16px;\"> <a href=\"https:\/\/www.instagram.com\/p\/COne4cPFFbA\/?utm_source=ig_embed&amp;utm_campaign=loading\" style=\" background:#FFFFFF; line-height:0; padding:0 0; text-align:center; text-decoration:none; width:100%;\" target=\"_blank\" rel=\"noopener\"> <\/p>\n<div style=\" display: flex; flex-direction: row; align-items: center;\">\n<div style=\"background-color: #F4F4F4; border-radius: 50%; flex-grow: 0; height: 40px; margin-right: 14px; width: 40px;\"><\/div>\n<div style=\"display: flex; flex-direction: column; flex-grow: 1; justify-content: center;\">\n<div style=\" background-color: #F4F4F4; border-radius: 4px; flex-grow: 0; height: 14px; margin-bottom: 6px; width: 100px;\"><\/div>\n<div style=\" background-color: #F4F4F4; border-radius: 4px; flex-grow: 0; height: 14px; width: 60px;\"><\/div>\n<\/div>\n<\/div>\n<div style=\"padding: 19% 0;\"><\/div>\n<div style=\"display:block; height:50px; margin:0 auto 12px; width:50px;\"><svg width=\"50px\" height=\"50px\" viewBox=\"0 0 60 60\" version=\"1.1\" xmlns=\"https:\/\/www.w3.org\/2000\/svg\" xmlns:xlink=\"https:\/\/www.w3.org\/1999\/xlink\"><g stroke=\"none\" stroke-width=\"1\" fill=\"none\" fill-rule=\"evenodd\"><g transform=\"translate(-511.000000, -20.000000)\" fill=\"#000000\"><g><path d=\"M556.869,30.41 C554.814,30.41 553.148,32.076 553.148,34.131 C553.148,36.186 554.814,37.852 556.869,37.852 C558.924,37.852 560.59,36.186 560.59,34.131 C560.59,32.076 558.924,30.41 556.869,30.41 M541,60.657 C535.114,60.657 530.342,55.887 530.342,50 C530.342,44.114 535.114,39.342 541,39.342 C546.887,39.342 551.658,44.114 551.658,50 C551.658,55.887 546.887,60.657 541,60.657 M541,33.886 C532.1,33.886 524.886,41.1 524.886,50 C524.886,58.899 532.1,66.113 541,66.113 C549.9,66.113 557.115,58.899 557.115,50 C557.115,41.1 549.9,33.886 541,33.886 M565.378,62.101 C565.244,65.022 564.756,66.606 564.346,67.663 C563.803,69.06 563.154,70.057 562.106,71.106 C561.058,72.155 560.06,72.803 558.662,73.347 C557.607,73.757 556.021,74.244 553.102,74.378 C549.944,74.521 548.997,74.552 541,74.552 C533.003,74.552 532.056,74.521 528.898,74.378 C525.979,74.244 524.393,73.757 523.338,73.347 C521.94,72.803 520.942,72.155 519.894,71.106 C518.846,70.057 518.197,69.06 517.654,67.663 C517.244,66.606 516.755,65.022 516.623,62.101 C516.479,58.943 516.448,57.996 516.448,50 C516.448,42.003 516.479,41.056 516.623,37.899 C516.755,34.978 517.244,33.391 517.654,32.338 C518.197,30.938 518.846,29.942 519.894,28.894 C520.942,27.846 521.94,27.196 523.338,26.654 C524.393,26.244 525.979,25.756 528.898,25.623 C532.057,25.479 533.004,25.448 541,25.448 C548.997,25.448 549.943,25.479 553.102,25.623 C556.021,25.756 557.607,26.244 558.662,26.654 C560.06,27.196 561.058,27.846 562.106,28.894 C563.154,29.942 563.803,30.938 564.346,32.338 C564.756,33.391 565.244,34.978 565.378,37.899 C565.522,41.056 565.552,42.003 565.552,50 C565.552,57.996 565.522,58.943 565.378,62.101 M570.82,37.631 C570.674,34.438 570.167,32.258 569.425,30.349 C568.659,28.377 567.633,26.702 565.965,25.035 C564.297,23.368 562.623,22.342 560.652,21.575 C558.743,20.834 556.562,20.326 553.369,20.18 C550.169,20.033 549.148,20 541,20 C532.853,20 531.831,20.033 528.631,20.18 C525.438,20.326 523.257,20.834 521.349,21.575 C519.376,22.342 517.703,23.368 516.035,25.035 C514.368,26.702 513.342,28.377 512.574,30.349 C511.834,32.258 511.326,34.438 511.181,37.631 C511.035,40.831 511,41.851 511,50 C511,58.147 511.035,59.17 511.181,62.369 C511.326,65.562 511.834,67.743 512.574,69.651 C513.342,71.625 514.368,73.296 516.035,74.965 C517.703,76.634 519.376,77.658 521.349,78.425 C523.257,79.167 525.438,79.673 528.631,79.82 C531.831,79.965 532.853,80.001 541,80.001 C549.148,80.001 550.169,79.965 553.369,79.82 C556.562,79.673 558.743,79.167 560.652,78.425 C562.623,77.658 564.297,76.634 565.965,74.965 C567.633,73.296 568.659,71.625 569.425,69.651 C570.167,67.743 570.674,65.562 570.82,62.369 C570.966,59.17 571,58.147 571,50 C571,41.851 570.966,40.831 570.82,37.631\"><\/path><\/g><\/g><\/g><\/svg><\/div>\n<div style=\"padding-top: 8px;\">\n<div style=\" color:#3897f0; font-family:Arial,sans-serif; font-size:14px; font-style:normal; font-weight:550; line-height:18px;\"> Sieh dir diesen Beitrag auf Instagram an<\/div>\n<\/div>\n<div style=\"padding: 12.5% 0;\"><\/div>\n<div style=\"display: flex; flex-direction: row; margin-bottom: 14px; align-items: center;\">\n<div>\n<div style=\"background-color: #F4F4F4; border-radius: 50%; height: 12.5px; width: 12.5px; transform: translateX(0px) translateY(7px);\"><\/div>\n<div style=\"background-color: #F4F4F4; height: 12.5px; transform: rotate(-45deg) translateX(3px) translateY(1px); width: 12.5px; flex-grow: 0; margin-right: 14px; margin-left: 2px;\"><\/div>\n<div style=\"background-color: #F4F4F4; border-radius: 50%; height: 12.5px; width: 12.5px; transform: translateX(9px) translateY(-18px);\"><\/div>\n<\/div>\n<div style=\"margin-left: 8px;\">\n<div style=\" background-color: #F4F4F4; border-radius: 50%; flex-grow: 0; height: 20px; width: 20px;\"><\/div>\n<div style=\" width: 0; height: 0; border-top: 2px solid transparent; border-left: 6px solid #f4f4f4; border-bottom: 2px solid transparent; transform: translateX(16px) translateY(-4px) rotate(30deg)\"><\/div>\n<\/div>\n<div style=\"margin-left: auto;\">\n<div style=\" width: 0px; border-top: 8px solid #F4F4F4; border-right: 8px solid transparent; transform: translateY(16px);\"><\/div>\n<div style=\" background-color: #F4F4F4; flex-grow: 0; height: 12px; width: 16px; transform: translateY(-4px);\"><\/div>\n<div style=\" width: 0; height: 0; border-top: 8px solid #F4F4F4; border-left: 8px solid transparent; transform: translateY(-4px) translateX(8px);\"><\/div>\n<\/div>\n<\/div>\n<div style=\"display: flex; flex-direction: column; flex-grow: 1; justify-content: center; margin-bottom: 24px;\">\n<div style=\" background-color: #F4F4F4; border-radius: 4px; flex-grow: 0; height: 14px; margin-bottom: 6px; width: 224px;\"><\/div>\n<div style=\" background-color: #F4F4F4; border-radius: 4px; flex-grow: 0; height: 14px; width: 144px;\"><\/div>\n<\/div>\n<p><\/a><\/p>\n<p style=\" color:#c9c8cd; font-family:Arial,sans-serif; font-size:14px; line-height:17px; margin-bottom:0; margin-top:8px; overflow:hidden; padding:8px 0 7px; text-align:center; text-overflow:ellipsis; white-space:nowrap;\"><a href=\"https:\/\/www.instagram.com\/p\/COne4cPFFbA\/?utm_source=ig_embed&amp;utm_campaign=loading\" style=\" color:#c9c8cd; font-family:Arial,sans-serif; font-size:14px; font-style:normal; font-weight:normal; line-height:17px; text-decoration:none;\" target=\"_blank\" rel=\"noopener\">Ein Beitrag geteilt von The Best Social Media &#8211; DE (@thebestsocialmediade)<\/a><\/p>\n<\/div>\n<\/blockquote>\n\n<script async defer src=\"\/instagram-embed.js\"><\/script>","protected":false},"excerpt":{"rendered":"<p>Gestern Abend widmete sich Anne Will der Regierungskompetenz der Union. &#8222;Von Corona-Krise bis Klimapolitik \u2013 kann die Union noch Kanzleramt?&#8220;, so das Thema der Sendung&#8230;.<\/p>\n","protected":false},"author":72,"featured_media":145380,"comment_status":"open","ping_status":"open","sticky":false,"template":"","format":"standard","meta":{"_acf_changed":false,"footnotes":""},"categories":[35],"tags":[4619,4603,4583],"class_list":["post-145378","post","type-post","status-publish","format-standard","has-post-thumbnail","hentry","category-twitter","tag-anne-will","tag-armin-laschet","tag-fridays-for-future"],"acf":[],"yoast_head":"<!-- This site is optimized with the Yoast SEO plugin v27.5 - https:\/\/yoast.com\/product\/yoast-seo-wordpress\/ -->\n<title>Bei Anne Will: Luisa Neubauer l\u00e4sst Armin Laschet alt aussehen<\/title>\n<meta name=\"description\" content=\"Anne Will sprach \u00fcber die Regierungskompetenz der Union. Dabei kritisierte Luisa Neubauer Laschets Klimapolitik und rechte Tendenzen der CDU.\" \/>\n<meta name=\"robots\" content=\"index, follow, max-snippet:-1, max-image-preview:large, max-video-preview:-1\" \/>\n<link rel=\"canonical\" href=\"https:\/\/www.thebestsocial.media\/de\/anne-will-neubauer-laschet\/\" \/>\n<meta property=\"og:locale\" content=\"de_DE\" \/>\n<meta property=\"og:type\" content=\"article\" \/>\n<meta property=\"og:title\" content=\"Bei Anne Will: Luisa Neubauer kritisiert Armin Laschet f\u00fcr Klimapolitik und rechte Tendenzen in der CDU\" \/>\n<meta property=\"og:description\" content=\"Anne Will sprach \u00fcber die Regierungskompetenz der Union. Dabei kritisierte Luisa Neubauer Laschets Klimapolitik und rechte Tendenzen der CDU.\" \/>\n<meta property=\"og:url\" content=\"https:\/\/www.thebestsocial.media\/de\/anne-will-neubauer-laschet\/\" \/>\n<meta property=\"og:site_name\" content=\"The Best Social Media DE\" \/>\n<meta property=\"article:published_time\" content=\"2021-05-10T09:33:13+00:00\" \/>\n<meta property=\"article:modified_time\" content=\"2021-05-10T10:24:02+00:00\" \/>\n<meta property=\"og:image\" content=\"https:\/\/www.thebestsocial.media\/de\/wp-content\/uploads\/sites\/3\/2021\/05\/neubauer-fb.png\" \/>\n\t<meta property=\"og:image:width\" content=\"1200\" \/>\n\t<meta property=\"og:image:height\" content=\"630\" \/>\n\t<meta property=\"og:image:type\" content=\"image\/png\" \/>\n<meta name=\"author\" content=\"Benny\" \/>\n<meta name=\"twitter:card\" content=\"summary_large_image\" \/>\n<meta name=\"twitter:title\" content=\"Bei Anne Will: Luisa Neubauer l\u00e4sst Armin Laschet alt aussehen\" \/>\n<meta name=\"twitter:label1\" content=\"Verfasst von\" \/>\n\t<meta name=\"twitter:data1\" content=\"Benny\" \/>\n\t<meta name=\"twitter:label2\" content=\"Gesch\u00e4tzte Lesezeit\" \/>\n\t<meta name=\"twitter:data2\" content=\"1\u00a0Minute\" \/>\n<script type=\"application\/ld+json\" class=\"yoast-schema-graph\">{\"@context\":\"https:\\\/\\\/schema.org\",\"@graph\":[{\"@type\":\"Article\",\"@id\":\"https:\\\/\\\/www.thebestsocial.media\\\/de\\\/anne-will-neubauer-laschet\\\/#article\",\"isPartOf\":{\"@id\":\"https:\\\/\\\/www.thebestsocial.media\\\/de\\\/anne-will-neubauer-laschet\\\/\"},\"author\":{\"name\":\"Benny\",\"@id\":\"https:\\\/\\\/www.thebestsocial.media\\\/de\\\/#\\\/schema\\\/person\\\/212fdd48880db42a484e589e4e27871b\"},\"headline\":\"Bei Anne Will: Luisa Neubauer kritisiert Armin Laschet f\u00fcr Klimapolitik und rechte Tendenzen in der CDU\",\"datePublished\":\"2021-05-10T09:33:13+00:00\",\"dateModified\":\"2021-05-10T10:24:02+00:00\",\"mainEntityOfPage\":{\"@id\":\"https:\\\/\\\/www.thebestsocial.media\\\/de\\\/anne-will-neubauer-laschet\\\/\"},\"wordCount\":358,\"commentCount\":0,\"image\":{\"@id\":\"https:\\\/\\\/www.thebestsocial.media\\\/de\\\/anne-will-neubauer-laschet\\\/#primaryimage\"},\"thumbnailUrl\":\"https:\\\/\\\/www.thebestsocial.media\\\/de\\\/wp-content\\\/uploads\\\/sites\\\/3\\\/2021\\\/05\\\/will-thumb.png\",\"keywords\":[\"Anne Will\",\"Armin Laschet\",\"Fridays for Future\"],\"articleSection\":[\"Twitter\"],\"inLanguage\":\"de\",\"potentialAction\":[{\"@type\":\"CommentAction\",\"name\":\"Comment\",\"target\":[\"https:\\\/\\\/www.thebestsocial.media\\\/de\\\/anne-will-neubauer-laschet\\\/#respond\"]}]},{\"@type\":\"WebPage\",\"@id\":\"https:\\\/\\\/www.thebestsocial.media\\\/de\\\/anne-will-neubauer-laschet\\\/\",\"url\":\"https:\\\/\\\/www.thebestsocial.media\\\/de\\\/anne-will-neubauer-laschet\\\/\",\"name\":\"Bei Anne Will: Luisa Neubauer l\u00e4sst Armin Laschet alt aussehen\",\"isPartOf\":{\"@id\":\"https:\\\/\\\/www.thebestsocial.media\\\/de\\\/#website\"},\"primaryImageOfPage\":{\"@id\":\"https:\\\/\\\/www.thebestsocial.media\\\/de\\\/anne-will-neubauer-laschet\\\/#primaryimage\"},\"image\":{\"@id\":\"https:\\\/\\\/www.thebestsocial.media\\\/de\\\/anne-will-neubauer-laschet\\\/#primaryimage\"},\"thumbnailUrl\":\"https:\\\/\\\/www.thebestsocial.media\\\/de\\\/wp-content\\\/uploads\\\/sites\\\/3\\\/2021\\\/05\\\/will-thumb.png\",\"datePublished\":\"2021-05-10T09:33:13+00:00\",\"dateModified\":\"2021-05-10T10:24:02+00:00\",\"author\":{\"@id\":\"https:\\\/\\\/www.thebestsocial.media\\\/de\\\/#\\\/schema\\\/person\\\/212fdd48880db42a484e589e4e27871b\"},\"description\":\"Anne Will sprach \u00fcber die Regierungskompetenz der Union. Dabei kritisierte Luisa Neubauer Laschets Klimapolitik und rechte Tendenzen der CDU.\",\"breadcrumb\":{\"@id\":\"https:\\\/\\\/www.thebestsocial.media\\\/de\\\/anne-will-neubauer-laschet\\\/#breadcrumb\"},\"inLanguage\":\"de\",\"potentialAction\":[{\"@type\":\"ReadAction\",\"target\":[\"https:\\\/\\\/www.thebestsocial.media\\\/de\\\/anne-will-neubauer-laschet\\\/\"]}]},{\"@type\":\"ImageObject\",\"inLanguage\":\"de\",\"@id\":\"https:\\\/\\\/www.thebestsocial.media\\\/de\\\/anne-will-neubauer-laschet\\\/#primaryimage\",\"url\":\"https:\\\/\\\/www.thebestsocial.media\\\/de\\\/wp-content\\\/uploads\\\/sites\\\/3\\\/2021\\\/05\\\/will-thumb.png\",\"contentUrl\":\"https:\\\/\\\/www.thebestsocial.media\\\/de\\\/wp-content\\\/uploads\\\/sites\\\/3\\\/2021\\\/05\\\/will-thumb.png\",\"width\":1200,\"height\":630},{\"@type\":\"BreadcrumbList\",\"@id\":\"https:\\\/\\\/www.thebestsocial.media\\\/de\\\/anne-will-neubauer-laschet\\\/#breadcrumb\",\"itemListElement\":[{\"@type\":\"ListItem\",\"position\":1,\"name\":\"Home\",\"item\":\"https:\\\/\\\/www.thebestsocial.media\\\/de\\\/\"},{\"@type\":\"ListItem\",\"position\":2,\"name\":\"Bei Anne Will: Luisa Neubauer kritisiert Armin Laschet f\u00fcr Klimapolitik und rechte Tendenzen in der CDU\"}]},{\"@type\":\"WebSite\",\"@id\":\"https:\\\/\\\/www.thebestsocial.media\\\/de\\\/#website\",\"url\":\"https:\\\/\\\/www.thebestsocial.media\\\/de\\\/\",\"name\":\"The Best Social Media DE\",\"description\":\"\",\"potentialAction\":[{\"@type\":\"SearchAction\",\"target\":{\"@type\":\"EntryPoint\",\"urlTemplate\":\"https:\\\/\\\/www.thebestsocial.media\\\/de\\\/?s={search_term_string}\"},\"query-input\":{\"@type\":\"PropertyValueSpecification\",\"valueRequired\":true,\"valueName\":\"search_term_string\"}}],\"inLanguage\":\"de\"},{\"@type\":\"Person\",\"@id\":\"https:\\\/\\\/www.thebestsocial.media\\\/de\\\/#\\\/schema\\\/person\\\/212fdd48880db42a484e589e4e27871b\",\"name\":\"Benny\",\"image\":{\"@type\":\"ImageObject\",\"inLanguage\":\"de\",\"@id\":\"https:\\\/\\\/secure.gravatar.com\\\/avatar\\\/559f54fceb59ac8654d5ca40291d2ab87f2a9d79e48e8e3c19582477cde950bf?s=96&d=mm&r=g\",\"url\":\"https:\\\/\\\/secure.gravatar.com\\\/avatar\\\/559f54fceb59ac8654d5ca40291d2ab87f2a9d79e48e8e3c19582477cde950bf?s=96&d=mm&r=g\",\"contentUrl\":\"https:\\\/\\\/secure.gravatar.com\\\/avatar\\\/559f54fceb59ac8654d5ca40291d2ab87f2a9d79e48e8e3c19582477cde950bf?s=96&d=mm&r=g\",\"caption\":\"Benny\"},\"url\":\"https:\\\/\\\/www.thebestsocial.media\\\/de\\\/author\\\/bennykrueger\\\/\"}]}<\/script>\n<!-- \/ Yoast SEO plugin. -->","yoast_head_json":{"title":"Bei Anne Will: Luisa Neubauer l\u00e4sst Armin Laschet alt aussehen","description":"Anne Will sprach \u00fcber die Regierungskompetenz der Union. Dabei kritisierte Luisa Neubauer Laschets Klimapolitik und rechte Tendenzen der CDU.","robots":{"index":"index","follow":"follow","max-snippet":"max-snippet:-1","max-image-preview":"max-image-preview:large","max-video-preview":"max-video-preview:-1"},"canonical":"https:\/\/www.thebestsocial.media\/de\/anne-will-neubauer-laschet\/","og_locale":"de_DE","og_type":"article","og_title":"Bei Anne Will: Luisa Neubauer kritisiert Armin Laschet f\u00fcr Klimapolitik und rechte Tendenzen in der CDU","og_description":"Anne Will sprach \u00fcber die Regierungskompetenz der Union. Dabei kritisierte Luisa Neubauer Laschets Klimapolitik und rechte Tendenzen der CDU.","og_url":"https:\/\/www.thebestsocial.media\/de\/anne-will-neubauer-laschet\/","og_site_name":"The Best Social Media DE","article_published_time":"2021-05-10T09:33:13+00:00","article_modified_time":"2021-05-10T10:24:02+00:00","og_image":[{"width":1200,"height":630,"url":"https:\/\/www.thebestsocial.media\/de\/wp-content\/uploads\/sites\/3\/2021\/05\/neubauer-fb.png","type":"image\/png"}],"author":"Benny","twitter_card":"summary_large_image","twitter_title":"Bei Anne Will: Luisa Neubauer l\u00e4sst Armin Laschet alt aussehen","twitter_misc":{"Verfasst von":"Benny","Gesch\u00e4tzte Lesezeit":"1\u00a0Minute"},"schema":{"@context":"https:\/\/schema.org","@graph":[{"@type":"Article","@id":"https:\/\/www.thebestsocial.media\/de\/anne-will-neubauer-laschet\/#article","isPartOf":{"@id":"https:\/\/www.thebestsocial.media\/de\/anne-will-neubauer-laschet\/"},"author":{"name":"Benny","@id":"https:\/\/www.thebestsocial.media\/de\/#\/schema\/person\/212fdd48880db42a484e589e4e27871b"},"headline":"Bei Anne Will: Luisa Neubauer kritisiert Armin Laschet f\u00fcr Klimapolitik und rechte Tendenzen in der CDU","datePublished":"2021-05-10T09:33:13+00:00","dateModified":"2021-05-10T10:24:02+00:00","mainEntityOfPage":{"@id":"https:\/\/www.thebestsocial.media\/de\/anne-will-neubauer-laschet\/"},"wordCount":358,"commentCount":0,"image":{"@id":"https:\/\/www.thebestsocial.media\/de\/anne-will-neubauer-laschet\/#primaryimage"},"thumbnailUrl":"https:\/\/www.thebestsocial.media\/de\/wp-content\/uploads\/sites\/3\/2021\/05\/will-thumb.png","keywords":["Anne Will","Armin Laschet","Fridays for Future"],"articleSection":["Twitter"],"inLanguage":"de","potentialAction":[{"@type":"CommentAction","name":"Comment","target":["https:\/\/www.thebestsocial.media\/de\/anne-will-neubauer-laschet\/#respond"]}]},{"@type":"WebPage","@id":"https:\/\/www.thebestsocial.media\/de\/anne-will-neubauer-laschet\/","url":"https:\/\/www.thebestsocial.media\/de\/anne-will-neubauer-laschet\/","name":"Bei Anne Will: Luisa Neubauer l\u00e4sst Armin Laschet alt aussehen","isPartOf":{"@id":"https:\/\/www.thebestsocial.media\/de\/#website"},"primaryImageOfPage":{"@id":"https:\/\/www.thebestsocial.media\/de\/anne-will-neubauer-laschet\/#primaryimage"},"image":{"@id":"https:\/\/www.thebestsocial.media\/de\/anne-will-neubauer-laschet\/#primaryimage"},"thumbnailUrl":"https:\/\/www.thebestsocial.media\/de\/wp-content\/uploads\/sites\/3\/2021\/05\/will-thumb.png","datePublished":"2021-05-10T09:33:13+00:00","dateModified":"2021-05-10T10:24:02+00:00","author":{"@id":"https:\/\/www.thebestsocial.media\/de\/#\/schema\/person\/212fdd48880db42a484e589e4e27871b"},"description":"Anne Will sprach \u00fcber die Regierungskompetenz der Union. Dabei kritisierte Luisa Neubauer Laschets Klimapolitik und rechte Tendenzen der CDU.","breadcrumb":{"@id":"https:\/\/www.thebestsocial.media\/de\/anne-will-neubauer-laschet\/#breadcrumb"},"inLanguage":"de","potentialAction":[{"@type":"ReadAction","target":["https:\/\/www.thebestsocial.media\/de\/anne-will-neubauer-laschet\/"]}]},{"@type":"ImageObject","inLanguage":"de","@id":"https:\/\/www.thebestsocial.media\/de\/anne-will-neubauer-laschet\/#primaryimage","url":"https:\/\/www.thebestsocial.media\/de\/wp-content\/uploads\/sites\/3\/2021\/05\/will-thumb.png","contentUrl":"https:\/\/www.thebestsocial.media\/de\/wp-content\/uploads\/sites\/3\/2021\/05\/will-thumb.png","width":1200,"height":630},{"@type":"BreadcrumbList","@id":"https:\/\/www.thebestsocial.media\/de\/anne-will-neubauer-laschet\/#breadcrumb","itemListElement":[{"@type":"ListItem","position":1,"name":"Home","item":"https:\/\/www.thebestsocial.media\/de\/"},{"@type":"ListItem","position":2,"name":"Bei Anne Will: Luisa Neubauer kritisiert Armin Laschet f\u00fcr Klimapolitik und rechte Tendenzen in der CDU"}]},{"@type":"WebSite","@id":"https:\/\/www.thebestsocial.media\/de\/#website","url":"https:\/\/www.thebestsocial.media\/de\/","name":"The Best Social Media DE","description":"","potentialAction":[{"@type":"SearchAction","target":{"@type":"EntryPoint","urlTemplate":"https:\/\/www.thebestsocial.media\/de\/?s={search_term_string}"},"query-input":{"@type":"PropertyValueSpecification","valueRequired":true,"valueName":"search_term_string"}}],"inLanguage":"de"},{"@type":"Person","@id":"https:\/\/www.thebestsocial.media\/de\/#\/schema\/person\/212fdd48880db42a484e589e4e27871b","name":"Benny","image":{"@type":"ImageObject","inLanguage":"de","@id":"https:\/\/secure.gravatar.com\/avatar\/559f54fceb59ac8654d5ca40291d2ab87f2a9d79e48e8e3c19582477cde950bf?s=96&d=mm&r=g","url":"https:\/\/secure.gravatar.com\/avatar\/559f54fceb59ac8654d5ca40291d2ab87f2a9d79e48e8e3c19582477cde950bf?s=96&d=mm&r=g","contentUrl":"https:\/\/secure.gravatar.com\/avatar\/559f54fceb59ac8654d5ca40291d2ab87f2a9d79e48e8e3c19582477cde950bf?s=96&d=mm&r=g","caption":"Benny"},"url":"https:\/\/www.thebestsocial.media\/de\/author\/bennykrueger\/"}]}},"amp_enabled":true,"_links":{"self":[{"href":"https:\/\/www.thebestsocial.media\/de\/wp-json\/wp\/v2\/posts\/145378","targetHints":{"allow":["GET"]}}],"collection":[{"href":"https:\/\/www.thebestsocial.media\/de\/wp-json\/wp\/v2\/posts"}],"about":[{"href":"https:\/\/www.thebestsocial.media\/de\/wp-json\/wp\/v2\/types\/post"}],"author":[{"embeddable":true,"href":"https:\/\/www.thebestsocial.media\/de\/wp-json\/wp\/v2\/users\/72"}],"replies":[{"embeddable":true,"href":"https:\/\/www.thebestsocial.media\/de\/wp-json\/wp\/v2\/comments?post=145378"}],"version-history":[{"count":3,"href":"https:\/\/www.thebestsocial.media\/de\/wp-json\/wp\/v2\/posts\/145378\/revisions"}],"predecessor-version":[{"id":145387,"href":"https:\/\/www.thebestsocial.media\/de\/wp-json\/wp\/v2\/posts\/145378\/revisions\/145387"}],"wp:featuredmedia":[{"embeddable":true,"href":"https:\/\/www.thebestsocial.media\/de\/wp-json\/wp\/v2\/media\/145380"}],"wp:attachment":[{"href":"https:\/\/www.thebestsocial.media\/de\/wp-json\/wp\/v2\/media?parent=145378"}],"wp:term":[{"taxonomy":"category","embeddable":true,"href":"https:\/\/www.thebestsocial.media\/de\/wp-json\/wp\/v2\/categories?post=145378"},{"taxonomy":"post_tag","embeddable":true,"href":"https:\/\/www.thebestsocial.media\/de\/wp-json\/wp\/v2\/tags?post=145378"}],"curies":[{"name":"wp","href":"https:\/\/api.w.org\/{rel}","templated":true}]}}