{"id":145217,"date":"2021-05-05T08:52:26","date_gmt":"2021-05-05T08:52:26","guid":{"rendered":"https:\/\/www.thebestsocial.media\/de\/?p=145217"},"modified":"2021-05-05T09:11:04","modified_gmt":"2021-05-05T09:11:04","slug":"jens-lehmann-versendet-rassistische-nachricht-und-verschlimmert-es-mit-seinem-statement-noch","status":"publish","type":"post","link":"https:\/\/www.thebestsocial.media\/de\/jens-lehmann-versendet-rassistische-nachricht-und-verschlimmert-es-mit-seinem-statement-noch\/","title":{"rendered":"Jens Lehmann versendet rassistische Nachricht &#8211; und verschlimmert es mit seinem Statement noch"},"content":{"rendered":"<p>Jens Lehmann, unser Ex-Nationaltorh\u00fcter, WM 2006, Sommerm\u00e4rchen, ihr erinnert euch &#8211; oder? &#8230;hat sich mal wieder einen &#8222;Patzer&#8220; erlaubt. Aber nicht auf dem Feld, die Karriere ist lang vorbei, inzwischen hat er eine Medienkarriere und t\u00e4tigt in dieser oft fragw\u00fcrdige Aussagen, ein neuer Tiefpunkt ist gestern dazu gekommen. Dem &#8211; ebenfalls Ex-Nationalspieler &#8211; <a href=\"https:\/\/www.instagram.com\/dennisaogo\/\">Dennis Aogo<\/a> hat er, scheinbar versehentlich, eine rassistische Textnachricht zukommen lassen. <\/p>\n<p>&nbsp;<\/p>\n<p><strong>Dennis Aogo hat den Screenshot der Nachricht vor einigen Stunden in seiner Instagram Story geteilt, dieser ist aber auch in einigen Tweets bereits konserviert. Tja. Ohne Worte.  <\/strong><\/p>\n<div class=\"dbsm-oembed\">\n<blockquote class=\"twitter-tweet\" data-width=\"500\" data-dnt=\"true\">\n<p lang=\"und\" dir=\"ltr\">Uff. <a href=\"https:\/\/twitter.com\/hashtag\/Lehmann?src=hash&amp;ref_src=twsrc%5Etfw\">#Lehmann<\/a> <a href=\"https:\/\/twitter.com\/hashtag\/Aogo?src=hash&amp;ref_src=twsrc%5Etfw\">#Aogo<\/a> <a href=\"https:\/\/t.co\/I1yCapUCki\">pic.twitter.com\/I1yCapUCki<\/a><\/p>\n<p>&mdash; Tim Artmann (@timartmann) <a href=\"https:\/\/twitter.com\/timartmann\/status\/1389707201753780224?ref_src=twsrc%5Etfw\">May 4, 2021<\/a><\/p><\/blockquote>\n<p><script async src=\"https:\/\/platform.twitter.com\/widgets.js\" charset=\"utf-8\"><\/script><\/div>\n<p><strong>Das. <\/strong><\/p>\n<blockquote class=\"twitter-tweet\" data-conversation=\"none\">\n<p lang=\"de\" dir=\"ltr\">Ich wage schwer zu behaupten, dass Jens <a href=\"https:\/\/twitter.com\/hashtag\/Lehmann?src=hash&amp;ref_src=twsrc%5Etfw\">#Lehmann<\/a> diese Nachricht keiner Person schicken w\u00fcrde, bei der er keine Sicherheit oder keine Zustimmung erwarten w\u00fcrde. Und genau ist das Problem.<\/p>\n<p>&mdash; Tim Artmann (@timartmann) <a href=\"https:\/\/twitter.com\/timartmann\/status\/1389713747594334210?ref_src=twsrc%5Etfw\">May 4, 2021<\/a><\/p><\/blockquote>\n<p> <script async src=\"https:\/\/platform.twitter.com\/widgets.js\" charset=\"utf-8\"><\/script> <\/p>\n<p><strong>Nachdem der Screenshot schnell die Runde machte, konnte man sich bereits zusammenpuzzlen, wie eine m\u00f6gliche Stellungnahme aussehen k\u00f6nnte. <\/strong><\/p>\n<div class=\"dbsm-oembed\">\n<blockquote class=\"twitter-tweet\" data-width=\"500\" data-dnt=\"true\">\n<p lang=\"de\" dir=\"ltr\">Bin auf die Ausreden von <a href=\"https:\/\/twitter.com\/hashtag\/Lehmann?src=hash&amp;ref_src=twsrc%5Etfw\">#Lehmann<\/a> gespannt, hier ein kleines Bullshitbingo:<\/p>\n<p>\u201eAus dem Zusammenhang gerissen\u201c<br \/>\u201eIm Vertrauen geschrieben\u201c<br \/>\u201eIronie nicht angekommen\u201c<br \/>\u201eHabe viele schwarze Freunde\u201c<br \/>\u201eWar schon immer F\u00dcR Diversit\u00e4t\u201c<br \/>\u201eWer mich kennt wei\u00df, dass&#8230;\u201c <a href=\"https:\/\/t.co\/9Q1CFRmChK\">https:\/\/t.co\/9Q1CFRmChK<\/a><\/p>\n<p>&mdash; Max Fritzsching (@max_fritzsching) <a href=\"https:\/\/twitter.com\/max_fritzsching\/status\/1389834155521871873?ref_src=twsrc%5Etfw\">May 5, 2021<\/a><\/p><\/blockquote>\n<p><script async src=\"https:\/\/platform.twitter.com\/widgets.js\" charset=\"utf-8\"><\/script><\/div>\n<p><strong>Bis Jens Lehmann sich dann tats\u00e4chlich relativ z\u00fcgig selber \u00e4u\u00dferte. Und mit diesem Statement noch einen zweiten Vogel abschoss. <\/strong><\/p>\n<div class=\"dbsm-oembed\">\n<blockquote class=\"twitter-tweet\" data-width=\"500\" data-dnt=\"true\">\n<p lang=\"de\" dir=\"ltr\">In einer privaten Nachricht von meinem Handy an Dennis Aogo ist ein Eindruck entstanden f\u00fcr den ich mich im Gespr\u00e4ch mit Dennis entschuldigt habe. Als ehemaliger Nationalspieler ist er sehr fachkundig und hat eine tolle Pr\u00e4senz und bringt bei Sky Quote.<\/p>\n<p>&mdash; Jens Lehmann (@jenslehmann) <a href=\"https:\/\/twitter.com\/jenslehmann\/status\/1389835130139729923?ref_src=twsrc%5Etfw\">May 5, 2021<\/a><\/p><\/blockquote>\n<p><script async src=\"https:\/\/platform.twitter.com\/widgets.js\" charset=\"utf-8\"><\/script><\/div>\n<blockquote class=\"twitter-tweet\" data-conversation=\"none\">\n<p lang=\"de\" dir=\"ltr\">Tut dir leid was du gesagt hast oder dass du erwischt wurdest \ud83d\ude02\ud83d\ude02\ud83d\ude02<\/p>\n<p>&mdash; Tonia (@ECHTonia) <a href=\"https:\/\/twitter.com\/ECHTonia\/status\/1389838312454725633?ref_src=twsrc%5Etfw\">May 5, 2021<\/a><\/p><\/blockquote>\n<p> <script async src=\"https:\/\/platform.twitter.com\/widgets.js\" charset=\"utf-8\"><\/script> <\/p>\n<blockquote class=\"twitter-tweet\" data-conversation=\"none\">\n<p lang=\"de\" dir=\"ltr\">Rassismus ist \u00fcbrigens kein Eindruck, Jens.<\/p>\n<p>&mdash; jan von nebenan (@jnvnnbnn) <a href=\"https:\/\/twitter.com\/jnvnnbnn\/status\/1389840786708180994?ref_src=twsrc%5Etfw\">May 5, 2021<\/a><\/p><\/blockquote>\n<p> <script async src=\"https:\/\/platform.twitter.com\/widgets.js\" charset=\"utf-8\"><\/script> <\/p>\n<p>https:\/\/twitter.com\/anwaltsgelaber\/status\/1389842817615376384<\/p>\n<p>https:\/\/twitter.com\/sixtus\/status\/1389861071498907650<\/p>\n<p><strong>Kurze R\u00fcckschau: Jens Lehmann hat schon \u00f6fter f\u00fcr seltsame Eindr\u00fccke gesorgt. <\/strong><\/p>\n<div class=\"dbsm-oembed\">\n<blockquote class=\"twitter-tweet\" data-width=\"500\" data-dnt=\"true\">\n<p lang=\"de\" dir=\"ltr\">Bei mir ist \u00fcber die vergangenen Monate auch ein Eindruck entstanden, Jens <a href=\"https:\/\/twitter.com\/hashtag\/Lehmann?src=hash&amp;ref_src=twsrc%5Etfw\">#Lehmann<\/a>. <a href=\"https:\/\/t.co\/BIHh7Uldmn\">pic.twitter.com\/BIHh7Uldmn<\/a><\/p>\n<p>&mdash; Florian Reis (@vunallemebbes) <a href=\"https:\/\/twitter.com\/vunallemebbes\/status\/1389842788632649729?ref_src=twsrc%5Etfw\">May 5, 2021<\/a><\/p><\/blockquote>\n<p><script async src=\"https:\/\/platform.twitter.com\/widgets.js\" charset=\"utf-8\"><\/script><\/div>\n<blockquote class=\"twitter-tweet\" data-conversation=\"none\">\n<p lang=\"de\" dir=\"ltr\">Homophobie, Corona-verharmlosende Aussagen, jetzt das &#8211; in wie viele Richtungen will Lehmann eigentlich noch geistigen M\u00fcll hinausblasen?<\/p>\n<p>&mdash; Marc Schwitzky (@junger_herr_) <a href=\"https:\/\/twitter.com\/junger_herr_\/status\/1389815017789431809?ref_src=twsrc%5Etfw\">May 5, 2021<\/a><\/p><\/blockquote>\n<p> <script async src=\"https:\/\/platform.twitter.com\/widgets.js\" charset=\"utf-8\"><\/script> <\/p>\n<p><strong>Ob das noch helfen w\u00fcrde? Vermutlich nicht. <\/strong><\/p>\n<div class=\"dbsm-oembed\">\n<blockquote class=\"twitter-tweet\" data-width=\"500\" data-dnt=\"true\">\n<p lang=\"de\" dir=\"ltr\">Man sollte Jens <a href=\"https:\/\/twitter.com\/hashtag\/Lehmann?src=hash&amp;ref_src=twsrc%5Etfw\">#Lehmann<\/a> dringend mal wieder einen Zettel zustecken, auf dem ein paar Richtlinien stehen.<\/p>\n<p>&mdash; G\u00fcnter Klein (@guek62) <a href=\"https:\/\/twitter.com\/guek62\/status\/1389844093732261889?ref_src=twsrc%5Etfw\">May 5, 2021<\/a><\/p><\/blockquote>\n<p><script async src=\"https:\/\/platform.twitter.com\/widgets.js\" charset=\"utf-8\"><\/script><\/div>\n<p><strong>Und ja: Auch diese Frage w\u00e4re abschlie\u00dfend noch interessant zu kl\u00e4ren. <\/strong><\/p>\n<div class=\"dbsm-oembed\">\n<blockquote class=\"twitter-tweet\" data-width=\"500\" data-dnt=\"true\">\n<p lang=\"de\" dir=\"ltr\">Viel interessanter ist eigentlich, wer bei <a href=\"https:\/\/twitter.com\/SkySportDE?ref_src=twsrc%5Etfw\">@SkySportDE<\/a> der rassistische beste Freund von <a href=\"https:\/\/twitter.com\/hashtag\/Lehmann?src=hash&amp;ref_src=twsrc%5Etfw\">#Lehmann<\/a> ist.<\/p>\n<p>&mdash; Philipp \ud83c\udfbe (@Philipp_95) <a href=\"https:\/\/twitter.com\/Philipp_95\/status\/1389750459364253698?ref_src=twsrc%5Etfw\">May 5, 2021<\/a><\/p><\/blockquote>\n<p><script async src=\"https:\/\/platform.twitter.com\/widgets.js\" charset=\"utf-8\"><\/script><\/div>\n<p>Mal schauen, was noch passiert&#8230;.<br \/>\n&#8212;<br \/>\nDanke an alle f\u00fcr die Postings!<\/p>\n","protected":false},"excerpt":{"rendered":"<p>Jens Lehmann, unser Ex-Nationaltorh\u00fcter, WM 2006, Sommerm\u00e4rchen, ihr erinnert euch &#8211; oder? &#8230;hat sich mal wieder einen &#8222;Patzer&#8220; erlaubt. Aber nicht auf dem Feld, die&#8230;<\/p>\n","protected":false},"author":1,"featured_media":145222,"comment_status":"open","ping_status":"open","sticky":false,"template":"","format":"standard","meta":{"_acf_changed":false,"footnotes":""},"categories":[460],"tags":[4617],"class_list":["post-145217","post","type-post","status-publish","format-standard","has-post-thumbnail","hentry","category-fail","tag-jens-lehmann"],"acf":[],"yoast_head":"<!-- This site is optimized with the Yoast SEO plugin v27.5 - https:\/\/yoast.com\/product\/yoast-seo-wordpress\/ -->\n<title>Jens Lehmann versendet rassistische Nachrich an Dennis Aogo<\/title>\n<meta name=\"robots\" content=\"index, follow, max-snippet:-1, max-image-preview:large, max-video-preview:-1\" \/>\n<link rel=\"canonical\" href=\"https:\/\/www.thebestsocial.media\/de\/jens-lehmann-versendet-rassistische-nachricht-und-verschlimmert-es-mit-seinem-statement-noch\/\" \/>\n<meta property=\"og:locale\" content=\"de_DE\" \/>\n<meta property=\"og:type\" content=\"article\" \/>\n<meta property=\"og:title\" content=\"Jens Lehmann versendet rassistische Nachricht - und verschlimmert es mit seinem Statement noch\" \/>\n<meta property=\"og:description\" content=\"Jens Lehmann, unser Ex-Nationaltorh\u00fcter, WM 2006, Sommerm\u00e4rchen, ihr erinnert euch &#8211; oder? &#8230;hat sich mal wieder einen &#8222;Patzer&#8220; erlaubt. Aber nicht auf dem Feld, die...\" \/>\n<meta property=\"og:url\" content=\"https:\/\/www.thebestsocial.media\/de\/jens-lehmann-versendet-rassistische-nachricht-und-verschlimmert-es-mit-seinem-statement-noch\/\" \/>\n<meta property=\"og:site_name\" content=\"The Best Social Media DE\" \/>\n<meta property=\"article:published_time\" content=\"2021-05-05T08:52:26+00:00\" \/>\n<meta property=\"article:modified_time\" content=\"2021-05-05T09:11:04+00:00\" \/>\n<meta property=\"og:image\" content=\"https:\/\/www.thebestsocial.media\/de\/wp-content\/uploads\/sites\/3\/2021\/05\/dennis.png\" \/>\n\t<meta property=\"og:image:width\" content=\"1200\" \/>\n\t<meta property=\"og:image:height\" content=\"630\" \/>\n\t<meta property=\"og:image:type\" content=\"image\/png\" \/>\n<meta name=\"author\" content=\"admin\" \/>\n<meta name=\"twitter:card\" content=\"summary_large_image\" \/>\n<meta name=\"twitter:label1\" content=\"Verfasst von\" \/>\n\t<meta name=\"twitter:data1\" content=\"admin\" \/>\n\t<meta name=\"twitter:label2\" content=\"Gesch\u00e4tzte Lesezeit\" \/>\n\t<meta name=\"twitter:data2\" content=\"2\u00a0Minuten\" \/>\n<script type=\"application\/ld+json\" class=\"yoast-schema-graph\">{\"@context\":\"https:\\\/\\\/schema.org\",\"@graph\":[{\"@type\":\"Article\",\"@id\":\"https:\\\/\\\/www.thebestsocial.media\\\/de\\\/jens-lehmann-versendet-rassistische-nachricht-und-verschlimmert-es-mit-seinem-statement-noch\\\/#article\",\"isPartOf\":{\"@id\":\"https:\\\/\\\/www.thebestsocial.media\\\/de\\\/jens-lehmann-versendet-rassistische-nachricht-und-verschlimmert-es-mit-seinem-statement-noch\\\/\"},\"author\":{\"name\":\"admin\",\"@id\":\"https:\\\/\\\/www.thebestsocial.media\\\/de\\\/#\\\/schema\\\/person\\\/50bf2a2972050875c732f9b2292528c3\"},\"headline\":\"Jens Lehmann versendet rassistische Nachricht &#8211; und verschlimmert es mit seinem Statement noch\",\"datePublished\":\"2021-05-05T08:52:26+00:00\",\"dateModified\":\"2021-05-05T09:11:04+00:00\",\"mainEntityOfPage\":{\"@id\":\"https:\\\/\\\/www.thebestsocial.media\\\/de\\\/jens-lehmann-versendet-rassistische-nachricht-und-verschlimmert-es-mit-seinem-statement-noch\\\/\"},\"wordCount\":329,\"commentCount\":0,\"image\":{\"@id\":\"https:\\\/\\\/www.thebestsocial.media\\\/de\\\/jens-lehmann-versendet-rassistische-nachricht-und-verschlimmert-es-mit-seinem-statement-noch\\\/#primaryimage\"},\"thumbnailUrl\":\"https:\\\/\\\/www.thebestsocial.media\\\/de\\\/wp-content\\\/uploads\\\/sites\\\/3\\\/2021\\\/05\\\/Bildschirmfoto-2021-05-05-um-10.47.31.png\",\"keywords\":[\"Jens Lehmann\"],\"articleSection\":[\"Fail\"],\"inLanguage\":\"de\",\"potentialAction\":[{\"@type\":\"CommentAction\",\"name\":\"Comment\",\"target\":[\"https:\\\/\\\/www.thebestsocial.media\\\/de\\\/jens-lehmann-versendet-rassistische-nachricht-und-verschlimmert-es-mit-seinem-statement-noch\\\/#respond\"]}]},{\"@type\":\"WebPage\",\"@id\":\"https:\\\/\\\/www.thebestsocial.media\\\/de\\\/jens-lehmann-versendet-rassistische-nachricht-und-verschlimmert-es-mit-seinem-statement-noch\\\/\",\"url\":\"https:\\\/\\\/www.thebestsocial.media\\\/de\\\/jens-lehmann-versendet-rassistische-nachricht-und-verschlimmert-es-mit-seinem-statement-noch\\\/\",\"name\":\"Jens Lehmann versendet rassistische Nachrich an Dennis Aogo\",\"isPartOf\":{\"@id\":\"https:\\\/\\\/www.thebestsocial.media\\\/de\\\/#website\"},\"primaryImageOfPage\":{\"@id\":\"https:\\\/\\\/www.thebestsocial.media\\\/de\\\/jens-lehmann-versendet-rassistische-nachricht-und-verschlimmert-es-mit-seinem-statement-noch\\\/#primaryimage\"},\"image\":{\"@id\":\"https:\\\/\\\/www.thebestsocial.media\\\/de\\\/jens-lehmann-versendet-rassistische-nachricht-und-verschlimmert-es-mit-seinem-statement-noch\\\/#primaryimage\"},\"thumbnailUrl\":\"https:\\\/\\\/www.thebestsocial.media\\\/de\\\/wp-content\\\/uploads\\\/sites\\\/3\\\/2021\\\/05\\\/Bildschirmfoto-2021-05-05-um-10.47.31.png\",\"datePublished\":\"2021-05-05T08:52:26+00:00\",\"dateModified\":\"2021-05-05T09:11:04+00:00\",\"author\":{\"@id\":\"https:\\\/\\\/www.thebestsocial.media\\\/de\\\/#\\\/schema\\\/person\\\/50bf2a2972050875c732f9b2292528c3\"},\"breadcrumb\":{\"@id\":\"https:\\\/\\\/www.thebestsocial.media\\\/de\\\/jens-lehmann-versendet-rassistische-nachricht-und-verschlimmert-es-mit-seinem-statement-noch\\\/#breadcrumb\"},\"inLanguage\":\"de\",\"potentialAction\":[{\"@type\":\"ReadAction\",\"target\":[\"https:\\\/\\\/www.thebestsocial.media\\\/de\\\/jens-lehmann-versendet-rassistische-nachricht-und-verschlimmert-es-mit-seinem-statement-noch\\\/\"]}]},{\"@type\":\"ImageObject\",\"inLanguage\":\"de\",\"@id\":\"https:\\\/\\\/www.thebestsocial.media\\\/de\\\/jens-lehmann-versendet-rassistische-nachricht-und-verschlimmert-es-mit-seinem-statement-noch\\\/#primaryimage\",\"url\":\"https:\\\/\\\/www.thebestsocial.media\\\/de\\\/wp-content\\\/uploads\\\/sites\\\/3\\\/2021\\\/05\\\/Bildschirmfoto-2021-05-05-um-10.47.31.png\",\"contentUrl\":\"https:\\\/\\\/www.thebestsocial.media\\\/de\\\/wp-content\\\/uploads\\\/sites\\\/3\\\/2021\\\/05\\\/Bildschirmfoto-2021-05-05-um-10.47.31.png\",\"width\":1426,\"height\":646},{\"@type\":\"BreadcrumbList\",\"@id\":\"https:\\\/\\\/www.thebestsocial.media\\\/de\\\/jens-lehmann-versendet-rassistische-nachricht-und-verschlimmert-es-mit-seinem-statement-noch\\\/#breadcrumb\",\"itemListElement\":[{\"@type\":\"ListItem\",\"position\":1,\"name\":\"Home\",\"item\":\"https:\\\/\\\/www.thebestsocial.media\\\/de\\\/\"},{\"@type\":\"ListItem\",\"position\":2,\"name\":\"Jens Lehmann versendet rassistische Nachricht &#8211; und verschlimmert es mit seinem Statement noch\"}]},{\"@type\":\"WebSite\",\"@id\":\"https:\\\/\\\/www.thebestsocial.media\\\/de\\\/#website\",\"url\":\"https:\\\/\\\/www.thebestsocial.media\\\/de\\\/\",\"name\":\"The Best Social Media DE\",\"description\":\"\",\"potentialAction\":[{\"@type\":\"SearchAction\",\"target\":{\"@type\":\"EntryPoint\",\"urlTemplate\":\"https:\\\/\\\/www.thebestsocial.media\\\/de\\\/?s={search_term_string}\"},\"query-input\":{\"@type\":\"PropertyValueSpecification\",\"valueRequired\":true,\"valueName\":\"search_term_string\"}}],\"inLanguage\":\"de\"},{\"@type\":\"Person\",\"@id\":\"https:\\\/\\\/www.thebestsocial.media\\\/de\\\/#\\\/schema\\\/person\\\/50bf2a2972050875c732f9b2292528c3\",\"name\":\"admin\",\"image\":{\"@type\":\"ImageObject\",\"inLanguage\":\"de\",\"@id\":\"https:\\\/\\\/secure.gravatar.com\\\/avatar\\\/dfabcac01d1866afd37823fba624364cadb5ce34a3d63795d3b5facc23a71b15?s=96&d=mm&r=g\",\"url\":\"https:\\\/\\\/secure.gravatar.com\\\/avatar\\\/dfabcac01d1866afd37823fba624364cadb5ce34a3d63795d3b5facc23a71b15?s=96&d=mm&r=g\",\"contentUrl\":\"https:\\\/\\\/secure.gravatar.com\\\/avatar\\\/dfabcac01d1866afd37823fba624364cadb5ce34a3d63795d3b5facc23a71b15?s=96&d=mm&r=g\",\"caption\":\"admin\"},\"url\":\"https:\\\/\\\/www.thebestsocial.media\\\/de\\\/author\\\/admin\\\/\"}]}<\/script>\n<!-- \/ Yoast SEO plugin. -->","yoast_head_json":{"title":"Jens Lehmann versendet rassistische Nachrich an Dennis Aogo","robots":{"index":"index","follow":"follow","max-snippet":"max-snippet:-1","max-image-preview":"max-image-preview:large","max-video-preview":"max-video-preview:-1"},"canonical":"https:\/\/www.thebestsocial.media\/de\/jens-lehmann-versendet-rassistische-nachricht-und-verschlimmert-es-mit-seinem-statement-noch\/","og_locale":"de_DE","og_type":"article","og_title":"Jens Lehmann versendet rassistische Nachricht - und verschlimmert es mit seinem Statement noch","og_description":"Jens Lehmann, unser Ex-Nationaltorh\u00fcter, WM 2006, Sommerm\u00e4rchen, ihr erinnert euch &#8211; oder? &#8230;hat sich mal wieder einen &#8222;Patzer&#8220; erlaubt. Aber nicht auf dem Feld, die...","og_url":"https:\/\/www.thebestsocial.media\/de\/jens-lehmann-versendet-rassistische-nachricht-und-verschlimmert-es-mit-seinem-statement-noch\/","og_site_name":"The Best Social Media DE","article_published_time":"2021-05-05T08:52:26+00:00","article_modified_time":"2021-05-05T09:11:04+00:00","og_image":[{"width":1200,"height":630,"url":"https:\/\/www.thebestsocial.media\/de\/wp-content\/uploads\/sites\/3\/2021\/05\/dennis.png","type":"image\/png"}],"author":"admin","twitter_card":"summary_large_image","twitter_misc":{"Verfasst von":"admin","Gesch\u00e4tzte Lesezeit":"2\u00a0Minuten"},"schema":{"@context":"https:\/\/schema.org","@graph":[{"@type":"Article","@id":"https:\/\/www.thebestsocial.media\/de\/jens-lehmann-versendet-rassistische-nachricht-und-verschlimmert-es-mit-seinem-statement-noch\/#article","isPartOf":{"@id":"https:\/\/www.thebestsocial.media\/de\/jens-lehmann-versendet-rassistische-nachricht-und-verschlimmert-es-mit-seinem-statement-noch\/"},"author":{"name":"admin","@id":"https:\/\/www.thebestsocial.media\/de\/#\/schema\/person\/50bf2a2972050875c732f9b2292528c3"},"headline":"Jens Lehmann versendet rassistische Nachricht &#8211; und verschlimmert es mit seinem Statement noch","datePublished":"2021-05-05T08:52:26+00:00","dateModified":"2021-05-05T09:11:04+00:00","mainEntityOfPage":{"@id":"https:\/\/www.thebestsocial.media\/de\/jens-lehmann-versendet-rassistische-nachricht-und-verschlimmert-es-mit-seinem-statement-noch\/"},"wordCount":329,"commentCount":0,"image":{"@id":"https:\/\/www.thebestsocial.media\/de\/jens-lehmann-versendet-rassistische-nachricht-und-verschlimmert-es-mit-seinem-statement-noch\/#primaryimage"},"thumbnailUrl":"https:\/\/www.thebestsocial.media\/de\/wp-content\/uploads\/sites\/3\/2021\/05\/Bildschirmfoto-2021-05-05-um-10.47.31.png","keywords":["Jens Lehmann"],"articleSection":["Fail"],"inLanguage":"de","potentialAction":[{"@type":"CommentAction","name":"Comment","target":["https:\/\/www.thebestsocial.media\/de\/jens-lehmann-versendet-rassistische-nachricht-und-verschlimmert-es-mit-seinem-statement-noch\/#respond"]}]},{"@type":"WebPage","@id":"https:\/\/www.thebestsocial.media\/de\/jens-lehmann-versendet-rassistische-nachricht-und-verschlimmert-es-mit-seinem-statement-noch\/","url":"https:\/\/www.thebestsocial.media\/de\/jens-lehmann-versendet-rassistische-nachricht-und-verschlimmert-es-mit-seinem-statement-noch\/","name":"Jens Lehmann versendet rassistische Nachrich an Dennis Aogo","isPartOf":{"@id":"https:\/\/www.thebestsocial.media\/de\/#website"},"primaryImageOfPage":{"@id":"https:\/\/www.thebestsocial.media\/de\/jens-lehmann-versendet-rassistische-nachricht-und-verschlimmert-es-mit-seinem-statement-noch\/#primaryimage"},"image":{"@id":"https:\/\/www.thebestsocial.media\/de\/jens-lehmann-versendet-rassistische-nachricht-und-verschlimmert-es-mit-seinem-statement-noch\/#primaryimage"},"thumbnailUrl":"https:\/\/www.thebestsocial.media\/de\/wp-content\/uploads\/sites\/3\/2021\/05\/Bildschirmfoto-2021-05-05-um-10.47.31.png","datePublished":"2021-05-05T08:52:26+00:00","dateModified":"2021-05-05T09:11:04+00:00","author":{"@id":"https:\/\/www.thebestsocial.media\/de\/#\/schema\/person\/50bf2a2972050875c732f9b2292528c3"},"breadcrumb":{"@id":"https:\/\/www.thebestsocial.media\/de\/jens-lehmann-versendet-rassistische-nachricht-und-verschlimmert-es-mit-seinem-statement-noch\/#breadcrumb"},"inLanguage":"de","potentialAction":[{"@type":"ReadAction","target":["https:\/\/www.thebestsocial.media\/de\/jens-lehmann-versendet-rassistische-nachricht-und-verschlimmert-es-mit-seinem-statement-noch\/"]}]},{"@type":"ImageObject","inLanguage":"de","@id":"https:\/\/www.thebestsocial.media\/de\/jens-lehmann-versendet-rassistische-nachricht-und-verschlimmert-es-mit-seinem-statement-noch\/#primaryimage","url":"https:\/\/www.thebestsocial.media\/de\/wp-content\/uploads\/sites\/3\/2021\/05\/Bildschirmfoto-2021-05-05-um-10.47.31.png","contentUrl":"https:\/\/www.thebestsocial.media\/de\/wp-content\/uploads\/sites\/3\/2021\/05\/Bildschirmfoto-2021-05-05-um-10.47.31.png","width":1426,"height":646},{"@type":"BreadcrumbList","@id":"https:\/\/www.thebestsocial.media\/de\/jens-lehmann-versendet-rassistische-nachricht-und-verschlimmert-es-mit-seinem-statement-noch\/#breadcrumb","itemListElement":[{"@type":"ListItem","position":1,"name":"Home","item":"https:\/\/www.thebestsocial.media\/de\/"},{"@type":"ListItem","position":2,"name":"Jens Lehmann versendet rassistische Nachricht &#8211; und verschlimmert es mit seinem Statement noch"}]},{"@type":"WebSite","@id":"https:\/\/www.thebestsocial.media\/de\/#website","url":"https:\/\/www.thebestsocial.media\/de\/","name":"The Best Social Media DE","description":"","potentialAction":[{"@type":"SearchAction","target":{"@type":"EntryPoint","urlTemplate":"https:\/\/www.thebestsocial.media\/de\/?s={search_term_string}"},"query-input":{"@type":"PropertyValueSpecification","valueRequired":true,"valueName":"search_term_string"}}],"inLanguage":"de"},{"@type":"Person","@id":"https:\/\/www.thebestsocial.media\/de\/#\/schema\/person\/50bf2a2972050875c732f9b2292528c3","name":"admin","image":{"@type":"ImageObject","inLanguage":"de","@id":"https:\/\/secure.gravatar.com\/avatar\/dfabcac01d1866afd37823fba624364cadb5ce34a3d63795d3b5facc23a71b15?s=96&d=mm&r=g","url":"https:\/\/secure.gravatar.com\/avatar\/dfabcac01d1866afd37823fba624364cadb5ce34a3d63795d3b5facc23a71b15?s=96&d=mm&r=g","contentUrl":"https:\/\/secure.gravatar.com\/avatar\/dfabcac01d1866afd37823fba624364cadb5ce34a3d63795d3b5facc23a71b15?s=96&d=mm&r=g","caption":"admin"},"url":"https:\/\/www.thebestsocial.media\/de\/author\/admin\/"}]}},"amp_enabled":true,"_links":{"self":[{"href":"https:\/\/www.thebestsocial.media\/de\/wp-json\/wp\/v2\/posts\/145217","targetHints":{"allow":["GET"]}}],"collection":[{"href":"https:\/\/www.thebestsocial.media\/de\/wp-json\/wp\/v2\/posts"}],"about":[{"href":"https:\/\/www.thebestsocial.media\/de\/wp-json\/wp\/v2\/types\/post"}],"author":[{"embeddable":true,"href":"https:\/\/www.thebestsocial.media\/de\/wp-json\/wp\/v2\/users\/1"}],"replies":[{"embeddable":true,"href":"https:\/\/www.thebestsocial.media\/de\/wp-json\/wp\/v2\/comments?post=145217"}],"version-history":[{"count":8,"href":"https:\/\/www.thebestsocial.media\/de\/wp-json\/wp\/v2\/posts\/145217\/revisions"}],"predecessor-version":[{"id":145229,"href":"https:\/\/www.thebestsocial.media\/de\/wp-json\/wp\/v2\/posts\/145217\/revisions\/145229"}],"wp:featuredmedia":[{"embeddable":true,"href":"https:\/\/www.thebestsocial.media\/de\/wp-json\/wp\/v2\/media\/145222"}],"wp:attachment":[{"href":"https:\/\/www.thebestsocial.media\/de\/wp-json\/wp\/v2\/media?parent=145217"}],"wp:term":[{"taxonomy":"category","embeddable":true,"href":"https:\/\/www.thebestsocial.media\/de\/wp-json\/wp\/v2\/categories?post=145217"},{"taxonomy":"post_tag","embeddable":true,"href":"https:\/\/www.thebestsocial.media\/de\/wp-json\/wp\/v2\/tags?post=145217"}],"curies":[{"name":"wp","href":"https:\/\/api.w.org\/{rel}","templated":true}]}}