{"id":144528,"date":"2021-04-19T09:29:31","date_gmt":"2021-04-19T09:29:31","guid":{"rendered":"https:\/\/www.thebestsocial.media\/de\/?p=144528"},"modified":"2021-04-19T09:33:37","modified_gmt":"2021-04-19T09:33:37","slug":"merz-gendern","status":"publish","type":"post","link":"https:\/\/www.thebestsocial.media\/de\/merz-gendern\/","title":{"rendered":"Friedrich Merz \u00e4u\u00dferst sich abf\u00e4llig \u00fcbers Gendern und erntet daf\u00fcr reichlich Kritik"},"content":{"rendered":"<p>Das Thema Gendern wird derzeit hitzig und mitunter hochemotional diskutiert. F\u00fcr Bef\u00fcrworter ist Gendern im Sinne der Gleichberechtigung eine Selbstverst\u00e4ndlichkeit. Und w\u00e4hrend an der Notwendigkeit von Gleichberechtigung zwischen den Geschlechtern oder Akzeptanz von LGBTQI*-Person kein Zweifel besteht, gibt es dennoch gerechtfertigte Kritik am Gendern &#8211; beispielsweise die fehlenden verbindlichen Rechtschreibregeln oder dass nicht die Sprache ge\u00e4ndert werden sollte, sondern die gesellschaftlichen Verh\u00e4ltnisse, die noch immer stark patriarchalisch gepr\u00e4gt sind.<\/p>\n<p>&nbsp;<br \/>\n<strong>Aber neben gerechtfertigter Kritik, gibt es auch jene konservativen und reaktion\u00e4ren Str\u00f6mungen, denen jegliche Ver\u00e4nderung &#8211; egal ob rein sprachlich oder gesellschaftspolitisch &#8211; zuwider ist. Friedrich Merz brachte solch eine Haltung am Wochenende zum Ausdruck.<\/strong><\/p>\n<div class=\"dbsm-oembed\">\n<blockquote class=\"twitter-tweet\" data-width=\"500\" data-dnt=\"true\">\n<p lang=\"de\" dir=\"ltr\">\u201eGr\u00fcne und Gr\u00fcninnen?<br \/>Frauofrau statt Mannomann?<br \/>Einigkeit und Recht und Freiheit f\u00fcr das deutsche Mutterland? <br \/>H\u00e4hnch*Innen-Filet? <br \/>Spielpl\u00e4tze f\u00fcr Kinder und Kinderinnen? <\/p>\n<p>Wer gibt diesen <a href=\"https:\/\/twitter.com\/hashtag\/Gender?src=hash&amp;ref_src=twsrc%5Etfw\">#Gender<\/a>-Leuten eigentlich das Recht, einseitig unsere Sprache zu ver\u00e4ndern?&quot; &#8482; <a href=\"https:\/\/twitter.com\/hashtag\/Merz?src=hash&amp;ref_src=twsrc%5Etfw\">#Merz<\/a><\/p>\n<p>&mdash; Friedrich Merz (@_FriedrichMerz) <a href=\"https:\/\/twitter.com\/_FriedrichMerz\/status\/1383343760260567043?ref_src=twsrc%5Etfw\">April 17, 2021<\/a><\/p><\/blockquote>\n<p><script async src=\"https:\/\/platform.twitter.com\/widgets.js\" charset=\"utf-8\"><\/script><\/div>\n<p>&nbsp;<br \/>\n<strong>Bei seinem Klientel fand er daf\u00fcr viel Zuspruch. Andere kritisierten ihn.<\/strong><\/p>\n<blockquote class=\"twitter-tweet\" data-conversation=\"none\">\n<p lang=\"de\" dir=\"ltr\">Wie peinlich kann Mann sein?<\/p>\n<p>Friedrich Merz: JA!<\/p>\n<p>&mdash; Quattromilf dem #quattromob seine Mudda (@ebonyplusirony) <a href=\"https:\/\/twitter.com\/ebonyplusirony\/status\/1383352040458395648?ref_src=twsrc%5Etfw\">April 17, 2021<\/a><\/p><\/blockquote>\n<p> <script async src=\"https:\/\/platform.twitter.com\/widgets.js\" charset=\"utf-8\"><\/script><\/p>\n<blockquote class=\"twitter-tweet\" data-conversation=\"none\">\n<p lang=\"de\" dir=\"ltr\">*Merz*innen bitte \u261d\ufe0f<\/p>\n<p>&mdash; erzaehlmirnix (@erzaehlmirnix) <a href=\"https:\/\/twitter.com\/erzaehlmirnix\/status\/1383422211478802443?ref_src=twsrc%5Etfw\">April 17, 2021<\/a><\/p><\/blockquote>\n<p> <script async src=\"https:\/\/platform.twitter.com\/widgets.js\" charset=\"utf-8\"><\/script><\/p>\n<blockquote class=\"twitter-tweet\" data-conversation=\"none\">\n<p lang=\"de\" dir=\"ltr\">Friedrich Merz ist der einzige Politiker, der es schafft sich auf einem leeren Spielfeld immer wieder selbst zu tackeln.<\/p>\n<p>&mdash; Ann W\u00e4ltin (@Ann_Waeltin) <a href=\"https:\/\/twitter.com\/Ann_Waeltin\/status\/1383360235343990785?ref_src=twsrc%5Etfw\">April 17, 2021<\/a><\/p><\/blockquote>\n<p> <script async src=\"https:\/\/platform.twitter.com\/widgets.js\" charset=\"utf-8\"><\/script><\/p>\n<blockquote class=\"twitter-tweet\" data-conversation=\"none\">\n<p lang=\"de\" dir=\"ltr\">Merz und Merzinnen?<br \/>Kandidat*innen-Klatsche?<br \/>Kanzlerinnenamt? <br \/>Fettn\u00e4pfchen-Springerin statt Fettn\u00e4pfchen-Springer?<br \/>Keine Chance, CDU-Vorsitzende zu werden? <\/p>\n<p>Wer gibt diesen &#8482;-Leuten eigentlich das Recht, beim AfD-Klientel auf Stimmenfang zu gehen? (mvdb) <a href=\"https:\/\/twitter.com\/hashtag\/Merz?src=hash&amp;ref_src=twsrc%5Etfw\">#Merz<\/a><\/p>\n<p>&mdash; Marie von den Benken (@Regendelfin) <a href=\"https:\/\/twitter.com\/Regendelfin\/status\/1383402946008809480?ref_src=twsrc%5Etfw\">April 17, 2021<\/a><\/p><\/blockquote>\n<p> <script async src=\"https:\/\/platform.twitter.com\/widgets.js\" charset=\"utf-8\"><\/script><\/p>\n<p>&nbsp;<br \/>\n<strong>Vielen war die populistische Absicht deutlich zu plump.<\/strong><\/p>\n<blockquote class=\"twitter-tweet\" data-conversation=\"none\">\n<p lang=\"de\" dir=\"ltr\">Machen Sie sich \u00fcbers Gendern lustig oder \u00fcber Leute, die sich \u00fcbers Gendern lustig machen? <br \/>Tbh, wenn es nicht Sie w\u00e4ren, w\u00fcrde ich denken, da parodiert jemand jemand einen besonders peinlichen Konservativen. \ud83e\udd37\u200d\u2640\ufe0f<\/p>\n<p>&mdash; erzaehlmirnix (@erzaehlmirnix) <a href=\"https:\/\/twitter.com\/erzaehlmirnix\/status\/1383417774748291077?ref_src=twsrc%5Etfw\">April 17, 2021<\/a><\/p><\/blockquote>\n<p> <script async src=\"https:\/\/platform.twitter.com\/widgets.js\" charset=\"utf-8\"><\/script><\/p>\n<p>https:\/\/twitter.com\/Gedankenbalsam\/status\/1383372472175583232<\/p>\n<div class=\"dbsm-oembed\">\n<blockquote class=\"twitter-tweet\" data-width=\"500\" data-dnt=\"true\">\n<p lang=\"de\" dir=\"ltr\">Friedrich Merz ist wenn Pinky Gloves ein Charakterzug w\u00e4ren.<\/p>\n<p>&mdash; Shahak Shapira (@ShahakShapira) <a href=\"https:\/\/twitter.com\/ShahakShapira\/status\/1383378099044118529?ref_src=twsrc%5Etfw\">April 17, 2021<\/a><\/p><\/blockquote>\n<p><script async src=\"https:\/\/platform.twitter.com\/widgets.js\" charset=\"utf-8\"><\/script><\/div>\n<div class=\"dbsm-oembed\">\n<blockquote class=\"twitter-tweet\" data-width=\"500\" data-dnt=\"true\">\n<p lang=\"de\" dir=\"ltr\">\u201eGr\u00fcne und Gr\u00fcninnen?<br \/>Frauofrau statt Mannomann?<br \/>Einigkeit und Recht und Freiheit f\u00fcr das deutsche Mutterland? <br \/>H\u00e4hnch*Innen-Filet? <br \/>Spielpl\u00e4tze f\u00fcr Kinder und Kinderinnen?\u201c <a href=\"https:\/\/t.co\/ePdKTUOkmQ\">pic.twitter.com\/ePdKTUOkmQ<\/a><\/p>\n<p>&mdash; Tristan Herold (@dertristan1) <a href=\"https:\/\/twitter.com\/dertristan1\/status\/1383364573898579973?ref_src=twsrc%5Etfw\">April 17, 2021<\/a><\/p><\/blockquote>\n<p><script async src=\"https:\/\/platform.twitter.com\/widgets.js\" charset=\"utf-8\"><\/script><\/div>\n<p>&nbsp;<br \/>\n<strong>F\u00fcr eine sachliche Auseinandersetzung war Merz bzw. sein Team offensichtlich nicht zu haben.<\/strong><\/p>\n<div class=\"dbsm-oembed\">\n<blockquote class=\"twitter-tweet\" data-width=\"500\" data-dnt=\"true\">\n<p lang=\"de\" dir=\"ltr\">Schonmal aufgefallen? Friedrich Merz twittert erst nach Sonnenuntergang selbst. Tags\u00fcber benutzt das Team Merz den Account. Verd\u00e4chtig.<\/p>\n<p>&mdash; Miguel Robitzky (@miguelrausa) <a href=\"https:\/\/twitter.com\/miguelrausa\/status\/1383348963634339847?ref_src=twsrc%5Etfw\">April 17, 2021<\/a><\/p><\/blockquote>\n<p><script async src=\"https:\/\/platform.twitter.com\/widgets.js\" charset=\"utf-8\"><\/script><\/div>\n<div class=\"dbsm-oembed\">\n<blockquote class=\"twitter-tweet\" data-width=\"500\" data-dnt=\"true\">\n<p lang=\"de\" dir=\"ltr\">\u201eIch tweete alles in Anf\u00fchrungszeichen und unterschreibe mit \u201aTeam Merz\u2018, als ob mich zu zitieren ein tats\u00e4chlicher Beruf w\u00e4re, aber eigentlich sitze ich alleine Zuhause und kommentiere Sophia Thomalla Instagram Storys mit \u201a\ud83e\udd2a\ud83e\udd2a\ud83e\udd2a\u2018\u201c (ts) <a href=\"https:\/\/twitter.com\/hashtag\/Shapira?src=hash&amp;ref_src=twsrc%5Etfw\">#Shapira<\/a> <a href=\"https:\/\/t.co\/FmSNKXsU3K\">pic.twitter.com\/FmSNKXsU3K<\/a><\/p>\n<p>&mdash; Shahak Shapira (@ShahakShapira) <a href=\"https:\/\/twitter.com\/ShahakShapira\/status\/1383383967437520898?ref_src=twsrc%5Etfw\">April 17, 2021<\/a><\/p><\/blockquote>\n<p><script async src=\"https:\/\/platform.twitter.com\/widgets.js\" charset=\"utf-8\"><\/script><\/div>\n<p>https:\/\/twitter.com\/tejwo\/status\/1383363051345256448<\/p>\n<div class=\"dbsm-oembed\">\n<blockquote class=\"twitter-tweet\" data-width=\"500\" data-dnt=\"true\">\n<p lang=\"de\" dir=\"ltr\">Weil er gegen Gendern ist: Merz lehnt Amt des Innenministers ab. <a href=\"https:\/\/t.co\/TKvzk6QkfE\">pic.twitter.com\/TKvzk6QkfE<\/a><\/p>\n<p>&mdash; \ud835\udd6d\ud835\udd97\ud835\udd9a\ud835\udd89\ud835\udd8e \ud835\udd6e\ud835\udd86\ud835\udd97\ud835\udd97\ud835\udd8a\ud835\udd91\ud835\udd91 \ud83c\udf7a (@derjansinn) <a href=\"https:\/\/twitter.com\/derjansinn\/status\/1383429295368851466?ref_src=twsrc%5Etfw\">April 17, 2021<\/a><\/p><\/blockquote>\n<p><script async src=\"https:\/\/platform.twitter.com\/widgets.js\" charset=\"utf-8\"><\/script><\/div>\n<p>&nbsp;<br \/>\n<strong>Warum macht Merz \u00fcberhaupt solch ein Fass auf? Gibt es derzeit keine dr\u00e4ngenderen Probleme?<\/strong><\/p>\n<div class=\"dbsm-oembed\">\n<blockquote class=\"twitter-tweet\" data-width=\"500\" data-dnt=\"true\">\n<p lang=\"de\" dir=\"ltr\">Was meine Freiheit einschr\u00e4nkt:<\/p>\n<p>\u25b8 Pflegenotstand<br \/>\u25b8 Klimawandel<br \/>\u25b8 schlechter \u00f6ffentlicher Nahverkehr<br \/>\u25b8 Covidioten<br \/>\u25b8 Funkl\u00f6cher<br \/>\u25b8 Wohnungsnot<br \/>\u25b8 Impfgegner<br \/>\u25b8 zu wenige sichere Radwege<br \/>\u25b8 Umweltzerst\u00f6rung<br \/>\u25b8 Nazis<\/p>\n<p>Was meine Freiheit nicht einschr\u00e4nkt:<\/p>\n<p>\u25b8 Gendersternchen<\/p>\n<p>&mdash; Kaffeecup (@kaffeecup) <a href=\"https:\/\/twitter.com\/kaffeecup\/status\/1328368810307555328?ref_src=twsrc%5Etfw\">November 16, 2020<\/a><\/p><\/blockquote>\n<p><script async src=\"https:\/\/platform.twitter.com\/widgets.js\" charset=\"utf-8\"><\/script><\/div>\n<div class=\"dbsm-oembed\">\n<blockquote class=\"twitter-tweet\" data-width=\"500\" data-dnt=\"true\">\n<p lang=\"de\" dir=\"ltr\">Mir sind <a href=\"https:\/\/twitter.com\/hashtag\/Merz?src=hash&amp;ref_src=twsrc%5Etfw\">#Merz<\/a> dumme Tweets egal. <\/p>\n<p>Ich will wissen warum die CDU mit k\u00e4uflichen Politikern wie Philipp Amthor und Rechtspopulisten wie Hans-Georg Maa\u00dfen antritt und warum immer noch nicht alle CDU-Politiker mit engen Connections nach Baku von ihren \u00c4mtern zur\u00fcckgetreten sind.<\/p>\n<p>&mdash; Krsto Lazarevi\u0107 (@Krstorevic) <a href=\"https:\/\/twitter.com\/Krstorevic\/status\/1383386508179120129?ref_src=twsrc%5Etfw\">April 17, 2021<\/a><\/p><\/blockquote>\n<p><script async src=\"https:\/\/platform.twitter.com\/widgets.js\" charset=\"utf-8\"><\/script><\/div>\n<p>&nbsp;<br \/>\n<strong>Autorin Nele Pollatschek, die das Gendern u.a. im Tagesspiegel kritisierte, zeigt sich selbstironisch.<\/strong><\/p>\n<div class=\"dbsm-oembed\">\n<blockquote class=\"twitter-tweet\" data-width=\"500\" data-dnt=\"true\">\n<p lang=\"de\" dir=\"ltr\">Ich war lange skeptisch, aber Friedrich Merz hat mich vom Gendern \u00fcberzeugt.<\/p>\n<p>&mdash; Nele Pollatschek (@NRPollatschek) <a href=\"https:\/\/twitter.com\/NRPollatschek\/status\/1383460709284007945?ref_src=twsrc%5Etfw\">April 17, 2021<\/a><\/p><\/blockquote>\n<p><script async src=\"https:\/\/platform.twitter.com\/widgets.js\" charset=\"utf-8\"><\/script><\/div>\n<div class=\"dbsm-oembed\">\n<blockquote class=\"twitter-tweet\" data-width=\"500\" data-dnt=\"true\">\n<p lang=\"de\" dir=\"ltr\">Es gibt durchaus intelligente Kritik am Gendern. Und es gibt Friedrich Merz. (Wie bescheuert ist, was sein Team tweetet, sieht man sofort daran, dass er lauter Beispiele nennt, die noch nie, NOCH NIE, irgendjemand gefordert hat, nicht mal die Regierungschef:innen von Wokistan.) <a href=\"https:\/\/t.co\/D7xDFUvbIJ\">pic.twitter.com\/D7xDFUvbIJ<\/a><\/p>\n<p>&mdash; Hasnain Kazim (@HasnainKazim) <a href=\"https:\/\/twitter.com\/HasnainKazim\/status\/1383385290216140813?ref_src=twsrc%5Etfw\">April 17, 2021<\/a><\/p><\/blockquote>\n<p><script async src=\"https:\/\/platform.twitter.com\/widgets.js\" charset=\"utf-8\"><\/script><\/div>\n<p>&nbsp;<br \/>\n<strong>Dass man sich auch deutlich differenzierter mit der Thematik auseinandersetzen kann, zeigen neben Pollatschek auch andere Beispiele wie dieser Kommentar aus dem ARD Mittagsmagazin, der im M\u00e4rz f\u00fcr einiges Aufsehen sorgte.<\/strong><\/p>\n<div class=\"dbsm-oembed\">\n<blockquote class=\"twitter-tweet\" data-width=\"500\" data-dnt=\"true\">\n<p lang=\"de\" dir=\"ltr\">\u201eGendern ist kein nat\u00fcrlicher Sprachwandel, sondern vollkommen k\u00fcnstlich\u201c, meint ARD-Reporterin <a href=\"https:\/\/twitter.com\/juliaruhs?ref_src=twsrc%5Etfw\">@juliaruhs<\/a>. Sternchen, Doppelpunkte und Unterstriche gingen gegen ihr Sprachgef\u00fchl. Wie seht ihr das? <a href=\"https:\/\/twitter.com\/hashtag\/Meinung?src=hash&amp;ref_src=twsrc%5Etfw\">#Meinung<\/a> <a href=\"https:\/\/twitter.com\/hashtag\/mittagsmagazin?src=hash&amp;ref_src=twsrc%5Etfw\">#mittagsmagazin<\/a> <a href=\"https:\/\/twitter.com\/DasErste?ref_src=twsrc%5Etfw\">@DasErste<\/a> <a href=\"https:\/\/t.co\/nRGkK3sSrx\">pic.twitter.com\/nRGkK3sSrx<\/a><\/p>\n<p>&mdash; mittagsmagazin (@mittagsmagazin) <a href=\"https:\/\/twitter.com\/mittagsmagazin\/status\/1369267517978447874?ref_src=twsrc%5Etfw\">March 9, 2021<\/a><\/p><\/blockquote>\n<p><script async src=\"https:\/\/platform.twitter.com\/widgets.js\" charset=\"utf-8\"><\/script><\/div>\n<div class=\"dbsm-oembed\">\n<blockquote class=\"twitter-tweet\" data-width=\"500\" data-dnt=\"true\">\n<p lang=\"de\" dir=\"ltr\">Kleiner Hinweis: Ihr m\u00fcsst meine Meinung nicht f\u00fcr &quot;gut&quot; oder &quot;richtig&quot; befinden, sondern sie tolerieren. Sie ist ein Beitrag zur Meinungsvielfalt (und \u00fcbrigens klar gekennzeichnet als journalistischer Kommentar). Freut euch doch \u2013 so funktioniert <a href=\"https:\/\/twitter.com\/hashtag\/Demokratie?src=hash&amp;ref_src=twsrc%5Etfw\">#Demokratie<\/a>.<a href=\"https:\/\/twitter.com\/hashtag\/MiMa?src=hash&amp;ref_src=twsrc%5Etfw\">#MiMa<\/a> <a href=\"https:\/\/twitter.com\/hashtag\/Gendern?src=hash&amp;ref_src=twsrc%5Etfw\">#Gendern<\/a><\/p>\n<p>&mdash; Julia Ruhs (@juliaruhs) <a href=\"https:\/\/twitter.com\/juliaruhs\/status\/1369927665759760388?ref_src=twsrc%5Etfw\">March 11, 2021<\/a><\/p><\/blockquote>\n<p><script async src=\"https:\/\/platform.twitter.com\/widgets.js\" charset=\"utf-8\"><\/script><\/div>\n<p>&nbsp;<br \/>\n<strong>Geschlechtsforscherin Patsy L&#8217;Amour LaLove argumentiert, dass es sich nicht allein in der Grammatik ausdr\u00fcckt, ob man ein toleranter Mensch ist oder nicht.<\/strong><\/p>\n<blockquote class=\"instagram-media\" data-instgrm-captioned data-instgrm-permalink=\"https:\/\/www.instagram.com\/p\/CLHomHqKR09\/?utm_source=ig_embed&amp;utm_campaign=loading\" data-instgrm-version=\"13\" style=\" background:#FFF; border:0; border-radius:3px; box-shadow:0 0 1px 0 rgba(0,0,0,0.5),0 1px 10px 0 rgba(0,0,0,0.15); margin: 1px; max-width:540px; min-width:326px; padding:0; width:99.375%; width:-webkit-calc(100% - 2px); width:calc(100% - 2px);\">\n<div style=\"padding:16px;\"> <a href=\"https:\/\/www.instagram.com\/p\/CLHomHqKR09\/?utm_source=ig_embed&amp;utm_campaign=loading\" style=\" background:#FFFFFF; line-height:0; padding:0 0; text-align:center; text-decoration:none; width:100%;\" target=\"_blank\" rel=\"noopener\"> <\/p>\n<div style=\" display: flex; flex-direction: row; align-items: center;\">\n<div style=\"background-color: #F4F4F4; border-radius: 50%; flex-grow: 0; height: 40px; margin-right: 14px; width: 40px;\"><\/div>\n<div style=\"display: flex; flex-direction: column; flex-grow: 1; justify-content: center;\">\n<div style=\" background-color: #F4F4F4; border-radius: 4px; flex-grow: 0; height: 14px; margin-bottom: 6px; width: 100px;\"><\/div>\n<div style=\" background-color: #F4F4F4; border-radius: 4px; flex-grow: 0; height: 14px; width: 60px;\"><\/div>\n<\/div>\n<\/div>\n<div style=\"padding: 19% 0;\"><\/div>\n<div style=\"display:block; height:50px; margin:0 auto 12px; width:50px;\"><svg width=\"50px\" height=\"50px\" viewBox=\"0 0 60 60\" version=\"1.1\" xmlns=\"https:\/\/www.w3.org\/2000\/svg\" xmlns:xlink=\"https:\/\/www.w3.org\/1999\/xlink\"><g stroke=\"none\" stroke-width=\"1\" fill=\"none\" fill-rule=\"evenodd\"><g transform=\"translate(-511.000000, -20.000000)\" fill=\"#000000\"><g><path d=\"M556.869,30.41 C554.814,30.41 553.148,32.076 553.148,34.131 C553.148,36.186 554.814,37.852 556.869,37.852 C558.924,37.852 560.59,36.186 560.59,34.131 C560.59,32.076 558.924,30.41 556.869,30.41 M541,60.657 C535.114,60.657 530.342,55.887 530.342,50 C530.342,44.114 535.114,39.342 541,39.342 C546.887,39.342 551.658,44.114 551.658,50 C551.658,55.887 546.887,60.657 541,60.657 M541,33.886 C532.1,33.886 524.886,41.1 524.886,50 C524.886,58.899 532.1,66.113 541,66.113 C549.9,66.113 557.115,58.899 557.115,50 C557.115,41.1 549.9,33.886 541,33.886 M565.378,62.101 C565.244,65.022 564.756,66.606 564.346,67.663 C563.803,69.06 563.154,70.057 562.106,71.106 C561.058,72.155 560.06,72.803 558.662,73.347 C557.607,73.757 556.021,74.244 553.102,74.378 C549.944,74.521 548.997,74.552 541,74.552 C533.003,74.552 532.056,74.521 528.898,74.378 C525.979,74.244 524.393,73.757 523.338,73.347 C521.94,72.803 520.942,72.155 519.894,71.106 C518.846,70.057 518.197,69.06 517.654,67.663 C517.244,66.606 516.755,65.022 516.623,62.101 C516.479,58.943 516.448,57.996 516.448,50 C516.448,42.003 516.479,41.056 516.623,37.899 C516.755,34.978 517.244,33.391 517.654,32.338 C518.197,30.938 518.846,29.942 519.894,28.894 C520.942,27.846 521.94,27.196 523.338,26.654 C524.393,26.244 525.979,25.756 528.898,25.623 C532.057,25.479 533.004,25.448 541,25.448 C548.997,25.448 549.943,25.479 553.102,25.623 C556.021,25.756 557.607,26.244 558.662,26.654 C560.06,27.196 561.058,27.846 562.106,28.894 C563.154,29.942 563.803,30.938 564.346,32.338 C564.756,33.391 565.244,34.978 565.378,37.899 C565.522,41.056 565.552,42.003 565.552,50 C565.552,57.996 565.522,58.943 565.378,62.101 M570.82,37.631 C570.674,34.438 570.167,32.258 569.425,30.349 C568.659,28.377 567.633,26.702 565.965,25.035 C564.297,23.368 562.623,22.342 560.652,21.575 C558.743,20.834 556.562,20.326 553.369,20.18 C550.169,20.033 549.148,20 541,20 C532.853,20 531.831,20.033 528.631,20.18 C525.438,20.326 523.257,20.834 521.349,21.575 C519.376,22.342 517.703,23.368 516.035,25.035 C514.368,26.702 513.342,28.377 512.574,30.349 C511.834,32.258 511.326,34.438 511.181,37.631 C511.035,40.831 511,41.851 511,50 C511,58.147 511.035,59.17 511.181,62.369 C511.326,65.562 511.834,67.743 512.574,69.651 C513.342,71.625 514.368,73.296 516.035,74.965 C517.703,76.634 519.376,77.658 521.349,78.425 C523.257,79.167 525.438,79.673 528.631,79.82 C531.831,79.965 532.853,80.001 541,80.001 C549.148,80.001 550.169,79.965 553.369,79.82 C556.562,79.673 558.743,79.167 560.652,78.425 C562.623,77.658 564.297,76.634 565.965,74.965 C567.633,73.296 568.659,71.625 569.425,69.651 C570.167,67.743 570.674,65.562 570.82,62.369 C570.966,59.17 571,58.147 571,50 C571,41.851 570.966,40.831 570.82,37.631\"><\/path><\/g><\/g><\/g><\/svg><\/div>\n<div style=\"padding-top: 8px;\">\n<div style=\" color:#3897f0; font-family:Arial,sans-serif; font-size:14px; font-style:normal; font-weight:550; line-height:18px;\"> Sieh dir diesen Beitrag auf Instagram an<\/div>\n<\/div>\n<div style=\"padding: 12.5% 0;\"><\/div>\n<div style=\"display: flex; flex-direction: row; margin-bottom: 14px; align-items: center;\">\n<div>\n<div style=\"background-color: #F4F4F4; border-radius: 50%; height: 12.5px; width: 12.5px; transform: translateX(0px) translateY(7px);\"><\/div>\n<div style=\"background-color: #F4F4F4; height: 12.5px; transform: rotate(-45deg) translateX(3px) translateY(1px); width: 12.5px; flex-grow: 0; margin-right: 14px; margin-left: 2px;\"><\/div>\n<div style=\"background-color: #F4F4F4; border-radius: 50%; height: 12.5px; width: 12.5px; transform: translateX(9px) translateY(-18px);\"><\/div>\n<\/div>\n<div style=\"margin-left: 8px;\">\n<div style=\" background-color: #F4F4F4; border-radius: 50%; flex-grow: 0; height: 20px; width: 20px;\"><\/div>\n<div style=\" width: 0; height: 0; border-top: 2px solid transparent; border-left: 6px solid #f4f4f4; border-bottom: 2px solid transparent; transform: translateX(16px) translateY(-4px) rotate(30deg)\"><\/div>\n<\/div>\n<div style=\"margin-left: auto;\">\n<div style=\" width: 0px; border-top: 8px solid #F4F4F4; border-right: 8px solid transparent; transform: translateY(16px);\"><\/div>\n<div style=\" background-color: #F4F4F4; flex-grow: 0; height: 12px; width: 16px; transform: translateY(-4px);\"><\/div>\n<div style=\" width: 0; height: 0; border-top: 8px solid #F4F4F4; border-left: 8px solid transparent; transform: translateY(-4px) translateX(8px);\"><\/div>\n<\/div>\n<\/div>\n<div style=\"display: flex; flex-direction: column; flex-grow: 1; justify-content: center; margin-bottom: 24px;\">\n<div style=\" background-color: #F4F4F4; border-radius: 4px; flex-grow: 0; height: 14px; margin-bottom: 6px; width: 224px;\"><\/div>\n<div style=\" background-color: #F4F4F4; border-radius: 4px; flex-grow: 0; height: 14px; width: 144px;\"><\/div>\n<\/div>\n<p><\/a><\/p>\n<p style=\" color:#c9c8cd; font-family:Arial,sans-serif; font-size:14px; line-height:17px; margin-bottom:0; margin-top:8px; overflow:hidden; padding:8px 0 7px; text-align:center; text-overflow:ellipsis; white-space:nowrap;\"><a href=\"https:\/\/www.instagram.com\/p\/CLHomHqKR09\/?utm_source=ig_embed&amp;utm_campaign=loading\" style=\" color:#c9c8cd; font-family:Arial,sans-serif; font-size:14px; font-style:normal; font-weight:normal; line-height:17px; text-decoration:none;\" target=\"_blank\" rel=\"noopener\">Ein Beitrag geteilt von 3sat (@3sat)<\/a><\/p>\n<\/div>\n<\/blockquote>\n\n<p>&nbsp;<br \/>\n<strong>Wissenschaftsjournalstin Mai Thi Nguyen-Kim hatte sich bereits 2018 mit dem Thema auseinandergesetzt. Damals verwies sie auf den Zusammenhang von Sprache und Wahrnehmung und pl\u00e4dierte eher f\u00fcr eine st\u00e4rkere mediale Repr\u00e4sentanz von Frauen in typischen M\u00e4nnerdom\u00e4nen.<\/strong><\/p>\n<p><iframe loading=\"lazy\" width=\"1191\" height=\"670\" src=\"https:\/\/www.youtube.com\/embed\/yUuE_aCrKsQ\" title=\"YouTube video player\" frameborder=\"0\" allow=\"accelerometer; autoplay; clipboard-write; encrypted-media; gyroscope; picture-in-picture\" allowfullscreen><\/iframe><\/p>\n<p>&nbsp;<\/p>\n<p>&#8212;<br \/>\nVielen Dank an alle f\u00fcr die Posts.<br \/>\n&#8212;<br \/>\n<strong>Keine Influencer! Kein Foodporn! Nur ganz viel Spa\u00df &#8211; bei uns auf Instagram:<\/strong><\/p>\n<blockquote class=\"instagram-media\" data-instgrm-captioned data-instgrm-permalink=\"https:\/\/www.instagram.com\/p\/CNpUERRFwBX\/?utm_source=ig_embed&amp;utm_campaign=loading\" data-instgrm-version=\"13\" style=\" background:#FFF; border:0; border-radius:3px; box-shadow:0 0 1px 0 rgba(0,0,0,0.5),0 1px 10px 0 rgba(0,0,0,0.15); margin: 1px; max-width:540px; min-width:326px; padding:0; width:99.375%; width:-webkit-calc(100% - 2px); width:calc(100% - 2px);\">\n<div style=\"padding:16px;\"> <a href=\"https:\/\/www.instagram.com\/p\/CNpUERRFwBX\/?utm_source=ig_embed&amp;utm_campaign=loading\" style=\" background:#FFFFFF; line-height:0; padding:0 0; text-align:center; text-decoration:none; width:100%;\" target=\"_blank\" rel=\"noopener\"> <\/p>\n<div style=\" display: flex; flex-direction: row; align-items: center;\">\n<div style=\"background-color: #F4F4F4; border-radius: 50%; flex-grow: 0; height: 40px; margin-right: 14px; width: 40px;\"><\/div>\n<div style=\"display: flex; flex-direction: column; flex-grow: 1; justify-content: center;\">\n<div style=\" background-color: #F4F4F4; border-radius: 4px; flex-grow: 0; height: 14px; margin-bottom: 6px; width: 100px;\"><\/div>\n<div style=\" background-color: #F4F4F4; border-radius: 4px; flex-grow: 0; height: 14px; width: 60px;\"><\/div>\n<\/div>\n<\/div>\n<div style=\"padding: 19% 0;\"><\/div>\n<div style=\"display:block; height:50px; margin:0 auto 12px; width:50px;\"><svg width=\"50px\" height=\"50px\" viewBox=\"0 0 60 60\" version=\"1.1\" xmlns=\"https:\/\/www.w3.org\/2000\/svg\" xmlns:xlink=\"https:\/\/www.w3.org\/1999\/xlink\"><g stroke=\"none\" stroke-width=\"1\" fill=\"none\" fill-rule=\"evenodd\"><g transform=\"translate(-511.000000, -20.000000)\" fill=\"#000000\"><g><path d=\"M556.869,30.41 C554.814,30.41 553.148,32.076 553.148,34.131 C553.148,36.186 554.814,37.852 556.869,37.852 C558.924,37.852 560.59,36.186 560.59,34.131 C560.59,32.076 558.924,30.41 556.869,30.41 M541,60.657 C535.114,60.657 530.342,55.887 530.342,50 C530.342,44.114 535.114,39.342 541,39.342 C546.887,39.342 551.658,44.114 551.658,50 C551.658,55.887 546.887,60.657 541,60.657 M541,33.886 C532.1,33.886 524.886,41.1 524.886,50 C524.886,58.899 532.1,66.113 541,66.113 C549.9,66.113 557.115,58.899 557.115,50 C557.115,41.1 549.9,33.886 541,33.886 M565.378,62.101 C565.244,65.022 564.756,66.606 564.346,67.663 C563.803,69.06 563.154,70.057 562.106,71.106 C561.058,72.155 560.06,72.803 558.662,73.347 C557.607,73.757 556.021,74.244 553.102,74.378 C549.944,74.521 548.997,74.552 541,74.552 C533.003,74.552 532.056,74.521 528.898,74.378 C525.979,74.244 524.393,73.757 523.338,73.347 C521.94,72.803 520.942,72.155 519.894,71.106 C518.846,70.057 518.197,69.06 517.654,67.663 C517.244,66.606 516.755,65.022 516.623,62.101 C516.479,58.943 516.448,57.996 516.448,50 C516.448,42.003 516.479,41.056 516.623,37.899 C516.755,34.978 517.244,33.391 517.654,32.338 C518.197,30.938 518.846,29.942 519.894,28.894 C520.942,27.846 521.94,27.196 523.338,26.654 C524.393,26.244 525.979,25.756 528.898,25.623 C532.057,25.479 533.004,25.448 541,25.448 C548.997,25.448 549.943,25.479 553.102,25.623 C556.021,25.756 557.607,26.244 558.662,26.654 C560.06,27.196 561.058,27.846 562.106,28.894 C563.154,29.942 563.803,30.938 564.346,32.338 C564.756,33.391 565.244,34.978 565.378,37.899 C565.522,41.056 565.552,42.003 565.552,50 C565.552,57.996 565.522,58.943 565.378,62.101 M570.82,37.631 C570.674,34.438 570.167,32.258 569.425,30.349 C568.659,28.377 567.633,26.702 565.965,25.035 C564.297,23.368 562.623,22.342 560.652,21.575 C558.743,20.834 556.562,20.326 553.369,20.18 C550.169,20.033 549.148,20 541,20 C532.853,20 531.831,20.033 528.631,20.18 C525.438,20.326 523.257,20.834 521.349,21.575 C519.376,22.342 517.703,23.368 516.035,25.035 C514.368,26.702 513.342,28.377 512.574,30.349 C511.834,32.258 511.326,34.438 511.181,37.631 C511.035,40.831 511,41.851 511,50 C511,58.147 511.035,59.17 511.181,62.369 C511.326,65.562 511.834,67.743 512.574,69.651 C513.342,71.625 514.368,73.296 516.035,74.965 C517.703,76.634 519.376,77.658 521.349,78.425 C523.257,79.167 525.438,79.673 528.631,79.82 C531.831,79.965 532.853,80.001 541,80.001 C549.148,80.001 550.169,79.965 553.369,79.82 C556.562,79.673 558.743,79.167 560.652,78.425 C562.623,77.658 564.297,76.634 565.965,74.965 C567.633,73.296 568.659,71.625 569.425,69.651 C570.167,67.743 570.674,65.562 570.82,62.369 C570.966,59.17 571,58.147 571,50 C571,41.851 570.966,40.831 570.82,37.631\"><\/path><\/g><\/g><\/g><\/svg><\/div>\n<div style=\"padding-top: 8px;\">\n<div style=\" color:#3897f0; font-family:Arial,sans-serif; font-size:14px; font-style:normal; font-weight:550; line-height:18px;\"> Sieh dir diesen Beitrag auf Instagram an<\/div>\n<\/div>\n<div style=\"padding: 12.5% 0;\"><\/div>\n<div style=\"display: flex; flex-direction: row; margin-bottom: 14px; align-items: center;\">\n<div>\n<div style=\"background-color: #F4F4F4; border-radius: 50%; height: 12.5px; width: 12.5px; transform: translateX(0px) translateY(7px);\"><\/div>\n<div style=\"background-color: #F4F4F4; height: 12.5px; transform: rotate(-45deg) translateX(3px) translateY(1px); width: 12.5px; flex-grow: 0; margin-right: 14px; margin-left: 2px;\"><\/div>\n<div style=\"background-color: #F4F4F4; border-radius: 50%; height: 12.5px; width: 12.5px; transform: translateX(9px) translateY(-18px);\"><\/div>\n<\/div>\n<div style=\"margin-left: 8px;\">\n<div style=\" background-color: #F4F4F4; border-radius: 50%; flex-grow: 0; height: 20px; width: 20px;\"><\/div>\n<div style=\" width: 0; height: 0; border-top: 2px solid transparent; border-left: 6px solid #f4f4f4; border-bottom: 2px solid transparent; transform: translateX(16px) translateY(-4px) rotate(30deg)\"><\/div>\n<\/div>\n<div style=\"margin-left: auto;\">\n<div style=\" width: 0px; border-top: 8px solid #F4F4F4; border-right: 8px solid transparent; transform: translateY(16px);\"><\/div>\n<div style=\" background-color: #F4F4F4; flex-grow: 0; height: 12px; width: 16px; transform: translateY(-4px);\"><\/div>\n<div style=\" width: 0; height: 0; border-top: 8px solid #F4F4F4; border-left: 8px solid transparent; transform: translateY(-4px) translateX(8px);\"><\/div>\n<\/div>\n<\/div>\n<div style=\"display: flex; flex-direction: column; flex-grow: 1; justify-content: center; margin-bottom: 24px;\">\n<div style=\" background-color: #F4F4F4; border-radius: 4px; flex-grow: 0; height: 14px; margin-bottom: 6px; width: 224px;\"><\/div>\n<div style=\" background-color: #F4F4F4; border-radius: 4px; flex-grow: 0; height: 14px; width: 144px;\"><\/div>\n<\/div>\n<p><\/a><\/p>\n<p style=\" color:#c9c8cd; font-family:Arial,sans-serif; font-size:14px; line-height:17px; margin-bottom:0; margin-top:8px; overflow:hidden; padding:8px 0 7px; text-align:center; text-overflow:ellipsis; white-space:nowrap;\"><a href=\"https:\/\/www.instagram.com\/p\/CNpUERRFwBX\/?utm_source=ig_embed&amp;utm_campaign=loading\" style=\" color:#c9c8cd; font-family:Arial,sans-serif; font-size:14px; font-style:normal; font-weight:normal; line-height:17px; text-decoration:none;\" target=\"_blank\" rel=\"noopener\">Ein Beitrag geteilt von The Best Social Media &#8211; DE (@thebestsocialmediade)<\/a><\/p>\n<\/div>\n<\/blockquote>\n\n<script async defer src=\"\/instagram-embed.js\"><\/script>","protected":false},"excerpt":{"rendered":"<p>Das Thema Gendern wird derzeit hitzig und mitunter hochemotional diskutiert. F\u00fcr Bef\u00fcrworter ist Gendern im Sinne der Gleichberechtigung eine Selbstverst\u00e4ndlichkeit. Und w\u00e4hrend an der Notwendigkeit&#8230;<\/p>\n","protected":false},"author":72,"featured_media":144532,"comment_status":"open","ping_status":"open","sticky":false,"template":"","format":"standard","meta":{"_acf_changed":false,"footnotes":""},"categories":[35],"tags":[4541,4598],"class_list":["post-144528","post","type-post","status-publish","format-standard","has-post-thumbnail","hentry","category-twitter","tag-friedrich-merz","tag-gendern"],"acf":[],"yoast_head":"<!-- This site is optimized with the Yoast SEO plugin v27.5 - https:\/\/yoast.com\/product\/yoast-seo-wordpress\/ -->\n<title>Friedrich Merz \u00e4u\u00dfert sich zum Gendern und kassiert Shitstorm<\/title>\n<meta name=\"description\" content=\"Friedrich Merz hat sich in einem Tweet abf\u00e4llig und unsachlich zum Thema Gendern ge\u00e4u\u00dfert und daf\u00fcr reichlich Kritik geerntet.\" \/>\n<meta name=\"robots\" content=\"index, follow, max-snippet:-1, max-image-preview:large, max-video-preview:-1\" \/>\n<link rel=\"canonical\" href=\"https:\/\/www.thebestsocial.media\/de\/merz-gendern\/\" \/>\n<meta property=\"og:locale\" content=\"de_DE\" \/>\n<meta property=\"og:type\" content=\"article\" \/>\n<meta property=\"og:title\" content=\"Friedrich Merz \u00e4u\u00dferst sich abf\u00e4llig \u00fcbers Gendern und erntet daf\u00fcr reichlich Kritik\" \/>\n<meta property=\"og:description\" content=\"Friedrich Merz hat sich in einem Tweet abf\u00e4llig und unsachlich zum Thema Gendern ge\u00e4u\u00dfert und daf\u00fcr reichlich Kritik geerntet.\" \/>\n<meta property=\"og:url\" content=\"https:\/\/www.thebestsocial.media\/de\/merz-gendern\/\" \/>\n<meta property=\"og:site_name\" content=\"The Best Social Media DE\" \/>\n<meta property=\"article:published_time\" content=\"2021-04-19T09:29:31+00:00\" \/>\n<meta property=\"article:modified_time\" content=\"2021-04-19T09:33:37+00:00\" \/>\n<meta property=\"og:image\" content=\"https:\/\/www.thebestsocial.media\/de\/wp-content\/uploads\/sites\/3\/2021\/04\/gendern-fb.png\" \/>\n\t<meta property=\"og:image:width\" content=\"1200\" \/>\n\t<meta property=\"og:image:height\" content=\"630\" \/>\n\t<meta property=\"og:image:type\" content=\"image\/png\" \/>\n<meta name=\"author\" content=\"Benny\" \/>\n<meta name=\"twitter:card\" content=\"summary_large_image\" \/>\n<meta name=\"twitter:label1\" content=\"Verfasst von\" \/>\n\t<meta name=\"twitter:data1\" content=\"Benny\" \/>\n\t<meta name=\"twitter:label2\" content=\"Gesch\u00e4tzte Lesezeit\" \/>\n\t<meta name=\"twitter:data2\" content=\"1\u00a0Minute\" \/>\n<script type=\"application\/ld+json\" class=\"yoast-schema-graph\">{\"@context\":\"https:\\\/\\\/schema.org\",\"@graph\":[{\"@type\":\"Article\",\"@id\":\"https:\\\/\\\/www.thebestsocial.media\\\/de\\\/merz-gendern\\\/#article\",\"isPartOf\":{\"@id\":\"https:\\\/\\\/www.thebestsocial.media\\\/de\\\/merz-gendern\\\/\"},\"author\":{\"name\":\"Benny\",\"@id\":\"https:\\\/\\\/www.thebestsocial.media\\\/de\\\/#\\\/schema\\\/person\\\/212fdd48880db42a484e589e4e27871b\"},\"headline\":\"Friedrich Merz \u00e4u\u00dferst sich abf\u00e4llig \u00fcbers Gendern und erntet daf\u00fcr reichlich Kritik\",\"datePublished\":\"2021-04-19T09:29:31+00:00\",\"dateModified\":\"2021-04-19T09:33:37+00:00\",\"mainEntityOfPage\":{\"@id\":\"https:\\\/\\\/www.thebestsocial.media\\\/de\\\/merz-gendern\\\/\"},\"wordCount\":549,\"commentCount\":0,\"image\":{\"@id\":\"https:\\\/\\\/www.thebestsocial.media\\\/de\\\/merz-gendern\\\/#primaryimage\"},\"thumbnailUrl\":\"https:\\\/\\\/www.thebestsocial.media\\\/de\\\/wp-content\\\/uploads\\\/sites\\\/3\\\/2021\\\/04\\\/gendern-thumb.png\",\"keywords\":[\"Friedrich Merz\",\"Gendern\"],\"articleSection\":[\"Twitter\"],\"inLanguage\":\"de\",\"potentialAction\":[{\"@type\":\"CommentAction\",\"name\":\"Comment\",\"target\":[\"https:\\\/\\\/www.thebestsocial.media\\\/de\\\/merz-gendern\\\/#respond\"]}]},{\"@type\":\"WebPage\",\"@id\":\"https:\\\/\\\/www.thebestsocial.media\\\/de\\\/merz-gendern\\\/\",\"url\":\"https:\\\/\\\/www.thebestsocial.media\\\/de\\\/merz-gendern\\\/\",\"name\":\"Friedrich Merz \u00e4u\u00dfert sich zum Gendern und kassiert Shitstorm\",\"isPartOf\":{\"@id\":\"https:\\\/\\\/www.thebestsocial.media\\\/de\\\/#website\"},\"primaryImageOfPage\":{\"@id\":\"https:\\\/\\\/www.thebestsocial.media\\\/de\\\/merz-gendern\\\/#primaryimage\"},\"image\":{\"@id\":\"https:\\\/\\\/www.thebestsocial.media\\\/de\\\/merz-gendern\\\/#primaryimage\"},\"thumbnailUrl\":\"https:\\\/\\\/www.thebestsocial.media\\\/de\\\/wp-content\\\/uploads\\\/sites\\\/3\\\/2021\\\/04\\\/gendern-thumb.png\",\"datePublished\":\"2021-04-19T09:29:31+00:00\",\"dateModified\":\"2021-04-19T09:33:37+00:00\",\"author\":{\"@id\":\"https:\\\/\\\/www.thebestsocial.media\\\/de\\\/#\\\/schema\\\/person\\\/212fdd48880db42a484e589e4e27871b\"},\"description\":\"Friedrich Merz hat sich in einem Tweet abf\u00e4llig und unsachlich zum Thema Gendern ge\u00e4u\u00dfert und daf\u00fcr reichlich Kritik geerntet.\",\"breadcrumb\":{\"@id\":\"https:\\\/\\\/www.thebestsocial.media\\\/de\\\/merz-gendern\\\/#breadcrumb\"},\"inLanguage\":\"de\",\"potentialAction\":[{\"@type\":\"ReadAction\",\"target\":[\"https:\\\/\\\/www.thebestsocial.media\\\/de\\\/merz-gendern\\\/\"]}]},{\"@type\":\"ImageObject\",\"inLanguage\":\"de\",\"@id\":\"https:\\\/\\\/www.thebestsocial.media\\\/de\\\/merz-gendern\\\/#primaryimage\",\"url\":\"https:\\\/\\\/www.thebestsocial.media\\\/de\\\/wp-content\\\/uploads\\\/sites\\\/3\\\/2021\\\/04\\\/gendern-thumb.png\",\"contentUrl\":\"https:\\\/\\\/www.thebestsocial.media\\\/de\\\/wp-content\\\/uploads\\\/sites\\\/3\\\/2021\\\/04\\\/gendern-thumb.png\",\"width\":1200,\"height\":630},{\"@type\":\"BreadcrumbList\",\"@id\":\"https:\\\/\\\/www.thebestsocial.media\\\/de\\\/merz-gendern\\\/#breadcrumb\",\"itemListElement\":[{\"@type\":\"ListItem\",\"position\":1,\"name\":\"Home\",\"item\":\"https:\\\/\\\/www.thebestsocial.media\\\/de\\\/\"},{\"@type\":\"ListItem\",\"position\":2,\"name\":\"Friedrich Merz \u00e4u\u00dferst sich abf\u00e4llig \u00fcbers Gendern und erntet daf\u00fcr reichlich Kritik\"}]},{\"@type\":\"WebSite\",\"@id\":\"https:\\\/\\\/www.thebestsocial.media\\\/de\\\/#website\",\"url\":\"https:\\\/\\\/www.thebestsocial.media\\\/de\\\/\",\"name\":\"The Best Social Media DE\",\"description\":\"\",\"potentialAction\":[{\"@type\":\"SearchAction\",\"target\":{\"@type\":\"EntryPoint\",\"urlTemplate\":\"https:\\\/\\\/www.thebestsocial.media\\\/de\\\/?s={search_term_string}\"},\"query-input\":{\"@type\":\"PropertyValueSpecification\",\"valueRequired\":true,\"valueName\":\"search_term_string\"}}],\"inLanguage\":\"de\"},{\"@type\":\"Person\",\"@id\":\"https:\\\/\\\/www.thebestsocial.media\\\/de\\\/#\\\/schema\\\/person\\\/212fdd48880db42a484e589e4e27871b\",\"name\":\"Benny\",\"image\":{\"@type\":\"ImageObject\",\"inLanguage\":\"de\",\"@id\":\"https:\\\/\\\/secure.gravatar.com\\\/avatar\\\/559f54fceb59ac8654d5ca40291d2ab87f2a9d79e48e8e3c19582477cde950bf?s=96&d=mm&r=g\",\"url\":\"https:\\\/\\\/secure.gravatar.com\\\/avatar\\\/559f54fceb59ac8654d5ca40291d2ab87f2a9d79e48e8e3c19582477cde950bf?s=96&d=mm&r=g\",\"contentUrl\":\"https:\\\/\\\/secure.gravatar.com\\\/avatar\\\/559f54fceb59ac8654d5ca40291d2ab87f2a9d79e48e8e3c19582477cde950bf?s=96&d=mm&r=g\",\"caption\":\"Benny\"},\"url\":\"https:\\\/\\\/www.thebestsocial.media\\\/de\\\/author\\\/bennykrueger\\\/\"}]}<\/script>\n<!-- \/ Yoast SEO plugin. -->","yoast_head_json":{"title":"Friedrich Merz \u00e4u\u00dfert sich zum Gendern und kassiert Shitstorm","description":"Friedrich Merz hat sich in einem Tweet abf\u00e4llig und unsachlich zum Thema Gendern ge\u00e4u\u00dfert und daf\u00fcr reichlich Kritik geerntet.","robots":{"index":"index","follow":"follow","max-snippet":"max-snippet:-1","max-image-preview":"max-image-preview:large","max-video-preview":"max-video-preview:-1"},"canonical":"https:\/\/www.thebestsocial.media\/de\/merz-gendern\/","og_locale":"de_DE","og_type":"article","og_title":"Friedrich Merz \u00e4u\u00dferst sich abf\u00e4llig \u00fcbers Gendern und erntet daf\u00fcr reichlich Kritik","og_description":"Friedrich Merz hat sich in einem Tweet abf\u00e4llig und unsachlich zum Thema Gendern ge\u00e4u\u00dfert und daf\u00fcr reichlich Kritik geerntet.","og_url":"https:\/\/www.thebestsocial.media\/de\/merz-gendern\/","og_site_name":"The Best Social Media DE","article_published_time":"2021-04-19T09:29:31+00:00","article_modified_time":"2021-04-19T09:33:37+00:00","og_image":[{"width":1200,"height":630,"url":"https:\/\/www.thebestsocial.media\/de\/wp-content\/uploads\/sites\/3\/2021\/04\/gendern-fb.png","type":"image\/png"}],"author":"Benny","twitter_card":"summary_large_image","twitter_misc":{"Verfasst von":"Benny","Gesch\u00e4tzte Lesezeit":"1\u00a0Minute"},"schema":{"@context":"https:\/\/schema.org","@graph":[{"@type":"Article","@id":"https:\/\/www.thebestsocial.media\/de\/merz-gendern\/#article","isPartOf":{"@id":"https:\/\/www.thebestsocial.media\/de\/merz-gendern\/"},"author":{"name":"Benny","@id":"https:\/\/www.thebestsocial.media\/de\/#\/schema\/person\/212fdd48880db42a484e589e4e27871b"},"headline":"Friedrich Merz \u00e4u\u00dferst sich abf\u00e4llig \u00fcbers Gendern und erntet daf\u00fcr reichlich Kritik","datePublished":"2021-04-19T09:29:31+00:00","dateModified":"2021-04-19T09:33:37+00:00","mainEntityOfPage":{"@id":"https:\/\/www.thebestsocial.media\/de\/merz-gendern\/"},"wordCount":549,"commentCount":0,"image":{"@id":"https:\/\/www.thebestsocial.media\/de\/merz-gendern\/#primaryimage"},"thumbnailUrl":"https:\/\/www.thebestsocial.media\/de\/wp-content\/uploads\/sites\/3\/2021\/04\/gendern-thumb.png","keywords":["Friedrich Merz","Gendern"],"articleSection":["Twitter"],"inLanguage":"de","potentialAction":[{"@type":"CommentAction","name":"Comment","target":["https:\/\/www.thebestsocial.media\/de\/merz-gendern\/#respond"]}]},{"@type":"WebPage","@id":"https:\/\/www.thebestsocial.media\/de\/merz-gendern\/","url":"https:\/\/www.thebestsocial.media\/de\/merz-gendern\/","name":"Friedrich Merz \u00e4u\u00dfert sich zum Gendern und kassiert Shitstorm","isPartOf":{"@id":"https:\/\/www.thebestsocial.media\/de\/#website"},"primaryImageOfPage":{"@id":"https:\/\/www.thebestsocial.media\/de\/merz-gendern\/#primaryimage"},"image":{"@id":"https:\/\/www.thebestsocial.media\/de\/merz-gendern\/#primaryimage"},"thumbnailUrl":"https:\/\/www.thebestsocial.media\/de\/wp-content\/uploads\/sites\/3\/2021\/04\/gendern-thumb.png","datePublished":"2021-04-19T09:29:31+00:00","dateModified":"2021-04-19T09:33:37+00:00","author":{"@id":"https:\/\/www.thebestsocial.media\/de\/#\/schema\/person\/212fdd48880db42a484e589e4e27871b"},"description":"Friedrich Merz hat sich in einem Tweet abf\u00e4llig und unsachlich zum Thema Gendern ge\u00e4u\u00dfert und daf\u00fcr reichlich Kritik geerntet.","breadcrumb":{"@id":"https:\/\/www.thebestsocial.media\/de\/merz-gendern\/#breadcrumb"},"inLanguage":"de","potentialAction":[{"@type":"ReadAction","target":["https:\/\/www.thebestsocial.media\/de\/merz-gendern\/"]}]},{"@type":"ImageObject","inLanguage":"de","@id":"https:\/\/www.thebestsocial.media\/de\/merz-gendern\/#primaryimage","url":"https:\/\/www.thebestsocial.media\/de\/wp-content\/uploads\/sites\/3\/2021\/04\/gendern-thumb.png","contentUrl":"https:\/\/www.thebestsocial.media\/de\/wp-content\/uploads\/sites\/3\/2021\/04\/gendern-thumb.png","width":1200,"height":630},{"@type":"BreadcrumbList","@id":"https:\/\/www.thebestsocial.media\/de\/merz-gendern\/#breadcrumb","itemListElement":[{"@type":"ListItem","position":1,"name":"Home","item":"https:\/\/www.thebestsocial.media\/de\/"},{"@type":"ListItem","position":2,"name":"Friedrich Merz \u00e4u\u00dferst sich abf\u00e4llig \u00fcbers Gendern und erntet daf\u00fcr reichlich Kritik"}]},{"@type":"WebSite","@id":"https:\/\/www.thebestsocial.media\/de\/#website","url":"https:\/\/www.thebestsocial.media\/de\/","name":"The Best Social Media DE","description":"","potentialAction":[{"@type":"SearchAction","target":{"@type":"EntryPoint","urlTemplate":"https:\/\/www.thebestsocial.media\/de\/?s={search_term_string}"},"query-input":{"@type":"PropertyValueSpecification","valueRequired":true,"valueName":"search_term_string"}}],"inLanguage":"de"},{"@type":"Person","@id":"https:\/\/www.thebestsocial.media\/de\/#\/schema\/person\/212fdd48880db42a484e589e4e27871b","name":"Benny","image":{"@type":"ImageObject","inLanguage":"de","@id":"https:\/\/secure.gravatar.com\/avatar\/559f54fceb59ac8654d5ca40291d2ab87f2a9d79e48e8e3c19582477cde950bf?s=96&d=mm&r=g","url":"https:\/\/secure.gravatar.com\/avatar\/559f54fceb59ac8654d5ca40291d2ab87f2a9d79e48e8e3c19582477cde950bf?s=96&d=mm&r=g","contentUrl":"https:\/\/secure.gravatar.com\/avatar\/559f54fceb59ac8654d5ca40291d2ab87f2a9d79e48e8e3c19582477cde950bf?s=96&d=mm&r=g","caption":"Benny"},"url":"https:\/\/www.thebestsocial.media\/de\/author\/bennykrueger\/"}]}},"amp_enabled":true,"_links":{"self":[{"href":"https:\/\/www.thebestsocial.media\/de\/wp-json\/wp\/v2\/posts\/144528","targetHints":{"allow":["GET"]}}],"collection":[{"href":"https:\/\/www.thebestsocial.media\/de\/wp-json\/wp\/v2\/posts"}],"about":[{"href":"https:\/\/www.thebestsocial.media\/de\/wp-json\/wp\/v2\/types\/post"}],"author":[{"embeddable":true,"href":"https:\/\/www.thebestsocial.media\/de\/wp-json\/wp\/v2\/users\/72"}],"replies":[{"embeddable":true,"href":"https:\/\/www.thebestsocial.media\/de\/wp-json\/wp\/v2\/comments?post=144528"}],"version-history":[{"count":3,"href":"https:\/\/www.thebestsocial.media\/de\/wp-json\/wp\/v2\/posts\/144528\/revisions"}],"predecessor-version":[{"id":144536,"href":"https:\/\/www.thebestsocial.media\/de\/wp-json\/wp\/v2\/posts\/144528\/revisions\/144536"}],"wp:featuredmedia":[{"embeddable":true,"href":"https:\/\/www.thebestsocial.media\/de\/wp-json\/wp\/v2\/media\/144532"}],"wp:attachment":[{"href":"https:\/\/www.thebestsocial.media\/de\/wp-json\/wp\/v2\/media?parent=144528"}],"wp:term":[{"taxonomy":"category","embeddable":true,"href":"https:\/\/www.thebestsocial.media\/de\/wp-json\/wp\/v2\/categories?post=144528"},{"taxonomy":"post_tag","embeddable":true,"href":"https:\/\/www.thebestsocial.media\/de\/wp-json\/wp\/v2\/tags?post=144528"}],"curies":[{"name":"wp","href":"https:\/\/api.w.org\/{rel}","templated":true}]}}