{"id":144203,"date":"2021-04-16T11:09:28","date_gmt":"2021-04-16T11:09:28","guid":{"rendered":"https:\/\/www.thebestsocial.media\/de\/?p=144203"},"modified":"2021-04-16T11:16:16","modified_gmt":"2021-04-16T11:16:16","slug":"wirt-hisst-regenbogen-flagge-und-die-reaktionen-lassen-leider-tief-blicken","status":"publish","type":"post","link":"https:\/\/www.thebestsocial.media\/de\/wirt-hisst-regenbogen-flagge-und-die-reaktionen-lassen-leider-tief-blicken\/","title":{"rendered":"Wirt hisst Regenbogen Flagge und die Reaktionen lassen leider tief blicken"},"content":{"rendered":"<p>Man k\u00f6nnte ja meinen, dass ein Bekenntnis zu Offenheit und Diversit\u00e4t im Jahr 2021 wohlgesonnen aufgenommen wird, dass eine Regenbogen-Flagge heutzutage niemanden mehr triggern kann. Dem ist wohl leider nicht so, wie dieser Post aus dem \u00f6sterreichischen Voralberg zeigt.<br \/>\n&nbsp;<\/p>\n<p><strong>Die Gr\u00fcnen Politikerin Baraba Ne\u00dfler twitterte k\u00fcrzlich die gesammelten Reaktionen auf das Hissen einer Regenbogen-Flagge am Gasthaus ihrer Eltern. Zuvor war <a href=\"https:\/\/www.vol.at\/vorarlberger-wirt-hisst-regenbogenfahne-unser-gasthaus-ist-fuer-alle-da\/6952915\">dieser Artikel<\/a> auf vol.at, einer lokalen Nachrichtenseite, erschienen. <\/strong><\/p>\n<div class=\"dbsm-oembed\">\n<blockquote class=\"twitter-tweet\" data-width=\"500\" data-dnt=\"true\">\n<p lang=\"de\" dir=\"ltr\">Kleine Auswahl an Kommentaren auf <a href=\"https:\/\/t.co\/1uMsq7N1Ty\">https:\/\/t.co\/1uMsq7N1Ty<\/a>, weil meine Eltern bei ihrem Gasthof eine Regenbogenfahne gehisst haben. Eine Mischung von Hass und Dummheit! <a href=\"https:\/\/t.co\/Q2XTMr3o03\">pic.twitter.com\/Q2XTMr3o03<\/a><\/p>\n<p>&mdash; Barbara Ne\u00dfler (@BarbaraNessler) <a href=\"https:\/\/twitter.com\/BarbaraNessler\/status\/1381187484961419271?ref_src=twsrc%5Etfw\">April 11, 2021<\/a><\/p><\/blockquote>\n<p><script async src=\"https:\/\/platform.twitter.com\/widgets.js\" charset=\"utf-8\"><\/script><\/div>\n<p>&nbsp;<\/p>\n<p><strong>Der Gastwirt wollte mit der Flagge ein Zeichen setzen, da in j\u00fcngerer Vergangenheit eben solche Symbole in der Gegend in Brand gesteckt wurde. Kein Wunder, den Kommentaren zufolge. <\/strong><\/p>\n<p><img loading=\"lazy\" decoding=\"async\" src=\"https:\/\/www.thebestsocial.media\/de\/wp-content\/uploads\/sites\/3\/2021\/04\/Eyr2r6oW8AAJpUC-1024x690.jpg\" alt=\"\" width=\"1024\" height=\"690\" class=\"alignnone size-large wp-image-144222\" srcset=\"https:\/\/www.thebestsocial.media\/de\/wp-content\/uploads\/sites\/3\/2021\/04\/Eyr2r6oW8AAJpUC-1024x690.jpg 1024w, https:\/\/www.thebestsocial.media\/de\/wp-content\/uploads\/sites\/3\/2021\/04\/Eyr2r6oW8AAJpUC-300x202.jpg 300w, https:\/\/www.thebestsocial.media\/de\/wp-content\/uploads\/sites\/3\/2021\/04\/Eyr2r6oW8AAJpUC-768x517.jpg 768w, https:\/\/www.thebestsocial.media\/de\/wp-content\/uploads\/sites\/3\/2021\/04\/Eyr2r6oW8AAJpUC.jpg 1318w\" sizes=\"auto, (max-width: 1024px) 100vw, 1024px\" \/><\/p>\n<blockquote class=\"twitter-tweet\" data-conversation=\"none\">\n<p lang=\"de\" dir=\"ltr\">das hier <a href=\"https:\/\/t.co\/lpUdhZtxQn\">https:\/\/t.co\/lpUdhZtxQn<\/a><\/p>\n<p>&mdash; Barbara Ne\u00dfler (@BarbaraNessler) <a href=\"https:\/\/twitter.com\/BarbaraNessler\/status\/1382255539225264128?ref_src=twsrc%5Etfw\">April 14, 2021<\/a><\/p><\/blockquote>\n<p> <script async src=\"https:\/\/platform.twitter.com\/widgets.js\" charset=\"utf-8\"><\/script><br \/>\n&nbsp;<\/p>\n<p><strong>Die Kommentare entbehren nat\u00fcrlich auch mal wieder einigen Logik-Grunds\u00e4tzen. <\/strong><\/p>\n<blockquote class=\"twitter-tweet\" data-conversation=\"none\">\n<p lang=\"de\" dir=\"ltr\">&quot;wie erkl\u00e4re ich meiner kleinen Tochter das die anal Sex haben&quot;<br \/>ja in hetero Aufkl\u00e4rung kann man das ja getrost aussparen nicht wahr Jon?<\/p>\n<p>&mdash; madn (@maaaadn) <a href=\"https:\/\/twitter.com\/maaaadn\/status\/1381209295975559171?ref_src=twsrc%5Etfw\">April 11, 2021<\/a><\/p><\/blockquote>\n<p> <script async src=\"https:\/\/platform.twitter.com\/widgets.js\" charset=\"utf-8\"><\/script> <\/p>\n<blockquote class=\"twitter-tweet\" data-conversation=\"none\">\n<p lang=\"de\" dir=\"ltr\">Beste. Denn welche Praktiken Heteros so drauf haben, versteht sie total und ist cool damit. <a href=\"https:\/\/t.co\/M5nFCtY9Iz\">pic.twitter.com\/M5nFCtY9Iz<\/a><\/p>\n<p>&mdash; coaduno (@conligit) <a href=\"https:\/\/twitter.com\/conligit\/status\/1381306774926598147?ref_src=twsrc%5Etfw\">April 11, 2021<\/a><\/p><\/blockquote>\n<p> <script async src=\"https:\/\/platform.twitter.com\/widgets.js\" charset=\"utf-8\"><\/script> <\/p>\n<blockquote class=\"twitter-tweet\" data-conversation=\"none\">\n<p lang=\"de\" dir=\"ltr\">Also meine Eltern haben mir fr\u00fcher in jedem Gasthaus detailliert erkl\u00e4rt, welche Art von GV und welche Kinks und Fetische die anderen G\u00e4ste haben, um die Wartezeit zu \u00fcberbr\u00fccken. Normale Erziehung, oder?<\/p>\n<p>&mdash; Phil (@phil_panadero) <a href=\"https:\/\/twitter.com\/phil_panadero\/status\/1381494950823661569?ref_src=twsrc%5Etfw\">April 12, 2021<\/a><\/p><\/blockquote>\n<p> <script async src=\"https:\/\/platform.twitter.com\/widgets.js\" charset=\"utf-8\"><\/script> <\/p>\n<p>&nbsp;<br \/>\n<strong>Aber wie geht man damit jetzt um? Zum Beispiel so:<\/strong><\/p>\n<blockquote class=\"twitter-tweet\" data-conversation=\"none\">\n<p lang=\"de\" dir=\"ltr\">An dieser Stelle ein gro\u00dfes \u2764\ufe0f und Dankesch\u00f6n an Ihre couragierten Eltern! Und die geifernde Masse im vol.at-Kommentarbereich zu ignorieren ist erfahrungsgem\u00e4\u00df in 100% der F\u00e4lle der eigenen Psychohygiene f\u00f6rderlich.<\/p>\n<p>&mdash; Thomas Planinger (@plani13) <a href=\"https:\/\/twitter.com\/plani13\/status\/1381188202577428484?ref_src=twsrc%5Etfw\">April 11, 2021<\/a><\/p><\/blockquote>\n<p> <script async src=\"https:\/\/platform.twitter.com\/widgets.js\" charset=\"utf-8\"><\/script> <\/p>\n<blockquote class=\"twitter-tweet\" data-conversation=\"none\">\n<p lang=\"de\" dir=\"ltr\">Wo ist das Gasthaus? Ich komm sofort auf einen Prosecco und bring meine ganze Familie mit!<\/p>\n<p>&mdash; Diamond Turbo Billy (@diamond_billy) <a href=\"https:\/\/twitter.com\/diamond_billy\/status\/1381200246252900359?ref_src=twsrc%5Etfw\">April 11, 2021<\/a><\/p><\/blockquote>\n<p> <script async src=\"https:\/\/platform.twitter.com\/widgets.js\" charset=\"utf-8\"><\/script> <\/p>\n<blockquote class=\"twitter-tweet\" data-conversation=\"none\">\n<p lang=\"de\" dir=\"ltr\">\ud83d\ude06 im L\u00e4ndle in M\u00fcselbach <a href=\"https:\/\/t.co\/YAPvNu5pNW\">https:\/\/t.co\/YAPvNu5pNW<\/a><\/p>\n<p>&mdash; Barbara Ne\u00dfler (@BarbaraNessler) <a href=\"https:\/\/twitter.com\/BarbaraNessler\/status\/1381201287149146113?ref_src=twsrc%5Etfw\">April 11, 2021<\/a><\/p><\/blockquote>\n<p> <script async src=\"https:\/\/platform.twitter.com\/widgets.js\" charset=\"utf-8\"><\/script><br \/>\n&nbsp;<\/p>\n<p><strong>Deutschland ist vor \u00e4hnlichen Vorg\u00e4ngen nat\u00fcrlich leider auch nicht gefeit &#8211; wie dieses Beispiel aus dem vergangenen August zeigt: <\/strong><\/p>\n<div class=\"dbsm-oembed\">\n<blockquote class=\"twitter-tweet\" data-width=\"500\" data-dnt=\"true\">\n<p lang=\"de\" dir=\"ltr\">&quot;Im Gegensatz zu euch Schneeflocken sind wir Rechten nicht sofort von Allem getriggert&#8230;&quot; <a href=\"https:\/\/t.co\/aKtMJw2lX8\">pic.twitter.com\/aKtMJw2lX8<\/a><\/p>\n<p>&mdash; Kanonym (@KamNoNym) <a href=\"https:\/\/twitter.com\/KamNoNym\/status\/1298287779345051648?ref_src=twsrc%5Etfw\">August 25, 2020<\/a><\/p><\/blockquote>\n<p><script async src=\"https:\/\/platform.twitter.com\/widgets.js\" charset=\"utf-8\"><\/script><\/div>\n<p><a href=\"https:\/\/www.thebestsocial.media\/de\/intolerante-frau-stoert-sich-an-regenbogenfahne-vor-supermarkt-und-kassiert-passende-antworten\/\">Artikel: Intolerante Frau st\u00f6rt sich an Regenbogenfahne vor Supermarkt und kassiert passende Antworten<\/a><\/p>\n<p><strong>BE TOLERANT!<\/strong><\/p>\n","protected":false},"excerpt":{"rendered":"<p>Man k\u00f6nnte ja meinen, dass ein Bekenntnis zu Offenheit und Diversit\u00e4t im Jahr 2021 wohlgesonnen aufgenommen wird, dass eine Regenbogen-Flagge heutzutage niemanden mehr triggern kann&#8230;.<\/p>\n","protected":false},"author":1,"featured_media":144227,"comment_status":"open","ping_status":"open","sticky":false,"template":"","format":"standard","meta":{"_acf_changed":false,"footnotes":""},"categories":[1],"tags":[4595,4597],"class_list":["post-144203","post","type-post","status-publish","format-standard","has-post-thumbnail","hentry","category-uncategorized","tag-pride","tag-regenbogen-flagge"],"acf":[],"yoast_head":"<!-- This site is optimized with the Yoast SEO plugin v27.5 - https:\/\/yoast.com\/product\/yoast-seo-wordpress\/ -->\n<title>Reaktionen auf eine Regenbogen Flagge zeigen, dass weiterhin viel Nachholbedarf besteht<\/title>\n<meta name=\"robots\" content=\"index, follow, max-snippet:-1, max-image-preview:large, max-video-preview:-1\" \/>\n<link rel=\"canonical\" href=\"https:\/\/www.thebestsocial.media\/de\/wirt-hisst-regenbogen-flagge-und-die-reaktionen-lassen-leider-tief-blicken\/\" \/>\n<meta property=\"og:locale\" content=\"de_DE\" \/>\n<meta property=\"og:type\" content=\"article\" \/>\n<meta property=\"og:title\" content=\"Wirt hisst Regenbogen Flagge und die Reaktionen lassen leider tief blicken\" \/>\n<meta property=\"og:description\" content=\"Man k\u00f6nnte ja meinen, dass ein Bekenntnis zu Offenheit und Diversit\u00e4t im Jahr 2021 wohlgesonnen aufgenommen wird, dass eine Regenbogen-Flagge heutzutage niemanden mehr triggern kann....\" \/>\n<meta property=\"og:url\" content=\"https:\/\/www.thebestsocial.media\/de\/wirt-hisst-regenbogen-flagge-und-die-reaktionen-lassen-leider-tief-blicken\/\" \/>\n<meta property=\"og:site_name\" content=\"The Best Social Media DE\" \/>\n<meta property=\"article:published_time\" content=\"2021-04-16T11:09:28+00:00\" \/>\n<meta property=\"article:modified_time\" content=\"2021-04-16T11:16:16+00:00\" \/>\n<meta property=\"og:image\" content=\"https:\/\/www.thebestsocial.media\/de\/wp-content\/uploads\/sites\/3\/2021\/04\/regenbogen.png\" \/>\n\t<meta property=\"og:image:width\" content=\"1200\" \/>\n\t<meta property=\"og:image:height\" content=\"630\" \/>\n\t<meta property=\"og:image:type\" content=\"image\/png\" \/>\n<meta name=\"author\" content=\"admin\" \/>\n<meta name=\"twitter:card\" content=\"summary_large_image\" \/>\n<meta name=\"twitter:label1\" content=\"Verfasst von\" \/>\n\t<meta name=\"twitter:data1\" content=\"admin\" \/>\n\t<meta name=\"twitter:label2\" content=\"Gesch\u00e4tzte Lesezeit\" \/>\n\t<meta name=\"twitter:data2\" content=\"2\u00a0Minuten\" \/>\n<script type=\"application\/ld+json\" class=\"yoast-schema-graph\">{\"@context\":\"https:\\\/\\\/schema.org\",\"@graph\":[{\"@type\":\"Article\",\"@id\":\"https:\\\/\\\/www.thebestsocial.media\\\/de\\\/wirt-hisst-regenbogen-flagge-und-die-reaktionen-lassen-leider-tief-blicken\\\/#article\",\"isPartOf\":{\"@id\":\"https:\\\/\\\/www.thebestsocial.media\\\/de\\\/wirt-hisst-regenbogen-flagge-und-die-reaktionen-lassen-leider-tief-blicken\\\/\"},\"author\":{\"name\":\"admin\",\"@id\":\"https:\\\/\\\/www.thebestsocial.media\\\/de\\\/#\\\/schema\\\/person\\\/50bf2a2972050875c732f9b2292528c3\"},\"headline\":\"Wirt hisst Regenbogen Flagge und die Reaktionen lassen leider tief blicken\",\"datePublished\":\"2021-04-16T11:09:28+00:00\",\"dateModified\":\"2021-04-16T11:16:16+00:00\",\"mainEntityOfPage\":{\"@id\":\"https:\\\/\\\/www.thebestsocial.media\\\/de\\\/wirt-hisst-regenbogen-flagge-und-die-reaktionen-lassen-leider-tief-blicken\\\/\"},\"wordCount\":374,\"commentCount\":0,\"image\":{\"@id\":\"https:\\\/\\\/www.thebestsocial.media\\\/de\\\/wirt-hisst-regenbogen-flagge-und-die-reaktionen-lassen-leider-tief-blicken\\\/#primaryimage\"},\"thumbnailUrl\":\"https:\\\/\\\/www.thebestsocial.media\\\/de\\\/wp-content\\\/uploads\\\/sites\\\/3\\\/2021\\\/04\\\/Bildschirmfoto-2021-04-16-um-13.03.27.png\",\"keywords\":[\"Pride\",\"Regenbogen Flagge\"],\"articleSection\":[\"Uncategorized\"],\"inLanguage\":\"de\",\"potentialAction\":[{\"@type\":\"CommentAction\",\"name\":\"Comment\",\"target\":[\"https:\\\/\\\/www.thebestsocial.media\\\/de\\\/wirt-hisst-regenbogen-flagge-und-die-reaktionen-lassen-leider-tief-blicken\\\/#respond\"]}]},{\"@type\":\"WebPage\",\"@id\":\"https:\\\/\\\/www.thebestsocial.media\\\/de\\\/wirt-hisst-regenbogen-flagge-und-die-reaktionen-lassen-leider-tief-blicken\\\/\",\"url\":\"https:\\\/\\\/www.thebestsocial.media\\\/de\\\/wirt-hisst-regenbogen-flagge-und-die-reaktionen-lassen-leider-tief-blicken\\\/\",\"name\":\"Reaktionen auf eine Regenbogen Flagge zeigen, dass weiterhin viel Nachholbedarf besteht\",\"isPartOf\":{\"@id\":\"https:\\\/\\\/www.thebestsocial.media\\\/de\\\/#website\"},\"primaryImageOfPage\":{\"@id\":\"https:\\\/\\\/www.thebestsocial.media\\\/de\\\/wirt-hisst-regenbogen-flagge-und-die-reaktionen-lassen-leider-tief-blicken\\\/#primaryimage\"},\"image\":{\"@id\":\"https:\\\/\\\/www.thebestsocial.media\\\/de\\\/wirt-hisst-regenbogen-flagge-und-die-reaktionen-lassen-leider-tief-blicken\\\/#primaryimage\"},\"thumbnailUrl\":\"https:\\\/\\\/www.thebestsocial.media\\\/de\\\/wp-content\\\/uploads\\\/sites\\\/3\\\/2021\\\/04\\\/Bildschirmfoto-2021-04-16-um-13.03.27.png\",\"datePublished\":\"2021-04-16T11:09:28+00:00\",\"dateModified\":\"2021-04-16T11:16:16+00:00\",\"author\":{\"@id\":\"https:\\\/\\\/www.thebestsocial.media\\\/de\\\/#\\\/schema\\\/person\\\/50bf2a2972050875c732f9b2292528c3\"},\"breadcrumb\":{\"@id\":\"https:\\\/\\\/www.thebestsocial.media\\\/de\\\/wirt-hisst-regenbogen-flagge-und-die-reaktionen-lassen-leider-tief-blicken\\\/#breadcrumb\"},\"inLanguage\":\"de\",\"potentialAction\":[{\"@type\":\"ReadAction\",\"target\":[\"https:\\\/\\\/www.thebestsocial.media\\\/de\\\/wirt-hisst-regenbogen-flagge-und-die-reaktionen-lassen-leider-tief-blicken\\\/\"]}]},{\"@type\":\"ImageObject\",\"inLanguage\":\"de\",\"@id\":\"https:\\\/\\\/www.thebestsocial.media\\\/de\\\/wirt-hisst-regenbogen-flagge-und-die-reaktionen-lassen-leider-tief-blicken\\\/#primaryimage\",\"url\":\"https:\\\/\\\/www.thebestsocial.media\\\/de\\\/wp-content\\\/uploads\\\/sites\\\/3\\\/2021\\\/04\\\/Bildschirmfoto-2021-04-16-um-13.03.27.png\",\"contentUrl\":\"https:\\\/\\\/www.thebestsocial.media\\\/de\\\/wp-content\\\/uploads\\\/sites\\\/3\\\/2021\\\/04\\\/Bildschirmfoto-2021-04-16-um-13.03.27.png\",\"width\":1486,\"height\":754},{\"@type\":\"BreadcrumbList\",\"@id\":\"https:\\\/\\\/www.thebestsocial.media\\\/de\\\/wirt-hisst-regenbogen-flagge-und-die-reaktionen-lassen-leider-tief-blicken\\\/#breadcrumb\",\"itemListElement\":[{\"@type\":\"ListItem\",\"position\":1,\"name\":\"Home\",\"item\":\"https:\\\/\\\/www.thebestsocial.media\\\/de\\\/\"},{\"@type\":\"ListItem\",\"position\":2,\"name\":\"Wirt hisst Regenbogen Flagge und die Reaktionen lassen leider tief blicken\"}]},{\"@type\":\"WebSite\",\"@id\":\"https:\\\/\\\/www.thebestsocial.media\\\/de\\\/#website\",\"url\":\"https:\\\/\\\/www.thebestsocial.media\\\/de\\\/\",\"name\":\"The Best Social Media DE\",\"description\":\"\",\"potentialAction\":[{\"@type\":\"SearchAction\",\"target\":{\"@type\":\"EntryPoint\",\"urlTemplate\":\"https:\\\/\\\/www.thebestsocial.media\\\/de\\\/?s={search_term_string}\"},\"query-input\":{\"@type\":\"PropertyValueSpecification\",\"valueRequired\":true,\"valueName\":\"search_term_string\"}}],\"inLanguage\":\"de\"},{\"@type\":\"Person\",\"@id\":\"https:\\\/\\\/www.thebestsocial.media\\\/de\\\/#\\\/schema\\\/person\\\/50bf2a2972050875c732f9b2292528c3\",\"name\":\"admin\",\"image\":{\"@type\":\"ImageObject\",\"inLanguage\":\"de\",\"@id\":\"https:\\\/\\\/secure.gravatar.com\\\/avatar\\\/dfabcac01d1866afd37823fba624364cadb5ce34a3d63795d3b5facc23a71b15?s=96&d=mm&r=g\",\"url\":\"https:\\\/\\\/secure.gravatar.com\\\/avatar\\\/dfabcac01d1866afd37823fba624364cadb5ce34a3d63795d3b5facc23a71b15?s=96&d=mm&r=g\",\"contentUrl\":\"https:\\\/\\\/secure.gravatar.com\\\/avatar\\\/dfabcac01d1866afd37823fba624364cadb5ce34a3d63795d3b5facc23a71b15?s=96&d=mm&r=g\",\"caption\":\"admin\"},\"url\":\"https:\\\/\\\/www.thebestsocial.media\\\/de\\\/author\\\/admin\\\/\"}]}<\/script>\n<!-- \/ Yoast SEO plugin. -->","yoast_head_json":{"title":"Reaktionen auf eine Regenbogen Flagge zeigen, dass weiterhin viel Nachholbedarf besteht","robots":{"index":"index","follow":"follow","max-snippet":"max-snippet:-1","max-image-preview":"max-image-preview:large","max-video-preview":"max-video-preview:-1"},"canonical":"https:\/\/www.thebestsocial.media\/de\/wirt-hisst-regenbogen-flagge-und-die-reaktionen-lassen-leider-tief-blicken\/","og_locale":"de_DE","og_type":"article","og_title":"Wirt hisst Regenbogen Flagge und die Reaktionen lassen leider tief blicken","og_description":"Man k\u00f6nnte ja meinen, dass ein Bekenntnis zu Offenheit und Diversit\u00e4t im Jahr 2021 wohlgesonnen aufgenommen wird, dass eine Regenbogen-Flagge heutzutage niemanden mehr triggern kann....","og_url":"https:\/\/www.thebestsocial.media\/de\/wirt-hisst-regenbogen-flagge-und-die-reaktionen-lassen-leider-tief-blicken\/","og_site_name":"The Best Social Media DE","article_published_time":"2021-04-16T11:09:28+00:00","article_modified_time":"2021-04-16T11:16:16+00:00","og_image":[{"width":1200,"height":630,"url":"https:\/\/www.thebestsocial.media\/de\/wp-content\/uploads\/sites\/3\/2021\/04\/regenbogen.png","type":"image\/png"}],"author":"admin","twitter_card":"summary_large_image","twitter_misc":{"Verfasst von":"admin","Gesch\u00e4tzte Lesezeit":"2\u00a0Minuten"},"schema":{"@context":"https:\/\/schema.org","@graph":[{"@type":"Article","@id":"https:\/\/www.thebestsocial.media\/de\/wirt-hisst-regenbogen-flagge-und-die-reaktionen-lassen-leider-tief-blicken\/#article","isPartOf":{"@id":"https:\/\/www.thebestsocial.media\/de\/wirt-hisst-regenbogen-flagge-und-die-reaktionen-lassen-leider-tief-blicken\/"},"author":{"name":"admin","@id":"https:\/\/www.thebestsocial.media\/de\/#\/schema\/person\/50bf2a2972050875c732f9b2292528c3"},"headline":"Wirt hisst Regenbogen Flagge und die Reaktionen lassen leider tief blicken","datePublished":"2021-04-16T11:09:28+00:00","dateModified":"2021-04-16T11:16:16+00:00","mainEntityOfPage":{"@id":"https:\/\/www.thebestsocial.media\/de\/wirt-hisst-regenbogen-flagge-und-die-reaktionen-lassen-leider-tief-blicken\/"},"wordCount":374,"commentCount":0,"image":{"@id":"https:\/\/www.thebestsocial.media\/de\/wirt-hisst-regenbogen-flagge-und-die-reaktionen-lassen-leider-tief-blicken\/#primaryimage"},"thumbnailUrl":"https:\/\/www.thebestsocial.media\/de\/wp-content\/uploads\/sites\/3\/2021\/04\/Bildschirmfoto-2021-04-16-um-13.03.27.png","keywords":["Pride","Regenbogen Flagge"],"articleSection":["Uncategorized"],"inLanguage":"de","potentialAction":[{"@type":"CommentAction","name":"Comment","target":["https:\/\/www.thebestsocial.media\/de\/wirt-hisst-regenbogen-flagge-und-die-reaktionen-lassen-leider-tief-blicken\/#respond"]}]},{"@type":"WebPage","@id":"https:\/\/www.thebestsocial.media\/de\/wirt-hisst-regenbogen-flagge-und-die-reaktionen-lassen-leider-tief-blicken\/","url":"https:\/\/www.thebestsocial.media\/de\/wirt-hisst-regenbogen-flagge-und-die-reaktionen-lassen-leider-tief-blicken\/","name":"Reaktionen auf eine Regenbogen Flagge zeigen, dass weiterhin viel Nachholbedarf besteht","isPartOf":{"@id":"https:\/\/www.thebestsocial.media\/de\/#website"},"primaryImageOfPage":{"@id":"https:\/\/www.thebestsocial.media\/de\/wirt-hisst-regenbogen-flagge-und-die-reaktionen-lassen-leider-tief-blicken\/#primaryimage"},"image":{"@id":"https:\/\/www.thebestsocial.media\/de\/wirt-hisst-regenbogen-flagge-und-die-reaktionen-lassen-leider-tief-blicken\/#primaryimage"},"thumbnailUrl":"https:\/\/www.thebestsocial.media\/de\/wp-content\/uploads\/sites\/3\/2021\/04\/Bildschirmfoto-2021-04-16-um-13.03.27.png","datePublished":"2021-04-16T11:09:28+00:00","dateModified":"2021-04-16T11:16:16+00:00","author":{"@id":"https:\/\/www.thebestsocial.media\/de\/#\/schema\/person\/50bf2a2972050875c732f9b2292528c3"},"breadcrumb":{"@id":"https:\/\/www.thebestsocial.media\/de\/wirt-hisst-regenbogen-flagge-und-die-reaktionen-lassen-leider-tief-blicken\/#breadcrumb"},"inLanguage":"de","potentialAction":[{"@type":"ReadAction","target":["https:\/\/www.thebestsocial.media\/de\/wirt-hisst-regenbogen-flagge-und-die-reaktionen-lassen-leider-tief-blicken\/"]}]},{"@type":"ImageObject","inLanguage":"de","@id":"https:\/\/www.thebestsocial.media\/de\/wirt-hisst-regenbogen-flagge-und-die-reaktionen-lassen-leider-tief-blicken\/#primaryimage","url":"https:\/\/www.thebestsocial.media\/de\/wp-content\/uploads\/sites\/3\/2021\/04\/Bildschirmfoto-2021-04-16-um-13.03.27.png","contentUrl":"https:\/\/www.thebestsocial.media\/de\/wp-content\/uploads\/sites\/3\/2021\/04\/Bildschirmfoto-2021-04-16-um-13.03.27.png","width":1486,"height":754},{"@type":"BreadcrumbList","@id":"https:\/\/www.thebestsocial.media\/de\/wirt-hisst-regenbogen-flagge-und-die-reaktionen-lassen-leider-tief-blicken\/#breadcrumb","itemListElement":[{"@type":"ListItem","position":1,"name":"Home","item":"https:\/\/www.thebestsocial.media\/de\/"},{"@type":"ListItem","position":2,"name":"Wirt hisst Regenbogen Flagge und die Reaktionen lassen leider tief blicken"}]},{"@type":"WebSite","@id":"https:\/\/www.thebestsocial.media\/de\/#website","url":"https:\/\/www.thebestsocial.media\/de\/","name":"The Best Social Media DE","description":"","potentialAction":[{"@type":"SearchAction","target":{"@type":"EntryPoint","urlTemplate":"https:\/\/www.thebestsocial.media\/de\/?s={search_term_string}"},"query-input":{"@type":"PropertyValueSpecification","valueRequired":true,"valueName":"search_term_string"}}],"inLanguage":"de"},{"@type":"Person","@id":"https:\/\/www.thebestsocial.media\/de\/#\/schema\/person\/50bf2a2972050875c732f9b2292528c3","name":"admin","image":{"@type":"ImageObject","inLanguage":"de","@id":"https:\/\/secure.gravatar.com\/avatar\/dfabcac01d1866afd37823fba624364cadb5ce34a3d63795d3b5facc23a71b15?s=96&d=mm&r=g","url":"https:\/\/secure.gravatar.com\/avatar\/dfabcac01d1866afd37823fba624364cadb5ce34a3d63795d3b5facc23a71b15?s=96&d=mm&r=g","contentUrl":"https:\/\/secure.gravatar.com\/avatar\/dfabcac01d1866afd37823fba624364cadb5ce34a3d63795d3b5facc23a71b15?s=96&d=mm&r=g","caption":"admin"},"url":"https:\/\/www.thebestsocial.media\/de\/author\/admin\/"}]}},"amp_enabled":true,"_links":{"self":[{"href":"https:\/\/www.thebestsocial.media\/de\/wp-json\/wp\/v2\/posts\/144203","targetHints":{"allow":["GET"]}}],"collection":[{"href":"https:\/\/www.thebestsocial.media\/de\/wp-json\/wp\/v2\/posts"}],"about":[{"href":"https:\/\/www.thebestsocial.media\/de\/wp-json\/wp\/v2\/types\/post"}],"author":[{"embeddable":true,"href":"https:\/\/www.thebestsocial.media\/de\/wp-json\/wp\/v2\/users\/1"}],"replies":[{"embeddable":true,"href":"https:\/\/www.thebestsocial.media\/de\/wp-json\/wp\/v2\/comments?post=144203"}],"version-history":[{"count":6,"href":"https:\/\/www.thebestsocial.media\/de\/wp-json\/wp\/v2\/posts\/144203\/revisions"}],"predecessor-version":[{"id":144230,"href":"https:\/\/www.thebestsocial.media\/de\/wp-json\/wp\/v2\/posts\/144203\/revisions\/144230"}],"wp:featuredmedia":[{"embeddable":true,"href":"https:\/\/www.thebestsocial.media\/de\/wp-json\/wp\/v2\/media\/144227"}],"wp:attachment":[{"href":"https:\/\/www.thebestsocial.media\/de\/wp-json\/wp\/v2\/media?parent=144203"}],"wp:term":[{"taxonomy":"category","embeddable":true,"href":"https:\/\/www.thebestsocial.media\/de\/wp-json\/wp\/v2\/categories?post=144203"},{"taxonomy":"post_tag","embeddable":true,"href":"https:\/\/www.thebestsocial.media\/de\/wp-json\/wp\/v2\/tags?post=144203"}],"curies":[{"name":"wp","href":"https:\/\/api.w.org\/{rel}","templated":true}]}}