{"id":143951,"date":"2021-04-12T11:16:12","date_gmt":"2021-04-12T11:16:12","guid":{"rendered":"https:\/\/www.thebestsocial.media\/de\/?p=143951"},"modified":"2021-04-12T11:16:12","modified_gmt":"2021-04-12T11:16:12","slug":"parteitag-afd","status":"publish","type":"post","link":"https:\/\/www.thebestsocial.media\/de\/parteitag-afd\/","title":{"rendered":"Was war denn da los? Alle lachen \u00fcber den chaotischen Parteitag der AfD"},"content":{"rendered":"<p>Die Parteien bereiten sich allm\u00e4hlich auf die Bundestagswahl im September vor. So wurde gestern bekannt gegeben, dass sich die CDU sich zwischen <a href=\"https:\/\/www.thebestsocial.media\/de\/kanzlerkandidaten-laschet-soeder\/\" rel=\"noopener\" target=\"_blank\">Laschet und S\u00f6der als Kanzlerkandidaten<\/a> entscheiden wird. Und auch die AfD stimmte am Wochenende \u00fcber ihr Wahlprogramm ab. Dabei kam es auf dem Parteitag zu einer \u00e4u\u00dferst kuriosen Szene: Beatrix von Storch st\u00fcrmte aufgeregt zum Rednerpult und beschwerte sich dar\u00fcber, was da gerade beschlossen wurde und wie das zustande kam.<\/p>\n<p>&nbsp;<br \/>\n<strong>Demnach sollten nur noch Personen mit einem Verm\u00f6gen von mindestens 5 Millionen Euro nach Deutschland einwandern d\u00fcrfen.<\/strong><\/p>\n<blockquote class=\"reddit-card\" data-card-created=\"1618223545\"><p><a href=\"https:\/\/www.reddit.com\/r\/de\/comments\/mow56k\/drunter_und_dr\u00fcber_beim_afd_bundesparteitag\/\">Drunter und dr\u00fcber beim AfD Bundesparteitag<\/a> from <a href=\"http:\/\/www.reddit.com\/r\/de\">r\/de<\/a><\/p><\/blockquote>\n<p><script async src=\"\/\/embed.redditmedia.com\/widgets\/platform.js\" charset=\"UTF-8\"><\/script><\/p>\n<p>&nbsp;<br \/>\n<strong>Offensichtlich hatte auf dem Parteitag niemand so recht gelesen, \u00fcber was da eigentlich abgestimmt wurde.<\/strong><\/p>\n<div class=\"dbsm-oembed\">\n<blockquote class=\"twitter-tweet\" data-width=\"500\" data-dnt=\"true\">\n<p lang=\"de\" dir=\"ltr\">Die <a href=\"https:\/\/twitter.com\/hashtag\/AfD?src=hash&amp;ref_src=twsrc%5Etfw\">#AfD<\/a> hat auf ihrem Bundesparteitag einfach mal beschlossen, dass niemand mehr nach Deutschland einwandern darf, der nicht 5 Millionen Euro mitbringt. <\/p>\n<p>Irgendwie hatte keiner den Text gelesen.<\/p>\n<p>Jetzt versucht der Bundesparteitag panisch diesen Beschluss wieder zur\u00fcckzudrehen.<\/p>\n<p>&mdash; Erik Fl\u00fcgge (@erik_fluegge) <a href=\"https:\/\/twitter.com\/erik_fluegge\/status\/1381213532826570752?ref_src=twsrc%5Etfw\">April 11, 2021<\/a><\/p><\/blockquote>\n<p><script async src=\"https:\/\/platform.twitter.com\/widgets.js\" charset=\"utf-8\"><\/script><\/div>\n<p><a class=\"embedly-card\" href=\"https:\/\/www.reddit.com\/r\/de\/comments\/mow56k\/drunter_und_dr\u00fcber_beim_afd_bundesparteitag\/gu6baq0\">Card<\/a><br \/>\n<script async src=\"\/\/embed.redditmedia.com\/widgets\/platform.js\" charset=\"UTF-8\"><\/script><\/p>\n<p><a class=\"embedly-card\" href=\"https:\/\/www.reddit.com\/r\/de\/comments\/mow56k\/drunter_und_dr\u00fcber_beim_afd_bundesparteitag\/gu664ri\">Card<\/a><br \/>\n<script async src=\"\/\/embed.redditmedia.com\/widgets\/platform.js\" charset=\"UTF-8\"><\/script><\/p>\n<p><a class=\"embedly-card\" href=\"https:\/\/www.reddit.com\/r\/de\/comments\/mow56k\/drunter_und_dr\u00fcber_beim_afd_bundesparteitag\/gu65ig7\">Card<\/a><br \/>\n<script async src=\"\/\/embed.redditmedia.com\/widgets\/platform.js\" charset=\"UTF-8\"><\/script><\/p>\n<p><a class=\"embedly-card\" href=\"https:\/\/www.reddit.com\/r\/de\/comments\/mow56k\/drunter_und_dr\u00fcber_beim_afd_bundesparteitag\/gu6hit5\">Card<\/a><br \/>\n<script async src=\"\/\/embed.redditmedia.com\/widgets\/platform.js\" charset=\"UTF-8\"><\/script><\/p>\n<p>&nbsp;<br \/>\n<strong>Der Antrag wurde dann korrigiert &#8211; Migration wird aber nach wie vor abgelehnt wie auch s\u00e4mtliche Corona-Ma\u00dfnahmen. Sogar ein &#8222;Dexit&#8220; &#8211; ein Austritt Deutschlands aus der EU &#8211; wird gefordert.<\/strong><\/p>\n<div class=\"dbsm-oembed\">\n<blockquote class=\"twitter-tweet\" data-width=\"500\" data-dnt=\"true\">\n<p lang=\"de\" dir=\"ltr\">&quot;Je schlechter es Deutschland geht, desto besser f\u00fcr die AfD&quot;, wurde der langj\u00e4hrige Pressesprecher der AfD, Christian L\u00fcth, zitiert. Da ist die Forderung nach einem <a href=\"https:\/\/twitter.com\/hashtag\/Dexit?src=hash&amp;ref_src=twsrc%5Etfw\">#Dexit<\/a> nur folgerichtig.<\/p>\n<p>&mdash; extra3 (@extra3) <a href=\"https:\/\/twitter.com\/extra3\/status\/1381220906459148290?ref_src=twsrc%5Etfw\">April 11, 2021<\/a><\/p><\/blockquote>\n<p><script async src=\"https:\/\/platform.twitter.com\/widgets.js\" charset=\"utf-8\"><\/script><\/div>\n<div class=\"dbsm-oembed\">\n<blockquote class=\"twitter-tweet\" data-width=\"500\" data-dnt=\"true\">\n<p lang=\"de\" dir=\"ltr\">Die <a href=\"https:\/\/twitter.com\/hashtag\/AfD?src=hash&amp;ref_src=twsrc%5Etfw\">#AfD<\/a> hat ihr Wahlprogramm beschlossen. Es ist radikaler als der Entwurf &#8211; vor allem durch H\u00f6ckes Eingreifen. Vorne drauf steht &quot;normal&quot;, enthalten ist das Ziel ein radikal rechtes Weltbild zu &quot;normalisieren&quot;. Mit Grenzz\u00e4unen um&#39;s Land, EU-Austritt, praktischer Null-Migration.<\/p>\n<p>&mdash; Johannes Hillje (@JHillje) <a href=\"https:\/\/twitter.com\/JHillje\/status\/1381295294076366856?ref_src=twsrc%5Etfw\">April 11, 2021<\/a><\/p><\/blockquote>\n<p><script async src=\"https:\/\/platform.twitter.com\/widgets.js\" charset=\"utf-8\"><\/script><\/div>\n<div class=\"dbsm-oembed\">\n<blockquote class=\"twitter-tweet\" data-width=\"500\" data-dnt=\"true\">\n<p lang=\"de\" dir=\"ltr\">Die AfD ist <\/p>\n<p>&#8211; gegen Maskenpflicht<br \/>&#8211; gegen Lockdown<br \/>&#8211; gegen Testpflicht<br \/>&#8211; daf\u00fcr, dass positive Getestete nicht als infiziert gelten<\/p>\n<p>Die AfD reagiert auf Corona also genau so wie auf die Klimakrise: Einfach leugnen und nichts tun.<\/p>\n<p>&mdash; Volksverpetzer \uea00 (@Volksverpetzer) <a href=\"https:\/\/twitter.com\/Volksverpetzer\/status\/1380919756144979968?ref_src=twsrc%5Etfw\">April 10, 2021<\/a><\/p><\/blockquote>\n<p><script async src=\"https:\/\/platform.twitter.com\/widgets.js\" charset=\"utf-8\"><\/script><\/div>\n<div class=\"dbsm-oembed\">\n<blockquote class=\"twitter-tweet\" data-width=\"500\" data-dnt=\"true\">\n<p lang=\"de\" dir=\"ltr\">Hauptsache gegen etwas. Gegen die EU, gegen den Islam, gegen die Maskenpflicht. Als es noch keine Maskenpflicht gab (Anfang 2020) war die AfD die Partei, die am lautesten danach geschrien hat. Diese Partei hat kein Profil, sondern besteht nur aus einem Gegeneinander und Hass <a href=\"https:\/\/t.co\/1TEWRsRPbT\">pic.twitter.com\/1TEWRsRPbT<\/a><\/p>\n<p>&mdash; X \u00c6 A-XII (@elonmuskssohn) <a href=\"https:\/\/twitter.com\/elonmuskssohn\/status\/1381312072831623168?ref_src=twsrc%5Etfw\">April 11, 2021<\/a><\/p><\/blockquote>\n<p><script async src=\"https:\/\/platform.twitter.com\/widgets.js\" charset=\"utf-8\"><\/script><\/div>\n<p>&nbsp;<br \/>\n<strong>Bemerkenswert ist zudem die neue Strategie der AfD mit dem Slogan: &#8222;Deutschland, aber normal&#8220;. Wie zuvor mit &#8222;b\u00fcrgerlich&#8220; will die Partei sich und ihr Weltbild als &#8222;normal&#8220; etablieren. Auszug aus einem Thread der Autorin Maria Fiedler, die das Buch &#8222;Die Methode AfD&#8220; schrieb.<\/strong><\/p>\n<div class=\"dbsm-oembed\">\n<blockquote class=\"twitter-tweet\" data-width=\"500\" data-dnt=\"true\">\n<p lang=\"de\" dir=\"ltr\">Die <a href=\"https:\/\/twitter.com\/hashtag\/AfD?src=hash&amp;ref_src=twsrc%5Etfw\">#AfD<\/a>-Wahlkampagne (&quot;Deutschland. Aber normal.&quot;) folgt dem Ansatz der Selbstverharmlosung. 2017 von G\u00f6tz Kubitschek aufgeschrieben. Formuliertes Ziel: Die &quot;emotionale Barriere&quot; der &quot;Normalb\u00fcrger&quot; zur AfD &quot;einrei\u00dfen&quot;. Klassische Maskierungsstrategie der extrem Rechten. <a href=\"https:\/\/twitter.com\/hashtag\/dd1004?src=hash&amp;ref_src=twsrc%5Etfw\">#dd1004<\/a> <a href=\"https:\/\/t.co\/bFQPbCuW9r\">pic.twitter.com\/bFQPbCuW9r<\/a><\/p>\n<p>&mdash; Johannes Hillje (@JHillje) <a href=\"https:\/\/twitter.com\/JHillje\/status\/1380799735464914944?ref_src=twsrc%5Etfw\">April 10, 2021<\/a><\/p><\/blockquote>\n<p><script async src=\"https:\/\/platform.twitter.com\/widgets.js\" charset=\"utf-8\"><\/script><\/div>\n<blockquote class=\"twitter-tweet\" data-conversation=\"none\">\n<p lang=\"de\" dir=\"ltr\">Die Kampagne zahlt auf die Strategie der Selbstverharmlosung ein. Radikale und sogar rechtsextreme Positionen werden als \u201enormal\u201c geframed. \u00c4hnlich versuchte sie es schon 2019, als sie sich selbst als \u201eb\u00fcrgerlich\u201c verkaufte. (2\/9)<\/p>\n<p>&mdash; Maria Fiedler (@maria_fiedler) <a href=\"https:\/\/twitter.com\/maria_fiedler\/status\/1380869720241496066?ref_src=twsrc%5Etfw\">April 10, 2021<\/a><\/p><\/blockquote>\n<p> <script async src=\"https:\/\/platform.twitter.com\/widgets.js\" charset=\"utf-8\"><\/script><\/p>\n<blockquote class=\"twitter-tweet\" data-conversation=\"none\">\n<p lang=\"de\" dir=\"ltr\">Die Kampagne markiert einen Strategiewechsel: Verschiebung von einer Angst- und Untergangs-Rhetorik hin zu einer Sehnsuchts-Rhetorik. Die AfD verspricht die R\u00fcckkehr zu einer idealisierten Vergangenheit, in der Migration, Klimawandel und Corona keine Rolle spielten. (3\/9)<\/p>\n<p>&mdash; Maria Fiedler (@maria_fiedler) <a href=\"https:\/\/twitter.com\/maria_fiedler\/status\/1380869721596293120?ref_src=twsrc%5Etfw\">April 10, 2021<\/a><\/p><\/blockquote>\n<p> <script async src=\"https:\/\/platform.twitter.com\/widgets.js\" charset=\"utf-8\"><\/script><\/p>\n<blockquote class=\"twitter-tweet\" data-conversation=\"none\">\n<p lang=\"de\" dir=\"ltr\">Als \u201enicht normal\u201c framed die AfD gesellschaftliche Ver\u00e4nderungen, die ihren Anh\u00e4ngern ein Dorn im Auge sind: gleichgeschlechtliche Partnerschaften, Frauenquoten, geschlechtersensible Sprache, Klimaschutz-Bewegung, Multikulturalismus. (7\/9)<\/p>\n<p>&mdash; Maria Fiedler (@maria_fiedler) <a href=\"https:\/\/twitter.com\/maria_fiedler\/status\/1380869726650433537?ref_src=twsrc%5Etfw\">April 10, 2021<\/a><\/p><\/blockquote>\n<p> <script async src=\"https:\/\/platform.twitter.com\/widgets.js\" charset=\"utf-8\"><\/script><\/p>\n<blockquote class=\"twitter-tweet\" data-conversation=\"none\">\n<p lang=\"de\" dir=\"ltr\">Die Kampagne verschleiert geschickt den in der AfD vorhandenen Rechtsextremismus. Damit hofft sie, wieder breitere W\u00e4hlerschichten f\u00fcr sich zu erschlie\u00dfen. (9\/9)<\/p>\n<p>&mdash; Maria Fiedler (@maria_fiedler) <a href=\"https:\/\/twitter.com\/maria_fiedler\/status\/1380869729116692482?ref_src=twsrc%5Etfw\">April 10, 2021<\/a><\/p><\/blockquote>\n<p> <script async src=\"https:\/\/platform.twitter.com\/widgets.js\" charset=\"utf-8\"><\/script><\/p>\n<blockquote class=\"reddit-card\" data-card-created=\"1618223378\"><p><a href=\"https:\/\/www.reddit.com\/r\/ich_iel\/comments\/mp0q0b\/ichiel\/\">ich\ud83d\udca9iel<\/a> from <a href=\"http:\/\/www.reddit.com\/r\/ich_iel\">r\/ich_iel<\/a><\/p><\/blockquote>\n<p><script async src=\"\/\/embed.redditmedia.com\/widgets\/platform.js\" charset=\"UTF-8\"><\/script><\/p>\n<p>&nbsp;<br \/>\n<strong>Was soll man zu dieser Partei noch sagen?<\/strong><\/p>\n<div class=\"dbsm-oembed\">\n<blockquote class=\"twitter-tweet\" data-width=\"500\" data-dnt=\"true\">\n<p lang=\"da\" dir=\"ltr\">AfD Bundesparteitag <a href=\"https:\/\/t.co\/jbQrXJFjQR\">pic.twitter.com\/jbQrXJFjQR<\/a><\/p>\n<p>&mdash; Hanna Herbst (@HHumorlos) <a href=\"https:\/\/twitter.com\/HHumorlos\/status\/1381326608376692737?ref_src=twsrc%5Etfw\">April 11, 2021<\/a><\/p><\/blockquote>\n<p><script async src=\"https:\/\/platform.twitter.com\/widgets.js\" charset=\"utf-8\"><\/script><\/div>\n<p>https:\/\/twitter.com\/roter_pander\/status\/1381163345785524229<\/p>\n<p>&nbsp;<\/p>\n<p>&#8212;<br \/>\nVielen Dank an alle f\u00fcr die Posts.<br \/>\n&#8212;<br \/>\n<strong>Keine Influencer! Kein Foodporn! Nur ganz viel Spa\u00df &#8211; bei uns auf Instagram:<\/strong><\/p>\n<blockquote class=\"instagram-media\" data-instgrm-captioned data-instgrm-permalink=\"https:\/\/www.instagram.com\/p\/CNc7g52FpVa\/?utm_source=ig_embed&amp;utm_campaign=loading\" data-instgrm-version=\"13\" style=\" background:#FFF; border:0; border-radius:3px; box-shadow:0 0 1px 0 rgba(0,0,0,0.5),0 1px 10px 0 rgba(0,0,0,0.15); margin: 1px; max-width:540px; min-width:326px; padding:0; width:99.375%; width:-webkit-calc(100% - 2px); width:calc(100% - 2px);\">\n<div style=\"padding:16px;\"> <a href=\"https:\/\/www.instagram.com\/p\/CNc7g52FpVa\/?utm_source=ig_embed&amp;utm_campaign=loading\" style=\" background:#FFFFFF; line-height:0; padding:0 0; text-align:center; text-decoration:none; width:100%;\" target=\"_blank\" rel=\"noopener\"> <\/p>\n<div style=\" display: flex; flex-direction: row; align-items: center;\">\n<div style=\"background-color: #F4F4F4; border-radius: 50%; flex-grow: 0; height: 40px; margin-right: 14px; width: 40px;\"><\/div>\n<div style=\"display: flex; flex-direction: column; flex-grow: 1; justify-content: center;\">\n<div style=\" background-color: #F4F4F4; border-radius: 4px; flex-grow: 0; height: 14px; margin-bottom: 6px; width: 100px;\"><\/div>\n<div style=\" background-color: #F4F4F4; border-radius: 4px; flex-grow: 0; height: 14px; width: 60px;\"><\/div>\n<\/div>\n<\/div>\n<div style=\"padding: 19% 0;\"><\/div>\n<div style=\"display:block; height:50px; margin:0 auto 12px; width:50px;\"><svg width=\"50px\" height=\"50px\" viewBox=\"0 0 60 60\" version=\"1.1\" xmlns=\"https:\/\/www.w3.org\/2000\/svg\" xmlns:xlink=\"https:\/\/www.w3.org\/1999\/xlink\"><g stroke=\"none\" stroke-width=\"1\" fill=\"none\" fill-rule=\"evenodd\"><g transform=\"translate(-511.000000, -20.000000)\" fill=\"#000000\"><g><path d=\"M556.869,30.41 C554.814,30.41 553.148,32.076 553.148,34.131 C553.148,36.186 554.814,37.852 556.869,37.852 C558.924,37.852 560.59,36.186 560.59,34.131 C560.59,32.076 558.924,30.41 556.869,30.41 M541,60.657 C535.114,60.657 530.342,55.887 530.342,50 C530.342,44.114 535.114,39.342 541,39.342 C546.887,39.342 551.658,44.114 551.658,50 C551.658,55.887 546.887,60.657 541,60.657 M541,33.886 C532.1,33.886 524.886,41.1 524.886,50 C524.886,58.899 532.1,66.113 541,66.113 C549.9,66.113 557.115,58.899 557.115,50 C557.115,41.1 549.9,33.886 541,33.886 M565.378,62.101 C565.244,65.022 564.756,66.606 564.346,67.663 C563.803,69.06 563.154,70.057 562.106,71.106 C561.058,72.155 560.06,72.803 558.662,73.347 C557.607,73.757 556.021,74.244 553.102,74.378 C549.944,74.521 548.997,74.552 541,74.552 C533.003,74.552 532.056,74.521 528.898,74.378 C525.979,74.244 524.393,73.757 523.338,73.347 C521.94,72.803 520.942,72.155 519.894,71.106 C518.846,70.057 518.197,69.06 517.654,67.663 C517.244,66.606 516.755,65.022 516.623,62.101 C516.479,58.943 516.448,57.996 516.448,50 C516.448,42.003 516.479,41.056 516.623,37.899 C516.755,34.978 517.244,33.391 517.654,32.338 C518.197,30.938 518.846,29.942 519.894,28.894 C520.942,27.846 521.94,27.196 523.338,26.654 C524.393,26.244 525.979,25.756 528.898,25.623 C532.057,25.479 533.004,25.448 541,25.448 C548.997,25.448 549.943,25.479 553.102,25.623 C556.021,25.756 557.607,26.244 558.662,26.654 C560.06,27.196 561.058,27.846 562.106,28.894 C563.154,29.942 563.803,30.938 564.346,32.338 C564.756,33.391 565.244,34.978 565.378,37.899 C565.522,41.056 565.552,42.003 565.552,50 C565.552,57.996 565.522,58.943 565.378,62.101 M570.82,37.631 C570.674,34.438 570.167,32.258 569.425,30.349 C568.659,28.377 567.633,26.702 565.965,25.035 C564.297,23.368 562.623,22.342 560.652,21.575 C558.743,20.834 556.562,20.326 553.369,20.18 C550.169,20.033 549.148,20 541,20 C532.853,20 531.831,20.033 528.631,20.18 C525.438,20.326 523.257,20.834 521.349,21.575 C519.376,22.342 517.703,23.368 516.035,25.035 C514.368,26.702 513.342,28.377 512.574,30.349 C511.834,32.258 511.326,34.438 511.181,37.631 C511.035,40.831 511,41.851 511,50 C511,58.147 511.035,59.17 511.181,62.369 C511.326,65.562 511.834,67.743 512.574,69.651 C513.342,71.625 514.368,73.296 516.035,74.965 C517.703,76.634 519.376,77.658 521.349,78.425 C523.257,79.167 525.438,79.673 528.631,79.82 C531.831,79.965 532.853,80.001 541,80.001 C549.148,80.001 550.169,79.965 553.369,79.82 C556.562,79.673 558.743,79.167 560.652,78.425 C562.623,77.658 564.297,76.634 565.965,74.965 C567.633,73.296 568.659,71.625 569.425,69.651 C570.167,67.743 570.674,65.562 570.82,62.369 C570.966,59.17 571,58.147 571,50 C571,41.851 570.966,40.831 570.82,37.631\"><\/path><\/g><\/g><\/g><\/svg><\/div>\n<div style=\"padding-top: 8px;\">\n<div style=\" color:#3897f0; font-family:Arial,sans-serif; font-size:14px; font-style:normal; font-weight:550; line-height:18px;\"> Sieh dir diesen Beitrag auf Instagram an<\/div>\n<\/div>\n<div style=\"padding: 12.5% 0;\"><\/div>\n<div style=\"display: flex; flex-direction: row; margin-bottom: 14px; align-items: center;\">\n<div>\n<div style=\"background-color: #F4F4F4; border-radius: 50%; height: 12.5px; width: 12.5px; transform: translateX(0px) translateY(7px);\"><\/div>\n<div style=\"background-color: #F4F4F4; height: 12.5px; transform: rotate(-45deg) translateX(3px) translateY(1px); width: 12.5px; flex-grow: 0; margin-right: 14px; margin-left: 2px;\"><\/div>\n<div style=\"background-color: #F4F4F4; border-radius: 50%; height: 12.5px; width: 12.5px; transform: translateX(9px) translateY(-18px);\"><\/div>\n<\/div>\n<div style=\"margin-left: 8px;\">\n<div style=\" background-color: #F4F4F4; border-radius: 50%; flex-grow: 0; height: 20px; width: 20px;\"><\/div>\n<div style=\" width: 0; height: 0; border-top: 2px solid transparent; border-left: 6px solid #f4f4f4; border-bottom: 2px solid transparent; transform: translateX(16px) translateY(-4px) rotate(30deg)\"><\/div>\n<\/div>\n<div style=\"margin-left: auto;\">\n<div style=\" width: 0px; border-top: 8px solid #F4F4F4; border-right: 8px solid transparent; transform: translateY(16px);\"><\/div>\n<div style=\" background-color: #F4F4F4; flex-grow: 0; height: 12px; width: 16px; transform: translateY(-4px);\"><\/div>\n<div style=\" width: 0; height: 0; border-top: 8px solid #F4F4F4; border-left: 8px solid transparent; transform: translateY(-4px) translateX(8px);\"><\/div>\n<\/div>\n<\/div>\n<div style=\"display: flex; flex-direction: column; flex-grow: 1; justify-content: center; margin-bottom: 24px;\">\n<div style=\" background-color: #F4F4F4; border-radius: 4px; flex-grow: 0; height: 14px; margin-bottom: 6px; width: 224px;\"><\/div>\n<div style=\" background-color: #F4F4F4; border-radius: 4px; flex-grow: 0; height: 14px; width: 144px;\"><\/div>\n<\/div>\n<p><\/a><\/p>\n<p style=\" color:#c9c8cd; font-family:Arial,sans-serif; font-size:14px; line-height:17px; margin-bottom:0; margin-top:8px; overflow:hidden; padding:8px 0 7px; text-align:center; text-overflow:ellipsis; white-space:nowrap;\"><a href=\"https:\/\/www.instagram.com\/p\/CNc7g52FpVa\/?utm_source=ig_embed&amp;utm_campaign=loading\" style=\" color:#c9c8cd; font-family:Arial,sans-serif; font-size:14px; font-style:normal; font-weight:normal; line-height:17px; text-decoration:none;\" target=\"_blank\" rel=\"noopener\">Ein Beitrag geteilt von The Best Social Media &#8211; DE (@thebestsocialmediade)<\/a><\/p>\n<\/div>\n<\/blockquote>\n\n<script async defer src=\"\/instagram-embed.js\"><\/script>","protected":false},"excerpt":{"rendered":"<p>Die Parteien bereiten sich allm\u00e4hlich auf die Bundestagswahl im September vor. So wurde gestern bekannt gegeben, dass sich die CDU sich zwischen Laschet und S\u00f6der&#8230;<\/p>\n","protected":false},"author":72,"featured_media":143953,"comment_status":"open","ping_status":"open","sticky":false,"template":"","format":"standard","meta":{"_acf_changed":false,"footnotes":""},"categories":[515,35],"tags":[144],"class_list":["post-143951","post","type-post","status-publish","format-standard","has-post-thumbnail","hentry","category-reddit","category-twitter","tag-afd"],"acf":[],"yoast_head":"<!-- This site is optimized with the Yoast SEO plugin v27.5 - https:\/\/yoast.com\/product\/yoast-seo-wordpress\/ -->\n<title>Kurioser Parteitag: AfD-Beschluss ist selbst Beatrix von Storch zu extrem<\/title>\n<meta name=\"description\" content=\"Die AfD wollte \u00fcber ihr Wahlprogramm abstimmen, doch der Parteitag verlief ziemlich chaotisch und sorgt nun f\u00fcr Lacher und Kopfsch\u00fctteln.\" \/>\n<meta name=\"robots\" content=\"index, follow, max-snippet:-1, max-image-preview:large, max-video-preview:-1\" \/>\n<link rel=\"canonical\" href=\"https:\/\/www.thebestsocial.media\/de\/parteitag-afd\/\" \/>\n<meta property=\"og:locale\" content=\"de_DE\" \/>\n<meta property=\"og:type\" content=\"article\" \/>\n<meta property=\"og:title\" content=\"Was war denn da los? Alle lachen \u00fcber den chaotischen Parteitag der AfD\" \/>\n<meta property=\"og:description\" content=\"Die AfD wollte \u00fcber ihr Wahlprogramm abstimmen, doch der Parteitag verlief ziemlich chaotisch und sorgt nun f\u00fcr Lacher und Kopfsch\u00fctteln.\" \/>\n<meta property=\"og:url\" content=\"https:\/\/www.thebestsocial.media\/de\/parteitag-afd\/\" \/>\n<meta property=\"og:site_name\" content=\"The Best Social Media DE\" \/>\n<meta property=\"article:published_time\" content=\"2021-04-12T11:16:12+00:00\" \/>\n<meta property=\"og:image\" content=\"https:\/\/www.thebestsocial.media\/de\/wp-content\/uploads\/sites\/3\/2021\/04\/afd-fb.png\" \/>\n\t<meta property=\"og:image:width\" content=\"1200\" \/>\n\t<meta property=\"og:image:height\" content=\"630\" \/>\n\t<meta property=\"og:image:type\" content=\"image\/png\" \/>\n<meta name=\"author\" content=\"Benny\" \/>\n<meta name=\"twitter:card\" content=\"summary_large_image\" \/>\n<meta name=\"twitter:label1\" content=\"Verfasst von\" \/>\n\t<meta name=\"twitter:data1\" content=\"Benny\" \/>\n\t<meta name=\"twitter:label2\" content=\"Gesch\u00e4tzte Lesezeit\" \/>\n\t<meta name=\"twitter:data2\" content=\"2\u00a0Minuten\" \/>\n<script type=\"application\/ld+json\" class=\"yoast-schema-graph\">{\"@context\":\"https:\\\/\\\/schema.org\",\"@graph\":[{\"@type\":\"Article\",\"@id\":\"https:\\\/\\\/www.thebestsocial.media\\\/de\\\/parteitag-afd\\\/#article\",\"isPartOf\":{\"@id\":\"https:\\\/\\\/www.thebestsocial.media\\\/de\\\/parteitag-afd\\\/\"},\"author\":{\"name\":\"Benny\",\"@id\":\"https:\\\/\\\/www.thebestsocial.media\\\/de\\\/#\\\/schema\\\/person\\\/212fdd48880db42a484e589e4e27871b\"},\"headline\":\"Was war denn da los? Alle lachen \u00fcber den chaotischen Parteitag der AfD\",\"datePublished\":\"2021-04-12T11:16:12+00:00\",\"mainEntityOfPage\":{\"@id\":\"https:\\\/\\\/www.thebestsocial.media\\\/de\\\/parteitag-afd\\\/\"},\"wordCount\":453,\"commentCount\":0,\"image\":{\"@id\":\"https:\\\/\\\/www.thebestsocial.media\\\/de\\\/parteitag-afd\\\/#primaryimage\"},\"thumbnailUrl\":\"https:\\\/\\\/www.thebestsocial.media\\\/de\\\/wp-content\\\/uploads\\\/sites\\\/3\\\/2021\\\/04\\\/afd-thumb.png\",\"keywords\":[\"AfD\"],\"articleSection\":[\"reddit\",\"Twitter\"],\"inLanguage\":\"de\",\"potentialAction\":[{\"@type\":\"CommentAction\",\"name\":\"Comment\",\"target\":[\"https:\\\/\\\/www.thebestsocial.media\\\/de\\\/parteitag-afd\\\/#respond\"]}]},{\"@type\":\"WebPage\",\"@id\":\"https:\\\/\\\/www.thebestsocial.media\\\/de\\\/parteitag-afd\\\/\",\"url\":\"https:\\\/\\\/www.thebestsocial.media\\\/de\\\/parteitag-afd\\\/\",\"name\":\"Kurioser Parteitag: AfD-Beschluss ist selbst Beatrix von Storch zu extrem\",\"isPartOf\":{\"@id\":\"https:\\\/\\\/www.thebestsocial.media\\\/de\\\/#website\"},\"primaryImageOfPage\":{\"@id\":\"https:\\\/\\\/www.thebestsocial.media\\\/de\\\/parteitag-afd\\\/#primaryimage\"},\"image\":{\"@id\":\"https:\\\/\\\/www.thebestsocial.media\\\/de\\\/parteitag-afd\\\/#primaryimage\"},\"thumbnailUrl\":\"https:\\\/\\\/www.thebestsocial.media\\\/de\\\/wp-content\\\/uploads\\\/sites\\\/3\\\/2021\\\/04\\\/afd-thumb.png\",\"datePublished\":\"2021-04-12T11:16:12+00:00\",\"author\":{\"@id\":\"https:\\\/\\\/www.thebestsocial.media\\\/de\\\/#\\\/schema\\\/person\\\/212fdd48880db42a484e589e4e27871b\"},\"description\":\"Die AfD wollte \u00fcber ihr Wahlprogramm abstimmen, doch der Parteitag verlief ziemlich chaotisch und sorgt nun f\u00fcr Lacher und Kopfsch\u00fctteln.\",\"breadcrumb\":{\"@id\":\"https:\\\/\\\/www.thebestsocial.media\\\/de\\\/parteitag-afd\\\/#breadcrumb\"},\"inLanguage\":\"de\",\"potentialAction\":[{\"@type\":\"ReadAction\",\"target\":[\"https:\\\/\\\/www.thebestsocial.media\\\/de\\\/parteitag-afd\\\/\"]}]},{\"@type\":\"ImageObject\",\"inLanguage\":\"de\",\"@id\":\"https:\\\/\\\/www.thebestsocial.media\\\/de\\\/parteitag-afd\\\/#primaryimage\",\"url\":\"https:\\\/\\\/www.thebestsocial.media\\\/de\\\/wp-content\\\/uploads\\\/sites\\\/3\\\/2021\\\/04\\\/afd-thumb.png\",\"contentUrl\":\"https:\\\/\\\/www.thebestsocial.media\\\/de\\\/wp-content\\\/uploads\\\/sites\\\/3\\\/2021\\\/04\\\/afd-thumb.png\",\"width\":1200,\"height\":630},{\"@type\":\"BreadcrumbList\",\"@id\":\"https:\\\/\\\/www.thebestsocial.media\\\/de\\\/parteitag-afd\\\/#breadcrumb\",\"itemListElement\":[{\"@type\":\"ListItem\",\"position\":1,\"name\":\"Home\",\"item\":\"https:\\\/\\\/www.thebestsocial.media\\\/de\\\/\"},{\"@type\":\"ListItem\",\"position\":2,\"name\":\"Was war denn da los? Alle lachen \u00fcber den chaotischen Parteitag der AfD\"}]},{\"@type\":\"WebSite\",\"@id\":\"https:\\\/\\\/www.thebestsocial.media\\\/de\\\/#website\",\"url\":\"https:\\\/\\\/www.thebestsocial.media\\\/de\\\/\",\"name\":\"The Best Social Media DE\",\"description\":\"\",\"potentialAction\":[{\"@type\":\"SearchAction\",\"target\":{\"@type\":\"EntryPoint\",\"urlTemplate\":\"https:\\\/\\\/www.thebestsocial.media\\\/de\\\/?s={search_term_string}\"},\"query-input\":{\"@type\":\"PropertyValueSpecification\",\"valueRequired\":true,\"valueName\":\"search_term_string\"}}],\"inLanguage\":\"de\"},{\"@type\":\"Person\",\"@id\":\"https:\\\/\\\/www.thebestsocial.media\\\/de\\\/#\\\/schema\\\/person\\\/212fdd48880db42a484e589e4e27871b\",\"name\":\"Benny\",\"image\":{\"@type\":\"ImageObject\",\"inLanguage\":\"de\",\"@id\":\"https:\\\/\\\/secure.gravatar.com\\\/avatar\\\/559f54fceb59ac8654d5ca40291d2ab87f2a9d79e48e8e3c19582477cde950bf?s=96&d=mm&r=g\",\"url\":\"https:\\\/\\\/secure.gravatar.com\\\/avatar\\\/559f54fceb59ac8654d5ca40291d2ab87f2a9d79e48e8e3c19582477cde950bf?s=96&d=mm&r=g\",\"contentUrl\":\"https:\\\/\\\/secure.gravatar.com\\\/avatar\\\/559f54fceb59ac8654d5ca40291d2ab87f2a9d79e48e8e3c19582477cde950bf?s=96&d=mm&r=g\",\"caption\":\"Benny\"},\"url\":\"https:\\\/\\\/www.thebestsocial.media\\\/de\\\/author\\\/bennykrueger\\\/\"}]}<\/script>\n<!-- \/ Yoast SEO plugin. -->","yoast_head_json":{"title":"Kurioser Parteitag: AfD-Beschluss ist selbst Beatrix von Storch zu extrem","description":"Die AfD wollte \u00fcber ihr Wahlprogramm abstimmen, doch der Parteitag verlief ziemlich chaotisch und sorgt nun f\u00fcr Lacher und Kopfsch\u00fctteln.","robots":{"index":"index","follow":"follow","max-snippet":"max-snippet:-1","max-image-preview":"max-image-preview:large","max-video-preview":"max-video-preview:-1"},"canonical":"https:\/\/www.thebestsocial.media\/de\/parteitag-afd\/","og_locale":"de_DE","og_type":"article","og_title":"Was war denn da los? Alle lachen \u00fcber den chaotischen Parteitag der AfD","og_description":"Die AfD wollte \u00fcber ihr Wahlprogramm abstimmen, doch der Parteitag verlief ziemlich chaotisch und sorgt nun f\u00fcr Lacher und Kopfsch\u00fctteln.","og_url":"https:\/\/www.thebestsocial.media\/de\/parteitag-afd\/","og_site_name":"The Best Social Media DE","article_published_time":"2021-04-12T11:16:12+00:00","og_image":[{"width":1200,"height":630,"url":"https:\/\/www.thebestsocial.media\/de\/wp-content\/uploads\/sites\/3\/2021\/04\/afd-fb.png","type":"image\/png"}],"author":"Benny","twitter_card":"summary_large_image","twitter_misc":{"Verfasst von":"Benny","Gesch\u00e4tzte Lesezeit":"2\u00a0Minuten"},"schema":{"@context":"https:\/\/schema.org","@graph":[{"@type":"Article","@id":"https:\/\/www.thebestsocial.media\/de\/parteitag-afd\/#article","isPartOf":{"@id":"https:\/\/www.thebestsocial.media\/de\/parteitag-afd\/"},"author":{"name":"Benny","@id":"https:\/\/www.thebestsocial.media\/de\/#\/schema\/person\/212fdd48880db42a484e589e4e27871b"},"headline":"Was war denn da los? Alle lachen \u00fcber den chaotischen Parteitag der AfD","datePublished":"2021-04-12T11:16:12+00:00","mainEntityOfPage":{"@id":"https:\/\/www.thebestsocial.media\/de\/parteitag-afd\/"},"wordCount":453,"commentCount":0,"image":{"@id":"https:\/\/www.thebestsocial.media\/de\/parteitag-afd\/#primaryimage"},"thumbnailUrl":"https:\/\/www.thebestsocial.media\/de\/wp-content\/uploads\/sites\/3\/2021\/04\/afd-thumb.png","keywords":["AfD"],"articleSection":["reddit","Twitter"],"inLanguage":"de","potentialAction":[{"@type":"CommentAction","name":"Comment","target":["https:\/\/www.thebestsocial.media\/de\/parteitag-afd\/#respond"]}]},{"@type":"WebPage","@id":"https:\/\/www.thebestsocial.media\/de\/parteitag-afd\/","url":"https:\/\/www.thebestsocial.media\/de\/parteitag-afd\/","name":"Kurioser Parteitag: AfD-Beschluss ist selbst Beatrix von Storch zu extrem","isPartOf":{"@id":"https:\/\/www.thebestsocial.media\/de\/#website"},"primaryImageOfPage":{"@id":"https:\/\/www.thebestsocial.media\/de\/parteitag-afd\/#primaryimage"},"image":{"@id":"https:\/\/www.thebestsocial.media\/de\/parteitag-afd\/#primaryimage"},"thumbnailUrl":"https:\/\/www.thebestsocial.media\/de\/wp-content\/uploads\/sites\/3\/2021\/04\/afd-thumb.png","datePublished":"2021-04-12T11:16:12+00:00","author":{"@id":"https:\/\/www.thebestsocial.media\/de\/#\/schema\/person\/212fdd48880db42a484e589e4e27871b"},"description":"Die AfD wollte \u00fcber ihr Wahlprogramm abstimmen, doch der Parteitag verlief ziemlich chaotisch und sorgt nun f\u00fcr Lacher und Kopfsch\u00fctteln.","breadcrumb":{"@id":"https:\/\/www.thebestsocial.media\/de\/parteitag-afd\/#breadcrumb"},"inLanguage":"de","potentialAction":[{"@type":"ReadAction","target":["https:\/\/www.thebestsocial.media\/de\/parteitag-afd\/"]}]},{"@type":"ImageObject","inLanguage":"de","@id":"https:\/\/www.thebestsocial.media\/de\/parteitag-afd\/#primaryimage","url":"https:\/\/www.thebestsocial.media\/de\/wp-content\/uploads\/sites\/3\/2021\/04\/afd-thumb.png","contentUrl":"https:\/\/www.thebestsocial.media\/de\/wp-content\/uploads\/sites\/3\/2021\/04\/afd-thumb.png","width":1200,"height":630},{"@type":"BreadcrumbList","@id":"https:\/\/www.thebestsocial.media\/de\/parteitag-afd\/#breadcrumb","itemListElement":[{"@type":"ListItem","position":1,"name":"Home","item":"https:\/\/www.thebestsocial.media\/de\/"},{"@type":"ListItem","position":2,"name":"Was war denn da los? Alle lachen \u00fcber den chaotischen Parteitag der AfD"}]},{"@type":"WebSite","@id":"https:\/\/www.thebestsocial.media\/de\/#website","url":"https:\/\/www.thebestsocial.media\/de\/","name":"The Best Social Media DE","description":"","potentialAction":[{"@type":"SearchAction","target":{"@type":"EntryPoint","urlTemplate":"https:\/\/www.thebestsocial.media\/de\/?s={search_term_string}"},"query-input":{"@type":"PropertyValueSpecification","valueRequired":true,"valueName":"search_term_string"}}],"inLanguage":"de"},{"@type":"Person","@id":"https:\/\/www.thebestsocial.media\/de\/#\/schema\/person\/212fdd48880db42a484e589e4e27871b","name":"Benny","image":{"@type":"ImageObject","inLanguage":"de","@id":"https:\/\/secure.gravatar.com\/avatar\/559f54fceb59ac8654d5ca40291d2ab87f2a9d79e48e8e3c19582477cde950bf?s=96&d=mm&r=g","url":"https:\/\/secure.gravatar.com\/avatar\/559f54fceb59ac8654d5ca40291d2ab87f2a9d79e48e8e3c19582477cde950bf?s=96&d=mm&r=g","contentUrl":"https:\/\/secure.gravatar.com\/avatar\/559f54fceb59ac8654d5ca40291d2ab87f2a9d79e48e8e3c19582477cde950bf?s=96&d=mm&r=g","caption":"Benny"},"url":"https:\/\/www.thebestsocial.media\/de\/author\/bennykrueger\/"}]}},"amp_enabled":true,"_links":{"self":[{"href":"https:\/\/www.thebestsocial.media\/de\/wp-json\/wp\/v2\/posts\/143951","targetHints":{"allow":["GET"]}}],"collection":[{"href":"https:\/\/www.thebestsocial.media\/de\/wp-json\/wp\/v2\/posts"}],"about":[{"href":"https:\/\/www.thebestsocial.media\/de\/wp-json\/wp\/v2\/types\/post"}],"author":[{"embeddable":true,"href":"https:\/\/www.thebestsocial.media\/de\/wp-json\/wp\/v2\/users\/72"}],"replies":[{"embeddable":true,"href":"https:\/\/www.thebestsocial.media\/de\/wp-json\/wp\/v2\/comments?post=143951"}],"version-history":[{"count":2,"href":"https:\/\/www.thebestsocial.media\/de\/wp-json\/wp\/v2\/posts\/143951\/revisions"}],"predecessor-version":[{"id":143955,"href":"https:\/\/www.thebestsocial.media\/de\/wp-json\/wp\/v2\/posts\/143951\/revisions\/143955"}],"wp:featuredmedia":[{"embeddable":true,"href":"https:\/\/www.thebestsocial.media\/de\/wp-json\/wp\/v2\/media\/143953"}],"wp:attachment":[{"href":"https:\/\/www.thebestsocial.media\/de\/wp-json\/wp\/v2\/media?parent=143951"}],"wp:term":[{"taxonomy":"category","embeddable":true,"href":"https:\/\/www.thebestsocial.media\/de\/wp-json\/wp\/v2\/categories?post=143951"},{"taxonomy":"post_tag","embeddable":true,"href":"https:\/\/www.thebestsocial.media\/de\/wp-json\/wp\/v2\/tags?post=143951"}],"curies":[{"name":"wp","href":"https:\/\/api.w.org\/{rel}","templated":true}]}}