{"id":143100,"date":"2021-03-23T15:15:41","date_gmt":"2021-03-23T15:15:41","guid":{"rendered":"https:\/\/www.thebestsocial.media\/de\/?p=143100"},"modified":"2021-03-23T15:15:41","modified_gmt":"2021-03-23T15:15:41","slug":"alter-kind-geblieben","status":"publish","type":"post","link":"https:\/\/www.thebestsocial.media\/de\/alter-kind-geblieben\/","title":{"rendered":"Man ist so alt, wie man sich f\u00fchlt: Erwachsene, die innerlich ganz Kind geblieben sind"},"content":{"rendered":"<p>Mit 18 Jahren ist man offiziell erwachsen und darf endlich so tolle Dinge tun wie Auto fahren oder w\u00e4hlen gehen und man muss sich von seinen Eltern nichts mehr vorschreiben lassen. Doch nur weil man auf dem Papier erwachsen ist, hei\u00dft das noch lange nicht, dass man es auch von der Pers\u00f6nlichkeit her ist. <a href=\"https:\/\/www.thebestsocial.media\/de\/ich-bin-so-alt-selbstironische-kommentare-die-das-alter-mit-humor-nehmen\/\" rel=\"noopener\" target=\"_blank\">Erwachsen zu sein<\/a>, hat nichts mit dem Alter zu tun! Bei manchen Menschen f\u00e4llt das mehr, bei anderen weniger deutlich auf. Aber ist das etwas schlimmes? Nein, nat\u00fcrlich nicht! Und wie die folgenden Beispiele zeigen, kann man ruhig offen dazustehen, dass man in manchen Aspekten des Lebens innerlich ganz Kind geblieben ist.<\/p>\n<p>&nbsp;<br \/>\n<strong>1. Das Verbotene verliert auch im Alter nicht seinen Reiz.<\/strong><\/p>\n<div class=\"dbsm-oembed\">\n<blockquote class=\"twitter-tweet\" data-width=\"500\" data-dnt=\"true\">\n<p lang=\"de\" dir=\"ltr\">Ich bin 33 Jahre alt, und trotzdem: jedes mal, wenn ich den Kindersicherungs-PIN bei Netflix eingeben muss, f\u00fchle ich mich, als w\u00e4re ich 9 und mache etwas sehr verbotenes.<\/p>\n<p>&mdash; Donnie O&#39;Sullivan (@DonnieOsullivan) <a href=\"https:\/\/twitter.com\/DonnieOsullivan\/status\/934479549722693632?ref_src=twsrc%5Etfw\">November 25, 2017<\/a><\/p><\/blockquote>\n<p><script async src=\"https:\/\/platform.twitter.com\/widgets.js\" charset=\"utf-8\"><\/script><\/div>\n<p>&nbsp;<br \/>\n<strong>2. Schnabeltassen sind ein untersch\u00e4tzter Gebrauchsgegenstand &#8230;<\/strong><\/p>\n<div class=\"dbsm-oembed\">\n<blockquote class=\"twitter-tweet\" data-width=\"500\" data-dnt=\"true\">\n<p lang=\"de\" dir=\"ltr\">Ich bin 30 Jahre alt und manchmal l\u00e4uft mir beim Trinken das Getr\u00e4nk \u00fcbers Gesicht, weil ich versuche alles auf einmal auszutrinken.<\/p>\n<p>&mdash; P\u00f6beline (@TariTarina) <a href=\"https:\/\/twitter.com\/TariTarina\/status\/888871578620055553?ref_src=twsrc%5Etfw\">July 22, 2017<\/a><\/p><\/blockquote>\n<p><script async src=\"https:\/\/platform.twitter.com\/widgets.js\" charset=\"utf-8\"><\/script><\/div>\n<p>&nbsp;<br \/>\n<strong>3. Vor allem kann man sich auch sofort eins holen!<\/strong><\/p>\n<div class=\"dbsm-oembed\">\n<blockquote class=\"twitter-tweet\" data-width=\"500\" data-dnt=\"true\">\n<p lang=\"de\" dir=\"ltr\">Ich bin fast 40 Jahre alt. Da wei\u00df man, was man im Leben will. UND ICH WILL JETZT EIN EIS! SOFORT!<\/p>\n<p>&mdash; \u1d0d\u026a\u1d1b\u1d04\u029c \uea00 (@SonsOfGandalf) <a href=\"https:\/\/twitter.com\/SonsOfGandalf\/status\/1033251829470191616?ref_src=twsrc%5Etfw\">August 25, 2018<\/a><\/p><\/blockquote>\n<p><script async src=\"https:\/\/platform.twitter.com\/widgets.js\" charset=\"utf-8\"><\/script><\/div>\n<p>&nbsp;<br \/>\n<strong>4. Reckis &#8230; Reschisch &#8230; Filmemacher.<\/strong><\/p>\n<div class=\"dbsm-oembed\">\n<blockquote class=\"twitter-tweet\" data-width=\"500\" data-dnt=\"true\">\n<p lang=\"de\" dir=\"ltr\">Ich hei\u00dfe Nell, bin fast 42 Jahre alt und kann das Wort Regisseur nicht aussprechen. <\/p>\n<p>\ud83d\ude48<\/p>\n<p>&mdash; Die 78. Nell\ud83c\udfe5 (@Nell781) <a href=\"https:\/\/twitter.com\/Nell781\/status\/1271457144479666176?ref_src=twsrc%5Etfw\">June 12, 2020<\/a><\/p><\/blockquote>\n<p><script async src=\"https:\/\/platform.twitter.com\/widgets.js\" charset=\"utf-8\"><\/script><\/div>\n<p>&nbsp;<br \/>\n<strong>5. So nutzlos. Was macht man mit dem Ding blo\u00df?<\/strong><\/p>\n<p>https:\/\/twitter.com\/mackielsky\/status\/901371143373950977<\/p>\n<p>&nbsp;<br \/>\n<strong>6. Teuflisch raffiniertes Wortspiel.<\/strong><\/p>\n<div class=\"dbsm-oembed\">\n<blockquote class=\"twitter-tweet\" data-width=\"500\" data-dnt=\"true\">\n<p lang=\"de\" dir=\"ltr\">Ich bin 32 Jahre alt und gerade eben habe ich den Nachnamen von Cruella de Vil kapiert!<\/p>\n<p>&mdash; \u0166\u042f\u039bUV\u039b\u041bS\u039bSS (@FrauVanSass) <a href=\"https:\/\/twitter.com\/FrauVanSass\/status\/1362128938462556162?ref_src=twsrc%5Etfw\">February 17, 2021<\/a><\/p><\/blockquote>\n<p><script async src=\"https:\/\/platform.twitter.com\/widgets.js\" charset=\"utf-8\"><\/script><\/div>\n<p>&nbsp;<br \/>\n<strong>7. Aber schnuppern darf man, oder?<\/strong><\/p>\n<div class=\"dbsm-oembed\">\n<blockquote class=\"twitter-tweet\" data-width=\"500\" data-dnt=\"true\">\n<p lang=\"de\" dir=\"ltr\">Ich bin 32 Jahre alt und habe keine Ahnung, wie man sich in einem Blumenladen verh\u00e4lt. Nimmt man die Rosen selbst aus den Vasen? Darf man einfach mal basteln?<br \/>Ich sage immer nur \u201eEinen sch\u00f6nen Strau\u00df f\u00fcr 20\u20ac, bitte\u201c und antworte auf jede R\u00fcckfrage mit \u201eOh ja, sehr gerne!\u201c.<\/p>\n<p>&mdash; Gavin Karlmeier (@gavinkarlmeier) <a href=\"https:\/\/twitter.com\/gavinkarlmeier\/status\/1367137562310115330?ref_src=twsrc%5Etfw\">March 3, 2021<\/a><\/p><\/blockquote>\n<p><script async src=\"https:\/\/platform.twitter.com\/widgets.js\" charset=\"utf-8\"><\/script><\/div>\n<p>&nbsp;<br \/>\n<strong>8. Auch im Alter muss man sich seine Neugier bewahren &#8230;<\/strong><\/p>\n<div class=\"dbsm-oembed\">\n<blockquote class=\"twitter-tweet\" data-width=\"500\" data-dnt=\"true\">\n<p lang=\"de\" dir=\"ltr\">&quot;\u00c4hh, ob Sie das bitte bleiben lassen?&quot;<\/p>\n<p>Ich bin 33 Jahre alt und wurde gerade von der Postfrau ermahnt, weil ich, w\u00e4hrend sie mein Paket raussuchte, alles in meiner Reichweite auf der Paketwaage gewogen habe.<\/p>\n<p>&mdash; Andr\u00e9 Herrmann (@antrehherrmann) <a href=\"https:\/\/twitter.com\/antrehherrmann\/status\/1215590391204007936?ref_src=twsrc%5Etfw\">January 10, 2020<\/a><\/p><\/blockquote>\n<p><script async src=\"https:\/\/platform.twitter.com\/widgets.js\" charset=\"utf-8\"><\/script><\/div>\n<p>&nbsp;<br \/>\n<strong>9. Bei solch einem Thema musste diese Floskel ja fr\u00fcher oder sp\u00e4ter kommen: Man ist so alt wie man sich f\u00fchlt.<\/strong><\/p>\n<p>https:\/\/twitter.com\/SonnenKindi\/status\/1353401940714127360<\/p>\n<p>&nbsp;<br \/>\n<strong>10. Manchmal ist man aber auch nur so alt, wie es die Medikamente zulassen &#8230;<\/strong><\/p>\n<div class=\"dbsm-oembed\">\n<blockquote class=\"twitter-tweet\" data-width=\"500\" data-dnt=\"true\">\n<p lang=\"de\" dir=\"ltr\">Laut meiner Geburtsurkunde bin ich 48 Jahre alt.<br \/>Mein Kopf ist das nicht. Meine Art zu leben ist das nicht. Meine Lebenslust ist das nicht.<br \/>Und dann kommt der K\u00f6rper und sagt:<\/p>\n<p>Hold my Diclophenac!<\/p>\n<p>&mdash; Miriam (@MSucrier) <a href=\"https:\/\/twitter.com\/MSucrier\/status\/1091794532558139393?ref_src=twsrc%5Etfw\">February 2, 2019<\/a><\/p><\/blockquote>\n<p><script async src=\"https:\/\/platform.twitter.com\/widgets.js\" charset=\"utf-8\"><\/script><\/div>\n<p>&nbsp;<br \/>\n<strong>11. Man kann noch so alt sein wie man will, man bleibt immer das Kind seiner Eltern.<\/strong><\/p>\n<div class=\"dbsm-oembed\">\n<blockquote class=\"twitter-tweet\" data-width=\"500\" data-dnt=\"true\">\n<p lang=\"de\" dir=\"ltr\">Ich sitze in der K\u00fcche und esse einen Pudding. Meine Mutter steht am B\u00fcgelbrett und erz\u00e4hlt mir, welche Nachbarn wieder KEINE Kehrwoche gemacht haben&#8230; ich bin wieder 8 Jahre alt.<\/p>\n<p>&mdash; nicht mal Dave (@guycalleddad) <a href=\"https:\/\/twitter.com\/guycalleddad\/status\/1078605298225565700?ref_src=twsrc%5Etfw\">December 28, 2018<\/a><\/p><\/blockquote>\n<p><script async src=\"https:\/\/platform.twitter.com\/widgets.js\" charset=\"utf-8\"><\/script><\/div>\n<p>&nbsp;<br \/>\n<strong>12. Aber dann w\u00e4hrend der Fahrt bitte nicht rumn\u00f6rgeln, wenn nirgendwo eine Toilette in der N\u00e4he ist.<\/strong><\/p>\n<div class=\"dbsm-oembed\">\n<blockquote class=\"twitter-tweet\" data-width=\"500\" data-dnt=\"true\">\n<p lang=\"de\" dir=\"ltr\">Ich bin 37 Jahre alt und meine Mutter fragte mich gerade, ob ich nochmal aufs Klo muss, bevor wir gehen. <\/p>\n<p>Bitte abholen.<\/p>\n<p>&mdash; Lilli Marlene (@MarleneHellene) <a href=\"https:\/\/twitter.com\/MarleneHellene\/status\/809053570540732416?ref_src=twsrc%5Etfw\">December 14, 2016<\/a><\/p><\/blockquote>\n<p><script async src=\"https:\/\/platform.twitter.com\/widgets.js\" charset=\"utf-8\"><\/script><\/div>\n<p>&nbsp;<br \/>\n<strong>13. Quasi eine Zeitkapsel.<\/strong><\/p>\n<div class=\"dbsm-oembed\">\n<blockquote class=\"twitter-tweet\" data-width=\"500\" data-dnt=\"true\">\n<p lang=\"de\" dir=\"ltr\">Mein Papa hat eine volle Brotdose gefunden. <br \/>In meiner Schultasche aus der Mittelstufe. <br \/>Ich bin 22 Jahre alt. <\/p>\n<p>Ich wurde nicht enterbt! \ud83d\ude42\ud83c\udf89<\/p>\n<p>&mdash; nordseem\u00e4dchen \ud83c\udfe5 (@nordseemadchen) <a href=\"https:\/\/twitter.com\/nordseemadchen\/status\/1360560461067018241?ref_src=twsrc%5Etfw\">February 13, 2021<\/a><\/p><\/blockquote>\n<p><script async src=\"https:\/\/platform.twitter.com\/widgets.js\" charset=\"utf-8\"><\/script><\/div>\n<p>&nbsp;<br \/>\n<strong>14. Wenn man so im Nachhinein dar\u00fcber nachdenkt &#8230;<\/strong><\/p>\n<div class=\"dbsm-oembed\">\n<blockquote class=\"twitter-tweet\" data-width=\"500\" data-dnt=\"true\">\n<p lang=\"de\" dir=\"ltr\">Ich war schon als Kind sehr tierlieb. Deshalb hat mein Vater die Fliegen im Haus nicht get\u00f6tet, sondern mit einem festen Schlag mit der Fliegenklatsche bet\u00e4ubt.<\/p>\n<p>Ich bin jetzt 33 Jahre alt und vermute langsam: DER HAT MICH DOCH VERARSCHT!<\/p>\n<p>&mdash; Fr\u00e4ulein B\u00e4hm (@baehmshesaid) <a href=\"https:\/\/twitter.com\/baehmshesaid\/status\/1162010510113562624?ref_src=twsrc%5Etfw\">August 15, 2019<\/a><\/p><\/blockquote>\n<p><script async src=\"https:\/\/platform.twitter.com\/widgets.js\" charset=\"utf-8\"><\/script><\/div>\n<p>&nbsp;<br \/>\n<strong>15. Erlaubt ist, was Spa\u00df macht!<\/strong><\/p>\n<div class=\"dbsm-oembed\">\n<blockquote class=\"twitter-tweet\" data-width=\"500\" data-dnt=\"true\">\n<p lang=\"de\" dir=\"ltr\">Hallo, mein Name ist Hummel, ich bin 36 Jahre alt, und erwachsen sein fetzt. <a href=\"https:\/\/t.co\/5cl5A6jNBC\">pic.twitter.com\/5cl5A6jNBC<\/a><\/p>\n<p>&mdash; Hummi (@Hummelfee5) <a href=\"https:\/\/twitter.com\/Hummelfee5\/status\/911322917291642880?ref_src=twsrc%5Etfw\">September 22, 2017<\/a><\/p><\/blockquote>\n<p><script async src=\"https:\/\/platform.twitter.com\/widgets.js\" charset=\"utf-8\"><\/script><\/div>\n<p>&nbsp;<\/p>\n<p>&#8212;<br \/>\nVielen Dank an alle f\u00fcr die Posts.<br \/>\n&#8212;<br \/>\n<strong>Keine Influencer! Kein Foodporn! Nur ganz viel Spa\u00df &#8211; bei uns auf Instagram:<\/strong><\/p>\n<blockquote class=\"instagram-media\" data-instgrm-captioned data-instgrm-permalink=\"https:\/\/www.instagram.com\/p\/CMw0AIQlPhH\/?utm_source=ig_embed&amp;utm_campaign=loading\" data-instgrm-version=\"13\" style=\" background:#FFF; border:0; border-radius:3px; box-shadow:0 0 1px 0 rgba(0,0,0,0.5),0 1px 10px 0 rgba(0,0,0,0.15); margin: 1px; max-width:540px; min-width:326px; padding:0; width:99.375%; width:-webkit-calc(100% - 2px); width:calc(100% - 2px);\">\n<div style=\"padding:16px;\"> <a href=\"https:\/\/www.instagram.com\/p\/CMw0AIQlPhH\/?utm_source=ig_embed&amp;utm_campaign=loading\" style=\" background:#FFFFFF; line-height:0; padding:0 0; text-align:center; text-decoration:none; width:100%;\" target=\"_blank\" rel=\"noopener\"> <\/p>\n<div style=\" display: flex; flex-direction: row; align-items: center;\">\n<div style=\"background-color: #F4F4F4; border-radius: 50%; flex-grow: 0; height: 40px; margin-right: 14px; width: 40px;\"><\/div>\n<div style=\"display: flex; flex-direction: column; flex-grow: 1; justify-content: center;\">\n<div style=\" background-color: #F4F4F4; border-radius: 4px; flex-grow: 0; height: 14px; margin-bottom: 6px; width: 100px;\"><\/div>\n<div style=\" background-color: #F4F4F4; border-radius: 4px; flex-grow: 0; height: 14px; width: 60px;\"><\/div>\n<\/div>\n<\/div>\n<div style=\"padding: 19% 0;\"><\/div>\n<div style=\"display:block; height:50px; margin:0 auto 12px; width:50px;\"><svg width=\"50px\" height=\"50px\" viewBox=\"0 0 60 60\" version=\"1.1\" xmlns=\"https:\/\/www.w3.org\/2000\/svg\" xmlns:xlink=\"https:\/\/www.w3.org\/1999\/xlink\"><g stroke=\"none\" stroke-width=\"1\" fill=\"none\" fill-rule=\"evenodd\"><g transform=\"translate(-511.000000, -20.000000)\" fill=\"#000000\"><g><path d=\"M556.869,30.41 C554.814,30.41 553.148,32.076 553.148,34.131 C553.148,36.186 554.814,37.852 556.869,37.852 C558.924,37.852 560.59,36.186 560.59,34.131 C560.59,32.076 558.924,30.41 556.869,30.41 M541,60.657 C535.114,60.657 530.342,55.887 530.342,50 C530.342,44.114 535.114,39.342 541,39.342 C546.887,39.342 551.658,44.114 551.658,50 C551.658,55.887 546.887,60.657 541,60.657 M541,33.886 C532.1,33.886 524.886,41.1 524.886,50 C524.886,58.899 532.1,66.113 541,66.113 C549.9,66.113 557.115,58.899 557.115,50 C557.115,41.1 549.9,33.886 541,33.886 M565.378,62.101 C565.244,65.022 564.756,66.606 564.346,67.663 C563.803,69.06 563.154,70.057 562.106,71.106 C561.058,72.155 560.06,72.803 558.662,73.347 C557.607,73.757 556.021,74.244 553.102,74.378 C549.944,74.521 548.997,74.552 541,74.552 C533.003,74.552 532.056,74.521 528.898,74.378 C525.979,74.244 524.393,73.757 523.338,73.347 C521.94,72.803 520.942,72.155 519.894,71.106 C518.846,70.057 518.197,69.06 517.654,67.663 C517.244,66.606 516.755,65.022 516.623,62.101 C516.479,58.943 516.448,57.996 516.448,50 C516.448,42.003 516.479,41.056 516.623,37.899 C516.755,34.978 517.244,33.391 517.654,32.338 C518.197,30.938 518.846,29.942 519.894,28.894 C520.942,27.846 521.94,27.196 523.338,26.654 C524.393,26.244 525.979,25.756 528.898,25.623 C532.057,25.479 533.004,25.448 541,25.448 C548.997,25.448 549.943,25.479 553.102,25.623 C556.021,25.756 557.607,26.244 558.662,26.654 C560.06,27.196 561.058,27.846 562.106,28.894 C563.154,29.942 563.803,30.938 564.346,32.338 C564.756,33.391 565.244,34.978 565.378,37.899 C565.522,41.056 565.552,42.003 565.552,50 C565.552,57.996 565.522,58.943 565.378,62.101 M570.82,37.631 C570.674,34.438 570.167,32.258 569.425,30.349 C568.659,28.377 567.633,26.702 565.965,25.035 C564.297,23.368 562.623,22.342 560.652,21.575 C558.743,20.834 556.562,20.326 553.369,20.18 C550.169,20.033 549.148,20 541,20 C532.853,20 531.831,20.033 528.631,20.18 C525.438,20.326 523.257,20.834 521.349,21.575 C519.376,22.342 517.703,23.368 516.035,25.035 C514.368,26.702 513.342,28.377 512.574,30.349 C511.834,32.258 511.326,34.438 511.181,37.631 C511.035,40.831 511,41.851 511,50 C511,58.147 511.035,59.17 511.181,62.369 C511.326,65.562 511.834,67.743 512.574,69.651 C513.342,71.625 514.368,73.296 516.035,74.965 C517.703,76.634 519.376,77.658 521.349,78.425 C523.257,79.167 525.438,79.673 528.631,79.82 C531.831,79.965 532.853,80.001 541,80.001 C549.148,80.001 550.169,79.965 553.369,79.82 C556.562,79.673 558.743,79.167 560.652,78.425 C562.623,77.658 564.297,76.634 565.965,74.965 C567.633,73.296 568.659,71.625 569.425,69.651 C570.167,67.743 570.674,65.562 570.82,62.369 C570.966,59.17 571,58.147 571,50 C571,41.851 570.966,40.831 570.82,37.631\"><\/path><\/g><\/g><\/g><\/svg><\/div>\n<div style=\"padding-top: 8px;\">\n<div style=\" color:#3897f0; font-family:Arial,sans-serif; font-size:14px; font-style:normal; font-weight:550; line-height:18px;\"> Sieh dir diesen Beitrag auf Instagram an<\/div>\n<\/div>\n<div style=\"padding: 12.5% 0;\"><\/div>\n<div style=\"display: flex; flex-direction: row; margin-bottom: 14px; align-items: center;\">\n<div>\n<div style=\"background-color: #F4F4F4; border-radius: 50%; height: 12.5px; width: 12.5px; transform: translateX(0px) translateY(7px);\"><\/div>\n<div style=\"background-color: #F4F4F4; height: 12.5px; transform: rotate(-45deg) translateX(3px) translateY(1px); width: 12.5px; flex-grow: 0; margin-right: 14px; margin-left: 2px;\"><\/div>\n<div style=\"background-color: #F4F4F4; border-radius: 50%; height: 12.5px; width: 12.5px; transform: translateX(9px) translateY(-18px);\"><\/div>\n<\/div>\n<div style=\"margin-left: 8px;\">\n<div style=\" background-color: #F4F4F4; border-radius: 50%; flex-grow: 0; height: 20px; width: 20px;\"><\/div>\n<div style=\" width: 0; height: 0; border-top: 2px solid transparent; border-left: 6px solid #f4f4f4; border-bottom: 2px solid transparent; transform: translateX(16px) translateY(-4px) rotate(30deg)\"><\/div>\n<\/div>\n<div style=\"margin-left: auto;\">\n<div style=\" width: 0px; border-top: 8px solid #F4F4F4; border-right: 8px solid transparent; transform: translateY(16px);\"><\/div>\n<div style=\" background-color: #F4F4F4; flex-grow: 0; height: 12px; width: 16px; transform: translateY(-4px);\"><\/div>\n<div style=\" width: 0; height: 0; border-top: 8px solid #F4F4F4; border-left: 8px solid transparent; transform: translateY(-4px) translateX(8px);\"><\/div>\n<\/div>\n<\/div>\n<div style=\"display: flex; flex-direction: column; flex-grow: 1; justify-content: center; margin-bottom: 24px;\">\n<div style=\" background-color: #F4F4F4; border-radius: 4px; flex-grow: 0; height: 14px; margin-bottom: 6px; width: 224px;\"><\/div>\n<div style=\" background-color: #F4F4F4; border-radius: 4px; flex-grow: 0; height: 14px; width: 144px;\"><\/div>\n<\/div>\n<p><\/a><\/p>\n<p style=\" color:#c9c8cd; font-family:Arial,sans-serif; font-size:14px; line-height:17px; margin-bottom:0; margin-top:8px; overflow:hidden; padding:8px 0 7px; text-align:center; text-overflow:ellipsis; white-space:nowrap;\"><a href=\"https:\/\/www.instagram.com\/p\/CMw0AIQlPhH\/?utm_source=ig_embed&amp;utm_campaign=loading\" style=\" color:#c9c8cd; font-family:Arial,sans-serif; font-size:14px; font-style:normal; font-weight:normal; line-height:17px; text-decoration:none;\" target=\"_blank\" rel=\"noopener\">Ein Beitrag geteilt von The Best Social Media &#8211; DE (@thebestsocialmediade)<\/a><\/p>\n<\/div>\n<\/blockquote>\n\n<script async defer src=\"\/instagram-embed.js\"><\/script>","protected":false},"excerpt":{"rendered":"<p>Mit 18 Jahren ist man offiziell erwachsen und darf endlich so tolle Dinge tun wie Auto fahren oder w\u00e4hlen gehen und man muss sich von&#8230;<\/p>\n","protected":false},"author":72,"featured_media":143104,"comment_status":"open","ping_status":"open","sticky":false,"template":"","format":"standard","meta":{"_acf_changed":false,"footnotes":""},"categories":[35],"tags":[1616,1039],"class_list":["post-143100","post","type-post","status-publish","format-standard","has-post-thumbnail","hentry","category-twitter","tag-alter","tag-kinder"],"acf":[],"yoast_head":"<!-- This site is optimized with the Yoast SEO plugin v27.5 - https:\/\/yoast.com\/product\/yoast-seo-wordpress\/ -->\n<title>Erwachsene, die auch im Alter innerlich ganz Kind geblieben sind<\/title>\n<meta name=\"description\" content=\"Das Alter ist eine Frage der Einstellung: Diese Erwachsenen zeigen, dass sie in manchen Aspekten des Lebens innerlich Kind geblieben sind.\" \/>\n<meta name=\"robots\" content=\"index, follow, max-snippet:-1, max-image-preview:large, max-video-preview:-1\" \/>\n<link rel=\"canonical\" href=\"https:\/\/www.thebestsocial.media\/de\/alter-kind-geblieben\/\" \/>\n<meta property=\"og:locale\" content=\"de_DE\" \/>\n<meta property=\"og:type\" content=\"article\" \/>\n<meta property=\"og:title\" content=\"Man ist so alt, wie man sich f\u00fchlt: Erwachsene, die innerlich ganz Kind geblieben sind\" \/>\n<meta property=\"og:description\" content=\"Das Alter ist eine Frage der Einstellung: Diese Erwachsenen zeigen, dass sie in manchen Aspekten des Lebens innerlich Kind geblieben sind.\" \/>\n<meta property=\"og:url\" content=\"https:\/\/www.thebestsocial.media\/de\/alter-kind-geblieben\/\" \/>\n<meta property=\"og:site_name\" content=\"The Best Social Media DE\" \/>\n<meta property=\"article:published_time\" content=\"2021-03-23T15:15:41+00:00\" \/>\n<meta property=\"og:image\" content=\"https:\/\/www.thebestsocial.media\/de\/wp-content\/uploads\/sites\/3\/2021\/03\/kind_fb.png\" \/>\n\t<meta property=\"og:image:width\" content=\"1200\" \/>\n\t<meta property=\"og:image:height\" content=\"630\" \/>\n\t<meta property=\"og:image:type\" content=\"image\/png\" \/>\n<meta name=\"author\" content=\"Benny\" \/>\n<meta name=\"twitter:card\" content=\"summary_large_image\" \/>\n<meta name=\"twitter:label1\" content=\"Verfasst von\" \/>\n\t<meta name=\"twitter:data1\" content=\"Benny\" \/>\n\t<meta name=\"twitter:label2\" content=\"Gesch\u00e4tzte Lesezeit\" \/>\n\t<meta name=\"twitter:data2\" content=\"1\u00a0Minute\" \/>\n<script type=\"application\/ld+json\" class=\"yoast-schema-graph\">{\"@context\":\"https:\\\/\\\/schema.org\",\"@graph\":[{\"@type\":\"Article\",\"@id\":\"https:\\\/\\\/www.thebestsocial.media\\\/de\\\/alter-kind-geblieben\\\/#article\",\"isPartOf\":{\"@id\":\"https:\\\/\\\/www.thebestsocial.media\\\/de\\\/alter-kind-geblieben\\\/\"},\"author\":{\"name\":\"Benny\",\"@id\":\"https:\\\/\\\/www.thebestsocial.media\\\/de\\\/#\\\/schema\\\/person\\\/212fdd48880db42a484e589e4e27871b\"},\"headline\":\"Man ist so alt, wie man sich f\u00fchlt: Erwachsene, die innerlich ganz Kind geblieben sind\",\"datePublished\":\"2021-03-23T15:15:41+00:00\",\"mainEntityOfPage\":{\"@id\":\"https:\\\/\\\/www.thebestsocial.media\\\/de\\\/alter-kind-geblieben\\\/\"},\"wordCount\":398,\"commentCount\":0,\"image\":{\"@id\":\"https:\\\/\\\/www.thebestsocial.media\\\/de\\\/alter-kind-geblieben\\\/#primaryimage\"},\"thumbnailUrl\":\"https:\\\/\\\/www.thebestsocial.media\\\/de\\\/wp-content\\\/uploads\\\/sites\\\/3\\\/2021\\\/03\\\/kind_thumb.png\",\"keywords\":[\"Alter\",\"Kinder\"],\"articleSection\":[\"Twitter\"],\"inLanguage\":\"de\",\"potentialAction\":[{\"@type\":\"CommentAction\",\"name\":\"Comment\",\"target\":[\"https:\\\/\\\/www.thebestsocial.media\\\/de\\\/alter-kind-geblieben\\\/#respond\"]}]},{\"@type\":\"WebPage\",\"@id\":\"https:\\\/\\\/www.thebestsocial.media\\\/de\\\/alter-kind-geblieben\\\/\",\"url\":\"https:\\\/\\\/www.thebestsocial.media\\\/de\\\/alter-kind-geblieben\\\/\",\"name\":\"Erwachsene, die auch im Alter innerlich ganz Kind geblieben sind\",\"isPartOf\":{\"@id\":\"https:\\\/\\\/www.thebestsocial.media\\\/de\\\/#website\"},\"primaryImageOfPage\":{\"@id\":\"https:\\\/\\\/www.thebestsocial.media\\\/de\\\/alter-kind-geblieben\\\/#primaryimage\"},\"image\":{\"@id\":\"https:\\\/\\\/www.thebestsocial.media\\\/de\\\/alter-kind-geblieben\\\/#primaryimage\"},\"thumbnailUrl\":\"https:\\\/\\\/www.thebestsocial.media\\\/de\\\/wp-content\\\/uploads\\\/sites\\\/3\\\/2021\\\/03\\\/kind_thumb.png\",\"datePublished\":\"2021-03-23T15:15:41+00:00\",\"author\":{\"@id\":\"https:\\\/\\\/www.thebestsocial.media\\\/de\\\/#\\\/schema\\\/person\\\/212fdd48880db42a484e589e4e27871b\"},\"description\":\"Das Alter ist eine Frage der Einstellung: Diese Erwachsenen zeigen, dass sie in manchen Aspekten des Lebens innerlich Kind geblieben sind.\",\"breadcrumb\":{\"@id\":\"https:\\\/\\\/www.thebestsocial.media\\\/de\\\/alter-kind-geblieben\\\/#breadcrumb\"},\"inLanguage\":\"de\",\"potentialAction\":[{\"@type\":\"ReadAction\",\"target\":[\"https:\\\/\\\/www.thebestsocial.media\\\/de\\\/alter-kind-geblieben\\\/\"]}]},{\"@type\":\"ImageObject\",\"inLanguage\":\"de\",\"@id\":\"https:\\\/\\\/www.thebestsocial.media\\\/de\\\/alter-kind-geblieben\\\/#primaryimage\",\"url\":\"https:\\\/\\\/www.thebestsocial.media\\\/de\\\/wp-content\\\/uploads\\\/sites\\\/3\\\/2021\\\/03\\\/kind_thumb.png\",\"contentUrl\":\"https:\\\/\\\/www.thebestsocial.media\\\/de\\\/wp-content\\\/uploads\\\/sites\\\/3\\\/2021\\\/03\\\/kind_thumb.png\",\"width\":1200,\"height\":630},{\"@type\":\"BreadcrumbList\",\"@id\":\"https:\\\/\\\/www.thebestsocial.media\\\/de\\\/alter-kind-geblieben\\\/#breadcrumb\",\"itemListElement\":[{\"@type\":\"ListItem\",\"position\":1,\"name\":\"Home\",\"item\":\"https:\\\/\\\/www.thebestsocial.media\\\/de\\\/\"},{\"@type\":\"ListItem\",\"position\":2,\"name\":\"Man ist so alt, wie man sich f\u00fchlt: Erwachsene, die innerlich ganz Kind geblieben sind\"}]},{\"@type\":\"WebSite\",\"@id\":\"https:\\\/\\\/www.thebestsocial.media\\\/de\\\/#website\",\"url\":\"https:\\\/\\\/www.thebestsocial.media\\\/de\\\/\",\"name\":\"The Best Social Media DE\",\"description\":\"\",\"potentialAction\":[{\"@type\":\"SearchAction\",\"target\":{\"@type\":\"EntryPoint\",\"urlTemplate\":\"https:\\\/\\\/www.thebestsocial.media\\\/de\\\/?s={search_term_string}\"},\"query-input\":{\"@type\":\"PropertyValueSpecification\",\"valueRequired\":true,\"valueName\":\"search_term_string\"}}],\"inLanguage\":\"de\"},{\"@type\":\"Person\",\"@id\":\"https:\\\/\\\/www.thebestsocial.media\\\/de\\\/#\\\/schema\\\/person\\\/212fdd48880db42a484e589e4e27871b\",\"name\":\"Benny\",\"image\":{\"@type\":\"ImageObject\",\"inLanguage\":\"de\",\"@id\":\"https:\\\/\\\/secure.gravatar.com\\\/avatar\\\/559f54fceb59ac8654d5ca40291d2ab87f2a9d79e48e8e3c19582477cde950bf?s=96&d=mm&r=g\",\"url\":\"https:\\\/\\\/secure.gravatar.com\\\/avatar\\\/559f54fceb59ac8654d5ca40291d2ab87f2a9d79e48e8e3c19582477cde950bf?s=96&d=mm&r=g\",\"contentUrl\":\"https:\\\/\\\/secure.gravatar.com\\\/avatar\\\/559f54fceb59ac8654d5ca40291d2ab87f2a9d79e48e8e3c19582477cde950bf?s=96&d=mm&r=g\",\"caption\":\"Benny\"},\"url\":\"https:\\\/\\\/www.thebestsocial.media\\\/de\\\/author\\\/bennykrueger\\\/\"}]}<\/script>\n<!-- \/ Yoast SEO plugin. -->","yoast_head_json":{"title":"Erwachsene, die auch im Alter innerlich ganz Kind geblieben sind","description":"Das Alter ist eine Frage der Einstellung: Diese Erwachsenen zeigen, dass sie in manchen Aspekten des Lebens innerlich Kind geblieben sind.","robots":{"index":"index","follow":"follow","max-snippet":"max-snippet:-1","max-image-preview":"max-image-preview:large","max-video-preview":"max-video-preview:-1"},"canonical":"https:\/\/www.thebestsocial.media\/de\/alter-kind-geblieben\/","og_locale":"de_DE","og_type":"article","og_title":"Man ist so alt, wie man sich f\u00fchlt: Erwachsene, die innerlich ganz Kind geblieben sind","og_description":"Das Alter ist eine Frage der Einstellung: Diese Erwachsenen zeigen, dass sie in manchen Aspekten des Lebens innerlich Kind geblieben sind.","og_url":"https:\/\/www.thebestsocial.media\/de\/alter-kind-geblieben\/","og_site_name":"The Best Social Media DE","article_published_time":"2021-03-23T15:15:41+00:00","og_image":[{"width":1200,"height":630,"url":"https:\/\/www.thebestsocial.media\/de\/wp-content\/uploads\/sites\/3\/2021\/03\/kind_fb.png","type":"image\/png"}],"author":"Benny","twitter_card":"summary_large_image","twitter_misc":{"Verfasst von":"Benny","Gesch\u00e4tzte Lesezeit":"1\u00a0Minute"},"schema":{"@context":"https:\/\/schema.org","@graph":[{"@type":"Article","@id":"https:\/\/www.thebestsocial.media\/de\/alter-kind-geblieben\/#article","isPartOf":{"@id":"https:\/\/www.thebestsocial.media\/de\/alter-kind-geblieben\/"},"author":{"name":"Benny","@id":"https:\/\/www.thebestsocial.media\/de\/#\/schema\/person\/212fdd48880db42a484e589e4e27871b"},"headline":"Man ist so alt, wie man sich f\u00fchlt: Erwachsene, die innerlich ganz Kind geblieben sind","datePublished":"2021-03-23T15:15:41+00:00","mainEntityOfPage":{"@id":"https:\/\/www.thebestsocial.media\/de\/alter-kind-geblieben\/"},"wordCount":398,"commentCount":0,"image":{"@id":"https:\/\/www.thebestsocial.media\/de\/alter-kind-geblieben\/#primaryimage"},"thumbnailUrl":"https:\/\/www.thebestsocial.media\/de\/wp-content\/uploads\/sites\/3\/2021\/03\/kind_thumb.png","keywords":["Alter","Kinder"],"articleSection":["Twitter"],"inLanguage":"de","potentialAction":[{"@type":"CommentAction","name":"Comment","target":["https:\/\/www.thebestsocial.media\/de\/alter-kind-geblieben\/#respond"]}]},{"@type":"WebPage","@id":"https:\/\/www.thebestsocial.media\/de\/alter-kind-geblieben\/","url":"https:\/\/www.thebestsocial.media\/de\/alter-kind-geblieben\/","name":"Erwachsene, die auch im Alter innerlich ganz Kind geblieben sind","isPartOf":{"@id":"https:\/\/www.thebestsocial.media\/de\/#website"},"primaryImageOfPage":{"@id":"https:\/\/www.thebestsocial.media\/de\/alter-kind-geblieben\/#primaryimage"},"image":{"@id":"https:\/\/www.thebestsocial.media\/de\/alter-kind-geblieben\/#primaryimage"},"thumbnailUrl":"https:\/\/www.thebestsocial.media\/de\/wp-content\/uploads\/sites\/3\/2021\/03\/kind_thumb.png","datePublished":"2021-03-23T15:15:41+00:00","author":{"@id":"https:\/\/www.thebestsocial.media\/de\/#\/schema\/person\/212fdd48880db42a484e589e4e27871b"},"description":"Das Alter ist eine Frage der Einstellung: Diese Erwachsenen zeigen, dass sie in manchen Aspekten des Lebens innerlich Kind geblieben sind.","breadcrumb":{"@id":"https:\/\/www.thebestsocial.media\/de\/alter-kind-geblieben\/#breadcrumb"},"inLanguage":"de","potentialAction":[{"@type":"ReadAction","target":["https:\/\/www.thebestsocial.media\/de\/alter-kind-geblieben\/"]}]},{"@type":"ImageObject","inLanguage":"de","@id":"https:\/\/www.thebestsocial.media\/de\/alter-kind-geblieben\/#primaryimage","url":"https:\/\/www.thebestsocial.media\/de\/wp-content\/uploads\/sites\/3\/2021\/03\/kind_thumb.png","contentUrl":"https:\/\/www.thebestsocial.media\/de\/wp-content\/uploads\/sites\/3\/2021\/03\/kind_thumb.png","width":1200,"height":630},{"@type":"BreadcrumbList","@id":"https:\/\/www.thebestsocial.media\/de\/alter-kind-geblieben\/#breadcrumb","itemListElement":[{"@type":"ListItem","position":1,"name":"Home","item":"https:\/\/www.thebestsocial.media\/de\/"},{"@type":"ListItem","position":2,"name":"Man ist so alt, wie man sich f\u00fchlt: Erwachsene, die innerlich ganz Kind geblieben sind"}]},{"@type":"WebSite","@id":"https:\/\/www.thebestsocial.media\/de\/#website","url":"https:\/\/www.thebestsocial.media\/de\/","name":"The Best Social Media DE","description":"","potentialAction":[{"@type":"SearchAction","target":{"@type":"EntryPoint","urlTemplate":"https:\/\/www.thebestsocial.media\/de\/?s={search_term_string}"},"query-input":{"@type":"PropertyValueSpecification","valueRequired":true,"valueName":"search_term_string"}}],"inLanguage":"de"},{"@type":"Person","@id":"https:\/\/www.thebestsocial.media\/de\/#\/schema\/person\/212fdd48880db42a484e589e4e27871b","name":"Benny","image":{"@type":"ImageObject","inLanguage":"de","@id":"https:\/\/secure.gravatar.com\/avatar\/559f54fceb59ac8654d5ca40291d2ab87f2a9d79e48e8e3c19582477cde950bf?s=96&d=mm&r=g","url":"https:\/\/secure.gravatar.com\/avatar\/559f54fceb59ac8654d5ca40291d2ab87f2a9d79e48e8e3c19582477cde950bf?s=96&d=mm&r=g","contentUrl":"https:\/\/secure.gravatar.com\/avatar\/559f54fceb59ac8654d5ca40291d2ab87f2a9d79e48e8e3c19582477cde950bf?s=96&d=mm&r=g","caption":"Benny"},"url":"https:\/\/www.thebestsocial.media\/de\/author\/bennykrueger\/"}]}},"amp_enabled":true,"_links":{"self":[{"href":"https:\/\/www.thebestsocial.media\/de\/wp-json\/wp\/v2\/posts\/143100","targetHints":{"allow":["GET"]}}],"collection":[{"href":"https:\/\/www.thebestsocial.media\/de\/wp-json\/wp\/v2\/posts"}],"about":[{"href":"https:\/\/www.thebestsocial.media\/de\/wp-json\/wp\/v2\/types\/post"}],"author":[{"embeddable":true,"href":"https:\/\/www.thebestsocial.media\/de\/wp-json\/wp\/v2\/users\/72"}],"replies":[{"embeddable":true,"href":"https:\/\/www.thebestsocial.media\/de\/wp-json\/wp\/v2\/comments?post=143100"}],"version-history":[{"count":4,"href":"https:\/\/www.thebestsocial.media\/de\/wp-json\/wp\/v2\/posts\/143100\/revisions"}],"predecessor-version":[{"id":143106,"href":"https:\/\/www.thebestsocial.media\/de\/wp-json\/wp\/v2\/posts\/143100\/revisions\/143106"}],"wp:featuredmedia":[{"embeddable":true,"href":"https:\/\/www.thebestsocial.media\/de\/wp-json\/wp\/v2\/media\/143104"}],"wp:attachment":[{"href":"https:\/\/www.thebestsocial.media\/de\/wp-json\/wp\/v2\/media?parent=143100"}],"wp:term":[{"taxonomy":"category","embeddable":true,"href":"https:\/\/www.thebestsocial.media\/de\/wp-json\/wp\/v2\/categories?post=143100"},{"taxonomy":"post_tag","embeddable":true,"href":"https:\/\/www.thebestsocial.media\/de\/wp-json\/wp\/v2\/tags?post=143100"}],"curies":[{"name":"wp","href":"https:\/\/api.w.org\/{rel}","templated":true}]}}