{"id":142450,"date":"2021-03-05T09:54:12","date_gmt":"2021-03-05T09:54:12","guid":{"rendered":"https:\/\/www.thebestsocial.media\/de\/?p=142450"},"modified":"2021-03-05T09:56:35","modified_gmt":"2021-03-05T09:56:35","slug":"endlich-fallen-die-haare-die-besten-tweets-zur-umstyling-folge-von-gntm","status":"publish","type":"post","link":"https:\/\/www.thebestsocial.media\/de\/endlich-fallen-die-haare-die-besten-tweets-zur-umstyling-folge-von-gntm\/","title":{"rendered":"Endlich fallen die Haare: Die besten Tweets zur Umstyling Folge von GNTM"},"content":{"rendered":"<p>5 Wochen haben wir uns geduldet. Diese eine Folge, die wichtiger und ereignisreicher als das Finale selbst. Und ja, es hat sich gelohnt. Tr\u00e4nen, weil Haare fallen. Tr\u00e4nen, weil keine Haare fallen. Tr\u00e4nen, weil Romy ihre Haare behalten darf. Auch frisurentechnisch wurde wieder die ganze Palette bedient: Ein roter Bob, eine Frisur wie aus einem Fris\u00f6rkatalog aus den 90ern, blonder Pony. Neben fallenden M\u00e4hnen hat sich diese Woche auch schon eine m\u00f6gliche Kandidatin als Quoten-Zicke positioniert. Die Rede ist von Larissa. Daneben scheint es auch schon zwei Favoriten f\u00fcr Heidi zu geben. Soulin, die in jeder Disziplin gl\u00e4nzt und auch vom gestrigen &#8211; Achtung, keine Ironie &#8211; sehr<br \/>\nsympathischen Designer gleich den Entscheidungswalk er\u00f6ffnen darf. Daneben scheint Romy (Deutscher Hailey Bieber Export, die rote Haare bekommen hat) eine vielversprechende Kandidatin f\u00fcr die TOP 5 zu sein. Zu dem Jahresevent &#8222;Umstyling&#8220; trenden gestern die Hashtags #gntm und #umstyling. Wir haben uns durch die Masse gew\u00fchlt und das beste zusammengefasst. <\/p>\n<p>&nbsp;<br \/>\n<strong>1.<\/strong><\/p>\n<div class=\"dbsm-oembed\">\n<blockquote class=\"twitter-tweet\" data-width=\"500\" data-dnt=\"true\">\n<p lang=\"de\" dir=\"ltr\">&quot;Heute machen wir aus sch\u00f6nen M\u00e4dchen, sch\u00f6ne Models!&quot; &#8211; was Heidi wirklich meint: <a href=\"https:\/\/twitter.com\/hashtag\/GNTM?src=hash&amp;ref_src=twsrc%5Etfw\">#GNTM<\/a> <a href=\"https:\/\/t.co\/Dl2sWmz2CR\">pic.twitter.com\/Dl2sWmz2CR<\/a><\/p>\n<p>&mdash; sarah (@helloimsaarah) <a href=\"https:\/\/twitter.com\/helloimsaarah\/status\/1367558165353660420?ref_src=twsrc%5Etfw\">March 4, 2021<\/a><\/p><\/blockquote>\n<p><script async src=\"https:\/\/platform.twitter.com\/widgets.js\" charset=\"utf-8\"><\/script><\/div>\n<div class=\"dbsm-oembed\">\n<blockquote class=\"twitter-tweet\" data-width=\"500\" data-dnt=\"true\">\n<p lang=\"de\" dir=\"ltr\">Deutsche SuperBowl. <a href=\"https:\/\/twitter.com\/hashtag\/gntm?src=hash&amp;ref_src=twsrc%5Etfw\">#gntm<\/a> <a href=\"https:\/\/t.co\/7ALLEWu8H9\">pic.twitter.com\/7ALLEWu8H9<\/a><\/p>\n<p>&mdash; BigJay04 (@jglevkl) <a href=\"https:\/\/twitter.com\/jglevkl\/status\/1367559355982352384?ref_src=twsrc%5Etfw\">March 4, 2021<\/a><\/p><\/blockquote>\n<p><script async src=\"https:\/\/platform.twitter.com\/widgets.js\" charset=\"utf-8\"><\/script><\/div>\n<p>&nbsp;<br \/>\n<strong>2.<\/strong><\/p>\n<div class=\"dbsm-oembed\">\n<blockquote class=\"twitter-tweet\" data-width=\"500\" data-dnt=\"true\">\n<p lang=\"de\" dir=\"ltr\"><a href=\"https:\/\/twitter.com\/hashtag\/GNTM?src=hash&amp;ref_src=twsrc%5Etfw\">#GNTM<\/a> Twitter, wenn die ersten Tr\u00e4nen beim Umstyling flie\u00dfen <a href=\"https:\/\/t.co\/NQUFJxdcPz\">pic.twitter.com\/NQUFJxdcPz<\/a><\/p>\n<p>&mdash; Ms S (@StV0312) <a href=\"https:\/\/twitter.com\/StV0312\/status\/1367558157740949505?ref_src=twsrc%5Etfw\">March 4, 2021<\/a><\/p><\/blockquote>\n<p><script async src=\"https:\/\/platform.twitter.com\/widgets.js\" charset=\"utf-8\"><\/script><\/div>\n<div class=\"dbsm-oembed\">\n<blockquote class=\"twitter-tweet\" data-width=\"500\" data-dnt=\"true\">\n<p lang=\"de\" dir=\"ltr\">Und nachher d\u00fcrfen noch die Kerle auf den neuen Look reagieren <a href=\"https:\/\/twitter.com\/hashtag\/GNTM?src=hash&amp;ref_src=twsrc%5Etfw\">#GNTM<\/a> <a href=\"https:\/\/t.co\/f2rkeA8AIj\">pic.twitter.com\/f2rkeA8AIj<\/a><\/p>\n<p>&mdash; Kovu (@notyourpunx) <a href=\"https:\/\/twitter.com\/notyourpunx\/status\/1367564838034051072?ref_src=twsrc%5Etfw\">March 4, 2021<\/a><\/p><\/blockquote>\n<p><script async src=\"https:\/\/platform.twitter.com\/widgets.js\" charset=\"utf-8\"><\/script><\/div>\n<p>&nbsp;<br \/>\n<strong>3.<\/strong><br \/>\nhttps:\/\/twitter.com\/brooklynxbabes\/status\/1367566337262903300<\/p>\n<div class=\"dbsm-oembed\">\n<blockquote class=\"twitter-tweet\" data-width=\"500\" data-dnt=\"true\">\n<p lang=\"de\" dir=\"ltr\">romy sieht aus wie ein afghanischer windhund und bekommt kein umstyling??! <a href=\"https:\/\/twitter.com\/hashtag\/gntm?src=hash&amp;ref_src=twsrc%5Etfw\">#gntm<\/a> <a href=\"https:\/\/t.co\/LHy8Kq3Aua\">pic.twitter.com\/LHy8Kq3Aua<\/a><\/p>\n<p>&mdash; Hannah montanna (@habnnahc) <a href=\"https:\/\/twitter.com\/habnnahc\/status\/1367555833853325316?ref_src=twsrc%5Etfw\">March 4, 2021<\/a><\/p><\/blockquote>\n<p><script async src=\"https:\/\/platform.twitter.com\/widgets.js\" charset=\"utf-8\"><\/script><\/div>\n<div class=\"dbsm-oembed\">\n<blockquote class=\"twitter-tweet\" data-width=\"500\" data-dnt=\"true\">\n<p lang=\"de\" dir=\"ltr\">Romy sieht aus wie eine Kellnerin beim Oktoberfest und bekommt kein Umstyling??? <a href=\"https:\/\/twitter.com\/hashtag\/gntm?src=hash&amp;ref_src=twsrc%5Etfw\">#gntm<\/a> <a href=\"https:\/\/twitter.com\/hashtag\/gntm2021?src=hash&amp;ref_src=twsrc%5Etfw\">#gntm2021<\/a> <a href=\"https:\/\/t.co\/72kriYVTs2\">pic.twitter.com\/72kriYVTs2<\/a><\/p>\n<p>&mdash; (\u256d\u261e \u0361 \u0361\u00b0\u035c \u0296 \u0361 \u0361\u00b0)\u256d\u261e Jay (@LordFaqquad) <a href=\"https:\/\/twitter.com\/LordFaqquad\/status\/1367559538262634502?ref_src=twsrc%5Etfw\">March 4, 2021<\/a><\/p><\/blockquote>\n<p><script async src=\"https:\/\/platform.twitter.com\/widgets.js\" charset=\"utf-8\"><\/script><\/div>\n<p>https:\/\/twitter.com\/alena_fedorov\/status\/1367581745940463620<\/p>\n<p>&nbsp;<br \/>\n<strong>4.<\/strong><\/p>\n<div class=\"dbsm-oembed\">\n<blockquote class=\"twitter-tweet\" data-width=\"500\" data-dnt=\"true\">\n<p lang=\"de\" dir=\"ltr\">\u201eIch denke, Heidi hat Ahnung und wei\u00df, was sie tut.\u201c <a href=\"https:\/\/twitter.com\/hashtag\/GNTM?src=hash&amp;ref_src=twsrc%5Etfw\">#GNTM<\/a> <a href=\"https:\/\/twitter.com\/hashtag\/Umstyling?src=hash&amp;ref_src=twsrc%5Etfw\">#Umstyling<\/a> <a href=\"https:\/\/t.co\/4iVPhnbidK\">pic.twitter.com\/4iVPhnbidK<\/a><\/p>\n<p>&mdash; anredo (@anredo) <a href=\"https:\/\/twitter.com\/anredo\/status\/1367566576673816576?ref_src=twsrc%5Etfw\">March 4, 2021<\/a><\/p><\/blockquote>\n<p><script async src=\"https:\/\/platform.twitter.com\/widgets.js\" charset=\"utf-8\"><\/script><\/div>\n<p>&nbsp;<br \/>\n<strong>5.<\/strong><\/p>\n<div class=\"dbsm-oembed\">\n<blockquote class=\"twitter-tweet\" data-width=\"500\" data-dnt=\"true\">\n<p lang=\"de\" dir=\"ltr\">Sie hat einfach den internationalen Karen Haarschnitt bekommen <a href=\"https:\/\/twitter.com\/hashtag\/gntm?src=hash&amp;ref_src=twsrc%5Etfw\">#gntm<\/a> <a href=\"https:\/\/t.co\/tjy0vepf1k\">pic.twitter.com\/tjy0vepf1k<\/a><\/p>\n<p>&mdash; Xenia \ud83c\uddfa\ud83c\udde6 (@itsxeniabitch) <a href=\"https:\/\/twitter.com\/itsxeniabitch\/status\/1367566388269826049?ref_src=twsrc%5Etfw\">March 4, 2021<\/a><\/p><\/blockquote>\n<p><script async src=\"https:\/\/platform.twitter.com\/widgets.js\" charset=\"utf-8\"><\/script><\/div>\n<p>&nbsp;<br \/>\n<strong>6.<\/strong><\/p>\n<div class=\"dbsm-oembed\">\n<blockquote class=\"twitter-tweet\" data-width=\"500\" data-dnt=\"true\">\n<p lang=\"de\" dir=\"ltr\">Umstyling (Symbolfotos). <a href=\"https:\/\/twitter.com\/hashtag\/GNTM?src=hash&amp;ref_src=twsrc%5Etfw\">#GNTM<\/a> <a href=\"https:\/\/t.co\/cgkUmjSVad\">pic.twitter.com\/cgkUmjSVad<\/a><\/p>\n<p>&mdash; anredo (@anredo) <a href=\"https:\/\/twitter.com\/anredo\/status\/1367561327829544968?ref_src=twsrc%5Etfw\">March 4, 2021<\/a><\/p><\/blockquote>\n<p><script async src=\"https:\/\/platform.twitter.com\/widgets.js\" charset=\"utf-8\"><\/script><\/div>\n<p>&nbsp;<br \/>\n<strong>7.<\/strong><\/p>\n<div class=\"dbsm-oembed\">\n<blockquote class=\"twitter-tweet\" data-width=\"500\" data-dnt=\"true\">\n<p lang=\"de\" dir=\"ltr\">Ich k\u00f6nnte schw\u00f6ren, dass da jede Folge mindestens 3 Kandidatinnen dabei sind, die vorher noch nicht dabei waren. <a href=\"https:\/\/twitter.com\/hashtag\/gntm?src=hash&amp;ref_src=twsrc%5Etfw\">#gntm<\/a> <a href=\"https:\/\/t.co\/vC2SToMlEr\">pic.twitter.com\/vC2SToMlEr<\/a><\/p>\n<p>&mdash; ali-no\u2077 \ud83d\udc25\ud83d\udc9c (@softgarbagecan) <a href=\"https:\/\/twitter.com\/softgarbagecan\/status\/1367582651171950594?ref_src=twsrc%5Etfw\">March 4, 2021<\/a><\/p><\/blockquote>\n<p><script async src=\"https:\/\/platform.twitter.com\/widgets.js\" charset=\"utf-8\"><\/script><\/div>\n<p>&nbsp;<br \/>\n<strong>8.<\/strong><\/p>\n<div class=\"dbsm-oembed\">\n<blockquote class=\"twitter-tweet\" data-width=\"500\" data-dnt=\"true\">\n<p lang=\"de\" dir=\"ltr\">iCh eRkenN miCh gAr nicHt mEhR wiEdEr <a href=\"https:\/\/twitter.com\/hashtag\/GNTM?src=hash&amp;ref_src=twsrc%5Etfw\">#GNTM<\/a> <a href=\"https:\/\/t.co\/HRpxd8e6jL\">pic.twitter.com\/HRpxd8e6jL<\/a><\/p>\n<p>&mdash; marie | gntm tweets (@gntm2021) <a href=\"https:\/\/twitter.com\/gntm2021\/status\/1367570975118745603?ref_src=twsrc%5Etfw\">March 4, 2021<\/a><\/p><\/blockquote>\n<p><script async src=\"https:\/\/platform.twitter.com\/widgets.js\" charset=\"utf-8\"><\/script><\/div>\n<p>&nbsp;<br \/>\n<strong>9.<\/strong><\/p>\n<div class=\"dbsm-oembed\">\n<blockquote class=\"twitter-tweet\" data-width=\"500\" data-dnt=\"true\">\n<p lang=\"de\" dir=\"ltr\">Die erste die heult, weil sie KEIN Umstyling bekommt <a href=\"https:\/\/twitter.com\/hashtag\/gntm?src=hash&amp;ref_src=twsrc%5Etfw\">#gntm<\/a> <a href=\"https:\/\/t.co\/tGFKqbpa0p\">pic.twitter.com\/tGFKqbpa0p<\/a><\/p>\n<p>&mdash; Claire\uea00Grube (@3_2_eins) <a href=\"https:\/\/twitter.com\/3_2_eins\/status\/1367555894926524416?ref_src=twsrc%5Etfw\">March 4, 2021<\/a><\/p><\/blockquote>\n<p><script async src=\"https:\/\/platform.twitter.com\/widgets.js\" charset=\"utf-8\"><\/script><\/div>\n<p>&nbsp;<br \/>\n<strong>10.<\/strong><\/p>\n<div class=\"dbsm-oembed\">\n<blockquote class=\"twitter-tweet\" data-width=\"500\" data-dnt=\"true\">\n<p lang=\"de\" dir=\"ltr\">ich, wenn ich meinen kontostand anschaue: <a href=\"https:\/\/twitter.com\/hashtag\/gntm?src=hash&amp;ref_src=twsrc%5Etfw\">#gntm<\/a> <a href=\"https:\/\/t.co\/uMdrhKh1Ec\">pic.twitter.com\/uMdrhKh1Ec<\/a><\/p>\n<p>&mdash; anika ! \ud83c\udf1f\u26a1\ufe0f\u2b50\ufe0f\u2728 (@konzertkotze) <a href=\"https:\/\/twitter.com\/konzertkotze\/status\/1367567025246208004?ref_src=twsrc%5Etfw\">March 4, 2021<\/a><\/p><\/blockquote>\n<p><script async src=\"https:\/\/platform.twitter.com\/widgets.js\" charset=\"utf-8\"><\/script><\/div>\n<div class=\"dbsm-oembed\">\n<blockquote class=\"twitter-tweet\" data-width=\"500\" data-dnt=\"true\">\n<p lang=\"de\" dir=\"ltr\">Ich beim Familien essen am ersten Weihnachtsfeiertag <a href=\"https:\/\/twitter.com\/hashtag\/GNTM?src=hash&amp;ref_src=twsrc%5Etfw\">#GNTM<\/a> <a href=\"https:\/\/t.co\/ByhZXKCThO\">pic.twitter.com\/ByhZXKCThO<\/a><\/p>\n<p>&mdash; Rina \ud83d\udc3e\ud83d\udc3e (@The__Rina) <a href=\"https:\/\/twitter.com\/The__Rina\/status\/1367567022431862784?ref_src=twsrc%5Etfw\">March 4, 2021<\/a><\/p><\/blockquote>\n<p><script async src=\"https:\/\/platform.twitter.com\/widgets.js\" charset=\"utf-8\"><\/script><\/div>\n<div class=\"dbsm-oembed\">\n<blockquote class=\"twitter-tweet\" data-width=\"500\" data-dnt=\"true\">\n<p lang=\"de\" dir=\"ltr\">*hitzige\/unangenehme Diskussion* &amp; du mittendrin. <a href=\"https:\/\/twitter.com\/hashtag\/GNTM?src=hash&amp;ref_src=twsrc%5Etfw\">#GNTM<\/a> <a href=\"https:\/\/t.co\/1Ot2pMYABw\">pic.twitter.com\/1Ot2pMYABw<\/a><\/p>\n<p>&mdash; -A \ud83e\udd0d (@omgthatsaida) <a href=\"https:\/\/twitter.com\/omgthatsaida\/status\/1367568513947287559?ref_src=twsrc%5Etfw\">March 4, 2021<\/a><\/p><\/blockquote>\n<p><script async src=\"https:\/\/platform.twitter.com\/widgets.js\" charset=\"utf-8\"><\/script><\/div>\n<p>&nbsp;<br \/>\n<strong>11.<\/strong><\/p>\n<div class=\"dbsm-oembed\">\n<blockquote class=\"twitter-tweet\" data-width=\"500\" data-dnt=\"true\">\n<p lang=\"de\" dir=\"ltr\">Linda ist einfach die eine Stiefschwester von Cinderella <a href=\"https:\/\/twitter.com\/hashtag\/GNTM?src=hash&amp;ref_src=twsrc%5Etfw\">#GNTM<\/a> <a href=\"https:\/\/t.co\/QdYKM7MdxY\">pic.twitter.com\/QdYKM7MdxY<\/a><\/p>\n<p>&mdash; Anni (@annilovesu) <a href=\"https:\/\/twitter.com\/annilovesu\/status\/1367575906856955904?ref_src=twsrc%5Etfw\">March 4, 2021<\/a><\/p><\/blockquote>\n<p><script async src=\"https:\/\/platform.twitter.com\/widgets.js\" charset=\"utf-8\"><\/script><\/div>\n<p>https:\/\/twitter.com\/aydecee\/status\/1367589098815320071<\/p>\n<div class=\"dbsm-oembed\">\n<blockquote class=\"twitter-tweet\" data-width=\"500\" data-dnt=\"true\">\n<p lang=\"de\" dir=\"ltr\">Linda: Blondinen sind dumm und werden als P\u00fcppchen abgestempelt.<br \/>Aha.<a href=\"https:\/\/twitter.com\/hashtag\/GNTM?src=hash&amp;ref_src=twsrc%5Etfw\">#GNTM<\/a> <a href=\"https:\/\/t.co\/VGrXVVpgI9\">pic.twitter.com\/VGrXVVpgI9<\/a><\/p>\n<p>&mdash; Mia (@mia_lber) <a href=\"https:\/\/twitter.com\/mia_lber\/status\/1367564947081875458?ref_src=twsrc%5Etfw\">March 4, 2021<\/a><\/p><\/blockquote>\n<p><script async src=\"https:\/\/platform.twitter.com\/widgets.js\" charset=\"utf-8\"><\/script><\/div>\n<div class=\"dbsm-oembed\">\n<blockquote class=\"twitter-tweet\" data-width=\"500\" data-dnt=\"true\">\n<p lang=\"de\" dir=\"ltr\">Missgunst, die. Synonym: Linda. <a href=\"https:\/\/twitter.com\/hashtag\/GNTM?src=hash&amp;ref_src=twsrc%5Etfw\">#GNTM<\/a> <a href=\"https:\/\/t.co\/FFaMI2hCYA\">pic.twitter.com\/FFaMI2hCYA<\/a><\/p>\n<p>&mdash; Der Couchticker (@Der_Couchticker) <a href=\"https:\/\/twitter.com\/Der_Couchticker\/status\/1367575901949550592?ref_src=twsrc%5Etfw\">March 4, 2021<\/a><\/p><\/blockquote>\n<p><script async src=\"https:\/\/platform.twitter.com\/widgets.js\" charset=\"utf-8\"><\/script><\/div>\n<p>&nbsp;<br \/>\n<strong>12.<\/strong><\/p>\n<div class=\"dbsm-oembed\">\n<blockquote class=\"twitter-tweet\" data-width=\"500\" data-dnt=\"true\">\n<p lang=\"de\" dir=\"ltr\">Wenn aus h\u00fcbschen, langen, blonden Haaren pl\u00f6tzlich peinliche, orange Bob-Frisuren werden. Ich liebe diese Folge. <a href=\"https:\/\/twitter.com\/hashtag\/GNTM?src=hash&amp;ref_src=twsrc%5Etfw\">#GNTM<\/a> <a href=\"https:\/\/twitter.com\/hashtag\/Umstyling?src=hash&amp;ref_src=twsrc%5Etfw\">#Umstyling<\/a><\/p>\n<p>&mdash; anredo (@anredo) <a href=\"https:\/\/twitter.com\/anredo\/status\/1367554853845798914?ref_src=twsrc%5Etfw\">March 4, 2021<\/a><\/p><\/blockquote>\n<p><script async src=\"https:\/\/platform.twitter.com\/widgets.js\" charset=\"utf-8\"><\/script><\/div>\n<p>&nbsp;<br \/>\n<strong>13.<\/strong><br \/>\nhttps:\/\/twitter.com\/himbohoe\/status\/1367556640870969347<\/p>\n<p>&nbsp;<br \/>\n<strong>14.<\/strong><\/p>\n<div class=\"dbsm-oembed\">\n<blockquote class=\"twitter-tweet\" data-width=\"500\" data-dnt=\"true\">\n<p lang=\"de\" dir=\"ltr\">&quot;Wird aber kein Vokuhila oder&quot;<br \/>Famous last words. <a href=\"https:\/\/twitter.com\/hashtag\/GNTM?src=hash&amp;ref_src=twsrc%5Etfw\">#GNTM<\/a> <a href=\"https:\/\/t.co\/78IHKImEBv\">pic.twitter.com\/78IHKImEBv<\/a><\/p>\n<p>&mdash; idk what&#39;s going on \u2728 (@friedaflies) <a href=\"https:\/\/twitter.com\/friedaflies\/status\/1367563350100566017?ref_src=twsrc%5Etfw\">March 4, 2021<\/a><\/p><\/blockquote>\n<p><script async src=\"https:\/\/platform.twitter.com\/widgets.js\" charset=\"utf-8\"><\/script><\/div>\n<p>&nbsp;<br \/>\n<strong>15.<\/strong><\/p>\n<div class=\"dbsm-oembed\">\n<blockquote class=\"twitter-tweet\" data-width=\"500\" data-dnt=\"true\">\n<p lang=\"de\" dir=\"ltr\">Mareike, wenn sich Amina wegen ihrem Haarschnitt aufregt<a href=\"https:\/\/twitter.com\/hashtag\/GNTM?src=hash&amp;ref_src=twsrc%5Etfw\">#GNTM<\/a> <a href=\"https:\/\/t.co\/nA28lTJ5HI\">pic.twitter.com\/nA28lTJ5HI<\/a><\/p>\n<p>&mdash; \u1d3a\u1d2c\u1d30\u1d35\u1d2c (@NadiaxWe) <a href=\"https:\/\/twitter.com\/NadiaxWe\/status\/1367569214429659137?ref_src=twsrc%5Etfw\">March 4, 2021<\/a><\/p><\/blockquote>\n<p><script async src=\"https:\/\/platform.twitter.com\/widgets.js\" charset=\"utf-8\"><\/script><\/div>\n<p>&nbsp;<br \/>\n<strong>16.<\/strong><\/p>\n<div class=\"dbsm-oembed\">\n<blockquote class=\"twitter-tweet\" data-width=\"500\" data-dnt=\"true\">\n<p lang=\"de\" dir=\"ltr\">Wo Linda sich sieht VS wo wir sie sehen<a href=\"https:\/\/twitter.com\/hashtag\/GNTM?src=hash&amp;ref_src=twsrc%5Etfw\">#GNTM<\/a> <a href=\"https:\/\/t.co\/Kt07gYAwiQ\">pic.twitter.com\/Kt07gYAwiQ<\/a><\/p>\n<p>&mdash; \ud835\udd40 \ud835\udd63 \ud835\udd5a (@recklessiri) <a href=\"https:\/\/twitter.com\/recklessiri\/status\/1367575626597740546?ref_src=twsrc%5Etfw\">March 4, 2021<\/a><\/p><\/blockquote>\n<p><script async src=\"https:\/\/platform.twitter.com\/widgets.js\" charset=\"utf-8\"><\/script><\/div>\n<p>&nbsp;<br \/>\n<strong>17.<\/strong><\/p>\n<div class=\"dbsm-oembed\">\n<blockquote class=\"twitter-tweet\" data-width=\"500\" data-dnt=\"true\">\n<p lang=\"de\" dir=\"ltr\">\u201eSheise schon wieder \u00fcberbelichtet.\u201c <a href=\"https:\/\/twitter.com\/hashtag\/gntm?src=hash&amp;ref_src=twsrc%5Etfw\">#gntm<\/a> <a href=\"https:\/\/t.co\/SNgJSx1bgD\">pic.twitter.com\/SNgJSx1bgD<\/a><\/p>\n<p>&mdash; tumanichso.bsky.social \ud83c\uddea\ud83c\uddfa (@tumanichso) <a href=\"https:\/\/twitter.com\/tumanichso\/status\/1367577762542870536?ref_src=twsrc%5Etfw\">March 4, 2021<\/a><\/p><\/blockquote>\n<p><script async src=\"https:\/\/platform.twitter.com\/widgets.js\" charset=\"utf-8\"><\/script><\/div>\n<p>&nbsp;<br \/>\n<strong>18.<\/strong><\/p>\n<div class=\"dbsm-oembed\">\n<blockquote class=\"twitter-tweet\" data-width=\"500\" data-dnt=\"true\">\n<p lang=\"de\" dir=\"ltr\"><a href=\"https:\/\/twitter.com\/hashtag\/gntm?src=hash&amp;ref_src=twsrc%5Etfw\">#gntm<\/a> Amina: &quot;Ich hatte noch nie so kurze Haare&quot;<br \/>Mareike: &quot;Am I a joke to you?&quot; <a href=\"https:\/\/t.co\/LmZ418wzAd\">pic.twitter.com\/LmZ418wzAd<\/a><\/p>\n<p>&mdash; Lion (@justsaylion) <a href=\"https:\/\/twitter.com\/justsaylion\/status\/1367569281576296449?ref_src=twsrc%5Etfw\">March 4, 2021<\/a><\/p><\/blockquote>\n<p><script async src=\"https:\/\/platform.twitter.com\/widgets.js\" charset=\"utf-8\"><\/script><\/div>\n<p>https:\/\/twitter.com\/aliii_nax\/status\/1367569505929613334<\/p>\n<p>&nbsp;<br \/>\n<strong>19.<\/strong><\/p>\n<div class=\"dbsm-oembed\">\n<blockquote class=\"twitter-tweet\" data-width=\"500\" data-dnt=\"true\">\n<p lang=\"de\" dir=\"ltr\">Was ich Linda w\u00fcnsche <a href=\"https:\/\/twitter.com\/hashtag\/gntm?src=hash&amp;ref_src=twsrc%5Etfw\">#gntm<\/a> <a href=\"https:\/\/t.co\/y0kWG4hW9m\">pic.twitter.com\/y0kWG4hW9m<\/a><\/p>\n<p>&mdash; tillie1909 (@tillie1909) <a href=\"https:\/\/twitter.com\/tillie1909\/status\/1367556602841161730?ref_src=twsrc%5Etfw\">March 4, 2021<\/a><\/p><\/blockquote>\n<p><script async src=\"https:\/\/platform.twitter.com\/widgets.js\" charset=\"utf-8\"><\/script><\/div>\n<p>&nbsp;<br \/>\n<strong>20.<\/strong><\/p>\n<div class=\"dbsm-oembed\">\n<blockquote class=\"twitter-tweet\" data-width=\"500\" data-dnt=\"true\">\n<p lang=\"de\" dir=\"ltr\">Dascha sagt sie wartet auf den Verlobungsring. <\/p>\n<p>Das Finale 2021 so: <a href=\"https:\/\/twitter.com\/hashtag\/gntm?src=hash&amp;ref_src=twsrc%5Etfw\">#gntm<\/a> <a href=\"https:\/\/t.co\/Oq3qfe4bRR\">pic.twitter.com\/Oq3qfe4bRR<\/a><\/p>\n<p>&mdash; Nele (@loleey_) <a href=\"https:\/\/twitter.com\/loleey_\/status\/1367565677926764545?ref_src=twsrc%5Etfw\">March 4, 2021<\/a><\/p><\/blockquote>\n<p><script async src=\"https:\/\/platform.twitter.com\/widgets.js\" charset=\"utf-8\"><\/script><\/div>\n<p>&nbsp;<br \/>\n<strong>21.<\/strong><\/p>\n<div class=\"dbsm-oembed\">\n<blockquote class=\"twitter-tweet\" data-width=\"500\" data-dnt=\"true\">\n<p lang=\"de\" dir=\"ltr\">Nachfolgerin gefunden. <a href=\"https:\/\/twitter.com\/hashtag\/gntm?src=hash&amp;ref_src=twsrc%5Etfw\">#gntm<\/a> <a href=\"https:\/\/t.co\/emgAhCbLmZ\">pic.twitter.com\/emgAhCbLmZ<\/a><\/p>\n<p>&mdash; Trashperte (@trashperte) <a href=\"https:\/\/twitter.com\/trashperte\/status\/1367568863102181377?ref_src=twsrc%5Etfw\">March 4, 2021<\/a><\/p><\/blockquote>\n<p><script async src=\"https:\/\/platform.twitter.com\/widgets.js\" charset=\"utf-8\"><\/script><\/div>\n<p>&nbsp;<br \/>\n<strong>22.<\/strong><\/p>\n<div class=\"dbsm-oembed\">\n<blockquote class=\"twitter-tweet\" data-width=\"500\" data-dnt=\"true\">\n<p lang=\"de\" dir=\"ltr\">Nat\u00fcrlich bist du eine Runde weiter. Ich muss mich ja irgendwie f\u00fcr die Frisur entschuldigen.<a href=\"https:\/\/twitter.com\/hashtag\/gntm?src=hash&amp;ref_src=twsrc%5Etfw\">#gntm<\/a> <a href=\"https:\/\/t.co\/BCmI7PvcUC\">pic.twitter.com\/BCmI7PvcUC<\/a><\/p>\n<p>&mdash; Claire\uea00Grube (@3_2_eins) <a href=\"https:\/\/twitter.com\/3_2_eins\/status\/1367587473086287875?ref_src=twsrc%5Etfw\">March 4, 2021<\/a><\/p><\/blockquote>\n<p><script async src=\"https:\/\/platform.twitter.com\/widgets.js\" charset=\"utf-8\"><\/script><\/div>\n<p>&nbsp;<br \/>\n<strong>23.<\/strong><\/p>\n<div class=\"dbsm-oembed\">\n<blockquote class=\"twitter-tweet\" data-width=\"500\" data-dnt=\"true\">\n<p lang=\"de\" dir=\"ltr\">Ein Designer, der nett ist und lobt.<\/p>\n<p>Was soll das??? <a href=\"https:\/\/twitter.com\/hashtag\/GNTM?src=hash&amp;ref_src=twsrc%5Etfw\">#GNTM<\/a> <a href=\"https:\/\/t.co\/JzU8KOfuOj\">pic.twitter.com\/JzU8KOfuOj<\/a><\/p>\n<p>&mdash; GNTM Agenten (@GNTMAgenten) <a href=\"https:\/\/twitter.com\/GNTMAgenten\/status\/1367575607006142468?ref_src=twsrc%5Etfw\">March 4, 2021<\/a><\/p><\/blockquote>\n<p><script async src=\"https:\/\/platform.twitter.com\/widgets.js\" charset=\"utf-8\"><\/script><\/div>\n<p>&nbsp;<br \/>\n<strong>24<\/strong><\/p>\n<div class=\"dbsm-oembed\">\n<blockquote class=\"twitter-tweet\" data-width=\"500\" data-dnt=\"true\">\n<p lang=\"de\" dir=\"ltr\">Guter Freund vs. b\u00f6ser Freund.<a href=\"https:\/\/twitter.com\/hashtag\/gntm?src=hash&amp;ref_src=twsrc%5Etfw\">#gntm<\/a> <a href=\"https:\/\/t.co\/E9ZSp3pMMR\">pic.twitter.com\/E9ZSp3pMMR<\/a><\/p>\n<p>&mdash; \u043d\u03b1\u043f\u043f\u03b1 \u03c3&#39;\u043d\u03b1\u03bd\u03b1\u043f\u03b1 (@MsHannchen) <a href=\"https:\/\/twitter.com\/MsHannchen\/status\/1367570890939117573?ref_src=twsrc%5Etfw\">March 4, 2021<\/a><\/p><\/blockquote>\n<p><script async src=\"https:\/\/platform.twitter.com\/widgets.js\" charset=\"utf-8\"><\/script><\/div>\n<div class=\"dbsm-oembed\">\n<blockquote class=\"twitter-tweet\" data-width=\"500\" data-dnt=\"true\">\n<p lang=\"de\" dir=\"ltr\">&quot;Du hast jetzt RICHTIG GESUNDE SPITZEN BABY, SO musste das sehen&quot;<\/p>\n<p>stabiler Freund, sehr sympathisch, 10\/10 gerne wieder <a href=\"https:\/\/twitter.com\/hashtag\/gntm?src=hash&amp;ref_src=twsrc%5Etfw\">#gntm<\/a><\/p>\n<p>&mdash; \ud83d\udd34 Fermate_ (@fermate_) <a href=\"https:\/\/twitter.com\/fermate_\/status\/1367570260258402309?ref_src=twsrc%5Etfw\">March 4, 2021<\/a><\/p><\/blockquote>\n<p><script async src=\"https:\/\/platform.twitter.com\/widgets.js\" charset=\"utf-8\"><\/script><\/div>\n<p>&nbsp;<br \/>\n<strong>25.<\/strong><\/p>\n<div class=\"dbsm-oembed\">\n<blockquote class=\"twitter-tweet\" data-width=\"500\" data-dnt=\"true\">\n<p lang=\"de\" dir=\"ltr\">Und n\u00e4chste Woche so: <br \/>\u201eIn meinen Augen bist du einfach kein Modell.\u201c<a href=\"https:\/\/twitter.com\/hashtag\/gntm?src=hash&amp;ref_src=twsrc%5Etfw\">#gntm<\/a> <a href=\"https:\/\/t.co\/J55MNz6fvv\">pic.twitter.com\/J55MNz6fvv<\/a><\/p>\n<p>&mdash; Kimberly John (@kimmynicole196) <a href=\"https:\/\/twitter.com\/kimmynicole196\/status\/1367593741322776577?ref_src=twsrc%5Etfw\">March 4, 2021<\/a><\/p><\/blockquote>\n<p><script async src=\"https:\/\/platform.twitter.com\/widgets.js\" charset=\"utf-8\"><\/script><\/div>\n<p>&nbsp;<\/p>\n<p>&#8212;<br \/>\nVielen Dank an alle f\u00fcr die Tweets.<br \/>\n&#8212;<\/p>\n<p><strong>Keine Influencer! Kein Foodporn! Nur ganz viel Spa\u00df &#8211; bei uns auf Instagram:<\/strong><\/p>\n<blockquote class=\"instagram-media\" style=\"background: #FFF; border: 0; border-radius: 3px; box-shadow: 0 0 1px 0 rgba(0,0,0,0.5),0 1px 10px 0 rgba(0,0,0,0.15); margin: 1px; max-width: 540px; min-width: 326px; padding: 0; width: calc(100% - 2px);\" data-instgrm-captioned=\"\" data-instgrm-permalink=\"https:\/\/www.instagram.com\/p\/CK3XHkogNu6\/?utm_source=ig_embed&amp;utm_campaign=loading\" data-instgrm-version=\"13\">\n<div style=\"padding: 16px;\">\n<p>&nbsp;<\/p>\n<div style=\"display: flex; flex-direction: row; align-items: center;\">\n<div style=\"background-color: #f4f4f4; border-radius: 50%; flex-grow: 0; height: 40px; margin-right: 14px; width: 40px;\"><\/div>\n<div style=\"display: flex; flex-direction: column; flex-grow: 1; justify-content: center;\">\n<div style=\"background-color: #f4f4f4; border-radius: 4px; flex-grow: 0; height: 14px; margin-bottom: 6px; width: 100px;\"><\/div>\n<div style=\"background-color: #f4f4f4; border-radius: 4px; flex-grow: 0; height: 14px; width: 60px;\"><\/div>\n<\/div>\n<\/div>\n<div style=\"padding: 19% 0;\"><\/div>\n<div style=\"display: block; height: 50px; margin: 0 auto 12px; width: 50px;\"><\/div>\n<div style=\"padding-top: 8px;\">\n<div style=\"color: #3897f0; font-family: Arial,sans-serif; font-size: 14px; font-style: normal; font-weight: 550; line-height: 18px;\">Sieh dir diesen Beitrag auf Instagram an<\/div>\n<\/div>\n<div style=\"padding: 12.5% 0;\"><\/div>\n<div style=\"display: flex; flex-direction: row; margin-bottom: 14px; align-items: center;\">\n<div>\n<div style=\"background-color: #f4f4f4; border-radius: 50%; height: 12.5px; width: 12.5px; transform: translateX(0px) translateY(7px);\"><\/div>\n<div style=\"background-color: #f4f4f4; height: 12.5px; transform: rotate(-45deg) translateX(3px) translateY(1px); width: 12.5px; flex-grow: 0; margin-right: 14px; margin-left: 2px;\"><\/div>\n<div style=\"background-color: #f4f4f4; border-radius: 50%; height: 12.5px; width: 12.5px; transform: translateX(9px) translateY(-18px);\"><\/div>\n<\/div>\n<div style=\"margin-left: 8px;\">\n<div style=\"background-color: #f4f4f4; border-radius: 50%; flex-grow: 0; height: 20px; width: 20px;\"><\/div>\n<div style=\"width: 0; height: 0; border-top: 2px solid transparent; border-left: 6px solid #f4f4f4; border-bottom: 2px solid transparent; transform: translateX(16px) translateY(-4px) rotate(30deg);\"><\/div>\n<\/div>\n<div style=\"margin-left: auto;\">\n<div style=\"width: 0px; border-top: 8px solid #F4F4F4; border-right: 8px solid transparent; transform: translateY(16px);\"><\/div>\n<div style=\"background-color: #f4f4f4; flex-grow: 0; height: 12px; width: 16px; transform: translateY(-4px);\"><\/div>\n<div style=\"width: 0; height: 0; border-top: 8px solid #F4F4F4; border-left: 8px solid transparent; transform: translateY(-4px) translateX(8px);\"><\/div>\n<\/div>\n<\/div>\n<div style=\"display: flex; flex-direction: column; flex-grow: 1; justify-content: center; margin-bottom: 24px;\">\n<div style=\"background-color: #f4f4f4; border-radius: 4px; flex-grow: 0; height: 14px; margin-bottom: 6px; width: 224px;\"><\/div>\n<div style=\"background-color: #f4f4f4; border-radius: 4px; flex-grow: 0; height: 14px; width: 144px;\"><\/div>\n<\/div>\n<p>&nbsp;<\/p>\n<p style=\"color: #c9c8cd; font-family: Arial,sans-serif; font-size: 14px; line-height: 17px; margin-bottom: 0; margin-top: 8px; overflow: hidden; padding: 8px 0 7px; text-align: center; text-overflow: ellipsis; white-space: nowrap;\"><a style=\"color: #c9c8cd; font-family: Arial,sans-serif; font-size: 14px; font-style: normal; font-weight: normal; line-height: 17px; text-decoration: none;\" href=\"https:\/\/www.instagram.com\/p\/CK3XHkogNu6\/?utm_source=ig_embed&amp;utm_campaign=loading\" target=\"_blank\" rel=\"noopener\">Ein Beitrag geteilt von The Best Social Media &#8211; DE (@thebestsocialmediade)<\/a><\/p>\n<\/div>\n<\/blockquote>\n\n<script async defer src=\"\/instagram-embed.js\"><\/script>","protected":false},"excerpt":{"rendered":"<p>5 Wochen haben wir uns geduldet. Diese eine Folge, die wichtiger und ereignisreicher als das Finale selbst. Und ja, es hat sich gelohnt. Tr\u00e4nen, weil&#8230;<\/p>\n","protected":false},"author":14,"featured_media":142465,"comment_status":"open","ping_status":"open","sticky":false,"template":"","format":"standard","meta":{"_acf_changed":false,"footnotes":""},"categories":[1839],"tags":[770,2499],"class_list":["post-142450","post","type-post","status-publish","format-standard","has-post-thumbnail","hentry","category-television","tag-gntm","tag-umstyling"],"acf":[],"yoast_head":"<!-- This site is optimized with the Yoast SEO plugin v27.5 - https:\/\/yoast.com\/product\/yoast-seo-wordpress\/ -->\n<title>Haare ab: Die besten Tweets zur Umstyling Folge von GNTM<\/title>\n<meta name=\"robots\" content=\"index, follow, max-snippet:-1, max-image-preview:large, max-video-preview:-1\" \/>\n<link rel=\"canonical\" href=\"https:\/\/www.thebestsocial.media\/de\/endlich-fallen-die-haare-die-besten-tweets-zur-umstyling-folge-von-gntm\/\" \/>\n<meta property=\"og:locale\" content=\"de_DE\" \/>\n<meta property=\"og:type\" content=\"article\" \/>\n<meta property=\"og:title\" content=\"Endlich fallen die Haare: Die besten Tweets zur Umstyling Folge von GNTM\" \/>\n<meta property=\"og:description\" content=\"5 Wochen haben wir uns geduldet. Diese eine Folge, die wichtiger und ereignisreicher als das Finale selbst. Und ja, es hat sich gelohnt. Tr\u00e4nen, weil...\" \/>\n<meta property=\"og:url\" content=\"https:\/\/www.thebestsocial.media\/de\/endlich-fallen-die-haare-die-besten-tweets-zur-umstyling-folge-von-gntm\/\" \/>\n<meta property=\"og:site_name\" content=\"The Best Social Media DE\" \/>\n<meta property=\"article:published_time\" content=\"2021-03-05T09:54:12+00:00\" \/>\n<meta property=\"article:modified_time\" content=\"2021-03-05T09:56:35+00:00\" \/>\n<meta property=\"og:image\" content=\"https:\/\/www.thebestsocial.media\/de\/wp-content\/uploads\/sites\/3\/2021\/03\/umstylingFB.png\" \/>\n\t<meta property=\"og:image:width\" content=\"1200\" \/>\n\t<meta property=\"og:image:height\" content=\"630\" \/>\n\t<meta property=\"og:image:type\" content=\"image\/png\" \/>\n<meta name=\"author\" content=\"Constanze\" \/>\n<meta name=\"twitter:card\" content=\"summary_large_image\" \/>\n<meta name=\"twitter:label1\" content=\"Verfasst von\" \/>\n\t<meta name=\"twitter:data1\" content=\"Constanze\" \/>\n<script type=\"application\/ld+json\" class=\"yoast-schema-graph\">{\"@context\":\"https:\\\/\\\/schema.org\",\"@graph\":[{\"@type\":\"Article\",\"@id\":\"https:\\\/\\\/www.thebestsocial.media\\\/de\\\/endlich-fallen-die-haare-die-besten-tweets-zur-umstyling-folge-von-gntm\\\/#article\",\"isPartOf\":{\"@id\":\"https:\\\/\\\/www.thebestsocial.media\\\/de\\\/endlich-fallen-die-haare-die-besten-tweets-zur-umstyling-folge-von-gntm\\\/\"},\"author\":{\"name\":\"Constanze\",\"@id\":\"https:\\\/\\\/www.thebestsocial.media\\\/de\\\/#\\\/schema\\\/person\\\/d1c756792eddf0f6cee18795050a9a19\"},\"headline\":\"Endlich fallen die Haare: Die besten Tweets zur Umstyling Folge von GNTM\",\"datePublished\":\"2021-03-05T09:54:12+00:00\",\"dateModified\":\"2021-03-05T09:56:35+00:00\",\"mainEntityOfPage\":{\"@id\":\"https:\\\/\\\/www.thebestsocial.media\\\/de\\\/endlich-fallen-die-haare-die-besten-tweets-zur-umstyling-folge-von-gntm\\\/\"},\"wordCount\":438,\"commentCount\":0,\"image\":{\"@id\":\"https:\\\/\\\/www.thebestsocial.media\\\/de\\\/endlich-fallen-die-haare-die-besten-tweets-zur-umstyling-folge-von-gntm\\\/#primaryimage\"},\"thumbnailUrl\":\"https:\\\/\\\/www.thebestsocial.media\\\/de\\\/wp-content\\\/uploads\\\/sites\\\/3\\\/2021\\\/03\\\/pexels-genaro-servi\u0301n-1343524-scaled.jpg\",\"keywords\":[\"GNTM\",\"Umstyling\"],\"articleSection\":[\"Television\"],\"inLanguage\":\"de\",\"potentialAction\":[{\"@type\":\"CommentAction\",\"name\":\"Comment\",\"target\":[\"https:\\\/\\\/www.thebestsocial.media\\\/de\\\/endlich-fallen-die-haare-die-besten-tweets-zur-umstyling-folge-von-gntm\\\/#respond\"]}]},{\"@type\":\"WebPage\",\"@id\":\"https:\\\/\\\/www.thebestsocial.media\\\/de\\\/endlich-fallen-die-haare-die-besten-tweets-zur-umstyling-folge-von-gntm\\\/\",\"url\":\"https:\\\/\\\/www.thebestsocial.media\\\/de\\\/endlich-fallen-die-haare-die-besten-tweets-zur-umstyling-folge-von-gntm\\\/\",\"name\":\"Haare ab: Die besten Tweets zur Umstyling Folge von GNTM\",\"isPartOf\":{\"@id\":\"https:\\\/\\\/www.thebestsocial.media\\\/de\\\/#website\"},\"primaryImageOfPage\":{\"@id\":\"https:\\\/\\\/www.thebestsocial.media\\\/de\\\/endlich-fallen-die-haare-die-besten-tweets-zur-umstyling-folge-von-gntm\\\/#primaryimage\"},\"image\":{\"@id\":\"https:\\\/\\\/www.thebestsocial.media\\\/de\\\/endlich-fallen-die-haare-die-besten-tweets-zur-umstyling-folge-von-gntm\\\/#primaryimage\"},\"thumbnailUrl\":\"https:\\\/\\\/www.thebestsocial.media\\\/de\\\/wp-content\\\/uploads\\\/sites\\\/3\\\/2021\\\/03\\\/pexels-genaro-servi\u0301n-1343524-scaled.jpg\",\"datePublished\":\"2021-03-05T09:54:12+00:00\",\"dateModified\":\"2021-03-05T09:56:35+00:00\",\"author\":{\"@id\":\"https:\\\/\\\/www.thebestsocial.media\\\/de\\\/#\\\/schema\\\/person\\\/d1c756792eddf0f6cee18795050a9a19\"},\"breadcrumb\":{\"@id\":\"https:\\\/\\\/www.thebestsocial.media\\\/de\\\/endlich-fallen-die-haare-die-besten-tweets-zur-umstyling-folge-von-gntm\\\/#breadcrumb\"},\"inLanguage\":\"de\",\"potentialAction\":[{\"@type\":\"ReadAction\",\"target\":[\"https:\\\/\\\/www.thebestsocial.media\\\/de\\\/endlich-fallen-die-haare-die-besten-tweets-zur-umstyling-folge-von-gntm\\\/\"]}]},{\"@type\":\"ImageObject\",\"inLanguage\":\"de\",\"@id\":\"https:\\\/\\\/www.thebestsocial.media\\\/de\\\/endlich-fallen-die-haare-die-besten-tweets-zur-umstyling-folge-von-gntm\\\/#primaryimage\",\"url\":\"https:\\\/\\\/www.thebestsocial.media\\\/de\\\/wp-content\\\/uploads\\\/sites\\\/3\\\/2021\\\/03\\\/pexels-genaro-servi\u0301n-1343524-scaled.jpg\",\"contentUrl\":\"https:\\\/\\\/www.thebestsocial.media\\\/de\\\/wp-content\\\/uploads\\\/sites\\\/3\\\/2021\\\/03\\\/pexels-genaro-servi\u0301n-1343524-scaled.jpg\",\"width\":2560,\"height\":1702},{\"@type\":\"BreadcrumbList\",\"@id\":\"https:\\\/\\\/www.thebestsocial.media\\\/de\\\/endlich-fallen-die-haare-die-besten-tweets-zur-umstyling-folge-von-gntm\\\/#breadcrumb\",\"itemListElement\":[{\"@type\":\"ListItem\",\"position\":1,\"name\":\"Home\",\"item\":\"https:\\\/\\\/www.thebestsocial.media\\\/de\\\/\"},{\"@type\":\"ListItem\",\"position\":2,\"name\":\"Endlich fallen die Haare: Die besten Tweets zur Umstyling Folge von GNTM\"}]},{\"@type\":\"WebSite\",\"@id\":\"https:\\\/\\\/www.thebestsocial.media\\\/de\\\/#website\",\"url\":\"https:\\\/\\\/www.thebestsocial.media\\\/de\\\/\",\"name\":\"The Best Social Media DE\",\"description\":\"\",\"potentialAction\":[{\"@type\":\"SearchAction\",\"target\":{\"@type\":\"EntryPoint\",\"urlTemplate\":\"https:\\\/\\\/www.thebestsocial.media\\\/de\\\/?s={search_term_string}\"},\"query-input\":{\"@type\":\"PropertyValueSpecification\",\"valueRequired\":true,\"valueName\":\"search_term_string\"}}],\"inLanguage\":\"de\"},{\"@type\":\"Person\",\"@id\":\"https:\\\/\\\/www.thebestsocial.media\\\/de\\\/#\\\/schema\\\/person\\\/d1c756792eddf0f6cee18795050a9a19\",\"name\":\"Constanze\",\"image\":{\"@type\":\"ImageObject\",\"inLanguage\":\"de\",\"@id\":\"https:\\\/\\\/secure.gravatar.com\\\/avatar\\\/773dfbea8e343d713fab9f9d260928e7d0cdec810ed77069deb62cbb28aa8aba?s=96&d=mm&r=g\",\"url\":\"https:\\\/\\\/secure.gravatar.com\\\/avatar\\\/773dfbea8e343d713fab9f9d260928e7d0cdec810ed77069deb62cbb28aa8aba?s=96&d=mm&r=g\",\"contentUrl\":\"https:\\\/\\\/secure.gravatar.com\\\/avatar\\\/773dfbea8e343d713fab9f9d260928e7d0cdec810ed77069deb62cbb28aa8aba?s=96&d=mm&r=g\",\"caption\":\"Constanze\"},\"description\":\"...ist die Melange aus Wiener Gem\u00fctlichkeit und Berliner Lifestyle. Schw\u00e4che f\u00fcr Popculture und Memes. Sie isst, trinkt, lebt Social Media und verst\u00e4rkt nach ihrem Studium in \u00d6sterreich nun unser Team in Berlin. \u00d6fter beim Feiern als auf der Yogamatte anzutreffend behaupten manche, ihr Lieblings-Emoji sei der Mittelfinger - wir nennen es Wiener Charme. Ganz Sicher!\",\"sameAs\":[\"instagram.com\\\/conzi.conzi\"],\"url\":\"https:\\\/\\\/www.thebestsocial.media\\\/de\\\/author\\\/andrea\\\/\"}]}<\/script>\n<!-- \/ Yoast SEO plugin. -->","yoast_head_json":{"title":"Haare ab: Die besten Tweets zur Umstyling Folge von GNTM","robots":{"index":"index","follow":"follow","max-snippet":"max-snippet:-1","max-image-preview":"max-image-preview:large","max-video-preview":"max-video-preview:-1"},"canonical":"https:\/\/www.thebestsocial.media\/de\/endlich-fallen-die-haare-die-besten-tweets-zur-umstyling-folge-von-gntm\/","og_locale":"de_DE","og_type":"article","og_title":"Endlich fallen die Haare: Die besten Tweets zur Umstyling Folge von GNTM","og_description":"5 Wochen haben wir uns geduldet. Diese eine Folge, die wichtiger und ereignisreicher als das Finale selbst. Und ja, es hat sich gelohnt. Tr\u00e4nen, weil...","og_url":"https:\/\/www.thebestsocial.media\/de\/endlich-fallen-die-haare-die-besten-tweets-zur-umstyling-folge-von-gntm\/","og_site_name":"The Best Social Media DE","article_published_time":"2021-03-05T09:54:12+00:00","article_modified_time":"2021-03-05T09:56:35+00:00","og_image":[{"width":1200,"height":630,"url":"https:\/\/www.thebestsocial.media\/de\/wp-content\/uploads\/sites\/3\/2021\/03\/umstylingFB.png","type":"image\/png"}],"author":"Constanze","twitter_card":"summary_large_image","twitter_misc":{"Verfasst von":"Constanze"},"schema":{"@context":"https:\/\/schema.org","@graph":[{"@type":"Article","@id":"https:\/\/www.thebestsocial.media\/de\/endlich-fallen-die-haare-die-besten-tweets-zur-umstyling-folge-von-gntm\/#article","isPartOf":{"@id":"https:\/\/www.thebestsocial.media\/de\/endlich-fallen-die-haare-die-besten-tweets-zur-umstyling-folge-von-gntm\/"},"author":{"name":"Constanze","@id":"https:\/\/www.thebestsocial.media\/de\/#\/schema\/person\/d1c756792eddf0f6cee18795050a9a19"},"headline":"Endlich fallen die Haare: Die besten Tweets zur Umstyling Folge von GNTM","datePublished":"2021-03-05T09:54:12+00:00","dateModified":"2021-03-05T09:56:35+00:00","mainEntityOfPage":{"@id":"https:\/\/www.thebestsocial.media\/de\/endlich-fallen-die-haare-die-besten-tweets-zur-umstyling-folge-von-gntm\/"},"wordCount":438,"commentCount":0,"image":{"@id":"https:\/\/www.thebestsocial.media\/de\/endlich-fallen-die-haare-die-besten-tweets-zur-umstyling-folge-von-gntm\/#primaryimage"},"thumbnailUrl":"https:\/\/www.thebestsocial.media\/de\/wp-content\/uploads\/sites\/3\/2021\/03\/pexels-genaro-servi\u0301n-1343524-scaled.jpg","keywords":["GNTM","Umstyling"],"articleSection":["Television"],"inLanguage":"de","potentialAction":[{"@type":"CommentAction","name":"Comment","target":["https:\/\/www.thebestsocial.media\/de\/endlich-fallen-die-haare-die-besten-tweets-zur-umstyling-folge-von-gntm\/#respond"]}]},{"@type":"WebPage","@id":"https:\/\/www.thebestsocial.media\/de\/endlich-fallen-die-haare-die-besten-tweets-zur-umstyling-folge-von-gntm\/","url":"https:\/\/www.thebestsocial.media\/de\/endlich-fallen-die-haare-die-besten-tweets-zur-umstyling-folge-von-gntm\/","name":"Haare ab: Die besten Tweets zur Umstyling Folge von GNTM","isPartOf":{"@id":"https:\/\/www.thebestsocial.media\/de\/#website"},"primaryImageOfPage":{"@id":"https:\/\/www.thebestsocial.media\/de\/endlich-fallen-die-haare-die-besten-tweets-zur-umstyling-folge-von-gntm\/#primaryimage"},"image":{"@id":"https:\/\/www.thebestsocial.media\/de\/endlich-fallen-die-haare-die-besten-tweets-zur-umstyling-folge-von-gntm\/#primaryimage"},"thumbnailUrl":"https:\/\/www.thebestsocial.media\/de\/wp-content\/uploads\/sites\/3\/2021\/03\/pexels-genaro-servi\u0301n-1343524-scaled.jpg","datePublished":"2021-03-05T09:54:12+00:00","dateModified":"2021-03-05T09:56:35+00:00","author":{"@id":"https:\/\/www.thebestsocial.media\/de\/#\/schema\/person\/d1c756792eddf0f6cee18795050a9a19"},"breadcrumb":{"@id":"https:\/\/www.thebestsocial.media\/de\/endlich-fallen-die-haare-die-besten-tweets-zur-umstyling-folge-von-gntm\/#breadcrumb"},"inLanguage":"de","potentialAction":[{"@type":"ReadAction","target":["https:\/\/www.thebestsocial.media\/de\/endlich-fallen-die-haare-die-besten-tweets-zur-umstyling-folge-von-gntm\/"]}]},{"@type":"ImageObject","inLanguage":"de","@id":"https:\/\/www.thebestsocial.media\/de\/endlich-fallen-die-haare-die-besten-tweets-zur-umstyling-folge-von-gntm\/#primaryimage","url":"https:\/\/www.thebestsocial.media\/de\/wp-content\/uploads\/sites\/3\/2021\/03\/pexels-genaro-servi\u0301n-1343524-scaled.jpg","contentUrl":"https:\/\/www.thebestsocial.media\/de\/wp-content\/uploads\/sites\/3\/2021\/03\/pexels-genaro-servi\u0301n-1343524-scaled.jpg","width":2560,"height":1702},{"@type":"BreadcrumbList","@id":"https:\/\/www.thebestsocial.media\/de\/endlich-fallen-die-haare-die-besten-tweets-zur-umstyling-folge-von-gntm\/#breadcrumb","itemListElement":[{"@type":"ListItem","position":1,"name":"Home","item":"https:\/\/www.thebestsocial.media\/de\/"},{"@type":"ListItem","position":2,"name":"Endlich fallen die Haare: Die besten Tweets zur Umstyling Folge von GNTM"}]},{"@type":"WebSite","@id":"https:\/\/www.thebestsocial.media\/de\/#website","url":"https:\/\/www.thebestsocial.media\/de\/","name":"The Best Social Media DE","description":"","potentialAction":[{"@type":"SearchAction","target":{"@type":"EntryPoint","urlTemplate":"https:\/\/www.thebestsocial.media\/de\/?s={search_term_string}"},"query-input":{"@type":"PropertyValueSpecification","valueRequired":true,"valueName":"search_term_string"}}],"inLanguage":"de"},{"@type":"Person","@id":"https:\/\/www.thebestsocial.media\/de\/#\/schema\/person\/d1c756792eddf0f6cee18795050a9a19","name":"Constanze","image":{"@type":"ImageObject","inLanguage":"de","@id":"https:\/\/secure.gravatar.com\/avatar\/773dfbea8e343d713fab9f9d260928e7d0cdec810ed77069deb62cbb28aa8aba?s=96&d=mm&r=g","url":"https:\/\/secure.gravatar.com\/avatar\/773dfbea8e343d713fab9f9d260928e7d0cdec810ed77069deb62cbb28aa8aba?s=96&d=mm&r=g","contentUrl":"https:\/\/secure.gravatar.com\/avatar\/773dfbea8e343d713fab9f9d260928e7d0cdec810ed77069deb62cbb28aa8aba?s=96&d=mm&r=g","caption":"Constanze"},"description":"...ist die Melange aus Wiener Gem\u00fctlichkeit und Berliner Lifestyle. Schw\u00e4che f\u00fcr Popculture und Memes. Sie isst, trinkt, lebt Social Media und verst\u00e4rkt nach ihrem Studium in \u00d6sterreich nun unser Team in Berlin. \u00d6fter beim Feiern als auf der Yogamatte anzutreffend behaupten manche, ihr Lieblings-Emoji sei der Mittelfinger - wir nennen es Wiener Charme. Ganz Sicher!","sameAs":["instagram.com\/conzi.conzi"],"url":"https:\/\/www.thebestsocial.media\/de\/author\/andrea\/"}]}},"amp_enabled":true,"_links":{"self":[{"href":"https:\/\/www.thebestsocial.media\/de\/wp-json\/wp\/v2\/posts\/142450","targetHints":{"allow":["GET"]}}],"collection":[{"href":"https:\/\/www.thebestsocial.media\/de\/wp-json\/wp\/v2\/posts"}],"about":[{"href":"https:\/\/www.thebestsocial.media\/de\/wp-json\/wp\/v2\/types\/post"}],"author":[{"embeddable":true,"href":"https:\/\/www.thebestsocial.media\/de\/wp-json\/wp\/v2\/users\/14"}],"replies":[{"embeddable":true,"href":"https:\/\/www.thebestsocial.media\/de\/wp-json\/wp\/v2\/comments?post=142450"}],"version-history":[{"count":10,"href":"https:\/\/www.thebestsocial.media\/de\/wp-json\/wp\/v2\/posts\/142450\/revisions"}],"predecessor-version":[{"id":142467,"href":"https:\/\/www.thebestsocial.media\/de\/wp-json\/wp\/v2\/posts\/142450\/revisions\/142467"}],"wp:featuredmedia":[{"embeddable":true,"href":"https:\/\/www.thebestsocial.media\/de\/wp-json\/wp\/v2\/media\/142465"}],"wp:attachment":[{"href":"https:\/\/www.thebestsocial.media\/de\/wp-json\/wp\/v2\/media?parent=142450"}],"wp:term":[{"taxonomy":"category","embeddable":true,"href":"https:\/\/www.thebestsocial.media\/de\/wp-json\/wp\/v2\/categories?post=142450"},{"taxonomy":"post_tag","embeddable":true,"href":"https:\/\/www.thebestsocial.media\/de\/wp-json\/wp\/v2\/tags?post=142450"}],"curies":[{"name":"wp","href":"https:\/\/api.w.org\/{rel}","templated":true}]}}