{"id":142317,"date":"2021-02-26T15:07:46","date_gmt":"2021-02-26T15:07:46","guid":{"rendered":"https:\/\/www.thebestsocial.media\/de\/?p=142317"},"modified":"2021-03-01T09:14:47","modified_gmt":"2021-03-01T09:14:47","slug":"eklat-bei-bayern3-moderator-vergleicht-k-pop-band-mit-coronavirus-und-bekommt-heftige-kritik","status":"publish","type":"post","link":"https:\/\/www.thebestsocial.media\/de\/eklat-bei-bayern3-moderator-vergleicht-k-pop-band-mit-coronavirus-und-bekommt-heftige-kritik\/","title":{"rendered":"Eklat bei Bayern3: Moderator vergleicht K-Pop Band mit Coronavirus und bekommt heftige Kritik"},"content":{"rendered":"<p>Nach dem <a href=\"https:\/\/www.thebestsocial.media\/de\/die-letzte-instanz\/\">letzte Instanz-<\/a>Eklat beim WDR nun ein weitere Shitstrom gegen einen \u00f6ffentlich-rechtlichen Sender. Dieses Mal beim Regionalradio Bayern3. Hintergrund dazu: Die koreanische \u00dcberband BTS hat bei einem MTV Unplugged &#8222;Fix you&#8220; von Coldplay gecovered. Der Moderator Matthias Matuschik bezeichnete sie daraufhin als &#8222;kleine Pisser&#8220; und sprach von Gottesl\u00e4sterung. Zugleich vergleicht der die K-Popper mit &#8222;irgendeinem Schei\u00dfvirus, wogegen es aber hoffentlich bald ebenfalls eine Impfung gibt&#8220;. Da das Radio sich zwar an viele Empf\u00e4nger wendet jedoch \u00fcber keinen direkten R\u00fcckkanal verf\u00fcgt, wird Bayern3 die Rechnung im Internet pr\u00e4sentiert &#8211; in Form von \u00f6ffentlicher Kritik in den sozialen Medien. Der Sender hat inzwischen Stellung genommen. Wir haben den um Welt gehenden Hashtag #Bayern3Racist f\u00fcr euch chronologisch zusammengefasst. <\/p>\n<p>&nbsp;<br \/>\n<strong>Mitschnitt der Sendung: &#8222;Nichts gegen S\u00fcdkorea, ich hab ein Auto aus S\u00fcdkorea [&#8230;]Dann geben diese kleine Pisser BTS auch noch damit an, Fix you von Coldplay gecovert zu haben. Das ist Gottesl\u00e4sterung.[&#8230;]Daf\u00fcr werdet ihr in Nordkorea Urlaub machen.<\/strong><br \/>\nhttps:\/\/twitter.com\/ARAB1_ARMY\/status\/1365214983760588801?ref_src=twsrc%5Etfw%7Ctwcamp%5Etweetembed%7Ctwterm%5E1365216812200255488%7Ctwgr%5E%7Ctwcon%5Es2_&#038;ref_url=https%3A%2F%2Fwww.stern.de%2Fkultur%2Fmusik%2Frassismusvorwuerfe-gegen-bayern3-moderator&#8211;er-verglich-koreanische-popband-mit-dem-coronavirus-30395156.html<\/p>\n<blockquote class=\"twitter-tweet\" data-conversation=\"none\">\n<p lang=\"de\" dir=\"ltr\">Hallo <a href=\"https:\/\/twitter.com\/bayern3?ref_src=twsrc%5Etfw\">@bayern3<\/a> Team,<br \/>Rassismus, Beleidigungen und einen Bezug zu CO&#39;VID, Gottesl\u00e4sterung und Nordkorea herzustellen, wie rechtfertigt ihr solche Aussagen gegen\u00fcber BTS &amp; ihrem Auftritt bei MTV Unplugged?<br \/>Wir sehen hier ganz klare Fremdenfeindlichkeit &amp; fordern eine Stellungnahme!<\/p>\n<p>&mdash; \u062f\u0648\u0631\u064a BYLAC (@doryspringday) <a href=\"https:\/\/twitter.com\/doryspringday\/status\/1365215564562587650?ref_src=twsrc%5Etfw\">February 26, 2021<\/a><\/p><\/blockquote>\n<p> <script async src=\"https:\/\/platform.twitter.com\/widgets.js\" charset=\"utf-8\"><\/script><\/p>\n<blockquote class=\"twitter-tweet\" data-conversation=\"none\">\n<p lang=\"de\" dir=\"ltr\">Die Kritik ist mehr als angemessen, wenn man die Anti-Asiatische und xenophobe Grundstimmung einbezieht, das Problem geht weit \u00fcber das Beleidigen der Band hinaus.<\/p>\n<p>&mdash; \ud83c\udf3fMina\u2077\ud83e\udd8b\u00b9\u00b2\u2077 (@eclipseofadaisy) <a href=\"https:\/\/twitter.com\/eclipseofadaisy\/status\/1365229914216161281?ref_src=twsrc%5Etfw\">February 26, 2021<\/a><\/p><\/blockquote>\n<p> <script async src=\"https:\/\/platform.twitter.com\/widgets.js\" charset=\"utf-8\"><\/script><\/p>\n<p>&nbsp;<br \/>\n<strong>Kritisiert werden die rassistischen Aussagen von Matuschik. Nicht die &#8211; nach eigenen Aussagen &#8211; &#8222;pers\u00f6nlichen Musikpr\u00e4ferenzen&#8220; <\/strong><br \/>\nhttps:\/\/twitter.com\/bebluehope\/status\/1365282426109505536<\/p>\n<p>&nbsp;<br \/>\n<strong>Auf Twitter trenden derzeit die Hashtags #Bayern3Racist und #Bayern3Rassismus. <\/strong><\/p>\n<div class=\"dbsm-oembed\">\n<blockquote class=\"twitter-tweet\" data-width=\"500\" data-dnt=\"true\">\n<p lang=\"de\" dir=\"ltr\">Gl\u00fcckwunsch an <a href=\"https:\/\/twitter.com\/bayern3?ref_src=twsrc%5Etfw\">@bayern3<\/a> zum Anzetteln eines Internetkriegs mit dem gr\u00f6\u00dften popkulturellen Ph\u00e4nomen der j\u00fcngeren Musikgeschichte. Wie l\u00e4ufts denn so beim Social Media Team?<a href=\"https:\/\/twitter.com\/hashtag\/Bayern3Racist?src=hash&amp;ref_src=twsrc%5Etfw\">#Bayern3Racist<\/a> <a href=\"https:\/\/twitter.com\/hashtag\/ARMY?src=hash&amp;ref_src=twsrc%5Etfw\">#ARMY<\/a><\/p>\n<p>&mdash; Fritz Gillerke (@fritzgillerke) <a href=\"https:\/\/twitter.com\/fritzgillerke\/status\/1365234654069071872?ref_src=twsrc%5Etfw\">February 26, 2021<\/a><\/p><\/blockquote>\n<p><script async src=\"https:\/\/platform.twitter.com\/widgets.js\" charset=\"utf-8\"><\/script><\/div>\n<p>https:\/\/twitter.com\/jenshealthde\/status\/1365251852544131072<\/p>\n<blockquote class=\"twitter-tweet\" data-conversation=\"none\">\n<p lang=\"de\" dir=\"ltr\">Es geht hier nicht nur um die Band. Das Problem ist der Rassismus: Die Abwertung asiatischer Menschen (hier BTS), indem man sie als Virus bezeichnet, gegen den Impfstoff entwickelt werden solle. Gerade in der Pandemie, wo so viele Asians diesen Rassismus erleben.<a href=\"https:\/\/twitter.com\/hashtag\/Bayern3Racist?src=hash&amp;ref_src=twsrc%5Etfw\">#Bayern3Racist<\/a><\/p>\n<p>&mdash; Nhi Le (@nhile_de) <a href=\"https:\/\/twitter.com\/nhile_de\/status\/1365259004797194244?ref_src=twsrc%5Etfw\">February 26, 2021<\/a><\/p><\/blockquote>\n<p> <script async src=\"https:\/\/platform.twitter.com\/widgets.js\" charset=\"utf-8\"><\/script><\/p>\n<div class=\"dbsm-oembed\">\n<blockquote class=\"twitter-tweet\" data-width=\"500\" data-dnt=\"true\">\n<p lang=\"de\" dir=\"ltr\">Man muss ja nun KPop und BTS nicht m\u00f6gen. Ist auch nicht unbedingt mein Fall. Aber grunds\u00e4tzlich braucht man weder Bands noch ihre Fans noch Genres noch irgendwen sonst &quot;kleine Pisser&quot; nennen, sie nach Nordkorea w\u00fcnschen und sie mit Viren vergleichen. <a href=\"https:\/\/twitter.com\/hashtag\/RassismusbeiBayern3?src=hash&amp;ref_src=twsrc%5Etfw\">#RassismusbeiBayern3<\/a><\/p>\n<p>&mdash; Matze X M\u00fcnchen (@matze_aus_muc) <a href=\"https:\/\/twitter.com\/matze_aus_muc\/status\/1365065560149663750?ref_src=twsrc%5Etfw\">February 25, 2021<\/a><\/p><\/blockquote>\n<p><script async src=\"https:\/\/platform.twitter.com\/widgets.js\" charset=\"utf-8\"><\/script><\/div>\n<p>&nbsp;<br \/>\n<strong>Das Statement des Radio Senders, eine sogenannte <em>Nopology<\/em>, st\u00f6\u00dft auf weitere Kritik.<\/strong><\/p>\n<div class=\"dbsm-oembed\">\n<blockquote class=\"twitter-tweet\" data-width=\"500\" data-dnt=\"true\">\n<p lang=\"de\" dir=\"ltr\">&quot;BTS ist genauso wie ein schei\u00df Virus, wogegen es hoffentlich bald ebenfalls eine Impfung gibt!&quot;<br \/>Die Entschuldigung von Bayern3:<br \/>&quot;Pers\u00f6nliche Meinung&quot;<\/p>\n<p>Rassismus ist keine Meinung. Rassismus ist keine Kritik.<br \/>Rassismus ist kein Geschmack. <a href=\"https:\/\/twitter.com\/hashtag\/Bayern3Racist?src=hash&amp;ref_src=twsrc%5Etfw\">#Bayern3Racist<\/a> <a href=\"https:\/\/twitter.com\/hashtag\/RacismIsNotAnOpinion?src=hash&amp;ref_src=twsrc%5Etfw\">#RacismIsNotAnOpinion<\/a> <a href=\"https:\/\/t.co\/NNcmdweN6Q\">pic.twitter.com\/NNcmdweN6Q<\/a><\/p>\n<p>&mdash; ayna \ud83e\udd86 (@aynadraws) <a href=\"https:\/\/twitter.com\/aynadraws\/status\/1365282581957259272?ref_src=twsrc%5Etfw\">February 26, 2021<\/a><\/p><\/blockquote>\n<p><script async src=\"https:\/\/platform.twitter.com\/widgets.js\" charset=\"utf-8\"><\/script><\/div>\n<div class=\"dbsm-oembed\">\n<blockquote class=\"twitter-tweet\" data-width=\"500\" data-dnt=\"true\">\n<p lang=\"de\" dir=\"ltr\">er muss weg, er muss weg und auch wenn ich ihn eigenh\u00e4ndig wegschleppen muss, er muss weg<a href=\"https:\/\/twitter.com\/hashtag\/RassismusBeiBayern3?src=hash&amp;ref_src=twsrc%5Etfw\">#RassismusBeiBayern3<\/a> <a href=\"https:\/\/twitter.com\/hashtag\/Bayern3Racist?src=hash&amp;ref_src=twsrc%5Etfw\">#Bayern3Racist<\/a> <a href=\"https:\/\/twitter.com\/hashtag\/RacismBayern3?src=hash&amp;ref_src=twsrc%5Etfw\">#RacismBayern3<\/a> <a href=\"https:\/\/t.co\/fOHRPmnpz8\">pic.twitter.com\/fOHRPmnpz8<\/a><\/p>\n<p>&mdash; michi \ud83d\udc1d (@joonceps) <a href=\"https:\/\/twitter.com\/joonceps\/status\/1365275021095100416?ref_src=twsrc%5Etfw\">February 26, 2021<\/a><\/p><\/blockquote>\n<p><script async src=\"https:\/\/platform.twitter.com\/widgets.js\" charset=\"utf-8\"><\/script><\/div>\n<p>https:\/\/twitter.com\/herrpandabaer\/status\/1365289525036146696<\/p>\n<div class=\"dbsm-oembed\">\n<blockquote class=\"twitter-tweet\" data-width=\"500\" data-dnt=\"true\">\n<p lang=\"de\" dir=\"ltr\">Das ist \u00fcbler Rassismus, der da bei <a href=\"https:\/\/twitter.com\/bayern3?ref_src=twsrc%5Etfw\">@bayern3<\/a> gesendet wurde. Hinterher solch eine Nonpology zu schicken, macht es nicht besser, sondern nur schlimmer! Kein Mensch, der so denkt &amp; spricht, sollte vor einem Mikro sitzen, das wir mit \u00d6R-Geb\u00fchren mitfinanzieren. <a href=\"https:\/\/twitter.com\/hashtag\/Bayern3Racist?src=hash&amp;ref_src=twsrc%5Etfw\">#Bayern3Racist<\/a><\/p>\n<p>&mdash; Enno Bunger (@ennobunger) <a href=\"https:\/\/twitter.com\/ennobunger\/status\/1365275599439339520?ref_src=twsrc%5Etfw\">February 26, 2021<\/a><\/p><\/blockquote>\n<p><script async src=\"https:\/\/platform.twitter.com\/widgets.js\" charset=\"utf-8\"><\/script><\/div>\n<p>&nbsp;<br \/>\n<strong>Daraufhin folgt eine weitere Stellungnahme. <\/strong><\/p>\n<div class=\"dbsm-oembed\">\n<blockquote class=\"twitter-tweet\" data-width=\"500\" data-dnt=\"true\">\n<p lang=\"de\" dir=\"ltr\">Erg\u00e4nzende Stellungnahme von BAYERN 3 und Matthias Matuschik<br \/>__________________<br \/>Additional Statement by BAYERN 3 and Matthias Matuschik [ENG TRANS] <\/p>\n<p>(Bitte verzichtet auf Beleidigungen gegen\u00fcber dem Sender und dem Host, wir m\u00fcssen als Fans respektvoll und sachlich bleiben) <a href=\"https:\/\/t.co\/oxWmzG9Cqx\">pic.twitter.com\/oxWmzG9Cqx<\/a><\/p>\n<p>&mdash; BTS UPDATES GERMANY \u2077 \ud83c\udde9\ud83c\uddea (@BTS_UPDATES_GER) <a href=\"https:\/\/twitter.com\/BTS_UPDATES_GER\/status\/1365305564050382849?ref_src=twsrc%5Etfw\">February 26, 2021<\/a><\/p><\/blockquote>\n<p><script async src=\"https:\/\/platform.twitter.com\/widgets.js\" charset=\"utf-8\"><\/script><\/div>\n<p>&nbsp;<br \/>\n<strong>Der Hashtag trendet derzeit weiter &#8211; bleibt up-to date unter <a href=\"https:\/\/twitter.com\/search?q=(%23RassismusBeiBayern3)%20&#038;src=typed_query\">#Bayern3Racist<\/a> auf Twitter. <\/strong><\/p>\n<div class=\"dbsm-oembed\">\n<blockquote class=\"twitter-tweet\" data-width=\"500\" data-dnt=\"true\">\n<p lang=\"de\" dir=\"ltr\">Reminder: <\/p>\n<p>Die eigene Meinungsfreiheit h\u00f6rt da auf, wo die W\u00fcrde eines anderen verletzt wird. <a href=\"https:\/\/twitter.com\/hashtag\/RassismusBeiBayern3?src=hash&amp;ref_src=twsrc%5Etfw\">#RassismusBeiBayern3<\/a> <a href=\"https:\/\/twitter.com\/hashtag\/Bayern3Racist?src=hash&amp;ref_src=twsrc%5Etfw\">#Bayern3Racist<\/a><\/p>\n<p>&mdash; BTS UPDATES GERMANY \u2077 \ud83c\udde9\ud83c\uddea (@BTS_UPDATES_GER) <a href=\"https:\/\/twitter.com\/BTS_UPDATES_GER\/status\/1365054632918147077?ref_src=twsrc%5Etfw\">February 25, 2021<\/a><\/p><\/blockquote>\n<p><script async src=\"https:\/\/platform.twitter.com\/widgets.js\" charset=\"utf-8\"><\/script><\/div>\n<p>&nbsp;<\/p>\n<p>&#8212;<\/p>\n<p><strong>Keine Influencer! Kein Foodporn! Nur ganz viel Spa\u00df &#8211; bei uns auf Instagram:<\/strong><\/p>\n<blockquote class=\"instagram-media\" style=\"background: #FFF; border: 0; border-radius: 3px; box-shadow: 0 0 1px 0 rgba(0,0,0,0.5),0 1px 10px 0 rgba(0,0,0,0.15); margin: 1px; max-width: 540px; min-width: 326px; padding: 0; width: calc(100% - 2px);\" data-instgrm-captioned=\"\" data-instgrm-permalink=\"https:\/\/www.instagram.com\/p\/CK3XHkogNu6\/?utm_source=ig_embed&amp;utm_campaign=loading\" data-instgrm-version=\"13\">\n<div style=\"padding: 16px;\">\n<p>&nbsp;<\/p>\n<div style=\"display: flex; flex-direction: row; align-items: center;\">\n<div style=\"background-color: #f4f4f4; border-radius: 50%; flex-grow: 0; height: 40px; margin-right: 14px; width: 40px;\"><\/div>\n<div style=\"display: flex; flex-direction: column; flex-grow: 1; justify-content: center;\">\n<div style=\"background-color: #f4f4f4; border-radius: 4px; flex-grow: 0; height: 14px; margin-bottom: 6px; width: 100px;\"><\/div>\n<div style=\"background-color: #f4f4f4; border-radius: 4px; flex-grow: 0; height: 14px; width: 60px;\"><\/div>\n<\/div>\n<\/div>\n<div style=\"padding: 19% 0;\"><\/div>\n<div style=\"display: block; height: 50px; margin: 0 auto 12px; width: 50px;\"><\/div>\n<div style=\"padding-top: 8px;\">\n<div style=\"color: #3897f0; font-family: Arial,sans-serif; font-size: 14px; font-style: normal; font-weight: 550; line-height: 18px;\">Sieh dir diesen Beitrag auf Instagram an<\/div>\n<\/div>\n<div style=\"padding: 12.5% 0;\"><\/div>\n<div style=\"display: flex; flex-direction: row; margin-bottom: 14px; align-items: center;\">\n<div>\n<div style=\"background-color: #f4f4f4; border-radius: 50%; height: 12.5px; width: 12.5px; transform: translateX(0px) translateY(7px);\"><\/div>\n<div style=\"background-color: #f4f4f4; height: 12.5px; transform: rotate(-45deg) translateX(3px) translateY(1px); width: 12.5px; flex-grow: 0; margin-right: 14px; margin-left: 2px;\"><\/div>\n<div style=\"background-color: #f4f4f4; border-radius: 50%; height: 12.5px; width: 12.5px; transform: translateX(9px) translateY(-18px);\"><\/div>\n<\/div>\n<div style=\"margin-left: 8px;\">\n<div style=\"background-color: #f4f4f4; border-radius: 50%; flex-grow: 0; height: 20px; width: 20px;\"><\/div>\n<div style=\"width: 0; height: 0; border-top: 2px solid transparent; border-left: 6px solid #f4f4f4; border-bottom: 2px solid transparent; transform: translateX(16px) translateY(-4px) rotate(30deg);\"><\/div>\n<\/div>\n<div style=\"margin-left: auto;\">\n<div style=\"width: 0px; border-top: 8px solid #F4F4F4; border-right: 8px solid transparent; transform: translateY(16px);\"><\/div>\n<div style=\"background-color: #f4f4f4; flex-grow: 0; height: 12px; width: 16px; transform: translateY(-4px);\"><\/div>\n<div style=\"width: 0; height: 0; border-top: 8px solid #F4F4F4; border-left: 8px solid transparent; transform: translateY(-4px) translateX(8px);\"><\/div>\n<\/div>\n<\/div>\n<div style=\"display: flex; flex-direction: column; flex-grow: 1; justify-content: center; margin-bottom: 24px;\">\n<div style=\"background-color: #f4f4f4; border-radius: 4px; flex-grow: 0; height: 14px; margin-bottom: 6px; width: 224px;\"><\/div>\n<div style=\"background-color: #f4f4f4; border-radius: 4px; flex-grow: 0; height: 14px; width: 144px;\"><\/div>\n<\/div>\n<p>&nbsp;<\/p>\n<p style=\"color: #c9c8cd; font-family: Arial,sans-serif; font-size: 14px; line-height: 17px; margin-bottom: 0; margin-top: 8px; overflow: hidden; padding: 8px 0 7px; text-align: center; text-overflow: ellipsis; white-space: nowrap;\"><a style=\"color: #c9c8cd; font-family: Arial,sans-serif; font-size: 14px; font-style: normal; font-weight: normal; line-height: 17px; text-decoration: none;\" href=\"https:\/\/www.instagram.com\/p\/CK3XHkogNu6\/?utm_source=ig_embed&amp;utm_campaign=loading\" target=\"_blank\" rel=\"noopener\">Ein Beitrag geteilt von The Best Social Media &#8211; DE (@thebestsocialmediade)<\/a><\/p>\n<\/div>\n<\/blockquote>\n\n<script async defer src=\"\/instagram-embed.js\"><\/script>","protected":false},"excerpt":{"rendered":"<p>Nach dem letzte Instanz-Eklat beim WDR nun ein weitere Shitstrom gegen einen \u00f6ffentlich-rechtlichen Sender. Dieses Mal beim Regionalradio Bayern3. Hintergrund dazu: Die koreanische \u00dcberband BTS&#8230;<\/p>\n","protected":false},"author":14,"featured_media":142337,"comment_status":"open","ping_status":"open","sticky":false,"template":"","format":"standard","meta":{"_acf_changed":false,"footnotes":""},"categories":[460],"tags":[4579,4580,629],"class_list":["post-142317","post","type-post","status-publish","format-standard","has-post-thumbnail","hentry","category-fail","tag-bayern3","tag-bts","tag-rassismus"],"acf":[],"yoast_head":"<!-- This site is optimized with the Yoast SEO plugin v27.5 - https:\/\/yoast.com\/product\/yoast-seo-wordpress\/ -->\n<title>Eklat bei Bayern3: Moderator vergleicht K-Pop Band mit Coronavirus und bekommt heftige Kritik - The Best Social Media DE<\/title>\n<meta name=\"description\" content=\"Der Bayern3 Moderator Matthias Matsuschik, bezeichnete BTS als &quot;Kleine Pisser&quot; und spricht von Gottesl\u00e4sterung.\" \/>\n<meta name=\"robots\" content=\"index, follow, max-snippet:-1, max-image-preview:large, max-video-preview:-1\" \/>\n<link rel=\"canonical\" href=\"https:\/\/www.thebestsocial.media\/de\/eklat-bei-bayern3-moderator-vergleicht-k-pop-band-mit-coronavirus-und-bekommt-heftige-kritik\/\" \/>\n<meta property=\"og:locale\" content=\"de_DE\" \/>\n<meta property=\"og:type\" content=\"article\" \/>\n<meta property=\"og:title\" content=\"Eklat bei Bayern3: Moderator vergleicht K-Pop Band mit Coronavirus und bekommt heftige Kritik\" \/>\n<meta property=\"og:description\" content=\"Der Bayern3 Moderator Matthias Matsuschik, bezeichnete BTS als &quot;Kleine Pisser&quot; und spricht von Gottesl\u00e4sterung.\" \/>\n<meta property=\"og:url\" content=\"https:\/\/www.thebestsocial.media\/de\/eklat-bei-bayern3-moderator-vergleicht-k-pop-band-mit-coronavirus-und-bekommt-heftige-kritik\/\" \/>\n<meta property=\"og:site_name\" content=\"The Best Social Media DE\" \/>\n<meta property=\"article:published_time\" content=\"2021-02-26T15:07:46+00:00\" \/>\n<meta property=\"article:modified_time\" content=\"2021-03-01T09:14:47+00:00\" \/>\n<meta property=\"og:image\" content=\"https:\/\/www.thebestsocial.media\/de\/wp-content\/uploads\/sites\/3\/2021\/02\/kpop.png\" \/>\n\t<meta property=\"og:image:width\" content=\"1200\" \/>\n\t<meta property=\"og:image:height\" content=\"630\" \/>\n\t<meta property=\"og:image:type\" content=\"image\/png\" \/>\n<meta name=\"author\" content=\"Constanze\" \/>\n<meta name=\"twitter:card\" content=\"summary_large_image\" \/>\n<meta name=\"twitter:label1\" content=\"Verfasst von\" \/>\n\t<meta name=\"twitter:data1\" content=\"Constanze\" \/>\n\t<meta name=\"twitter:label2\" content=\"Gesch\u00e4tzte Lesezeit\" \/>\n\t<meta name=\"twitter:data2\" content=\"2\u00a0Minuten\" \/>\n<script type=\"application\/ld+json\" class=\"yoast-schema-graph\">{\"@context\":\"https:\\\/\\\/schema.org\",\"@graph\":[{\"@type\":\"Article\",\"@id\":\"https:\\\/\\\/www.thebestsocial.media\\\/de\\\/eklat-bei-bayern3-moderator-vergleicht-k-pop-band-mit-coronavirus-und-bekommt-heftige-kritik\\\/#article\",\"isPartOf\":{\"@id\":\"https:\\\/\\\/www.thebestsocial.media\\\/de\\\/eklat-bei-bayern3-moderator-vergleicht-k-pop-band-mit-coronavirus-und-bekommt-heftige-kritik\\\/\"},\"author\":{\"name\":\"Constanze\",\"@id\":\"https:\\\/\\\/www.thebestsocial.media\\\/de\\\/#\\\/schema\\\/person\\\/d1c756792eddf0f6cee18795050a9a19\"},\"headline\":\"Eklat bei Bayern3: Moderator vergleicht K-Pop Band mit Coronavirus und bekommt heftige Kritik\",\"datePublished\":\"2021-02-26T15:07:46+00:00\",\"dateModified\":\"2021-03-01T09:14:47+00:00\",\"mainEntityOfPage\":{\"@id\":\"https:\\\/\\\/www.thebestsocial.media\\\/de\\\/eklat-bei-bayern3-moderator-vergleicht-k-pop-band-mit-coronavirus-und-bekommt-heftige-kritik\\\/\"},\"wordCount\":492,\"commentCount\":0,\"image\":{\"@id\":\"https:\\\/\\\/www.thebestsocial.media\\\/de\\\/eklat-bei-bayern3-moderator-vergleicht-k-pop-band-mit-coronavirus-und-bekommt-heftige-kritik\\\/#primaryimage\"},\"thumbnailUrl\":\"https:\\\/\\\/www.thebestsocial.media\\\/de\\\/wp-content\\\/uploads\\\/sites\\\/3\\\/2021\\\/02\\\/pexels-gratisography-484-scaled.jpg\",\"keywords\":[\"Bayern3\",\"BTS\",\"Rassismus\"],\"articleSection\":[\"Fail\"],\"inLanguage\":\"de\",\"potentialAction\":[{\"@type\":\"CommentAction\",\"name\":\"Comment\",\"target\":[\"https:\\\/\\\/www.thebestsocial.media\\\/de\\\/eklat-bei-bayern3-moderator-vergleicht-k-pop-band-mit-coronavirus-und-bekommt-heftige-kritik\\\/#respond\"]}]},{\"@type\":\"WebPage\",\"@id\":\"https:\\\/\\\/www.thebestsocial.media\\\/de\\\/eklat-bei-bayern3-moderator-vergleicht-k-pop-band-mit-coronavirus-und-bekommt-heftige-kritik\\\/\",\"url\":\"https:\\\/\\\/www.thebestsocial.media\\\/de\\\/eklat-bei-bayern3-moderator-vergleicht-k-pop-band-mit-coronavirus-und-bekommt-heftige-kritik\\\/\",\"name\":\"Eklat bei Bayern3: Moderator vergleicht K-Pop Band mit Coronavirus und bekommt heftige Kritik - The Best Social Media DE\",\"isPartOf\":{\"@id\":\"https:\\\/\\\/www.thebestsocial.media\\\/de\\\/#website\"},\"primaryImageOfPage\":{\"@id\":\"https:\\\/\\\/www.thebestsocial.media\\\/de\\\/eklat-bei-bayern3-moderator-vergleicht-k-pop-band-mit-coronavirus-und-bekommt-heftige-kritik\\\/#primaryimage\"},\"image\":{\"@id\":\"https:\\\/\\\/www.thebestsocial.media\\\/de\\\/eklat-bei-bayern3-moderator-vergleicht-k-pop-band-mit-coronavirus-und-bekommt-heftige-kritik\\\/#primaryimage\"},\"thumbnailUrl\":\"https:\\\/\\\/www.thebestsocial.media\\\/de\\\/wp-content\\\/uploads\\\/sites\\\/3\\\/2021\\\/02\\\/pexels-gratisography-484-scaled.jpg\",\"datePublished\":\"2021-02-26T15:07:46+00:00\",\"dateModified\":\"2021-03-01T09:14:47+00:00\",\"author\":{\"@id\":\"https:\\\/\\\/www.thebestsocial.media\\\/de\\\/#\\\/schema\\\/person\\\/d1c756792eddf0f6cee18795050a9a19\"},\"description\":\"Der Bayern3 Moderator Matthias Matsuschik, bezeichnete BTS als \\\"Kleine Pisser\\\" und spricht von Gottesl\u00e4sterung.\",\"breadcrumb\":{\"@id\":\"https:\\\/\\\/www.thebestsocial.media\\\/de\\\/eklat-bei-bayern3-moderator-vergleicht-k-pop-band-mit-coronavirus-und-bekommt-heftige-kritik\\\/#breadcrumb\"},\"inLanguage\":\"de\",\"potentialAction\":[{\"@type\":\"ReadAction\",\"target\":[\"https:\\\/\\\/www.thebestsocial.media\\\/de\\\/eklat-bei-bayern3-moderator-vergleicht-k-pop-band-mit-coronavirus-und-bekommt-heftige-kritik\\\/\"]}]},{\"@type\":\"ImageObject\",\"inLanguage\":\"de\",\"@id\":\"https:\\\/\\\/www.thebestsocial.media\\\/de\\\/eklat-bei-bayern3-moderator-vergleicht-k-pop-band-mit-coronavirus-und-bekommt-heftige-kritik\\\/#primaryimage\",\"url\":\"https:\\\/\\\/www.thebestsocial.media\\\/de\\\/wp-content\\\/uploads\\\/sites\\\/3\\\/2021\\\/02\\\/pexels-gratisography-484-scaled.jpg\",\"contentUrl\":\"https:\\\/\\\/www.thebestsocial.media\\\/de\\\/wp-content\\\/uploads\\\/sites\\\/3\\\/2021\\\/02\\\/pexels-gratisography-484-scaled.jpg\",\"width\":2560,\"height\":1707},{\"@type\":\"BreadcrumbList\",\"@id\":\"https:\\\/\\\/www.thebestsocial.media\\\/de\\\/eklat-bei-bayern3-moderator-vergleicht-k-pop-band-mit-coronavirus-und-bekommt-heftige-kritik\\\/#breadcrumb\",\"itemListElement\":[{\"@type\":\"ListItem\",\"position\":1,\"name\":\"Home\",\"item\":\"https:\\\/\\\/www.thebestsocial.media\\\/de\\\/\"},{\"@type\":\"ListItem\",\"position\":2,\"name\":\"Eklat bei Bayern3: Moderator vergleicht K-Pop Band mit Coronavirus und bekommt heftige Kritik\"}]},{\"@type\":\"WebSite\",\"@id\":\"https:\\\/\\\/www.thebestsocial.media\\\/de\\\/#website\",\"url\":\"https:\\\/\\\/www.thebestsocial.media\\\/de\\\/\",\"name\":\"The Best Social Media DE\",\"description\":\"\",\"potentialAction\":[{\"@type\":\"SearchAction\",\"target\":{\"@type\":\"EntryPoint\",\"urlTemplate\":\"https:\\\/\\\/www.thebestsocial.media\\\/de\\\/?s={search_term_string}\"},\"query-input\":{\"@type\":\"PropertyValueSpecification\",\"valueRequired\":true,\"valueName\":\"search_term_string\"}}],\"inLanguage\":\"de\"},{\"@type\":\"Person\",\"@id\":\"https:\\\/\\\/www.thebestsocial.media\\\/de\\\/#\\\/schema\\\/person\\\/d1c756792eddf0f6cee18795050a9a19\",\"name\":\"Constanze\",\"image\":{\"@type\":\"ImageObject\",\"inLanguage\":\"de\",\"@id\":\"https:\\\/\\\/secure.gravatar.com\\\/avatar\\\/773dfbea8e343d713fab9f9d260928e7d0cdec810ed77069deb62cbb28aa8aba?s=96&d=mm&r=g\",\"url\":\"https:\\\/\\\/secure.gravatar.com\\\/avatar\\\/773dfbea8e343d713fab9f9d260928e7d0cdec810ed77069deb62cbb28aa8aba?s=96&d=mm&r=g\",\"contentUrl\":\"https:\\\/\\\/secure.gravatar.com\\\/avatar\\\/773dfbea8e343d713fab9f9d260928e7d0cdec810ed77069deb62cbb28aa8aba?s=96&d=mm&r=g\",\"caption\":\"Constanze\"},\"description\":\"...ist die Melange aus Wiener Gem\u00fctlichkeit und Berliner Lifestyle. Schw\u00e4che f\u00fcr Popculture und Memes. Sie isst, trinkt, lebt Social Media und verst\u00e4rkt nach ihrem Studium in \u00d6sterreich nun unser Team in Berlin. \u00d6fter beim Feiern als auf der Yogamatte anzutreffend behaupten manche, ihr Lieblings-Emoji sei der Mittelfinger - wir nennen es Wiener Charme. Ganz Sicher!\",\"sameAs\":[\"instagram.com\\\/conzi.conzi\"],\"url\":\"https:\\\/\\\/www.thebestsocial.media\\\/de\\\/author\\\/andrea\\\/\"}]}<\/script>\n<!-- \/ Yoast SEO plugin. -->","yoast_head_json":{"title":"Eklat bei Bayern3: Moderator vergleicht K-Pop Band mit Coronavirus und bekommt heftige Kritik - The Best Social Media DE","description":"Der Bayern3 Moderator Matthias Matsuschik, bezeichnete BTS als \"Kleine Pisser\" und spricht von Gottesl\u00e4sterung.","robots":{"index":"index","follow":"follow","max-snippet":"max-snippet:-1","max-image-preview":"max-image-preview:large","max-video-preview":"max-video-preview:-1"},"canonical":"https:\/\/www.thebestsocial.media\/de\/eklat-bei-bayern3-moderator-vergleicht-k-pop-band-mit-coronavirus-und-bekommt-heftige-kritik\/","og_locale":"de_DE","og_type":"article","og_title":"Eklat bei Bayern3: Moderator vergleicht K-Pop Band mit Coronavirus und bekommt heftige Kritik","og_description":"Der Bayern3 Moderator Matthias Matsuschik, bezeichnete BTS als \"Kleine Pisser\" und spricht von Gottesl\u00e4sterung.","og_url":"https:\/\/www.thebestsocial.media\/de\/eklat-bei-bayern3-moderator-vergleicht-k-pop-band-mit-coronavirus-und-bekommt-heftige-kritik\/","og_site_name":"The Best Social Media DE","article_published_time":"2021-02-26T15:07:46+00:00","article_modified_time":"2021-03-01T09:14:47+00:00","og_image":[{"width":1200,"height":630,"url":"https:\/\/www.thebestsocial.media\/de\/wp-content\/uploads\/sites\/3\/2021\/02\/kpop.png","type":"image\/png"}],"author":"Constanze","twitter_card":"summary_large_image","twitter_misc":{"Verfasst von":"Constanze","Gesch\u00e4tzte Lesezeit":"2\u00a0Minuten"},"schema":{"@context":"https:\/\/schema.org","@graph":[{"@type":"Article","@id":"https:\/\/www.thebestsocial.media\/de\/eklat-bei-bayern3-moderator-vergleicht-k-pop-band-mit-coronavirus-und-bekommt-heftige-kritik\/#article","isPartOf":{"@id":"https:\/\/www.thebestsocial.media\/de\/eklat-bei-bayern3-moderator-vergleicht-k-pop-band-mit-coronavirus-und-bekommt-heftige-kritik\/"},"author":{"name":"Constanze","@id":"https:\/\/www.thebestsocial.media\/de\/#\/schema\/person\/d1c756792eddf0f6cee18795050a9a19"},"headline":"Eklat bei Bayern3: Moderator vergleicht K-Pop Band mit Coronavirus und bekommt heftige Kritik","datePublished":"2021-02-26T15:07:46+00:00","dateModified":"2021-03-01T09:14:47+00:00","mainEntityOfPage":{"@id":"https:\/\/www.thebestsocial.media\/de\/eklat-bei-bayern3-moderator-vergleicht-k-pop-band-mit-coronavirus-und-bekommt-heftige-kritik\/"},"wordCount":492,"commentCount":0,"image":{"@id":"https:\/\/www.thebestsocial.media\/de\/eklat-bei-bayern3-moderator-vergleicht-k-pop-band-mit-coronavirus-und-bekommt-heftige-kritik\/#primaryimage"},"thumbnailUrl":"https:\/\/www.thebestsocial.media\/de\/wp-content\/uploads\/sites\/3\/2021\/02\/pexels-gratisography-484-scaled.jpg","keywords":["Bayern3","BTS","Rassismus"],"articleSection":["Fail"],"inLanguage":"de","potentialAction":[{"@type":"CommentAction","name":"Comment","target":["https:\/\/www.thebestsocial.media\/de\/eklat-bei-bayern3-moderator-vergleicht-k-pop-band-mit-coronavirus-und-bekommt-heftige-kritik\/#respond"]}]},{"@type":"WebPage","@id":"https:\/\/www.thebestsocial.media\/de\/eklat-bei-bayern3-moderator-vergleicht-k-pop-band-mit-coronavirus-und-bekommt-heftige-kritik\/","url":"https:\/\/www.thebestsocial.media\/de\/eklat-bei-bayern3-moderator-vergleicht-k-pop-band-mit-coronavirus-und-bekommt-heftige-kritik\/","name":"Eklat bei Bayern3: Moderator vergleicht K-Pop Band mit Coronavirus und bekommt heftige Kritik - The Best Social Media DE","isPartOf":{"@id":"https:\/\/www.thebestsocial.media\/de\/#website"},"primaryImageOfPage":{"@id":"https:\/\/www.thebestsocial.media\/de\/eklat-bei-bayern3-moderator-vergleicht-k-pop-band-mit-coronavirus-und-bekommt-heftige-kritik\/#primaryimage"},"image":{"@id":"https:\/\/www.thebestsocial.media\/de\/eklat-bei-bayern3-moderator-vergleicht-k-pop-band-mit-coronavirus-und-bekommt-heftige-kritik\/#primaryimage"},"thumbnailUrl":"https:\/\/www.thebestsocial.media\/de\/wp-content\/uploads\/sites\/3\/2021\/02\/pexels-gratisography-484-scaled.jpg","datePublished":"2021-02-26T15:07:46+00:00","dateModified":"2021-03-01T09:14:47+00:00","author":{"@id":"https:\/\/www.thebestsocial.media\/de\/#\/schema\/person\/d1c756792eddf0f6cee18795050a9a19"},"description":"Der Bayern3 Moderator Matthias Matsuschik, bezeichnete BTS als \"Kleine Pisser\" und spricht von Gottesl\u00e4sterung.","breadcrumb":{"@id":"https:\/\/www.thebestsocial.media\/de\/eklat-bei-bayern3-moderator-vergleicht-k-pop-band-mit-coronavirus-und-bekommt-heftige-kritik\/#breadcrumb"},"inLanguage":"de","potentialAction":[{"@type":"ReadAction","target":["https:\/\/www.thebestsocial.media\/de\/eklat-bei-bayern3-moderator-vergleicht-k-pop-band-mit-coronavirus-und-bekommt-heftige-kritik\/"]}]},{"@type":"ImageObject","inLanguage":"de","@id":"https:\/\/www.thebestsocial.media\/de\/eklat-bei-bayern3-moderator-vergleicht-k-pop-band-mit-coronavirus-und-bekommt-heftige-kritik\/#primaryimage","url":"https:\/\/www.thebestsocial.media\/de\/wp-content\/uploads\/sites\/3\/2021\/02\/pexels-gratisography-484-scaled.jpg","contentUrl":"https:\/\/www.thebestsocial.media\/de\/wp-content\/uploads\/sites\/3\/2021\/02\/pexels-gratisography-484-scaled.jpg","width":2560,"height":1707},{"@type":"BreadcrumbList","@id":"https:\/\/www.thebestsocial.media\/de\/eklat-bei-bayern3-moderator-vergleicht-k-pop-band-mit-coronavirus-und-bekommt-heftige-kritik\/#breadcrumb","itemListElement":[{"@type":"ListItem","position":1,"name":"Home","item":"https:\/\/www.thebestsocial.media\/de\/"},{"@type":"ListItem","position":2,"name":"Eklat bei Bayern3: Moderator vergleicht K-Pop Band mit Coronavirus und bekommt heftige Kritik"}]},{"@type":"WebSite","@id":"https:\/\/www.thebestsocial.media\/de\/#website","url":"https:\/\/www.thebestsocial.media\/de\/","name":"The Best Social Media DE","description":"","potentialAction":[{"@type":"SearchAction","target":{"@type":"EntryPoint","urlTemplate":"https:\/\/www.thebestsocial.media\/de\/?s={search_term_string}"},"query-input":{"@type":"PropertyValueSpecification","valueRequired":true,"valueName":"search_term_string"}}],"inLanguage":"de"},{"@type":"Person","@id":"https:\/\/www.thebestsocial.media\/de\/#\/schema\/person\/d1c756792eddf0f6cee18795050a9a19","name":"Constanze","image":{"@type":"ImageObject","inLanguage":"de","@id":"https:\/\/secure.gravatar.com\/avatar\/773dfbea8e343d713fab9f9d260928e7d0cdec810ed77069deb62cbb28aa8aba?s=96&d=mm&r=g","url":"https:\/\/secure.gravatar.com\/avatar\/773dfbea8e343d713fab9f9d260928e7d0cdec810ed77069deb62cbb28aa8aba?s=96&d=mm&r=g","contentUrl":"https:\/\/secure.gravatar.com\/avatar\/773dfbea8e343d713fab9f9d260928e7d0cdec810ed77069deb62cbb28aa8aba?s=96&d=mm&r=g","caption":"Constanze"},"description":"...ist die Melange aus Wiener Gem\u00fctlichkeit und Berliner Lifestyle. Schw\u00e4che f\u00fcr Popculture und Memes. Sie isst, trinkt, lebt Social Media und verst\u00e4rkt nach ihrem Studium in \u00d6sterreich nun unser Team in Berlin. \u00d6fter beim Feiern als auf der Yogamatte anzutreffend behaupten manche, ihr Lieblings-Emoji sei der Mittelfinger - wir nennen es Wiener Charme. Ganz Sicher!","sameAs":["instagram.com\/conzi.conzi"],"url":"https:\/\/www.thebestsocial.media\/de\/author\/andrea\/"}]}},"amp_enabled":true,"_links":{"self":[{"href":"https:\/\/www.thebestsocial.media\/de\/wp-json\/wp\/v2\/posts\/142317","targetHints":{"allow":["GET"]}}],"collection":[{"href":"https:\/\/www.thebestsocial.media\/de\/wp-json\/wp\/v2\/posts"}],"about":[{"href":"https:\/\/www.thebestsocial.media\/de\/wp-json\/wp\/v2\/types\/post"}],"author":[{"embeddable":true,"href":"https:\/\/www.thebestsocial.media\/de\/wp-json\/wp\/v2\/users\/14"}],"replies":[{"embeddable":true,"href":"https:\/\/www.thebestsocial.media\/de\/wp-json\/wp\/v2\/comments?post=142317"}],"version-history":[{"count":12,"href":"https:\/\/www.thebestsocial.media\/de\/wp-json\/wp\/v2\/posts\/142317\/revisions"}],"predecessor-version":[{"id":142338,"href":"https:\/\/www.thebestsocial.media\/de\/wp-json\/wp\/v2\/posts\/142317\/revisions\/142338"}],"wp:featuredmedia":[{"embeddable":true,"href":"https:\/\/www.thebestsocial.media\/de\/wp-json\/wp\/v2\/media\/142337"}],"wp:attachment":[{"href":"https:\/\/www.thebestsocial.media\/de\/wp-json\/wp\/v2\/media?parent=142317"}],"wp:term":[{"taxonomy":"category","embeddable":true,"href":"https:\/\/www.thebestsocial.media\/de\/wp-json\/wp\/v2\/categories?post=142317"},{"taxonomy":"post_tag","embeddable":true,"href":"https:\/\/www.thebestsocial.media\/de\/wp-json\/wp\/v2\/tags?post=142317"}],"curies":[{"name":"wp","href":"https:\/\/api.w.org\/{rel}","templated":true}]}}