{"id":141506,"date":"2021-02-09T11:00:13","date_gmt":"2021-02-09T11:00:13","guid":{"rendered":"https:\/\/www.thebestsocial.media\/de\/?p=141506"},"modified":"2021-02-09T11:11:50","modified_gmt":"2021-02-09T11:11:50","slug":"wahlplakate-landtagswahlen-2021","status":"publish","type":"post","link":"https:\/\/www.thebestsocial.media\/de\/wahlplakate-landtagswahlen-2021\/","title":{"rendered":"Wahlkampf in zwei Bundesl\u00e4ndern: Die witzigsten und peinlichsten Wahlplakate der Landtagswahlen 2021"},"content":{"rendered":"<p>2021 ist ein Super-Wahljahr! Abgesehen von der Bundestagswahl im September, finden dieses Jahr sechs Landtagswahlen statt. Den Anfang machen am 14. M\u00e4rz Rheinland-Pfalz und Baden-W\u00fcrttemberg. Trotz wetter- und pandemietechnisch widriger Umst\u00e4nde, wird in diesen beiden Bundesl\u00e4ndern &#8211; so gut es geht &#8211; bereits munter Wahlkampf betrieben. Das gute alte Wahlplakat darf dabei nat\u00fcrlich fehlen. Wie bei Wahlplakaten \u00fcblich, findet sich darunter so manch witziges und kurioses Exemplar &#8211; wobei die meisten F\u00e4lle eher unfreiwillig komisch sind. Im Folgenden findest du eine kleine Auswahl der sch\u00f6nsten Wahlplakate zu den Landtagswahlen im Fr\u00fchjahr 2021.<\/p>\n<p>&nbsp;<br \/>\n<strong>1. Der Parteichef geriet zwar zuletzt in die <a href=\"https:\/\/www.thebestsocial.media\/de\/sonneborn-semsrott\/\" rel=\"noopener\" target=\"_blank\">Kritik<\/a>, dennoch ist Die Partei nach wie vor ein Garant f\u00fcr unterhaltsame Wahlplakate.<\/strong><\/p>\n<div class=\"dbsm-oembed\">\n<blockquote class=\"twitter-tweet\" data-width=\"500\" data-dnt=\"true\">\n<p lang=\"de\" dir=\"ltr\">Die PARTEI plakatiert&#8230; <a href=\"https:\/\/t.co\/3cYpAf3t3v\">pic.twitter.com\/3cYpAf3t3v<\/a><\/p>\n<p>&mdash; Martin Sonneborn (@MartinSonneborn) <a href=\"https:\/\/twitter.com\/MartinSonneborn\/status\/1358843289802309641?ref_src=twsrc%5Etfw\">February 8, 2021<\/a><\/p><\/blockquote>\n<p><script async src=\"https:\/\/platform.twitter.com\/widgets.js\" charset=\"utf-8\"><\/script><\/div>\n<p>&nbsp;<br \/>\n<strong>2. Bekanntlich ist es zu ihrem Markenzeichen geworden, die Wahlplakate anderer Parteien zu trollen.<\/strong><\/p>\n<div class=\"dbsm-oembed\">\n<blockquote class=\"twitter-tweet\" data-width=\"500\" data-dnt=\"true\">\n<p lang=\"de\" dir=\"ltr\"><a href=\"https:\/\/twitter.com\/hashtag\/ltwbw21?src=hash&amp;ref_src=twsrc%5Etfw\">#ltwbw21<\/a> so sch\u00f6ne Plakate zur Landtagswahl \ud83e\udd2a<a href=\"https:\/\/twitter.com\/DiePARTEI?ref_src=twsrc%5Etfw\">@DiePARTEI<\/a> <a href=\"https:\/\/twitter.com\/fdp?ref_src=twsrc%5Etfw\">@fdp<\/a> <a href=\"https:\/\/t.co\/yJs1J7va0j\">pic.twitter.com\/yJs1J7va0j<\/a><\/p>\n<p>&mdash; Marco B\u00fclow (@marcobuelow) <a href=\"https:\/\/twitter.com\/marcobuelow\/status\/1357724144398454785?ref_src=twsrc%5Etfw\">February 5, 2021<\/a><\/p><\/blockquote>\n<p><script async src=\"https:\/\/platform.twitter.com\/widgets.js\" charset=\"utf-8\"><\/script><\/div>\n<p>&nbsp;<br \/>\n<strong>3. Insbesondere die AfD ist immer wieder ein gern genommenes Opfer.<\/strong><\/p>\n<div class=\"dbsm-oembed\">\n<blockquote class=\"twitter-tweet\" data-width=\"500\" data-dnt=\"true\">\n<p lang=\"de\" dir=\"ltr\">Die PARTEI Mainz plakatiert&#8230; <a href=\"https:\/\/t.co\/qNYJ9wXlck\">pic.twitter.com\/qNYJ9wXlck<\/a><\/p>\n<p>&mdash; Martin Sonneborn (@MartinSonneborn) <a href=\"https:\/\/twitter.com\/MartinSonneborn\/status\/1358322279537643521?ref_src=twsrc%5Etfw\">February 7, 2021<\/a><\/p><\/blockquote>\n<p><script async src=\"https:\/\/platform.twitter.com\/widgets.js\" charset=\"utf-8\"><\/script><\/div>\n<p>&nbsp;<br \/>\n<strong>4. Auch andere spielen gerne mit deren Plakaten.<\/strong><\/p>\n<p>https:\/\/twitter.com\/karlheinz_e\/status\/1358762992058458112<\/p>\n<p>&nbsp;<br \/>\n<strong>5. Ja, die Piraten gibt es noch &#8211; und in Sachen Kreativit\u00e4t h\u00e4tten sie dieses Mal sogar den Einzug in den Bundestag verdient.<\/strong><\/p>\n<blockquote class=\"reddit-card\" data-card-created=\"1612862912\"><p><a href=\"https:\/\/www.reddit.com\/r\/de\/comments\/ld2xmv\/bisher_bestes_wahlplakat_zur_wahl_in_bw\/\">Bisher bestes Wahlplakat zur Wahl in BW<\/a> from <a href=\"http:\/\/www.reddit.com\/r\/de\">r\/de<\/a><\/p><\/blockquote>\n<p><script async src=\"\/\/embed.redditmedia.com\/widgets\/platform.js\" charset=\"UTF-8\"><\/script><\/p>\n<p>&nbsp;<br \/>\n<strong>6. Im Vergleich zu den Plakaten der kleinen Parteien sind die der gro\u00dfen eher unfreiwillig komisch. So hat die CDU mit der Lesart zu k\u00e4mpfen. Das im Hintergrund ist also eine baden-w\u00fcrttembergische Gigafactory, oder was?<\/strong><\/p>\n<blockquote class=\"reddit-card\" data-card-created=\"1612862935\"><p><a href=\"https:\/\/www.reddit.com\/r\/de\/comments\/lfjn2s\/wer_wei\u00df\/\">Wer wei\u00df?<\/a> from <a href=\"http:\/\/www.reddit.com\/r\/de\">r\/de<\/a><\/p><\/blockquote>\n<p><script async src=\"\/\/embed.redditmedia.com\/widgets\/platform.js\" charset=\"UTF-8\"><\/script><\/p>\n<p>&nbsp;<br \/>\n<strong>7. Und was jagt ihr Verbrecher von heute mit eurer Ausr\u00fcstung von morgen, bitte sch\u00f6n?<\/strong><\/p>\n<div class=\"dbsm-oembed\">\n<blockquote class=\"twitter-tweet\" data-width=\"500\" data-dnt=\"true\">\n<p lang=\"de\" dir=\"ltr\">&quot;Wir Verbrecher von heute&#8230;&quot; h\u00e4tte ich auf einem Wahlplakat jetzt so auch nicht gesagt.<br \/>Aber ok, sie m\u00fcssen es selber wissen.<br \/>\ud83e\udd2d <a href=\"https:\/\/t.co\/k91rdcrImq\">pic.twitter.com\/k91rdcrImq<\/a><\/p>\n<p>&mdash; Derya T\u00fcrk-Nachbaur (@derya_tn) <a href=\"https:\/\/twitter.com\/derya_tn\/status\/1355415901542166528?ref_src=twsrc%5Etfw\">January 30, 2021<\/a><\/p><\/blockquote>\n<p><script async src=\"https:\/\/platform.twitter.com\/widgets.js\" charset=\"utf-8\"><\/script><\/div>\n<p>&nbsp;<br \/>\n<strong>8. Wenn sich der W\u00e4hler mehr Gedanken \u00fcber das Wahlplakat macht als die Leute, die es erstellen.<\/strong><\/p>\n<div class=\"dbsm-oembed\">\n<blockquote class=\"twitter-tweet\" data-width=\"500\" data-dnt=\"true\">\n<p lang=\"de\" dir=\"ltr\">Ich verstehe das Wahlplakat der Frankfurter CDU nicht. Beide Wege sehen gleich aus, beide sind grau. Geben die mittlerweile zu, dass sich mit ihnen nichts ver\u00e4ndert? <a href=\"https:\/\/t.co\/bu9UsUWOA8\">pic.twitter.com\/bu9UsUWOA8<\/a><\/p>\n<p>&mdash; Maximilian Pichl (@MXPichl) <a href=\"https:\/\/twitter.com\/MXPichl\/status\/1357322357673705477?ref_src=twsrc%5Etfw\">February 4, 2021<\/a><\/p><\/blockquote>\n<p><script async src=\"https:\/\/platform.twitter.com\/widgets.js\" charset=\"utf-8\"><\/script><\/div>\n<p>&nbsp;<br \/>\n<strong>9. Anders als die CDU will die SPD offensichtlich keine Missverst\u00e4ndnisse und Fehlinterpretationen aufkommen lassen.<\/strong><\/p>\n<p>https:\/\/twitter.com\/VlkrDhr\/status\/1356522987441299457<\/p>\n<p>&nbsp;<br \/>\n<strong>10. Ansonsten hat die SPD weniger mit der Lesart als viel mehr mit dem Wetter zu k\u00e4mpfen.<\/strong><\/p>\n<blockquote class=\"reddit-card\" data-card-created=\"1612863003\"><p><a href=\"https:\/\/www.reddit.com\/r\/de\/comments\/ldwq7d\/spd_symboldbild\/\">SPD (Symboldbild)<\/a> from <a href=\"http:\/\/www.reddit.com\/r\/de\">r\/de<\/a><\/p><\/blockquote>\n<p><script async src=\"\/\/embed.redditmedia.com\/widgets\/platform.js\" charset=\"UTF-8\"><\/script><\/p>\n<p>&nbsp;<br \/>\n<strong>11. Was draufsteht und worum es geht, ist doch eigentlich nicht so wichtig. Hauptsache, man hat ein Plakat aufgeh\u00e4ngt und zeigt damit Pr\u00e4senz.<\/strong><\/p>\n<p>https:\/\/twitter.com\/Kathidie2te\/status\/1355610612345298948<\/p>\n<p>&nbsp;<br \/>\n<strong>12. Die vom Selbstbild her deutscheste aller Parteien ist \u00fcbrigens nur bedingt in der Lage, einheimische Polizisten von ausl\u00e4ndischen zu unterscheiden.<\/strong><\/p>\n<blockquote class=\"reddit-card\" data-card-created=\"1612863054\"><p><a href=\"https:\/\/www.reddit.com\/r\/AfDkritisiertAfD\/comments\/l486cl\/ein_wahlplakat_der_afd_rheinlandpfalz_zeigt\/\">Ein Wahlplakat der AfD Rheinland-Pfalz zeigt Schweizer Polizisten<\/a> from <a href=\"http:\/\/www.reddit.com\/r\/AfDkritisiertAfD\">r\/AfDkritisiertAfD<\/a><\/p><\/blockquote>\n<p><script async src=\"\/\/embed.redditmedia.com\/widgets\/platform.js\" charset=\"UTF-8\"><\/script><\/p>\n<p>&nbsp;<br \/>\n<strong>13. Tja, was man damit wohl machen soll &#8230;?<\/strong><\/p>\n<div class=\"dbsm-oembed\">\n<blockquote class=\"twitter-tweet\" data-width=\"500\" data-dnt=\"true\">\n<p lang=\"de\" dir=\"ltr\">Wenn ihr ein <a href=\"https:\/\/twitter.com\/hashtag\/Wahlplakat?src=hash&amp;ref_src=twsrc%5Etfw\">#Wahlplakat<\/a> von der <a href=\"https:\/\/twitter.com\/hashtag\/noAfD?src=hash&amp;ref_src=twsrc%5Etfw\">#noAfD<\/a> geschenkt bekommen w\u00fcrdet, was w\u00fcrdet ihr damit machen? <a href=\"https:\/\/t.co\/dDq1zH1ia6\">pic.twitter.com\/dDq1zH1ia6<\/a><\/p>\n<p>&mdash; 4D Planer \ud83d\udc9a\ud83c\udf3b\ud83c\udf3b\ud83c\udf3b\ud83d\udc9a (@Stefan_K__) <a href=\"https:\/\/twitter.com\/Stefan_K__\/status\/1356657531628752899?ref_src=twsrc%5Etfw\">February 2, 2021<\/a><\/p><\/blockquote>\n<p><script async src=\"https:\/\/platform.twitter.com\/widgets.js\" charset=\"utf-8\"><\/script><\/div>\n<p>&nbsp;<\/p>\n<p>&#8212;<br \/>\nVielen Dank an alle f\u00fcr die Posts.<br \/>\n&#8212;<br \/>\n<strong>Keine Influencer! Kein Foodporn! Nur ganz viel Spa\u00df &#8211; bei uns auf Instagram:<\/strong><\/p>\n<blockquote class=\"instagram-media\" data-instgrm-captioned data-instgrm-permalink=\"https:\/\/www.instagram.com\/p\/CLCIhRglo2m\/?utm_source=ig_embed&amp;utm_campaign=loading\" data-instgrm-version=\"13\" style=\" background:#FFF; border:0; border-radius:3px; box-shadow:0 0 1px 0 rgba(0,0,0,0.5),0 1px 10px 0 rgba(0,0,0,0.15); margin: 1px; max-width:540px; min-width:326px; padding:0; width:99.375%; width:-webkit-calc(100% - 2px); width:calc(100% - 2px);\">\n<div style=\"padding:16px;\"> <a href=\"https:\/\/www.instagram.com\/p\/CLCIhRglo2m\/?utm_source=ig_embed&amp;utm_campaign=loading\" style=\" background:#FFFFFF; line-height:0; padding:0 0; text-align:center; text-decoration:none; width:100%;\" target=\"_blank\" rel=\"noopener\"> <\/p>\n<div style=\" display: flex; flex-direction: row; align-items: center;\">\n<div style=\"background-color: #F4F4F4; border-radius: 50%; flex-grow: 0; height: 40px; margin-right: 14px; width: 40px;\"><\/div>\n<div style=\"display: flex; flex-direction: column; flex-grow: 1; justify-content: center;\">\n<div style=\" background-color: #F4F4F4; border-radius: 4px; flex-grow: 0; height: 14px; margin-bottom: 6px; width: 100px;\"><\/div>\n<div style=\" background-color: #F4F4F4; border-radius: 4px; flex-grow: 0; height: 14px; width: 60px;\"><\/div>\n<\/div>\n<\/div>\n<div style=\"padding: 19% 0;\"><\/div>\n<div style=\"display:block; height:50px; margin:0 auto 12px; width:50px;\"><svg width=\"50px\" height=\"50px\" viewBox=\"0 0 60 60\" version=\"1.1\" xmlns=\"https:\/\/www.w3.org\/2000\/svg\" xmlns:xlink=\"https:\/\/www.w3.org\/1999\/xlink\"><g stroke=\"none\" stroke-width=\"1\" fill=\"none\" fill-rule=\"evenodd\"><g transform=\"translate(-511.000000, -20.000000)\" fill=\"#000000\"><g><path d=\"M556.869,30.41 C554.814,30.41 553.148,32.076 553.148,34.131 C553.148,36.186 554.814,37.852 556.869,37.852 C558.924,37.852 560.59,36.186 560.59,34.131 C560.59,32.076 558.924,30.41 556.869,30.41 M541,60.657 C535.114,60.657 530.342,55.887 530.342,50 C530.342,44.114 535.114,39.342 541,39.342 C546.887,39.342 551.658,44.114 551.658,50 C551.658,55.887 546.887,60.657 541,60.657 M541,33.886 C532.1,33.886 524.886,41.1 524.886,50 C524.886,58.899 532.1,66.113 541,66.113 C549.9,66.113 557.115,58.899 557.115,50 C557.115,41.1 549.9,33.886 541,33.886 M565.378,62.101 C565.244,65.022 564.756,66.606 564.346,67.663 C563.803,69.06 563.154,70.057 562.106,71.106 C561.058,72.155 560.06,72.803 558.662,73.347 C557.607,73.757 556.021,74.244 553.102,74.378 C549.944,74.521 548.997,74.552 541,74.552 C533.003,74.552 532.056,74.521 528.898,74.378 C525.979,74.244 524.393,73.757 523.338,73.347 C521.94,72.803 520.942,72.155 519.894,71.106 C518.846,70.057 518.197,69.06 517.654,67.663 C517.244,66.606 516.755,65.022 516.623,62.101 C516.479,58.943 516.448,57.996 516.448,50 C516.448,42.003 516.479,41.056 516.623,37.899 C516.755,34.978 517.244,33.391 517.654,32.338 C518.197,30.938 518.846,29.942 519.894,28.894 C520.942,27.846 521.94,27.196 523.338,26.654 C524.393,26.244 525.979,25.756 528.898,25.623 C532.057,25.479 533.004,25.448 541,25.448 C548.997,25.448 549.943,25.479 553.102,25.623 C556.021,25.756 557.607,26.244 558.662,26.654 C560.06,27.196 561.058,27.846 562.106,28.894 C563.154,29.942 563.803,30.938 564.346,32.338 C564.756,33.391 565.244,34.978 565.378,37.899 C565.522,41.056 565.552,42.003 565.552,50 C565.552,57.996 565.522,58.943 565.378,62.101 M570.82,37.631 C570.674,34.438 570.167,32.258 569.425,30.349 C568.659,28.377 567.633,26.702 565.965,25.035 C564.297,23.368 562.623,22.342 560.652,21.575 C558.743,20.834 556.562,20.326 553.369,20.18 C550.169,20.033 549.148,20 541,20 C532.853,20 531.831,20.033 528.631,20.18 C525.438,20.326 523.257,20.834 521.349,21.575 C519.376,22.342 517.703,23.368 516.035,25.035 C514.368,26.702 513.342,28.377 512.574,30.349 C511.834,32.258 511.326,34.438 511.181,37.631 C511.035,40.831 511,41.851 511,50 C511,58.147 511.035,59.17 511.181,62.369 C511.326,65.562 511.834,67.743 512.574,69.651 C513.342,71.625 514.368,73.296 516.035,74.965 C517.703,76.634 519.376,77.658 521.349,78.425 C523.257,79.167 525.438,79.673 528.631,79.82 C531.831,79.965 532.853,80.001 541,80.001 C549.148,80.001 550.169,79.965 553.369,79.82 C556.562,79.673 558.743,79.167 560.652,78.425 C562.623,77.658 564.297,76.634 565.965,74.965 C567.633,73.296 568.659,71.625 569.425,69.651 C570.167,67.743 570.674,65.562 570.82,62.369 C570.966,59.17 571,58.147 571,50 C571,41.851 570.966,40.831 570.82,37.631\"><\/path><\/g><\/g><\/g><\/svg><\/div>\n<div style=\"padding-top: 8px;\">\n<div style=\" color:#3897f0; font-family:Arial,sans-serif; font-size:14px; font-style:normal; font-weight:550; line-height:18px;\"> Sieh dir diesen Beitrag auf Instagram an<\/div>\n<\/div>\n<div style=\"padding: 12.5% 0;\"><\/div>\n<div style=\"display: flex; flex-direction: row; margin-bottom: 14px; align-items: center;\">\n<div>\n<div style=\"background-color: #F4F4F4; border-radius: 50%; height: 12.5px; width: 12.5px; transform: translateX(0px) translateY(7px);\"><\/div>\n<div style=\"background-color: #F4F4F4; height: 12.5px; transform: rotate(-45deg) translateX(3px) translateY(1px); width: 12.5px; flex-grow: 0; margin-right: 14px; margin-left: 2px;\"><\/div>\n<div style=\"background-color: #F4F4F4; border-radius: 50%; height: 12.5px; width: 12.5px; transform: translateX(9px) translateY(-18px);\"><\/div>\n<\/div>\n<div style=\"margin-left: 8px;\">\n<div style=\" background-color: #F4F4F4; border-radius: 50%; flex-grow: 0; height: 20px; width: 20px;\"><\/div>\n<div style=\" width: 0; height: 0; border-top: 2px solid transparent; border-left: 6px solid #f4f4f4; border-bottom: 2px solid transparent; transform: translateX(16px) translateY(-4px) rotate(30deg)\"><\/div>\n<\/div>\n<div style=\"margin-left: auto;\">\n<div style=\" width: 0px; border-top: 8px solid #F4F4F4; border-right: 8px solid transparent; transform: translateY(16px);\"><\/div>\n<div style=\" background-color: #F4F4F4; flex-grow: 0; height: 12px; width: 16px; transform: translateY(-4px);\"><\/div>\n<div style=\" width: 0; height: 0; border-top: 8px solid #F4F4F4; border-left: 8px solid transparent; transform: translateY(-4px) translateX(8px);\"><\/div>\n<\/div>\n<\/div>\n<div style=\"display: flex; flex-direction: column; flex-grow: 1; justify-content: center; margin-bottom: 24px;\">\n<div style=\" background-color: #F4F4F4; border-radius: 4px; flex-grow: 0; height: 14px; margin-bottom: 6px; width: 224px;\"><\/div>\n<div style=\" background-color: #F4F4F4; border-radius: 4px; flex-grow: 0; height: 14px; width: 144px;\"><\/div>\n<\/div>\n<p><\/a><\/p>\n<p style=\" color:#c9c8cd; font-family:Arial,sans-serif; font-size:14px; line-height:17px; margin-bottom:0; margin-top:8px; overflow:hidden; padding:8px 0 7px; text-align:center; text-overflow:ellipsis; white-space:nowrap;\"><a href=\"https:\/\/www.instagram.com\/p\/CLCIhRglo2m\/?utm_source=ig_embed&amp;utm_campaign=loading\" style=\" color:#c9c8cd; font-family:Arial,sans-serif; font-size:14px; font-style:normal; font-weight:normal; line-height:17px; text-decoration:none;\" target=\"_blank\" rel=\"noopener\">Ein Beitrag geteilt von The Best Social Media &#8211; DE (@thebestsocialmediade)<\/a><\/p>\n<\/div>\n<\/blockquote>\n\n<script async defer src=\"\/instagram-embed.js\"><\/script>","protected":false},"excerpt":{"rendered":"<p>2021 ist ein Super-Wahljahr! Abgesehen von der Bundestagswahl im September, finden dieses Jahr sechs Landtagswahlen statt. Den Anfang machen am 14. M\u00e4rz Rheinland-Pfalz und Baden-W\u00fcrttemberg&#8230;.<\/p>\n","protected":false},"author":72,"featured_media":141519,"comment_status":"open","ping_status":"open","sticky":false,"template":"","format":"standard","meta":{"_acf_changed":false,"footnotes":""},"categories":[515,35],"tags":[2059,722],"class_list":["post-141506","post","type-post","status-publish","format-standard","has-post-thumbnail","hentry","category-reddit","category-twitter","tag-landtagswahl","tag-wahlplakat"],"acf":[],"yoast_head":"<!-- This site is optimized with the Yoast SEO plugin v27.5 - https:\/\/yoast.com\/product\/yoast-seo-wordpress\/ -->\n<title>Landtagswahlen 2021: Die sch\u00f6nsten und peinlichsten Wahlplakate<\/title>\n<meta name=\"description\" content=\"Am 14. M\u00e4rz sind Landtagswahlen in Rheinland-Pfalz und Baden-W\u00fcrttemberg und wie immer gibt es witzige und unfreiwillig komische Wahlplakate.\" \/>\n<meta name=\"robots\" content=\"index, follow, max-snippet:-1, max-image-preview:large, max-video-preview:-1\" \/>\n<link rel=\"canonical\" href=\"https:\/\/www.thebestsocial.media\/de\/wahlplakate-landtagswahlen-2021\/\" \/>\n<meta property=\"og:locale\" content=\"de_DE\" \/>\n<meta property=\"og:type\" content=\"article\" \/>\n<meta property=\"og:title\" content=\"Wahlkampf in zwei Bundesl\u00e4ndern: Die witzigsten und peinlichsten Wahlplakate der Landtagswahlen 2021\" \/>\n<meta property=\"og:description\" content=\"Am 14. M\u00e4rz sind Landtagswahlen in Rheinland-Pfalz und Baden-W\u00fcrttemberg und wie immer gibt es witzige und unfreiwillig komische Wahlplakate.\" \/>\n<meta property=\"og:url\" content=\"https:\/\/www.thebestsocial.media\/de\/wahlplakate-landtagswahlen-2021\/\" \/>\n<meta property=\"og:site_name\" content=\"The Best Social Media DE\" \/>\n<meta property=\"article:published_time\" content=\"2021-02-09T11:00:13+00:00\" \/>\n<meta property=\"article:modified_time\" content=\"2021-02-09T11:11:50+00:00\" \/>\n<meta property=\"og:image\" content=\"https:\/\/www.thebestsocial.media\/de\/wp-content\/uploads\/sites\/3\/2021\/02\/plakat_fb.png\" \/>\n\t<meta property=\"og:image:width\" content=\"1200\" \/>\n\t<meta property=\"og:image:height\" content=\"630\" \/>\n\t<meta property=\"og:image:type\" content=\"image\/png\" \/>\n<meta name=\"author\" content=\"Benny\" \/>\n<meta name=\"twitter:card\" content=\"summary_large_image\" \/>\n<meta name=\"twitter:label1\" content=\"Verfasst von\" \/>\n\t<meta name=\"twitter:data1\" content=\"Benny\" \/>\n\t<meta name=\"twitter:label2\" content=\"Gesch\u00e4tzte Lesezeit\" \/>\n\t<meta name=\"twitter:data2\" content=\"1\u00a0Minute\" \/>\n<script type=\"application\/ld+json\" class=\"yoast-schema-graph\">{\"@context\":\"https:\\\/\\\/schema.org\",\"@graph\":[{\"@type\":\"Article\",\"@id\":\"https:\\\/\\\/www.thebestsocial.media\\\/de\\\/wahlplakate-landtagswahlen-2021\\\/#article\",\"isPartOf\":{\"@id\":\"https:\\\/\\\/www.thebestsocial.media\\\/de\\\/wahlplakate-landtagswahlen-2021\\\/\"},\"author\":{\"name\":\"Benny\",\"@id\":\"https:\\\/\\\/www.thebestsocial.media\\\/de\\\/#\\\/schema\\\/person\\\/212fdd48880db42a484e589e4e27871b\"},\"headline\":\"Wahlkampf in zwei Bundesl\u00e4ndern: Die witzigsten und peinlichsten Wahlplakate der Landtagswahlen 2021\",\"datePublished\":\"2021-02-09T11:00:13+00:00\",\"dateModified\":\"2021-02-09T11:11:50+00:00\",\"mainEntityOfPage\":{\"@id\":\"https:\\\/\\\/www.thebestsocial.media\\\/de\\\/wahlplakate-landtagswahlen-2021\\\/\"},\"wordCount\":473,\"commentCount\":0,\"image\":{\"@id\":\"https:\\\/\\\/www.thebestsocial.media\\\/de\\\/wahlplakate-landtagswahlen-2021\\\/#primaryimage\"},\"thumbnailUrl\":\"https:\\\/\\\/www.thebestsocial.media\\\/de\\\/wp-content\\\/uploads\\\/sites\\\/3\\\/2021\\\/02\\\/plakate_thumb.png\",\"keywords\":[\"Landtagswahl\",\"Wahlplakat\"],\"articleSection\":[\"reddit\",\"Twitter\"],\"inLanguage\":\"de\",\"potentialAction\":[{\"@type\":\"CommentAction\",\"name\":\"Comment\",\"target\":[\"https:\\\/\\\/www.thebestsocial.media\\\/de\\\/wahlplakate-landtagswahlen-2021\\\/#respond\"]}]},{\"@type\":\"WebPage\",\"@id\":\"https:\\\/\\\/www.thebestsocial.media\\\/de\\\/wahlplakate-landtagswahlen-2021\\\/\",\"url\":\"https:\\\/\\\/www.thebestsocial.media\\\/de\\\/wahlplakate-landtagswahlen-2021\\\/\",\"name\":\"Landtagswahlen 2021: Die sch\u00f6nsten und peinlichsten Wahlplakate\",\"isPartOf\":{\"@id\":\"https:\\\/\\\/www.thebestsocial.media\\\/de\\\/#website\"},\"primaryImageOfPage\":{\"@id\":\"https:\\\/\\\/www.thebestsocial.media\\\/de\\\/wahlplakate-landtagswahlen-2021\\\/#primaryimage\"},\"image\":{\"@id\":\"https:\\\/\\\/www.thebestsocial.media\\\/de\\\/wahlplakate-landtagswahlen-2021\\\/#primaryimage\"},\"thumbnailUrl\":\"https:\\\/\\\/www.thebestsocial.media\\\/de\\\/wp-content\\\/uploads\\\/sites\\\/3\\\/2021\\\/02\\\/plakate_thumb.png\",\"datePublished\":\"2021-02-09T11:00:13+00:00\",\"dateModified\":\"2021-02-09T11:11:50+00:00\",\"author\":{\"@id\":\"https:\\\/\\\/www.thebestsocial.media\\\/de\\\/#\\\/schema\\\/person\\\/212fdd48880db42a484e589e4e27871b\"},\"description\":\"Am 14. M\u00e4rz sind Landtagswahlen in Rheinland-Pfalz und Baden-W\u00fcrttemberg und wie immer gibt es witzige und unfreiwillig komische Wahlplakate.\",\"breadcrumb\":{\"@id\":\"https:\\\/\\\/www.thebestsocial.media\\\/de\\\/wahlplakate-landtagswahlen-2021\\\/#breadcrumb\"},\"inLanguage\":\"de\",\"potentialAction\":[{\"@type\":\"ReadAction\",\"target\":[\"https:\\\/\\\/www.thebestsocial.media\\\/de\\\/wahlplakate-landtagswahlen-2021\\\/\"]}]},{\"@type\":\"ImageObject\",\"inLanguage\":\"de\",\"@id\":\"https:\\\/\\\/www.thebestsocial.media\\\/de\\\/wahlplakate-landtagswahlen-2021\\\/#primaryimage\",\"url\":\"https:\\\/\\\/www.thebestsocial.media\\\/de\\\/wp-content\\\/uploads\\\/sites\\\/3\\\/2021\\\/02\\\/plakate_thumb.png\",\"contentUrl\":\"https:\\\/\\\/www.thebestsocial.media\\\/de\\\/wp-content\\\/uploads\\\/sites\\\/3\\\/2021\\\/02\\\/plakate_thumb.png\",\"width\":1200,\"height\":630},{\"@type\":\"BreadcrumbList\",\"@id\":\"https:\\\/\\\/www.thebestsocial.media\\\/de\\\/wahlplakate-landtagswahlen-2021\\\/#breadcrumb\",\"itemListElement\":[{\"@type\":\"ListItem\",\"position\":1,\"name\":\"Home\",\"item\":\"https:\\\/\\\/www.thebestsocial.media\\\/de\\\/\"},{\"@type\":\"ListItem\",\"position\":2,\"name\":\"Wahlkampf in zwei Bundesl\u00e4ndern: Die witzigsten und peinlichsten Wahlplakate der Landtagswahlen 2021\"}]},{\"@type\":\"WebSite\",\"@id\":\"https:\\\/\\\/www.thebestsocial.media\\\/de\\\/#website\",\"url\":\"https:\\\/\\\/www.thebestsocial.media\\\/de\\\/\",\"name\":\"The Best Social Media DE\",\"description\":\"\",\"potentialAction\":[{\"@type\":\"SearchAction\",\"target\":{\"@type\":\"EntryPoint\",\"urlTemplate\":\"https:\\\/\\\/www.thebestsocial.media\\\/de\\\/?s={search_term_string}\"},\"query-input\":{\"@type\":\"PropertyValueSpecification\",\"valueRequired\":true,\"valueName\":\"search_term_string\"}}],\"inLanguage\":\"de\"},{\"@type\":\"Person\",\"@id\":\"https:\\\/\\\/www.thebestsocial.media\\\/de\\\/#\\\/schema\\\/person\\\/212fdd48880db42a484e589e4e27871b\",\"name\":\"Benny\",\"image\":{\"@type\":\"ImageObject\",\"inLanguage\":\"de\",\"@id\":\"https:\\\/\\\/secure.gravatar.com\\\/avatar\\\/559f54fceb59ac8654d5ca40291d2ab87f2a9d79e48e8e3c19582477cde950bf?s=96&d=mm&r=g\",\"url\":\"https:\\\/\\\/secure.gravatar.com\\\/avatar\\\/559f54fceb59ac8654d5ca40291d2ab87f2a9d79e48e8e3c19582477cde950bf?s=96&d=mm&r=g\",\"contentUrl\":\"https:\\\/\\\/secure.gravatar.com\\\/avatar\\\/559f54fceb59ac8654d5ca40291d2ab87f2a9d79e48e8e3c19582477cde950bf?s=96&d=mm&r=g\",\"caption\":\"Benny\"},\"url\":\"https:\\\/\\\/www.thebestsocial.media\\\/de\\\/author\\\/bennykrueger\\\/\"}]}<\/script>\n<!-- \/ Yoast SEO plugin. -->","yoast_head_json":{"title":"Landtagswahlen 2021: Die sch\u00f6nsten und peinlichsten Wahlplakate","description":"Am 14. M\u00e4rz sind Landtagswahlen in Rheinland-Pfalz und Baden-W\u00fcrttemberg und wie immer gibt es witzige und unfreiwillig komische Wahlplakate.","robots":{"index":"index","follow":"follow","max-snippet":"max-snippet:-1","max-image-preview":"max-image-preview:large","max-video-preview":"max-video-preview:-1"},"canonical":"https:\/\/www.thebestsocial.media\/de\/wahlplakate-landtagswahlen-2021\/","og_locale":"de_DE","og_type":"article","og_title":"Wahlkampf in zwei Bundesl\u00e4ndern: Die witzigsten und peinlichsten Wahlplakate der Landtagswahlen 2021","og_description":"Am 14. M\u00e4rz sind Landtagswahlen in Rheinland-Pfalz und Baden-W\u00fcrttemberg und wie immer gibt es witzige und unfreiwillig komische Wahlplakate.","og_url":"https:\/\/www.thebestsocial.media\/de\/wahlplakate-landtagswahlen-2021\/","og_site_name":"The Best Social Media DE","article_published_time":"2021-02-09T11:00:13+00:00","article_modified_time":"2021-02-09T11:11:50+00:00","og_image":[{"width":1200,"height":630,"url":"https:\/\/www.thebestsocial.media\/de\/wp-content\/uploads\/sites\/3\/2021\/02\/plakat_fb.png","type":"image\/png"}],"author":"Benny","twitter_card":"summary_large_image","twitter_misc":{"Verfasst von":"Benny","Gesch\u00e4tzte Lesezeit":"1\u00a0Minute"},"schema":{"@context":"https:\/\/schema.org","@graph":[{"@type":"Article","@id":"https:\/\/www.thebestsocial.media\/de\/wahlplakate-landtagswahlen-2021\/#article","isPartOf":{"@id":"https:\/\/www.thebestsocial.media\/de\/wahlplakate-landtagswahlen-2021\/"},"author":{"name":"Benny","@id":"https:\/\/www.thebestsocial.media\/de\/#\/schema\/person\/212fdd48880db42a484e589e4e27871b"},"headline":"Wahlkampf in zwei Bundesl\u00e4ndern: Die witzigsten und peinlichsten Wahlplakate der Landtagswahlen 2021","datePublished":"2021-02-09T11:00:13+00:00","dateModified":"2021-02-09T11:11:50+00:00","mainEntityOfPage":{"@id":"https:\/\/www.thebestsocial.media\/de\/wahlplakate-landtagswahlen-2021\/"},"wordCount":473,"commentCount":0,"image":{"@id":"https:\/\/www.thebestsocial.media\/de\/wahlplakate-landtagswahlen-2021\/#primaryimage"},"thumbnailUrl":"https:\/\/www.thebestsocial.media\/de\/wp-content\/uploads\/sites\/3\/2021\/02\/plakate_thumb.png","keywords":["Landtagswahl","Wahlplakat"],"articleSection":["reddit","Twitter"],"inLanguage":"de","potentialAction":[{"@type":"CommentAction","name":"Comment","target":["https:\/\/www.thebestsocial.media\/de\/wahlplakate-landtagswahlen-2021\/#respond"]}]},{"@type":"WebPage","@id":"https:\/\/www.thebestsocial.media\/de\/wahlplakate-landtagswahlen-2021\/","url":"https:\/\/www.thebestsocial.media\/de\/wahlplakate-landtagswahlen-2021\/","name":"Landtagswahlen 2021: Die sch\u00f6nsten und peinlichsten Wahlplakate","isPartOf":{"@id":"https:\/\/www.thebestsocial.media\/de\/#website"},"primaryImageOfPage":{"@id":"https:\/\/www.thebestsocial.media\/de\/wahlplakate-landtagswahlen-2021\/#primaryimage"},"image":{"@id":"https:\/\/www.thebestsocial.media\/de\/wahlplakate-landtagswahlen-2021\/#primaryimage"},"thumbnailUrl":"https:\/\/www.thebestsocial.media\/de\/wp-content\/uploads\/sites\/3\/2021\/02\/plakate_thumb.png","datePublished":"2021-02-09T11:00:13+00:00","dateModified":"2021-02-09T11:11:50+00:00","author":{"@id":"https:\/\/www.thebestsocial.media\/de\/#\/schema\/person\/212fdd48880db42a484e589e4e27871b"},"description":"Am 14. M\u00e4rz sind Landtagswahlen in Rheinland-Pfalz und Baden-W\u00fcrttemberg und wie immer gibt es witzige und unfreiwillig komische Wahlplakate.","breadcrumb":{"@id":"https:\/\/www.thebestsocial.media\/de\/wahlplakate-landtagswahlen-2021\/#breadcrumb"},"inLanguage":"de","potentialAction":[{"@type":"ReadAction","target":["https:\/\/www.thebestsocial.media\/de\/wahlplakate-landtagswahlen-2021\/"]}]},{"@type":"ImageObject","inLanguage":"de","@id":"https:\/\/www.thebestsocial.media\/de\/wahlplakate-landtagswahlen-2021\/#primaryimage","url":"https:\/\/www.thebestsocial.media\/de\/wp-content\/uploads\/sites\/3\/2021\/02\/plakate_thumb.png","contentUrl":"https:\/\/www.thebestsocial.media\/de\/wp-content\/uploads\/sites\/3\/2021\/02\/plakate_thumb.png","width":1200,"height":630},{"@type":"BreadcrumbList","@id":"https:\/\/www.thebestsocial.media\/de\/wahlplakate-landtagswahlen-2021\/#breadcrumb","itemListElement":[{"@type":"ListItem","position":1,"name":"Home","item":"https:\/\/www.thebestsocial.media\/de\/"},{"@type":"ListItem","position":2,"name":"Wahlkampf in zwei Bundesl\u00e4ndern: Die witzigsten und peinlichsten Wahlplakate der Landtagswahlen 2021"}]},{"@type":"WebSite","@id":"https:\/\/www.thebestsocial.media\/de\/#website","url":"https:\/\/www.thebestsocial.media\/de\/","name":"The Best Social Media DE","description":"","potentialAction":[{"@type":"SearchAction","target":{"@type":"EntryPoint","urlTemplate":"https:\/\/www.thebestsocial.media\/de\/?s={search_term_string}"},"query-input":{"@type":"PropertyValueSpecification","valueRequired":true,"valueName":"search_term_string"}}],"inLanguage":"de"},{"@type":"Person","@id":"https:\/\/www.thebestsocial.media\/de\/#\/schema\/person\/212fdd48880db42a484e589e4e27871b","name":"Benny","image":{"@type":"ImageObject","inLanguage":"de","@id":"https:\/\/secure.gravatar.com\/avatar\/559f54fceb59ac8654d5ca40291d2ab87f2a9d79e48e8e3c19582477cde950bf?s=96&d=mm&r=g","url":"https:\/\/secure.gravatar.com\/avatar\/559f54fceb59ac8654d5ca40291d2ab87f2a9d79e48e8e3c19582477cde950bf?s=96&d=mm&r=g","contentUrl":"https:\/\/secure.gravatar.com\/avatar\/559f54fceb59ac8654d5ca40291d2ab87f2a9d79e48e8e3c19582477cde950bf?s=96&d=mm&r=g","caption":"Benny"},"url":"https:\/\/www.thebestsocial.media\/de\/author\/bennykrueger\/"}]}},"amp_enabled":true,"_links":{"self":[{"href":"https:\/\/www.thebestsocial.media\/de\/wp-json\/wp\/v2\/posts\/141506","targetHints":{"allow":["GET"]}}],"collection":[{"href":"https:\/\/www.thebestsocial.media\/de\/wp-json\/wp\/v2\/posts"}],"about":[{"href":"https:\/\/www.thebestsocial.media\/de\/wp-json\/wp\/v2\/types\/post"}],"author":[{"embeddable":true,"href":"https:\/\/www.thebestsocial.media\/de\/wp-json\/wp\/v2\/users\/72"}],"replies":[{"embeddable":true,"href":"https:\/\/www.thebestsocial.media\/de\/wp-json\/wp\/v2\/comments?post=141506"}],"version-history":[{"count":4,"href":"https:\/\/www.thebestsocial.media\/de\/wp-json\/wp\/v2\/posts\/141506\/revisions"}],"predecessor-version":[{"id":141521,"href":"https:\/\/www.thebestsocial.media\/de\/wp-json\/wp\/v2\/posts\/141506\/revisions\/141521"}],"wp:featuredmedia":[{"embeddable":true,"href":"https:\/\/www.thebestsocial.media\/de\/wp-json\/wp\/v2\/media\/141519"}],"wp:attachment":[{"href":"https:\/\/www.thebestsocial.media\/de\/wp-json\/wp\/v2\/media?parent=141506"}],"wp:term":[{"taxonomy":"category","embeddable":true,"href":"https:\/\/www.thebestsocial.media\/de\/wp-json\/wp\/v2\/categories?post=141506"},{"taxonomy":"post_tag","embeddable":true,"href":"https:\/\/www.thebestsocial.media\/de\/wp-json\/wp\/v2\/tags?post=141506"}],"curies":[{"name":"wp","href":"https:\/\/api.w.org\/{rel}","templated":true}]}}