{"id":141287,"date":"2021-02-04T11:16:37","date_gmt":"2021-02-04T11:16:37","guid":{"rendered":"https:\/\/www.thebestsocial.media\/de\/?p=141287"},"modified":"2021-02-04T11:16:37","modified_gmt":"2021-02-04T11:16:37","slug":"urheberrechtsreform-uploadfilter-cdu","status":"publish","type":"post","link":"https:\/\/www.thebestsocial.media\/de\/urheberrechtsreform-uploadfilter-cdu\/","title":{"rendered":"Urheberrechtsreform und Uploadfilter: CDU wird wegen gebrochenem Wahlversprechen scharf kritisiert"},"content":{"rendered":"<p>Gestern hat das Bundeskabinett eine Gesetzesvorlage zur Urheberrechtsreform beschlossen. Damit soll die EU-Urheberrechtsrichtlinie in nationales Recht umgesetzt werden. Bis sp\u00e4testen 7. Juni 2021 muss der Bundestag dar\u00fcber abstimmen und das neue Urheberrecht ratifizieren. Bereits 2019 wurde gegen die EU-Pl\u00e4ne demonstriert &#8211; im Fokus standen damals CDU-Politiker <a href=\"https:\/\/www.thebestsocial.media\/de\/dem-cdu-mann-axel-voss-wird-seine-totale-ahnungslosigkeit-bei-online-themen-jetzt-mit-einem-eigenen-hashtag-vorgefuehrt\/\" rel=\"noopener\" target=\"_blank\">Axel Voss<\/a> sowie der sogenannte Artikel 17, der urspr\u00fcnglich mal Artikel 13 hie\u00df. Und auch nach dem gestrigen Beschluss hagelt es nun Kritik von allen Seiten: Internetplattformen wie Google und YouTube f\u00fcrchten, zur Verantwortung gezogen und zur Kasse gebeten zu werden; Rechteinhaber wie Autoren und Musiker f\u00fcrchten, nicht ausreichend entsch\u00e4digt zu werden und Internetnutzer f\u00fcrchten eine Zensur durch Uploadfilter. Insbesondere die Upoadfilter sto\u00dfen auf heftigen Widerstand.<\/p>\n<p>&nbsp;<br \/>\n<strong>So wurde vonseiten der Politik beteuert, dass Uploadfilter nicht eingef\u00fchrt werden. Doch dank Julia Reda, EU-Abgeordnete und sch\u00e4rfste Kritikerin der Urheberrechtsreform, machte nun ein Tweet die Runde, der zeigt, dass die CDU von ihren vorherigen Zusagen heute wohl nicht mehr viel h\u00e4lt.<\/strong><\/p>\n<div class=\"dbsm-oembed\">\n<blockquote class=\"twitter-tweet\" data-width=\"500\" data-dnt=\"true\">\n<p lang=\"de\" dir=\"ltr\">Ups, da hat die <a href=\"https:\/\/twitter.com\/CDU?ref_src=twsrc%5Etfw\">@CDU<\/a> mal eben ihr Wahlversprechen von ihrer Website gel\u00f6scht, dass es keine <a href=\"https:\/\/twitter.com\/hashtag\/Uploadfilter?src=hash&amp;ref_src=twsrc%5Etfw\">#Uploadfilter<\/a> geben werde. Das Internet vergisst nicht. <a href=\"https:\/\/t.co\/ocF8rmu3IW\">https:\/\/t.co\/ocF8rmu3IW<\/a> <a href=\"https:\/\/twitter.com\/hashtag\/Artikel17?src=hash&amp;ref_src=twsrc%5Etfw\">#Artikel17<\/a> <a href=\"https:\/\/twitter.com\/hashtag\/Urheberechtsreform?src=hash&amp;ref_src=twsrc%5Etfw\">#Urheberechtsreform<\/a><\/p>\n<p>&mdash; Felix Reda (@Senficon) <a href=\"https:\/\/twitter.com\/Senficon\/status\/1356965565122904070?ref_src=twsrc%5Etfw\">February 3, 2021<\/a><\/p><\/blockquote>\n<p><script async src=\"https:\/\/platform.twitter.com\/widgets.js\" charset=\"utf-8\"><\/script><\/div>\n<p>&nbsp;<br \/>\n<strong>Etwas sp\u00e4ter ruderte die Partei zur\u00fcck.<\/strong><\/p>\n<blockquote class=\"twitter-tweet\" data-conversation=\"none\">\n<p lang=\"de\" dir=\"ltr\">Update: Die <a href=\"https:\/\/twitter.com\/CDU?ref_src=twsrc%5Etfw\">@CDU<\/a> hat nach kurzer R\u00fccksprache mit ihrer Streisand-PR-Beratung den Artikel wieder online gestellt und schiebt die Schuld am <a href=\"https:\/\/twitter.com\/hashtag\/Uploadfilter?src=hash&amp;ref_src=twsrc%5Etfw\">#Uploadfilter<\/a> jetzt auf die SPD. Das ist&#8230; kreativ. <a href=\"https:\/\/t.co\/IAbkrlpxw3\">https:\/\/t.co\/IAbkrlpxw3<\/a> <a href=\"https:\/\/twitter.com\/hashtag\/Artikel17?src=hash&amp;ref_src=twsrc%5Etfw\">#Artikel17<\/a> <a href=\"https:\/\/t.co\/nWuSpIn2gC\">pic.twitter.com\/nWuSpIn2gC<\/a><\/p>\n<p>&mdash; Julia Reda (@Senficon) <a href=\"https:\/\/twitter.com\/Senficon\/status\/1357008953713053704?ref_src=twsrc%5Etfw\">February 3, 2021<\/a><\/p><\/blockquote>\n<p> <script async src=\"https:\/\/platform.twitter.com\/widgets.js\" charset=\"utf-8\"><\/script><\/p>\n<blockquote class=\"twitter-tweet\">\n<p lang=\"de\" dir=\"ltr\">Das regt mich echt auf. Wenn die <a href=\"https:\/\/twitter.com\/CDU?ref_src=twsrc%5Etfw\">@CDU<\/a> sich die ganze Zeit gegen <a href=\"https:\/\/twitter.com\/hashtag\/Uploadfilter?src=hash&amp;ref_src=twsrc%5Etfw\">#Uploadfilter<\/a> engagiert h\u00e4tte, warum ist dann der Regierungsentwurf so viel schlechter als der Diskussionsentwurf vom letzten Sommer, den die SPD (Justizministerium) allein verfasst hat? <a href=\"https:\/\/t.co\/wzbxTCnOkn\">https:\/\/t.co\/wzbxTCnOkn<\/a><\/p>\n<p>&mdash; Julia Reda (@Senficon) <a href=\"https:\/\/twitter.com\/Senficon\/status\/1357014516912058371?ref_src=twsrc%5Etfw\">February 3, 2021<\/a><\/p><\/blockquote>\n<p> <script async src=\"https:\/\/platform.twitter.com\/widgets.js\" charset=\"utf-8\"><\/script><\/p>\n<p>&nbsp;<br \/>\n<strong>Auch Rezo \u00e4u\u00dferte seine Kritik.<\/strong><\/p>\n<div class=\"dbsm-oembed\">\n<blockquote class=\"twitter-tweet\" data-width=\"500\" data-dnt=\"true\">\n<p lang=\"de\" dir=\"ltr\">Uploadfilter kommen.<\/p>\n<p>Kampagnen (samt Desinformation) der Presseszene haben gewirkt. PolitikerInnen haben eigene Grenzen immer mehr aufgeweicht.<\/p>\n<p>Ergebnis: Wenn du als PRIVATPERSON diesen Tweet zitierst, w\u00fcrde er von Uploadfiltern geblockt werden. Lost.<a href=\"https:\/\/t.co\/Tirq9kp834\">https:\/\/t.co\/Tirq9kp834<\/a><\/p>\n<p>&mdash; Rezo (@rezomusik) <a href=\"https:\/\/twitter.com\/rezomusik\/status\/1356944491094147072?ref_src=twsrc%5Etfw\">February 3, 2021<\/a><\/p><\/blockquote>\n<p><script async src=\"https:\/\/platform.twitter.com\/widgets.js\" charset=\"utf-8\"><\/script><\/div>\n<blockquote class=\"twitter-tweet\">\n<p lang=\"de\" dir=\"ltr\">Nein. Ich muss nicht deinen Inhalt, in dem du mich zitierst, aktiv sperren lassen. Das ist ja gerade der Punkt.<\/p>\n<p>Sobald ich Uploadfilter automatisch mit meinen Inhalten f\u00fclle (daf\u00fcr sind sie da) werden sie das automatisch blocken (daf\u00fcr sind sie da). Egal, ob es legal war.<\/p>\n<p>&mdash; Rezo (@rezomusik) <a href=\"https:\/\/twitter.com\/rezomusik\/status\/1356945909284802571?ref_src=twsrc%5Etfw\">February 3, 2021<\/a><\/p><\/blockquote>\n<p> <script async src=\"https:\/\/platform.twitter.com\/widgets.js\" charset=\"utf-8\"><\/script><\/p>\n<p>&nbsp;<br \/>\n<strong>Ohne Updloadfilter sind Internetplattformen wie YouTube vermutlich nicht in der Lage, die Masse an hochgeladenen Inhalten daraufhin zu \u00fcberpr\u00fcfen, ob diese dem neuen Urheberrecht entsprechen oder nicht. Aber warum Uploadfilter gerade aus Sicht der Internetnutzer problematisch sind und wo die Schw\u00e4chen der Reform selber liegen, erkl\u00e4rt Julia Reda in diesem Thread.<\/strong><\/p>\n<div class=\"dbsm-oembed\">\n<blockquote class=\"twitter-tweet\" data-width=\"500\" data-dnt=\"true\">\n<p lang=\"de\" dir=\"ltr\">Die Bundesregierung hat ihren Entwurf zum <a href=\"https:\/\/twitter.com\/hashtag\/Urheberrecht?src=hash&amp;ref_src=twsrc%5Etfw\">#Urheberrecht<\/a> verabschiedet. Jetzt sind eure Bundestagsabgeordneten gefragt, Einschr\u00e4nkungen der Grundrechte durch <a href=\"https:\/\/twitter.com\/hashtag\/Uploadfilter?src=hash&amp;ref_src=twsrc%5Etfw\">#Uploadfilter<\/a> zu verhindern! Die wichtigsten \u00c4nderungen zu <a href=\"https:\/\/twitter.com\/hashtag\/Artikel17?src=hash&amp;ref_src=twsrc%5Etfw\">#Artikel17<\/a> gibt\u2019s in diesem Thread.<\/p>\n<p>&mdash; Felix Reda (@Senficon) <a href=\"https:\/\/twitter.com\/Senficon\/status\/1356901111102398467?ref_src=twsrc%5Etfw\">February 3, 2021<\/a><\/p><\/blockquote>\n<p><script async src=\"https:\/\/platform.twitter.com\/widgets.js\" charset=\"utf-8\"><\/script><\/div>\n<blockquote class=\"twitter-tweet\" data-conversation=\"none\">\n<p lang=\"de\" dir=\"ltr\">Um Sperrung legaler Inhalte zu verhindern, will die <a href=\"https:\/\/twitter.com\/hashtag\/GroKo?src=hash&amp;ref_src=twsrc%5Etfw\">#GroKo<\/a> kurze Ausschnitte nicht mehr legalisieren, diese gelten nur als \u201emutma\u00dflich erlaubt\u201c, d\u00fcrfen also nicht automatisch gesperrt werden. Die Grenzwerte wurden abgesenkt auf 15s Video\/Audio, 125kb Bilder und 160 Zeichen Text.<\/p>\n<p>&mdash; Julia Reda (@Senficon) <a href=\"https:\/\/twitter.com\/Senficon\/status\/1356901112805269504?ref_src=twsrc%5Etfw\">February 3, 2021<\/a><\/p><\/blockquote>\n<p> <script async src=\"https:\/\/platform.twitter.com\/widgets.js\" charset=\"utf-8\"><\/script><\/p>\n<blockquote class=\"twitter-tweet\" data-conversation=\"none\">\n<p lang=\"de\" dir=\"ltr\">Aber auch Nutzungen unter diesen Grenzen sind nicht automatisch vor dem <a href=\"https:\/\/twitter.com\/hashtag\/Uploadfilter?src=hash&amp;ref_src=twsrc%5Etfw\">#Uploadfilter<\/a> gesch\u00fctzt, das gilt nur, wenn die Nutzung keine erheblichen Einnahmen generiert, man den fremden Inhalt mit anderen Inhalten kombiniert und nicht mehr als 50% eines fremden Werks nutzt.<\/p>\n<p>&mdash; Julia Reda (@Senficon) <a href=\"https:\/\/twitter.com\/Senficon\/status\/1356901114562686976?ref_src=twsrc%5Etfw\">February 3, 2021<\/a><\/p><\/blockquote>\n<p> <script async src=\"https:\/\/platform.twitter.com\/widgets.js\" charset=\"utf-8\"><\/script><\/p>\n<blockquote class=\"twitter-tweet\" data-conversation=\"none\">\n<p lang=\"de\" dir=\"ltr\">Ein durchschnittliches Videozitat kriegt man in 15 Sekunden unter, aber 160 Zeichen Text sind v\u00f6llig weltfremd. Selbst der volle Name der EU-Urheberrechtsrichtlinie ist 220 Zeichen lang, ein Tweet 280 Zeichen. <a href=\"https:\/\/twitter.com\/hashtag\/Uploadfilter?src=hash&amp;ref_src=twsrc%5Etfw\">#Uploadfilter<\/a> drohen also regelm\u00e4\u00dfig legale Texte zu sperren.<\/p>\n<p>&mdash; Julia Reda (@Senficon) <a href=\"https:\/\/twitter.com\/Senficon\/status\/1356901116282306564?ref_src=twsrc%5Etfw\">February 3, 2021<\/a><\/p><\/blockquote>\n<p> <script async src=\"https:\/\/platform.twitter.com\/widgets.js\" charset=\"utf-8\"><\/script><\/p>\n<blockquote class=\"twitter-tweet\" data-conversation=\"none\">\n<p lang=\"de\" dir=\"ltr\">Statt der Grenzwerte kann man Inhalte auch als legale Nutzung kennzeichnen (Parodie, Zitat etc.), aber auch dann darf die Nutzung nicht mehr als 50% eines fremden Werks enthalten. \u201eVertrauensw\u00fcrdige\u201c Rechteinhaber k\u00f6nnen Sperrungen auch mutma\u00dflich legaler Nutzungen erzwingen.<\/p>\n<p>&mdash; Julia Reda (@Senficon) <a href=\"https:\/\/twitter.com\/Senficon\/status\/1356901118027169798?ref_src=twsrc%5Etfw\">February 3, 2021<\/a><\/p><\/blockquote>\n<p> <script async src=\"https:\/\/platform.twitter.com\/widgets.js\" charset=\"utf-8\"><\/script><\/p>\n<blockquote class=\"twitter-tweet\" data-conversation=\"none\">\n<p lang=\"de\" dir=\"ltr\">Der neue Entwurf s\u00e4gt auch an der Legalisierung von Karikatur, Parodie und Pastiche, die wir uns in Protesten auf der Stra\u00dfe erk\u00e4mpft haben. Die sollen nur legal sein, &quot;sofern die Nutzung in ihrem Umfang durch den besonderen Zweck gerechtfertigt ist&quot;.<\/p>\n<p>&mdash; Julia Reda (@Senficon) <a href=\"https:\/\/twitter.com\/Senficon\/status\/1356901119801364480?ref_src=twsrc%5Etfw\">February 3, 2021<\/a><\/p><\/blockquote>\n<p> <script async src=\"https:\/\/platform.twitter.com\/widgets.js\" charset=\"utf-8\"><\/script><\/p>\n<blockquote class=\"twitter-tweet\" data-conversation=\"none\">\n<p lang=\"de\" dir=\"ltr\">Das sorgt f\u00fcr krasse Rechtsunsicherheit. Wie soll ich beurteilen, wieviel fremder Inhalt in einer Parodie &quot;gerechtfertigt&quot; ist? Ich halte das f\u00fcr europarechtswidrig, in <a href=\"https:\/\/twitter.com\/hashtag\/Artikel17?src=hash&amp;ref_src=twsrc%5Etfw\">#Artikel17<\/a> steht, Parodien sind erlaubt, Punkt. Wenn wir das Recht befolgen sollen, muss es verst\u00e4ndlich sein.<\/p>\n<p>&mdash; Julia Reda (@Senficon) <a href=\"https:\/\/twitter.com\/Senficon\/status\/1356901121579757569?ref_src=twsrc%5Etfw\">February 3, 2021<\/a><\/p><\/blockquote>\n<p> <script async src=\"https:\/\/platform.twitter.com\/widgets.js\" charset=\"utf-8\"><\/script><\/p>\n<p>&nbsp;<br \/>\n<strong>So mancher hat wenig Vertrauen in diese Technik.<\/strong><\/p>\n<div class=\"dbsm-oembed\">\n<blockquote class=\"twitter-tweet\" data-width=\"500\" data-dnt=\"true\">\n<p lang=\"de\" dir=\"ltr\">Wir leben in einer Welt, in der Google (!) es nicht schafft, gegen &quot;Go0gle mal diesen Code!&quot; oder &quot;Sex&quot; Bots in den Kommentaren vor zu gehen.<\/p>\n<p>K\u00f6nnte ne goldene Zeit werden, wenn die Upload Filter an geschaltet werden m\u00fcssen. L\u00e4uft sicher perfekt. <a href=\"https:\/\/twitter.com\/hashtag\/NieMehrCDU?src=hash&amp;ref_src=twsrc%5Etfw\">#NieMehrCDU<\/a><\/p>\n<p>&mdash; GermanLetsPlay (@GermanLetsPlay) <a href=\"https:\/\/twitter.com\/GermanLetsPlay\/status\/1357198618013401091?ref_src=twsrc%5Etfw\">February 4, 2021<\/a><\/p><\/blockquote>\n<p><script async src=\"https:\/\/platform.twitter.com\/widgets.js\" charset=\"utf-8\"><\/script><\/div>\n<div class=\"dbsm-oembed\">\n<blockquote class=\"twitter-tweet\" data-width=\"500\" data-dnt=\"true\">\n<p lang=\"de\" dir=\"ltr\">Wie gut das ich dieses Bild von 2019 noch aufgehoben habe <a href=\"https:\/\/twitter.com\/hashtag\/Uploadfilter?src=hash&amp;ref_src=twsrc%5Etfw\">#Uploadfilter<\/a>  <a href=\"https:\/\/twitter.com\/hashtag\/NieMehrCDU?src=hash&amp;ref_src=twsrc%5Etfw\">#NieMehrCDU<\/a><a href=\"https:\/\/twitter.com\/hashtag\/Artikel17?src=hash&amp;ref_src=twsrc%5Etfw\">#Artikel17<\/a> <a href=\"https:\/\/twitter.com\/CDU?ref_src=twsrc%5Etfw\">@CDU<\/a> <a href=\"https:\/\/t.co\/8EJtaOlB8q\">pic.twitter.com\/8EJtaOlB8q<\/a><\/p>\n<p>&mdash; Silberpfote\/Zardork (@Silberpfote87) <a href=\"https:\/\/twitter.com\/Silberpfote87\/status\/1357044066287030272?ref_src=twsrc%5Etfw\">February 3, 2021<\/a><\/p><\/blockquote>\n<p><script async src=\"https:\/\/platform.twitter.com\/widgets.js\" charset=\"utf-8\"><\/script><\/div>\n<div class=\"dbsm-oembed\">\n<blockquote class=\"twitter-tweet\" data-width=\"500\" data-dnt=\"true\">\n<p lang=\"de\" dir=\"ltr\">Denkt doch mal nach! <a href=\"https:\/\/t.co\/Ngrgy3Qpcg\">pic.twitter.com\/Ngrgy3Qpcg<\/a><\/p>\n<p>&mdash; DieserJimPanse \ud83d\udc7e (@JimPanseGamer) <a href=\"https:\/\/twitter.com\/JimPanseGamer\/status\/1357057900515106818?ref_src=twsrc%5Etfw\">February 3, 2021<\/a><\/p><\/blockquote>\n<p><script async src=\"https:\/\/platform.twitter.com\/widgets.js\" charset=\"utf-8\"><\/script><\/div>\n<p>&nbsp;<br \/>\n<strong>Viele sind sich sicher, dass sich die CDU damit vor allem bei jungen W\u00e4hlern wenig beliebt gemacht hat.<\/strong><\/p>\n<blockquote class=\"twitter-tweet\">\n<p lang=\"de\" dir=\"ltr\"><a href=\"https:\/\/twitter.com\/hashtag\/uploadfilter?src=hash&amp;ref_src=twsrc%5Etfw\">#uploadfilter<\/a> <\/p>\n<p>Bis zu <a href=\"https:\/\/twitter.com\/hashtag\/Bundestagswahl?src=hash&amp;ref_src=twsrc%5Etfw\">#Bundestagswahl<\/a> nicht vergessen wer das <a href=\"https:\/\/twitter.com\/hashtag\/Internet?src=hash&amp;ref_src=twsrc%5Etfw\">#Internet<\/a> Kaputtgemacht hat<a href=\"https:\/\/twitter.com\/hashtag\/NieMehrCDU?src=hash&amp;ref_src=twsrc%5Etfw\">#NieMehrCDU<\/a> <a href=\"https:\/\/twitter.com\/hashtag\/niemehrcsu?src=hash&amp;ref_src=twsrc%5Etfw\">#niemehrcsu<\/a> <a href=\"https:\/\/t.co\/JeUjYht2gG\">pic.twitter.com\/JeUjYht2gG<\/a><\/p>\n<p>&mdash; Carlos (@Loco_Soulja) <a href=\"https:\/\/twitter.com\/Loco_Soulja\/status\/1356945223973273607?ref_src=twsrc%5Etfw\">February 3, 2021<\/a><\/p><\/blockquote>\n<p> <script async src=\"https:\/\/platform.twitter.com\/widgets.js\" charset=\"utf-8\"><\/script><\/p>\n<div class=\"dbsm-oembed\">\n<blockquote class=\"twitter-tweet\" data-width=\"500\" data-dnt=\"true\">\n<p lang=\"de\" dir=\"ltr\"><a href=\"https:\/\/twitter.com\/hashtag\/NieMehrCDU?src=hash&amp;ref_src=twsrc%5Etfw\">#NieMehrCDU<\/a><\/p>\n<p>So b\u00f6se das auch klingt, es ist nur eine Frage der Zeit. Bei 90% der j\u00fcngeren Generationen sollte diese Partei endg\u00fcltig verkackt haben.<\/p>\n<p>&mdash; Julien | J\u00e4\u00e4\u00e4y (@EyoJaaay) <a href=\"https:\/\/twitter.com\/EyoJaaay\/status\/1357031803371089924?ref_src=twsrc%5Etfw\">February 3, 2021<\/a><\/p><\/blockquote>\n<p><script async src=\"https:\/\/platform.twitter.com\/widgets.js\" charset=\"utf-8\"><\/script><\/div>\n<div class=\"dbsm-oembed\">\n<blockquote class=\"twitter-tweet\" data-width=\"500\" data-dnt=\"true\">\n<p lang=\"de\" dir=\"ltr\">Es wird keine <a href=\"https:\/\/twitter.com\/hashtag\/Uploadfilter?src=hash&amp;ref_src=twsrc%5Etfw\">#Uploadfilter<\/a> geben, sagten sie. Alles wird gut, sagten sie. <a href=\"https:\/\/twitter.com\/hashtag\/NieMehrCDU?src=hash&amp;ref_src=twsrc%5Etfw\">#NieMehrCDU<\/a>, sagen wir. <a href=\"https:\/\/twitter.com\/hashtag\/Artikel17?src=hash&amp;ref_src=twsrc%5Etfw\">#Artikel17<\/a> <a href=\"https:\/\/t.co\/EkwXe0frNU\">pic.twitter.com\/EkwXe0frNU<\/a><\/p>\n<p>&mdash; Piratenpartei (@Piratenpartei) <a href=\"https:\/\/twitter.com\/Piratenpartei\/status\/1356977424509116416?ref_src=twsrc%5Etfw\">February 3, 2021<\/a><\/p><\/blockquote>\n<p><script async src=\"https:\/\/platform.twitter.com\/widgets.js\" charset=\"utf-8\"><\/script><\/div>\n<p>&nbsp;<br \/>\n<strong>W\u00e4hrend die Urheberrechtsreform in Deutschland vermutlich nur noch Formsache ist, ist es ausgerechnet das wegen seiner mangelnden Rechtsstaatlichkeit in die Kritik geratene Polen, das das ganze Vorhaben auf EU-Ebene noch kippen k\u00f6nnte.<\/strong><\/p>\n<blockquote class=\"twitter-tweet\">\n<p lang=\"de\" dir=\"ltr\">Erstmal muss jetzt der Bundestag \u00fcber den Vorschlag abstimmen. Falls er zustimmt, wird es Gesetz. Wenn Polens Klage vor dem EuGH danach Erfolg hat, muss das Gesetz wieder abgeschafft werden.<\/p>\n<p>&mdash; Julia Reda (@Senficon) <a href=\"https:\/\/twitter.com\/Senficon\/status\/1357054977336889345?ref_src=twsrc%5Etfw\">February 3, 2021<\/a><\/p><\/blockquote>\n<p> <script async src=\"https:\/\/platform.twitter.com\/widgets.js\" charset=\"utf-8\"><\/script><\/p>\n<p>&nbsp;<\/p>\n<p>&#8212;<br \/>\nVielen Dank an alle f\u00fcr die Posts.<br \/>\n&#8212;<br \/>\n<strong>Keine Influencer! Kein Foodporn! Nur ganz viel Spa\u00df &#8211; bei uns auf Instagram:<\/strong><\/p>\n<blockquote class=\"instagram-media\" data-instgrm-captioned data-instgrm-permalink=\"https:\/\/www.instagram.com\/p\/CK3XHkogNu6\/?utm_source=ig_embed&amp;utm_campaign=loading\" data-instgrm-version=\"13\" style=\" background:#FFF; border:0; border-radius:3px; box-shadow:0 0 1px 0 rgba(0,0,0,0.5),0 1px 10px 0 rgba(0,0,0,0.15); margin: 1px; max-width:540px; min-width:326px; padding:0; width:99.375%; width:-webkit-calc(100% - 2px); width:calc(100% - 2px);\">\n<div style=\"padding:16px;\"> <a href=\"https:\/\/www.instagram.com\/p\/CK3XHkogNu6\/?utm_source=ig_embed&amp;utm_campaign=loading\" style=\" background:#FFFFFF; line-height:0; padding:0 0; text-align:center; text-decoration:none; width:100%;\" target=\"_blank\" rel=\"noopener\"> <\/p>\n<div style=\" display: flex; flex-direction: row; align-items: center;\">\n<div style=\"background-color: #F4F4F4; border-radius: 50%; flex-grow: 0; height: 40px; margin-right: 14px; width: 40px;\"><\/div>\n<div style=\"display: flex; flex-direction: column; flex-grow: 1; justify-content: center;\">\n<div style=\" background-color: #F4F4F4; border-radius: 4px; flex-grow: 0; height: 14px; margin-bottom: 6px; width: 100px;\"><\/div>\n<div style=\" background-color: #F4F4F4; border-radius: 4px; flex-grow: 0; height: 14px; width: 60px;\"><\/div>\n<\/div>\n<\/div>\n<div style=\"padding: 19% 0;\"><\/div>\n<div style=\"display:block; height:50px; margin:0 auto 12px; width:50px;\"><svg width=\"50px\" height=\"50px\" viewBox=\"0 0 60 60\" version=\"1.1\" xmlns=\"https:\/\/www.w3.org\/2000\/svg\" xmlns:xlink=\"https:\/\/www.w3.org\/1999\/xlink\"><g stroke=\"none\" stroke-width=\"1\" fill=\"none\" fill-rule=\"evenodd\"><g transform=\"translate(-511.000000, -20.000000)\" fill=\"#000000\"><g><path d=\"M556.869,30.41 C554.814,30.41 553.148,32.076 553.148,34.131 C553.148,36.186 554.814,37.852 556.869,37.852 C558.924,37.852 560.59,36.186 560.59,34.131 C560.59,32.076 558.924,30.41 556.869,30.41 M541,60.657 C535.114,60.657 530.342,55.887 530.342,50 C530.342,44.114 535.114,39.342 541,39.342 C546.887,39.342 551.658,44.114 551.658,50 C551.658,55.887 546.887,60.657 541,60.657 M541,33.886 C532.1,33.886 524.886,41.1 524.886,50 C524.886,58.899 532.1,66.113 541,66.113 C549.9,66.113 557.115,58.899 557.115,50 C557.115,41.1 549.9,33.886 541,33.886 M565.378,62.101 C565.244,65.022 564.756,66.606 564.346,67.663 C563.803,69.06 563.154,70.057 562.106,71.106 C561.058,72.155 560.06,72.803 558.662,73.347 C557.607,73.757 556.021,74.244 553.102,74.378 C549.944,74.521 548.997,74.552 541,74.552 C533.003,74.552 532.056,74.521 528.898,74.378 C525.979,74.244 524.393,73.757 523.338,73.347 C521.94,72.803 520.942,72.155 519.894,71.106 C518.846,70.057 518.197,69.06 517.654,67.663 C517.244,66.606 516.755,65.022 516.623,62.101 C516.479,58.943 516.448,57.996 516.448,50 C516.448,42.003 516.479,41.056 516.623,37.899 C516.755,34.978 517.244,33.391 517.654,32.338 C518.197,30.938 518.846,29.942 519.894,28.894 C520.942,27.846 521.94,27.196 523.338,26.654 C524.393,26.244 525.979,25.756 528.898,25.623 C532.057,25.479 533.004,25.448 541,25.448 C548.997,25.448 549.943,25.479 553.102,25.623 C556.021,25.756 557.607,26.244 558.662,26.654 C560.06,27.196 561.058,27.846 562.106,28.894 C563.154,29.942 563.803,30.938 564.346,32.338 C564.756,33.391 565.244,34.978 565.378,37.899 C565.522,41.056 565.552,42.003 565.552,50 C565.552,57.996 565.522,58.943 565.378,62.101 M570.82,37.631 C570.674,34.438 570.167,32.258 569.425,30.349 C568.659,28.377 567.633,26.702 565.965,25.035 C564.297,23.368 562.623,22.342 560.652,21.575 C558.743,20.834 556.562,20.326 553.369,20.18 C550.169,20.033 549.148,20 541,20 C532.853,20 531.831,20.033 528.631,20.18 C525.438,20.326 523.257,20.834 521.349,21.575 C519.376,22.342 517.703,23.368 516.035,25.035 C514.368,26.702 513.342,28.377 512.574,30.349 C511.834,32.258 511.326,34.438 511.181,37.631 C511.035,40.831 511,41.851 511,50 C511,58.147 511.035,59.17 511.181,62.369 C511.326,65.562 511.834,67.743 512.574,69.651 C513.342,71.625 514.368,73.296 516.035,74.965 C517.703,76.634 519.376,77.658 521.349,78.425 C523.257,79.167 525.438,79.673 528.631,79.82 C531.831,79.965 532.853,80.001 541,80.001 C549.148,80.001 550.169,79.965 553.369,79.82 C556.562,79.673 558.743,79.167 560.652,78.425 C562.623,77.658 564.297,76.634 565.965,74.965 C567.633,73.296 568.659,71.625 569.425,69.651 C570.167,67.743 570.674,65.562 570.82,62.369 C570.966,59.17 571,58.147 571,50 C571,41.851 570.966,40.831 570.82,37.631\"><\/path><\/g><\/g><\/g><\/svg><\/div>\n<div style=\"padding-top: 8px;\">\n<div style=\" color:#3897f0; font-family:Arial,sans-serif; font-size:14px; font-style:normal; font-weight:550; line-height:18px;\"> Sieh dir diesen Beitrag auf Instagram an<\/div>\n<\/div>\n<div style=\"padding: 12.5% 0;\"><\/div>\n<div style=\"display: flex; flex-direction: row; margin-bottom: 14px; align-items: center;\">\n<div>\n<div style=\"background-color: #F4F4F4; border-radius: 50%; height: 12.5px; width: 12.5px; transform: translateX(0px) translateY(7px);\"><\/div>\n<div style=\"background-color: #F4F4F4; height: 12.5px; transform: rotate(-45deg) translateX(3px) translateY(1px); width: 12.5px; flex-grow: 0; margin-right: 14px; margin-left: 2px;\"><\/div>\n<div style=\"background-color: #F4F4F4; border-radius: 50%; height: 12.5px; width: 12.5px; transform: translateX(9px) translateY(-18px);\"><\/div>\n<\/div>\n<div style=\"margin-left: 8px;\">\n<div style=\" background-color: #F4F4F4; border-radius: 50%; flex-grow: 0; height: 20px; width: 20px;\"><\/div>\n<div style=\" width: 0; height: 0; border-top: 2px solid transparent; border-left: 6px solid #f4f4f4; border-bottom: 2px solid transparent; transform: translateX(16px) translateY(-4px) rotate(30deg)\"><\/div>\n<\/div>\n<div style=\"margin-left: auto;\">\n<div style=\" width: 0px; border-top: 8px solid #F4F4F4; border-right: 8px solid transparent; transform: translateY(16px);\"><\/div>\n<div style=\" background-color: #F4F4F4; flex-grow: 0; height: 12px; width: 16px; transform: translateY(-4px);\"><\/div>\n<div style=\" width: 0; height: 0; border-top: 8px solid #F4F4F4; border-left: 8px solid transparent; transform: translateY(-4px) translateX(8px);\"><\/div>\n<\/div>\n<\/div>\n<div style=\"display: flex; flex-direction: column; flex-grow: 1; justify-content: center; margin-bottom: 24px;\">\n<div style=\" background-color: #F4F4F4; border-radius: 4px; flex-grow: 0; height: 14px; margin-bottom: 6px; width: 224px;\"><\/div>\n<div style=\" background-color: #F4F4F4; border-radius: 4px; flex-grow: 0; height: 14px; width: 144px;\"><\/div>\n<\/div>\n<p><\/a><\/p>\n<p style=\" color:#c9c8cd; font-family:Arial,sans-serif; font-size:14px; line-height:17px; margin-bottom:0; margin-top:8px; overflow:hidden; padding:8px 0 7px; text-align:center; text-overflow:ellipsis; white-space:nowrap;\"><a href=\"https:\/\/www.instagram.com\/p\/CK3XHkogNu6\/?utm_source=ig_embed&amp;utm_campaign=loading\" style=\" color:#c9c8cd; font-family:Arial,sans-serif; font-size:14px; font-style:normal; font-weight:normal; line-height:17px; text-decoration:none;\" target=\"_blank\" rel=\"noopener\">Ein Beitrag geteilt von The Best Social Media &#8211; DE (@thebestsocialmediade)<\/a><\/p>\n<\/div>\n<\/blockquote>\n\n<script async defer src=\"\/instagram-embed.js\"><\/script>","protected":false},"excerpt":{"rendered":"<p>Gestern hat das Bundeskabinett eine Gesetzesvorlage zur Urheberrechtsreform beschlossen. Damit soll die EU-Urheberrechtsrichtlinie in nationales Recht umgesetzt werden. Bis sp\u00e4testen 7. Juni 2021 muss der&#8230;<\/p>\n","protected":false},"author":72,"featured_media":141298,"comment_status":"open","ping_status":"open","sticky":false,"template":"","format":"standard","meta":{"_acf_changed":false,"footnotes":""},"categories":[35],"tags":[188,2445,2576],"class_list":["post-141287","post","type-post","status-publish","format-standard","has-post-thumbnail","hentry","category-twitter","tag-cdu","tag-uploadfilter","tag-urheberrechtsreform"],"acf":[],"yoast_head":"<!-- This site is optimized with the Yoast SEO plugin v27.5 - https:\/\/yoast.com\/product\/yoast-seo-wordpress\/ -->\n<title>Uploadfilter: Kabinett beschlie\u00dft Urheberrechtsreform und die Kritik ist gro\u00df<\/title>\n<meta name=\"description\" content=\"Nachdem das Bundeskabinett die Urheberrechtsreform beschlossen hat und Uploadfilter nun wohl doch kommen werden, gibt es heftige Kritik.\" \/>\n<meta name=\"robots\" content=\"index, follow, max-snippet:-1, max-image-preview:large, max-video-preview:-1\" \/>\n<link rel=\"canonical\" href=\"https:\/\/www.thebestsocial.media\/de\/urheberrechtsreform-uploadfilter-cdu\/\" \/>\n<meta property=\"og:locale\" content=\"de_DE\" \/>\n<meta property=\"og:type\" content=\"article\" \/>\n<meta property=\"og:title\" content=\"Urheberrechtsreform und Uploadfilter: CDU wird wegen gebrochenem Wahlversprechen scharf kritisiert\" \/>\n<meta property=\"og:description\" content=\"Nachdem das Bundeskabinett die Urheberrechtsreform beschlossen hat und Uploadfilter nun wohl doch kommen werden, gibt es heftige Kritik.\" \/>\n<meta property=\"og:url\" content=\"https:\/\/www.thebestsocial.media\/de\/urheberrechtsreform-uploadfilter-cdu\/\" \/>\n<meta property=\"og:site_name\" content=\"The Best Social Media DE\" \/>\n<meta property=\"article:published_time\" content=\"2021-02-04T11:16:37+00:00\" \/>\n<meta property=\"og:image\" content=\"https:\/\/www.thebestsocial.media\/de\/wp-content\/uploads\/sites\/3\/2021\/02\/filter_fb.png\" \/>\n\t<meta property=\"og:image:width\" content=\"1200\" \/>\n\t<meta property=\"og:image:height\" content=\"628\" \/>\n\t<meta property=\"og:image:type\" content=\"image\/png\" \/>\n<meta name=\"author\" content=\"Benny\" \/>\n<meta name=\"twitter:card\" content=\"summary_large_image\" \/>\n<meta name=\"twitter:label1\" content=\"Verfasst von\" \/>\n\t<meta name=\"twitter:data1\" content=\"Benny\" \/>\n\t<meta name=\"twitter:label2\" content=\"Gesch\u00e4tzte Lesezeit\" \/>\n\t<meta name=\"twitter:data2\" content=\"1\u00a0Minute\" \/>\n<script type=\"application\/ld+json\" class=\"yoast-schema-graph\">{\"@context\":\"https:\\\/\\\/schema.org\",\"@graph\":[{\"@type\":\"Article\",\"@id\":\"https:\\\/\\\/www.thebestsocial.media\\\/de\\\/urheberrechtsreform-uploadfilter-cdu\\\/#article\",\"isPartOf\":{\"@id\":\"https:\\\/\\\/www.thebestsocial.media\\\/de\\\/urheberrechtsreform-uploadfilter-cdu\\\/\"},\"author\":{\"name\":\"Benny\",\"@id\":\"https:\\\/\\\/www.thebestsocial.media\\\/de\\\/#\\\/schema\\\/person\\\/212fdd48880db42a484e589e4e27871b\"},\"headline\":\"Urheberrechtsreform und Uploadfilter: CDU wird wegen gebrochenem Wahlversprechen scharf kritisiert\",\"datePublished\":\"2021-02-04T11:16:37+00:00\",\"mainEntityOfPage\":{\"@id\":\"https:\\\/\\\/www.thebestsocial.media\\\/de\\\/urheberrechtsreform-uploadfilter-cdu\\\/\"},\"wordCount\":866,\"commentCount\":0,\"image\":{\"@id\":\"https:\\\/\\\/www.thebestsocial.media\\\/de\\\/urheberrechtsreform-uploadfilter-cdu\\\/#primaryimage\"},\"thumbnailUrl\":\"https:\\\/\\\/www.thebestsocial.media\\\/de\\\/wp-content\\\/uploads\\\/sites\\\/3\\\/2021\\\/02\\\/filter_thumb.png\",\"keywords\":[\"CDU\",\"Uploadfilter\",\"Urheberrechtsreform\"],\"articleSection\":[\"Twitter\"],\"inLanguage\":\"de\",\"potentialAction\":[{\"@type\":\"CommentAction\",\"name\":\"Comment\",\"target\":[\"https:\\\/\\\/www.thebestsocial.media\\\/de\\\/urheberrechtsreform-uploadfilter-cdu\\\/#respond\"]}]},{\"@type\":\"WebPage\",\"@id\":\"https:\\\/\\\/www.thebestsocial.media\\\/de\\\/urheberrechtsreform-uploadfilter-cdu\\\/\",\"url\":\"https:\\\/\\\/www.thebestsocial.media\\\/de\\\/urheberrechtsreform-uploadfilter-cdu\\\/\",\"name\":\"Uploadfilter: Kabinett beschlie\u00dft Urheberrechtsreform und die Kritik ist gro\u00df\",\"isPartOf\":{\"@id\":\"https:\\\/\\\/www.thebestsocial.media\\\/de\\\/#website\"},\"primaryImageOfPage\":{\"@id\":\"https:\\\/\\\/www.thebestsocial.media\\\/de\\\/urheberrechtsreform-uploadfilter-cdu\\\/#primaryimage\"},\"image\":{\"@id\":\"https:\\\/\\\/www.thebestsocial.media\\\/de\\\/urheberrechtsreform-uploadfilter-cdu\\\/#primaryimage\"},\"thumbnailUrl\":\"https:\\\/\\\/www.thebestsocial.media\\\/de\\\/wp-content\\\/uploads\\\/sites\\\/3\\\/2021\\\/02\\\/filter_thumb.png\",\"datePublished\":\"2021-02-04T11:16:37+00:00\",\"author\":{\"@id\":\"https:\\\/\\\/www.thebestsocial.media\\\/de\\\/#\\\/schema\\\/person\\\/212fdd48880db42a484e589e4e27871b\"},\"description\":\"Nachdem das Bundeskabinett die Urheberrechtsreform beschlossen hat und Uploadfilter nun wohl doch kommen werden, gibt es heftige Kritik.\",\"breadcrumb\":{\"@id\":\"https:\\\/\\\/www.thebestsocial.media\\\/de\\\/urheberrechtsreform-uploadfilter-cdu\\\/#breadcrumb\"},\"inLanguage\":\"de\",\"potentialAction\":[{\"@type\":\"ReadAction\",\"target\":[\"https:\\\/\\\/www.thebestsocial.media\\\/de\\\/urheberrechtsreform-uploadfilter-cdu\\\/\"]}]},{\"@type\":\"ImageObject\",\"inLanguage\":\"de\",\"@id\":\"https:\\\/\\\/www.thebestsocial.media\\\/de\\\/urheberrechtsreform-uploadfilter-cdu\\\/#primaryimage\",\"url\":\"https:\\\/\\\/www.thebestsocial.media\\\/de\\\/wp-content\\\/uploads\\\/sites\\\/3\\\/2021\\\/02\\\/filter_thumb.png\",\"contentUrl\":\"https:\\\/\\\/www.thebestsocial.media\\\/de\\\/wp-content\\\/uploads\\\/sites\\\/3\\\/2021\\\/02\\\/filter_thumb.png\",\"width\":1200,\"height\":628},{\"@type\":\"BreadcrumbList\",\"@id\":\"https:\\\/\\\/www.thebestsocial.media\\\/de\\\/urheberrechtsreform-uploadfilter-cdu\\\/#breadcrumb\",\"itemListElement\":[{\"@type\":\"ListItem\",\"position\":1,\"name\":\"Home\",\"item\":\"https:\\\/\\\/www.thebestsocial.media\\\/de\\\/\"},{\"@type\":\"ListItem\",\"position\":2,\"name\":\"Urheberrechtsreform und Uploadfilter: CDU wird wegen gebrochenem Wahlversprechen scharf kritisiert\"}]},{\"@type\":\"WebSite\",\"@id\":\"https:\\\/\\\/www.thebestsocial.media\\\/de\\\/#website\",\"url\":\"https:\\\/\\\/www.thebestsocial.media\\\/de\\\/\",\"name\":\"The Best Social Media DE\",\"description\":\"\",\"potentialAction\":[{\"@type\":\"SearchAction\",\"target\":{\"@type\":\"EntryPoint\",\"urlTemplate\":\"https:\\\/\\\/www.thebestsocial.media\\\/de\\\/?s={search_term_string}\"},\"query-input\":{\"@type\":\"PropertyValueSpecification\",\"valueRequired\":true,\"valueName\":\"search_term_string\"}}],\"inLanguage\":\"de\"},{\"@type\":\"Person\",\"@id\":\"https:\\\/\\\/www.thebestsocial.media\\\/de\\\/#\\\/schema\\\/person\\\/212fdd48880db42a484e589e4e27871b\",\"name\":\"Benny\",\"image\":{\"@type\":\"ImageObject\",\"inLanguage\":\"de\",\"@id\":\"https:\\\/\\\/secure.gravatar.com\\\/avatar\\\/559f54fceb59ac8654d5ca40291d2ab87f2a9d79e48e8e3c19582477cde950bf?s=96&d=mm&r=g\",\"url\":\"https:\\\/\\\/secure.gravatar.com\\\/avatar\\\/559f54fceb59ac8654d5ca40291d2ab87f2a9d79e48e8e3c19582477cde950bf?s=96&d=mm&r=g\",\"contentUrl\":\"https:\\\/\\\/secure.gravatar.com\\\/avatar\\\/559f54fceb59ac8654d5ca40291d2ab87f2a9d79e48e8e3c19582477cde950bf?s=96&d=mm&r=g\",\"caption\":\"Benny\"},\"url\":\"https:\\\/\\\/www.thebestsocial.media\\\/de\\\/author\\\/bennykrueger\\\/\"}]}<\/script>\n<!-- \/ Yoast SEO plugin. -->","yoast_head_json":{"title":"Uploadfilter: Kabinett beschlie\u00dft Urheberrechtsreform und die Kritik ist gro\u00df","description":"Nachdem das Bundeskabinett die Urheberrechtsreform beschlossen hat und Uploadfilter nun wohl doch kommen werden, gibt es heftige Kritik.","robots":{"index":"index","follow":"follow","max-snippet":"max-snippet:-1","max-image-preview":"max-image-preview:large","max-video-preview":"max-video-preview:-1"},"canonical":"https:\/\/www.thebestsocial.media\/de\/urheberrechtsreform-uploadfilter-cdu\/","og_locale":"de_DE","og_type":"article","og_title":"Urheberrechtsreform und Uploadfilter: CDU wird wegen gebrochenem Wahlversprechen scharf kritisiert","og_description":"Nachdem das Bundeskabinett die Urheberrechtsreform beschlossen hat und Uploadfilter nun wohl doch kommen werden, gibt es heftige Kritik.","og_url":"https:\/\/www.thebestsocial.media\/de\/urheberrechtsreform-uploadfilter-cdu\/","og_site_name":"The Best Social Media DE","article_published_time":"2021-02-04T11:16:37+00:00","og_image":[{"width":1200,"height":628,"url":"https:\/\/www.thebestsocial.media\/de\/wp-content\/uploads\/sites\/3\/2021\/02\/filter_fb.png","type":"image\/png"}],"author":"Benny","twitter_card":"summary_large_image","twitter_misc":{"Verfasst von":"Benny","Gesch\u00e4tzte Lesezeit":"1\u00a0Minute"},"schema":{"@context":"https:\/\/schema.org","@graph":[{"@type":"Article","@id":"https:\/\/www.thebestsocial.media\/de\/urheberrechtsreform-uploadfilter-cdu\/#article","isPartOf":{"@id":"https:\/\/www.thebestsocial.media\/de\/urheberrechtsreform-uploadfilter-cdu\/"},"author":{"name":"Benny","@id":"https:\/\/www.thebestsocial.media\/de\/#\/schema\/person\/212fdd48880db42a484e589e4e27871b"},"headline":"Urheberrechtsreform und Uploadfilter: CDU wird wegen gebrochenem Wahlversprechen scharf kritisiert","datePublished":"2021-02-04T11:16:37+00:00","mainEntityOfPage":{"@id":"https:\/\/www.thebestsocial.media\/de\/urheberrechtsreform-uploadfilter-cdu\/"},"wordCount":866,"commentCount":0,"image":{"@id":"https:\/\/www.thebestsocial.media\/de\/urheberrechtsreform-uploadfilter-cdu\/#primaryimage"},"thumbnailUrl":"https:\/\/www.thebestsocial.media\/de\/wp-content\/uploads\/sites\/3\/2021\/02\/filter_thumb.png","keywords":["CDU","Uploadfilter","Urheberrechtsreform"],"articleSection":["Twitter"],"inLanguage":"de","potentialAction":[{"@type":"CommentAction","name":"Comment","target":["https:\/\/www.thebestsocial.media\/de\/urheberrechtsreform-uploadfilter-cdu\/#respond"]}]},{"@type":"WebPage","@id":"https:\/\/www.thebestsocial.media\/de\/urheberrechtsreform-uploadfilter-cdu\/","url":"https:\/\/www.thebestsocial.media\/de\/urheberrechtsreform-uploadfilter-cdu\/","name":"Uploadfilter: Kabinett beschlie\u00dft Urheberrechtsreform und die Kritik ist gro\u00df","isPartOf":{"@id":"https:\/\/www.thebestsocial.media\/de\/#website"},"primaryImageOfPage":{"@id":"https:\/\/www.thebestsocial.media\/de\/urheberrechtsreform-uploadfilter-cdu\/#primaryimage"},"image":{"@id":"https:\/\/www.thebestsocial.media\/de\/urheberrechtsreform-uploadfilter-cdu\/#primaryimage"},"thumbnailUrl":"https:\/\/www.thebestsocial.media\/de\/wp-content\/uploads\/sites\/3\/2021\/02\/filter_thumb.png","datePublished":"2021-02-04T11:16:37+00:00","author":{"@id":"https:\/\/www.thebestsocial.media\/de\/#\/schema\/person\/212fdd48880db42a484e589e4e27871b"},"description":"Nachdem das Bundeskabinett die Urheberrechtsreform beschlossen hat und Uploadfilter nun wohl doch kommen werden, gibt es heftige Kritik.","breadcrumb":{"@id":"https:\/\/www.thebestsocial.media\/de\/urheberrechtsreform-uploadfilter-cdu\/#breadcrumb"},"inLanguage":"de","potentialAction":[{"@type":"ReadAction","target":["https:\/\/www.thebestsocial.media\/de\/urheberrechtsreform-uploadfilter-cdu\/"]}]},{"@type":"ImageObject","inLanguage":"de","@id":"https:\/\/www.thebestsocial.media\/de\/urheberrechtsreform-uploadfilter-cdu\/#primaryimage","url":"https:\/\/www.thebestsocial.media\/de\/wp-content\/uploads\/sites\/3\/2021\/02\/filter_thumb.png","contentUrl":"https:\/\/www.thebestsocial.media\/de\/wp-content\/uploads\/sites\/3\/2021\/02\/filter_thumb.png","width":1200,"height":628},{"@type":"BreadcrumbList","@id":"https:\/\/www.thebestsocial.media\/de\/urheberrechtsreform-uploadfilter-cdu\/#breadcrumb","itemListElement":[{"@type":"ListItem","position":1,"name":"Home","item":"https:\/\/www.thebestsocial.media\/de\/"},{"@type":"ListItem","position":2,"name":"Urheberrechtsreform und Uploadfilter: CDU wird wegen gebrochenem Wahlversprechen scharf kritisiert"}]},{"@type":"WebSite","@id":"https:\/\/www.thebestsocial.media\/de\/#website","url":"https:\/\/www.thebestsocial.media\/de\/","name":"The Best Social Media DE","description":"","potentialAction":[{"@type":"SearchAction","target":{"@type":"EntryPoint","urlTemplate":"https:\/\/www.thebestsocial.media\/de\/?s={search_term_string}"},"query-input":{"@type":"PropertyValueSpecification","valueRequired":true,"valueName":"search_term_string"}}],"inLanguage":"de"},{"@type":"Person","@id":"https:\/\/www.thebestsocial.media\/de\/#\/schema\/person\/212fdd48880db42a484e589e4e27871b","name":"Benny","image":{"@type":"ImageObject","inLanguage":"de","@id":"https:\/\/secure.gravatar.com\/avatar\/559f54fceb59ac8654d5ca40291d2ab87f2a9d79e48e8e3c19582477cde950bf?s=96&d=mm&r=g","url":"https:\/\/secure.gravatar.com\/avatar\/559f54fceb59ac8654d5ca40291d2ab87f2a9d79e48e8e3c19582477cde950bf?s=96&d=mm&r=g","contentUrl":"https:\/\/secure.gravatar.com\/avatar\/559f54fceb59ac8654d5ca40291d2ab87f2a9d79e48e8e3c19582477cde950bf?s=96&d=mm&r=g","caption":"Benny"},"url":"https:\/\/www.thebestsocial.media\/de\/author\/bennykrueger\/"}]}},"amp_enabled":true,"_links":{"self":[{"href":"https:\/\/www.thebestsocial.media\/de\/wp-json\/wp\/v2\/posts\/141287","targetHints":{"allow":["GET"]}}],"collection":[{"href":"https:\/\/www.thebestsocial.media\/de\/wp-json\/wp\/v2\/posts"}],"about":[{"href":"https:\/\/www.thebestsocial.media\/de\/wp-json\/wp\/v2\/types\/post"}],"author":[{"embeddable":true,"href":"https:\/\/www.thebestsocial.media\/de\/wp-json\/wp\/v2\/users\/72"}],"replies":[{"embeddable":true,"href":"https:\/\/www.thebestsocial.media\/de\/wp-json\/wp\/v2\/comments?post=141287"}],"version-history":[{"count":2,"href":"https:\/\/www.thebestsocial.media\/de\/wp-json\/wp\/v2\/posts\/141287\/revisions"}],"predecessor-version":[{"id":141300,"href":"https:\/\/www.thebestsocial.media\/de\/wp-json\/wp\/v2\/posts\/141287\/revisions\/141300"}],"wp:featuredmedia":[{"embeddable":true,"href":"https:\/\/www.thebestsocial.media\/de\/wp-json\/wp\/v2\/media\/141298"}],"wp:attachment":[{"href":"https:\/\/www.thebestsocial.media\/de\/wp-json\/wp\/v2\/media?parent=141287"}],"wp:term":[{"taxonomy":"category","embeddable":true,"href":"https:\/\/www.thebestsocial.media\/de\/wp-json\/wp\/v2\/categories?post=141287"},{"taxonomy":"post_tag","embeddable":true,"href":"https:\/\/www.thebestsocial.media\/de\/wp-json\/wp\/v2\/tags?post=141287"}],"curies":[{"name":"wp","href":"https:\/\/api.w.org\/{rel}","templated":true}]}}