{"id":141047,"date":"2021-02-01T10:08:17","date_gmt":"2021-02-01T10:08:17","guid":{"rendered":"https:\/\/www.thebestsocial.media\/de\/?p=141047"},"modified":"2021-02-01T14:06:30","modified_gmt":"2021-02-01T14:06:30","slug":"die-letzte-instanz","status":"publish","type":"post","link":"https:\/\/www.thebestsocial.media\/de\/die-letzte-instanz\/","title":{"rendered":"Nach WDR-Eklat: Sender und G\u00e4ste bitten um Entschuldigung, aber Kritik h\u00e4lt an"},"content":{"rendered":"<p>Thomas Gottschalk, Janine Kunze, Micky Beisenherz, J\u00fcrgen Milski: Was nach den Teilnehmern irgendeiner wahnsinnig lustigen Samstagabend-Promi-Gameshow auf Sat.1 klingt, war am vergangenen Freitag tats\u00e4chlich die G\u00e4steliste der WDR-Sendung &#8222;Die letzte Instanz&#8220;. In der von Steffen Hallaschka moderierten Talkshow soll man auch mal die wirklich hei\u00dfen Eisen kontrovers diskutieren d\u00fcrfen. Man kam dabei auf <a href=\"https:\/\/www.thebestsocial.media\/de\/talkshow-eklat-lanz-gast-erzuernt-mit-rassismus-aussagen-das-netz\/\" rel=\"noopener\" target=\"_blank\">Rassismus<\/a> zu sprechen, der Moderator fragte, ob man Zigeunerso\u00dfe wirklich umbenennen m\u00fcsse und die vier wei\u00dfen Damen und Herren im Studio waren sich einig, dass das N- und Z-Wort nicht so schlimm seien und sich dadurch auch niemand diskriminiert f\u00fchlen k\u00f6nnte.<\/p>\n<p>&nbsp;<br \/>\n<strong>Am Wochenende hagelte es nun reichlich Kritik f\u00fcr &#8222;Die letzte Instanz&#8220;. Den Stein ins Rollen brachte Autorin und Comedienne Jasmina Kuhnke, die &#8211; gelinde gesagt &#8211; die mangelnde Diversit\u00e4t und Sensibilit\u00e4t der Talkrunde bem\u00e4ngelte.<\/strong><\/p>\n<p>https:\/\/twitter.com\/ebonyplusirony\/status\/1355471645125828608<\/p>\n<p>&nbsp;<br \/>\n<strong>Steffen Hallaschka f\u00fchrte an, dass der Begriff &#8222;Zigeuner&#8220; vom Zentralrat Deutscher Sinti und Roma als diskriminierend abgelehnt wird, was vor allem Janine Kunze nicht als Argument gelten lassen wollte. Weiter meinte sie schlie\u00dflich auch von Sexismus betroffen sei und man sich da nicht so anstellen m\u00fcsste.<\/strong><\/p>\n<div class=\"dbsm-oembed\">\n<blockquote class=\"twitter-tweet\" data-width=\"500\" data-dnt=\"true\">\n<p lang=\"de\" dir=\"ltr\">Deutschland 2021 <a href=\"https:\/\/t.co\/hHKwjymQbk\">pic.twitter.com\/hHKwjymQbk<\/a><\/p>\n<p>&mdash; steissbeine (@diesteissbeine) <a href=\"https:\/\/twitter.com\/diesteissbeine\/status\/1355647751678255110?ref_src=twsrc%5Etfw\">January 30, 2021<\/a><\/p><\/blockquote>\n<p><script async src=\"https:\/\/platform.twitter.com\/widgets.js\" charset=\"utf-8\"><\/script><\/div>\n<p>https:\/\/twitter.com\/lea_chiara\/status\/1355821114614812674<\/p>\n<p>&nbsp;<br \/>\n<strong>Es herrschte viel Unverst\u00e4ndnis dar\u00fcber, dass man solche Diskussionen immer noch f\u00fchren muss. Auch h\u00e4tte man gerade von den eingeladenen G\u00e4sten mehr Einsicht erwartet.<\/strong><\/p>\n<div class=\"dbsm-oembed\">\n<blockquote class=\"twitter-tweet\" data-width=\"500\" data-dnt=\"true\">\n<p lang=\"de\" dir=\"ltr\">Wisst ihr was ich wirklich schr\u00e4g finde bei dieser \u201eNix darf man mehr sagen\u201c-Diskussion? Ich bin Mitte 30. mir wurde schon als Kind gesagt, dass man gewisse Bezeichnungen nicht benutzen darf. Und um exakt die W\u00f6rter geht es immer noch.<\/p>\n<p>&mdash; Mariella aka GMTK (@giannamariella) <a href=\"https:\/\/twitter.com\/giannamariella\/status\/1355860381982449673?ref_src=twsrc%5Etfw\">January 31, 2021<\/a><\/p><\/blockquote>\n<p><script async src=\"https:\/\/platform.twitter.com\/widgets.js\" charset=\"utf-8\"><\/script><\/div>\n<div class=\"dbsm-oembed\">\n<blockquote class=\"twitter-tweet\" data-width=\"500\" data-dnt=\"true\">\n<p lang=\"de\" dir=\"ltr\">Es gab mal ne Zeit, da war \u201ePolacke\u201c ein oft benutztes Wort. Es war NIE nett gemeint. War mir auch immer egal, ob irgendwer Polen kennt, die das \u201enicht so schlimm\u201c fanden. Ich fand\u2019s immer \u00e4tzend. Bin froh, dass das heute kaum noch wer sagt. Sprache ver\u00e4ndert sich. Deal with it.<\/p>\n<p>&mdash; Katharina Nocun (@kattascha) <a href=\"https:\/\/twitter.com\/kattascha\/status\/1355982029352005636?ref_src=twsrc%5Etfw\">January 31, 2021<\/a><\/p><\/blockquote>\n<p><script async src=\"https:\/\/platform.twitter.com\/widgets.js\" charset=\"utf-8\"><\/script><\/div>\n<div class=\"dbsm-oembed\">\n<blockquote class=\"twitter-tweet\" data-width=\"500\" data-dnt=\"true\">\n<p lang=\"de\" dir=\"ltr\">In den aktuellen &quot;Darf man noch das Wort x sagen&quot;-Debatten geht es im Grunde nur um eines: <\/p>\n<p>Austarieren, wie verletzend, gewaltvoll, ignorant man gerade noch so sein darf bevor es justiziabel wird.<\/p>\n<p>Kurzum: Die Verteidigung der gr\u00f6\u00dftm\u00f6glichen Niedertr\u00e4chtigkeit. (Thread)<\/p>\n<p>&mdash; K\u00fcbra G\u00fcm\u00fc\u015fay (@kuebra) <a href=\"https:\/\/twitter.com\/kuebra\/status\/1355826466571898882?ref_src=twsrc%5Etfw\">January 31, 2021<\/a><\/p><\/blockquote>\n<p><script async src=\"https:\/\/platform.twitter.com\/widgets.js\" charset=\"utf-8\"><\/script><\/div>\n<div class=\"dbsm-oembed\">\n<blockquote class=\"twitter-tweet\" data-width=\"500\" data-dnt=\"true\">\n<p lang=\"de\" dir=\"ltr\">Thomas Gottschalk hat sich f\u00fcr eine Party in Beverly Hills mithilfe von Blackfacing als Jimi Hendrix verkleidet und dadurch &quot;zum ersten Mal gewusst, wie sich ein Schwarzer f\u00fchlt&quot;.<\/p>\n<p>Ich hab&#39;s versucht, aber weiter schaff ich nicht.<a href=\"https:\/\/twitter.com\/hashtag\/DieletzteInstanz?src=hash&amp;ref_src=twsrc%5Etfw\">#DieletzteInstanz<\/a><\/p>\n<p>&mdash; Sarah Bosetti (@sarahbosetti) <a href=\"https:\/\/twitter.com\/sarahbosetti\/status\/1355800717144031233?ref_src=twsrc%5Etfw\">January 31, 2021<\/a><\/p><\/blockquote>\n<p><script async src=\"https:\/\/platform.twitter.com\/widgets.js\" charset=\"utf-8\"><\/script><\/div>\n<div class=\"dbsm-oembed\">\n<blockquote class=\"twitter-tweet\" data-width=\"500\" data-dnt=\"true\">\n<p lang=\"de\" dir=\"ltr\">Lasst uns bitte normalisieren zu sagen:<\/p>\n<p>\u201eDas kann ich nicht beurteilen, weil ich mich mit der Thematik nicht auseinandergesetzt habe. Deswegen w\u00fcrde ich dazu erst mal keine Meinung abgeben und das erstmal aussetzen und mich besser informieren\u201c<\/p>\n<p>&mdash; Malcolm Ohanwe (@MalcolmOhanwe) <a href=\"https:\/\/twitter.com\/MalcolmOhanwe\/status\/1355841352525877250?ref_src=twsrc%5Etfw\">January 31, 2021<\/a><\/p><\/blockquote>\n<p><script async src=\"https:\/\/platform.twitter.com\/widgets.js\" charset=\"utf-8\"><\/script><\/div>\n<p>https:\/\/twitter.com\/jenshealthde\/status\/1355906591007137793<\/p>\n<p>&nbsp;<br \/>\n<strong>Am gestrigen Sonntag baten sowohl der WDR als auch Janine Kunze um Entschuldigung. Am Montag zeigte sich Micky Beisenherz auch in seinem Podcast \u201eApokalypse und Filterkaffee\u201c reum\u00fctig: \u201eWenn ich Leute entt\u00e4uscht habe, dann tut mir das aufrichtig leid, denn das m\u00f6chte ich nicht.\u201c<\/strong><\/p>\n<div class=\"dbsm-oembed\">\n<blockquote class=\"twitter-tweet\" data-width=\"500\" data-dnt=\"true\">\n<p lang=\"de\" dir=\"ltr\">[Thread] Liebe Jasmina Kuhnke, wir verstehen die Kritik. Sie haben recht! <\/p>\n<p>Der Verlauf der Sendung war nicht, wie wir es geplant und uns vorgestellt hatten. In DLI sollen kontroverse Themen unterhaltsam diskutiert werden, dabei darf jeder Gast seine Meinung \u00e4u\u00dfern. Aber&#8230; (1\/2) <a href=\"https:\/\/t.co\/QnwD8q2kfr\">https:\/\/t.co\/QnwD8q2kfr<\/a><\/p>\n<p>&mdash; WDR (@WDR) <a href=\"https:\/\/twitter.com\/WDR\/status\/1355835670128963584?ref_src=twsrc%5Etfw\">January 31, 2021<\/a><\/p><\/blockquote>\n<p><script async src=\"https:\/\/platform.twitter.com\/widgets.js\" charset=\"utf-8\"><\/script><\/div>\n<blockquote class=\"twitter-tweet\" data-conversation=\"none\">\n<p lang=\"de\" dir=\"ltr\">&#8230; r\u00fcckblickend ist uns klar: Bei so einem sensiblen Thema h\u00e4tten unbedingt auch Menschen mitdiskutieren sollen, die andere Perspektiven mitbringen und\/oder direkt betroffen sind. Wir lernen daraus und werden es besser machen. (2\/2)<\/p>\n<p>&mdash; WDR (@WDR) <a href=\"https:\/\/twitter.com\/WDR\/status\/1355835671685050369?ref_src=twsrc%5Etfw\">January 31, 2021<\/a><\/p><\/blockquote>\n<p> <script async src=\"https:\/\/platform.twitter.com\/widgets.js\" charset=\"utf-8\"><\/script><\/p>\n<div class=\"dbsm-oembed\">\n<blockquote class=\"twitter-tweet\" data-width=\"500\" data-dnt=\"true\">\n<p lang=\"de\" dir=\"ltr\">Eine Sendung, in der vier Kartoffeln sitzen und mittels Karten \u00fcber Rassismus abstimmen hat ein Problem. Und auch meine Rolle in der Show war keine gute. Ich habe die Kritik aufmerksam gelesen und finde sie auch berechtigt. Ganz klar mein Fehler. Sorry<a href=\"https:\/\/twitter.com\/hashtag\/DieletzteInstanz?src=hash&amp;ref_src=twsrc%5Etfw\">#DieletzteInstanz<\/a><\/p>\n<p>&mdash; Micky Beisenherz \ud83c\udf4c (@MickyBeisenherz) <a href=\"https:\/\/twitter.com\/MickyBeisenherz\/status\/1356142658918481920?ref_src=twsrc%5Etfw\">February 1, 2021<\/a><\/p><\/blockquote>\n<p><script async src=\"https:\/\/platform.twitter.com\/widgets.js\" charset=\"utf-8\"><\/script><\/div>\n<blockquote class=\"instagram-media\" data-instgrm-captioned data-instgrm-permalink=\"https:\/\/www.instagram.com\/p\/CKuVXVVFIOJ\/?utm_source=ig_embed&amp;utm_campaign=loading\" data-instgrm-version=\"13\" style=\" background:#FFF; border:0; border-radius:3px; box-shadow:0 0 1px 0 rgba(0,0,0,0.5),0 1px 10px 0 rgba(0,0,0,0.15); margin: 1px; max-width:540px; min-width:326px; padding:0; width:99.375%; width:-webkit-calc(100% - 2px); width:calc(100% - 2px);\">\n<div style=\"padding:16px;\"> <a href=\"https:\/\/www.instagram.com\/p\/CKuVXVVFIOJ\/?utm_source=ig_embed&amp;utm_campaign=loading\" style=\" background:#FFFFFF; line-height:0; padding:0 0; text-align:center; text-decoration:none; width:100%;\" target=\"_blank\" rel=\"noopener\"> <\/p>\n<div style=\" display: flex; flex-direction: row; align-items: center;\">\n<div style=\"background-color: #F4F4F4; border-radius: 50%; flex-grow: 0; height: 40px; margin-right: 14px; width: 40px;\"><\/div>\n<div style=\"display: flex; flex-direction: column; flex-grow: 1; justify-content: center;\">\n<div style=\" background-color: #F4F4F4; border-radius: 4px; flex-grow: 0; height: 14px; margin-bottom: 6px; width: 100px;\"><\/div>\n<div style=\" background-color: #F4F4F4; border-radius: 4px; flex-grow: 0; height: 14px; width: 60px;\"><\/div>\n<\/div>\n<\/div>\n<div style=\"padding: 19% 0;\"><\/div>\n<div style=\"display:block; height:50px; margin:0 auto 12px; width:50px;\"><svg width=\"50px\" height=\"50px\" viewBox=\"0 0 60 60\" version=\"1.1\" xmlns=\"https:\/\/www.w3.org\/2000\/svg\" xmlns:xlink=\"https:\/\/www.w3.org\/1999\/xlink\"><g stroke=\"none\" stroke-width=\"1\" fill=\"none\" fill-rule=\"evenodd\"><g transform=\"translate(-511.000000, -20.000000)\" fill=\"#000000\"><g><path d=\"M556.869,30.41 C554.814,30.41 553.148,32.076 553.148,34.131 C553.148,36.186 554.814,37.852 556.869,37.852 C558.924,37.852 560.59,36.186 560.59,34.131 C560.59,32.076 558.924,30.41 556.869,30.41 M541,60.657 C535.114,60.657 530.342,55.887 530.342,50 C530.342,44.114 535.114,39.342 541,39.342 C546.887,39.342 551.658,44.114 551.658,50 C551.658,55.887 546.887,60.657 541,60.657 M541,33.886 C532.1,33.886 524.886,41.1 524.886,50 C524.886,58.899 532.1,66.113 541,66.113 C549.9,66.113 557.115,58.899 557.115,50 C557.115,41.1 549.9,33.886 541,33.886 M565.378,62.101 C565.244,65.022 564.756,66.606 564.346,67.663 C563.803,69.06 563.154,70.057 562.106,71.106 C561.058,72.155 560.06,72.803 558.662,73.347 C557.607,73.757 556.021,74.244 553.102,74.378 C549.944,74.521 548.997,74.552 541,74.552 C533.003,74.552 532.056,74.521 528.898,74.378 C525.979,74.244 524.393,73.757 523.338,73.347 C521.94,72.803 520.942,72.155 519.894,71.106 C518.846,70.057 518.197,69.06 517.654,67.663 C517.244,66.606 516.755,65.022 516.623,62.101 C516.479,58.943 516.448,57.996 516.448,50 C516.448,42.003 516.479,41.056 516.623,37.899 C516.755,34.978 517.244,33.391 517.654,32.338 C518.197,30.938 518.846,29.942 519.894,28.894 C520.942,27.846 521.94,27.196 523.338,26.654 C524.393,26.244 525.979,25.756 528.898,25.623 C532.057,25.479 533.004,25.448 541,25.448 C548.997,25.448 549.943,25.479 553.102,25.623 C556.021,25.756 557.607,26.244 558.662,26.654 C560.06,27.196 561.058,27.846 562.106,28.894 C563.154,29.942 563.803,30.938 564.346,32.338 C564.756,33.391 565.244,34.978 565.378,37.899 C565.522,41.056 565.552,42.003 565.552,50 C565.552,57.996 565.522,58.943 565.378,62.101 M570.82,37.631 C570.674,34.438 570.167,32.258 569.425,30.349 C568.659,28.377 567.633,26.702 565.965,25.035 C564.297,23.368 562.623,22.342 560.652,21.575 C558.743,20.834 556.562,20.326 553.369,20.18 C550.169,20.033 549.148,20 541,20 C532.853,20 531.831,20.033 528.631,20.18 C525.438,20.326 523.257,20.834 521.349,21.575 C519.376,22.342 517.703,23.368 516.035,25.035 C514.368,26.702 513.342,28.377 512.574,30.349 C511.834,32.258 511.326,34.438 511.181,37.631 C511.035,40.831 511,41.851 511,50 C511,58.147 511.035,59.17 511.181,62.369 C511.326,65.562 511.834,67.743 512.574,69.651 C513.342,71.625 514.368,73.296 516.035,74.965 C517.703,76.634 519.376,77.658 521.349,78.425 C523.257,79.167 525.438,79.673 528.631,79.82 C531.831,79.965 532.853,80.001 541,80.001 C549.148,80.001 550.169,79.965 553.369,79.82 C556.562,79.673 558.743,79.167 560.652,78.425 C562.623,77.658 564.297,76.634 565.965,74.965 C567.633,73.296 568.659,71.625 569.425,69.651 C570.167,67.743 570.674,65.562 570.82,62.369 C570.966,59.17 571,58.147 571,50 C571,41.851 570.966,40.831 570.82,37.631\"><\/path><\/g><\/g><\/g><\/svg><\/div>\n<div style=\"padding-top: 8px;\">\n<div style=\" color:#3897f0; font-family:Arial,sans-serif; font-size:14px; font-style:normal; font-weight:550; line-height:18px;\"> Sieh dir diesen Beitrag auf Instagram an<\/div>\n<\/div>\n<div style=\"padding: 12.5% 0;\"><\/div>\n<div style=\"display: flex; flex-direction: row; margin-bottom: 14px; align-items: center;\">\n<div>\n<div style=\"background-color: #F4F4F4; border-radius: 50%; height: 12.5px; width: 12.5px; transform: translateX(0px) translateY(7px);\"><\/div>\n<div style=\"background-color: #F4F4F4; height: 12.5px; transform: rotate(-45deg) translateX(3px) translateY(1px); width: 12.5px; flex-grow: 0; margin-right: 14px; margin-left: 2px;\"><\/div>\n<div style=\"background-color: #F4F4F4; border-radius: 50%; height: 12.5px; width: 12.5px; transform: translateX(9px) translateY(-18px);\"><\/div>\n<\/div>\n<div style=\"margin-left: 8px;\">\n<div style=\" background-color: #F4F4F4; border-radius: 50%; flex-grow: 0; height: 20px; width: 20px;\"><\/div>\n<div style=\" width: 0; height: 0; border-top: 2px solid transparent; border-left: 6px solid #f4f4f4; border-bottom: 2px solid transparent; transform: translateX(16px) translateY(-4px) rotate(30deg)\"><\/div>\n<\/div>\n<div style=\"margin-left: auto;\">\n<div style=\" width: 0px; border-top: 8px solid #F4F4F4; border-right: 8px solid transparent; transform: translateY(16px);\"><\/div>\n<div style=\" background-color: #F4F4F4; flex-grow: 0; height: 12px; width: 16px; transform: translateY(-4px);\"><\/div>\n<div style=\" width: 0; height: 0; border-top: 8px solid #F4F4F4; border-left: 8px solid transparent; transform: translateY(-4px) translateX(8px);\"><\/div>\n<\/div>\n<\/div>\n<div style=\"display: flex; flex-direction: column; flex-grow: 1; justify-content: center; margin-bottom: 24px;\">\n<div style=\" background-color: #F4F4F4; border-radius: 4px; flex-grow: 0; height: 14px; margin-bottom: 6px; width: 224px;\"><\/div>\n<div style=\" background-color: #F4F4F4; border-radius: 4px; flex-grow: 0; height: 14px; width: 144px;\"><\/div>\n<\/div>\n<p><\/a><\/p>\n<p style=\" color:#c9c8cd; font-family:Arial,sans-serif; font-size:14px; line-height:17px; margin-bottom:0; margin-top:8px; overflow:hidden; padding:8px 0 7px; text-align:center; text-overflow:ellipsis; white-space:nowrap;\"><a href=\"https:\/\/www.instagram.com\/p\/CKuVXVVFIOJ\/?utm_source=ig_embed&amp;utm_campaign=loading\" style=\" color:#c9c8cd; font-family:Arial,sans-serif; font-size:14px; font-style:normal; font-weight:normal; line-height:17px; text-decoration:none;\" target=\"_blank\" rel=\"noopener\">Ein Beitrag geteilt von Janine Kunze (@janinekunzeofficial)<\/a><\/p>\n<\/div>\n<\/blockquote>\n\n<p>&nbsp;<br \/>\n<strong>Aber nicht jeder wollte sich mit der fast schon obligatorischen Entschuldigung zufriedengeben.<\/strong><\/p>\n<p>https:\/\/twitter.com\/ebonyplusirony\/status\/1356177970319265794<\/p>\n<p>&nbsp;<br \/>\n<strong>Trotz Stellungnahme des WDR brachten auch viele bekannte Gesichter des \u00f6ffentlich-rechtlichen Fernsehens ihre Kritik zum Ausdruck.<\/strong><\/p>\n<div class=\"dbsm-oembed\">\n<blockquote class=\"twitter-tweet\" data-width=\"500\" data-dnt=\"true\">\n<p lang=\"de\" dir=\"ltr\">\u201eStell dich bitte nicht so an\u201c.<\/p>\n<p>Ist doch sch\u00f6n einfach, \u00fcber Mitb\u00fcrger:innen zu sprechen, als mit ihnen.<\/p>\n<p>Und das nach all den Jahren. Nach all den Diskussionen, Versprechungen und angeblichen Einsichten. Man glaubt es kaum.<\/p>\n<p>Zum \u201eInhalt\u201c sag ich besser nix \ud83e\udd10 <a href=\"https:\/\/twitter.com\/hashtag\/DieletzteInstanz?src=hash&amp;ref_src=twsrc%5Etfw\">#DieletzteInstanz<\/a> <a href=\"https:\/\/t.co\/mVnfDTeqxJ\">https:\/\/t.co\/mVnfDTeqxJ<\/a><\/p>\n<p>&mdash; Dunja Hayali (@dunjahayali) <a href=\"https:\/\/twitter.com\/dunjahayali\/status\/1355862007094927360?ref_src=twsrc%5Etfw\">January 31, 2021<\/a><\/p><\/blockquote>\n<p><script async src=\"https:\/\/platform.twitter.com\/widgets.js\" charset=\"utf-8\"><\/script><\/div>\n<div class=\"dbsm-oembed\">\n<blockquote class=\"twitter-tweet\" data-width=\"500\" data-dnt=\"true\">\n<p lang=\"de\" dir=\"ltr\">N-Wort, Z-Wort, M-Wort. Muss man doch alles sagen d\u00fcrfen? Muss man nicht. Hat mit Rassismus nichts zu tun? Womit denn sonst? Ist \u00f6ffentlich-rechtlicher Programmauftrag? Sicher nicht. Schon gar nicht in letzter Instanz. <a href=\"https:\/\/t.co\/Bk0tbxOWUA\">https:\/\/t.co\/Bk0tbxOWUA<\/a><\/p>\n<p>&mdash; Georg Restle (@georgrestle) <a href=\"https:\/\/twitter.com\/georgrestle\/status\/1355941405806522378?ref_src=twsrc%5Etfw\">January 31, 2021<\/a><\/p><\/blockquote>\n<p><script async src=\"https:\/\/platform.twitter.com\/widgets.js\" charset=\"utf-8\"><\/script><\/div>\n<div class=\"dbsm-oembed\">\n<blockquote class=\"twitter-tweet\" data-width=\"500\" data-dnt=\"true\">\n<p lang=\"de\" dir=\"ltr\">Haha, <a href=\"https:\/\/twitter.com\/WDR?ref_src=twsrc%5Etfw\">@WDR<\/a> bitte l\u00f6schen &#8211; da habe ich mal wieder dumme Fakenews erz\u00e4hlt! <a href=\"https:\/\/twitter.com\/hashtag\/DieletzteInstanz?src=hash&amp;ref_src=twsrc%5Etfw\">#DieletzteInstanz<\/a> <a href=\"https:\/\/t.co\/POnqM8bT97\">pic.twitter.com\/POnqM8bT97<\/a><\/p>\n<p>&mdash; Aurel (@aurelmertz) <a href=\"https:\/\/twitter.com\/aurelmertz\/status\/1355811470987186179?ref_src=twsrc%5Etfw\">January 31, 2021<\/a><\/p><\/blockquote>\n<p><script async src=\"https:\/\/platform.twitter.com\/widgets.js\" charset=\"utf-8\"><\/script><\/div>\n<div class=\"dbsm-oembed\">\n<blockquote class=\"twitter-tweet\" data-width=\"500\" data-dnt=\"true\">\n<p lang=\"de\" dir=\"ltr\">Anders als <a href=\"https:\/\/twitter.com\/hashtag\/DieletzteInstanz?src=hash&amp;ref_src=twsrc%5Etfw\">#DieletzteInstanz<\/a> haben wir Menschen, um die es geht, selbst gefragt.<br \/>Das Ergebnis seht ihr hier: <a href=\"https:\/\/t.co\/amE3IRqAXN\">https:\/\/t.co\/amE3IRqAXN<\/a><\/p>\n<p>mit <a href=\"https:\/\/twitter.com\/Die_Schlag?ref_src=twsrc%5Etfw\">@Die_Schlag<\/a> und @Dieser_Schlecky <a href=\"https:\/\/t.co\/FvbjNmiH2P\">pic.twitter.com\/FvbjNmiH2P<\/a><\/p>\n<p>&mdash; Browser Ballett (@browserballett) <a href=\"https:\/\/twitter.com\/browserballett\/status\/1355847288388804609?ref_src=twsrc%5Etfw\">January 31, 2021<\/a><\/p><\/blockquote>\n<p><script async src=\"https:\/\/platform.twitter.com\/widgets.js\" charset=\"utf-8\"><\/script><\/div>\n<p>&nbsp;<br \/>\n<strong>Was man wohl in Zukunft f\u00fcr Gespr\u00e4chsrunden erwarten darf?<\/strong><\/p>\n<div class=\"dbsm-oembed\">\n<blockquote class=\"twitter-tweet\" data-width=\"500\" data-dnt=\"true\">\n<p lang=\"de\" dir=\"ltr\">n\u00e4chste Woche im WDR diskutieren vier Billion\u00e4re \u00fcber das Leben mit HARTZ IV und in der Woche darauf reden f\u00fcnf 90 j\u00e4hrige M\u00e4nner dar\u00fcber wie es ist, im Jahre 2021 ein 18 j\u00e4hriges M\u00e4dchen zu sein<\/p>\n<p>&mdash; Mia Morgan (@ekelhaftemia) <a href=\"https:\/\/twitter.com\/ekelhaftemia\/status\/1355849893630377986?ref_src=twsrc%5Etfw\">January 31, 2021<\/a><\/p><\/blockquote>\n<p><script async src=\"https:\/\/platform.twitter.com\/widgets.js\" charset=\"utf-8\"><\/script><\/div>\n<p>https:\/\/twitter.com\/EckDoktor\/status\/1355851318791954432<\/p>\n<div class=\"dbsm-oembed\">\n<blockquote class=\"twitter-tweet\" data-width=\"500\" data-dnt=\"true\">\n<p lang=\"de\" dir=\"ltr\">wenn ihr unbedingt witze \u00fcber eine minderheit rei\u00dfen m\u00f6chtet, dann nehmt doch die fdp.<\/p>\n<p>&mdash; katja berlin (@katjaberlin) <a href=\"https:\/\/twitter.com\/katjaberlin\/status\/1355916432006111232?ref_src=twsrc%5Etfw\">January 31, 2021<\/a><\/p><\/blockquote>\n<p><script async src=\"https:\/\/platform.twitter.com\/widgets.js\" charset=\"utf-8\"><\/script><\/div>\n<div class=\"dbsm-oembed\">\n<blockquote class=\"twitter-tweet\" data-width=\"500\" data-dnt=\"true\">\n<p lang=\"de\" dir=\"ltr\">Treffen sich f\u00fcnf Kartoffeln. Sagt die eine: Man darf ja nix mehr sagen. Sagen die anderen vier: stimmt. Publikum applaudiert, Webseiten-Umfrageergebnis best\u00e4tigt die These, Fernsehsendung bekommt Grimmepreis, alle heiraten.<\/p>\n<p>&mdash; Ralph Ruthe (@ralphruthe) <a href=\"https:\/\/twitter.com\/ralphruthe\/status\/1355832807172538369?ref_src=twsrc%5Etfw\">January 31, 2021<\/a><\/p><\/blockquote>\n<p><script async src=\"https:\/\/platform.twitter.com\/widgets.js\" charset=\"utf-8\"><\/script><\/div>\n<p>&nbsp;<\/p>\n<p>&#8212;<br \/>\nVielen Dank an alle f\u00fcr die Posts.<br \/>\n&#8212;<br \/>\n<strong>Keine Influencer! Kein Foodporn! Nur ganz viel Spa\u00df &#8211; bei uns auf Instagram:<\/strong><\/p>\n<blockquote class=\"instagram-media\" data-instgrm-captioned data-instgrm-permalink=\"https:\/\/www.instagram.com\/p\/CKn-EfcFl7_\/?utm_source=ig_embed&amp;utm_campaign=loading\" data-instgrm-version=\"13\" style=\" background:#FFF; border:0; border-radius:3px; box-shadow:0 0 1px 0 rgba(0,0,0,0.5),0 1px 10px 0 rgba(0,0,0,0.15); margin: 1px; max-width:540px; min-width:326px; padding:0; width:99.375%; width:-webkit-calc(100% - 2px); width:calc(100% - 2px);\">\n<div style=\"padding:16px;\"> <a href=\"https:\/\/www.instagram.com\/p\/CKn-EfcFl7_\/?utm_source=ig_embed&amp;utm_campaign=loading\" style=\" background:#FFFFFF; line-height:0; padding:0 0; text-align:center; text-decoration:none; width:100%;\" target=\"_blank\" rel=\"noopener\"> <\/p>\n<div style=\" display: flex; flex-direction: row; align-items: center;\">\n<div style=\"background-color: #F4F4F4; border-radius: 50%; flex-grow: 0; height: 40px; margin-right: 14px; width: 40px;\"><\/div>\n<div style=\"display: flex; flex-direction: column; flex-grow: 1; justify-content: center;\">\n<div style=\" background-color: #F4F4F4; border-radius: 4px; flex-grow: 0; height: 14px; margin-bottom: 6px; width: 100px;\"><\/div>\n<div style=\" background-color: #F4F4F4; border-radius: 4px; flex-grow: 0; height: 14px; width: 60px;\"><\/div>\n<\/div>\n<\/div>\n<div style=\"padding: 19% 0;\"><\/div>\n<div style=\"display:block; height:50px; margin:0 auto 12px; width:50px;\"><svg width=\"50px\" height=\"50px\" viewBox=\"0 0 60 60\" version=\"1.1\" xmlns=\"https:\/\/www.w3.org\/2000\/svg\" xmlns:xlink=\"https:\/\/www.w3.org\/1999\/xlink\"><g stroke=\"none\" stroke-width=\"1\" fill=\"none\" fill-rule=\"evenodd\"><g transform=\"translate(-511.000000, -20.000000)\" fill=\"#000000\"><g><path d=\"M556.869,30.41 C554.814,30.41 553.148,32.076 553.148,34.131 C553.148,36.186 554.814,37.852 556.869,37.852 C558.924,37.852 560.59,36.186 560.59,34.131 C560.59,32.076 558.924,30.41 556.869,30.41 M541,60.657 C535.114,60.657 530.342,55.887 530.342,50 C530.342,44.114 535.114,39.342 541,39.342 C546.887,39.342 551.658,44.114 551.658,50 C551.658,55.887 546.887,60.657 541,60.657 M541,33.886 C532.1,33.886 524.886,41.1 524.886,50 C524.886,58.899 532.1,66.113 541,66.113 C549.9,66.113 557.115,58.899 557.115,50 C557.115,41.1 549.9,33.886 541,33.886 M565.378,62.101 C565.244,65.022 564.756,66.606 564.346,67.663 C563.803,69.06 563.154,70.057 562.106,71.106 C561.058,72.155 560.06,72.803 558.662,73.347 C557.607,73.757 556.021,74.244 553.102,74.378 C549.944,74.521 548.997,74.552 541,74.552 C533.003,74.552 532.056,74.521 528.898,74.378 C525.979,74.244 524.393,73.757 523.338,73.347 C521.94,72.803 520.942,72.155 519.894,71.106 C518.846,70.057 518.197,69.06 517.654,67.663 C517.244,66.606 516.755,65.022 516.623,62.101 C516.479,58.943 516.448,57.996 516.448,50 C516.448,42.003 516.479,41.056 516.623,37.899 C516.755,34.978 517.244,33.391 517.654,32.338 C518.197,30.938 518.846,29.942 519.894,28.894 C520.942,27.846 521.94,27.196 523.338,26.654 C524.393,26.244 525.979,25.756 528.898,25.623 C532.057,25.479 533.004,25.448 541,25.448 C548.997,25.448 549.943,25.479 553.102,25.623 C556.021,25.756 557.607,26.244 558.662,26.654 C560.06,27.196 561.058,27.846 562.106,28.894 C563.154,29.942 563.803,30.938 564.346,32.338 C564.756,33.391 565.244,34.978 565.378,37.899 C565.522,41.056 565.552,42.003 565.552,50 C565.552,57.996 565.522,58.943 565.378,62.101 M570.82,37.631 C570.674,34.438 570.167,32.258 569.425,30.349 C568.659,28.377 567.633,26.702 565.965,25.035 C564.297,23.368 562.623,22.342 560.652,21.575 C558.743,20.834 556.562,20.326 553.369,20.18 C550.169,20.033 549.148,20 541,20 C532.853,20 531.831,20.033 528.631,20.18 C525.438,20.326 523.257,20.834 521.349,21.575 C519.376,22.342 517.703,23.368 516.035,25.035 C514.368,26.702 513.342,28.377 512.574,30.349 C511.834,32.258 511.326,34.438 511.181,37.631 C511.035,40.831 511,41.851 511,50 C511,58.147 511.035,59.17 511.181,62.369 C511.326,65.562 511.834,67.743 512.574,69.651 C513.342,71.625 514.368,73.296 516.035,74.965 C517.703,76.634 519.376,77.658 521.349,78.425 C523.257,79.167 525.438,79.673 528.631,79.82 C531.831,79.965 532.853,80.001 541,80.001 C549.148,80.001 550.169,79.965 553.369,79.82 C556.562,79.673 558.743,79.167 560.652,78.425 C562.623,77.658 564.297,76.634 565.965,74.965 C567.633,73.296 568.659,71.625 569.425,69.651 C570.167,67.743 570.674,65.562 570.82,62.369 C570.966,59.17 571,58.147 571,50 C571,41.851 570.966,40.831 570.82,37.631\"><\/path><\/g><\/g><\/g><\/svg><\/div>\n<div style=\"padding-top: 8px;\">\n<div style=\" color:#3897f0; font-family:Arial,sans-serif; font-size:14px; font-style:normal; font-weight:550; line-height:18px;\"> Sieh dir diesen Beitrag auf Instagram an<\/div>\n<\/div>\n<div style=\"padding: 12.5% 0;\"><\/div>\n<div style=\"display: flex; flex-direction: row; margin-bottom: 14px; align-items: center;\">\n<div>\n<div style=\"background-color: #F4F4F4; border-radius: 50%; height: 12.5px; width: 12.5px; transform: translateX(0px) translateY(7px);\"><\/div>\n<div style=\"background-color: #F4F4F4; height: 12.5px; transform: rotate(-45deg) translateX(3px) translateY(1px); width: 12.5px; flex-grow: 0; margin-right: 14px; margin-left: 2px;\"><\/div>\n<div style=\"background-color: #F4F4F4; border-radius: 50%; height: 12.5px; width: 12.5px; transform: translateX(9px) translateY(-18px);\"><\/div>\n<\/div>\n<div style=\"margin-left: 8px;\">\n<div style=\" background-color: #F4F4F4; border-radius: 50%; flex-grow: 0; height: 20px; width: 20px;\"><\/div>\n<div style=\" width: 0; height: 0; border-top: 2px solid transparent; border-left: 6px solid #f4f4f4; border-bottom: 2px solid transparent; transform: translateX(16px) translateY(-4px) rotate(30deg)\"><\/div>\n<\/div>\n<div style=\"margin-left: auto;\">\n<div style=\" width: 0px; border-top: 8px solid #F4F4F4; border-right: 8px solid transparent; transform: translateY(16px);\"><\/div>\n<div style=\" background-color: #F4F4F4; flex-grow: 0; height: 12px; width: 16px; transform: translateY(-4px);\"><\/div>\n<div style=\" width: 0; height: 0; border-top: 8px solid #F4F4F4; border-left: 8px solid transparent; transform: translateY(-4px) translateX(8px);\"><\/div>\n<\/div>\n<\/div>\n<div style=\"display: flex; flex-direction: column; flex-grow: 1; justify-content: center; margin-bottom: 24px;\">\n<div style=\" background-color: #F4F4F4; border-radius: 4px; flex-grow: 0; height: 14px; margin-bottom: 6px; width: 224px;\"><\/div>\n<div style=\" background-color: #F4F4F4; border-radius: 4px; flex-grow: 0; height: 14px; width: 144px;\"><\/div>\n<\/div>\n<p><\/a><\/p>\n<p style=\" color:#c9c8cd; font-family:Arial,sans-serif; font-size:14px; line-height:17px; margin-bottom:0; margin-top:8px; overflow:hidden; padding:8px 0 7px; text-align:center; text-overflow:ellipsis; white-space:nowrap;\"><a href=\"https:\/\/www.instagram.com\/p\/CKn-EfcFl7_\/?utm_source=ig_embed&amp;utm_campaign=loading\" style=\" color:#c9c8cd; font-family:Arial,sans-serif; font-size:14px; font-style:normal; font-weight:normal; line-height:17px; text-decoration:none;\" target=\"_blank\" rel=\"noopener\">Ein Beitrag geteilt von The Best Social Media &#8211; DE (@thebestsocialmediade)<\/a><\/p>\n<\/div>\n<\/blockquote>\n\n<script async defer src=\"\/instagram-embed.js\"><\/script>","protected":false},"excerpt":{"rendered":"<p>Thomas Gottschalk, Janine Kunze, Micky Beisenherz, J\u00fcrgen Milski: Was nach den Teilnehmern irgendeiner wahnsinnig lustigen Samstagabend-Promi-Gameshow auf Sat.1 klingt, war am vergangenen Freitag tats\u00e4chlich die&#8230;<\/p>\n","protected":false},"author":72,"featured_media":141068,"comment_status":"open","ping_status":"open","sticky":false,"template":"","format":"standard","meta":{"_acf_changed":false,"footnotes":""},"categories":[35],"tags":[854,629],"class_list":["post-141047","post","type-post","status-publish","format-standard","has-post-thumbnail","hentry","category-twitter","tag-fernsehen","tag-rassismus"],"acf":[],"yoast_head":"<!-- This site is optimized with the Yoast SEO plugin v27.5 - https:\/\/yoast.com\/product\/yoast-seo-wordpress\/ -->\n<title>&quot;Die letzte Instanz&quot;: WDR-Sendung sorgt f\u00fcr Rassismus-Eklat<\/title>\n<meta name=\"description\" content=\"In der WDR-Sendung &quot;Die letzte Instanz&quot; diskutierten u.a. Gottschalk, Kunze und Beisenherz, was man noch sagen darf. Danach hagelte es Kritik.\" \/>\n<meta name=\"robots\" content=\"index, follow, max-snippet:-1, max-image-preview:large, max-video-preview:-1\" \/>\n<link rel=\"canonical\" href=\"https:\/\/www.thebestsocial.media\/de\/die-letzte-instanz\/\" \/>\n<meta property=\"og:locale\" content=\"de_DE\" \/>\n<meta property=\"og:type\" content=\"article\" \/>\n<meta property=\"og:title\" content=\"Nach WDR-Eklat: Sender und G\u00e4ste bitten um Entschuldigung, aber Kritik h\u00e4lt an\" \/>\n<meta property=\"og:description\" content=\"In der WDR-Sendung &quot;Die letzte Instanz&quot; diskutierten u.a. Gottschalk, Kunze und Beisenherz, was man noch sagen darf. Danach hagelte es Kritik.\" \/>\n<meta property=\"og:url\" content=\"https:\/\/www.thebestsocial.media\/de\/die-letzte-instanz\/\" \/>\n<meta property=\"og:site_name\" content=\"The Best Social Media DE\" \/>\n<meta property=\"article:published_time\" content=\"2021-02-01T10:08:17+00:00\" \/>\n<meta property=\"article:modified_time\" content=\"2021-02-01T14:06:30+00:00\" \/>\n<meta property=\"og:image\" content=\"https:\/\/www.thebestsocial.media\/de\/wp-content\/uploads\/sites\/3\/2021\/02\/instanz_fb.png\" \/>\n\t<meta property=\"og:image:width\" content=\"1200\" \/>\n\t<meta property=\"og:image:height\" content=\"628\" \/>\n\t<meta property=\"og:image:type\" content=\"image\/png\" \/>\n<meta name=\"author\" content=\"Benny\" \/>\n<meta name=\"twitter:card\" content=\"summary_large_image\" \/>\n<meta name=\"twitter:label1\" content=\"Verfasst von\" \/>\n\t<meta name=\"twitter:data1\" content=\"Benny\" \/>\n\t<meta name=\"twitter:label2\" content=\"Gesch\u00e4tzte Lesezeit\" \/>\n\t<meta name=\"twitter:data2\" content=\"1\u00a0Minute\" \/>\n<script type=\"application\/ld+json\" class=\"yoast-schema-graph\">{\"@context\":\"https:\\\/\\\/schema.org\",\"@graph\":[{\"@type\":\"Article\",\"@id\":\"https:\\\/\\\/www.thebestsocial.media\\\/de\\\/die-letzte-instanz\\\/#article\",\"isPartOf\":{\"@id\":\"https:\\\/\\\/www.thebestsocial.media\\\/de\\\/die-letzte-instanz\\\/\"},\"author\":{\"name\":\"Benny\",\"@id\":\"https:\\\/\\\/www.thebestsocial.media\\\/de\\\/#\\\/schema\\\/person\\\/212fdd48880db42a484e589e4e27871b\"},\"headline\":\"Nach WDR-Eklat: Sender und G\u00e4ste bitten um Entschuldigung, aber Kritik h\u00e4lt an\",\"datePublished\":\"2021-02-01T10:08:17+00:00\",\"dateModified\":\"2021-02-01T14:06:30+00:00\",\"mainEntityOfPage\":{\"@id\":\"https:\\\/\\\/www.thebestsocial.media\\\/de\\\/die-letzte-instanz\\\/\"},\"wordCount\":521,\"commentCount\":0,\"image\":{\"@id\":\"https:\\\/\\\/www.thebestsocial.media\\\/de\\\/die-letzte-instanz\\\/#primaryimage\"},\"thumbnailUrl\":\"https:\\\/\\\/www.thebestsocial.media\\\/de\\\/wp-content\\\/uploads\\\/sites\\\/3\\\/2021\\\/02\\\/instanz_thumb.png\",\"keywords\":[\"fernsehen\",\"Rassismus\"],\"articleSection\":[\"Twitter\"],\"inLanguage\":\"de\",\"potentialAction\":[{\"@type\":\"CommentAction\",\"name\":\"Comment\",\"target\":[\"https:\\\/\\\/www.thebestsocial.media\\\/de\\\/die-letzte-instanz\\\/#respond\"]}]},{\"@type\":\"WebPage\",\"@id\":\"https:\\\/\\\/www.thebestsocial.media\\\/de\\\/die-letzte-instanz\\\/\",\"url\":\"https:\\\/\\\/www.thebestsocial.media\\\/de\\\/die-letzte-instanz\\\/\",\"name\":\"\\\"Die letzte Instanz\\\": WDR-Sendung sorgt f\u00fcr Rassismus-Eklat\",\"isPartOf\":{\"@id\":\"https:\\\/\\\/www.thebestsocial.media\\\/de\\\/#website\"},\"primaryImageOfPage\":{\"@id\":\"https:\\\/\\\/www.thebestsocial.media\\\/de\\\/die-letzte-instanz\\\/#primaryimage\"},\"image\":{\"@id\":\"https:\\\/\\\/www.thebestsocial.media\\\/de\\\/die-letzte-instanz\\\/#primaryimage\"},\"thumbnailUrl\":\"https:\\\/\\\/www.thebestsocial.media\\\/de\\\/wp-content\\\/uploads\\\/sites\\\/3\\\/2021\\\/02\\\/instanz_thumb.png\",\"datePublished\":\"2021-02-01T10:08:17+00:00\",\"dateModified\":\"2021-02-01T14:06:30+00:00\",\"author\":{\"@id\":\"https:\\\/\\\/www.thebestsocial.media\\\/de\\\/#\\\/schema\\\/person\\\/212fdd48880db42a484e589e4e27871b\"},\"description\":\"In der WDR-Sendung \\\"Die letzte Instanz\\\" diskutierten u.a. Gottschalk, Kunze und Beisenherz, was man noch sagen darf. Danach hagelte es Kritik.\",\"breadcrumb\":{\"@id\":\"https:\\\/\\\/www.thebestsocial.media\\\/de\\\/die-letzte-instanz\\\/#breadcrumb\"},\"inLanguage\":\"de\",\"potentialAction\":[{\"@type\":\"ReadAction\",\"target\":[\"https:\\\/\\\/www.thebestsocial.media\\\/de\\\/die-letzte-instanz\\\/\"]}]},{\"@type\":\"ImageObject\",\"inLanguage\":\"de\",\"@id\":\"https:\\\/\\\/www.thebestsocial.media\\\/de\\\/die-letzte-instanz\\\/#primaryimage\",\"url\":\"https:\\\/\\\/www.thebestsocial.media\\\/de\\\/wp-content\\\/uploads\\\/sites\\\/3\\\/2021\\\/02\\\/instanz_thumb.png\",\"contentUrl\":\"https:\\\/\\\/www.thebestsocial.media\\\/de\\\/wp-content\\\/uploads\\\/sites\\\/3\\\/2021\\\/02\\\/instanz_thumb.png\",\"width\":1200,\"height\":628},{\"@type\":\"BreadcrumbList\",\"@id\":\"https:\\\/\\\/www.thebestsocial.media\\\/de\\\/die-letzte-instanz\\\/#breadcrumb\",\"itemListElement\":[{\"@type\":\"ListItem\",\"position\":1,\"name\":\"Home\",\"item\":\"https:\\\/\\\/www.thebestsocial.media\\\/de\\\/\"},{\"@type\":\"ListItem\",\"position\":2,\"name\":\"Nach WDR-Eklat: Sender und G\u00e4ste bitten um Entschuldigung, aber Kritik h\u00e4lt an\"}]},{\"@type\":\"WebSite\",\"@id\":\"https:\\\/\\\/www.thebestsocial.media\\\/de\\\/#website\",\"url\":\"https:\\\/\\\/www.thebestsocial.media\\\/de\\\/\",\"name\":\"The Best Social Media DE\",\"description\":\"\",\"potentialAction\":[{\"@type\":\"SearchAction\",\"target\":{\"@type\":\"EntryPoint\",\"urlTemplate\":\"https:\\\/\\\/www.thebestsocial.media\\\/de\\\/?s={search_term_string}\"},\"query-input\":{\"@type\":\"PropertyValueSpecification\",\"valueRequired\":true,\"valueName\":\"search_term_string\"}}],\"inLanguage\":\"de\"},{\"@type\":\"Person\",\"@id\":\"https:\\\/\\\/www.thebestsocial.media\\\/de\\\/#\\\/schema\\\/person\\\/212fdd48880db42a484e589e4e27871b\",\"name\":\"Benny\",\"image\":{\"@type\":\"ImageObject\",\"inLanguage\":\"de\",\"@id\":\"https:\\\/\\\/secure.gravatar.com\\\/avatar\\\/559f54fceb59ac8654d5ca40291d2ab87f2a9d79e48e8e3c19582477cde950bf?s=96&d=mm&r=g\",\"url\":\"https:\\\/\\\/secure.gravatar.com\\\/avatar\\\/559f54fceb59ac8654d5ca40291d2ab87f2a9d79e48e8e3c19582477cde950bf?s=96&d=mm&r=g\",\"contentUrl\":\"https:\\\/\\\/secure.gravatar.com\\\/avatar\\\/559f54fceb59ac8654d5ca40291d2ab87f2a9d79e48e8e3c19582477cde950bf?s=96&d=mm&r=g\",\"caption\":\"Benny\"},\"url\":\"https:\\\/\\\/www.thebestsocial.media\\\/de\\\/author\\\/bennykrueger\\\/\"}]}<\/script>\n<!-- \/ Yoast SEO plugin. -->","yoast_head_json":{"title":"\"Die letzte Instanz\": WDR-Sendung sorgt f\u00fcr Rassismus-Eklat","description":"In der WDR-Sendung \"Die letzte Instanz\" diskutierten u.a. Gottschalk, Kunze und Beisenherz, was man noch sagen darf. Danach hagelte es Kritik.","robots":{"index":"index","follow":"follow","max-snippet":"max-snippet:-1","max-image-preview":"max-image-preview:large","max-video-preview":"max-video-preview:-1"},"canonical":"https:\/\/www.thebestsocial.media\/de\/die-letzte-instanz\/","og_locale":"de_DE","og_type":"article","og_title":"Nach WDR-Eklat: Sender und G\u00e4ste bitten um Entschuldigung, aber Kritik h\u00e4lt an","og_description":"In der WDR-Sendung \"Die letzte Instanz\" diskutierten u.a. Gottschalk, Kunze und Beisenherz, was man noch sagen darf. Danach hagelte es Kritik.","og_url":"https:\/\/www.thebestsocial.media\/de\/die-letzte-instanz\/","og_site_name":"The Best Social Media DE","article_published_time":"2021-02-01T10:08:17+00:00","article_modified_time":"2021-02-01T14:06:30+00:00","og_image":[{"width":1200,"height":628,"url":"https:\/\/www.thebestsocial.media\/de\/wp-content\/uploads\/sites\/3\/2021\/02\/instanz_fb.png","type":"image\/png"}],"author":"Benny","twitter_card":"summary_large_image","twitter_misc":{"Verfasst von":"Benny","Gesch\u00e4tzte Lesezeit":"1\u00a0Minute"},"schema":{"@context":"https:\/\/schema.org","@graph":[{"@type":"Article","@id":"https:\/\/www.thebestsocial.media\/de\/die-letzte-instanz\/#article","isPartOf":{"@id":"https:\/\/www.thebestsocial.media\/de\/die-letzte-instanz\/"},"author":{"name":"Benny","@id":"https:\/\/www.thebestsocial.media\/de\/#\/schema\/person\/212fdd48880db42a484e589e4e27871b"},"headline":"Nach WDR-Eklat: Sender und G\u00e4ste bitten um Entschuldigung, aber Kritik h\u00e4lt an","datePublished":"2021-02-01T10:08:17+00:00","dateModified":"2021-02-01T14:06:30+00:00","mainEntityOfPage":{"@id":"https:\/\/www.thebestsocial.media\/de\/die-letzte-instanz\/"},"wordCount":521,"commentCount":0,"image":{"@id":"https:\/\/www.thebestsocial.media\/de\/die-letzte-instanz\/#primaryimage"},"thumbnailUrl":"https:\/\/www.thebestsocial.media\/de\/wp-content\/uploads\/sites\/3\/2021\/02\/instanz_thumb.png","keywords":["fernsehen","Rassismus"],"articleSection":["Twitter"],"inLanguage":"de","potentialAction":[{"@type":"CommentAction","name":"Comment","target":["https:\/\/www.thebestsocial.media\/de\/die-letzte-instanz\/#respond"]}]},{"@type":"WebPage","@id":"https:\/\/www.thebestsocial.media\/de\/die-letzte-instanz\/","url":"https:\/\/www.thebestsocial.media\/de\/die-letzte-instanz\/","name":"\"Die letzte Instanz\": WDR-Sendung sorgt f\u00fcr Rassismus-Eklat","isPartOf":{"@id":"https:\/\/www.thebestsocial.media\/de\/#website"},"primaryImageOfPage":{"@id":"https:\/\/www.thebestsocial.media\/de\/die-letzte-instanz\/#primaryimage"},"image":{"@id":"https:\/\/www.thebestsocial.media\/de\/die-letzte-instanz\/#primaryimage"},"thumbnailUrl":"https:\/\/www.thebestsocial.media\/de\/wp-content\/uploads\/sites\/3\/2021\/02\/instanz_thumb.png","datePublished":"2021-02-01T10:08:17+00:00","dateModified":"2021-02-01T14:06:30+00:00","author":{"@id":"https:\/\/www.thebestsocial.media\/de\/#\/schema\/person\/212fdd48880db42a484e589e4e27871b"},"description":"In der WDR-Sendung \"Die letzte Instanz\" diskutierten u.a. Gottschalk, Kunze und Beisenherz, was man noch sagen darf. Danach hagelte es Kritik.","breadcrumb":{"@id":"https:\/\/www.thebestsocial.media\/de\/die-letzte-instanz\/#breadcrumb"},"inLanguage":"de","potentialAction":[{"@type":"ReadAction","target":["https:\/\/www.thebestsocial.media\/de\/die-letzte-instanz\/"]}]},{"@type":"ImageObject","inLanguage":"de","@id":"https:\/\/www.thebestsocial.media\/de\/die-letzte-instanz\/#primaryimage","url":"https:\/\/www.thebestsocial.media\/de\/wp-content\/uploads\/sites\/3\/2021\/02\/instanz_thumb.png","contentUrl":"https:\/\/www.thebestsocial.media\/de\/wp-content\/uploads\/sites\/3\/2021\/02\/instanz_thumb.png","width":1200,"height":628},{"@type":"BreadcrumbList","@id":"https:\/\/www.thebestsocial.media\/de\/die-letzte-instanz\/#breadcrumb","itemListElement":[{"@type":"ListItem","position":1,"name":"Home","item":"https:\/\/www.thebestsocial.media\/de\/"},{"@type":"ListItem","position":2,"name":"Nach WDR-Eklat: Sender und G\u00e4ste bitten um Entschuldigung, aber Kritik h\u00e4lt an"}]},{"@type":"WebSite","@id":"https:\/\/www.thebestsocial.media\/de\/#website","url":"https:\/\/www.thebestsocial.media\/de\/","name":"The Best Social Media DE","description":"","potentialAction":[{"@type":"SearchAction","target":{"@type":"EntryPoint","urlTemplate":"https:\/\/www.thebestsocial.media\/de\/?s={search_term_string}"},"query-input":{"@type":"PropertyValueSpecification","valueRequired":true,"valueName":"search_term_string"}}],"inLanguage":"de"},{"@type":"Person","@id":"https:\/\/www.thebestsocial.media\/de\/#\/schema\/person\/212fdd48880db42a484e589e4e27871b","name":"Benny","image":{"@type":"ImageObject","inLanguage":"de","@id":"https:\/\/secure.gravatar.com\/avatar\/559f54fceb59ac8654d5ca40291d2ab87f2a9d79e48e8e3c19582477cde950bf?s=96&d=mm&r=g","url":"https:\/\/secure.gravatar.com\/avatar\/559f54fceb59ac8654d5ca40291d2ab87f2a9d79e48e8e3c19582477cde950bf?s=96&d=mm&r=g","contentUrl":"https:\/\/secure.gravatar.com\/avatar\/559f54fceb59ac8654d5ca40291d2ab87f2a9d79e48e8e3c19582477cde950bf?s=96&d=mm&r=g","caption":"Benny"},"url":"https:\/\/www.thebestsocial.media\/de\/author\/bennykrueger\/"}]}},"amp_enabled":true,"_links":{"self":[{"href":"https:\/\/www.thebestsocial.media\/de\/wp-json\/wp\/v2\/posts\/141047","targetHints":{"allow":["GET"]}}],"collection":[{"href":"https:\/\/www.thebestsocial.media\/de\/wp-json\/wp\/v2\/posts"}],"about":[{"href":"https:\/\/www.thebestsocial.media\/de\/wp-json\/wp\/v2\/types\/post"}],"author":[{"embeddable":true,"href":"https:\/\/www.thebestsocial.media\/de\/wp-json\/wp\/v2\/users\/72"}],"replies":[{"embeddable":true,"href":"https:\/\/www.thebestsocial.media\/de\/wp-json\/wp\/v2\/comments?post=141047"}],"version-history":[{"count":7,"href":"https:\/\/www.thebestsocial.media\/de\/wp-json\/wp\/v2\/posts\/141047\/revisions"}],"predecessor-version":[{"id":141096,"href":"https:\/\/www.thebestsocial.media\/de\/wp-json\/wp\/v2\/posts\/141047\/revisions\/141096"}],"wp:featuredmedia":[{"embeddable":true,"href":"https:\/\/www.thebestsocial.media\/de\/wp-json\/wp\/v2\/media\/141068"}],"wp:attachment":[{"href":"https:\/\/www.thebestsocial.media\/de\/wp-json\/wp\/v2\/media?parent=141047"}],"wp:term":[{"taxonomy":"category","embeddable":true,"href":"https:\/\/www.thebestsocial.media\/de\/wp-json\/wp\/v2\/categories?post=141047"},{"taxonomy":"post_tag","embeddable":true,"href":"https:\/\/www.thebestsocial.media\/de\/wp-json\/wp\/v2\/tags?post=141047"}],"curies":[{"name":"wp","href":"https:\/\/api.w.org\/{rel}","templated":true}]}}