{"id":140198,"date":"2021-06-08T14:28:21","date_gmt":"2021-06-08T14:28:21","guid":{"rendered":"https:\/\/www.thebestsocial.media\/de\/?p=140198"},"modified":"2021-06-08T14:28:21","modified_gmt":"2021-06-08T14:28:21","slug":"diese-tweets-zeigen-wie-unangenehm-menschen-auf-linkedin-sein-koennen","status":"publish","type":"post","link":"https:\/\/www.thebestsocial.media\/de\/diese-tweets-zeigen-wie-unangenehm-menschen-auf-linkedin-sein-koennen\/","title":{"rendered":"Diese Tweets zeigen, wie unangenehm Menschen auf LinkedIn sein k\u00f6nnen"},"content":{"rendered":"<p>Eine soziale Plattform f\u00fcr berufliche Zwecke ist ja prinzipell eine sehr gute Idee. Die Sache scheint jedoch hie und da inzwischen ein wenig aus dem Ruder zu laufen. W\u00e4hrend Instagram von <a href=\"https:\/\/www.thebestsocial.media\/de\/twitter-account-zeigt-was-unter-bildern-von-influencern-eigentlich-stehen-muesste\/\">Influencern und Lichterketten<\/a> dominiert wird, tummeln sich auf LinkedIn jede Menge Keynote Speaker und VISION\u00c4RE. Und Menschen, die einem zeigen wollen, wie man sich selbstvermarketet. Auf Twitter kommt die Karriereplattform auch nicht so sonderlich gut weg. Und das (teilweise) zu recht.<br \/>\n&nbsp;<\/p>\n<h3>Oder auch f\u00fcr die gesamte DACH-Region<\/h3>\n<div class=\"dbsm-oembed\">\n<blockquote class=\"twitter-tweet\" data-width=\"500\" data-dnt=\"true\">\n<p lang=\"de\" dir=\"ltr\">Schweizer Twitter ist doch nur LinkedIn f\u00fcr Medienschaffende<\/p>\n<p>&mdash; Karpi (@karpi) <a href=\"https:\/\/twitter.com\/karpi\/status\/1299274091132846080?ref_src=twsrc%5Etfw\">August 28, 2020<\/a><\/p><\/blockquote>\n<p><script async src=\"https:\/\/platform.twitter.com\/widgets.js\" charset=\"utf-8\"><\/script><\/div>\n<p>&nbsp;<\/p>\n<h3>Datingcoaches \ud83e\udd1d LinkedIn<\/h3>\n<div class=\"dbsm-oembed\">\n<blockquote class=\"twitter-tweet\" data-width=\"500\" data-dnt=\"true\">\n<p lang=\"de\" dir=\"ltr\">Kaputte M\u00e4nner bei LinkedIn. <a href=\"https:\/\/t.co\/fIvG01aSo1\">pic.twitter.com\/fIvG01aSo1<\/a><\/p>\n<p>&mdash; Henning Tillmann (@henningtillmann) <a href=\"https:\/\/twitter.com\/henningtillmann\/status\/1286407093231259649?ref_src=twsrc%5Etfw\">July 23, 2020<\/a><\/p><\/blockquote>\n<p><script async src=\"https:\/\/platform.twitter.com\/widgets.js\" charset=\"utf-8\"><\/script><\/div>\n<p>&nbsp;<\/p>\n<h3>Mal richtig mit der Berufsbezeichnung gl\u00e4nzen<\/h3>\n<div class=\"dbsm-oembed\">\n<blockquote class=\"twitter-tweet\" data-width=\"500\" data-dnt=\"true\">\n<p lang=\"de\" dir=\"ltr\">&quot;Wir w\u00fcrden Sie gerne f\u00fcr unser Unternehmen begeistern, was f\u00fcr eine Stelle w\u00e4re denn aktuell interessant f\u00fcr Sie?&quot;<br \/>&quot;Freelance Winetaste Memesearch Procrastinator&quot;.<\/p>\n<p>Ich bin der LinkedIn-Endgegner.<\/p>\n<p>&mdash; Tom Kraftwerk (@TomKraftwerk) <a href=\"https:\/\/twitter.com\/TomKraftwerk\/status\/1173650461318103041?ref_src=twsrc%5Etfw\">September 16, 2019<\/a><\/p><\/blockquote>\n<p><script async src=\"https:\/\/platform.twitter.com\/widgets.js\" charset=\"utf-8\"><\/script><\/div>\n<div class=\"dbsm-oembed\">\n<blockquote class=\"twitter-tweet\" data-width=\"500\" data-dnt=\"true\">\n<p lang=\"de\" dir=\"ltr\">5 Minuten auf Linkedin und ich glaube, es gibt mehr \u201eKeynote Speaker, Strategist and Coach\u201c als B\u00e4cker in Deutschland.<\/p>\n<p>&mdash; Alexander Demling (He\/Him) (@alexdemling) <a href=\"https:\/\/twitter.com\/alexdemling\/status\/1288330552181833729?ref_src=twsrc%5Etfw\">July 29, 2020<\/a><\/p><\/blockquote>\n<p><script async src=\"https:\/\/platform.twitter.com\/widgets.js\" charset=\"utf-8\"><\/script><\/div>\n<div class=\"dbsm-oembed\">\n<blockquote class=\"twitter-tweet\" data-width=\"500\" data-dnt=\"true\">\n<p lang=\"de\" dir=\"ltr\">Ich habe heute entdeckt, dass ich mir die Finger nicht zuckrig mache, wenn ich meine Topfenb\u00e4llchen mit St\u00e4bchen esse. <\/p>\n<p>Wenn ich aufgegessen hab, erg\u00e4nze ich gleich &quot;INNOVATIVE THINKER&quot; auf meinem LinkedIn-Profil. <a href=\"https:\/\/t.co\/JejpJVSzHX\">pic.twitter.com\/JejpJVSzHX<\/a><\/p>\n<p>&mdash; Ana Wetherall-Gruji\u0107 (@AnaSagt) <a href=\"https:\/\/twitter.com\/AnaSagt\/status\/1328327356981805056?ref_src=twsrc%5Etfw\">November 16, 2020<\/a><\/p><\/blockquote>\n<p><script async src=\"https:\/\/platform.twitter.com\/widgets.js\" charset=\"utf-8\"><\/script><\/div>\n<div class=\"dbsm-oembed\">\n<blockquote class=\"twitter-tweet\" data-width=\"500\" data-dnt=\"true\">\n<p lang=\"de\" dir=\"ltr\">Kennt ihr diese Menschen, die in ihrem LinkedIn-Profil \u201eVision\u00e4r\u201c als Schlagzeile f\u00fcr sich selbst w\u00e4hlen? <\/p>\n<p>Ich frage mich, ob sie sich selbst jeden Morgen im Bad einen TED-Talk vortragen? Und dann applaudieren.<\/p>\n<p>&mdash; Sachar Klein (@sachark) <a href=\"https:\/\/twitter.com\/sachark\/status\/1203388042930724864?ref_src=twsrc%5Etfw\">December 7, 2019<\/a><\/p><\/blockquote>\n<p><script async src=\"https:\/\/platform.twitter.com\/widgets.js\" charset=\"utf-8\"><\/script><\/div>\n<p>https:\/\/twitter.com\/sascha_p\/status\/1044844077618008064<\/p>\n<p>&nbsp;<\/p>\n<h3>Healthy Lifestyle Tipps direkt aus Silicon Valley zur Leistungsoptimierung.<\/h3>\n<div class=\"dbsm-oembed\">\n<blockquote class=\"twitter-tweet\" data-width=\"500\" data-dnt=\"true\">\n<p lang=\"de\" dir=\"ltr\">Auf LinkedIn erz\u00e4hlen sie gerade wieder, wenn man um vier Uhr aufsteht, bekommt man zwei Stunden Zeit geschenkt und viel mehr erledigt. Wenn ich um vier aufstehe, bekomme ich nicht mal Augen offenhalten erledigt.<\/p>\n<p>&mdash; Miss Elly (@ellyteratur) <a href=\"https:\/\/twitter.com\/ellyteratur\/status\/1309534988388446213?ref_src=twsrc%5Etfw\">September 25, 2020<\/a><\/p><\/blockquote>\n<p><script async src=\"https:\/\/platform.twitter.com\/widgets.js\" charset=\"utf-8\"><\/script><\/div>\n<p>&nbsp;<\/p>\n<h3>N\u00e4hrboden f\u00fcr Karrierechoaching und passives Einkommen.<\/h3>\n<div class=\"dbsm-oembed\">\n<blockquote class=\"twitter-tweet\" data-width=\"500\" data-dnt=\"true\">\n<p lang=\"de\" dir=\"ltr\">Liebe <a href=\"https:\/\/twitter.com\/hashtag\/LinkedIn?src=hash&amp;ref_src=twsrc%5Etfw\">#LinkedIn<\/a> Coaches, genie\u00dft bitte euren Reichtum, aber h\u00f6rt auf mir Zeit zu stehlen. <a href=\"https:\/\/t.co\/CH1RxuG5zL\">pic.twitter.com\/CH1RxuG5zL<\/a><\/p>\n<p>&mdash; Robert Michel (@robvegas) <a href=\"https:\/\/twitter.com\/robvegas\/status\/1291333867752886273?ref_src=twsrc%5Etfw\">August 6, 2020<\/a><\/p><\/blockquote>\n<p><script async src=\"https:\/\/platform.twitter.com\/widgets.js\" charset=\"utf-8\"><\/script><\/div>\n<div class=\"dbsm-oembed\">\n<blockquote class=\"twitter-tweet\" data-width=\"500\" data-dnt=\"true\">\n<p lang=\"de\" dir=\"ltr\">Heute um 21 Uhr Applaus aufm Balkon f\u00fcr alle Online-Marketing-Selbstoptimierungstypen, die auch in schwierigen Zeiten rund um die Uhr Leistung im LinkedIn-Postfach bringen.<\/p>\n<p>&mdash; Herm (@hermsfarm) <a href=\"https:\/\/twitter.com\/hermsfarm\/status\/1243125706999111680?ref_src=twsrc%5Etfw\">March 26, 2020<\/a><\/p><\/blockquote>\n<p><script async src=\"https:\/\/platform.twitter.com\/widgets.js\" charset=\"utf-8\"><\/script><\/div>\n<div class=\"dbsm-oembed\">\n<blockquote class=\"twitter-tweet\" data-width=\"500\" data-dnt=\"true\">\n<p lang=\"de\" dir=\"ltr\">Danke f\u00fcr deine Nachricht, Coach XY! <br \/>Endlich ein starker Partner, der mir beim erfolgreichen Digitalisieren von Microsoft helfen kann! <br \/>Wenn du Hilfe + eine starke Partnerin beim erfolgreichen LinkedIn-Messaging brauchst, melde dich gern. <a href=\"https:\/\/t.co\/dtvQPr2GHt\">pic.twitter.com\/dtvQPr2GHt<\/a><\/p>\n<p>&mdash; Magdalena Rogl (@LenaRogl) <a href=\"https:\/\/twitter.com\/LenaRogl\/status\/1287436809744666626?ref_src=twsrc%5Etfw\">July 26, 2020<\/a><\/p><\/blockquote>\n<p><script async src=\"https:\/\/platform.twitter.com\/widgets.js\" charset=\"utf-8\"><\/script><\/div>\n<p>&nbsp;<\/p>\n<h3>Toll Peter!\/h3><\/p>\n<div class=\"dbsm-oembed\">\n<blockquote class=\"twitter-tweet\" data-width=\"500\" data-dnt=\"true\">\n<p lang=\"de\" dir=\"ltr\">An die Chefs, die sich auf LinkedIn einen rubbeln, weil sie ihrer Belegschaft endlich HO erlauben: Gl\u00fcckwunsch, willkommen im Jahr 2010. Und jetzt Fresse.<\/p>\n<p>&mdash; Maori (@Maori) <a href=\"https:\/\/twitter.com\/Maori\/status\/1240211655558074369?ref_src=twsrc%5Etfw\">March 18, 2020<\/a><\/p><\/blockquote>\n<p><script async src=\"https:\/\/platform.twitter.com\/widgets.js\" charset=\"utf-8\"><\/script><\/div>\n<p>&nbsp;<\/p>\n<h3>Wer auch immer sich diese Funktion einfallen hat lassen: Bitte keine Gehatserh\u00f6hung.<\/h3>\n<div class=\"dbsm-oembed\">\n<blockquote class=\"twitter-tweet\" data-width=\"500\" data-dnt=\"true\">\n<p lang=\"de\" dir=\"ltr\">W\u00fcrde man uns in 300 Jahren aus dem K\u00e4lteschlaf wecken, k\u00e4men vermutlich immer noch E-Mails von LinkedIn mit \u201eIhr Profil wurde besucht\u201c.<\/p>\n<p>&mdash; Anne Hufnagl (@Twelectra) <a href=\"https:\/\/twitter.com\/Twelectra\/status\/1199437667940945921?ref_src=twsrc%5Etfw\">November 26, 2019<\/a><\/p><\/blockquote>\n<p><script async src=\"https:\/\/platform.twitter.com\/widgets.js\" charset=\"utf-8\"><\/script><\/div>\n<p>&nbsp;<\/p>\n<h3>Mit diesem zusammenfassenden Tweet entlassen wir euch in die Restwoche. Work hard play hard. Oder irgendwie so.<\/h3>\n<div class=\"dbsm-oembed\">\n<blockquote class=\"twitter-tweet\" data-width=\"500\" data-dnt=\"true\">\n<p lang=\"de\" dir=\"ltr\">Linkedin ist quasi Instagram f\u00fcr Akademiker*innen. Jede*r erfindet beeindruckend klingende Berufstitel \u00e0 la \u201eHead of Schreibtisch\u201c, inszenieren irgendwelche Jobwechsel und feiern sich f\u00fcr ihre 50 Stunden Woche ab.<\/p>\n<p>&mdash; Inge Chen (@IngeVienna) <a href=\"https:\/\/twitter.com\/IngeVienna\/status\/1308156655142670341?ref_src=twsrc%5Etfw\">September 21, 2020<\/a><\/p><\/blockquote>\n<p><script async src=\"https:\/\/platform.twitter.com\/widgets.js\" charset=\"utf-8\"><\/script><\/div>\n","protected":false},"excerpt":{"rendered":"<p>Eine soziale Plattform f\u00fcr berufliche Zwecke ist ja prinzipell eine sehr gute Idee. Die Sache scheint jedoch hie und da inzwischen ein wenig aus dem&#8230;<\/p>\n","protected":false},"author":14,"featured_media":140224,"comment_status":"open","ping_status":"open","sticky":false,"template":"","format":"standard","meta":{"_acf_changed":false,"footnotes":""},"categories":[35,1],"tags":[1901,1675],"class_list":["post-140198","post","type-post","status-publish","format-standard","has-post-thumbnail","hentry","category-twitter","category-uncategorized","tag-karriere","tag-linkedin"],"acf":[],"yoast_head":"<!-- This site is optimized with the Yoast SEO plugin v27.5 - https:\/\/yoast.com\/product\/yoast-seo-wordpress\/ -->\n<title>Tweets zeigen, wie unangenehm Menschen auf LinkedIn sein k\u00f6nnen<\/title>\n<meta name=\"robots\" content=\"index, follow, max-snippet:-1, max-image-preview:large, max-video-preview:-1\" \/>\n<link rel=\"canonical\" href=\"https:\/\/www.thebestsocial.media\/de\/diese-tweets-zeigen-wie-unangenehm-menschen-auf-linkedin-sein-koennen\/\" \/>\n<meta property=\"og:locale\" content=\"de_DE\" \/>\n<meta property=\"og:type\" content=\"article\" \/>\n<meta property=\"og:title\" content=\"Diese Tweets zeigen, wie unangenehm Menschen auf LinkedIn sein k\u00f6nnen\" \/>\n<meta property=\"og:description\" content=\"Eine soziale Plattform f\u00fcr berufliche Zwecke ist ja prinzipell eine sehr gute Idee. Die Sache scheint jedoch hie und da inzwischen ein wenig aus dem...\" \/>\n<meta property=\"og:url\" content=\"https:\/\/www.thebestsocial.media\/de\/diese-tweets-zeigen-wie-unangenehm-menschen-auf-linkedin-sein-koennen\/\" \/>\n<meta property=\"og:site_name\" content=\"The Best Social Media DE\" \/>\n<meta property=\"article:published_time\" content=\"2021-06-08T14:28:21+00:00\" \/>\n<meta property=\"og:image\" content=\"https:\/\/www.thebestsocial.media\/de\/wp-content\/uploads\/sites\/3\/2021\/01\/linkedinFB.png\" \/>\n\t<meta property=\"og:image:width\" content=\"1200\" \/>\n\t<meta property=\"og:image:height\" content=\"628\" \/>\n\t<meta property=\"og:image:type\" content=\"image\/png\" \/>\n<meta name=\"author\" content=\"Constanze\" \/>\n<meta name=\"twitter:card\" content=\"summary_large_image\" \/>\n<meta name=\"twitter:label1\" content=\"Verfasst von\" \/>\n\t<meta name=\"twitter:data1\" content=\"Constanze\" \/>\n\t<meta name=\"twitter:label2\" content=\"Gesch\u00e4tzte Lesezeit\" \/>\n\t<meta name=\"twitter:data2\" content=\"1\u00a0Minute\" \/>\n<script type=\"application\/ld+json\" class=\"yoast-schema-graph\">{\"@context\":\"https:\\\/\\\/schema.org\",\"@graph\":[{\"@type\":\"Article\",\"@id\":\"https:\\\/\\\/www.thebestsocial.media\\\/de\\\/diese-tweets-zeigen-wie-unangenehm-menschen-auf-linkedin-sein-koennen\\\/#article\",\"isPartOf\":{\"@id\":\"https:\\\/\\\/www.thebestsocial.media\\\/de\\\/diese-tweets-zeigen-wie-unangenehm-menschen-auf-linkedin-sein-koennen\\\/\"},\"author\":{\"name\":\"Constanze\",\"@id\":\"https:\\\/\\\/www.thebestsocial.media\\\/de\\\/#\\\/schema\\\/person\\\/d1c756792eddf0f6cee18795050a9a19\"},\"headline\":\"Diese Tweets zeigen, wie unangenehm Menschen auf LinkedIn sein k\u00f6nnen\",\"datePublished\":\"2021-06-08T14:28:21+00:00\",\"mainEntityOfPage\":{\"@id\":\"https:\\\/\\\/www.thebestsocial.media\\\/de\\\/diese-tweets-zeigen-wie-unangenehm-menschen-auf-linkedin-sein-koennen\\\/\"},\"wordCount\":231,\"commentCount\":0,\"image\":{\"@id\":\"https:\\\/\\\/www.thebestsocial.media\\\/de\\\/diese-tweets-zeigen-wie-unangenehm-menschen-auf-linkedin-sein-koennen\\\/#primaryimage\"},\"thumbnailUrl\":\"https:\\\/\\\/www.thebestsocial.media\\\/de\\\/wp-content\\\/uploads\\\/sites\\\/3\\\/2021\\\/01\\\/pexels-fauxels-3184306-scaled.jpg\",\"keywords\":[\"Karriere\",\"LinkedIn\"],\"articleSection\":[\"Twitter\",\"Uncategorized\"],\"inLanguage\":\"de\",\"potentialAction\":[{\"@type\":\"CommentAction\",\"name\":\"Comment\",\"target\":[\"https:\\\/\\\/www.thebestsocial.media\\\/de\\\/diese-tweets-zeigen-wie-unangenehm-menschen-auf-linkedin-sein-koennen\\\/#respond\"]}]},{\"@type\":\"WebPage\",\"@id\":\"https:\\\/\\\/www.thebestsocial.media\\\/de\\\/diese-tweets-zeigen-wie-unangenehm-menschen-auf-linkedin-sein-koennen\\\/\",\"url\":\"https:\\\/\\\/www.thebestsocial.media\\\/de\\\/diese-tweets-zeigen-wie-unangenehm-menschen-auf-linkedin-sein-koennen\\\/\",\"name\":\"Tweets zeigen, wie unangenehm Menschen auf LinkedIn sein k\u00f6nnen\",\"isPartOf\":{\"@id\":\"https:\\\/\\\/www.thebestsocial.media\\\/de\\\/#website\"},\"primaryImageOfPage\":{\"@id\":\"https:\\\/\\\/www.thebestsocial.media\\\/de\\\/diese-tweets-zeigen-wie-unangenehm-menschen-auf-linkedin-sein-koennen\\\/#primaryimage\"},\"image\":{\"@id\":\"https:\\\/\\\/www.thebestsocial.media\\\/de\\\/diese-tweets-zeigen-wie-unangenehm-menschen-auf-linkedin-sein-koennen\\\/#primaryimage\"},\"thumbnailUrl\":\"https:\\\/\\\/www.thebestsocial.media\\\/de\\\/wp-content\\\/uploads\\\/sites\\\/3\\\/2021\\\/01\\\/pexels-fauxels-3184306-scaled.jpg\",\"datePublished\":\"2021-06-08T14:28:21+00:00\",\"author\":{\"@id\":\"https:\\\/\\\/www.thebestsocial.media\\\/de\\\/#\\\/schema\\\/person\\\/d1c756792eddf0f6cee18795050a9a19\"},\"breadcrumb\":{\"@id\":\"https:\\\/\\\/www.thebestsocial.media\\\/de\\\/diese-tweets-zeigen-wie-unangenehm-menschen-auf-linkedin-sein-koennen\\\/#breadcrumb\"},\"inLanguage\":\"de\",\"potentialAction\":[{\"@type\":\"ReadAction\",\"target\":[\"https:\\\/\\\/www.thebestsocial.media\\\/de\\\/diese-tweets-zeigen-wie-unangenehm-menschen-auf-linkedin-sein-koennen\\\/\"]}]},{\"@type\":\"ImageObject\",\"inLanguage\":\"de\",\"@id\":\"https:\\\/\\\/www.thebestsocial.media\\\/de\\\/diese-tweets-zeigen-wie-unangenehm-menschen-auf-linkedin-sein-koennen\\\/#primaryimage\",\"url\":\"https:\\\/\\\/www.thebestsocial.media\\\/de\\\/wp-content\\\/uploads\\\/sites\\\/3\\\/2021\\\/01\\\/pexels-fauxels-3184306-scaled.jpg\",\"contentUrl\":\"https:\\\/\\\/www.thebestsocial.media\\\/de\\\/wp-content\\\/uploads\\\/sites\\\/3\\\/2021\\\/01\\\/pexels-fauxels-3184306-scaled.jpg\",\"width\":2560,\"height\":1707},{\"@type\":\"BreadcrumbList\",\"@id\":\"https:\\\/\\\/www.thebestsocial.media\\\/de\\\/diese-tweets-zeigen-wie-unangenehm-menschen-auf-linkedin-sein-koennen\\\/#breadcrumb\",\"itemListElement\":[{\"@type\":\"ListItem\",\"position\":1,\"name\":\"Home\",\"item\":\"https:\\\/\\\/www.thebestsocial.media\\\/de\\\/\"},{\"@type\":\"ListItem\",\"position\":2,\"name\":\"Diese Tweets zeigen, wie unangenehm Menschen auf LinkedIn sein k\u00f6nnen\"}]},{\"@type\":\"WebSite\",\"@id\":\"https:\\\/\\\/www.thebestsocial.media\\\/de\\\/#website\",\"url\":\"https:\\\/\\\/www.thebestsocial.media\\\/de\\\/\",\"name\":\"The Best Social Media DE\",\"description\":\"\",\"potentialAction\":[{\"@type\":\"SearchAction\",\"target\":{\"@type\":\"EntryPoint\",\"urlTemplate\":\"https:\\\/\\\/www.thebestsocial.media\\\/de\\\/?s={search_term_string}\"},\"query-input\":{\"@type\":\"PropertyValueSpecification\",\"valueRequired\":true,\"valueName\":\"search_term_string\"}}],\"inLanguage\":\"de\"},{\"@type\":\"Person\",\"@id\":\"https:\\\/\\\/www.thebestsocial.media\\\/de\\\/#\\\/schema\\\/person\\\/d1c756792eddf0f6cee18795050a9a19\",\"name\":\"Constanze\",\"image\":{\"@type\":\"ImageObject\",\"inLanguage\":\"de\",\"@id\":\"https:\\\/\\\/secure.gravatar.com\\\/avatar\\\/773dfbea8e343d713fab9f9d260928e7d0cdec810ed77069deb62cbb28aa8aba?s=96&d=mm&r=g\",\"url\":\"https:\\\/\\\/secure.gravatar.com\\\/avatar\\\/773dfbea8e343d713fab9f9d260928e7d0cdec810ed77069deb62cbb28aa8aba?s=96&d=mm&r=g\",\"contentUrl\":\"https:\\\/\\\/secure.gravatar.com\\\/avatar\\\/773dfbea8e343d713fab9f9d260928e7d0cdec810ed77069deb62cbb28aa8aba?s=96&d=mm&r=g\",\"caption\":\"Constanze\"},\"description\":\"...ist die Melange aus Wiener Gem\u00fctlichkeit und Berliner Lifestyle. Schw\u00e4che f\u00fcr Popculture und Memes. Sie isst, trinkt, lebt Social Media und verst\u00e4rkt nach ihrem Studium in \u00d6sterreich nun unser Team in Berlin. \u00d6fter beim Feiern als auf der Yogamatte anzutreffend behaupten manche, ihr Lieblings-Emoji sei der Mittelfinger - wir nennen es Wiener Charme. Ganz Sicher!\",\"sameAs\":[\"instagram.com\\\/conzi.conzi\"],\"url\":\"https:\\\/\\\/www.thebestsocial.media\\\/de\\\/author\\\/andrea\\\/\"}]}<\/script>\n<!-- \/ Yoast SEO plugin. -->","yoast_head_json":{"title":"Tweets zeigen, wie unangenehm Menschen auf LinkedIn sein k\u00f6nnen","robots":{"index":"index","follow":"follow","max-snippet":"max-snippet:-1","max-image-preview":"max-image-preview:large","max-video-preview":"max-video-preview:-1"},"canonical":"https:\/\/www.thebestsocial.media\/de\/diese-tweets-zeigen-wie-unangenehm-menschen-auf-linkedin-sein-koennen\/","og_locale":"de_DE","og_type":"article","og_title":"Diese Tweets zeigen, wie unangenehm Menschen auf LinkedIn sein k\u00f6nnen","og_description":"Eine soziale Plattform f\u00fcr berufliche Zwecke ist ja prinzipell eine sehr gute Idee. Die Sache scheint jedoch hie und da inzwischen ein wenig aus dem...","og_url":"https:\/\/www.thebestsocial.media\/de\/diese-tweets-zeigen-wie-unangenehm-menschen-auf-linkedin-sein-koennen\/","og_site_name":"The Best Social Media DE","article_published_time":"2021-06-08T14:28:21+00:00","og_image":[{"width":1200,"height":628,"url":"https:\/\/www.thebestsocial.media\/de\/wp-content\/uploads\/sites\/3\/2021\/01\/linkedinFB.png","type":"image\/png"}],"author":"Constanze","twitter_card":"summary_large_image","twitter_misc":{"Verfasst von":"Constanze","Gesch\u00e4tzte Lesezeit":"1\u00a0Minute"},"schema":{"@context":"https:\/\/schema.org","@graph":[{"@type":"Article","@id":"https:\/\/www.thebestsocial.media\/de\/diese-tweets-zeigen-wie-unangenehm-menschen-auf-linkedin-sein-koennen\/#article","isPartOf":{"@id":"https:\/\/www.thebestsocial.media\/de\/diese-tweets-zeigen-wie-unangenehm-menschen-auf-linkedin-sein-koennen\/"},"author":{"name":"Constanze","@id":"https:\/\/www.thebestsocial.media\/de\/#\/schema\/person\/d1c756792eddf0f6cee18795050a9a19"},"headline":"Diese Tweets zeigen, wie unangenehm Menschen auf LinkedIn sein k\u00f6nnen","datePublished":"2021-06-08T14:28:21+00:00","mainEntityOfPage":{"@id":"https:\/\/www.thebestsocial.media\/de\/diese-tweets-zeigen-wie-unangenehm-menschen-auf-linkedin-sein-koennen\/"},"wordCount":231,"commentCount":0,"image":{"@id":"https:\/\/www.thebestsocial.media\/de\/diese-tweets-zeigen-wie-unangenehm-menschen-auf-linkedin-sein-koennen\/#primaryimage"},"thumbnailUrl":"https:\/\/www.thebestsocial.media\/de\/wp-content\/uploads\/sites\/3\/2021\/01\/pexels-fauxels-3184306-scaled.jpg","keywords":["Karriere","LinkedIn"],"articleSection":["Twitter","Uncategorized"],"inLanguage":"de","potentialAction":[{"@type":"CommentAction","name":"Comment","target":["https:\/\/www.thebestsocial.media\/de\/diese-tweets-zeigen-wie-unangenehm-menschen-auf-linkedin-sein-koennen\/#respond"]}]},{"@type":"WebPage","@id":"https:\/\/www.thebestsocial.media\/de\/diese-tweets-zeigen-wie-unangenehm-menschen-auf-linkedin-sein-koennen\/","url":"https:\/\/www.thebestsocial.media\/de\/diese-tweets-zeigen-wie-unangenehm-menschen-auf-linkedin-sein-koennen\/","name":"Tweets zeigen, wie unangenehm Menschen auf LinkedIn sein k\u00f6nnen","isPartOf":{"@id":"https:\/\/www.thebestsocial.media\/de\/#website"},"primaryImageOfPage":{"@id":"https:\/\/www.thebestsocial.media\/de\/diese-tweets-zeigen-wie-unangenehm-menschen-auf-linkedin-sein-koennen\/#primaryimage"},"image":{"@id":"https:\/\/www.thebestsocial.media\/de\/diese-tweets-zeigen-wie-unangenehm-menschen-auf-linkedin-sein-koennen\/#primaryimage"},"thumbnailUrl":"https:\/\/www.thebestsocial.media\/de\/wp-content\/uploads\/sites\/3\/2021\/01\/pexels-fauxels-3184306-scaled.jpg","datePublished":"2021-06-08T14:28:21+00:00","author":{"@id":"https:\/\/www.thebestsocial.media\/de\/#\/schema\/person\/d1c756792eddf0f6cee18795050a9a19"},"breadcrumb":{"@id":"https:\/\/www.thebestsocial.media\/de\/diese-tweets-zeigen-wie-unangenehm-menschen-auf-linkedin-sein-koennen\/#breadcrumb"},"inLanguage":"de","potentialAction":[{"@type":"ReadAction","target":["https:\/\/www.thebestsocial.media\/de\/diese-tweets-zeigen-wie-unangenehm-menschen-auf-linkedin-sein-koennen\/"]}]},{"@type":"ImageObject","inLanguage":"de","@id":"https:\/\/www.thebestsocial.media\/de\/diese-tweets-zeigen-wie-unangenehm-menschen-auf-linkedin-sein-koennen\/#primaryimage","url":"https:\/\/www.thebestsocial.media\/de\/wp-content\/uploads\/sites\/3\/2021\/01\/pexels-fauxels-3184306-scaled.jpg","contentUrl":"https:\/\/www.thebestsocial.media\/de\/wp-content\/uploads\/sites\/3\/2021\/01\/pexels-fauxels-3184306-scaled.jpg","width":2560,"height":1707},{"@type":"BreadcrumbList","@id":"https:\/\/www.thebestsocial.media\/de\/diese-tweets-zeigen-wie-unangenehm-menschen-auf-linkedin-sein-koennen\/#breadcrumb","itemListElement":[{"@type":"ListItem","position":1,"name":"Home","item":"https:\/\/www.thebestsocial.media\/de\/"},{"@type":"ListItem","position":2,"name":"Diese Tweets zeigen, wie unangenehm Menschen auf LinkedIn sein k\u00f6nnen"}]},{"@type":"WebSite","@id":"https:\/\/www.thebestsocial.media\/de\/#website","url":"https:\/\/www.thebestsocial.media\/de\/","name":"The Best Social Media DE","description":"","potentialAction":[{"@type":"SearchAction","target":{"@type":"EntryPoint","urlTemplate":"https:\/\/www.thebestsocial.media\/de\/?s={search_term_string}"},"query-input":{"@type":"PropertyValueSpecification","valueRequired":true,"valueName":"search_term_string"}}],"inLanguage":"de"},{"@type":"Person","@id":"https:\/\/www.thebestsocial.media\/de\/#\/schema\/person\/d1c756792eddf0f6cee18795050a9a19","name":"Constanze","image":{"@type":"ImageObject","inLanguage":"de","@id":"https:\/\/secure.gravatar.com\/avatar\/773dfbea8e343d713fab9f9d260928e7d0cdec810ed77069deb62cbb28aa8aba?s=96&d=mm&r=g","url":"https:\/\/secure.gravatar.com\/avatar\/773dfbea8e343d713fab9f9d260928e7d0cdec810ed77069deb62cbb28aa8aba?s=96&d=mm&r=g","contentUrl":"https:\/\/secure.gravatar.com\/avatar\/773dfbea8e343d713fab9f9d260928e7d0cdec810ed77069deb62cbb28aa8aba?s=96&d=mm&r=g","caption":"Constanze"},"description":"...ist die Melange aus Wiener Gem\u00fctlichkeit und Berliner Lifestyle. Schw\u00e4che f\u00fcr Popculture und Memes. Sie isst, trinkt, lebt Social Media und verst\u00e4rkt nach ihrem Studium in \u00d6sterreich nun unser Team in Berlin. \u00d6fter beim Feiern als auf der Yogamatte anzutreffend behaupten manche, ihr Lieblings-Emoji sei der Mittelfinger - wir nennen es Wiener Charme. Ganz Sicher!","sameAs":["instagram.com\/conzi.conzi"],"url":"https:\/\/www.thebestsocial.media\/de\/author\/andrea\/"}]}},"amp_enabled":true,"_links":{"self":[{"href":"https:\/\/www.thebestsocial.media\/de\/wp-json\/wp\/v2\/posts\/140198","targetHints":{"allow":["GET"]}}],"collection":[{"href":"https:\/\/www.thebestsocial.media\/de\/wp-json\/wp\/v2\/posts"}],"about":[{"href":"https:\/\/www.thebestsocial.media\/de\/wp-json\/wp\/v2\/types\/post"}],"author":[{"embeddable":true,"href":"https:\/\/www.thebestsocial.media\/de\/wp-json\/wp\/v2\/users\/14"}],"replies":[{"embeddable":true,"href":"https:\/\/www.thebestsocial.media\/de\/wp-json\/wp\/v2\/comments?post=140198"}],"version-history":[{"count":9,"href":"https:\/\/www.thebestsocial.media\/de\/wp-json\/wp\/v2\/posts\/140198\/revisions"}],"predecessor-version":[{"id":146478,"href":"https:\/\/www.thebestsocial.media\/de\/wp-json\/wp\/v2\/posts\/140198\/revisions\/146478"}],"wp:featuredmedia":[{"embeddable":true,"href":"https:\/\/www.thebestsocial.media\/de\/wp-json\/wp\/v2\/media\/140224"}],"wp:attachment":[{"href":"https:\/\/www.thebestsocial.media\/de\/wp-json\/wp\/v2\/media?parent=140198"}],"wp:term":[{"taxonomy":"category","embeddable":true,"href":"https:\/\/www.thebestsocial.media\/de\/wp-json\/wp\/v2\/categories?post=140198"},{"taxonomy":"post_tag","embeddable":true,"href":"https:\/\/www.thebestsocial.media\/de\/wp-json\/wp\/v2\/tags?post=140198"}],"curies":[{"name":"wp","href":"https:\/\/api.w.org\/{rel}","templated":true}]}}