{"id":138938,"date":"2020-12-23T13:28:04","date_gmt":"2020-12-23T13:28:04","guid":{"rendered":"https:\/\/www.thebestsocial.media\/de\/?p=138938"},"modified":"2020-12-23T13:28:04","modified_gmt":"2020-12-23T13:28:04","slug":"nachbarn-reagieren-grossartig-nachdem-familienvater-wegen-seiner-weihnachts-deko-kritisiert-wird","status":"publish","type":"post","link":"https:\/\/www.thebestsocial.media\/de\/nachbarn-reagieren-grossartig-nachdem-familienvater-wegen-seiner-weihnachts-deko-kritisiert-wird\/","title":{"rendered":"Nachbarn reagieren gro\u00dfartig, nachdem Familienvater wegen seiner Weihnachts-Deko kritisiert wird"},"content":{"rendered":"<p>Weihnachten ist die Zeit Weihnachtsb\u00e4umen, Lichtern und Dekoration. Bei letzterem sind vor allem Amerikaner bekannt daf\u00fcr, sich nicht lumpen zu lassen und bei der <a href=\"https:\/\/www.thebestsocial.media\/de\/weihnachtsdekorationen\/\" target=\"_blank\" rel=\"noopener\">Dekoration f\u00fcr ihre H\u00e4user<\/a> schon mal etwas \u00fcber die Str\u00e4nge zu schlagen. Chris und seine Familie haben ihr Haus und Garten dieses Jahr auch geschm\u00fcckt, zwar nicht ganz so ausgefallen wie andere. Wie die Jahre zuvor geh\u00f6rte auch ein aufblasbarer schwarzer Weihnachtsmann dazu, woran sich dieses Mal allerdings jemand st\u00f6rte und der Familie einen unangenehmen Brief schrieb.<\/p>\n<p>&nbsp;<br \/>\n<strong>1. Jedes Jahr stellen Chris und seine Familie einen schwarzen Weihnachtsmann in ihren Vorgarten.<\/strong><\/p>\n<figure id=\"attachment_138939\" aria-describedby=\"caption-attachment-138939\" style=\"width: 700px\" class=\"wp-caption alignnone\"><img loading=\"lazy\" decoding=\"async\" class=\"wp-image-138939 size-full\" src=\"https:\/\/www.thebestsocial.media\/de\/wp-content\/uploads\/sites\/3\/2020\/12\/santa1.jpg\" alt=\"\" width=\"700\" height=\"525\" srcset=\"https:\/\/www.thebestsocial.media\/de\/wp-content\/uploads\/sites\/3\/2020\/12\/santa1.jpg 700w, https:\/\/www.thebestsocial.media\/de\/wp-content\/uploads\/sites\/3\/2020\/12\/santa1-300x225.jpg 300w\" sizes=\"auto, (max-width: 700px) 100vw, 700px\" \/><figcaption id=\"caption-attachment-138939\" class=\"wp-caption-text\">Quelle: <a href=\"https:\/\/www.facebook.com\/TXBeard77\/posts\/2796175407370746\" rel=\"noopener\" target=\"_blank\">Facebook\/Chris Kennedy<\/a><\/figcaption><\/figure>\n<p>&nbsp;<br \/>\n<strong>2. Dieses Mal erhielten sie allerdings einen Brief, in dem ein Wutb\u00fcrger im Namen des Weihnachtsmanns schrieb, dass man Santa Claus doch bitte nicht als People of Color darstellen sollte. Das passe nicht zu den Werten dieser Nachbarschaft.<\/strong><\/p>\n<p><img loading=\"lazy\" decoding=\"async\" class=\"alignnone wp-image-138940 size-full\" src=\"https:\/\/www.thebestsocial.media\/de\/wp-content\/uploads\/sites\/3\/2020\/12\/santa2.jpg\" alt=\"\" width=\"700\" height=\"405\" srcset=\"https:\/\/www.thebestsocial.media\/de\/wp-content\/uploads\/sites\/3\/2020\/12\/santa2.jpg 700w, https:\/\/www.thebestsocial.media\/de\/wp-content\/uploads\/sites\/3\/2020\/12\/santa2-300x174.jpg 300w\" sizes=\"auto, (max-width: 700px) 100vw, 700px\" \/><\/p>\n<p>&nbsp;<br \/>\n<strong>3. Dem Brief des anonymen Absenders war zudem das Bild eines ver\u00e4rgerten wei\u00dfen Weihnachtsmanns beigelegt.<\/strong><\/p>\n<p><img loading=\"lazy\" decoding=\"async\" class=\"alignnone wp-image-138941 size-full\" src=\"https:\/\/www.thebestsocial.media\/de\/wp-content\/uploads\/sites\/3\/2020\/12\/santa3.jpg\" alt=\"\" width=\"700\" height=\"390\" srcset=\"https:\/\/www.thebestsocial.media\/de\/wp-content\/uploads\/sites\/3\/2020\/12\/santa3.jpg 700w, https:\/\/www.thebestsocial.media\/de\/wp-content\/uploads\/sites\/3\/2020\/12\/santa3-300x167.jpg 300w\" sizes=\"auto, (max-width: 700px) 100vw, 700px\" \/><\/p>\n<p>&nbsp;<br \/>\n<strong>4. Die Familie wohnt seit drei Jahren in der Nachbarschaft und nie zuvor gab es Probleme wegen ihrer Weihnachtsdeko.<\/strong><\/p>\n<figure id=\"attachment_138942\" aria-describedby=\"caption-attachment-138942\" style=\"width: 682px\" class=\"wp-caption alignnone\"><img loading=\"lazy\" decoding=\"async\" class=\"wp-image-138942 size-full\" src=\"https:\/\/www.thebestsocial.media\/de\/wp-content\/uploads\/sites\/3\/2020\/12\/santa4.jpg\" alt=\"\" width=\"682\" height=\"1024\" srcset=\"https:\/\/www.thebestsocial.media\/de\/wp-content\/uploads\/sites\/3\/2020\/12\/santa4.jpg 682w, https:\/\/www.thebestsocial.media\/de\/wp-content\/uploads\/sites\/3\/2020\/12\/santa4-200x300.jpg 200w\" sizes=\"auto, (max-width: 682px) 100vw, 682px\" \/><figcaption id=\"caption-attachment-138942\" class=\"wp-caption-text\">Quelle: <a href=\"https:\/\/www.facebook.com\/photo.php?fbid=2826573350997618&#038;set=p.2826573350997618&#038;type=3\" rel=\"noopener\" target=\"_blank\">Facebook\/Chris Kennedy<\/a><\/figcaption><\/figure>\n<p>&nbsp;<br \/>\n<strong>5. Nachdem sie den Brief in den sozialen Netzwerken teilten, erhielten sie viel Zuspruch und Unterst\u00fctzung.<\/strong><\/p>\n<figure id=\"attachment_138943\" aria-describedby=\"caption-attachment-138943\" style=\"width: 193px\" class=\"wp-caption alignnone\"><img loading=\"lazy\" decoding=\"async\" src=\"https:\/\/www.thebestsocial.media\/de\/wp-content\/uploads\/sites\/3\/2020\/12\/santa5-193x300.jpg\" alt=\"\" width=\"193\" height=\"300\" class=\"size-medium wp-image-138943\" srcset=\"https:\/\/www.thebestsocial.media\/de\/wp-content\/uploads\/sites\/3\/2020\/12\/santa5-193x300.jpg 193w, https:\/\/www.thebestsocial.media\/de\/wp-content\/uploads\/sites\/3\/2020\/12\/santa5.jpg 659w\" sizes=\"auto, (max-width: 193px) 100vw, 193px\" \/><figcaption id=\"caption-attachment-138943\" class=\"wp-caption-text\">Quelle: <a href=\"https:\/\/www.facebook.com\/photo.php?fbid=2827581324230154&#038;set=a.1386108005044167&#038;type=3\" rel=\"noopener\" target=\"_blank\">Facebook\/Chris Kennedy<\/a><\/figcaption><\/figure>\n<p>&nbsp;<br \/>\n<strong>6. Manche lie\u00dfen der Familie Geschenke zukommen, um zu zeigen, dass nicht alle Nachbarn derart reaktion\u00e4r sind.<\/strong><\/p>\n<p><img loading=\"lazy\" decoding=\"async\" class=\"alignnone wp-image-138944 size-full\" src=\"https:\/\/www.thebestsocial.media\/de\/wp-content\/uploads\/sites\/3\/2020\/12\/santa6.jpg\" alt=\"\" width=\"700\" height=\"905\" srcset=\"https:\/\/www.thebestsocial.media\/de\/wp-content\/uploads\/sites\/3\/2020\/12\/santa6.jpg 700w, https:\/\/www.thebestsocial.media\/de\/wp-content\/uploads\/sites\/3\/2020\/12\/santa6-232x300.jpg 232w\" sizes=\"auto, (max-width: 700px) 100vw, 700px\" \/><\/p>\n<p>&nbsp;<br \/>\n<strong>7. Andere schrieben ebenfalls Briefe, in denen sie betonten, dass sie sich jedes Jahr auf den schwarzen Weihnachtsmann freuen.<\/strong><\/p>\n<figure id=\"attachment_138945\" aria-describedby=\"caption-attachment-138945\" style=\"width: 700px\" class=\"wp-caption alignnone\"><img loading=\"lazy\" decoding=\"async\" class=\"wp-image-138945 size-full\" src=\"https:\/\/www.thebestsocial.media\/de\/wp-content\/uploads\/sites\/3\/2020\/12\/santa7.jpg\" alt=\"\" width=\"700\" height=\"525\" srcset=\"https:\/\/www.thebestsocial.media\/de\/wp-content\/uploads\/sites\/3\/2020\/12\/santa7.jpg 700w, https:\/\/www.thebestsocial.media\/de\/wp-content\/uploads\/sites\/3\/2020\/12\/santa7-300x225.jpg 300w\" sizes=\"auto, (max-width: 700px) 100vw, 700px\" \/><figcaption id=\"caption-attachment-138945\" class=\"wp-caption-text\">Quelle: <a href=\"https:\/\/www.facebook.com\/photo.php?fbid=2827581400896813&#038;set=a.1386108005044167&#038;type=3\" rel=\"noopener\" target=\"_blank\">Facebook\/Chris Kennedy<\/a><\/figcaption><\/figure>\n<p>&nbsp;<br \/>\n<strong>8. Chris war Dankbar f\u00fcr die Unterst\u00fctzung und stellte klar, dass sein Weihnachtsmann nicht so schnell verschwinden w\u00fcrde.<\/strong><\/p>\n<p><img loading=\"lazy\" decoding=\"async\" class=\"alignnone wp-image-138946 size-full\" src=\"https:\/\/www.thebestsocial.media\/de\/wp-content\/uploads\/sites\/3\/2020\/12\/santa8.jpg\" alt=\"\" width=\"700\" height=\"933\" srcset=\"https:\/\/www.thebestsocial.media\/de\/wp-content\/uploads\/sites\/3\/2020\/12\/santa8.jpg 700w, https:\/\/www.thebestsocial.media\/de\/wp-content\/uploads\/sites\/3\/2020\/12\/santa8-225x300.jpg 225w\" sizes=\"auto, (max-width: 700px) 100vw, 700px\" \/><\/p>\n<p>&nbsp;<\/p>\n<p>&#8212;<br \/>\nVielen Dank an alle f\u00fcr die Posts.<br \/>\n&#8212;<br \/>\n<strong>Keine Influencer! Kein Foodporn! Nur ganz viel Spa\u00df &#8211; bei uns auf Instagram:<\/strong><\/p>\n<blockquote class=\"instagram-media\" data-instgrm-permalink=\"https:\/\/www.instagram.com\/p\/CJGqkEuL5JR\/?utm_source=ig_embed&amp;utm_campaign=loading\" data-instgrm-version=\"13\" style=\" background:#FFF; border:0; border-radius:3px; box-shadow:0 0 1px 0 rgba(0,0,0,0.5),0 1px 10px 0 rgba(0,0,0,0.15); margin: 1px; max-width:540px; min-width:326px; padding:0; width:99.375%; width:-webkit-calc(100% - 2px); width:calc(100% - 2px);\">\n<div style=\"padding:16px;\"> <a href=\"https:\/\/www.instagram.com\/p\/CJGqkEuL5JR\/?utm_source=ig_embed&amp;utm_campaign=loading\" style=\" background:#FFFFFF; line-height:0; padding:0 0; text-align:center; text-decoration:none; width:100%;\" target=\"_blank\" rel=\"noopener\"> <\/p>\n<div style=\" display: flex; flex-direction: row; align-items: center;\">\n<div style=\"background-color: #F4F4F4; border-radius: 50%; flex-grow: 0; height: 40px; margin-right: 14px; width: 40px;\"><\/div>\n<div style=\"display: flex; flex-direction: column; flex-grow: 1; justify-content: center;\">\n<div style=\" background-color: #F4F4F4; border-radius: 4px; flex-grow: 0; height: 14px; margin-bottom: 6px; width: 100px;\"><\/div>\n<div style=\" background-color: #F4F4F4; border-radius: 4px; flex-grow: 0; height: 14px; width: 60px;\"><\/div>\n<\/div>\n<\/div>\n<div style=\"padding: 19% 0;\"><\/div>\n<div style=\"display:block; height:50px; margin:0 auto 12px; width:50px;\"><svg width=\"50px\" height=\"50px\" viewBox=\"0 0 60 60\" version=\"1.1\" xmlns=\"https:\/\/www.w3.org\/2000\/svg\" xmlns:xlink=\"https:\/\/www.w3.org\/1999\/xlink\"><g stroke=\"none\" stroke-width=\"1\" fill=\"none\" fill-rule=\"evenodd\"><g transform=\"translate(-511.000000, -20.000000)\" fill=\"#000000\"><g><path d=\"M556.869,30.41 C554.814,30.41 553.148,32.076 553.148,34.131 C553.148,36.186 554.814,37.852 556.869,37.852 C558.924,37.852 560.59,36.186 560.59,34.131 C560.59,32.076 558.924,30.41 556.869,30.41 M541,60.657 C535.114,60.657 530.342,55.887 530.342,50 C530.342,44.114 535.114,39.342 541,39.342 C546.887,39.342 551.658,44.114 551.658,50 C551.658,55.887 546.887,60.657 541,60.657 M541,33.886 C532.1,33.886 524.886,41.1 524.886,50 C524.886,58.899 532.1,66.113 541,66.113 C549.9,66.113 557.115,58.899 557.115,50 C557.115,41.1 549.9,33.886 541,33.886 M565.378,62.101 C565.244,65.022 564.756,66.606 564.346,67.663 C563.803,69.06 563.154,70.057 562.106,71.106 C561.058,72.155 560.06,72.803 558.662,73.347 C557.607,73.757 556.021,74.244 553.102,74.378 C549.944,74.521 548.997,74.552 541,74.552 C533.003,74.552 532.056,74.521 528.898,74.378 C525.979,74.244 524.393,73.757 523.338,73.347 C521.94,72.803 520.942,72.155 519.894,71.106 C518.846,70.057 518.197,69.06 517.654,67.663 C517.244,66.606 516.755,65.022 516.623,62.101 C516.479,58.943 516.448,57.996 516.448,50 C516.448,42.003 516.479,41.056 516.623,37.899 C516.755,34.978 517.244,33.391 517.654,32.338 C518.197,30.938 518.846,29.942 519.894,28.894 C520.942,27.846 521.94,27.196 523.338,26.654 C524.393,26.244 525.979,25.756 528.898,25.623 C532.057,25.479 533.004,25.448 541,25.448 C548.997,25.448 549.943,25.479 553.102,25.623 C556.021,25.756 557.607,26.244 558.662,26.654 C560.06,27.196 561.058,27.846 562.106,28.894 C563.154,29.942 563.803,30.938 564.346,32.338 C564.756,33.391 565.244,34.978 565.378,37.899 C565.522,41.056 565.552,42.003 565.552,50 C565.552,57.996 565.522,58.943 565.378,62.101 M570.82,37.631 C570.674,34.438 570.167,32.258 569.425,30.349 C568.659,28.377 567.633,26.702 565.965,25.035 C564.297,23.368 562.623,22.342 560.652,21.575 C558.743,20.834 556.562,20.326 553.369,20.18 C550.169,20.033 549.148,20 541,20 C532.853,20 531.831,20.033 528.631,20.18 C525.438,20.326 523.257,20.834 521.349,21.575 C519.376,22.342 517.703,23.368 516.035,25.035 C514.368,26.702 513.342,28.377 512.574,30.349 C511.834,32.258 511.326,34.438 511.181,37.631 C511.035,40.831 511,41.851 511,50 C511,58.147 511.035,59.17 511.181,62.369 C511.326,65.562 511.834,67.743 512.574,69.651 C513.342,71.625 514.368,73.296 516.035,74.965 C517.703,76.634 519.376,77.658 521.349,78.425 C523.257,79.167 525.438,79.673 528.631,79.82 C531.831,79.965 532.853,80.001 541,80.001 C549.148,80.001 550.169,79.965 553.369,79.82 C556.562,79.673 558.743,79.167 560.652,78.425 C562.623,77.658 564.297,76.634 565.965,74.965 C567.633,73.296 568.659,71.625 569.425,69.651 C570.167,67.743 570.674,65.562 570.82,62.369 C570.966,59.17 571,58.147 571,50 C571,41.851 570.966,40.831 570.82,37.631\"><\/path><\/g><\/g><\/g><\/svg><\/div>\n<div style=\"padding-top: 8px;\">\n<div style=\" color:#3897f0; font-family:Arial,sans-serif; font-size:14px; font-style:normal; font-weight:550; line-height:18px;\"> Sieh dir diesen Beitrag auf Instagram an<\/div>\n<\/div>\n<div style=\"padding: 12.5% 0;\"><\/div>\n<div style=\"display: flex; flex-direction: row; margin-bottom: 14px; align-items: center;\">\n<div>\n<div style=\"background-color: #F4F4F4; border-radius: 50%; height: 12.5px; width: 12.5px; transform: translateX(0px) translateY(7px);\"><\/div>\n<div style=\"background-color: #F4F4F4; height: 12.5px; transform: rotate(-45deg) translateX(3px) translateY(1px); width: 12.5px; flex-grow: 0; margin-right: 14px; margin-left: 2px;\"><\/div>\n<div style=\"background-color: #F4F4F4; border-radius: 50%; height: 12.5px; width: 12.5px; transform: translateX(9px) translateY(-18px);\"><\/div>\n<\/div>\n<div style=\"margin-left: 8px;\">\n<div style=\" background-color: #F4F4F4; border-radius: 50%; flex-grow: 0; height: 20px; width: 20px;\"><\/div>\n<div style=\" width: 0; height: 0; border-top: 2px solid transparent; border-left: 6px solid #f4f4f4; border-bottom: 2px solid transparent; transform: translateX(16px) translateY(-4px) rotate(30deg)\"><\/div>\n<\/div>\n<div style=\"margin-left: auto;\">\n<div style=\" width: 0px; border-top: 8px solid #F4F4F4; border-right: 8px solid transparent; transform: translateY(16px);\"><\/div>\n<div style=\" background-color: #F4F4F4; flex-grow: 0; height: 12px; width: 16px; transform: translateY(-4px);\"><\/div>\n<div style=\" width: 0; height: 0; border-top: 8px solid #F4F4F4; border-left: 8px solid transparent; transform: translateY(-4px) translateX(8px);\"><\/div>\n<\/div>\n<\/div>\n<div style=\"display: flex; flex-direction: column; flex-grow: 1; justify-content: center; margin-bottom: 24px;\">\n<div style=\" background-color: #F4F4F4; border-radius: 4px; flex-grow: 0; height: 14px; margin-bottom: 6px; width: 224px;\"><\/div>\n<div style=\" background-color: #F4F4F4; border-radius: 4px; flex-grow: 0; height: 14px; width: 144px;\"><\/div>\n<\/div>\n<p><\/a><\/p>\n<p style=\" color:#c9c8cd; font-family:Arial,sans-serif; font-size:14px; line-height:17px; margin-bottom:0; margin-top:8px; overflow:hidden; padding:8px 0 7px; text-align:center; text-overflow:ellipsis; white-space:nowrap;\"><a href=\"https:\/\/www.instagram.com\/p\/CJGqkEuL5JR\/?utm_source=ig_embed&amp;utm_campaign=loading\" style=\" color:#c9c8cd; font-family:Arial,sans-serif; font-size:14px; font-style:normal; font-weight:normal; line-height:17px; text-decoration:none;\" target=\"_blank\" rel=\"noopener\">Ein Beitrag geteilt von The Best Social Media &#8211; DE (@thebestsocialmediade)<\/a><\/p>\n<\/div>\n<\/blockquote>\n\n<script async defer src=\"\/instagram-embed.js\"><\/script>","protected":false},"excerpt":{"rendered":"<p>Weihnachten ist die Zeit Weihnachtsb\u00e4umen, Lichtern und Dekoration. Bei letzterem sind vor allem Amerikaner bekannt daf\u00fcr, sich nicht lumpen zu lassen und bei der Dekoration&#8230;<\/p>\n","protected":false},"author":72,"featured_media":138948,"comment_status":"open","ping_status":"open","sticky":false,"template":"","format":"standard","meta":{"_acf_changed":false,"footnotes":""},"categories":[26],"tags":[3423,195],"class_list":["post-138938","post","type-post","status-publish","format-standard","has-post-thumbnail","hentry","category-facebook","tag-deko","tag-weihnachten"],"acf":[],"yoast_head":"<!-- This site is optimized with the Yoast SEO plugin v27.5 - https:\/\/yoast.com\/product\/yoast-seo-wordpress\/ -->\n<title>Nachbarn reagieren gro\u00dfartig, nachdem Familienvater wegen seiner Weihnachts-Deko kritisiert wird - The Best Social Media DE<\/title>\n<meta name=\"robots\" content=\"index, follow, max-snippet:-1, max-image-preview:large, max-video-preview:-1\" \/>\n<link rel=\"canonical\" href=\"https:\/\/www.thebestsocial.media\/de\/nachbarn-reagieren-grossartig-nachdem-familienvater-wegen-seiner-weihnachts-deko-kritisiert-wird\/\" \/>\n<meta property=\"og:locale\" content=\"de_DE\" \/>\n<meta property=\"og:type\" content=\"article\" \/>\n<meta property=\"og:title\" content=\"Nachbarn reagieren gro\u00dfartig, nachdem Familienvater wegen seiner Weihnachts-Deko kritisiert wird\" \/>\n<meta property=\"og:description\" content=\"Weihnachten ist die Zeit Weihnachtsb\u00e4umen, Lichtern und Dekoration. Bei letzterem sind vor allem Amerikaner bekannt daf\u00fcr, sich nicht lumpen zu lassen und bei der Dekoration...\" \/>\n<meta property=\"og:url\" content=\"https:\/\/www.thebestsocial.media\/de\/nachbarn-reagieren-grossartig-nachdem-familienvater-wegen-seiner-weihnachts-deko-kritisiert-wird\/\" \/>\n<meta property=\"og:site_name\" content=\"The Best Social Media DE\" \/>\n<meta property=\"article:published_time\" content=\"2020-12-23T13:28:04+00:00\" \/>\n<meta property=\"og:image\" content=\"https:\/\/www.thebestsocial.media\/de\/wp-content\/uploads\/sites\/3\/2020\/12\/santa_fb.png\" \/>\n\t<meta property=\"og:image:width\" content=\"1200\" \/>\n\t<meta property=\"og:image:height\" content=\"628\" \/>\n\t<meta property=\"og:image:type\" content=\"image\/png\" \/>\n<meta name=\"author\" content=\"Benny\" \/>\n<meta name=\"twitter:card\" content=\"summary_large_image\" \/>\n<meta name=\"twitter:label1\" content=\"Verfasst von\" \/>\n\t<meta name=\"twitter:data1\" content=\"Benny\" \/>\n\t<meta name=\"twitter:label2\" content=\"Gesch\u00e4tzte Lesezeit\" \/>\n\t<meta name=\"twitter:data2\" content=\"2\u00a0Minuten\" \/>\n<script type=\"application\/ld+json\" class=\"yoast-schema-graph\">{\"@context\":\"https:\\\/\\\/schema.org\",\"@graph\":[{\"@type\":\"Article\",\"@id\":\"https:\\\/\\\/www.thebestsocial.media\\\/de\\\/nachbarn-reagieren-grossartig-nachdem-familienvater-wegen-seiner-weihnachts-deko-kritisiert-wird\\\/#article\",\"isPartOf\":{\"@id\":\"https:\\\/\\\/www.thebestsocial.media\\\/de\\\/nachbarn-reagieren-grossartig-nachdem-familienvater-wegen-seiner-weihnachts-deko-kritisiert-wird\\\/\"},\"author\":{\"name\":\"Benny\",\"@id\":\"https:\\\/\\\/www.thebestsocial.media\\\/de\\\/#\\\/schema\\\/person\\\/212fdd48880db42a484e589e4e27871b\"},\"headline\":\"Nachbarn reagieren gro\u00dfartig, nachdem Familienvater wegen seiner Weihnachts-Deko kritisiert wird\",\"datePublished\":\"2020-12-23T13:28:04+00:00\",\"mainEntityOfPage\":{\"@id\":\"https:\\\/\\\/www.thebestsocial.media\\\/de\\\/nachbarn-reagieren-grossartig-nachdem-familienvater-wegen-seiner-weihnachts-deko-kritisiert-wird\\\/\"},\"wordCount\":351,\"commentCount\":0,\"image\":{\"@id\":\"https:\\\/\\\/www.thebestsocial.media\\\/de\\\/nachbarn-reagieren-grossartig-nachdem-familienvater-wegen-seiner-weihnachts-deko-kritisiert-wird\\\/#primaryimage\"},\"thumbnailUrl\":\"https:\\\/\\\/www.thebestsocial.media\\\/de\\\/wp-content\\\/uploads\\\/sites\\\/3\\\/2020\\\/12\\\/santa_thumb.png\",\"keywords\":[\"Deko\",\"weihnachten\"],\"articleSection\":[\"Facebook\"],\"inLanguage\":\"de\",\"potentialAction\":[{\"@type\":\"CommentAction\",\"name\":\"Comment\",\"target\":[\"https:\\\/\\\/www.thebestsocial.media\\\/de\\\/nachbarn-reagieren-grossartig-nachdem-familienvater-wegen-seiner-weihnachts-deko-kritisiert-wird\\\/#respond\"]}]},{\"@type\":\"WebPage\",\"@id\":\"https:\\\/\\\/www.thebestsocial.media\\\/de\\\/nachbarn-reagieren-grossartig-nachdem-familienvater-wegen-seiner-weihnachts-deko-kritisiert-wird\\\/\",\"url\":\"https:\\\/\\\/www.thebestsocial.media\\\/de\\\/nachbarn-reagieren-grossartig-nachdem-familienvater-wegen-seiner-weihnachts-deko-kritisiert-wird\\\/\",\"name\":\"Nachbarn reagieren gro\u00dfartig, nachdem Familienvater wegen seiner Weihnachts-Deko kritisiert wird - The Best Social Media DE\",\"isPartOf\":{\"@id\":\"https:\\\/\\\/www.thebestsocial.media\\\/de\\\/#website\"},\"primaryImageOfPage\":{\"@id\":\"https:\\\/\\\/www.thebestsocial.media\\\/de\\\/nachbarn-reagieren-grossartig-nachdem-familienvater-wegen-seiner-weihnachts-deko-kritisiert-wird\\\/#primaryimage\"},\"image\":{\"@id\":\"https:\\\/\\\/www.thebestsocial.media\\\/de\\\/nachbarn-reagieren-grossartig-nachdem-familienvater-wegen-seiner-weihnachts-deko-kritisiert-wird\\\/#primaryimage\"},\"thumbnailUrl\":\"https:\\\/\\\/www.thebestsocial.media\\\/de\\\/wp-content\\\/uploads\\\/sites\\\/3\\\/2020\\\/12\\\/santa_thumb.png\",\"datePublished\":\"2020-12-23T13:28:04+00:00\",\"author\":{\"@id\":\"https:\\\/\\\/www.thebestsocial.media\\\/de\\\/#\\\/schema\\\/person\\\/212fdd48880db42a484e589e4e27871b\"},\"breadcrumb\":{\"@id\":\"https:\\\/\\\/www.thebestsocial.media\\\/de\\\/nachbarn-reagieren-grossartig-nachdem-familienvater-wegen-seiner-weihnachts-deko-kritisiert-wird\\\/#breadcrumb\"},\"inLanguage\":\"de\",\"potentialAction\":[{\"@type\":\"ReadAction\",\"target\":[\"https:\\\/\\\/www.thebestsocial.media\\\/de\\\/nachbarn-reagieren-grossartig-nachdem-familienvater-wegen-seiner-weihnachts-deko-kritisiert-wird\\\/\"]}]},{\"@type\":\"ImageObject\",\"inLanguage\":\"de\",\"@id\":\"https:\\\/\\\/www.thebestsocial.media\\\/de\\\/nachbarn-reagieren-grossartig-nachdem-familienvater-wegen-seiner-weihnachts-deko-kritisiert-wird\\\/#primaryimage\",\"url\":\"https:\\\/\\\/www.thebestsocial.media\\\/de\\\/wp-content\\\/uploads\\\/sites\\\/3\\\/2020\\\/12\\\/santa_thumb.png\",\"contentUrl\":\"https:\\\/\\\/www.thebestsocial.media\\\/de\\\/wp-content\\\/uploads\\\/sites\\\/3\\\/2020\\\/12\\\/santa_thumb.png\",\"width\":1200,\"height\":628},{\"@type\":\"BreadcrumbList\",\"@id\":\"https:\\\/\\\/www.thebestsocial.media\\\/de\\\/nachbarn-reagieren-grossartig-nachdem-familienvater-wegen-seiner-weihnachts-deko-kritisiert-wird\\\/#breadcrumb\",\"itemListElement\":[{\"@type\":\"ListItem\",\"position\":1,\"name\":\"Home\",\"item\":\"https:\\\/\\\/www.thebestsocial.media\\\/de\\\/\"},{\"@type\":\"ListItem\",\"position\":2,\"name\":\"Nachbarn reagieren gro\u00dfartig, nachdem Familienvater wegen seiner Weihnachts-Deko kritisiert wird\"}]},{\"@type\":\"WebSite\",\"@id\":\"https:\\\/\\\/www.thebestsocial.media\\\/de\\\/#website\",\"url\":\"https:\\\/\\\/www.thebestsocial.media\\\/de\\\/\",\"name\":\"The Best Social Media DE\",\"description\":\"\",\"potentialAction\":[{\"@type\":\"SearchAction\",\"target\":{\"@type\":\"EntryPoint\",\"urlTemplate\":\"https:\\\/\\\/www.thebestsocial.media\\\/de\\\/?s={search_term_string}\"},\"query-input\":{\"@type\":\"PropertyValueSpecification\",\"valueRequired\":true,\"valueName\":\"search_term_string\"}}],\"inLanguage\":\"de\"},{\"@type\":\"Person\",\"@id\":\"https:\\\/\\\/www.thebestsocial.media\\\/de\\\/#\\\/schema\\\/person\\\/212fdd48880db42a484e589e4e27871b\",\"name\":\"Benny\",\"image\":{\"@type\":\"ImageObject\",\"inLanguage\":\"de\",\"@id\":\"https:\\\/\\\/secure.gravatar.com\\\/avatar\\\/559f54fceb59ac8654d5ca40291d2ab87f2a9d79e48e8e3c19582477cde950bf?s=96&d=mm&r=g\",\"url\":\"https:\\\/\\\/secure.gravatar.com\\\/avatar\\\/559f54fceb59ac8654d5ca40291d2ab87f2a9d79e48e8e3c19582477cde950bf?s=96&d=mm&r=g\",\"contentUrl\":\"https:\\\/\\\/secure.gravatar.com\\\/avatar\\\/559f54fceb59ac8654d5ca40291d2ab87f2a9d79e48e8e3c19582477cde950bf?s=96&d=mm&r=g\",\"caption\":\"Benny\"},\"url\":\"https:\\\/\\\/www.thebestsocial.media\\\/de\\\/author\\\/bennykrueger\\\/\"}]}<\/script>\n<!-- \/ Yoast SEO plugin. -->","yoast_head_json":{"title":"Nachbarn reagieren gro\u00dfartig, nachdem Familienvater wegen seiner Weihnachts-Deko kritisiert wird - The Best Social Media DE","robots":{"index":"index","follow":"follow","max-snippet":"max-snippet:-1","max-image-preview":"max-image-preview:large","max-video-preview":"max-video-preview:-1"},"canonical":"https:\/\/www.thebestsocial.media\/de\/nachbarn-reagieren-grossartig-nachdem-familienvater-wegen-seiner-weihnachts-deko-kritisiert-wird\/","og_locale":"de_DE","og_type":"article","og_title":"Nachbarn reagieren gro\u00dfartig, nachdem Familienvater wegen seiner Weihnachts-Deko kritisiert wird","og_description":"Weihnachten ist die Zeit Weihnachtsb\u00e4umen, Lichtern und Dekoration. Bei letzterem sind vor allem Amerikaner bekannt daf\u00fcr, sich nicht lumpen zu lassen und bei der Dekoration...","og_url":"https:\/\/www.thebestsocial.media\/de\/nachbarn-reagieren-grossartig-nachdem-familienvater-wegen-seiner-weihnachts-deko-kritisiert-wird\/","og_site_name":"The Best Social Media DE","article_published_time":"2020-12-23T13:28:04+00:00","og_image":[{"width":1200,"height":628,"url":"https:\/\/www.thebestsocial.media\/de\/wp-content\/uploads\/sites\/3\/2020\/12\/santa_fb.png","type":"image\/png"}],"author":"Benny","twitter_card":"summary_large_image","twitter_misc":{"Verfasst von":"Benny","Gesch\u00e4tzte Lesezeit":"2\u00a0Minuten"},"schema":{"@context":"https:\/\/schema.org","@graph":[{"@type":"Article","@id":"https:\/\/www.thebestsocial.media\/de\/nachbarn-reagieren-grossartig-nachdem-familienvater-wegen-seiner-weihnachts-deko-kritisiert-wird\/#article","isPartOf":{"@id":"https:\/\/www.thebestsocial.media\/de\/nachbarn-reagieren-grossartig-nachdem-familienvater-wegen-seiner-weihnachts-deko-kritisiert-wird\/"},"author":{"name":"Benny","@id":"https:\/\/www.thebestsocial.media\/de\/#\/schema\/person\/212fdd48880db42a484e589e4e27871b"},"headline":"Nachbarn reagieren gro\u00dfartig, nachdem Familienvater wegen seiner Weihnachts-Deko kritisiert wird","datePublished":"2020-12-23T13:28:04+00:00","mainEntityOfPage":{"@id":"https:\/\/www.thebestsocial.media\/de\/nachbarn-reagieren-grossartig-nachdem-familienvater-wegen-seiner-weihnachts-deko-kritisiert-wird\/"},"wordCount":351,"commentCount":0,"image":{"@id":"https:\/\/www.thebestsocial.media\/de\/nachbarn-reagieren-grossartig-nachdem-familienvater-wegen-seiner-weihnachts-deko-kritisiert-wird\/#primaryimage"},"thumbnailUrl":"https:\/\/www.thebestsocial.media\/de\/wp-content\/uploads\/sites\/3\/2020\/12\/santa_thumb.png","keywords":["Deko","weihnachten"],"articleSection":["Facebook"],"inLanguage":"de","potentialAction":[{"@type":"CommentAction","name":"Comment","target":["https:\/\/www.thebestsocial.media\/de\/nachbarn-reagieren-grossartig-nachdem-familienvater-wegen-seiner-weihnachts-deko-kritisiert-wird\/#respond"]}]},{"@type":"WebPage","@id":"https:\/\/www.thebestsocial.media\/de\/nachbarn-reagieren-grossartig-nachdem-familienvater-wegen-seiner-weihnachts-deko-kritisiert-wird\/","url":"https:\/\/www.thebestsocial.media\/de\/nachbarn-reagieren-grossartig-nachdem-familienvater-wegen-seiner-weihnachts-deko-kritisiert-wird\/","name":"Nachbarn reagieren gro\u00dfartig, nachdem Familienvater wegen seiner Weihnachts-Deko kritisiert wird - The Best Social Media DE","isPartOf":{"@id":"https:\/\/www.thebestsocial.media\/de\/#website"},"primaryImageOfPage":{"@id":"https:\/\/www.thebestsocial.media\/de\/nachbarn-reagieren-grossartig-nachdem-familienvater-wegen-seiner-weihnachts-deko-kritisiert-wird\/#primaryimage"},"image":{"@id":"https:\/\/www.thebestsocial.media\/de\/nachbarn-reagieren-grossartig-nachdem-familienvater-wegen-seiner-weihnachts-deko-kritisiert-wird\/#primaryimage"},"thumbnailUrl":"https:\/\/www.thebestsocial.media\/de\/wp-content\/uploads\/sites\/3\/2020\/12\/santa_thumb.png","datePublished":"2020-12-23T13:28:04+00:00","author":{"@id":"https:\/\/www.thebestsocial.media\/de\/#\/schema\/person\/212fdd48880db42a484e589e4e27871b"},"breadcrumb":{"@id":"https:\/\/www.thebestsocial.media\/de\/nachbarn-reagieren-grossartig-nachdem-familienvater-wegen-seiner-weihnachts-deko-kritisiert-wird\/#breadcrumb"},"inLanguage":"de","potentialAction":[{"@type":"ReadAction","target":["https:\/\/www.thebestsocial.media\/de\/nachbarn-reagieren-grossartig-nachdem-familienvater-wegen-seiner-weihnachts-deko-kritisiert-wird\/"]}]},{"@type":"ImageObject","inLanguage":"de","@id":"https:\/\/www.thebestsocial.media\/de\/nachbarn-reagieren-grossartig-nachdem-familienvater-wegen-seiner-weihnachts-deko-kritisiert-wird\/#primaryimage","url":"https:\/\/www.thebestsocial.media\/de\/wp-content\/uploads\/sites\/3\/2020\/12\/santa_thumb.png","contentUrl":"https:\/\/www.thebestsocial.media\/de\/wp-content\/uploads\/sites\/3\/2020\/12\/santa_thumb.png","width":1200,"height":628},{"@type":"BreadcrumbList","@id":"https:\/\/www.thebestsocial.media\/de\/nachbarn-reagieren-grossartig-nachdem-familienvater-wegen-seiner-weihnachts-deko-kritisiert-wird\/#breadcrumb","itemListElement":[{"@type":"ListItem","position":1,"name":"Home","item":"https:\/\/www.thebestsocial.media\/de\/"},{"@type":"ListItem","position":2,"name":"Nachbarn reagieren gro\u00dfartig, nachdem Familienvater wegen seiner Weihnachts-Deko kritisiert wird"}]},{"@type":"WebSite","@id":"https:\/\/www.thebestsocial.media\/de\/#website","url":"https:\/\/www.thebestsocial.media\/de\/","name":"The Best Social Media DE","description":"","potentialAction":[{"@type":"SearchAction","target":{"@type":"EntryPoint","urlTemplate":"https:\/\/www.thebestsocial.media\/de\/?s={search_term_string}"},"query-input":{"@type":"PropertyValueSpecification","valueRequired":true,"valueName":"search_term_string"}}],"inLanguage":"de"},{"@type":"Person","@id":"https:\/\/www.thebestsocial.media\/de\/#\/schema\/person\/212fdd48880db42a484e589e4e27871b","name":"Benny","image":{"@type":"ImageObject","inLanguage":"de","@id":"https:\/\/secure.gravatar.com\/avatar\/559f54fceb59ac8654d5ca40291d2ab87f2a9d79e48e8e3c19582477cde950bf?s=96&d=mm&r=g","url":"https:\/\/secure.gravatar.com\/avatar\/559f54fceb59ac8654d5ca40291d2ab87f2a9d79e48e8e3c19582477cde950bf?s=96&d=mm&r=g","contentUrl":"https:\/\/secure.gravatar.com\/avatar\/559f54fceb59ac8654d5ca40291d2ab87f2a9d79e48e8e3c19582477cde950bf?s=96&d=mm&r=g","caption":"Benny"},"url":"https:\/\/www.thebestsocial.media\/de\/author\/bennykrueger\/"}]}},"amp_enabled":true,"_links":{"self":[{"href":"https:\/\/www.thebestsocial.media\/de\/wp-json\/wp\/v2\/posts\/138938","targetHints":{"allow":["GET"]}}],"collection":[{"href":"https:\/\/www.thebestsocial.media\/de\/wp-json\/wp\/v2\/posts"}],"about":[{"href":"https:\/\/www.thebestsocial.media\/de\/wp-json\/wp\/v2\/types\/post"}],"author":[{"embeddable":true,"href":"https:\/\/www.thebestsocial.media\/de\/wp-json\/wp\/v2\/users\/72"}],"replies":[{"embeddable":true,"href":"https:\/\/www.thebestsocial.media\/de\/wp-json\/wp\/v2\/comments?post=138938"}],"version-history":[{"count":1,"href":"https:\/\/www.thebestsocial.media\/de\/wp-json\/wp\/v2\/posts\/138938\/revisions"}],"predecessor-version":[{"id":138949,"href":"https:\/\/www.thebestsocial.media\/de\/wp-json\/wp\/v2\/posts\/138938\/revisions\/138949"}],"wp:featuredmedia":[{"embeddable":true,"href":"https:\/\/www.thebestsocial.media\/de\/wp-json\/wp\/v2\/media\/138948"}],"wp:attachment":[{"href":"https:\/\/www.thebestsocial.media\/de\/wp-json\/wp\/v2\/media?parent=138938"}],"wp:term":[{"taxonomy":"category","embeddable":true,"href":"https:\/\/www.thebestsocial.media\/de\/wp-json\/wp\/v2\/categories?post=138938"},{"taxonomy":"post_tag","embeddable":true,"href":"https:\/\/www.thebestsocial.media\/de\/wp-json\/wp\/v2\/tags?post=138938"}],"curies":[{"name":"wp","href":"https:\/\/api.w.org\/{rel}","templated":true}]}}