{"id":137799,"date":"2020-12-03T10:34:41","date_gmt":"2020-12-03T10:34:41","guid":{"rendered":"https:\/\/www.thebestsocial.media\/de\/?p=137799"},"modified":"2020-12-03T10:41:43","modified_gmt":"2020-12-03T10:41:43","slug":"kretschmer-und-kurz-politiker-sorgen-mit-corona-aussagen-fuer-empoerung","status":"publish","type":"post","link":"https:\/\/www.thebestsocial.media\/de\/kretschmer-und-kurz-politiker-sorgen-mit-corona-aussagen-fuer-empoerung\/","title":{"rendered":"Kretschmer und Kurz: Politiker sorgen mit Corona-Aussagen f\u00fcr Emp\u00f6rung"},"content":{"rendered":"<p>Abgesehen von einigen unbelehrbaren Querdenkern stie\u00dfen die politischen Entscheidungen zu Beginn der Pandemie und nach der ersten Welle auf breite Zustimmung in der Bev\u00f6lkerung. Nun aber, mitten in der zweiten Welle, wird zunehmend gerechtfertigte Kritik laut, beispielsweise ob man sich im Sommer nicht besser auf den Winter h\u00e4tte vorbereiten k\u00f6nnen, ob man das Parlament nicht wieder st\u00e4rker miteinbeziehen k\u00f6nnte oder ob man <a href=\"https:\/\/www.thebestsocial.media\/de\/corona-party-schule-eltern-und-lehrer-reagieren-zynisch-auf-aktuelle-schul-regelungen\/\" rel=\"noopener noreferrer\" target=\"_blank\">Schulen<\/a> und die Kulturbranche nicht besser unterst\u00fctzen k\u00f6nnte. Wenn Gesamtsituation und Stimmungslage angespannt sind, sollte man also nicht noch zus\u00e4tzlich mit fragw\u00fcrdigen Aussagen zu Corona f\u00fcr Unverst\u00e4ndnis und Emp\u00f6rung sorgen. Doch genau das haben Politiker der Volksparteien in Deutschland und \u00d6sterreich nun getan &#8211; namentlich Sachsens Ministerpr\u00e4sident Michael Kretschmer und \u00d6sterreichs Bundeskanzler Sebastian Kurz.<\/p>\n<p>&nbsp;<br \/>\n<strong>Kritiker werfen Kurz nach seiner gestrigen Pressekonferenz vor, fremdenfeindliche Ressentiments zu bedienen.<\/strong><\/p>\n<p>https:\/\/twitter.com\/lukasriepler\/status\/1334125608239046661<\/p>\n<p>&nbsp;<br \/>\n<strong>Viele empfanden seine Aussage als verh\u00f6hnend und beleidigend.<\/strong><\/p>\n<div class=\"dbsm-oembed\">\n<blockquote class=\"twitter-tweet\" data-width=\"500\" data-dnt=\"true\">\n<p lang=\"de\" dir=\"ltr\">Mein Balkan-Vater hatte bis vor ein paar Tagen Corona. Er hat sich nicht am Westbalkan angesteckt, sondern bei einer Bewohnerin des Pflegeheims in dem er als Krankenpfleger arbeitet.<\/p>\n<p>&mdash; Ana Wetherall-Gruji\u0107 (@AnaSagt) <a href=\"https:\/\/twitter.com\/AnaSagt\/status\/1334195924487299073?ref_src=twsrc%5Etfw\">December 2, 2020<\/a><\/p><\/blockquote>\n<p><script async src=\"https:\/\/platform.twitter.com\/widgets.js\" charset=\"utf-8\"><\/script><\/div>\n<blockquote class=\"twitter-tweet\" data-conversation=\"none\">\n<p lang=\"de\" dir=\"ltr\">Heute zu h\u00f6ren, wie der Bundeskanzler die Schuld an hohen Ansteckungszahlen dem Balkan gibt: Das verh\u00f6hnt meinen Vater.<\/p>\n<p>&mdash; Ana Gruji\u0107 (@AnaSagt) <a href=\"https:\/\/twitter.com\/AnaSagt\/status\/1334195925670047754?ref_src=twsrc%5Etfw\">December 2, 2020<\/a><\/p><\/blockquote>\n<p> <script async src=\"https:\/\/platform.twitter.com\/widgets.js\" charset=\"utf-8\"><\/script><\/p>\n<blockquote class=\"twitter-tweet\" data-conversation=\"none\">\n<p lang=\"de\" dir=\"ltr\">Ich m\u00f6chte im Moment nicht mehr dazu sagen. Auch nicht zum Gesundheitszustand meines Vaters. <\/p>\n<p>In jedem Fall h\u00e4tte er eine Regierung verdient, die ihn sch\u00fctzt &#8211; oder zumindest nicht verspottet.<\/p>\n<p>&mdash; Ana Gruji\u0107 (@AnaSagt) <a href=\"https:\/\/twitter.com\/AnaSagt\/status\/1334195926936805377?ref_src=twsrc%5Etfw\">December 2, 2020<\/a><\/p><\/blockquote>\n<p> <script async src=\"https:\/\/platform.twitter.com\/widgets.js\" charset=\"utf-8\"><\/script><\/p>\n<p>&nbsp;<br \/>\n<strong>Auch andere Teile der Pressekonferenz sorgten eher f\u00fcr Irritation.<\/strong><\/p>\n<div class=\"dbsm-oembed\">\n<blockquote class=\"twitter-tweet\" data-width=\"500\" data-dnt=\"true\">\n<p lang=\"de\" dir=\"ltr\">Interessantes Wording von Kurz: das Virus wird aus dem Ausland \u201eeingeschleppt\u201c. Und dazu braucht es ein \u201estriktes Grenzregime\u201c. Bewusste Anlehnung an die bekannte Sprache rund um Fl\u00fcchtlinge.<\/p>\n<p>&mdash; Natascha Strobl (@Natascha_Strobl) <a href=\"https:\/\/twitter.com\/Natascha_Strobl\/status\/1334108081039478784?ref_src=twsrc%5Etfw\">December 2, 2020<\/a><\/p><\/blockquote>\n<p><script async src=\"https:\/\/platform.twitter.com\/widgets.js\" charset=\"utf-8\"><\/script><\/div>\n<div class=\"dbsm-oembed\">\n<blockquote class=\"twitter-tweet\" data-width=\"500\" data-dnt=\"true\">\n<p lang=\"de\" dir=\"ltr\">\u00d6sterreichs Babykanzler Sebastian &quot;Die Kurve&quot; Kurz sollte besser aufh\u00f6ren, das Ischgl-Virus zu politisieren. <\/p>\n<p>Fakt: Das Ischgl-Virus, Erreger der &quot;Pistenpest&quot;, entsprang mit an Sicherheit grenzender Wahrscheinlichkeit einer lauwarmen Kotzepf\u00fctze auf einer Tiroler Apr\u00e9-Ski-Party.<\/p>\n<p>&mdash; Jan B\u00f6hmermann \ud83e\udd28 (@janboehm) <a href=\"https:\/\/twitter.com\/janboehm\/status\/1334115138832654340?ref_src=twsrc%5Etfw\">December 2, 2020<\/a><\/p><\/blockquote>\n<p><script async src=\"https:\/\/platform.twitter.com\/widgets.js\" charset=\"utf-8\"><\/script><\/div>\n<div class=\"dbsm-oembed\">\n<blockquote class=\"twitter-tweet\" data-width=\"500\" data-dnt=\"true\">\n<p lang=\"de\" dir=\"ltr\">Ich halte das Wording des Kanzlers \u201eVirus aus den Herkunftsl\u00e4ndern eingeschleppt\u201c f\u00fcr fahrl\u00e4ssig, gef\u00e4hrlich und ehrlich gesagt auch eine Frechheit.<\/p>\n<p>&mdash; Olivera Staji\u0107 (@OliveraStajic) <a href=\"https:\/\/twitter.com\/OliveraStajic\/status\/1334110003939192832?ref_src=twsrc%5Etfw\">December 2, 2020<\/a><\/p><\/blockquote>\n<p><script async src=\"https:\/\/platform.twitter.com\/widgets.js\" charset=\"utf-8\"><\/script><\/div>\n<blockquote class=\"twitter-tweet\" data-conversation=\"none\">\n<p lang=\"de\" dir=\"ltr\">Und ich hoffe irgendein\/e kritische Kollegin ist bei dieser PK und hinterfragt.<\/p>\n<p>&mdash; Olivera Staji\u0107 (@OliveraStajic) <a href=\"https:\/\/twitter.com\/OliveraStajic\/status\/1334114702625005568?ref_src=twsrc%5Etfw\">December 2, 2020<\/a><\/p><\/blockquote>\n<p> <script async src=\"https:\/\/platform.twitter.com\/widgets.js\" charset=\"utf-8\"><\/script><\/p>\n<blockquote class=\"twitter-tweet\" data-conversation=\"none\">\n<p lang=\"de\" dir=\"ltr\">Aber nat\u00fcrlich hat die Frage nach dem Skifahren Priorit\u00e4t<\/p>\n<p>&mdash; Olivera Staji\u0107 (@OliveraStajic) <a href=\"https:\/\/twitter.com\/OliveraStajic\/status\/1334115307263324163?ref_src=twsrc%5Etfw\">December 2, 2020<\/a><\/p><\/blockquote>\n<p> <script async src=\"https:\/\/platform.twitter.com\/widgets.js\" charset=\"utf-8\"><\/script><\/p>\n<blockquote class=\"twitter-tweet\" data-conversation=\"none\">\n<p lang=\"de\" dir=\"ltr\">Und die Germkn\u00f6del auch.<\/p>\n<p>&mdash; Olivera Staji\u0107 (@OliveraStajic) <a href=\"https:\/\/twitter.com\/OliveraStajic\/status\/1334116470587068419?ref_src=twsrc%5Etfw\">December 2, 2020<\/a><\/p><\/blockquote>\n<p> <script async src=\"https:\/\/platform.twitter.com\/widgets.js\" charset=\"utf-8\"><\/script><\/p>\n<div class=\"dbsm-oembed\">\n<blockquote class=\"twitter-tweet\" data-width=\"500\" data-dnt=\"true\">\n<p lang=\"de\" dir=\"ltr\">Ok ich halte es nicht aus, in \u00d6sterreich wird gerade bei der PK der Regierung \u00fcber Germkn\u00f6del in Skih\u00fctten diskutiert. Gestern gab es 141 Tote, heute 121. Auf Deutschland umgerechnet sind das 1311 bzw 1125. Dazu nichts.<\/p>\n<p>&mdash; Natascha Strobl (@Natascha_Strobl) <a href=\"https:\/\/twitter.com\/Natascha_Strobl\/status\/1334116618855735299?ref_src=twsrc%5Etfw\">December 2, 2020<\/a><\/p><\/blockquote>\n<p><script async src=\"https:\/\/platform.twitter.com\/widgets.js\" charset=\"utf-8\"><\/script><\/div>\n<p>&nbsp;<br \/>\n<strong>Jetzt schon ein Klassiker: Am Abend stand Kurz dann Armin Wolf Rede und Antwort, der den Kanzler eiskalt abwatschte.<\/strong><\/p>\n<div class=\"dbsm-oembed\">\n<blockquote class=\"twitter-tweet\" data-width=\"500\" data-dnt=\"true\">\n<p lang=\"de\" dir=\"ltr\">Wolf: \u201eHerr Bundeskanzler, ich unterbreche Sie ganz ungern, aber das stimmt so nicht.\u201c<\/p>\n<p>Kurz: \u201eDarf ich nur ausreden?\u201c<\/p>\n<p>Wolf: \u201eBitte nicht, weil das was Sie gerade sagen stimmt nicht.\u201c<\/p>\n<p>Weltklasse.<a href=\"https:\/\/twitter.com\/hashtag\/zib2?src=hash&amp;ref_src=twsrc%5Etfw\">#zib2<\/a> <a href=\"https:\/\/twitter.com\/hashtag\/Pressekonferenz?src=hash&amp;ref_src=twsrc%5Etfw\">#Pressekonferenz<\/a> <a href=\"https:\/\/t.co\/I840K1IdE1\">pic.twitter.com\/I840K1IdE1<\/a><\/p>\n<p>&mdash; Raffaela (@DieRaffa) <a href=\"https:\/\/twitter.com\/DieRaffa\/status\/1334252472894939136?ref_src=twsrc%5Etfw\">December 2, 2020<\/a><\/p><\/blockquote>\n<p><script async src=\"https:\/\/platform.twitter.com\/widgets.js\" charset=\"utf-8\"><\/script><\/div>\n<p>&nbsp;<br \/>\n<strong>Hierzulande sorgte hingegen Michael Kretschmer f\u00fcr Kopfsch\u00fctteln. In einem Interview mit dem ZDF meinte er direkt zu beginn: &#8222;Wir haben dieses Virus untersch\u00e4tzt, alle miteinander.&#8220;<\/strong><\/p>\n<div class=\"dbsm-oembed\">\n<blockquote class=\"twitter-tweet\" data-width=\"500\" data-dnt=\"true\">\n<p lang=\"de\" dir=\"ltr\">&quot;Wir haben das Virus untersch\u00e4tzt&quot;, so Sachsens Ministerpr\u00e4sident Michael Kretschmer (CDU). Jetzt brauche es ein Umdenken, sagte er im <a href=\"https:\/\/twitter.com\/hashtag\/ZDFmoma?src=hash&amp;ref_src=twsrc%5Etfw\">#ZDFmoma<\/a>. Den Bund-L\u00e4nder-Streit \u00fcber die Finanzierung der <a href=\"https:\/\/twitter.com\/hashtag\/Corona?src=hash&amp;ref_src=twsrc%5Etfw\">#Corona<\/a>-Ma\u00dfnahmen nannte Kretschmer &quot;das Letzte, was wir brauchen&quot;. <a href=\"https:\/\/t.co\/xiiUQCyTl8\">pic.twitter.com\/xiiUQCyTl8<\/a><\/p>\n<p>&mdash; ZDF Morgenmagazin (@morgenmagazin) <a href=\"https:\/\/twitter.com\/morgenmagazin\/status\/1334055118388523008?ref_src=twsrc%5Etfw\">December 2, 2020<\/a><\/p><\/blockquote>\n<p><script async src=\"https:\/\/platform.twitter.com\/widgets.js\" charset=\"utf-8\"><\/script><\/div>\n<p>&nbsp;<br \/>\n<strong>Sagen wir mal so: All jene, die sich an die AHA-Regeln halten, Social Distancing betreiben, im Homeoffice arbeiten, wirtschaftlich von der Pandemie betroffen sind oder tagt\u00e4glich beruflich mit Corona zu tun haben, k\u00f6nnen Herrn Kretschmer nur bedingt zustimmen.<\/strong><\/p>\n<div class=\"dbsm-oembed\">\n<blockquote class=\"twitter-tweet\" data-width=\"500\" data-dnt=\"true\">\n<p lang=\"de\" dir=\"ltr\">I hate to say it, aber dieses &quot;alle miteinander&quot; entspricht einfach nicht der Wahrheit. <a href=\"https:\/\/t.co\/iGbzoS4dqi\">pic.twitter.com\/iGbzoS4dqi<\/a><\/p>\n<p>&mdash; Nhi Le (@nhile_de) <a href=\"https:\/\/twitter.com\/nhile_de\/status\/1334186718409478146?ref_src=twsrc%5Etfw\">December 2, 2020<\/a><\/p><\/blockquote>\n<p><script async src=\"https:\/\/platform.twitter.com\/widgets.js\" charset=\"utf-8\"><\/script><\/div>\n<div class=\"dbsm-oembed\">\n<blockquote class=\"twitter-tweet\" data-width=\"500\" data-dnt=\"true\">\n<p lang=\"de\" dir=\"ltr\">&quot;Wir haben dieses Virus untersch\u00e4tzt &#8211; alle miteinander.&quot;<br \/>Michael Kretschmer (CDU), Ministerpr\u00e4sident Sachsen<\/p>\n<p>Nein, nicht &quot;wir&quot;! Sondern Ihr! Ihr, die Ihr seit Wochen Demos von &quot;Querdenkern&quot; als massive Gesundheitsgef\u00e4hrungen zulasst! Ihr, die lockern, lockern, lockern wollt!<\/p>\n<p>&mdash; Kaffeecup (@kaffeecup) <a href=\"https:\/\/twitter.com\/kaffeecup\/status\/1334148727439757312?ref_src=twsrc%5Etfw\">December 2, 2020<\/a><\/p><\/blockquote>\n<p><script async src=\"https:\/\/platform.twitter.com\/widgets.js\" charset=\"utf-8\"><\/script><\/div>\n<blockquote class=\"twitter-tweet\">\n<p lang=\"de\" dir=\"ltr\">W\u00fcrde, wenn ich ein Virus \u201euntersch\u00e4tze\u201c, an dem eine Million vierhundertvierundachtzig Tausend hundertvierundsechzig Menschen gestorben sind, zur\u00fccktreten. Aber das bin nur ich.<\/p>\n<p>&mdash; Sa\u0161a Stani\u0161i\u0107 (@sasa_s) <a href=\"https:\/\/twitter.com\/sasa_s\/status\/1334183668479307778?ref_src=twsrc%5Etfw\">December 2, 2020<\/a><\/p><\/blockquote>\n<p> <script async src=\"https:\/\/platform.twitter.com\/widgets.js\" charset=\"utf-8\"><\/script><\/p>\n<div class=\"dbsm-oembed\">\n<blockquote class=\"twitter-tweet\" data-width=\"500\" data-dnt=\"true\">\n<p lang=\"de\" dir=\"ltr\">Vielleicht haben wir alle miteinander auch einfach blo\u00df Michael Kretschmer \u00dcBERsch\u00e4tzt?<\/p>\n<p>&mdash; Jan B\u00f6hmermann \ud83e\udd28 (@janboehm) <a href=\"https:\/\/twitter.com\/janboehm\/status\/1334276436937601031?ref_src=twsrc%5Etfw\">December 2, 2020<\/a><\/p><\/blockquote>\n<p><script async src=\"https:\/\/platform.twitter.com\/widgets.js\" charset=\"utf-8\"><\/script><\/div>\n<p>https:\/\/twitter.com\/paolo_calleri\/status\/1334147782031060992<\/p>\n<p>&nbsp;<br \/>\n<strong>Wer wei\u00df, was wir sonst noch alles so untersch\u00e4tzt haben &#8230;<\/strong><\/p>\n<div class=\"dbsm-oembed\">\n<blockquote class=\"twitter-tweet\" data-width=\"500\" data-dnt=\"true\">\n<p lang=\"de\" dir=\"ltr\">2042: Wir haben den <a href=\"https:\/\/twitter.com\/hashtag\/Klimawandel?src=hash&amp;ref_src=twsrc%5Etfw\">#Klimawandel<\/a> untersch\u00e4tzt.<\/p>\n<p>Ganz genau so wird es kommen.<\/p>\n<p>&mdash; Christian Reinboth (@reinboth) <a href=\"https:\/\/twitter.com\/reinboth\/status\/1334250638029565954?ref_src=twsrc%5Etfw\">December 2, 2020<\/a><\/p><\/blockquote>\n<p><script async src=\"https:\/\/platform.twitter.com\/widgets.js\" charset=\"utf-8\"><\/script><\/div>\n<div class=\"dbsm-oembed\">\n<blockquote class=\"twitter-tweet\" data-width=\"500\" data-dnt=\"true\">\n<p lang=\"de\" dir=\"ltr\">&quot;Wir haben den Nationalsozialismus untersch\u00e4tzt alle miteinander.&quot;<br \/>Hermann G\u00f6ring, Dezember 1945<\/p>\n<p>&mdash; Jan B\u00f6hmermann \ud83e\udd28 (@janboehm) <a href=\"https:\/\/twitter.com\/janboehm\/status\/1334415904067776513?ref_src=twsrc%5Etfw\">December 3, 2020<\/a><\/p><\/blockquote>\n<p><script async src=\"https:\/\/platform.twitter.com\/widgets.js\" charset=\"utf-8\"><\/script><\/div>\n<p>&nbsp;<\/p>\n<p><iframe loading=\"lazy\" src=\"https:\/\/rcm-eu.amazon-adsystem.com\/e\/cm?o=3&#038;p=22&#038;l=ur1&#038;category=pd2020&#038;banner=07HHS5J9F96AVPRXGG82&#038;f=ifr&#038;linkID=50fb5e33de21fce5edb66e827e716147&#038;t=thebestsocial-21&#038;tracking_id=thebestsocial-21\" width=\"250\" height=\"250\" scrolling=\"no\" border=\"0\" marginwidth=\"0\" style=\"border:none;\" frameborder=\"0\"><\/iframe><\/p>\n<p>&#8212;<br \/>\nVielen Dank an alle f\u00fcr die Posts.<br \/>\n&#8212;<br \/>\n<strong>Keine Influencer! Kein Foodporn! Nur ganz viel Spa\u00df &#8211; bei uns auf Instagram:<\/strong><\/p>\n<blockquote class=\"instagram-media\" data-instgrm-permalink=\"https:\/\/www.instagram.com\/p\/CISzNHBrXO3\/?utm_source=ig_embed&amp;utm_campaign=loading\" data-instgrm-version=\"13\" style=\" background:#FFF; border:0; border-radius:3px; box-shadow:0 0 1px 0 rgba(0,0,0,0.5),0 1px 10px 0 rgba(0,0,0,0.15); margin: 1px; max-width:540px; min-width:326px; padding:0; width:99.375%; width:-webkit-calc(100% - 2px); width:calc(100% - 2px);\">\n<div style=\"padding:16px;\"> <a href=\"https:\/\/www.instagram.com\/p\/CISzNHBrXO3\/?utm_source=ig_embed&amp;utm_campaign=loading\" style=\" background:#FFFFFF; line-height:0; padding:0 0; text-align:center; text-decoration:none; width:100%;\" target=\"_blank\" rel=\"noopener noreferrer\"> <\/p>\n<div style=\" display: flex; flex-direction: row; align-items: center;\">\n<div style=\"background-color: #F4F4F4; border-radius: 50%; flex-grow: 0; height: 40px; margin-right: 14px; width: 40px;\"><\/div>\n<div style=\"display: flex; flex-direction: column; flex-grow: 1; justify-content: center;\">\n<div style=\" background-color: #F4F4F4; border-radius: 4px; flex-grow: 0; height: 14px; margin-bottom: 6px; width: 100px;\"><\/div>\n<div style=\" background-color: #F4F4F4; border-radius: 4px; flex-grow: 0; height: 14px; width: 60px;\"><\/div>\n<\/div>\n<\/div>\n<div style=\"padding: 19% 0;\"><\/div>\n<div style=\"display:block; height:50px; margin:0 auto 12px; width:50px;\"><svg width=\"50px\" height=\"50px\" viewBox=\"0 0 60 60\" version=\"1.1\" xmlns=\"https:\/\/www.w3.org\/2000\/svg\" xmlns:xlink=\"https:\/\/www.w3.org\/1999\/xlink\"><g stroke=\"none\" stroke-width=\"1\" fill=\"none\" fill-rule=\"evenodd\"><g transform=\"translate(-511.000000, -20.000000)\" fill=\"#000000\"><g><path d=\"M556.869,30.41 C554.814,30.41 553.148,32.076 553.148,34.131 C553.148,36.186 554.814,37.852 556.869,37.852 C558.924,37.852 560.59,36.186 560.59,34.131 C560.59,32.076 558.924,30.41 556.869,30.41 M541,60.657 C535.114,60.657 530.342,55.887 530.342,50 C530.342,44.114 535.114,39.342 541,39.342 C546.887,39.342 551.658,44.114 551.658,50 C551.658,55.887 546.887,60.657 541,60.657 M541,33.886 C532.1,33.886 524.886,41.1 524.886,50 C524.886,58.899 532.1,66.113 541,66.113 C549.9,66.113 557.115,58.899 557.115,50 C557.115,41.1 549.9,33.886 541,33.886 M565.378,62.101 C565.244,65.022 564.756,66.606 564.346,67.663 C563.803,69.06 563.154,70.057 562.106,71.106 C561.058,72.155 560.06,72.803 558.662,73.347 C557.607,73.757 556.021,74.244 553.102,74.378 C549.944,74.521 548.997,74.552 541,74.552 C533.003,74.552 532.056,74.521 528.898,74.378 C525.979,74.244 524.393,73.757 523.338,73.347 C521.94,72.803 520.942,72.155 519.894,71.106 C518.846,70.057 518.197,69.06 517.654,67.663 C517.244,66.606 516.755,65.022 516.623,62.101 C516.479,58.943 516.448,57.996 516.448,50 C516.448,42.003 516.479,41.056 516.623,37.899 C516.755,34.978 517.244,33.391 517.654,32.338 C518.197,30.938 518.846,29.942 519.894,28.894 C520.942,27.846 521.94,27.196 523.338,26.654 C524.393,26.244 525.979,25.756 528.898,25.623 C532.057,25.479 533.004,25.448 541,25.448 C548.997,25.448 549.943,25.479 553.102,25.623 C556.021,25.756 557.607,26.244 558.662,26.654 C560.06,27.196 561.058,27.846 562.106,28.894 C563.154,29.942 563.803,30.938 564.346,32.338 C564.756,33.391 565.244,34.978 565.378,37.899 C565.522,41.056 565.552,42.003 565.552,50 C565.552,57.996 565.522,58.943 565.378,62.101 M570.82,37.631 C570.674,34.438 570.167,32.258 569.425,30.349 C568.659,28.377 567.633,26.702 565.965,25.035 C564.297,23.368 562.623,22.342 560.652,21.575 C558.743,20.834 556.562,20.326 553.369,20.18 C550.169,20.033 549.148,20 541,20 C532.853,20 531.831,20.033 528.631,20.18 C525.438,20.326 523.257,20.834 521.349,21.575 C519.376,22.342 517.703,23.368 516.035,25.035 C514.368,26.702 513.342,28.377 512.574,30.349 C511.834,32.258 511.326,34.438 511.181,37.631 C511.035,40.831 511,41.851 511,50 C511,58.147 511.035,59.17 511.181,62.369 C511.326,65.562 511.834,67.743 512.574,69.651 C513.342,71.625 514.368,73.296 516.035,74.965 C517.703,76.634 519.376,77.658 521.349,78.425 C523.257,79.167 525.438,79.673 528.631,79.82 C531.831,79.965 532.853,80.001 541,80.001 C549.148,80.001 550.169,79.965 553.369,79.82 C556.562,79.673 558.743,79.167 560.652,78.425 C562.623,77.658 564.297,76.634 565.965,74.965 C567.633,73.296 568.659,71.625 569.425,69.651 C570.167,67.743 570.674,65.562 570.82,62.369 C570.966,59.17 571,58.147 571,50 C571,41.851 570.966,40.831 570.82,37.631\"><\/path><\/g><\/g><\/g><\/svg><\/div>\n<div style=\"padding-top: 8px;\">\n<div style=\" color:#3897f0; font-family:Arial,sans-serif; font-size:14px; font-style:normal; font-weight:550; line-height:18px;\"> Sieh dir diesen Beitrag auf Instagram an<\/div>\n<\/div>\n<div style=\"padding: 12.5% 0;\"><\/div>\n<div style=\"display: flex; flex-direction: row; margin-bottom: 14px; align-items: center;\">\n<div>\n<div style=\"background-color: #F4F4F4; border-radius: 50%; height: 12.5px; width: 12.5px; transform: translateX(0px) translateY(7px);\"><\/div>\n<div style=\"background-color: #F4F4F4; height: 12.5px; transform: rotate(-45deg) translateX(3px) translateY(1px); width: 12.5px; flex-grow: 0; margin-right: 14px; margin-left: 2px;\"><\/div>\n<div style=\"background-color: #F4F4F4; border-radius: 50%; height: 12.5px; width: 12.5px; transform: translateX(9px) translateY(-18px);\"><\/div>\n<\/div>\n<div style=\"margin-left: 8px;\">\n<div style=\" background-color: #F4F4F4; border-radius: 50%; flex-grow: 0; height: 20px; width: 20px;\"><\/div>\n<div style=\" width: 0; height: 0; border-top: 2px solid transparent; border-left: 6px solid #f4f4f4; border-bottom: 2px solid transparent; transform: translateX(16px) translateY(-4px) rotate(30deg)\"><\/div>\n<\/div>\n<div style=\"margin-left: auto;\">\n<div style=\" width: 0px; border-top: 8px solid #F4F4F4; border-right: 8px solid transparent; transform: translateY(16px);\"><\/div>\n<div style=\" background-color: #F4F4F4; flex-grow: 0; height: 12px; width: 16px; transform: translateY(-4px);\"><\/div>\n<div style=\" width: 0; height: 0; border-top: 8px solid #F4F4F4; border-left: 8px solid transparent; transform: translateY(-4px) translateX(8px);\"><\/div>\n<\/div>\n<\/div>\n<div style=\"display: flex; flex-direction: column; flex-grow: 1; justify-content: center; margin-bottom: 24px;\">\n<div style=\" background-color: #F4F4F4; border-radius: 4px; flex-grow: 0; height: 14px; margin-bottom: 6px; width: 224px;\"><\/div>\n<div style=\" background-color: #F4F4F4; border-radius: 4px; flex-grow: 0; height: 14px; width: 144px;\"><\/div>\n<\/div>\n<p><\/a><\/p>\n<p style=\" color:#c9c8cd; font-family:Arial,sans-serif; font-size:14px; line-height:17px; margin-bottom:0; margin-top:8px; overflow:hidden; padding:8px 0 7px; text-align:center; text-overflow:ellipsis; white-space:nowrap;\"><a href=\"https:\/\/www.instagram.com\/p\/CISzNHBrXO3\/?utm_source=ig_embed&amp;utm_campaign=loading\" style=\" color:#c9c8cd; font-family:Arial,sans-serif; font-size:14px; font-style:normal; font-weight:normal; line-height:17px; text-decoration:none;\" target=\"_blank\" rel=\"noopener noreferrer\">Ein Beitrag geteilt von The Best Social Media &#8211; DE (@thebestsocialmediade)<\/a><\/p>\n<\/div>\n<\/blockquote>\n\n<script async defer src=\"\/instagram-embed.js\"><\/script>","protected":false},"excerpt":{"rendered":"<p>Abgesehen von einigen unbelehrbaren Querdenkern stie\u00dfen die politischen Entscheidungen zu Beginn der Pandemie und nach der ersten Welle auf breite Zustimmung in der Bev\u00f6lkerung. Nun&#8230;<\/p>\n","protected":false},"author":72,"featured_media":137814,"comment_status":"open","ping_status":"open","sticky":false,"template":"","format":"standard","meta":{"_acf_changed":false,"footnotes":""},"categories":[35],"tags":[3800,2457,2781],"class_list":["post-137799","post","type-post","status-publish","format-standard","has-post-thumbnail","hentry","category-twitter","tag-corona","tag-interview","tag-politiker"],"acf":[],"yoast_head":"<!-- This site is optimized with the Yoast SEO plugin v27.5 - https:\/\/yoast.com\/product\/yoast-seo-wordpress\/ -->\n<title>Kretschmer und Kurz: Politiker sorgen mit Corona-Aussagen f\u00fcr Emp\u00f6rung - The Best Social Media DE<\/title>\n<meta name=\"robots\" content=\"index, follow, max-snippet:-1, max-image-preview:large, max-video-preview:-1\" \/>\n<link rel=\"canonical\" href=\"https:\/\/www.thebestsocial.media\/de\/kretschmer-und-kurz-politiker-sorgen-mit-corona-aussagen-fuer-empoerung\/\" \/>\n<meta property=\"og:locale\" content=\"de_DE\" \/>\n<meta property=\"og:type\" content=\"article\" \/>\n<meta property=\"og:title\" content=\"Kretschmer und Kurz: Politiker sorgen mit Corona-Aussagen f\u00fcr Emp\u00f6rung\" \/>\n<meta property=\"og:description\" content=\"Abgesehen von einigen unbelehrbaren Querdenkern stie\u00dfen die politischen Entscheidungen zu Beginn der Pandemie und nach der ersten Welle auf breite Zustimmung in der Bev\u00f6lkerung. Nun...\" \/>\n<meta property=\"og:url\" content=\"https:\/\/www.thebestsocial.media\/de\/kretschmer-und-kurz-politiker-sorgen-mit-corona-aussagen-fuer-empoerung\/\" \/>\n<meta property=\"og:site_name\" content=\"The Best Social Media DE\" \/>\n<meta property=\"article:published_time\" content=\"2020-12-03T10:34:41+00:00\" \/>\n<meta property=\"article:modified_time\" content=\"2020-12-03T10:41:43+00:00\" \/>\n<meta property=\"og:image\" content=\"https:\/\/www.thebestsocial.media\/de\/wp-content\/uploads\/sites\/3\/2020\/12\/kurz_fb.png\" \/>\n\t<meta property=\"og:image:width\" content=\"1200\" \/>\n\t<meta property=\"og:image:height\" content=\"628\" \/>\n\t<meta property=\"og:image:type\" content=\"image\/png\" \/>\n<meta name=\"author\" content=\"Benny\" \/>\n<meta name=\"twitter:card\" content=\"summary_large_image\" \/>\n<meta name=\"twitter:label1\" content=\"Verfasst von\" \/>\n\t<meta name=\"twitter:data1\" content=\"Benny\" \/>\n\t<meta name=\"twitter:label2\" content=\"Gesch\u00e4tzte Lesezeit\" \/>\n\t<meta name=\"twitter:data2\" content=\"3\u00a0Minuten\" \/>\n<script type=\"application\/ld+json\" class=\"yoast-schema-graph\">{\"@context\":\"https:\\\/\\\/schema.org\",\"@graph\":[{\"@type\":\"Article\",\"@id\":\"https:\\\/\\\/www.thebestsocial.media\\\/de\\\/kretschmer-und-kurz-politiker-sorgen-mit-corona-aussagen-fuer-empoerung\\\/#article\",\"isPartOf\":{\"@id\":\"https:\\\/\\\/www.thebestsocial.media\\\/de\\\/kretschmer-und-kurz-politiker-sorgen-mit-corona-aussagen-fuer-empoerung\\\/\"},\"author\":{\"name\":\"Benny\",\"@id\":\"https:\\\/\\\/www.thebestsocial.media\\\/de\\\/#\\\/schema\\\/person\\\/212fdd48880db42a484e589e4e27871b\"},\"headline\":\"Kretschmer und Kurz: Politiker sorgen mit Corona-Aussagen f\u00fcr Emp\u00f6rung\",\"datePublished\":\"2020-12-03T10:34:41+00:00\",\"dateModified\":\"2020-12-03T10:41:43+00:00\",\"mainEntityOfPage\":{\"@id\":\"https:\\\/\\\/www.thebestsocial.media\\\/de\\\/kretschmer-und-kurz-politiker-sorgen-mit-corona-aussagen-fuer-empoerung\\\/\"},\"wordCount\":533,\"commentCount\":0,\"image\":{\"@id\":\"https:\\\/\\\/www.thebestsocial.media\\\/de\\\/kretschmer-und-kurz-politiker-sorgen-mit-corona-aussagen-fuer-empoerung\\\/#primaryimage\"},\"thumbnailUrl\":\"https:\\\/\\\/www.thebestsocial.media\\\/de\\\/wp-content\\\/uploads\\\/sites\\\/3\\\/2020\\\/12\\\/kurz_thumb.png\",\"keywords\":[\"Corona\",\"Interview\",\"Politiker\"],\"articleSection\":[\"Twitter\"],\"inLanguage\":\"de\",\"potentialAction\":[{\"@type\":\"CommentAction\",\"name\":\"Comment\",\"target\":[\"https:\\\/\\\/www.thebestsocial.media\\\/de\\\/kretschmer-und-kurz-politiker-sorgen-mit-corona-aussagen-fuer-empoerung\\\/#respond\"]}]},{\"@type\":\"WebPage\",\"@id\":\"https:\\\/\\\/www.thebestsocial.media\\\/de\\\/kretschmer-und-kurz-politiker-sorgen-mit-corona-aussagen-fuer-empoerung\\\/\",\"url\":\"https:\\\/\\\/www.thebestsocial.media\\\/de\\\/kretschmer-und-kurz-politiker-sorgen-mit-corona-aussagen-fuer-empoerung\\\/\",\"name\":\"Kretschmer und Kurz: Politiker sorgen mit Corona-Aussagen f\u00fcr Emp\u00f6rung - The Best Social Media DE\",\"isPartOf\":{\"@id\":\"https:\\\/\\\/www.thebestsocial.media\\\/de\\\/#website\"},\"primaryImageOfPage\":{\"@id\":\"https:\\\/\\\/www.thebestsocial.media\\\/de\\\/kretschmer-und-kurz-politiker-sorgen-mit-corona-aussagen-fuer-empoerung\\\/#primaryimage\"},\"image\":{\"@id\":\"https:\\\/\\\/www.thebestsocial.media\\\/de\\\/kretschmer-und-kurz-politiker-sorgen-mit-corona-aussagen-fuer-empoerung\\\/#primaryimage\"},\"thumbnailUrl\":\"https:\\\/\\\/www.thebestsocial.media\\\/de\\\/wp-content\\\/uploads\\\/sites\\\/3\\\/2020\\\/12\\\/kurz_thumb.png\",\"datePublished\":\"2020-12-03T10:34:41+00:00\",\"dateModified\":\"2020-12-03T10:41:43+00:00\",\"author\":{\"@id\":\"https:\\\/\\\/www.thebestsocial.media\\\/de\\\/#\\\/schema\\\/person\\\/212fdd48880db42a484e589e4e27871b\"},\"breadcrumb\":{\"@id\":\"https:\\\/\\\/www.thebestsocial.media\\\/de\\\/kretschmer-und-kurz-politiker-sorgen-mit-corona-aussagen-fuer-empoerung\\\/#breadcrumb\"},\"inLanguage\":\"de\",\"potentialAction\":[{\"@type\":\"ReadAction\",\"target\":[\"https:\\\/\\\/www.thebestsocial.media\\\/de\\\/kretschmer-und-kurz-politiker-sorgen-mit-corona-aussagen-fuer-empoerung\\\/\"]}]},{\"@type\":\"ImageObject\",\"inLanguage\":\"de\",\"@id\":\"https:\\\/\\\/www.thebestsocial.media\\\/de\\\/kretschmer-und-kurz-politiker-sorgen-mit-corona-aussagen-fuer-empoerung\\\/#primaryimage\",\"url\":\"https:\\\/\\\/www.thebestsocial.media\\\/de\\\/wp-content\\\/uploads\\\/sites\\\/3\\\/2020\\\/12\\\/kurz_thumb.png\",\"contentUrl\":\"https:\\\/\\\/www.thebestsocial.media\\\/de\\\/wp-content\\\/uploads\\\/sites\\\/3\\\/2020\\\/12\\\/kurz_thumb.png\",\"width\":1200,\"height\":628},{\"@type\":\"BreadcrumbList\",\"@id\":\"https:\\\/\\\/www.thebestsocial.media\\\/de\\\/kretschmer-und-kurz-politiker-sorgen-mit-corona-aussagen-fuer-empoerung\\\/#breadcrumb\",\"itemListElement\":[{\"@type\":\"ListItem\",\"position\":1,\"name\":\"Home\",\"item\":\"https:\\\/\\\/www.thebestsocial.media\\\/de\\\/\"},{\"@type\":\"ListItem\",\"position\":2,\"name\":\"Kretschmer und Kurz: Politiker sorgen mit Corona-Aussagen f\u00fcr Emp\u00f6rung\"}]},{\"@type\":\"WebSite\",\"@id\":\"https:\\\/\\\/www.thebestsocial.media\\\/de\\\/#website\",\"url\":\"https:\\\/\\\/www.thebestsocial.media\\\/de\\\/\",\"name\":\"The Best Social Media DE\",\"description\":\"\",\"potentialAction\":[{\"@type\":\"SearchAction\",\"target\":{\"@type\":\"EntryPoint\",\"urlTemplate\":\"https:\\\/\\\/www.thebestsocial.media\\\/de\\\/?s={search_term_string}\"},\"query-input\":{\"@type\":\"PropertyValueSpecification\",\"valueRequired\":true,\"valueName\":\"search_term_string\"}}],\"inLanguage\":\"de\"},{\"@type\":\"Person\",\"@id\":\"https:\\\/\\\/www.thebestsocial.media\\\/de\\\/#\\\/schema\\\/person\\\/212fdd48880db42a484e589e4e27871b\",\"name\":\"Benny\",\"image\":{\"@type\":\"ImageObject\",\"inLanguage\":\"de\",\"@id\":\"https:\\\/\\\/secure.gravatar.com\\\/avatar\\\/559f54fceb59ac8654d5ca40291d2ab87f2a9d79e48e8e3c19582477cde950bf?s=96&d=mm&r=g\",\"url\":\"https:\\\/\\\/secure.gravatar.com\\\/avatar\\\/559f54fceb59ac8654d5ca40291d2ab87f2a9d79e48e8e3c19582477cde950bf?s=96&d=mm&r=g\",\"contentUrl\":\"https:\\\/\\\/secure.gravatar.com\\\/avatar\\\/559f54fceb59ac8654d5ca40291d2ab87f2a9d79e48e8e3c19582477cde950bf?s=96&d=mm&r=g\",\"caption\":\"Benny\"},\"url\":\"https:\\\/\\\/www.thebestsocial.media\\\/de\\\/author\\\/bennykrueger\\\/\"}]}<\/script>\n<!-- \/ Yoast SEO plugin. -->","yoast_head_json":{"title":"Kretschmer und Kurz: Politiker sorgen mit Corona-Aussagen f\u00fcr Emp\u00f6rung - The Best Social Media DE","robots":{"index":"index","follow":"follow","max-snippet":"max-snippet:-1","max-image-preview":"max-image-preview:large","max-video-preview":"max-video-preview:-1"},"canonical":"https:\/\/www.thebestsocial.media\/de\/kretschmer-und-kurz-politiker-sorgen-mit-corona-aussagen-fuer-empoerung\/","og_locale":"de_DE","og_type":"article","og_title":"Kretschmer und Kurz: Politiker sorgen mit Corona-Aussagen f\u00fcr Emp\u00f6rung","og_description":"Abgesehen von einigen unbelehrbaren Querdenkern stie\u00dfen die politischen Entscheidungen zu Beginn der Pandemie und nach der ersten Welle auf breite Zustimmung in der Bev\u00f6lkerung. Nun...","og_url":"https:\/\/www.thebestsocial.media\/de\/kretschmer-und-kurz-politiker-sorgen-mit-corona-aussagen-fuer-empoerung\/","og_site_name":"The Best Social Media DE","article_published_time":"2020-12-03T10:34:41+00:00","article_modified_time":"2020-12-03T10:41:43+00:00","og_image":[{"width":1200,"height":628,"url":"https:\/\/www.thebestsocial.media\/de\/wp-content\/uploads\/sites\/3\/2020\/12\/kurz_fb.png","type":"image\/png"}],"author":"Benny","twitter_card":"summary_large_image","twitter_misc":{"Verfasst von":"Benny","Gesch\u00e4tzte Lesezeit":"3\u00a0Minuten"},"schema":{"@context":"https:\/\/schema.org","@graph":[{"@type":"Article","@id":"https:\/\/www.thebestsocial.media\/de\/kretschmer-und-kurz-politiker-sorgen-mit-corona-aussagen-fuer-empoerung\/#article","isPartOf":{"@id":"https:\/\/www.thebestsocial.media\/de\/kretschmer-und-kurz-politiker-sorgen-mit-corona-aussagen-fuer-empoerung\/"},"author":{"name":"Benny","@id":"https:\/\/www.thebestsocial.media\/de\/#\/schema\/person\/212fdd48880db42a484e589e4e27871b"},"headline":"Kretschmer und Kurz: Politiker sorgen mit Corona-Aussagen f\u00fcr Emp\u00f6rung","datePublished":"2020-12-03T10:34:41+00:00","dateModified":"2020-12-03T10:41:43+00:00","mainEntityOfPage":{"@id":"https:\/\/www.thebestsocial.media\/de\/kretschmer-und-kurz-politiker-sorgen-mit-corona-aussagen-fuer-empoerung\/"},"wordCount":533,"commentCount":0,"image":{"@id":"https:\/\/www.thebestsocial.media\/de\/kretschmer-und-kurz-politiker-sorgen-mit-corona-aussagen-fuer-empoerung\/#primaryimage"},"thumbnailUrl":"https:\/\/www.thebestsocial.media\/de\/wp-content\/uploads\/sites\/3\/2020\/12\/kurz_thumb.png","keywords":["Corona","Interview","Politiker"],"articleSection":["Twitter"],"inLanguage":"de","potentialAction":[{"@type":"CommentAction","name":"Comment","target":["https:\/\/www.thebestsocial.media\/de\/kretschmer-und-kurz-politiker-sorgen-mit-corona-aussagen-fuer-empoerung\/#respond"]}]},{"@type":"WebPage","@id":"https:\/\/www.thebestsocial.media\/de\/kretschmer-und-kurz-politiker-sorgen-mit-corona-aussagen-fuer-empoerung\/","url":"https:\/\/www.thebestsocial.media\/de\/kretschmer-und-kurz-politiker-sorgen-mit-corona-aussagen-fuer-empoerung\/","name":"Kretschmer und Kurz: Politiker sorgen mit Corona-Aussagen f\u00fcr Emp\u00f6rung - The Best Social Media DE","isPartOf":{"@id":"https:\/\/www.thebestsocial.media\/de\/#website"},"primaryImageOfPage":{"@id":"https:\/\/www.thebestsocial.media\/de\/kretschmer-und-kurz-politiker-sorgen-mit-corona-aussagen-fuer-empoerung\/#primaryimage"},"image":{"@id":"https:\/\/www.thebestsocial.media\/de\/kretschmer-und-kurz-politiker-sorgen-mit-corona-aussagen-fuer-empoerung\/#primaryimage"},"thumbnailUrl":"https:\/\/www.thebestsocial.media\/de\/wp-content\/uploads\/sites\/3\/2020\/12\/kurz_thumb.png","datePublished":"2020-12-03T10:34:41+00:00","dateModified":"2020-12-03T10:41:43+00:00","author":{"@id":"https:\/\/www.thebestsocial.media\/de\/#\/schema\/person\/212fdd48880db42a484e589e4e27871b"},"breadcrumb":{"@id":"https:\/\/www.thebestsocial.media\/de\/kretschmer-und-kurz-politiker-sorgen-mit-corona-aussagen-fuer-empoerung\/#breadcrumb"},"inLanguage":"de","potentialAction":[{"@type":"ReadAction","target":["https:\/\/www.thebestsocial.media\/de\/kretschmer-und-kurz-politiker-sorgen-mit-corona-aussagen-fuer-empoerung\/"]}]},{"@type":"ImageObject","inLanguage":"de","@id":"https:\/\/www.thebestsocial.media\/de\/kretschmer-und-kurz-politiker-sorgen-mit-corona-aussagen-fuer-empoerung\/#primaryimage","url":"https:\/\/www.thebestsocial.media\/de\/wp-content\/uploads\/sites\/3\/2020\/12\/kurz_thumb.png","contentUrl":"https:\/\/www.thebestsocial.media\/de\/wp-content\/uploads\/sites\/3\/2020\/12\/kurz_thumb.png","width":1200,"height":628},{"@type":"BreadcrumbList","@id":"https:\/\/www.thebestsocial.media\/de\/kretschmer-und-kurz-politiker-sorgen-mit-corona-aussagen-fuer-empoerung\/#breadcrumb","itemListElement":[{"@type":"ListItem","position":1,"name":"Home","item":"https:\/\/www.thebestsocial.media\/de\/"},{"@type":"ListItem","position":2,"name":"Kretschmer und Kurz: Politiker sorgen mit Corona-Aussagen f\u00fcr Emp\u00f6rung"}]},{"@type":"WebSite","@id":"https:\/\/www.thebestsocial.media\/de\/#website","url":"https:\/\/www.thebestsocial.media\/de\/","name":"The Best Social Media DE","description":"","potentialAction":[{"@type":"SearchAction","target":{"@type":"EntryPoint","urlTemplate":"https:\/\/www.thebestsocial.media\/de\/?s={search_term_string}"},"query-input":{"@type":"PropertyValueSpecification","valueRequired":true,"valueName":"search_term_string"}}],"inLanguage":"de"},{"@type":"Person","@id":"https:\/\/www.thebestsocial.media\/de\/#\/schema\/person\/212fdd48880db42a484e589e4e27871b","name":"Benny","image":{"@type":"ImageObject","inLanguage":"de","@id":"https:\/\/secure.gravatar.com\/avatar\/559f54fceb59ac8654d5ca40291d2ab87f2a9d79e48e8e3c19582477cde950bf?s=96&d=mm&r=g","url":"https:\/\/secure.gravatar.com\/avatar\/559f54fceb59ac8654d5ca40291d2ab87f2a9d79e48e8e3c19582477cde950bf?s=96&d=mm&r=g","contentUrl":"https:\/\/secure.gravatar.com\/avatar\/559f54fceb59ac8654d5ca40291d2ab87f2a9d79e48e8e3c19582477cde950bf?s=96&d=mm&r=g","caption":"Benny"},"url":"https:\/\/www.thebestsocial.media\/de\/author\/bennykrueger\/"}]}},"amp_enabled":true,"_links":{"self":[{"href":"https:\/\/www.thebestsocial.media\/de\/wp-json\/wp\/v2\/posts\/137799","targetHints":{"allow":["GET"]}}],"collection":[{"href":"https:\/\/www.thebestsocial.media\/de\/wp-json\/wp\/v2\/posts"}],"about":[{"href":"https:\/\/www.thebestsocial.media\/de\/wp-json\/wp\/v2\/types\/post"}],"author":[{"embeddable":true,"href":"https:\/\/www.thebestsocial.media\/de\/wp-json\/wp\/v2\/users\/72"}],"replies":[{"embeddable":true,"href":"https:\/\/www.thebestsocial.media\/de\/wp-json\/wp\/v2\/comments?post=137799"}],"version-history":[{"count":2,"href":"https:\/\/www.thebestsocial.media\/de\/wp-json\/wp\/v2\/posts\/137799\/revisions"}],"predecessor-version":[{"id":137817,"href":"https:\/\/www.thebestsocial.media\/de\/wp-json\/wp\/v2\/posts\/137799\/revisions\/137817"}],"wp:featuredmedia":[{"embeddable":true,"href":"https:\/\/www.thebestsocial.media\/de\/wp-json\/wp\/v2\/media\/137814"}],"wp:attachment":[{"href":"https:\/\/www.thebestsocial.media\/de\/wp-json\/wp\/v2\/media?parent=137799"}],"wp:term":[{"taxonomy":"category","embeddable":true,"href":"https:\/\/www.thebestsocial.media\/de\/wp-json\/wp\/v2\/categories?post=137799"},{"taxonomy":"post_tag","embeddable":true,"href":"https:\/\/www.thebestsocial.media\/de\/wp-json\/wp\/v2\/tags?post=137799"}],"curies":[{"name":"wp","href":"https:\/\/api.w.org\/{rel}","templated":true}]}}