{"id":137469,"date":"2020-11-27T20:47:45","date_gmt":"2020-11-27T20:47:45","guid":{"rendered":"https:\/\/www.thebestsocial.media\/de\/?p=137469"},"modified":"2020-11-27T20:47:45","modified_gmt":"2020-11-27T20:47:45","slug":"richter-alexander-hold-wird-auf-youtube-abgefeiert-und-die-kommentare-sind-gold","status":"publish","type":"post","link":"https:\/\/www.thebestsocial.media\/de\/richter-alexander-hold-wird-auf-youtube-abgefeiert-und-die-kommentare-sind-gold\/","title":{"rendered":"Richter Alexander Hold wird auf YouTube abgefeiert &#8211; und die Kommentare sind Gold"},"content":{"rendered":"<p>Seit 2001 l\u00e4uft Richter Alexander Hold im TV. <a href=\"https:\/\/www.youtube.com\/channel\/UCJh9CQeW2JaaU8JJ1IpUcPw\" rel=\"noopener noreferrer\" target=\"_blank\">Auf YouTube<\/a> feiert das Format einen zweiten Popularit\u00e4ts-Schub. Das Publikum ist begeistert, die Schauspielerleistung ist zwar meistens eher ausbauf\u00e4hig, aber das ist der Community egal. Sie lieben ihren Richter, die Videos, die ganze Crew. Und feiern das mit dem ein oder anderen unterhaltsamen Kommentar.<br \/>\n&nbsp;<\/p>\n<h3>1. Richter Alexander Hold noch nie gesehen? Dann wird&#8217;s mal Zeit. \ud83d\ude09<\/h3>\n<div class=\"dbsm-oembed\"><iframe loading=\"lazy\" title=\"Angriff im Gericht: Staatsanwalt Lucas wird entf\u00fchrt | 2\/2 | Richter Alexander Hold |SAT.1\" width=\"500\" height=\"281\" src=\"https:\/\/www.youtube.com\/embed\/-l4p1EtZZlQ?feature=oembed\" frameborder=\"0\" allow=\"accelerometer; autoplay; clipboard-write; encrypted-media; gyroscope; picture-in-picture; web-share\" referrerpolicy=\"strict-origin-when-cross-origin\" allowfullscreen><\/iframe><\/div>\n<p><img loading=\"lazy\" decoding=\"async\" src=\"https:\/\/www.thebestsocial.media\/de\/wp-content\/uploads\/sites\/3\/2020\/11\/Entfuehrung-1.png\" alt=\"\" width=\"1366\" height=\"177\" class=\"alignnone size-full wp-image-137487\" srcset=\"https:\/\/www.thebestsocial.media\/de\/wp-content\/uploads\/sites\/3\/2020\/11\/Entfuehrung-1.png 1366w, https:\/\/www.thebestsocial.media\/de\/wp-content\/uploads\/sites\/3\/2020\/11\/Entfuehrung-1-300x39.png 300w, https:\/\/www.thebestsocial.media\/de\/wp-content\/uploads\/sites\/3\/2020\/11\/Entfuehrung-1-1024x133.png 1024w, https:\/\/www.thebestsocial.media\/de\/wp-content\/uploads\/sites\/3\/2020\/11\/Entfuehrung-1-768x100.png 768w\" sizes=\"auto, (max-width: 1366px) 100vw, 1366px\" \/><br \/>\n<img loading=\"lazy\" decoding=\"async\" src=\"https:\/\/www.thebestsocial.media\/de\/wp-content\/uploads\/sites\/3\/2020\/11\/Entfuehrung-2.png\" alt=\"\" width=\"1366\" height=\"177\" class=\"alignnone size-full wp-image-137488\" srcset=\"https:\/\/www.thebestsocial.media\/de\/wp-content\/uploads\/sites\/3\/2020\/11\/Entfuehrung-2.png 1366w, https:\/\/www.thebestsocial.media\/de\/wp-content\/uploads\/sites\/3\/2020\/11\/Entfuehrung-2-300x39.png 300w, https:\/\/www.thebestsocial.media\/de\/wp-content\/uploads\/sites\/3\/2020\/11\/Entfuehrung-2-1024x133.png 1024w, https:\/\/www.thebestsocial.media\/de\/wp-content\/uploads\/sites\/3\/2020\/11\/Entfuehrung-2-768x100.png 768w\" sizes=\"auto, (max-width: 1366px) 100vw, 1366px\" \/><br \/>\n&nbsp;<\/p>\n<h3>2. Apropos Wish &#8230;<\/h3>\n<div class=\"dbsm-oembed\"><iframe loading=\"lazy\" title=\"Dreister Angeklagte will Haftstrafe verhandeln | 1\/2 | Richter Alexander Hold | SAT.1\" width=\"500\" height=\"281\" src=\"https:\/\/www.youtube.com\/embed\/T6Q_66KZhqs?feature=oembed\" frameborder=\"0\" allow=\"accelerometer; autoplay; clipboard-write; encrypted-media; gyroscope; picture-in-picture; web-share\" referrerpolicy=\"strict-origin-when-cross-origin\" allowfullscreen><\/iframe><\/div>\n<p><img loading=\"lazy\" decoding=\"async\" src=\"https:\/\/www.thebestsocial.media\/de\/wp-content\/uploads\/sites\/3\/2020\/11\/Haftstrafe-verhandeln.png\" alt=\"\" width=\"1366\" height=\"197\" class=\"alignnone size-full wp-image-137485\" srcset=\"https:\/\/www.thebestsocial.media\/de\/wp-content\/uploads\/sites\/3\/2020\/11\/Haftstrafe-verhandeln.png 1366w, https:\/\/www.thebestsocial.media\/de\/wp-content\/uploads\/sites\/3\/2020\/11\/Haftstrafe-verhandeln-300x43.png 300w, https:\/\/www.thebestsocial.media\/de\/wp-content\/uploads\/sites\/3\/2020\/11\/Haftstrafe-verhandeln-1024x148.png 1024w, https:\/\/www.thebestsocial.media\/de\/wp-content\/uploads\/sites\/3\/2020\/11\/Haftstrafe-verhandeln-768x111.png 768w\" sizes=\"auto, (max-width: 1366px) 100vw, 1366px\" \/><br \/>\n<img loading=\"lazy\" decoding=\"async\" src=\"https:\/\/www.thebestsocial.media\/de\/wp-content\/uploads\/sites\/3\/2020\/11\/Haftstrafe-verhandeln-2.png\" alt=\"\" width=\"1366\" height=\"375\" class=\"alignnone size-full wp-image-137484\" srcset=\"https:\/\/www.thebestsocial.media\/de\/wp-content\/uploads\/sites\/3\/2020\/11\/Haftstrafe-verhandeln-2.png 1366w, https:\/\/www.thebestsocial.media\/de\/wp-content\/uploads\/sites\/3\/2020\/11\/Haftstrafe-verhandeln-2-300x82.png 300w, https:\/\/www.thebestsocial.media\/de\/wp-content\/uploads\/sites\/3\/2020\/11\/Haftstrafe-verhandeln-2-1024x281.png 1024w, https:\/\/www.thebestsocial.media\/de\/wp-content\/uploads\/sites\/3\/2020\/11\/Haftstrafe-verhandeln-2-768x211.png 768w\" sizes=\"auto, (max-width: 1366px) 100vw, 1366px\" \/><br \/>\n&nbsp;<\/p>\n<h3>3. Die Konkurrenz ist erstmal abgemeldet.<\/h3>\n<div class=\"dbsm-oembed\"><iframe loading=\"lazy\" title=\"Gef\u00e4hrliche Verhandlung! Bombendrohung im Gerichtssaal! | 1\/2 | Richter Alexander Hold | SAT.1\" width=\"500\" height=\"281\" src=\"https:\/\/www.youtube.com\/embed\/E9ooA5kmG98?feature=oembed\" frameborder=\"0\" allow=\"accelerometer; autoplay; clipboard-write; encrypted-media; gyroscope; picture-in-picture; web-share\" referrerpolicy=\"strict-origin-when-cross-origin\" allowfullscreen><\/iframe><\/div>\n<p><img loading=\"lazy\" decoding=\"async\" src=\"https:\/\/www.thebestsocial.media\/de\/wp-content\/uploads\/sites\/3\/2020\/11\/Bombendrohung.png\" alt=\"\" width=\"1366\" height=\"457\" class=\"alignnone size-full wp-image-137486\" srcset=\"https:\/\/www.thebestsocial.media\/de\/wp-content\/uploads\/sites\/3\/2020\/11\/Bombendrohung.png 1366w, https:\/\/www.thebestsocial.media\/de\/wp-content\/uploads\/sites\/3\/2020\/11\/Bombendrohung-300x100.png 300w, https:\/\/www.thebestsocial.media\/de\/wp-content\/uploads\/sites\/3\/2020\/11\/Bombendrohung-1024x343.png 1024w, https:\/\/www.thebestsocial.media\/de\/wp-content\/uploads\/sites\/3\/2020\/11\/Bombendrohung-768x257.png 768w\" sizes=\"auto, (max-width: 1366px) 100vw, 1366px\" \/><br \/>\n&nbsp;<\/p>\n<h3>4. Manchmal schlagen die User mit ihren Kommentaren aber auch etwas \u00fcber die Str\u00e4nge.<\/h3>\n<div class=\"dbsm-oembed\"><iframe loading=\"lazy\" title=\"Respektlos vor Gericht: Gangchef nervt den Richter! | 2\/2 | Richter Alexander Hold | SAT.1\" width=\"500\" height=\"281\" src=\"https:\/\/www.youtube.com\/embed\/hfTcGzLNF7U?feature=oembed\" frameborder=\"0\" allow=\"accelerometer; autoplay; clipboard-write; encrypted-media; gyroscope; picture-in-picture; web-share\" referrerpolicy=\"strict-origin-when-cross-origin\" allowfullscreen><\/iframe><\/div>\n<p><img loading=\"lazy\" decoding=\"async\" src=\"https:\/\/www.thebestsocial.media\/de\/wp-content\/uploads\/sites\/3\/2020\/11\/Gangchef.png\" alt=\"\" width=\"1366\" height=\"177\" class=\"alignnone size-full wp-image-137489\" srcset=\"https:\/\/www.thebestsocial.media\/de\/wp-content\/uploads\/sites\/3\/2020\/11\/Gangchef.png 1366w, https:\/\/www.thebestsocial.media\/de\/wp-content\/uploads\/sites\/3\/2020\/11\/Gangchef-300x39.png 300w, https:\/\/www.thebestsocial.media\/de\/wp-content\/uploads\/sites\/3\/2020\/11\/Gangchef-1024x133.png 1024w, https:\/\/www.thebestsocial.media\/de\/wp-content\/uploads\/sites\/3\/2020\/11\/Gangchef-768x100.png 768w\" sizes=\"auto, (max-width: 1366px) 100vw, 1366px\" \/><br \/>\n<img loading=\"lazy\" decoding=\"async\" src=\"https:\/\/www.thebestsocial.media\/de\/wp-content\/uploads\/sites\/3\/2020\/11\/Gangchef-2.png\" alt=\"\" width=\"1366\" height=\"184\" class=\"alignnone size-full wp-image-137478\" srcset=\"https:\/\/www.thebestsocial.media\/de\/wp-content\/uploads\/sites\/3\/2020\/11\/Gangchef-2.png 1366w, https:\/\/www.thebestsocial.media\/de\/wp-content\/uploads\/sites\/3\/2020\/11\/Gangchef-2-300x40.png 300w, https:\/\/www.thebestsocial.media\/de\/wp-content\/uploads\/sites\/3\/2020\/11\/Gangchef-2-1024x138.png 1024w, https:\/\/www.thebestsocial.media\/de\/wp-content\/uploads\/sites\/3\/2020\/11\/Gangchef-2-768x103.png 768w\" sizes=\"auto, (max-width: 1366px) 100vw, 1366px\" \/><\/p>\n<p>&nbsp;<\/p>\n<h3>5. Die User erkennen aber auch jeden Kost\u00fcm-Trick.<\/h3>\n<div class=\"dbsm-oembed\"><iframe loading=\"lazy\" title=\"\u00dcbergewichtige M\u00f6rderin? Ehemann m\u00e4stet seine Frau! | 1\/2 | Richter Alexander Hold | SAT.1\" width=\"500\" height=\"281\" src=\"https:\/\/www.youtube.com\/embed\/XD-ff9OH7TQ?feature=oembed\" frameborder=\"0\" allow=\"accelerometer; autoplay; clipboard-write; encrypted-media; gyroscope; picture-in-picture; web-share\" referrerpolicy=\"strict-origin-when-cross-origin\" allowfullscreen><\/iframe><\/div>\n<p><img loading=\"lazy\" decoding=\"async\" src=\"https:\/\/www.thebestsocial.media\/de\/wp-content\/uploads\/sites\/3\/2020\/11\/Die-Fette.png\" alt=\"\" width=\"1366\" height=\"183\" class=\"alignnone size-full wp-image-137483\" srcset=\"https:\/\/www.thebestsocial.media\/de\/wp-content\/uploads\/sites\/3\/2020\/11\/Die-Fette.png 1366w, https:\/\/www.thebestsocial.media\/de\/wp-content\/uploads\/sites\/3\/2020\/11\/Die-Fette-300x40.png 300w, https:\/\/www.thebestsocial.media\/de\/wp-content\/uploads\/sites\/3\/2020\/11\/Die-Fette-1024x137.png 1024w, https:\/\/www.thebestsocial.media\/de\/wp-content\/uploads\/sites\/3\/2020\/11\/Die-Fette-768x103.png 768w\" sizes=\"auto, (max-width: 1366px) 100vw, 1366px\" \/><br \/>\n<img loading=\"lazy\" decoding=\"async\" src=\"https:\/\/www.thebestsocial.media\/de\/wp-content\/uploads\/sites\/3\/2020\/11\/Die-FEtte-0.png\" alt=\"\" width=\"1366\" height=\"183\" class=\"alignnone size-full wp-image-137482\" srcset=\"https:\/\/www.thebestsocial.media\/de\/wp-content\/uploads\/sites\/3\/2020\/11\/Die-FEtte-0.png 1366w, https:\/\/www.thebestsocial.media\/de\/wp-content\/uploads\/sites\/3\/2020\/11\/Die-FEtte-0-300x40.png 300w, https:\/\/www.thebestsocial.media\/de\/wp-content\/uploads\/sites\/3\/2020\/11\/Die-FEtte-0-1024x137.png 1024w, https:\/\/www.thebestsocial.media\/de\/wp-content\/uploads\/sites\/3\/2020\/11\/Die-FEtte-0-768x103.png 768w\" sizes=\"auto, (max-width: 1366px) 100vw, 1366px\" \/><br \/>\n&nbsp;<\/p>\n<h3>6. Aber am wichtigsten sind ja die Dialoge.<\/h3>\n<div class=\"dbsm-oembed\"><iframe loading=\"lazy\" title=\"Richter genervt! Alina (17) wollte Stiefmutter loswerden! | 1\/2 | Richter Alexander Hold | SAT.1\" width=\"500\" height=\"281\" src=\"https:\/\/www.youtube.com\/embed\/-F4enlq79zM?feature=oembed\" frameborder=\"0\" allow=\"accelerometer; autoplay; clipboard-write; encrypted-media; gyroscope; picture-in-picture; web-share\" referrerpolicy=\"strict-origin-when-cross-origin\" allowfullscreen><\/iframe><\/div>\n<p><img loading=\"lazy\" decoding=\"async\" src=\"https:\/\/www.thebestsocial.media\/de\/wp-content\/uploads\/sites\/3\/2020\/11\/Alina.png\" alt=\"\" width=\"1366\" height=\"224\" class=\"alignnone size-full wp-image-137481\" srcset=\"https:\/\/www.thebestsocial.media\/de\/wp-content\/uploads\/sites\/3\/2020\/11\/Alina.png 1366w, https:\/\/www.thebestsocial.media\/de\/wp-content\/uploads\/sites\/3\/2020\/11\/Alina-300x49.png 300w, https:\/\/www.thebestsocial.media\/de\/wp-content\/uploads\/sites\/3\/2020\/11\/Alina-1024x168.png 1024w, https:\/\/www.thebestsocial.media\/de\/wp-content\/uploads\/sites\/3\/2020\/11\/Alina-768x126.png 768w\" sizes=\"auto, (max-width: 1366px) 100vw, 1366px\" \/><br \/>\n&nbsp;<\/p>\n<h3>7. Wie gesagt &#8230; die Dialoge:<\/h3>\n<div class=\"dbsm-oembed\"><iframe loading=\"lazy\" title=\"Verteidiger ist sauer! Staatsanwalt \u00fcbertreibt die Strafe! | 2\/2 | Richter Alexander Hold | SAT.1\" width=\"500\" height=\"281\" src=\"https:\/\/www.youtube.com\/embed\/Noq7Q-Vtp24?feature=oembed\" frameborder=\"0\" allow=\"accelerometer; autoplay; clipboard-write; encrypted-media; gyroscope; picture-in-picture; web-share\" referrerpolicy=\"strict-origin-when-cross-origin\" allowfullscreen><\/iframe><\/div>\n<p><img loading=\"lazy\" decoding=\"async\" src=\"https:\/\/www.thebestsocial.media\/de\/wp-content\/uploads\/sites\/3\/2020\/11\/Holzkopf.png\" alt=\"\" width=\"1366\" height=\"265\" class=\"alignnone size-full wp-image-137480\" srcset=\"https:\/\/www.thebestsocial.media\/de\/wp-content\/uploads\/sites\/3\/2020\/11\/Holzkopf.png 1366w, https:\/\/www.thebestsocial.media\/de\/wp-content\/uploads\/sites\/3\/2020\/11\/Holzkopf-300x58.png 300w, https:\/\/www.thebestsocial.media\/de\/wp-content\/uploads\/sites\/3\/2020\/11\/Holzkopf-1024x199.png 1024w, https:\/\/www.thebestsocial.media\/de\/wp-content\/uploads\/sites\/3\/2020\/11\/Holzkopf-768x149.png 768w\" sizes=\"auto, (max-width: 1366px) 100vw, 1366px\" \/><br \/>\n&nbsp;<\/p>\n<h3>8. Richter Alexander Hold. Ein Must-Watch! \ud83d\ude09<\/h3>\n<div class=\"dbsm-oembed\"><iframe loading=\"lazy\" title=\"Angeklagter fliegt raus und belauscht die Verhandlung vom Klo | 2\/2 | Richter Alexander Hold | SAT.1\" width=\"500\" height=\"281\" src=\"https:\/\/www.youtube.com\/embed\/gQ0yOBhOPIs?feature=oembed\" frameborder=\"0\" allow=\"accelerometer; autoplay; clipboard-write; encrypted-media; gyroscope; picture-in-picture; web-share\" referrerpolicy=\"strict-origin-when-cross-origin\" allowfullscreen><\/iframe><\/div>\n<p><img loading=\"lazy\" decoding=\"async\" src=\"https:\/\/www.thebestsocial.media\/de\/wp-content\/uploads\/sites\/3\/2020\/11\/Payback.png\" alt=\"\" width=\"1366\" height=\"184\" class=\"alignnone size-full wp-image-137479\" srcset=\"https:\/\/www.thebestsocial.media\/de\/wp-content\/uploads\/sites\/3\/2020\/11\/Payback.png 1366w, https:\/\/www.thebestsocial.media\/de\/wp-content\/uploads\/sites\/3\/2020\/11\/Payback-300x40.png 300w, https:\/\/www.thebestsocial.media\/de\/wp-content\/uploads\/sites\/3\/2020\/11\/Payback-1024x138.png 1024w, https:\/\/www.thebestsocial.media\/de\/wp-content\/uploads\/sites\/3\/2020\/11\/Payback-768x103.png 768w\" sizes=\"auto, (max-width: 1366px) 100vw, 1366px\" \/><br \/>\n&nbsp;<br \/>\n___<br \/>\n<iframe loading=\"lazy\" src=\"https:\/\/rcm-eu.amazon-adsystem.com\/e\/cm?o=3&#038;p=22&#038;l=ur1&#038;category=pd2020&#038;banner=07HHS5J9F96AVPRXGG82&#038;f=ifr&#038;linkID=50fb5e33de21fce5edb66e827e716147&#038;t=thebestsocial-21&#038;tracking_id=thebestsocial-21\" width=\"250\" height=\"250\" scrolling=\"no\" border=\"0\" marginwidth=\"0\" style=\"border:none;\" frameborder=\"0\"><\/iframe><br \/>\n___<br \/>\nSchaut doch auch mal bei uns auf Instagram vorbei:<\/p>\n<blockquote class=\"instagram-media\" data-instgrm-captioned data-instgrm-permalink=\"https:\/\/www.instagram.com\/p\/CIDeDV7gL3Q\/?utm_source=ig_embed&amp;utm_campaign=loading\" data-instgrm-version=\"13\" style=\" background:#FFF; border:0; border-radius:3px; box-shadow:0 0 1px 0 rgba(0,0,0,0.5),0 1px 10px 0 rgba(0,0,0,0.15); margin: 1px; max-width:540px; min-width:326px; padding:0; width:99.375%; width:-webkit-calc(100% - 2px); width:calc(100% - 2px);\">\n<div style=\"padding:16px;\"> <a href=\"https:\/\/www.instagram.com\/p\/CIDeDV7gL3Q\/?utm_source=ig_embed&amp;utm_campaign=loading\" style=\" background:#FFFFFF; line-height:0; padding:0 0; text-align:center; text-decoration:none; width:100%;\" target=\"_blank\" rel=\"noopener noreferrer\"> <\/p>\n<div style=\" display: flex; flex-direction: row; align-items: center;\">\n<div style=\"background-color: #F4F4F4; border-radius: 50%; flex-grow: 0; height: 40px; margin-right: 14px; width: 40px;\"><\/div>\n<div style=\"display: flex; flex-direction: column; flex-grow: 1; justify-content: center;\">\n<div style=\" background-color: #F4F4F4; border-radius: 4px; flex-grow: 0; height: 14px; margin-bottom: 6px; width: 100px;\"><\/div>\n<div style=\" background-color: #F4F4F4; border-radius: 4px; flex-grow: 0; height: 14px; width: 60px;\"><\/div>\n<\/div>\n<\/div>\n<div style=\"padding: 19% 0;\"><\/div>\n<div style=\"display:block; height:50px; margin:0 auto 12px; width:50px;\"><svg width=\"50px\" height=\"50px\" viewBox=\"0 0 60 60\" version=\"1.1\" xmlns=\"https:\/\/www.w3.org\/2000\/svg\" xmlns:xlink=\"https:\/\/www.w3.org\/1999\/xlink\"><g stroke=\"none\" stroke-width=\"1\" fill=\"none\" fill-rule=\"evenodd\"><g transform=\"translate(-511.000000, -20.000000)\" fill=\"#000000\"><g><path d=\"M556.869,30.41 C554.814,30.41 553.148,32.076 553.148,34.131 C553.148,36.186 554.814,37.852 556.869,37.852 C558.924,37.852 560.59,36.186 560.59,34.131 C560.59,32.076 558.924,30.41 556.869,30.41 M541,60.657 C535.114,60.657 530.342,55.887 530.342,50 C530.342,44.114 535.114,39.342 541,39.342 C546.887,39.342 551.658,44.114 551.658,50 C551.658,55.887 546.887,60.657 541,60.657 M541,33.886 C532.1,33.886 524.886,41.1 524.886,50 C524.886,58.899 532.1,66.113 541,66.113 C549.9,66.113 557.115,58.899 557.115,50 C557.115,41.1 549.9,33.886 541,33.886 M565.378,62.101 C565.244,65.022 564.756,66.606 564.346,67.663 C563.803,69.06 563.154,70.057 562.106,71.106 C561.058,72.155 560.06,72.803 558.662,73.347 C557.607,73.757 556.021,74.244 553.102,74.378 C549.944,74.521 548.997,74.552 541,74.552 C533.003,74.552 532.056,74.521 528.898,74.378 C525.979,74.244 524.393,73.757 523.338,73.347 C521.94,72.803 520.942,72.155 519.894,71.106 C518.846,70.057 518.197,69.06 517.654,67.663 C517.244,66.606 516.755,65.022 516.623,62.101 C516.479,58.943 516.448,57.996 516.448,50 C516.448,42.003 516.479,41.056 516.623,37.899 C516.755,34.978 517.244,33.391 517.654,32.338 C518.197,30.938 518.846,29.942 519.894,28.894 C520.942,27.846 521.94,27.196 523.338,26.654 C524.393,26.244 525.979,25.756 528.898,25.623 C532.057,25.479 533.004,25.448 541,25.448 C548.997,25.448 549.943,25.479 553.102,25.623 C556.021,25.756 557.607,26.244 558.662,26.654 C560.06,27.196 561.058,27.846 562.106,28.894 C563.154,29.942 563.803,30.938 564.346,32.338 C564.756,33.391 565.244,34.978 565.378,37.899 C565.522,41.056 565.552,42.003 565.552,50 C565.552,57.996 565.522,58.943 565.378,62.101 M570.82,37.631 C570.674,34.438 570.167,32.258 569.425,30.349 C568.659,28.377 567.633,26.702 565.965,25.035 C564.297,23.368 562.623,22.342 560.652,21.575 C558.743,20.834 556.562,20.326 553.369,20.18 C550.169,20.033 549.148,20 541,20 C532.853,20 531.831,20.033 528.631,20.18 C525.438,20.326 523.257,20.834 521.349,21.575 C519.376,22.342 517.703,23.368 516.035,25.035 C514.368,26.702 513.342,28.377 512.574,30.349 C511.834,32.258 511.326,34.438 511.181,37.631 C511.035,40.831 511,41.851 511,50 C511,58.147 511.035,59.17 511.181,62.369 C511.326,65.562 511.834,67.743 512.574,69.651 C513.342,71.625 514.368,73.296 516.035,74.965 C517.703,76.634 519.376,77.658 521.349,78.425 C523.257,79.167 525.438,79.673 528.631,79.82 C531.831,79.965 532.853,80.001 541,80.001 C549.148,80.001 550.169,79.965 553.369,79.82 C556.562,79.673 558.743,79.167 560.652,78.425 C562.623,77.658 564.297,76.634 565.965,74.965 C567.633,73.296 568.659,71.625 569.425,69.651 C570.167,67.743 570.674,65.562 570.82,62.369 C570.966,59.17 571,58.147 571,50 C571,41.851 570.966,40.831 570.82,37.631\"><\/path><\/g><\/g><\/g><\/svg><\/div>\n<div style=\"padding-top: 8px;\">\n<div style=\" color:#3897f0; font-family:Arial,sans-serif; font-size:14px; font-style:normal; font-weight:550; line-height:18px;\"> Sieh dir diesen Beitrag auf Instagram an<\/div>\n<\/div>\n<div style=\"padding: 12.5% 0;\"><\/div>\n<div style=\"display: flex; flex-direction: row; margin-bottom: 14px; align-items: center;\">\n<div>\n<div style=\"background-color: #F4F4F4; border-radius: 50%; height: 12.5px; width: 12.5px; transform: translateX(0px) translateY(7px);\"><\/div>\n<div style=\"background-color: #F4F4F4; height: 12.5px; transform: rotate(-45deg) translateX(3px) translateY(1px); width: 12.5px; flex-grow: 0; margin-right: 14px; margin-left: 2px;\"><\/div>\n<div style=\"background-color: #F4F4F4; border-radius: 50%; height: 12.5px; width: 12.5px; transform: translateX(9px) translateY(-18px);\"><\/div>\n<\/div>\n<div style=\"margin-left: 8px;\">\n<div style=\" background-color: #F4F4F4; border-radius: 50%; flex-grow: 0; height: 20px; width: 20px;\"><\/div>\n<div style=\" width: 0; height: 0; border-top: 2px solid transparent; border-left: 6px solid #f4f4f4; border-bottom: 2px solid transparent; transform: translateX(16px) translateY(-4px) rotate(30deg)\"><\/div>\n<\/div>\n<div style=\"margin-left: auto;\">\n<div style=\" width: 0px; border-top: 8px solid #F4F4F4; border-right: 8px solid transparent; transform: translateY(16px);\"><\/div>\n<div style=\" background-color: #F4F4F4; flex-grow: 0; height: 12px; width: 16px; transform: translateY(-4px);\"><\/div>\n<div style=\" width: 0; height: 0; border-top: 8px solid #F4F4F4; border-left: 8px solid transparent; transform: translateY(-4px) translateX(8px);\"><\/div>\n<\/div>\n<\/div>\n<div style=\"display: flex; flex-direction: column; flex-grow: 1; justify-content: center; margin-bottom: 24px;\">\n<div style=\" background-color: #F4F4F4; border-radius: 4px; flex-grow: 0; height: 14px; margin-bottom: 6px; width: 224px;\"><\/div>\n<div style=\" background-color: #F4F4F4; border-radius: 4px; flex-grow: 0; height: 14px; width: 144px;\"><\/div>\n<\/div>\n<p><\/a><\/p>\n<p style=\" color:#c9c8cd; font-family:Arial,sans-serif; font-size:14px; line-height:17px; margin-bottom:0; margin-top:8px; overflow:hidden; padding:8px 0 7px; text-align:center; text-overflow:ellipsis; white-space:nowrap;\"><a href=\"https:\/\/www.instagram.com\/p\/CIDeDV7gL3Q\/?utm_source=ig_embed&amp;utm_campaign=loading\" style=\" color:#c9c8cd; font-family:Arial,sans-serif; font-size:14px; font-style:normal; font-weight:normal; line-height:17px; text-decoration:none;\" target=\"_blank\" rel=\"noopener noreferrer\">Ein Beitrag geteilt von The Best Social Media &#8211; DE (@thebestsocialmediade)<\/a><\/p>\n<\/div>\n<\/blockquote>\n\n<script async defer src=\"\/instagram-embed.js\"><\/script>","protected":false},"excerpt":{"rendered":"<p>Seit 2001 l\u00e4uft Richter Alexander Hold im TV. Auf YouTube feiert das Format einen zweiten Popularit\u00e4ts-Schub. Das Publikum ist begeistert, die Schauspielerleistung ist zwar meistens&#8230;<\/p>\n","protected":false},"author":65,"featured_media":137493,"comment_status":"open","ping_status":"open","sticky":false,"template":"","format":"standard","meta":{"_acf_changed":false,"footnotes":""},"categories":[1717,419],"tags":[4492,1340,3243],"class_list":["post-137469","post","type-post","status-publish","format-standard","has-post-thumbnail","hentry","category-community","category-youtube","tag-alexander-hold","tag-kommentare","tag-richter"],"acf":[],"yoast_head":"<!-- This site is optimized with the Yoast SEO plugin v27.5 - https:\/\/yoast.com\/product\/yoast-seo-wordpress\/ -->\n<title>Alexander Hold wird auf YouTube gefeiert - The Best Social Media DE<\/title>\n<meta name=\"description\" content=\"Seit 2001 l\u00e4uft Richter Alexander Hold im TV. Auf YouTube feiert das Format einen zweiten Popularit\u00e4ts-Schub. Das Publikum ist begeistert.\" \/>\n<meta name=\"robots\" content=\"index, follow, max-snippet:-1, max-image-preview:large, max-video-preview:-1\" \/>\n<link rel=\"canonical\" href=\"https:\/\/www.thebestsocial.media\/de\/richter-alexander-hold-wird-auf-youtube-abgefeiert-und-die-kommentare-sind-gold\/\" \/>\n<meta property=\"og:locale\" content=\"de_DE\" \/>\n<meta property=\"og:type\" content=\"article\" \/>\n<meta property=\"og:title\" content=\"Richter Alexander Hold wird auf YouTube gefeiert - und die Kommentare sind Gold\" \/>\n<meta property=\"og:description\" content=\"Seit 2001 l\u00e4uft Richter Alexander Hold im TV. Auf YouTube feiert das Format einen zweiten Popularit\u00e4ts-Schub. Das Publikum ist begeistert.\" \/>\n<meta property=\"og:url\" content=\"https:\/\/www.thebestsocial.media\/de\/richter-alexander-hold-wird-auf-youtube-abgefeiert-und-die-kommentare-sind-gold\/\" \/>\n<meta property=\"og:site_name\" content=\"The Best Social Media DE\" \/>\n<meta property=\"article:published_time\" content=\"2020-11-27T20:47:45+00:00\" \/>\n<meta property=\"og:image\" content=\"https:\/\/www.thebestsocial.media\/de\/wp-content\/uploads\/sites\/3\/2020\/11\/Richter-HOld-FB.png\" \/>\n\t<meta property=\"og:image:width\" content=\"1200\" \/>\n\t<meta property=\"og:image:height\" content=\"628\" \/>\n\t<meta property=\"og:image:type\" content=\"image\/png\" \/>\n<meta name=\"author\" content=\"Jan\" \/>\n<meta name=\"twitter:card\" content=\"summary_large_image\" \/>\n<meta name=\"twitter:label1\" content=\"Verfasst von\" \/>\n\t<meta name=\"twitter:data1\" content=\"Jan\" \/>\n\t<meta name=\"twitter:label2\" content=\"Gesch\u00e4tzte Lesezeit\" \/>\n\t<meta name=\"twitter:data2\" content=\"1\u00a0Minute\" \/>\n<script type=\"application\/ld+json\" class=\"yoast-schema-graph\">{\"@context\":\"https:\\\/\\\/schema.org\",\"@graph\":[{\"@type\":\"Article\",\"@id\":\"https:\\\/\\\/www.thebestsocial.media\\\/de\\\/richter-alexander-hold-wird-auf-youtube-abgefeiert-und-die-kommentare-sind-gold\\\/#article\",\"isPartOf\":{\"@id\":\"https:\\\/\\\/www.thebestsocial.media\\\/de\\\/richter-alexander-hold-wird-auf-youtube-abgefeiert-und-die-kommentare-sind-gold\\\/\"},\"author\":{\"name\":\"Jan\",\"@id\":\"https:\\\/\\\/www.thebestsocial.media\\\/de\\\/#\\\/schema\\\/person\\\/03b8d8d2905b97b499c8e0808b724821\"},\"headline\":\"Richter Alexander Hold wird auf YouTube abgefeiert &#8211; und die Kommentare sind Gold\",\"datePublished\":\"2020-11-27T20:47:45+00:00\",\"mainEntityOfPage\":{\"@id\":\"https:\\\/\\\/www.thebestsocial.media\\\/de\\\/richter-alexander-hold-wird-auf-youtube-abgefeiert-und-die-kommentare-sind-gold\\\/\"},\"wordCount\":229,\"commentCount\":0,\"image\":{\"@id\":\"https:\\\/\\\/www.thebestsocial.media\\\/de\\\/richter-alexander-hold-wird-auf-youtube-abgefeiert-und-die-kommentare-sind-gold\\\/#primaryimage\"},\"thumbnailUrl\":\"https:\\\/\\\/www.thebestsocial.media\\\/de\\\/wp-content\\\/uploads\\\/sites\\\/3\\\/2020\\\/11\\\/Richter-art.png\",\"keywords\":[\"Alexander Hold\",\"Kommentare\",\"Richter\"],\"articleSection\":[\"Community\",\"Youtube\"],\"inLanguage\":\"de\",\"potentialAction\":[{\"@type\":\"CommentAction\",\"name\":\"Comment\",\"target\":[\"https:\\\/\\\/www.thebestsocial.media\\\/de\\\/richter-alexander-hold-wird-auf-youtube-abgefeiert-und-die-kommentare-sind-gold\\\/#respond\"]}]},{\"@type\":\"WebPage\",\"@id\":\"https:\\\/\\\/www.thebestsocial.media\\\/de\\\/richter-alexander-hold-wird-auf-youtube-abgefeiert-und-die-kommentare-sind-gold\\\/\",\"url\":\"https:\\\/\\\/www.thebestsocial.media\\\/de\\\/richter-alexander-hold-wird-auf-youtube-abgefeiert-und-die-kommentare-sind-gold\\\/\",\"name\":\"Alexander Hold wird auf YouTube gefeiert - The Best Social Media DE\",\"isPartOf\":{\"@id\":\"https:\\\/\\\/www.thebestsocial.media\\\/de\\\/#website\"},\"primaryImageOfPage\":{\"@id\":\"https:\\\/\\\/www.thebestsocial.media\\\/de\\\/richter-alexander-hold-wird-auf-youtube-abgefeiert-und-die-kommentare-sind-gold\\\/#primaryimage\"},\"image\":{\"@id\":\"https:\\\/\\\/www.thebestsocial.media\\\/de\\\/richter-alexander-hold-wird-auf-youtube-abgefeiert-und-die-kommentare-sind-gold\\\/#primaryimage\"},\"thumbnailUrl\":\"https:\\\/\\\/www.thebestsocial.media\\\/de\\\/wp-content\\\/uploads\\\/sites\\\/3\\\/2020\\\/11\\\/Richter-art.png\",\"datePublished\":\"2020-11-27T20:47:45+00:00\",\"author\":{\"@id\":\"https:\\\/\\\/www.thebestsocial.media\\\/de\\\/#\\\/schema\\\/person\\\/03b8d8d2905b97b499c8e0808b724821\"},\"description\":\"Seit 2001 l\u00e4uft Richter Alexander Hold im TV. Auf YouTube feiert das Format einen zweiten Popularit\u00e4ts-Schub. Das Publikum ist begeistert.\",\"breadcrumb\":{\"@id\":\"https:\\\/\\\/www.thebestsocial.media\\\/de\\\/richter-alexander-hold-wird-auf-youtube-abgefeiert-und-die-kommentare-sind-gold\\\/#breadcrumb\"},\"inLanguage\":\"de\",\"potentialAction\":[{\"@type\":\"ReadAction\",\"target\":[\"https:\\\/\\\/www.thebestsocial.media\\\/de\\\/richter-alexander-hold-wird-auf-youtube-abgefeiert-und-die-kommentare-sind-gold\\\/\"]}]},{\"@type\":\"ImageObject\",\"inLanguage\":\"de\",\"@id\":\"https:\\\/\\\/www.thebestsocial.media\\\/de\\\/richter-alexander-hold-wird-auf-youtube-abgefeiert-und-die-kommentare-sind-gold\\\/#primaryimage\",\"url\":\"https:\\\/\\\/www.thebestsocial.media\\\/de\\\/wp-content\\\/uploads\\\/sites\\\/3\\\/2020\\\/11\\\/Richter-art.png\",\"contentUrl\":\"https:\\\/\\\/www.thebestsocial.media\\\/de\\\/wp-content\\\/uploads\\\/sites\\\/3\\\/2020\\\/11\\\/Richter-art.png\",\"width\":1200,\"height\":628},{\"@type\":\"BreadcrumbList\",\"@id\":\"https:\\\/\\\/www.thebestsocial.media\\\/de\\\/richter-alexander-hold-wird-auf-youtube-abgefeiert-und-die-kommentare-sind-gold\\\/#breadcrumb\",\"itemListElement\":[{\"@type\":\"ListItem\",\"position\":1,\"name\":\"Home\",\"item\":\"https:\\\/\\\/www.thebestsocial.media\\\/de\\\/\"},{\"@type\":\"ListItem\",\"position\":2,\"name\":\"Richter Alexander Hold wird auf YouTube abgefeiert &#8211; und die Kommentare sind Gold\"}]},{\"@type\":\"WebSite\",\"@id\":\"https:\\\/\\\/www.thebestsocial.media\\\/de\\\/#website\",\"url\":\"https:\\\/\\\/www.thebestsocial.media\\\/de\\\/\",\"name\":\"The Best Social Media DE\",\"description\":\"\",\"potentialAction\":[{\"@type\":\"SearchAction\",\"target\":{\"@type\":\"EntryPoint\",\"urlTemplate\":\"https:\\\/\\\/www.thebestsocial.media\\\/de\\\/?s={search_term_string}\"},\"query-input\":{\"@type\":\"PropertyValueSpecification\",\"valueRequired\":true,\"valueName\":\"search_term_string\"}}],\"inLanguage\":\"de\"},{\"@type\":\"Person\",\"@id\":\"https:\\\/\\\/www.thebestsocial.media\\\/de\\\/#\\\/schema\\\/person\\\/03b8d8d2905b97b499c8e0808b724821\",\"name\":\"Jan\",\"image\":{\"@type\":\"ImageObject\",\"inLanguage\":\"de\",\"@id\":\"https:\\\/\\\/secure.gravatar.com\\\/avatar\\\/6977c5e4d81f2a717dcf76e5e74d7a00b583f3f83a2b00830dedfc799d928343?s=96&d=mm&r=g\",\"url\":\"https:\\\/\\\/secure.gravatar.com\\\/avatar\\\/6977c5e4d81f2a717dcf76e5e74d7a00b583f3f83a2b00830dedfc799d928343?s=96&d=mm&r=g\",\"contentUrl\":\"https:\\\/\\\/secure.gravatar.com\\\/avatar\\\/6977c5e4d81f2a717dcf76e5e74d7a00b583f3f83a2b00830dedfc799d928343?s=96&d=mm&r=g\",\"caption\":\"Jan\"},\"description\":\"Wohnt in M\u00fcnchen, hat aber bis heute keine Ahnung, wie er dort gelandet ist. W\u00fcnscht sich manchmal eine dritte Stimme im Kopf, die ihn davon abh\u00e4lt, auszusprechen, was er gerade denkt. Mag Sport und jeden Kartoffelchip einzeln zu essen. Hasst es, sich auf neue Duschen einstellen zu m\u00fcssen. In einer Beziehung mit Social Media \u2013 aber es ist kompliziert.\",\"url\":\"https:\\\/\\\/www.thebestsocial.media\\\/de\\\/author\\\/janhorstkoetter\\\/\"}]}<\/script>\n<!-- \/ Yoast SEO plugin. -->","yoast_head_json":{"title":"Alexander Hold wird auf YouTube gefeiert - The Best Social Media DE","description":"Seit 2001 l\u00e4uft Richter Alexander Hold im TV. Auf YouTube feiert das Format einen zweiten Popularit\u00e4ts-Schub. Das Publikum ist begeistert.","robots":{"index":"index","follow":"follow","max-snippet":"max-snippet:-1","max-image-preview":"max-image-preview:large","max-video-preview":"max-video-preview:-1"},"canonical":"https:\/\/www.thebestsocial.media\/de\/richter-alexander-hold-wird-auf-youtube-abgefeiert-und-die-kommentare-sind-gold\/","og_locale":"de_DE","og_type":"article","og_title":"Richter Alexander Hold wird auf YouTube gefeiert - und die Kommentare sind Gold","og_description":"Seit 2001 l\u00e4uft Richter Alexander Hold im TV. Auf YouTube feiert das Format einen zweiten Popularit\u00e4ts-Schub. Das Publikum ist begeistert.","og_url":"https:\/\/www.thebestsocial.media\/de\/richter-alexander-hold-wird-auf-youtube-abgefeiert-und-die-kommentare-sind-gold\/","og_site_name":"The Best Social Media DE","article_published_time":"2020-11-27T20:47:45+00:00","og_image":[{"width":1200,"height":628,"url":"https:\/\/www.thebestsocial.media\/de\/wp-content\/uploads\/sites\/3\/2020\/11\/Richter-HOld-FB.png","type":"image\/png"}],"author":"Jan","twitter_card":"summary_large_image","twitter_misc":{"Verfasst von":"Jan","Gesch\u00e4tzte Lesezeit":"1\u00a0Minute"},"schema":{"@context":"https:\/\/schema.org","@graph":[{"@type":"Article","@id":"https:\/\/www.thebestsocial.media\/de\/richter-alexander-hold-wird-auf-youtube-abgefeiert-und-die-kommentare-sind-gold\/#article","isPartOf":{"@id":"https:\/\/www.thebestsocial.media\/de\/richter-alexander-hold-wird-auf-youtube-abgefeiert-und-die-kommentare-sind-gold\/"},"author":{"name":"Jan","@id":"https:\/\/www.thebestsocial.media\/de\/#\/schema\/person\/03b8d8d2905b97b499c8e0808b724821"},"headline":"Richter Alexander Hold wird auf YouTube abgefeiert &#8211; und die Kommentare sind Gold","datePublished":"2020-11-27T20:47:45+00:00","mainEntityOfPage":{"@id":"https:\/\/www.thebestsocial.media\/de\/richter-alexander-hold-wird-auf-youtube-abgefeiert-und-die-kommentare-sind-gold\/"},"wordCount":229,"commentCount":0,"image":{"@id":"https:\/\/www.thebestsocial.media\/de\/richter-alexander-hold-wird-auf-youtube-abgefeiert-und-die-kommentare-sind-gold\/#primaryimage"},"thumbnailUrl":"https:\/\/www.thebestsocial.media\/de\/wp-content\/uploads\/sites\/3\/2020\/11\/Richter-art.png","keywords":["Alexander Hold","Kommentare","Richter"],"articleSection":["Community","Youtube"],"inLanguage":"de","potentialAction":[{"@type":"CommentAction","name":"Comment","target":["https:\/\/www.thebestsocial.media\/de\/richter-alexander-hold-wird-auf-youtube-abgefeiert-und-die-kommentare-sind-gold\/#respond"]}]},{"@type":"WebPage","@id":"https:\/\/www.thebestsocial.media\/de\/richter-alexander-hold-wird-auf-youtube-abgefeiert-und-die-kommentare-sind-gold\/","url":"https:\/\/www.thebestsocial.media\/de\/richter-alexander-hold-wird-auf-youtube-abgefeiert-und-die-kommentare-sind-gold\/","name":"Alexander Hold wird auf YouTube gefeiert - The Best Social Media DE","isPartOf":{"@id":"https:\/\/www.thebestsocial.media\/de\/#website"},"primaryImageOfPage":{"@id":"https:\/\/www.thebestsocial.media\/de\/richter-alexander-hold-wird-auf-youtube-abgefeiert-und-die-kommentare-sind-gold\/#primaryimage"},"image":{"@id":"https:\/\/www.thebestsocial.media\/de\/richter-alexander-hold-wird-auf-youtube-abgefeiert-und-die-kommentare-sind-gold\/#primaryimage"},"thumbnailUrl":"https:\/\/www.thebestsocial.media\/de\/wp-content\/uploads\/sites\/3\/2020\/11\/Richter-art.png","datePublished":"2020-11-27T20:47:45+00:00","author":{"@id":"https:\/\/www.thebestsocial.media\/de\/#\/schema\/person\/03b8d8d2905b97b499c8e0808b724821"},"description":"Seit 2001 l\u00e4uft Richter Alexander Hold im TV. Auf YouTube feiert das Format einen zweiten Popularit\u00e4ts-Schub. Das Publikum ist begeistert.","breadcrumb":{"@id":"https:\/\/www.thebestsocial.media\/de\/richter-alexander-hold-wird-auf-youtube-abgefeiert-und-die-kommentare-sind-gold\/#breadcrumb"},"inLanguage":"de","potentialAction":[{"@type":"ReadAction","target":["https:\/\/www.thebestsocial.media\/de\/richter-alexander-hold-wird-auf-youtube-abgefeiert-und-die-kommentare-sind-gold\/"]}]},{"@type":"ImageObject","inLanguage":"de","@id":"https:\/\/www.thebestsocial.media\/de\/richter-alexander-hold-wird-auf-youtube-abgefeiert-und-die-kommentare-sind-gold\/#primaryimage","url":"https:\/\/www.thebestsocial.media\/de\/wp-content\/uploads\/sites\/3\/2020\/11\/Richter-art.png","contentUrl":"https:\/\/www.thebestsocial.media\/de\/wp-content\/uploads\/sites\/3\/2020\/11\/Richter-art.png","width":1200,"height":628},{"@type":"BreadcrumbList","@id":"https:\/\/www.thebestsocial.media\/de\/richter-alexander-hold-wird-auf-youtube-abgefeiert-und-die-kommentare-sind-gold\/#breadcrumb","itemListElement":[{"@type":"ListItem","position":1,"name":"Home","item":"https:\/\/www.thebestsocial.media\/de\/"},{"@type":"ListItem","position":2,"name":"Richter Alexander Hold wird auf YouTube abgefeiert &#8211; und die Kommentare sind Gold"}]},{"@type":"WebSite","@id":"https:\/\/www.thebestsocial.media\/de\/#website","url":"https:\/\/www.thebestsocial.media\/de\/","name":"The Best Social Media DE","description":"","potentialAction":[{"@type":"SearchAction","target":{"@type":"EntryPoint","urlTemplate":"https:\/\/www.thebestsocial.media\/de\/?s={search_term_string}"},"query-input":{"@type":"PropertyValueSpecification","valueRequired":true,"valueName":"search_term_string"}}],"inLanguage":"de"},{"@type":"Person","@id":"https:\/\/www.thebestsocial.media\/de\/#\/schema\/person\/03b8d8d2905b97b499c8e0808b724821","name":"Jan","image":{"@type":"ImageObject","inLanguage":"de","@id":"https:\/\/secure.gravatar.com\/avatar\/6977c5e4d81f2a717dcf76e5e74d7a00b583f3f83a2b00830dedfc799d928343?s=96&d=mm&r=g","url":"https:\/\/secure.gravatar.com\/avatar\/6977c5e4d81f2a717dcf76e5e74d7a00b583f3f83a2b00830dedfc799d928343?s=96&d=mm&r=g","contentUrl":"https:\/\/secure.gravatar.com\/avatar\/6977c5e4d81f2a717dcf76e5e74d7a00b583f3f83a2b00830dedfc799d928343?s=96&d=mm&r=g","caption":"Jan"},"description":"Wohnt in M\u00fcnchen, hat aber bis heute keine Ahnung, wie er dort gelandet ist. W\u00fcnscht sich manchmal eine dritte Stimme im Kopf, die ihn davon abh\u00e4lt, auszusprechen, was er gerade denkt. Mag Sport und jeden Kartoffelchip einzeln zu essen. Hasst es, sich auf neue Duschen einstellen zu m\u00fcssen. In einer Beziehung mit Social Media \u2013 aber es ist kompliziert.","url":"https:\/\/www.thebestsocial.media\/de\/author\/janhorstkoetter\/"}]}},"amp_enabled":true,"_links":{"self":[{"href":"https:\/\/www.thebestsocial.media\/de\/wp-json\/wp\/v2\/posts\/137469","targetHints":{"allow":["GET"]}}],"collection":[{"href":"https:\/\/www.thebestsocial.media\/de\/wp-json\/wp\/v2\/posts"}],"about":[{"href":"https:\/\/www.thebestsocial.media\/de\/wp-json\/wp\/v2\/types\/post"}],"author":[{"embeddable":true,"href":"https:\/\/www.thebestsocial.media\/de\/wp-json\/wp\/v2\/users\/65"}],"replies":[{"embeddable":true,"href":"https:\/\/www.thebestsocial.media\/de\/wp-json\/wp\/v2\/comments?post=137469"}],"version-history":[{"count":4,"href":"https:\/\/www.thebestsocial.media\/de\/wp-json\/wp\/v2\/posts\/137469\/revisions"}],"predecessor-version":[{"id":137495,"href":"https:\/\/www.thebestsocial.media\/de\/wp-json\/wp\/v2\/posts\/137469\/revisions\/137495"}],"wp:featuredmedia":[{"embeddable":true,"href":"https:\/\/www.thebestsocial.media\/de\/wp-json\/wp\/v2\/media\/137493"}],"wp:attachment":[{"href":"https:\/\/www.thebestsocial.media\/de\/wp-json\/wp\/v2\/media?parent=137469"}],"wp:term":[{"taxonomy":"category","embeddable":true,"href":"https:\/\/www.thebestsocial.media\/de\/wp-json\/wp\/v2\/categories?post=137469"},{"taxonomy":"post_tag","embeddable":true,"href":"https:\/\/www.thebestsocial.media\/de\/wp-json\/wp\/v2\/tags?post=137469"}],"curies":[{"name":"wp","href":"https:\/\/api.w.org\/{rel}","templated":true}]}}