{"id":137222,"date":"2020-11-25T13:31:11","date_gmt":"2020-11-25T13:31:11","guid":{"rendered":"https:\/\/www.thebestsocial.media\/de\/?p=137222"},"modified":"2020-12-04T09:26:44","modified_gmt":"2020-12-04T09:26:44","slug":"9-ominoese-dinge-die-uns-wirklich-mal-zum-nachdenken-bringen-sollten","status":"publish","type":"post","link":"https:\/\/www.thebestsocial.media\/de\/9-ominoese-dinge-die-uns-wirklich-mal-zum-nachdenken-bringen-sollten\/","title":{"rendered":"9 omin\u00f6se Dinge, die uns wirklich mal zum Nachdenken bringen sollten"},"content":{"rendered":"<p>Verschw\u00f6rungstheorien- der wahrscheinlich beschissenste Trend 2020. Und das in dem Jahr, in dem pl\u00f6tzlich Leute dachten Bucket Hats w\u00e4ren eine gute Idee (sorry not sorry). 2020 &#8211; the gift that keeps on giving. Die wachsende Zahl an Absolventen der YouTube-Universit\u00e4t und promovierten Twitter-Virologen inspiriert die einen zum Download von Telegram, die anderen zum Kotzen im Strahl. Dazwischen gibt es wenig. Doch man soll ja nicht vorschnell urteilen und Dinge ablehnen, die man nicht wenigstens mal probiert hat. Und w\u00e4hrend Bucket Hats zwar durchaus das \u00e4sthetische Wohlbefinden beeintr\u00e4chtigen k\u00f6nnen, bergen Verschw\u00f6rungstheorien ernsthafte Gefahren f\u00fcr die Gesellschaft. Wir haben daher f\u00fcr euch hier ein paar garantiert harmlose Denkanst\u00f6\u00dfe rausgesucht. Und \u00fcberhaupt, man wird ja wohl noch Fragen stellen d\u00fcrfen!!1!!!11!!!!!?<br \/>\nAlso schnell die Bucket Hats, gerne auch aus Alufolie, aufgesetzt und frohes Schwurbeln!<\/p>\n<p>&nbsp;<\/p>\n<p><strong>Tankstellenbesitzer hassen diesen Trick<\/strong><\/p>\n<div class=\"dbsm-oembed\">\n<blockquote class=\"twitter-tweet\" data-width=\"500\" data-dnt=\"true\">\n<p lang=\"de\" dir=\"ltr\">Bin kein Fan von Verschw\u00f6rungstheorien, aber ich hab noch nie ein Taxi tanken gesehn.<\/p>\n<p>&mdash; Popupanna (@popupanna) <a href=\"https:\/\/twitter.com\/popupanna\/status\/1328028111456309251?ref_src=twsrc%5Etfw\">November 15, 2020<\/a><\/p><\/blockquote>\n<p><script async src=\"https:\/\/platform.twitter.com\/widgets.js\" charset=\"utf-8\"><\/script><\/div>\n<p>&nbsp;<\/p>\n<p><strong>Leute aus der Gro\u00dfstadt kennen Tauben in allen denkbaren Forme und Zust\u00e4nden, aber als BABYS?!<\/strong><\/p>\n<blockquote class=\"twitter-tweet\" data-conversation=\"none\">\n<p dir=\"ltr\" lang=\"de\">Und ich habe noch nie Babytauben gesehen!<\/p>\n<p>\u2014 Marc Schwitzky (@junger_herr_) <a href=\"https:\/\/twitter.com\/junger_herr_\/status\/1328069981234409472?ref_src=twsrc%5Etfw\">November 15, 2020<\/a><\/p><\/blockquote>\n<p><script async src=\"https:\/\/platform.twitter.com\/widgets.js\" charset=\"utf-8\"><\/script><\/p>\n<p>&nbsp;<\/p>\n<p><strong>Moment mal, das ist gar kein supertolles once-in-a-lifetime Angebot?!<\/strong><\/p>\n<blockquote class=\"twitter-tweet\" data-conversation=\"none\">\n<p lang=\"de\" dir=\"ltr\">Genau! <br \/>Und ist es nicht auch irgendwie h\u00f6chst seltsam, dass Matrazenl\u00e4den eigentlich nur in Eckh\u00e4user ans\u00e4ssig sind und sowieso IMMER R\u00e4umungsverkauf haben?? \ud83e\udd14<\/p>\n<p>&mdash; Christian (@Chr_schan) <a href=\"https:\/\/twitter.com\/Chr_schan\/status\/1328048375019802624?ref_src=twsrc%5Etfw\">November 15, 2020<\/a><\/p><\/blockquote>\n<p> <script async src=\"https:\/\/platform.twitter.com\/widgets.js\" charset=\"utf-8\"><\/script> <\/p>\n<p>&nbsp;<\/p>\n<p><strong>Quellenangabe schon mal sehr \u00fcberzeugend&#8230;<\/strong><\/p>\n<blockquote class=\"twitter-tweet\" data-conversation=\"none\">\n<p lang=\"de\" dir=\"ltr\">Ein Bekannter von dem Freund der Tochter einer Kollegin hat mir die Wahrheit erz\u00e4hlt: Wie die Tauben auf den Hochspannungsleitungen werden die Taxis automatisch aufgeladen, wenn sie neben einer Laterne parken. Deswegen sind die tags\u00fcber aus, weil kein Strom f\u00fcr das Licht da ist.<\/p>\n<p>&mdash; Aidualc with mask (@Claudia__Reiter) <a href=\"https:\/\/twitter.com\/Claudia__Reiter\/status\/1328033757237022725?ref_src=twsrc%5Etfw\">November 15, 2020<\/a><\/p><\/blockquote>\n<p> <script async src=\"https:\/\/platform.twitter.com\/widgets.js\" charset=\"utf-8\"><\/script> <\/p>\n<p>&nbsp;<\/p>\n<p><strong>Hat die beiden schon mal jemand gleichzeitig im selben Raum gesehen??<\/strong><\/p>\n<div class=\"dbsm-oembed\">\n<blockquote class=\"twitter-tweet\" data-width=\"500\" data-dnt=\"true\">\n<p lang=\"de\" dir=\"ltr\">Bin kein Freund von Verschw\u00f6rungstheorien, aber der ehemalige Chef von Wirecard sieht aus wie der B\u00f6sewicht aus Robocop. <a href=\"https:\/\/t.co\/CLiezFxJ3z\">pic.twitter.com\/CLiezFxJ3z<\/a><\/p>\n<p>&mdash; Nicht Chevy Chase (@DrWaumiau) <a href=\"https:\/\/twitter.com\/DrWaumiau\/status\/1329672239239852032?ref_src=twsrc%5Etfw\">November 20, 2020<\/a><\/p><\/blockquote>\n<p><script async src=\"https:\/\/platform.twitter.com\/widgets.js\" charset=\"utf-8\"><\/script><\/div>\n<p>&nbsp;<\/p>\n<p><strong>Plottwist des Jahrtausends!<\/strong><\/p>\n<blockquote class=\"twitter-tweet\" data-conversation=\"none\">\n<p lang=\"de\" dir=\"ltr\">Wenn man &quot;Markus S\u00f6der&quot; umstellt, wenige Buchstaben austauscht und viele wegl\u00e4sst, kommt &quot;Banksy&quot; dabei heraus.<\/p>\n<p>Zufall?<\/p>\n<p>Ich denke nicht.<\/p>\n<p>&mdash; Kaffeemaschine (@ProfDrKaffee) <a href=\"https:\/\/twitter.com\/ProfDrKaffee\/status\/1256215898433761281?ref_src=twsrc%5Etfw\">May 1, 2020<\/a><\/p><\/blockquote>\n<p> <script async src=\"https:\/\/platform.twitter.com\/widgets.js\" charset=\"utf-8\"><\/script> <\/p>\n<p><strong>Die Frage ist ja immer cui bono??<\/strong><\/p>\n<div class=\"dbsm-oembed\">\n<blockquote class=\"twitter-tweet\" data-width=\"500\" data-dnt=\"true\">\n<p lang=\"de\" dir=\"ltr\">Das Wort &quot;Ferien&quot; kann man zusammensetzen aus &quot;futtern&quot; und &quot;Serien&quot;.<br \/>Zufall? Ich glaube nicht!<\/p>\n<p>&mdash; Shiny (@Shiny1jux) <a href=\"https:\/\/twitter.com\/Shiny1jux\/status\/945191111034834944?ref_src=twsrc%5Etfw\">December 25, 2017<\/a><\/p><\/blockquote>\n<p><script async src=\"https:\/\/platform.twitter.com\/widgets.js\" charset=\"utf-8\"><\/script><\/div>\n<p>&nbsp;<\/p>\n<p><strong>Beweist halt mal das Gegenteil!<\/strong><\/p>\n<div class=\"dbsm-oembed\">\n<blockquote class=\"twitter-tweet\" data-width=\"500\" data-dnt=\"true\">\n<p lang=\"de\" dir=\"ltr\">Es kann auch Zufall sein, aber ist euch mal aufgefallen, dass die beschissenen Tage immer mit Verlassen des Bettes beginnen?<\/p>\n<p>&mdash; Nicht Chevy Chase (@DrWaumiau) <a href=\"https:\/\/twitter.com\/DrWaumiau\/status\/928865619902128128?ref_src=twsrc%5Etfw\">November 10, 2017<\/a><\/p><\/blockquote>\n<p><script async src=\"https:\/\/platform.twitter.com\/widgets.js\" charset=\"utf-8\"><\/script><\/div>\n<p>&nbsp;<\/p>\n<p><strong>Einfach mal dr\u00fcber nachdenken!<\/strong><\/p>\n<div class=\"dbsm-oembed\">\n<blockquote class=\"twitter-tweet\" data-width=\"500\" data-dnt=\"true\">\n<p lang=\"de\" dir=\"ltr\">Ein Anagramm von \u201aATILLA HILDMANN\u2018 ist \u201aHALT DEI SCHNAUZ\u2018. Zufall?<\/p>\n<p>&mdash; Giulia Becker (@hashcrap) <a href=\"https:\/\/twitter.com\/hashcrap\/status\/1257648951005675520?ref_src=twsrc%5Etfw\">May 5, 2020<\/a><\/p><\/blockquote>\n<p><script async src=\"https:\/\/platform.twitter.com\/widgets.js\" charset=\"utf-8\"><\/script><\/div>\n<p>&nbsp;<br \/>\n<strong>Moment mal &#8211; was?!<\/strong><\/p>\n<div class=\"dbsm-oembed\">\n<blockquote class=\"twitter-tweet\" data-width=\"500\" data-dnt=\"true\">\n<p lang=\"de\" dir=\"ltr\">nach zwei Monaten in der Telegram-Gruppe habe ich langsam den Eindruck der Michael Wendler ist gar kein Virologe?!<\/p>\n<p>&mdash; Jan Skudlarek (@janskudlarek) <a href=\"https:\/\/twitter.com\/janskudlarek\/status\/1334567334216949775?ref_src=twsrc%5Etfw\">December 3, 2020<\/a><\/p><\/blockquote>\n<p><script async src=\"https:\/\/platform.twitter.com\/widgets.js\" charset=\"utf-8\"><\/script><\/div>\n<p>&nbsp;<\/p>\n<p><strong>So, und jetzt ist auch wieder gut!<\/strong><\/p>\n","protected":false},"excerpt":{"rendered":"<p>Verschw\u00f6rungstheorien- der wahrscheinlich beschissenste Trend 2020. Und das in dem Jahr, in dem pl\u00f6tzlich Leute dachten Bucket Hats w\u00e4ren eine gute Idee (sorry not sorry)&#8230;.<\/p>\n","protected":false},"author":73,"featured_media":137230,"comment_status":"open","ping_status":"open","sticky":false,"template":"","format":"standard","meta":{"_acf_changed":false,"footnotes":""},"categories":[106,35],"tags":[551],"class_list":["post-137222","post","type-post","status-publish","format-standard","has-post-thumbnail","hentry","category-best-of","category-twitter","tag-verschwoerungstheorien"],"acf":[],"yoast_head":"<!-- This site is optimized with the Yoast SEO plugin v27.5 - https:\/\/yoast.com\/product\/yoast-seo-wordpress\/ -->\n<title>9 omin\u00f6se Dinge, die uns wirklich mal zum Nachdenken bringen sollten - The Best Social Media DE<\/title>\n<meta name=\"robots\" content=\"index, follow, max-snippet:-1, max-image-preview:large, max-video-preview:-1\" \/>\n<link rel=\"canonical\" href=\"https:\/\/www.thebestsocial.media\/de\/9-ominoese-dinge-die-uns-wirklich-mal-zum-nachdenken-bringen-sollten\/\" \/>\n<meta property=\"og:locale\" content=\"de_DE\" \/>\n<meta property=\"og:type\" content=\"article\" \/>\n<meta property=\"og:title\" content=\"9 omin\u00f6se Dinge, die uns wirklich mal zum Nachdenken bringen sollten\" \/>\n<meta property=\"og:description\" content=\"Verschw\u00f6rungstheorien- der wahrscheinlich beschissenste Trend 2020. Und das in dem Jahr, in dem pl\u00f6tzlich Leute dachten Bucket Hats w\u00e4ren eine gute Idee (sorry not sorry)....\" \/>\n<meta property=\"og:url\" content=\"https:\/\/www.thebestsocial.media\/de\/9-ominoese-dinge-die-uns-wirklich-mal-zum-nachdenken-bringen-sollten\/\" \/>\n<meta property=\"og:site_name\" content=\"The Best Social Media DE\" \/>\n<meta property=\"article:published_time\" content=\"2020-11-25T13:31:11+00:00\" \/>\n<meta property=\"article:modified_time\" content=\"2020-12-04T09:26:44+00:00\" \/>\n<meta property=\"og:image\" content=\"https:\/\/www.thebestsocial.media\/de\/wp-content\/uploads\/sites\/3\/2020\/11\/taxifbheader.png\" \/>\n\t<meta property=\"og:image:width\" content=\"1200\" \/>\n\t<meta property=\"og:image:height\" content=\"628\" \/>\n\t<meta property=\"og:image:type\" content=\"image\/png\" \/>\n<meta name=\"author\" content=\"Helene Mei\u00dfner\" \/>\n<meta name=\"twitter:card\" content=\"summary_large_image\" \/>\n<meta name=\"twitter:label1\" content=\"Verfasst von\" \/>\n\t<meta name=\"twitter:data1\" content=\"Helene Mei\u00dfner\" \/>\n\t<meta name=\"twitter:label2\" content=\"Gesch\u00e4tzte Lesezeit\" \/>\n\t<meta name=\"twitter:data2\" content=\"2\u00a0Minuten\" \/>\n<script type=\"application\/ld+json\" class=\"yoast-schema-graph\">{\"@context\":\"https:\\\/\\\/schema.org\",\"@graph\":[{\"@type\":\"Article\",\"@id\":\"https:\\\/\\\/www.thebestsocial.media\\\/de\\\/9-ominoese-dinge-die-uns-wirklich-mal-zum-nachdenken-bringen-sollten\\\/#article\",\"isPartOf\":{\"@id\":\"https:\\\/\\\/www.thebestsocial.media\\\/de\\\/9-ominoese-dinge-die-uns-wirklich-mal-zum-nachdenken-bringen-sollten\\\/\"},\"author\":{\"name\":\"Helene Mei\u00dfner\",\"@id\":\"https:\\\/\\\/www.thebestsocial.media\\\/de\\\/#\\\/schema\\\/person\\\/6267acc046505b90b912687a039220df\"},\"headline\":\"9 omin\u00f6se Dinge, die uns wirklich mal zum Nachdenken bringen sollten\",\"datePublished\":\"2020-11-25T13:31:11+00:00\",\"dateModified\":\"2020-12-04T09:26:44+00:00\",\"mainEntityOfPage\":{\"@id\":\"https:\\\/\\\/www.thebestsocial.media\\\/de\\\/9-ominoese-dinge-die-uns-wirklich-mal-zum-nachdenken-bringen-sollten\\\/\"},\"wordCount\":400,\"commentCount\":0,\"image\":{\"@id\":\"https:\\\/\\\/www.thebestsocial.media\\\/de\\\/9-ominoese-dinge-die-uns-wirklich-mal-zum-nachdenken-bringen-sollten\\\/#primaryimage\"},\"thumbnailUrl\":\"https:\\\/\\\/www.thebestsocial.media\\\/de\\\/wp-content\\\/uploads\\\/sites\\\/3\\\/2020\\\/11\\\/taxiwpheader.png\",\"keywords\":[\"Verschw\u00f6rungstheorien\"],\"articleSection\":[\"Best of\",\"Twitter\"],\"inLanguage\":\"de\",\"potentialAction\":[{\"@type\":\"CommentAction\",\"name\":\"Comment\",\"target\":[\"https:\\\/\\\/www.thebestsocial.media\\\/de\\\/9-ominoese-dinge-die-uns-wirklich-mal-zum-nachdenken-bringen-sollten\\\/#respond\"]}]},{\"@type\":\"WebPage\",\"@id\":\"https:\\\/\\\/www.thebestsocial.media\\\/de\\\/9-ominoese-dinge-die-uns-wirklich-mal-zum-nachdenken-bringen-sollten\\\/\",\"url\":\"https:\\\/\\\/www.thebestsocial.media\\\/de\\\/9-ominoese-dinge-die-uns-wirklich-mal-zum-nachdenken-bringen-sollten\\\/\",\"name\":\"9 omin\u00f6se Dinge, die uns wirklich mal zum Nachdenken bringen sollten - The Best Social Media DE\",\"isPartOf\":{\"@id\":\"https:\\\/\\\/www.thebestsocial.media\\\/de\\\/#website\"},\"primaryImageOfPage\":{\"@id\":\"https:\\\/\\\/www.thebestsocial.media\\\/de\\\/9-ominoese-dinge-die-uns-wirklich-mal-zum-nachdenken-bringen-sollten\\\/#primaryimage\"},\"image\":{\"@id\":\"https:\\\/\\\/www.thebestsocial.media\\\/de\\\/9-ominoese-dinge-die-uns-wirklich-mal-zum-nachdenken-bringen-sollten\\\/#primaryimage\"},\"thumbnailUrl\":\"https:\\\/\\\/www.thebestsocial.media\\\/de\\\/wp-content\\\/uploads\\\/sites\\\/3\\\/2020\\\/11\\\/taxiwpheader.png\",\"datePublished\":\"2020-11-25T13:31:11+00:00\",\"dateModified\":\"2020-12-04T09:26:44+00:00\",\"author\":{\"@id\":\"https:\\\/\\\/www.thebestsocial.media\\\/de\\\/#\\\/schema\\\/person\\\/6267acc046505b90b912687a039220df\"},\"breadcrumb\":{\"@id\":\"https:\\\/\\\/www.thebestsocial.media\\\/de\\\/9-ominoese-dinge-die-uns-wirklich-mal-zum-nachdenken-bringen-sollten\\\/#breadcrumb\"},\"inLanguage\":\"de\",\"potentialAction\":[{\"@type\":\"ReadAction\",\"target\":[\"https:\\\/\\\/www.thebestsocial.media\\\/de\\\/9-ominoese-dinge-die-uns-wirklich-mal-zum-nachdenken-bringen-sollten\\\/\"]}]},{\"@type\":\"ImageObject\",\"inLanguage\":\"de\",\"@id\":\"https:\\\/\\\/www.thebestsocial.media\\\/de\\\/9-ominoese-dinge-die-uns-wirklich-mal-zum-nachdenken-bringen-sollten\\\/#primaryimage\",\"url\":\"https:\\\/\\\/www.thebestsocial.media\\\/de\\\/wp-content\\\/uploads\\\/sites\\\/3\\\/2020\\\/11\\\/taxiwpheader.png\",\"contentUrl\":\"https:\\\/\\\/www.thebestsocial.media\\\/de\\\/wp-content\\\/uploads\\\/sites\\\/3\\\/2020\\\/11\\\/taxiwpheader.png\",\"width\":1200,\"height\":628},{\"@type\":\"BreadcrumbList\",\"@id\":\"https:\\\/\\\/www.thebestsocial.media\\\/de\\\/9-ominoese-dinge-die-uns-wirklich-mal-zum-nachdenken-bringen-sollten\\\/#breadcrumb\",\"itemListElement\":[{\"@type\":\"ListItem\",\"position\":1,\"name\":\"Home\",\"item\":\"https:\\\/\\\/www.thebestsocial.media\\\/de\\\/\"},{\"@type\":\"ListItem\",\"position\":2,\"name\":\"9 omin\u00f6se Dinge, die uns wirklich mal zum Nachdenken bringen sollten\"}]},{\"@type\":\"WebSite\",\"@id\":\"https:\\\/\\\/www.thebestsocial.media\\\/de\\\/#website\",\"url\":\"https:\\\/\\\/www.thebestsocial.media\\\/de\\\/\",\"name\":\"The Best Social Media DE\",\"description\":\"\",\"potentialAction\":[{\"@type\":\"SearchAction\",\"target\":{\"@type\":\"EntryPoint\",\"urlTemplate\":\"https:\\\/\\\/www.thebestsocial.media\\\/de\\\/?s={search_term_string}\"},\"query-input\":{\"@type\":\"PropertyValueSpecification\",\"valueRequired\":true,\"valueName\":\"search_term_string\"}}],\"inLanguage\":\"de\"},{\"@type\":\"Person\",\"@id\":\"https:\\\/\\\/www.thebestsocial.media\\\/de\\\/#\\\/schema\\\/person\\\/6267acc046505b90b912687a039220df\",\"name\":\"Helene Mei\u00dfner\",\"image\":{\"@type\":\"ImageObject\",\"inLanguage\":\"de\",\"@id\":\"https:\\\/\\\/secure.gravatar.com\\\/avatar\\\/6639fc0397860ac2c2e11b018c1f14be4a46c2378a91ac1b35730b724675daa8?s=96&d=mm&r=g\",\"url\":\"https:\\\/\\\/secure.gravatar.com\\\/avatar\\\/6639fc0397860ac2c2e11b018c1f14be4a46c2378a91ac1b35730b724675daa8?s=96&d=mm&r=g\",\"contentUrl\":\"https:\\\/\\\/secure.gravatar.com\\\/avatar\\\/6639fc0397860ac2c2e11b018c1f14be4a46c2378a91ac1b35730b724675daa8?s=96&d=mm&r=g\",\"caption\":\"Helene Mei\u00dfner\"},\"description\":\"Kommt aus Berlin und hat dementsprechend nat\u00fcrlich irgendwas mit Medien studiert. Verlegt oft Dinge, w\u00e4hrend sie sie in der Hand h\u00e4lt. Findet Kauger\u00e4usche unausstehlich. Hat eine Schw\u00e4che f\u00fcr Glitzer und immer mindestens 50 Tabs offen.\",\"sameAs\":[\"https:\\\/\\\/www.instagram.com\\\/he.leni\\\/\"],\"url\":\"https:\\\/\\\/www.thebestsocial.media\\\/de\\\/author\\\/helenemeissner\\\/\"}]}<\/script>\n<!-- \/ Yoast SEO plugin. -->","yoast_head_json":{"title":"9 omin\u00f6se Dinge, die uns wirklich mal zum Nachdenken bringen sollten - The Best Social Media DE","robots":{"index":"index","follow":"follow","max-snippet":"max-snippet:-1","max-image-preview":"max-image-preview:large","max-video-preview":"max-video-preview:-1"},"canonical":"https:\/\/www.thebestsocial.media\/de\/9-ominoese-dinge-die-uns-wirklich-mal-zum-nachdenken-bringen-sollten\/","og_locale":"de_DE","og_type":"article","og_title":"9 omin\u00f6se Dinge, die uns wirklich mal zum Nachdenken bringen sollten","og_description":"Verschw\u00f6rungstheorien- der wahrscheinlich beschissenste Trend 2020. Und das in dem Jahr, in dem pl\u00f6tzlich Leute dachten Bucket Hats w\u00e4ren eine gute Idee (sorry not sorry)....","og_url":"https:\/\/www.thebestsocial.media\/de\/9-ominoese-dinge-die-uns-wirklich-mal-zum-nachdenken-bringen-sollten\/","og_site_name":"The Best Social Media DE","article_published_time":"2020-11-25T13:31:11+00:00","article_modified_time":"2020-12-04T09:26:44+00:00","og_image":[{"width":1200,"height":628,"url":"https:\/\/www.thebestsocial.media\/de\/wp-content\/uploads\/sites\/3\/2020\/11\/taxifbheader.png","type":"image\/png"}],"author":"Helene Mei\u00dfner","twitter_card":"summary_large_image","twitter_misc":{"Verfasst von":"Helene Mei\u00dfner","Gesch\u00e4tzte Lesezeit":"2\u00a0Minuten"},"schema":{"@context":"https:\/\/schema.org","@graph":[{"@type":"Article","@id":"https:\/\/www.thebestsocial.media\/de\/9-ominoese-dinge-die-uns-wirklich-mal-zum-nachdenken-bringen-sollten\/#article","isPartOf":{"@id":"https:\/\/www.thebestsocial.media\/de\/9-ominoese-dinge-die-uns-wirklich-mal-zum-nachdenken-bringen-sollten\/"},"author":{"name":"Helene Mei\u00dfner","@id":"https:\/\/www.thebestsocial.media\/de\/#\/schema\/person\/6267acc046505b90b912687a039220df"},"headline":"9 omin\u00f6se Dinge, die uns wirklich mal zum Nachdenken bringen sollten","datePublished":"2020-11-25T13:31:11+00:00","dateModified":"2020-12-04T09:26:44+00:00","mainEntityOfPage":{"@id":"https:\/\/www.thebestsocial.media\/de\/9-ominoese-dinge-die-uns-wirklich-mal-zum-nachdenken-bringen-sollten\/"},"wordCount":400,"commentCount":0,"image":{"@id":"https:\/\/www.thebestsocial.media\/de\/9-ominoese-dinge-die-uns-wirklich-mal-zum-nachdenken-bringen-sollten\/#primaryimage"},"thumbnailUrl":"https:\/\/www.thebestsocial.media\/de\/wp-content\/uploads\/sites\/3\/2020\/11\/taxiwpheader.png","keywords":["Verschw\u00f6rungstheorien"],"articleSection":["Best of","Twitter"],"inLanguage":"de","potentialAction":[{"@type":"CommentAction","name":"Comment","target":["https:\/\/www.thebestsocial.media\/de\/9-ominoese-dinge-die-uns-wirklich-mal-zum-nachdenken-bringen-sollten\/#respond"]}]},{"@type":"WebPage","@id":"https:\/\/www.thebestsocial.media\/de\/9-ominoese-dinge-die-uns-wirklich-mal-zum-nachdenken-bringen-sollten\/","url":"https:\/\/www.thebestsocial.media\/de\/9-ominoese-dinge-die-uns-wirklich-mal-zum-nachdenken-bringen-sollten\/","name":"9 omin\u00f6se Dinge, die uns wirklich mal zum Nachdenken bringen sollten - The Best Social Media DE","isPartOf":{"@id":"https:\/\/www.thebestsocial.media\/de\/#website"},"primaryImageOfPage":{"@id":"https:\/\/www.thebestsocial.media\/de\/9-ominoese-dinge-die-uns-wirklich-mal-zum-nachdenken-bringen-sollten\/#primaryimage"},"image":{"@id":"https:\/\/www.thebestsocial.media\/de\/9-ominoese-dinge-die-uns-wirklich-mal-zum-nachdenken-bringen-sollten\/#primaryimage"},"thumbnailUrl":"https:\/\/www.thebestsocial.media\/de\/wp-content\/uploads\/sites\/3\/2020\/11\/taxiwpheader.png","datePublished":"2020-11-25T13:31:11+00:00","dateModified":"2020-12-04T09:26:44+00:00","author":{"@id":"https:\/\/www.thebestsocial.media\/de\/#\/schema\/person\/6267acc046505b90b912687a039220df"},"breadcrumb":{"@id":"https:\/\/www.thebestsocial.media\/de\/9-ominoese-dinge-die-uns-wirklich-mal-zum-nachdenken-bringen-sollten\/#breadcrumb"},"inLanguage":"de","potentialAction":[{"@type":"ReadAction","target":["https:\/\/www.thebestsocial.media\/de\/9-ominoese-dinge-die-uns-wirklich-mal-zum-nachdenken-bringen-sollten\/"]}]},{"@type":"ImageObject","inLanguage":"de","@id":"https:\/\/www.thebestsocial.media\/de\/9-ominoese-dinge-die-uns-wirklich-mal-zum-nachdenken-bringen-sollten\/#primaryimage","url":"https:\/\/www.thebestsocial.media\/de\/wp-content\/uploads\/sites\/3\/2020\/11\/taxiwpheader.png","contentUrl":"https:\/\/www.thebestsocial.media\/de\/wp-content\/uploads\/sites\/3\/2020\/11\/taxiwpheader.png","width":1200,"height":628},{"@type":"BreadcrumbList","@id":"https:\/\/www.thebestsocial.media\/de\/9-ominoese-dinge-die-uns-wirklich-mal-zum-nachdenken-bringen-sollten\/#breadcrumb","itemListElement":[{"@type":"ListItem","position":1,"name":"Home","item":"https:\/\/www.thebestsocial.media\/de\/"},{"@type":"ListItem","position":2,"name":"9 omin\u00f6se Dinge, die uns wirklich mal zum Nachdenken bringen sollten"}]},{"@type":"WebSite","@id":"https:\/\/www.thebestsocial.media\/de\/#website","url":"https:\/\/www.thebestsocial.media\/de\/","name":"The Best Social Media DE","description":"","potentialAction":[{"@type":"SearchAction","target":{"@type":"EntryPoint","urlTemplate":"https:\/\/www.thebestsocial.media\/de\/?s={search_term_string}"},"query-input":{"@type":"PropertyValueSpecification","valueRequired":true,"valueName":"search_term_string"}}],"inLanguage":"de"},{"@type":"Person","@id":"https:\/\/www.thebestsocial.media\/de\/#\/schema\/person\/6267acc046505b90b912687a039220df","name":"Helene Mei\u00dfner","image":{"@type":"ImageObject","inLanguage":"de","@id":"https:\/\/secure.gravatar.com\/avatar\/6639fc0397860ac2c2e11b018c1f14be4a46c2378a91ac1b35730b724675daa8?s=96&d=mm&r=g","url":"https:\/\/secure.gravatar.com\/avatar\/6639fc0397860ac2c2e11b018c1f14be4a46c2378a91ac1b35730b724675daa8?s=96&d=mm&r=g","contentUrl":"https:\/\/secure.gravatar.com\/avatar\/6639fc0397860ac2c2e11b018c1f14be4a46c2378a91ac1b35730b724675daa8?s=96&d=mm&r=g","caption":"Helene Mei\u00dfner"},"description":"Kommt aus Berlin und hat dementsprechend nat\u00fcrlich irgendwas mit Medien studiert. Verlegt oft Dinge, w\u00e4hrend sie sie in der Hand h\u00e4lt. Findet Kauger\u00e4usche unausstehlich. Hat eine Schw\u00e4che f\u00fcr Glitzer und immer mindestens 50 Tabs offen.","sameAs":["https:\/\/www.instagram.com\/he.leni\/"],"url":"https:\/\/www.thebestsocial.media\/de\/author\/helenemeissner\/"}]}},"amp_enabled":true,"_links":{"self":[{"href":"https:\/\/www.thebestsocial.media\/de\/wp-json\/wp\/v2\/posts\/137222","targetHints":{"allow":["GET"]}}],"collection":[{"href":"https:\/\/www.thebestsocial.media\/de\/wp-json\/wp\/v2\/posts"}],"about":[{"href":"https:\/\/www.thebestsocial.media\/de\/wp-json\/wp\/v2\/types\/post"}],"author":[{"embeddable":true,"href":"https:\/\/www.thebestsocial.media\/de\/wp-json\/wp\/v2\/users\/73"}],"replies":[{"embeddable":true,"href":"https:\/\/www.thebestsocial.media\/de\/wp-json\/wp\/v2\/comments?post=137222"}],"version-history":[{"count":17,"href":"https:\/\/www.thebestsocial.media\/de\/wp-json\/wp\/v2\/posts\/137222\/revisions"}],"predecessor-version":[{"id":137866,"href":"https:\/\/www.thebestsocial.media\/de\/wp-json\/wp\/v2\/posts\/137222\/revisions\/137866"}],"wp:featuredmedia":[{"embeddable":true,"href":"https:\/\/www.thebestsocial.media\/de\/wp-json\/wp\/v2\/media\/137230"}],"wp:attachment":[{"href":"https:\/\/www.thebestsocial.media\/de\/wp-json\/wp\/v2\/media?parent=137222"}],"wp:term":[{"taxonomy":"category","embeddable":true,"href":"https:\/\/www.thebestsocial.media\/de\/wp-json\/wp\/v2\/categories?post=137222"},{"taxonomy":"post_tag","embeddable":true,"href":"https:\/\/www.thebestsocial.media\/de\/wp-json\/wp\/v2\/tags?post=137222"}],"curies":[{"name":"wp","href":"https:\/\/api.w.org\/{rel}","templated":true}]}}