{"id":137201,"date":"2020-11-25T10:39:20","date_gmt":"2020-11-25T10:39:20","guid":{"rendered":"https:\/\/www.thebestsocial.media\/de\/?p=137201"},"modified":"2020-11-25T10:39:20","modified_gmt":"2020-11-25T10:39:20","slug":"jugendsuenden-user-teilen-kinderfotos-auf-denen-sie-sich-echt-cool-gefuehlt-haben","status":"publish","type":"post","link":"https:\/\/www.thebestsocial.media\/de\/jugendsuenden-user-teilen-kinderfotos-auf-denen-sie-sich-echt-cool-gefuehlt-haben\/","title":{"rendered":"Jugends\u00fcnden: User teilen Kinderfotos, auf denen sie sich echt cool gef\u00fchlt haben"},"content":{"rendered":"<p>Alte Fotoalben durchbl\u00e4ttern und in Nostalgie schwelgen, sich an die sch\u00f6nen Momente zur\u00fcckerinnern und ein wenig dar\u00fcber schmunzeln, wie man damals aussah. Okay, mittlerweile scrollt man daf\u00fcr wohl eher durch die Galerie-App auf dem Smartphone. Aber egal wie, solch kleine Trips in die Vergangenheit werden nicht nur von Damen und Herren im fortgeschrittenen Alter unternommen, sondern mittlerweile auch von einer deutlich j\u00fcngeren Generation auf TikTok. Die Userin <a href=\"https:\/\/www.tiktok.com\/@mally_a\" target=\"_blank\" rel=\"noopener noreferrer\">@mally_a<\/a> hat ein paar Videos gepostet, in denen sie Kinderfotos von sich zeigt, auf denen ihr fr\u00fcheres Ich besonders cool wirken wollte, was aber nur bedingt geklappt habt und nun im Nachhinein f\u00fcr Belustigung sorgt. Damit hat @mally_a nun einen kleinen Trend ausgel\u00f6st.<\/p>\n<p><strong>1. Ihr erstes Video dieser Art holte 3,6 Millionen Views: &#8222;Mein 5-j\u00e4hriges Ich glaubt, es sei die Hauptdarstellerin ihres Schwimmunterrichts.&#8220;<\/strong><\/p>\n<p><video src=\"https:\/\/www.thebestsocial.media\/de\/wp-content\/uploads\/tiktok\/6892895678444408070.mp4\" controls width=\"623\" height=\"1108\" style=\"border:0; height:90vh; width:50.625000vh;\"><\/video><\/p>\n<p><strong>2. Den Clip: &#8222;Mein nicht mehr 6-j\u00e4hriges Ich h\u00e4lt sich f\u00fcr die Hauptdarstellerin auf der Bowlingbahn&#8220;, sahen sogar weit \u00fcber 5 Millionen User.<\/strong><\/p>\n<p><video src=\"https:\/\/www.thebestsocial.media\/de\/wp-content\/uploads\/tiktok\/6894810279796821253.mp4\" controls width=\"623\" height=\"1108\" style=\"border:0; height:90vh; width:50.625000vh;\"><\/video><\/p>\n<p><strong>3. Dasselbe gilt f\u00fcr den Clip mit ihrem 6-j\u00e4hrigen ich bei einem professionellen Fotoshoot.<\/strong><\/p>\n<p><video src=\"https:\/\/www.thebestsocial.media\/de\/wp-content\/uploads\/tiktok\/6895170786059898117.mp4\" controls width=\"623\" height=\"1108\" style=\"border:0; height:90vh; width:50.625000vh;\"><\/video><\/p>\n<p><strong>4. Daraufhin zeigten auch andere, dass sie \u00fcber ihre Jugends\u00fcnden lachen k\u00f6nnen. &#8222;Zog mich &#8218;erwachsen&#8216; an, um die hei\u00dfen Freunde meines Bruders zu beeindrucken.&#8220;<\/strong><\/p>\n<p><video src=\"https:\/\/www.thebestsocial.media\/de\/wp-content\/uploads\/tiktok\/6891870034508008705.mp4\" controls width=\"623\" height=\"1108\" style=\"border:0; height:90vh; width:50.625000vh;\"><\/video><\/p>\n<p><video src=\"https:\/\/www.thebestsocial.media\/de\/wp-content\/uploads\/tiktok\/6891870034508008705.mp4\" controls width=\"623\" height=\"1108\" style=\"border:0; height:90vh; width:50.625000vh;\"><\/video><\/p>\n<p><strong>5. &#8222;Beim Schlittenfahren mit meiner Familie dachte ich, alle w\u00fcrden mich anschauen, weil ich so cool aussah.&#8220;<\/strong><\/p>\n<p><video src=\"https:\/\/www.thebestsocial.media\/de\/wp-content\/uploads\/tiktok\/6891111959866002693.mp4\" controls width=\"623\" height=\"1108\" style=\"border:0; height:90vh; width:50.625000vh;\"><\/video><\/p>\n<p><strong>6. &#8222;Ich auf der Abschlussfeier meiner Schwester. Dachte, alle Jung w\u00fcrden auf mich stehen.&#8220;<\/strong><\/p>\n<p><video src=\"https:\/\/www.thebestsocial.media\/de\/wp-content\/uploads\/tiktok\/6893654098361535749.mp4\" controls width=\"623\" height=\"1108\" style=\"border:0; height:90vh; width:50.625000vh;\"><\/video><\/p>\n<p><strong>7. &#8222;Mein 8-j\u00e4hriges Ich macht ein Fotoshoot im Garten und glaubt, es wird so von einer Modelagentur entdeckt.&#8220;<\/strong><\/p>\n<p><video src=\"https:\/\/www.thebestsocial.media\/de\/wp-content\/uploads\/tiktok\/6892187772132592897.mp4\" controls width=\"623\" height=\"1108\" style=\"border:0; height:90vh; width:50.625000vh;\"><\/video><\/p>\n<p><strong>8. &#8222;Mein 9-j\u00e4hriges Ich glaubt, es sei was besonderes, weil es Pumps am Pool tr\u00e4gt.&#8220;<\/strong><\/p>\n<p><video src=\"https:\/\/www.thebestsocial.media\/de\/wp-content\/uploads\/tiktok\/6894601014310112513.mp4\" controls width=\"623\" height=\"1108\" style=\"border:0; height:90vh; width:50.625000vh;\"><\/video><\/p>\n<p><strong>9. &#8222;Im Ibiza-Urlaub 2010 dachte, alle w\u00fcrden mich anstarren, weil ich so cool aussah.<\/strong><\/p>\n<p><video src=\"https:\/\/www.thebestsocial.media\/de\/wp-content\/uploads\/tiktok\/6891754522931137793.mp4\" controls width=\"623\" height=\"1108\" style=\"border:0; height:90vh; width:50.625000vh;\"><\/video><\/p>\n<p><strong>10. &#8222;Ich ging mit einer frischen, coolen Frisur auf die neue Highschool und dachte, die Jungs w\u00fcrden dem neuen M\u00e4dchen Komplimente machen.<\/strong><\/p>\n<p><video src=\"https:\/\/www.thebestsocial.media\/de\/wp-content\/uploads\/tiktok\/6893146730418982146.mp4\" controls width=\"623\" height=\"1108\" style=\"border:0; height:90vh; width:50.625000vh;\"><\/video><\/p>\n<p><strong>11. &#8222;Mit 6 Jahren wollte ich mich nicht von meiner Mutter anziehen lassen, weil ich es besser wusste.&#8220;<\/strong><\/p>\n<p><video src=\"https:\/\/www.thebestsocial.media\/de\/wp-content\/uploads\/tiktok\/6892720088227515650.mp4\" controls width=\"623\" height=\"1108\" style=\"border:0; height:90vh; width:50.625000vh;\"><\/video><\/p>\n<p><strong>12. &#8222;Mein 12-j\u00e4rhiges Ich wundert sich, warum die Jung nicht mit mir ausgehen wollen.&#8220;<\/strong><\/p>\n<p><video src=\"https:\/\/www.thebestsocial.media\/de\/wp-content\/uploads\/tiktok\/6894317165105794306.mp4\" controls width=\"623\" height=\"1108\" style=\"border:0; height:90vh; width:50.625000vh;\"><\/video><\/p>\n<p>&nbsp;<\/p>\n<p>&#8212;<br \/>\nVielen Dank an alle f\u00fcr die Posts.<br \/>\n&#8212;<\/p>\n","protected":false},"excerpt":{"rendered":"<p>Alte Fotoalben durchbl\u00e4ttern und in Nostalgie schwelgen, sich an die sch\u00f6nen Momente zur\u00fcckerinnern und ein wenig dar\u00fcber schmunzeln, wie man damals aussah. Okay, mittlerweile scrollt&#8230;<\/p>\n","protected":false},"author":72,"featured_media":137202,"comment_status":"open","ping_status":"open","sticky":false,"template":"","format":"standard","meta":{"_acf_changed":false,"footnotes":""},"categories":[3641],"tags":[4474,4475,892],"class_list":["post-137201","post","type-post","status-publish","format-standard","has-post-thumbnail","hentry","category-tiktok","tag-jugendsuenden","tag-kinderfotos","tag-nostalgie"],"acf":[],"yoast_head":"<!-- This site is optimized with the Yoast SEO plugin v27.5 - https:\/\/yoast.com\/product\/yoast-seo-wordpress\/ -->\n<title>Jugends\u00fcnden: User teilen Kinderfotos, auf denen sie sich echt cool gef\u00fchlt haben - The Best Social Media DE<\/title>\n<meta name=\"robots\" content=\"index, follow, max-snippet:-1, max-image-preview:large, max-video-preview:-1\" \/>\n<link rel=\"canonical\" href=\"https:\/\/www.thebestsocial.media\/de\/jugendsuenden-user-teilen-kinderfotos-auf-denen-sie-sich-echt-cool-gefuehlt-haben\/\" \/>\n<meta property=\"og:locale\" content=\"de_DE\" \/>\n<meta property=\"og:type\" content=\"article\" \/>\n<meta property=\"og:title\" content=\"Jugends\u00fcnden: User teilen Kinderfotos, auf denen sie sich echt cool gef\u00fchlt haben\" \/>\n<meta property=\"og:description\" content=\"Alte Fotoalben durchbl\u00e4ttern und in Nostalgie schwelgen, sich an die sch\u00f6nen Momente zur\u00fcckerinnern und ein wenig dar\u00fcber schmunzeln, wie man damals aussah. Okay, mittlerweile scrollt...\" \/>\n<meta property=\"og:url\" content=\"https:\/\/www.thebestsocial.media\/de\/jugendsuenden-user-teilen-kinderfotos-auf-denen-sie-sich-echt-cool-gefuehlt-haben\/\" \/>\n<meta property=\"og:site_name\" content=\"The Best Social Media DE\" \/>\n<meta property=\"article:published_time\" content=\"2020-11-25T10:39:20+00:00\" \/>\n<meta property=\"og:image\" content=\"https:\/\/www.thebestsocial.media\/de\/wp-content\/uploads\/sites\/3\/2020\/11\/fotos_fb.png\" \/>\n\t<meta property=\"og:image:width\" content=\"1200\" \/>\n\t<meta property=\"og:image:height\" content=\"628\" \/>\n\t<meta property=\"og:image:type\" content=\"image\/png\" \/>\n<meta name=\"author\" content=\"Benny\" \/>\n<meta name=\"twitter:card\" content=\"summary_large_image\" \/>\n<meta name=\"twitter:label1\" content=\"Verfasst von\" \/>\n\t<meta name=\"twitter:data1\" content=\"Benny\" \/>\n\t<meta name=\"twitter:label2\" content=\"Gesch\u00e4tzte Lesezeit\" \/>\n\t<meta name=\"twitter:data2\" content=\"3\u00a0Minuten\" \/>\n<script type=\"application\/ld+json\" class=\"yoast-schema-graph\">{\"@context\":\"https:\\\/\\\/schema.org\",\"@graph\":[{\"@type\":\"Article\",\"@id\":\"https:\\\/\\\/www.thebestsocial.media\\\/de\\\/jugendsuenden-user-teilen-kinderfotos-auf-denen-sie-sich-echt-cool-gefuehlt-haben\\\/#article\",\"isPartOf\":{\"@id\":\"https:\\\/\\\/www.thebestsocial.media\\\/de\\\/jugendsuenden-user-teilen-kinderfotos-auf-denen-sie-sich-echt-cool-gefuehlt-haben\\\/\"},\"author\":{\"name\":\"Benny\",\"@id\":\"https:\\\/\\\/www.thebestsocial.media\\\/de\\\/#\\\/schema\\\/person\\\/212fdd48880db42a484e589e4e27871b\"},\"headline\":\"Jugends\u00fcnden: User teilen Kinderfotos, auf denen sie sich echt cool gef\u00fchlt haben\",\"datePublished\":\"2020-11-25T10:39:20+00:00\",\"mainEntityOfPage\":{\"@id\":\"https:\\\/\\\/www.thebestsocial.media\\\/de\\\/jugendsuenden-user-teilen-kinderfotos-auf-denen-sie-sich-echt-cool-gefuehlt-haben\\\/\"},\"wordCount\":633,\"commentCount\":0,\"image\":{\"@id\":\"https:\\\/\\\/www.thebestsocial.media\\\/de\\\/jugendsuenden-user-teilen-kinderfotos-auf-denen-sie-sich-echt-cool-gefuehlt-haben\\\/#primaryimage\"},\"thumbnailUrl\":\"https:\\\/\\\/www.thebestsocial.media\\\/de\\\/wp-content\\\/uploads\\\/sites\\\/3\\\/2020\\\/11\\\/fotos_thumb.png\",\"keywords\":[\"Jugends\u00fcnden\",\"Kinderfotos\",\"nostalgie\"],\"articleSection\":[\"TikTok\"],\"inLanguage\":\"de\",\"potentialAction\":[{\"@type\":\"CommentAction\",\"name\":\"Comment\",\"target\":[\"https:\\\/\\\/www.thebestsocial.media\\\/de\\\/jugendsuenden-user-teilen-kinderfotos-auf-denen-sie-sich-echt-cool-gefuehlt-haben\\\/#respond\"]}]},{\"@type\":\"WebPage\",\"@id\":\"https:\\\/\\\/www.thebestsocial.media\\\/de\\\/jugendsuenden-user-teilen-kinderfotos-auf-denen-sie-sich-echt-cool-gefuehlt-haben\\\/\",\"url\":\"https:\\\/\\\/www.thebestsocial.media\\\/de\\\/jugendsuenden-user-teilen-kinderfotos-auf-denen-sie-sich-echt-cool-gefuehlt-haben\\\/\",\"name\":\"Jugends\u00fcnden: User teilen Kinderfotos, auf denen sie sich echt cool gef\u00fchlt haben - The Best Social Media DE\",\"isPartOf\":{\"@id\":\"https:\\\/\\\/www.thebestsocial.media\\\/de\\\/#website\"},\"primaryImageOfPage\":{\"@id\":\"https:\\\/\\\/www.thebestsocial.media\\\/de\\\/jugendsuenden-user-teilen-kinderfotos-auf-denen-sie-sich-echt-cool-gefuehlt-haben\\\/#primaryimage\"},\"image\":{\"@id\":\"https:\\\/\\\/www.thebestsocial.media\\\/de\\\/jugendsuenden-user-teilen-kinderfotos-auf-denen-sie-sich-echt-cool-gefuehlt-haben\\\/#primaryimage\"},\"thumbnailUrl\":\"https:\\\/\\\/www.thebestsocial.media\\\/de\\\/wp-content\\\/uploads\\\/sites\\\/3\\\/2020\\\/11\\\/fotos_thumb.png\",\"datePublished\":\"2020-11-25T10:39:20+00:00\",\"author\":{\"@id\":\"https:\\\/\\\/www.thebestsocial.media\\\/de\\\/#\\\/schema\\\/person\\\/212fdd48880db42a484e589e4e27871b\"},\"breadcrumb\":{\"@id\":\"https:\\\/\\\/www.thebestsocial.media\\\/de\\\/jugendsuenden-user-teilen-kinderfotos-auf-denen-sie-sich-echt-cool-gefuehlt-haben\\\/#breadcrumb\"},\"inLanguage\":\"de\",\"potentialAction\":[{\"@type\":\"ReadAction\",\"target\":[\"https:\\\/\\\/www.thebestsocial.media\\\/de\\\/jugendsuenden-user-teilen-kinderfotos-auf-denen-sie-sich-echt-cool-gefuehlt-haben\\\/\"]}]},{\"@type\":\"ImageObject\",\"inLanguage\":\"de\",\"@id\":\"https:\\\/\\\/www.thebestsocial.media\\\/de\\\/jugendsuenden-user-teilen-kinderfotos-auf-denen-sie-sich-echt-cool-gefuehlt-haben\\\/#primaryimage\",\"url\":\"https:\\\/\\\/www.thebestsocial.media\\\/de\\\/wp-content\\\/uploads\\\/sites\\\/3\\\/2020\\\/11\\\/fotos_thumb.png\",\"contentUrl\":\"https:\\\/\\\/www.thebestsocial.media\\\/de\\\/wp-content\\\/uploads\\\/sites\\\/3\\\/2020\\\/11\\\/fotos_thumb.png\",\"width\":1200,\"height\":628},{\"@type\":\"BreadcrumbList\",\"@id\":\"https:\\\/\\\/www.thebestsocial.media\\\/de\\\/jugendsuenden-user-teilen-kinderfotos-auf-denen-sie-sich-echt-cool-gefuehlt-haben\\\/#breadcrumb\",\"itemListElement\":[{\"@type\":\"ListItem\",\"position\":1,\"name\":\"Home\",\"item\":\"https:\\\/\\\/www.thebestsocial.media\\\/de\\\/\"},{\"@type\":\"ListItem\",\"position\":2,\"name\":\"Jugends\u00fcnden: User teilen Kinderfotos, auf denen sie sich echt cool gef\u00fchlt haben\"}]},{\"@type\":\"WebSite\",\"@id\":\"https:\\\/\\\/www.thebestsocial.media\\\/de\\\/#website\",\"url\":\"https:\\\/\\\/www.thebestsocial.media\\\/de\\\/\",\"name\":\"The Best Social Media DE\",\"description\":\"\",\"potentialAction\":[{\"@type\":\"SearchAction\",\"target\":{\"@type\":\"EntryPoint\",\"urlTemplate\":\"https:\\\/\\\/www.thebestsocial.media\\\/de\\\/?s={search_term_string}\"},\"query-input\":{\"@type\":\"PropertyValueSpecification\",\"valueRequired\":true,\"valueName\":\"search_term_string\"}}],\"inLanguage\":\"de\"},{\"@type\":\"Person\",\"@id\":\"https:\\\/\\\/www.thebestsocial.media\\\/de\\\/#\\\/schema\\\/person\\\/212fdd48880db42a484e589e4e27871b\",\"name\":\"Benny\",\"image\":{\"@type\":\"ImageObject\",\"inLanguage\":\"de\",\"@id\":\"https:\\\/\\\/secure.gravatar.com\\\/avatar\\\/559f54fceb59ac8654d5ca40291d2ab87f2a9d79e48e8e3c19582477cde950bf?s=96&d=mm&r=g\",\"url\":\"https:\\\/\\\/secure.gravatar.com\\\/avatar\\\/559f54fceb59ac8654d5ca40291d2ab87f2a9d79e48e8e3c19582477cde950bf?s=96&d=mm&r=g\",\"contentUrl\":\"https:\\\/\\\/secure.gravatar.com\\\/avatar\\\/559f54fceb59ac8654d5ca40291d2ab87f2a9d79e48e8e3c19582477cde950bf?s=96&d=mm&r=g\",\"caption\":\"Benny\"},\"url\":\"https:\\\/\\\/www.thebestsocial.media\\\/de\\\/author\\\/bennykrueger\\\/\"}]}<\/script>\n<!-- \/ Yoast SEO plugin. -->","yoast_head_json":{"title":"Jugends\u00fcnden: User teilen Kinderfotos, auf denen sie sich echt cool gef\u00fchlt haben - The Best Social Media DE","robots":{"index":"index","follow":"follow","max-snippet":"max-snippet:-1","max-image-preview":"max-image-preview:large","max-video-preview":"max-video-preview:-1"},"canonical":"https:\/\/www.thebestsocial.media\/de\/jugendsuenden-user-teilen-kinderfotos-auf-denen-sie-sich-echt-cool-gefuehlt-haben\/","og_locale":"de_DE","og_type":"article","og_title":"Jugends\u00fcnden: User teilen Kinderfotos, auf denen sie sich echt cool gef\u00fchlt haben","og_description":"Alte Fotoalben durchbl\u00e4ttern und in Nostalgie schwelgen, sich an die sch\u00f6nen Momente zur\u00fcckerinnern und ein wenig dar\u00fcber schmunzeln, wie man damals aussah. Okay, mittlerweile scrollt...","og_url":"https:\/\/www.thebestsocial.media\/de\/jugendsuenden-user-teilen-kinderfotos-auf-denen-sie-sich-echt-cool-gefuehlt-haben\/","og_site_name":"The Best Social Media DE","article_published_time":"2020-11-25T10:39:20+00:00","og_image":[{"width":1200,"height":628,"url":"https:\/\/www.thebestsocial.media\/de\/wp-content\/uploads\/sites\/3\/2020\/11\/fotos_fb.png","type":"image\/png"}],"author":"Benny","twitter_card":"summary_large_image","twitter_misc":{"Verfasst von":"Benny","Gesch\u00e4tzte Lesezeit":"3\u00a0Minuten"},"schema":{"@context":"https:\/\/schema.org","@graph":[{"@type":"Article","@id":"https:\/\/www.thebestsocial.media\/de\/jugendsuenden-user-teilen-kinderfotos-auf-denen-sie-sich-echt-cool-gefuehlt-haben\/#article","isPartOf":{"@id":"https:\/\/www.thebestsocial.media\/de\/jugendsuenden-user-teilen-kinderfotos-auf-denen-sie-sich-echt-cool-gefuehlt-haben\/"},"author":{"name":"Benny","@id":"https:\/\/www.thebestsocial.media\/de\/#\/schema\/person\/212fdd48880db42a484e589e4e27871b"},"headline":"Jugends\u00fcnden: User teilen Kinderfotos, auf denen sie sich echt cool gef\u00fchlt haben","datePublished":"2020-11-25T10:39:20+00:00","mainEntityOfPage":{"@id":"https:\/\/www.thebestsocial.media\/de\/jugendsuenden-user-teilen-kinderfotos-auf-denen-sie-sich-echt-cool-gefuehlt-haben\/"},"wordCount":633,"commentCount":0,"image":{"@id":"https:\/\/www.thebestsocial.media\/de\/jugendsuenden-user-teilen-kinderfotos-auf-denen-sie-sich-echt-cool-gefuehlt-haben\/#primaryimage"},"thumbnailUrl":"https:\/\/www.thebestsocial.media\/de\/wp-content\/uploads\/sites\/3\/2020\/11\/fotos_thumb.png","keywords":["Jugends\u00fcnden","Kinderfotos","nostalgie"],"articleSection":["TikTok"],"inLanguage":"de","potentialAction":[{"@type":"CommentAction","name":"Comment","target":["https:\/\/www.thebestsocial.media\/de\/jugendsuenden-user-teilen-kinderfotos-auf-denen-sie-sich-echt-cool-gefuehlt-haben\/#respond"]}]},{"@type":"WebPage","@id":"https:\/\/www.thebestsocial.media\/de\/jugendsuenden-user-teilen-kinderfotos-auf-denen-sie-sich-echt-cool-gefuehlt-haben\/","url":"https:\/\/www.thebestsocial.media\/de\/jugendsuenden-user-teilen-kinderfotos-auf-denen-sie-sich-echt-cool-gefuehlt-haben\/","name":"Jugends\u00fcnden: User teilen Kinderfotos, auf denen sie sich echt cool gef\u00fchlt haben - The Best Social Media DE","isPartOf":{"@id":"https:\/\/www.thebestsocial.media\/de\/#website"},"primaryImageOfPage":{"@id":"https:\/\/www.thebestsocial.media\/de\/jugendsuenden-user-teilen-kinderfotos-auf-denen-sie-sich-echt-cool-gefuehlt-haben\/#primaryimage"},"image":{"@id":"https:\/\/www.thebestsocial.media\/de\/jugendsuenden-user-teilen-kinderfotos-auf-denen-sie-sich-echt-cool-gefuehlt-haben\/#primaryimage"},"thumbnailUrl":"https:\/\/www.thebestsocial.media\/de\/wp-content\/uploads\/sites\/3\/2020\/11\/fotos_thumb.png","datePublished":"2020-11-25T10:39:20+00:00","author":{"@id":"https:\/\/www.thebestsocial.media\/de\/#\/schema\/person\/212fdd48880db42a484e589e4e27871b"},"breadcrumb":{"@id":"https:\/\/www.thebestsocial.media\/de\/jugendsuenden-user-teilen-kinderfotos-auf-denen-sie-sich-echt-cool-gefuehlt-haben\/#breadcrumb"},"inLanguage":"de","potentialAction":[{"@type":"ReadAction","target":["https:\/\/www.thebestsocial.media\/de\/jugendsuenden-user-teilen-kinderfotos-auf-denen-sie-sich-echt-cool-gefuehlt-haben\/"]}]},{"@type":"ImageObject","inLanguage":"de","@id":"https:\/\/www.thebestsocial.media\/de\/jugendsuenden-user-teilen-kinderfotos-auf-denen-sie-sich-echt-cool-gefuehlt-haben\/#primaryimage","url":"https:\/\/www.thebestsocial.media\/de\/wp-content\/uploads\/sites\/3\/2020\/11\/fotos_thumb.png","contentUrl":"https:\/\/www.thebestsocial.media\/de\/wp-content\/uploads\/sites\/3\/2020\/11\/fotos_thumb.png","width":1200,"height":628},{"@type":"BreadcrumbList","@id":"https:\/\/www.thebestsocial.media\/de\/jugendsuenden-user-teilen-kinderfotos-auf-denen-sie-sich-echt-cool-gefuehlt-haben\/#breadcrumb","itemListElement":[{"@type":"ListItem","position":1,"name":"Home","item":"https:\/\/www.thebestsocial.media\/de\/"},{"@type":"ListItem","position":2,"name":"Jugends\u00fcnden: User teilen Kinderfotos, auf denen sie sich echt cool gef\u00fchlt haben"}]},{"@type":"WebSite","@id":"https:\/\/www.thebestsocial.media\/de\/#website","url":"https:\/\/www.thebestsocial.media\/de\/","name":"The Best Social Media DE","description":"","potentialAction":[{"@type":"SearchAction","target":{"@type":"EntryPoint","urlTemplate":"https:\/\/www.thebestsocial.media\/de\/?s={search_term_string}"},"query-input":{"@type":"PropertyValueSpecification","valueRequired":true,"valueName":"search_term_string"}}],"inLanguage":"de"},{"@type":"Person","@id":"https:\/\/www.thebestsocial.media\/de\/#\/schema\/person\/212fdd48880db42a484e589e4e27871b","name":"Benny","image":{"@type":"ImageObject","inLanguage":"de","@id":"https:\/\/secure.gravatar.com\/avatar\/559f54fceb59ac8654d5ca40291d2ab87f2a9d79e48e8e3c19582477cde950bf?s=96&d=mm&r=g","url":"https:\/\/secure.gravatar.com\/avatar\/559f54fceb59ac8654d5ca40291d2ab87f2a9d79e48e8e3c19582477cde950bf?s=96&d=mm&r=g","contentUrl":"https:\/\/secure.gravatar.com\/avatar\/559f54fceb59ac8654d5ca40291d2ab87f2a9d79e48e8e3c19582477cde950bf?s=96&d=mm&r=g","caption":"Benny"},"url":"https:\/\/www.thebestsocial.media\/de\/author\/bennykrueger\/"}]}},"amp_enabled":true,"_links":{"self":[{"href":"https:\/\/www.thebestsocial.media\/de\/wp-json\/wp\/v2\/posts\/137201","targetHints":{"allow":["GET"]}}],"collection":[{"href":"https:\/\/www.thebestsocial.media\/de\/wp-json\/wp\/v2\/posts"}],"about":[{"href":"https:\/\/www.thebestsocial.media\/de\/wp-json\/wp\/v2\/types\/post"}],"author":[{"embeddable":true,"href":"https:\/\/www.thebestsocial.media\/de\/wp-json\/wp\/v2\/users\/72"}],"replies":[{"embeddable":true,"href":"https:\/\/www.thebestsocial.media\/de\/wp-json\/wp\/v2\/comments?post=137201"}],"version-history":[{"count":7,"href":"https:\/\/www.thebestsocial.media\/de\/wp-json\/wp\/v2\/posts\/137201\/revisions"}],"predecessor-version":[{"id":137212,"href":"https:\/\/www.thebestsocial.media\/de\/wp-json\/wp\/v2\/posts\/137201\/revisions\/137212"}],"wp:featuredmedia":[{"embeddable":true,"href":"https:\/\/www.thebestsocial.media\/de\/wp-json\/wp\/v2\/media\/137202"}],"wp:attachment":[{"href":"https:\/\/www.thebestsocial.media\/de\/wp-json\/wp\/v2\/media?parent=137201"}],"wp:term":[{"taxonomy":"category","embeddable":true,"href":"https:\/\/www.thebestsocial.media\/de\/wp-json\/wp\/v2\/categories?post=137201"},{"taxonomy":"post_tag","embeddable":true,"href":"https:\/\/www.thebestsocial.media\/de\/wp-json\/wp\/v2\/tags?post=137201"}],"curies":[{"name":"wp","href":"https:\/\/api.w.org\/{rel}","templated":true}]}}