{"id":135068,"date":"2020-10-09T07:56:04","date_gmt":"2020-10-09T07:56:04","guid":{"rendered":"https:\/\/www.thebestsocial.media\/de\/?p=135068"},"modified":"2021-04-11T17:52:57","modified_gmt":"2021-04-11T17:52:57","slug":"wendler-haut-direkt-nach-kaufland-kampagne-wilde-verschwoerungstheorien-auf-instagram-raus","status":"publish","type":"post","link":"https:\/\/www.thebestsocial.media\/de\/wendler-haut-direkt-nach-kaufland-kampagne-wilde-verschwoerungstheorien-auf-instagram-raus\/","title":{"rendered":"Wendler haut direkt nach Kaufland-Kampagne wilde Statements auf Instagram raus"},"content":{"rendered":"<p>Ok. Was? Wir klemmen uns jetzt s\u00e4mtliche &#8222;2020 kann nicht noch weirder werden&#8220; Spr\u00fcche und fassen kurz zusammen: Nachdem die gestern ver\u00f6ffentlichte <a href=\"https:\/\/www.thebestsocial.media\/de\/der-wendler-macht-werbung-fuer-kaufland-und-die-kommentare-ueberschlagen-sich\/\">Wendlerkampagne von Kaufland<\/a> zwar f\u00fcr m\u00e4chtig Aufsehen sorgte, insgesamt aber eher so  mittelm\u00e4\u00dfig ankam, folgte dann am Abend das v\u00f6llig Absurde: Der Wendler verk\u00fcndete in einer abstrus anmutenden Instagram Story sowohl, dass er bei DSDS aussteigen w\u00fcrde, als auch, dass die BRD in der Pandemie entgegen der Verfassung agiere, die Medien &#8222;gleichgeschaltet&#8220; seien, wichtige Informationen zensiert werden blablabla der \u00fcbliche Verschw\u00f6rungsschrott halt. Oh und &#8217;nen Telegram-Kanal hat er jetzt auch! Das volle Programm, geil. <\/p>\n<p><strong>Hier die komplette Insta-Story <\/strong><\/p>\n<div class=\"dbsm-oembed\">\n<blockquote class=\"twitter-tweet\" data-width=\"500\" data-dnt=\"true\">\n<p lang=\"de\" dir=\"ltr\">Jetzt dreht er komplett durch. Was zur H\u00f6lle. <a href=\"https:\/\/t.co\/lnJeTsgQ0e\">pic.twitter.com\/lnJeTsgQ0e<\/a><\/p>\n<p>&mdash; Dennis M\u00fcller (@dennisderdoedel) <a href=\"https:\/\/twitter.com\/dennisderdoedel\/status\/1314254814495346688?ref_src=twsrc%5Etfw\">October 8, 2020<\/a><\/p><\/blockquote>\n<p><script async src=\"https:\/\/platform.twitter.com\/widgets.js\" charset=\"utf-8\"><\/script><\/div>\n<p><a href=\"https:\/\/www.instagram.com\/stories\/wendler.michael\/2415555142583944501\/\">Quelle<\/a><\/p>\n<p><strong>Genau das ging uns auch als erstes durch den Kopf. <\/strong><\/p>\n<blockquote class=\"twitter-tweet\" data-conversation=\"none\">\n<p lang=\"de\" dir=\"ltr\">Ich finds beeindruckend, dass er glaubt sein R\u00fccktritt als Juror bei DSDS w\u00fcrde die Bundesregierung endlich aufwecken<\/p>\n<p>&mdash; lena\ud83e\uddc3 (@kaeptnlisbeth) <a href=\"https:\/\/twitter.com\/kaeptnlisbeth\/status\/1314257402192171009?ref_src=twsrc%5Etfw\">October 8, 2020<\/a><\/p><\/blockquote>\n<p> <script async src=\"https:\/\/platform.twitter.com\/widgets.js\" charset=\"utf-8\"><\/script> <\/p>\n<p><strong>Das ebenfalls!!!<\/strong><\/p>\n<blockquote class=\"twitter-tweet\" data-conversation=\"none\">\n<p lang=\"de\" dir=\"ltr\">Warum redet er so als w\u00e4re er gerade bei einer Geiselnahme und m\u00fcsste den Erpressertext vorlesen?<\/p>\n<p>&mdash; P \ud83c\udf1a (@nichtdiebohnee) <a href=\"https:\/\/twitter.com\/nichtdiebohnee\/status\/1314258045011136517?ref_src=twsrc%5Etfw\">October 8, 2020<\/a><\/p><\/blockquote>\n<p> <script async src=\"https:\/\/platform.twitter.com\/widgets.js\" charset=\"utf-8\"><\/script> <\/p>\n<div class=\"dbsm-oembed\">\n<blockquote class=\"twitter-tweet\" data-width=\"500\" data-dnt=\"true\">\n<p lang=\"de\" dir=\"ltr\">Wahnsinn. Der <a href=\"https:\/\/twitter.com\/hashtag\/Wendler?src=hash&amp;ref_src=twsrc%5Etfw\">#Wendler<\/a> ist ein so derma\u00dfen schlechter Schauspieler, dass man ihm nicht einmal den <a href=\"https:\/\/twitter.com\/hashtag\/Telegram?src=hash&amp;ref_src=twsrc%5Etfw\">#Telegram<\/a>&#8211; Verschw\u00f6rungsdulli abnimmt.<\/p>\n<p>&mdash; Micky Beisenherz \ud83c\udf4c (@MickyBeisenherz) <a href=\"https:\/\/twitter.com\/MickyBeisenherz\/status\/1314264583364915201?ref_src=twsrc%5Etfw\">October 8, 2020<\/a><\/p><\/blockquote>\n<p><script async src=\"https:\/\/platform.twitter.com\/widgets.js\" charset=\"utf-8\"><\/script><\/div>\n<p><strong>Und honestly: So geht es uns gerade auch irgendwie noch ein wenig. <\/strong><\/p>\n<div class=\"dbsm-oembed\">\n<blockquote class=\"twitter-tweet\" data-width=\"500\" data-dnt=\"true\">\n<p lang=\"de\" dir=\"ltr\">Das Schlimme an der <a href=\"https:\/\/twitter.com\/hashtag\/Wendler?src=hash&amp;ref_src=twsrc%5Etfw\">#Wendler<\/a>-Geschichte ist: sowohl die M\u00f6glichkeit, dass das ein geschmackloser PR-Prank ist als auch die M\u00f6glichkeit, dass der Wendler wirklich in die Naidoo-Hildmann-Fraktion \u00fcbergelaufen ist scheint m\u00f6glich. Bin mit meiner Medienkompetenz am Ende.<\/p>\n<p>&mdash; Daniel Anibal Br\u00f6ckerhoff \/\/ @dab@norden.social (@doktordab) <a href=\"https:\/\/twitter.com\/doktordab\/status\/1314310386762555413?ref_src=twsrc%5Etfw\">October 8, 2020<\/a><\/p><\/blockquote>\n<p><script async src=\"https:\/\/platform.twitter.com\/widgets.js\" charset=\"utf-8\"><\/script><\/div>\n<p><strong>Ein Blick in die entsprechenden Telegram-Channel offenbart allerdings: Der &#8222;Prank&#8220; scheint ziemlich echt. <\/strong><\/p>\n<div class=\"dbsm-oembed\">\n<blockquote class=\"twitter-tweet\" data-width=\"500\" data-dnt=\"true\">\n<p lang=\"de\" dir=\"ltr\">LEUTE! <a href=\"https:\/\/twitter.com\/hashtag\/AttilaHildmann?src=hash&amp;ref_src=twsrc%5Etfw\">#AttilaHildmann<\/a> hat\u2018s doch angek\u00fcndigt, dass der <a href=\"https:\/\/twitter.com\/hashtag\/Wendler?src=hash&amp;ref_src=twsrc%5Etfw\">#Wendler<\/a> heute aussteigt! <a href=\"https:\/\/t.co\/cJx6hwYVE1\">pic.twitter.com\/cJx6hwYVE1<\/a><\/p>\n<p>&mdash; B\u00f6ser alter Mann. I am always dead serious!\ud83d\udea6 (@STeckenbrock) <a href=\"https:\/\/twitter.com\/STeckenbrock\/status\/1314270723024846853?ref_src=twsrc%5Etfw\">October 8, 2020<\/a><\/p><\/blockquote>\n<p><script async src=\"https:\/\/platform.twitter.com\/widgets.js\" charset=\"utf-8\"><\/script><\/div>\n<p>https:\/\/twitter.com\/_giannicosta\/status\/1314299225019158528<\/p>\n<p><strong>Puh. Aber blicken wir doch mal auf die armen Teufel bei Kaufland, mit denen man aktuell wohl wirklich nur Mitleid haben kann. <\/strong><\/p>\n<div class=\"dbsm-oembed\">\n<blockquote class=\"twitter-tweet\" data-width=\"500\" data-dnt=\"true\">\n<p lang=\"de\" dir=\"ltr\">Die PR Abteilung von Kaufland, jetzt. <a href=\"https:\/\/twitter.com\/hashtag\/Wendler?src=hash&amp;ref_src=twsrc%5Etfw\">#Wendler<\/a> <a href=\"https:\/\/t.co\/FyoVkjNXSp\">pic.twitter.com\/FyoVkjNXSp<\/a><\/p>\n<p>&mdash; attlawb.bsky.social \ud83c\uddfa\ud83c\udde6 (@AttLawB) <a href=\"https:\/\/twitter.com\/AttLawB\/status\/1314269068124397569?ref_src=twsrc%5Etfw\">October 8, 2020<\/a><\/p><\/blockquote>\n<p><script async src=\"https:\/\/platform.twitter.com\/widgets.js\" charset=\"utf-8\"><\/script><\/div>\n<div class=\"dbsm-oembed\">\n<blockquote class=\"twitter-tweet\" data-width=\"500\" data-dnt=\"true\">\n<p lang=\"de\" dir=\"ltr\">Das sind so die Momente, wo du als Leiter Recht von Kaufland um 21:00 Uhr den Anruf vom CEO bekommst, dass bitte morgen um 10:00 Uhr der Vertrag &quot;mit dem Irren&quot; aufzul\u00f6sen ist und alle Honorare zur\u00fcckzuholen sind.<\/p>\n<p>&quot;Sie machen das schon!&quot;<a href=\"https:\/\/twitter.com\/hashtag\/Wendler?src=hash&amp;ref_src=twsrc%5Etfw\">#Wendler<\/a><\/p>\n<p>&mdash; Stefan (@Surfin_Bird) <a href=\"https:\/\/twitter.com\/Surfin_Bird\/status\/1314282625813680128?ref_src=twsrc%5Etfw\">October 8, 2020<\/a><\/p><\/blockquote>\n<p><script async src=\"https:\/\/platform.twitter.com\/widgets.js\" charset=\"utf-8\"><\/script><\/div>\n<p><strong>Die sahen sich zu einer umgehenden Ma\u00dfnahme veranlasst. Weg mit dem gerade erst frisch geposteten &#8222;Wendler-Content&#8220;!<\/strong><\/p>\n<div class=\"dbsm-oembed\">\n<blockquote class=\"twitter-tweet\" data-width=\"500\" data-dnt=\"true\">\n<p lang=\"de\" dir=\"ltr\">Bei unserem Video mit Michael Wendler ging es um Spa\u00df &amp; Ironie. Die Grenze ist jedoch erreicht, wenn mit der Sicherheit &amp; Gesundheit von Menschen gespielt wird. Daher haben wir den ganzen Wendler-Content gel\u00f6scht &amp; distanzieren uns von seinen Aussagen. <a href=\"https:\/\/twitter.com\/hashtag\/nichtegal?src=hash&amp;ref_src=twsrc%5Etfw\">#nichtegal<\/a><\/p>\n<p>&mdash; Kaufland \ud83d\uded2 (@kaufland) <a href=\"https:\/\/twitter.com\/kaufland\/status\/1314292466414166016?ref_src=twsrc%5Etfw\">October 8, 2020<\/a><\/p><\/blockquote>\n<p><script async src=\"https:\/\/platform.twitter.com\/widgets.js\" charset=\"utf-8\"><\/script><\/div>\n<p>https:\/\/www.instagram.com\/p\/CGGHhJegoui\/<br \/>\n&nbsp;<br \/>\n<strong>Obwohl dieser Schritt vermutlich ziemlich alternativlos war, gab es viel Support.<\/strong><\/p>\n<blockquote class=\"twitter-tweet\" data-conversation=\"none\">\n<p lang=\"de\" dir=\"ltr\">Tolle Reaktion in einer sicher f\u00fcr euch nicht leichten Situation. Danke, dass ihr sagt <a href=\"https:\/\/twitter.com\/hashtag\/nichtegal?src=hash&amp;ref_src=twsrc%5Etfw\">#nichtegal<\/a>!<\/p>\n<p>&mdash; Natalie Grams (@NatalieGrams) <a href=\"https:\/\/twitter.com\/NatalieGrams\/status\/1314294237954035717?ref_src=twsrc%5Etfw\">October 8, 2020<\/a><\/p><\/blockquote>\n<p> <script async src=\"https:\/\/platform.twitter.com\/widgets.js\" charset=\"utf-8\"><\/script> <\/p>\n<div class=\"dbsm-oembed\">\n<blockquote class=\"twitter-tweet\" data-width=\"500\" data-dnt=\"true\">\n<p lang=\"de\" dir=\"ltr\">So. Jetzt mal Lob und nicht nur Hohn und Spott hier: So schnell, wie <a href=\"https:\/\/twitter.com\/kaufland?ref_src=twsrc%5Etfw\">@kaufland<\/a> s\u00e4mtlichen <a href=\"https:\/\/twitter.com\/hashtag\/Wendler?src=hash&amp;ref_src=twsrc%5Etfw\">#Wendler<\/a>-Content entfernt hat &#8211; da versteht jemand Krisenmanagement in sozialen Netzwerken und handelt konsequent! \ud83d\udc4d<\/p>\n<p>&mdash; Swen Thissen (@swen) <a href=\"https:\/\/twitter.com\/swen\/status\/1314288837481332736?ref_src=twsrc%5Etfw\">October 8, 2020<\/a><\/p><\/blockquote>\n<p><script async src=\"https:\/\/platform.twitter.com\/widgets.js\" charset=\"utf-8\"><\/script><\/div>\n<blockquote class=\"twitter-tweet\" data-conversation=\"none\">\n<p lang=\"de\" dir=\"ltr\">Ihr k\u00f6nnt da nichts f\u00fcr, auch, wenn einige jetzt so tun.<br \/>Es war ja vorher scheinbar nicht bekannt, dass ihm eine Sicherung durchgebrannt ist.<br \/>Oder hat sich beim Dreh auff\u00e4llig lange in der Alufolienabteilung aufgehalten?<\/p>\n<p>&mdash; Infoluencer (@infoluencer) <a href=\"https:\/\/twitter.com\/infoluencer\/status\/1314295478993985536?ref_src=twsrc%5Etfw\">October 8, 2020<\/a><\/p><\/blockquote>\n<p> <script async src=\"https:\/\/platform.twitter.com\/widgets.js\" charset=\"utf-8\"><\/script> <\/p>\n<p><img loading=\"lazy\" decoding=\"async\" src=\"https:\/\/www.thebestsocial.media\/de\/wp-content\/uploads\/sites\/3\/2020\/10\/Bildschirmfoto-2020-10-09-um-09.38.50.png\" alt=\"\" width=\"466\" height=\"378\" class=\"alignnone size-full wp-image-135092\" srcset=\"https:\/\/www.thebestsocial.media\/de\/wp-content\/uploads\/sites\/3\/2020\/10\/Bildschirmfoto-2020-10-09-um-09.38.50.png 466w, https:\/\/www.thebestsocial.media\/de\/wp-content\/uploads\/sites\/3\/2020\/10\/Bildschirmfoto-2020-10-09-um-09.38.50-300x243.png 300w\" sizes=\"auto, (max-width: 466px) 100vw, 466px\" \/><\/p>\n<p><img loading=\"lazy\" decoding=\"async\" src=\"https:\/\/www.thebestsocial.media\/de\/wp-content\/uploads\/sites\/3\/2020\/10\/Bildschirmfoto-2020-10-09-um-09.38.56.png\" alt=\"\" width=\"460\" height=\"120\" class=\"alignnone size-large wp-image-135093\" srcset=\"https:\/\/www.thebestsocial.media\/de\/wp-content\/uploads\/sites\/3\/2020\/10\/Bildschirmfoto-2020-10-09-um-09.38.56.png 460w, https:\/\/www.thebestsocial.media\/de\/wp-content\/uploads\/sites\/3\/2020\/10\/Bildschirmfoto-2020-10-09-um-09.38.56-300x78.png 300w\" sizes=\"auto, (max-width: 460px) 100vw, 460px\" \/><\/p>\n<p><strong>Auch von RTL gab es ein entsprechendes Statement.<\/strong><\/p>\n<div class=\"dbsm-oembed\">\n<blockquote class=\"twitter-tweet\" data-width=\"500\" data-dnt=\"true\">\n<p lang=\"de\" dir=\"ltr\">Wir sind v\u00f6llig \u00fcberrascht von den Aussagen von Michael Wendler. Sowohl zum Ausstieg aus <a href=\"https:\/\/twitter.com\/hashtag\/DSDS?src=hash&amp;ref_src=twsrc%5Etfw\">#DSDS<\/a> als auch von seinen Verschw\u00f6rungstheorien. Davon distanzieren wir uns ausdr\u00fccklich. <a href=\"https:\/\/twitter.com\/hashtag\/Wendler?src=hash&amp;ref_src=twsrc%5Etfw\">#Wendler<\/a><\/p>\n<p>&mdash; RTL (@RTL_com) <a href=\"https:\/\/twitter.com\/RTL_com\/status\/1314294429658865670?ref_src=twsrc%5Etfw\">October 8, 2020<\/a><\/p><\/blockquote>\n<p><script async src=\"https:\/\/platform.twitter.com\/widgets.js\" charset=\"utf-8\"><\/script><\/div>\n<p><strong>Man darf auf die n\u00e4chste Wahl gespannt sein.<\/strong><\/p>\n<div class=\"dbsm-oembed\">\n<blockquote class=\"twitter-tweet\" data-width=\"500\" data-dnt=\"true\">\n<p lang=\"de\" dir=\"ltr\">Das wirklich schockierende: Der einzig normale Menschen in der <a href=\"https:\/\/twitter.com\/hashtag\/dsds?src=hash&amp;ref_src=twsrc%5Etfw\">#dsds<\/a> Jury scheint all die Jahre <a href=\"https:\/\/twitter.com\/hashtag\/dieterbohlen?src=hash&amp;ref_src=twsrc%5Etfw\">#dieterbohlen<\/a> gewesen zu sein. <a href=\"https:\/\/twitter.com\/hashtag\/wendler?src=hash&amp;ref_src=twsrc%5Etfw\">#wendler<\/a> <a href=\"https:\/\/twitter.com\/hashtag\/Naidoo?src=hash&amp;ref_src=twsrc%5Etfw\">#Naidoo<\/a><\/p>\n<p>&mdash; Dipl. Ing. Mar Stadelmann (@IngmarStadelman) <a href=\"https:\/\/twitter.com\/IngmarStadelman\/status\/1314305728375595008?ref_src=twsrc%5Etfw\">October 8, 2020<\/a><\/p><\/blockquote>\n<p><script async src=\"https:\/\/platform.twitter.com\/widgets.js\" charset=\"utf-8\"><\/script><\/div>\n<p><strong>Apropos Dieter &#8211; der hat sich bei dem ganzen Rummel auch direkt mal zu Wort gemeldet. <\/strong><\/p>\n<div class=\"dbsm-oembed\">\n<blockquote class=\"twitter-tweet\" data-width=\"500\" data-dnt=\"true\">\n<p lang=\"de\" dir=\"ltr\">Hier die vorgezogene \u201eWeihnachtsansprache\u201c zu Causa <a href=\"https:\/\/twitter.com\/hashtag\/Wendler?src=hash&amp;ref_src=twsrc%5Etfw\">#Wendler<\/a> von Chefjuror Bohlen, der pl\u00f6tzlich keine  Falten mehr hat! \ud83d\ude31<\/p>\n<p>\u201eTsch\u00fcss, Julius!\u201c<a href=\"https:\/\/twitter.com\/hashtag\/DSDS?src=hash&amp;ref_src=twsrc%5Etfw\">#DSDS<\/a> <a href=\"https:\/\/t.co\/zn6PXglk84\">pic.twitter.com\/zn6PXglk84<\/a><\/p>\n<p>&mdash; lrstrash (@lrstrash) <a href=\"https:\/\/twitter.com\/lrstrash\/status\/1314295371456274436?ref_src=twsrc%5Etfw\">October 8, 2020<\/a><\/p><\/blockquote>\n<p><script async src=\"https:\/\/platform.twitter.com\/widgets.js\" charset=\"utf-8\"><\/script><\/div>\n<p><strong>Schlie\u00dfen wir mit diesen beiden treffenden Gedanken. Ciao, Michi! <\/strong><\/p>\n<p>https:\/\/twitter.com\/Hoellenaufsicht\/status\/1314292026461036546<\/p>\n<div class=\"dbsm-oembed\">\n<blockquote class=\"twitter-tweet\" data-width=\"500\" data-dnt=\"true\">\n<p lang=\"de\" dir=\"ltr\">\u201eIch werfe der Bundesregierung bez\u00fcglich der angeblichen Coronapandemie und deren resultierenden Ma\u00dfnahmen grobe und schwere Vorw\u00fcrfe gegen die Verfassung und gegen das Grundgesetz vor\u201c &#8211; sagt der <a href=\"https:\/\/twitter.com\/hashtag\/Wendler?src=hash&amp;ref_src=twsrc%5Etfw\">#Wendler<\/a><\/p>\n<p>Hat ihn irgendwer danach gefragt?<\/p>\n<p>Karriere hiermit beendet.<\/p>\n<p>&mdash; Anwaltsgelaber (@anwaltsgelaber) <a href=\"https:\/\/twitter.com\/anwaltsgelaber\/status\/1314267445784457216?ref_src=twsrc%5Etfw\">October 8, 2020<\/a><\/p><\/blockquote>\n<p><script async src=\"https:\/\/platform.twitter.com\/widgets.js\" charset=\"utf-8\"><\/script><\/div>\n<p>&#8212;<br \/>\nDanke an alle f\u00fcr die Postings! <\/p>\n","protected":false},"excerpt":{"rendered":"<p>Ok. Was? Wir klemmen uns jetzt s\u00e4mtliche &#8222;2020 kann nicht noch weirder werden&#8220; Spr\u00fcche und fassen kurz zusammen: Nachdem die gestern ver\u00f6ffentlichte Wendlerkampagne von Kaufland&#8230;<\/p>\n","protected":false},"author":1,"featured_media":135098,"comment_status":"open","ping_status":"open","sticky":false,"template":"","format":"standard","meta":{"_acf_changed":false,"footnotes":""},"categories":[2404],"tags":[2851],"class_list":["post-135068","post","type-post","status-publish","format-standard","has-post-thumbnail","hentry","category-wtf","tag-wendler"],"acf":[],"yoast_head":"<!-- This site is optimized with the Yoast SEO plugin v27.5 - https:\/\/yoast.com\/product\/yoast-seo-wordpress\/ -->\n<title>Wendler haut Verschw\u00f6rungstheorien auf Instagram raus<\/title>\n<meta name=\"description\" content=\"Nach der gestrigen Kaufland Kampagne hat sich Michael Wendler noch am selben Abend mit abstrusen Verschw\u00f6rungstheorien gemeldet\" \/>\n<meta name=\"robots\" content=\"index, follow, max-snippet:-1, max-image-preview:large, max-video-preview:-1\" \/>\n<link rel=\"canonical\" href=\"https:\/\/www.thebestsocial.media\/de\/wendler-haut-direkt-nach-kaufland-kampagne-wilde-verschwoerungstheorien-auf-instagram-raus\/\" \/>\n<meta property=\"og:locale\" content=\"de_DE\" \/>\n<meta property=\"og:type\" content=\"article\" \/>\n<meta property=\"og:title\" content=\"Wendler haut direkt nach Kaufland-Kampagne wilde Statements auf Instagram raus\" \/>\n<meta property=\"og:description\" content=\"Nach der gestrigen Kaufland Kampagne hat sich Michael Wendler noch am selben Abend mit abstrusen Verschw\u00f6rungstheorien gemeldet\" \/>\n<meta property=\"og:url\" content=\"https:\/\/www.thebestsocial.media\/de\/wendler-haut-direkt-nach-kaufland-kampagne-wilde-verschwoerungstheorien-auf-instagram-raus\/\" \/>\n<meta property=\"og:site_name\" content=\"The Best Social Media DE\" \/>\n<meta property=\"article:published_time\" content=\"2020-10-09T07:56:04+00:00\" \/>\n<meta property=\"article:modified_time\" content=\"2021-04-11T17:52:57+00:00\" \/>\n<meta property=\"og:image\" content=\"https:\/\/www.thebestsocial.media\/de\/wp-content\/uploads\/sites\/3\/2020\/10\/grenze.png\" \/>\n\t<meta property=\"og:image:width\" content=\"1200\" \/>\n\t<meta property=\"og:image:height\" content=\"628\" \/>\n\t<meta property=\"og:image:type\" content=\"image\/png\" \/>\n<meta name=\"author\" content=\"admin\" \/>\n<meta name=\"twitter:card\" content=\"summary_large_image\" \/>\n<meta name=\"twitter:label1\" content=\"Verfasst von\" \/>\n\t<meta name=\"twitter:data1\" content=\"admin\" \/>\n\t<meta name=\"twitter:label2\" content=\"Gesch\u00e4tzte Lesezeit\" \/>\n\t<meta name=\"twitter:data2\" content=\"2\u00a0Minuten\" \/>\n<script type=\"application\/ld+json\" class=\"yoast-schema-graph\">{\"@context\":\"https:\\\/\\\/schema.org\",\"@graph\":[{\"@type\":\"Article\",\"@id\":\"https:\\\/\\\/www.thebestsocial.media\\\/de\\\/wendler-haut-direkt-nach-kaufland-kampagne-wilde-verschwoerungstheorien-auf-instagram-raus\\\/#article\",\"isPartOf\":{\"@id\":\"https:\\\/\\\/www.thebestsocial.media\\\/de\\\/wendler-haut-direkt-nach-kaufland-kampagne-wilde-verschwoerungstheorien-auf-instagram-raus\\\/\"},\"author\":{\"name\":\"admin\",\"@id\":\"https:\\\/\\\/www.thebestsocial.media\\\/de\\\/#\\\/schema\\\/person\\\/50bf2a2972050875c732f9b2292528c3\"},\"headline\":\"Wendler haut direkt nach Kaufland-Kampagne wilde Statements auf Instagram raus\",\"datePublished\":\"2020-10-09T07:56:04+00:00\",\"dateModified\":\"2021-04-11T17:52:57+00:00\",\"mainEntityOfPage\":{\"@id\":\"https:\\\/\\\/www.thebestsocial.media\\\/de\\\/wendler-haut-direkt-nach-kaufland-kampagne-wilde-verschwoerungstheorien-auf-instagram-raus\\\/\"},\"wordCount\":444,\"commentCount\":0,\"image\":{\"@id\":\"https:\\\/\\\/www.thebestsocial.media\\\/de\\\/wendler-haut-direkt-nach-kaufland-kampagne-wilde-verschwoerungstheorien-auf-instagram-raus\\\/#primaryimage\"},\"thumbnailUrl\":\"https:\\\/\\\/www.thebestsocial.media\\\/de\\\/wp-content\\\/uploads\\\/sites\\\/3\\\/2020\\\/10\\\/Bildschirmfoto-2020-10-09-um-09.51.24.png\",\"keywords\":[\"Wendler\"],\"articleSection\":[\"WTF\"],\"inLanguage\":\"de\",\"potentialAction\":[{\"@type\":\"CommentAction\",\"name\":\"Comment\",\"target\":[\"https:\\\/\\\/www.thebestsocial.media\\\/de\\\/wendler-haut-direkt-nach-kaufland-kampagne-wilde-verschwoerungstheorien-auf-instagram-raus\\\/#respond\"]}]},{\"@type\":\"WebPage\",\"@id\":\"https:\\\/\\\/www.thebestsocial.media\\\/de\\\/wendler-haut-direkt-nach-kaufland-kampagne-wilde-verschwoerungstheorien-auf-instagram-raus\\\/\",\"url\":\"https:\\\/\\\/www.thebestsocial.media\\\/de\\\/wendler-haut-direkt-nach-kaufland-kampagne-wilde-verschwoerungstheorien-auf-instagram-raus\\\/\",\"name\":\"Wendler haut Verschw\u00f6rungstheorien auf Instagram raus\",\"isPartOf\":{\"@id\":\"https:\\\/\\\/www.thebestsocial.media\\\/de\\\/#website\"},\"primaryImageOfPage\":{\"@id\":\"https:\\\/\\\/www.thebestsocial.media\\\/de\\\/wendler-haut-direkt-nach-kaufland-kampagne-wilde-verschwoerungstheorien-auf-instagram-raus\\\/#primaryimage\"},\"image\":{\"@id\":\"https:\\\/\\\/www.thebestsocial.media\\\/de\\\/wendler-haut-direkt-nach-kaufland-kampagne-wilde-verschwoerungstheorien-auf-instagram-raus\\\/#primaryimage\"},\"thumbnailUrl\":\"https:\\\/\\\/www.thebestsocial.media\\\/de\\\/wp-content\\\/uploads\\\/sites\\\/3\\\/2020\\\/10\\\/Bildschirmfoto-2020-10-09-um-09.51.24.png\",\"datePublished\":\"2020-10-09T07:56:04+00:00\",\"dateModified\":\"2021-04-11T17:52:57+00:00\",\"author\":{\"@id\":\"https:\\\/\\\/www.thebestsocial.media\\\/de\\\/#\\\/schema\\\/person\\\/50bf2a2972050875c732f9b2292528c3\"},\"description\":\"Nach der gestrigen Kaufland Kampagne hat sich Michael Wendler noch am selben Abend mit abstrusen Verschw\u00f6rungstheorien gemeldet\",\"breadcrumb\":{\"@id\":\"https:\\\/\\\/www.thebestsocial.media\\\/de\\\/wendler-haut-direkt-nach-kaufland-kampagne-wilde-verschwoerungstheorien-auf-instagram-raus\\\/#breadcrumb\"},\"inLanguage\":\"de\",\"potentialAction\":[{\"@type\":\"ReadAction\",\"target\":[\"https:\\\/\\\/www.thebestsocial.media\\\/de\\\/wendler-haut-direkt-nach-kaufland-kampagne-wilde-verschwoerungstheorien-auf-instagram-raus\\\/\"]}]},{\"@type\":\"ImageObject\",\"inLanguage\":\"de\",\"@id\":\"https:\\\/\\\/www.thebestsocial.media\\\/de\\\/wendler-haut-direkt-nach-kaufland-kampagne-wilde-verschwoerungstheorien-auf-instagram-raus\\\/#primaryimage\",\"url\":\"https:\\\/\\\/www.thebestsocial.media\\\/de\\\/wp-content\\\/uploads\\\/sites\\\/3\\\/2020\\\/10\\\/Bildschirmfoto-2020-10-09-um-09.51.24.png\",\"contentUrl\":\"https:\\\/\\\/www.thebestsocial.media\\\/de\\\/wp-content\\\/uploads\\\/sites\\\/3\\\/2020\\\/10\\\/Bildschirmfoto-2020-10-09-um-09.51.24.png\",\"width\":1498,\"height\":714},{\"@type\":\"BreadcrumbList\",\"@id\":\"https:\\\/\\\/www.thebestsocial.media\\\/de\\\/wendler-haut-direkt-nach-kaufland-kampagne-wilde-verschwoerungstheorien-auf-instagram-raus\\\/#breadcrumb\",\"itemListElement\":[{\"@type\":\"ListItem\",\"position\":1,\"name\":\"Home\",\"item\":\"https:\\\/\\\/www.thebestsocial.media\\\/de\\\/\"},{\"@type\":\"ListItem\",\"position\":2,\"name\":\"Wendler haut direkt nach Kaufland-Kampagne wilde Statements auf Instagram raus\"}]},{\"@type\":\"WebSite\",\"@id\":\"https:\\\/\\\/www.thebestsocial.media\\\/de\\\/#website\",\"url\":\"https:\\\/\\\/www.thebestsocial.media\\\/de\\\/\",\"name\":\"The Best Social Media DE\",\"description\":\"\",\"potentialAction\":[{\"@type\":\"SearchAction\",\"target\":{\"@type\":\"EntryPoint\",\"urlTemplate\":\"https:\\\/\\\/www.thebestsocial.media\\\/de\\\/?s={search_term_string}\"},\"query-input\":{\"@type\":\"PropertyValueSpecification\",\"valueRequired\":true,\"valueName\":\"search_term_string\"}}],\"inLanguage\":\"de\"},{\"@type\":\"Person\",\"@id\":\"https:\\\/\\\/www.thebestsocial.media\\\/de\\\/#\\\/schema\\\/person\\\/50bf2a2972050875c732f9b2292528c3\",\"name\":\"admin\",\"image\":{\"@type\":\"ImageObject\",\"inLanguage\":\"de\",\"@id\":\"https:\\\/\\\/secure.gravatar.com\\\/avatar\\\/dfabcac01d1866afd37823fba624364cadb5ce34a3d63795d3b5facc23a71b15?s=96&d=mm&r=g\",\"url\":\"https:\\\/\\\/secure.gravatar.com\\\/avatar\\\/dfabcac01d1866afd37823fba624364cadb5ce34a3d63795d3b5facc23a71b15?s=96&d=mm&r=g\",\"contentUrl\":\"https:\\\/\\\/secure.gravatar.com\\\/avatar\\\/dfabcac01d1866afd37823fba624364cadb5ce34a3d63795d3b5facc23a71b15?s=96&d=mm&r=g\",\"caption\":\"admin\"},\"url\":\"https:\\\/\\\/www.thebestsocial.media\\\/de\\\/author\\\/admin\\\/\"}]}<\/script>\n<!-- \/ Yoast SEO plugin. -->","yoast_head_json":{"title":"Wendler haut Verschw\u00f6rungstheorien auf Instagram raus","description":"Nach der gestrigen Kaufland Kampagne hat sich Michael Wendler noch am selben Abend mit abstrusen Verschw\u00f6rungstheorien gemeldet","robots":{"index":"index","follow":"follow","max-snippet":"max-snippet:-1","max-image-preview":"max-image-preview:large","max-video-preview":"max-video-preview:-1"},"canonical":"https:\/\/www.thebestsocial.media\/de\/wendler-haut-direkt-nach-kaufland-kampagne-wilde-verschwoerungstheorien-auf-instagram-raus\/","og_locale":"de_DE","og_type":"article","og_title":"Wendler haut direkt nach Kaufland-Kampagne wilde Statements auf Instagram raus","og_description":"Nach der gestrigen Kaufland Kampagne hat sich Michael Wendler noch am selben Abend mit abstrusen Verschw\u00f6rungstheorien gemeldet","og_url":"https:\/\/www.thebestsocial.media\/de\/wendler-haut-direkt-nach-kaufland-kampagne-wilde-verschwoerungstheorien-auf-instagram-raus\/","og_site_name":"The Best Social Media DE","article_published_time":"2020-10-09T07:56:04+00:00","article_modified_time":"2021-04-11T17:52:57+00:00","og_image":[{"width":1200,"height":628,"url":"https:\/\/www.thebestsocial.media\/de\/wp-content\/uploads\/sites\/3\/2020\/10\/grenze.png","type":"image\/png"}],"author":"admin","twitter_card":"summary_large_image","twitter_misc":{"Verfasst von":"admin","Gesch\u00e4tzte Lesezeit":"2\u00a0Minuten"},"schema":{"@context":"https:\/\/schema.org","@graph":[{"@type":"Article","@id":"https:\/\/www.thebestsocial.media\/de\/wendler-haut-direkt-nach-kaufland-kampagne-wilde-verschwoerungstheorien-auf-instagram-raus\/#article","isPartOf":{"@id":"https:\/\/www.thebestsocial.media\/de\/wendler-haut-direkt-nach-kaufland-kampagne-wilde-verschwoerungstheorien-auf-instagram-raus\/"},"author":{"name":"admin","@id":"https:\/\/www.thebestsocial.media\/de\/#\/schema\/person\/50bf2a2972050875c732f9b2292528c3"},"headline":"Wendler haut direkt nach Kaufland-Kampagne wilde Statements auf Instagram raus","datePublished":"2020-10-09T07:56:04+00:00","dateModified":"2021-04-11T17:52:57+00:00","mainEntityOfPage":{"@id":"https:\/\/www.thebestsocial.media\/de\/wendler-haut-direkt-nach-kaufland-kampagne-wilde-verschwoerungstheorien-auf-instagram-raus\/"},"wordCount":444,"commentCount":0,"image":{"@id":"https:\/\/www.thebestsocial.media\/de\/wendler-haut-direkt-nach-kaufland-kampagne-wilde-verschwoerungstheorien-auf-instagram-raus\/#primaryimage"},"thumbnailUrl":"https:\/\/www.thebestsocial.media\/de\/wp-content\/uploads\/sites\/3\/2020\/10\/Bildschirmfoto-2020-10-09-um-09.51.24.png","keywords":["Wendler"],"articleSection":["WTF"],"inLanguage":"de","potentialAction":[{"@type":"CommentAction","name":"Comment","target":["https:\/\/www.thebestsocial.media\/de\/wendler-haut-direkt-nach-kaufland-kampagne-wilde-verschwoerungstheorien-auf-instagram-raus\/#respond"]}]},{"@type":"WebPage","@id":"https:\/\/www.thebestsocial.media\/de\/wendler-haut-direkt-nach-kaufland-kampagne-wilde-verschwoerungstheorien-auf-instagram-raus\/","url":"https:\/\/www.thebestsocial.media\/de\/wendler-haut-direkt-nach-kaufland-kampagne-wilde-verschwoerungstheorien-auf-instagram-raus\/","name":"Wendler haut Verschw\u00f6rungstheorien auf Instagram raus","isPartOf":{"@id":"https:\/\/www.thebestsocial.media\/de\/#website"},"primaryImageOfPage":{"@id":"https:\/\/www.thebestsocial.media\/de\/wendler-haut-direkt-nach-kaufland-kampagne-wilde-verschwoerungstheorien-auf-instagram-raus\/#primaryimage"},"image":{"@id":"https:\/\/www.thebestsocial.media\/de\/wendler-haut-direkt-nach-kaufland-kampagne-wilde-verschwoerungstheorien-auf-instagram-raus\/#primaryimage"},"thumbnailUrl":"https:\/\/www.thebestsocial.media\/de\/wp-content\/uploads\/sites\/3\/2020\/10\/Bildschirmfoto-2020-10-09-um-09.51.24.png","datePublished":"2020-10-09T07:56:04+00:00","dateModified":"2021-04-11T17:52:57+00:00","author":{"@id":"https:\/\/www.thebestsocial.media\/de\/#\/schema\/person\/50bf2a2972050875c732f9b2292528c3"},"description":"Nach der gestrigen Kaufland Kampagne hat sich Michael Wendler noch am selben Abend mit abstrusen Verschw\u00f6rungstheorien gemeldet","breadcrumb":{"@id":"https:\/\/www.thebestsocial.media\/de\/wendler-haut-direkt-nach-kaufland-kampagne-wilde-verschwoerungstheorien-auf-instagram-raus\/#breadcrumb"},"inLanguage":"de","potentialAction":[{"@type":"ReadAction","target":["https:\/\/www.thebestsocial.media\/de\/wendler-haut-direkt-nach-kaufland-kampagne-wilde-verschwoerungstheorien-auf-instagram-raus\/"]}]},{"@type":"ImageObject","inLanguage":"de","@id":"https:\/\/www.thebestsocial.media\/de\/wendler-haut-direkt-nach-kaufland-kampagne-wilde-verschwoerungstheorien-auf-instagram-raus\/#primaryimage","url":"https:\/\/www.thebestsocial.media\/de\/wp-content\/uploads\/sites\/3\/2020\/10\/Bildschirmfoto-2020-10-09-um-09.51.24.png","contentUrl":"https:\/\/www.thebestsocial.media\/de\/wp-content\/uploads\/sites\/3\/2020\/10\/Bildschirmfoto-2020-10-09-um-09.51.24.png","width":1498,"height":714},{"@type":"BreadcrumbList","@id":"https:\/\/www.thebestsocial.media\/de\/wendler-haut-direkt-nach-kaufland-kampagne-wilde-verschwoerungstheorien-auf-instagram-raus\/#breadcrumb","itemListElement":[{"@type":"ListItem","position":1,"name":"Home","item":"https:\/\/www.thebestsocial.media\/de\/"},{"@type":"ListItem","position":2,"name":"Wendler haut direkt nach Kaufland-Kampagne wilde Statements auf Instagram raus"}]},{"@type":"WebSite","@id":"https:\/\/www.thebestsocial.media\/de\/#website","url":"https:\/\/www.thebestsocial.media\/de\/","name":"The Best Social Media DE","description":"","potentialAction":[{"@type":"SearchAction","target":{"@type":"EntryPoint","urlTemplate":"https:\/\/www.thebestsocial.media\/de\/?s={search_term_string}"},"query-input":{"@type":"PropertyValueSpecification","valueRequired":true,"valueName":"search_term_string"}}],"inLanguage":"de"},{"@type":"Person","@id":"https:\/\/www.thebestsocial.media\/de\/#\/schema\/person\/50bf2a2972050875c732f9b2292528c3","name":"admin","image":{"@type":"ImageObject","inLanguage":"de","@id":"https:\/\/secure.gravatar.com\/avatar\/dfabcac01d1866afd37823fba624364cadb5ce34a3d63795d3b5facc23a71b15?s=96&d=mm&r=g","url":"https:\/\/secure.gravatar.com\/avatar\/dfabcac01d1866afd37823fba624364cadb5ce34a3d63795d3b5facc23a71b15?s=96&d=mm&r=g","contentUrl":"https:\/\/secure.gravatar.com\/avatar\/dfabcac01d1866afd37823fba624364cadb5ce34a3d63795d3b5facc23a71b15?s=96&d=mm&r=g","caption":"admin"},"url":"https:\/\/www.thebestsocial.media\/de\/author\/admin\/"}]}},"amp_enabled":true,"_links":{"self":[{"href":"https:\/\/www.thebestsocial.media\/de\/wp-json\/wp\/v2\/posts\/135068","targetHints":{"allow":["GET"]}}],"collection":[{"href":"https:\/\/www.thebestsocial.media\/de\/wp-json\/wp\/v2\/posts"}],"about":[{"href":"https:\/\/www.thebestsocial.media\/de\/wp-json\/wp\/v2\/types\/post"}],"author":[{"embeddable":true,"href":"https:\/\/www.thebestsocial.media\/de\/wp-json\/wp\/v2\/users\/1"}],"replies":[{"embeddable":true,"href":"https:\/\/www.thebestsocial.media\/de\/wp-json\/wp\/v2\/comments?post=135068"}],"version-history":[{"count":15,"href":"https:\/\/www.thebestsocial.media\/de\/wp-json\/wp\/v2\/posts\/135068\/revisions"}],"predecessor-version":[{"id":135103,"href":"https:\/\/www.thebestsocial.media\/de\/wp-json\/wp\/v2\/posts\/135068\/revisions\/135103"}],"wp:featuredmedia":[{"embeddable":true,"href":"https:\/\/www.thebestsocial.media\/de\/wp-json\/wp\/v2\/media\/135098"}],"wp:attachment":[{"href":"https:\/\/www.thebestsocial.media\/de\/wp-json\/wp\/v2\/media?parent=135068"}],"wp:term":[{"taxonomy":"category","embeddable":true,"href":"https:\/\/www.thebestsocial.media\/de\/wp-json\/wp\/v2\/categories?post=135068"},{"taxonomy":"post_tag","embeddable":true,"href":"https:\/\/www.thebestsocial.media\/de\/wp-json\/wp\/v2\/tags?post=135068"}],"curies":[{"name":"wp","href":"https:\/\/api.w.org\/{rel}","templated":true}]}}