{"id":134962,"date":"2020-10-08T10:10:45","date_gmt":"2020-10-08T10:10:45","guid":{"rendered":"https:\/\/www.thebestsocial.media\/de\/?p=134962"},"modified":"2020-10-08T10:12:46","modified_gmt":"2020-10-08T10:12:46","slug":"talkshow-eklat-lanz-gast-erzuernt-mit-rassismus-aussagen-das-netz","status":"publish","type":"post","link":"https:\/\/www.thebestsocial.media\/de\/talkshow-eklat-lanz-gast-erzuernt-mit-rassismus-aussagen-das-netz\/","title":{"rendered":"Talkshow-Eklat: Lanz-Gast erz\u00fcrnt mit Rassismus-Aussagen das Netz"},"content":{"rendered":"<p>Es war eine denkw\u00fcrdige Sendung bei Markus Lanz. Denkw\u00fcrdig im positiven Sinne? Eher nicht! Denn bei Markus Lanz war am Mittwochabend die \u00dcbersetzerin Tina Chittom zu Gast. Ihres Zeichens Trump-Suporterin, &#8222;Republicans Overseas&#8220;-Mitglied und ganz offenbar mit zweifelhaften Ansichten ausgestattet.<br \/>\n&nbsp;<\/p>\n<h3>1. Als &#8222;\u00dcbersetzerin&#8220; wurde Tina Chittom angek\u00fcndigt.<\/p>\n<div class=\"dbsm-oembed\">\n<blockquote class=\"twitter-tweet\" data-width=\"500\" data-dnt=\"true\">\n<p lang=\"de\" dir=\"ltr\">Um 23:15 Uhr Markus <a href=\"https:\/\/twitter.com\/hashtag\/lanz?src=hash&amp;ref_src=twsrc%5Etfw\">#lanz<\/a><\/p>\n<p>Mit folgenden G\u00e4sten:<a href=\"https:\/\/twitter.com\/SandraNavidi?ref_src=twsrc%5Etfw\">@SandraNavidi<\/a> , Tina Chittom, @ethevessen , <a href=\"https:\/\/twitter.com\/DirkBrockmann?ref_src=twsrc%5Etfw\">@DirkBrockmann<\/a> und <a href=\"https:\/\/twitter.com\/BerkelChristian?ref_src=twsrc%5Etfw\">@BerkelChristian<\/a> <a href=\"https:\/\/t.co\/4FL2NqW8z5\">pic.twitter.com\/4FL2NqW8z5<\/a><\/p>\n<p>&mdash; Markus Lanz (@Markus__Lanz) <a href=\"https:\/\/twitter.com\/Markus__Lanz\/status\/1313885090284482561?ref_src=twsrc%5Etfw\">October 7, 2020<\/a><\/p><\/blockquote>\n<p><script async src=\"https:\/\/platform.twitter.com\/widgets.js\" charset=\"utf-8\"><\/script><\/div>\n<p>&nbsp;<\/p>\n<h3>2. Doch die Dinge eskalierten schnell.<\/p>\n<div class=\"dbsm-oembed\">\n<blockquote class=\"twitter-tweet\" data-width=\"500\" data-dnt=\"true\">\n<p lang=\"de\" dir=\"ltr\">Deutschland 2020, Eugenik bei <a href=\"https:\/\/twitter.com\/hashtag\/Lanz?src=hash&amp;ref_src=twsrc%5Etfw\">#Lanz<\/a> (und er h\u00e4tte sie hochkant rausschmei\u00dfen sollen) <a href=\"https:\/\/t.co\/O4Bx4MxGsF\">pic.twitter.com\/O4Bx4MxGsF<\/a><\/p>\n<p>&mdash; W\u00e4hlerwille des Grauens (@MdBdesGrauens) <a href=\"https:\/\/twitter.com\/MdBdesGrauens\/status\/1313969775442366476?ref_src=twsrc%5Etfw\">October 7, 2020<\/a><\/p><\/blockquote>\n<p><script async src=\"https:\/\/platform.twitter.com\/widgets.js\" charset=\"utf-8\"><\/script><\/div>\n<p>&nbsp;<\/p>\n<h3>3. Warum? Berechtigte Frage!<\/p>\n<div class=\"dbsm-oembed\">\n<blockquote class=\"twitter-tweet\" data-width=\"500\" data-dnt=\"true\">\n<p lang=\"de\" dir=\"ltr\">Warum l\u00e4dt man eine Rassistin  wie Tina Chittom ein, die dann im deutschen Fernsehen S\u00e4tze sagt wie: &quot;Dass schwarze Kids Drogendealer werden, k\u00f6nnte auch genetisch bedingt sein.&quot; Warum? Warum? Warum? <a href=\"https:\/\/twitter.com\/hashtag\/Lanz?src=hash&amp;ref_src=twsrc%5Etfw\">#Lanz<\/a> <a href=\"https:\/\/t.co\/NoCyDv4uGg\">pic.twitter.com\/NoCyDv4uGg<\/a><\/p>\n<p>&mdash; Boris N. Moellers (@BorisNMoellers) <a href=\"https:\/\/twitter.com\/BorisNMoellers\/status\/1313965209980153856?ref_src=twsrc%5Etfw\">October 7, 2020<\/a><\/p><\/blockquote>\n<p><script async src=\"https:\/\/platform.twitter.com\/widgets.js\" charset=\"utf-8\"><\/script><\/div>\n<p>&nbsp;<\/p>\n<h3>4. Ein Erkl\u00e4rungsversuch:<\/p>\n<div class=\"dbsm-oembed\">\n<blockquote class=\"twitter-tweet\" data-width=\"500\" data-dnt=\"true\">\n<p lang=\"de\" dir=\"ltr\"><a href=\"https:\/\/twitter.com\/hashtag\/lanz?src=hash&amp;ref_src=twsrc%5Etfw\">#lanz<\/a> Wenn man verstehen will, warum die USA am Arsch sind, muss man nur dieser Frau zuh\u00f6ren. <a href=\"https:\/\/t.co\/PMeO4DubnN\">pic.twitter.com\/PMeO4DubnN<\/a><\/p>\n<p>&mdash; Rigor Mortis (@bananesanane41) <a href=\"https:\/\/twitter.com\/bananesanane41\/status\/1313960406910750725?ref_src=twsrc%5Etfw\">October 7, 2020<\/a><\/p><\/blockquote>\n<p><script async src=\"https:\/\/platform.twitter.com\/widgets.js\" charset=\"utf-8\"><\/script><\/div>\n<p>&nbsp;<\/p>\n<h3>5. Der Tenor war auf Twitter h\u00e4ufig der gleiche. <\/p>\n<div class=\"dbsm-oembed\">\n<blockquote class=\"twitter-tweet\" data-width=\"500\" data-dnt=\"true\">\n<p lang=\"de\" dir=\"ltr\"><a href=\"https:\/\/twitter.com\/hashtag\/Lanz?src=hash&amp;ref_src=twsrc%5Etfw\">#Lanz<\/a>, schmeiss sie raus, oder besser, lade solche Leute nicht ein!<\/p>\n<p>&mdash; Marcus Mittermeier\ud83d\ude18 (@MMittermeier) <a href=\"https:\/\/twitter.com\/MMittermeier\/status\/1313963975604867072?ref_src=twsrc%5Etfw\">October 7, 2020<\/a><\/p><\/blockquote>\n<p><script async src=\"https:\/\/platform.twitter.com\/widgets.js\" charset=\"utf-8\"><\/script><\/div>\n<p>&nbsp;<\/p>\n<h3>6. Schmei\u00df sie raus!<\/p>\n<div class=\"dbsm-oembed\">\n<blockquote class=\"twitter-tweet\" data-width=\"500\" data-dnt=\"true\">\n<p lang=\"de\" dir=\"ltr\">Wenn im deutschen TV eine amerik. Trump Unterst\u00fctzerin sagt, dass man die Genetik von &quot;Schwarzen&quot; untersuchen m\u00fcsste, weil ihre Kriminalit\u00e4t genetisch bedingt sein k\u00f6nnte, erwarte ich verdammt nochmal, dass <a href=\"https:\/\/twitter.com\/hashtag\/Lanz?src=hash&amp;ref_src=twsrc%5Etfw\">#Lanz<\/a> diese Frau sofort rausschmei\u00dft u ihr keine weiteren Fragen stellt!<\/p>\n<p>&mdash; Summer in OZ (@Summer_in_OZ) <a href=\"https:\/\/twitter.com\/Summer_in_OZ\/status\/1313965750219149313?ref_src=twsrc%5Etfw\">October 7, 2020<\/a><\/p><\/blockquote>\n<p><script async src=\"https:\/\/platform.twitter.com\/widgets.js\" charset=\"utf-8\"><\/script><\/div>\n<p>&nbsp;<\/p>\n<h3>7. Keine Sternstunde des deutschen Fernsehens. <\/p>\n<p>https:\/\/twitter.com\/lebelieberlaut\/status\/1313985652988538882<br \/>\n&nbsp;<\/p>\n<h3>8. Und dann gab es nat\u00fcrlich noch andere Themen:<\/p>\n<p>https:\/\/twitter.com\/SanchiSuarez\/status\/1313956537740730370<br \/>\n&nbsp;<\/p>\n<h3>9. K\u00f6nnte es etwa sein \u2026<\/p>\n<div class=\"dbsm-oembed\">\n<blockquote class=\"twitter-tweet\" data-width=\"500\" data-dnt=\"true\">\n<p lang=\"de\" dir=\"ltr\">Der englische Akzent, den sich Eva Hermann zugelegt hat, irritiert mich total. <a href=\"https:\/\/twitter.com\/hashtag\/lanz?src=hash&amp;ref_src=twsrc%5Etfw\">#lanz<\/a> <a href=\"https:\/\/t.co\/MiczRaP1er\">pic.twitter.com\/MiczRaP1er<\/a><\/p>\n<p>&mdash; Kevin Albrecht (@SoEinAlbrecht) <a href=\"https:\/\/twitter.com\/SoEinAlbrecht\/status\/1313963380798087168?ref_src=twsrc%5Etfw\">October 7, 2020<\/a><\/p><\/blockquote>\n<p><script async src=\"https:\/\/platform.twitter.com\/widgets.js\" charset=\"utf-8\"><\/script><\/div>\n<p>&nbsp;<\/p>\n<h3>10. Fassen wir zusammen: Das war doof!<\/p>\n<div class=\"dbsm-oembed\">\n<blockquote class=\"twitter-tweet\" data-width=\"500\" data-dnt=\"true\">\n<p lang=\"de\" dir=\"ltr\">CN Rassismus <\/p>\n<p>Dass Schwarze Menschen in den USA unterprivilegiert sind hat laut Tina Shittalk nichts mit Rassismus, sondern &quot;vielleicht auch mit genetischen Sachen&quot; zu tun. Warum t\u00e4towiert sie sich nicht einfach 1 Hakenkreuz auf die Stirn <a href=\"https:\/\/twitter.com\/hashtag\/Lanz?src=hash&amp;ref_src=twsrc%5Etfw\">#Lanz<\/a> <a href=\"https:\/\/t.co\/KC7YeW3wt4\">https:\/\/t.co\/KC7YeW3wt4<\/a><\/p>\n<p>&mdash; Ida Funkhouser (@IdaFunkhouser) <a href=\"https:\/\/twitter.com\/IdaFunkhouser\/status\/1313972843609296896?ref_src=twsrc%5Etfw\">October 7, 2020<\/a><\/p><\/blockquote>\n<p><script async src=\"https:\/\/platform.twitter.com\/widgets.js\" charset=\"utf-8\"><\/script><\/div>\n<p>&nbsp;<\/p>\n<h3>11. Ende!<\/p>\n<div class=\"dbsm-oembed\">\n<blockquote class=\"twitter-tweet\" data-width=\"500\" data-dnt=\"true\">\n<p lang=\"de\" dir=\"ltr\">Rassismus prangert man nicht an, indem man der &quot;Erbgesundheitslehre&quot; von Rassist*innen eine B\u00fchne vor Millionenpublikum im \u00d6RR bietet.<\/p>\n<p>Diese Frau h\u00e4tte niemals eingeladen werden d\u00fcrfen.<a href=\"https:\/\/twitter.com\/hashtag\/Lanz?src=hash&amp;ref_src=twsrc%5Etfw\">#Lanz<\/a><\/p>\n<p>&mdash; Derya T\u00fcrk-Nachbaur (@derya_tn) <a href=\"https:\/\/twitter.com\/derya_tn\/status\/1314099616778985474?ref_src=twsrc%5Etfw\">October 8, 2020<\/a><\/p><\/blockquote>\n<p><script async src=\"https:\/\/platform.twitter.com\/widgets.js\" charset=\"utf-8\"><\/script><\/div>\n<p>&nbsp;<br \/>\n<iframe loading=\"lazy\" src=\"https:\/\/rcm-eu.amazon-adsystem.com\/e\/cm?o=3&#038;p=22&#038;l=ur1&#038;category=pd2020&#038;banner=07HHS5J9F96AVPRXGG82&#038;f=ifr&#038;linkID=50fb5e33de21fce5edb66e827e716147&#038;t=thebestsocial-21&#038;tracking_id=thebestsocial-21\" width=\"250\" height=\"250\" scrolling=\"no\" border=\"0\" marginwidth=\"0\" style=\"border:none;\" frameborder=\"0\"><\/iframe><br \/>\n&nbsp;<br \/>\n___<br \/>\nSchaut doch auch mal bei uns auf Instagram vorbei:<br \/>\nhttps:\/\/www.instagram.com\/p\/CGExRSKAUrT\/<\/p>\n","protected":false},"excerpt":{"rendered":"<p>Es war eine denkw\u00fcrdige Sendung bei Markus Lanz. Denkw\u00fcrdig im positiven Sinne? Eher nicht! Denn bei Markus Lanz war am Mittwochabend die \u00dcbersetzerin Tina Chittom&#8230;<\/p>\n","protected":false},"author":65,"featured_media":134984,"comment_status":"open","ping_status":"open","sticky":false,"template":"","format":"standard","meta":{"_acf_changed":false,"footnotes":""},"categories":[1],"tags":[4405,4404,59],"class_list":["post-134962","post","type-post","status-publish","format-standard","has-post-thumbnail","hentry","category-uncategorized","tag-lanz","tag-rassist","tag-zdf"],"acf":[],"yoast_head":"<!-- This site is optimized with the Yoast SEO plugin v27.5 - https:\/\/yoast.com\/product\/yoast-seo-wordpress\/ -->\n<title>Rassistin bei Lanz erz\u00fcrnt das Netz - The Best Social Media DE<\/title>\n<meta name=\"description\" content=\"Bei Markus Lanz war am Mittwochabend die &quot;\u00dcbersetzerin&quot; Tina Chittom zu Gast. Ihres Zeichens Trump-Suporterin und ganz offenbar Rassistin.\" \/>\n<meta name=\"robots\" content=\"index, follow, max-snippet:-1, max-image-preview:large, max-video-preview:-1\" \/>\n<link rel=\"canonical\" href=\"https:\/\/www.thebestsocial.media\/de\/talkshow-eklat-lanz-gast-erzuernt-mit-rassismus-aussagen-das-netz\/\" \/>\n<meta property=\"og:locale\" content=\"de_DE\" \/>\n<meta property=\"og:type\" content=\"article\" \/>\n<meta property=\"og:title\" content=\"Talkshow-Eklat: Lanz-Gast erz\u00fcrnt mit Rassismus-Aussagen das Netz\" \/>\n<meta property=\"og:description\" content=\"Bei Markus Lanz war am Mittwochabend die &quot;\u00dcbersetzerin&quot; Tina Chittom zu Gast. Ihres Zeichens Trump-Suporterin und ganz offenbar Rassistin.\" \/>\n<meta property=\"og:url\" content=\"https:\/\/www.thebestsocial.media\/de\/talkshow-eklat-lanz-gast-erzuernt-mit-rassismus-aussagen-das-netz\/\" \/>\n<meta property=\"og:site_name\" content=\"The Best Social Media DE\" \/>\n<meta property=\"article:published_time\" content=\"2020-10-08T10:10:45+00:00\" \/>\n<meta property=\"article:modified_time\" content=\"2020-10-08T10:12:46+00:00\" \/>\n<meta property=\"og:image\" content=\"https:\/\/www.thebestsocial.media\/de\/wp-content\/uploads\/sites\/3\/2020\/10\/Header-neu-neu.png\" \/>\n\t<meta property=\"og:image:width\" content=\"1200\" \/>\n\t<meta property=\"og:image:height\" content=\"628\" \/>\n\t<meta property=\"og:image:type\" content=\"image\/png\" \/>\n<meta name=\"author\" content=\"Jan\" \/>\n<meta name=\"twitter:card\" content=\"summary_large_image\" \/>\n<meta name=\"twitter:label1\" content=\"Verfasst von\" \/>\n\t<meta name=\"twitter:data1\" content=\"Jan\" \/>\n\t<meta name=\"twitter:label2\" content=\"Gesch\u00e4tzte Lesezeit\" \/>\n\t<meta name=\"twitter:data2\" content=\"1\u00a0Minute\" \/>\n<script type=\"application\/ld+json\" class=\"yoast-schema-graph\">{\"@context\":\"https:\\\/\\\/schema.org\",\"@graph\":[{\"@type\":\"Article\",\"@id\":\"https:\\\/\\\/www.thebestsocial.media\\\/de\\\/talkshow-eklat-lanz-gast-erzuernt-mit-rassismus-aussagen-das-netz\\\/#article\",\"isPartOf\":{\"@id\":\"https:\\\/\\\/www.thebestsocial.media\\\/de\\\/talkshow-eklat-lanz-gast-erzuernt-mit-rassismus-aussagen-das-netz\\\/\"},\"author\":{\"name\":\"Jan\",\"@id\":\"https:\\\/\\\/www.thebestsocial.media\\\/de\\\/#\\\/schema\\\/person\\\/03b8d8d2905b97b499c8e0808b724821\"},\"headline\":\"Talkshow-Eklat: Lanz-Gast erz\u00fcrnt mit Rassismus-Aussagen das Netz\",\"datePublished\":\"2020-10-08T10:10:45+00:00\",\"dateModified\":\"2020-10-08T10:12:46+00:00\",\"mainEntityOfPage\":{\"@id\":\"https:\\\/\\\/www.thebestsocial.media\\\/de\\\/talkshow-eklat-lanz-gast-erzuernt-mit-rassismus-aussagen-das-netz\\\/\"},\"wordCount\":193,\"commentCount\":0,\"image\":{\"@id\":\"https:\\\/\\\/www.thebestsocial.media\\\/de\\\/talkshow-eklat-lanz-gast-erzuernt-mit-rassismus-aussagen-das-netz\\\/#primaryimage\"},\"thumbnailUrl\":\"https:\\\/\\\/www.thebestsocial.media\\\/de\\\/wp-content\\\/uploads\\\/sites\\\/3\\\/2020\\\/10\\\/Fernseh-art.png\",\"keywords\":[\"Lanz\",\"Rassist\",\"zdf\"],\"articleSection\":[\"Uncategorized\"],\"inLanguage\":\"de\",\"potentialAction\":[{\"@type\":\"CommentAction\",\"name\":\"Comment\",\"target\":[\"https:\\\/\\\/www.thebestsocial.media\\\/de\\\/talkshow-eklat-lanz-gast-erzuernt-mit-rassismus-aussagen-das-netz\\\/#respond\"]}]},{\"@type\":\"WebPage\",\"@id\":\"https:\\\/\\\/www.thebestsocial.media\\\/de\\\/talkshow-eklat-lanz-gast-erzuernt-mit-rassismus-aussagen-das-netz\\\/\",\"url\":\"https:\\\/\\\/www.thebestsocial.media\\\/de\\\/talkshow-eklat-lanz-gast-erzuernt-mit-rassismus-aussagen-das-netz\\\/\",\"name\":\"Rassistin bei Lanz erz\u00fcrnt das Netz - The Best Social Media DE\",\"isPartOf\":{\"@id\":\"https:\\\/\\\/www.thebestsocial.media\\\/de\\\/#website\"},\"primaryImageOfPage\":{\"@id\":\"https:\\\/\\\/www.thebestsocial.media\\\/de\\\/talkshow-eklat-lanz-gast-erzuernt-mit-rassismus-aussagen-das-netz\\\/#primaryimage\"},\"image\":{\"@id\":\"https:\\\/\\\/www.thebestsocial.media\\\/de\\\/talkshow-eklat-lanz-gast-erzuernt-mit-rassismus-aussagen-das-netz\\\/#primaryimage\"},\"thumbnailUrl\":\"https:\\\/\\\/www.thebestsocial.media\\\/de\\\/wp-content\\\/uploads\\\/sites\\\/3\\\/2020\\\/10\\\/Fernseh-art.png\",\"datePublished\":\"2020-10-08T10:10:45+00:00\",\"dateModified\":\"2020-10-08T10:12:46+00:00\",\"author\":{\"@id\":\"https:\\\/\\\/www.thebestsocial.media\\\/de\\\/#\\\/schema\\\/person\\\/03b8d8d2905b97b499c8e0808b724821\"},\"description\":\"Bei Markus Lanz war am Mittwochabend die \\\"\u00dcbersetzerin\\\" Tina Chittom zu Gast. Ihres Zeichens Trump-Suporterin und ganz offenbar Rassistin.\",\"breadcrumb\":{\"@id\":\"https:\\\/\\\/www.thebestsocial.media\\\/de\\\/talkshow-eklat-lanz-gast-erzuernt-mit-rassismus-aussagen-das-netz\\\/#breadcrumb\"},\"inLanguage\":\"de\",\"potentialAction\":[{\"@type\":\"ReadAction\",\"target\":[\"https:\\\/\\\/www.thebestsocial.media\\\/de\\\/talkshow-eklat-lanz-gast-erzuernt-mit-rassismus-aussagen-das-netz\\\/\"]}]},{\"@type\":\"ImageObject\",\"inLanguage\":\"de\",\"@id\":\"https:\\\/\\\/www.thebestsocial.media\\\/de\\\/talkshow-eklat-lanz-gast-erzuernt-mit-rassismus-aussagen-das-netz\\\/#primaryimage\",\"url\":\"https:\\\/\\\/www.thebestsocial.media\\\/de\\\/wp-content\\\/uploads\\\/sites\\\/3\\\/2020\\\/10\\\/Fernseh-art.png\",\"contentUrl\":\"https:\\\/\\\/www.thebestsocial.media\\\/de\\\/wp-content\\\/uploads\\\/sites\\\/3\\\/2020\\\/10\\\/Fernseh-art.png\",\"width\":1200,\"height\":628},{\"@type\":\"BreadcrumbList\",\"@id\":\"https:\\\/\\\/www.thebestsocial.media\\\/de\\\/talkshow-eklat-lanz-gast-erzuernt-mit-rassismus-aussagen-das-netz\\\/#breadcrumb\",\"itemListElement\":[{\"@type\":\"ListItem\",\"position\":1,\"name\":\"Home\",\"item\":\"https:\\\/\\\/www.thebestsocial.media\\\/de\\\/\"},{\"@type\":\"ListItem\",\"position\":2,\"name\":\"Talkshow-Eklat: Lanz-Gast erz\u00fcrnt mit Rassismus-Aussagen das Netz\"}]},{\"@type\":\"WebSite\",\"@id\":\"https:\\\/\\\/www.thebestsocial.media\\\/de\\\/#website\",\"url\":\"https:\\\/\\\/www.thebestsocial.media\\\/de\\\/\",\"name\":\"The Best Social Media DE\",\"description\":\"\",\"potentialAction\":[{\"@type\":\"SearchAction\",\"target\":{\"@type\":\"EntryPoint\",\"urlTemplate\":\"https:\\\/\\\/www.thebestsocial.media\\\/de\\\/?s={search_term_string}\"},\"query-input\":{\"@type\":\"PropertyValueSpecification\",\"valueRequired\":true,\"valueName\":\"search_term_string\"}}],\"inLanguage\":\"de\"},{\"@type\":\"Person\",\"@id\":\"https:\\\/\\\/www.thebestsocial.media\\\/de\\\/#\\\/schema\\\/person\\\/03b8d8d2905b97b499c8e0808b724821\",\"name\":\"Jan\",\"image\":{\"@type\":\"ImageObject\",\"inLanguage\":\"de\",\"@id\":\"https:\\\/\\\/secure.gravatar.com\\\/avatar\\\/6977c5e4d81f2a717dcf76e5e74d7a00b583f3f83a2b00830dedfc799d928343?s=96&d=mm&r=g\",\"url\":\"https:\\\/\\\/secure.gravatar.com\\\/avatar\\\/6977c5e4d81f2a717dcf76e5e74d7a00b583f3f83a2b00830dedfc799d928343?s=96&d=mm&r=g\",\"contentUrl\":\"https:\\\/\\\/secure.gravatar.com\\\/avatar\\\/6977c5e4d81f2a717dcf76e5e74d7a00b583f3f83a2b00830dedfc799d928343?s=96&d=mm&r=g\",\"caption\":\"Jan\"},\"description\":\"Wohnt in M\u00fcnchen, hat aber bis heute keine Ahnung, wie er dort gelandet ist. W\u00fcnscht sich manchmal eine dritte Stimme im Kopf, die ihn davon abh\u00e4lt, auszusprechen, was er gerade denkt. Mag Sport und jeden Kartoffelchip einzeln zu essen. Hasst es, sich auf neue Duschen einstellen zu m\u00fcssen. In einer Beziehung mit Social Media \u2013 aber es ist kompliziert.\",\"url\":\"https:\\\/\\\/www.thebestsocial.media\\\/de\\\/author\\\/janhorstkoetter\\\/\"}]}<\/script>\n<!-- \/ Yoast SEO plugin. -->","yoast_head_json":{"title":"Rassistin bei Lanz erz\u00fcrnt das Netz - The Best Social Media DE","description":"Bei Markus Lanz war am Mittwochabend die \"\u00dcbersetzerin\" Tina Chittom zu Gast. Ihres Zeichens Trump-Suporterin und ganz offenbar Rassistin.","robots":{"index":"index","follow":"follow","max-snippet":"max-snippet:-1","max-image-preview":"max-image-preview:large","max-video-preview":"max-video-preview:-1"},"canonical":"https:\/\/www.thebestsocial.media\/de\/talkshow-eklat-lanz-gast-erzuernt-mit-rassismus-aussagen-das-netz\/","og_locale":"de_DE","og_type":"article","og_title":"Talkshow-Eklat: Lanz-Gast erz\u00fcrnt mit Rassismus-Aussagen das Netz","og_description":"Bei Markus Lanz war am Mittwochabend die \"\u00dcbersetzerin\" Tina Chittom zu Gast. Ihres Zeichens Trump-Suporterin und ganz offenbar Rassistin.","og_url":"https:\/\/www.thebestsocial.media\/de\/talkshow-eklat-lanz-gast-erzuernt-mit-rassismus-aussagen-das-netz\/","og_site_name":"The Best Social Media DE","article_published_time":"2020-10-08T10:10:45+00:00","article_modified_time":"2020-10-08T10:12:46+00:00","og_image":[{"width":1200,"height":628,"url":"https:\/\/www.thebestsocial.media\/de\/wp-content\/uploads\/sites\/3\/2020\/10\/Header-neu-neu.png","type":"image\/png"}],"author":"Jan","twitter_card":"summary_large_image","twitter_misc":{"Verfasst von":"Jan","Gesch\u00e4tzte Lesezeit":"1\u00a0Minute"},"schema":{"@context":"https:\/\/schema.org","@graph":[{"@type":"Article","@id":"https:\/\/www.thebestsocial.media\/de\/talkshow-eklat-lanz-gast-erzuernt-mit-rassismus-aussagen-das-netz\/#article","isPartOf":{"@id":"https:\/\/www.thebestsocial.media\/de\/talkshow-eklat-lanz-gast-erzuernt-mit-rassismus-aussagen-das-netz\/"},"author":{"name":"Jan","@id":"https:\/\/www.thebestsocial.media\/de\/#\/schema\/person\/03b8d8d2905b97b499c8e0808b724821"},"headline":"Talkshow-Eklat: Lanz-Gast erz\u00fcrnt mit Rassismus-Aussagen das Netz","datePublished":"2020-10-08T10:10:45+00:00","dateModified":"2020-10-08T10:12:46+00:00","mainEntityOfPage":{"@id":"https:\/\/www.thebestsocial.media\/de\/talkshow-eklat-lanz-gast-erzuernt-mit-rassismus-aussagen-das-netz\/"},"wordCount":193,"commentCount":0,"image":{"@id":"https:\/\/www.thebestsocial.media\/de\/talkshow-eklat-lanz-gast-erzuernt-mit-rassismus-aussagen-das-netz\/#primaryimage"},"thumbnailUrl":"https:\/\/www.thebestsocial.media\/de\/wp-content\/uploads\/sites\/3\/2020\/10\/Fernseh-art.png","keywords":["Lanz","Rassist","zdf"],"articleSection":["Uncategorized"],"inLanguage":"de","potentialAction":[{"@type":"CommentAction","name":"Comment","target":["https:\/\/www.thebestsocial.media\/de\/talkshow-eklat-lanz-gast-erzuernt-mit-rassismus-aussagen-das-netz\/#respond"]}]},{"@type":"WebPage","@id":"https:\/\/www.thebestsocial.media\/de\/talkshow-eklat-lanz-gast-erzuernt-mit-rassismus-aussagen-das-netz\/","url":"https:\/\/www.thebestsocial.media\/de\/talkshow-eklat-lanz-gast-erzuernt-mit-rassismus-aussagen-das-netz\/","name":"Rassistin bei Lanz erz\u00fcrnt das Netz - The Best Social Media DE","isPartOf":{"@id":"https:\/\/www.thebestsocial.media\/de\/#website"},"primaryImageOfPage":{"@id":"https:\/\/www.thebestsocial.media\/de\/talkshow-eklat-lanz-gast-erzuernt-mit-rassismus-aussagen-das-netz\/#primaryimage"},"image":{"@id":"https:\/\/www.thebestsocial.media\/de\/talkshow-eklat-lanz-gast-erzuernt-mit-rassismus-aussagen-das-netz\/#primaryimage"},"thumbnailUrl":"https:\/\/www.thebestsocial.media\/de\/wp-content\/uploads\/sites\/3\/2020\/10\/Fernseh-art.png","datePublished":"2020-10-08T10:10:45+00:00","dateModified":"2020-10-08T10:12:46+00:00","author":{"@id":"https:\/\/www.thebestsocial.media\/de\/#\/schema\/person\/03b8d8d2905b97b499c8e0808b724821"},"description":"Bei Markus Lanz war am Mittwochabend die \"\u00dcbersetzerin\" Tina Chittom zu Gast. Ihres Zeichens Trump-Suporterin und ganz offenbar Rassistin.","breadcrumb":{"@id":"https:\/\/www.thebestsocial.media\/de\/talkshow-eklat-lanz-gast-erzuernt-mit-rassismus-aussagen-das-netz\/#breadcrumb"},"inLanguage":"de","potentialAction":[{"@type":"ReadAction","target":["https:\/\/www.thebestsocial.media\/de\/talkshow-eklat-lanz-gast-erzuernt-mit-rassismus-aussagen-das-netz\/"]}]},{"@type":"ImageObject","inLanguage":"de","@id":"https:\/\/www.thebestsocial.media\/de\/talkshow-eklat-lanz-gast-erzuernt-mit-rassismus-aussagen-das-netz\/#primaryimage","url":"https:\/\/www.thebestsocial.media\/de\/wp-content\/uploads\/sites\/3\/2020\/10\/Fernseh-art.png","contentUrl":"https:\/\/www.thebestsocial.media\/de\/wp-content\/uploads\/sites\/3\/2020\/10\/Fernseh-art.png","width":1200,"height":628},{"@type":"BreadcrumbList","@id":"https:\/\/www.thebestsocial.media\/de\/talkshow-eklat-lanz-gast-erzuernt-mit-rassismus-aussagen-das-netz\/#breadcrumb","itemListElement":[{"@type":"ListItem","position":1,"name":"Home","item":"https:\/\/www.thebestsocial.media\/de\/"},{"@type":"ListItem","position":2,"name":"Talkshow-Eklat: Lanz-Gast erz\u00fcrnt mit Rassismus-Aussagen das Netz"}]},{"@type":"WebSite","@id":"https:\/\/www.thebestsocial.media\/de\/#website","url":"https:\/\/www.thebestsocial.media\/de\/","name":"The Best Social Media DE","description":"","potentialAction":[{"@type":"SearchAction","target":{"@type":"EntryPoint","urlTemplate":"https:\/\/www.thebestsocial.media\/de\/?s={search_term_string}"},"query-input":{"@type":"PropertyValueSpecification","valueRequired":true,"valueName":"search_term_string"}}],"inLanguage":"de"},{"@type":"Person","@id":"https:\/\/www.thebestsocial.media\/de\/#\/schema\/person\/03b8d8d2905b97b499c8e0808b724821","name":"Jan","image":{"@type":"ImageObject","inLanguage":"de","@id":"https:\/\/secure.gravatar.com\/avatar\/6977c5e4d81f2a717dcf76e5e74d7a00b583f3f83a2b00830dedfc799d928343?s=96&d=mm&r=g","url":"https:\/\/secure.gravatar.com\/avatar\/6977c5e4d81f2a717dcf76e5e74d7a00b583f3f83a2b00830dedfc799d928343?s=96&d=mm&r=g","contentUrl":"https:\/\/secure.gravatar.com\/avatar\/6977c5e4d81f2a717dcf76e5e74d7a00b583f3f83a2b00830dedfc799d928343?s=96&d=mm&r=g","caption":"Jan"},"description":"Wohnt in M\u00fcnchen, hat aber bis heute keine Ahnung, wie er dort gelandet ist. W\u00fcnscht sich manchmal eine dritte Stimme im Kopf, die ihn davon abh\u00e4lt, auszusprechen, was er gerade denkt. Mag Sport und jeden Kartoffelchip einzeln zu essen. Hasst es, sich auf neue Duschen einstellen zu m\u00fcssen. In einer Beziehung mit Social Media \u2013 aber es ist kompliziert.","url":"https:\/\/www.thebestsocial.media\/de\/author\/janhorstkoetter\/"}]}},"amp_enabled":true,"_links":{"self":[{"href":"https:\/\/www.thebestsocial.media\/de\/wp-json\/wp\/v2\/posts\/134962","targetHints":{"allow":["GET"]}}],"collection":[{"href":"https:\/\/www.thebestsocial.media\/de\/wp-json\/wp\/v2\/posts"}],"about":[{"href":"https:\/\/www.thebestsocial.media\/de\/wp-json\/wp\/v2\/types\/post"}],"author":[{"embeddable":true,"href":"https:\/\/www.thebestsocial.media\/de\/wp-json\/wp\/v2\/users\/65"}],"replies":[{"embeddable":true,"href":"https:\/\/www.thebestsocial.media\/de\/wp-json\/wp\/v2\/comments?post=134962"}],"version-history":[{"count":5,"href":"https:\/\/www.thebestsocial.media\/de\/wp-json\/wp\/v2\/posts\/134962\/revisions"}],"predecessor-version":[{"id":134989,"href":"https:\/\/www.thebestsocial.media\/de\/wp-json\/wp\/v2\/posts\/134962\/revisions\/134989"}],"wp:featuredmedia":[{"embeddable":true,"href":"https:\/\/www.thebestsocial.media\/de\/wp-json\/wp\/v2\/media\/134984"}],"wp:attachment":[{"href":"https:\/\/www.thebestsocial.media\/de\/wp-json\/wp\/v2\/media?parent=134962"}],"wp:term":[{"taxonomy":"category","embeddable":true,"href":"https:\/\/www.thebestsocial.media\/de\/wp-json\/wp\/v2\/categories?post=134962"},{"taxonomy":"post_tag","embeddable":true,"href":"https:\/\/www.thebestsocial.media\/de\/wp-json\/wp\/v2\/tags?post=134962"}],"curies":[{"name":"wp","href":"https:\/\/api.w.org\/{rel}","templated":true}]}}